{"id":413461,"date":"2024-10-10T05:33:16","date_gmt":"2024-10-10T03:33:16","guid":{"rendered":"https:\/\/www.radiopiu.net\/wordpress\/?p=413461"},"modified":"2024-10-10T05:38:43","modified_gmt":"2024-10-10T03:38:43","slug":"il-torrente-cambia-il-suo-letto-ma-non-la-sua-direzione","status":"publish","type":"post","link":"https:\/\/www.radiopiu.net\/wordpress\/il-torrente-cambia-il-suo-letto-ma-non-la-sua-direzione\/","title":{"rendered":"&#8220;Il torrente cambia il suo letto, ma non la sua direzione"},"content":{"rendered":"<p>***<\/p>\n<p>&nbsp;<\/p>\n<p><strong><a class=\"dt-pswp-item\" href=\"https:\/\/www.radiopiu.net\/wordpress\/wp-content\/uploads\/2024\/10\/28d6b9e5-f2df-4801-8e0a-27f6bd5909fc.jpg\" data-dt-img-description=\"\" data-large_image_width=\"2048\" data-large_image_height=\"1152\"><img loading=\"lazy\" decoding=\"async\" class=\"size-medium wp-image-413465 alignright\" src=\"https:\/\/www.radiopiu.net\/wordpress\/wp-content\/uploads\/2024\/10\/28d6b9e5-f2df-4801-8e0a-27f6bd5909fc-300x169.jpg\" alt=\"\" width=\"300\" height=\"169\" srcset=\"https:\/\/www.radiopiu.net\/wordpress\/wp-content\/uploads\/2024\/10\/28d6b9e5-f2df-4801-8e0a-27f6bd5909fc-300x169.jpg 300w, https:\/\/www.radiopiu.net\/wordpress\/wp-content\/uploads\/2024\/10\/28d6b9e5-f2df-4801-8e0a-27f6bd5909fc-1024x576.jpg 1024w, https:\/\/www.radiopiu.net\/wordpress\/wp-content\/uploads\/2024\/10\/28d6b9e5-f2df-4801-8e0a-27f6bd5909fc-768x432.jpg 768w, https:\/\/www.radiopiu.net\/wordpress\/wp-content\/uploads\/2024\/10\/28d6b9e5-f2df-4801-8e0a-27f6bd5909fc-1536x864.jpg 1536w, https:\/\/www.radiopiu.net\/wordpress\/wp-content\/uploads\/2024\/10\/28d6b9e5-f2df-4801-8e0a-27f6bd5909fc.jpg 2048w\" sizes=\"auto, (max-width: 300px) 100vw, 300px\" \/><\/a>TAIBON<\/strong> Valle di San Lucano, strada per la frazione Col di Pra lungo la strada comunale, localit\u00e0 Case Rotte. Anche oggi si \u00e8 temuto il peggio, l&#8217;esondazione del Tegnas (gi\u00e0 successo) che mette a rischio la viabilit\u00e0 comunale. Il problema creato dalla soluzione per permettere l&#8217;accesso alle aree private sulla destra orografica del torrente Tegnas. Le &#8220;finestre&#8221; che permettono lo sfogo dell&#8217;acqua torrentizia ostruite da materiale e alberi, si sono chiuse, e la conseguenza \u00e8 stata ancora una volta il rischio dell&#8217;esondazione, soprattutto dell&#8217;erosione della strada comunale, perch\u00e9 l\u00ec pare non sia concesso realizzare infrastrutture che rispondano alle esigenze come altrove dove gli &#8220;esperti&#8221; mettono in primo piano la sicurezza non il bello ambientale.<br \/>\nIn Valle di San Lucano il problema \u00e8 evidente, il torrente Tegnas ha cambiato il suo corso deviando a sinistra, lasciando il letto originario ormai colmo di materiale, pi\u00f9 alto rispetto a quello che costeggia la strada comunale, ovvio che l&#8217;acqua gira a sinistra dove il letto \u00e8 pi\u00f9 basso.<br \/>\n<a class=\"dt-pswp-item\" href=\"https:\/\/www.radiopiu.net\/wordpress\/wp-content\/uploads\/2024\/10\/c0c4c299-9642-4d10-a239-90af5d5211e2.jpg\" data-dt-img-description=\"\" data-large_image_width=\"2048\" data-large_image_height=\"1152\"><img loading=\"lazy\" decoding=\"async\" class=\"size-medium wp-image-413462 alignleft\" src=\"https:\/\/www.radiopiu.net\/wordpress\/wp-content\/uploads\/2024\/10\/c0c4c299-9642-4d10-a239-90af5d5211e2-300x169.jpg\" alt=\"\" width=\"300\" height=\"169\" srcset=\"https:\/\/www.radiopiu.net\/wordpress\/wp-content\/uploads\/2024\/10\/c0c4c299-9642-4d10-a239-90af5d5211e2-300x169.jpg 300w, https:\/\/www.radiopiu.net\/wordpress\/wp-content\/uploads\/2024\/10\/c0c4c299-9642-4d10-a239-90af5d5211e2-1024x576.jpg 1024w, https:\/\/www.radiopiu.net\/wordpress\/wp-content\/uploads\/2024\/10\/c0c4c299-9642-4d10-a239-90af5d5211e2-768x432.jpg 768w, https:\/\/www.radiopiu.net\/wordpress\/wp-content\/uploads\/2024\/10\/c0c4c299-9642-4d10-a239-90af5d5211e2-1536x864.jpg 1536w, https:\/\/www.radiopiu.net\/wordpress\/wp-content\/uploads\/2024\/10\/c0c4c299-9642-4d10-a239-90af5d5211e2.jpg 2048w\" sizes=\"auto, (max-width: 300px) 100vw, 300px\" \/><\/a>E&#8217; anche vero, come conferma il vicesindaco Franco Soccol e il consigliere comunale Sisto Forcellini (oggi sul posto con il tecnico Fulvio Corzuol, foto) che a\u00a0 Col di Pra sono parcheggiati, pronti per entrare in azione, i mezzi per provvedere allo sghiaiamento del letto originale del torrente Tegnas, che si riempie ogni giorno di pi\u00f9 anche dopo la grande frana caduta poco distante, in Angheraz, tanto materiale che lentamente (ma neanche tanto) scende a valle.<br \/>\nQuindi, che l&#8217;Autorit\u00e0 di Bacino e i Servizi Forestali prendano coscienza velocemente della problematica prima di doverci occupare di una frazione isolata e di una strada&#8230; che non c&#8217;\u00e8 pi\u00f9. Servono interventi urgenti e servono opere di protezione adeguate.<\/p>\n<p><strong>Mirko Mezzacasa<\/strong><\/p>\n<p>&nbsp;<\/p>\n<p>TORRENTE TEGNAS, LONTANO DALLA STRADA IL LETTO E&#8217; DESOLATAMENTE VUOTO, IN LOCALITA&#8217; CASE ROTTE IL TORRENTE DEVIA A SINISTRA, VERSO LA STRADA COMUNALE (FOTO)<\/p>\n<div style=\"width: 848px;\" class=\"wp-video\"><video class=\"wp-video-shortcode\" id=\"video-413461-1\" width=\"848\" height=\"478\" preload=\"metadata\" controls=\"controls\"><source type=\"video\/mp4\" src=\"https:\/\/www.radiopiu.net\/wordpress\/wp-content\/uploads\/2024\/10\/WhatsApp-Video-2024-10-09-at-13.03.41.mp4?_=1\" \/><a href=\"https:\/\/www.radiopiu.net\/wordpress\/wp-content\/uploads\/2024\/10\/WhatsApp-Video-2024-10-09-at-13.03.41.mp4\">https:\/\/www.radiopiu.net\/wordpress\/wp-content\/uploads\/2024\/10\/WhatsApp-Video-2024-10-09-at-13.03.41.mp4<\/a><\/video><\/div>\n<p>&nbsp;<\/p>\n<p><a class=\"dt-pswp-item\" href=\"https:\/\/www.radiopiu.net\/wordpress\/wp-content\/uploads\/2024\/10\/ca7dda82-bee3-4eaf-811d-6b1078eaa71f.jpg\" data-dt-img-description=\"\" data-large_image_width=\"2048\" data-large_image_height=\"1152\"><img loading=\"lazy\" decoding=\"async\" class=\"alignnone size-medium wp-image-413468\" src=\"https:\/\/www.radiopiu.net\/wordpress\/wp-content\/uploads\/2024\/10\/ca7dda82-bee3-4eaf-811d-6b1078eaa71f-300x169.jpg\" alt=\"\" width=\"300\" height=\"169\" srcset=\"https:\/\/www.radiopiu.net\/wordpress\/wp-content\/uploads\/2024\/10\/ca7dda82-bee3-4eaf-811d-6b1078eaa71f-300x169.jpg 300w, https:\/\/www.radiopiu.net\/wordpress\/wp-content\/uploads\/2024\/10\/ca7dda82-bee3-4eaf-811d-6b1078eaa71f-1024x576.jpg 1024w, https:\/\/www.radiopiu.net\/wordpress\/wp-content\/uploads\/2024\/10\/ca7dda82-bee3-4eaf-811d-6b1078eaa71f-768x432.jpg 768w, https:\/\/www.radiopiu.net\/wordpress\/wp-content\/uploads\/2024\/10\/ca7dda82-bee3-4eaf-811d-6b1078eaa71f-1536x864.jpg 1536w, https:\/\/www.radiopiu.net\/wordpress\/wp-content\/uploads\/2024\/10\/ca7dda82-bee3-4eaf-811d-6b1078eaa71f.jpg 2048w\" sizes=\"auto, (max-width: 300px) 100vw, 300px\" \/><\/a><a class=\"dt-pswp-item\" href=\"https:\/\/www.radiopiu.net\/wordpress\/wp-content\/uploads\/2024\/10\/28d6b9e5-f2df-4801-8e0a-27f6bd5909fc.jpg\" data-dt-img-description=\"\" data-large_image_width=\"2048\" data-large_image_height=\"1152\"><img loading=\"lazy\" decoding=\"async\" class=\"alignnone size-medium wp-image-413465\" src=\"https:\/\/www.radiopiu.net\/wordpress\/wp-content\/uploads\/2024\/10\/28d6b9e5-f2df-4801-8e0a-27f6bd5909fc-300x169.jpg\" alt=\"\" width=\"300\" height=\"169\" srcset=\"https:\/\/www.radiopiu.net\/wordpress\/wp-content\/uploads\/2024\/10\/28d6b9e5-f2df-4801-8e0a-27f6bd5909fc-300x169.jpg 300w, https:\/\/www.radiopiu.net\/wordpress\/wp-content\/uploads\/2024\/10\/28d6b9e5-f2df-4801-8e0a-27f6bd5909fc-1024x576.jpg 1024w, https:\/\/www.radiopiu.net\/wordpress\/wp-content\/uploads\/2024\/10\/28d6b9e5-f2df-4801-8e0a-27f6bd5909fc-768x432.jpg 768w, https:\/\/www.radiopiu.net\/wordpress\/wp-content\/uploads\/2024\/10\/28d6b9e5-f2df-4801-8e0a-27f6bd5909fc-1536x864.jpg 1536w, https:\/\/www.radiopiu.net\/wordpress\/wp-content\/uploads\/2024\/10\/28d6b9e5-f2df-4801-8e0a-27f6bd5909fc.jpg 2048w\" sizes=\"auto, (max-width: 300px) 100vw, 300px\" \/><\/a><a class=\"dt-pswp-item\" href=\"https:\/\/www.radiopiu.net\/wordpress\/wp-content\/uploads\/2024\/10\/501c8bea-15b5-45b0-94d9-91f3d5bf6f62.jpg\" data-dt-img-description=\"\" data-large_image_width=\"2048\" data-large_image_height=\"1152\"><img loading=\"lazy\" decoding=\"async\" class=\"alignnone size-medium wp-image-413463\" src=\"https:\/\/www.radiopiu.net\/wordpress\/wp-content\/uploads\/2024\/10\/501c8bea-15b5-45b0-94d9-91f3d5bf6f62-300x169.jpg\" alt=\"\" width=\"300\" height=\"169\" srcset=\"https:\/\/www.radiopiu.net\/wordpress\/wp-content\/uploads\/2024\/10\/501c8bea-15b5-45b0-94d9-91f3d5bf6f62-300x169.jpg 300w, https:\/\/www.radiopiu.net\/wordpress\/wp-content\/uploads\/2024\/10\/501c8bea-15b5-45b0-94d9-91f3d5bf6f62-1024x576.jpg 1024w, https:\/\/www.radiopiu.net\/wordpress\/wp-content\/uploads\/2024\/10\/501c8bea-15b5-45b0-94d9-91f3d5bf6f62-768x432.jpg 768w, https:\/\/www.radiopiu.net\/wordpress\/wp-content\/uploads\/2024\/10\/501c8bea-15b5-45b0-94d9-91f3d5bf6f62-1536x864.jpg 1536w, https:\/\/www.radiopiu.net\/wordpress\/wp-content\/uploads\/2024\/10\/501c8bea-15b5-45b0-94d9-91f3d5bf6f62.jpg 2048w\" sizes=\"auto, (max-width: 300px) 100vw, 300px\" \/><\/a><img loading=\"lazy\" decoding=\"async\" class=\"alignnone size-medium wp-image-413466\" src=\"https:\/\/www.radiopiu.net\/wordpress\/wp-content\/uploads\/2024\/10\/2cbaadc4-01df-4d27-9e5c-1b9f48c310be-300x169.jpg\" alt=\"\" width=\"300\" height=\"169\" srcset=\"https:\/\/www.radiopiu.net\/wordpress\/wp-content\/uploads\/2024\/10\/2cbaadc4-01df-4d27-9e5c-1b9f48c310be-300x169.jpg 300w, https:\/\/www.radiopiu.net\/wordpress\/wp-content\/uploads\/2024\/10\/2cbaadc4-01df-4d27-9e5c-1b9f48c310be-1024x576.jpg 1024w, https:\/\/www.radiopiu.net\/wordpress\/wp-content\/uploads\/2024\/10\/2cbaadc4-01df-4d27-9e5c-1b9f48c310be-768x432.jpg 768w, https:\/\/www.radiopiu.net\/wordpress\/wp-content\/uploads\/2024\/10\/2cbaadc4-01df-4d27-9e5c-1b9f48c310be-1536x864.jpg 1536w, https:\/\/www.radiopiu.net\/wordpress\/wp-content\/uploads\/2024\/10\/2cbaadc4-01df-4d27-9e5c-1b9f48c310be.jpg 2048w\" sizes=\"auto, (max-width: 300px) 100vw, 300px\" \/><img loading=\"lazy\" decoding=\"async\" class=\"alignnone size-medium wp-image-413467\" src=\"https:\/\/www.radiopiu.net\/wordpress\/wp-content\/uploads\/2024\/10\/46e0b1ed-9155-4416-9e1b-3dddbe73fa37-300x169.jpg\" alt=\"\" width=\"300\" height=\"169\" srcset=\"https:\/\/www.radiopiu.net\/wordpress\/wp-content\/uploads\/2024\/10\/46e0b1ed-9155-4416-9e1b-3dddbe73fa37-300x169.jpg 300w, https:\/\/www.radiopiu.net\/wordpress\/wp-content\/uploads\/2024\/10\/46e0b1ed-9155-4416-9e1b-3dddbe73fa37-1024x576.jpg 1024w, https:\/\/www.radiopiu.net\/wordpress\/wp-content\/uploads\/2024\/10\/46e0b1ed-9155-4416-9e1b-3dddbe73fa37-768x432.jpg 768w, https:\/\/www.radiopiu.net\/wordpress\/wp-content\/uploads\/2024\/10\/46e0b1ed-9155-4416-9e1b-3dddbe73fa37-1536x864.jpg 1536w, https:\/\/www.radiopiu.net\/wordpress\/wp-content\/uploads\/2024\/10\/46e0b1ed-9155-4416-9e1b-3dddbe73fa37.jpg 2048w\" sizes=\"auto, (max-width: 300px) 100vw, 300px\" \/><\/p>\n<p>____<\/p>\n","protected":false},"excerpt":{"rendered":"<p>*** &nbsp; TAIBON Valle di San Lucano, strada per la frazione Col di Pra lungo la strada comunale, localit\u00e0 Case Rotte. Anche oggi si \u00e8 temuto il peggio, l&#8217;esondazione del Tegnas (gi\u00e0 successo) che mette a rischio la viabilit\u00e0 comunale. Il problema creato dalla soluzione per permettere l&#8217;accesso alle aree private sulla destra orografica del&hellip;<\/p>\n","protected":false},"author":4,"featured_media":413465,"comment_status":"closed","ping_status":"closed","sticky":false,"template":"","format":"standard","meta":{"_monsterinsights_skip_tracking":false,"_monsterinsights_sitenote_active":false,"_monsterinsights_sitenote_note":"","_monsterinsights_sitenote_category":0,"footnotes":""},"categories":[51,49],"tags":[],"class_list":["post-413461","post","type-post","status-publish","format-standard","has-post-thumbnail","hentry","category-evidenza-top","category-news-18","category-51","category-49","description-off"],"img_url":"https:\/\/www.radiopiu.net\/wordpress\/wp-content\/uploads\/2024\/10\/28d6b9e5-f2df-4801-8e0a-27f6bd5909fc.jpg","_links":{"self":[{"href":"https:\/\/www.radiopiu.net\/wordpress\/wp-json\/wp\/v2\/posts\/413461","targetHints":{"allow":["GET"]}}],"collection":[{"href":"https:\/\/www.radiopiu.net\/wordpress\/wp-json\/wp\/v2\/posts"}],"about":[{"href":"https:\/\/www.radiopiu.net\/wordpress\/wp-json\/wp\/v2\/types\/post"}],"author":[{"embeddable":true,"href":"https:\/\/www.radiopiu.net\/wordpress\/wp-json\/wp\/v2\/users\/4"}],"replies":[{"embeddable":true,"href":"https:\/\/www.radiopiu.net\/wordpress\/wp-json\/wp\/v2\/comments?post=413461"}],"version-history":[{"count":3,"href":"https:\/\/www.radiopiu.net\/wordpress\/wp-json\/wp\/v2\/posts\/413461\/revisions"}],"predecessor-version":[{"id":413480,"href":"https:\/\/www.radiopiu.net\/wordpress\/wp-json\/wp\/v2\/posts\/413461\/revisions\/413480"}],"wp:featuredmedia":[{"embeddable":true,"href":"https:\/\/www.radiopiu.net\/wordpress\/wp-json\/wp\/v2\/media\/413465"}],"wp:attachment":[{"href":"https:\/\/www.radiopiu.net\/wordpress\/wp-json\/wp\/v2\/media?parent=413461"}],"wp:term":[{"taxonomy":"category","embeddable":true,"href":"https:\/\/www.radiopiu.net\/wordpress\/wp-json\/wp\/v2\/categories?post=413461"},{"taxonomy":"post_tag","embeddable":true,"href":"https:\/\/www.radiopiu.net\/wordpress\/wp-json\/wp\/v2\/tags?post=413461"}],"curies":[{"name":"wp","href":"https:\/\/api.w.org\/{rel}","templated":true}]}}