{"id":413564,"date":"2024-10-10T06:45:14","date_gmt":"2024-10-10T04:45:14","guid":{"rendered":"https:\/\/www.radiopiu.net\/wordpress\/?p=413564"},"modified":"2024-10-10T06:52:33","modified_gmt":"2024-10-10T04:52:33","slug":"digonera-sara-collegata-allacquedotto-di-salesei-soluzione-per-lacqua-sporca-dopo-un-anno-di-disagi","status":"publish","type":"post","link":"https:\/\/www.radiopiu.net\/wordpress\/digonera-sara-collegata-allacquedotto-di-salesei-soluzione-per-lacqua-sporca-dopo-un-anno-di-disagi\/","title":{"rendered":"Digonera sar\u00e0 collegata all\u2019acquedotto di Salesei, soluzione per l\u2019acqua sporca dopo un anno di disagi"},"content":{"rendered":"<p>&nbsp;<\/p>\n<p><strong><a class=\"dt-pswp-item\" href=\"https:\/\/www.radiopiu.net\/wordpress\/wp-content\/uploads\/2021\/06\/8554eb80-bb6e-4752-a6d3-57aff91a2903.jpg\" data-dt-img-description=\"\" data-large_image_width=\"768\" data-large_image_height=\"1024\"><img loading=\"lazy\" decoding=\"async\" class=\"size-medium wp-image-215003 alignleft\" src=\"https:\/\/www.radiopiu.net\/wordpress\/wp-content\/uploads\/2021\/06\/8554eb80-bb6e-4752-a6d3-57aff91a2903-225x300.jpg\" alt=\"\" width=\"225\" height=\"300\" srcset=\"https:\/\/www.radiopiu.net\/wordpress\/wp-content\/uploads\/2021\/06\/8554eb80-bb6e-4752-a6d3-57aff91a2903-225x300.jpg 225w, https:\/\/www.radiopiu.net\/wordpress\/wp-content\/uploads\/2021\/06\/8554eb80-bb6e-4752-a6d3-57aff91a2903.jpg 768w\" sizes=\"auto, (max-width: 225px) 100vw, 225px\" \/><\/a>ROCCA PIETORE.<\/strong> L\u2019abitato di Digonera verr\u00e0 collegato all\u2019acquedotto che scende da Salesei. \u00c8 la soluzione che ieri Bim Gsp ha condiviso con il sindaco di Rocca Pietore, Valerio Davare, che da giungo premeva per venire a capo di un problema che da pi\u00f9 di dodici mesi interessa gli abitanti della frazione di Digonera.<br \/>\n\u00ab\u00c8 da pi\u00f9 di un anno che \u201coggi l\u2019acqua \u00e8 sporca\u201d: non ne possiamo pi\u00f9 soprattutto perch\u00e9 non abbiamo risposte. Cos\u00ec viene voglia di andare via\u00bb.<br \/>\nDicevano cos\u00ec, ieri, infatti, nella prima parte della mattinata i circa settanta abitanti, i quali pensavano di aver gi\u00e0 dato, in termini di disagi e servizi a singhiozzo, con la strada. La sp563 di Salesei rimasta chiusa (totalmente o a senso unico alternato) per pi\u00f9 di un anno. E invece il conto che stanno pagando alla loro volont\u00e0 di rimanere a vivere nelle Terre Alte riguarda un bene ancora pi\u00f9 prezioso e fondamentale della viabilit\u00e0: l\u2019acqua.<br \/>\n\u201c\u00c8 da un anno \u2013 dice Laura Delpero \u2013 che l\u2019acqua che ci arriva in casa \u00e8 sporca. Salvo nel periodo invernale, quando il terreno gela, io e anche gli altri abitanti della frazione conviviamo con questo grave problema\u201d.<br \/>\nUn problema di cui \u00e8 stato investito anche il sindaco di Rocca Pietore, Valerio Davare, che, nonostante l\u2019impegno e la buona volont\u00e0, fino a ieri a mezzogiorno non era riuscito a scalfire l\u2019inerzia delle istituzioni superiori.<br \/>\n\u201cDa quando c\u2019\u00e8 questo sindaco, da giugno \u2013 dice Laura \u2013 \u00e8 la terza volta che gli mando la foto del filtro della lavatrice completamente sporco. Quindi non possiamo guardare solo alle piogge di questi giorni come alle possibili cause che determinano l\u2019arrivo dell\u2019acqua sporca nelle nostre tubature. Abbiamo contattato pi\u00f9 volte Bim Gsp in questi mesi. Quando sono venuti a vedere ci hanno detto che si tratta di ruggine e calcare, ma non \u00e8 questo. Siamo ben capaci di vedere che quella che resta nei filtri, quella che va sul fondo della bacinella, \u00e8 terra\u201d.<br \/>\n<a class=\"dt-pswp-item\" href=\"https:\/\/www.radiopiu.net\/wordpress\/wp-content\/uploads\/2024\/01\/VALERIO-DAVARE.png\" data-dt-img-description=\"\" data-large_image_width=\"513\" data-large_image_height=\"495\"><img loading=\"lazy\" decoding=\"async\" class=\"size-medium wp-image-370071 alignright\" src=\"https:\/\/www.radiopiu.net\/wordpress\/wp-content\/uploads\/2024\/01\/VALERIO-DAVARE-300x289.png\" alt=\"\" width=\"300\" height=\"289\" srcset=\"https:\/\/www.radiopiu.net\/wordpress\/wp-content\/uploads\/2024\/01\/VALERIO-DAVARE-300x289.png 300w, https:\/\/www.radiopiu.net\/wordpress\/wp-content\/uploads\/2024\/01\/VALERIO-DAVARE.png 513w\" sizes=\"auto, (max-width: 300px) 100vw, 300px\" \/><\/a>Ieri, finalmente, all\u2019ennesima segnalazione del sindaco, Bim Gsp ha risposto. \u201cMi hanno detto che si andr\u00e0 a una soluzione radicale \u2013 spiega Davare \u2013 che consiste nel collegare l\u2019abitato di Digonera con l\u2019acquedotto che scende da Salesei. L\u2019intervento \u00e8 programmato per l\u2019estate prossima e ha gi\u00e0 una parziale copertura economica. Stanno procedendo con la progettazione\u201d. L\u2019alternativa, fino ad allora, ad oggi non \u00e8 per\u00f2 chiara.<br \/>\nDopo un anno la situazione sta diventando insostenibile, se non lo \u00e8 gi\u00e0, per tutti gli abitanti della piccola frazione che conta pure un albergo.<br \/>\nIeri mattina il cellulare del sindaco Valerio Davare suonava di continuo, perch\u00e9 oltre ai messaggi e alle foto di Laura, sono arrivati anche quelli di altri abitanti del villaggio. Tutti dello stesso tenore: \u201cNon ne possiamo pi\u00f9\u201d.<br \/>\n\u201cLa mia famiglia \u00e8 forse quella che sente di pi\u00f9 il problema \u2013 dice Laura \u2013 perch\u00e9 siamo alla fine del tratto di acquedotto, ma anche le altre vivono con disagio di fronte a quella che \u00e8 a tutti gli effetti una mancanza di un servizio: non uso l\u2019acqua per bere; non la uso nemmeno per cucinare perch\u00e9 ho una bambina piccola e non mi va di rischiare; lavo frequentemente la vasca del water; devo aspettare il momento in cui \u00e8 meno sporca per fare la lavatrice e fatico a usarla anche per fare la doccia. Il mio compagno, che ha un\u2019allergia, quando si fa la doccia gli bruciano gli occhi e gli viene il raffreddore\u201d.<br \/>\n\u201c\u00c8 dal primo mese di amministrazione \u2013 dice il sindaco \u2013 che abbiamo preso in mano la questione, capendo che era datata e molto sentita dalla popolazione. Ci siamo rivolti a Bim Gsp e anche al Consorzio di bacino. Dopo la comunicazione odierna di Bim Gsp, mi sento un po\u2019 pi\u00f9 sollevato\u201d.<br \/>\nAltrimenti il rischio \u00e8 che, di fronte alle mancate risposte, nella testa degli abitanti della montagna si insinui un pensiero. \u201cSono dieci anni che vivo qui a Digonera \u2013 racconta Laura prima che il sindaco le dia la notizia del futuro collegamento con l\u2019acquedotto di Salesei \u2013 vengo dal Trentino, dalla Val di Sole. Il mio compagno \u00e8 di qui e abbiamo deciso di far famiglia qui. Di fronte a una situazione come questa, in cui da un anno abbiamo l\u2019acqua sporca e chi di competenza ci dice che ha pulito le vasche e che non sa da dove si origina il problema, mi viene voglia di andare via. E adesso mi rendo conto della differenza tra Veneto e Trentino\u201d.<\/p>\n<p>&nbsp;<\/p>\n<hr \/>\n<p>&nbsp;<\/p>\n","protected":false},"excerpt":{"rendered":"<p>&nbsp; ROCCA PIETORE. L\u2019abitato di Digonera verr\u00e0 collegato all\u2019acquedotto che scende da Salesei. \u00c8 la soluzione che ieri Bim Gsp ha condiviso con il sindaco di Rocca Pietore, Valerio Davare, che da giungo premeva per venire a capo di un problema che da pi\u00f9 di dodici mesi interessa gli abitanti della frazione di Digonera. \u00ab\u00c8&hellip;<\/p>\n","protected":false},"author":4,"featured_media":215002,"comment_status":"closed","ping_status":"closed","sticky":false,"template":"","format":"standard","meta":{"_monsterinsights_skip_tracking":false,"_monsterinsights_sitenote_active":false,"_monsterinsights_sitenote_note":"","_monsterinsights_sitenote_category":0,"footnotes":""},"categories":[51,49],"tags":[],"class_list":["post-413564","post","type-post","status-publish","format-standard","has-post-thumbnail","hentry","category-evidenza-top","category-news-18","category-51","category-49","description-off"],"img_url":"https:\/\/www.radiopiu.net\/wordpress\/wp-content\/uploads\/2021\/06\/244f56bc-9696-40f1-b3e8-f2f5b3cf36c3.jpg","_links":{"self":[{"href":"https:\/\/www.radiopiu.net\/wordpress\/wp-json\/wp\/v2\/posts\/413564","targetHints":{"allow":["GET"]}}],"collection":[{"href":"https:\/\/www.radiopiu.net\/wordpress\/wp-json\/wp\/v2\/posts"}],"about":[{"href":"https:\/\/www.radiopiu.net\/wordpress\/wp-json\/wp\/v2\/types\/post"}],"author":[{"embeddable":true,"href":"https:\/\/www.radiopiu.net\/wordpress\/wp-json\/wp\/v2\/users\/4"}],"replies":[{"embeddable":true,"href":"https:\/\/www.radiopiu.net\/wordpress\/wp-json\/wp\/v2\/comments?post=413564"}],"version-history":[{"count":1,"href":"https:\/\/www.radiopiu.net\/wordpress\/wp-json\/wp\/v2\/posts\/413564\/revisions"}],"predecessor-version":[{"id":413572,"href":"https:\/\/www.radiopiu.net\/wordpress\/wp-json\/wp\/v2\/posts\/413564\/revisions\/413572"}],"wp:featuredmedia":[{"embeddable":true,"href":"https:\/\/www.radiopiu.net\/wordpress\/wp-json\/wp\/v2\/media\/215002"}],"wp:attachment":[{"href":"https:\/\/www.radiopiu.net\/wordpress\/wp-json\/wp\/v2\/media?parent=413564"}],"wp:term":[{"taxonomy":"category","embeddable":true,"href":"https:\/\/www.radiopiu.net\/wordpress\/wp-json\/wp\/v2\/categories?post=413564"},{"taxonomy":"post_tag","embeddable":true,"href":"https:\/\/www.radiopiu.net\/wordpress\/wp-json\/wp\/v2\/tags?post=413564"}],"curies":[{"name":"wp","href":"https:\/\/api.w.org\/{rel}","templated":true}]}}