{"id":413566,"date":"2024-10-10T05:29:27","date_gmt":"2024-10-10T03:29:27","guid":{"rendered":"https:\/\/www.radiopiu.net\/wordpress\/?p=413566"},"modified":"2024-10-10T05:34:08","modified_gmt":"2024-10-10T03:34:08","slug":"413566-2","status":"publish","type":"post","link":"https:\/\/www.radiopiu.net\/wordpress\/413566-2\/","title":{"rendered":"25^ FIERA DEL BESTIAM, DAL BROI ALLE MINIERE DI VALLE IMPERINA, L&#8217;EDIZIONE DELLE NOVITA&#8217;"},"content":{"rendered":"<p>***<\/p>\n<p>&nbsp;<\/p>\n<p><strong><a class=\"dt-pswp-item\" href=\"https:\/\/www.radiopiu.net\/wordpress\/wp-content\/uploads\/2024\/10\/th-7.jpg\" data-dt-img-description=\"\" data-large_image_width=\"320\" data-large_image_height=\"180\"><img loading=\"lazy\" decoding=\"async\" class=\"size-medium wp-image-413568 alignleft\" src=\"https:\/\/www.radiopiu.net\/wordpress\/wp-content\/uploads\/2024\/10\/th-7-300x169.jpg\" alt=\"\" width=\"300\" height=\"169\" srcset=\"https:\/\/www.radiopiu.net\/wordpress\/wp-content\/uploads\/2024\/10\/th-7-300x169.jpg 300w, https:\/\/www.radiopiu.net\/wordpress\/wp-content\/uploads\/2024\/10\/th-7.jpg 320w\" sizes=\"auto, (max-width: 300px) 100vw, 300px\" \/><\/a>AGORDO<\/strong>. La Fiera del Bestiam festeggia le nozze d\u2019argento con le comunit\u00e0 di Agordo e dell\u2019Agordino, ma anche con quanti, da fuori, la vivono come un appuntamento fisso di ritrovo. Sabato, infatti, il Broi di Agordo sar\u00e0 per la 25a volta teatro dell\u2019evento che chiude il ciclo di manifestazioni autunnali all\u2019insegna delle \u201cTradizioni agricole agordine\u201d. A organizzare c\u2019\u00e8 l\u2019apposito Comitato, con il concorso del Comune di Agordo, della ProLoco, del Gruppo Alpini e di RadioPi\u00f9.<br \/>\nLa Fiera si riproporr\u00e0 con il mercato dei prodotti agricoli e artigianali, l\u2019esposizione zootecnica a cura delle aziende agricole, di macchine e attrezzatura agricole e, immancabile, la \u201csc\u00f2ta del Bel\u00f2t\u201d. Come sempre, ci sar\u00e0 la possibilit\u00e0 di pranzare sotto il tendone con la cucina e i piatti tipici preparati dal Gruppo alpini di Agordo-Rivamonte-Taibon.<br \/>\nCollegata alla \u201cFiera del Bestiam\u201d e curata da Ad Agordo Pro Loco, anche quest\u2019anno, dalle 10 alle 18.30, ci sar\u00e0 la rassegna \u201cFormai e vin in Villa\u201d, tour enogastronomico guidato all\u2019interno di Palazzo Crotta-De\u2019 Manzoni con quattro stand di formaggi di produzione agordina in abbinamento ai vini prodotti in zone di montagna e prodotti da forno del territorio. L\u2019evento \u00e8 a prenotazione obbligatoria (Ufficio turistico di Agordo, ufficioturistico@agordo.net, tel.0437-62105, 339-1238341).<br \/>\n<a class=\"dt-pswp-item\" href=\"https:\/\/www.radiopiu.net\/wordpress\/wp-content\/uploads\/2024\/10\/Senza-nome-36.png\" data-dt-img-description=\"\" data-large_image_width=\"886\" data-large_image_height=\"616\"><img loading=\"lazy\" decoding=\"async\" class=\"size-medium wp-image-413569 alignright\" src=\"https:\/\/www.radiopiu.net\/wordpress\/wp-content\/uploads\/2024\/10\/Senza-nome-36-300x209.png\" alt=\"\" width=\"300\" height=\"209\" srcset=\"https:\/\/www.radiopiu.net\/wordpress\/wp-content\/uploads\/2024\/10\/Senza-nome-36-300x209.png 300w, https:\/\/www.radiopiu.net\/wordpress\/wp-content\/uploads\/2024\/10\/Senza-nome-36-768x534.png 768w, https:\/\/www.radiopiu.net\/wordpress\/wp-content\/uploads\/2024\/10\/Senza-nome-36.png 886w\" sizes=\"auto, (max-width: 300px) 100vw, 300px\" \/><\/a>Sia venerd\u00ec che sabato, inoltre nei bar e ristoranti aderenti a \u201cFormai e vin\u201d, si potranno degustare i formaggi del territorio in abbinamento a vini importanti.<br \/>\nSempre a cura della Pro Loco viene poi proposta la visita guidata nei luoghi pi\u00f9 noti della citt\u00e0, compreso il rustico della Torresella, per conoscerne pi\u00f9 a fondo la storia.<br \/>\nAltre novit\u00e0 sono rappresentate dall\u2019esposizione di artisti locali nel chiostro della fontana di villa Crotta-de\u2019 Manzoni, i giri a cavallo per i pi\u00f9 piccini nel parco della villa a cura di P.R.Ranch e l\u2019inaugurazione, alle 10, dei lavori di pulizia di alcune statue del giardinetto, sempre della villa, che si affaccia su piazza Libert\u00e0. Quindi, alle 11, con partenza dal municipio in piazzale Marconi, l\u2019esibizione itinerante del Corpo bandistico Centrale di Zugliano (localit\u00e0 gemellata con Agordo), nel centenario della sua fondazione; per finire, alle 15, con l\u2019esibizione del gruppo Voci dai Cortivi.<br \/>\nNovit\u00e0 di quest\u2019anno, infine, anche l\u2019anteprima di domani a Valle Imperina dove, alle 18, al ristorante \u201cAlle antiche miniere\u201d, in tema con l\u2019aspetto agricolo della Fiera, ci sar\u00e0 la presentazione, a cura di Fabio Bona, del libro \u201cConsistenza delle latterie sociali cooperative della provincia di Belluno, 1932, X\u201d e, a seguire, alle 19.30, su prenotazione, la cena a base di prodotti caseari della Cooperativa Agordino Latteria di Vallata. Info: 379-1104390, info@alleanticheminiere.it.<\/p>\n<p>&nbsp;<\/p>\n<p>&nbsp;<\/p>\n<hr \/>\n<p>&nbsp;<\/p>\n","protected":false},"excerpt":{"rendered":"<p>*** &nbsp; AGORDO. La Fiera del Bestiam festeggia le nozze d\u2019argento con le comunit\u00e0 di Agordo e dell\u2019Agordino, ma anche con quanti, da fuori, la vivono come un appuntamento fisso di ritrovo. Sabato, infatti, il Broi di Agordo sar\u00e0 per la 25a volta teatro dell\u2019evento che chiude il ciclo di manifestazioni autunnali all\u2019insegna delle \u201cTradizioni&hellip;<\/p>\n","protected":false},"author":4,"featured_media":413569,"comment_status":"closed","ping_status":"closed","sticky":false,"template":"","format":"standard","meta":{"_monsterinsights_skip_tracking":false,"_monsterinsights_sitenote_active":false,"_monsterinsights_sitenote_note":"","_monsterinsights_sitenote_category":0,"footnotes":""},"categories":[104,49],"tags":[],"class_list":["post-413566","post","type-post","status-publish","format-standard","has-post-thumbnail","hentry","category-evidenza_3","category-news-18","category-104","category-49","description-off"],"img_url":"https:\/\/www.radiopiu.net\/wordpress\/wp-content\/uploads\/2024\/10\/Senza-nome-36.png","_links":{"self":[{"href":"https:\/\/www.radiopiu.net\/wordpress\/wp-json\/wp\/v2\/posts\/413566","targetHints":{"allow":["GET"]}}],"collection":[{"href":"https:\/\/www.radiopiu.net\/wordpress\/wp-json\/wp\/v2\/posts"}],"about":[{"href":"https:\/\/www.radiopiu.net\/wordpress\/wp-json\/wp\/v2\/types\/post"}],"author":[{"embeddable":true,"href":"https:\/\/www.radiopiu.net\/wordpress\/wp-json\/wp\/v2\/users\/4"}],"replies":[{"embeddable":true,"href":"https:\/\/www.radiopiu.net\/wordpress\/wp-json\/wp\/v2\/comments?post=413566"}],"version-history":[{"count":2,"href":"https:\/\/www.radiopiu.net\/wordpress\/wp-json\/wp\/v2\/posts\/413566\/revisions"}],"predecessor-version":[{"id":413571,"href":"https:\/\/www.radiopiu.net\/wordpress\/wp-json\/wp\/v2\/posts\/413566\/revisions\/413571"}],"wp:featuredmedia":[{"embeddable":true,"href":"https:\/\/www.radiopiu.net\/wordpress\/wp-json\/wp\/v2\/media\/413569"}],"wp:attachment":[{"href":"https:\/\/www.radiopiu.net\/wordpress\/wp-json\/wp\/v2\/media?parent=413566"}],"wp:term":[{"taxonomy":"category","embeddable":true,"href":"https:\/\/www.radiopiu.net\/wordpress\/wp-json\/wp\/v2\/categories?post=413566"},{"taxonomy":"post_tag","embeddable":true,"href":"https:\/\/www.radiopiu.net\/wordpress\/wp-json\/wp\/v2\/tags?post=413566"}],"curies":[{"name":"wp","href":"https:\/\/api.w.org\/{rel}","templated":true}]}}