{"id":413575,"date":"2024-10-10T05:31:37","date_gmt":"2024-10-10T03:31:37","guid":{"rendered":"https:\/\/www.radiopiu.net\/wordpress\/?p=413575"},"modified":"2024-10-10T05:33:43","modified_gmt":"2024-10-10T03:33:43","slug":"parcheggi-insufficienti-servono-soluzioni","status":"publish","type":"post","link":"https:\/\/www.radiopiu.net\/wordpress\/parcheggi-insufficienti-servono-soluzioni\/","title":{"rendered":"Parcheggi insufficienti: servono soluzioni"},"content":{"rendered":"<p>***<\/p>\n<div class=\"flex items-center\">\n<div><\/div>\n<div><span style=\"color: #ff0000;\">SEDICO&#8230;. COME AGORDO<\/span><\/div>\n<\/div>\n<div>\n<blockquote><p><strong><a class=\"dt-pswp-item\" href=\"https:\/\/www.radiopiu.net\/wordpress\/wp-content\/uploads\/2024\/03\/LUXOTTICA-PARC.jpg\" data-dt-img-description=\"\" data-large_image_width=\"1600\" data-large_image_height=\"1200\"><img loading=\"lazy\" decoding=\"async\" class=\" wp-image-380380 alignleft\" src=\"https:\/\/www.radiopiu.net\/wordpress\/wp-content\/uploads\/2024\/03\/LUXOTTICA-PARC-300x225.jpg\" alt=\"\" width=\"173\" height=\"130\" srcset=\"https:\/\/www.radiopiu.net\/wordpress\/wp-content\/uploads\/2024\/03\/LUXOTTICA-PARC-300x225.jpg 300w, https:\/\/www.radiopiu.net\/wordpress\/wp-content\/uploads\/2024\/03\/LUXOTTICA-PARC-1024x768.jpg 1024w, https:\/\/www.radiopiu.net\/wordpress\/wp-content\/uploads\/2024\/03\/LUXOTTICA-PARC-768x576.jpg 768w, https:\/\/www.radiopiu.net\/wordpress\/wp-content\/uploads\/2024\/03\/LUXOTTICA-PARC-1536x1152.jpg 1536w, https:\/\/www.radiopiu.net\/wordpress\/wp-content\/uploads\/2024\/03\/LUXOTTICA-PARC.jpg 1600w\" sizes=\"auto, (max-width: 173px) 100vw, 173px\" \/><\/a><\/strong><\/p><\/blockquote>\n<p><strong>SEDICO<\/strong> L&#8217;aumento di personale nello stabilimento Luxottica di Sedico ha reso insufficienti i parcheggi per i dipendenti. Se con il bel tempo alcuni operai utilizzano mezzi alternativi, durante maltempo e neve molti dipendenti ricorrono all&#8217;auto, creando difficolt\u00e0. Marted\u00ec, alcuni lavoratori hanno trovato i posti riservati al car pooling occupati abusivamente, causando ritardi. I sindacati evidenziano che la situazione \u00e8 nota e proposte sono state presentate all\u2019azienda per aumentare i parcheggi e incentivare la mobilit\u00e0 sostenibile. Insomma pare di rivivere i problemi che con Luxottica gi\u00e0 si sono creati ad Agordo da tempo con parcheggi esauriti, gli esercenti delle attivit\u00e0 commerciali extra-occhiale costretti ad usare la &#8220;scopa&#8221; per scacciare i turnisti &#8220;abusivi&#8221; dai pochi parcheggi rimasti liberi, ma anche con gli altri parcheggi della citt\u00e0 occupati (con tanto di servizio navetta) dal cimitero alla zona sportiva<\/p>\n<\/div>\n<p>&nbsp;<\/p>\n<hr \/>\n<p>&nbsp;<\/p>\n","protected":false},"excerpt":{"rendered":"<p>*** SEDICO&#8230;. COME AGORDO SEDICO L&#8217;aumento di personale nello stabilimento Luxottica di Sedico ha reso insufficienti i parcheggi per i dipendenti. Se con il bel tempo alcuni operai utilizzano mezzi alternativi, durante maltempo e neve molti dipendenti ricorrono all&#8217;auto, creando difficolt\u00e0. Marted\u00ec, alcuni lavoratori hanno trovato i posti riservati al car pooling occupati abusivamente, causando&hellip;<\/p>\n","protected":false},"author":4,"featured_media":253706,"comment_status":"closed","ping_status":"closed","sticky":false,"template":"","format":"standard","meta":{"_monsterinsights_skip_tracking":false,"_monsterinsights_sitenote_active":false,"_monsterinsights_sitenote_note":"","_monsterinsights_sitenote_category":0,"footnotes":""},"categories":[51,49],"tags":[],"class_list":["post-413575","post","type-post","status-publish","format-standard","has-post-thumbnail","hentry","category-evidenza-top","category-news-18","category-51","category-49","description-off"],"img_url":"https:\/\/www.radiopiu.net\/wordpress\/wp-content\/uploads\/2022\/01\/th-7.jpg","_links":{"self":[{"href":"https:\/\/www.radiopiu.net\/wordpress\/wp-json\/wp\/v2\/posts\/413575","targetHints":{"allow":["GET"]}}],"collection":[{"href":"https:\/\/www.radiopiu.net\/wordpress\/wp-json\/wp\/v2\/posts"}],"about":[{"href":"https:\/\/www.radiopiu.net\/wordpress\/wp-json\/wp\/v2\/types\/post"}],"author":[{"embeddable":true,"href":"https:\/\/www.radiopiu.net\/wordpress\/wp-json\/wp\/v2\/users\/4"}],"replies":[{"embeddable":true,"href":"https:\/\/www.radiopiu.net\/wordpress\/wp-json\/wp\/v2\/comments?post=413575"}],"version-history":[{"count":1,"href":"https:\/\/www.radiopiu.net\/wordpress\/wp-json\/wp\/v2\/posts\/413575\/revisions"}],"predecessor-version":[{"id":413576,"href":"https:\/\/www.radiopiu.net\/wordpress\/wp-json\/wp\/v2\/posts\/413575\/revisions\/413576"}],"wp:featuredmedia":[{"embeddable":true,"href":"https:\/\/www.radiopiu.net\/wordpress\/wp-json\/wp\/v2\/media\/253706"}],"wp:attachment":[{"href":"https:\/\/www.radiopiu.net\/wordpress\/wp-json\/wp\/v2\/media?parent=413575"}],"wp:term":[{"taxonomy":"category","embeddable":true,"href":"https:\/\/www.radiopiu.net\/wordpress\/wp-json\/wp\/v2\/categories?post=413575"},{"taxonomy":"post_tag","embeddable":true,"href":"https:\/\/www.radiopiu.net\/wordpress\/wp-json\/wp\/v2\/tags?post=413575"}],"curies":[{"name":"wp","href":"https:\/\/api.w.org\/{rel}","templated":true}]}}