{"id":413613,"date":"2024-10-11T05:55:28","date_gmt":"2024-10-11T03:55:28","guid":{"rendered":"https:\/\/www.radiopiu.net\/wordpress\/?p=413613"},"modified":"2024-10-11T08:04:35","modified_gmt":"2024-10-11T06:04:35","slug":"giornale-radiopiu-11-ottobre-2024-direttore-mirko-mezzacasada-41-anni-25-giugno-1983-25-giugno-2024","status":"publish","type":"post","link":"https:\/\/www.radiopiu.net\/wordpress\/giornale-radiopiu-11-ottobre-2024-direttore-mirko-mezzacasada-41-anni-25-giugno-1983-25-giugno-2024\/","title":{"rendered":"GIORNALE RADIOPIU 11 OTTOBRE 2024 DIRETTORE MIRKO MEZZACASA\u2026DA 41 ANNI 25 GIUGNO 1983-25 GIUGNO 2024"},"content":{"rendered":"<h1>**<\/h1>\n<h1><em><span style=\"color: #ff0000;\">\u00a0<\/span><\/em><\/h1>\n<p><em><span style=\"color: #ff0000;\"><a class=\"dt-pswp-item\" href=\"https:\/\/www.radiopiu.net\/wordpress\/wp-content\/uploads\/2024\/10\/Senza-nome-8.png\" data-dt-img-description=\"\" data-large_image_width=\"343\" data-large_image_height=\"303\"><img loading=\"lazy\" decoding=\"async\" class=\"wp-image-412130 alignleft\" src=\"https:\/\/www.radiopiu.net\/wordpress\/wp-content\/uploads\/2024\/10\/Senza-nome-8-300x265.png\" alt=\"\" width=\"105\" height=\"93\" srcset=\"https:\/\/www.radiopiu.net\/wordpress\/wp-content\/uploads\/2024\/10\/Senza-nome-8-300x265.png 300w, https:\/\/www.radiopiu.net\/wordpress\/wp-content\/uploads\/2024\/10\/Senza-nome-8.png 343w\" sizes=\"auto, (max-width: 105px) 100vw, 105px\" \/><\/a><\/span><\/em><strong><em><span style=\"color: #ff0000;\"> LA\u00a0 APP PER IOS-IPHONE di Nicola Vettorello<\/span><\/em><\/strong><\/p>\n<p><strong><span style=\"color: #0000ff;\"><a style=\"color: #0000ff;\" href=\"https:\/\/apps.apple.com\/it\/app\/radio-pi%C3%B9-emittente-agordina\/id1515939845\">https:\/\/apps.apple.com\/it\/app\/radio-pi%C3%B9-emittente-agordina\/id1515939845<\/a><\/span><\/strong><\/p>\n<p><strong><em style=\"color: #ff0000;\">LA\u00a0 APP RADIO\u00a0 PER ANDROID di Nicola Vettorello<\/em><\/strong><\/p>\n<p><strong><span style=\"color: #0000ff;\"><a style=\"color: #0000ff;\" href=\"https:\/\/play.google.com\/store\/apps\/details?id=net.radiopiu.iniko\" target=\"_blank\" rel=\"noopener noreferrer\">https:\/\/<\/a><a style=\"color: #0000ff;\" href=\"https:\/\/play.google.com\/store\/apps\/details?id=net.radiopiu.iniko\" target=\"_blank\" rel=\"noopener noreferrer\">play.google.com\/store\/apps\/details?id=net.radiopiu.iniko\u00a0\u00a0\u00a0<\/a><\/span><\/strong><\/p>\n<p>&nbsp;<\/p>\n<hr \/>\n<p>&nbsp;<\/p>\n<h2 style=\"text-align: center;\"><span style=\"color: #800080;\">L&#8217;AURORA BOREALE\u00a0<\/span><\/h2>\n<p><strong>Mario De Marco<\/strong> ha sempre la macchina fotografica pronta e ieri sera quando ha notato che poteva esserci un&#8217;aurora boreale in atto non ha perso tempo. Gli scatti sono stati eseguiti alle 21:10 verso il Monte Pelsa e Framont: scatti singoli senza senza alcuna modifica con programmi vari.<\/p>\n<p><a class=\"dt-pswp-item\" href=\"https:\/\/www.radiopiu.net\/wordpress\/wp-content\/uploads\/2024\/10\/01eee738-73b5-453a-be2d-632932fc0341.jpg\" data-dt-img-description=\"\" data-large_image_width=\"1600\" data-large_image_height=\"1066\"><img loading=\"lazy\" decoding=\"async\" class=\"alignnone size-medium wp-image-413735\" src=\"https:\/\/www.radiopiu.net\/wordpress\/wp-content\/uploads\/2024\/10\/01eee738-73b5-453a-be2d-632932fc0341-300x200.jpg\" alt=\"\" width=\"300\" height=\"200\" srcset=\"https:\/\/www.radiopiu.net\/wordpress\/wp-content\/uploads\/2024\/10\/01eee738-73b5-453a-be2d-632932fc0341-300x200.jpg 300w, https:\/\/www.radiopiu.net\/wordpress\/wp-content\/uploads\/2024\/10\/01eee738-73b5-453a-be2d-632932fc0341-1024x682.jpg 1024w, https:\/\/www.radiopiu.net\/wordpress\/wp-content\/uploads\/2024\/10\/01eee738-73b5-453a-be2d-632932fc0341-768x512.jpg 768w, https:\/\/www.radiopiu.net\/wordpress\/wp-content\/uploads\/2024\/10\/01eee738-73b5-453a-be2d-632932fc0341-1536x1023.jpg 1536w, https:\/\/www.radiopiu.net\/wordpress\/wp-content\/uploads\/2024\/10\/01eee738-73b5-453a-be2d-632932fc0341.jpg 1600w\" sizes=\"auto, (max-width: 300px) 100vw, 300px\" \/><\/a><a class=\"dt-pswp-item\" href=\"https:\/\/www.radiopiu.net\/wordpress\/wp-content\/uploads\/2024\/10\/842b3d74-e74e-496b-a5df-b39bca4fe6d4.jpg\" data-dt-img-description=\"\" data-large_image_width=\"1600\" data-large_image_height=\"1066\"><img loading=\"lazy\" decoding=\"async\" class=\"alignnone size-medium wp-image-413736\" src=\"https:\/\/www.radiopiu.net\/wordpress\/wp-content\/uploads\/2024\/10\/842b3d74-e74e-496b-a5df-b39bca4fe6d4-300x200.jpg\" alt=\"\" width=\"300\" height=\"200\" srcset=\"https:\/\/www.radiopiu.net\/wordpress\/wp-content\/uploads\/2024\/10\/842b3d74-e74e-496b-a5df-b39bca4fe6d4-300x200.jpg 300w, https:\/\/www.radiopiu.net\/wordpress\/wp-content\/uploads\/2024\/10\/842b3d74-e74e-496b-a5df-b39bca4fe6d4-1024x682.jpg 1024w, https:\/\/www.radiopiu.net\/wordpress\/wp-content\/uploads\/2024\/10\/842b3d74-e74e-496b-a5df-b39bca4fe6d4-768x512.jpg 768w, https:\/\/www.radiopiu.net\/wordpress\/wp-content\/uploads\/2024\/10\/842b3d74-e74e-496b-a5df-b39bca4fe6d4-1536x1023.jpg 1536w, https:\/\/www.radiopiu.net\/wordpress\/wp-content\/uploads\/2024\/10\/842b3d74-e74e-496b-a5df-b39bca4fe6d4.jpg 1600w\" sizes=\"auto, (max-width: 300px) 100vw, 300px\" \/><\/a><\/p>\n<p>&nbsp;<\/p>\n<p>&nbsp;<\/p>\n<p>Dopo tanta pioggia, in queste ore in tutto il nord Italia stiamo di nuovo assistendo a una stupenda aurora boreale.Scatti fatti a Soccol di Taibon Agordino da\u00a0 <strong>Rudi Soccol\u00a0<\/strong><\/p>\n<p><a class=\"dt-pswp-item\" href=\"https:\/\/www.radiopiu.net\/wordpress\/wp-content\/uploads\/2024\/10\/aurora-boreale-4-scaled.jpg\" data-dt-img-description=\"\" data-large_image_width=\"2560\" data-large_image_height=\"1574\"><img loading=\"lazy\" decoding=\"async\" class=\"alignnone size-medium wp-image-413763\" src=\"https:\/\/www.radiopiu.net\/wordpress\/wp-content\/uploads\/2024\/10\/aurora-boreale-4-300x184.jpg\" alt=\"\" width=\"300\" height=\"184\" srcset=\"https:\/\/www.radiopiu.net\/wordpress\/wp-content\/uploads\/2024\/10\/aurora-boreale-4-300x184.jpg 300w, https:\/\/www.radiopiu.net\/wordpress\/wp-content\/uploads\/2024\/10\/aurora-boreale-4-1024x630.jpg 1024w, https:\/\/www.radiopiu.net\/wordpress\/wp-content\/uploads\/2024\/10\/aurora-boreale-4-768x472.jpg 768w, https:\/\/www.radiopiu.net\/wordpress\/wp-content\/uploads\/2024\/10\/aurora-boreale-4-1536x944.jpg 1536w, https:\/\/www.radiopiu.net\/wordpress\/wp-content\/uploads\/2024\/10\/aurora-boreale-4-2048x1259.jpg 2048w\" sizes=\"auto, (max-width: 300px) 100vw, 300px\" \/><\/a><a class=\"dt-pswp-item\" href=\"https:\/\/www.radiopiu.net\/wordpress\/wp-content\/uploads\/2024\/10\/aurora-2-scaled.jpg\" data-dt-img-description=\"\" data-large_image_width=\"2560\" data-large_image_height=\"1683\"><img loading=\"lazy\" decoding=\"async\" class=\"alignnone wp-image-413764\" src=\"https:\/\/www.radiopiu.net\/wordpress\/wp-content\/uploads\/2024\/10\/aurora-2-300x197.jpg\" alt=\"\" width=\"281\" height=\"184\" srcset=\"https:\/\/www.radiopiu.net\/wordpress\/wp-content\/uploads\/2024\/10\/aurora-2-300x197.jpg 300w, https:\/\/www.radiopiu.net\/wordpress\/wp-content\/uploads\/2024\/10\/aurora-2-1024x673.jpg 1024w, https:\/\/www.radiopiu.net\/wordpress\/wp-content\/uploads\/2024\/10\/aurora-2-768x505.jpg 768w, https:\/\/www.radiopiu.net\/wordpress\/wp-content\/uploads\/2024\/10\/aurora-2-1536x1010.jpg 1536w, https:\/\/www.radiopiu.net\/wordpress\/wp-content\/uploads\/2024\/10\/aurora-2-2048x1346.jpg 2048w\" sizes=\"auto, (max-width: 281px) 100vw, 281px\" \/><\/a><\/p>\n<p>&nbsp;<\/p>\n<p>&nbsp;<\/p>\n<div class=\"page-title-head hgroup\">\n<p class=\"entry-title\">Il cielo. Frassen\u00e9, Agner, La Valle, Tegnas e Le Pale di<strong> Manuel Conedera<\/strong><\/p>\n<\/div>\n<div class=\"page-title-breadcrumbs\">\n<p><a class=\"dt-pswp-item\" href=\"https:\/\/www.radiopiu.net\/wordpress\/wp-content\/uploads\/2024\/10\/398020a3-c458-44d1-878d-f0947e297917.jpg\" data-dt-img-description=\"\" data-large_image_width=\"1600\" data-large_image_height=\"1069\"><img loading=\"lazy\" decoding=\"async\" class=\"alignnone size-medium wp-image-413748\" src=\"https:\/\/www.radiopiu.net\/wordpress\/wp-content\/uploads\/2024\/10\/398020a3-c458-44d1-878d-f0947e297917-300x200.jpg\" alt=\"\" width=\"300\" height=\"200\" srcset=\"https:\/\/www.radiopiu.net\/wordpress\/wp-content\/uploads\/2024\/10\/398020a3-c458-44d1-878d-f0947e297917-300x200.jpg 300w, https:\/\/www.radiopiu.net\/wordpress\/wp-content\/uploads\/2024\/10\/398020a3-c458-44d1-878d-f0947e297917-1024x684.jpg 1024w, https:\/\/www.radiopiu.net\/wordpress\/wp-content\/uploads\/2024\/10\/398020a3-c458-44d1-878d-f0947e297917-768x513.jpg 768w, https:\/\/www.radiopiu.net\/wordpress\/wp-content\/uploads\/2024\/10\/398020a3-c458-44d1-878d-f0947e297917-1536x1026.jpg 1536w, https:\/\/www.radiopiu.net\/wordpress\/wp-content\/uploads\/2024\/10\/398020a3-c458-44d1-878d-f0947e297917.jpg 1600w\" sizes=\"auto, (max-width: 300px) 100vw, 300px\" \/><\/a><a class=\"dt-pswp-item\" href=\"https:\/\/www.radiopiu.net\/wordpress\/wp-content\/uploads\/2024\/10\/bde166ae-af5f-4fd2-9ab2-a477b198ebe9.jpg\" data-dt-img-description=\"\" data-large_image_width=\"1600\" data-large_image_height=\"1069\"><img loading=\"lazy\" decoding=\"async\" class=\"alignnone size-medium wp-image-413749\" src=\"https:\/\/www.radiopiu.net\/wordpress\/wp-content\/uploads\/2024\/10\/bde166ae-af5f-4fd2-9ab2-a477b198ebe9-300x200.jpg\" alt=\"\" width=\"300\" height=\"200\" srcset=\"https:\/\/www.radiopiu.net\/wordpress\/wp-content\/uploads\/2024\/10\/bde166ae-af5f-4fd2-9ab2-a477b198ebe9-300x200.jpg 300w, https:\/\/www.radiopiu.net\/wordpress\/wp-content\/uploads\/2024\/10\/bde166ae-af5f-4fd2-9ab2-a477b198ebe9-1024x684.jpg 1024w, https:\/\/www.radiopiu.net\/wordpress\/wp-content\/uploads\/2024\/10\/bde166ae-af5f-4fd2-9ab2-a477b198ebe9-768x513.jpg 768w, https:\/\/www.radiopiu.net\/wordpress\/wp-content\/uploads\/2024\/10\/bde166ae-af5f-4fd2-9ab2-a477b198ebe9-1536x1026.jpg 1536w, https:\/\/www.radiopiu.net\/wordpress\/wp-content\/uploads\/2024\/10\/bde166ae-af5f-4fd2-9ab2-a477b198ebe9.jpg 1600w\" sizes=\"auto, (max-width: 300px) 100vw, 300px\" \/><\/a><\/p>\n<\/div>\n<p>&nbsp;<\/p>\n<p>&nbsp;<\/p>\n<p><strong>LA BOREALE CONCEDE IL BIS, DI CLAUDIO PRA<\/strong><\/p>\n<p>L&#8217;aurora boreale concede il bis. Dopo essersi manifestata a latitudini inconsuete a maggio \u00e8 tornata a mostrarsi stanotte offrendo un altro grandioso spettacolo. Dopo una giornata, I&#8217;ennesima, piena di pioggia, verso ora di cena il cielo si \u00e8 rasserenato velocemente in concomitanza con la comparsa delle luci del nord che hanno danzato in cielo per ore, riempiendo di stupore quanti le hanno<br \/>\nosservate e fotografate anche dai cieli bellunesi. Personalmente, con mio figlio Simone, ci siamo recati a Passo Giaue da li, con una breve scarpinata alla luce della pila frontale, sul Col Piombin dove abbiamo assistito ad un fantastico show, immortalandolo nelle nostre fotocamere. Ma l&#8217;emozione pi\u00f9 grande \u00e8 stata la facile osservazione del fenomeno ad occhio nudo, complice un cielo davvero buioe limpido, con i colori violaceo e verde evidenti e la improvvisa comparsa di striature che si manifestavano per alcuni secondi prima di scomparire. Qualcosa da lasciare a bocca aperta. Ricordo che il fenomeno, piuttosto frequente nei paesi nordici, da noi \u00e8 molto raro ed \u00e8 ancora pi\u00f9 raro che avvenga per ben due volte in un arco temporale breve. Ma, a quanto pare, l&#8217;attuale ciclo solare \u00e8 deciso a far parlare di s\u00e9 e chiss\u00e0 che non riservi altre sorprese.<\/p>\n<p><a class=\"dt-pswp-item\" href=\"https:\/\/www.radiopiu.net\/wordpress\/wp-content\/uploads\/2024\/10\/994825d7-c8e5-46fc-9557-79ce2b48409d.jpg\" data-dt-img-description=\"\" data-large_image_width=\"1600\" data-large_image_height=\"900\"><img loading=\"lazy\" decoding=\"async\" class=\"alignnone size-medium wp-image-413757\" src=\"https:\/\/www.radiopiu.net\/wordpress\/wp-content\/uploads\/2024\/10\/994825d7-c8e5-46fc-9557-79ce2b48409d-300x169.jpg\" alt=\"\" width=\"300\" height=\"169\" srcset=\"https:\/\/www.radiopiu.net\/wordpress\/wp-content\/uploads\/2024\/10\/994825d7-c8e5-46fc-9557-79ce2b48409d-300x169.jpg 300w, https:\/\/www.radiopiu.net\/wordpress\/wp-content\/uploads\/2024\/10\/994825d7-c8e5-46fc-9557-79ce2b48409d-1024x576.jpg 1024w, https:\/\/www.radiopiu.net\/wordpress\/wp-content\/uploads\/2024\/10\/994825d7-c8e5-46fc-9557-79ce2b48409d-768x432.jpg 768w, https:\/\/www.radiopiu.net\/wordpress\/wp-content\/uploads\/2024\/10\/994825d7-c8e5-46fc-9557-79ce2b48409d-1536x864.jpg 1536w, https:\/\/www.radiopiu.net\/wordpress\/wp-content\/uploads\/2024\/10\/994825d7-c8e5-46fc-9557-79ce2b48409d.jpg 1600w\" sizes=\"auto, (max-width: 300px) 100vw, 300px\" \/><\/a><a class=\"dt-pswp-item\" href=\"https:\/\/www.radiopiu.net\/wordpress\/wp-content\/uploads\/2024\/10\/b5235c24-2c67-4fd2-815b-c377bf54b0de.jpg\" data-dt-img-description=\"\" data-large_image_width=\"1558\" data-large_image_height=\"876\"><img loading=\"lazy\" decoding=\"async\" class=\"alignnone size-medium wp-image-413758\" src=\"https:\/\/www.radiopiu.net\/wordpress\/wp-content\/uploads\/2024\/10\/b5235c24-2c67-4fd2-815b-c377bf54b0de-300x169.jpg\" alt=\"\" width=\"300\" height=\"169\" srcset=\"https:\/\/www.radiopiu.net\/wordpress\/wp-content\/uploads\/2024\/10\/b5235c24-2c67-4fd2-815b-c377bf54b0de-300x169.jpg 300w, https:\/\/www.radiopiu.net\/wordpress\/wp-content\/uploads\/2024\/10\/b5235c24-2c67-4fd2-815b-c377bf54b0de-1024x576.jpg 1024w, https:\/\/www.radiopiu.net\/wordpress\/wp-content\/uploads\/2024\/10\/b5235c24-2c67-4fd2-815b-c377bf54b0de-768x432.jpg 768w, https:\/\/www.radiopiu.net\/wordpress\/wp-content\/uploads\/2024\/10\/b5235c24-2c67-4fd2-815b-c377bf54b0de-1536x864.jpg 1536w, https:\/\/www.radiopiu.net\/wordpress\/wp-content\/uploads\/2024\/10\/b5235c24-2c67-4fd2-815b-c377bf54b0de.jpg 1558w\" sizes=\"auto, (max-width: 300px) 100vw, 300px\" \/><\/a><\/p>\n<p>&nbsp;<\/p>\n<p>L&#8217;AURORA BOREALE VISTA DA SIMONE PRA &#8220;figlio d&#8217;arte&#8221;&#8230; di Simone ce ne occupiamo anche in un altro articolo\u00a0 AL FESTIVAL FOTOGRAFICO DI VENEZIA ORGOGLIO BELLUNESE CON<strong> SIMONE PRA<\/strong><\/p>\n<p><a class=\"dt-pswp-item\" href=\"https:\/\/www.radiopiu.net\/wordpress\/wp-content\/uploads\/2024\/10\/b626ca99-30a8-47d2-87cb-b567faeab559.jpg\" data-dt-img-description=\"\" data-large_image_width=\"1080\" data-large_image_height=\"1342\"><img loading=\"lazy\" decoding=\"async\" class=\"size-medium wp-image-413819 aligncenter\" src=\"https:\/\/www.radiopiu.net\/wordpress\/wp-content\/uploads\/2024\/10\/b626ca99-30a8-47d2-87cb-b567faeab559-241x300.jpg\" alt=\"\" width=\"241\" height=\"300\" srcset=\"https:\/\/www.radiopiu.net\/wordpress\/wp-content\/uploads\/2024\/10\/b626ca99-30a8-47d2-87cb-b567faeab559-241x300.jpg 241w, https:\/\/www.radiopiu.net\/wordpress\/wp-content\/uploads\/2024\/10\/b626ca99-30a8-47d2-87cb-b567faeab559-824x1024.jpg 824w, https:\/\/www.radiopiu.net\/wordpress\/wp-content\/uploads\/2024\/10\/b626ca99-30a8-47d2-87cb-b567faeab559-768x954.jpg 768w, https:\/\/www.radiopiu.net\/wordpress\/wp-content\/uploads\/2024\/10\/b626ca99-30a8-47d2-87cb-b567faeab559.jpg 1080w\" sizes=\"auto, (max-width: 241px) 100vw, 241px\" \/><\/a><\/p>\n<p>&nbsp;<\/p>\n<p><strong>DAL COL DI FOGLIA ~Alessandro Deola<\/strong><br \/>\n<a class=\"dt-pswp-item\" href=\"https:\/\/www.radiopiu.net\/wordpress\/wp-content\/uploads\/2024\/10\/1af99780-1f0c-404b-b142-77543064f30d.jpg\" data-dt-img-description=\"\" data-large_image_width=\"1122\" data-large_image_height=\"739\"><img loading=\"lazy\" decoding=\"async\" class=\"size-medium wp-image-413826 aligncenter\" src=\"https:\/\/www.radiopiu.net\/wordpress\/wp-content\/uploads\/2024\/10\/1af99780-1f0c-404b-b142-77543064f30d-300x198.jpg\" alt=\"\" width=\"300\" height=\"198\" srcset=\"https:\/\/www.radiopiu.net\/wordpress\/wp-content\/uploads\/2024\/10\/1af99780-1f0c-404b-b142-77543064f30d-300x198.jpg 300w, https:\/\/www.radiopiu.net\/wordpress\/wp-content\/uploads\/2024\/10\/1af99780-1f0c-404b-b142-77543064f30d-1024x674.jpg 1024w, https:\/\/www.radiopiu.net\/wordpress\/wp-content\/uploads\/2024\/10\/1af99780-1f0c-404b-b142-77543064f30d-768x506.jpg 768w, https:\/\/www.radiopiu.net\/wordpress\/wp-content\/uploads\/2024\/10\/1af99780-1f0c-404b-b142-77543064f30d.jpg 1122w\" sizes=\"auto, (max-width: 300px) 100vw, 300px\" \/><\/a><\/p>\n<p>&nbsp;<\/p>\n<hr \/>\n<div dir=\"auto\"><\/div>\n<p><strong><a class=\"dt-pswp-item\" href=\"https:\/\/www.radiopiu.net\/wordpress\/wp-content\/uploads\/2024\/10\/Senza-nome-39.png\" data-dt-img-description=\"\" data-large_image_width=\"361\" data-large_image_height=\"252\"><img loading=\"lazy\" decoding=\"async\" class=\" wp-image-413679 alignleft\" src=\"https:\/\/www.radiopiu.net\/wordpress\/wp-content\/uploads\/2024\/10\/Senza-nome-39-300x209.png\" alt=\"\" width=\"220\" height=\"153\" srcset=\"https:\/\/www.radiopiu.net\/wordpress\/wp-content\/uploads\/2024\/10\/Senza-nome-39-300x209.png 300w, https:\/\/www.radiopiu.net\/wordpress\/wp-content\/uploads\/2024\/10\/Senza-nome-39.png 361w\" sizes=\"auto, (max-width: 220px) 100vw, 220px\" \/><\/a>OGGI ALLA RADIO&#8230;.<\/strong> <span style=\"color: #ff0000;\">ALLE 4 E ALLE 6<\/span> LE NOTIZIE DALL&#8217;ITALIA E DAL MONDO <span style=\"color: #ff0000;\"> 0500 <span style=\"color: #0000ff;\">l&#8217;almanacco della nostra gente con il MUSLA\u00a0<\/span><\/span><span style=\"color: #ff0000;\"> 6.15<\/span> PIROLE DE LENGA A CURA DEL MUSLA<span style=\"color: #ff0000;\"> 7.20<\/span> EL BAL DEL FIORI, DETTI E TRADIZIONI DI GIULIANA DA RONCH <span style=\"color: #ff0000;\">8.05<\/span> LA RASSEGNA STAMPA LOCALE<span style=\"color: #ff0000;\"> 8.30 <span style=\"color: #000000;\">PIU&#8217; SIAMO CON MARINA DONA&#8217;<\/span><span style=\"color: #000000;\">\u00a0\u00a0<\/span> 900 <span style=\"color: #0000ff;\">L&#8217;almanacco della nostra gente con il MUSLA\u00a0 <span style=\"color: #ff0000;\">\u00a0<\/span><\/span><\/span><span style=\"color: #ff0000;\"><span style=\"color: #000000;\"><span style=\"color: #ff0000;\">9.10<\/span> PREMIER LE NOVITA&#8217; IN MUSICA CON MARCO GAZ <span style=\"color: #ff0000;\">9.25 L<\/span>A METEO\u00a0 <span style=\"color: #ff0000;\">9.30 <span style=\"color: #000000;\">ANNI OTTANTA, LA MUSICA DI MONICA FONTANIVE <\/span><\/span><\/span><\/span><span style=\"color: #ff0000;\">9.40<\/span> VIABILITA&#8217; CON BOTOL CAR SERVICE (AGORDO-SEDICO-FELTRE) <span style=\"color: #ff0000;\">10.30<\/span>\u00a0 EVENTI D&#8217;AUTUNNO\u00a0 A CAVIOLA CON ALESSIO VALT E MONICA COSTA <span style=\"color: #0000ff;\">11 10<\/span> paola lanciato..emozione continua un secolo di radio piu&#8217; 41 di musica (foto)\u00a0 \u00a0<span style=\"color: #ff0000;\">11.40<\/span> FESTIVALBAR STORY DI ATHOS DJ DAVID BEN\u00a0 \u00a0 <span style=\"color: #ff0000;\">12.00<\/span> VA TUTTO LISCIO\u00a0 <span style=\"color: #ff0000;\">12.30<\/span> GIORNALE RADIO PRINCIPALE <span style=\"color: #ff0000;\">13.10<\/span>\u00a0 oktoberfest a rivamonte con giacomo bressan\u00a0 <span style=\"color: #ff0000;\">13.20<\/span> FOGLIE E CASTAGNE DI MARINA DONA&#8217; <span style=\"color: #ff0000;\">\u00a0<\/span><span style=\"color: #ff0000;\">14.00 <\/span><span style=\"color: #ff0000;\"><span style=\"color: #000000;\">MARTINA DE BIASIO (foto)\u00a0 A RADIO PIU&#8217;.. DOMANI L&#8217;APERTURA DEL NUOVO CENTRO ESTETICA A CENCENIGHE <\/span><span style=\"color: #ff0000;\">\u00a0<\/span><\/span><span style=\"color: #ff0000;\">15.00<\/span>\u00a0 WEEK END MARINA C&#8217;E&#8217;\u00a0 <span style=\"color: #ff0000;\">16 30 <span style=\"color: #000000;\">vk kinng of caroina circuito 3 vali di mattia valentini<\/span><\/span><span style=\"color: #000000;\">\u00a0<\/span>\u00a0<span style=\"color: #ff0000;\">16<\/span> IL ROCK DI MARCO COSTANTINI <span style=\"color: #ff0000;\">\u00a01645<\/span> LE HIT DI MIRCO BENCIVENNI <span style=\"color: #ff0000;\">18.00<\/span> PIU&#8217; DANCE LE SELEZIONI CHE FANNO SALTARE DI DJ JACK, JACOPO DEL TEDESCO <span style=\"color: #ff0000;\">18 10 i<\/span>l vino racconta con Diana Zerilli <span style=\"color: #ff0000;\">19.00 <span style=\"color: #000000;\">LE ANTICIPAZIONI DAL TG DI ANTENNA 3 DI TIZIANA BOLOGNANI\u00a0 <span style=\"color: #ff0000;\">19 30<\/span> SPECIALE EVENTI A CAVIOLA CON MONICA E ALESSIO<\/span><\/span><\/p>\n<p><strong>rassegna stampa nazionale,<\/strong> ogni giorno alle 5 e alle 6 del mattino<br \/>\ngiornali locali 7 rassegna stampa flash, 8 rassegna stampa, gr flash alle 10 e alle 11, principale 12.30. Informazione pomeriggio alle 15 (speciale) 16, 17, 18. Giornale radio nazionale: ogni ora dalle 5 del mattino, alle 20 della sera.<\/p>\n<p>&nbsp;<\/p>\n<p>&nbsp;<\/p>\n<hr \/>\n<p>&nbsp;<\/p>\n<p>&nbsp;<\/p>\n<div class=\"x11i5rnm xat24cr x1mh8g0r x1vvkbs xtlvy1s x126k92a\">\n<div dir=\"auto\">\n<div dir=\"auto\">\n<p><strong><a class=\"dt-pswp-item\" href=\"https:\/\/www.radiopiu.net\/wordpress\/wp-content\/uploads\/2024\/02\/2d44e751-d8a8-461b-8e22-d8e4e853b032.jpg\" data-dt-img-description=\"\" data-large_image_width=\"1600\" data-large_image_height=\"1200\"><img loading=\"lazy\" decoding=\"async\" class=\"wp-image-373307 alignleft\" src=\"https:\/\/www.radiopiu.net\/wordpress\/wp-content\/uploads\/2024\/02\/2d44e751-d8a8-461b-8e22-d8e4e853b032-300x225.jpg\" alt=\"\" width=\"105\" height=\"79\" srcset=\"https:\/\/www.radiopiu.net\/wordpress\/wp-content\/uploads\/2024\/02\/2d44e751-d8a8-461b-8e22-d8e4e853b032-300x225.jpg 300w, https:\/\/www.radiopiu.net\/wordpress\/wp-content\/uploads\/2024\/02\/2d44e751-d8a8-461b-8e22-d8e4e853b032-1024x768.jpg 1024w, https:\/\/www.radiopiu.net\/wordpress\/wp-content\/uploads\/2024\/02\/2d44e751-d8a8-461b-8e22-d8e4e853b032-768x576.jpg 768w, https:\/\/www.radiopiu.net\/wordpress\/wp-content\/uploads\/2024\/02\/2d44e751-d8a8-461b-8e22-d8e4e853b032-1536x1152.jpg 1536w, https:\/\/www.radiopiu.net\/wordpress\/wp-content\/uploads\/2024\/02\/2d44e751-d8a8-461b-8e22-d8e4e853b032.jpg 1600w\" sizes=\"auto, (max-width: 105px) 100vw, 105px\" \/><\/a>EL BAL DEL FIOR, DI GIULIANA DA RONCH, 11 OTTOBRE<\/strong><strong>\u00a02024<\/strong><\/p>\n<\/div>\n<\/div>\n<\/div>\n<div>\n<audio class=\"wp-audio-shortcode\" id=\"audio-413613-1\" preload=\"none\" style=\"width: 100%;\" controls=\"controls\"><source type=\"audio\/mpeg\" src=\"https:\/\/www.radiopiu.net\/wordpress\/wp-content\/uploads\/2024\/10\/GVE.mp3?_=1\" \/><a href=\"https:\/\/www.radiopiu.net\/wordpress\/wp-content\/uploads\/2024\/10\/GVE.mp3\">https:\/\/www.radiopiu.net\/wordpress\/wp-content\/uploads\/2024\/10\/GVE.mp3<\/a><\/audio>\n<\/div>\n<div><\/div>\n<hr \/>\n<p>&nbsp;<\/p>\n<div class=\"x11i5rnm xat24cr x1mh8g0r x1vvkbs xtlvy1s x126k92a\">\n<h1><span style=\"color: #ff0000;\"><a class=\"dt-pswp-item\" href=\"https:\/\/www.radiopiu.net\/wordpress\/wp-content\/uploads\/2024\/06\/th-5.jpg\" data-dt-img-description=\"\" data-large_image_width=\"326\" data-large_image_height=\"180\"><img loading=\"lazy\" decoding=\"async\" class=\"size-medium wp-image-395881 alignleft\" src=\"https:\/\/www.radiopiu.net\/wordpress\/wp-content\/uploads\/2024\/06\/th-5-300x166.jpg\" alt=\"\" width=\"300\" height=\"166\" srcset=\"https:\/\/www.radiopiu.net\/wordpress\/wp-content\/uploads\/2024\/06\/th-5-300x166.jpg 300w, https:\/\/www.radiopiu.net\/wordpress\/wp-content\/uploads\/2024\/06\/th-5.jpg 326w\" sizes=\"auto, (max-width: 300px) 100vw, 300px\" \/><\/a><\/span><\/h1>\n<h1><\/h1>\n<h1><\/h1>\n<h1><span style=\"color: #000000;\">11 OTTOBRE&#8230; alla radio l&#8217;almanacco\u00a0<\/span><\/h1>\n<audio class=\"wp-audio-shortcode\" id=\"audio-413613-2\" preload=\"none\" style=\"width: 100%;\" controls=\"controls\"><source type=\"audio\/mpeg\" src=\"https:\/\/www.radiopiu.net\/wordpress\/wp-content\/uploads\/2024\/10\/ALMANACCONEW-8.mp3?_=2\" \/><a href=\"https:\/\/www.radiopiu.net\/wordpress\/wp-content\/uploads\/2024\/10\/ALMANACCONEW-8.mp3\">https:\/\/www.radiopiu.net\/wordpress\/wp-content\/uploads\/2024\/10\/ALMANACCONEW-8.mp3<\/a><\/audio>\n<p>&nbsp;<\/p>\n<hr \/>\n<p>&nbsp;<\/p>\n<p>&nbsp;<\/p>\n<blockquote>\n<h1><strong><a class=\"dt-pswp-item\" href=\"https:\/\/www.radiopiu.net\/wordpress\/wp-content\/uploads\/2024\/09\/settembre-2024-calendario-it2.jpg\" data-dt-img-description=\"Optimized by JPEGmini 3.13.0.8 0x813388d2\" data-large_image_width=\"1325\" data-large_image_height=\"1004\"><img loading=\"lazy\" decoding=\"async\" class=\" wp-image-409701 alignleft\" src=\"https:\/\/www.radiopiu.net\/wordpress\/wp-content\/uploads\/2024\/09\/settembre-2024-calendario-it2-300x227.jpg\" alt=\"\" width=\"187\" height=\"142\" srcset=\"https:\/\/www.radiopiu.net\/wordpress\/wp-content\/uploads\/2024\/09\/settembre-2024-calendario-it2-300x227.jpg 300w, https:\/\/www.radiopiu.net\/wordpress\/wp-content\/uploads\/2024\/09\/settembre-2024-calendario-it2-1024x776.jpg 1024w, https:\/\/www.radiopiu.net\/wordpress\/wp-content\/uploads\/2024\/09\/settembre-2024-calendario-it2-768x582.jpg 768w, https:\/\/www.radiopiu.net\/wordpress\/wp-content\/uploads\/2024\/09\/settembre-2024-calendario-it2.jpg 1325w\" sizes=\"auto, (max-width: 187px) 100vw, 187px\" \/><\/a>N di parom &#8211; L Almanach de la nosta jent<\/strong><\/h1>\n<\/blockquote>\n<p>Le voci: Davide Conedera, Agordo, Michela Dell&#8217;Osbel, La Valle Agordina Simone Ganz, Falcade Veronica Lezuo, Colle Santa Lucia. La voce nella sigla \u00e8 di Giorgia Taio<\/p>\n<p><strong>LA PUNTATA DI OGGI, 11 OTTOBRE<\/strong><\/p>\n<\/div>\n<div class=\"x11i5rnm xat24cr x1mh8g0r x1vvkbs xtlvy1s x126k92a\">\n<div dir=\"auto\">\n<audio class=\"wp-audio-shortcode\" id=\"audio-413613-3\" preload=\"none\" style=\"width: 100%;\" controls=\"controls\"><source type=\"audio\/mpeg\" src=\"https:\/\/www.radiopiu.net\/wordpress\/wp-content\/uploads\/2024\/10\/11_otober_Veronica.mp3?_=3\" \/><a href=\"https:\/\/www.radiopiu.net\/wordpress\/wp-content\/uploads\/2024\/10\/11_otober_Veronica.mp3\">https:\/\/www.radiopiu.net\/wordpress\/wp-content\/uploads\/2024\/10\/11_otober_Veronica.mp3<\/a><\/audio>\n<p>&nbsp;<\/p>\n<hr \/>\n<\/div>\n<\/div>\n<blockquote>\n<blockquote>\n<h1><span style=\"color: #ff0000;\">\u00a0<\/span><\/h1>\n<h1><span style=\"color: #ff0000;\">I podcast informativi del mattino &#8211; audio &#8211;\u00a0\u00a0<\/span><\/h1>\n<\/blockquote>\n<p><strong><a class=\"dt-pswp-item\" href=\"https:\/\/www.radiopiu.net\/wordpress\/wp-content\/uploads\/2023\/11\/th-10.jpg\" data-dt-img-description=\"\" data-large_image_width=\"320\" data-large_image_height=\"180\"><img loading=\"lazy\" decoding=\"async\" class=\"wp-image-362866 alignleft\" src=\"https:\/\/www.radiopiu.net\/wordpress\/wp-content\/uploads\/2023\/11\/th-10-300x169.jpg\" alt=\"\" width=\"185\" height=\"104\" srcset=\"https:\/\/www.radiopiu.net\/wordpress\/wp-content\/uploads\/2023\/11\/th-10-300x169.jpg 300w, https:\/\/www.radiopiu.net\/wordpress\/wp-content\/uploads\/2023\/11\/th-10.jpg 320w\" sizes=\"auto, (max-width: 185px) 100vw, 185px\" \/><\/a>LA RASSEGNA STAMPA NAZIONALE ALLA RADIO, OGNI GIORNO ALLE 5 E ALLE 6 DEL MATTINO <span style=\"color: #0000ff;\">viene pubblicata alle 6.00 <span style=\"color: #ff0000;\">DIRETTA RADIO\u00a0 \u00a0\u00a0<\/span><\/span><\/strong><\/p><\/blockquote>\n<p>&nbsp;<\/p>\n<p><strong>NOTIZIE DELLA NOTTE<\/strong><\/p>\n<p><strong>Blinken<\/strong> condanna azioni &#8216;pericolose&#8217; di Pechino nel Mar Cinese <strong>Terremoto<\/strong> di magnitudo 3.1 in provincia di Campobasso<br \/>\n<strong>Borsa:<\/strong> Tokyo, apertura in rialzo (+0,48%) <strong>Bolivia,<\/strong> mandato d&#8217;arresto contro l&#8217;ex presidente Evo Morales <strong>Usa<\/strong>: turisti intrappolati in una miniera in Colorado, un morto <strong>Meloni<\/strong> ribadisce sostegno alla legittima difesa dell&#8217;Ucraina <strong>Nations League<\/strong>: Italia-Belgio 2-2<\/p>\n<h2>AUDIO dalle 6 del mattino<\/h2>\n<audio class=\"wp-audio-shortcode\" id=\"audio-413613-4\" preload=\"none\" style=\"width: 100%;\" controls=\"controls\"><source type=\"audio\/mpeg\" src=\"https:\/\/www.radiopiu.net\/wordpress\/wp-content\/uploads\/2024\/10\/GIORNALEDELLESEI-9.mp3?_=4\" \/><a href=\"https:\/\/www.radiopiu.net\/wordpress\/wp-content\/uploads\/2024\/10\/GIORNALEDELLESEI-9.mp3\">https:\/\/www.radiopiu.net\/wordpress\/wp-content\/uploads\/2024\/10\/GIORNALEDELLESEI-9.mp3<\/a><\/audio>\n<p>&nbsp;<\/p>\n<p>&nbsp;<\/p>\n<p>&nbsp;<\/p>\n<hr \/>\n<p>&nbsp;<\/p>\n<h1 style=\"text-align: center;\"><span style=\"color: #ff0000;\">I podcast informativi del mattino &#8211; audio &#8211;\u00a0<\/span><\/h1>\n<p><strong><a class=\"dt-pswp-item\" href=\"https:\/\/www.radiopiu.net\/wordpress\/wp-content\/uploads\/2023\/12\/images.png\" data-dt-img-description=\"\" data-large_image_width=\"316\" data-large_image_height=\"160\"><img loading=\"lazy\" decoding=\"async\" class=\"wp-image-367008 alignleft\" src=\"https:\/\/www.radiopiu.net\/wordpress\/wp-content\/uploads\/2023\/12\/images-300x152.png\" alt=\"\" width=\"235\" height=\"119\" srcset=\"https:\/\/www.radiopiu.net\/wordpress\/wp-content\/uploads\/2023\/12\/images-300x152.png 300w, https:\/\/www.radiopiu.net\/wordpress\/wp-content\/uploads\/2023\/12\/images.png 316w\" sizes=\"auto, (max-width: 235px) 100vw, 235px\" \/><\/a>OGNI GIORNO ALLE SETTE DEL MATTINO, LA RASSEGNA STAMPA LOCALE FLASH&#8230; PER CHI VA IN FRETTA. I TITOLI DAI GIORNALI E DAL SITO WWW.RADIOPIU.NET <span style=\"color: #0000ff;\">viene pubblicato alle 7.00<\/span> <span style=\"color: #ff0000;\">DIRETTA RADIO\u00a0<\/span><\/strong><\/p>\n<p><em><span style=\"color: #ff0000;\">per chi va in fretta&#8230; tante notizie in pochi minuti. L&#8217;informazione locale alla radio, ogni ora dalle 7 del mattino alle 19 della sera.<\/span><\/em><\/p>\n<h1>AUDIO dalle 7 del mattino<\/h1>\n<audio class=\"wp-audio-shortcode\" id=\"audio-413613-5\" preload=\"none\" style=\"width: 100%;\" controls=\"controls\"><source type=\"audio\/mpeg\" src=\"https:\/\/www.radiopiu.net\/wordpress\/wp-content\/uploads\/2024\/10\/GF07-9.mp3?_=5\" \/><a href=\"https:\/\/www.radiopiu.net\/wordpress\/wp-content\/uploads\/2024\/10\/GF07-9.mp3\">https:\/\/www.radiopiu.net\/wordpress\/wp-content\/uploads\/2024\/10\/GF07-9.mp3<\/a><\/audio>\n<p>&nbsp;<\/p>\n<p>&nbsp;<\/p>\n<p>&nbsp;<\/p>\n<hr \/>\n<p>&nbsp;<\/p>\n<h1><\/h1>\n<h1 style=\"text-align: center;\"><span style=\"color: #ff0000;\"><a class=\"dt-pswp-item\" href=\"https:\/\/www.radiopiu.net\/wordpress\/wp-content\/uploads\/2022\/01\/026c3f9d-dae9-4040-a3c1-a6530231bcc3.jpg\" data-dt-img-description=\"\" data-large_image_width=\"1152\" data-large_image_height=\"2048\"><img loading=\"lazy\" decoding=\"async\" class=\"wp-image-251839 alignleft\" src=\"https:\/\/www.radiopiu.net\/wordpress\/wp-content\/uploads\/2022\/01\/026c3f9d-dae9-4040-a3c1-a6530231bcc3-169x300.jpg\" alt=\"\" width=\"100\" height=\"177\" srcset=\"https:\/\/www.radiopiu.net\/wordpress\/wp-content\/uploads\/2022\/01\/026c3f9d-dae9-4040-a3c1-a6530231bcc3-169x300.jpg 169w, https:\/\/www.radiopiu.net\/wordpress\/wp-content\/uploads\/2022\/01\/026c3f9d-dae9-4040-a3c1-a6530231bcc3-576x1024.jpg 576w, https:\/\/www.radiopiu.net\/wordpress\/wp-content\/uploads\/2022\/01\/026c3f9d-dae9-4040-a3c1-a6530231bcc3-768x1365.jpg 768w, https:\/\/www.radiopiu.net\/wordpress\/wp-content\/uploads\/2022\/01\/026c3f9d-dae9-4040-a3c1-a6530231bcc3-864x1536.jpg 864w, https:\/\/www.radiopiu.net\/wordpress\/wp-content\/uploads\/2022\/01\/026c3f9d-dae9-4040-a3c1-a6530231bcc3.jpg 1152w\" sizes=\"auto, (max-width: 100px) 100vw, 100px\" \/><\/a>I podcast informativi del mattino &#8211; audio &#8211;\u00a0<\/span><\/h1>\n<blockquote><p><strong>GIORNALE RADIO NAZIONALE, EDIZIONE DELLE SETTE <span style=\"color: #0000ff;\">viene pubblicato alle 7.05 <span style=\"color: #ff0000;\">DIRETTA RADIO\u00a0<\/span><\/span><\/strong><\/p><\/blockquote>\n<p><strong>il giornale radionazionale e&#8217; in onda ogni ora, dalle sette del mattino alle venti della sera\u00a0 \u00a0<\/strong><strong>\u00a0<\/strong><\/p>\n<p><strong>Morta la ragazza di 12 anni<\/strong> investita da un treno a Padova <strong>Bici contro bus di turisti in Salento<\/strong>, muore 62enne norvegese E&#8217; accaduto ad Otranto su una strada provinciale<strong> A Piacenza Schiacciata da un autobus<\/strong> fuori da scuola, muore una 14enne Forse la ragazza stava correndo per raggiungere il mezzo\u00a0 <strong>Stupratore seriale a Roma,<\/strong> Simone Borgese va in carcere La Cassazione ha respinto l&#8217;istanza dei difensori dopo il Riesame<\/p>\n<p><strong>Quarto episodio in 10 giorni <\/strong>Problema in volo per un aereo Ryanair, torna a Brindisi <strong>Maltempo <\/strong>Piogge intense a Milano, esonda il Lambro. Scuole chiuse a Brescia e Bergamo <strong>Furono quattordici le vittime <\/strong>Funivia del Mottarone, il gup restituisce il fascicolo alla procura <strong>Pronti i centri per migranti in Albania,<\/strong> apertura entro una settimana Il sito di Gjader consegnato per i collaudi dopo lavori complessi <strong>Inchiesta ultr\u00e0<\/strong>: Zanetti davanti ai pm, salta l&#8217;interrogatorio di Fedez<\/p>\n<p><span style=\"color: #ff0000;\">EDIZIONE DELLE 20, DEL 10 OTTOBRE 2024<\/span><\/p>\n<audio class=\"wp-audio-shortcode\" id=\"audio-413613-6\" preload=\"none\" style=\"width: 100%;\" controls=\"controls\"><source type=\"audio\/mpeg\" src=\"https:\/\/www.radiopiu.net\/wordpress\/wp-content\/uploads\/2024\/10\/giornale07-18.mp3?_=6\" \/><a href=\"https:\/\/www.radiopiu.net\/wordpress\/wp-content\/uploads\/2024\/10\/giornale07-18.mp3\">https:\/\/www.radiopiu.net\/wordpress\/wp-content\/uploads\/2024\/10\/giornale07-18.mp3<\/a><\/audio>\n<p>&nbsp;<\/p>\n<p><span style=\"color: #ff0000;\">EDIZIONE DELLE 19, DEL 10 OTTOBRE 2024, LO SPORT<\/span><\/p>\n<audio class=\"wp-audio-shortcode\" id=\"audio-413613-7\" preload=\"none\" style=\"width: 100%;\" controls=\"controls\"><source type=\"audio\/mpeg\" src=\"https:\/\/www.radiopiu.net\/wordpress\/wp-content\/uploads\/2024\/10\/gr-sport-9.mp3?_=7\" \/><a href=\"https:\/\/www.radiopiu.net\/wordpress\/wp-content\/uploads\/2024\/10\/gr-sport-9.mp3\">https:\/\/www.radiopiu.net\/wordpress\/wp-content\/uploads\/2024\/10\/gr-sport-9.mp3<\/a><\/audio>\n<h2><\/h2>\n<h2>AUDIO dalle sette del mattino, ogni ora alla radio<\/h2>\n<audio class=\"wp-audio-shortcode\" id=\"audio-413613-8\" preload=\"none\" style=\"width: 100%;\" controls=\"controls\"><source type=\"audio\/mpeg\" src=\"https:\/\/www.radiopiu.net\/wordpress\/wp-content\/uploads\/2024\/10\/giornale07-19.mp3?_=8\" \/><a href=\"https:\/\/www.radiopiu.net\/wordpress\/wp-content\/uploads\/2024\/10\/giornale07-19.mp3\">https:\/\/www.radiopiu.net\/wordpress\/wp-content\/uploads\/2024\/10\/giornale07-19.mp3<\/a><\/audio>\n<p>&nbsp;<\/p>\n<hr \/>\n<p>&nbsp;<\/p>\n<p>&nbsp;<\/p>\n<h1><span style=\"color: #ff0000;\">I podcast informativi del mattino &#8211; video &#8211;\u00a0<\/span><\/h1>\n<h2 style=\"text-align: left;\"><strong>RASSEGNA STAMPA LOCALE, ORE OTTO 05<\/strong><\/h2>\n<h2><strong> <span style=\"color: #0000ff;\">viene\u00a0 <\/span><\/strong><strong><span style=\"color: #0000ff;\">pubblicata alle 8.05 <span style=\"color: #ff0000;\">DIRETTA RADIO\u00a0 \u00a0<\/span><\/span><\/strong><strong>DI MIRKO MEZZACASA<\/strong><\/h2>\n<h2><span style=\"color: #ff0000;\"><strong>VIDEO\u00a0 \u00a0in diretta dalle 8 del mattino\u00a0 \u00a0\u00a0<\/strong><\/span><\/h2>\n<p>https:\/\/www.facebook.com\/radiopiu\/videos\/1579548892647843<\/p>\n<p><a class=\"dt-pswp-item\" href=\"https:\/\/www.radiopiu.net\/wordpress\/wp-content\/uploads\/2024\/10\/Senza-nome-41.png\" data-dt-img-description=\"\" data-large_image_width=\"343\" data-large_image_height=\"253\"><img loading=\"lazy\" decoding=\"async\" class=\"alignnone size-medium wp-image-413816\" src=\"https:\/\/www.radiopiu.net\/wordpress\/wp-content\/uploads\/2024\/10\/Senza-nome-41-300x221.png\" alt=\"\" width=\"300\" height=\"221\" srcset=\"https:\/\/www.radiopiu.net\/wordpress\/wp-content\/uploads\/2024\/10\/Senza-nome-41-300x221.png 300w, https:\/\/www.radiopiu.net\/wordpress\/wp-content\/uploads\/2024\/10\/Senza-nome-41.png 343w\" sizes=\"auto, (max-width: 300px) 100vw, 300px\" \/><\/a><a class=\"dt-pswp-item\" href=\"https:\/\/www.radiopiu.net\/wordpress\/wp-content\/uploads\/2024\/10\/coper-1.png\" data-dt-img-description=\"\" data-large_image_width=\"539\" data-large_image_height=\"295\"><img loading=\"lazy\" decoding=\"async\" class=\"alignnone size-medium wp-image-413815\" src=\"https:\/\/www.radiopiu.net\/wordpress\/wp-content\/uploads\/2024\/10\/coper-1-300x164.png\" alt=\"\" width=\"300\" height=\"164\" srcset=\"https:\/\/www.radiopiu.net\/wordpress\/wp-content\/uploads\/2024\/10\/coper-1-300x164.png 300w, https:\/\/www.radiopiu.net\/wordpress\/wp-content\/uploads\/2024\/10\/coper-1.png 539w\" sizes=\"auto, (max-width: 300px) 100vw, 300px\" \/><\/a><img loading=\"lazy\" decoding=\"async\" class=\"alignnone size-medium wp-image-413817\" src=\"https:\/\/www.radiopiu.net\/wordpress\/wp-content\/uploads\/2024\/10\/Senza-nome-42-300x116.png\" alt=\"\" width=\"300\" height=\"116\" srcset=\"https:\/\/www.radiopiu.net\/wordpress\/wp-content\/uploads\/2024\/10\/Senza-nome-42-300x116.png 300w, https:\/\/www.radiopiu.net\/wordpress\/wp-content\/uploads\/2024\/10\/Senza-nome-42.png 438w\" sizes=\"auto, (max-width: 300px) 100vw, 300px\" \/><\/p>\n<p>&nbsp;<\/p>\n<hr \/>\n<p>&nbsp;<\/p>\n<p>&nbsp;<\/p>\n<p><strong><a class=\"dt-pswp-item\" href=\"https:\/\/www.radiopiu.net\/wordpress\/wp-content\/uploads\/2023\/12\/ANTENNA.png\" data-dt-img-description=\"\" data-large_image_width=\"300\" data-large_image_height=\"166\"><img loading=\"lazy\" decoding=\"async\" class=\" wp-image-366306 alignleft\" src=\"https:\/\/www.radiopiu.net\/wordpress\/wp-content\/uploads\/2023\/12\/ANTENNA.png\" alt=\"\" width=\"175\" height=\"97\" \/><\/a>ogni sera alle 19 le anticipazioni alla radio, quello che poi seguirete nel TELEGIORNALE BELLUNESE\u00a0 in onda alle 19.30 sul CANALE 10 del digitale terrestre.\u00a0\u00a0<\/strong><\/p>\n<p>&nbsp;<\/p>\n<p>IERI SERA LE ANTICIPAZIONI DI FABIO FIORAVANZI<\/p>\n<p>&nbsp;<\/p>\n<audio class=\"wp-audio-shortcode\" id=\"audio-413613-9\" preload=\"none\" style=\"width: 100%;\" controls=\"controls\"><source type=\"audio\/mpeg\" src=\"https:\/\/www.radiopiu.net\/wordpress\/wp-content\/uploads\/2024\/10\/ANTENNA3-7.mp3?_=9\" \/><a href=\"https:\/\/www.radiopiu.net\/wordpress\/wp-content\/uploads\/2024\/10\/ANTENNA3-7.mp3\">https:\/\/www.radiopiu.net\/wordpress\/wp-content\/uploads\/2024\/10\/ANTENNA3-7.mp3<\/a><\/audio>\n<p>&nbsp;<\/p>\n<p>&nbsp;<\/p>\n<h1 class=\"_title post-title entry-title\"><a class=\"dt-pswp-item\" href=\"https:\/\/www.radiopiu.net\/wordpress\/wp-content\/uploads\/2023\/12\/ANTENNA.png\" data-dt-img-description=\"\" data-large_image_width=\"300\" data-large_image_height=\"166\"><img loading=\"lazy\" decoding=\"async\" class=\"wp-image-366306 alignleft\" src=\"https:\/\/www.radiopiu.net\/wordpress\/wp-content\/uploads\/2023\/12\/ANTENNA.png\" alt=\"\" width=\"175\" height=\"97\" \/><\/a>ANCORA MALTEMPO IN MONTAGNA. A SETTEVILLE SCATTA LA CONTA DEI DANNI<\/h1>\n<p>Intervistati ROBERTO PADRIN (PRESIDENTE PROVINCIA BELLUNO) (Servizio di\u00a0<a href=\"https:\/\/antennatre.medianordest.it\/redazione\/Fabio-Fioravanzi\/\">Fabio Fioravanzi<\/a>)<\/p>\n<p><iframe loading=\"lazy\" title=\"ANCORA MALTEMPO IN MONTAGNA. A SETTEVILLE SCATTA LA CONTA DEI DANNI | 10\/10\/2024\" width=\"1200\" height=\"675\" src=\"https:\/\/www.youtube.com\/embed\/oDfuUE-3M5w?feature=oembed\" frameborder=\"0\" allow=\"accelerometer; autoplay; clipboard-write; encrypted-media; gyroscope; picture-in-picture; web-share\" referrerpolicy=\"strict-origin-when-cross-origin\" allowfullscreen><\/iframe><\/p>\n<p>&nbsp;<\/p>\n<hr \/>\n<p><strong>\u00a0<\/strong><\/p>\n<blockquote>\n<h2><strong>DA LUNEDI CODE A BRUGNACH\u00a0<\/strong><\/h2>\n<\/blockquote>\n<p><strong>AGORDO<\/strong> La Meic costruzioni di Gela da lunedi lavorer\u00e0 lungo la 347 del Duran e Cereda in localit\u00e0 Brugnach (zona industriale) per la posa delle condotte del gas metano. Da lunedi al 6 dicembre senso unico alternato regolato da semaforo<\/p>\n<p>&nbsp;<\/p>\n<hr \/>\n<p>&nbsp;<\/p>\n<blockquote>\n<h2>comunicazione Cai Sezione Agordina<\/h2>\n<\/blockquote>\n<p><strong>AGORDO<\/strong> La Presidenza informa che la chiusura della Sede Sociale di Piazzale Marconi si protrarr\u00e0 anche per\u00a0tutto il mese di ottobre\u00a0e\u00a0fino a data da destinarsi a causa dei lavori alla sede municipale. Per urgenze, informazioni e tesseramento 339\/6218040 &#8211; Presidente Dario Dell&#8217;Osbel.<\/p>\n<p>&nbsp;<\/p>\n<hr \/>\n<p>&nbsp;<\/p>\n<blockquote>\n<h3>ACQUA\u00a0 POTABILE A SELVA DI CADORE<\/h3>\n<\/blockquote>\n<p><strong>SELVA DI CADORE<\/strong> nelle localit\u00e0 L\u2019Andria e All\u2019Agnol l&#8217;acqua erogata dall&#8217;acquedotto\u00a0 \u00e8 ora\u00a0 potabile e pu\u00f2 essere usata per scopi alimentari.<\/p>\n<p>&nbsp;<\/p>\n<hr \/>\n<p>&nbsp;<\/p>\n<blockquote>\n<h2>Contributi record per le fusioni dei Comuni in Veneto<\/h2>\n<\/blockquote>\n<div class=\"group\/conversation-turn relative flex w-full min-w-0 flex-col agent-turn\">\n<div class=\"flex-col gap-1 md:gap-3\">\n<div class=\"flex max-w-full flex-col flex-grow\">\n<div class=\"min-h-8 text-message flex w-full flex-col items-end gap-2 whitespace-normal break-words [.text-message+&amp;]:mt-5\" dir=\"auto\" data-message-author-role=\"assistant\" data-message-id=\"fea11821-5ef5-4e49-9797-85361c2c3012\" data-message-model-slug=\"gpt-4o\">\n<div class=\"flex w-full flex-col gap-1 empty:hidden first:pt-[3px]\">\n<div class=\"markdown prose w-full break-words dark:prose-invert dark\">\n<p><strong><img loading=\"lazy\" decoding=\"async\" class=\"alignleft\" src=\"https:\/\/www.radiopiu.net\/wordpress\/wp-content\/uploads\/2021\/03\/THINK-THANK-NORD-EST.png\" width=\"102\" height=\"88\" \/>VENEZIA<\/strong> Nel 2024, i Comuni veneti riceveranno oltre 13 milioni di euro per fusioni, cifra record secondo la Fondazione Think Tank Nord Est. Tra i beneficiari, Setteville, Sovizzo e Santa Caterina d\u2019Este accedono per la prima volta ai fondi. Cinque Comuni bellunesi, inclusi Borgo Valbelluna e Longarone, riceveranno contributi significativi, mentre la provincia di Vicenza ottiene sei finanziamenti. Il presidente Ferrarelli sottolinea l&#8217;importanza delle fusioni per migliorare la gestione territoriale e superare l&#8217;eccessiva frammentazione amministrativa, con l&#8217;aiuto di contributi statali e regionali.<\/p>\n<\/div>\n<\/div>\n<\/div>\n<\/div>\n<\/div>\n<\/div>\n<p><em>Bellunese premiati cinque Comuni: Borgo Valbelluna con 2 milioni di euro, Alpago e Longarone con 1,2 milioni, Setteville con oltre un milione e Val di Zoldo con 726.000 euro\u00a0<\/em><\/p>\n<p>&nbsp;<\/p>\n<hr \/>\n<p>&nbsp;<\/p>\n<blockquote><p><strong><a class=\"dt-pswp-item\" href=\"https:\/\/www.radiopiu.net\/wordpress\/wp-content\/uploads\/2021\/07\/image-2.jpg\" data-dt-img-description=\"\" data-large_image_width=\"960\" data-large_image_height=\"540\"><img loading=\"lazy\" decoding=\"async\" class=\"size-medium wp-image-224354 alignleft\" src=\"https:\/\/www.radiopiu.net\/wordpress\/wp-content\/uploads\/2021\/07\/image-2-300x169.jpg\" alt=\"\" width=\"300\" height=\"169\" srcset=\"https:\/\/www.radiopiu.net\/wordpress\/wp-content\/uploads\/2021\/07\/image-2-300x169.jpg 300w, https:\/\/www.radiopiu.net\/wordpress\/wp-content\/uploads\/2021\/07\/image-2-768x432.jpg 768w, https:\/\/www.radiopiu.net\/wordpress\/wp-content\/uploads\/2021\/07\/image-2.jpg 960w\" sizes=\"auto, (max-width: 300px) 100vw, 300px\" \/><\/a>Aggressioni nel carcere: agenti sotto attacco<\/strong><\/p><\/blockquote>\n<p><strong>BELLUNO<\/strong> Nel carcere di Baldenich, alcuni agenti sono stati aggrediti verbalmente e fisicamente da un detenuto con problemi di adattamento. Uno degli agenti ha riportato contusioni ed \u00e8 stato costretto a cercare cure all&#8217;ospedale San Martino di Belluno, con una prognosi di guarigione di alcuni giorni. Leonardo Angiulli, segretario del sindacato della Polizia Penitenziaria del Triveneto, denuncia l\u2019aumento delle aggressioni nei confronti del personale. La situazione \u00e8 diventata insostenibile, e il sindacato chiede un intervento urgente da parte del governo per garantire la sicurezza degli agenti. In un altro episodio, un detenuto ha colpito un agente con un oggetto contundente, portandolo al pronto soccorso<\/p>\n<div class=\"mb-2 flex gap-3 empty:hidden -ml-2\">\n<div class=\"items-center justify-start rounded-xl p-1 flex\">\n<div class=\"flex items-center\">\n<div class=\"flex items-center pb-0\"><\/div>\n<\/div>\n<\/div>\n<\/div>\n<p>&nbsp;<\/p>\n<hr \/>\n<p>&nbsp;<\/p>\n<p><strong>LA GIUDIZIARIA OGGI<\/strong><br \/>\n<strong>CORRIERE DELLE ALPI_GIGI SOSSO<\/strong><\/p>\n<blockquote><p><strong>Accesso abusivo al sistema sanitario: anestesista a processo<\/strong><\/p><\/blockquote>\n<p><strong>AGORDO <\/strong>Il medico D P, anestesista all&#8217;ospedale di Agordo, \u00e8 accusato di accesso abusivo al sistema informatico dell&#8217;Ulss 1 Dolomiti per aver visionato illegalmente il fascicolo dell&#8217;ex fidanzata in quattro occasioni. Durante il processo, lo psichiatra Alberto Cestaro ha testimoniato che P agiva in un periodo di difficolt\u00e0 personale. La vicenda, legata anche a precedenti atti persecutori, ha gi\u00e0 portato a una condanna di un anno. L&#8217;azienda sanitaria ha avviato un procedimento disciplinare, concluso con la sospensione\u00a0 del medico per sei mesi, Di nuovo in aula il 19 dicembre per la prosecuzione del processo.<\/p>\n<div class=\"mb-2 flex gap-3 empty:hidden -ml-2\">\n<div class=\"items-center justify-start rounded-xl p-1 flex\">\n<div class=\"flex items-center\">\n<div class=\"flex items-center pb-0\"><\/div>\n<\/div>\n<\/div>\n<\/div>\n<div class=\"group\/conversation-turn relative flex w-full min-w-0 flex-col agent-turn\">\n<div class=\"flex-col gap-1 md:gap-3\">\n<div class=\"flex max-w-full flex-col flex-grow\">\n<div class=\"min-h-8 text-message flex w-full flex-col items-end gap-2 whitespace-normal break-words [.text-message+&amp;]:mt-5\" dir=\"auto\" data-message-author-role=\"assistant\" data-message-id=\"88c4c3af-2f37-4819-b703-846b65e1aa6e\" data-message-model-slug=\"gpt-4o\">\n<div class=\"flex w-full flex-col gap-1 empty:hidden first:pt-[3px]\">\n<div class=\"markdown prose w-full break-words dark:prose-invert dark\">\n<blockquote><p><strong>Truffa sulla vendita di mobili: rinvio al 12 novembre<\/strong><\/p><\/blockquote>\n<p>S C ed E G S sono accusati di truffa per aver raggirato una venditrice di mobili. Nonostante la richiesta di archiviazione, il giudice Paolo Velo ha rinviato l&#8217;udienza. Le vittime hanno perso 756 euro, versati su carte intestate agli imputati.<\/p>\n<\/div>\n<\/div>\n<\/div>\n<\/div>\n<\/div>\n<\/div>\n<div class=\"flex-shrink-0 flex flex-col relative items-end\">\n<div>\n<div class=\"pt-0\">\n<div class=\"gizmo-bot-avatar flex h-8 w-8 items-center justify-center overflow-hidden rounded-full\">\n<div class=\"relative p-1 rounded-sm flex items-center justify-center bg-token-main-surface-primary text-token-text-primary h-8 w-8\"><\/div>\n<\/div>\n<\/div>\n<\/div>\n<\/div>\n<div class=\"group\/conversation-turn relative flex w-full min-w-0 flex-col agent-turn\">\n<div class=\"flex-col gap-1 md:gap-3\">\n<div class=\"flex max-w-full flex-col flex-grow\">\n<div class=\"min-h-8 text-message flex w-full flex-col items-end gap-2 whitespace-normal break-words [.text-message+&amp;]:mt-5\" dir=\"auto\" data-message-author-role=\"assistant\" data-message-id=\"0066e6ef-6864-4728-89c4-3363286e9019\" data-message-model-slug=\"gpt-4o\">\n<div class=\"flex w-full flex-col gap-1 empty:hidden first:pt-[3px]\">\n<div class=\"markdown prose w-full break-words dark:prose-invert dark\">\n<blockquote><p><strong>Fidanzato accusato di omissione di soccorso: decisione imminente<\/strong><\/p><\/blockquote>\n<p><strong>BELLUNO<\/strong> Un presunto triangolo amoroso ha portato a un&#8217;inchiesta per omissione di soccorso. Il giudice Enrica Marson si riserva la decisione, dopo l&#8217;opposizione della donna alla richiesta di archiviazione. L&#8217;indagato, difeso dall&#8217;avvocato Eugenio Ponti, potrebbe affrontare nuove indagini o il proscioglimento.<\/p>\n<\/div>\n<\/div>\n<\/div>\n<\/div>\n<\/div>\n<\/div>\n<blockquote><p><strong>inviato a giudizio per stalking: nuovo processo in arrivo<\/strong><\/p><\/blockquote>\n<p><strong>BELLUNO<\/strong> L&#8217;89enne L.O., gi\u00e0 condannato per stalking verso una famiglia di vicini, \u00e8 stato rinviato a giudizio per lo stesso reato. Il processo inizier\u00e0 il 30 gennaio. La famiglia feltrina chieder\u00e0 danni per insulti, minacce e gesti offensivi che l&#8217;uomo avrebbe ripetutamente rivolto loro.<\/p>\n<div class=\"flex-shrink-0 flex flex-col relative items-end\">\n<div>\n<div class=\"pt-0\">\n<div class=\"gizmo-bot-avatar flex h-8 w-8 items-center justify-center overflow-hidden rounded-full\">\n<div class=\"relative p-1 rounded-sm flex items-center justify-center bg-token-main-surface-primary text-token-text-primary h-8 w-8\"><\/div>\n<\/div>\n<\/div>\n<\/div>\n<\/div>\n<div class=\"group\/conversation-turn relative flex w-full min-w-0 flex-col agent-turn\">\n<div class=\"flex-col gap-1 md:gap-3\">\n<div class=\"flex max-w-full flex-col flex-grow\">\n<div class=\"min-h-8 text-message flex w-full flex-col items-end gap-2 whitespace-normal break-words [.text-message+&amp;]:mt-5\" dir=\"auto\" data-message-author-role=\"assistant\" data-message-id=\"da0f708b-4db4-42a8-9039-b005b2eb1ca9\" data-message-model-slug=\"gpt-4o\">\n<div class=\"flex w-full flex-col gap-1 empty:hidden first:pt-[3px]\">\n<div class=\"markdown prose w-full break-words dark:prose-invert dark\">\n<blockquote><p><strong>Accusato di minacce e lesioni: processo a gennaio<\/strong><\/p><\/blockquote>\n<p><strong>FELTRE<\/strong> A.S. \u00e8 accusato di aver colpito una donna malata di sclerosi multipla durante un viaggio in auto, causandole lesioni. La vittima sostiene che l&#8217;uomo l&#8217;ha minacciata e aggredita senza motivo. La difesa nega le accuse. Il processo si terr\u00e0 a gennaio davanti al giudice di pace.<\/p>\n<p>&nbsp;<\/p>\n<\/div>\n<\/div>\n<\/div>\n<\/div>\n<\/div>\n<\/div>\n<div class=\"flex max-w-full flex-col flex-grow\">\n<div class=\"min-h-8 text-message flex w-full flex-col items-end gap-2 whitespace-normal break-words [.text-message+&amp;]:mt-5\" dir=\"auto\" data-message-author-role=\"assistant\" data-message-id=\"d7c4fa88-d900-441d-9e87-313952cbfc0e\" data-message-model-slug=\"gpt-4o\">\n<div class=\"flex w-full flex-col gap-1 empty:hidden first:pt-[3px]\">\n<div class=\"markdown prose w-full break-words dark:prose-invert dark\">\n<blockquote><p><strong>Assolto dopo cinque anni: nessun risarcimento<\/strong><\/p><\/blockquote>\n<\/div>\n<\/div>\n<\/div>\n<\/div>\n<div class=\"mb-2 flex gap-3 empty:hidden -ml-2\">\n<div class=\"items-center justify-start rounded-xl p-1 flex\">\n<div class=\"flex items-center\">\n<div class=\"flex\"><strong>LIMANA<\/strong> opo oltre cinque anni, L.D.B. \u00e8 stato assolto per insufficienza di prove dall&#8217;accusa di lesioni. L&#8217;incidente, avvenuto nel luglio 2019, avrebbe causato uno stiramento muscolare con 13 giorni di prognosi. Nessun risarcimento sar\u00e0 dovuto, nonostante la richiesta di 5 mila euro.<\/div>\n<div class=\"flex items-center pb-0\"><\/div>\n<\/div>\n<\/div>\n<\/div>\n<p>&nbsp;<\/p>\n<hr \/>\n<p>&nbsp;<\/p>\n<blockquote>\n<h3>UFFICIALIZZATE LE FERIE NATALIZIE PER LO STABILIMENTO ESSILLORLUXOTTICA DI AGORDO<\/h3>\n<\/blockquote>\n<p><strong><a class=\"dt-pswp-item\" href=\"https:\/\/www.radiopiu.net\/wordpress\/wp-content\/uploads\/2024\/07\/LUXOTTICA-3.jpg\" data-dt-img-description=\"\" data-large_image_width=\"2048\" data-large_image_height=\"1536\"><img loading=\"lazy\" decoding=\"async\" class=\" wp-image-399796 alignleft\" src=\"https:\/\/www.radiopiu.net\/wordpress\/wp-content\/uploads\/2024\/07\/LUXOTTICA-3-300x225.jpg\" alt=\"\" width=\"173\" height=\"130\" srcset=\"https:\/\/www.radiopiu.net\/wordpress\/wp-content\/uploads\/2024\/07\/LUXOTTICA-3-300x225.jpg 300w, https:\/\/www.radiopiu.net\/wordpress\/wp-content\/uploads\/2024\/07\/LUXOTTICA-3-1024x768.jpg 1024w, https:\/\/www.radiopiu.net\/wordpress\/wp-content\/uploads\/2024\/07\/LUXOTTICA-3-768x576.jpg 768w, https:\/\/www.radiopiu.net\/wordpress\/wp-content\/uploads\/2024\/07\/LUXOTTICA-3-1536x1152.jpg 1536w, https:\/\/www.radiopiu.net\/wordpress\/wp-content\/uploads\/2024\/07\/LUXOTTICA-3.jpg 2048w\" sizes=\"auto, (max-width: 173px) 100vw, 173px\" \/><\/a>AGORDO<\/strong> La dirigenza dello stabilimento di Agordo di EssilorLuxottica e le RSU hanno concordato le ferie di Natale per le maestranze del gruppo. I reparti produttivi e gli uffici rimarranno chiusi per due settimane. L&#8217;ultimo giorno di lavoro del 2024 sar\u00e0 il 21 dicembre mentre il rientro al lavoro sar\u00e0 il 7 gennaio. 15 giorni di riposo che verranno coperti con i vari istituti in base al reparto o ufficio di appartenenza. Per quanto riguarda l&#8217;area metallo (area grezzo, trattamenti superficiali, taglio lenti e magazzino) verranno utilizzati 4 giorni di ferie collettive e 3 giorni di flessibilit\u00e0 negativa. Per finitura, confezionamento e ricambi sempre 4 giorni di ferie, ma per coprire le restati 3 giornate sar\u00e0 istituita una giornata di flessibilit\u00e0 negativa e una giornata verr\u00e0 coperta con gli istituti individuali (FIT, ferie arretrate, permessi o banca ore). L&#8217;area iniettato invece usufruir\u00e0 di 4 giornate di ferie e 3 giornate di istituti personali, stessa cosa per gli uffici. Ben 15 giorni a casa per tutto lo stabilimento, di lavoro se ne riparler\u00e0 dopo l&#8217;Epifania.<\/p>\n<p>&nbsp;<\/p>\n<p>&nbsp;<\/p>\n<p>&nbsp;<\/p>\n<hr \/>\n<p>&nbsp;<\/p>\n<p>&nbsp;<\/p>\n<blockquote>\n<h2>SINGOLARE PROTESTA IN LUXOTTICA A SEDICO PER LA MANCANZA DI PARCHEGGI<\/h2>\n<\/blockquote>\n<p><img loading=\"lazy\" decoding=\"async\" class=\"alignleft\" src=\"https:\/\/www.radiopiu.net\/wordpress\/wp-content\/uploads\/2023\/01\/188cb7ac-6741-458b-9a51-67c473d3cc17.jpg\" width=\"277\" height=\"208\" \/><strong>REDAZIONE<\/strong> Anche Valentina ci ha scritto per aggiornarci sulla situazione\u00a0 &#8220;parcheggi&#8221;. Ci racconta che il capo delle risorse umane degli stabilimenti di Sedico ha illustrato le varie soluzioni che\u00a0 Luxottica sta mettendo in campo per risolvere i problemi riguardanti i parcheggi, tema caro anche alla dirigenza <em>&#8220;Luxottica si dimostra attenta ai problemi dei propri dipendenti&#8221;<\/em> conclude Valentina che al contempo lancia una frecciatian ai sindacalisti\u00a0 <em>&#8220;sarebbe bello che anche loro,\u00a0 che sono prima di tutto operai come noi, partecipassero a queste iniziative&#8221;.\u00a0<\/em>Ma quali sono le iniziative a cui fa riferimento Valentina? <em>&#8220;Siamo entrati in ritardo anche oggi come ieri\u00a0 perch\u00e9 la gran parte degli operai \u00e8 stufo di dover partire da casa ore prima per potersi garantire un parcheggio,\u00a0 \u00e8 un disagio per chi abita vicino ma soprattutto per chi viene da lontano che \u00e8 costretto ogni giorno a partire sempre prima&#8221;.<\/em><\/p>\n<p>&nbsp;<\/p>\n<div class=\"moz-text-html\" lang=\"x-unicode\">\n<div class=\"gmail_quote\">\n<blockquote class=\"gmail_quote\">\n<div class=\"gmail_quote\">\n<blockquote class=\"gmail_quote\">\n<div dir=\"auto\">\n<div dir=\"auto\">\n<p><em>&#8220;A noi fa piacere che Luxottica si stia ingrandendo in tutto e per tutto,\u00a0 ma come si ingrandisce l&#8217;azienda e aumentano gli operai, di conseguenza devono aumentare i parcheggi o comunque si devono trovare delle soluzioni. Io ero la prima (inizio turno ore 14) ad essere alle 13 al parcheggio principale di Luxottica per parcheggiare.. nonostante fossi l\u00ec alle 13 spesso ho parcheggiato alle 13:47\/48, finch\u00e9 mi sono rotta di buttare un&#8217;ora della mia vita per un parcheggio. Adesso parto un po&#8217; pi\u00f9 tardi (13:20 orario pi\u00f9 che ragionevole per una persona che deve farsi 7 km in macchina per arrivare in Luxottica) e trovare parcheggio che sia al palazzetto o ai campetti da tennis (in cui spesso ci si prende multe) \u00e8 comunque difficoltoso perch\u00e9 sempre pieni. Siamo semplicemente stufi di questa situazione\u00a0 Non si pu\u00f2 venire a lavorare con l ansia del &#8220;dove parcheggio, se parcheggio&#8221; , gi\u00e0 per molti \u00e8bstressante il lavoro dentro la fabbrica 8 ore, figuriamoci se ci aggiungiamo l ansia del non riuscire a entrare giusti perch\u00e9 non c&#8217;\u00e8 parcheggio e dover fare gara a chi arriva primo.\u00a0 <\/em><\/p>\n<p>&nbsp;<\/p>\n<\/div>\n<\/div>\n<\/blockquote>\n<\/div>\n<\/blockquote>\n<\/div>\n<\/div>\n<p>&nbsp;<\/p>\n<hr \/>\n<p>&nbsp;<\/p>\n<blockquote>\n<h2>DOLOMITIBUS, LA GRANDE DELUSIONE ANCHE PER IL NUOVO SINDACO NAGLER &#8220;QUI DOBBIAMO ARRANGIARCI&#8221;<\/h2>\n<\/blockquote>\n<p><strong>LIVINALLONGO<\/strong><\/p>\n<p>&nbsp;<\/p>\n<p><strong><a class=\"dt-pswp-item\" href=\"https:\/\/www.radiopiu.net\/wordpress\/wp-content\/uploads\/2024\/05\/CS_Dolomitibus.png\" data-dt-img-description=\"\" data-large_image_width=\"1920\" data-large_image_height=\"807\"><img loading=\"lazy\" decoding=\"async\" class=\" wp-image-389043 alignleft\" src=\"https:\/\/www.radiopiu.net\/wordpress\/wp-content\/uploads\/2024\/05\/CS_Dolomitibus-300x126.png\" alt=\"\" width=\"217\" height=\"91\" srcset=\"https:\/\/www.radiopiu.net\/wordpress\/wp-content\/uploads\/2024\/05\/CS_Dolomitibus-300x126.png 300w, https:\/\/www.radiopiu.net\/wordpress\/wp-content\/uploads\/2024\/05\/CS_Dolomitibus-1024x430.png 1024w, https:\/\/www.radiopiu.net\/wordpress\/wp-content\/uploads\/2024\/05\/CS_Dolomitibus-768x323.png 768w, https:\/\/www.radiopiu.net\/wordpress\/wp-content\/uploads\/2024\/05\/CS_Dolomitibus-1536x646.png 1536w, https:\/\/www.radiopiu.net\/wordpress\/wp-content\/uploads\/2024\/05\/CS_Dolomitibus.png 1920w\" sizes=\"auto, (max-width: 217px) 100vw, 217px\" \/><\/a>LIVINALLONGO<\/strong> Continuano i disservizi e i tagli nel trasporto pubblico nelle aree periferiche del Bellunese. Marted\u00ec 8 ottobre 2024, la corsa delle 13 da Livinallongo a Belluno non \u00e8 partita senza preavviso, ripetendo un problema gi\u00e0 verificatosi con una corsa per studenti eliminata senza adeguata comunicazione. In una lettera aperta il sindaco di Livinallongo Oscar Nagler fa il punto.<\/p>\n<p><strong>LA LETTERA<\/strong><\/p>\n<p><span style=\"font-weight: 400;\">Continuano i disservizi e i tagli per il trasporto pubblico nelle aree pi\u00f9 periferiche. <\/span><span style=\"font-weight: 400;\">Nella giornata di marted\u00ec 08 ottobre 2024 la corsa delle 13 che partiva da Livinallongo in direzione di Belluno non \u00e8 di nuovo partita, e questa volta senza alcun preavviso. <\/span><span style=\"font-weight: 400;\">Non \u00e8 rimasto un caso isolato quello della corsa del luned\u00ec mattina che doveva portare i ragazzi delle superiori fino nel capoluogo provinciale per l\u2019 inizio delle lezioni, corsa eliminata da Dolomitibus con una comunicazione verbale in anticipo\u00a0 di soli tre giorni rispetto all\u2019 inizio dell\u2019 anno scolastico. <\/span><span style=\"font-weight: 400;\">Si comprendono le difficolt\u00e0 dovute alla mancanza di personale ed ai continui tagli che la Regione attraverso la Provincia impone sulle zone pi\u00f9 lontane, ma le criticit\u00e0 purtroppo non si limitano a questo. <\/span><span style=\"font-weight: 400;\">Il Comune si \u00e8 attivato per trovare una soluzione pratica ed immediata, ma la spesa per sostenere il servizio non pu\u00f2 essere sostenuta dal Comune, dal momento che i ragazzi che ne hanno bisogno pagano un costoso abbonamento a tratta e ricordando che l\u2019 azienda offre un servizio di trasporto pubblico per garantire il quale riceve comunque anche sovvenzioni pubbliche e che nel merito del quale non si pu\u00f2 ragionare esclusivamente in termini di profitto aziendale. <\/span><span style=\"font-weight: 400;\">Ci\u00f2 che pi\u00f9 fa specie \u00e8 che il Prefetto di Belluno non fosse affatto a conoscenza di queste problematiche, poich\u00e9 l\u2019 azienda in un incontro a Belluno aveva comunicato con tranquillit\u00e0 che non c\u2019 erano criticit\u00e0 nello svolgimento del servizio e tutto stava procedendo per il meglio. Non si era parlato per nulla dei tagli del servizio nei comuni di alta quota, ma piuttosto della soddisfazione per la funzionalit\u00e0 di \u201cTrillo\u201d il servizio di trasporto a chiamata nella citt\u00e0 di Belluno. <\/span><span style=\"font-weight: 400;\">I continui tagli ai finanziamenti &#8211; ed oggi ci limitiamo a parlare solamente di quelli che interessano il servizio di trasporto pubblico &#8211; il disinteresse per i problemi che si creano ai cittadini pi\u00f9 lontani, l\u2019attenzione esclusiva al profitto aziendale e la secca negazione di fronte ad una semplice richiesta di una comunicazione scritta dell\u2019 eliminazione di una corsa essenziale per i cittadini, finalizzata a snellire l\u2019 iter burocratico per l\u2019 istituzione di un servizio secondario, ci fanno capire che ci si aspetti che i comuni di montagna sia di nuovo opportuno che si arrangino. <\/span><span style=\"font-weight: 400;\">Il confronto per una soluzione alternativa della problematica \u00e8 aperto sia con la Provincia di Belluno che con quella di Bolzano. I bisogni dei comuni di montagna devono essere messi alla pari di quelli in citt\u00e0, auspichiamo che si possa trovare insieme una soluzione percorribile.<\/span><\/p>\n<p><strong>Oscar Nagler, Sindaco di Livinallongo<\/strong><\/p>\n<p>&nbsp;<\/p>\n<hr \/>\n<p>&nbsp;<\/p>\n<blockquote>\n<h3>SEDI DEI VIGILI DEL FUOCO ILLUMINATE DI VERDE PER LA GIORNATA MONDIALE DELLA SINDROME PANS-PANDAS<\/h3>\n<\/blockquote>\n<p><strong><a class=\"dt-pswp-item\" href=\"https:\/\/www.radiopiu.net\/wordpress\/wp-content\/uploads\/2024\/10\/3bba573d-a4f4-4236-a76f-1dfa13b5caad.jpg\" data-dt-img-description=\"\" data-large_image_width=\"1600\" data-large_image_height=\"1094\"><img loading=\"lazy\" decoding=\"async\" class=\" wp-image-413623 alignleft\" src=\"https:\/\/www.radiopiu.net\/wordpress\/wp-content\/uploads\/2024\/10\/3bba573d-a4f4-4236-a76f-1dfa13b5caad-300x205.jpg\" alt=\"\" width=\"208\" height=\"142\" srcset=\"https:\/\/www.radiopiu.net\/wordpress\/wp-content\/uploads\/2024\/10\/3bba573d-a4f4-4236-a76f-1dfa13b5caad-300x205.jpg 300w, https:\/\/www.radiopiu.net\/wordpress\/wp-content\/uploads\/2024\/10\/3bba573d-a4f4-4236-a76f-1dfa13b5caad-1024x700.jpg 1024w, https:\/\/www.radiopiu.net\/wordpress\/wp-content\/uploads\/2024\/10\/3bba573d-a4f4-4236-a76f-1dfa13b5caad-768x525.jpg 768w, https:\/\/www.radiopiu.net\/wordpress\/wp-content\/uploads\/2024\/10\/3bba573d-a4f4-4236-a76f-1dfa13b5caad-1536x1050.jpg 1536w, https:\/\/www.radiopiu.net\/wordpress\/wp-content\/uploads\/2024\/10\/3bba573d-a4f4-4236-a76f-1dfa13b5caad.jpg 1600w\" sizes=\"auto, (max-width: 208px) 100vw, 208px\" \/><\/a>BELLUNO <\/strong>\u201cSe la riconosci la curi!\u201d. Questo lo slogan della giornata mondiale della sindrome Pans Pandas una condizione che compromette la normale funzione neurologica del cervello, favorendo l\u2019insorgenza di disturbi psichiatrici. La Pans Pandas \u00e8 una malattia considerata rara che si manifesta con sintomi prevalentemente neuro psichiatrici post infettivi provocati da batterio, virus o altro fattore scatenante e che purtroppo non \u00e8 ancora riconosciuta in Italia. La divulgazione della conoscenza di questa sindrome \u00e8 importante per fare in modo che i bambini abbiano una diagnosi precoce e possano essere curati in tempo con i trattamenti terapeutici dettati dalle linee guida internazionali. Il Corpo dei vigili del fuoco da sempre in prima linea sui temi della sicurezza delle persone disabili ha aderito, anche quest\u2019anno, all\u2019iniziativa di illuminare di verde, simbolo di speranza, le sedi di servizio la notte tra il 9 ed il 10 ottobre per sensibilizzare e far crescere la consapevolezza nelle persone su questi temi. Iniziativa quest\u2019anno condivisa e innovativa a livello mondiale che fa parte di di #LightUp4PANS, uno sforzo globale per aumentare la consapevolezza su questa malattia poco conosciuta. (Nella foto il castello di manovra del comando di Belluno illuminato di verde)<\/p>\n<p>&nbsp;<\/p>\n<hr \/>\n<p>&nbsp;<\/p>\n<blockquote>\n<h2>Uniti per la Salute Mentale: l&#8217;Italia celebra la Giornata Mondiale della Salute Mentale<\/h2>\n<\/blockquote>\n<p><strong>FELTRE<\/strong><\/p>\n<p><strong>DI LUISA ALCHINI<\/strong><\/p>\n<p><a class=\"dt-pswp-item\" href=\"https:\/\/www.radiopiu.net\/wordpress\/wp-content\/uploads\/2024\/10\/9161e5c3-316e-46e2-bdaa-d685d93c1d92.jpg\" data-dt-img-description=\"\" data-large_image_width=\"1536\" data-large_image_height=\"2040\"><img loading=\"lazy\" decoding=\"async\" class=\"size-medium wp-image-413774 alignleft\" src=\"https:\/\/www.radiopiu.net\/wordpress\/wp-content\/uploads\/2024\/10\/9161e5c3-316e-46e2-bdaa-d685d93c1d92-226x300.jpg\" alt=\"\" width=\"226\" height=\"300\" srcset=\"https:\/\/www.radiopiu.net\/wordpress\/wp-content\/uploads\/2024\/10\/9161e5c3-316e-46e2-bdaa-d685d93c1d92-226x300.jpg 226w, https:\/\/www.radiopiu.net\/wordpress\/wp-content\/uploads\/2024\/10\/9161e5c3-316e-46e2-bdaa-d685d93c1d92-771x1024.jpg 771w, https:\/\/www.radiopiu.net\/wordpress\/wp-content\/uploads\/2024\/10\/9161e5c3-316e-46e2-bdaa-d685d93c1d92-768x1020.jpg 768w, https:\/\/www.radiopiu.net\/wordpress\/wp-content\/uploads\/2024\/10\/9161e5c3-316e-46e2-bdaa-d685d93c1d92-1157x1536.jpg 1157w, https:\/\/www.radiopiu.net\/wordpress\/wp-content\/uploads\/2024\/10\/9161e5c3-316e-46e2-bdaa-d685d93c1d92.jpg 1536w\" sizes=\"auto, (max-width: 226px) 100vw, 226px\" \/><\/a>In occasione della Giornata Mondiale della Salute Mentale del 10 ottobre, con lo slogan \u201cUniti per la salute mentale\u201d, i Dipartimenti di Salute Mentale di tutta Italia hanno organizzato 150 incontri aperti al pubblico. Tra questi, si \u00e8 svolto ieri dalle 12:00 alle 13:00 un evento online, coordinato da Valentina Arcovio de <em>La Repubblica<\/em>, che ha visto la partecipazione di importanti figure istituzionali: Fabrizio Starace, Presidente del Collegio Nazionale DSM, e Sandro Sisler, Vicesegretario della Commissione Giustizia. Il dott. Angelo Brega, primario dell&#8217;UOC di Psichiatria di Feltre, ha riunito personale, utenti e famiglie per partecipare in videoconferenza all&#8217;incontro. Per la Regione Veneto \u00e8 intervenuto il dott. Moreno De Rossi, direttore dell&#8217;UOC dell&#8217;Ulss12 di Venezia, che ha sottolineato la fragilit\u00e0 operativa della psichiatria a Belluno e Feltre. Dal confronto \u00e8 emerso un comune denominatore: la salute mentale in Italia \u00e8 in crescente difficolt\u00e0. I Dipartimenti di Salute Mentale chiedono maggiori risorse e una pi\u00f9 attenta considerazione da parte delle autorit\u00e0 giudiziarie, mentre in Senato \u00e8 in corso un ciclo di audizioni per l\u2019esame del disegno di legge che mira a riformare l&#8217;assistenza in questo ambito. Un dato allarmante riguarda la spesa per le assunzioni di personale, rimasta invariata negli ultimi 20 anni, risultando oggi del tutto inadeguata. L&#8217;Italia investe nella salute mentale una delle cifre pi\u00f9 basse tra i Paesi occidentali avanzati, nonostante un aumento significativo delle difficolt\u00e0, soprattutto tra giovani e adolescenti. La salute mentale in Italia ha fatto progressi rilevanti grazie alla Legge 180, nota come Legge Basaglia, di cui si celebrano quest\u2019anno i 100 anni dalla nascita del suo promotore. Questa legge ha favorito un approccio comunitario, basato sul rispetto della soggettivit\u00e0 e dei diritti della persona. Tuttavia, \u00e8 necessario un impegno collettivo per destinare nuove risorse economiche e umane, affinch\u00e9 la salute mentale torni al centro delle politiche pubbliche. Ci\u00f2 richiede tavoli di lavoro dedicati alla prevenzione, alla cura multidisciplinare e alla sicurezza degli operatori. Il dott. Angelo Brega ha confermato le difficolt\u00e0 gi\u00e0 espresse dai colleghi e dai dipartimenti intervenuti, evidenziando che in Veneto le spese sanitarie destinate alla salute mentale sono ben al di sotto del minimo richiesto (5%, mentre in Veneto \u00e8 solo il 2.3%). Nonostante la mancanza di risorse, sia umane che economiche, Feltre riesce comunque a garantire un servizio ai massimi livelli delle sue possibilit\u00e0.<\/p>\n<p>&nbsp;<\/p>\n<p>&nbsp;<\/p>\n<p>&nbsp;<\/p>\n<hr \/>\n<p>&nbsp;<\/p>\n<blockquote>\n<h2>AL FESTIVAL FOTOGRAFICO DI VENEZIA ORGOGLIO BELLUNESE CON SIMONE PRA<\/h2>\n<\/blockquote>\n<p><strong>VENEZIA<\/strong><\/p>\n<p><strong>DI MARINA DONA&#8217;<\/strong><\/p>\n<p><a class=\"dt-pswp-item\" href=\"https:\/\/www.radiopiu.net\/wordpress\/wp-content\/uploads\/2024\/10\/8613b526-d2ee-44ea-9352-027b62acef50.jpg\" data-dt-img-description=\"\" data-large_image_width=\"945\" data-large_image_height=\"587\"><img loading=\"lazy\" decoding=\"async\" class=\"alignnone size-medium wp-image-413778\" src=\"https:\/\/www.radiopiu.net\/wordpress\/wp-content\/uploads\/2024\/10\/8613b526-d2ee-44ea-9352-027b62acef50-300x186.jpg\" alt=\"\" width=\"300\" height=\"186\" srcset=\"https:\/\/www.radiopiu.net\/wordpress\/wp-content\/uploads\/2024\/10\/8613b526-d2ee-44ea-9352-027b62acef50-300x186.jpg 300w, https:\/\/www.radiopiu.net\/wordpress\/wp-content\/uploads\/2024\/10\/8613b526-d2ee-44ea-9352-027b62acef50-768x477.jpg 768w, https:\/\/www.radiopiu.net\/wordpress\/wp-content\/uploads\/2024\/10\/8613b526-d2ee-44ea-9352-027b62acef50.jpg 945w\" sizes=\"auto, (max-width: 300px) 100vw, 300px\" \/><\/a><\/p>\n<audio class=\"wp-audio-shortcode\" id=\"audio-413613-10\" preload=\"none\" style=\"width: 100%;\" controls=\"controls\"><source type=\"audio\/mpeg\" src=\"https:\/\/www.radiopiu.net\/wordpress\/wp-content\/uploads\/2024\/10\/SERVIZIO-VENICE-PHOTO-LAB-A-VENEZIA-INAUGURAZIONE-12-0TTOBRE.mp3?_=10\" \/><a href=\"https:\/\/www.radiopiu.net\/wordpress\/wp-content\/uploads\/2024\/10\/SERVIZIO-VENICE-PHOTO-LAB-A-VENEZIA-INAUGURAZIONE-12-0TTOBRE.mp3\">https:\/\/www.radiopiu.net\/wordpress\/wp-content\/uploads\/2024\/10\/SERVIZIO-VENICE-PHOTO-LAB-A-VENEZIA-INAUGURAZIONE-12-0TTOBRE.mp3<\/a><\/audio>\n<p>&nbsp;<\/p>\n<hr \/>\n<p>&nbsp;<\/p>\n<blockquote>\n<h1>Anniversario del Vajont con la TERRA DEI PADRI<\/h1>\n<\/blockquote>\n<div><strong><a class=\"dt-pswp-item\" href=\"https:\/\/www.radiopiu.net\/wordpress\/wp-content\/uploads\/2024\/10\/Cerimonia-9-ottobre-3.jpg\" data-dt-img-description=\"\" data-large_image_width=\"1600\" data-large_image_height=\"715\"><img loading=\"lazy\" decoding=\"async\" class=\"size-medium wp-image-413804 alignleft\" src=\"https:\/\/www.radiopiu.net\/wordpress\/wp-content\/uploads\/2024\/10\/Cerimonia-9-ottobre-3-300x134.jpg\" alt=\"\" width=\"300\" height=\"134\" srcset=\"https:\/\/www.radiopiu.net\/wordpress\/wp-content\/uploads\/2024\/10\/Cerimonia-9-ottobre-3-300x134.jpg 300w, https:\/\/www.radiopiu.net\/wordpress\/wp-content\/uploads\/2024\/10\/Cerimonia-9-ottobre-3-1024x458.jpg 1024w, https:\/\/www.radiopiu.net\/wordpress\/wp-content\/uploads\/2024\/10\/Cerimonia-9-ottobre-3-768x343.jpg 768w, https:\/\/www.radiopiu.net\/wordpress\/wp-content\/uploads\/2024\/10\/Cerimonia-9-ottobre-3-1536x686.jpg 1536w, https:\/\/www.radiopiu.net\/wordpress\/wp-content\/uploads\/2024\/10\/Cerimonia-9-ottobre-3.jpg 1600w\" sizes=\"auto, (max-width: 300px) 100vw, 300px\" \/><\/a>LONGARONE<\/strong> Il, 9 ottobre 1963, una rappresentanza della Delegazione bellunese della &#8220;Lega Nazionale&#8221; e del &#8220;Circolo culturale La Terra dei Padri &#8211; Belluno APS&#8221;\u00a0 ha deposto un mazzo di rose bianche e rosse presso la tabella indicante la via 9 ottobre 1963, lato via Pagani Cesa, a Belluno in omaggio e ricordo di tutte le vittime della tragedia del Vajont. Erano presenti, fra gli altri, il Presidente del Circolo culturale La Terra dei Padri , Francesco Dematt\u00e8, che ha tenuto un breve discorso, Francesco Serpi, gi\u00e0 consigliere comunale di Trieste e gi\u00e0 consigliere regionale del Friuli Venezia Giulia, Antonia Titti Monteleone e, <u>a titolo personale<\/u>, Francesco Pingitore, Presidente della Commissione Cultura del Comune di Belluno, nonch\u00e9 due superstiti della tragedia. L&#8217;assessore alla Cultura del Comune capoluogo, avv. Raffaele Addamiano, invitato alla celebrazione, ha comunicato, prima della cerimonia, l&#8217;impossibilit\u00e0 d&#8217;essere presente&#8221;.<\/div>\n<p><a class=\"dt-pswp-item\" href=\"https:\/\/www.radiopiu.net\/wordpress\/wp-content\/uploads\/2024\/10\/Cerimonia-9-ottobre-1.jpg\" data-dt-img-description=\"\" data-large_image_width=\"715\" data-large_image_height=\"1600\"><img loading=\"lazy\" decoding=\"async\" class=\"alignnone size-medium wp-image-413802\" src=\"https:\/\/www.radiopiu.net\/wordpress\/wp-content\/uploads\/2024\/10\/Cerimonia-9-ottobre-1-134x300.jpg\" alt=\"\" width=\"134\" height=\"300\" srcset=\"https:\/\/www.radiopiu.net\/wordpress\/wp-content\/uploads\/2024\/10\/Cerimonia-9-ottobre-1-134x300.jpg 134w, https:\/\/www.radiopiu.net\/wordpress\/wp-content\/uploads\/2024\/10\/Cerimonia-9-ottobre-1-458x1024.jpg 458w, https:\/\/www.radiopiu.net\/wordpress\/wp-content\/uploads\/2024\/10\/Cerimonia-9-ottobre-1-686x1536.jpg 686w, https:\/\/www.radiopiu.net\/wordpress\/wp-content\/uploads\/2024\/10\/Cerimonia-9-ottobre-1.jpg 715w\" sizes=\"auto, (max-width: 134px) 100vw, 134px\" \/><\/a><a class=\"dt-pswp-item\" href=\"https:\/\/www.radiopiu.net\/wordpress\/wp-content\/uploads\/2024\/10\/Cerimonia-9-ottobre-2.jpg\" data-dt-img-description=\"\" data-large_image_width=\"715\" data-large_image_height=\"1600\"><img loading=\"lazy\" decoding=\"async\" class=\"alignnone size-medium wp-image-413803\" src=\"https:\/\/www.radiopiu.net\/wordpress\/wp-content\/uploads\/2024\/10\/Cerimonia-9-ottobre-2-134x300.jpg\" alt=\"\" width=\"134\" height=\"300\" srcset=\"https:\/\/www.radiopiu.net\/wordpress\/wp-content\/uploads\/2024\/10\/Cerimonia-9-ottobre-2-134x300.jpg 134w, https:\/\/www.radiopiu.net\/wordpress\/wp-content\/uploads\/2024\/10\/Cerimonia-9-ottobre-2-458x1024.jpg 458w, https:\/\/www.radiopiu.net\/wordpress\/wp-content\/uploads\/2024\/10\/Cerimonia-9-ottobre-2-686x1536.jpg 686w, https:\/\/www.radiopiu.net\/wordpress\/wp-content\/uploads\/2024\/10\/Cerimonia-9-ottobre-2.jpg 715w\" sizes=\"auto, (max-width: 134px) 100vw, 134px\" \/><\/a><a class=\"dt-pswp-item\" href=\"https:\/\/www.radiopiu.net\/wordpress\/wp-content\/uploads\/2024\/10\/Cerimonia-9-ottobre-4.jpg\" data-dt-img-description=\"\" data-large_image_width=\"918\" data-large_image_height=\"2040\"><img loading=\"lazy\" decoding=\"async\" class=\"alignnone size-medium wp-image-413805\" src=\"https:\/\/www.radiopiu.net\/wordpress\/wp-content\/uploads\/2024\/10\/Cerimonia-9-ottobre-4-135x300.jpg\" alt=\"\" width=\"135\" height=\"300\" srcset=\"https:\/\/www.radiopiu.net\/wordpress\/wp-content\/uploads\/2024\/10\/Cerimonia-9-ottobre-4-135x300.jpg 135w, https:\/\/www.radiopiu.net\/wordpress\/wp-content\/uploads\/2024\/10\/Cerimonia-9-ottobre-4-461x1024.jpg 461w, https:\/\/www.radiopiu.net\/wordpress\/wp-content\/uploads\/2024\/10\/Cerimonia-9-ottobre-4-768x1707.jpg 768w, https:\/\/www.radiopiu.net\/wordpress\/wp-content\/uploads\/2024\/10\/Cerimonia-9-ottobre-4-691x1536.jpg 691w, https:\/\/www.radiopiu.net\/wordpress\/wp-content\/uploads\/2024\/10\/Cerimonia-9-ottobre-4.jpg 918w\" sizes=\"auto, (max-width: 135px) 100vw, 135px\" \/><\/a><a class=\"dt-pswp-item\" href=\"https:\/\/www.radiopiu.net\/wordpress\/wp-content\/uploads\/2024\/10\/Cerimonia-9-ottobre-5.jpg\" data-dt-img-description=\"\" data-large_image_width=\"918\" data-large_image_height=\"2040\"><img loading=\"lazy\" decoding=\"async\" class=\"alignnone size-medium wp-image-413806\" src=\"https:\/\/www.radiopiu.net\/wordpress\/wp-content\/uploads\/2024\/10\/Cerimonia-9-ottobre-5-135x300.jpg\" alt=\"\" width=\"135\" height=\"300\" srcset=\"https:\/\/www.radiopiu.net\/wordpress\/wp-content\/uploads\/2024\/10\/Cerimonia-9-ottobre-5-135x300.jpg 135w, https:\/\/www.radiopiu.net\/wordpress\/wp-content\/uploads\/2024\/10\/Cerimonia-9-ottobre-5-461x1024.jpg 461w, https:\/\/www.radiopiu.net\/wordpress\/wp-content\/uploads\/2024\/10\/Cerimonia-9-ottobre-5-768x1707.jpg 768w, https:\/\/www.radiopiu.net\/wordpress\/wp-content\/uploads\/2024\/10\/Cerimonia-9-ottobre-5-691x1536.jpg 691w, https:\/\/www.radiopiu.net\/wordpress\/wp-content\/uploads\/2024\/10\/Cerimonia-9-ottobre-5.jpg 918w\" sizes=\"auto, (max-width: 135px) 100vw, 135px\" \/><\/a><a class=\"dt-pswp-item\" href=\"https:\/\/www.radiopiu.net\/wordpress\/wp-content\/uploads\/2024\/10\/Cerimonia-9-ottobre-6.jpg\" data-dt-img-description=\"\" data-large_image_width=\"1500\" data-large_image_height=\"2000\"><img loading=\"lazy\" decoding=\"async\" class=\"alignnone size-medium wp-image-413807\" src=\"https:\/\/www.radiopiu.net\/wordpress\/wp-content\/uploads\/2024\/10\/Cerimonia-9-ottobre-6-225x300.jpg\" alt=\"\" width=\"225\" height=\"300\" srcset=\"https:\/\/www.radiopiu.net\/wordpress\/wp-content\/uploads\/2024\/10\/Cerimonia-9-ottobre-6-225x300.jpg 225w, https:\/\/www.radiopiu.net\/wordpress\/wp-content\/uploads\/2024\/10\/Cerimonia-9-ottobre-6-768x1024.jpg 768w, https:\/\/www.radiopiu.net\/wordpress\/wp-content\/uploads\/2024\/10\/Cerimonia-9-ottobre-6-1152x1536.jpg 1152w, https:\/\/www.radiopiu.net\/wordpress\/wp-content\/uploads\/2024\/10\/Cerimonia-9-ottobre-6.jpg 1500w\" sizes=\"auto, (max-width: 225px) 100vw, 225px\" \/><\/a><a class=\"dt-pswp-item\" href=\"https:\/\/www.radiopiu.net\/wordpress\/wp-content\/uploads\/2024\/10\/Cerimonia-9-ottobre-7.jpg\" data-dt-img-description=\"\" data-large_image_width=\"1500\" data-large_image_height=\"2000\"><img loading=\"lazy\" decoding=\"async\" class=\"alignnone size-medium wp-image-413808\" src=\"https:\/\/www.radiopiu.net\/wordpress\/wp-content\/uploads\/2024\/10\/Cerimonia-9-ottobre-7-225x300.jpg\" alt=\"\" width=\"225\" height=\"300\" srcset=\"https:\/\/www.radiopiu.net\/wordpress\/wp-content\/uploads\/2024\/10\/Cerimonia-9-ottobre-7-225x300.jpg 225w, https:\/\/www.radiopiu.net\/wordpress\/wp-content\/uploads\/2024\/10\/Cerimonia-9-ottobre-7-768x1024.jpg 768w, https:\/\/www.radiopiu.net\/wordpress\/wp-content\/uploads\/2024\/10\/Cerimonia-9-ottobre-7-1152x1536.jpg 1152w, https:\/\/www.radiopiu.net\/wordpress\/wp-content\/uploads\/2024\/10\/Cerimonia-9-ottobre-7.jpg 1500w\" sizes=\"auto, (max-width: 225px) 100vw, 225px\" \/><\/a><a class=\"dt-pswp-item\" href=\"https:\/\/www.radiopiu.net\/wordpress\/wp-content\/uploads\/2024\/10\/Cerimonia-9-ottobre-8.jpg\" data-dt-img-description=\"\" data-large_image_width=\"1500\" data-large_image_height=\"2000\"><img loading=\"lazy\" decoding=\"async\" class=\"alignnone size-medium wp-image-413809\" src=\"https:\/\/www.radiopiu.net\/wordpress\/wp-content\/uploads\/2024\/10\/Cerimonia-9-ottobre-8-225x300.jpg\" alt=\"\" width=\"225\" height=\"300\" srcset=\"https:\/\/www.radiopiu.net\/wordpress\/wp-content\/uploads\/2024\/10\/Cerimonia-9-ottobre-8-225x300.jpg 225w, https:\/\/www.radiopiu.net\/wordpress\/wp-content\/uploads\/2024\/10\/Cerimonia-9-ottobre-8-768x1024.jpg 768w, https:\/\/www.radiopiu.net\/wordpress\/wp-content\/uploads\/2024\/10\/Cerimonia-9-ottobre-8-1152x1536.jpg 1152w, https:\/\/www.radiopiu.net\/wordpress\/wp-content\/uploads\/2024\/10\/Cerimonia-9-ottobre-8.jpg 1500w\" sizes=\"auto, (max-width: 225px) 100vw, 225px\" \/><\/a><\/p>\n<p>&nbsp;<\/p>\n<hr \/>\n<p>&nbsp;<\/p>\n<blockquote>\n<h3>DOMENICA VISITE ALL&#8217;ARCHIVIO DI STATO DI BELLUNO<\/h3>\n<\/blockquote>\n<p><strong>BELLUNO<\/strong> In occasione di &#8220;Domenica di carta&#8221;, il 13 ottobre, l&#8217;Archivio di Stato di Belluno aprir\u00e0 al pubblico per celebrare i 50 anni dalla sua istituzione. Verr\u00e0 presentata una sintesi delle mostre documentarie organizzate dall&#8217;Archivio tra il 1994 e il 2024, con temi che spaziano dal restauro agli atti notarili, dalle sentenze criminali dell&#8217;antico regime alla gestione forestale, fino all&#8217;annessione del Veneto al Regno d&#8217;Italia, il fascismo, la Sho\u00e0 e il disastro del Vajont. I visitatori potranno anche esplorare l&#8217;antico complesso di Santa Maria dei Battuti. Le visite, gratuite, saranno organizzate su prenotazione dalle 9 alle 13 per gruppi di massimo 25 persone ogni ora.<\/p>\n<p>&nbsp;<\/p>\n<p>&nbsp;<\/p>\n<hr \/>\n<p>&nbsp;<\/p>\n<blockquote>\n<h3>DOMENICA LA FIERA DELL&#8217;OGGETTO RITROVATO A FELTRE<\/h3>\n<\/blockquote>\n<p><strong><a class=\"dt-pswp-item\" href=\"https:\/\/www.radiopiu.net\/wordpress\/wp-content\/uploads\/2024\/06\/Feltre-Belluno-1024x576-1.jpg\" data-dt-img-description=\"\" data-large_image_width=\"1024\" data-large_image_height=\"576\"><img loading=\"lazy\" decoding=\"async\" class=\" wp-image-394880 alignleft\" src=\"https:\/\/www.radiopiu.net\/wordpress\/wp-content\/uploads\/2024\/06\/Feltre-Belluno-1024x576-1-300x169.jpg\" alt=\"\" width=\"186\" height=\"105\" srcset=\"https:\/\/www.radiopiu.net\/wordpress\/wp-content\/uploads\/2024\/06\/Feltre-Belluno-1024x576-1-300x169.jpg 300w, https:\/\/www.radiopiu.net\/wordpress\/wp-content\/uploads\/2024\/06\/Feltre-Belluno-1024x576-1-768x432.jpg 768w, https:\/\/www.radiopiu.net\/wordpress\/wp-content\/uploads\/2024\/06\/Feltre-Belluno-1024x576-1.jpg 1024w\" sizes=\"auto, (max-width: 186px) 100vw, 186px\" \/><\/a>FELTRE<\/strong> La &#8220;Fiera dell&#8217;oggetto ritrovato&#8221; torna a Feltre il 13 ottobre con un&#8217;edizione speciale. Oltre agli espositori di oggetti vintage, saranno esposte auto d&#8217;epoca degli anni &#8217;30-&#8217;60 in collaborazione con EffeGarage e il collezionista Tiziano Arnoffi. Otto locali all&#8217;interno delle mura proporranno cicchetti per una passeggiata gastronomica, tra cui Folklore, Osteria Crash e Scudellette. In Piazza Filippo De Boni, un &#8220;jukebox umano&#8221; offrir\u00e0 un aperitivo musicale. L&#8217;evento \u00e8 organizzato dall&#8217;Associazione &#8220;Feltre vivere il centro storico&#8221;, che da 13 anni anima la cittadella. Per info: <a rel=\"noopener\">info@fieraoggettoritrovato.org<\/a>.<\/p>\n<p>&nbsp;<\/p>\n<p>&nbsp;<\/p>\n<hr \/>\n<p>&nbsp;<\/p>\n<blockquote>\n<h3>SI E&#8217; CHIUSA HORECA 2024 A LONGARONE FIERE<\/h3>\n<\/blockquote>\n<p><strong><a class=\"dt-pswp-item\" href=\"https:\/\/www.radiopiu.net\/wordpress\/wp-content\/uploads\/2024\/10\/longarone_horeca-1024x576-1.jpg\" data-dt-img-description=\"\" data-large_image_width=\"1024\" data-large_image_height=\"576\"><img loading=\"lazy\" decoding=\"async\" class=\" wp-image-413655 alignleft\" src=\"https:\/\/www.radiopiu.net\/wordpress\/wp-content\/uploads\/2024\/10\/longarone_horeca-1024x576-1-300x169.jpg\" alt=\"\" width=\"172\" height=\"97\" srcset=\"https:\/\/www.radiopiu.net\/wordpress\/wp-content\/uploads\/2024\/10\/longarone_horeca-1024x576-1-300x169.jpg 300w, https:\/\/www.radiopiu.net\/wordpress\/wp-content\/uploads\/2024\/10\/longarone_horeca-1024x576-1-768x432.jpg 768w, https:\/\/www.radiopiu.net\/wordpress\/wp-content\/uploads\/2024\/10\/longarone_horeca-1024x576-1.jpg 1024w\" sizes=\"auto, (max-width: 172px) 100vw, 172px\" \/><\/a>LONGARONE<\/strong> La fiera &#8220;Horeca 2024&#8221; dedicata all&#8217;ospitalit\u00e0 e alla ristorazione in montagna si \u00e8 conclusa a Longarone con un convegno sull&#8217;innovazione digitale nel settore dell&#8217;accoglienza, presentato da Webidoo. L&#8217;azienda ha sottolineato l&#8217;importanza della digitalizzazione per migliorare la presenza online delle piccole-medie imprese del turismo e della ristorazione, evidenziando come la gestione delle recensioni online sia cruciale. La giornata si \u00e8 chiusa con le premiazioni del contest di pizza, che ha visto la partecipazione di pizzaioli da tutta Europa. Luigi Capasso ha vinto il Triathlon con il miglior punteggio complessivo.<\/p>\n<p>&nbsp;<\/p>\n<hr \/>\n<p>&nbsp;<\/p>\n<p>&nbsp;<\/p>\n<blockquote><p><strong><a class=\"dt-pswp-item\" href=\"https:\/\/www.radiopiu.net\/wordpress\/wp-content\/uploads\/2024\/10\/Senza-nome-40.png\" data-dt-img-description=\"\" data-large_image_width=\"749\" data-large_image_height=\"424\"><img loading=\"lazy\" decoding=\"async\" class=\"size-medium wp-image-413700 alignleft\" src=\"https:\/\/www.radiopiu.net\/wordpress\/wp-content\/uploads\/2024\/10\/Senza-nome-40-300x170.png\" alt=\"\" width=\"300\" height=\"170\" srcset=\"https:\/\/www.radiopiu.net\/wordpress\/wp-content\/uploads\/2024\/10\/Senza-nome-40-300x170.png 300w, https:\/\/www.radiopiu.net\/wordpress\/wp-content\/uploads\/2024\/10\/Senza-nome-40.png 749w\" sizes=\"auto, (max-width: 300px) 100vw, 300px\" \/><\/a>Studenti e volontari al lavoro sui sentieri di Borgo Valbelluna<\/strong><\/p><\/blockquote>\n<p><strong>BORGO VALBELLUNA<\/strong> Dal 30 settembre al 4 ottobre, quindici studenti dell\u2019Istituto Steiner-Waldorf di San Vendemiano, guidati dai loro professori, hanno collaborato con i volontari del Gruppo Natura di Lentiai per riparare le passerelle del sentiero dei Laghetti della Rimonta. Nonostante il maltempo, i ragazzi hanno sostituito travi e tavolato, acquisendo esperienza pratica e contribuendo alla comunit\u00e0. L\u2019iniziativa, giunta al terzo anno, rafforza il legame tra scuola e territorio, promuovendo il valore del volontariato.<\/p>\n<p>di ROBERTO BONA<\/p>\n<audio class=\"wp-audio-shortcode\" id=\"audio-413613-11\" preload=\"none\" style=\"width: 100%;\" controls=\"controls\"><source type=\"audio\/wav\" src=\"https:\/\/www.radiopiu.net\/wordpress\/wp-content\/uploads\/2024\/10\/StudentiLaghettiRimonta.wav?_=11\" \/><a href=\"https:\/\/www.radiopiu.net\/wordpress\/wp-content\/uploads\/2024\/10\/StudentiLaghettiRimonta.wav\">https:\/\/www.radiopiu.net\/wordpress\/wp-content\/uploads\/2024\/10\/StudentiLaghettiRimonta.wav<\/a><\/audio>\n<p>&nbsp;<\/p>\n<hr \/>\n<p>&nbsp;<\/p>\n<blockquote>\n<div class=\"mceTemp\"><strong><a class=\"dt-pswp-item\" href=\"https:\/\/www.radiopiu.net\/wordpress\/wp-content\/uploads\/2024\/10\/scuola_05.jpg\" data-dt-img-description=\"OLYMPUS DIGITAL CAMERA\" data-large_image_width=\"950\" data-large_image_height=\"354\"><img loading=\"lazy\" decoding=\"async\" class=\"size-medium wp-image-413785 alignleft\" src=\"https:\/\/www.radiopiu.net\/wordpress\/wp-content\/uploads\/2024\/10\/scuola_05-300x112.jpg\" alt=\"\" width=\"300\" height=\"112\" srcset=\"https:\/\/www.radiopiu.net\/wordpress\/wp-content\/uploads\/2024\/10\/scuola_05-300x112.jpg 300w, https:\/\/www.radiopiu.net\/wordpress\/wp-content\/uploads\/2024\/10\/scuola_05-768x286.jpg 768w, https:\/\/www.radiopiu.net\/wordpress\/wp-content\/uploads\/2024\/10\/scuola_05.jpg 950w\" sizes=\"auto, (max-width: 300px) 100vw, 300px\" \/><\/a>L&#8217;Istituto Follador di Falcade nel concorso &#8220;La Salute nel Piatto&#8221;<\/strong><\/div>\n<\/blockquote>\n<div class=\"flex max-w-full flex-col flex-grow\">\n<div class=\"min-h-8 text-message flex w-full flex-col items-end gap-2 whitespace-normal break-words [.text-message+&amp;]:mt-5\" dir=\"auto\" data-message-author-role=\"assistant\" data-message-id=\"8b171c10-108a-49aa-9bb4-45f8de7ebdfa\" data-message-model-slug=\"gpt-4o\">\n<div class=\"flex w-full flex-col gap-1 empty:hidden first:pt-[3px]\">\n<div class=\"markdown prose w-full break-words dark:prose-invert dark\">\n<p><strong>FALCADE<\/strong> Grazie alla Lilt di Belluno, l&#8217;Istituto Follador di Falcade \u00e8 stato selezionato nel concorso &#8220;La Salute nel Piatto&#8221;. Il progetto, organizzato dalla Lilt Veneto, promuove l&#8217;importanza dell&#8217;alimentazione sana tra i giovani cuochi. L&#8217;istituto ha partecipato con il &#8220;Tris Dolomitico&#8221; di canederli alle verdure, evidenziando le propriet\u00e0 salutari degli ingredienti. La Lilt Belluno ha coinvolto diverse scuole provinciali, evidenziando l&#8217;attenzione ai prodotti locali e a uno stile di vita sano. Il progetto \u00e8 incluso ne &#8220;Il Ricettario&#8221;, che raccoglie le migliori proposte selezionate.<\/p>\n<\/div>\n<\/div>\n<\/div>\n<\/div>\n<p>&nbsp;<\/p>\n<p>&nbsp;<\/p>\n<hr \/>\n<p>&nbsp;<\/p>\n<blockquote>\n<h1><span style=\"color: #ff0000;\">CONSIGLI COMUNALI<\/span><\/h1>\n<\/blockquote>\n<p><strong>SAN TOMASO<\/strong> Consigliere in riunione martedi alle 20. In discussione anche la variazione urgente al bilancio di previsione<\/p>\n<p><strong>SELVA DI CADORE<\/strong> Consiglio comunale in programma venerdi 18 ottobre. Ordine del giorno: autorizzazione alla fusione Bim infrastrutture-Bim gestione servizi pubblici. variazioni al bilancio<\/p>\n<p><strong>VOLTAGO<\/strong> Consiglio comunale mercoledi alle 18.30, un solo punto, la gusione in BIM GSP<\/p>\n<p>&nbsp;<\/p>\n<hr \/>\n<p>&nbsp;<\/p>\n<blockquote>\n<h3>IN ARRIVO UNA BRILLANTE COMETA<\/h3>\n<\/blockquote>\n<p><strong><a class=\"dt-pswp-item\" href=\"https:\/\/www.radiopiu.net\/wordpress\/wp-content\/uploads\/2024\/10\/3dff5a61-5d15-4d94-a514-32552bd174c4.jpg\" data-dt-img-description=\"\" data-large_image_width=\"1522\" data-large_image_height=\"1600\"><img loading=\"lazy\" decoding=\"async\" class=\" wp-image-413659 alignleft\" src=\"https:\/\/www.radiopiu.net\/wordpress\/wp-content\/uploads\/2024\/10\/3dff5a61-5d15-4d94-a514-32552bd174c4-285x300.jpg\" alt=\"\" width=\"204\" height=\"215\" srcset=\"https:\/\/www.radiopiu.net\/wordpress\/wp-content\/uploads\/2024\/10\/3dff5a61-5d15-4d94-a514-32552bd174c4-285x300.jpg 285w, https:\/\/www.radiopiu.net\/wordpress\/wp-content\/uploads\/2024\/10\/3dff5a61-5d15-4d94-a514-32552bd174c4-974x1024.jpg 974w, https:\/\/www.radiopiu.net\/wordpress\/wp-content\/uploads\/2024\/10\/3dff5a61-5d15-4d94-a514-32552bd174c4-768x807.jpg 768w, https:\/\/www.radiopiu.net\/wordpress\/wp-content\/uploads\/2024\/10\/3dff5a61-5d15-4d94-a514-32552bd174c4-1461x1536.jpg 1461w, https:\/\/www.radiopiu.net\/wordpress\/wp-content\/uploads\/2024\/10\/3dff5a61-5d15-4d94-a514-32552bd174c4.jpg 1522w\" sizes=\"auto, (max-width: 204px) 100vw, 204px\" \/><\/a>DI CLAUDIO PRA<\/strong><\/p>\n<p>Avrete gi\u00e0 sicuramente sentito parlare della \u201ccometa del secolo\u201d, questo almeno \u00e8 il nomignolo frettolosamente affibbiatole dalla stampa non specializzata e dai social, desiderosi pi\u00f9 di attirare l\u2019attenzione che di dare un\u2019informazione scientifica corretta. Stiamo parlando della C\/2023 A3 Tsuchinshan-ATLAS, una cometa appunto, che gli astrofili stanno gi\u00e0 seguendo da tempo. In settembre, nell&#8217;emisfero australe, ha gi\u00e0 offerto un bello spettacolo mentre da noi \u00e8 risultata visibile con molta fatica perch\u00e9 immersa nel chiarore dell&#8217;alba. Ma l&#8217;attesa \u00e8 per met\u00e0 ottobre quando saremo noi a potercela godere. In quel periodo dovrebbe risultare visibile a occhio nudo, anche se ci sono delle incertezze sulla sua reale luminosit\u00e0. Infatti questi oggetti, per loro natura, sono davvero imprevedibili. Il consiglio \u00e8 di cercarla da met\u00e0 ottobre, quando comincer\u00e0 pian piano ad alzarsi in cielo sfuggendo dalla luce del crepuscolo serale, seguendo poi per tutto il resto del mese il suo allontanamento e il conseguente graduale calo di brillantezza in condizioni prospettiche sempre pi\u00f9 favorevoli. Come osservatorio occorrer\u00e0 scegliere luoghi dall\u2019orizzonte ovest molto ampi, cominciando le ricerche dopo il tramonto quando il cielo sar\u00e0 abbastanza buio. Un piccolo binocolo aiuter\u00e0 a scrutarla pi\u00f9 dettagliatamente, ma la speranza \u00e8 quella di poterla ammirare anche senza strumenti stagliata sopra le nostre Dolomiti per un quadretto da sogno. (Nella foto di Michael J\u00e4ger la cometa fotografata dalla Namibia)<\/p>\n<p>&nbsp;<\/p>\n<hr \/>\n<p>&nbsp;<\/p>\n<blockquote><p><strong>Assemblea elettiva a Caleipo: Stefania Nogar\u00e8 scelta come candidata capofrazione<\/strong><\/p><\/blockquote>\n<p><strong>BELLUNO<\/strong> Stefania Nogar\u00e8, unica candidata per la frazione di Caleipo, ha ottenuto 30 voti nella prima assemblea elettiva. Il sindaco Oscar De Pellegrin sottolinea l&#8217;importanza di questo percorso di partecipazione che coinvolger\u00e0 tutte le frazioni entro gennaio 2025. Prossima tappa a Visome.<\/p>\n<p><a class=\"dt-pswp-item\" href=\"https:\/\/www.radiopiu.net\/wordpress\/wp-content\/uploads\/2024\/10\/Assemblea-Caleipo.jpeg\" data-dt-img-description=\"\" data-large_image_width=\"856\" data-large_image_height=\"900\"><img loading=\"lazy\" decoding=\"async\" class=\"alignnone size-medium wp-image-413729\" src=\"https:\/\/www.radiopiu.net\/wordpress\/wp-content\/uploads\/2024\/10\/Assemblea-Caleipo-285x300.jpeg\" alt=\"\" width=\"285\" height=\"300\" srcset=\"https:\/\/www.radiopiu.net\/wordpress\/wp-content\/uploads\/2024\/10\/Assemblea-Caleipo-285x300.jpeg 285w, https:\/\/www.radiopiu.net\/wordpress\/wp-content\/uploads\/2024\/10\/Assemblea-Caleipo-768x807.jpeg 768w, https:\/\/www.radiopiu.net\/wordpress\/wp-content\/uploads\/2024\/10\/Assemblea-Caleipo.jpeg 856w\" sizes=\"auto, (max-width: 285px) 100vw, 285px\" \/><\/a><a class=\"dt-pswp-item\" href=\"https:\/\/www.radiopiu.net\/wordpress\/wp-content\/uploads\/2024\/10\/Assemblea-Caleipo1.jpeg\" data-dt-img-description=\"\" data-large_image_width=\"1536\" data-large_image_height=\"2048\"><img loading=\"lazy\" decoding=\"async\" class=\"alignnone size-medium wp-image-413730\" src=\"https:\/\/www.radiopiu.net\/wordpress\/wp-content\/uploads\/2024\/10\/Assemblea-Caleipo1-225x300.jpeg\" alt=\"\" width=\"225\" height=\"300\" srcset=\"https:\/\/www.radiopiu.net\/wordpress\/wp-content\/uploads\/2024\/10\/Assemblea-Caleipo1-225x300.jpeg 225w, https:\/\/www.radiopiu.net\/wordpress\/wp-content\/uploads\/2024\/10\/Assemblea-Caleipo1-768x1024.jpeg 768w, https:\/\/www.radiopiu.net\/wordpress\/wp-content\/uploads\/2024\/10\/Assemblea-Caleipo1-1152x1536.jpeg 1152w, https:\/\/www.radiopiu.net\/wordpress\/wp-content\/uploads\/2024\/10\/Assemblea-Caleipo1.jpeg 1536w\" sizes=\"auto, (max-width: 225px) 100vw, 225px\" \/><\/a><\/p>\n<p>&nbsp;<\/p>\n<hr \/>\n<p>&nbsp;<\/p>\n<blockquote>\n<h2>La Belluno School Run celebra la decima edizione<\/h2>\n<\/blockquote>\n<p><strong>BELLUNO<\/strong> La Belluno School Run, manifestazione benefica per le scuole, festeggia la sua decima edizione il 19 ottobre. Coinvolgendo istituti scolastici, studenti e famiglie, l&#8217;evento mira a raccogliere fondi per progetti scolastici. Oltre 22mila euro gi\u00e0 raccolti e 2mila iscritti, con percorsi di 5 e 8 km.<\/p>\n<p><strong>DI DANIELE DALVIT<\/strong><\/p>\n<audio class=\"wp-audio-shortcode\" id=\"audio-413613-12\" preload=\"none\" style=\"width: 100%;\" controls=\"controls\"><source type=\"audio\/mpeg\" src=\"https:\/\/www.radiopiu.net\/wordpress\/wp-content\/uploads\/2024\/10\/Servizio-Belluno-School-Run-2024.mp3?_=12\" \/><a href=\"https:\/\/www.radiopiu.net\/wordpress\/wp-content\/uploads\/2024\/10\/Servizio-Belluno-School-Run-2024.mp3\">https:\/\/www.radiopiu.net\/wordpress\/wp-content\/uploads\/2024\/10\/Servizio-Belluno-School-Run-2024.mp3<\/a><\/audio>\n<p>&nbsp;<\/p>\n<p>&nbsp;<\/p>\n<p><a class=\"dt-pswp-item\" href=\"https:\/\/www.radiopiu.net\/wordpress\/wp-content\/uploads\/2024\/10\/7a44b0bd-83bb-4000-adf0-725872aafe57-scaled.jpg\" data-dt-img-description=\"\" data-large_image_width=\"2560\" data-large_image_height=\"1920\"><img loading=\"lazy\" decoding=\"async\" class=\"alignnone size-medium wp-image-413682\" src=\"https:\/\/www.radiopiu.net\/wordpress\/wp-content\/uploads\/2024\/10\/7a44b0bd-83bb-4000-adf0-725872aafe57-300x225.jpg\" alt=\"\" width=\"300\" height=\"225\" srcset=\"https:\/\/www.radiopiu.net\/wordpress\/wp-content\/uploads\/2024\/10\/7a44b0bd-83bb-4000-adf0-725872aafe57-300x225.jpg 300w, https:\/\/www.radiopiu.net\/wordpress\/wp-content\/uploads\/2024\/10\/7a44b0bd-83bb-4000-adf0-725872aafe57-1024x768.jpg 1024w, https:\/\/www.radiopiu.net\/wordpress\/wp-content\/uploads\/2024\/10\/7a44b0bd-83bb-4000-adf0-725872aafe57-768x576.jpg 768w, https:\/\/www.radiopiu.net\/wordpress\/wp-content\/uploads\/2024\/10\/7a44b0bd-83bb-4000-adf0-725872aafe57-1536x1152.jpg 1536w, https:\/\/www.radiopiu.net\/wordpress\/wp-content\/uploads\/2024\/10\/7a44b0bd-83bb-4000-adf0-725872aafe57-2048x1536.jpg 2048w\" sizes=\"auto, (max-width: 300px) 100vw, 300px\" \/><\/a><a class=\"dt-pswp-item\" href=\"https:\/\/www.radiopiu.net\/wordpress\/wp-content\/uploads\/2024\/10\/fc9004d9-7e61-4ec3-9230-35316a12fee0.jpg\" data-dt-img-description=\"\" data-large_image_width=\"2560\" data-large_image_height=\"1920\"><img loading=\"lazy\" decoding=\"async\" class=\"alignnone size-medium wp-image-413683\" src=\"https:\/\/www.radiopiu.net\/wordpress\/wp-content\/uploads\/2024\/10\/fc9004d9-7e61-4ec3-9230-35316a12fee0-300x225.jpg\" alt=\"\" width=\"300\" height=\"225\" srcset=\"https:\/\/www.radiopiu.net\/wordpress\/wp-content\/uploads\/2024\/10\/fc9004d9-7e61-4ec3-9230-35316a12fee0-300x225.jpg 300w, https:\/\/www.radiopiu.net\/wordpress\/wp-content\/uploads\/2024\/10\/fc9004d9-7e61-4ec3-9230-35316a12fee0-1024x768.jpg 1024w, https:\/\/www.radiopiu.net\/wordpress\/wp-content\/uploads\/2024\/10\/fc9004d9-7e61-4ec3-9230-35316a12fee0-768x576.jpg 768w, https:\/\/www.radiopiu.net\/wordpress\/wp-content\/uploads\/2024\/10\/fc9004d9-7e61-4ec3-9230-35316a12fee0-1536x1152.jpg 1536w, https:\/\/www.radiopiu.net\/wordpress\/wp-content\/uploads\/2024\/10\/fc9004d9-7e61-4ec3-9230-35316a12fee0-2048x1536.jpg 2048w\" sizes=\"auto, (max-width: 300px) 100vw, 300px\" \/><\/a><a class=\"dt-pswp-item\" href=\"https:\/\/www.radiopiu.net\/wordpress\/wp-content\/uploads\/2024\/10\/03c6b03a-2c50-4015-ac17-4ea5ccbf71be-scaled.jpg\" data-dt-img-description=\"\" data-large_image_width=\"2560\" data-large_image_height=\"1920\"><img loading=\"lazy\" decoding=\"async\" class=\"alignnone size-medium wp-image-413684\" src=\"https:\/\/www.radiopiu.net\/wordpress\/wp-content\/uploads\/2024\/10\/03c6b03a-2c50-4015-ac17-4ea5ccbf71be-300x225.jpg\" alt=\"\" width=\"300\" height=\"225\" srcset=\"https:\/\/www.radiopiu.net\/wordpress\/wp-content\/uploads\/2024\/10\/03c6b03a-2c50-4015-ac17-4ea5ccbf71be-300x225.jpg 300w, https:\/\/www.radiopiu.net\/wordpress\/wp-content\/uploads\/2024\/10\/03c6b03a-2c50-4015-ac17-4ea5ccbf71be-1024x768.jpg 1024w, https:\/\/www.radiopiu.net\/wordpress\/wp-content\/uploads\/2024\/10\/03c6b03a-2c50-4015-ac17-4ea5ccbf71be-768x576.jpg 768w, https:\/\/www.radiopiu.net\/wordpress\/wp-content\/uploads\/2024\/10\/03c6b03a-2c50-4015-ac17-4ea5ccbf71be-1536x1152.jpg 1536w, https:\/\/www.radiopiu.net\/wordpress\/wp-content\/uploads\/2024\/10\/03c6b03a-2c50-4015-ac17-4ea5ccbf71be-2048x1536.jpg 2048w\" sizes=\"auto, (max-width: 300px) 100vw, 300px\" \/><\/a><\/p>\n<p>&nbsp;<\/p>\n<p>&nbsp;<\/p>\n<p>&nbsp;<\/p>\n<hr \/>\n<p>&nbsp;<\/p>\n<blockquote>\n<h2>UN SECOLO DI SALESIANI A BELLUNO<\/h2>\n<\/blockquote>\n<p><strong><img loading=\"lazy\" decoding=\"async\" class=\"alignleft\" src=\"https:\/\/www.radiopiu.net\/wordpress\/wp-content\/uploads\/2024\/10\/34cd82e3-e30d-4e42-951c-fd513c911692.jpg\" width=\"156\" height=\"161\" \/>BELLUNO<\/strong><\/p>\n<p><strong>DI ROBERTO BONA<\/strong><\/p>\n<audio class=\"wp-audio-shortcode\" id=\"audio-413613-13\" preload=\"none\" style=\"width: 100%;\" controls=\"controls\"><source type=\"audio\/wav\" src=\"https:\/\/www.radiopiu.net\/wordpress\/wp-content\/uploads\/2024\/10\/Salesiani100.wav?_=13\" \/><a href=\"https:\/\/www.radiopiu.net\/wordpress\/wp-content\/uploads\/2024\/10\/Salesiani100.wav\">https:\/\/www.radiopiu.net\/wordpress\/wp-content\/uploads\/2024\/10\/Salesiani100.wav<\/a><\/audio>\n<p>&nbsp;<\/p>\n<p>&nbsp;<\/p>\n<hr \/>\n<p>&nbsp;<\/p>\n<p>&nbsp;<\/p>\n<blockquote>\n<h1>TRE AUTRICI PER PUNTI DI VISTA, STORIE PER CAPIRE<\/h1>\n<\/blockquote>\n<p><strong>BELLUNO<\/strong><\/p>\n<p><strong>DI ROBERTO BONA<\/strong><\/p>\n<audio class=\"wp-audio-shortcode\" id=\"audio-413613-14\" preload=\"none\" style=\"width: 100%;\" controls=\"controls\"><source type=\"audio\/wav\" src=\"https:\/\/www.radiopiu.net\/wordpress\/wp-content\/uploads\/2024\/10\/PuntiDiVista.wav?_=14\" \/><a href=\"https:\/\/www.radiopiu.net\/wordpress\/wp-content\/uploads\/2024\/10\/PuntiDiVista.wav\">https:\/\/www.radiopiu.net\/wordpress\/wp-content\/uploads\/2024\/10\/PuntiDiVista.wav<\/a><\/audio>\n<p>&nbsp;<\/p>\n<p><img loading=\"lazy\" decoding=\"async\" class=\"aligncenter\" src=\"https:\/\/www.radiopiu.net\/wordpress\/wp-content\/uploads\/2024\/10\/035eca65-8d62-4136-974f-5c03103a427e.jpg\" width=\"269\" height=\"190\" \/><\/p>\n<p>&nbsp;<\/p>\n<p>&nbsp;<\/p>\n<p>&nbsp;<\/p>\n<hr \/>\n<p>&nbsp;<\/p>\n<blockquote>\n<h3>VACCINAZIONE ANTINFLUENZALE 2024: DUE SEDUTE AD AGORDO<\/h3>\n<\/blockquote>\n<p><strong><a class=\"dt-pswp-item\" href=\"https:\/\/www.radiopiu.net\/wordpress\/wp-content\/uploads\/2020\/06\/vaccino.jpg\" data-dt-img-description=\"\" data-large_image_width=\"1920\" data-large_image_height=\"1280\"><img loading=\"lazy\" decoding=\"async\" class=\" wp-image-143923 alignleft\" src=\"https:\/\/www.radiopiu.net\/wordpress\/wp-content\/uploads\/2020\/06\/vaccino-300x200.jpg\" alt=\"\" width=\"182\" height=\"121\" srcset=\"https:\/\/www.radiopiu.net\/wordpress\/wp-content\/uploads\/2020\/06\/vaccino-300x200.jpg 300w, https:\/\/www.radiopiu.net\/wordpress\/wp-content\/uploads\/2020\/06\/vaccino-1024x683.jpg 1024w, https:\/\/www.radiopiu.net\/wordpress\/wp-content\/uploads\/2020\/06\/vaccino-768x512.jpg 768w, https:\/\/www.radiopiu.net\/wordpress\/wp-content\/uploads\/2020\/06\/vaccino-1536x1024.jpg 1536w, https:\/\/www.radiopiu.net\/wordpress\/wp-content\/uploads\/2020\/06\/vaccino.jpg 1920w\" sizes=\"auto, (max-width: 182px) 100vw, 182px\" \/><\/a>AGORDO.<\/strong> I Medici di Famiglia Dr. Bottarel, Dr. Fadig\u00e0 e Dr. Pennacchioni vaccineranno i propri pazienti sopra i 65 anni presso l\u2019Auditorium del Centro Parrocchiale \u201cVincenzo Savio\u201d ad Agordo. Le sessioni vaccinali si terranno sabato 12 ottobre dalle 9:00 alle 13:00 e dalle 15:00 alle 19:00 per i pazienti con cognomi dalla A alla M, e sabato 19 ottobre dalle 15:00 alle 19:00 per i cognomi dalla N alla Z. I medici invitano i pazienti a venire vestiti comodi per esporre pi\u00f9 velocemente e agilmente il braccio per l&#8217;iniezione del vaccino.<br \/>\nPer i pazienti non deambulanti sar\u00e0 disponibile la vaccinazione a domicilio. Le vaccinazioni per chi ha meno di 65 anni verranno effettuate pi\u00f9 avanti, quando i vaccini saranno disponibili.<\/p>\n<p>&nbsp;<\/p>\n<p>&nbsp;<\/p>\n<hr \/>\n<p>&nbsp;<\/p>\n<p>&nbsp;<\/p>\n<blockquote>\n<h2>DILLO A RADIOPIU&#8217;&#8230; NON SERVIRA&#8217;, MA MEGLIO RICORDARLO<\/h2>\n<\/blockquote>\n<p><strong>da Taibon riceviamo e pubblichiamo<\/strong><\/p>\n<p>Anche se so che non serve a nulla\u00a0 volevo fare una segnalazione:\u00a0 mio marito salendo da Belluno si \u00e8 preso un sasso sul tetto della macchina, una settimana fa mia figlia,\u00a0 sempre nello stesso posto,\u00a0 ha preso un sasso e si \u00e8 rotta la mascherina. Non siamo n\u00e9 i primi n\u00e9 gli ultimi a cui capiter\u00e0 ma mi chiedo dove sono i nostri amministratori, anche perch\u00e9 in quella zona non ci sarebbe difficolt\u00e0 a spostare la strada.<\/p>\n<p>&nbsp;<\/p>\n<hr \/>\n<p>&nbsp;<\/p>\n<blockquote><p><strong><a class=\"dt-pswp-item\" href=\"https:\/\/www.radiopiu.net\/wordpress\/wp-content\/uploads\/2024\/10\/IMG_7257-scaled.jpg\" data-dt-img-description=\"\" data-large_image_width=\"2560\" data-large_image_height=\"1707\"><img loading=\"lazy\" decoding=\"async\" class=\"size-medium wp-image-413783 alignleft\" src=\"https:\/\/www.radiopiu.net\/wordpress\/wp-content\/uploads\/2024\/10\/IMG_7257-300x200.jpg\" alt=\"\" width=\"300\" height=\"200\" srcset=\"https:\/\/www.radiopiu.net\/wordpress\/wp-content\/uploads\/2024\/10\/IMG_7257-300x200.jpg 300w, https:\/\/www.radiopiu.net\/wordpress\/wp-content\/uploads\/2024\/10\/IMG_7257-1024x683.jpg 1024w, https:\/\/www.radiopiu.net\/wordpress\/wp-content\/uploads\/2024\/10\/IMG_7257-768x512.jpg 768w, https:\/\/www.radiopiu.net\/wordpress\/wp-content\/uploads\/2024\/10\/IMG_7257-1536x1024.jpg 1536w, https:\/\/www.radiopiu.net\/wordpress\/wp-content\/uploads\/2024\/10\/IMG_7257-2048x1365.jpg 2048w\" sizes=\"auto, (max-width: 300px) 100vw, 300px\" \/><\/a>Anteprima del Festival &#8220;Camminando&#8221; 2025: Un Autunno di Esperienze<\/strong><\/p><\/blockquote>\n<p><strong>BORGO VALBELLUNA<\/strong><\/p>\n<div class=\"flex max-w-full flex-col flex-grow\">\n<div class=\"min-h-8 text-message flex w-full flex-col items-end gap-2 whitespace-normal break-words [.text-message+&amp;]:mt-5\" dir=\"auto\" data-message-author-role=\"assistant\" data-message-id=\"8024ce26-3e20-44cf-8239-56d27ce1ec2a\" data-message-model-slug=\"gpt-4o\">\n<div class=\"flex w-full flex-col gap-1 empty:hidden first:pt-[3px]\">\n<div class=\"markdown prose w-full break-words dark:prose-invert dark\">\n<p>L&#8217;edizione 2025 del festival &#8220;Camminando&#8221; propone un&#8217;anteprima autunnale con due camminate e due eventi culturali. Tra gli ospiti, Mario Piazzo e Giovanni Carraro. Il festival, dedicato alla cultura del camminare, continua a promuovere il turismo lento, l&#8217;inclusione e il benessere. Si parte con \u201cIl giro de la brosa\u201d 10 novembre. Il primo incontro con l\u2019autore sar\u00e0 sabato 26 ottobre alle 20:45 presso la Sala S. Felice di Trichiana \u201cLa fatica rende felice\u201d un\u2019insieme di immagini ed esperienze che racconteranno come lo sport e il cammino possano essere il mezzo per riscoprire se stessi e vivere forti emozioni.<\/p>\n<p>&nbsp;<\/p>\n<p>&nbsp;<\/p>\n<hr \/>\n<p><img loading=\"lazy\" decoding=\"async\" class=\"alignleft\" src=\"https:\/\/www.radiopiu.net\/wordpress\/wp-content\/uploads\/2024\/10\/b978b358-9139-4b85-a533-3e6ec9691fad.jpg\" width=\"115\" height=\"168\" \/><\/p>\n<blockquote>\n<h2>KARTING IN PIAZZA, A BELLUNO<\/h2>\n<\/blockquote>\n<p><strong>BELLUNO<\/strong><\/p>\n<p><strong>DI ROBERTO BONA\u00a0<\/strong><\/p>\n<audio class=\"wp-audio-shortcode\" id=\"audio-413613-15\" preload=\"none\" style=\"width: 100%;\" controls=\"controls\"><source type=\"audio\/wav\" src=\"https:\/\/www.radiopiu.net\/wordpress\/wp-content\/uploads\/2024\/10\/KartingPiazza.wav?_=15\" \/><a href=\"https:\/\/www.radiopiu.net\/wordpress\/wp-content\/uploads\/2024\/10\/KartingPiazza.wav\">https:\/\/www.radiopiu.net\/wordpress\/wp-content\/uploads\/2024\/10\/KartingPiazza.wav<\/a><\/audio>\n<p>&nbsp;<\/p>\n<\/div>\n<\/div>\n<\/div>\n<\/div>\n<p>&nbsp;<\/p>\n<hr \/>\n<p>&nbsp;<\/p>\n<p>&nbsp;<\/p>\n<div class=\"page-title-head hgroup\">\n<blockquote>\n<h1 class=\"entry-title\">L\u2019ARMADIO DELLA VERGOGNA A BOLZANO BELLUNESE sabato 19 ottobre<\/h1>\n<\/blockquote>\n<\/div>\n<div class=\"page-title-breadcrumbs\">\n<p><img loading=\"lazy\" decoding=\"async\" class=\"alignleft\" src=\"https:\/\/www.radiopiu.net\/wordpress\/wp-content\/uploads\/2024\/10\/74c3ef91-6fb8-4262-9ef6-afe32c30967a.jpg\" width=\"190\" height=\"247\" \/><\/p>\n<p><strong>BELLUNO DI ROBERTO BONA<\/strong><\/p>\n<audio class=\"wp-audio-shortcode\" id=\"audio-413613-16\" preload=\"none\" style=\"width: 100%;\" controls=\"controls\"><source type=\"audio\/wav\" src=\"https:\/\/www.radiopiu.net\/wordpress\/wp-content\/uploads\/2024\/10\/EccidiNazifascistiArmadiodellaVergogna.wav?_=16\" \/><a href=\"https:\/\/www.radiopiu.net\/wordpress\/wp-content\/uploads\/2024\/10\/EccidiNazifascistiArmadiodellaVergogna.wav\">https:\/\/www.radiopiu.net\/wordpress\/wp-content\/uploads\/2024\/10\/EccidiNazifascistiArmadiodellaVergogna.wav<\/a><\/audio>\n<p>&nbsp;<\/p>\n<\/div>\n<p>&nbsp;<\/p>\n<hr \/>\n<p>&nbsp;<\/p>\n<blockquote>\n<h2>DOMENICA CON IL CAI DI AGORDO AL RIFUGIO PRADUT<\/h2>\n<\/blockquote>\n<p><strong>AGORDO<\/strong> Domenica escursione nel Friuli occidentale con il suo territorio aspro e selvaggio mette a disposizione luoghi dal fascino impervio e poco antropizzato e di questo il monte Resettum ne \u00e8 un valido esempio. Una piacevole escursione autunnale, nel cuore delle Prealpi Carniche.\u00a0 Ritrovo: Presso la Sede del CAI &#8211; Piazzale Marconi &#8211; Agordo alle\u00a0 6.30.<\/p>\n<p>&nbsp;<\/p>\n<hr \/>\n<p>&nbsp;<\/p>\n<blockquote>\n<h3>STUDIARE ALL&#8217;ESTERO CON INTERCULTURA: GLI INCONTRI<\/h3>\n<\/blockquote>\n<p><strong><a class=\"dt-pswp-item\" href=\"https:\/\/www.radiopiu.net\/wordpress\/wp-content\/uploads\/2024\/10\/JGHJKLAHGALK.jpg\" data-dt-img-description=\"\" data-large_image_width=\"1130\" data-large_image_height=\"850\"><img loading=\"lazy\" decoding=\"async\" class=\" wp-image-413413 alignleft\" src=\"https:\/\/www.radiopiu.net\/wordpress\/wp-content\/uploads\/2024\/10\/JGHJKLAHGALK-300x226.jpg\" alt=\"\" width=\"131\" height=\"99\" srcset=\"https:\/\/www.radiopiu.net\/wordpress\/wp-content\/uploads\/2024\/10\/JGHJKLAHGALK-300x226.jpg 300w, https:\/\/www.radiopiu.net\/wordpress\/wp-content\/uploads\/2024\/10\/JGHJKLAHGALK-1024x770.jpg 1024w, https:\/\/www.radiopiu.net\/wordpress\/wp-content\/uploads\/2024\/10\/JGHJKLAHGALK-768x578.jpg 768w, https:\/\/www.radiopiu.net\/wordpress\/wp-content\/uploads\/2024\/10\/JGHJKLAHGALK.jpg 1130w\" sizes=\"auto, (max-width: 131px) 100vw, 131px\" \/><\/a>BELLUNO<\/strong> Il Centro Locale di Intercultura di Belluno propone incontri informativi per gli studenti dai 14 ai 17 anni interessati a frequentare un anno di scuola all&#8217;estero. Questi eventi, che si terranno il 12 ottobre ad Auronzo e il 25 ottobre a Feltre, coinvolgeranno studenti e genitori che hanno gi\u00e0 vissuto questa esperienza. L&#8217;iniziativa permette di studiare il quarto anno di superiori all&#8217;estero senza perdere l&#8217;anno in Italia, grazie alla convenzione con il Ministero della Pubblica Istruzione.<\/p>\n<p>&nbsp;<\/p>\n<p>&nbsp;<\/p>\n<hr \/>\n<p>&nbsp;<\/p>\n<blockquote>\n<h3>I PANETTONI DELLA CITTA&#8217; DELLA SPERANZA<\/h3>\n<\/blockquote>\n<p><strong><a class=\"dt-pswp-item\" href=\"https:\/\/www.radiopiu.net\/wordpress\/wp-content\/uploads\/2024\/10\/WhatsApp-Image-2024-10-08-at-09.46.30.jpg\" data-dt-img-description=\"\" data-large_image_width=\"1200\" data-large_image_height=\"675\"><img loading=\"lazy\" decoding=\"async\" class=\" wp-image-413475 alignleft\" src=\"https:\/\/www.radiopiu.net\/wordpress\/wp-content\/uploads\/2024\/10\/WhatsApp-Image-2024-10-08-at-09.46.30-300x169.jpg\" alt=\"\" width=\"172\" height=\"97\" srcset=\"https:\/\/www.radiopiu.net\/wordpress\/wp-content\/uploads\/2024\/10\/WhatsApp-Image-2024-10-08-at-09.46.30-300x169.jpg 300w, https:\/\/www.radiopiu.net\/wordpress\/wp-content\/uploads\/2024\/10\/WhatsApp-Image-2024-10-08-at-09.46.30-1024x576.jpg 1024w, https:\/\/www.radiopiu.net\/wordpress\/wp-content\/uploads\/2024\/10\/WhatsApp-Image-2024-10-08-at-09.46.30-768x432.jpg 768w, https:\/\/www.radiopiu.net\/wordpress\/wp-content\/uploads\/2024\/10\/WhatsApp-Image-2024-10-08-at-09.46.30.jpg 1200w\" sizes=\"auto, (max-width: 172px) 100vw, 172px\" \/><\/a>ALPAGO<\/strong> Tornano i panettoni solidali della Citt\u00e0 della Speranza per sostenere la ricerca contro i tumori infantili. Con l&#8217;avvicinarsi del Natale, il gruppo di volontari dell&#8217;Alpago rinnova il suo impegno nella vendita e distribuzione di dolci natalizi. Quest&#8217;anno saranno disponibili tre versioni: il classico panettone da 900 grammi, il pandoro da 750 grammi, e per i pi\u00f9 golosi, il panettone al cioccolato da 750 grammi, tutti acquistabili al prezzo di 13 euro. Un&#8217;iniziativa che unisce la tradizione del Natale alla possibilit\u00e0 di contribuire a una causa importante.<\/p>\n<p>&nbsp;<\/p>\n<p>&nbsp;<\/p>\n<hr \/>\n<p>&nbsp;<\/p>\n<blockquote><p><strong><a class=\"dt-pswp-item\" href=\"https:\/\/www.radiopiu.net\/wordpress\/wp-content\/uploads\/2023\/05\/FAI-BELLUNO.png\" data-dt-img-description=\"\" data-large_image_width=\"244\" data-large_image_height=\"122\"><img loading=\"lazy\" decoding=\"async\" class=\" wp-image-333946 alignleft\" src=\"https:\/\/www.radiopiu.net\/wordpress\/wp-content\/uploads\/2023\/05\/FAI-BELLUNO.png\" alt=\"\" width=\"192\" height=\"96\" \/><\/a>Giornate FAI d\u2019Autunno aprono il Veneto ai visitatori<\/strong><\/p><\/blockquote>\n<p><strong>VENEZIA<\/strong> Sabato e domenica, il Veneto parteciper\u00e0 alle Giornate FAI d\u2019Autunno, con l\u2019apertura di circa 100 siti artistici e culturali in tutte le province. Il Presidente Luca Zaia sottolinea l\u2019importanza dell\u2019evento per valorizzare il patrimonio regionale, in attesa della terza edizione della Giornata delle Ville Venete. <em>&#8220;Parliamo\u00a0 &#8211; insiste Zaia -di un centinaio di siti dislocati in tutte le sette province del territorio veneto, alcuni dei quali inaccessibili durante l\u2019anno, poco conosciuti o inconsueti, che spesso rappresentano il cuore del patrimonio della nostra regione\u201d.<\/em><\/p>\n<p>&nbsp;<\/p>\n<p>&nbsp;<\/p>\n<hr \/>\n<blockquote>\n<h3><\/h3>\n<h3>GIORNATE FAI D&#8217;AUTUNNO IL 12 E 13 OTTOBRE. VISITE AL CENTRO MINERARIO VALLE IMPERINA E TEATRO DELLA SENA<\/h3>\n<\/blockquote>\n<p><strong>BELLUNO<\/strong> Il Gruppo FAI Giovani di Belluno e il Gruppo FAI di Feltre organizzano visite a due luoghi storici della provincia di Belluno: il Centro Minerario di Valle Imperina e il Teatro de la Sena. Il Centro Minerario di Valle Imperina, situato nel Parco Nazionale delle Dolomiti Bellunesi, \u00e8 stato un importante sito di estrazione di rame e zolfo dal 1400 al 1962. Il fabbricato dei forni fusori ospita tre antichi forni, una testimonianza della tecnologia metallurgica utilizzata dalla Serenissima Repubblica di Venezia. Le visite saranno guidate dagli studenti del Liceo Scientifico &#8220;Follador&#8221; di Agordo. Il Teatro de la Sena, nel centro storico di Feltre, \u00e8 stato ricostruito nell&#8217;800 da Giannantonio Selva, lo stesso architetto del Teatro La Fenice di Venezia. Qui, il giovane Carlo Goldoni ha lavorato come attore e regista. Le visite al teatro saranno condotte dagli studenti del Liceo Dal Piaz.<\/p>\n<p><a class=\"dt-pswp-item\" href=\"https:\/\/www.radiopiu.net\/wordpress\/wp-content\/uploads\/2024\/10\/Valle-Imperina-Fabbricato-Forni-Fusori.jpeg\" data-dt-img-description=\"\" data-large_image_width=\"1600\" data-large_image_height=\"1200\"><img loading=\"lazy\" decoding=\"async\" class=\"alignnone wp-image-412572\" src=\"https:\/\/www.radiopiu.net\/wordpress\/wp-content\/uploads\/2024\/10\/Valle-Imperina-Fabbricato-Forni-Fusori-300x225.jpeg\" alt=\"\" width=\"268\" height=\"201\" srcset=\"https:\/\/www.radiopiu.net\/wordpress\/wp-content\/uploads\/2024\/10\/Valle-Imperina-Fabbricato-Forni-Fusori-300x225.jpeg 300w, https:\/\/www.radiopiu.net\/wordpress\/wp-content\/uploads\/2024\/10\/Valle-Imperina-Fabbricato-Forni-Fusori-1024x768.jpeg 1024w, https:\/\/www.radiopiu.net\/wordpress\/wp-content\/uploads\/2024\/10\/Valle-Imperina-Fabbricato-Forni-Fusori-768x576.jpeg 768w, https:\/\/www.radiopiu.net\/wordpress\/wp-content\/uploads\/2024\/10\/Valle-Imperina-Fabbricato-Forni-Fusori-1536x1152.jpeg 1536w, https:\/\/www.radiopiu.net\/wordpress\/wp-content\/uploads\/2024\/10\/Valle-Imperina-Fabbricato-Forni-Fusori.jpeg 1600w\" sizes=\"auto, (max-width: 268px) 100vw, 268px\" \/><\/a><a class=\"dt-pswp-item\" href=\"https:\/\/www.radiopiu.net\/wordpress\/wp-content\/uploads\/2024\/10\/Valle-Imperina-Forni-Fusori.jpeg\" data-dt-img-description=\"\" data-large_image_width=\"1600\" data-large_image_height=\"1200\"><img loading=\"lazy\" decoding=\"async\" class=\"alignnone wp-image-412573\" src=\"https:\/\/www.radiopiu.net\/wordpress\/wp-content\/uploads\/2024\/10\/Valle-Imperina-Forni-Fusori-300x225.jpeg\" alt=\"\" width=\"268\" height=\"201\" srcset=\"https:\/\/www.radiopiu.net\/wordpress\/wp-content\/uploads\/2024\/10\/Valle-Imperina-Forni-Fusori-300x225.jpeg 300w, https:\/\/www.radiopiu.net\/wordpress\/wp-content\/uploads\/2024\/10\/Valle-Imperina-Forni-Fusori-1024x768.jpeg 1024w, https:\/\/www.radiopiu.net\/wordpress\/wp-content\/uploads\/2024\/10\/Valle-Imperina-Forni-Fusori-768x576.jpeg 768w, https:\/\/www.radiopiu.net\/wordpress\/wp-content\/uploads\/2024\/10\/Valle-Imperina-Forni-Fusori-1536x1152.jpeg 1536w, https:\/\/www.radiopiu.net\/wordpress\/wp-content\/uploads\/2024\/10\/Valle-Imperina-Forni-Fusori.jpeg 1600w\" sizes=\"auto, (max-width: 268px) 100vw, 268px\" \/><\/a><\/p>\n<p>&nbsp;<\/p>\n<hr \/>\n<p>&nbsp;<\/p>\n<blockquote>\n<h1><strong><a class=\"dt-pswp-item\" href=\"https:\/\/www.radiopiu.net\/wordpress\/wp-content\/uploads\/2024\/10\/psychosis-388874_960_720.jpg\" data-dt-img-description=\"\" data-large_image_width=\"960\" data-large_image_height=\"679\"><img loading=\"lazy\" decoding=\"async\" class=\"wp-image-412537 alignleft\" src=\"https:\/\/www.radiopiu.net\/wordpress\/wp-content\/uploads\/2024\/10\/psychosis-388874_960_720-300x212.jpg\" alt=\"\" width=\"168\" height=\"119\" srcset=\"https:\/\/www.radiopiu.net\/wordpress\/wp-content\/uploads\/2024\/10\/psychosis-388874_960_720-300x212.jpg 300w, https:\/\/www.radiopiu.net\/wordpress\/wp-content\/uploads\/2024\/10\/psychosis-388874_960_720-768x543.jpg 768w, https:\/\/www.radiopiu.net\/wordpress\/wp-content\/uploads\/2024\/10\/psychosis-388874_960_720.jpg 960w\" sizes=\"auto, (max-width: 168px) 100vw, 168px\" \/><\/a>Settimana della Salute Mentale: Iniziative e Sensibilizzazione<\/strong><\/h1>\n<\/blockquote>\n<div class=\"flex max-w-full flex-col flex-grow\">\n<div class=\"min-h-8 text-message flex w-full flex-col items-end gap-2 whitespace-normal break-words [.text-message+&amp;]:mt-5\" dir=\"auto\" data-message-author-role=\"assistant\" data-message-id=\"74414bbe-d866-4729-a484-30acf084be15\">\n<div class=\"flex w-full flex-col gap-1 empty:hidden first:pt-[3px]\">\n<div class=\"markdown prose w-full break-words dark:prose-invert dark\">\n<p><strong>BELLUNO<\/strong> Dal 5 al 13 ottobre 2024, l\u2019Ulss Dolomiti celebra la Settimana della Salute Mentale, in concomitanza con la Giornata Mondiale della Salute Mentale del 10 ottobre. L&#8217;iniziativa mira a promuovere il benessere mentale e combattere stigma e pregiudizi attraverso eventi vari, tra cui presentazioni di libri, mercatini artigianali, proiezioni di film e passeggiate. Saranno coinvolti anche utenti dei servizi di Salute Mentale e le loro famiglie. Monumenti locali saranno illuminati di verde, simbolo della salute mentale. Questa settimana rientra nel \u201cProgetto di riorganizzazione del Dipartimento di Salute Mentale\u201d dell&#8217;Ulss e ha visto il coinvolgimento di enti, associazioni e cittadini, per costruire un percorso condiviso verso una societ\u00e0 pi\u00f9 inclusiva e consapevole.<\/p>\n<\/div>\n<\/div>\n<\/div>\n<\/div>\n<div class=\"mb-2 flex gap-3 empty:hidden -ml-2\">\n<div class=\"items-center justify-start rounded-xl p-1 flex\">\n<div class=\"flex items-center\">\n<div class=\"flex items-center pb-0\">Image by <a href=\"https:\/\/pixabay.com\/users\/geralt-9301\/?utm_source=link-attribution&amp;utm_medium=referral&amp;utm_campaign=image&amp;utm_content=388874\">Gerd Altmann<\/a> from <a href=\"https:\/\/pixabay.com\/\/?utm_source=link-attribution&amp;utm_medium=referral&amp;utm_campaign=image&amp;utm_content=388874\">Pixabay<\/a><\/div>\n<div><\/div>\n<\/div>\n<\/div>\n<\/div>\n<blockquote><p>A COLLOQUIO CON ANGELO BREGA, PRIMARIO DELLA PSICHIATRIA DI FELTRE<\/p><\/blockquote>\n<p><strong><a class=\"dt-pswp-item\" href=\"https:\/\/www.radiopiu.net\/wordpress\/wp-content\/uploads\/2024\/03\/361ac5f0-8ea5-42ed-a502-7fb020521184.jpg\" data-dt-img-description=\"\" data-large_image_width=\"1439\" data-large_image_height=\"1600\"><img loading=\"lazy\" decoding=\"async\" class=\" wp-image-381485 alignleft\" src=\"https:\/\/www.radiopiu.net\/wordpress\/wp-content\/uploads\/2024\/03\/361ac5f0-8ea5-42ed-a502-7fb020521184-270x300.jpg\" alt=\"\" width=\"134\" height=\"149\" srcset=\"https:\/\/www.radiopiu.net\/wordpress\/wp-content\/uploads\/2024\/03\/361ac5f0-8ea5-42ed-a502-7fb020521184-270x300.jpg 270w, https:\/\/www.radiopiu.net\/wordpress\/wp-content\/uploads\/2024\/03\/361ac5f0-8ea5-42ed-a502-7fb020521184-921x1024.jpg 921w, https:\/\/www.radiopiu.net\/wordpress\/wp-content\/uploads\/2024\/03\/361ac5f0-8ea5-42ed-a502-7fb020521184-768x854.jpg 768w, https:\/\/www.radiopiu.net\/wordpress\/wp-content\/uploads\/2024\/03\/361ac5f0-8ea5-42ed-a502-7fb020521184-1381x1536.jpg 1381w, https:\/\/www.radiopiu.net\/wordpress\/wp-content\/uploads\/2024\/03\/361ac5f0-8ea5-42ed-a502-7fb020521184.jpg 1439w\" sizes=\"auto, (max-width: 134px) 100vw, 134px\" \/><\/a>DI LUISA ALCHINI<\/strong><\/p>\n<p>OSPITE: dott. Angelo Brega primario UOC psichiatria di Feltre<\/p>\n<audio class=\"wp-audio-shortcode\" id=\"audio-413613-17\" preload=\"none\" style=\"width: 100%;\" controls=\"controls\"><source type=\"audio\/mpeg\" src=\"https:\/\/www.radiopiu.net\/wordpress\/wp-content\/uploads\/2024\/03\/INTERVISTA-dott-Angelo-Brega-primario-UOC-psichiatri-di-Feltre-2.mp3?_=17\" \/><a href=\"https:\/\/www.radiopiu.net\/wordpress\/wp-content\/uploads\/2024\/03\/INTERVISTA-dott-Angelo-Brega-primario-UOC-psichiatri-di-Feltre-2.mp3\">https:\/\/www.radiopiu.net\/wordpress\/wp-content\/uploads\/2024\/03\/INTERVISTA-dott-Angelo-Brega-primario-UOC-psichiatri-di-Feltre-2.mp3<\/a><\/audio>\n<p>&nbsp;<\/p>\n<p>&nbsp;<\/p>\n<hr \/>\n<p>&nbsp;<\/p>\n<blockquote>\n<h1><strong><a class=\"dt-pswp-item\" href=\"https:\/\/www.radiopiu.net\/wordpress\/wp-content\/uploads\/2024\/10\/man-2546107_640.jpg\" data-dt-img-description=\"\" data-large_image_width=\"640\" data-large_image_height=\"182\"><img loading=\"lazy\" decoding=\"async\" class=\"size-medium wp-image-412538 alignleft\" src=\"https:\/\/www.radiopiu.net\/wordpress\/wp-content\/uploads\/2024\/10\/man-2546107_640-300x85.jpg\" alt=\"\" width=\"300\" height=\"85\" srcset=\"https:\/\/www.radiopiu.net\/wordpress\/wp-content\/uploads\/2024\/10\/man-2546107_640-300x85.jpg 300w, https:\/\/www.radiopiu.net\/wordpress\/wp-content\/uploads\/2024\/10\/man-2546107_640-350x100.jpg 350w, https:\/\/www.radiopiu.net\/wordpress\/wp-content\/uploads\/2024\/10\/man-2546107_640.jpg 640w\" sizes=\"auto, (max-width: 300px) 100vw, 300px\" \/><\/a>Strumenti per Gestire le Demenze: Nuovi Incontri del CDCD<\/strong><\/h1>\n<\/blockquote>\n<p>Il Centro per i Disturbi Cognitivi e Demenze (CDCD) dell\u2019Ulss Dolomiti avvia un ciclo di quattro incontri intitolato &#8220;Non sei solo. Strumenti per la gestione delle demenze, insieme&#8221;, rivolto a familiari e assistenti di persone con declino cognitivo. Gli incontri si terranno tutti i luned\u00ec, dal 7 al 28 ottobre 2024, dalle 18.00 alle 19.00, presso l\u2019Ospedale San Martino di Belluno. Ogni incontro affronter\u00e0 temi come la diagnosi e prevenzione del declino, la gestione dei comportamenti e il supporto alle famiglie, culminando in discussioni etiche. Per iscrizioni, contattare <a rel=\"noopener\">cdcd.fe@aulss1.veneto.it<\/a>.<\/p>\n<p>Image by <a href=\"https:\/\/pixabay.com\/users\/geralt-9301\/?utm_source=link-attribution&amp;utm_medium=referral&amp;utm_campaign=image&amp;utm_content=2546107\">Gerd Altmann<\/a> from <a href=\"https:\/\/pixabay.com\/\/?utm_source=link-attribution&amp;utm_medium=referral&amp;utm_campaign=image&amp;utm_content=2546107\">Pixabay<\/a><\/p>\n<p>&nbsp;<\/p>\n<hr \/>\n<p>&nbsp;<\/p>\n<blockquote>\n<h1><strong><a class=\"dt-pswp-item\" href=\"https:\/\/www.radiopiu.net\/wordpress\/wp-content\/uploads\/2024\/10\/baby-4329810_640.jpg\" data-dt-img-description=\"\" data-large_image_width=\"640\" data-large_image_height=\"360\"><img loading=\"lazy\" decoding=\"async\" class=\" wp-image-412539 alignleft\" src=\"https:\/\/www.radiopiu.net\/wordpress\/wp-content\/uploads\/2024\/10\/baby-4329810_640-300x169.jpg\" alt=\"\" width=\"178\" height=\"100\" srcset=\"https:\/\/www.radiopiu.net\/wordpress\/wp-content\/uploads\/2024\/10\/baby-4329810_640-300x169.jpg 300w, https:\/\/www.radiopiu.net\/wordpress\/wp-content\/uploads\/2024\/10\/baby-4329810_640.jpg 640w\" sizes=\"auto, (max-width: 178px) 100vw, 178px\" \/><\/a>Settimana Allattamento Materno 2024: Un Villaggio per Crescere Insieme<\/strong><\/h1>\n<\/blockquote>\n<p><strong>BELLUNO<\/strong> In occasione della Settimana Allattamento Materno (SAM) 2024, l\u2019Ulss Dolomiti organizza eventi per sensibilizzare la comunit\u00e0 sull\u2019importanza del sostegno durante l\u2019allattamento. Con la partecipazione di Ostetricia e Ginecologia di Belluno, Feltre e Pieve di Cadore, Pediatrie, Consultori e UNICEF Belluno, gli incontri si terranno dal 7 al 14 ottobre 2024. Temi trattati includeranno il contatto pelle a pelle, l&#8217;uso della fascia e lo sviluppo del linguaggio. Gli eventi si svolgeranno in diverse sedi e coinvolgeranno professionisti del settore e neomamme, con attivit\u00e0 pratiche e momenti di condivisione per promuovere legami affettivi e salute.<\/p>\n<p>Image by <a href=\"https:\/\/pixabay.com\/users\/darkside-550-945237\/?utm_source=link-attribution&amp;utm_medium=referral&amp;utm_campaign=image&amp;utm_content=4329810\">Candelario Gomez Lopez<\/a> from <a href=\"https:\/\/pixabay.com\/\/?utm_source=link-attribution&amp;utm_medium=referral&amp;utm_campaign=image&amp;utm_content=4329810\">Pixabay\u00a0<\/a><\/p>\n<p>&nbsp;<\/p>\n<hr \/>\n<p>&nbsp;<\/p>\n<blockquote>\n<h3>RIVA L&#8217;OKTOBERFEST A RIVAMONTE&#8230;CON DOLOMITI BEER &amp; WINE BEER DI TAIBON<\/h3>\n<\/blockquote>\n<p><strong><a class=\"dt-pswp-item\" href=\"https:\/\/www.radiopiu.net\/wordpress\/wp-content\/uploads\/2024\/10\/5e470011-d042-4192-b606-8c06db8b3a37.jpg\" data-dt-img-description=\"\" data-large_image_width=\"1153\" data-large_image_height=\"1600\"><img loading=\"lazy\" decoding=\"async\" class=\" wp-image-411999 alignleft\" src=\"https:\/\/www.radiopiu.net\/wordpress\/wp-content\/uploads\/2024\/10\/5e470011-d042-4192-b606-8c06db8b3a37-216x300.jpg\" alt=\"\" width=\"114\" height=\"158\" srcset=\"https:\/\/www.radiopiu.net\/wordpress\/wp-content\/uploads\/2024\/10\/5e470011-d042-4192-b606-8c06db8b3a37-216x300.jpg 216w, https:\/\/www.radiopiu.net\/wordpress\/wp-content\/uploads\/2024\/10\/5e470011-d042-4192-b606-8c06db8b3a37-738x1024.jpg 738w, https:\/\/www.radiopiu.net\/wordpress\/wp-content\/uploads\/2024\/10\/5e470011-d042-4192-b606-8c06db8b3a37-768x1066.jpg 768w, https:\/\/www.radiopiu.net\/wordpress\/wp-content\/uploads\/2024\/10\/5e470011-d042-4192-b606-8c06db8b3a37-1107x1536.jpg 1107w, https:\/\/www.radiopiu.net\/wordpress\/wp-content\/uploads\/2024\/10\/5e470011-d042-4192-b606-8c06db8b3a37.jpg 1153w\" sizes=\"auto, (max-width: 114px) 100vw, 114px\" \/><\/a>RIVAMONTE<\/strong> Conto alla rovescia per la quarta edizione di &#8220;Riva L&#8217;Oktoberfest&#8221; a Rivamonte. Anche quest&#8217;anno la Pro Loco di Rivamonte ha messo a disposizione il tendone riscaldato per festeggiare la festa della birra. Sar\u00e0 Dolomiti Beer &amp; Wine Shop di Taibon a fornire la tipica birra bavarese e tutto il necessario per offrire al pubblico una birra perfetta. L&#8217;evento del weekend, dall&#8217;11 al 13 ottobre, promette tre giornate di divertimento e ottimo cibo in stile bavarese. Venerd\u00ec si inizia con un Happy Hour accompagnato dalla musica live della Sritz Band. Sabato sar\u00e0 dedicato ai piatti bavaresi e alla musica Oberkrainer con il Koa Quintett, seguito da un DJ set. Domenica ci saranno esposizioni, dimostrazioni e il gran finale con la porchetta. Durante tutto il weekend, saranno serviti piatti tradizionali come stinco, wurstel, crauti, canederli e spatzle, accompagnati da birra fresca in bicchieri da mezzo litro. Il tendone riscaldato garantisce un&#8217;atmosfera accogliente, e chi indossa abiti tirolesi \u00e8 il benvenuto.<\/p>\n<p>&nbsp;<\/p>\n<p><strong>DI MIRKO MEZZACASA<\/strong><\/p>\n<p>OSPITE: Giacomo &#8220;Jacky&#8221; Bressan, Pro Loco di Rivamonte<\/p>\n<audio class=\"wp-audio-shortcode\" id=\"audio-413613-18\" preload=\"none\" style=\"width: 100%;\" controls=\"controls\"><source type=\"audio\/mpeg\" src=\"https:\/\/www.radiopiu.net\/wordpress\/wp-content\/uploads\/2024\/10\/GIACOMO-BRESSAN-OKTOBERST-1.mp3?_=18\" \/><a href=\"https:\/\/www.radiopiu.net\/wordpress\/wp-content\/uploads\/2024\/10\/GIACOMO-BRESSAN-OKTOBERST-1.mp3\">https:\/\/www.radiopiu.net\/wordpress\/wp-content\/uploads\/2024\/10\/GIACOMO-BRESSAN-OKTOBERST-1.mp3<\/a><\/audio>\n<p>&nbsp;<\/p>\n<p><a class=\"dt-pswp-item\" href=\"https:\/\/www.radiopiu.net\/wordpress\/wp-content\/uploads\/2024\/10\/2e5c4358-ded0-46a3-b586-f0dc161e2eb2.jpg\" data-dt-img-description=\"\" data-large_image_width=\"1024\" data-large_image_height=\"1024\"><img loading=\"lazy\" decoding=\"async\" class=\"alignnone size-medium wp-image-411997\" src=\"https:\/\/www.radiopiu.net\/wordpress\/wp-content\/uploads\/2024\/10\/2e5c4358-ded0-46a3-b586-f0dc161e2eb2-300x300.jpg\" alt=\"\" width=\"300\" height=\"300\" srcset=\"https:\/\/www.radiopiu.net\/wordpress\/wp-content\/uploads\/2024\/10\/2e5c4358-ded0-46a3-b586-f0dc161e2eb2-300x300.jpg 300w, https:\/\/www.radiopiu.net\/wordpress\/wp-content\/uploads\/2024\/10\/2e5c4358-ded0-46a3-b586-f0dc161e2eb2-150x150.jpg 150w, https:\/\/www.radiopiu.net\/wordpress\/wp-content\/uploads\/2024\/10\/2e5c4358-ded0-46a3-b586-f0dc161e2eb2-768x768.jpg 768w, https:\/\/www.radiopiu.net\/wordpress\/wp-content\/uploads\/2024\/10\/2e5c4358-ded0-46a3-b586-f0dc161e2eb2.jpg 1024w\" sizes=\"auto, (max-width: 300px) 100vw, 300px\" \/><\/a><a class=\"dt-pswp-item\" href=\"https:\/\/www.radiopiu.net\/wordpress\/wp-content\/uploads\/2024\/10\/aeb178f8-5bb0-4e08-8228-844f27fd0e9e.jpg\" data-dt-img-description=\"\" data-large_image_width=\"1600\" data-large_image_height=\"1600\"><img loading=\"lazy\" decoding=\"async\" class=\"alignnone size-medium wp-image-411998\" src=\"https:\/\/www.radiopiu.net\/wordpress\/wp-content\/uploads\/2024\/10\/aeb178f8-5bb0-4e08-8228-844f27fd0e9e-300x300.jpg\" alt=\"\" width=\"300\" height=\"300\" srcset=\"https:\/\/www.radiopiu.net\/wordpress\/wp-content\/uploads\/2024\/10\/aeb178f8-5bb0-4e08-8228-844f27fd0e9e-300x300.jpg 300w, https:\/\/www.radiopiu.net\/wordpress\/wp-content\/uploads\/2024\/10\/aeb178f8-5bb0-4e08-8228-844f27fd0e9e-1024x1024.jpg 1024w, https:\/\/www.radiopiu.net\/wordpress\/wp-content\/uploads\/2024\/10\/aeb178f8-5bb0-4e08-8228-844f27fd0e9e-150x150.jpg 150w, https:\/\/www.radiopiu.net\/wordpress\/wp-content\/uploads\/2024\/10\/aeb178f8-5bb0-4e08-8228-844f27fd0e9e-768x768.jpg 768w, https:\/\/www.radiopiu.net\/wordpress\/wp-content\/uploads\/2024\/10\/aeb178f8-5bb0-4e08-8228-844f27fd0e9e-1536x1536.jpg 1536w, https:\/\/www.radiopiu.net\/wordpress\/wp-content\/uploads\/2024\/10\/aeb178f8-5bb0-4e08-8228-844f27fd0e9e.jpg 1600w\" sizes=\"auto, (max-width: 300px) 100vw, 300px\" \/><\/a><\/p>\n<p>&nbsp;<\/p>\n<hr \/>\n<p>&nbsp;<\/p>\n<blockquote>\n<h3>OLTRE LE VETTE 2024: A BELLUNO DAL 4 AL 13 OTTOBRE<\/h3>\n<\/blockquote>\n<p><strong><a class=\"dt-pswp-item\" href=\"https:\/\/www.radiopiu.net\/wordpress\/wp-content\/uploads\/2021\/05\/TEATRO-COMUNALE-BELLUNO.jpg\" data-dt-img-description=\"\" data-large_image_width=\"550\" data-large_image_height=\"435\"><img loading=\"lazy\" decoding=\"async\" class=\" wp-image-212942 alignleft\" src=\"https:\/\/www.radiopiu.net\/wordpress\/wp-content\/uploads\/2021\/05\/TEATRO-COMUNALE-BELLUNO-300x237.jpg\" alt=\"\" width=\"194\" height=\"153\" srcset=\"https:\/\/www.radiopiu.net\/wordpress\/wp-content\/uploads\/2021\/05\/TEATRO-COMUNALE-BELLUNO-300x237.jpg 300w, https:\/\/www.radiopiu.net\/wordpress\/wp-content\/uploads\/2021\/05\/TEATRO-COMUNALE-BELLUNO.jpg 550w\" sizes=\"auto, (max-width: 194px) 100vw, 194px\" \/><\/a>DI MIRKO MEZZACASA<\/strong><\/p>\n<p>OSPITE: Valentina Ciprian<\/p>\n<audio class=\"wp-audio-shortcode\" id=\"audio-413613-19\" preload=\"none\" style=\"width: 100%;\" controls=\"controls\"><source type=\"audio\/mpeg\" src=\"https:\/\/www.radiopiu.net\/wordpress\/wp-content\/uploads\/2024\/10\/VALENTINA-CIPRIAN-OLTRE-LE-VETTE.mp3?_=19\" \/><a href=\"https:\/\/www.radiopiu.net\/wordpress\/wp-content\/uploads\/2024\/10\/VALENTINA-CIPRIAN-OLTRE-LE-VETTE.mp3\">https:\/\/www.radiopiu.net\/wordpress\/wp-content\/uploads\/2024\/10\/VALENTINA-CIPRIAN-OLTRE-LE-VETTE.mp3<\/a><\/audio>\n<p>&nbsp;<\/p>\n<div><\/div>\n<div><strong><a class=\"dt-pswp-item\" href=\"https:\/\/www.radiopiu.net\/wordpress\/wp-content\/uploads\/2024\/10\/Invito-12ott.png\" data-dt-img-description=\"\" data-large_image_width=\"1080\" data-large_image_height=\"1080\"><img loading=\"lazy\" decoding=\"async\" class=\" wp-image-413714 alignleft\" src=\"https:\/\/www.radiopiu.net\/wordpress\/wp-content\/uploads\/2024\/10\/Invito-12ott-300x300.png\" alt=\"\" width=\"195\" height=\"195\" srcset=\"https:\/\/www.radiopiu.net\/wordpress\/wp-content\/uploads\/2024\/10\/Invito-12ott-300x300.png 300w, https:\/\/www.radiopiu.net\/wordpress\/wp-content\/uploads\/2024\/10\/Invito-12ott-1024x1024.png 1024w, https:\/\/www.radiopiu.net\/wordpress\/wp-content\/uploads\/2024\/10\/Invito-12ott-150x150.png 150w, https:\/\/www.radiopiu.net\/wordpress\/wp-content\/uploads\/2024\/10\/Invito-12ott-768x768.png 768w, https:\/\/www.radiopiu.net\/wordpress\/wp-content\/uploads\/2024\/10\/Invito-12ott.png 1080w\" sizes=\"auto, (max-width: 195px) 100vw, 195px\" \/><\/a>venerd\u00ec 11 ottobre<\/strong>, ore 17, Palazzo Bembo:<br \/>\n&#8220;Comunicare le Dolomiti con responsabilit\u00e0&#8221;, in collaborazione con la Fondazione Dolomiti Unesco.<br \/>\nInterverranno il prof. Umberto Martini dell\u2019Universit\u00e0 di Trento, Elisa Calcamuggi, responsabile marketing e comunicazione DMO Dolomiti Bellunesi, Mauro Pascolini professore di Geografia all\u2019Universit\u00e0 di Udine e membro del Comitato Scientifico della Fondazione, Michele Da Pozzo, direttore del Parco Naturale delle Dolomiti d\u2019Ampezzo e la direttrice della Fondazione Dolomiti Unesco Mara Nemela.- <strong><span id=\"OBJ_PREFIX_DWT61_com_zimbra_date\" class=\"Object\">sabato<\/span> 12 ottobre<\/strong>, ore 18, Palazzo Bembo:<br \/>\n&#8220;Il lupo \u00e8 tornato. Storie di convivenza nelle Dolomiti Bellunesi&#8221;, in collaborazione con l&#8217;ente Parco Nazionale Dolomiti Bellunesi.<br \/>\nProiezione del nuovo documentario realizzato da Ivan Mazzon per il Parco Nazionale Dolomiti Bellunesi nell\u2019ambito del progetto LIFE Wolfalps, in concorso ai prossimi film festival di Sondrio e di Cipro. Le attivit\u00e0 di comunicazione sul lupo curate dal Parco nell\u2019ambito del LIFE Wolfalps hanno ottenuto, nel 2024, la bandiera verde di Legambiente.<\/div>\n<div><\/div>\n<div><\/div>\n<div><\/div>\n<div class=\"flex max-w-full flex-col flex-grow\">\n<div class=\"min-h-8 text-message flex w-full flex-col items-end gap-2 whitespace-normal break-words [.text-message+&amp;]:mt-5\" dir=\"auto\" data-message-author-role=\"assistant\" data-message-id=\"fdef4867-37be-40c3-b7e8-a66f67773ec4\">\n<div class=\"flex w-full flex-col gap-1 empty:hidden first:pt-[3px]\">\n<p>&nbsp;<\/p>\n<\/div>\n<\/div>\n<\/div>\n<p>&nbsp;<\/p>\n<hr \/>\n<p>&nbsp;<\/p>\n<blockquote>\n<h3><a class=\"dt-pswp-item\" href=\"https:\/\/www.radiopiu.net\/wordpress\/wp-content\/uploads\/2024\/10\/Loc_13ott_comune.jpg\" data-dt-img-description=\"\" data-large_image_width=\"1240\" data-large_image_height=\"1754\"><img loading=\"lazy\" decoding=\"async\" class=\" wp-image-413075 alignleft\" src=\"https:\/\/www.radiopiu.net\/wordpress\/wp-content\/uploads\/2024\/10\/Loc_13ott_comune-212x300.jpg\" alt=\"\" width=\"102\" height=\"144\" srcset=\"https:\/\/www.radiopiu.net\/wordpress\/wp-content\/uploads\/2024\/10\/Loc_13ott_comune-212x300.jpg 212w, https:\/\/www.radiopiu.net\/wordpress\/wp-content\/uploads\/2024\/10\/Loc_13ott_comune-724x1024.jpg 724w, https:\/\/www.radiopiu.net\/wordpress\/wp-content\/uploads\/2024\/10\/Loc_13ott_comune-768x1086.jpg 768w, https:\/\/www.radiopiu.net\/wordpress\/wp-content\/uploads\/2024\/10\/Loc_13ott_comune-1086x1536.jpg 1086w, https:\/\/www.radiopiu.net\/wordpress\/wp-content\/uploads\/2024\/10\/Loc_13ott_comune.jpg 1240w\" sizes=\"auto, (max-width: 102px) 100vw, 102px\" \/><\/a>LA PIAVE PER LA PACE<\/h3>\n<\/blockquote>\n<p><strong>BELLUNO<\/strong> L&#8217;evento &#8220;La Piave per la Pace&#8221; si terr\u00e0 il 13 ottobre 2024 lungo il fiume Piave, attraversando le citt\u00e0 di Belluno, Treviso e Venezia. L&#8217;iniziativa propone camminate, musica e parole per promuovere la pace, il disarmo, la sicurezza e la giustizia sociale e climatica. L&#8217;appello \u00e8 per il cessate il fuoco e i negoziati, contro l&#8217;aumento delle spese militari, senza basi o armi. L&#8217;evento mira a sensibilizzare sull&#8217;importanza del rispetto della legalit\u00e0 internazionale e della giustizia. L&#8217;incontro coinvolge varie associazioni locali e ha il patrocinio del Comune di Sernaglia della Battaglia.<\/p>\n<p>&nbsp;<\/p>\n<p>&nbsp;<\/p>\n<hr \/>\n<p>&nbsp;<\/p>\n<blockquote>\n<h2>&#8230;QUANDO IL VINO RACCONTA. -SECONDA PUNTATA<\/h2>\n<\/blockquote>\n<p>&nbsp;<\/p>\n<p><strong> <span style=\"color: #ff0000;\">PUNTATA 2<\/span><\/strong><\/p>\n<p><strong><a class=\"dt-pswp-item\" href=\"https:\/\/www.radiopiu.net\/wordpress\/wp-content\/uploads\/2024\/10\/Senza-nome-38.png\" data-dt-img-description=\"\" data-large_image_width=\"421\" data-large_image_height=\"215\"><img loading=\"lazy\" decoding=\"async\" class=\" wp-image-413667 alignleft\" src=\"https:\/\/www.radiopiu.net\/wordpress\/wp-content\/uploads\/2024\/10\/Senza-nome-38-300x153.png\" alt=\"\" width=\"173\" height=\"88\" srcset=\"https:\/\/www.radiopiu.net\/wordpress\/wp-content\/uploads\/2024\/10\/Senza-nome-38-300x153.png 300w, https:\/\/www.radiopiu.net\/wordpress\/wp-content\/uploads\/2024\/10\/Senza-nome-38.png 421w\" sizes=\"auto, (max-width: 173px) 100vw, 173px\" \/><\/a>di e con\u00a0 DIANA ZERRILLI, SOMMELIER.<\/strong><\/p>\n<audio class=\"wp-audio-shortcode\" id=\"audio-413613-20\" preload=\"none\" style=\"width: 100%;\" controls=\"controls\"><source type=\"audio\/mpeg\" src=\"https:\/\/www.radiopiu.net\/wordpress\/wp-content\/uploads\/2024\/10\/MOSTORICCO-PUNTATA2.mp3?_=20\" \/><a href=\"https:\/\/www.radiopiu.net\/wordpress\/wp-content\/uploads\/2024\/10\/MOSTORICCO-PUNTATA2.mp3\">https:\/\/www.radiopiu.net\/wordpress\/wp-content\/uploads\/2024\/10\/MOSTORICCO-PUNTATA2.mp3<\/a><\/audio>\n<p>&nbsp;<\/p>\n<p><strong>SITO INTERNET FRANCIACORTA<span style=\"color: #0000ff;\"> <a style=\"color: #0000ff;\" href=\"https:\/\/www.cantinaboccadoro.it\/\">CLICCA QUI<\/a><\/span><\/strong><\/p>\n<p>&nbsp;<\/p>\n<hr \/>\n<p>&nbsp;<\/p>\n<blockquote>\n<h2>A PIZ SECONDO APPUNTAMENTO CON OLTRE I FERUCH D&#8217;AUTUNNO<\/h2>\n<\/blockquote>\n<p><strong>BELLUNO\u00a0<\/strong><\/p>\n<p><strong>DI ROBERTO BONA<\/strong><\/p>\n<audio class=\"wp-audio-shortcode\" id=\"audio-413613-21\" preload=\"none\" style=\"width: 100%;\" controls=\"controls\"><source type=\"audio\/wav\" src=\"https:\/\/www.radiopiu.net\/wordpress\/wp-content\/uploads\/2024\/10\/FeruchAutunnoSecondaSerata-1.wav?_=21\" \/><a href=\"https:\/\/www.radiopiu.net\/wordpress\/wp-content\/uploads\/2024\/10\/FeruchAutunnoSecondaSerata-1.wav\">https:\/\/www.radiopiu.net\/wordpress\/wp-content\/uploads\/2024\/10\/FeruchAutunnoSecondaSerata-1.wav<\/a><\/audio>\n<p>&nbsp;<\/p>\n<hr \/>\n<p>&nbsp;<\/p>\n<blockquote>\n<h2><b>MAR de MOLADA di Marco Paolini: un successo oltre le aspettative per il teatro campestre sul fiume Piave\u00a0<\/b><\/h2>\n<\/blockquote>\n<p>\u00ab\u00c8\u00a0<i>stato teatro campestre, corale e vigile, con un messaggio di presa in carico dei fiumi e delle falde della Regione. Continueremo a occuparcene con La Fabbrica del Mondo. Il nostro prossimo passo sar\u00e0 l\u2019ATLANTE delle RIVE\u2026 ne parleremo presto\u00bb. (Marco Paolini)<\/i><\/p>\n<p>&nbsp;<\/p>\n<p><a class=\"dt-pswp-item\" href=\"https:\/\/www.radiopiu.net\/wordpress\/wp-content\/uploads\/2024\/10\/brussa-1-9999_1115-Modifica.jpeg\" data-dt-img-description=\"\" data-large_image_width=\"640\" data-large_image_height=\"427\"><img loading=\"lazy\" decoding=\"async\" class=\"alignnone wp-image-413701\" src=\"https:\/\/www.radiopiu.net\/wordpress\/wp-content\/uploads\/2024\/10\/brussa-1-9999_1115-Modifica-300x200.jpeg\" alt=\"\" width=\"242\" height=\"161\" srcset=\"https:\/\/www.radiopiu.net\/wordpress\/wp-content\/uploads\/2024\/10\/brussa-1-9999_1115-Modifica-300x200.jpeg 300w, https:\/\/www.radiopiu.net\/wordpress\/wp-content\/uploads\/2024\/10\/brussa-1-9999_1115-Modifica.jpeg 640w\" sizes=\"auto, (max-width: 242px) 100vw, 242px\" \/><\/a><a class=\"dt-pswp-item\" href=\"https:\/\/www.radiopiu.net\/wordpress\/wp-content\/uploads\/2024\/10\/brussa-1-9999_1356-Modifica.jpeg\" data-dt-img-description=\"\" data-large_image_width=\"640\" data-large_image_height=\"427\"><img loading=\"lazy\" decoding=\"async\" class=\"alignnone wp-image-413702\" src=\"https:\/\/www.radiopiu.net\/wordpress\/wp-content\/uploads\/2024\/10\/brussa-1-9999_1356-Modifica-300x200.jpeg\" alt=\"\" width=\"237\" height=\"158\" srcset=\"https:\/\/www.radiopiu.net\/wordpress\/wp-content\/uploads\/2024\/10\/brussa-1-9999_1356-Modifica-300x200.jpeg 300w, https:\/\/www.radiopiu.net\/wordpress\/wp-content\/uploads\/2024\/10\/brussa-1-9999_1356-Modifica.jpeg 640w\" sizes=\"auto, (max-width: 237px) 100vw, 237px\" \/><\/a><a class=\"dt-pswp-item\" href=\"https:\/\/www.radiopiu.net\/wordpress\/wp-content\/uploads\/2024\/10\/Marco-Paolini-Malga-Ciapela-ph-Gianluca-Moretto-4.jpeg\" data-dt-img-description=\"\" data-large_image_width=\"640\" data-large_image_height=\"427\"><img loading=\"lazy\" decoding=\"async\" class=\"alignnone wp-image-413703\" src=\"https:\/\/www.radiopiu.net\/wordpress\/wp-content\/uploads\/2024\/10\/Marco-Paolini-Malga-Ciapela-ph-Gianluca-Moretto-4-300x200.jpeg\" alt=\"\" width=\"236\" height=\"157\" srcset=\"https:\/\/www.radiopiu.net\/wordpress\/wp-content\/uploads\/2024\/10\/Marco-Paolini-Malga-Ciapela-ph-Gianluca-Moretto-4-300x200.jpeg 300w, https:\/\/www.radiopiu.net\/wordpress\/wp-content\/uploads\/2024\/10\/Marco-Paolini-Malga-Ciapela-ph-Gianluca-Moretto-4.jpeg 640w\" sizes=\"auto, (max-width: 236px) 100vw, 236px\" \/><\/a><\/p>\n<p>&nbsp;<\/p>\n<hr \/>\n<p><span style=\"font-size: 14px; font-weight: normal;\">\u00a0\u00a0<\/span><\/p>\n<h2><span style=\"color: #ff6600;\">IERI ALLA RADIO<\/span><\/h2>\n<h2><span style=\"color: #00ccff;\">GIUSEPPE DAL BEN A RADIO PIU&#8217;. IL PUNTO SULLA SANITA&#8217; BELLUNESE<\/span><\/h2>\n<p><strong><a class=\"dt-pswp-item\" href=\"https:\/\/www.radiopiu.net\/wordpress\/wp-content\/uploads\/2024\/10\/f062cb50-86f6-445e-a386-cb31e224984a.jpg\" data-dt-img-description=\"\" data-large_image_width=\"2040\" data-large_image_height=\"1530\"><img loading=\"lazy\" decoding=\"async\" class=\" wp-image-413636 alignleft\" src=\"https:\/\/www.radiopiu.net\/wordpress\/wp-content\/uploads\/2024\/10\/f062cb50-86f6-445e-a386-cb31e224984a-300x225.jpg\" alt=\"\" width=\"155\" height=\"116\" srcset=\"https:\/\/www.radiopiu.net\/wordpress\/wp-content\/uploads\/2024\/10\/f062cb50-86f6-445e-a386-cb31e224984a-300x225.jpg 300w, https:\/\/www.radiopiu.net\/wordpress\/wp-content\/uploads\/2024\/10\/f062cb50-86f6-445e-a386-cb31e224984a-1024x768.jpg 1024w, https:\/\/www.radiopiu.net\/wordpress\/wp-content\/uploads\/2024\/10\/f062cb50-86f6-445e-a386-cb31e224984a-768x576.jpg 768w, https:\/\/www.radiopiu.net\/wordpress\/wp-content\/uploads\/2024\/10\/f062cb50-86f6-445e-a386-cb31e224984a-1536x1152.jpg 1536w, https:\/\/www.radiopiu.net\/wordpress\/wp-content\/uploads\/2024\/10\/f062cb50-86f6-445e-a386-cb31e224984a.jpg 2040w\" sizes=\"auto, (max-width: 155px) 100vw, 155px\" \/><\/a>DI MIRKO MEZZACASA<\/strong><\/p>\n<p>OSPITE: Giuseppe Dal Ben, Direttore ULSS 1 Dolomiti<\/p>\n<audio class=\"wp-audio-shortcode\" id=\"audio-413613-22\" preload=\"none\" style=\"width: 100%;\" controls=\"controls\"><source type=\"audio\/mpeg\" src=\"https:\/\/www.radiopiu.net\/wordpress\/wp-content\/uploads\/2024\/10\/intervista-ulss1-giuseppe-dal-ben.mp3?_=22\" \/><a href=\"https:\/\/www.radiopiu.net\/wordpress\/wp-content\/uploads\/2024\/10\/intervista-ulss1-giuseppe-dal-ben.mp3\">https:\/\/www.radiopiu.net\/wordpress\/wp-content\/uploads\/2024\/10\/intervista-ulss1-giuseppe-dal-ben.mp3<\/a><\/audio>\n<p>&nbsp;<\/p>\n<hr \/>\n<p>&nbsp;<\/p>\n<h2><span style=\"color: #ff00ff;\">TIME 4 ME&#8230;CON LARA BORTOLUZZI<\/span><\/h2>\n<p><strong><a class=\"dt-pswp-item\" href=\"https:\/\/www.radiopiu.net\/wordpress\/wp-content\/uploads\/2024\/10\/aa5e4a84-9805-42d4-9e74-5b7cd0cca8c1.jpg\" data-dt-img-description=\"\" data-large_image_width=\"1080\" data-large_image_height=\"775\"><img loading=\"lazy\" decoding=\"async\" class=\" wp-image-413556 alignleft\" src=\"https:\/\/www.radiopiu.net\/wordpress\/wp-content\/uploads\/2024\/10\/aa5e4a84-9805-42d4-9e74-5b7cd0cca8c1-300x215.jpg\" alt=\"\" width=\"191\" height=\"137\" srcset=\"https:\/\/www.radiopiu.net\/wordpress\/wp-content\/uploads\/2024\/10\/aa5e4a84-9805-42d4-9e74-5b7cd0cca8c1-300x215.jpg 300w, https:\/\/www.radiopiu.net\/wordpress\/wp-content\/uploads\/2024\/10\/aa5e4a84-9805-42d4-9e74-5b7cd0cca8c1-1024x735.jpg 1024w, https:\/\/www.radiopiu.net\/wordpress\/wp-content\/uploads\/2024\/10\/aa5e4a84-9805-42d4-9e74-5b7cd0cca8c1-768x551.jpg 768w, https:\/\/www.radiopiu.net\/wordpress\/wp-content\/uploads\/2024\/10\/aa5e4a84-9805-42d4-9e74-5b7cd0cca8c1.jpg 1080w\" sizes=\"auto, (max-width: 191px) 100vw, 191px\" \/><\/a>DI MARINA DONA&#8217;<\/strong><\/p>\n<p>OSPITE: Lara Bortoluzzi<\/p>\n<p><span style=\"color: #0000ff;\"><strong>PRIMA PARTE<\/strong><\/span><\/p>\n<audio class=\"wp-audio-shortcode\" id=\"audio-413613-23\" preload=\"none\" style=\"width: 100%;\" controls=\"controls\"><source type=\"audio\/mpeg\" src=\"https:\/\/www.radiopiu.net\/wordpress\/wp-content\/uploads\/2024\/10\/TIME1-1.mp3?_=23\" \/><a href=\"https:\/\/www.radiopiu.net\/wordpress\/wp-content\/uploads\/2024\/10\/TIME1-1.mp3\">https:\/\/www.radiopiu.net\/wordpress\/wp-content\/uploads\/2024\/10\/TIME1-1.mp3<\/a><\/audio>\n<p><span style=\"color: #0000ff;\"><strong>\u00a0<\/strong><\/span><\/p>\n<p><span style=\"color: #0000ff;\"><strong>SECONDA PARTE<\/strong><\/span><\/p>\n<audio class=\"wp-audio-shortcode\" id=\"audio-413613-24\" preload=\"none\" style=\"width: 100%;\" controls=\"controls\"><source type=\"audio\/mpeg\" src=\"https:\/\/www.radiopiu.net\/wordpress\/wp-content\/uploads\/2024\/10\/TIME2-1.mp3?_=24\" \/><a href=\"https:\/\/www.radiopiu.net\/wordpress\/wp-content\/uploads\/2024\/10\/TIME2-1.mp3\">https:\/\/www.radiopiu.net\/wordpress\/wp-content\/uploads\/2024\/10\/TIME2-1.mp3<\/a><\/audio>\n<p><span style=\"color: #0000ff;\"><strong>\u00a0<\/strong><\/span><\/p>\n<p><span style=\"color: #0000ff;\"><strong>TERZA PARTE<\/strong><\/span><\/p>\n<audio class=\"wp-audio-shortcode\" id=\"audio-413613-25\" preload=\"none\" style=\"width: 100%;\" controls=\"controls\"><source type=\"audio\/mpeg\" src=\"https:\/\/www.radiopiu.net\/wordpress\/wp-content\/uploads\/2024\/10\/TIME3-1.mp3?_=25\" \/><a href=\"https:\/\/www.radiopiu.net\/wordpress\/wp-content\/uploads\/2024\/10\/TIME3-1.mp3\">https:\/\/www.radiopiu.net\/wordpress\/wp-content\/uploads\/2024\/10\/TIME3-1.mp3<\/a><\/audio>\n<p>&nbsp;<\/p>\n<p>&nbsp;<\/p>\n<hr \/>\n<p>&nbsp;<\/p>\n<h2><span style=\"color: #ff0000;\">SPECIALE SPI CGIL<\/span><\/h2>\n<p><strong><a class=\"dt-pswp-item\" href=\"https:\/\/www.radiopiu.net\/wordpress\/wp-content\/uploads\/2020\/03\/spi-1.jpg\" data-dt-img-description=\"\" data-large_image_width=\"300\" data-large_image_height=\"167\"><img loading=\"lazy\" decoding=\"async\" class=\" wp-image-366015 alignleft\" src=\"https:\/\/www.radiopiu.net\/wordpress\/wp-content\/uploads\/2020\/03\/spi-1.jpg\" alt=\"\" width=\"199\" height=\"111\" \/><\/a>DI MIRKO MEZZACASA<\/strong><\/p>\n<p>OSPITE: Maria Rita Gentilin<\/p>\n<audio class=\"wp-audio-shortcode\" id=\"audio-413613-26\" preload=\"none\" style=\"width: 100%;\" controls=\"controls\"><source type=\"audio\/mpeg\" src=\"https:\/\/www.radiopiu.net\/wordpress\/wp-content\/uploads\/2024\/10\/spi-maria-rita-ottobre-24.mp3?_=26\" \/><a href=\"https:\/\/www.radiopiu.net\/wordpress\/wp-content\/uploads\/2024\/10\/spi-maria-rita-ottobre-24.mp3\">https:\/\/www.radiopiu.net\/wordpress\/wp-content\/uploads\/2024\/10\/spi-maria-rita-ottobre-24.mp3<\/a><\/audio>\n<p>&nbsp;<\/p>\n<hr \/>\n<p>&nbsp;<\/p>\n<h2><span style=\"color: #ffcc00;\">EMOZIONE CONTINUA&#8230;100 ANNI DI PASSIONE RACCONTATI ALLA RADIO<\/span><\/h2>\n<p><span style=\"color: #ff00ff;\"><strong>PUNTATA 03 &#8211; PROGRAMMI ALLA RADIO<\/strong><\/span><\/p>\n<audio class=\"wp-audio-shortcode\" id=\"audio-413613-27\" preload=\"none\" style=\"width: 100%;\" controls=\"controls\"><source type=\"audio\/mpeg\" src=\"https:\/\/www.radiopiu.net\/wordpress\/wp-content\/uploads\/2024\/10\/PL4.mp3?_=27\" \/><a href=\"https:\/\/www.radiopiu.net\/wordpress\/wp-content\/uploads\/2024\/10\/PL4.mp3\">https:\/\/www.radiopiu.net\/wordpress\/wp-content\/uploads\/2024\/10\/PL4.mp3<\/a><\/audio>\n<p>&nbsp;<\/p>\n<h2>LA RACCOLTA COMPLETA <a href=\"https:\/\/www.radiopiu.net\/wordpress\/emozione-continua-100-anni-di-passione-raccontati-alla-radio-la-raccolta\/\"><span style=\"color: #3366ff;\">CLICCA QUI<\/span><\/a><\/h2>\n<p>&nbsp;<\/p>\n<hr \/>\n<p>&nbsp;<\/p>\n<blockquote>\n<h2>ATTIVITA&#8217; CHE RESISTONO &#8220;CAGIS&#8221; 30 ANNI DOPO AVER RACCOLTO IL TESTIMONE<\/h2>\n<\/blockquote>\n<p><strong>TAIBON<\/strong> Nando&#8230; Cagis per gli amici, quello dell&#8217;Osteria in fondo al paese. L&#8217;ultimo bar del paese prima di infilare la Valle di San Lucano, dove purtroppo di Bar, ristoranti, osterie e pensioni ne sono state chiuse troppe. Ma Nando no, ha resistito nell&#8217;attivit\u00e0 di famiglia, del pap\u00e0, della mamma. Siamo andati a trovarlo, sicuri di ascoltare una bella storia<\/p>\n<p><strong>di mirko mezzacasa<\/strong><\/p>\n<p>&nbsp;<\/p>\n<p><iframe loading=\"lazy\" title=\"NANDO E ROSANA\" width=\"1200\" height=\"675\" src=\"https:\/\/www.youtube.com\/embed\/i1hsMhZgWq4?feature=oembed\" frameborder=\"0\" allow=\"accelerometer; autoplay; clipboard-write; encrypted-media; gyroscope; picture-in-picture; web-share\" referrerpolicy=\"strict-origin-when-cross-origin\" allowfullscreen><\/iframe><\/p>\n<h1><\/h1>\n<h1>ROSANNA NEL PROGRAMMA DELLA RAI, RADIO TELEVISIONE ITALIANA&#8230;.QUALCHE ANNO FA<\/h1>\n<p><iframe loading=\"lazy\" title=\"Valle di San Lucano (documento RAI anni 50)\" width=\"1200\" height=\"900\" src=\"https:\/\/www.youtube.com\/embed\/-RYlhh2OxGs?feature=oembed\" frameborder=\"0\" allow=\"accelerometer; autoplay; clipboard-write; encrypted-media; gyroscope; picture-in-picture; web-share\" referrerpolicy=\"strict-origin-when-cross-origin\" allowfullscreen><\/iframe><\/p>\n<p>&nbsp;<\/p>\n<hr \/>\n<p>&nbsp;<\/p>\n<h2><span style=\"color: #993300;\">AD AGORDO TORNA LA FIERA DEL BESTIAM E FORMAI E VIN<\/span><\/h2>\n<p><strong><a class=\"dt-pswp-item\" href=\"https:\/\/www.radiopiu.net\/wordpress\/wp-content\/uploads\/2024\/10\/461538345_965918075580425_4723016468648844473_n.jpg\" data-dt-img-description=\"\" data-large_image_width=\"524\" data-large_image_height=\"274\"><img loading=\"lazy\" decoding=\"async\" class=\" wp-image-413168 alignleft\" src=\"https:\/\/www.radiopiu.net\/wordpress\/wp-content\/uploads\/2024\/10\/461538345_965918075580425_4723016468648844473_n-300x157.jpg\" alt=\"\" width=\"203\" height=\"106\" srcset=\"https:\/\/www.radiopiu.net\/wordpress\/wp-content\/uploads\/2024\/10\/461538345_965918075580425_4723016468648844473_n-300x157.jpg 300w, https:\/\/www.radiopiu.net\/wordpress\/wp-content\/uploads\/2024\/10\/461538345_965918075580425_4723016468648844473_n.jpg 524w\" sizes=\"auto, (max-width: 203px) 100vw, 203px\" \/><\/a>DI MIRKO MEZZACASA<\/strong><\/p>\n<p>OSPITI: Damiano Soppelsa, Alessandra Da Ronch, Valentina Colle<\/p>\n<audio class=\"wp-audio-shortcode\" id=\"audio-413613-28\" preload=\"none\" style=\"width: 100%;\" controls=\"controls\"><source type=\"audio\/mpeg\" src=\"https:\/\/www.radiopiu.net\/wordpress\/wp-content\/uploads\/2024\/10\/fiera-del-bestiam-2024.mp3?_=28\" \/><a href=\"https:\/\/www.radiopiu.net\/wordpress\/wp-content\/uploads\/2024\/10\/fiera-del-bestiam-2024.mp3\">https:\/\/www.radiopiu.net\/wordpress\/wp-content\/uploads\/2024\/10\/fiera-del-bestiam-2024.mp3<\/a><\/audio>\n<p>&nbsp;<\/p>\n<hr \/>\n<p>&nbsp;<\/p>\n<h2><span style=\"color: #808000;\">MOTORI E SPERANZA, LA SECONDA EDIZIONE A FALCADE<\/span><\/h2>\n<p><strong><a class=\"dt-pswp-item\" href=\"https:\/\/www.radiopiu.net\/wordpress\/wp-content\/uploads\/2024\/10\/lgql.png\" data-dt-img-description=\"\" data-large_image_width=\"660\" data-large_image_height=\"415\"><img loading=\"lazy\" decoding=\"async\" class=\" wp-image-412010 alignleft\" src=\"https:\/\/www.radiopiu.net\/wordpress\/wp-content\/uploads\/2024\/10\/lgql-300x189.png\" alt=\"\" width=\"190\" height=\"120\" srcset=\"https:\/\/www.radiopiu.net\/wordpress\/wp-content\/uploads\/2024\/10\/lgql-300x189.png 300w, https:\/\/www.radiopiu.net\/wordpress\/wp-content\/uploads\/2024\/10\/lgql.png 660w\" sizes=\"auto, (max-width: 190px) 100vw, 190px\" \/><\/a>DI MARCO GAZ<\/strong><\/p>\n<p>OSPITE: Mauro Riva<\/p>\n<audio class=\"wp-audio-shortcode\" id=\"audio-413613-29\" preload=\"none\" style=\"width: 100%;\" controls=\"controls\"><source type=\"audio\/mpeg\" src=\"https:\/\/www.radiopiu.net\/wordpress\/wp-content\/uploads\/2024\/10\/MAURO-RIVA-MOTORI-E-SPERANZA-SCADENZA-13-OTTOBRE.mp3?_=29\" \/><a href=\"https:\/\/www.radiopiu.net\/wordpress\/wp-content\/uploads\/2024\/10\/MAURO-RIVA-MOTORI-E-SPERANZA-SCADENZA-13-OTTOBRE.mp3\">https:\/\/www.radiopiu.net\/wordpress\/wp-content\/uploads\/2024\/10\/MAURO-RIVA-MOTORI-E-SPERANZA-SCADENZA-13-OTTOBRE.mp3<\/a><\/audio>\n<p>&nbsp;<\/p>\n<blockquote class=\"wp-embedded-content\" data-secret=\"QBKzJ2p6Nf\"><p><a href=\"https:\/\/www.radiopiu.net\/wordpress\/lmt13\/\">DI MARTEDI&#8230; POMERIGGIO CON LUISA ALCHINI, LA RACCOLTA<\/a><\/p><\/blockquote>\n<p><iframe loading=\"lazy\" class=\"wp-embedded-content\" sandbox=\"allow-scripts\" security=\"restricted\" style=\"position: absolute; visibility: hidden;\" title=\"&#8220;DI MARTEDI&#8230; POMERIGGIO CON LUISA ALCHINI, LA RACCOLTA&#8221; &#8212; Radio Pi\u00f9\" src=\"https:\/\/www.radiopiu.net\/wordpress\/lmt13\/embed\/#?secret=YD5liaKm7Q#?secret=QBKzJ2p6Nf\" data-secret=\"QBKzJ2p6Nf\" width=\"600\" height=\"338\" frameborder=\"0\" marginwidth=\"0\" marginheight=\"0\" scrolling=\"no\"><\/iframe><\/p>\n<p>&nbsp;<\/p>\n<p>&nbsp;<\/p>\n<hr \/>\n<p>&nbsp;<\/p>\n<h2><span style=\"color: #ff0000;\"><a class=\"dt-pswp-item\" href=\"https:\/\/www.radiopiu.net\/wordpress\/wp-content\/uploads\/2018\/09\/appuntamenti.jpeg\" data-dt-img-description=\"\" data-large_image_width=\"800\" data-large_image_height=\"100\"><img loading=\"lazy\" decoding=\"async\" class=\"wp-image-61958 size-full aligncenter\" src=\"https:\/\/www.radiopiu.net\/wordpress\/wp-content\/uploads\/2018\/09\/appuntamenti.jpeg\" alt=\"\" width=\"800\" height=\"100\" srcset=\"https:\/\/www.radiopiu.net\/wordpress\/wp-content\/uploads\/2018\/09\/appuntamenti.jpeg 800w, https:\/\/www.radiopiu.net\/wordpress\/wp-content\/uploads\/2018\/09\/appuntamenti-300x38.jpeg 300w, https:\/\/www.radiopiu.net\/wordpress\/wp-content\/uploads\/2018\/09\/appuntamenti-768x96.jpeg 768w\" sizes=\"auto, (max-width: 800px) 100vw, 800px\" \/><\/a><\/span><\/h2>\n<p><iframe loading=\"lazy\" title=\"FORMULA 3\" width=\"1200\" height=\"900\" src=\"https:\/\/www.youtube.com\/embed\/I21aWSYA3OI?feature=oembed\" frameborder=\"0\" allow=\"accelerometer; autoplay; clipboard-write; encrypted-media; gyroscope; picture-in-picture; web-share\" referrerpolicy=\"strict-origin-when-cross-origin\" allowfullscreen><\/iframe><\/p>\n<p>&nbsp;<\/p>\n<div class=\"flex-shrink-0 flex flex-col relative items-end\">\n<div>\n<div class=\"pt-0\">\n<div class=\"gizmo-bot-avatar flex h-8 w-8 items-center justify-center overflow-hidden rounded-full\">\n<p class=\"relative p-1 rounded-sm flex items-center justify-center bg-token-main-surface-primary text-token-text-primary h-8 w-8\"><strong>BELLUNO <\/strong>Venerd\u00ec 8 novembre, dalle ore 18, presso l&#8217;aula magna dell&#8217;Istituto Superiore Tommaso Catullo di Belluno, si terr\u00e0 un evento organizzato da Pig&amp;Menti, che propone un dialogo sugli archetipi tra linguistica e neuroscienze. I relatori saranno il professor Michele T\u00ecson e il professor Renzo Barbazza. L&#8217;evento \u00e8 realizzato in collaborazione con Banca Prealpi San Biagio e i dottori Marco Tarascio e Silvia Barbini.<\/p>\n<p class=\"relative p-1 rounded-sm flex items-center justify-center bg-token-main-surface-primary text-token-text-primary h-8 w-8\"><strong>CANALE D&#8217;AGORDO <\/strong>Jazzercise \u00e8 un allenamento ad alta intensit\u00e0 che combina danza, pilates, yoga e kickboxing, adatto a tutti i livelli di fitness. \u00c8 efficace per tonificare i muscoli, migliorare la postura e ottenere un fisico snello. Nell&#8217;Agordino, le lezioni si tengono a Canale d&#8217;Agordo, nella sala ex emigranti di via Lotta, il luned\u00ec dalle 18:15 alle 19:15 e il mercoled\u00ec dalle 18:30 alle 19:30. L&#8217;istruttrice certificata RaLuca ti aspetta per un allenamento coinvolgente al ritmo di musica attuale. Per informazioni: 347 9295478.<\/p>\n<\/div>\n<\/div>\n<\/div>\n<\/div>\n<p><strong>CENCENIGHE<\/strong> La Famiglia Agordina Ex Emigranti organizza la Giornata dell\u2019Emigrante domenica 27 ottobre, un&#8217;occasione di festa e condivisione per chi ha vissuto o lavorato all&#8217;estero, o per chi vuole conoscere il mondo delle famiglie ex emigranti Bellunesi. Il programma prevede alle 10:30 la messa nella chiesa di Cencenighe, seguita dall\u2019omaggio al monumento dell\u2019emigrante e dall\u2019esibizione del Coro Alpino Monte Civetta nella sala consiliare. La giornata si concluder\u00e0 con un pranzo al Ristorante Monte Civetta di Listolade, accompagnato dalla cantante Daniela Trentin. Il contributo per il pranzo \u00e8 di 35 euro, prenotazioni al 339 211 4469.<\/p>\n<p><strong>FALCADE<\/strong> La Proloco di Caviola presenta &#8220;Proposte d&#8217;autunno&#8221;, un programma di eventi per vivere meglio. Gli appuntamenti includono: una passeggiata nel bosco con Silvano Savio il 20 ottobre, un incontro con Mauro Valt alla Casa della Giovent\u00f9 di Caviola il 6 novembre alle 20, e una serata osservando le stelle con &#8220;Cieli Dolomitici&#8221; il 9 novembre alle 20:30. Inoltre, il 10 novembre si svolger\u00e0 una castagnata con gli Alpini in occasione di San Martino, e il 22 novembre ci sar\u00e0 la chiusura con Roberto Sorama\u00e8 e il suo evento &#8220;Sete d\u2019Africa&#8221; alla Casa della Giovent\u00f9. Per informazioni: 349 1945861.<\/p>\n<p>&nbsp;<\/p>\n<div>\n<div class=\"\" dir=\"auto\">\n<div id=\":r9h:\" class=\"x1iorvi4 x1pi30zi x1l90r2v x1swvt13\" data-ad-comet-preview=\"message\" data-ad-preview=\"message\">\n\n\t\t\t<style type='text\/css'>\n\t\t\t\t#gallery-1 {\n\t\t\t\t\tmargin: auto;\n\t\t\t\t}\n\t\t\t\t#gallery-1 .gallery-item {\n\t\t\t\t\tfloat: left;\n\t\t\t\t\tmargin-top: 10px;\n\t\t\t\t\ttext-align: center;\n\t\t\t\t\twidth: 25%;\n\t\t\t\t}\n\t\t\t\t#gallery-1 img {\n\t\t\t\t\tborder: 2px solid #cfcfcf;\n\t\t\t\t}\n\t\t\t\t#gallery-1 .gallery-caption {\n\t\t\t\t\tmargin-left: 0;\n\t\t\t\t}\n\t\t\t\t\/* see gallery_shortcode() in wp-includes\/media.php *\/\n\t\t\t<\/style>\n\t\t<div id='gallery-1' class='dt-gallery-container gallery galleryid-413613 gallery-columns-4 gallery-size-thumbnail'><dl class='gallery-item'>\n\t\t\t\t<dt class='gallery-icon portrait'>\n\t\t\t\t\t<a class=\"rollover rollover-zoom dt-pswp-item\" title=\"LOC_A3_MOSTRA-RADIO_CMVI\" data-dt-img-description=\"\" data-large_image_width=\"1816\" data-large_image_height=\"2560\"href='https:\/\/www.radiopiu.net\/wordpress\/wp-content\/uploads\/2024\/08\/LOC_A3_MOSTRA-RADIO_CMVI-scaled.jpg'><img loading=\"lazy\" decoding=\"async\" width=\"150\" height=\"150\" src=\"https:\/\/www.radiopiu.net\/wordpress\/wp-content\/uploads\/2024\/08\/LOC_A3_MOSTRA-RADIO_CMVI-150x150.jpg\" class=\"attachment-thumbnail size-thumbnail\" alt=\"\" aria-describedby=\"gallery-1-403450\" \/><\/a>\n\t\t\t\t<\/dt>\n\t\t\t\t\t<dd class='wp-caption-text gallery-caption' id='gallery-1-403450'>\n\t\t\t\t\tLA MOSTRA DELLE RADIO IN VALLE IMPERINA\n\t\t\t\t\t<\/dd><\/dl><dl class='gallery-item'>\n\t\t\t\t<dt class='gallery-icon portrait'>\n\t\t\t\t\t<a class=\"rollover rollover-zoom dt-pswp-item\" title=\"cai agordo\" data-dt-img-description=\"\" data-large_image_width=\"490\" data-large_image_height=\"947\"href='https:\/\/www.radiopiu.net\/wordpress\/wp-content\/uploads\/2024\/09\/cai-agordo.png'><img loading=\"lazy\" decoding=\"async\" width=\"150\" height=\"150\" src=\"https:\/\/www.radiopiu.net\/wordpress\/wp-content\/uploads\/2024\/09\/cai-agordo-150x150.png\" class=\"attachment-thumbnail size-thumbnail\" alt=\"\" aria-describedby=\"gallery-1-411791\" \/><\/a>\n\t\t\t\t<\/dt>\n\t\t\t\t\t<dd class='wp-caption-text gallery-caption' id='gallery-1-411791'>\n\t\t\t\t\tSERE D&#8217;AUTUNNO CON IL CAI DI AGORDO\n\t\t\t\t\t<\/dd><\/dl><dl class='gallery-item'>\n\t\t\t\t<dt class='gallery-icon portrait'>\n\t\t\t\t\t<a class=\"rollover rollover-zoom dt-pswp-item\" title=\"c642bf0f-c463-4d76-a064-194f58c84a62\" data-dt-img-description=\"\" data-large_image_width=\"1131\" data-large_image_height=\"1600\"href='https:\/\/www.radiopiu.net\/wordpress\/wp-content\/uploads\/2024\/09\/c642bf0f-c463-4d76-a064-194f58c84a62.jpg'><img loading=\"lazy\" decoding=\"async\" width=\"150\" height=\"150\" src=\"https:\/\/www.radiopiu.net\/wordpress\/wp-content\/uploads\/2024\/09\/c642bf0f-c463-4d76-a064-194f58c84a62-150x150.jpg\" class=\"attachment-thumbnail size-thumbnail\" alt=\"\" aria-describedby=\"gallery-1-411837\" \/><\/a>\n\t\t\t\t<\/dt>\n\t\t\t\t\t<dd class='wp-caption-text gallery-caption' id='gallery-1-411837'>\n\t\t\t\t\tIL 12 OTTOBRE A VOLTAGO\n\t\t\t\t\t<\/dd><\/dl><dl class='gallery-item'>\n\t\t\t\t<dt class='gallery-icon portrait'>\n\t\t\t\t\t<a class=\"rollover rollover-zoom dt-pswp-item\" title=\"80a7f182-3dda-4a1f-86c7-b13484373c2f\" data-dt-img-description=\"\" data-large_image_width=\"1001\" data-large_image_height=\"1417\"href='https:\/\/www.radiopiu.net\/wordpress\/wp-content\/uploads\/2024\/09\/80a7f182-3dda-4a1f-86c7-b13484373c2f.jpg'><img loading=\"lazy\" decoding=\"async\" width=\"150\" height=\"150\" src=\"https:\/\/www.radiopiu.net\/wordpress\/wp-content\/uploads\/2024\/09\/80a7f182-3dda-4a1f-86c7-b13484373c2f-150x150.jpg\" class=\"attachment-thumbnail size-thumbnail\" alt=\"\" aria-describedby=\"gallery-1-411846\" \/><\/a>\n\t\t\t\t<\/dt>\n\t\t\t\t\t<dd class='wp-caption-text gallery-caption' id='gallery-1-411846'>\n\t\t\t\t\tA FALCADE SI SCALDANO I MOTORI\n\t\t\t\t\t<\/dd><\/dl><br style=\"clear: both\" \/><dl class='gallery-item'>\n\t\t\t\t<dt class='gallery-icon portrait'>\n\t\t\t\t\t<a class=\"rollover rollover-zoom dt-pswp-item\" title=\"5e470011-d042-4192-b606-8c06db8b3a37\" data-dt-img-description=\"\" data-large_image_width=\"1153\" data-large_image_height=\"1600\"href='https:\/\/www.radiopiu.net\/wordpress\/wp-content\/uploads\/2024\/10\/5e470011-d042-4192-b606-8c06db8b3a37.jpg'><img loading=\"lazy\" decoding=\"async\" width=\"150\" height=\"150\" src=\"https:\/\/www.radiopiu.net\/wordpress\/wp-content\/uploads\/2024\/10\/5e470011-d042-4192-b606-8c06db8b3a37-150x150.jpg\" class=\"attachment-thumbnail size-thumbnail\" alt=\"\" aria-describedby=\"gallery-1-411999\" \/><\/a>\n\t\t\t\t<\/dt>\n\t\t\t\t\t<dd class='wp-caption-text gallery-caption' id='gallery-1-411999'>\n\t\t\t\t\tRIVA L&#8217;OKTOBERFEST\n\t\t\t\t\t<\/dd><\/dl><dl class='gallery-item'>\n\t\t\t\t<dt class='gallery-icon portrait'>\n\t\t\t\t\t<a class=\"rollover rollover-zoom dt-pswp-item\" title=\"3221fe5e-2dc1-439f-9341-d93b6df07725\" data-dt-img-description=\"\" data-large_image_width=\"1236\" data-large_image_height=\"1600\"href='https:\/\/www.radiopiu.net\/wordpress\/wp-content\/uploads\/2024\/06\/3221fe5e-2dc1-439f-9341-d93b6df07725.jpg'><img loading=\"lazy\" decoding=\"async\" width=\"150\" height=\"150\" src=\"https:\/\/www.radiopiu.net\/wordpress\/wp-content\/uploads\/2024\/06\/3221fe5e-2dc1-439f-9341-d93b6df07725-150x150.jpg\" class=\"attachment-thumbnail size-thumbnail\" alt=\"\" aria-describedby=\"gallery-1-412305\" \/><\/a>\n\t\t\t\t<\/dt>\n\t\t\t\t\t<dd class='wp-caption-text gallery-caption' id='gallery-1-412305'>\n\t\t\t\t\tA SEDICO DOMENICA 13\n\t\t\t\t\t<\/dd><\/dl><dl class='gallery-item'>\n\t\t\t\t<dt class='gallery-icon portrait'>\n\t\t\t\t\t<a class=\"rollover rollover-zoom dt-pswp-item\" title=\"13 ottobre\" data-dt-img-description=\"\" data-large_image_width=\"1754\" data-large_image_height=\"2480\"href='https:\/\/www.radiopiu.net\/wordpress\/wp-content\/uploads\/2024\/10\/13-ottobre.jpg'><img loading=\"lazy\" decoding=\"async\" width=\"150\" height=\"150\" src=\"https:\/\/www.radiopiu.net\/wordpress\/wp-content\/uploads\/2024\/10\/13-ottobre-150x150.jpg\" class=\"attachment-thumbnail size-thumbnail\" alt=\"\" aria-describedby=\"gallery-1-412961\" \/><\/a>\n\t\t\t\t<\/dt>\n\t\t\t\t\t<dd class='wp-caption-text gallery-caption' id='gallery-1-412961'>\n\t\t\t\t\tAL CENTRO ASTRONOMICO DI ARSON A FELTRE\n\t\t\t\t\t<\/dd><\/dl><dl class='gallery-item'>\n\t\t\t\t<dt class='gallery-icon portrait'>\n\t\t\t\t\t<a class=\"rollover rollover-zoom dt-pswp-item\" title=\"851a2829-563c-46b1-a0f6-7f9d4b804601\" data-dt-img-description=\"\" data-large_image_width=\"1131\" data-large_image_height=\"1600\"href='https:\/\/www.radiopiu.net\/wordpress\/wp-content\/uploads\/2024\/10\/851a2829-563c-46b1-a0f6-7f9d4b804601.jpg'><img loading=\"lazy\" decoding=\"async\" width=\"150\" height=\"150\" src=\"https:\/\/www.radiopiu.net\/wordpress\/wp-content\/uploads\/2024\/10\/851a2829-563c-46b1-a0f6-7f9d4b804601-150x150.jpg\" class=\"attachment-thumbnail size-thumbnail\" alt=\"\" aria-describedby=\"gallery-1-413101\" \/><\/a>\n\t\t\t\t<\/dt>\n\t\t\t\t\t<dd class='wp-caption-text gallery-caption' id='gallery-1-413101'>\n\t\t\t\t\tSILVIA TESSARI IN CONCERTO\n\t\t\t\t\t<\/dd><\/dl><br style=\"clear: both\" \/><dl class='gallery-item'>\n\t\t\t\t<dt class='gallery-icon portrait'>\n\t\t\t\t\t<a class=\"rollover rollover-zoom dt-pswp-item\" title=\"afede08f-130d-46e3-820a-6cddfdaa7d71\" data-dt-img-description=\"\" data-large_image_width=\"1131\" data-large_image_height=\"1600\"href='https:\/\/www.radiopiu.net\/wordpress\/wp-content\/uploads\/2024\/10\/afede08f-130d-46e3-820a-6cddfdaa7d71.jpg'><img loading=\"lazy\" decoding=\"async\" width=\"150\" height=\"150\" src=\"https:\/\/www.radiopiu.net\/wordpress\/wp-content\/uploads\/2024\/10\/afede08f-130d-46e3-820a-6cddfdaa7d71-150x150.jpg\" class=\"attachment-thumbnail size-thumbnail\" alt=\"\" aria-describedby=\"gallery-1-413137\" \/><\/a>\n\t\t\t\t<\/dt>\n\t\t\t\t\t<dd class='wp-caption-text gallery-caption' id='gallery-1-413137'>\n\t\t\t\t\tA CENCENIGHE \n\t\t\t\t\t<\/dd><\/dl><dl class='gallery-item'>\n\t\t\t\t<dt class='gallery-icon landscape'>\n\t\t\t\t\t<a class=\"rollover rollover-zoom dt-pswp-item\" title=\"th\" data-dt-img-description=\"\" data-large_image_width=\"300\" data-large_image_height=\"180\"href='https:\/\/www.radiopiu.net\/wordpress\/wp-content\/uploads\/2024\/10\/th-8.jpg'><img loading=\"lazy\" decoding=\"async\" width=\"150\" height=\"150\" src=\"https:\/\/www.radiopiu.net\/wordpress\/wp-content\/uploads\/2024\/10\/th-8-150x150.jpg\" class=\"attachment-thumbnail size-thumbnail\" alt=\"\" \/><\/a>\n\t\t\t\t<\/dt><\/dl><dl class='gallery-item'>\n\t\t\t\t<dt class='gallery-icon portrait'>\n\t\t\t\t\t<a class=\"rollover rollover-zoom dt-pswp-item\" title=\"967a322c-9996-42d7-af75-662ca7d89e84\" data-dt-img-description=\"\" data-large_image_width=\"1080\" data-large_image_height=\"1519\"href='https:\/\/www.radiopiu.net\/wordpress\/wp-content\/uploads\/2024\/10\/967a322c-9996-42d7-af75-662ca7d89e84-1.jpg'><img loading=\"lazy\" decoding=\"async\" width=\"150\" height=\"150\" src=\"https:\/\/www.radiopiu.net\/wordpress\/wp-content\/uploads\/2024\/10\/967a322c-9996-42d7-af75-662ca7d89e84-1-150x150.jpg\" class=\"attachment-thumbnail size-thumbnail\" alt=\"\" aria-describedby=\"gallery-1-413698\" \/><\/a>\n\t\t\t\t<\/dt>\n\t\t\t\t\t<dd class='wp-caption-text gallery-caption' id='gallery-1-413698'>\n\t\t\t\t\tDOMANI\n\t\t\t\t\t<\/dd><\/dl>\n\t\t\t\t<br style='clear: both' \/>\n\t\t\t<\/div>\n\n<p>&nbsp;<\/p>\n<hr \/>\n<p>&nbsp;<\/p>\n<blockquote class=\"wp-embedded-content\" data-secret=\"MN3aeJnRrh\"><p><a href=\"https:\/\/www.radiopiu.net\/wordpress\/n-di-parom-l-almanach-de-la-nosta-jent-raccolta-completa\/\">N di parom &#8211; L Almanach de la nosta jent RACCOLTA COMPLETA<\/a><\/p><\/blockquote>\n<p><iframe loading=\"lazy\" class=\"wp-embedded-content\" sandbox=\"allow-scripts\" security=\"restricted\" style=\"position: absolute; visibility: hidden;\" title=\"&#8220;N di parom &#8211; L Almanach de la nosta jent RACCOLTA COMPLETA&#8221; &#8212; Radio Pi\u00f9\" src=\"https:\/\/www.radiopiu.net\/wordpress\/n-di-parom-l-almanach-de-la-nosta-jent-raccolta-completa\/embed\/#?secret=k62OkCN6QS#?secret=MN3aeJnRrh\" data-secret=\"MN3aeJnRrh\" width=\"600\" height=\"338\" frameborder=\"0\" marginwidth=\"0\" marginheight=\"0\" scrolling=\"no\"><\/iframe><\/p>\n<p>&nbsp;<\/p>\n<blockquote class=\"wp-embedded-content\" data-secret=\"Te5G4wFlzG\"><p><a href=\"https:\/\/www.radiopiu.net\/wordpress\/pirole-de-lenga-la-parola-del-giorno-a-cura-del-musla-raccolta-completa\/\">PIROLE DE LENGA&#8230; LA PAROLA DEL GIORNO A CURA DEL MUSLA -raccolta completa &#8211;<\/a><\/p><\/blockquote>\n<p><iframe loading=\"lazy\" class=\"wp-embedded-content\" sandbox=\"allow-scripts\" security=\"restricted\" style=\"position: absolute; visibility: hidden;\" title=\"&#8220;PIROLE DE LENGA&#8230; LA PAROLA DEL GIORNO A CURA DEL MUSLA -raccolta completa &#8211;&#8221; &#8212; Radio Pi\u00f9\" src=\"https:\/\/www.radiopiu.net\/wordpress\/pirole-de-lenga-la-parola-del-giorno-a-cura-del-musla-raccolta-completa\/embed\/#?secret=R6n54HOucv#?secret=Te5G4wFlzG\" data-secret=\"Te5G4wFlzG\" width=\"600\" height=\"338\" frameborder=\"0\" marginwidth=\"0\" marginheight=\"0\" scrolling=\"no\"><\/iframe><\/p>\n<p>&nbsp;<\/p>\n<blockquote class=\"wp-embedded-content\" data-secret=\"8h7aVXwqim\"><p><a href=\"https:\/\/www.radiopiu.net\/wordpress\/set5a\/\">EL BAL DEL FIOR, DETTI E MODI DI DIRE  LA RACCOLTA COMPLETA<\/a><\/p><\/blockquote>\n<p><iframe loading=\"lazy\" class=\"wp-embedded-content\" sandbox=\"allow-scripts\" security=\"restricted\" style=\"position: absolute; visibility: hidden;\" title=\"&#8220;EL BAL DEL FIOR, DETTI E MODI DI DIRE  LA RACCOLTA COMPLETA&#8221; &#8212; Radio Pi\u00f9\" src=\"https:\/\/www.radiopiu.net\/wordpress\/set5a\/embed\/#?secret=8LsxXiDxDh#?secret=8h7aVXwqim\" data-secret=\"8h7aVXwqim\" width=\"600\" height=\"338\" frameborder=\"0\" marginwidth=\"0\" marginheight=\"0\" scrolling=\"no\"><\/iframe><\/p>\n<blockquote class=\"wp-embedded-content\" data-secret=\"fAuGadzoFC\"><p><a href=\"https:\/\/www.radiopiu.net\/wordpress\/sotto-un-cielo-di-stelle-di-claudio-pra-alla-radio-dal-lunedi-al-giovedi-alle-11-40\/\">SOTTO UN CIELO DI STELLE, DI CLAUDIO PRA alla radio dal lunedi al giovedi alle 11.40<\/a><\/p><\/blockquote>\n<p><iframe loading=\"lazy\" class=\"wp-embedded-content\" sandbox=\"allow-scripts\" security=\"restricted\" style=\"position: absolute; visibility: hidden;\" title=\"&#8220;SOTTO UN CIELO DI STELLE, DI CLAUDIO PRA alla radio dal lunedi al giovedi alle 11.40&#8221; &#8212; Radio Pi\u00f9\" src=\"https:\/\/www.radiopiu.net\/wordpress\/sotto-un-cielo-di-stelle-di-claudio-pra-alla-radio-dal-lunedi-al-giovedi-alle-11-40\/embed\/#?secret=Md3QDcWmCq#?secret=fAuGadzoFC\" data-secret=\"fAuGadzoFC\" width=\"600\" height=\"338\" frameborder=\"0\" marginwidth=\"0\" marginheight=\"0\" scrolling=\"no\"><\/iframe><\/p>\n<\/div>\n<\/div>\n<\/div>\n<p>&nbsp;<\/p>\n<hr \/>\n<p>&nbsp;<\/p>\n<p class=\"mceTemp\"><a class=\"dt-pswp-item\" href=\"https:\/\/www.radiopiu.net\/wordpress\/wp-content\/uploads\/2018\/09\/WhatsApp-Image-2018-09-20-at-16.04.06.jpeg\" data-dt-img-description=\"\" data-large_image_width=\"800\" data-large_image_height=\"100\"><img loading=\"lazy\" decoding=\"async\" class=\"wp-image-61378 size-full aligncenter\" src=\"https:\/\/www.radiopiu.net\/wordpress\/wp-content\/uploads\/2018\/09\/WhatsApp-Image-2018-09-20-at-16.04.06.jpeg\" alt=\"\" width=\"800\" height=\"100\" srcset=\"https:\/\/www.radiopiu.net\/wordpress\/wp-content\/uploads\/2018\/09\/WhatsApp-Image-2018-09-20-at-16.04.06.jpeg 800w, https:\/\/www.radiopiu.net\/wordpress\/wp-content\/uploads\/2018\/09\/WhatsApp-Image-2018-09-20-at-16.04.06-300x38.jpeg 300w, https:\/\/www.radiopiu.net\/wordpress\/wp-content\/uploads\/2018\/09\/WhatsApp-Image-2018-09-20-at-16.04.06-768x96.jpeg 768w\" sizes=\"auto, (max-width: 800px) 100vw, 800px\" \/><\/a><\/p>\n<p>&nbsp;<\/p>\n<p><strong>OGGI<\/strong> Miglioramento del tempo con sole e cielo sereno al mattino, salvo nubi basse o nebbie mattutine in alcune conche prealpine, anche su alcuni altopiani, in dissolvimento dopo il sorgere del sole. Al pomeriggio minore soleggiamento per attivit\u00e0 cumuliforme irregolare con eventuali sporadici fenomeni.\u00a0 Precipitazioni. Al mattino assenti, mentre non si potr\u00e0 escludere del tutto qualche breve e sporadico rovescio pomeridiano sulle Dolomiti. Temperature. In generale calo, salvo ripresa delle massime nelle valli pi\u00f9 assolate.<\/p>\n<hr \/>\n<p><strong>DOMANI<\/strong> Tempo solo in parte soleggiato per velature del cielo e soprattutto per presenza di stratocumuli che potrebbero ridurre il soleggiamento, in alcuni casi limitarlo a poche schiarite. In alta quota la situazione sar\u00e0 migliore in quanto la presenza delle velature sar\u00e0 temporanea. Precipitazioni. Assenti. Temperature. Minime in leggero aumento, salvo calo delle stesse sulle cime pi\u00f9 alte, e massime in lieve calo, ma non ovunque.<\/p>\n<hr \/>\n<p><strong>DOMENICA<\/strong> Tempo in prevalenza soleggiato con cielo sereno o a tratti velato sulle Dolomiti. Minore soleggiamento sulle Prealpi per insidia stratocumuli. Temperature minime in lieve calo e massime in aumento.<\/p>\n<hr \/>\n<p><strong>LUNEDI<\/strong> Stupenda giornata autunnale sulle Dolomiti con sole e cielo terso fino a met\u00e0 pomeriggio, poi ingresso di nubi alte. Situazione identica sulle Prealpi in quota, mentre potrebbero esserci estese nubi basse in molte valli, localmente persistenti. Temperature in generale aumento, specie le massime<\/p>\n<p>&nbsp;<\/p>\n<hr \/>\n<p>&nbsp;<\/p>\n<blockquote>\n<h2>le ultime novita&#8217; da DOLOMITI GARDEN: VILLAGGIO DI NATALE &#8230;LAVORI IN CORSO<\/h2>\n<\/blockquote>\n<p><strong>BELLUNO<\/strong> Prosegue l&#8217;allestimento dell&#8217;atteso villaggio di Natale, la &#8220;chicca&#8221; dello staff del Dolomiti Garden sotto la guida di Stefano De Paris. Quest&#8217;anno pare proprio che Babbo Natale arriver\u00e0 con tanto di mongolfiera<\/p>\n<p><span style=\"color: #ff0000;\"><strong>il primo invito radiofonico&#8230; alla RADIOPIU<\/strong><\/span><\/p>\n<audio class=\"wp-audio-shortcode\" id=\"audio-413613-30\" preload=\"none\" style=\"width: 100%;\" controls=\"controls\"><source type=\"audio\/mpeg\" src=\"https:\/\/www.radiopiu.net\/wordpress\/wp-content\/uploads\/2024\/10\/PRIMA-VILLAGGIO-NATALE.mp3?_=30\" \/><a href=\"https:\/\/www.radiopiu.net\/wordpress\/wp-content\/uploads\/2024\/10\/PRIMA-VILLAGGIO-NATALE.mp3\">https:\/\/www.radiopiu.net\/wordpress\/wp-content\/uploads\/2024\/10\/PRIMA-VILLAGGIO-NATALE.mp3<\/a><\/audio>\n<p>&nbsp;<\/p>\n<p><a class=\"dt-pswp-item\" href=\"https:\/\/www.radiopiu.net\/wordpress\/wp-content\/uploads\/2024\/10\/db55f2f4-c06c-4a18-aab7-31c56cd05174.jpg\" data-dt-img-description=\"\" data-large_image_width=\"1200\" data-large_image_height=\"1600\"><img loading=\"lazy\" decoding=\"async\" class=\"alignnone size-medium wp-image-412478\" src=\"https:\/\/www.radiopiu.net\/wordpress\/wp-content\/uploads\/2024\/10\/db55f2f4-c06c-4a18-aab7-31c56cd05174-225x300.jpg\" alt=\"\" width=\"225\" height=\"300\" srcset=\"https:\/\/www.radiopiu.net\/wordpress\/wp-content\/uploads\/2024\/10\/db55f2f4-c06c-4a18-aab7-31c56cd05174-225x300.jpg 225w, https:\/\/www.radiopiu.net\/wordpress\/wp-content\/uploads\/2024\/10\/db55f2f4-c06c-4a18-aab7-31c56cd05174-768x1024.jpg 768w, https:\/\/www.radiopiu.net\/wordpress\/wp-content\/uploads\/2024\/10\/db55f2f4-c06c-4a18-aab7-31c56cd05174-1152x1536.jpg 1152w, https:\/\/www.radiopiu.net\/wordpress\/wp-content\/uploads\/2024\/10\/db55f2f4-c06c-4a18-aab7-31c56cd05174.jpg 1200w\" sizes=\"auto, (max-width: 225px) 100vw, 225px\" \/><\/a><a class=\"dt-pswp-item\" href=\"https:\/\/www.radiopiu.net\/wordpress\/wp-content\/uploads\/2024\/10\/8f07e173-c8da-4c84-82a2-6f4b7718dc2b.jpg\" data-dt-img-description=\"\" data-large_image_width=\"1200\" data-large_image_height=\"1600\"><img loading=\"lazy\" decoding=\"async\" class=\"alignnone size-medium wp-image-412479\" src=\"https:\/\/www.radiopiu.net\/wordpress\/wp-content\/uploads\/2024\/10\/8f07e173-c8da-4c84-82a2-6f4b7718dc2b-225x300.jpg\" alt=\"\" width=\"225\" height=\"300\" srcset=\"https:\/\/www.radiopiu.net\/wordpress\/wp-content\/uploads\/2024\/10\/8f07e173-c8da-4c84-82a2-6f4b7718dc2b-225x300.jpg 225w, https:\/\/www.radiopiu.net\/wordpress\/wp-content\/uploads\/2024\/10\/8f07e173-c8da-4c84-82a2-6f4b7718dc2b-768x1024.jpg 768w, https:\/\/www.radiopiu.net\/wordpress\/wp-content\/uploads\/2024\/10\/8f07e173-c8da-4c84-82a2-6f4b7718dc2b-1152x1536.jpg 1152w, https:\/\/www.radiopiu.net\/wordpress\/wp-content\/uploads\/2024\/10\/8f07e173-c8da-4c84-82a2-6f4b7718dc2b.jpg 1200w\" sizes=\"auto, (max-width: 225px) 100vw, 225px\" \/><\/a><\/p>\n<p>&nbsp;<\/p>\n<p>&nbsp;<\/p>\n<hr \/>\n<p>&nbsp;<\/p>\n<p>&nbsp;<\/p>\n<p class=\"mceTemp\"><a class=\"dt-pswp-item\" href=\"https:\/\/www.radiopiu.net\/wordpress\/wp-content\/uploads\/2018\/09\/sport.jpg\" data-dt-img-description=\"\" data-large_image_width=\"800\" data-large_image_height=\"100\"><img loading=\"lazy\" decoding=\"async\" class=\"aligncenter wp-image-60761 size-full\" src=\"https:\/\/www.radiopiu.net\/wordpress\/wp-content\/uploads\/2018\/09\/sport.jpg\" alt=\"\" width=\"800\" height=\"100\" srcset=\"https:\/\/www.radiopiu.net\/wordpress\/wp-content\/uploads\/2018\/09\/sport.jpg 800w, https:\/\/www.radiopiu.net\/wordpress\/wp-content\/uploads\/2018\/09\/sport-300x38.jpg 300w, https:\/\/www.radiopiu.net\/wordpress\/wp-content\/uploads\/2018\/09\/sport-768x96.jpg 768w\" sizes=\"auto, (max-width: 800px) 100vw, 800px\" \/><\/a><span style=\"color: #0000ff;\"><strong>\u00a0 \u00a0 \u00a0<\/strong><\/span><\/p>\n<p><span style=\"color: #0000ff;\"><strong>HOCKEY SU GHIACCIO<\/strong><\/span><\/p>\n<blockquote>\n<h3>IL FELTRE FA IL COLPACCIO IN CASA DEL PERGINE<\/h3>\n<\/blockquote>\n<p><strong><a class=\"dt-pswp-item\" href=\"https:\/\/www.radiopiu.net\/wordpress\/wp-content\/uploads\/2024\/10\/HOCKEY-FELTRE-2024-scaled.jpg\" data-dt-img-description=\"\" data-large_image_width=\"2560\" data-large_image_height=\"1707\"><img loading=\"lazy\" decoding=\"async\" class=\" wp-image-413733 alignleft\" src=\"https:\/\/www.radiopiu.net\/wordpress\/wp-content\/uploads\/2024\/10\/HOCKEY-FELTRE-2024-300x200.jpg\" alt=\"\" width=\"206\" height=\"137\" srcset=\"https:\/\/www.radiopiu.net\/wordpress\/wp-content\/uploads\/2024\/10\/HOCKEY-FELTRE-2024-300x200.jpg 300w, https:\/\/www.radiopiu.net\/wordpress\/wp-content\/uploads\/2024\/10\/HOCKEY-FELTRE-2024-1024x683.jpg 1024w, https:\/\/www.radiopiu.net\/wordpress\/wp-content\/uploads\/2024\/10\/HOCKEY-FELTRE-2024-768x512.jpg 768w, https:\/\/www.radiopiu.net\/wordpress\/wp-content\/uploads\/2024\/10\/HOCKEY-FELTRE-2024-1536x1024.jpg 1536w, https:\/\/www.radiopiu.net\/wordpress\/wp-content\/uploads\/2024\/10\/HOCKEY-FELTRE-2024-2048x1366.jpg 2048w\" sizes=\"auto, (max-width: 206px) 100vw, 206px\" \/><\/a><span style=\"color: #ff0000;\">IHL &#8211; 6\u00aa GIORNATA<\/span><\/strong><\/p>\n<p><strong>PERGINE &#8211; FELTRE 2-4<\/strong><\/p>\n<p>PARZIALI: 1-1, 0-1, 1-2.<br \/>\nGOL: pt. 14.50 Honcharenko, 19.39 Kadlec. st. 11.35 Benetti. tt. 0.42 Kadlec, 1.33 Andreotti, 16.50 Kadlec.<\/p>\n<p>Prestazione super e secondo posto solitario per un Feltre sempre pi\u00f9 sorprendente. I picchi espugnano anche Pergine, ottengono la quarta vittoria consecutiva e approfittano della sconfitta del Varese a Torre Pellice per piazzarsi da soli alle spalle del Caldaro. I feltrini erano andati sotto per la rete di Honcharenko al 14.50 salvo poi riuscire a impattare sul finire di primo drittel con Kadlec. A met\u00e0 secondo tempo \u00e8 il 2007 Benetti a capitalizzare un powerplay. Poi altre due reti di Kadlec intervallate dalla firma di Andreotti valgono il quinto successo stagionale in sei partite. Domani sera al Pala Feltre (ore 19.30) arriva il Valpellice, ieri sera capace di sconfiggere proprio il Varese e dunque da non sottovalutare. Quanto all\u2019Alleghe &#8211; posticipata a met\u00e0 novembre la sfida in calendario ieri contro il Fassa &#8211; andr\u00e0 a trovare l\u2019Aosta. (foto: Giuseppe De Zanet)<\/p>\n<p>&nbsp;<\/p>\n<p>&nbsp;<\/p>\n<p><span style=\"color: #0000ff;\"><strong>PALLAVOLO<\/strong><\/span><\/p>\n<blockquote>\n<h3>SI AVVICINA L&#8217;ESORDIO UFFICIALE DEL BELLUNO VOLLEY<\/h3>\n<\/blockquote>\n<p><a class=\"dt-pswp-item\" href=\"https:\/\/www.radiopiu.net\/wordpress\/wp-content\/uploads\/2024\/10\/Bassanello_ritrova_subito_il_suo_passato-2048x1152-1.jpg\" data-dt-img-description=\"\" data-large_image_width=\"2048\" data-large_image_height=\"1152\"><img loading=\"lazy\" decoding=\"async\" class=\" wp-image-413669 alignleft\" src=\"https:\/\/www.radiopiu.net\/wordpress\/wp-content\/uploads\/2024\/10\/Bassanello_ritrova_subito_il_suo_passato-2048x1152-1-300x169.jpg\" alt=\"\" width=\"181\" height=\"102\" srcset=\"https:\/\/www.radiopiu.net\/wordpress\/wp-content\/uploads\/2024\/10\/Bassanello_ritrova_subito_il_suo_passato-2048x1152-1-300x169.jpg 300w, https:\/\/www.radiopiu.net\/wordpress\/wp-content\/uploads\/2024\/10\/Bassanello_ritrova_subito_il_suo_passato-2048x1152-1-1024x576.jpg 1024w, https:\/\/www.radiopiu.net\/wordpress\/wp-content\/uploads\/2024\/10\/Bassanello_ritrova_subito_il_suo_passato-2048x1152-1-768x432.jpg 768w, https:\/\/www.radiopiu.net\/wordpress\/wp-content\/uploads\/2024\/10\/Bassanello_ritrova_subito_il_suo_passato-2048x1152-1-1536x864.jpg 1536w, https:\/\/www.radiopiu.net\/wordpress\/wp-content\/uploads\/2024\/10\/Bassanello_ritrova_subito_il_suo_passato-2048x1152-1.jpg 2048w\" sizes=\"auto, (max-width: 181px) 100vw, 181px\" \/><\/a>La prima giornata del campionato di Serie A3 Credem Banca, prevista per domenica 20 ottobre al Pala Lambioi, sar\u00e0 un appuntamento speciale per il Belluno Volley e in particolare per Nicol\u00f2 Bassanello. Il nuovo libero del Belluno affronter\u00e0 infatti la sua ex squadra, il Personal Time San Don\u00e0 di Piave, di cui \u00e8 stato capitano per tre stagioni. Bassanello avverte che la partita sar\u00e0 impegnativa, poich\u00e9 conosce bene i giocatori e il lavoro dell&#8217;allenatore avversario. Nonostante i segnali altalenanti della pre-season, \u00e8 fiducioso del potenziale della sua squadra. Il suo compito principale sar\u00e0 organizzare la difesa e la ricezione, coordinandosi con i compagni, con cui ha gi\u00e0 instaurato un buon legame.<\/p>\n<p>&nbsp;<\/p>\n<p>&nbsp;<\/p>\n<hr \/>\n<p>&nbsp;<\/p>\n<h2><span style=\"color: #00ccff;\">GOODBYE BY BICICLE&#8230;UN VIAGGIO DALL&#8217;INDIA A SEREN DEL GRAPPA IN BICICLETTA<\/span><\/h2>\n<p><span style=\"color: #ff0000;\"><strong>PUNTATA 31 &#8211; ULTIMI GIORNI IN GRECIA E POI SI RIPARTE<\/strong><\/span><\/p>\n<audio class=\"wp-audio-shortcode\" id=\"audio-413613-31\" preload=\"none\" style=\"width: 100%;\" controls=\"controls\"><source type=\"audio\/mpeg\" src=\"https:\/\/www.radiopiu.net\/wordpress\/wp-content\/uploads\/2024\/09\/AIRE-INDIA-PUNTATA-32.mp3?_=31\" \/><a href=\"https:\/\/www.radiopiu.net\/wordpress\/wp-content\/uploads\/2024\/09\/AIRE-INDIA-PUNTATA-32.mp3\">https:\/\/www.radiopiu.net\/wordpress\/wp-content\/uploads\/2024\/09\/AIRE-INDIA-PUNTATA-32.mp3<\/a><\/audio>\n<p>&nbsp;<\/p>\n<p><strong>PER VISITARE I SITI DEI LUOGHI VISITATI, CLICCA SULLE SEGUENTI SCRITTE: <span style=\"color: #3366ff;\"><a href=\"https:\/\/www.ankaaproject.org\/\">ANKAA PROJECT<\/a> (<a href=\"https:\/\/www.instagram.com\/ankaaproject?igsh=MTliNmRlOTRnc2V2eQ==\">INSTAGRAM<\/a>)<\/span><\/strong><\/p>\n\n\t\t\t<style type='text\/css'>\n\t\t\t\t#gallery-2 {\n\t\t\t\t\tmargin: auto;\n\t\t\t\t}\n\t\t\t\t#gallery-2 .gallery-item {\n\t\t\t\t\tfloat: left;\n\t\t\t\t\tmargin-top: 10px;\n\t\t\t\t\ttext-align: center;\n\t\t\t\t\twidth: 25%;\n\t\t\t\t}\n\t\t\t\t#gallery-2 img {\n\t\t\t\t\tborder: 2px solid #cfcfcf;\n\t\t\t\t}\n\t\t\t\t#gallery-2 .gallery-caption {\n\t\t\t\t\tmargin-left: 0;\n\t\t\t\t}\n\t\t\t\t\/* see gallery_shortcode() in wp-includes\/media.php *\/\n\t\t\t<\/style>\n\t\t<div id='gallery-2' class='dt-gallery-container gallery galleryid-413613 gallery-columns-4 gallery-size-thumbnail'><dl class='gallery-item'>\n\t\t\t\t<dt class='gallery-icon landscape'>\n\t\t\t\t\t<a class=\"rollover\" href='https:\/\/www.radiopiu.net\/wordpress\/goodbye-by-bicicle-un-viaggio-dallindia-a-seren-del-grappa-in-bicicletta-39\/5dc4adcd-4922-4edf-a10d-a66eb82c38fb\/'><img loading=\"lazy\" decoding=\"async\" width=\"150\" height=\"150\" src=\"https:\/\/www.radiopiu.net\/wordpress\/wp-content\/uploads\/2024\/09\/5dc4adcd-4922-4edf-a10d-a66eb82c38fb-150x150.jpg\" class=\"attachment-thumbnail size-thumbnail\" alt=\"\" \/><\/a>\n\t\t\t\t<\/dt><\/dl><dl class='gallery-item'>\n\t\t\t\t<dt class='gallery-icon landscape'>\n\t\t\t\t\t<a class=\"rollover\" href='https:\/\/www.radiopiu.net\/wordpress\/goodbye-by-bicicle-un-viaggio-dallindia-a-seren-del-grappa-in-bicicletta-39\/7585aa96-966f-4882-accd-a34be1a8f5b2\/'><img loading=\"lazy\" decoding=\"async\" width=\"150\" height=\"150\" src=\"https:\/\/www.radiopiu.net\/wordpress\/wp-content\/uploads\/2024\/09\/7585aa96-966f-4882-accd-a34be1a8f5b2-150x150.jpg\" class=\"attachment-thumbnail size-thumbnail\" alt=\"\" \/><\/a>\n\t\t\t\t<\/dt><\/dl><dl class='gallery-item'>\n\t\t\t\t<dt class='gallery-icon portrait'>\n\t\t\t\t\t<a class=\"rollover\" href='https:\/\/www.radiopiu.net\/wordpress\/goodbye-by-bicicle-un-viaggio-dallindia-a-seren-del-grappa-in-bicicletta-39\/a7a8e95b-4a7b-4cb2-8b95-75e9ad41342b\/'><img loading=\"lazy\" decoding=\"async\" width=\"150\" height=\"150\" src=\"https:\/\/www.radiopiu.net\/wordpress\/wp-content\/uploads\/2024\/09\/a7a8e95b-4a7b-4cb2-8b95-75e9ad41342b-150x150.jpg\" class=\"attachment-thumbnail size-thumbnail\" alt=\"\" \/><\/a>\n\t\t\t\t<\/dt><\/dl><dl class='gallery-item'>\n\t\t\t\t<dt class='gallery-icon landscape'>\n\t\t\t\t\t<a class=\"rollover\" href='https:\/\/www.radiopiu.net\/wordpress\/goodbye-by-bicicle-un-viaggio-dallindia-a-seren-del-grappa-in-bicicletta-39\/d05f1d30-2acc-4755-b2a8-9b3683432006\/'><img loading=\"lazy\" decoding=\"async\" width=\"150\" height=\"150\" src=\"https:\/\/www.radiopiu.net\/wordpress\/wp-content\/uploads\/2024\/09\/d05f1d30-2acc-4755-b2a8-9b3683432006-150x150.jpg\" class=\"attachment-thumbnail size-thumbnail\" alt=\"\" \/><\/a>\n\t\t\t\t<\/dt><\/dl><br style=\"clear: both\" \/>\n\t\t\t<\/div>\n\n<p>&nbsp;<\/p>\n<h2>LA RACCOLTA COMPLETA <a href=\"https:\/\/www.radiopiu.net\/wordpress\/goodbye-by-bicicle-un-viaggio-dallindia-a-seren-del-grappa-in-bicicletta-32\/\"><span style=\"color: #3366ff;\">CLICCA QUI<\/span><\/a><\/h2>\n<p>&nbsp;<\/p>\n<p>&nbsp;<\/p>\n<p>&nbsp;<\/p>\n","protected":false},"excerpt":{"rendered":"<p>** \u00a0 LA\u00a0 APP PER IOS-IPHONE di Nicola Vettorello https:\/\/apps.apple.com\/it\/app\/radio-pi%C3%B9-emittente-agordina\/id1515939845 LA\u00a0 APP RADIO\u00a0 PER ANDROID di Nicola Vettorello https:\/\/play.google.com\/store\/apps\/details?id=net.radiopiu.iniko\u00a0\u00a0\u00a0 &nbsp; &nbsp; L&#8217;AURORA BOREALE\u00a0 Mario De Marco ha sempre la macchina fotografica pronta e ieri sera quando ha notato che poteva esserci un&#8217;aurora boreale in atto non ha perso tempo. Gli scatti sono stati eseguiti alle&hellip;<\/p>\n","protected":false},"author":4,"featured_media":413703,"comment_status":"closed","ping_status":"closed","sticky":false,"template":"","format":"standard","meta":{"_monsterinsights_skip_tracking":false,"_monsterinsights_sitenote_active":false,"_monsterinsights_sitenote_note":"","_monsterinsights_sitenote_category":0,"footnotes":""},"categories":[51,86,49],"tags":[],"class_list":["post-413613","post","type-post","status-publish","format-standard","has-post-thumbnail","hentry","category-evidenza-top","category-gr","category-news-18","category-51","category-86","category-49","description-off"],"img_url":"https:\/\/www.radiopiu.net\/wordpress\/wp-content\/uploads\/2024\/10\/Marco-Paolini-Malga-Ciapela-ph-Gianluca-Moretto-4.jpeg","_links":{"self":[{"href":"https:\/\/www.radiopiu.net\/wordpress\/wp-json\/wp\/v2\/posts\/413613","targetHints":{"allow":["GET"]}}],"collection":[{"href":"https:\/\/www.radiopiu.net\/wordpress\/wp-json\/wp\/v2\/posts"}],"about":[{"href":"https:\/\/www.radiopiu.net\/wordpress\/wp-json\/wp\/v2\/types\/post"}],"author":[{"embeddable":true,"href":"https:\/\/www.radiopiu.net\/wordpress\/wp-json\/wp\/v2\/users\/4"}],"replies":[{"embeddable":true,"href":"https:\/\/www.radiopiu.net\/wordpress\/wp-json\/wp\/v2\/comments?post=413613"}],"version-history":[{"count":28,"href":"https:\/\/www.radiopiu.net\/wordpress\/wp-json\/wp\/v2\/posts\/413613\/revisions"}],"predecessor-version":[{"id":413800,"href":"https:\/\/www.radiopiu.net\/wordpress\/wp-json\/wp\/v2\/posts\/413613\/revisions\/413800"}],"wp:featuredmedia":[{"embeddable":true,"href":"https:\/\/www.radiopiu.net\/wordpress\/wp-json\/wp\/v2\/media\/413703"}],"wp:attachment":[{"href":"https:\/\/www.radiopiu.net\/wordpress\/wp-json\/wp\/v2\/media?parent=413613"}],"wp:term":[{"taxonomy":"category","embeddable":true,"href":"https:\/\/www.radiopiu.net\/wordpress\/wp-json\/wp\/v2\/categories?post=413613"},{"taxonomy":"post_tag","embeddable":true,"href":"https:\/\/www.radiopiu.net\/wordpress\/wp-json\/wp\/v2\/tags?post=413613"}],"curies":[{"name":"wp","href":"https:\/\/api.w.org\/{rel}","templated":true}]}}