{"id":413664,"date":"2024-10-10T12:06:59","date_gmt":"2024-10-10T10:06:59","guid":{"rendered":"https:\/\/www.radiopiu.net\/wordpress\/?p=413664"},"modified":"2024-10-10T12:45:19","modified_gmt":"2024-10-10T10:45:19","slug":"luxse","status":"publish","type":"post","link":"https:\/\/www.radiopiu.net\/wordpress\/luxse\/","title":{"rendered":"PARCHEGGI LUXOTTICA A SEDICO"},"content":{"rendered":"<p>*****<\/p>\n<p>&nbsp;<\/p>\n<p><span style=\"color: #ff0000;\"><strong>L&#8217;ARTICOLO DI OGGI<\/strong><\/span><\/p>\n<blockquote>\n<h2 class=\"entry-title\">Parcheggi insufficienti: servono soluzioni<\/h2>\n<\/blockquote>\n<p><strong class=\"photoswipe-wrapper\"><a class=\"dt-pswp-item pspw-wrap-ready\" href=\"https:\/\/i0.wp.com\/www.radiopiu.net\/wordpress\/wp-content\/uploads\/2024\/03\/LUXOTTICA-PARC.jpg?ssl=1\" data-dt-img-description=\"\" data-large_image_width=\"1600\" data-large_image_height=\"1200\"><img loading=\"lazy\" decoding=\"async\" class=\" wp-image-380380 alignleft\" src=\"https:\/\/i0.wp.com\/www.radiopiu.net\/wordpress\/wp-content\/uploads\/2024\/03\/LUXOTTICA-PARC.jpg?resize=173%2C130&amp;ssl=1\" sizes=\"auto, (max-width: 173px) 100vw, 173px\" srcset=\"https:\/\/i0.wp.com\/www.radiopiu.net\/wordpress\/wp-content\/uploads\/2024\/03\/LUXOTTICA-PARC.jpg?resize=300%2C225&amp;ssl=1 300w, https:\/\/i0.wp.com\/www.radiopiu.net\/wordpress\/wp-content\/uploads\/2024\/03\/LUXOTTICA-PARC.jpg?resize=1024%2C768&amp;ssl=1 1024w, https:\/\/i0.wp.com\/www.radiopiu.net\/wordpress\/wp-content\/uploads\/2024\/03\/LUXOTTICA-PARC.jpg?resize=768%2C576&amp;ssl=1 768w, https:\/\/i0.wp.com\/www.radiopiu.net\/wordpress\/wp-content\/uploads\/2024\/03\/LUXOTTICA-PARC.jpg?resize=1536%2C1152&amp;ssl=1 1536w, https:\/\/i0.wp.com\/www.radiopiu.net\/wordpress\/wp-content\/uploads\/2024\/03\/LUXOTTICA-PARC.jpg?w=1600&amp;ssl=1 1600w\" alt=\"\" width=\"173\" height=\"130\" data-recalc-dims=\"1\" \/><\/a><\/strong><strong>SEDICO<\/strong>\u00a0L\u2019aumento di personale nello stabilimento Luxottica di Sedico ha reso insufficienti i parcheggi per i dipendenti. Se con il bel tempo alcuni operai utilizzano mezzi alternativi, durante maltempo e neve molti dipendenti ricorrono all\u2019auto, creando difficolt\u00e0. Marted\u00ec, alcuni lavoratori hanno trovato i posti riservati al car pooling occupati abusivamente, causando ritardi. I sindacati evidenziano che la situazione \u00e8 nota e proposte sono state presentate all\u2019azienda per aumentare i parcheggi e incentivare la mobilit\u00e0 sostenibile. Insomma pare di rivivere i problemi che con Luxottica gi\u00e0 si sono creati ad Agordo da tempo con parcheggi esauriti, gli esercenti delle attivit\u00e0 commerciali extra-occhiale costretti ad usare la \u201cscopa\u201d per scacciare i turnisti \u201cabusivi\u201d dai pochi parcheggi rimasti liberi, ma anche con gli altri parcheggi della citt\u00e0 occupati (con tanto di servizio navetta) dal cimitero alla zona sportiva<\/p>\n<p>&nbsp;<\/p>\n<p>&nbsp;<\/p>\n<p>&nbsp;<\/p>\n<p>********<\/p>\n","protected":false},"excerpt":{"rendered":"<p>***** &nbsp; L&#8217;ARTICOLO DI OGGI Parcheggi insufficienti: servono soluzioni SEDICO\u00a0L\u2019aumento di personale nello stabilimento Luxottica di Sedico ha reso insufficienti i parcheggi per i dipendenti. Se con il bel tempo alcuni operai utilizzano mezzi alternativi, durante maltempo e neve molti dipendenti ricorrono all\u2019auto, creando difficolt\u00e0. Marted\u00ec, alcuni lavoratori hanno trovato i posti riservati al car&hellip;<\/p>\n","protected":false},"author":4,"featured_media":253706,"comment_status":"closed","ping_status":"closed","sticky":false,"template":"","format":"standard","meta":{"_monsterinsights_skip_tracking":false,"_monsterinsights_sitenote_active":false,"_monsterinsights_sitenote_note":"","_monsterinsights_sitenote_category":0,"footnotes":""},"categories":[49],"tags":[],"class_list":["post-413664","post","type-post","status-publish","format-standard","has-post-thumbnail","hentry","category-news-18","category-49","description-off"],"img_url":"https:\/\/www.radiopiu.net\/wordpress\/wp-content\/uploads\/2022\/01\/th-7.jpg","_links":{"self":[{"href":"https:\/\/www.radiopiu.net\/wordpress\/wp-json\/wp\/v2\/posts\/413664","targetHints":{"allow":["GET"]}}],"collection":[{"href":"https:\/\/www.radiopiu.net\/wordpress\/wp-json\/wp\/v2\/posts"}],"about":[{"href":"https:\/\/www.radiopiu.net\/wordpress\/wp-json\/wp\/v2\/types\/post"}],"author":[{"embeddable":true,"href":"https:\/\/www.radiopiu.net\/wordpress\/wp-json\/wp\/v2\/users\/4"}],"replies":[{"embeddable":true,"href":"https:\/\/www.radiopiu.net\/wordpress\/wp-json\/wp\/v2\/comments?post=413664"}],"version-history":[{"count":2,"href":"https:\/\/www.radiopiu.net\/wordpress\/wp-json\/wp\/v2\/posts\/413664\/revisions"}],"predecessor-version":[{"id":413673,"href":"https:\/\/www.radiopiu.net\/wordpress\/wp-json\/wp\/v2\/posts\/413664\/revisions\/413673"}],"wp:featuredmedia":[{"embeddable":true,"href":"https:\/\/www.radiopiu.net\/wordpress\/wp-json\/wp\/v2\/media\/253706"}],"wp:attachment":[{"href":"https:\/\/www.radiopiu.net\/wordpress\/wp-json\/wp\/v2\/media?parent=413664"}],"wp:term":[{"taxonomy":"category","embeddable":true,"href":"https:\/\/www.radiopiu.net\/wordpress\/wp-json\/wp\/v2\/categories?post=413664"},{"taxonomy":"post_tag","embeddable":true,"href":"https:\/\/www.radiopiu.net\/wordpress\/wp-json\/wp\/v2\/tags?post=413664"}],"curies":[{"name":"wp","href":"https:\/\/api.w.org\/{rel}","templated":true}]}}