{"id":413773,"date":"2024-10-11T05:07:45","date_gmt":"2024-10-11T03:07:45","guid":{"rendered":"https:\/\/www.radiopiu.net\/wordpress\/?p=413773"},"modified":"2024-10-11T05:12:43","modified_gmt":"2024-10-11T03:12:43","slug":"uniti-per-la-salute-mentale-litalia-celebra-la-giornata-mondiale-della-salute-mentale","status":"publish","type":"post","link":"https:\/\/www.radiopiu.net\/wordpress\/uniti-per-la-salute-mentale-litalia-celebra-la-giornata-mondiale-della-salute-mentale\/","title":{"rendered":"Uniti per la Salute Mentale: l&#8217;Italia celebra la Giornata Mondiale della Salute Mentale"},"content":{"rendered":"<p>+++<\/p>\n<p>&nbsp;<\/p>\n<p><strong>FELTRE<\/strong><\/p>\n<p><strong>DI LUISA ALCHINI<\/strong><\/p>\n<p><a class=\"dt-pswp-item\" href=\"https:\/\/www.radiopiu.net\/wordpress\/wp-content\/uploads\/2024\/10\/9161e5c3-316e-46e2-bdaa-d685d93c1d92.jpg\" data-dt-img-description=\"\" data-large_image_width=\"1536\" data-large_image_height=\"2040\"><img loading=\"lazy\" decoding=\"async\" class=\"size-medium wp-image-413774 alignleft\" src=\"https:\/\/www.radiopiu.net\/wordpress\/wp-content\/uploads\/2024\/10\/9161e5c3-316e-46e2-bdaa-d685d93c1d92-226x300.jpg\" alt=\"\" width=\"226\" height=\"300\" srcset=\"https:\/\/www.radiopiu.net\/wordpress\/wp-content\/uploads\/2024\/10\/9161e5c3-316e-46e2-bdaa-d685d93c1d92-226x300.jpg 226w, https:\/\/www.radiopiu.net\/wordpress\/wp-content\/uploads\/2024\/10\/9161e5c3-316e-46e2-bdaa-d685d93c1d92-771x1024.jpg 771w, https:\/\/www.radiopiu.net\/wordpress\/wp-content\/uploads\/2024\/10\/9161e5c3-316e-46e2-bdaa-d685d93c1d92-768x1020.jpg 768w, https:\/\/www.radiopiu.net\/wordpress\/wp-content\/uploads\/2024\/10\/9161e5c3-316e-46e2-bdaa-d685d93c1d92-1157x1536.jpg 1157w, https:\/\/www.radiopiu.net\/wordpress\/wp-content\/uploads\/2024\/10\/9161e5c3-316e-46e2-bdaa-d685d93c1d92.jpg 1536w\" sizes=\"auto, (max-width: 226px) 100vw, 226px\" \/><\/a>In occasione della Giornata Mondiale della Salute Mentale del 10 ottobre, con lo slogan \u201cUniti per la salute mentale\u201d, i Dipartimenti di Salute Mentale di tutta Italia hanno organizzato 150 incontri aperti al pubblico. Tra questi, si \u00e8 svolto ieri dalle 12:00 alle 13:00 un evento online, coordinato da Valentina Arcovio de <em>La Repubblica<\/em>, che ha visto la partecipazione di importanti figure istituzionali: Fabrizio Starace, Presidente del Collegio Nazionale DSM, e Sandro Sisler, Vicesegretario della Commissione Giustizia. Il dott. Angelo Brega, primario dell&#8217;UOC di Psichiatria di Feltre, ha riunito personale, utenti e famiglie per partecipare in videoconferenza all&#8217;incontro. Per la Regione Veneto \u00e8 intervenuto il dott. Moreno De Rossi, direttore dell&#8217;UOC dell&#8217;Ulss12 di Venezia, che ha sottolineato la fragilit\u00e0 operativa della psichiatria a Belluno e Feltre. Dal confronto \u00e8 emerso un comune denominatore: la salute mentale in Italia \u00e8 in crescente difficolt\u00e0. I Dipartimenti di Salute Mentale chiedono maggiori risorse e una pi\u00f9 attenta considerazione da parte delle autorit\u00e0 giudiziarie, mentre in Senato \u00e8 in corso un ciclo di audizioni per l\u2019esame del disegno di legge che mira a riformare l&#8217;assistenza in questo ambito. Un dato allarmante riguarda la spesa per le assunzioni di personale, rimasta invariata negli ultimi 20 anni, risultando oggi del tutto inadeguata. L&#8217;Italia investe nella salute mentale una delle cifre pi\u00f9 basse tra i Paesi occidentali avanzati, nonostante un aumento significativo delle difficolt\u00e0, soprattutto tra giovani e adolescenti. La salute mentale in Italia ha fatto progressi rilevanti grazie alla Legge 180, nota come Legge Basaglia, di cui si celebrano quest\u2019anno i 100 anni dalla nascita del suo promotore. Questa legge ha favorito un approccio comunitario, basato sul rispetto della soggettivit\u00e0 e dei diritti della persona. Tuttavia, \u00e8 necessario un impegno collettivo per destinare nuove risorse economiche e umane, affinch\u00e9 la salute mentale torni al centro delle politiche pubbliche. Ci\u00f2 richiede tavoli di lavoro dedicati alla prevenzione, alla cura multidisciplinare e alla sicurezza degli operatori. Il dott. Angelo Brega ha confermato le difficolt\u00e0 gi\u00e0 espresse dai colleghi e dai dipartimenti intervenuti, evidenziando che in Veneto le spese sanitarie destinate alla salute mentale sono ben al di sotto del minimo richiesto (5%, mentre in Veneto \u00e8 solo il 2.3%). Nonostante la mancanza di risorse, sia umane che economiche, Feltre riesce comunque a garantire un servizio ai massimi livelli delle sue possibilit\u00e0.<\/p>\n<p>&nbsp;<\/p>\n<p>&nbsp;<\/p>\n<hr \/>\n<p>&nbsp;<\/p>\n","protected":false},"excerpt":{"rendered":"<p>+++ &nbsp; FELTRE DI LUISA ALCHINI In occasione della Giornata Mondiale della Salute Mentale del 10 ottobre, con lo slogan \u201cUniti per la salute mentale\u201d, i Dipartimenti di Salute Mentale di tutta Italia hanno organizzato 150 incontri aperti al pubblico. Tra questi, si \u00e8 svolto ieri dalle 12:00 alle 13:00 un evento online, coordinato da&hellip;<\/p>\n","protected":false},"author":4,"featured_media":413774,"comment_status":"closed","ping_status":"closed","sticky":false,"template":"","format":"standard","meta":{"_monsterinsights_skip_tracking":false,"_monsterinsights_sitenote_active":false,"_monsterinsights_sitenote_note":"","_monsterinsights_sitenote_category":0,"footnotes":""},"categories":[51,49],"tags":[],"class_list":["post-413773","post","type-post","status-publish","format-standard","has-post-thumbnail","hentry","category-evidenza-top","category-news-18","category-51","category-49","description-off"],"img_url":"https:\/\/www.radiopiu.net\/wordpress\/wp-content\/uploads\/2024\/10\/9161e5c3-316e-46e2-bdaa-d685d93c1d92.jpg","_links":{"self":[{"href":"https:\/\/www.radiopiu.net\/wordpress\/wp-json\/wp\/v2\/posts\/413773","targetHints":{"allow":["GET"]}}],"collection":[{"href":"https:\/\/www.radiopiu.net\/wordpress\/wp-json\/wp\/v2\/posts"}],"about":[{"href":"https:\/\/www.radiopiu.net\/wordpress\/wp-json\/wp\/v2\/types\/post"}],"author":[{"embeddable":true,"href":"https:\/\/www.radiopiu.net\/wordpress\/wp-json\/wp\/v2\/users\/4"}],"replies":[{"embeddable":true,"href":"https:\/\/www.radiopiu.net\/wordpress\/wp-json\/wp\/v2\/comments?post=413773"}],"version-history":[{"count":2,"href":"https:\/\/www.radiopiu.net\/wordpress\/wp-json\/wp\/v2\/posts\/413773\/revisions"}],"predecessor-version":[{"id":413781,"href":"https:\/\/www.radiopiu.net\/wordpress\/wp-json\/wp\/v2\/posts\/413773\/revisions\/413781"}],"wp:featuredmedia":[{"embeddable":true,"href":"https:\/\/www.radiopiu.net\/wordpress\/wp-json\/wp\/v2\/media\/413774"}],"wp:attachment":[{"href":"https:\/\/www.radiopiu.net\/wordpress\/wp-json\/wp\/v2\/media?parent=413773"}],"wp:term":[{"taxonomy":"category","embeddable":true,"href":"https:\/\/www.radiopiu.net\/wordpress\/wp-json\/wp\/v2\/categories?post=413773"},{"taxonomy":"post_tag","embeddable":true,"href":"https:\/\/www.radiopiu.net\/wordpress\/wp-json\/wp\/v2\/tags?post=413773"}],"curies":[{"name":"wp","href":"https:\/\/api.w.org\/{rel}","templated":true}]}}