{"id":413811,"date":"2024-10-11T00:06:45","date_gmt":"2024-10-10T22:06:45","guid":{"rendered":"https:\/\/www.radiopiu.net\/wordpress\/?p=413811"},"modified":"2024-10-11T06:14:25","modified_gmt":"2024-10-11T04:14:25","slug":"anniversario-del-vajont-con-la-terra-dei-padri","status":"publish","type":"post","link":"https:\/\/www.radiopiu.net\/wordpress\/anniversario-del-vajont-con-la-terra-dei-padri\/","title":{"rendered":"Anniversario del Vajont con la TERRA DEI PADRI"},"content":{"rendered":"<p>***<\/p>\n<blockquote>\n<h1><\/h1>\n<\/blockquote>\n<div><strong><a class=\"dt-pswp-item\" href=\"https:\/\/www.radiopiu.net\/wordpress\/wp-content\/uploads\/2024\/10\/Cerimonia-9-ottobre-3.jpg\" data-dt-img-description=\"\" data-large_image_width=\"1600\" data-large_image_height=\"715\"><img loading=\"lazy\" decoding=\"async\" class=\"size-medium wp-image-413804 alignleft\" src=\"https:\/\/www.radiopiu.net\/wordpress\/wp-content\/uploads\/2024\/10\/Cerimonia-9-ottobre-3-300x134.jpg\" alt=\"\" width=\"300\" height=\"134\" srcset=\"https:\/\/www.radiopiu.net\/wordpress\/wp-content\/uploads\/2024\/10\/Cerimonia-9-ottobre-3-300x134.jpg 300w, https:\/\/www.radiopiu.net\/wordpress\/wp-content\/uploads\/2024\/10\/Cerimonia-9-ottobre-3-1024x458.jpg 1024w, https:\/\/www.radiopiu.net\/wordpress\/wp-content\/uploads\/2024\/10\/Cerimonia-9-ottobre-3-768x343.jpg 768w, https:\/\/www.radiopiu.net\/wordpress\/wp-content\/uploads\/2024\/10\/Cerimonia-9-ottobre-3-1536x686.jpg 1536w, https:\/\/www.radiopiu.net\/wordpress\/wp-content\/uploads\/2024\/10\/Cerimonia-9-ottobre-3.jpg 1600w\" sizes=\"auto, (max-width: 300px) 100vw, 300px\" \/><\/a>LONGARONE<\/strong> Il, 9 ottobre 1963, una rappresentanza della Delegazione bellunese della &#8220;Lega Nazionale&#8221; e del &#8220;Circolo culturale La Terra dei Padri &#8211; Belluno APS&#8221;\u00a0 ha deposto un mazzo di rose bianche e rosse presso la tabella indicante la via 9 ottobre 1963, lato via Pagani Cesa, a Belluno in omaggio e ricordo di tutte le vittime della tragedia del Vajont. Erano presenti, fra gli altri, il Presidente del Circolo culturale La Terra dei Padri , Francesco Dematt\u00e8, che ha tenuto un breve discorso, Francesco Serpi, gi\u00e0 consigliere comunale di Trieste e gi\u00e0 consigliere regionale del Friuli Venezia Giulia, Antonia Titti Monteleone e, <u>a titolo personale<\/u>, Francesco Pingitore, Presidente della Commissione Cultura del Comune di Belluno, nonch\u00e9 due superstiti della tragedia. L&#8217;assessore alla Cultura del Comune capoluogo, avv. Raffaele Addamiano, invitato alla celebrazione, ha comunicato, prima della cerimonia, l&#8217;impossibilit\u00e0 d&#8217;essere presente&#8221;.<\/div>\n<p><a class=\"dt-pswp-item\" href=\"https:\/\/www.radiopiu.net\/wordpress\/wp-content\/uploads\/2024\/10\/Cerimonia-9-ottobre-1.jpg\" data-dt-img-description=\"\" data-large_image_width=\"715\" data-large_image_height=\"1600\"><img loading=\"lazy\" decoding=\"async\" class=\"alignnone size-medium wp-image-413802\" src=\"https:\/\/www.radiopiu.net\/wordpress\/wp-content\/uploads\/2024\/10\/Cerimonia-9-ottobre-1-134x300.jpg\" alt=\"\" width=\"134\" height=\"300\" srcset=\"https:\/\/www.radiopiu.net\/wordpress\/wp-content\/uploads\/2024\/10\/Cerimonia-9-ottobre-1-134x300.jpg 134w, https:\/\/www.radiopiu.net\/wordpress\/wp-content\/uploads\/2024\/10\/Cerimonia-9-ottobre-1-458x1024.jpg 458w, https:\/\/www.radiopiu.net\/wordpress\/wp-content\/uploads\/2024\/10\/Cerimonia-9-ottobre-1-686x1536.jpg 686w, https:\/\/www.radiopiu.net\/wordpress\/wp-content\/uploads\/2024\/10\/Cerimonia-9-ottobre-1.jpg 715w\" sizes=\"auto, (max-width: 134px) 100vw, 134px\" \/><\/a><a class=\"dt-pswp-item\" href=\"https:\/\/www.radiopiu.net\/wordpress\/wp-content\/uploads\/2024\/10\/Cerimonia-9-ottobre-2.jpg\" data-dt-img-description=\"\" data-large_image_width=\"715\" data-large_image_height=\"1600\"><img loading=\"lazy\" decoding=\"async\" class=\"alignnone size-medium wp-image-413803\" src=\"https:\/\/www.radiopiu.net\/wordpress\/wp-content\/uploads\/2024\/10\/Cerimonia-9-ottobre-2-134x300.jpg\" alt=\"\" width=\"134\" height=\"300\" srcset=\"https:\/\/www.radiopiu.net\/wordpress\/wp-content\/uploads\/2024\/10\/Cerimonia-9-ottobre-2-134x300.jpg 134w, https:\/\/www.radiopiu.net\/wordpress\/wp-content\/uploads\/2024\/10\/Cerimonia-9-ottobre-2-458x1024.jpg 458w, https:\/\/www.radiopiu.net\/wordpress\/wp-content\/uploads\/2024\/10\/Cerimonia-9-ottobre-2-686x1536.jpg 686w, https:\/\/www.radiopiu.net\/wordpress\/wp-content\/uploads\/2024\/10\/Cerimonia-9-ottobre-2.jpg 715w\" sizes=\"auto, (max-width: 134px) 100vw, 134px\" \/><\/a><a class=\"dt-pswp-item\" href=\"https:\/\/www.radiopiu.net\/wordpress\/wp-content\/uploads\/2024\/10\/Cerimonia-9-ottobre-4.jpg\" data-dt-img-description=\"\" data-large_image_width=\"918\" data-large_image_height=\"2040\"><img loading=\"lazy\" decoding=\"async\" class=\"alignnone size-medium wp-image-413805\" src=\"https:\/\/www.radiopiu.net\/wordpress\/wp-content\/uploads\/2024\/10\/Cerimonia-9-ottobre-4-135x300.jpg\" alt=\"\" width=\"135\" height=\"300\" srcset=\"https:\/\/www.radiopiu.net\/wordpress\/wp-content\/uploads\/2024\/10\/Cerimonia-9-ottobre-4-135x300.jpg 135w, https:\/\/www.radiopiu.net\/wordpress\/wp-content\/uploads\/2024\/10\/Cerimonia-9-ottobre-4-461x1024.jpg 461w, https:\/\/www.radiopiu.net\/wordpress\/wp-content\/uploads\/2024\/10\/Cerimonia-9-ottobre-4-768x1707.jpg 768w, https:\/\/www.radiopiu.net\/wordpress\/wp-content\/uploads\/2024\/10\/Cerimonia-9-ottobre-4-691x1536.jpg 691w, https:\/\/www.radiopiu.net\/wordpress\/wp-content\/uploads\/2024\/10\/Cerimonia-9-ottobre-4.jpg 918w\" sizes=\"auto, (max-width: 135px) 100vw, 135px\" \/><\/a><a class=\"dt-pswp-item\" href=\"https:\/\/www.radiopiu.net\/wordpress\/wp-content\/uploads\/2024\/10\/Cerimonia-9-ottobre-5.jpg\" data-dt-img-description=\"\" data-large_image_width=\"918\" data-large_image_height=\"2040\"><img loading=\"lazy\" decoding=\"async\" class=\"alignnone size-medium wp-image-413806\" src=\"https:\/\/www.radiopiu.net\/wordpress\/wp-content\/uploads\/2024\/10\/Cerimonia-9-ottobre-5-135x300.jpg\" alt=\"\" width=\"135\" height=\"300\" srcset=\"https:\/\/www.radiopiu.net\/wordpress\/wp-content\/uploads\/2024\/10\/Cerimonia-9-ottobre-5-135x300.jpg 135w, https:\/\/www.radiopiu.net\/wordpress\/wp-content\/uploads\/2024\/10\/Cerimonia-9-ottobre-5-461x1024.jpg 461w, https:\/\/www.radiopiu.net\/wordpress\/wp-content\/uploads\/2024\/10\/Cerimonia-9-ottobre-5-768x1707.jpg 768w, https:\/\/www.radiopiu.net\/wordpress\/wp-content\/uploads\/2024\/10\/Cerimonia-9-ottobre-5-691x1536.jpg 691w, https:\/\/www.radiopiu.net\/wordpress\/wp-content\/uploads\/2024\/10\/Cerimonia-9-ottobre-5.jpg 918w\" sizes=\"auto, (max-width: 135px) 100vw, 135px\" \/><\/a><a class=\"dt-pswp-item\" href=\"https:\/\/www.radiopiu.net\/wordpress\/wp-content\/uploads\/2024\/10\/Cerimonia-9-ottobre-6.jpg\" data-dt-img-description=\"\" data-large_image_width=\"1500\" data-large_image_height=\"2000\"><img loading=\"lazy\" decoding=\"async\" class=\"alignnone size-medium wp-image-413807\" src=\"https:\/\/www.radiopiu.net\/wordpress\/wp-content\/uploads\/2024\/10\/Cerimonia-9-ottobre-6-225x300.jpg\" alt=\"\" width=\"225\" height=\"300\" srcset=\"https:\/\/www.radiopiu.net\/wordpress\/wp-content\/uploads\/2024\/10\/Cerimonia-9-ottobre-6-225x300.jpg 225w, https:\/\/www.radiopiu.net\/wordpress\/wp-content\/uploads\/2024\/10\/Cerimonia-9-ottobre-6-768x1024.jpg 768w, https:\/\/www.radiopiu.net\/wordpress\/wp-content\/uploads\/2024\/10\/Cerimonia-9-ottobre-6-1152x1536.jpg 1152w, https:\/\/www.radiopiu.net\/wordpress\/wp-content\/uploads\/2024\/10\/Cerimonia-9-ottobre-6.jpg 1500w\" sizes=\"auto, (max-width: 225px) 100vw, 225px\" \/><\/a><a class=\"dt-pswp-item\" href=\"https:\/\/www.radiopiu.net\/wordpress\/wp-content\/uploads\/2024\/10\/Cerimonia-9-ottobre-7.jpg\" data-dt-img-description=\"\" data-large_image_width=\"1500\" data-large_image_height=\"2000\"><img loading=\"lazy\" decoding=\"async\" class=\"alignnone size-medium wp-image-413808\" src=\"https:\/\/www.radiopiu.net\/wordpress\/wp-content\/uploads\/2024\/10\/Cerimonia-9-ottobre-7-225x300.jpg\" alt=\"\" width=\"225\" height=\"300\" srcset=\"https:\/\/www.radiopiu.net\/wordpress\/wp-content\/uploads\/2024\/10\/Cerimonia-9-ottobre-7-225x300.jpg 225w, https:\/\/www.radiopiu.net\/wordpress\/wp-content\/uploads\/2024\/10\/Cerimonia-9-ottobre-7-768x1024.jpg 768w, https:\/\/www.radiopiu.net\/wordpress\/wp-content\/uploads\/2024\/10\/Cerimonia-9-ottobre-7-1152x1536.jpg 1152w, https:\/\/www.radiopiu.net\/wordpress\/wp-content\/uploads\/2024\/10\/Cerimonia-9-ottobre-7.jpg 1500w\" sizes=\"auto, (max-width: 225px) 100vw, 225px\" \/><\/a><a class=\"dt-pswp-item\" href=\"https:\/\/www.radiopiu.net\/wordpress\/wp-content\/uploads\/2024\/10\/Cerimonia-9-ottobre-8.jpg\" data-dt-img-description=\"\" data-large_image_width=\"1500\" data-large_image_height=\"2000\"><img loading=\"lazy\" decoding=\"async\" class=\"alignnone size-medium wp-image-413809\" src=\"https:\/\/www.radiopiu.net\/wordpress\/wp-content\/uploads\/2024\/10\/Cerimonia-9-ottobre-8-225x300.jpg\" alt=\"\" width=\"225\" height=\"300\" srcset=\"https:\/\/www.radiopiu.net\/wordpress\/wp-content\/uploads\/2024\/10\/Cerimonia-9-ottobre-8-225x300.jpg 225w, https:\/\/www.radiopiu.net\/wordpress\/wp-content\/uploads\/2024\/10\/Cerimonia-9-ottobre-8-768x1024.jpg 768w, https:\/\/www.radiopiu.net\/wordpress\/wp-content\/uploads\/2024\/10\/Cerimonia-9-ottobre-8-1152x1536.jpg 1152w, https:\/\/www.radiopiu.net\/wordpress\/wp-content\/uploads\/2024\/10\/Cerimonia-9-ottobre-8.jpg 1500w\" sizes=\"auto, (max-width: 225px) 100vw, 225px\" \/><\/a><\/p>\n<p>&nbsp;<\/p>\n","protected":false},"excerpt":{"rendered":"<p>*** LONGARONE Il, 9 ottobre 1963, una rappresentanza della Delegazione bellunese della &#8220;Lega Nazionale&#8221; e del &#8220;Circolo culturale La Terra dei Padri &#8211; Belluno APS&#8221;\u00a0 ha deposto un mazzo di rose bianche e rosse presso la tabella indicante la via 9 ottobre 1963, lato via Pagani Cesa, a Belluno in omaggio e ricordo di tutte&hellip;<\/p>\n","protected":false},"author":4,"featured_media":413804,"comment_status":"closed","ping_status":"closed","sticky":false,"template":"","format":"standard","meta":{"_monsterinsights_skip_tracking":false,"_monsterinsights_sitenote_active":false,"_monsterinsights_sitenote_note":"","_monsterinsights_sitenote_category":0,"footnotes":""},"categories":[51,49],"tags":[],"class_list":["post-413811","post","type-post","status-publish","format-standard","has-post-thumbnail","hentry","category-evidenza-top","category-news-18","category-51","category-49","description-off"],"img_url":"https:\/\/www.radiopiu.net\/wordpress\/wp-content\/uploads\/2024\/10\/Cerimonia-9-ottobre-3.jpg","_links":{"self":[{"href":"https:\/\/www.radiopiu.net\/wordpress\/wp-json\/wp\/v2\/posts\/413811","targetHints":{"allow":["GET"]}}],"collection":[{"href":"https:\/\/www.radiopiu.net\/wordpress\/wp-json\/wp\/v2\/posts"}],"about":[{"href":"https:\/\/www.radiopiu.net\/wordpress\/wp-json\/wp\/v2\/types\/post"}],"author":[{"embeddable":true,"href":"https:\/\/www.radiopiu.net\/wordpress\/wp-json\/wp\/v2\/users\/4"}],"replies":[{"embeddable":true,"href":"https:\/\/www.radiopiu.net\/wordpress\/wp-json\/wp\/v2\/comments?post=413811"}],"version-history":[{"count":1,"href":"https:\/\/www.radiopiu.net\/wordpress\/wp-json\/wp\/v2\/posts\/413811\/revisions"}],"predecessor-version":[{"id":413813,"href":"https:\/\/www.radiopiu.net\/wordpress\/wp-json\/wp\/v2\/posts\/413811\/revisions\/413813"}],"wp:featuredmedia":[{"embeddable":true,"href":"https:\/\/www.radiopiu.net\/wordpress\/wp-json\/wp\/v2\/media\/413804"}],"wp:attachment":[{"href":"https:\/\/www.radiopiu.net\/wordpress\/wp-json\/wp\/v2\/media?parent=413811"}],"wp:term":[{"taxonomy":"category","embeddable":true,"href":"https:\/\/www.radiopiu.net\/wordpress\/wp-json\/wp\/v2\/categories?post=413811"},{"taxonomy":"post_tag","embeddable":true,"href":"https:\/\/www.radiopiu.net\/wordpress\/wp-json\/wp\/v2\/tags?post=413811"}],"curies":[{"name":"wp","href":"https:\/\/api.w.org\/{rel}","templated":true}]}}