{"id":413837,"date":"2024-10-12T06:00:06","date_gmt":"2024-10-12T04:00:06","guid":{"rendered":"https:\/\/www.radiopiu.net\/wordpress\/?p=413837"},"modified":"2024-10-12T08:02:01","modified_gmt":"2024-10-12T06:02:01","slug":"giornale-radiopiu-12-ottobre-2024-direttore-mirko-mezzacasada-41-anni-25-giugno-1983-25-giugno-2024","status":"publish","type":"post","link":"https:\/\/www.radiopiu.net\/wordpress\/giornale-radiopiu-12-ottobre-2024-direttore-mirko-mezzacasada-41-anni-25-giugno-1983-25-giugno-2024\/","title":{"rendered":"GIORNALE RADIOPIU 12 OTTOBRE 2024 DIRETTORE MIRKO MEZZACASA\u2026DA 41 ANNI 25 GIUGNO 1983-25 GIUGNO 2024"},"content":{"rendered":"<h1>**<\/h1>\n<h1><\/h1>\n<h1><em><span style=\"color: #ff0000;\">l&#8217;ultimo evento d&#8217;autunno, la Fiera del Bestiam ad Agordo. Oggi il giorno clou, sul Broi, in centro, l&#8217;inaugurazione delle ristrutturate statue di Palazzo De Manzoni, la scolta del Belot il pranzo con gli alpini&#8230; e molto altro\u00a0<\/span><\/em><\/h1>\n<h1 style=\"text-align: center;\"><em><span style=\"color: #ff0000;\"><a class=\"dt-pswp-item\" href=\"https:\/\/www.radiopiu.net\/wordpress\/wp-content\/uploads\/2024\/10\/Senza-nome-36.png\" data-dt-img-description=\"\" data-large_image_width=\"886\" data-large_image_height=\"616\"><img loading=\"lazy\" decoding=\"async\" class=\"alignnone size-medium wp-image-413569\" src=\"https:\/\/www.radiopiu.net\/wordpress\/wp-content\/uploads\/2024\/10\/Senza-nome-36-300x209.png\" alt=\"\" width=\"300\" height=\"209\" srcset=\"https:\/\/www.radiopiu.net\/wordpress\/wp-content\/uploads\/2024\/10\/Senza-nome-36-300x209.png 300w, https:\/\/www.radiopiu.net\/wordpress\/wp-content\/uploads\/2024\/10\/Senza-nome-36-768x534.png 768w, https:\/\/www.radiopiu.net\/wordpress\/wp-content\/uploads\/2024\/10\/Senza-nome-36.png 886w\" sizes=\"auto, (max-width: 300px) 100vw, 300px\" \/><\/a> \u00a0<\/span><\/em><\/h1>\n<div class=\"xdj266r x11i5rnm xat24cr x1mh8g0r x1vvkbs x126k92a\">\n<div dir=\"auto\">alle 10 si terr\u00e0 la presentazione dei lavori di pulizia di alcune statue del Palazzo Crotta &#8211; De\u2019 Manzoni. L\u2019intera comunit\u00e0 \u00e8 invitata a partecipare per sostenere questo importante intervento di restauro, che contribuir\u00e0 a donare ulteriore prestigio alla nostra amata Piazza.<\/div>\n<\/div>\n<p>&nbsp;<\/p>\n<p><a class=\"dt-pswp-item\" href=\"https:\/\/www.radiopiu.net\/wordpress\/wp-content\/uploads\/2024\/10\/462686810_977409524431280_2213258744454969164_n.jpg\" data-dt-img-description=\"\" data-large_image_width=\"526\" data-large_image_height=\"526\"><img loading=\"lazy\" decoding=\"async\" class=\"wp-image-414030 aligncenter\" src=\"https:\/\/www.radiopiu.net\/wordpress\/wp-content\/uploads\/2024\/10\/462686810_977409524431280_2213258744454969164_n-300x300.jpg\" alt=\"\" width=\"232\" height=\"232\" srcset=\"https:\/\/www.radiopiu.net\/wordpress\/wp-content\/uploads\/2024\/10\/462686810_977409524431280_2213258744454969164_n-300x300.jpg 300w, https:\/\/www.radiopiu.net\/wordpress\/wp-content\/uploads\/2024\/10\/462686810_977409524431280_2213258744454969164_n-150x150.jpg 150w, https:\/\/www.radiopiu.net\/wordpress\/wp-content\/uploads\/2024\/10\/462686810_977409524431280_2213258744454969164_n.jpg 526w\" sizes=\"auto, (max-width: 232px) 100vw, 232px\" \/><\/a><\/p>\n<p><em><span style=\"color: #ff0000;\"><a class=\"dt-pswp-item\" href=\"https:\/\/www.radiopiu.net\/wordpress\/wp-content\/uploads\/2024\/10\/Senza-nome-8.png\" data-dt-img-description=\"\" data-large_image_width=\"343\" data-large_image_height=\"303\"><img loading=\"lazy\" decoding=\"async\" class=\"wp-image-412130 alignleft\" src=\"https:\/\/www.radiopiu.net\/wordpress\/wp-content\/uploads\/2024\/10\/Senza-nome-8-300x265.png\" alt=\"\" width=\"105\" height=\"93\" srcset=\"https:\/\/www.radiopiu.net\/wordpress\/wp-content\/uploads\/2024\/10\/Senza-nome-8-300x265.png 300w, https:\/\/www.radiopiu.net\/wordpress\/wp-content\/uploads\/2024\/10\/Senza-nome-8.png 343w\" sizes=\"auto, (max-width: 105px) 100vw, 105px\" \/><\/a><\/span><\/em><strong><em><span style=\"color: #ff0000;\"> LA\u00a0 APP PER IOS-IPHONE di Nicola Vettorello<\/span><\/em><\/strong><\/p>\n<p><strong><span style=\"color: #0000ff;\"><a style=\"color: #0000ff;\" href=\"https:\/\/apps.apple.com\/it\/app\/radio-pi%C3%B9-emittente-agordina\/id1515939845\">https:\/\/apps.apple.com\/it\/app\/radio-pi%C3%B9-emittente-agordina\/id1515939845<\/a><\/span><\/strong><\/p>\n<p><strong><em style=\"color: #ff0000;\">LA\u00a0 APP RADIO\u00a0 PER ANDROID di Nicola Vettorello<\/em><\/strong><\/p>\n<p><strong><span style=\"color: #0000ff;\"><a style=\"color: #0000ff;\" href=\"https:\/\/play.google.com\/store\/apps\/details?id=net.radiopiu.iniko\" target=\"_blank\" rel=\"noopener noreferrer\">https:\/\/<\/a><a style=\"color: #0000ff;\" href=\"https:\/\/play.google.com\/store\/apps\/details?id=net.radiopiu.iniko\" target=\"_blank\" rel=\"noopener noreferrer\">play.google.com\/store\/apps\/details?id=net.radiopiu.iniko\u00a0\u00a0\u00a0<\/a><\/span><\/strong><\/p>\n<p>&nbsp;<\/p>\n<p>&nbsp;<\/p>\n<hr \/>\n<div dir=\"auto\"><\/div>\n<p><strong><a class=\"dt-pswp-item\" href=\"https:\/\/www.radiopiu.net\/wordpress\/wp-content\/uploads\/2024\/10\/Senza-nome-39.png\" data-dt-img-description=\"\" data-large_image_width=\"361\" data-large_image_height=\"252\"><img loading=\"lazy\" decoding=\"async\" class=\" wp-image-413679 alignleft\" src=\"https:\/\/www.radiopiu.net\/wordpress\/wp-content\/uploads\/2024\/10\/Senza-nome-39-300x209.png\" alt=\"\" width=\"220\" height=\"153\" srcset=\"https:\/\/www.radiopiu.net\/wordpress\/wp-content\/uploads\/2024\/10\/Senza-nome-39-300x209.png 300w, https:\/\/www.radiopiu.net\/wordpress\/wp-content\/uploads\/2024\/10\/Senza-nome-39.png 361w\" sizes=\"auto, (max-width: 220px) 100vw, 220px\" \/><\/a>OGGI ALLA RADIO&#8230;.<\/strong> <span style=\"color: #ff0000;\">ALLE 4 E ALLE 6<\/span> LE NOTIZIE DALL&#8217;ITALIA E DAL MONDO <span style=\"color: #ff0000;\"> 0500 <span style=\"color: #0000ff;\">l&#8217;almanacco della nostra gente con il MUSLA\u00a0<\/span><\/span><span style=\"color: #ff0000;\"> 6.15<\/span> PIROLE DE LENGA A CURA DEL MUSLA<span style=\"color: #ff0000;\"> 7.20<\/span> EL BAL DEL FIORI, DETTI E TRADIZIONI DI GIULIANA DA RONCH <span style=\"color: #ff0000;\">8.05<\/span> LA RASSEGNA STAMPA LOCALE<span style=\"color: #ff0000;\"> 8.30\u00a0 WEEK END MARINA C&#8217;E&#8217; <span style=\"color: #000000;\">\u00a0<\/span> 900 <span style=\"color: #0000ff;\">L&#8217;almanacco della nostra gente con il MUSLA\u00a0 \u00a0<\/span><\/span><span style=\"color: #ff0000;\"><span style=\"color: #000000;\"><span style=\"color: #ff0000;\">9.10<\/span> PREMIER LE NOVITA&#8217; IN MUSICA CON MARCO GAZ <span style=\"color: #ff0000;\">9.25<\/span> LA METEO\u00a0 \u00a0<\/span><\/span><span style=\"color: #ff0000;\">9.40<\/span> VIABILITA&#8217; CON BOTOL CAR SERVICE (AGORDO-SEDICO-FELTRE) <span style=\"color: #ff0000;\">10.30<\/span>\u00a0 LA RASSEGNA STAMPA DA L&#8217;AMICO DEL POPOLO DI GIANNI SANTOMASO\u00a0\u00a0<span style=\"color: #ff0000;\">11.40<\/span> FESTIVALBAR STORY DI ATHOS DJ DAVID BEN\u00a0 \u00a0 <span style=\"color: #ff0000;\">12.00<\/span> VA TUTTO LISCIO\u00a0 <span style=\"color: #ff0000;\">12.30<\/span> GIORNALE RADIO PRINCIPALE <span style=\"color: #ff0000;\">13.10<\/span> SPECIALE PROLOCO CAVIOLA CON MONICA E ALESSIO \u00a0<span style=\"color: #ff0000;\">13.20<\/span> FOGLIE E CASTAGNE DI MARINA DONA&#8217; <span style=\"color: #ff0000;\">\u00a0<\/span><span style=\"color: #ff0000;\">14.00 ELETTROCHOC CON JACOPO DJ JACK<\/span><span style=\"color: #ff0000;\"><span style=\"color: #000000;\">\u00a0<\/span>\u00a0<\/span><span style=\"color: #ff0000;\">15.00<\/span>\u00a0 LA CLASSIFICA UFFICIALE DI RADIOPIU DI MARCO GAZ\u00a0 <span style=\"color: #ff0000;\">16<\/span> IL ROCK DI MARCO COSTANTINI <span style=\"color: #ff0000;\">\u00a01645<\/span> LE HIT DI MIRCO BENCIVENNI <span style=\"color: #ff0000;\">18.00<\/span> PIU&#8217; DANCE LE SELEZIONI CHE FANNO SALTARE DI DJ JACK, JACOPO DEL TEDESCO<\/p>\n<p><span style=\"color: #008000;\">QUESTO FINE SETTIMANA.. SAREMO IN DIRETTA, OGGI CON I NOSTRI CANALI SOCIAL DALLA FIERA<\/span> DEL BESTIAM DI AGORDO E DOMANI CON MOTORI <span style=\"color: #ff0000;\">E SOLIDARIETA&#8217; A FALCADE OSPITI DI MAURO RIVA.<\/span><\/p>\n<p><strong>rassegna stampa nazionale,<\/strong> ogni giorno alle 5 e alle 6 del mattino<br \/>\ngiornali locali 7 rassegna stampa flash, 8 rassegna stampa, gr flash alle 10 e alle 11, principale 12.30. Informazione pomeriggio alle 15 (speciale) 16, 17, 18. Giornale radio nazionale: ogni ora dalle 5 del mattino, alle 20 della sera.<\/p>\n<p>&nbsp;<\/p>\n<p>&nbsp;<\/p>\n<hr \/>\n<p>&nbsp;<\/p>\n<p>&nbsp;<\/p>\n<div class=\"x11i5rnm xat24cr x1mh8g0r x1vvkbs xtlvy1s x126k92a\">\n<div dir=\"auto\">\n<div dir=\"auto\">\n<p><strong><a class=\"dt-pswp-item\" href=\"https:\/\/www.radiopiu.net\/wordpress\/wp-content\/uploads\/2024\/02\/2d44e751-d8a8-461b-8e22-d8e4e853b032.jpg\" data-dt-img-description=\"\" data-large_image_width=\"1600\" data-large_image_height=\"1200\"><img loading=\"lazy\" decoding=\"async\" class=\"wp-image-373307 alignleft\" src=\"https:\/\/www.radiopiu.net\/wordpress\/wp-content\/uploads\/2024\/02\/2d44e751-d8a8-461b-8e22-d8e4e853b032-300x225.jpg\" alt=\"\" width=\"105\" height=\"79\" srcset=\"https:\/\/www.radiopiu.net\/wordpress\/wp-content\/uploads\/2024\/02\/2d44e751-d8a8-461b-8e22-d8e4e853b032-300x225.jpg 300w, https:\/\/www.radiopiu.net\/wordpress\/wp-content\/uploads\/2024\/02\/2d44e751-d8a8-461b-8e22-d8e4e853b032-1024x768.jpg 1024w, https:\/\/www.radiopiu.net\/wordpress\/wp-content\/uploads\/2024\/02\/2d44e751-d8a8-461b-8e22-d8e4e853b032-768x576.jpg 768w, https:\/\/www.radiopiu.net\/wordpress\/wp-content\/uploads\/2024\/02\/2d44e751-d8a8-461b-8e22-d8e4e853b032-1536x1152.jpg 1536w, https:\/\/www.radiopiu.net\/wordpress\/wp-content\/uploads\/2024\/02\/2d44e751-d8a8-461b-8e22-d8e4e853b032.jpg 1600w\" sizes=\"auto, (max-width: 105px) 100vw, 105px\" \/><\/a>EL BAL DEL FIOR, DI GIULIANA DA RONCH, 12 OTTOBRE<\/strong><strong>\u00a02024<\/strong><\/p>\n<\/div>\n<\/div>\n<\/div>\n<div><\/div>\n<div>\n<audio class=\"wp-audio-shortcode\" id=\"audio-413837-1\" preload=\"none\" style=\"width: 100%;\" controls=\"controls\"><source type=\"audio\/mpeg\" src=\"https:\/\/www.radiopiu.net\/wordpress\/wp-content\/uploads\/2024\/10\/GSA.mp3?_=1\" \/><a href=\"https:\/\/www.radiopiu.net\/wordpress\/wp-content\/uploads\/2024\/10\/GSA.mp3\">https:\/\/www.radiopiu.net\/wordpress\/wp-content\/uploads\/2024\/10\/GSA.mp3<\/a><\/audio>\n<p>&nbsp;<\/p>\n<\/div>\n<hr \/>\n<p>&nbsp;<\/p>\n<div class=\"x11i5rnm xat24cr x1mh8g0r x1vvkbs xtlvy1s x126k92a\">\n<h1><span style=\"color: #ff0000;\"><a class=\"dt-pswp-item\" href=\"https:\/\/www.radiopiu.net\/wordpress\/wp-content\/uploads\/2024\/06\/th-5.jpg\" data-dt-img-description=\"\" data-large_image_width=\"326\" data-large_image_height=\"180\"><img loading=\"lazy\" decoding=\"async\" class=\"size-medium wp-image-395881 alignleft\" src=\"https:\/\/www.radiopiu.net\/wordpress\/wp-content\/uploads\/2024\/06\/th-5-300x166.jpg\" alt=\"\" width=\"300\" height=\"166\" srcset=\"https:\/\/www.radiopiu.net\/wordpress\/wp-content\/uploads\/2024\/06\/th-5-300x166.jpg 300w, https:\/\/www.radiopiu.net\/wordpress\/wp-content\/uploads\/2024\/06\/th-5.jpg 326w\" sizes=\"auto, (max-width: 300px) 100vw, 300px\" \/><\/a><\/span><\/h1>\n<h1><\/h1>\n<h1><\/h1>\n<h1><span style=\"color: #000000;\">12 OTTOBRE&#8230; alla radio l&#8217;almanacco\u00a0<\/span><\/h1>\n<audio class=\"wp-audio-shortcode\" id=\"audio-413837-2\" preload=\"none\" style=\"width: 100%;\" controls=\"controls\"><source type=\"audio\/mpeg\" src=\"https:\/\/www.radiopiu.net\/wordpress\/wp-content\/uploads\/2024\/10\/ALMANACCONEW-9.mp3?_=2\" \/><a href=\"https:\/\/www.radiopiu.net\/wordpress\/wp-content\/uploads\/2024\/10\/ALMANACCONEW-9.mp3\">https:\/\/www.radiopiu.net\/wordpress\/wp-content\/uploads\/2024\/10\/ALMANACCONEW-9.mp3<\/a><\/audio>\n<p>&nbsp;<\/p>\n<hr \/>\n<p>&nbsp;<\/p>\n<p>&nbsp;<\/p>\n<blockquote>\n<h1><strong><a class=\"dt-pswp-item\" href=\"https:\/\/www.radiopiu.net\/wordpress\/wp-content\/uploads\/2024\/09\/settembre-2024-calendario-it2.jpg\" data-dt-img-description=\"Optimized by JPEGmini 3.13.0.8 0x813388d2\" data-large_image_width=\"1325\" data-large_image_height=\"1004\"><img loading=\"lazy\" decoding=\"async\" class=\" wp-image-409701 alignleft\" src=\"https:\/\/www.radiopiu.net\/wordpress\/wp-content\/uploads\/2024\/09\/settembre-2024-calendario-it2-300x227.jpg\" alt=\"\" width=\"187\" height=\"142\" srcset=\"https:\/\/www.radiopiu.net\/wordpress\/wp-content\/uploads\/2024\/09\/settembre-2024-calendario-it2-300x227.jpg 300w, https:\/\/www.radiopiu.net\/wordpress\/wp-content\/uploads\/2024\/09\/settembre-2024-calendario-it2-1024x776.jpg 1024w, https:\/\/www.radiopiu.net\/wordpress\/wp-content\/uploads\/2024\/09\/settembre-2024-calendario-it2-768x582.jpg 768w, https:\/\/www.radiopiu.net\/wordpress\/wp-content\/uploads\/2024\/09\/settembre-2024-calendario-it2.jpg 1325w\" sizes=\"auto, (max-width: 187px) 100vw, 187px\" \/><\/a>N di parom &#8211; L Almanach de la nosta jent<\/strong><\/h1>\n<\/blockquote>\n<p>Le voci: Davide Conedera, Agordo, Michela Dell&#8217;Osbel, La Valle Agordina Simone Ganz, Falcade Veronica Lezuo, Colle Santa Lucia. La voce nella sigla \u00e8 di Giorgia Taio<\/p>\n<p><strong>LA PUNTATA DI OGGI, 12 OTTOBRE<\/strong><\/p>\n<\/div>\n<div class=\"x11i5rnm xat24cr x1mh8g0r x1vvkbs xtlvy1s x126k92a\">\n<audio class=\"wp-audio-shortcode\" id=\"audio-413837-3\" preload=\"none\" style=\"width: 100%;\" controls=\"controls\"><source type=\"audio\/mpeg\" src=\"https:\/\/www.radiopiu.net\/wordpress\/wp-content\/uploads\/2024\/10\/12_otober_Simone.mp3?_=3\" \/><a href=\"https:\/\/www.radiopiu.net\/wordpress\/wp-content\/uploads\/2024\/10\/12_otober_Simone.mp3\">https:\/\/www.radiopiu.net\/wordpress\/wp-content\/uploads\/2024\/10\/12_otober_Simone.mp3<\/a><\/audio>\n<p>&nbsp;<\/p>\n<div dir=\"auto\">\n<hr \/>\n<\/div>\n<\/div>\n<blockquote>\n<blockquote>\n<h1><span style=\"color: #ff0000;\">\u00a0<\/span><\/h1>\n<h1><span style=\"color: #ff0000;\">I podcast informativi del mattino &#8211; audio &#8211;\u00a0\u00a0<\/span><\/h1>\n<\/blockquote>\n<p><strong><a class=\"dt-pswp-item\" href=\"https:\/\/www.radiopiu.net\/wordpress\/wp-content\/uploads\/2023\/11\/th-10.jpg\" data-dt-img-description=\"\" data-large_image_width=\"320\" data-large_image_height=\"180\"><img loading=\"lazy\" decoding=\"async\" class=\"wp-image-362866 alignleft\" src=\"https:\/\/www.radiopiu.net\/wordpress\/wp-content\/uploads\/2023\/11\/th-10-300x169.jpg\" alt=\"\" width=\"185\" height=\"104\" srcset=\"https:\/\/www.radiopiu.net\/wordpress\/wp-content\/uploads\/2023\/11\/th-10-300x169.jpg 300w, https:\/\/www.radiopiu.net\/wordpress\/wp-content\/uploads\/2023\/11\/th-10.jpg 320w\" sizes=\"auto, (max-width: 185px) 100vw, 185px\" \/><\/a>LA RASSEGNA STAMPA NAZIONALE ALLA RADIO, OGNI GIORNO ALLE 5 E ALLE 6 DEL MATTINO <span style=\"color: #0000ff;\">viene pubblicata alle 6.00 <span style=\"color: #ff0000;\">DIRETTA RADIO\u00a0 \u00a0\u00a0<\/span><\/span><\/strong><\/p><\/blockquote>\n<p>&nbsp;<\/p>\n<p><strong>NOTIZIE DELLA NOTTE<\/strong><\/p>\n<p><strong>Cina,<\/strong> taglio ai tassi sui mutui esistenti dal 25 ottobre <strong>Usa 2024,<\/strong> Trump: &#8216;operazione Aurora&#8217; per deportare i migranti <strong>Biden<\/strong>, &#8216;per gli esperti da uragano Milton danni per 50 miliardi&#8217; <strong>Hezbollah a israelian<\/strong>i, &#8216;allontanarsi da militari in citt\u00e0 nord&#8217; <strong>Boeing<\/strong> taglier\u00e0 il 10% della forza lavoro<br \/>\n<strong>Trump,<\/strong> &#8216;pena di morte per illegali che uccidono americani&#8217; <strong>Hamas,<\/strong> 30 morti nei raid israeliani a Jabalya <strong>Meloni,<\/strong>sulla competitivit\u00e0 Ue passare dalle parole a fatti<\/p>\n<h2>AUDIO dalle 6 del mattino<\/h2>\n<audio class=\"wp-audio-shortcode\" id=\"audio-413837-4\" preload=\"none\" style=\"width: 100%;\" controls=\"controls\"><source type=\"audio\/mpeg\" src=\"https:\/\/www.radiopiu.net\/wordpress\/wp-content\/uploads\/2024\/10\/GIORNALEDELLESEI-10.mp3?_=4\" \/><a href=\"https:\/\/www.radiopiu.net\/wordpress\/wp-content\/uploads\/2024\/10\/GIORNALEDELLESEI-10.mp3\">https:\/\/www.radiopiu.net\/wordpress\/wp-content\/uploads\/2024\/10\/GIORNALEDELLESEI-10.mp3<\/a><\/audio>\n<p>&nbsp;<\/p>\n<p>&nbsp;<\/p>\n<p>&nbsp;<\/p>\n<hr \/>\n<p>&nbsp;<\/p>\n<h1 style=\"text-align: center;\"><span style=\"color: #ff0000;\">I podcast informativi del mattino &#8211; audio &#8211;\u00a0<\/span><\/h1>\n<p><strong><a class=\"dt-pswp-item\" href=\"https:\/\/www.radiopiu.net\/wordpress\/wp-content\/uploads\/2023\/12\/images.png\" data-dt-img-description=\"\" data-large_image_width=\"316\" data-large_image_height=\"160\"><img loading=\"lazy\" decoding=\"async\" class=\"wp-image-367008 alignleft\" src=\"https:\/\/www.radiopiu.net\/wordpress\/wp-content\/uploads\/2023\/12\/images-300x152.png\" alt=\"\" width=\"235\" height=\"119\" srcset=\"https:\/\/www.radiopiu.net\/wordpress\/wp-content\/uploads\/2023\/12\/images-300x152.png 300w, https:\/\/www.radiopiu.net\/wordpress\/wp-content\/uploads\/2023\/12\/images.png 316w\" sizes=\"auto, (max-width: 235px) 100vw, 235px\" \/><\/a>OGNI GIORNO ALLE SETTE DEL MATTINO, LA RASSEGNA STAMPA LOCALE FLASH&#8230; PER CHI VA IN FRETTA. I TITOLI DAI GIORNALI E DAL SITO WWW.RADIOPIU.NET <span style=\"color: #0000ff;\">viene pubblicato alle 7.00<\/span> <span style=\"color: #ff0000;\">DIRETTA RADIO\u00a0<\/span><\/strong><\/p>\n<p><em><span style=\"color: #ff0000;\">per chi va in fretta&#8230; tante notizie in pochi minuti. L&#8217;informazione locale alla radio, ogni ora dalle 7 del mattino alle 19 della sera.<\/span><\/em><\/p>\n<h1>AUDIO dalle 7 del mattino<\/h1>\n<audio class=\"wp-audio-shortcode\" id=\"audio-413837-5\" preload=\"none\" style=\"width: 100%;\" controls=\"controls\"><source type=\"audio\/mpeg\" src=\"https:\/\/www.radiopiu.net\/wordpress\/wp-content\/uploads\/2024\/10\/GF07-10.mp3?_=5\" \/><a href=\"https:\/\/www.radiopiu.net\/wordpress\/wp-content\/uploads\/2024\/10\/GF07-10.mp3\">https:\/\/www.radiopiu.net\/wordpress\/wp-content\/uploads\/2024\/10\/GF07-10.mp3<\/a><\/audio>\n<p>&nbsp;<\/p>\n<p>&nbsp;<\/p>\n<p>&nbsp;<\/p>\n<hr \/>\n<p>&nbsp;<\/p>\n<h1><\/h1>\n<h1 style=\"text-align: center;\"><span style=\"color: #ff0000;\"><a class=\"dt-pswp-item\" href=\"https:\/\/www.radiopiu.net\/wordpress\/wp-content\/uploads\/2022\/01\/026c3f9d-dae9-4040-a3c1-a6530231bcc3.jpg\" data-dt-img-description=\"\" data-large_image_width=\"1152\" data-large_image_height=\"2048\"><img loading=\"lazy\" decoding=\"async\" class=\"wp-image-251839 alignleft\" src=\"https:\/\/www.radiopiu.net\/wordpress\/wp-content\/uploads\/2022\/01\/026c3f9d-dae9-4040-a3c1-a6530231bcc3-169x300.jpg\" alt=\"\" width=\"100\" height=\"177\" srcset=\"https:\/\/www.radiopiu.net\/wordpress\/wp-content\/uploads\/2022\/01\/026c3f9d-dae9-4040-a3c1-a6530231bcc3-169x300.jpg 169w, https:\/\/www.radiopiu.net\/wordpress\/wp-content\/uploads\/2022\/01\/026c3f9d-dae9-4040-a3c1-a6530231bcc3-576x1024.jpg 576w, https:\/\/www.radiopiu.net\/wordpress\/wp-content\/uploads\/2022\/01\/026c3f9d-dae9-4040-a3c1-a6530231bcc3-768x1365.jpg 768w, https:\/\/www.radiopiu.net\/wordpress\/wp-content\/uploads\/2022\/01\/026c3f9d-dae9-4040-a3c1-a6530231bcc3-864x1536.jpg 864w, https:\/\/www.radiopiu.net\/wordpress\/wp-content\/uploads\/2022\/01\/026c3f9d-dae9-4040-a3c1-a6530231bcc3.jpg 1152w\" sizes=\"auto, (max-width: 100px) 100vw, 100px\" \/><\/a>I podcast informativi del mattino &#8211; audio &#8211;\u00a0<\/span><\/h1>\n<blockquote><p><strong>GIORNALE RADIO NAZIONALE, EDIZIONE DELLE SETTE <span style=\"color: #0000ff;\">viene pubblicato alle 7.05 <span style=\"color: #ff0000;\">DIRETTA RADIO\u00a0<\/span><\/span><\/strong><\/p><\/blockquote>\n<p><strong>il giornale radionazionale e&#8217; in onda ogni ora, dalle sette del mattino alle venti della sera\u00a0 \u00a0<\/strong><strong>\u00a0<\/strong><\/p>\n<p>&nbsp;<\/p>\n<p><strong>MILANO<\/strong> La difesa di Alessia Pifferi, &#8216;serve una nuova perizia psichiatrica&#8217;\u00a0 Depositato il ricorso contro l&#8217;ergastolo per l&#8217;omicidio della figlia\u00a0 <strong>REGGIO EMILIA<\/strong> L&#8217;abuso d&#8217;ufficio non \u00e8 reato, assolto l&#8217;ex sindaco di Bibbiano La difesa: &#8220;Per Andrea Carletti \u00e8 finito un incubo&#8221; <strong>FIRENZE<\/strong> Colpo spettacolare ad un&#8217;azienda di scarpe di lusso a Fucecchio Chiodi sulle strade e furgoni messi di traverso per ostacolare forze dell&#8217;ordine <strong>BOLOGNA<\/strong> Traversetolo Neonati morti, Chiara non risponde ancora ai pm <strong>NAPOLI<\/strong> Si accascia a terra durante la ricreazione, muore a 10 ann <strong>VICENZA<\/strong> In tanti all&#8217;addio a Sammy Basso. La sua lettera: &#8216;Un bicchiere alla mia salute&#8217; <strong>MILANO<\/strong> Ucciso nel Milanese, non si esclude una rapina finita male <strong>PADOVA<\/strong> Autovelox non omologati per fare cassa La prima indagine sui Comuni per &#8216;falso ideologico&#8217;<span style=\"color: #ff0000;\">\u00a0<\/span><\/p>\n<p><span style=\"color: #ff0000;\">EDIZIONE DELLE 20, DEL 10 OTTOBRE 2024<\/span><\/p>\n<audio class=\"wp-audio-shortcode\" id=\"audio-413837-6\" preload=\"none\" style=\"width: 100%;\" controls=\"controls\"><source type=\"audio\/mpeg\" src=\"https:\/\/www.radiopiu.net\/wordpress\/wp-content\/uploads\/2024\/10\/giornale07-20.mp3?_=6\" \/><a href=\"https:\/\/www.radiopiu.net\/wordpress\/wp-content\/uploads\/2024\/10\/giornale07-20.mp3\">https:\/\/www.radiopiu.net\/wordpress\/wp-content\/uploads\/2024\/10\/giornale07-20.mp3<\/a><\/audio>\n<p>&nbsp;<\/p>\n<p><span style=\"color: #ff0000;\">EDIZIONE DELLE 19, DEL 10 OTTOBRE 2024, LO SPORT<\/span><\/p>\n<audio class=\"wp-audio-shortcode\" id=\"audio-413837-7\" preload=\"none\" style=\"width: 100%;\" controls=\"controls\"><source type=\"audio\/mpeg\" src=\"https:\/\/www.radiopiu.net\/wordpress\/wp-content\/uploads\/2024\/10\/gr-sport-10.mp3?_=7\" \/><a href=\"https:\/\/www.radiopiu.net\/wordpress\/wp-content\/uploads\/2024\/10\/gr-sport-10.mp3\">https:\/\/www.radiopiu.net\/wordpress\/wp-content\/uploads\/2024\/10\/gr-sport-10.mp3<\/a><\/audio>\n<h2><\/h2>\n<h2>AUDIO dalle sette del mattino, ogni ora alla radio<\/h2>\n<audio class=\"wp-audio-shortcode\" id=\"audio-413837-8\" preload=\"none\" style=\"width: 100%;\" controls=\"controls\"><source type=\"audio\/mpeg\" src=\"https:\/\/www.radiopiu.net\/wordpress\/wp-content\/uploads\/2024\/10\/giornale07-21.mp3?_=8\" \/><a href=\"https:\/\/www.radiopiu.net\/wordpress\/wp-content\/uploads\/2024\/10\/giornale07-21.mp3\">https:\/\/www.radiopiu.net\/wordpress\/wp-content\/uploads\/2024\/10\/giornale07-21.mp3<\/a><\/audio>\n<p>&nbsp;<\/p>\n<hr \/>\n<p>&nbsp;<\/p>\n<p>&nbsp;<\/p>\n<h1><span style=\"color: #ff0000;\"><a class=\"dt-pswp-item\" href=\"https:\/\/www.radiopiu.net\/wordpress\/wp-content\/uploads\/2024\/09\/GIORNALI.jpg\" data-dt-img-description=\"\" data-large_image_width=\"1280\" data-large_image_height=\"853\"><img loading=\"lazy\" decoding=\"async\" class=\" wp-image-410862 alignleft\" src=\"https:\/\/www.radiopiu.net\/wordpress\/wp-content\/uploads\/2024\/09\/GIORNALI-300x200.jpg\" alt=\"\" width=\"209\" height=\"139\" srcset=\"https:\/\/www.radiopiu.net\/wordpress\/wp-content\/uploads\/2024\/09\/GIORNALI-300x200.jpg 300w, https:\/\/www.radiopiu.net\/wordpress\/wp-content\/uploads\/2024\/09\/GIORNALI-1024x682.jpg 1024w, https:\/\/www.radiopiu.net\/wordpress\/wp-content\/uploads\/2024\/09\/GIORNALI-768x512.jpg 768w, https:\/\/www.radiopiu.net\/wordpress\/wp-content\/uploads\/2024\/09\/GIORNALI.jpg 1280w\" sizes=\"auto, (max-width: 209px) 100vw, 209px\" \/><\/a>I podcast informativi del mattino &#8211; video &#8211;\u00a0<\/span><\/h1>\n<h2 style=\"text-align: left;\"><strong>RASSEGNA STAMPA LOCALE, ORE OTTO 05<\/strong><\/h2>\n<h2><strong> <span style=\"color: #0000ff;\">viene\u00a0 <\/span><\/strong><strong><span style=\"color: #0000ff;\">pubblicata alle 8.05 <span style=\"color: #ff0000;\">DIRETTA RADIO\u00a0 \u00a0<\/span><\/span><\/strong><strong>DI MIRKO MEZZACASA<\/strong><\/h2>\n<h2><span style=\"color: #ff0000;\"><strong>VIDEO\u00a0 \u00a0in diretta dalle 8 del mattino\u00a0 \u00a0<\/strong><\/span><\/h2>\n<p>https:\/\/www.facebook.com\/radiopiu\/videos\/397922720035517<\/p>\n<p><a class=\"dt-pswp-item\" href=\"https:\/\/www.radiopiu.net\/wordpress\/wp-content\/uploads\/2024\/10\/COPER1-1.png\" data-dt-img-description=\"\" data-large_image_width=\"545\" data-large_image_height=\"276\"><img loading=\"lazy\" decoding=\"async\" class=\"wp-image-414019 aligncenter\" src=\"https:\/\/www.radiopiu.net\/wordpress\/wp-content\/uploads\/2024\/10\/COPER1-1-300x152.png\" alt=\"\" width=\"430\" height=\"218\" srcset=\"https:\/\/www.radiopiu.net\/wordpress\/wp-content\/uploads\/2024\/10\/COPER1-1-300x152.png 300w, https:\/\/www.radiopiu.net\/wordpress\/wp-content\/uploads\/2024\/10\/COPER1-1.png 545w\" sizes=\"auto, (max-width: 430px) 100vw, 430px\" \/><\/a><\/p>\n<p>&nbsp;<\/p>\n<hr \/>\n<p>&nbsp;<\/p>\n<p>&nbsp;<\/p>\n<p><strong><a class=\"dt-pswp-item\" href=\"https:\/\/www.radiopiu.net\/wordpress\/wp-content\/uploads\/2023\/12\/ANTENNA.png\" data-dt-img-description=\"\" data-large_image_width=\"300\" data-large_image_height=\"166\"><img loading=\"lazy\" decoding=\"async\" class=\" wp-image-366306 alignleft\" src=\"https:\/\/www.radiopiu.net\/wordpress\/wp-content\/uploads\/2023\/12\/ANTENNA.png\" alt=\"\" width=\"175\" height=\"97\" \/><\/a>ogni sera alle 19 le anticipazioni alla radio, quello che poi seguirete nel TELEGIORNALE BELLUNESE\u00a0 in onda alle 19.30 sul CANALE 10 del digitale terrestre.\u00a0\u00a0<\/strong><\/p>\n<p>&nbsp;<\/p>\n<p><strong>LE ANTICIPAZIONI DAL TG DI ANTENNA 3, DI CRISTIAN ARBOIT<\/strong><\/p>\n<audio class=\"wp-audio-shortcode\" id=\"audio-413837-9\" preload=\"none\" style=\"width: 100%;\" controls=\"controls\"><source type=\"audio\/mpeg\" src=\"https:\/\/www.radiopiu.net\/wordpress\/wp-content\/uploads\/2024\/10\/ANTENNA3-8.mp3?_=9\" \/><a href=\"https:\/\/www.radiopiu.net\/wordpress\/wp-content\/uploads\/2024\/10\/ANTENNA3-8.mp3\">https:\/\/www.radiopiu.net\/wordpress\/wp-content\/uploads\/2024\/10\/ANTENNA3-8.mp3<\/a><\/audio>\n<p>&nbsp;<\/p>\n<h1 class=\"_title post-title entry-title\">TEZZE SUL BRENTA | IL SALUTO A SAMMY BASSO: UN INNO ALLA VITA TRA LACRIME E FESTA<\/h1>\n<p>&nbsp;<\/p>\n<p>(Servizio di\u00a0<a href=\"https:\/\/antennatre.medianordest.it\/redazione\/Mirco-Cavallin\/\">Mirco Cavallin<\/a>)<\/p>\n<p><iframe loading=\"lazy\" title=\"IL SALUTO A SAMMY BASSO: UN INNO ALLA VITA TRA LACRIME E FESTA | 11\/10\/2024\" width=\"1200\" height=\"675\" src=\"https:\/\/www.youtube.com\/embed\/SjznQFncwDg?feature=oembed\" frameborder=\"0\" allow=\"accelerometer; autoplay; clipboard-write; encrypted-media; gyroscope; picture-in-picture; web-share\" referrerpolicy=\"strict-origin-when-cross-origin\" allowfullscreen><\/iframe><\/p>\n<p>&nbsp;<\/p>\n<hr \/>\n<p><strong>\u00a0<\/strong><\/p>\n<blockquote>\n<h2><strong>DA LUNEDI CODE A BRUGNACH\u00a0<\/strong><\/h2>\n<\/blockquote>\n<p><strong>AGORDO<\/strong> La Meic costruzioni di Gela da lunedi lavorer\u00e0 lungo la 347 del Duran e Cereda in localit\u00e0 Brugnach (zona industriale) per la posa delle condotte del gas metano. Da lunedi fino al 6 dicembre senso unico alternato regolato da semaforo<\/p>\n<p>&nbsp;<\/p>\n<hr \/>\n<p>&nbsp;<\/p>\n<blockquote>\n<h2>comunicazione Cai Sezione Agordina<\/h2>\n<\/blockquote>\n<p><strong>AGORDO<\/strong> La Presidenza informa che la chiusura della Sede Sociale di Piazzale Marconi si protrarr\u00e0 anche per\u00a0tutto il mese di ottobre\u00a0e\u00a0fino a data da destinarsi a causa dei lavori alla sede municipale. Per urgenze, informazioni e tesseramento 339\/6218040 &#8211; Presidente Dario Dell&#8217;Osbel.<\/p>\n<p>&nbsp;<\/p>\n<hr \/>\n<p>&nbsp;<\/p>\n<blockquote>\n<h3><a class=\"dt-pswp-item\" href=\"https:\/\/www.radiopiu.net\/wordpress\/wp-content\/uploads\/2024\/10\/Senza-nome-49.png\" data-dt-img-description=\"\" data-large_image_width=\"372\" data-large_image_height=\"323\"><img loading=\"lazy\" decoding=\"async\" class=\"wp-image-414013 alignleft\" src=\"https:\/\/www.radiopiu.net\/wordpress\/wp-content\/uploads\/2024\/10\/Senza-nome-49-300x260.png\" alt=\"\" width=\"168\" height=\"146\" srcset=\"https:\/\/www.radiopiu.net\/wordpress\/wp-content\/uploads\/2024\/10\/Senza-nome-49-300x260.png 300w, https:\/\/www.radiopiu.net\/wordpress\/wp-content\/uploads\/2024\/10\/Senza-nome-49.png 372w\" sizes=\"auto, (max-width: 168px) 100vw, 168px\" \/><\/a>NON RIENTRA DALLA PASSEGGIATA, TROVATO SENZA VITA<\/h3>\n<\/blockquote>\n<p><strong>FELTRE<\/strong> Ieri mattina verso le 8 \u00e8 stato chiesto l&#8217;intervento del Soccorso alpino di Feltre, in supporto ai Carabinieri e all&#8217;ambulanza, per il recupero del corpo di un anziano, rinvenuto senza vita nella zona del Vincheto di Celarda. Valerio Costa., 77 anni, di Feltre, che non era rientrato da un&#8217;abituale passeggiata nella sua casa di origine alle pendici del Miesna, \u00e8 stato ritrovato a terra su un prato, il decesso probabilmente causato da un malore.<\/p>\n<p>FOTO CORRIERE DELLE ALPI<\/p>\n<p>&nbsp;<\/p>\n<hr \/>\n<p>&nbsp;<\/p>\n<blockquote>\n<h2>MALTEMPO A SEREN, DUE PERSONE LONTANO DA CASA OSPITATE DA PARENTI<\/h2>\n<\/blockquote>\n<p><strong><a href=\"https:\/\/www.radiopiu.net\/wordpress\/ilvinoraccoi\/\">SEREN DEL GRAPPA<\/a> <\/strong>Danni sotto al massiccio del Grappa, a\u00a0 Segat sue persone fuori casa. Il punto con il sindaco Dario Scopel<\/p>\n<p>&nbsp;<\/p>\n<div style=\"width: 848px;\" class=\"wp-video\"><video class=\"wp-video-shortcode\" id=\"video-413837-1\" width=\"848\" height=\"480\" preload=\"metadata\" controls=\"controls\"><source type=\"video\/mp4\" src=\"https:\/\/www.radiopiu.net\/wordpress\/wp-content\/uploads\/2024\/10\/scopel.mp4?_=1\" \/><a href=\"https:\/\/www.radiopiu.net\/wordpress\/wp-content\/uploads\/2024\/10\/scopel.mp4\">https:\/\/www.radiopiu.net\/wordpress\/wp-content\/uploads\/2024\/10\/scopel.mp4<\/a><\/video><\/div>\n<p>&nbsp;<\/p>\n<hr \/>\n<p>&nbsp;<\/p>\n<blockquote>\n<h2>Controlli a sorpresa sulla raccolta funghi: multe ai trasgressori ad Arsi\u00e9<\/h2>\n<\/blockquote>\n<p>&nbsp;<\/p>\n<div class=\"flex max-w-full flex-col flex-grow\">\n<div class=\"min-h-8 text-message flex w-full flex-col items-end gap-2 whitespace-normal break-words [.text-message+&amp;]:mt-5\" dir=\"auto\" data-message-author-role=\"assistant\" data-message-id=\"eca2e3ec-d6d1-4ee7-8551-de975a76f8c9\" data-message-model-slug=\"gpt-4o\">\n<div class=\"flex w-full flex-col gap-1 empty:hidden first:pt-[3px]\">\n<div class=\"markdown prose w-full break-words dark:prose-invert dark\">\n<p><strong><img loading=\"lazy\" decoding=\"async\" class=\"alignleft\" src=\"https:\/\/www.radiopiu.net\/wordpress\/wp-content\/uploads\/2022\/02\/mushrooms-548360__340.webp\" width=\"227\" height=\"151\" \/>ARSIE<\/strong> Il comune di Arsi\u00e9 ha intensificato i controlli sulla raccolta di funghi, facendo rispettare il regolamento territoriale. Durante un&#8217;operazione a sorpresa, la Polizia locale, con l\u2019assessore Andrea De Bortoli, ha multato una decina di non residenti privi di autorizzazione. Alcuni hanno cercato di nascondere le prove rovesciando i funghi nel bosco, ma sono stati comunque sanzionati. L\u2019amministrazione Faoro ha deciso di agire dopo aver osservato comportamenti scorretti da parte di raccoglitori provenienti da altre province. Le multe partono da 70 euro. I residenti dell&#8217;Unione montana feltrina possono raccogliere funghi senza permesso, mentre i non residenti devono acquistare un&#8217;autorizzazione, disponibile in vari punti vendita del comune.<\/p>\n<\/div>\n<\/div>\n<\/div>\n<\/div>\n<div class=\"mb-2 flex gap-3 empty:hidden -ml-2\">\n<div class=\"items-center justify-start rounded-xl p-1 flex\">\n<div class=\"flex items-center\">\n<p>&nbsp;<\/p>\n<\/div>\n<\/div>\n<\/div>\n<p>&nbsp;<\/p>\n<hr \/>\n<p>&nbsp;<\/p>\n<blockquote>\n<h3>DISSERVIZI TPL: LA PROVINCIA CONVOCA IL COMUNE DI LIVINALLONGO<\/h3>\n<p><em>Finalmente anche la Provincia pare si sia accorta che quassu&#8217; i disservizi sono continui&#8230; d&#8217;altronde in Provincia non siamo rappresentati da un nostro amministratore fidato,\u00a0 ma dobbiamo affidarci a quelli della citt\u00e0. Bene che gli utenti &#8220;mazziati&#8221; invino le critiche sui continui disservizi, sara&#8217; nostra\u00a0 cura ribadirlo, amplificarlo, a piu&#8217; riprese,\u00a0 giusto che vengano inviate a noi organi di informazine,\u00a0 perche&#8217;\u00a0 qui non finiscono nel cassetto, soprattutto rispondiamo come altri non fanno da tempo<br \/>\nma la gente non e&#8217; stupida lo ha capito (mm)<\/em><\/p><\/blockquote>\n<p><strong><a class=\"dt-pswp-item\" href=\"https:\/\/www.radiopiu.net\/wordpress\/wp-content\/uploads\/2020\/06\/f662441c-c6a1-40df-8978-3ff5202173f9.jpg\" data-dt-img-description=\"\" data-large_image_width=\"1280\" data-large_image_height=\"960\"><img loading=\"lazy\" decoding=\"async\" class=\" wp-image-145519 alignleft\" src=\"https:\/\/www.radiopiu.net\/wordpress\/wp-content\/uploads\/2020\/06\/f662441c-c6a1-40df-8978-3ff5202173f9-300x225.jpg\" alt=\"\" width=\"139\" height=\"104\" srcset=\"https:\/\/www.radiopiu.net\/wordpress\/wp-content\/uploads\/2020\/06\/f662441c-c6a1-40df-8978-3ff5202173f9-300x225.jpg 300w, https:\/\/www.radiopiu.net\/wordpress\/wp-content\/uploads\/2020\/06\/f662441c-c6a1-40df-8978-3ff5202173f9-1024x768.jpg 1024w, https:\/\/www.radiopiu.net\/wordpress\/wp-content\/uploads\/2020\/06\/f662441c-c6a1-40df-8978-3ff5202173f9-768x576.jpg 768w, https:\/\/www.radiopiu.net\/wordpress\/wp-content\/uploads\/2020\/06\/f662441c-c6a1-40df-8978-3ff5202173f9.jpg 1280w\" sizes=\"auto, (max-width: 139px) 100vw, 139px\" \/><\/a>BELLUNO<\/strong> Il consigliere provinciale Massimo Bortoluzzi ha lanciato un allarme sulla necessit\u00e0 di misure straordinarie per sostenere i servizi nella montagna a statuto ordinario, come quella bellunese. In particolare, ha segnalato criticit\u00e0 nel trasporto pubblico locale, a seguito di un disservizio denunciato dal sindaco di Livinallongo, Oscar Nagler, riguardante una corsa di pullman non partita. Bortoluzzi ha invitato i sindaci a collaborare per monitorare e segnalare eventuali problemi, sottolineando la difficolt\u00e0 di fornire servizi in aree scarsamente popolate, definite &#8220;a fallimento di mercato&#8221;. Ha inoltre evidenziato la differenza di risorse rispetto alle province autonome di Trento e Bolzano, richiedendo un maggiore sostegno finanziario per garantire servizi efficienti.<\/p>\n<p>&nbsp;<\/p>\n<p>&nbsp;<\/p>\n<hr \/>\n<p>&nbsp;<\/p>\n<blockquote>\n<h3>IURE SANGUIS: INTERROGAZIONE DEL SENATORE MENIA AL MINISTRO DELL&#8217;INTERNO<\/h3>\n<\/blockquote>\n<p><strong><a class=\"dt-pswp-item\" href=\"https:\/\/www.radiopiu.net\/wordpress\/wp-content\/uploads\/2024\/10\/qWDW_OPf_400x400.jpg\" data-dt-img-description=\"\" data-large_image_width=\"400\" data-large_image_height=\"400\"><img loading=\"lazy\" decoding=\"async\" class=\" wp-image-413905 alignleft\" src=\"https:\/\/www.radiopiu.net\/wordpress\/wp-content\/uploads\/2024\/10\/qWDW_OPf_400x400-300x300.jpg\" alt=\"\" width=\"157\" height=\"157\" srcset=\"https:\/\/www.radiopiu.net\/wordpress\/wp-content\/uploads\/2024\/10\/qWDW_OPf_400x400-300x300.jpg 300w, https:\/\/www.radiopiu.net\/wordpress\/wp-content\/uploads\/2024\/10\/qWDW_OPf_400x400-150x150.jpg 150w, https:\/\/www.radiopiu.net\/wordpress\/wp-content\/uploads\/2024\/10\/qWDW_OPf_400x400.jpg 400w\" sizes=\"auto, (max-width: 157px) 100vw, 157px\" \/><\/a>REDAZIONE<\/strong> Negli ultimi anni sono emerse gravi problematiche legate al riconoscimento della cittadinanza italiana iure sanguinis, sia a livello amministrativo che giudiziario. Molti sindaci ritengono che l&#8217;attuale normativa generi distorsioni, come dimostrato dalle recenti indagini nel Comune di Crocetta del Montello, dove sono state scoperte pratiche illegali legate a residenze fittizie e cittadinanze facili. La circolare del 2007, che consente l&#8217;iscrizione anagrafica con un soggiorno breve, ha creato un percorso facilitato per ottenere la cittadinanza, spesso sfruttato da agenzie specializzate. Tuttavia, restano dubbi sulla legittimit\u00e0 di questi procedimenti, e non sono chiari i criteri per accertare la dimora abituale. Il fenomeno richiede un&#8217;interpretazione chiara e controlli pi\u00f9 rigorosi da parte del Ministero dell&#8217;Interno come ha richiesto nell&#8217;interrogazione il Senatore Roberto menia<\/p>\n<p><strong>L&#8217;INTERROGAZIONE DEL SENATORE ROBERTO MENIA AL MINISTRO DELL&#8217;INTERNO<\/strong><\/p>\n<a href=\"https:\/\/www.radiopiu.net\/wordpress\/wp-content\/uploads\/2024\/10\/iure-sanguinis-.pdf\" class=\"pdfemb-viewer\" style=\"\" data-width=\"max\" data-height=\"max\" data-toolbar=\"top\" data-toolbar-fixed=\"on\">iure sanguinis<\/a>\n<p>&nbsp;<\/p>\n<hr \/>\n<p>&nbsp;<\/p>\n<blockquote>\n<h3>IL DDL \u201cMONTAGNA\u201d APPRODA IN SENATO DOPO IL VAGLIO DELLA COMMISSIONE BILANCIO<\/h3>\n<\/blockquote>\n<p><strong><a class=\"dt-pswp-item\" href=\"https:\/\/www.radiopiu.net\/wordpress\/wp-content\/uploads\/2020\/05\/Dario-Bond.jpg\" data-dt-img-description=\"\" data-large_image_width=\"165\" data-large_image_height=\"228\"><img loading=\"lazy\" decoding=\"async\" class=\" wp-image-138833 alignleft\" src=\"https:\/\/www.radiopiu.net\/wordpress\/wp-content\/uploads\/2020\/05\/Dario-Bond.jpg\" alt=\"\" width=\"103\" height=\"142\" \/><\/a>BELLUNO<\/strong> Il nuovo Ddl Montagna, in discussione dal 25 ottobre al Senato, offre speranze per lo sviluppo delle aree montane, con un focus sulla riduzione delle disuguaglianze economico-sociali. L&#8217;art. 1 del Ddl stabilisce una collaborazione tra Stato, regioni e enti locali per promuovere il benessere delle zone montane, in linea con l&#8217;art. 119 della Costituzione. Dario Bond, presidente del Fondo Comuni Confinanti (FCC), ha sottolineato il legame del Ddl con il fondo e l&#8217;importanza delle risorse economiche disponibili, circa 1 miliardo in cinque anni. Tra gli aspetti pi\u00f9 rilevanti ci sono il potenziamento dei servizi locali, come scuola e sanit\u00e0, e misure per contrastare lo spopolamento, con benefici aggiuntivi per i Comuni montani.<\/p>\n<p><strong>IL PRESIDENTE DEL FONDO COMUNI CONFINANTI DARIO BOND<\/strong><\/p>\n<audio class=\"wp-audio-shortcode\" id=\"audio-413837-10\" preload=\"none\" style=\"width: 100%;\" controls=\"controls\"><source type=\"audio\/mpeg\" src=\"https:\/\/www.radiopiu.net\/wordpress\/wp-content\/uploads\/2024\/10\/BOND-DL-MONTAGNA.mp3?_=10\" \/><a href=\"https:\/\/www.radiopiu.net\/wordpress\/wp-content\/uploads\/2024\/10\/BOND-DL-MONTAGNA.mp3\">https:\/\/www.radiopiu.net\/wordpress\/wp-content\/uploads\/2024\/10\/BOND-DL-MONTAGNA.mp3<\/a><\/audio>\n<p>&nbsp;<\/p>\n<hr \/>\n<p>&nbsp;<\/p>\n<blockquote><p><strong><a class=\"dt-pswp-item\" href=\"https:\/\/www.radiopiu.net\/wordpress\/wp-content\/uploads\/2021\/05\/CONFINDUSTRIA.png\" data-dt-img-description=\"\" data-large_image_width=\"575\" data-large_image_height=\"575\"><img loading=\"lazy\" decoding=\"async\" class=\"wp-image-211858 alignleft\" src=\"https:\/\/www.radiopiu.net\/wordpress\/wp-content\/uploads\/2021\/05\/CONFINDUSTRIA-300x300.png\" alt=\"\" width=\"130\" height=\"130\" srcset=\"https:\/\/www.radiopiu.net\/wordpress\/wp-content\/uploads\/2021\/05\/CONFINDUSTRIA-300x300.png 300w, https:\/\/www.radiopiu.net\/wordpress\/wp-content\/uploads\/2021\/05\/CONFINDUSTRIA-150x150.png 150w, https:\/\/www.radiopiu.net\/wordpress\/wp-content\/uploads\/2021\/05\/CONFINDUSTRIA.png 575w\" sizes=\"auto, (max-width: 130px) 100vw, 130px\" \/><\/a>Confindustria Belluno Dolomiti: Equit\u00e0 nei Prezzi di Carburante<\/strong><\/p><\/blockquote>\n<p><strong>BELLUNO<\/strong> Lorraine Berton, presidente di Confindustria Belluno Dolomiti, esprime preoccupazione per il riallineamento dei prezzi di benzina e diesel. Berton sottolinea che chi vive e lavora in montagna affronta maggiori costi di trasporto e invita a considerare l&#8217;equit\u00e0 nell&#8217;applicazione delle misure, evitando di penalizzare ulteriormente famiglie e imprese delle aree montane rispetto a quelle metropolitane.<\/p>\n<p>&nbsp;<\/p>\n<hr \/>\n<p>&nbsp;<\/p>\n<p><strong>LA GIUDIZIARIA OGGI<\/strong><br \/>\n<strong>DAL CORRIERE DELLE ALPI<\/strong><br \/>\n<strong>GIGI SOSSO<\/strong><\/p>\n<p><strong>Omicidio Costa: Dubbi sull\u2019Arma del Delitto e il Sospetto di un Mancino<\/strong><\/p>\n<p><strong><a class=\"dt-pswp-item\" href=\"https:\/\/www.radiopiu.net\/wordpress\/wp-content\/uploads\/2024\/10\/Senza-nome-50.png\" data-dt-img-description=\"\" data-large_image_width=\"507\" data-large_image_height=\"246\"><img loading=\"lazy\" decoding=\"async\" class=\"size-medium wp-image-414015 alignleft\" src=\"https:\/\/www.radiopiu.net\/wordpress\/wp-content\/uploads\/2024\/10\/Senza-nome-50-300x146.png\" alt=\"\" width=\"300\" height=\"146\" srcset=\"https:\/\/www.radiopiu.net\/wordpress\/wp-content\/uploads\/2024\/10\/Senza-nome-50-300x146.png 300w, https:\/\/www.radiopiu.net\/wordpress\/wp-content\/uploads\/2024\/10\/Senza-nome-50.png 507w\" sizes=\"auto, (max-width: 300px) 100vw, 300px\" \/><\/a>FELTRE<\/strong> Nel processo per l&#8217;omicidio di Antonio Costa, emergono nuovi dubbi sull&#8217;arma del delitto e l&#8217;autore del fendente. Il principale imputato, Pedro Livert Dominguez, \u00e8 destro, mentre le ricostruzioni indicano che il colpo mortale fu inferto da un mancino. L&#8217;esperto della difesa, Renzo Barbazza, ha contestato che il coltello sequestrato (un Deejo pieghevole) sia l&#8217;arma del delitto, sostenendo che la ferita non corrisponde alla lama e che Dominguez si era ferito alla mano destra, non compatibile con il colpo. Inoltre, le tracce di sangue trovate non chiariscono del tutto la dinamica. La difesa suggerisce che un&#8217;altra persona, in una seconda colluttazione, abbia ucciso Costa, con un coltello mai ritrovato.<\/p>\n<p>&nbsp;<\/p>\n<p>&nbsp;<\/p>\n<hr \/>\n<p>&nbsp;<\/p>\n<p>&nbsp;<\/p>\n<div class=\"flex-shrink-0 flex flex-col relative items-end\">\n<div class=\"pt-0\">\n<div class=\"gizmo-bot-avatar flex h-8 w-8 items-center justify-center overflow-hidden rounded-full\">\n<div class=\"relative p-1 rounded-sm flex items-center justify-center bg-token-main-surface-primary text-token-text-primary h-8 w-8\"><span style=\"color: #ff0000;\"><strong><img loading=\"lazy\" decoding=\"async\" class=\"alignleft\" src=\"https:\/\/www.radiopiu.net\/wordpress\/wp-content\/uploads\/2023\/06\/Belluno-di-sera-i-giovedi.jpg\" width=\"251\" height=\"188\" \/>LA DESERTIFICAZIONE DEL COMMERCIO BELLUNESE, BELLUNO CAPOLUOGO NON SI SALVA, VERSO LA CITTA&#8217; DORMITORIO&#8230;<\/strong><\/span><\/div>\n<\/div>\n<\/div>\n<\/div>\n<div class=\"group\/conversation-turn relative flex w-full min-w-0 flex-col agent-turn\">\n<div class=\"flex-col gap-1 md:gap-3\">\n<div class=\"flex max-w-full flex-col flex-grow\">\n<div class=\"min-h-8 text-message flex w-full flex-col items-end gap-2 whitespace-normal break-words [.text-message+&amp;]:mt-5\" dir=\"auto\" data-message-author-role=\"assistant\" data-message-id=\"0d65cec2-79ae-4a32-beaa-5af5384ba07c\" data-message-model-slug=\"gpt-4o\">\n<div class=\"flex w-full flex-col gap-1 empty:hidden first:pt-[3px]\">\n<div class=\"markdown prose w-full break-words dark:prose-invert dark\">\n<blockquote><p><strong>Chiusura Temporanea dei Negozi Benetton a Belluno<\/strong><\/p><\/blockquote>\n<p><strong>BELLUNO<\/strong> I due negozi Benetton nel centro storico di Belluno, aperti un anno e mezzo fa, hanno chiuso a fine agosto 2024. Sebbene un cartello parli di chiusura temporanea per cambio allestimento, non ci sarebbero piani per una riapertura a breve termine.<\/p>\n<p>&nbsp;<\/p>\n<hr \/>\n<p>&nbsp;<\/p>\n<p>&nbsp;<\/p>\n<blockquote>\n<h1>LA FIERA DEL BESTIAM, ANTEPRIMA CON LA PRESENTAZIONE DEL LIBRO<\/h1>\n<\/blockquote>\n<blockquote><p><strong>Ristampa di un volume storico sulle latterie della provincia di Belluno<\/strong><\/p><\/blockquote>\n<p>&nbsp;<\/p>\n<p><strong><a class=\"dt-pswp-item\" href=\"https:\/\/www.radiopiu.net\/wordpress\/wp-content\/uploads\/2024\/10\/Senza-nome-52.png\" data-dt-img-description=\"\" data-large_image_width=\"286\" data-large_image_height=\"296\"><img loading=\"lazy\" decoding=\"async\" class=\" wp-image-414031 alignleft\" src=\"https:\/\/www.radiopiu.net\/wordpress\/wp-content\/uploads\/2024\/10\/Senza-nome-52.png\" alt=\"\" width=\"95\" height=\"98\" \/><\/a>RIVAMONTE<\/strong> Alle antiche miniere, il sito minerario di Valle Imperina ha ospitato la presentazione del libro di Fabio Bona\u00a0 &#8220;Consistenza delle latterie Soc. coop. della provincia nel 1932-10&#8221;. Questo documento offre uno spaccato della realt\u00e0 lattiero-casearia bellunese nel 1932, descrivendo le 301 latterie attive all&#8217;epoca. Durante l&#8217;evento, Fabio Bona, ha sottolineato l&#8217;importanza di questa ristampa in vista dell&#8217;evento La Fiera de Bestiam. Giuseppe Pellegrini ha illustrato come il territorio sia cambiato, con il bosco che guadagna terreno a scapito dei pascoli, mettendo in difficolt\u00e0 le piccole latterie.<\/p>\n<p>&nbsp;<\/p>\n<p><iframe loading=\"lazy\" title=\"ALLE MINIERE\" width=\"1200\" height=\"675\" src=\"https:\/\/www.youtube.com\/embed\/aWbyjXu7Tmo?start=1083&#038;feature=oembed\" frameborder=\"0\" allow=\"accelerometer; autoplay; clipboard-write; encrypted-media; gyroscope; picture-in-picture; web-share\" referrerpolicy=\"strict-origin-when-cross-origin\" allowfullscreen><\/iframe><\/p>\n<p>&nbsp;<\/p>\n<p>&nbsp;<\/p>\n<\/div>\n<\/div>\n<\/div>\n<\/div>\n<\/div>\n<\/div>\n<p>&nbsp;<\/p>\n<hr \/>\n<p>&nbsp;<\/p>\n<blockquote>\n<h3>OGGI L&#8217;INTITOLAZIONE DELLA PIAZZA A CATARINA LANZ<\/h3>\n<\/blockquote>\n<p><strong><img loading=\"lazy\" decoding=\"async\" class=\"alignleft\" src=\"https:\/\/www.radiopiu.net\/wordpress\/wp-content\/uploads\/2022\/11\/Senza-nome-71.jpg\" width=\"211\" height=\"127\" \/><\/strong><\/p>\n<p><strong>LIVINALLONGO<\/strong><\/p>\n<p>Il Comune di Livinallongo celebra un&#8217;importante figura storica del territorio con l&#8217;intitolazione della piazza del Municipio a Catarina Lanz. La cerimonia si terr\u00e0 sabato 12 ottobre a Pieve di Livinallongo e vedr\u00e0 la partecipazione del Sindaco e dell\u2019Amministrazione Comunale, affiancati dall\u2019Union dei Ladins da Fodom, l\u2019Istitut Ladin Cesa de Jan, la Sch\u00fctzenkompanie Buchenstein e la Parrocchia di Livinallongo.<\/p>\n<p>Catarina Lanz \u00e8 un simbolo di coraggio e resilienza per la comunit\u00e0 ladina, riconosciuta per il suo contributo durante le guerre napoleoniche, quando si distinse per la difesa delle proprie terre. La decisione di intitolare la piazza principale del paese a questa eroina locale riflette il desiderio di onorare la sua memoria e il legame profondo con la cultura e la storia ladina.<\/p>\n<p>Il programma della giornata prevede momenti di riflessione storica, interventi delle autorit\u00e0 locali e rappresentanti delle istituzioni ladine, e la benedizione della nuova piazza da parte del parroco.<\/p>\n<p>&nbsp;<\/p>\n<p><strong>DI LORENZO SORATROI<\/strong><\/p>\n<audio class=\"wp-audio-shortcode\" id=\"audio-413837-11\" preload=\"none\" style=\"width: 100%;\" controls=\"controls\"><source type=\"audio\/mpeg\" src=\"https:\/\/www.radiopiu.net\/wordpress\/wp-content\/uploads\/2024\/10\/lorenzo-lanz.mp3?_=11\" \/><a href=\"https:\/\/www.radiopiu.net\/wordpress\/wp-content\/uploads\/2024\/10\/lorenzo-lanz.mp3\">https:\/\/www.radiopiu.net\/wordpress\/wp-content\/uploads\/2024\/10\/lorenzo-lanz.mp3<\/a><\/audio>\n<p>&nbsp;<\/p>\n<p>&nbsp;<\/p>\n<hr \/>\n<p>&nbsp;<\/p>\n<p>&nbsp;<\/p>\n<blockquote>\n<h1>OGGI Il paese commemora i giovani caduti nel &#8217;44<\/h1>\n<\/blockquote>\n<p><strong><img loading=\"lazy\" decoding=\"async\" class=\"alignleft\" src=\"https:\/\/www.radiopiu.net\/wordpress\/wp-content\/uploads\/2023\/07\/MUNICIPIO-VOLTAGO.jpeg\" width=\"283\" height=\"210\" \/>VOLTAGO<\/strong> \u2013 \u201cI tragici fatti avvenuti tra il 12 e il 13 ottobre 1944 non devono essere dimenticati, ma ricordati, specialmente tra i giovani.\u201d Questo \u00e8 l\u2019appello dell\u2019amministrazione comunale di Voltago, in occasione dell&#8217;80\u00b0 anniversario della rappresaglia nazifascista. Durante quella brutale azione, furono uccisi i giovani Loris Scussel (16 anni) e Giusto Pollazzon (23 anni), mentre met\u00e0 del paese fu distrutta dalle fiamme. La cerimonia commemorativa avr\u00e0 inizio alle 9.30 con una messa presso la parrocchia dei santi Vittore e Corona, seguita dalla deposizione di una corona in piazza 12 ottobre 1944. Alle 10.30, nella sala polifunzionale Gianni De Col, si terranno gli interventi del sindaco Giuseppe Schena e del consigliere alla cultura, Andrea Bressan. Luigi Rivis, Loris Santomaso e Dino Bridda presenteranno il libro <em>Voltago 1944<\/em>, che raccoglie testimonianze di sopravvissuti all\u2019eccidio. Gli allievi della scuola primaria, intitolata a Scussel e Pollazzon, porteranno un contributo, insieme ai famigliari delle vittime. Una giornata per non dimenticare.<\/p>\n<p>&nbsp;<\/p>\n<p>&nbsp;<\/p>\n<hr \/>\n<p>&nbsp;<\/p>\n<blockquote>\n<h1>Riparte la Campagna Vaccinale Antinfluenzale nell&#8217;Ulss 1 Dolomiti<\/h1>\n<\/blockquote>\n<p><strong><a class=\"dt-pswp-item\" href=\"https:\/\/www.radiopiu.net\/wordpress\/wp-content\/uploads\/2024\/10\/f7e8fb7f-250a-4edb-b2e4-7556cd1d4543-scaled.jpg\" data-dt-img-description=\"\" data-large_image_width=\"2560\" data-large_image_height=\"1920\"><img loading=\"lazy\" decoding=\"async\" class=\" wp-image-413943 alignleft\" src=\"https:\/\/www.radiopiu.net\/wordpress\/wp-content\/uploads\/2024\/10\/f7e8fb7f-250a-4edb-b2e4-7556cd1d4543-300x225.jpg\" alt=\"\" width=\"271\" height=\"203\" srcset=\"https:\/\/www.radiopiu.net\/wordpress\/wp-content\/uploads\/2024\/10\/f7e8fb7f-250a-4edb-b2e4-7556cd1d4543-300x225.jpg 300w, https:\/\/www.radiopiu.net\/wordpress\/wp-content\/uploads\/2024\/10\/f7e8fb7f-250a-4edb-b2e4-7556cd1d4543-1024x768.jpg 1024w, https:\/\/www.radiopiu.net\/wordpress\/wp-content\/uploads\/2024\/10\/f7e8fb7f-250a-4edb-b2e4-7556cd1d4543-768x576.jpg 768w, https:\/\/www.radiopiu.net\/wordpress\/wp-content\/uploads\/2024\/10\/f7e8fb7f-250a-4edb-b2e4-7556cd1d4543-1536x1152.jpg 1536w, https:\/\/www.radiopiu.net\/wordpress\/wp-content\/uploads\/2024\/10\/f7e8fb7f-250a-4edb-b2e4-7556cd1d4543-2048x1536.jpg 2048w\" sizes=\"auto, (max-width: 271px) 100vw, 271px\" \/><\/a>BELLUNO<\/strong> Dal 7 ottobre 2024 \u00e8 iniziata la campagna vaccinale antinfluenzale nell&#8217;Ulss 1 Dolomiti, che proseguir\u00e0 fino ai primi mesi del 2025. Sono gi\u00e0 state ordinate oltre 33mila dosi. Nel 2023, su 155mila vaccinazioni totali, quasi 37mila erano contro l&#8217;influenza. La campagna coinvolge medici di base, pediatri e 17 farmacie provinciali, con l\u2019obiettivo di migliorare la copertura per gli over 65 (50,2% nel 2023). Sono previste giornate di open day nei centri vaccinali, e la prenotazione online \u00e8 semplice tramite tessera sanitaria. Grande attenzione \u00e8 rivolta agli anziani, categorie fragili, caregiver e bambini.<\/p>\n<p><strong>di DANIELE DALVIT<\/strong><\/p>\n<audio class=\"wp-audio-shortcode\" id=\"audio-413837-12\" preload=\"none\" style=\"width: 100%;\" controls=\"controls\"><source type=\"audio\/mpeg\" src=\"https:\/\/www.radiopiu.net\/wordpress\/wp-content\/uploads\/2024\/10\/Servizio-Campagna-vaccinale-2024.mp3?_=12\" \/><a href=\"https:\/\/www.radiopiu.net\/wordpress\/wp-content\/uploads\/2024\/10\/Servizio-Campagna-vaccinale-2024.mp3\">https:\/\/www.radiopiu.net\/wordpress\/wp-content\/uploads\/2024\/10\/Servizio-Campagna-vaccinale-2024.mp3<\/a><\/audio>\n<p>&nbsp;<\/p>\n<p>&nbsp;<\/p>\n<p>&nbsp;<\/p>\n<hr \/>\n<blockquote>\n<h3><\/h3>\n<h3>VACCINAZIONE ANTINFLUENZALE 2024: DUE SEDUTE AD AGORDO<\/h3>\n<\/blockquote>\n<p><strong><a class=\"dt-pswp-item\" href=\"https:\/\/www.radiopiu.net\/wordpress\/wp-content\/uploads\/2020\/06\/vaccino.jpg\" data-dt-img-description=\"\" data-large_image_width=\"1920\" data-large_image_height=\"1280\"><img loading=\"lazy\" decoding=\"async\" class=\" wp-image-143923 alignleft\" src=\"https:\/\/www.radiopiu.net\/wordpress\/wp-content\/uploads\/2020\/06\/vaccino-300x200.jpg\" alt=\"\" width=\"182\" height=\"121\" srcset=\"https:\/\/www.radiopiu.net\/wordpress\/wp-content\/uploads\/2020\/06\/vaccino-300x200.jpg 300w, https:\/\/www.radiopiu.net\/wordpress\/wp-content\/uploads\/2020\/06\/vaccino-1024x683.jpg 1024w, https:\/\/www.radiopiu.net\/wordpress\/wp-content\/uploads\/2020\/06\/vaccino-768x512.jpg 768w, https:\/\/www.radiopiu.net\/wordpress\/wp-content\/uploads\/2020\/06\/vaccino-1536x1024.jpg 1536w, https:\/\/www.radiopiu.net\/wordpress\/wp-content\/uploads\/2020\/06\/vaccino.jpg 1920w\" sizes=\"auto, (max-width: 182px) 100vw, 182px\" \/><\/a>AGORDO.<\/strong> I Medici di Famiglia Dr. Bottarel, Dr. Fadig\u00e0 e Dr. Pennacchioni vaccineranno i propri pazienti sopra i 65 anni presso l\u2019Auditorium del Centro Parrocchiale \u201cVincenzo Savio\u201d ad Agordo. Le sessioni vaccinali si terranno sabato 12 ottobre dalle 9:00 alle 13:00 e dalle 15:00 alle 19:00 per i pazienti con cognomi dalla A alla M, e sabato 19 ottobre dalle 15:00 alle 19:00 per i cognomi dalla N alla Z. I medici invitano i pazienti a venire vestiti comodi per esporre pi\u00f9 velocemente e agilmente il braccio per l&#8217;iniezione del vaccino.<br \/>\nPer i pazienti non deambulanti sar\u00e0 disponibile la vaccinazione a domicilio. Le vaccinazioni per chi ha meno di 65 anni verranno effettuate pi\u00f9 avanti, quando i vaccini saranno disponibili.<\/p>\n<p>&nbsp;<\/p>\n<p>&nbsp;<\/p>\n<p>&nbsp;<\/p>\n<h2><span style=\"color: #00ccff;\">GIUSEPPE DAL BEN A RADIO PIU&#8217;. IL PUNTO SULLA SANITA&#8217; BELLUNESE<\/span><\/h2>\n<p><strong><a class=\"dt-pswp-item\" href=\"https:\/\/www.radiopiu.net\/wordpress\/wp-content\/uploads\/2024\/10\/f062cb50-86f6-445e-a386-cb31e224984a.jpg\" data-dt-img-description=\"\" data-large_image_width=\"2040\" data-large_image_height=\"1530\"><img loading=\"lazy\" decoding=\"async\" class=\" wp-image-413636 alignleft\" src=\"https:\/\/www.radiopiu.net\/wordpress\/wp-content\/uploads\/2024\/10\/f062cb50-86f6-445e-a386-cb31e224984a-300x225.jpg\" alt=\"\" width=\"155\" height=\"116\" srcset=\"https:\/\/www.radiopiu.net\/wordpress\/wp-content\/uploads\/2024\/10\/f062cb50-86f6-445e-a386-cb31e224984a-300x225.jpg 300w, https:\/\/www.radiopiu.net\/wordpress\/wp-content\/uploads\/2024\/10\/f062cb50-86f6-445e-a386-cb31e224984a-1024x768.jpg 1024w, https:\/\/www.radiopiu.net\/wordpress\/wp-content\/uploads\/2024\/10\/f062cb50-86f6-445e-a386-cb31e224984a-768x576.jpg 768w, https:\/\/www.radiopiu.net\/wordpress\/wp-content\/uploads\/2024\/10\/f062cb50-86f6-445e-a386-cb31e224984a-1536x1152.jpg 1536w, https:\/\/www.radiopiu.net\/wordpress\/wp-content\/uploads\/2024\/10\/f062cb50-86f6-445e-a386-cb31e224984a.jpg 2040w\" sizes=\"auto, (max-width: 155px) 100vw, 155px\" \/><\/a>DI MIRKO MEZZACASA<\/strong><\/p>\n<p>OSPITE: Giuseppe Dal Ben, Direttore ULSS 1 Dolomiti<\/p>\n<audio class=\"wp-audio-shortcode\" id=\"audio-413837-13\" preload=\"none\" style=\"width: 100%;\" controls=\"controls\"><source type=\"audio\/mpeg\" src=\"https:\/\/www.radiopiu.net\/wordpress\/wp-content\/uploads\/2024\/10\/intervista-ulss1-giuseppe-dal-ben.mp3?_=13\" \/><a href=\"https:\/\/www.radiopiu.net\/wordpress\/wp-content\/uploads\/2024\/10\/intervista-ulss1-giuseppe-dal-ben.mp3\">https:\/\/www.radiopiu.net\/wordpress\/wp-content\/uploads\/2024\/10\/intervista-ulss1-giuseppe-dal-ben.mp3<\/a><\/audio>\n<p>&nbsp;<\/p>\n<hr \/>\n<p>&nbsp;<\/p>\n<blockquote>\n<h3>Cerimonia di Conclusione della VIII Edizione del Master in Prevenzione ed Emergenza in Territorio Montano e d&#8217;Alta Quota a Feltre<\/h3>\n<\/blockquote>\n<p><strong><a class=\"dt-pswp-item\" href=\"https:\/\/www.radiopiu.net\/wordpress\/wp-content\/uploads\/2024\/10\/WhatsApp-Image-2024-10-11-at-15.55.02.jpeg\" data-dt-img-description=\"\" data-large_image_width=\"1600\" data-large_image_height=\"1200\"><img loading=\"lazy\" decoding=\"async\" class=\"size-medium wp-image-413936 alignleft\" src=\"https:\/\/www.radiopiu.net\/wordpress\/wp-content\/uploads\/2024\/10\/WhatsApp-Image-2024-10-11-at-15.55.02-300x225.jpeg\" alt=\"\" width=\"300\" height=\"225\" srcset=\"https:\/\/www.radiopiu.net\/wordpress\/wp-content\/uploads\/2024\/10\/WhatsApp-Image-2024-10-11-at-15.55.02-300x225.jpeg 300w, https:\/\/www.radiopiu.net\/wordpress\/wp-content\/uploads\/2024\/10\/WhatsApp-Image-2024-10-11-at-15.55.02-1024x768.jpeg 1024w, https:\/\/www.radiopiu.net\/wordpress\/wp-content\/uploads\/2024\/10\/WhatsApp-Image-2024-10-11-at-15.55.02-768x576.jpeg 768w, https:\/\/www.radiopiu.net\/wordpress\/wp-content\/uploads\/2024\/10\/WhatsApp-Image-2024-10-11-at-15.55.02-1536x1152.jpeg 1536w, https:\/\/www.radiopiu.net\/wordpress\/wp-content\/uploads\/2024\/10\/WhatsApp-Image-2024-10-11-at-15.55.02.jpeg 1600w\" sizes=\"auto, (max-width: 300px) 100vw, 300px\" \/><\/a>FELTRE<\/strong> Si \u00e8 conclusa con successo l&#8217;VIII edizione del Master di 1\u00b0 livello in Prevenzione ed Emergenza in Territorio Montano e d&#8217;Alta Quota, avviato nel 2016 e promosso dal Dipartimento di Scienze Cardio, Toraco, Vascolari e di Sanit\u00e0 Pubblica dell&#8217;Universit\u00e0 di Padova. La cerimonia di completamento si \u00e8 svolta presso il campus Tina Merlin a Feltre, sede dell&#8217;Ulss Dolomiti. Questo master annuale, diretto dal prof. Vincenzo Baldo, \u00e8 un percorso formativo unico nel suo genere in Italia, con 300 ore di didattica frontale e 200 ore di tirocinio presso importanti istituzioni locali come il SUEM Dolomiti, i Vigili del Fuoco e il Soccorso Alpino. Dal 2016 al 2024, il programma ha diplomato 99 studenti, attirando professionisti non solo dal Veneto ma da diverse province italiane. Quest&#8217;anno, gli 8 laureati provenivano da Monza Brianza, Pistoia, Bologna, Udine, Verona e Belluno. La IX edizione del Master, per l\u2019anno accademico 2024-2025, ha gi\u00e0 registrato 41 preiscrizioni per 17 posti disponibili, confermando l\u2019ampio interesse verso un corso di studio che, grazie anche a docenze fornite da esperti di enti territoriali come ARPAV e Vigili del Fuoco, continua a formare professionisti specializzati nelle emergenze montane e d\u2019alta quota.<\/p>\n<p>&nbsp;<\/p>\n<p>&nbsp;<\/p>\n<hr \/>\n<p>&nbsp;<\/p>\n<blockquote>\n<h1>La Mongolfiera di Giorgia Onlus: Nuovo Bando per il Benessere dei Giovani Malati<\/h1>\n<\/blockquote>\n<p><strong><img loading=\"lazy\" decoding=\"async\" class=\"alignleft\" src=\"https:\/\/www.radiopiu.net\/wordpress\/wp-content\/uploads\/2024\/01\/Giorgia-Praloran.jpg\" width=\"196\" height=\"131\" \/>BELLUNO<\/strong> La Onlus &#8220;La Mongolfiera di Giorgia&#8221; lancia il suo 13\u00b0 bando, offrendo 10 mila euro per sostenere progetti ludico-ricreativi rivolti a ragazzi malati tra i 13 e i 24 anni, residenti in Veneto o seguiti da strutture sanitarie venete. Il bando, in memoria di Giorgia Praloran, mira a migliorare la qualit\u00e0 della vita dei giovani durante le cure, finanziando beni o servizi per il loro benessere psico-fisico. Le richieste possono essere inviate attraverso il sito ufficiale dell&#8217;associazione, con tutte le informazioni disponibili online.<\/p>\n<p>&nbsp;<\/p>\n<hr \/>\n<p>&nbsp;<\/p>\n<blockquote>\n<h3>BELLUNO ALPINA: \u201cTUTTI AL LAVORO PER LA GRANFONDO DEL DRAGONE 2025\u201d<\/h3>\n<\/blockquote>\n<p><strong><a class=\"dt-pswp-item\" href=\"https:\/\/www.radiopiu.net\/wordpress\/wp-content\/uploads\/2023\/05\/PIAZZALE-NEVEGAL.png\" data-dt-img-description=\"\" data-large_image_width=\"1081\" data-large_image_height=\"605\"><img loading=\"lazy\" decoding=\"async\" class=\" wp-image-336376 alignleft\" src=\"https:\/\/www.radiopiu.net\/wordpress\/wp-content\/uploads\/2023\/05\/PIAZZALE-NEVEGAL-300x168.png\" alt=\"\" width=\"180\" height=\"101\" srcset=\"https:\/\/www.radiopiu.net\/wordpress\/wp-content\/uploads\/2023\/05\/PIAZZALE-NEVEGAL-300x168.png 300w, https:\/\/www.radiopiu.net\/wordpress\/wp-content\/uploads\/2023\/05\/PIAZZALE-NEVEGAL-1024x573.png 1024w, https:\/\/www.radiopiu.net\/wordpress\/wp-content\/uploads\/2023\/05\/PIAZZALE-NEVEGAL-768x430.png 768w, https:\/\/www.radiopiu.net\/wordpress\/wp-content\/uploads\/2023\/05\/PIAZZALE-NEVEGAL.png 1081w\" sizes=\"auto, (max-width: 180px) 100vw, 180px\" \/><\/a>BELLUNO<\/strong> La Granfondo del Dragone, nata nel 2021 a Belluno, viene promossa dall&#8217;associazione Belluno Alpina come evento fondamentale per valorizzare le Prealpi e contrastare lo spopolamento delle aree periferiche. Nonostante quest&#8217;anno la gara non si sia svolta, l&#8217;associazione e gli organizzatori stanno cercando soluzioni per mantenere vivi gli investimenti pubblici e privati fatti in passato. L&#8217;iniziativa, simile alla Granfondo Sportful Dolomiti Race di Feltre, unisce sport e promozione del territorio, con l&#8217;obiettivo di attrarre turismo, giovani e nuove risorse economiche. Belluno Alpina fa appello a istituzioni e aziende locali per sostenere tali progetti, mirando anche a ottenere un passaggio del Giro d&#8217;Italia nella zona del Nevegal.<\/p>\n<p>&nbsp;<\/p>\n<p>&nbsp;<\/p>\n<hr \/>\n<p>&nbsp;<\/p>\n<blockquote>\n<h1><span style=\"color: #ff0000;\">CONSIGLI COMUNALI IN AGORDINO<\/span><\/h1>\n<\/blockquote>\n<p><strong><a class=\"dt-pswp-item\" href=\"https:\/\/www.radiopiu.net\/wordpress\/wp-content\/uploads\/2022\/12\/MUNICIPIO-FALCADE.png\" data-dt-img-description=\"\" data-large_image_width=\"941\" data-large_image_height=\"655\"><img loading=\"lazy\" decoding=\"async\" class=\"size-medium wp-image-314065 alignleft\" src=\"https:\/\/www.radiopiu.net\/wordpress\/wp-content\/uploads\/2022\/12\/MUNICIPIO-FALCADE-300x209.png\" alt=\"\" width=\"300\" height=\"209\" srcset=\"https:\/\/www.radiopiu.net\/wordpress\/wp-content\/uploads\/2022\/12\/MUNICIPIO-FALCADE-300x209.png 300w, https:\/\/www.radiopiu.net\/wordpress\/wp-content\/uploads\/2022\/12\/MUNICIPIO-FALCADE-768x535.png 768w, https:\/\/www.radiopiu.net\/wordpress\/wp-content\/uploads\/2022\/12\/MUNICIPIO-FALCADE.png 941w\" sizes=\"auto, (max-width: 300px) 100vw, 300px\" \/><\/a><\/strong><\/p>\n<p><strong>FALCADE<\/strong> Consiglio comunale venerd\u00ec alle 20. Sei punti da trattare tra cui la fusione di Bim Infrastrutture e Bim Gestione servizi Pubblici , una variazione a bilancio, la convenzione per la gestione associata del segretario comunale e il mutamento temporaneo di una porzione di terreni in loclit\u00e0 Laresei e Le Buse per l&#8217;ampliamento della pista da sci<\/p>\n<p>&nbsp;<\/p>\n<p><strong><a class=\"dt-pswp-item\" href=\"https:\/\/www.radiopiu.net\/wordpress\/wp-content\/uploads\/2022\/03\/municipio-mel.jpg\" data-dt-img-description=\"\" data-large_image_width=\"1080\" data-large_image_height=\"1920\"><img loading=\"lazy\" decoding=\"async\" class=\"size-medium wp-image-264433 alignright\" src=\"https:\/\/www.radiopiu.net\/wordpress\/wp-content\/uploads\/2022\/03\/municipio-mel-169x300.jpg\" alt=\"\" width=\"169\" height=\"300\" srcset=\"https:\/\/www.radiopiu.net\/wordpress\/wp-content\/uploads\/2022\/03\/municipio-mel-169x300.jpg 169w, https:\/\/www.radiopiu.net\/wordpress\/wp-content\/uploads\/2022\/03\/municipio-mel-576x1024.jpg 576w, https:\/\/www.radiopiu.net\/wordpress\/wp-content\/uploads\/2022\/03\/municipio-mel-768x1365.jpg 768w, https:\/\/www.radiopiu.net\/wordpress\/wp-content\/uploads\/2022\/03\/municipio-mel-864x1536.jpg 864w, https:\/\/www.radiopiu.net\/wordpress\/wp-content\/uploads\/2022\/03\/municipio-mel.jpg 1080w\" sizes=\"auto, (max-width: 169px) 100vw, 169px\" \/><\/a>SAN TOMASO<\/strong> Consigliere in riunione martedi alle 20. In discussione anche la variazione urgente al bilancio di previsione<\/p>\n<p><strong>VOLTAGO<\/strong> Consiglio comunale mercoledi alle 18.30, un solo punto, la fusione di Bim Infrastrutture e Bim Gestione servizi Pubblici<\/p>\n<p><strong>CANALE D&#8217;AGORDO <\/strong>Consiglio comunale mercoled\u00ec alle 20. Tra i punti da trattare una variazione a bilancio, i lavori al campo di calcio, la fusione di Bim Infrastrutture e Bim Gestione servizi Pubblici e l&#8217;assegnazione di contributi statali in materia di efficientamento energetico<\/p>\n<p><strong>COLLE SANTA LUCIA<\/strong> Consiglio comunale venerd\u00ec alle 17:30. Tra i punti in discussione una variazione a bilancio, la convenzione per la gestione associata del segretario comunale e l&#8217;approvazione del programma di lavori pubblici<\/p>\n<p><strong>SELVA DI CADORE<\/strong> consiglio comunale venerd\u00ec alle 20. Tre punti in discussione tra cui una variazione a bilancio e la fusione di Bim Infrastrutture e Bim Gestione servizi Pubblici<\/p>\n<p><strong>RIVAMONTE<\/strong> Consiglio comunale alle 18.30, all&#8217;ordine del giorno l&#8217;operazione di fusione Bim Gestioni Servizi Pubblici e Bim Infrastrutture<\/p>\n<p>&nbsp;<\/p>\n<hr \/>\n<p>&nbsp;<\/p>\n<blockquote>\n<h1>Dipendenti Unifarco e il valore dell\u2019altruismo.<\/h1>\n<\/blockquote>\n<p><strong>SANTA GIUSTINA<\/strong><\/p>\n<p><a class=\"dt-pswp-item\" href=\"https:\/\/www.radiopiu.net\/wordpress\/wp-content\/uploads\/2024\/10\/073617f2-6620-45dc-8470-97cf37a78d12.jpg\" data-dt-img-description=\"\" data-large_image_width=\"720\" data-large_image_height=\"1600\"><img loading=\"lazy\" decoding=\"async\" class=\"size-medium wp-image-413992 alignright\" src=\"https:\/\/www.radiopiu.net\/wordpress\/wp-content\/uploads\/2024\/10\/073617f2-6620-45dc-8470-97cf37a78d12-135x300.jpg\" alt=\"\" width=\"135\" height=\"300\" srcset=\"https:\/\/www.radiopiu.net\/wordpress\/wp-content\/uploads\/2024\/10\/073617f2-6620-45dc-8470-97cf37a78d12-135x300.jpg 135w, https:\/\/www.radiopiu.net\/wordpress\/wp-content\/uploads\/2024\/10\/073617f2-6620-45dc-8470-97cf37a78d12-461x1024.jpg 461w, https:\/\/www.radiopiu.net\/wordpress\/wp-content\/uploads\/2024\/10\/073617f2-6620-45dc-8470-97cf37a78d12-691x1536.jpg 691w, https:\/\/www.radiopiu.net\/wordpress\/wp-content\/uploads\/2024\/10\/073617f2-6620-45dc-8470-97cf37a78d12.jpg 720w\" sizes=\"auto, (max-width: 135px) 100vw, 135px\" \/><\/a><a class=\"dt-pswp-item\" href=\"https:\/\/www.radiopiu.net\/wordpress\/wp-content\/uploads\/2024\/10\/622c5c62-3c4b-4732-a552-c121bd33a83f.jpg\" data-dt-img-description=\"\" data-large_image_width=\"1599\" data-large_image_height=\"899\"><img loading=\"lazy\" decoding=\"async\" class=\"size-medium wp-image-413991 alignleft\" src=\"https:\/\/www.radiopiu.net\/wordpress\/wp-content\/uploads\/2024\/10\/622c5c62-3c4b-4732-a552-c121bd33a83f-300x169.jpg\" alt=\"\" width=\"300\" height=\"169\" srcset=\"https:\/\/www.radiopiu.net\/wordpress\/wp-content\/uploads\/2024\/10\/622c5c62-3c4b-4732-a552-c121bd33a83f-300x169.jpg 300w, https:\/\/www.radiopiu.net\/wordpress\/wp-content\/uploads\/2024\/10\/622c5c62-3c4b-4732-a552-c121bd33a83f-1024x576.jpg 1024w, https:\/\/www.radiopiu.net\/wordpress\/wp-content\/uploads\/2024\/10\/622c5c62-3c4b-4732-a552-c121bd33a83f-768x432.jpg 768w, https:\/\/www.radiopiu.net\/wordpress\/wp-content\/uploads\/2024\/10\/622c5c62-3c4b-4732-a552-c121bd33a83f-1536x864.jpg 1536w, https:\/\/www.radiopiu.net\/wordpress\/wp-content\/uploads\/2024\/10\/622c5c62-3c4b-4732-a552-c121bd33a83f.jpg 1599w\" sizes=\"auto, (max-width: 300px) 100vw, 300px\" \/><\/a>Nella generosit\u00e0 convivono diversi elementi che la rendono un sentimento unico, davvero imperdibile e da non sprecare, \u00e8 una questione di temperamento, istinto, \u00e8 quello che parte dal cuore, dalla consapevolezza che ogni giorno possiamo fare qualche piccolo gesto verso chi ha qualche difficolt\u00e0. Il valore dell\u2019altruismo appartiene a persone dal cuore grande come Ivan Mazzier, dipendente dell\u2019azienda Unifarco di Santa Giustina, che da tempo s\u2019impegna ad organizzare raccolte fondi benefiche coinvolgendo i propri colleghi. \u00a0Particolarmente sensibile nei confronti delle persone non vedenti, quest\u2019anno ha pensato di devolvere le somme raccolte a favore del Centro Internazionale del Libro Parlato di Feltre che da 41 anni \u00a0si occupa principalmente di realizzare audio libri a favore delle persone che non possono leggere autonomamente. Venerd\u00ec 11 ottobre a Limana una quarantina di dipendenti Unifarco hanno risposto all\u2019invito di Ivan con altrettanto entusiasmo ed hanno partecipato alla cena con lotteria, presente anche la Presidente del Cilp Odv Luisa Alchini che ha ringraziato da parte di tutto il Consiglio Direttivo precisando che tutto il ricavato sar\u00e0 destinato alla copertura delle spese di trasferta dei Donatori di Voce o \u201cLibri Parlanti\u201d che si recano a leggere nelle RSA del territorio.<\/p>\n<p>&nbsp;<\/p>\n<p>&nbsp;<\/p>\n<p>&nbsp;<\/p>\n<hr \/>\n<p>&nbsp;<\/p>\n<blockquote>\n<h2>TRA CENCENIGHE E LISTOLADE LA MONTAGNA ADAGIATA SULLE STRADE<\/h2>\n<\/blockquote>\n<p>https:\/\/www.facebook.com\/radiopiu\/videos\/1619608565255082<\/p>\n<p>&nbsp;<\/p>\n<p>&nbsp;<\/p>\n<hr \/>\n<p>&nbsp;<\/p>\n<p>&nbsp;<\/p>\n<div class=\"flex max-w-full flex-col flex-grow\">\n<div class=\"min-h-8 text-message flex w-full flex-col items-end gap-2 whitespace-normal break-words [.text-message+&amp;]:mt-5\" dir=\"auto\" data-message-author-role=\"assistant\" data-message-id=\"a82c7f33-3b67-4a04-997f-753b43420cbd\" data-message-model-slug=\"gpt-4o\">\n<div class=\"flex w-full flex-col gap-1 empty:hidden first:pt-[3px]\">\n<div class=\"markdown prose w-full break-words dark:prose-invert dark\">\n<blockquote><p><strong><a class=\"dt-pswp-item\" href=\"https:\/\/www.radiopiu.net\/wordpress\/wp-content\/uploads\/2024\/10\/IMG-20241011-WA0015-scaled.jpg\" data-dt-img-description=\"\" data-large_image_width=\"2560\" data-large_image_height=\"1920\"><img loading=\"lazy\" decoding=\"async\" class=\" wp-image-413920 alignleft\" src=\"https:\/\/www.radiopiu.net\/wordpress\/wp-content\/uploads\/2024\/10\/IMG-20241011-WA0015-300x225.jpg\" alt=\"\" width=\"192\" height=\"144\" srcset=\"https:\/\/www.radiopiu.net\/wordpress\/wp-content\/uploads\/2024\/10\/IMG-20241011-WA0015-300x225.jpg 300w, https:\/\/www.radiopiu.net\/wordpress\/wp-content\/uploads\/2024\/10\/IMG-20241011-WA0015-1024x768.jpg 1024w, https:\/\/www.radiopiu.net\/wordpress\/wp-content\/uploads\/2024\/10\/IMG-20241011-WA0015-768x576.jpg 768w, https:\/\/www.radiopiu.net\/wordpress\/wp-content\/uploads\/2024\/10\/IMG-20241011-WA0015-1536x1152.jpg 1536w, https:\/\/www.radiopiu.net\/wordpress\/wp-content\/uploads\/2024\/10\/IMG-20241011-WA0015-2048x1536.jpg 2048w\" sizes=\"auto, (max-width: 192px) 100vw, 192px\" \/><\/a>Presentato il numero di agosto della rivista \u201cDolomiti\u201d<\/strong><\/p><\/blockquote>\n<p><strong>BELLUNO<\/strong> Gioved\u00ec 10 ottobre, nell\u2019aula Magna del Seminario Gregoriano di Belluno, \u00e8 stato presentato il nuovo numero di \u201cDolomiti\u201d, la rivista culturale dell\u2019Istituto Bellunese di Ricerche Sociali e Culturali. \u00c8 il primo numero pubblicato dopo la scomparsa del fondatore don Sergio Sacco Sonador. La rivista raccoglie gli atti delle conferenze sul complesso di San Pietro e include contributi di storici e ricercatori su temi legati alla storia, arte e cultura bellunese. L\u2019incontro ha celebrato anche la memoria di don Sergio, il cui lavoro ha significativamente contribuito alla conoscenza delle Dolomiti Bellunesi. La rivista \u00e8 disponibile nelle edicole e librerie della provincia di Belluno.<\/p>\n<\/div>\n<\/div>\n<\/div>\n<\/div>\n<p>&nbsp;<\/p>\n<hr \/>\n<p>&nbsp;<\/p>\n<blockquote><p><strong><a class=\"dt-pswp-item\" href=\"https:\/\/www.radiopiu.net\/wordpress\/wp-content\/uploads\/2024\/10\/Senza-nome-43-e1728648879658.png\" data-dt-img-description=\"\" data-large_image_width=\"583\" data-large_image_height=\"563\"><img loading=\"lazy\" decoding=\"async\" class=\" wp-image-413926 alignleft\" src=\"https:\/\/www.radiopiu.net\/wordpress\/wp-content\/uploads\/2024\/10\/Senza-nome-43-e1728648879658-300x290.png\" alt=\"\" width=\"139\" height=\"134\" srcset=\"https:\/\/www.radiopiu.net\/wordpress\/wp-content\/uploads\/2024\/10\/Senza-nome-43-e1728648879658-300x290.png 300w, https:\/\/www.radiopiu.net\/wordpress\/wp-content\/uploads\/2024\/10\/Senza-nome-43-e1728648879658.png 583w\" sizes=\"auto, (max-width: 139px) 100vw, 139px\" \/><\/a>CSV Belluno Treviso: Nove Progetti Finanziati nel 2024<\/strong><\/p><\/blockquote>\n<p><strong>BELLUNO<\/strong> Il CSV Belluno Treviso ha selezionato nove progetti per il concorso di idee 2024, con un finanziamento complessivo di circa 120 mila euro. Le iniziative si concentrano su temi quali prevenzione della violenza, inclusione sociale di donne, minori, migranti e anziani, e coinvolgono enti del Terzo Settore, pubblici e privati. Ogni associazione co-finanzier\u00e0 almeno il 10% del contributo CSV. Tra le proposte approvate: l\u2019apertura di una casa rifugio per donne vittime di violenza, percorsi di autonomia economica, attivit\u00e0 artistiche per anziani e disabili, e uscite culturali. Il finanziamento medio per progetto sar\u00e0 di 13.300 euro, con il CSV che coordiner\u00e0 e supervisioner\u00e0 le iniziative.<\/p>\n<p><strong>LA PRESIDENTE ELISA CORRA&#8217; (foto)<\/strong><\/p>\n<audio class=\"wp-audio-shortcode\" id=\"audio-413837-14\" preload=\"none\" style=\"width: 100%;\" controls=\"controls\"><source type=\"audio\/mpeg\" src=\"https:\/\/www.radiopiu.net\/wordpress\/wp-content\/uploads\/2024\/10\/Audio-Presidente-Elisa-Corra.mp3?_=14\" \/><a href=\"https:\/\/www.radiopiu.net\/wordpress\/wp-content\/uploads\/2024\/10\/Audio-Presidente-Elisa-Corra.mp3\">https:\/\/www.radiopiu.net\/wordpress\/wp-content\/uploads\/2024\/10\/Audio-Presidente-Elisa-Corra.mp3<\/a><\/audio>\n<p>&nbsp;<\/p>\n<p>&nbsp;<\/p>\n<hr \/>\n<p>&nbsp;<\/p>\n<blockquote>\n<h2>VOGLIA DI PISCINA, AD AGORDO ANCHE ALLE SETTE DI MATTINA<\/h2>\n<\/blockquote>\n<div class=\"flex max-w-full flex-col flex-grow\" style=\"text-align: center;\">\n<div class=\"min-h-8 text-message flex w-full flex-col items-end gap-2 whitespace-normal break-words [.text-message+&amp;]:mt-5\" dir=\"auto\" data-message-author-role=\"assistant\" data-message-id=\"52b86c13-57c0-498e-aee8-af388c5df5c5\" data-message-model-slug=\"text-davinci-002-render-sha\">\n<div class=\"flex w-full flex-col gap-1 empty:hidden first:pt-[3px]\">\n<div class=\"markdown prose w-full break-words dark:prose-invert dark\">\n<blockquote><p><em>&#8220;Nuotare, sempre: all&#8217;alba nella quiete della piscina di Agordo, il nuoto \u00e8 sia risveglio che ristoro per corpo e mente&#8221;<\/em><\/p><\/blockquote>\n<\/div>\n<\/div>\n<\/div>\n<\/div>\n<blockquote>\n<h3 style=\"text-align: center;\"><a class=\"dt-pswp-item\" href=\"https:\/\/www.radiopiu.net\/wordpress\/wp-content\/uploads\/2024\/10\/Senza-nome-45.png\" data-dt-img-description=\"\" data-large_image_width=\"503\" data-large_image_height=\"432\"><img loading=\"lazy\" decoding=\"async\" class=\"alignnone wp-image-413951\" src=\"https:\/\/www.radiopiu.net\/wordpress\/wp-content\/uploads\/2024\/10\/Senza-nome-45-300x258.png\" alt=\"\" width=\"147\" height=\"126\" srcset=\"https:\/\/www.radiopiu.net\/wordpress\/wp-content\/uploads\/2024\/10\/Senza-nome-45-300x258.png 300w, https:\/\/www.radiopiu.net\/wordpress\/wp-content\/uploads\/2024\/10\/Senza-nome-45.png 503w\" sizes=\"auto, (max-width: 147px) 100vw, 147px\" \/><\/a><a class=\"dt-pswp-item\" href=\"https:\/\/www.radiopiu.net\/wordpress\/wp-content\/uploads\/2024\/10\/Senza-nome-46.png\" data-dt-img-description=\"\" data-large_image_width=\"418\" data-large_image_height=\"535\"><img loading=\"lazy\" decoding=\"async\" class=\"alignnone wp-image-413952\" src=\"https:\/\/www.radiopiu.net\/wordpress\/wp-content\/uploads\/2024\/10\/Senza-nome-46-234x300.png\" alt=\"\" width=\"99\" height=\"127\" srcset=\"https:\/\/www.radiopiu.net\/wordpress\/wp-content\/uploads\/2024\/10\/Senza-nome-46-234x300.png 234w, https:\/\/www.radiopiu.net\/wordpress\/wp-content\/uploads\/2024\/10\/Senza-nome-46.png 418w\" sizes=\"auto, (max-width: 99px) 100vw, 99px\" \/><\/a><a class=\"dt-pswp-item\" href=\"https:\/\/www.radiopiu.net\/wordpress\/wp-content\/uploads\/2024\/10\/Senza-nome-47.png\" data-dt-img-description=\"\" data-large_image_width=\"424\" data-large_image_height=\"503\"><img loading=\"lazy\" decoding=\"async\" class=\"alignnone wp-image-413953\" src=\"https:\/\/www.radiopiu.net\/wordpress\/wp-content\/uploads\/2024\/10\/Senza-nome-47-253x300.png\" alt=\"\" width=\"107\" height=\"127\" srcset=\"https:\/\/www.radiopiu.net\/wordpress\/wp-content\/uploads\/2024\/10\/Senza-nome-47-253x300.png 253w, https:\/\/www.radiopiu.net\/wordpress\/wp-content\/uploads\/2024\/10\/Senza-nome-47.png 424w\" sizes=\"auto, (max-width: 107px) 100vw, 107px\" \/><\/a><\/h3>\n<p dir=\"ltr\"><strong>lunedi<\/strong> dalle 9 e 30 <a dir=\"ltr\" href=\"x-apple-data-detectors:\/\/2\">alle 13<\/a> e\u00a0<a dir=\"ltr\" href=\"x-apple-data-detectors:\/\/3\">dalle 16 alle 18\u00a0<\/a> <strong>martedi<\/strong><a dir=\"ltr\" href=\"x-apple-data-detectors:\/\/4\"><strong>\u00a0<\/strong>dalle 16 alle 21<\/a> e novit\u00e0: Il <strong>mercoled\u00ec<\/strong> la piscina \u00e8 aperta <a dir=\"ltr\" href=\"x-apple-data-detectors:\/\/6\">dalle 7 del mattino fino alle 15<\/a> e\u00a0poi anche <a dir=\"ltr\" href=\"x-apple-data-detectors:\/\/7\">dalle 19 alle 21<\/a>, \u00a0 <strong>giovedi<\/strong> <a dir=\"ltr\" href=\"x-apple-data-detectors:\/\/8\">\u00a0dalle 16 alle 19<\/a>,\u00a0 <strong>venerdi<\/strong> <a dir=\"ltr\" href=\"x-apple-data-detectors:\/\/9\">dalle 19:15 alle 21<\/a> e il sabato <a dir=\"ltr\" href=\"x-apple-data-detectors:\/\/10\">\u00a0dalle 9:30 alle 13<\/a> e <a dir=\"ltr\" href=\"x-apple-data-detectors:\/\/11\">dalle 15 alle 19<\/a> <strong>DOMENICA CHIUSO<\/strong><\/p>\n<h3 style=\"text-align: center;\">L&#8217;INTERVISTA DI OTTOBRE<\/h3>\n<\/blockquote>\n<p>DI Mirko Mezzacasa ospiti Roberto Broglio, Giorgio De Nardin e Cristiana Carazzai<\/p>\n<p><strong>VIDEO<\/strong><\/p>\n<p><iframe loading=\"lazy\" title=\"PISCINA\" width=\"1200\" height=\"675\" src=\"https:\/\/www.youtube.com\/embed\/3ZoDLdwj48w?feature=oembed\" frameborder=\"0\" allow=\"accelerometer; autoplay; clipboard-write; encrypted-media; gyroscope; picture-in-picture; web-share\" referrerpolicy=\"strict-origin-when-cross-origin\" allowfullscreen><\/iframe><\/p>\n<p>&nbsp;<\/p>\n<p>&nbsp;<\/p>\n<hr \/>\n<p><img loading=\"lazy\" decoding=\"async\" class=\"alignleft\" src=\"https:\/\/www.radiopiu.net\/wordpress\/wp-content\/uploads\/2024\/10\/967a322c-9996-42d7-af75-662ca7d89e84.jpg\" width=\"149\" height=\"210\" \/><\/p>\n<blockquote>\n<h2>IL GIRO D&#8217;ITALIA DEL VINO A MARCHIO OH PER BACCO<\/h2>\n<\/blockquote>\n<p>&nbsp;<\/p>\n<p><a class=\"dt-pswp-item\" href=\"https:\/\/www.radiopiu.net\/wordpress\/wp-content\/uploads\/2024\/10\/Senza-nome-51-e1728705273272.png\" data-dt-img-description=\"\" data-large_image_width=\"625\" data-large_image_height=\"433\"><img loading=\"lazy\" decoding=\"async\" class=\" wp-image-414025 alignleft\" src=\"https:\/\/www.radiopiu.net\/wordpress\/wp-content\/uploads\/2024\/10\/Senza-nome-51-e1728705273272-300x208.png\" alt=\"\" width=\"211\" height=\"146\" srcset=\"https:\/\/www.radiopiu.net\/wordpress\/wp-content\/uploads\/2024\/10\/Senza-nome-51-e1728705273272-300x208.png 300w, https:\/\/www.radiopiu.net\/wordpress\/wp-content\/uploads\/2024\/10\/Senza-nome-51-e1728705273272.png 625w\" sizes=\"auto, (max-width: 211px) 100vw, 211px\" \/><\/a> In attesa di un grande evento fuori stagione, ne parliamo con il promotore dell&#8217;iniziativa giunta alla seconda edizione<\/p>\n<p>di mirko mezzacasa<\/p>\n<p>&nbsp;<\/p>\n<audio class=\"wp-audio-shortcode\" id=\"audio-413837-15\" preload=\"none\" style=\"width: 100%;\" controls=\"controls\"><source type=\"audio\/mpeg\" src=\"https:\/\/www.radiopiu.net\/wordpress\/wp-content\/uploads\/2024\/10\/CICCIO-OH-PER-BACCO.mp3?_=15\" \/><a href=\"https:\/\/www.radiopiu.net\/wordpress\/wp-content\/uploads\/2024\/10\/CICCIO-OH-PER-BACCO.mp3\">https:\/\/www.radiopiu.net\/wordpress\/wp-content\/uploads\/2024\/10\/CICCIO-OH-PER-BACCO.mp3<\/a><\/audio>\n<p>&nbsp;<\/p>\n<hr \/>\n<p>&nbsp;<\/p>\n<blockquote>\n<h2>UN SECOLO DI SALESIANI A BELLUNO<\/h2>\n<\/blockquote>\n<p><strong><img loading=\"lazy\" decoding=\"async\" class=\"alignleft\" src=\"https:\/\/www.radiopiu.net\/wordpress\/wp-content\/uploads\/2024\/10\/34cd82e3-e30d-4e42-951c-fd513c911692.jpg\" width=\"156\" height=\"161\" \/>BELLUNO<\/strong><\/p>\n<p><strong>DI ROBERTO BONA<\/strong><\/p>\n<audio class=\"wp-audio-shortcode\" id=\"audio-413837-16\" preload=\"none\" style=\"width: 100%;\" controls=\"controls\"><source type=\"audio\/wav\" src=\"https:\/\/www.radiopiu.net\/wordpress\/wp-content\/uploads\/2024\/10\/Salesiani100.wav?_=16\" \/><a href=\"https:\/\/www.radiopiu.net\/wordpress\/wp-content\/uploads\/2024\/10\/Salesiani100.wav\">https:\/\/www.radiopiu.net\/wordpress\/wp-content\/uploads\/2024\/10\/Salesiani100.wav<\/a><\/audio>\n<p>&nbsp;<\/p>\n<p>&nbsp;<\/p>\n<hr \/>\n<p>&nbsp;<\/p>\n<p>&nbsp;<\/p>\n<blockquote>\n<h1>TRE AUTRICI PER PUNTI DI VISTA, STORIE PER CAPIRE<\/h1>\n<\/blockquote>\n<p><strong>BELLUNO<\/strong><\/p>\n<p><strong>DI ROBERTO BONA<\/strong><\/p>\n<audio class=\"wp-audio-shortcode\" id=\"audio-413837-17\" preload=\"none\" style=\"width: 100%;\" controls=\"controls\"><source type=\"audio\/wav\" src=\"https:\/\/www.radiopiu.net\/wordpress\/wp-content\/uploads\/2024\/10\/PuntiDiVista.wav?_=17\" \/><a href=\"https:\/\/www.radiopiu.net\/wordpress\/wp-content\/uploads\/2024\/10\/PuntiDiVista.wav\">https:\/\/www.radiopiu.net\/wordpress\/wp-content\/uploads\/2024\/10\/PuntiDiVista.wav<\/a><\/audio>\n<p>&nbsp;<\/p>\n<p><img loading=\"lazy\" decoding=\"async\" class=\"aligncenter\" src=\"https:\/\/www.radiopiu.net\/wordpress\/wp-content\/uploads\/2024\/10\/035eca65-8d62-4136-974f-5c03103a427e.jpg\" width=\"269\" height=\"190\" \/><\/p>\n<p>&nbsp;<\/p>\n<p>&nbsp;<\/p>\n<p>&nbsp;<\/p>\n<p>&nbsp;<\/p>\n<hr \/>\n<p>&nbsp;<\/p>\n<div class=\"page-title-head hgroup\">\n<blockquote>\n<h1 class=\"entry-title\">L\u2019ARMADIO DELLA VERGOGNA A BOLZANO BELLUNESE sabato 19 ottobre<\/h1>\n<\/blockquote>\n<\/div>\n<div class=\"page-title-breadcrumbs\">\n<p><img loading=\"lazy\" decoding=\"async\" class=\"alignleft\" src=\"https:\/\/www.radiopiu.net\/wordpress\/wp-content\/uploads\/2024\/10\/74c3ef91-6fb8-4262-9ef6-afe32c30967a.jpg\" width=\"190\" height=\"247\" \/><\/p>\n<p><strong>BELLUNO DI ROBERTO BONA<\/strong><\/p>\n<audio class=\"wp-audio-shortcode\" id=\"audio-413837-18\" preload=\"none\" style=\"width: 100%;\" controls=\"controls\"><source type=\"audio\/wav\" src=\"https:\/\/www.radiopiu.net\/wordpress\/wp-content\/uploads\/2024\/10\/EccidiNazifascistiArmadiodellaVergogna.wav?_=18\" \/><a href=\"https:\/\/www.radiopiu.net\/wordpress\/wp-content\/uploads\/2024\/10\/EccidiNazifascistiArmadiodellaVergogna.wav\">https:\/\/www.radiopiu.net\/wordpress\/wp-content\/uploads\/2024\/10\/EccidiNazifascistiArmadiodellaVergogna.wav<\/a><\/audio>\n<p>&nbsp;<\/p>\n<\/div>\n<p>&nbsp;<\/p>\n<hr \/>\n<p>&nbsp;<\/p>\n<blockquote>\n<h2>DOMANI CON IL CAI DI AGORDO AL RIFUGIO PRADUT<\/h2>\n<\/blockquote>\n<p><strong>AGORDO<\/strong> Domenica escursione nel Friuli occidentale con il suo territorio aspro e selvaggio mette a disposizione luoghi dal fascino impervio e poco antropizzato e di questo il monte Resettum ne \u00e8 un valido esempio. Una piacevole escursione autunnale, nel cuore delle Prealpi Carniche.\u00a0 Ritrovo: Presso la Sede del CAI &#8211; Piazzale Marconi &#8211; Agordo alle\u00a0 6.30.<\/p>\n<p>&nbsp;<\/p>\n<hr \/>\n<p>&nbsp;<\/p>\n<blockquote>\n<h3>STUDIARE ALL&#8217;ESTERO CON INTERCULTURA: GLI INCONTRI<\/h3>\n<\/blockquote>\n<p><strong><a class=\"dt-pswp-item\" href=\"https:\/\/www.radiopiu.net\/wordpress\/wp-content\/uploads\/2024\/10\/JGHJKLAHGALK.jpg\" data-dt-img-description=\"\" data-large_image_width=\"1130\" data-large_image_height=\"850\"><img loading=\"lazy\" decoding=\"async\" class=\" wp-image-413413 alignleft\" src=\"https:\/\/www.radiopiu.net\/wordpress\/wp-content\/uploads\/2024\/10\/JGHJKLAHGALK-300x226.jpg\" alt=\"\" width=\"131\" height=\"99\" srcset=\"https:\/\/www.radiopiu.net\/wordpress\/wp-content\/uploads\/2024\/10\/JGHJKLAHGALK-300x226.jpg 300w, https:\/\/www.radiopiu.net\/wordpress\/wp-content\/uploads\/2024\/10\/JGHJKLAHGALK-1024x770.jpg 1024w, https:\/\/www.radiopiu.net\/wordpress\/wp-content\/uploads\/2024\/10\/JGHJKLAHGALK-768x578.jpg 768w, https:\/\/www.radiopiu.net\/wordpress\/wp-content\/uploads\/2024\/10\/JGHJKLAHGALK.jpg 1130w\" sizes=\"auto, (max-width: 131px) 100vw, 131px\" \/><\/a>BELLUNO<\/strong> Il Centro Locale di Intercultura di Belluno propone incontri informativi per gli studenti dai 14 ai 17 anni interessati a frequentare un anno di scuola all&#8217;estero. Questi eventi, che si terranno il 12 ottobre ad Auronzo e il 25 ottobre a Feltre, coinvolgeranno studenti e genitori che hanno gi\u00e0 vissuto questa esperienza. L&#8217;iniziativa permette di studiare il quarto anno di superiori all&#8217;estero senza perdere l&#8217;anno in Italia, grazie alla convenzione con il Ministero della Pubblica Istruzione.<\/p>\n<p>&nbsp;<\/p>\n<p>&nbsp;<\/p>\n<hr \/>\n<p>&nbsp;<\/p>\n<blockquote>\n<h2><a class=\"dt-pswp-item\" href=\"https:\/\/www.radiopiu.net\/wordpress\/wp-content\/uploads\/2024\/10\/Senza-nome-48.png\" data-dt-img-description=\"\" data-large_image_width=\"638\" data-large_image_height=\"483\"><img loading=\"lazy\" decoding=\"async\" class=\" wp-image-413999 alignleft\" src=\"https:\/\/www.radiopiu.net\/wordpress\/wp-content\/uploads\/2024\/10\/Senza-nome-48-300x227.png\" alt=\"\" width=\"182\" height=\"138\" srcset=\"https:\/\/www.radiopiu.net\/wordpress\/wp-content\/uploads\/2024\/10\/Senza-nome-48-300x227.png 300w, https:\/\/www.radiopiu.net\/wordpress\/wp-content\/uploads\/2024\/10\/Senza-nome-48.png 638w\" sizes=\"auto, (max-width: 182px) 100vw, 182px\" \/><\/a>ITALIA OCCUPATA, IL LIBRO IN SALA BIANCHI<\/h2>\n<\/blockquote>\n<p>&nbsp;<\/p>\n<p>&nbsp;<\/p>\n<p><strong>BELLUNO<\/strong><\/p>\n<p><strong>DI ROBERTO BONA\u00a0<\/strong><\/p>\n<audio class=\"wp-audio-shortcode\" id=\"audio-413837-19\" preload=\"none\" style=\"width: 100%;\" controls=\"controls\"><source type=\"audio\/wav\" src=\"https:\/\/www.radiopiu.net\/wordpress\/wp-content\/uploads\/2024\/10\/ItaliaOccupata.wav?_=19\" \/><a href=\"https:\/\/www.radiopiu.net\/wordpress\/wp-content\/uploads\/2024\/10\/ItaliaOccupata.wav\">https:\/\/www.radiopiu.net\/wordpress\/wp-content\/uploads\/2024\/10\/ItaliaOccupata.wav<\/a><\/audio>\n<p>&nbsp;<\/p>\n<p>&nbsp;<\/p>\n<hr \/>\n<blockquote>\n<h3><\/h3>\n<h3>GIORNATE FAI D&#8217;AUTUNNO OGGI E DOMANI. VISITE AL CENTRO MINERARIO VALLE IMPERINA E TEATRO DELLA SENA<\/h3>\n<\/blockquote>\n<p><strong>BELLUNO<\/strong> Il Gruppo FAI Giovani di Belluno e il Gruppo FAI di Feltre organizzano visite a due luoghi storici della provincia di Belluno: il Centro Minerario di Valle Imperina e il Teatro de la Sena. Il Centro Minerario di Valle Imperina, situato nel Parco Nazionale delle Dolomiti Bellunesi, \u00e8 stato un importante sito di estrazione di rame e zolfo dal 1400 al 1962. Il fabbricato dei forni fusori ospita tre antichi forni, una testimonianza della tecnologia metallurgica utilizzata dalla Serenissima Repubblica di Venezia. Le visite saranno guidate dagli studenti del Liceo Scientifico &#8220;Follador&#8221; di Agordo. Il Teatro de la Sena, nel centro storico di Feltre, \u00e8 stato ricostruito nell&#8217;800 da Giannantonio Selva, lo stesso architetto del Teatro La Fenice di Venezia. Qui, il giovane Carlo Goldoni ha lavorato come attore e regista. Le visite al teatro saranno condotte dagli studenti del Liceo Dal Piaz.<\/p>\n<p><a class=\"dt-pswp-item\" href=\"https:\/\/www.radiopiu.net\/wordpress\/wp-content\/uploads\/2024\/10\/Valle-Imperina-Fabbricato-Forni-Fusori.jpeg\" data-dt-img-description=\"\" data-large_image_width=\"1600\" data-large_image_height=\"1200\"><img loading=\"lazy\" decoding=\"async\" class=\"alignnone wp-image-412572\" src=\"https:\/\/www.radiopiu.net\/wordpress\/wp-content\/uploads\/2024\/10\/Valle-Imperina-Fabbricato-Forni-Fusori-300x225.jpeg\" alt=\"\" width=\"268\" height=\"201\" srcset=\"https:\/\/www.radiopiu.net\/wordpress\/wp-content\/uploads\/2024\/10\/Valle-Imperina-Fabbricato-Forni-Fusori-300x225.jpeg 300w, https:\/\/www.radiopiu.net\/wordpress\/wp-content\/uploads\/2024\/10\/Valle-Imperina-Fabbricato-Forni-Fusori-1024x768.jpeg 1024w, https:\/\/www.radiopiu.net\/wordpress\/wp-content\/uploads\/2024\/10\/Valle-Imperina-Fabbricato-Forni-Fusori-768x576.jpeg 768w, https:\/\/www.radiopiu.net\/wordpress\/wp-content\/uploads\/2024\/10\/Valle-Imperina-Fabbricato-Forni-Fusori-1536x1152.jpeg 1536w, https:\/\/www.radiopiu.net\/wordpress\/wp-content\/uploads\/2024\/10\/Valle-Imperina-Fabbricato-Forni-Fusori.jpeg 1600w\" sizes=\"auto, (max-width: 268px) 100vw, 268px\" \/><\/a><a class=\"dt-pswp-item\" href=\"https:\/\/www.radiopiu.net\/wordpress\/wp-content\/uploads\/2024\/10\/Valle-Imperina-Forni-Fusori.jpeg\" data-dt-img-description=\"\" data-large_image_width=\"1600\" data-large_image_height=\"1200\"><img loading=\"lazy\" decoding=\"async\" class=\"alignnone wp-image-412573\" src=\"https:\/\/www.radiopiu.net\/wordpress\/wp-content\/uploads\/2024\/10\/Valle-Imperina-Forni-Fusori-300x225.jpeg\" alt=\"\" width=\"268\" height=\"201\" srcset=\"https:\/\/www.radiopiu.net\/wordpress\/wp-content\/uploads\/2024\/10\/Valle-Imperina-Forni-Fusori-300x225.jpeg 300w, https:\/\/www.radiopiu.net\/wordpress\/wp-content\/uploads\/2024\/10\/Valle-Imperina-Forni-Fusori-1024x768.jpeg 1024w, https:\/\/www.radiopiu.net\/wordpress\/wp-content\/uploads\/2024\/10\/Valle-Imperina-Forni-Fusori-768x576.jpeg 768w, https:\/\/www.radiopiu.net\/wordpress\/wp-content\/uploads\/2024\/10\/Valle-Imperina-Forni-Fusori-1536x1152.jpeg 1536w, https:\/\/www.radiopiu.net\/wordpress\/wp-content\/uploads\/2024\/10\/Valle-Imperina-Forni-Fusori.jpeg 1600w\" sizes=\"auto, (max-width: 268px) 100vw, 268px\" \/><\/a><\/p>\n<p>&nbsp;<\/p>\n<p>&nbsp;<\/p>\n<hr \/>\n<p>&nbsp;<\/p>\n<blockquote>\n<h3>RIVA L&#8217;OKTOBERFEST A RIVAMONTE&#8230;CON DOLOMITI BEER &amp; WINE BEER DI TAIBON<\/h3>\n<\/blockquote>\n<p><strong><a class=\"dt-pswp-item\" href=\"https:\/\/www.radiopiu.net\/wordpress\/wp-content\/uploads\/2024\/10\/5e470011-d042-4192-b606-8c06db8b3a37.jpg\" data-dt-img-description=\"\" data-large_image_width=\"1153\" data-large_image_height=\"1600\"><img loading=\"lazy\" decoding=\"async\" class=\" wp-image-411999 alignleft\" src=\"https:\/\/www.radiopiu.net\/wordpress\/wp-content\/uploads\/2024\/10\/5e470011-d042-4192-b606-8c06db8b3a37-216x300.jpg\" alt=\"\" width=\"114\" height=\"158\" srcset=\"https:\/\/www.radiopiu.net\/wordpress\/wp-content\/uploads\/2024\/10\/5e470011-d042-4192-b606-8c06db8b3a37-216x300.jpg 216w, https:\/\/www.radiopiu.net\/wordpress\/wp-content\/uploads\/2024\/10\/5e470011-d042-4192-b606-8c06db8b3a37-738x1024.jpg 738w, https:\/\/www.radiopiu.net\/wordpress\/wp-content\/uploads\/2024\/10\/5e470011-d042-4192-b606-8c06db8b3a37-768x1066.jpg 768w, https:\/\/www.radiopiu.net\/wordpress\/wp-content\/uploads\/2024\/10\/5e470011-d042-4192-b606-8c06db8b3a37-1107x1536.jpg 1107w, https:\/\/www.radiopiu.net\/wordpress\/wp-content\/uploads\/2024\/10\/5e470011-d042-4192-b606-8c06db8b3a37.jpg 1153w\" sizes=\"auto, (max-width: 114px) 100vw, 114px\" \/><\/a>RIVAMONTE<\/strong>\u00a0Sabato sar\u00e0 dedicato ai piatti bavaresi e alla musica Oberkrainer con il Koa Quintett, seguito da un DJ set. Domenica ci saranno esposizioni, dimostrazioni e il gran finale con la porchetta. Durante tutto il weekend, saranno serviti piatti tradizionali come stinco, wurstel, crauti, canederli e spatzle, accompagnati da birra fresca in bicchieri da mezzo litro. Il tendone riscaldato garantisce un&#8217;atmosfera accogliente, e chi indossa abiti tirolesi \u00e8 il benvenuto.<\/p>\n<p><strong>DI MIRKO MEZZACASA<\/strong><\/p>\n<p>OSPITE: Giacomo &#8220;Jacky&#8221; Bressan, Pro Loco di Rivamonte<\/p>\n<audio class=\"wp-audio-shortcode\" id=\"audio-413837-20\" preload=\"none\" style=\"width: 100%;\" controls=\"controls\"><source type=\"audio\/mpeg\" src=\"https:\/\/www.radiopiu.net\/wordpress\/wp-content\/uploads\/2024\/10\/GIACOMO-BRESSAN-OKTOBERST-1.mp3?_=20\" \/><a href=\"https:\/\/www.radiopiu.net\/wordpress\/wp-content\/uploads\/2024\/10\/GIACOMO-BRESSAN-OKTOBERST-1.mp3\">https:\/\/www.radiopiu.net\/wordpress\/wp-content\/uploads\/2024\/10\/GIACOMO-BRESSAN-OKTOBERST-1.mp3<\/a><\/audio>\n<p>&nbsp;<\/p>\n<p>&nbsp;<\/p>\n<p>&nbsp;<\/p>\n<hr \/>\n<p>&nbsp;<\/p>\n<blockquote>\n<h3>OLTRE LE VETTE 2024: A BELLUNO DAL 4 AL 13 OTTOBRE<\/h3>\n<\/blockquote>\n<p><strong><a class=\"dt-pswp-item\" href=\"https:\/\/www.radiopiu.net\/wordpress\/wp-content\/uploads\/2021\/05\/TEATRO-COMUNALE-BELLUNO.jpg\" data-dt-img-description=\"\" data-large_image_width=\"550\" data-large_image_height=\"435\"><img loading=\"lazy\" decoding=\"async\" class=\" wp-image-212942 alignleft\" src=\"https:\/\/www.radiopiu.net\/wordpress\/wp-content\/uploads\/2021\/05\/TEATRO-COMUNALE-BELLUNO-300x237.jpg\" alt=\"\" width=\"194\" height=\"153\" srcset=\"https:\/\/www.radiopiu.net\/wordpress\/wp-content\/uploads\/2021\/05\/TEATRO-COMUNALE-BELLUNO-300x237.jpg 300w, https:\/\/www.radiopiu.net\/wordpress\/wp-content\/uploads\/2021\/05\/TEATRO-COMUNALE-BELLUNO.jpg 550w\" sizes=\"auto, (max-width: 194px) 100vw, 194px\" \/><\/a>DI MIRKO MEZZACASA<\/strong><\/p>\n<p>OSPITE: Valentina Ciprian<\/p>\n<audio class=\"wp-audio-shortcode\" id=\"audio-413837-21\" preload=\"none\" style=\"width: 100%;\" controls=\"controls\"><source type=\"audio\/mpeg\" src=\"https:\/\/www.radiopiu.net\/wordpress\/wp-content\/uploads\/2024\/10\/VALENTINA-CIPRIAN-OLTRE-LE-VETTE.mp3?_=21\" \/><a href=\"https:\/\/www.radiopiu.net\/wordpress\/wp-content\/uploads\/2024\/10\/VALENTINA-CIPRIAN-OLTRE-LE-VETTE.mp3\">https:\/\/www.radiopiu.net\/wordpress\/wp-content\/uploads\/2024\/10\/VALENTINA-CIPRIAN-OLTRE-LE-VETTE.mp3<\/a><\/audio>\n<p>&nbsp;<\/p>\n<div><\/div>\n<div><strong><a class=\"dt-pswp-item\" href=\"https:\/\/www.radiopiu.net\/wordpress\/wp-content\/uploads\/2024\/10\/Invito-12ott.png\" data-dt-img-description=\"\" data-large_image_width=\"1080\" data-large_image_height=\"1080\"><img loading=\"lazy\" decoding=\"async\" class=\" wp-image-413714 alignleft\" src=\"https:\/\/www.radiopiu.net\/wordpress\/wp-content\/uploads\/2024\/10\/Invito-12ott-300x300.png\" alt=\"\" width=\"141\" height=\"141\" srcset=\"https:\/\/www.radiopiu.net\/wordpress\/wp-content\/uploads\/2024\/10\/Invito-12ott-300x300.png 300w, https:\/\/www.radiopiu.net\/wordpress\/wp-content\/uploads\/2024\/10\/Invito-12ott-1024x1024.png 1024w, https:\/\/www.radiopiu.net\/wordpress\/wp-content\/uploads\/2024\/10\/Invito-12ott-150x150.png 150w, https:\/\/www.radiopiu.net\/wordpress\/wp-content\/uploads\/2024\/10\/Invito-12ott-768x768.png 768w, https:\/\/www.radiopiu.net\/wordpress\/wp-content\/uploads\/2024\/10\/Invito-12ott.png 1080w\" sizes=\"auto, (max-width: 141px) 100vw, 141px\" \/><\/a><\/strong><strong><span id=\"OBJ_PREFIX_DWT61_com_zimbra_date\" class=\"Object\">sabato<\/span> 12 ottobre<\/strong>, ore 18, Palazzo Bembo:<br \/>\n&#8220;Il lupo \u00e8 tornato. Storie di convivenza nelle Dolomiti Bellunesi&#8221;, in collaborazione con l&#8217;ente Parco Nazionale Dolomiti Bellunesi.<br \/>\nProiezione del nuovo documentario realizzato da Ivan Mazzon per il Parco Nazionale Dolomiti Bellunesi nell\u2019ambito del progetto LIFE Wolfalps, in concorso ai prossimi film festival di Sondrio e di Cipro. Le attivit\u00e0 di comunicazione sul lupo curate dal Parco nell\u2019ambito del LIFE Wolfalps hanno ottenuto, nel 2024, la bandiera verde di Legambiente.<\/div>\n<div><\/div>\n<div><\/div>\n<div><\/div>\n<div class=\"flex max-w-full flex-col flex-grow\">\n<div class=\"min-h-8 text-message flex w-full flex-col items-end gap-2 whitespace-normal break-words [.text-message+&amp;]:mt-5\" dir=\"auto\" data-message-author-role=\"assistant\" data-message-id=\"fdef4867-37be-40c3-b7e8-a66f67773ec4\">\n<div class=\"flex w-full flex-col gap-1 empty:hidden first:pt-[3px]\">\n<p>&nbsp;<\/p>\n<\/div>\n<\/div>\n<\/div>\n<hr \/>\n<p>&nbsp;<\/p>\n<blockquote>\n<h3><a class=\"dt-pswp-item\" href=\"https:\/\/www.radiopiu.net\/wordpress\/wp-content\/uploads\/2024\/10\/Loc_13ott_comune.jpg\" data-dt-img-description=\"\" data-large_image_width=\"1240\" data-large_image_height=\"1754\"><img loading=\"lazy\" decoding=\"async\" class=\" wp-image-413075 alignleft\" src=\"https:\/\/www.radiopiu.net\/wordpress\/wp-content\/uploads\/2024\/10\/Loc_13ott_comune-212x300.jpg\" alt=\"\" width=\"102\" height=\"144\" srcset=\"https:\/\/www.radiopiu.net\/wordpress\/wp-content\/uploads\/2024\/10\/Loc_13ott_comune-212x300.jpg 212w, https:\/\/www.radiopiu.net\/wordpress\/wp-content\/uploads\/2024\/10\/Loc_13ott_comune-724x1024.jpg 724w, https:\/\/www.radiopiu.net\/wordpress\/wp-content\/uploads\/2024\/10\/Loc_13ott_comune-768x1086.jpg 768w, https:\/\/www.radiopiu.net\/wordpress\/wp-content\/uploads\/2024\/10\/Loc_13ott_comune-1086x1536.jpg 1086w, https:\/\/www.radiopiu.net\/wordpress\/wp-content\/uploads\/2024\/10\/Loc_13ott_comune.jpg 1240w\" sizes=\"auto, (max-width: 102px) 100vw, 102px\" \/><\/a>LA PIAVE PER LA PACE<\/h3>\n<\/blockquote>\n<p><strong>BELLUNO<\/strong> L&#8217;evento &#8220;La Piave per la Pace&#8221; si terr\u00e0 il 13 ottobre 2024 lungo il fiume Piave, attraversando le citt\u00e0 di Belluno, Treviso e Venezia. L&#8217;iniziativa propone camminate, musica e parole per promuovere la pace, il disarmo, la sicurezza e la giustizia sociale e climatica. L&#8217;appello \u00e8 per il cessate il fuoco e i negoziati, contro l&#8217;aumento delle spese militari, senza basi o armi. L&#8217;evento mira a sensibilizzare sull&#8217;importanza del rispetto della legalit\u00e0 internazionale e della giustizia. L&#8217;incontro coinvolge varie associazioni locali e ha il patrocinio del Comune di Sernaglia della Battaglia.<\/p>\n<p>&nbsp;<\/p>\n<p>&nbsp;<\/p>\n<hr \/>\n<p>&nbsp;<\/p>\n<blockquote>\n<h3><a class=\"dt-pswp-item\" href=\"https:\/\/www.radiopiu.net\/wordpress\/wp-content\/uploads\/2024\/10\/Disegno-BASE_ottobre-2024.jpeg\" data-dt-img-description=\"\" data-large_image_width=\"1024\" data-large_image_height=\"1280\"><img loading=\"lazy\" decoding=\"async\" class=\" wp-image-413887 alignleft\" src=\"https:\/\/www.radiopiu.net\/wordpress\/wp-content\/uploads\/2024\/10\/Disegno-BASE_ottobre-2024-240x300.jpeg\" alt=\"\" width=\"120\" height=\"150\" srcset=\"https:\/\/www.radiopiu.net\/wordpress\/wp-content\/uploads\/2024\/10\/Disegno-BASE_ottobre-2024-240x300.jpeg 240w, https:\/\/www.radiopiu.net\/wordpress\/wp-content\/uploads\/2024\/10\/Disegno-BASE_ottobre-2024-819x1024.jpeg 819w, https:\/\/www.radiopiu.net\/wordpress\/wp-content\/uploads\/2024\/10\/Disegno-BASE_ottobre-2024-768x960.jpeg 768w, https:\/\/www.radiopiu.net\/wordpress\/wp-content\/uploads\/2024\/10\/Disegno-BASE_ottobre-2024.jpeg 1024w\" sizes=\"auto, (max-width: 120px) 100vw, 120px\" \/><\/a>CORSI DI PITTURA A TRICHIANA<\/h3>\n<\/blockquote>\n<p><strong>BORGO VALBELLUNA<\/strong> L&#8217;associazione Civicamente ha aperto le iscrizioni per i corsi di disegno base e acquerello avanzato, tenuti da Sara Andrich. Entrambi i corsi prevedono sei lezioni di due ore ciascuna. Il corso di disegno base, che inizia il 15 ottobre e si terr\u00e0 ogni marted\u00ec dalle 18:00 alle 20:00, si focalizza su proporzioni, prospettiva, teoria delle ombre e utilizzo di grafite, sanguigna e carboncino. Il corso di acquerello avanzato, destinato a chi ha gi\u00e0 esperienza, inizier\u00e0 il 24 ottobre e si svolger\u00e0 ogni gioved\u00ec dalle 18:00 alle 20:00. Entrambi i corsi si terranno nella sede dell\u2019associazione a Trichiana, con un minimo di 7 e un massimo di 10 partecipanti.<\/p>\n<p>&nbsp;<\/p>\n<p>&nbsp;<\/p>\n<hr \/>\n<p>&nbsp;<\/p>\n<blockquote>\n<h3>IL 3 NOVEMBRE A CANALE D&#8217;AGORDO LA BENEDIZIONE DI FINE LAVORI ALLA CASA NATALE DI PAPA LUCIANI<\/h3>\n<\/blockquote>\n<p><strong><a class=\"dt-pswp-item\" href=\"https:\/\/www.radiopiu.net\/wordpress\/wp-content\/uploads\/2024\/10\/KLGHAUIHGOAS.png\" data-dt-img-description=\"\" data-large_image_width=\"987\" data-large_image_height=\"471\"><img loading=\"lazy\" decoding=\"async\" class=\" wp-image-413885 alignleft\" src=\"https:\/\/www.radiopiu.net\/wordpress\/wp-content\/uploads\/2024\/10\/KLGHAUIHGOAS-300x143.png\" alt=\"\" width=\"210\" height=\"100\" srcset=\"https:\/\/www.radiopiu.net\/wordpress\/wp-content\/uploads\/2024\/10\/KLGHAUIHGOAS-300x143.png 300w, https:\/\/www.radiopiu.net\/wordpress\/wp-content\/uploads\/2024\/10\/KLGHAUIHGOAS-768x366.png 768w, https:\/\/www.radiopiu.net\/wordpress\/wp-content\/uploads\/2024\/10\/KLGHAUIHGOAS.png 987w\" sizes=\"auto, (max-width: 210px) 100vw, 210px\" \/><\/a>CANALE D&#8217;AGORDO<\/strong> Domenica 3 novembre 2024, a Canale d&#8217;Agordo, si terr\u00e0 un evento in occasione della benedizione di fine lavori della casa natale del beato Albino Luciani, Papa Giovanni Paolo I, organizzato dal Comune, Fondazione Papa Luciani, Parrocchia di Canale d&#8217;Agordo e Diocesi di Vittorio Veneto. La cerimonia inizier\u00e0 alle 15.00 con la benedizione da parte del Cardinale Beniamino Stella, seguita alle 15.30 dal concerto della Piccola Orchestra Veneta nella chiesa arcipretale di San Giovanni Battista. Il Museo Albino Luciani e la casa natale saranno aperti per visite durante la giornata.<\/p>\n<p>&nbsp;<\/p>\n<p>&nbsp;<\/p>\n<hr \/>\n<p>&nbsp;<\/p>\n<h2><span style=\"color: #ff6600;\">IERI ALLA RADIO<\/span><\/h2>\n<h2><span style=\"color: #cc99ff;\">ALLA SCOPERTA DI BEAUTY BOUTIQUE ESTETICA A CENCENIGHE DI MARTINA DE BIASIO<\/span><\/h2>\n<p><strong><a class=\"dt-pswp-item\" href=\"https:\/\/www.radiopiu.net\/wordpress\/wp-content\/uploads\/2024\/10\/2925a20f-9ae4-4b16-9ca1-aabed9427fbf.jpg\" data-dt-img-description=\"\" data-large_image_width=\"1179\" data-large_image_height=\"821\"><img loading=\"lazy\" decoding=\"async\" class=\" wp-image-413874 alignleft\" src=\"https:\/\/www.radiopiu.net\/wordpress\/wp-content\/uploads\/2024\/10\/2925a20f-9ae4-4b16-9ca1-aabed9427fbf-300x209.jpg\" alt=\"\" width=\"177\" height=\"123\" srcset=\"https:\/\/www.radiopiu.net\/wordpress\/wp-content\/uploads\/2024\/10\/2925a20f-9ae4-4b16-9ca1-aabed9427fbf-300x209.jpg 300w, https:\/\/www.radiopiu.net\/wordpress\/wp-content\/uploads\/2024\/10\/2925a20f-9ae4-4b16-9ca1-aabed9427fbf-1024x713.jpg 1024w, https:\/\/www.radiopiu.net\/wordpress\/wp-content\/uploads\/2024\/10\/2925a20f-9ae4-4b16-9ca1-aabed9427fbf-768x535.jpg 768w, https:\/\/www.radiopiu.net\/wordpress\/wp-content\/uploads\/2024\/10\/2925a20f-9ae4-4b16-9ca1-aabed9427fbf.jpg 1179w\" sizes=\"auto, (max-width: 177px) 100vw, 177px\" \/><\/a>DI MIRKO MEZZACASA<\/strong><\/p>\n<p>OSPITE Martina De Biasio<\/p>\n<p><span style=\"color: #ff00ff;\"><strong>PARTE UNO<\/strong><\/span><\/p>\n<audio class=\"wp-audio-shortcode\" id=\"audio-413837-22\" preload=\"none\" style=\"width: 100%;\" controls=\"controls\"><source type=\"audio\/mpeg\" src=\"https:\/\/www.radiopiu.net\/wordpress\/wp-content\/uploads\/2024\/10\/martina-de-biasio-1.mp3?_=22\" \/><a href=\"https:\/\/www.radiopiu.net\/wordpress\/wp-content\/uploads\/2024\/10\/martina-de-biasio-1.mp3\">https:\/\/www.radiopiu.net\/wordpress\/wp-content\/uploads\/2024\/10\/martina-de-biasio-1.mp3<\/a><\/audio>\n<p>&nbsp;<\/p>\n<p><span style=\"color: #ff00ff;\"><strong>PARTE DUE<\/strong><\/span><\/p>\n<audio class=\"wp-audio-shortcode\" id=\"audio-413837-23\" preload=\"none\" style=\"width: 100%;\" controls=\"controls\"><source type=\"audio\/mpeg\" src=\"https:\/\/www.radiopiu.net\/wordpress\/wp-content\/uploads\/2024\/10\/martina-de-biasio-2.mp3?_=23\" \/><a href=\"https:\/\/www.radiopiu.net\/wordpress\/wp-content\/uploads\/2024\/10\/martina-de-biasio-2.mp3\">https:\/\/www.radiopiu.net\/wordpress\/wp-content\/uploads\/2024\/10\/martina-de-biasio-2.mp3<\/a><\/audio>\n<p>&nbsp;<\/p>\n<p><span style=\"color: #ff00ff;\"><strong>PARTE TRE<\/strong><\/span><\/p>\n<audio class=\"wp-audio-shortcode\" id=\"audio-413837-24\" preload=\"none\" style=\"width: 100%;\" controls=\"controls\"><source type=\"audio\/mpeg\" src=\"https:\/\/www.radiopiu.net\/wordpress\/wp-content\/uploads\/2024\/10\/martina-de-biasio-3.mp3?_=24\" \/><a href=\"https:\/\/www.radiopiu.net\/wordpress\/wp-content\/uploads\/2024\/10\/martina-de-biasio-3.mp3\">https:\/\/www.radiopiu.net\/wordpress\/wp-content\/uploads\/2024\/10\/martina-de-biasio-3.mp3<\/a><\/audio>\n<p>&nbsp;<\/p>\n<hr \/>\n<p>&nbsp;<\/p>\n<h2><span style=\"color: #008000;\">&#8220;DINTORN E FORA VIA&#8221;\u00a0 IL PROGRAMMA\u00a0 A CURA DEL MUSLA<\/span><\/h2>\n<p><strong><a class=\"dt-pswp-item\" href=\"https:\/\/www.radiopiu.net\/wordpress\/wp-content\/uploads\/2023\/10\/GIORNALE-QUOTIDIANO.jpg\" data-dt-img-description=\"\" data-large_image_width=\"1280\" data-large_image_height=\"853\"><img loading=\"lazy\" decoding=\"async\" class=\" wp-image-356264 alignleft\" src=\"https:\/\/www.radiopiu.net\/wordpress\/wp-content\/uploads\/2023\/10\/GIORNALE-QUOTIDIANO-300x200.jpg\" alt=\"\" width=\"149\" height=\"99\" srcset=\"https:\/\/www.radiopiu.net\/wordpress\/wp-content\/uploads\/2023\/10\/GIORNALE-QUOTIDIANO-300x200.jpg 300w, https:\/\/www.radiopiu.net\/wordpress\/wp-content\/uploads\/2023\/10\/GIORNALE-QUOTIDIANO-1024x682.jpg 1024w, https:\/\/www.radiopiu.net\/wordpress\/wp-content\/uploads\/2023\/10\/GIORNALE-QUOTIDIANO-768x512.jpg 768w, https:\/\/www.radiopiu.net\/wordpress\/wp-content\/uploads\/2023\/10\/GIORNALE-QUOTIDIANO.jpg 1280w\" sizes=\"auto, (max-width: 149px) 100vw, 149px\" \/><\/a>PUNTATA DEL 11 OTTOBRE LEONARDO SCOLA<\/strong><\/p>\n<audio class=\"wp-audio-shortcode\" id=\"audio-413837-25\" preload=\"none\" style=\"width: 100%;\" controls=\"controls\"><source type=\"audio\/mpeg\" src=\"https:\/\/www.radiopiu.net\/wordpress\/wp-content\/uploads\/2024\/10\/MUSLA-4.mp3?_=25\" \/><a href=\"https:\/\/www.radiopiu.net\/wordpress\/wp-content\/uploads\/2024\/10\/MUSLA-4.mp3\">https:\/\/www.radiopiu.net\/wordpress\/wp-content\/uploads\/2024\/10\/MUSLA-4.mp3<\/a><\/audio>\n<p>&nbsp;<\/p>\n<h2>LA RACCOLTA COMPLETA <a href=\"https:\/\/www.radiopiu.net\/wordpress\/musla\/\"><span style=\"color: #3366ff;\">CLICCA QUI<\/span><\/a><\/h2>\n<p>&nbsp;<\/p>\n<hr \/>\n<p>&nbsp;<\/p>\n<h2><span style=\"color: #00ccff;\">EVENTI D&#8217;AUTUNNO A CAVIOLA<\/span><\/h2>\n<p><strong><a class=\"dt-pswp-item\" href=\"https:\/\/www.radiopiu.net\/wordpress\/wp-content\/uploads\/2024\/10\/b283cd90-5166-4dc2-a4df-f3ad4402e639.jpg\" data-dt-img-description=\"\" data-large_image_width=\"1600\" data-large_image_height=\"1200\"><img loading=\"lazy\" decoding=\"async\" class=\" wp-image-413867 alignleft\" src=\"https:\/\/www.radiopiu.net\/wordpress\/wp-content\/uploads\/2024\/10\/b283cd90-5166-4dc2-a4df-f3ad4402e639-300x225.jpg\" alt=\"\" width=\"167\" height=\"125\" srcset=\"https:\/\/www.radiopiu.net\/wordpress\/wp-content\/uploads\/2024\/10\/b283cd90-5166-4dc2-a4df-f3ad4402e639-300x225.jpg 300w, https:\/\/www.radiopiu.net\/wordpress\/wp-content\/uploads\/2024\/10\/b283cd90-5166-4dc2-a4df-f3ad4402e639-1024x768.jpg 1024w, https:\/\/www.radiopiu.net\/wordpress\/wp-content\/uploads\/2024\/10\/b283cd90-5166-4dc2-a4df-f3ad4402e639-768x576.jpg 768w, https:\/\/www.radiopiu.net\/wordpress\/wp-content\/uploads\/2024\/10\/b283cd90-5166-4dc2-a4df-f3ad4402e639-1536x1152.jpg 1536w, https:\/\/www.radiopiu.net\/wordpress\/wp-content\/uploads\/2024\/10\/b283cd90-5166-4dc2-a4df-f3ad4402e639.jpg 1600w\" sizes=\"auto, (max-width: 167px) 100vw, 167px\" \/><\/a>DI MIRKO MEZZACASA<\/strong><\/p>\n<p>OSPITI: Andrea Costa ed Alessio Valt<\/p>\n<audio class=\"wp-audio-shortcode\" id=\"audio-413837-26\" preload=\"none\" style=\"width: 100%;\" controls=\"controls\"><source type=\"audio\/mpeg\" src=\"https:\/\/www.radiopiu.net\/wordpress\/wp-content\/uploads\/2024\/10\/andrea-costa-alessio-valt.mp3?_=26\" \/><a href=\"https:\/\/www.radiopiu.net\/wordpress\/wp-content\/uploads\/2024\/10\/andrea-costa-alessio-valt.mp3\">https:\/\/www.radiopiu.net\/wordpress\/wp-content\/uploads\/2024\/10\/andrea-costa-alessio-valt.mp3<\/a><\/audio>\n<p>&nbsp;<\/p>\n<hr \/>\n<p>&nbsp;<\/p>\n<h2><span style=\"color: #ffcc00;\">EMOZIONE CONTINUA&#8230;100 ANNI DI PASSIONE RACCONTATI ALLA RADIO<\/span><\/h2>\n<p><span style=\"color: #ff00ff;\"><strong>PUNTATA 04 LE CANZONI DELLA RADIO<\/strong><\/span><\/p>\n<audio class=\"wp-audio-shortcode\" id=\"audio-413837-27\" preload=\"none\" style=\"width: 100%;\" controls=\"controls\"><source type=\"audio\/mpeg\" src=\"https:\/\/www.radiopiu.net\/wordpress\/wp-content\/uploads\/2024\/10\/PL5.mp3?_=27\" \/><a href=\"https:\/\/www.radiopiu.net\/wordpress\/wp-content\/uploads\/2024\/10\/PL5.mp3\">https:\/\/www.radiopiu.net\/wordpress\/wp-content\/uploads\/2024\/10\/PL5.mp3<\/a><\/audio>\n<p>&nbsp;<\/p>\n<h2>LA RACCOLTA COMPLETA <a href=\"https:\/\/www.radiopiu.net\/wordpress\/emozione-continua-100-anni-di-passione-raccontati-alla-radio-la-raccolta\/\"><span style=\"color: #3366ff;\">CLICCA QUI<\/span><\/a><\/h2>\n<p>&nbsp;<\/p>\n<hr \/>\n<p>&nbsp;<\/p>\n<h2 class=\"entry-title\"><span style=\"color: #99cc00;\">VERSO LA KINK OF CAORINA, QUARTA DELLE 6 TAPPE DELLA VERTICAL FIEMME-FASSA-BIOIS<\/span><\/h2>\n<p><a class=\"dt-pswp-item\" href=\"https:\/\/www.radiopiu.net\/wordpress\/wp-content\/uploads\/2024\/09\/Senza-nome-81.png\" data-dt-img-description=\"\" data-large_image_width=\"450\" data-large_image_height=\"81\"><img loading=\"lazy\" decoding=\"async\" class=\"wp-image-411964 size-medium aligncenter\" src=\"https:\/\/www.radiopiu.net\/wordpress\/wp-content\/uploads\/2024\/09\/Senza-nome-81-300x54.png\" alt=\"\" width=\"300\" height=\"54\" srcset=\"https:\/\/www.radiopiu.net\/wordpress\/wp-content\/uploads\/2024\/09\/Senza-nome-81-300x54.png 300w, https:\/\/www.radiopiu.net\/wordpress\/wp-content\/uploads\/2024\/09\/Senza-nome-81.png 450w\" sizes=\"auto, (max-width: 300px) 100vw, 300px\" \/><\/a><\/p>\n<p><strong>QUARTA PUNTATA<\/strong>\u00a0 &#8220;VK King Of Caorina &#8211; Il Podcast&#8221; con la presentazione della King Of Caorina del 12 ottobre, quarta tappa del circuito VERTICAL FFB<\/p>\n<audio class=\"wp-audio-shortcode\" id=\"audio-413837-28\" preload=\"none\" style=\"width: 100%;\" controls=\"controls\"><source type=\"audio\/mpeg\" src=\"https:\/\/www.radiopiu.net\/wordpress\/wp-content\/uploads\/2024\/10\/VK-King-Of-Caorina-Il-Podcast.mp3?_=28\" \/><a href=\"https:\/\/www.radiopiu.net\/wordpress\/wp-content\/uploads\/2024\/10\/VK-King-Of-Caorina-Il-Podcast.mp3\">https:\/\/www.radiopiu.net\/wordpress\/wp-content\/uploads\/2024\/10\/VK-King-Of-Caorina-Il-Podcast.mp3<\/a><\/audio>\n<p>&nbsp;<\/p>\n<hr \/>\n<p>&nbsp;<\/p>\n<h2><span style=\"color: #993300;\">AD AGORDO TORNA LA FIERA DEL BESTIAM E FORMAI E VIN<\/span><\/h2>\n<p><strong><a class=\"dt-pswp-item\" href=\"https:\/\/www.radiopiu.net\/wordpress\/wp-content\/uploads\/2024\/10\/461538345_965918075580425_4723016468648844473_n.jpg\" data-dt-img-description=\"\" data-large_image_width=\"524\" data-large_image_height=\"274\"><img loading=\"lazy\" decoding=\"async\" class=\" wp-image-413168 alignleft\" src=\"https:\/\/www.radiopiu.net\/wordpress\/wp-content\/uploads\/2024\/10\/461538345_965918075580425_4723016468648844473_n-300x157.jpg\" alt=\"\" width=\"203\" height=\"106\" srcset=\"https:\/\/www.radiopiu.net\/wordpress\/wp-content\/uploads\/2024\/10\/461538345_965918075580425_4723016468648844473_n-300x157.jpg 300w, https:\/\/www.radiopiu.net\/wordpress\/wp-content\/uploads\/2024\/10\/461538345_965918075580425_4723016468648844473_n.jpg 524w\" sizes=\"auto, (max-width: 203px) 100vw, 203px\" \/><\/a>DI MIRKO MEZZACASA<\/strong><\/p>\n<p>OSPITI: Damiano Soppelsa, Alessandra Da Ronch, Valentina Colle<\/p>\n<audio class=\"wp-audio-shortcode\" id=\"audio-413837-29\" preload=\"none\" style=\"width: 100%;\" controls=\"controls\"><source type=\"audio\/mpeg\" src=\"https:\/\/www.radiopiu.net\/wordpress\/wp-content\/uploads\/2024\/10\/fiera-del-bestiam-2024.mp3?_=29\" \/><a href=\"https:\/\/www.radiopiu.net\/wordpress\/wp-content\/uploads\/2024\/10\/fiera-del-bestiam-2024.mp3\">https:\/\/www.radiopiu.net\/wordpress\/wp-content\/uploads\/2024\/10\/fiera-del-bestiam-2024.mp3<\/a><\/audio>\n<p>&nbsp;<\/p>\n<hr \/>\n<p>&nbsp;<\/p>\n<h2><span style=\"color: #808000;\">MOTORI E SPERANZA, LA SECONDA EDIZIONE A FALCADE<\/span><\/h2>\n<p><strong><a class=\"dt-pswp-item\" href=\"https:\/\/www.radiopiu.net\/wordpress\/wp-content\/uploads\/2024\/10\/lgql.png\" data-dt-img-description=\"\" data-large_image_width=\"660\" data-large_image_height=\"415\"><img loading=\"lazy\" decoding=\"async\" class=\" wp-image-412010 alignleft\" src=\"https:\/\/www.radiopiu.net\/wordpress\/wp-content\/uploads\/2024\/10\/lgql-300x189.png\" alt=\"\" width=\"190\" height=\"120\" srcset=\"https:\/\/www.radiopiu.net\/wordpress\/wp-content\/uploads\/2024\/10\/lgql-300x189.png 300w, https:\/\/www.radiopiu.net\/wordpress\/wp-content\/uploads\/2024\/10\/lgql.png 660w\" sizes=\"auto, (max-width: 190px) 100vw, 190px\" \/><\/a>DI MARCO GAZ<\/strong><\/p>\n<p>OSPITE: Mauro Riva<\/p>\n<audio class=\"wp-audio-shortcode\" id=\"audio-413837-30\" preload=\"none\" style=\"width: 100%;\" controls=\"controls\"><source type=\"audio\/mpeg\" src=\"https:\/\/www.radiopiu.net\/wordpress\/wp-content\/uploads\/2024\/10\/MAURO-RIVA-MOTORI-E-SPERANZA-SCADENZA-13-OTTOBRE.mp3?_=30\" \/><a href=\"https:\/\/www.radiopiu.net\/wordpress\/wp-content\/uploads\/2024\/10\/MAURO-RIVA-MOTORI-E-SPERANZA-SCADENZA-13-OTTOBRE.mp3\">https:\/\/www.radiopiu.net\/wordpress\/wp-content\/uploads\/2024\/10\/MAURO-RIVA-MOTORI-E-SPERANZA-SCADENZA-13-OTTOBRE.mp3<\/a><\/audio>\n<p>&nbsp;<\/p>\n<blockquote class=\"wp-embedded-content\" data-secret=\"Pw88zJuodo\"><p><a href=\"https:\/\/www.radiopiu.net\/wordpress\/lmt13\/\">DI MARTEDI&#8230; POMERIGGIO CON LUISA ALCHINI, LA RACCOLTA<\/a><\/p><\/blockquote>\n<p><iframe loading=\"lazy\" class=\"wp-embedded-content\" sandbox=\"allow-scripts\" security=\"restricted\" style=\"position: absolute; visibility: hidden;\" title=\"&#8220;DI MARTEDI&#8230; POMERIGGIO CON LUISA ALCHINI, LA RACCOLTA&#8221; &#8212; Radio Pi\u00f9\" src=\"https:\/\/www.radiopiu.net\/wordpress\/lmt13\/embed\/#?secret=0zgJ6SpiYV#?secret=Pw88zJuodo\" data-secret=\"Pw88zJuodo\" width=\"600\" height=\"338\" frameborder=\"0\" marginwidth=\"0\" marginheight=\"0\" scrolling=\"no\"><\/iframe><\/p>\n<p>&nbsp;<\/p>\n<p>&nbsp;<\/p>\n<hr \/>\n<p>&nbsp;<\/p>\n<h2><span style=\"color: #ff0000;\"><a class=\"dt-pswp-item\" href=\"https:\/\/www.radiopiu.net\/wordpress\/wp-content\/uploads\/2018\/09\/appuntamenti.jpeg\" data-dt-img-description=\"\" data-large_image_width=\"800\" data-large_image_height=\"100\"><img loading=\"lazy\" decoding=\"async\" class=\"wp-image-61958 size-full aligncenter\" src=\"https:\/\/www.radiopiu.net\/wordpress\/wp-content\/uploads\/2018\/09\/appuntamenti.jpeg\" alt=\"\" width=\"800\" height=\"100\" srcset=\"https:\/\/www.radiopiu.net\/wordpress\/wp-content\/uploads\/2018\/09\/appuntamenti.jpeg 800w, https:\/\/www.radiopiu.net\/wordpress\/wp-content\/uploads\/2018\/09\/appuntamenti-300x38.jpeg 300w, https:\/\/www.radiopiu.net\/wordpress\/wp-content\/uploads\/2018\/09\/appuntamenti-768x96.jpeg 768w\" sizes=\"auto, (max-width: 800px) 100vw, 800px\" \/><\/a><\/span><\/h2>\n<p><iframe loading=\"lazy\" title=\"FORMULA 3\" width=\"1200\" height=\"900\" src=\"https:\/\/www.youtube.com\/embed\/I21aWSYA3OI?feature=oembed\" frameborder=\"0\" allow=\"accelerometer; autoplay; clipboard-write; encrypted-media; gyroscope; picture-in-picture; web-share\" referrerpolicy=\"strict-origin-when-cross-origin\" allowfullscreen><\/iframe><\/p>\n<p>&nbsp;<\/p>\n<div class=\"flex-shrink-0 flex flex-col relative items-end\">\n<div>\n<div class=\"pt-0\">\n<div class=\"gizmo-bot-avatar flex h-8 w-8 items-center justify-center overflow-hidden rounded-full\">\n<p class=\"relative p-1 rounded-sm flex items-center justify-center bg-token-main-surface-primary text-token-text-primary h-8 w-8\"><strong>BELLUNO <\/strong>Venerd\u00ec 8 novembre, dalle ore 18, presso l&#8217;aula magna dell&#8217;Istituto Superiore Tommaso Catullo di Belluno, si terr\u00e0 un evento organizzato da Pig&amp;Menti, che propone un dialogo sugli archetipi tra linguistica e neuroscienze. I relatori saranno il professor Michele T\u00ecson e il professor Renzo Barbazza. L&#8217;evento \u00e8 realizzato in collaborazione con Banca Prealpi San Biagio e i dottori Marco Tarascio e Silvia Barbini.<\/p>\n<p class=\"relative p-1 rounded-sm flex items-center justify-center bg-token-main-surface-primary text-token-text-primary h-8 w-8\"><strong>CANALE D&#8217;AGORDO <\/strong>Jazzercise \u00e8 un allenamento ad alta intensit\u00e0 che combina danza, pilates, yoga e kickboxing, adatto a tutti i livelli di fitness. \u00c8 efficace per tonificare i muscoli, migliorare la postura e ottenere un fisico snello. Nell&#8217;Agordino, le lezioni si tengono a Canale d&#8217;Agordo, nella sala ex emigranti di via Lotta, il luned\u00ec dalle 18:15 alle 19:15 e il mercoled\u00ec dalle 18:30 alle 19:30. L&#8217;istruttrice certificata RaLuca ti aspetta per un allenamento coinvolgente al ritmo di musica attuale. Per informazioni: 347 9295478.<\/p>\n<\/div>\n<\/div>\n<\/div>\n<\/div>\n<p><strong>CENCENIGHE<\/strong> La Famiglia Agordina Ex Emigranti organizza la Giornata dell\u2019Emigrante domenica 27 ottobre, un&#8217;occasione di festa e condivisione per chi ha vissuto o lavorato all&#8217;estero, o per chi vuole conoscere il mondo delle famiglie ex emigranti Bellunesi. Il programma prevede alle 10:30 la messa nella chiesa di Cencenighe, seguita dall\u2019omaggio al monumento dell\u2019emigrante e dall\u2019esibizione del Coro Alpino Monte Civetta nella sala consiliare. La giornata si concluder\u00e0 con un pranzo al Ristorante Monte Civetta di Listolade, accompagnato dalla cantante Daniela Trentin. Il contributo per il pranzo \u00e8 di 35 euro, prenotazioni al 339 211 4469.<\/p>\n<p><strong>FALCADE<\/strong> La Proloco di Caviola presenta &#8220;Proposte d&#8217;autunno&#8221;, un programma di eventi per vivere meglio. Gli appuntamenti includono: una passeggiata nel bosco con Silvano Savio il 20 ottobre, un incontro con Mauro Valt alla Casa della Giovent\u00f9 di Caviola il 6 novembre alle 20, e una serata osservando le stelle con &#8220;Cieli Dolomitici&#8221; il 9 novembre alle 20:30. Inoltre, il 10 novembre si svolger\u00e0 una castagnata con gli Alpini in occasione di San Martino, e il 22 novembre ci sar\u00e0 la chiusura con Roberto Sorama\u00e8 e il suo evento &#8220;Sete d\u2019Africa&#8221; alla Casa della Giovent\u00f9. Per informazioni: 349 1945861.<\/p>\n<p>&nbsp;<\/p>\n<div>\n<div class=\"\" dir=\"auto\">\n<div id=\":r9h:\" class=\"x1iorvi4 x1pi30zi x1l90r2v x1swvt13\" data-ad-comet-preview=\"message\" data-ad-preview=\"message\">\n\n\t\t\t<style type='text\/css'>\n\t\t\t\t#gallery-1 {\n\t\t\t\t\tmargin: auto;\n\t\t\t\t}\n\t\t\t\t#gallery-1 .gallery-item {\n\t\t\t\t\tfloat: left;\n\t\t\t\t\tmargin-top: 10px;\n\t\t\t\t\ttext-align: center;\n\t\t\t\t\twidth: 25%;\n\t\t\t\t}\n\t\t\t\t#gallery-1 img {\n\t\t\t\t\tborder: 2px solid #cfcfcf;\n\t\t\t\t}\n\t\t\t\t#gallery-1 .gallery-caption {\n\t\t\t\t\tmargin-left: 0;\n\t\t\t\t}\n\t\t\t\t\/* see gallery_shortcode() in wp-includes\/media.php *\/\n\t\t\t<\/style>\n\t\t<div id='gallery-1' class='dt-gallery-container gallery galleryid-413837 gallery-columns-4 gallery-size-thumbnail'><dl class='gallery-item'>\n\t\t\t\t<dt class='gallery-icon portrait'>\n\t\t\t\t\t<a class=\"rollover rollover-zoom dt-pswp-item\" title=\"LOC_A3_MOSTRA-RADIO_CMVI\" data-dt-img-description=\"\" data-large_image_width=\"1816\" data-large_image_height=\"2560\"href='https:\/\/www.radiopiu.net\/wordpress\/wp-content\/uploads\/2024\/08\/LOC_A3_MOSTRA-RADIO_CMVI-scaled.jpg'><img loading=\"lazy\" decoding=\"async\" width=\"150\" height=\"150\" src=\"https:\/\/www.radiopiu.net\/wordpress\/wp-content\/uploads\/2024\/08\/LOC_A3_MOSTRA-RADIO_CMVI-150x150.jpg\" class=\"attachment-thumbnail size-thumbnail\" alt=\"\" aria-describedby=\"gallery-1-403450\" \/><\/a>\n\t\t\t\t<\/dt>\n\t\t\t\t\t<dd class='wp-caption-text gallery-caption' id='gallery-1-403450'>\n\t\t\t\t\tLA MOSTRA DELLE RADIO IN VALLE IMPERINA\n\t\t\t\t\t<\/dd><\/dl><dl class='gallery-item'>\n\t\t\t\t<dt class='gallery-icon portrait'>\n\t\t\t\t\t<a class=\"rollover rollover-zoom dt-pswp-item\" title=\"cai agordo\" data-dt-img-description=\"\" data-large_image_width=\"490\" data-large_image_height=\"947\"href='https:\/\/www.radiopiu.net\/wordpress\/wp-content\/uploads\/2024\/09\/cai-agordo.png'><img loading=\"lazy\" decoding=\"async\" width=\"150\" height=\"150\" src=\"https:\/\/www.radiopiu.net\/wordpress\/wp-content\/uploads\/2024\/09\/cai-agordo-150x150.png\" class=\"attachment-thumbnail size-thumbnail\" alt=\"\" aria-describedby=\"gallery-1-411791\" \/><\/a>\n\t\t\t\t<\/dt>\n\t\t\t\t\t<dd class='wp-caption-text gallery-caption' id='gallery-1-411791'>\n\t\t\t\t\tSERE D&#8217;AUTUNNO CON IL CAI DI AGORDO\n\t\t\t\t\t<\/dd><\/dl><dl class='gallery-item'>\n\t\t\t\t<dt class='gallery-icon portrait'>\n\t\t\t\t\t<a class=\"rollover rollover-zoom dt-pswp-item\" title=\"c642bf0f-c463-4d76-a064-194f58c84a62\" data-dt-img-description=\"\" data-large_image_width=\"1131\" data-large_image_height=\"1600\"href='https:\/\/www.radiopiu.net\/wordpress\/wp-content\/uploads\/2024\/09\/c642bf0f-c463-4d76-a064-194f58c84a62.jpg'><img loading=\"lazy\" decoding=\"async\" width=\"150\" height=\"150\" src=\"https:\/\/www.radiopiu.net\/wordpress\/wp-content\/uploads\/2024\/09\/c642bf0f-c463-4d76-a064-194f58c84a62-150x150.jpg\" class=\"attachment-thumbnail size-thumbnail\" alt=\"\" aria-describedby=\"gallery-1-411837\" \/><\/a>\n\t\t\t\t<\/dt>\n\t\t\t\t\t<dd class='wp-caption-text gallery-caption' id='gallery-1-411837'>\n\t\t\t\t\tIL 12 OTTOBRE A VOLTAGO\n\t\t\t\t\t<\/dd><\/dl><dl class='gallery-item'>\n\t\t\t\t<dt class='gallery-icon portrait'>\n\t\t\t\t\t<a class=\"rollover rollover-zoom dt-pswp-item\" title=\"80a7f182-3dda-4a1f-86c7-b13484373c2f\" data-dt-img-description=\"\" data-large_image_width=\"1001\" data-large_image_height=\"1417\"href='https:\/\/www.radiopiu.net\/wordpress\/wp-content\/uploads\/2024\/09\/80a7f182-3dda-4a1f-86c7-b13484373c2f.jpg'><img loading=\"lazy\" decoding=\"async\" width=\"150\" height=\"150\" src=\"https:\/\/www.radiopiu.net\/wordpress\/wp-content\/uploads\/2024\/09\/80a7f182-3dda-4a1f-86c7-b13484373c2f-150x150.jpg\" class=\"attachment-thumbnail size-thumbnail\" alt=\"\" aria-describedby=\"gallery-1-411846\" \/><\/a>\n\t\t\t\t<\/dt>\n\t\t\t\t\t<dd class='wp-caption-text gallery-caption' id='gallery-1-411846'>\n\t\t\t\t\tA FALCADE SI SCALDANO I MOTORI\n\t\t\t\t\t<\/dd><\/dl><br style=\"clear: both\" \/><dl class='gallery-item'>\n\t\t\t\t<dt class='gallery-icon portrait'>\n\t\t\t\t\t<a class=\"rollover rollover-zoom dt-pswp-item\" title=\"5e470011-d042-4192-b606-8c06db8b3a37\" data-dt-img-description=\"\" data-large_image_width=\"1153\" data-large_image_height=\"1600\"href='https:\/\/www.radiopiu.net\/wordpress\/wp-content\/uploads\/2024\/10\/5e470011-d042-4192-b606-8c06db8b3a37.jpg'><img loading=\"lazy\" decoding=\"async\" width=\"150\" height=\"150\" src=\"https:\/\/www.radiopiu.net\/wordpress\/wp-content\/uploads\/2024\/10\/5e470011-d042-4192-b606-8c06db8b3a37-150x150.jpg\" class=\"attachment-thumbnail size-thumbnail\" alt=\"\" aria-describedby=\"gallery-1-411999\" \/><\/a>\n\t\t\t\t<\/dt>\n\t\t\t\t\t<dd class='wp-caption-text gallery-caption' id='gallery-1-411999'>\n\t\t\t\t\tRIVA L&#8217;OKTOBERFEST\n\t\t\t\t\t<\/dd><\/dl><dl class='gallery-item'>\n\t\t\t\t<dt class='gallery-icon portrait'>\n\t\t\t\t\t<a class=\"rollover rollover-zoom dt-pswp-item\" title=\"3221fe5e-2dc1-439f-9341-d93b6df07725\" data-dt-img-description=\"\" data-large_image_width=\"1236\" data-large_image_height=\"1600\"href='https:\/\/www.radiopiu.net\/wordpress\/wp-content\/uploads\/2024\/06\/3221fe5e-2dc1-439f-9341-d93b6df07725.jpg'><img loading=\"lazy\" decoding=\"async\" width=\"150\" height=\"150\" src=\"https:\/\/www.radiopiu.net\/wordpress\/wp-content\/uploads\/2024\/06\/3221fe5e-2dc1-439f-9341-d93b6df07725-150x150.jpg\" class=\"attachment-thumbnail size-thumbnail\" alt=\"\" aria-describedby=\"gallery-1-412305\" \/><\/a>\n\t\t\t\t<\/dt>\n\t\t\t\t\t<dd class='wp-caption-text gallery-caption' id='gallery-1-412305'>\n\t\t\t\t\tA SEDICO DOMENICA 13\n\t\t\t\t\t<\/dd><\/dl><dl class='gallery-item'>\n\t\t\t\t<dt class='gallery-icon portrait'>\n\t\t\t\t\t<a class=\"rollover rollover-zoom dt-pswp-item\" title=\"13 ottobre\" data-dt-img-description=\"\" data-large_image_width=\"1754\" data-large_image_height=\"2480\"href='https:\/\/www.radiopiu.net\/wordpress\/wp-content\/uploads\/2024\/10\/13-ottobre.jpg'><img loading=\"lazy\" decoding=\"async\" width=\"150\" height=\"150\" src=\"https:\/\/www.radiopiu.net\/wordpress\/wp-content\/uploads\/2024\/10\/13-ottobre-150x150.jpg\" class=\"attachment-thumbnail size-thumbnail\" alt=\"\" aria-describedby=\"gallery-1-412961\" \/><\/a>\n\t\t\t\t<\/dt>\n\t\t\t\t\t<dd class='wp-caption-text gallery-caption' id='gallery-1-412961'>\n\t\t\t\t\tAL CENTRO ASTRONOMICO DI ARSON A FELTRE\n\t\t\t\t\t<\/dd><\/dl><dl class='gallery-item'>\n\t\t\t\t<dt class='gallery-icon portrait'>\n\t\t\t\t\t<a class=\"rollover rollover-zoom dt-pswp-item\" title=\"851a2829-563c-46b1-a0f6-7f9d4b804601\" data-dt-img-description=\"\" data-large_image_width=\"1131\" data-large_image_height=\"1600\"href='https:\/\/www.radiopiu.net\/wordpress\/wp-content\/uploads\/2024\/10\/851a2829-563c-46b1-a0f6-7f9d4b804601.jpg'><img loading=\"lazy\" decoding=\"async\" width=\"150\" height=\"150\" src=\"https:\/\/www.radiopiu.net\/wordpress\/wp-content\/uploads\/2024\/10\/851a2829-563c-46b1-a0f6-7f9d4b804601-150x150.jpg\" class=\"attachment-thumbnail size-thumbnail\" alt=\"\" aria-describedby=\"gallery-1-413101\" \/><\/a>\n\t\t\t\t<\/dt>\n\t\t\t\t\t<dd class='wp-caption-text gallery-caption' id='gallery-1-413101'>\n\t\t\t\t\tSILVIA TESSARI IN CONCERTO\n\t\t\t\t\t<\/dd><\/dl><br style=\"clear: both\" \/><dl class='gallery-item'>\n\t\t\t\t<dt class='gallery-icon portrait'>\n\t\t\t\t\t<a class=\"rollover rollover-zoom dt-pswp-item\" title=\"afede08f-130d-46e3-820a-6cddfdaa7d71\" data-dt-img-description=\"\" data-large_image_width=\"1131\" data-large_image_height=\"1600\"href='https:\/\/www.radiopiu.net\/wordpress\/wp-content\/uploads\/2024\/10\/afede08f-130d-46e3-820a-6cddfdaa7d71.jpg'><img loading=\"lazy\" decoding=\"async\" width=\"150\" height=\"150\" src=\"https:\/\/www.radiopiu.net\/wordpress\/wp-content\/uploads\/2024\/10\/afede08f-130d-46e3-820a-6cddfdaa7d71-150x150.jpg\" class=\"attachment-thumbnail size-thumbnail\" alt=\"\" aria-describedby=\"gallery-1-413137\" \/><\/a>\n\t\t\t\t<\/dt>\n\t\t\t\t\t<dd class='wp-caption-text gallery-caption' id='gallery-1-413137'>\n\t\t\t\t\tA CENCENIGHE \n\t\t\t\t\t<\/dd><\/dl><dl class='gallery-item'>\n\t\t\t\t<dt class='gallery-icon portrait'>\n\t\t\t\t\t<a class=\"rollover rollover-zoom dt-pswp-item\" title=\"967a322c-9996-42d7-af75-662ca7d89e84\" data-dt-img-description=\"\" data-large_image_width=\"1080\" data-large_image_height=\"1519\"href='https:\/\/www.radiopiu.net\/wordpress\/wp-content\/uploads\/2024\/10\/967a322c-9996-42d7-af75-662ca7d89e84-1.jpg'><img loading=\"lazy\" decoding=\"async\" width=\"150\" height=\"150\" src=\"https:\/\/www.radiopiu.net\/wordpress\/wp-content\/uploads\/2024\/10\/967a322c-9996-42d7-af75-662ca7d89e84-1-150x150.jpg\" class=\"attachment-thumbnail size-thumbnail\" alt=\"\" aria-describedby=\"gallery-1-413698\" \/><\/a>\n\t\t\t\t<\/dt>\n\t\t\t\t\t<dd class='wp-caption-text gallery-caption' id='gallery-1-413698'>\n\t\t\t\t\tDOMANI\n\t\t\t\t\t<\/dd><\/dl><dl class='gallery-item'>\n\t\t\t\t<dt class='gallery-icon portrait'>\n\t\t\t\t\t<a class=\"rollover rollover-zoom dt-pswp-item\" title=\"f947fdbb-45ad-4c5d-b426-66dfc10ada16\" data-dt-img-description=\"\" data-large_image_width=\"1142\" data-large_image_height=\"1600\"href='https:\/\/www.radiopiu.net\/wordpress\/wp-content\/uploads\/2024\/10\/f947fdbb-45ad-4c5d-b426-66dfc10ada16.jpg'><img loading=\"lazy\" decoding=\"async\" width=\"150\" height=\"150\" src=\"https:\/\/www.radiopiu.net\/wordpress\/wp-content\/uploads\/2024\/10\/f947fdbb-45ad-4c5d-b426-66dfc10ada16-150x150.jpg\" class=\"attachment-thumbnail size-thumbnail\" alt=\"\" aria-describedby=\"gallery-1-413896\" \/><\/a>\n\t\t\t\t<\/dt>\n\t\t\t\t\t<dd class='wp-caption-text gallery-caption' id='gallery-1-413896'>\n\t\t\t\t\tIL 26 OTTOBRE ALLA PALESTRA B-FIT\n\t\t\t\t\t<\/dd><\/dl>\n\t\t\t\t<br style='clear: both' \/>\n\t\t\t<\/div>\n\n<p>&nbsp;<\/p>\n<hr \/>\n<p>&nbsp;<\/p>\n<blockquote class=\"wp-embedded-content\" data-secret=\"GYOHIczUPV\"><p><a href=\"https:\/\/www.radiopiu.net\/wordpress\/n-di-parom-l-almanach-de-la-nosta-jent-raccolta-completa\/\">N di parom &#8211; L Almanach de la nosta jent RACCOLTA COMPLETA<\/a><\/p><\/blockquote>\n<p><iframe loading=\"lazy\" class=\"wp-embedded-content\" sandbox=\"allow-scripts\" security=\"restricted\" style=\"position: absolute; visibility: hidden;\" title=\"&#8220;N di parom &#8211; L Almanach de la nosta jent RACCOLTA COMPLETA&#8221; &#8212; Radio Pi\u00f9\" src=\"https:\/\/www.radiopiu.net\/wordpress\/n-di-parom-l-almanach-de-la-nosta-jent-raccolta-completa\/embed\/#?secret=TEFC0gFhJf#?secret=GYOHIczUPV\" data-secret=\"GYOHIczUPV\" width=\"600\" height=\"338\" frameborder=\"0\" marginwidth=\"0\" marginheight=\"0\" scrolling=\"no\"><\/iframe><\/p>\n<p>&nbsp;<\/p>\n<blockquote class=\"wp-embedded-content\" data-secret=\"oLUyIRNOUd\"><p><a href=\"https:\/\/www.radiopiu.net\/wordpress\/pirole-de-lenga-la-parola-del-giorno-a-cura-del-musla-raccolta-completa\/\">PIROLE DE LENGA&#8230; LA PAROLA DEL GIORNO A CURA DEL MUSLA -raccolta completa &#8211;<\/a><\/p><\/blockquote>\n<p><iframe loading=\"lazy\" class=\"wp-embedded-content\" sandbox=\"allow-scripts\" security=\"restricted\" style=\"position: absolute; visibility: hidden;\" title=\"&#8220;PIROLE DE LENGA&#8230; LA PAROLA DEL GIORNO A CURA DEL MUSLA -raccolta completa &#8211;&#8221; &#8212; Radio Pi\u00f9\" src=\"https:\/\/www.radiopiu.net\/wordpress\/pirole-de-lenga-la-parola-del-giorno-a-cura-del-musla-raccolta-completa\/embed\/#?secret=moFYnEQBgr#?secret=oLUyIRNOUd\" data-secret=\"oLUyIRNOUd\" width=\"600\" height=\"338\" frameborder=\"0\" marginwidth=\"0\" marginheight=\"0\" scrolling=\"no\"><\/iframe><\/p>\n<p>&nbsp;<\/p>\n<blockquote class=\"wp-embedded-content\" data-secret=\"EpnVz7MNGo\"><p><a href=\"https:\/\/www.radiopiu.net\/wordpress\/set5a\/\">EL BAL DEL FIOR, DETTI E MODI DI DIRE  LA RACCOLTA COMPLETA<\/a><\/p><\/blockquote>\n<p><iframe loading=\"lazy\" class=\"wp-embedded-content\" sandbox=\"allow-scripts\" security=\"restricted\" style=\"position: absolute; visibility: hidden;\" title=\"&#8220;EL BAL DEL FIOR, DETTI E MODI DI DIRE  LA RACCOLTA COMPLETA&#8221; &#8212; Radio Pi\u00f9\" src=\"https:\/\/www.radiopiu.net\/wordpress\/set5a\/embed\/#?secret=g8mfRRwdiR#?secret=EpnVz7MNGo\" data-secret=\"EpnVz7MNGo\" width=\"600\" height=\"338\" frameborder=\"0\" marginwidth=\"0\" marginheight=\"0\" scrolling=\"no\"><\/iframe><\/p>\n<blockquote class=\"wp-embedded-content\" data-secret=\"IHUW36D3ZW\"><p><a href=\"https:\/\/www.radiopiu.net\/wordpress\/sotto-un-cielo-di-stelle-di-claudio-pra-alla-radio-dal-lunedi-al-giovedi-alle-11-40\/\">SOTTO UN CIELO DI STELLE, DI CLAUDIO PRA alla radio dal lunedi al giovedi alle 11.40<\/a><\/p><\/blockquote>\n<p><iframe loading=\"lazy\" class=\"wp-embedded-content\" sandbox=\"allow-scripts\" security=\"restricted\" style=\"position: absolute; visibility: hidden;\" title=\"&#8220;SOTTO UN CIELO DI STELLE, DI CLAUDIO PRA alla radio dal lunedi al giovedi alle 11.40&#8221; &#8212; Radio Pi\u00f9\" src=\"https:\/\/www.radiopiu.net\/wordpress\/sotto-un-cielo-di-stelle-di-claudio-pra-alla-radio-dal-lunedi-al-giovedi-alle-11-40\/embed\/#?secret=4enuXGiAzn#?secret=IHUW36D3ZW\" data-secret=\"IHUW36D3ZW\" width=\"600\" height=\"338\" frameborder=\"0\" marginwidth=\"0\" marginheight=\"0\" scrolling=\"no\"><\/iframe><\/p>\n<\/div>\n<\/div>\n<\/div>\n<p>&nbsp;<\/p>\n<hr \/>\n<p>&nbsp;<\/p>\n<p class=\"mceTemp\"><a class=\"dt-pswp-item\" href=\"https:\/\/www.radiopiu.net\/wordpress\/wp-content\/uploads\/2018\/09\/WhatsApp-Image-2018-09-20-at-16.04.06.jpeg\" data-dt-img-description=\"\" data-large_image_width=\"800\" data-large_image_height=\"100\"><img loading=\"lazy\" decoding=\"async\" class=\"wp-image-61378 size-full aligncenter\" src=\"https:\/\/www.radiopiu.net\/wordpress\/wp-content\/uploads\/2018\/09\/WhatsApp-Image-2018-09-20-at-16.04.06.jpeg\" alt=\"\" width=\"800\" height=\"100\" srcset=\"https:\/\/www.radiopiu.net\/wordpress\/wp-content\/uploads\/2018\/09\/WhatsApp-Image-2018-09-20-at-16.04.06.jpeg 800w, https:\/\/www.radiopiu.net\/wordpress\/wp-content\/uploads\/2018\/09\/WhatsApp-Image-2018-09-20-at-16.04.06-300x38.jpeg 300w, https:\/\/www.radiopiu.net\/wordpress\/wp-content\/uploads\/2018\/09\/WhatsApp-Image-2018-09-20-at-16.04.06-768x96.jpeg 768w\" sizes=\"auto, (max-width: 800px) 100vw, 800px\" \/><\/a><\/p>\n<p>&nbsp;<\/p>\n<p><center><b>OGGI<\/b><\/center>Fino al primo mattino poco nuvoloso con possibili nubi basse in qualche fondovalle, poi solo in parte soleggiato per velature e stratocumuli specie tra le ore centrali e il pomeriggio con cielo da parzialmente nuvoloso a tratti nuvoloso.<br \/>\n<b>Precipitazioni: <\/b>Assenti<br \/>\n<b>Temperature: <\/b>Minime in leggero aumento, salvo calo delle stesse sulle cime pi\u00f9 alte, e massime in lieve calo, ma non ovunque.<\/p>\n<hr \/>\n<p><center><b>DOMANI<\/b><\/center>Cielo velato sulle Dolomiti con qualche nube bassa a fondovalle fino all&#8217;alba. Su Prealpi velato e possibili nubi medio-basse specie fino al primo mattino.<br \/>\n<b>Precipitazioni: <\/b>Assenti.<br \/>\n<b>Temperature: <\/b>Temperature minime in lieve calo e massime in aumento.<\/p>\n<hr \/>\n<p><center><b>LUNEDI<\/b><\/center>Al mattino sereno su Dolomiti, poco nuvoloso su Prealpi con qualche nube bassa. Dal mezzogiorno nubi in aumento fino a nuvoloso nel pomeriggio, schiarite in serata. Temperature in generale aumento, specie le massime.<\/p>\n<hr \/>\n<p><center><b>MARTEDI<\/b><\/center>Sereno o al pi\u00f9 poco nuvoloso. Possibile qualche nube bassa o nebbia nei fondovalle prealpini fino al primo mattino. Temperature stazionarie o in ulteriore lieve aumento le massime<\/p>\n<p>&nbsp;<\/p>\n<hr \/>\n<p>&nbsp;<\/p>\n<blockquote>\n<h2>le ultime novita&#8217; da DOLOMITI GARDEN: VILLAGGIO DI NATALE &#8230;LAVORI IN CORSO<\/h2>\n<\/blockquote>\n<p><strong>BELLUNO<\/strong> Prosegue l&#8217;allestimento dell&#8217;atteso villaggio di Natale, la &#8220;chicca&#8221; dello staff del Dolomiti Garden sotto la guida di Stefano De Paris. Quest&#8217;anno pare proprio che Babbo Natale arriver\u00e0 con tanto di mongolfiera<\/p>\n<p><span style=\"color: #ff0000;\"><strong>il primo invito radiofonico&#8230; alla RADIOPIU<\/strong><\/span><\/p>\n<audio class=\"wp-audio-shortcode\" id=\"audio-413837-31\" preload=\"none\" style=\"width: 100%;\" controls=\"controls\"><source type=\"audio\/mpeg\" src=\"https:\/\/www.radiopiu.net\/wordpress\/wp-content\/uploads\/2024\/10\/PRIMA-VILLAGGIO-NATALE.mp3?_=31\" \/><a href=\"https:\/\/www.radiopiu.net\/wordpress\/wp-content\/uploads\/2024\/10\/PRIMA-VILLAGGIO-NATALE.mp3\">https:\/\/www.radiopiu.net\/wordpress\/wp-content\/uploads\/2024\/10\/PRIMA-VILLAGGIO-NATALE.mp3<\/a><\/audio>\n<p>&nbsp;<\/p>\n<p><a class=\"dt-pswp-item\" href=\"https:\/\/www.radiopiu.net\/wordpress\/wp-content\/uploads\/2024\/10\/db55f2f4-c06c-4a18-aab7-31c56cd05174.jpg\" data-dt-img-description=\"\" data-large_image_width=\"1200\" data-large_image_height=\"1600\"><img loading=\"lazy\" decoding=\"async\" class=\"alignnone size-medium wp-image-412478\" src=\"https:\/\/www.radiopiu.net\/wordpress\/wp-content\/uploads\/2024\/10\/db55f2f4-c06c-4a18-aab7-31c56cd05174-225x300.jpg\" alt=\"\" width=\"225\" height=\"300\" srcset=\"https:\/\/www.radiopiu.net\/wordpress\/wp-content\/uploads\/2024\/10\/db55f2f4-c06c-4a18-aab7-31c56cd05174-225x300.jpg 225w, https:\/\/www.radiopiu.net\/wordpress\/wp-content\/uploads\/2024\/10\/db55f2f4-c06c-4a18-aab7-31c56cd05174-768x1024.jpg 768w, https:\/\/www.radiopiu.net\/wordpress\/wp-content\/uploads\/2024\/10\/db55f2f4-c06c-4a18-aab7-31c56cd05174-1152x1536.jpg 1152w, https:\/\/www.radiopiu.net\/wordpress\/wp-content\/uploads\/2024\/10\/db55f2f4-c06c-4a18-aab7-31c56cd05174.jpg 1200w\" sizes=\"auto, (max-width: 225px) 100vw, 225px\" \/><\/a><a class=\"dt-pswp-item\" href=\"https:\/\/www.radiopiu.net\/wordpress\/wp-content\/uploads\/2024\/10\/8f07e173-c8da-4c84-82a2-6f4b7718dc2b.jpg\" data-dt-img-description=\"\" data-large_image_width=\"1200\" data-large_image_height=\"1600\"><img loading=\"lazy\" decoding=\"async\" class=\"alignnone size-medium wp-image-412479\" src=\"https:\/\/www.radiopiu.net\/wordpress\/wp-content\/uploads\/2024\/10\/8f07e173-c8da-4c84-82a2-6f4b7718dc2b-225x300.jpg\" alt=\"\" width=\"225\" height=\"300\" srcset=\"https:\/\/www.radiopiu.net\/wordpress\/wp-content\/uploads\/2024\/10\/8f07e173-c8da-4c84-82a2-6f4b7718dc2b-225x300.jpg 225w, https:\/\/www.radiopiu.net\/wordpress\/wp-content\/uploads\/2024\/10\/8f07e173-c8da-4c84-82a2-6f4b7718dc2b-768x1024.jpg 768w, https:\/\/www.radiopiu.net\/wordpress\/wp-content\/uploads\/2024\/10\/8f07e173-c8da-4c84-82a2-6f4b7718dc2b-1152x1536.jpg 1152w, https:\/\/www.radiopiu.net\/wordpress\/wp-content\/uploads\/2024\/10\/8f07e173-c8da-4c84-82a2-6f4b7718dc2b.jpg 1200w\" sizes=\"auto, (max-width: 225px) 100vw, 225px\" \/><\/a><\/p>\n<p>&nbsp;<\/p>\n<p>&nbsp;<\/p>\n<hr \/>\n<p>&nbsp;<\/p>\n<p>&nbsp;<\/p>\n<p class=\"mceTemp\"><a class=\"dt-pswp-item\" href=\"https:\/\/www.radiopiu.net\/wordpress\/wp-content\/uploads\/2018\/09\/sport.jpg\" data-dt-img-description=\"\" data-large_image_width=\"800\" data-large_image_height=\"100\"><img loading=\"lazy\" decoding=\"async\" class=\"aligncenter wp-image-60761 size-full\" src=\"https:\/\/www.radiopiu.net\/wordpress\/wp-content\/uploads\/2018\/09\/sport.jpg\" alt=\"\" width=\"800\" height=\"100\" srcset=\"https:\/\/www.radiopiu.net\/wordpress\/wp-content\/uploads\/2018\/09\/sport.jpg 800w, https:\/\/www.radiopiu.net\/wordpress\/wp-content\/uploads\/2018\/09\/sport-300x38.jpg 300w, https:\/\/www.radiopiu.net\/wordpress\/wp-content\/uploads\/2018\/09\/sport-768x96.jpg 768w\" sizes=\"auto, (max-width: 800px) 100vw, 800px\" \/><\/a><span style=\"color: #0000ff;\"><strong>\u00a0 \u00a0 \u00a0\u00a0<\/strong><\/span><\/p>\n<p><span style=\"color: #0000ff;\"><strong>\u00a0<\/strong><\/span><\/p>\n<p><span style=\"color: #0000ff;\"><strong>CALCIO<\/strong><\/span><\/p>\n<blockquote>\n<h3>AGORDINA ALL&#8217;IVANO DORIGO CONTRO IL SAN VITTORE, IN CAMPO ANCHE IL SETTORE GIOVANILE<\/h3>\n<\/blockquote>\n<p><strong><a class=\"dt-pswp-item\" href=\"https:\/\/www.radiopiu.net\/wordpress\/wp-content\/uploads\/2022\/03\/CALCIO-2022.jpg\" data-dt-img-description=\"\" data-large_image_width=\"1920\" data-large_image_height=\"1281\"><img loading=\"lazy\" decoding=\"async\" class=\" wp-image-265514 alignleft\" src=\"https:\/\/www.radiopiu.net\/wordpress\/wp-content\/uploads\/2022\/03\/CALCIO-2022-300x200.jpg\" alt=\"\" width=\"189\" height=\"126\" srcset=\"https:\/\/www.radiopiu.net\/wordpress\/wp-content\/uploads\/2022\/03\/CALCIO-2022-300x200.jpg 300w, https:\/\/www.radiopiu.net\/wordpress\/wp-content\/uploads\/2022\/03\/CALCIO-2022-1024x683.jpg 1024w, https:\/\/www.radiopiu.net\/wordpress\/wp-content\/uploads\/2022\/03\/CALCIO-2022-768x512.jpg 768w, https:\/\/www.radiopiu.net\/wordpress\/wp-content\/uploads\/2022\/03\/CALCIO-2022-1536x1025.jpg 1536w, https:\/\/www.radiopiu.net\/wordpress\/wp-content\/uploads\/2022\/03\/CALCIO-2022.jpg 1920w\" sizes=\"auto, (max-width: 189px) 100vw, 189px\" \/><\/a>Di Marco Gaz<\/strong><\/p>\n<p><strong>REDAZIONE <\/strong>Fine settimana con tutte le squadre dell\u2019Agordina Calcio impegnate nei campionati provinciali della LND. Saranno cinque le partite in programma tra oggi e domani. Ad inaugurare il fine settimana calcistico dell\u2019Agordina sar\u00e0 il settore giovanile. I primi a scendere in campo saranno i ragazzi della Juniores che oggi alle 15:30 giocheranno in casa contro il LongaroneAlpina. Sempre oggi ma alle 16 sar\u00e0 il turno delle due squadre della categoria Giovanissimi. Nel girone A agordini che giocheranno in casa contro il San Vittore. Nel girone B la seconda formazione di Agordo scender\u00e0 a Belluno per affrontare il Sois. Domani mattina alle 10 gli Allievi saranno in trasferta per giocare contro il LongaroneAlpina. Quinta giornata della Terza Categoria di Belluno in programma domani alle 15:30. Seconda partita consecutiva all\u2019Ivano Dorigo di Agordo per la compagine allenata da Elvio Chiea. Ad Agordo arriver\u00e0 la Dynamo Vellai: i feltrini si trovano al terzo posto in classifica e dista ad una sola lunghezza dall\u2019Agordina. Un match che si preannuncia combattuto. Domani alle 20:30 appuntamento con \u201cAgordina In Prima Linea\u201d, il programma di Radio Pi\u00f9 che analizza il fine settimana della compagine di Agordo.<\/p>\n<p>&nbsp;<\/p>\n<p><span style=\"color: #0000ff;\"><strong>\u00a0<\/strong><\/span><\/p>\n<p><span style=\"color: #0000ff;\"><strong>\u00a0<\/strong><\/span><\/p>\n<p><span style=\"color: #0000ff;\"><strong>MOTORI\u00a0<\/strong><\/span><\/p>\n<blockquote>\n<h3>L&#8217;ANTEPRIMA DEL PREALPI MASTER SHOW<\/h3>\n<\/blockquote>\n<p><strong><img loading=\"lazy\" decoding=\"async\" class=\"alignleft\" src=\"https:\/\/www.radiopiu.net\/wordpress\/wp-content\/uploads\/2024\/10\/1851a730-353d-45e4-8a97-d17c4cf83d66.jpg\" width=\"233\" height=\"157\" \/>FALZE&#8217; DI PIAVE<\/strong><\/p>\n<p><strong>DI ROBERTO BONA<\/strong><\/p>\n<audio class=\"wp-audio-shortcode\" id=\"audio-413837-32\" preload=\"none\" style=\"width: 100%;\" controls=\"controls\"><source type=\"audio\/wav\" src=\"https:\/\/www.radiopiu.net\/wordpress\/wp-content\/uploads\/2024\/10\/PrealpiMasterShow.wav?_=32\" \/><a href=\"https:\/\/www.radiopiu.net\/wordpress\/wp-content\/uploads\/2024\/10\/PrealpiMasterShow.wav\">https:\/\/www.radiopiu.net\/wordpress\/wp-content\/uploads\/2024\/10\/PrealpiMasterShow.wav<\/a><\/audio>\n<p>&nbsp;<\/p>\n<p>&nbsp;<\/p>\n<hr \/>\n<p>&nbsp;<\/p>\n<p>&nbsp;<\/p>\n<p><span style=\"color: #0000ff;\"><strong>HOCKEY SU GHIACCIO<\/strong><\/span><\/p>\n<blockquote>\n<h3>ALLEGHE AD AOSTA PER LA SETTIMA GIORNATA DI IHL<\/h3>\n<\/blockquote>\n<p><strong><a class=\"dt-pswp-item\" href=\"https:\/\/www.radiopiu.net\/wordpress\/wp-content\/uploads\/2024\/10\/31b87cb8-86a8-43b2-ae12-6accf68de9d5.jpg\" data-dt-img-description=\"\" data-large_image_width=\"940\" data-large_image_height=\"516\"><img loading=\"lazy\" decoding=\"async\" class=\" wp-image-413844 alignleft\" src=\"https:\/\/www.radiopiu.net\/wordpress\/wp-content\/uploads\/2024\/10\/31b87cb8-86a8-43b2-ae12-6accf68de9d5-300x165.jpg\" alt=\"\" width=\"216\" height=\"119\" srcset=\"https:\/\/www.radiopiu.net\/wordpress\/wp-content\/uploads\/2024\/10\/31b87cb8-86a8-43b2-ae12-6accf68de9d5-300x165.jpg 300w, https:\/\/www.radiopiu.net\/wordpress\/wp-content\/uploads\/2024\/10\/31b87cb8-86a8-43b2-ae12-6accf68de9d5-768x422.jpg 768w, https:\/\/www.radiopiu.net\/wordpress\/wp-content\/uploads\/2024\/10\/31b87cb8-86a8-43b2-ae12-6accf68de9d5.jpg 940w\" sizes=\"auto, (max-width: 216px) 100vw, 216px\" \/><\/a>DI ROBERTO MIANA, PORTAVOCE DELL&#8217;ALLEGHE HOCKEY<\/strong><\/p>\n<p>Settima giornata del campionato IHL di hockey su ghiaccio, sabato 12 ottobre alle 20:00, l\u2019Alleghe gioca ad Aosta. La gara contro i Fassa Falcons, programmata per gioved\u00ec 10 ottobre e valevole per la sesta giornata, \u00e8 stata posticipata a gioved\u00ec 14 novembre. Gli Agordini, nella trasferta piemontese contro il Valpellice, hanno conquistato una preziosa e convincente vittoria 3-0, dando dimostrazione di grande solidit\u00e0 di squadra. Primo parziale sbloccato dopo pochi minuti da un bel gol dalla distanza di Moberg, con le Civette che danno l\u2019impressione di non aver sofferto le fatiche del lungo viaggio. Il secondo tempo vede la reazione dei padroni di casa che mancano per\u00f2 di freddezza e precisione sottoporta, non sfruttando diverse superiorit\u00e0 numeriche. \u00c8 invece l\u2019Alleghe che approfitta dell\u2019uomo in pi\u00f9 raddoppiando con Francesco Soppelsa, che finalizza una bella azione di squadra. Nel terzo periodo i Biancorossi alleghesi controllano la gara in modo ordinato, mettendola in \u201cghiaccio\u201d con la terza marcatura e doppietta personale di Francesco Soppelsa, che batte sottomisura il goalie avversario. Alleghe che conquista la seconda vittoria stagionale in quattro gare, occupando il nono posto in classifica con 6 punti ma con due gare in meno e registrando il primo shutout per il goalie Gianni Scola. Con questo successo gli agordini hanno infranto un tab\u00f9, che nei precedenti in IHL al Cotta Morandini di Torre Pellice li aveva sempre visti sconfitti. Dopo quattro gare il miglior marcatore biancorosso \u00e8 Francesco Soppelsa, con 4 reti e 2 assist. L\u2019Aosta, prossimo avversario delle Civette, occupa il quarto posto in classifica con 11 punti dopo sei gare, con quattro vittorie e due sconfitte. Nell\u2019ultimo turno ha travolto 15-2 a domicilio il malcapitato Como, in una gara senza storia. La squadra valdostana, chiamata Ares Sport per motivi di sponsorizzazione, \u00e8 stata costruita per disputare un campionato di vertice. Diversi i nomi di spicco nel roster agli ordini di coach Luca Giovinazzo, come Nicholas Nardella (ex ECHL) i fratelli Carmine e Christian Buono (ex Pergine), Jaroslav Moucka (ex Fiemme) e gli ex Alleghe: Edgar De Toni, Joshua Berger, Erwin De Nardin e l\u2019assistent coach Alessandro Fontana. I migliori realizzatori dell\u2019Ares Sport sono l\u2019italo-americano Nicholas Nardella (6+7), l\u2019italo-canadese Christian Buono (4+4), il bolzanino Nathan Garau (4+4) e l\u2019alleghese Edgar De Toni (4+3). La sfida tra Alleghe ed Aosta \u00e8 un inedito. Storicamente non ci sono precedenti nel campionato IHL tra i veneti e i valdostani.<\/p>\n<p><strong>HC AOSTA &#8211; ALLEGHE HOCKEY <\/strong>Sabato 12 Ottobre ore 20:00 &#8211; Palaghiaccio di Aosta. Arbitri: Melissa Boverio e Simone Vignolo con giudici di linea Daniele Doriguzzi e Davide Magliano. Collegamenti in DIRETTA RADIOFONICA su Radio Pi\u00f9 (www.radiopiu.net) con \u201chockey al punto giusto\u201d, in studio Marco Gaz e da Aosta interventi di Roberto Miana<\/p>\n<p>&nbsp;<\/p>\n<p><span style=\"color: #0000ff;\"><strong>PALLAVOLO<\/strong><\/span><\/p>\n<blockquote>\n<h3><a class=\"dt-pswp-item\" href=\"https:\/\/www.radiopiu.net\/wordpress\/wp-content\/uploads\/2024\/10\/Il_sorriso_di_Beatrice_Barp.jpg\" data-dt-img-description=\"\" data-large_image_width=\"782\" data-large_image_height=\"830\"><img loading=\"lazy\" decoding=\"async\" class=\" wp-image-413889 alignleft\" src=\"https:\/\/www.radiopiu.net\/wordpress\/wp-content\/uploads\/2024\/10\/Il_sorriso_di_Beatrice_Barp-283x300.jpg\" alt=\"\" width=\"124\" height=\"132\" srcset=\"https:\/\/www.radiopiu.net\/wordpress\/wp-content\/uploads\/2024\/10\/Il_sorriso_di_Beatrice_Barp-283x300.jpg 283w, https:\/\/www.radiopiu.net\/wordpress\/wp-content\/uploads\/2024\/10\/Il_sorriso_di_Beatrice_Barp-768x815.jpg 768w, https:\/\/www.radiopiu.net\/wordpress\/wp-content\/uploads\/2024\/10\/Il_sorriso_di_Beatrice_Barp.jpg 782w\" sizes=\"auto, (max-width: 124px) 100vw, 124px\" \/><\/a>SB VOLLEY IN CAMPO OGGI<\/h3>\n<\/blockquote>\n<p>La SB Volley, reduce dalla vittoria nel derby contro Feltre, si prepara ad affrontare la Dolomiti Rocce Upd Costa nella quarta giornata di Coppa Veneto. Il match si terr\u00e0 oggi al palazzetto De Mas. Beatrice Barp, una delle attaccanti pi\u00f9 incisive del team, ha dichiarato che l&#8217;obiettivo \u00e8 imporre il proprio gioco fin dall&#8217;inizio e mantenere alta la concentrazione. Barp ha elogiato la coesione della squadra e il clima sereno che regna durante gli allenamenti, sottolineando l&#8217;importanza della responsabilit\u00e0 e del supporto reciproco tra compagne per migliorare continuamente.<\/p>\n<p>&nbsp;<\/p>\n<hr \/>\n<p>&nbsp;<\/p>\n<h2><span style=\"color: #00ccff;\">GOODBYE BY BICICLE&#8230;UN VIAGGIO DALL&#8217;INDIA A SEREN DEL GRAPPA IN BICICLETTA<\/span><\/h2>\n<p><span style=\"color: #ff0000;\"><strong>PUNTATA 31 &#8211; ULTIMI GIORNI IN GRECIA E POI SI RIPARTE<\/strong><\/span><\/p>\n<audio class=\"wp-audio-shortcode\" id=\"audio-413837-33\" preload=\"none\" style=\"width: 100%;\" controls=\"controls\"><source type=\"audio\/mpeg\" src=\"https:\/\/www.radiopiu.net\/wordpress\/wp-content\/uploads\/2024\/09\/AIRE-INDIA-PUNTATA-32.mp3?_=33\" \/><a href=\"https:\/\/www.radiopiu.net\/wordpress\/wp-content\/uploads\/2024\/09\/AIRE-INDIA-PUNTATA-32.mp3\">https:\/\/www.radiopiu.net\/wordpress\/wp-content\/uploads\/2024\/09\/AIRE-INDIA-PUNTATA-32.mp3<\/a><\/audio>\n<p>&nbsp;<\/p>\n<p><strong>PER VISITARE I SITI DEI LUOGHI VISITATI, CLICCA SULLE SEGUENTI SCRITTE: <span style=\"color: #3366ff;\"><a href=\"https:\/\/www.ankaaproject.org\/\">ANKAA PROJECT<\/a> (<a href=\"https:\/\/www.instagram.com\/ankaaproject?igsh=MTliNmRlOTRnc2V2eQ==\">INSTAGRAM<\/a>)<\/span><\/strong><\/p>\n\n\t\t\t<style type='text\/css'>\n\t\t\t\t#gallery-2 {\n\t\t\t\t\tmargin: auto;\n\t\t\t\t}\n\t\t\t\t#gallery-2 .gallery-item {\n\t\t\t\t\tfloat: left;\n\t\t\t\t\tmargin-top: 10px;\n\t\t\t\t\ttext-align: center;\n\t\t\t\t\twidth: 25%;\n\t\t\t\t}\n\t\t\t\t#gallery-2 img {\n\t\t\t\t\tborder: 2px solid #cfcfcf;\n\t\t\t\t}\n\t\t\t\t#gallery-2 .gallery-caption {\n\t\t\t\t\tmargin-left: 0;\n\t\t\t\t}\n\t\t\t\t\/* see gallery_shortcode() in wp-includes\/media.php *\/\n\t\t\t<\/style>\n\t\t<div id='gallery-2' class='dt-gallery-container gallery galleryid-413837 gallery-columns-4 gallery-size-thumbnail'><dl class='gallery-item'>\n\t\t\t\t<dt class='gallery-icon landscape'>\n\t\t\t\t\t<a class=\"rollover\" href='https:\/\/www.radiopiu.net\/wordpress\/goodbye-by-bicicle-un-viaggio-dallindia-a-seren-del-grappa-in-bicicletta-39\/5dc4adcd-4922-4edf-a10d-a66eb82c38fb\/'><img loading=\"lazy\" decoding=\"async\" width=\"150\" height=\"150\" src=\"https:\/\/www.radiopiu.net\/wordpress\/wp-content\/uploads\/2024\/09\/5dc4adcd-4922-4edf-a10d-a66eb82c38fb-150x150.jpg\" class=\"attachment-thumbnail size-thumbnail\" alt=\"\" \/><\/a>\n\t\t\t\t<\/dt><\/dl><dl class='gallery-item'>\n\t\t\t\t<dt class='gallery-icon landscape'>\n\t\t\t\t\t<a class=\"rollover\" href='https:\/\/www.radiopiu.net\/wordpress\/goodbye-by-bicicle-un-viaggio-dallindia-a-seren-del-grappa-in-bicicletta-39\/7585aa96-966f-4882-accd-a34be1a8f5b2\/'><img loading=\"lazy\" decoding=\"async\" width=\"150\" height=\"150\" src=\"https:\/\/www.radiopiu.net\/wordpress\/wp-content\/uploads\/2024\/09\/7585aa96-966f-4882-accd-a34be1a8f5b2-150x150.jpg\" class=\"attachment-thumbnail size-thumbnail\" alt=\"\" \/><\/a>\n\t\t\t\t<\/dt><\/dl><dl class='gallery-item'>\n\t\t\t\t<dt class='gallery-icon portrait'>\n\t\t\t\t\t<a class=\"rollover\" href='https:\/\/www.radiopiu.net\/wordpress\/goodbye-by-bicicle-un-viaggio-dallindia-a-seren-del-grappa-in-bicicletta-39\/a7a8e95b-4a7b-4cb2-8b95-75e9ad41342b\/'><img loading=\"lazy\" decoding=\"async\" width=\"150\" height=\"150\" src=\"https:\/\/www.radiopiu.net\/wordpress\/wp-content\/uploads\/2024\/09\/a7a8e95b-4a7b-4cb2-8b95-75e9ad41342b-150x150.jpg\" class=\"attachment-thumbnail size-thumbnail\" alt=\"\" \/><\/a>\n\t\t\t\t<\/dt><\/dl><dl class='gallery-item'>\n\t\t\t\t<dt class='gallery-icon landscape'>\n\t\t\t\t\t<a class=\"rollover\" href='https:\/\/www.radiopiu.net\/wordpress\/goodbye-by-bicicle-un-viaggio-dallindia-a-seren-del-grappa-in-bicicletta-39\/d05f1d30-2acc-4755-b2a8-9b3683432006\/'><img loading=\"lazy\" decoding=\"async\" width=\"150\" height=\"150\" src=\"https:\/\/www.radiopiu.net\/wordpress\/wp-content\/uploads\/2024\/09\/d05f1d30-2acc-4755-b2a8-9b3683432006-150x150.jpg\" class=\"attachment-thumbnail size-thumbnail\" alt=\"\" \/><\/a>\n\t\t\t\t<\/dt><\/dl><br style=\"clear: both\" \/>\n\t\t\t<\/div>\n\n<p>&nbsp;<\/p>\n<h2>LA RACCOLTA COMPLETA <a href=\"https:\/\/www.radiopiu.net\/wordpress\/goodbye-by-bicicle-un-viaggio-dallindia-a-seren-del-grappa-in-bicicletta-32\/\"><span style=\"color: #3366ff;\">CLICCA QUI<\/span><\/a><\/h2>\n<p>&nbsp;<\/p>\n<p>&nbsp;<\/p>\n<p>&nbsp;<\/p>\n","protected":false},"excerpt":{"rendered":"<p>** l&#8217;ultimo evento d&#8217;autunno, la Fiera del Bestiam ad Agordo. Oggi il giorno clou, sul Broi, in centro, l&#8217;inaugurazione delle ristrutturate statue di Palazzo De Manzoni, la scolta del Belot il pranzo con gli alpini&#8230; e molto altro\u00a0 \u00a0 alle 10 si terr\u00e0 la presentazione dei lavori di pulizia di alcune statue del Palazzo Crotta&hellip;<\/p>\n","protected":false},"author":4,"featured_media":413943,"comment_status":"closed","ping_status":"closed","sticky":false,"template":"","format":"standard","meta":{"_monsterinsights_skip_tracking":false,"_monsterinsights_sitenote_active":false,"_monsterinsights_sitenote_note":"","_monsterinsights_sitenote_category":0,"footnotes":""},"categories":[51,86,49],"tags":[],"class_list":["post-413837","post","type-post","status-publish","format-standard","has-post-thumbnail","hentry","category-evidenza-top","category-gr","category-news-18","category-51","category-86","category-49","description-off"],"img_url":"https:\/\/www.radiopiu.net\/wordpress\/wp-content\/uploads\/2024\/10\/f7e8fb7f-250a-4edb-b2e4-7556cd1d4543-scaled.jpg","_links":{"self":[{"href":"https:\/\/www.radiopiu.net\/wordpress\/wp-json\/wp\/v2\/posts\/413837","targetHints":{"allow":["GET"]}}],"collection":[{"href":"https:\/\/www.radiopiu.net\/wordpress\/wp-json\/wp\/v2\/posts"}],"about":[{"href":"https:\/\/www.radiopiu.net\/wordpress\/wp-json\/wp\/v2\/types\/post"}],"author":[{"embeddable":true,"href":"https:\/\/www.radiopiu.net\/wordpress\/wp-json\/wp\/v2\/users\/4"}],"replies":[{"embeddable":true,"href":"https:\/\/www.radiopiu.net\/wordpress\/wp-json\/wp\/v2\/comments?post=413837"}],"version-history":[{"count":32,"href":"https:\/\/www.radiopiu.net\/wordpress\/wp-json\/wp\/v2\/posts\/413837\/revisions"}],"predecessor-version":[{"id":414043,"href":"https:\/\/www.radiopiu.net\/wordpress\/wp-json\/wp\/v2\/posts\/413837\/revisions\/414043"}],"wp:featuredmedia":[{"embeddable":true,"href":"https:\/\/www.radiopiu.net\/wordpress\/wp-json\/wp\/v2\/media\/413943"}],"wp:attachment":[{"href":"https:\/\/www.radiopiu.net\/wordpress\/wp-json\/wp\/v2\/media?parent=413837"}],"wp:term":[{"taxonomy":"category","embeddable":true,"href":"https:\/\/www.radiopiu.net\/wordpress\/wp-json\/wp\/v2\/categories?post=413837"},{"taxonomy":"post_tag","embeddable":true,"href":"https:\/\/www.radiopiu.net\/wordpress\/wp-json\/wp\/v2\/tags?post=413837"}],"curies":[{"name":"wp","href":"https:\/\/api.w.org\/{rel}","templated":true}]}}