{"id":413843,"date":"2024-10-11T10:00:35","date_gmt":"2024-10-11T08:00:35","guid":{"rendered":"https:\/\/www.radiopiu.net\/wordpress\/?p=413843"},"modified":"2024-10-11T10:02:23","modified_gmt":"2024-10-11T08:02:23","slug":"alleghe-ad-aosta-per-la-settima-giornata-di-ihl","status":"publish","type":"post","link":"https:\/\/www.radiopiu.net\/wordpress\/alleghe-ad-aosta-per-la-settima-giornata-di-ihl\/","title":{"rendered":"ALLEGHE AD AOSTA PER LA SETTIMA GIORNATA DI IHL"},"content":{"rendered":"<p>******<\/p>\n<p>&nbsp;<\/p>\n<p><strong><a class=\"dt-pswp-item\" href=\"https:\/\/www.radiopiu.net\/wordpress\/wp-content\/uploads\/2024\/10\/31b87cb8-86a8-43b2-ae12-6accf68de9d5.jpg\" data-dt-img-description=\"\" data-large_image_width=\"940\" data-large_image_height=\"516\"><img loading=\"lazy\" decoding=\"async\" class=\" wp-image-413844 alignleft\" src=\"https:\/\/www.radiopiu.net\/wordpress\/wp-content\/uploads\/2024\/10\/31b87cb8-86a8-43b2-ae12-6accf68de9d5-300x165.jpg\" alt=\"\" width=\"216\" height=\"119\" srcset=\"https:\/\/www.radiopiu.net\/wordpress\/wp-content\/uploads\/2024\/10\/31b87cb8-86a8-43b2-ae12-6accf68de9d5-300x165.jpg 300w, https:\/\/www.radiopiu.net\/wordpress\/wp-content\/uploads\/2024\/10\/31b87cb8-86a8-43b2-ae12-6accf68de9d5-768x422.jpg 768w, https:\/\/www.radiopiu.net\/wordpress\/wp-content\/uploads\/2024\/10\/31b87cb8-86a8-43b2-ae12-6accf68de9d5.jpg 940w\" sizes=\"auto, (max-width: 216px) 100vw, 216px\" \/><\/a>DI ROBERTO MIANA, PORTAVOCE DELL&#8217;ALLEGHE HOCKEY<\/strong><\/p>\n<p>Settima giornata del campionato IHL di hockey su ghiaccio, sabato 12 ottobre alle 20:00, l\u2019Alleghe gioca ad Aosta. La gara contro i Fassa Falcons, programmata per gioved\u00ec 10 ottobre e valevole per la sesta giornata, \u00e8 stata posticipata a gioved\u00ec 14 novembre. Gli Agordini, nella trasferta piemontese contro il Valpellice, hanno conquistato una preziosa e convincente vittoria 3-0, dando dimostrazione di grande solidit\u00e0 di squadra. Primo parziale sbloccato dopo pochi minuti da un bel gol dalla distanza di Moberg, con le Civette che danno l\u2019impressione di non aver sofferto le fatiche del lungo viaggio. Il secondo tempo vede la reazione dei padroni di casa che mancano per\u00f2 di freddezza e precisione sottoporta, non sfruttando diverse superiorit\u00e0 numeriche. \u00c8 invece l\u2019Alleghe che approfitta dell\u2019uomo in pi\u00f9 raddoppiando con Francesco Soppelsa, che finalizza una bella azione di squadra. Nel terzo periodo i Biancorossi alleghesi controllano la gara in modo ordinato, mettendola in \u201cghiaccio\u201d con la terza marcatura e doppietta personale di Francesco Soppelsa, che batte sottomisura il goalie avversario. Alleghe che conquista la seconda vittoria stagionale in quattro gare, occupando il nono posto in classifica con 6 punti ma con due gare in meno e registrando il primo shutout per il goalie Gianni Scola. Con questo successo gli agordini hanno infranto un tab\u00f9, che nei precedenti in IHL al Cotta Morandini di Torre Pellice li aveva sempre visti sconfitti. Dopo quattro gare il miglior marcatore biancorosso \u00e8 Francesco Soppelsa, con 4 reti e 2 assist. L\u2019Aosta, prossimo avversario delle Civette, occupa il quarto posto in classifica con 11 punti dopo sei gare, con quattro vittorie e due sconfitte. Nell\u2019ultimo turno ha travolto 15-2 a domicilio il malcapitato Como, in una gara senza storia. La squadra valdostana, chiamata Ares Sport per motivi di sponsorizzazione, \u00e8 stata costruita per disputare un campionato di vertice. Diversi i nomi di spicco nel roster agli ordini di coach Luca Giovinazzo, come Nicholas Nardella (ex ECHL) i fratelli Carmine e Christian Buono (ex Pergine), Jaroslav Moucka (ex Fiemme) e gli ex Alleghe: Edgar De Toni, Joshua Berger, Erwin De Nardin e l\u2019assistent coach Alessandro Fontana. I migliori realizzatori dell\u2019Ares Sport sono l\u2019italo-americano Nicholas Nardella (6+7), l\u2019italo-canadese Christian Buono (4+4), il bolzanino Nathan Garau (4+4) e l\u2019alleghese Edgar De Toni (4+3). La sfida tra Alleghe ed Aosta \u00e8 un inedito. Storicamente non ci sono precedenti nel campionato IHL tra i veneti e i valdostani.<\/p>\n<p><strong>HC AOSTA &#8211; ALLEGHE HOCKEY <\/strong>Sabato 12 Ottobre ore 20:00 &#8211; Palaghiaccio di Aosta. Arbitri: Melissa Boverio e Simone Vignolo con giudici di linea Daniele Doriguzzi e Davide Magliano. Collegamenti in DIRETTA RADIOFONICA su Radio Pi\u00f9 (www.radiopiu.net) con \u201chockey al punto giusto\u201d, in studio Marco Gaz e da Aosta interventi di Roberto Miana<\/p>\n<p>&nbsp;<\/p>\n<p>&nbsp;<\/p>\n<p>&nbsp;<\/p>\n<p>*******<\/p>\n","protected":false},"excerpt":{"rendered":"<p>****** &nbsp; DI ROBERTO MIANA, PORTAVOCE DELL&#8217;ALLEGHE HOCKEY Settima giornata del campionato IHL di hockey su ghiaccio, sabato 12 ottobre alle 20:00, l\u2019Alleghe gioca ad Aosta. La gara contro i Fassa Falcons, programmata per gioved\u00ec 10 ottobre e valevole per la sesta giornata, \u00e8 stata posticipata a gioved\u00ec 14 novembre. Gli Agordini, nella trasferta piemontese&hellip;<\/p>\n","protected":false},"author":4,"featured_media":413844,"comment_status":"closed","ping_status":"closed","sticky":false,"template":"","format":"standard","meta":{"_monsterinsights_skip_tracking":false,"_monsterinsights_sitenote_active":false,"_monsterinsights_sitenote_note":"","_monsterinsights_sitenote_category":0,"footnotes":""},"categories":[49],"tags":[],"class_list":["post-413843","post","type-post","status-publish","format-standard","has-post-thumbnail","hentry","category-news-18","category-49","description-off"],"img_url":"https:\/\/www.radiopiu.net\/wordpress\/wp-content\/uploads\/2024\/10\/31b87cb8-86a8-43b2-ae12-6accf68de9d5.jpg","_links":{"self":[{"href":"https:\/\/www.radiopiu.net\/wordpress\/wp-json\/wp\/v2\/posts\/413843","targetHints":{"allow":["GET"]}}],"collection":[{"href":"https:\/\/www.radiopiu.net\/wordpress\/wp-json\/wp\/v2\/posts"}],"about":[{"href":"https:\/\/www.radiopiu.net\/wordpress\/wp-json\/wp\/v2\/types\/post"}],"author":[{"embeddable":true,"href":"https:\/\/www.radiopiu.net\/wordpress\/wp-json\/wp\/v2\/users\/4"}],"replies":[{"embeddable":true,"href":"https:\/\/www.radiopiu.net\/wordpress\/wp-json\/wp\/v2\/comments?post=413843"}],"version-history":[{"count":1,"href":"https:\/\/www.radiopiu.net\/wordpress\/wp-json\/wp\/v2\/posts\/413843\/revisions"}],"predecessor-version":[{"id":413845,"href":"https:\/\/www.radiopiu.net\/wordpress\/wp-json\/wp\/v2\/posts\/413843\/revisions\/413845"}],"wp:featuredmedia":[{"embeddable":true,"href":"https:\/\/www.radiopiu.net\/wordpress\/wp-json\/wp\/v2\/media\/413844"}],"wp:attachment":[{"href":"https:\/\/www.radiopiu.net\/wordpress\/wp-json\/wp\/v2\/media?parent=413843"}],"wp:term":[{"taxonomy":"category","embeddable":true,"href":"https:\/\/www.radiopiu.net\/wordpress\/wp-json\/wp\/v2\/categories?post=413843"},{"taxonomy":"post_tag","embeddable":true,"href":"https:\/\/www.radiopiu.net\/wordpress\/wp-json\/wp\/v2\/tags?post=413843"}],"curies":[{"name":"wp","href":"https:\/\/api.w.org\/{rel}","templated":true}]}}