{"id":413878,"date":"2024-10-11T10:43:04","date_gmt":"2024-10-11T08:43:04","guid":{"rendered":"https:\/\/www.radiopiu.net\/wordpress\/?p=413878"},"modified":"2024-10-11T10:43:04","modified_gmt":"2024-10-11T08:43:04","slug":"belluno-alpina-tutti-al-lavoro-per-la-granfondo-del-dragone-2025","status":"publish","type":"post","link":"https:\/\/www.radiopiu.net\/wordpress\/belluno-alpina-tutti-al-lavoro-per-la-granfondo-del-dragone-2025\/","title":{"rendered":"BELLUNO ALPINA: \u201cTUTTI AL LAVORO PER LA GRANFONDO DEL DRAGONE 2025\u201d"},"content":{"rendered":"<p>******<\/p>\n<p>&nbsp;<\/p>\n<p><strong><a class=\"dt-pswp-item\" href=\"https:\/\/www.radiopiu.net\/wordpress\/wp-content\/uploads\/2023\/05\/PIAZZALE-NEVEGAL.png\" data-dt-img-description=\"\" data-large_image_width=\"1081\" data-large_image_height=\"605\"><img loading=\"lazy\" decoding=\"async\" class=\" wp-image-336376 alignleft\" src=\"https:\/\/www.radiopiu.net\/wordpress\/wp-content\/uploads\/2023\/05\/PIAZZALE-NEVEGAL-300x168.png\" alt=\"\" width=\"198\" height=\"111\" srcset=\"https:\/\/www.radiopiu.net\/wordpress\/wp-content\/uploads\/2023\/05\/PIAZZALE-NEVEGAL-300x168.png 300w, https:\/\/www.radiopiu.net\/wordpress\/wp-content\/uploads\/2023\/05\/PIAZZALE-NEVEGAL-1024x573.png 1024w, https:\/\/www.radiopiu.net\/wordpress\/wp-content\/uploads\/2023\/05\/PIAZZALE-NEVEGAL-768x430.png 768w, https:\/\/www.radiopiu.net\/wordpress\/wp-content\/uploads\/2023\/05\/PIAZZALE-NEVEGAL.png 1081w\" sizes=\"auto, (max-width: 198px) 100vw, 198px\" \/><\/a>BELLUNO <\/strong>\u201cLa Citt\u00e0 di Feltre vede nella sua granfondo un appuntamento fisso e apprezzatissimo non solo dai residenti, ma anche da tantissimi appassionati da fuori provincia. Belluno deve fare altrettanto, investendo sulla Granfondo del Dragone che gi\u00e0 nelle sue passate edizioni ha dimostrato le sue potenzialit\u00e0; una manifestazione cos\u00ec, che all&#8217;aspetto sportivo unisce anche quello di promozione del territorio, \u00e8 un efficace strumento antispopolamento\u201d: a pochi giorni dalla presentazione ufficiale anche a Venezia della Granfondo Sportful Dolomiti Race di Feltre, l&#8217;associazione Belluno Alpina rilancia la gara bellunese, nata nel 2021. Quest&#8217;anno, il Dragone non si \u00e8 corso: \u201cCome associazione, con gli organizzatori stiamo cercando soluzioni per non perdere gli investimenti fatti negli anni passati da enti pubblici e soggetti privati. &#8211; spiega il presidente Gimmy Dal Farra \u2013 Certo, si pu\u00f2 lavorare sull&#8217;ideazione di eventi collaterali e su alcune nuove idee, ma quel che \u00e8 certo \u00e8 che vogliamo vedere i corridori sotto lo striscione della partenza nell&#8217;estate 2025: iniziative come questa, per noi, sono fondamentali per valorizzare le Prealpi e l&#8217;intera Valbelluna; vuol dire dare ossigeno ai giovani, allo sport, al turismo; significa contrastare lo spopolamento, perch\u00e8 le frazioni alte hanno bisogno di vita e vitalit\u00e0, di momenti di ritrovo e di attrazione, di situazioni che possano portare motivazioni economiche e sociali per restare\u201d. L&#8217;appello di Belluno Alpina \u00e8 quindi rivolto a \u201ctutti quelli che possono darci una mano, a partire dalle realt\u00e0 private come aziende e banche attaccate ai valori del nostro territorio e delle terre alte. Non mancheremo, come abbiamo sempre fatto, di coinvolgere e avere riscontro dal Comune di Belluno: ora serve dare attenzione alle aree lontane dal centro, interessato dai tanti investimenti del PNRR; grazie alla collaborazione con Palazzo Rosso siamo riusciti a portare avanti progetti importanti per il comprensorio Nevegal-Ronce-Valmorel come il laghetto e la riqualificazione del piazzale del Nevegal, opere di valorizzazione territoriale importanti per contrastare l&#8217;abbandono di queste aree periferiche. Siamo convinti che possa e debba esserci spazio anche per sostenere progetti di questo tipo, che all&#8217;aspetto ludico-sportivo associano la promozione territoriale e la lotta allo spopolamento e che sono anche un ottimo richiamo anche sul fronte Giro d&#8217;Italia, per il quale da anni Belluno Alpina si sta adoperando con l&#8217;obbiettivo di ottenere almeno un passaggio nel territorio prealpino del comprensorio attraverso l&#8217;affascinante e tecnico percorso \u2013 anche su strada bianca \u2013 tra Valmorel, Tassei, Ronce e Nevegal\u201d, conclude Dal Farra.<\/p>\n<p>&nbsp;<\/p>\n<p>&nbsp;<\/p>\n<p>********<\/p>\n","protected":false},"excerpt":{"rendered":"<p>****** &nbsp; BELLUNO \u201cLa Citt\u00e0 di Feltre vede nella sua granfondo un appuntamento fisso e apprezzatissimo non solo dai residenti, ma anche da tantissimi appassionati da fuori provincia. Belluno deve fare altrettanto, investendo sulla Granfondo del Dragone che gi\u00e0 nelle sue passate edizioni ha dimostrato le sue potenzialit\u00e0; una manifestazione cos\u00ec, che all&#8217;aspetto sportivo unisce&hellip;<\/p>\n","protected":false},"author":4,"featured_media":336376,"comment_status":"closed","ping_status":"closed","sticky":false,"template":"","format":"standard","meta":{"_monsterinsights_skip_tracking":false,"_monsterinsights_sitenote_active":false,"_monsterinsights_sitenote_note":"","_monsterinsights_sitenote_category":0,"footnotes":""},"categories":[49],"tags":[],"class_list":["post-413878","post","type-post","status-publish","format-standard","has-post-thumbnail","hentry","category-news-18","category-49","description-off"],"img_url":"https:\/\/www.radiopiu.net\/wordpress\/wp-content\/uploads\/2023\/05\/PIAZZALE-NEVEGAL.png","_links":{"self":[{"href":"https:\/\/www.radiopiu.net\/wordpress\/wp-json\/wp\/v2\/posts\/413878","targetHints":{"allow":["GET"]}}],"collection":[{"href":"https:\/\/www.radiopiu.net\/wordpress\/wp-json\/wp\/v2\/posts"}],"about":[{"href":"https:\/\/www.radiopiu.net\/wordpress\/wp-json\/wp\/v2\/types\/post"}],"author":[{"embeddable":true,"href":"https:\/\/www.radiopiu.net\/wordpress\/wp-json\/wp\/v2\/users\/4"}],"replies":[{"embeddable":true,"href":"https:\/\/www.radiopiu.net\/wordpress\/wp-json\/wp\/v2\/comments?post=413878"}],"version-history":[{"count":1,"href":"https:\/\/www.radiopiu.net\/wordpress\/wp-json\/wp\/v2\/posts\/413878\/revisions"}],"predecessor-version":[{"id":413882,"href":"https:\/\/www.radiopiu.net\/wordpress\/wp-json\/wp\/v2\/posts\/413878\/revisions\/413882"}],"wp:featuredmedia":[{"embeddable":true,"href":"https:\/\/www.radiopiu.net\/wordpress\/wp-json\/wp\/v2\/media\/336376"}],"wp:attachment":[{"href":"https:\/\/www.radiopiu.net\/wordpress\/wp-json\/wp\/v2\/media?parent=413878"}],"wp:term":[{"taxonomy":"category","embeddable":true,"href":"https:\/\/www.radiopiu.net\/wordpress\/wp-json\/wp\/v2\/categories?post=413878"},{"taxonomy":"post_tag","embeddable":true,"href":"https:\/\/www.radiopiu.net\/wordpress\/wp-json\/wp\/v2\/tags?post=413878"}],"curies":[{"name":"wp","href":"https:\/\/api.w.org\/{rel}","templated":true}]}}