{"id":413911,"date":"2024-10-12T05:56:34","date_gmt":"2024-10-12T03:56:34","guid":{"rendered":"https:\/\/www.radiopiu.net\/wordpress\/?p=413911"},"modified":"2024-10-12T06:53:47","modified_gmt":"2024-10-12T04:53:47","slug":"disservizi-tpl-la-provincia-convoca-il-comune-di-livinallongo","status":"publish","type":"post","link":"https:\/\/www.radiopiu.net\/wordpress\/disservizi-tpl-la-provincia-convoca-il-comune-di-livinallongo\/","title":{"rendered":"DISSERVIZI TPL: LA PROVINCIA CONVOCA IL COMUNE DI LIVINALLONGO"},"content":{"rendered":"<p>*****<\/p>\n<blockquote><p><em>Finalmente anche la Provincia pare si sia accorta che quassu&#8217; i disservizi sono continui&#8230; d&#8217;altronde in Provincia non siamo rappresentati da un nostro amministratore fidato,\u00a0 ma dobbiamo affidarci a quelli della citt\u00e0. Bene che gli utenti &#8220;mazziati&#8221; invino le critiche sui continui disservizi, sara&#8217; nostra\u00a0 cura ribadirlo, amplificarlo, a piu&#8217; riprese,\u00a0 giusto che vengano inviate a noi organi di informazine,\u00a0 perche&#8217;\u00a0 qui non finiscono nel cassetto, soprattutto rispondiamo come altri non fanno da tempo<\/em><br \/>\n<em>ma la gente non e&#8217; stupida lo ha capito (mm)<\/em><\/p><\/blockquote>\n<p><strong><a class=\"dt-pswp-item\" href=\"https:\/\/www.radiopiu.net\/wordpress\/wp-content\/uploads\/2020\/06\/f662441c-c6a1-40df-8978-3ff5202173f9.jpg\" data-dt-img-description=\"\" data-large_image_width=\"1280\" data-large_image_height=\"960\"><img loading=\"lazy\" decoding=\"async\" class=\" wp-image-145519 alignleft\" src=\"https:\/\/www.radiopiu.net\/wordpress\/wp-content\/uploads\/2020\/06\/f662441c-c6a1-40df-8978-3ff5202173f9-300x225.jpg\" alt=\"\" width=\"185\" height=\"139\" srcset=\"https:\/\/www.radiopiu.net\/wordpress\/wp-content\/uploads\/2020\/06\/f662441c-c6a1-40df-8978-3ff5202173f9-300x225.jpg 300w, https:\/\/www.radiopiu.net\/wordpress\/wp-content\/uploads\/2020\/06\/f662441c-c6a1-40df-8978-3ff5202173f9-1024x768.jpg 1024w, https:\/\/www.radiopiu.net\/wordpress\/wp-content\/uploads\/2020\/06\/f662441c-c6a1-40df-8978-3ff5202173f9-768x576.jpg 768w, https:\/\/www.radiopiu.net\/wordpress\/wp-content\/uploads\/2020\/06\/f662441c-c6a1-40df-8978-3ff5202173f9.jpg 1280w\" sizes=\"auto, (max-width: 185px) 100vw, 185px\" \/><\/a>BELLUNO <\/strong><em>\u00abServono misure straordinarie per la montagna a statuto ordinario. Altrimenti diventa difficile contrastare l\u2019arretramento dei servizi\u00bb<\/em>. Lo dice il consigliere provinciale delegato ai trasporti, Massimo Bortoluzzi. L\u2019occasione \u00e8 data dalla segnalazione di disservizi sul trasporto pubblico locale\u00a0 dal Comune di Livinallongo resa nota attraverso i canali di RADIOPIU.<\/p>\n<p>Dice il consigliere Bortoluzzi:\u00a0<em> \u00abL\u2019ente di governo del tpl e gli uffici provinciali monitorano costantemente la situazione, e anche di recente abbiamo chiesto a Dolomitibus di introdurre sui mezzi un sistema di contapersone, cos\u00ec da modulare il servizio a seconda delle esigenze dei territori. Ma per migliorare \u00e8 senz\u2019altro utile un lavoro di squadra con chi vive e lavora quotidianamente sui territori, cos\u00ec da raccogliere esigenze e problemi, e intervenire puntualmente laddove possibile\u00bb.<\/em><\/p>\n<p>&nbsp;<\/p>\n<blockquote>\n<h2>LE BUONE RAGIONI DEL SINDACO<\/h2>\n<\/blockquote>\n<p><strong><a class=\"dt-pswp-item\" href=\"https:\/\/www.radiopiu.net\/wordpress\/wp-content\/uploads\/2024\/05\/CS_Dolomitibus.png\" data-dt-img-description=\"\" data-large_image_width=\"1920\" data-large_image_height=\"807\"><img loading=\"lazy\" decoding=\"async\" class=\" wp-image-389043 alignleft\" src=\"https:\/\/www.radiopiu.net\/wordpress\/wp-content\/uploads\/2024\/05\/CS_Dolomitibus-300x126.png\" alt=\"\" width=\"217\" height=\"91\" srcset=\"https:\/\/www.radiopiu.net\/wordpress\/wp-content\/uploads\/2024\/05\/CS_Dolomitibus-300x126.png 300w, https:\/\/www.radiopiu.net\/wordpress\/wp-content\/uploads\/2024\/05\/CS_Dolomitibus-1024x430.png 1024w, https:\/\/www.radiopiu.net\/wordpress\/wp-content\/uploads\/2024\/05\/CS_Dolomitibus-768x323.png 768w, https:\/\/www.radiopiu.net\/wordpress\/wp-content\/uploads\/2024\/05\/CS_Dolomitibus-1536x646.png 1536w, https:\/\/www.radiopiu.net\/wordpress\/wp-content\/uploads\/2024\/05\/CS_Dolomitibus.png 1920w\" sizes=\"auto, (max-width: 217px) 100vw, 217px\" \/><\/a>LIVINALLONGO<\/strong> Continuano i disservizi e i tagli nel trasporto pubblico nelle aree periferiche del Bellunese. Marted\u00ec 8 ottobre 2024, la corsa delle 13 da Livinallongo a Belluno non \u00e8 partita senza preavviso, ripetendo un problema gi\u00e0 verificatosi con una corsa per studenti eliminata senza adeguata comunicazione. In una lettera aperta il sindaco di Livinallongo Oscar Nagler fa il punto.<\/p>\n<p><strong>LA LETTERA<\/strong><\/p>\n<p><span style=\"font-weight: 400;\">Continuano i disservizi e i tagli per il trasporto pubblico nelle aree pi\u00f9 periferiche. <\/span><span style=\"font-weight: 400;\">Nella giornata di marted\u00ec 08 ottobre 2024 la corsa delle 13 che partiva da Livinallongo in direzione di Belluno non \u00e8 di nuovo partita, e questa volta senza alcun preavviso. <\/span><span style=\"font-weight: 400;\">Non \u00e8 rimasto un caso isolato quello della corsa del luned\u00ec mattina che doveva portare i ragazzi delle superiori fino nel capoluogo provinciale per l\u2019 inizio delle lezioni, corsa eliminata da Dolomitibus con una comunicazione verbale in anticipo\u00a0 di soli tre giorni rispetto all\u2019 inizio dell\u2019 anno scolastico. <\/span><span style=\"font-weight: 400;\">Si comprendono le difficolt\u00e0 dovute alla mancanza di personale ed ai continui tagli che la Regione attraverso la Provincia impone sulle zone pi\u00f9 lontane, ma le criticit\u00e0 purtroppo non si limitano a questo. <\/span><span style=\"font-weight: 400;\">Il Comune si \u00e8 attivato per trovare una soluzione pratica ed immediata, ma la spesa per sostenere il servizio non pu\u00f2 essere sostenuta dal Comune, dal momento che i ragazzi che ne hanno bisogno pagano un costoso abbonamento a tratta e ricordando che l\u2019 azienda offre un servizio di trasporto pubblico per garantire il quale riceve comunque anche sovvenzioni pubbliche e che nel merito del quale non si pu\u00f2 ragionare esclusivamente in termini di profitto aziendale. <\/span><span style=\"font-weight: 400;\">Ci\u00f2 che pi\u00f9 fa specie \u00e8 che il Prefetto di Belluno non fosse affatto a conoscenza di queste problematiche, poich\u00e9 l\u2019 azienda in un incontro a Belluno aveva comunicato con tranquillit\u00e0 che non c\u2019 erano criticit\u00e0 nello svolgimento del servizio e tutto stava procedendo per il meglio. Non si era parlato per nulla dei tagli del servizio nei comuni di alta quota, ma piuttosto della soddisfazione per la funzionalit\u00e0 di \u201cTrillo\u201d il servizio di trasporto a chiamata nella citt\u00e0 di Belluno. <\/span><span style=\"font-weight: 400;\">I continui tagli ai finanziamenti &#8211; ed oggi ci limitiamo a parlare solamente di quelli che interessano il servizio di trasporto pubblico &#8211; il disinteresse per i problemi che si creano ai cittadini pi\u00f9 lontani, l\u2019attenzione esclusiva al profitto aziendale e la secca negazione di fronte ad una semplice richiesta di una comunicazione scritta dell\u2019 eliminazione di una corsa essenziale per i cittadini, finalizzata a snellire l\u2019 iter burocratico per l\u2019 istituzione di un servizio secondario, ci fanno capire che ci si aspetti che i comuni di montagna sia di nuovo opportuno che si arrangino. <\/span><span style=\"font-weight: 400;\">Il confronto per una soluzione alternativa della problematica \u00e8 aperto sia con la Provincia di Belluno che con quella di Bolzano. I bisogni dei comuni di montagna devono essere messi alla pari di quelli in citt\u00e0, auspichiamo che si possa trovare insieme una soluzione percorribile.<\/span><\/p>\n<p>Oscar Nagler, Sindaco di Livinallongo<\/p>\n<p>&nbsp;<\/p>\n<p>&nbsp;<\/p>\n<p>*********<\/p>\n<p>&nbsp;<\/p>\n<p>*********<\/p>\n","protected":false},"excerpt":{"rendered":"<p>***** Finalmente anche la Provincia pare si sia accorta che quassu&#8217; i disservizi sono continui&#8230; d&#8217;altronde in Provincia non siamo rappresentati da un nostro amministratore fidato,\u00a0 ma dobbiamo affidarci a quelli della citt\u00e0. Bene che gli utenti &#8220;mazziati&#8221; invino le critiche sui continui disservizi, sara&#8217; nostra\u00a0 cura ribadirlo, amplificarlo, a piu&#8217; riprese,\u00a0 giusto che vengano&hellip;<\/p>\n","protected":false},"author":4,"featured_media":145519,"comment_status":"closed","ping_status":"closed","sticky":false,"template":"","format":"standard","meta":{"_monsterinsights_skip_tracking":false,"_monsterinsights_sitenote_active":false,"_monsterinsights_sitenote_note":"","_monsterinsights_sitenote_category":0,"footnotes":""},"categories":[51,49],"tags":[],"class_list":["post-413911","post","type-post","status-publish","format-standard","has-post-thumbnail","hentry","category-evidenza-top","category-news-18","category-51","category-49","description-off"],"img_url":"https:\/\/www.radiopiu.net\/wordpress\/wp-content\/uploads\/2020\/06\/f662441c-c6a1-40df-8978-3ff5202173f9.jpg","_links":{"self":[{"href":"https:\/\/www.radiopiu.net\/wordpress\/wp-json\/wp\/v2\/posts\/413911","targetHints":{"allow":["GET"]}}],"collection":[{"href":"https:\/\/www.radiopiu.net\/wordpress\/wp-json\/wp\/v2\/posts"}],"about":[{"href":"https:\/\/www.radiopiu.net\/wordpress\/wp-json\/wp\/v2\/types\/post"}],"author":[{"embeddable":true,"href":"https:\/\/www.radiopiu.net\/wordpress\/wp-json\/wp\/v2\/users\/4"}],"replies":[{"embeddable":true,"href":"https:\/\/www.radiopiu.net\/wordpress\/wp-json\/wp\/v2\/comments?post=413911"}],"version-history":[{"count":5,"href":"https:\/\/www.radiopiu.net\/wordpress\/wp-json\/wp\/v2\/posts\/413911\/revisions"}],"predecessor-version":[{"id":414046,"href":"https:\/\/www.radiopiu.net\/wordpress\/wp-json\/wp\/v2\/posts\/413911\/revisions\/414046"}],"wp:featuredmedia":[{"embeddable":true,"href":"https:\/\/www.radiopiu.net\/wordpress\/wp-json\/wp\/v2\/media\/145519"}],"wp:attachment":[{"href":"https:\/\/www.radiopiu.net\/wordpress\/wp-json\/wp\/v2\/media?parent=413911"}],"wp:term":[{"taxonomy":"category","embeddable":true,"href":"https:\/\/www.radiopiu.net\/wordpress\/wp-json\/wp\/v2\/categories?post=413911"},{"taxonomy":"post_tag","embeddable":true,"href":"https:\/\/www.radiopiu.net\/wordpress\/wp-json\/wp\/v2\/tags?post=413911"}],"curies":[{"name":"wp","href":"https:\/\/api.w.org\/{rel}","templated":true}]}}