{"id":413928,"date":"2024-10-11T14:15:16","date_gmt":"2024-10-11T12:15:16","guid":{"rendered":"https:\/\/www.radiopiu.net\/wordpress\/?p=413928"},"modified":"2024-10-11T14:15:16","modified_gmt":"2024-10-11T12:15:16","slug":"csv-belluno-treviso-nove-progetti-finanziati-nel-2024","status":"publish","type":"post","link":"https:\/\/www.radiopiu.net\/wordpress\/csv-belluno-treviso-nove-progetti-finanziati-nel-2024\/","title":{"rendered":"CSV Belluno Treviso: Nove Progetti Finanziati nel 2024"},"content":{"rendered":"<p>***<\/p>\n<p>&nbsp;<\/p>\n<blockquote><p><strong><a class=\"dt-pswp-item\" href=\"https:\/\/www.radiopiu.net\/wordpress\/wp-content\/uploads\/2024\/10\/Senza-nome-43-e1728648879658.png\" data-dt-img-description=\"\" data-large_image_width=\"583\" data-large_image_height=\"563\"><img loading=\"lazy\" decoding=\"async\" class=\" wp-image-413926 alignleft\" src=\"https:\/\/www.radiopiu.net\/wordpress\/wp-content\/uploads\/2024\/10\/Senza-nome-43-e1728648879658-300x290.png\" alt=\"\" width=\"139\" height=\"134\" srcset=\"https:\/\/www.radiopiu.net\/wordpress\/wp-content\/uploads\/2024\/10\/Senza-nome-43-e1728648879658-300x290.png 300w, https:\/\/www.radiopiu.net\/wordpress\/wp-content\/uploads\/2024\/10\/Senza-nome-43-e1728648879658.png 583w\" sizes=\"auto, (max-width: 139px) 100vw, 139px\" \/><\/a><\/strong><\/p><\/blockquote>\n<p><strong>BELLUNO<\/strong> Il CSV Belluno Treviso ha selezionato nove progetti per il concorso di idee 2024, con un finanziamento complessivo di circa 120 mila euro. Le iniziative si concentrano su temi quali prevenzione della violenza, inclusione sociale di donne, minori, migranti e anziani, e coinvolgono enti del Terzo Settore, pubblici e privati. Ogni associazione co-finanzier\u00e0 almeno il 10% del contributo CSV. Tra le proposte approvate: l\u2019apertura di una casa rifugio per donne vittime di violenza, percorsi di autonomia economica, attivit\u00e0 artistiche per anziani e disabili, e uscite culturali. Il finanziamento medio per progetto sar\u00e0 di 13.300 euro, con il CSV che coordiner\u00e0 e supervisioner\u00e0 le iniziative.<\/p>\n<p><strong>LA PRESIDENTE ELISA CORRA&#8217; (foto)<\/strong><\/p>\n<audio class=\"wp-audio-shortcode\" id=\"audio-413928-1\" preload=\"none\" style=\"width: 100%;\" controls=\"controls\"><source type=\"audio\/mpeg\" src=\"https:\/\/www.radiopiu.net\/wordpress\/wp-content\/uploads\/2024\/10\/Audio-Presidente-Elisa-Corra.mp3?_=1\" \/><a href=\"https:\/\/www.radiopiu.net\/wordpress\/wp-content\/uploads\/2024\/10\/Audio-Presidente-Elisa-Corra.mp3\">https:\/\/www.radiopiu.net\/wordpress\/wp-content\/uploads\/2024\/10\/Audio-Presidente-Elisa-Corra.mp3<\/a><\/audio>\n<p>&nbsp;<\/p>\n<hr \/>\n<p>&nbsp;<\/p>\n","protected":false},"excerpt":{"rendered":"<p>*** &nbsp; BELLUNO Il CSV Belluno Treviso ha selezionato nove progetti per il concorso di idee 2024, con un finanziamento complessivo di circa 120 mila euro. Le iniziative si concentrano su temi quali prevenzione della violenza, inclusione sociale di donne, minori, migranti e anziani, e coinvolgono enti del Terzo Settore, pubblici e privati. Ogni associazione&hellip;<\/p>\n","protected":false},"author":4,"featured_media":413926,"comment_status":"closed","ping_status":"closed","sticky":false,"template":"","format":"standard","meta":{"_monsterinsights_skip_tracking":false,"_monsterinsights_sitenote_active":false,"_monsterinsights_sitenote_note":"","_monsterinsights_sitenote_category":0,"footnotes":""},"categories":[49],"tags":[],"class_list":["post-413928","post","type-post","status-publish","format-standard","has-post-thumbnail","hentry","category-news-18","category-49","description-off"],"img_url":"https:\/\/www.radiopiu.net\/wordpress\/wp-content\/uploads\/2024\/10\/Senza-nome-43-e1728648879658.png","_links":{"self":[{"href":"https:\/\/www.radiopiu.net\/wordpress\/wp-json\/wp\/v2\/posts\/413928","targetHints":{"allow":["GET"]}}],"collection":[{"href":"https:\/\/www.radiopiu.net\/wordpress\/wp-json\/wp\/v2\/posts"}],"about":[{"href":"https:\/\/www.radiopiu.net\/wordpress\/wp-json\/wp\/v2\/types\/post"}],"author":[{"embeddable":true,"href":"https:\/\/www.radiopiu.net\/wordpress\/wp-json\/wp\/v2\/users\/4"}],"replies":[{"embeddable":true,"href":"https:\/\/www.radiopiu.net\/wordpress\/wp-json\/wp\/v2\/comments?post=413928"}],"version-history":[{"count":1,"href":"https:\/\/www.radiopiu.net\/wordpress\/wp-json\/wp\/v2\/posts\/413928\/revisions"}],"predecessor-version":[{"id":413929,"href":"https:\/\/www.radiopiu.net\/wordpress\/wp-json\/wp\/v2\/posts\/413928\/revisions\/413929"}],"wp:featuredmedia":[{"embeddable":true,"href":"https:\/\/www.radiopiu.net\/wordpress\/wp-json\/wp\/v2\/media\/413926"}],"wp:attachment":[{"href":"https:\/\/www.radiopiu.net\/wordpress\/wp-json\/wp\/v2\/media?parent=413928"}],"wp:term":[{"taxonomy":"category","embeddable":true,"href":"https:\/\/www.radiopiu.net\/wordpress\/wp-json\/wp\/v2\/categories?post=413928"},{"taxonomy":"post_tag","embeddable":true,"href":"https:\/\/www.radiopiu.net\/wordpress\/wp-json\/wp\/v2\/tags?post=413928"}],"curies":[{"name":"wp","href":"https:\/\/api.w.org\/{rel}","templated":true}]}}