{"id":413941,"date":"2024-10-12T05:55:36","date_gmt":"2024-10-12T03:55:36","guid":{"rendered":"https:\/\/www.radiopiu.net\/wordpress\/?p=413941"},"modified":"2024-10-12T06:37:39","modified_gmt":"2024-10-12T04:37:39","slug":"riparte-la-campagna-vaccinale-antinfluenzale-nellulss-1-dolomiti","status":"publish","type":"post","link":"https:\/\/www.radiopiu.net\/wordpress\/riparte-la-campagna-vaccinale-antinfluenzale-nellulss-1-dolomiti\/","title":{"rendered":"Riparte la Campagna Vaccinale Antinfluenzale nell&#8217;Ulss 1 Dolomiti"},"content":{"rendered":"<p>***<\/p>\n<p>&nbsp;<\/p>\n<p><strong>BELLUNO<\/strong> Dal 7 ottobre 2024 \u00e8 iniziata la campagna vaccinale antinfluenzale nell&#8217;Ulss 1 Dolomiti, che proseguir\u00e0 fino ai primi mesi del 2025. Sono gi\u00e0 state ordinate oltre 33mila dosi. Nel 2023, su 155mila vaccinazioni totali, quasi 37mila erano contro l&#8217;influenza. La campagna coinvolge medici di base, pediatri e 17 farmacie provinciali, con l\u2019obiettivo di migliorare la copertura per gli over 65 (50,2% nel 2023). Sono previste giornate di open day nei centri vaccinali, e la prenotazione online \u00e8 semplice tramite tessera sanitaria. Grande attenzione \u00e8 rivolta agli anziani, categorie fragili, caregiver e bambini.<\/p>\n<p>di DANIELE DALVIT<\/p>\n<audio class=\"wp-audio-shortcode\" id=\"audio-413941-1\" preload=\"none\" style=\"width: 100%;\" controls=\"controls\"><source type=\"audio\/mpeg\" src=\"https:\/\/www.radiopiu.net\/wordpress\/wp-content\/uploads\/2024\/10\/Servizio-Campagna-vaccinale-2024.mp3?_=1\" \/><a href=\"https:\/\/www.radiopiu.net\/wordpress\/wp-content\/uploads\/2024\/10\/Servizio-Campagna-vaccinale-2024.mp3\">https:\/\/www.radiopiu.net\/wordpress\/wp-content\/uploads\/2024\/10\/Servizio-Campagna-vaccinale-2024.mp3<\/a><\/audio>\n<p>&nbsp;<\/p>\n<p><a class=\"dt-pswp-item\" href=\"https:\/\/www.radiopiu.net\/wordpress\/wp-content\/uploads\/2024\/10\/f7e8fb7f-250a-4edb-b2e4-7556cd1d4543-scaled.jpg\" data-dt-img-description=\"\" data-large_image_width=\"2560\" data-large_image_height=\"1920\"><img loading=\"lazy\" decoding=\"async\" class=\"alignnone size-medium wp-image-413943\" src=\"https:\/\/www.radiopiu.net\/wordpress\/wp-content\/uploads\/2024\/10\/f7e8fb7f-250a-4edb-b2e4-7556cd1d4543-300x225.jpg\" alt=\"\" width=\"300\" height=\"225\" srcset=\"https:\/\/www.radiopiu.net\/wordpress\/wp-content\/uploads\/2024\/10\/f7e8fb7f-250a-4edb-b2e4-7556cd1d4543-300x225.jpg 300w, https:\/\/www.radiopiu.net\/wordpress\/wp-content\/uploads\/2024\/10\/f7e8fb7f-250a-4edb-b2e4-7556cd1d4543-1024x768.jpg 1024w, https:\/\/www.radiopiu.net\/wordpress\/wp-content\/uploads\/2024\/10\/f7e8fb7f-250a-4edb-b2e4-7556cd1d4543-768x576.jpg 768w, https:\/\/www.radiopiu.net\/wordpress\/wp-content\/uploads\/2024\/10\/f7e8fb7f-250a-4edb-b2e4-7556cd1d4543-1536x1152.jpg 1536w, https:\/\/www.radiopiu.net\/wordpress\/wp-content\/uploads\/2024\/10\/f7e8fb7f-250a-4edb-b2e4-7556cd1d4543-2048x1536.jpg 2048w\" sizes=\"auto, (max-width: 300px) 100vw, 300px\" \/><\/a><a class=\"dt-pswp-item\" href=\"https:\/\/www.radiopiu.net\/wordpress\/wp-content\/uploads\/2024\/10\/4476840c-6da3-440e-8bac-d49a008a2df1-scaled.jpg\" data-dt-img-description=\"\" data-large_image_width=\"2560\" data-large_image_height=\"1920\"><img loading=\"lazy\" decoding=\"async\" class=\"alignnone size-medium wp-image-413944\" src=\"https:\/\/www.radiopiu.net\/wordpress\/wp-content\/uploads\/2024\/10\/4476840c-6da3-440e-8bac-d49a008a2df1-300x225.jpg\" alt=\"\" width=\"300\" height=\"225\" srcset=\"https:\/\/www.radiopiu.net\/wordpress\/wp-content\/uploads\/2024\/10\/4476840c-6da3-440e-8bac-d49a008a2df1-300x225.jpg 300w, https:\/\/www.radiopiu.net\/wordpress\/wp-content\/uploads\/2024\/10\/4476840c-6da3-440e-8bac-d49a008a2df1-1024x768.jpg 1024w, https:\/\/www.radiopiu.net\/wordpress\/wp-content\/uploads\/2024\/10\/4476840c-6da3-440e-8bac-d49a008a2df1-768x576.jpg 768w, https:\/\/www.radiopiu.net\/wordpress\/wp-content\/uploads\/2024\/10\/4476840c-6da3-440e-8bac-d49a008a2df1-1536x1152.jpg 1536w, https:\/\/www.radiopiu.net\/wordpress\/wp-content\/uploads\/2024\/10\/4476840c-6da3-440e-8bac-d49a008a2df1-2048x1536.jpg 2048w\" sizes=\"auto, (max-width: 300px) 100vw, 300px\" \/><\/a><\/p>\n<p>&nbsp;<\/p>\n<p>&nbsp;<\/p>\n<hr \/>\n<p>&nbsp;<\/p>\n","protected":false},"excerpt":{"rendered":"<p>*** &nbsp; BELLUNO Dal 7 ottobre 2024 \u00e8 iniziata la campagna vaccinale antinfluenzale nell&#8217;Ulss 1 Dolomiti, che proseguir\u00e0 fino ai primi mesi del 2025. Sono gi\u00e0 state ordinate oltre 33mila dosi. Nel 2023, su 155mila vaccinazioni totali, quasi 37mila erano contro l&#8217;influenza. La campagna coinvolge medici di base, pediatri e 17 farmacie provinciali, con l\u2019obiettivo&hellip;<\/p>\n","protected":false},"author":4,"featured_media":413943,"comment_status":"closed","ping_status":"closed","sticky":false,"template":"","format":"standard","meta":{"_monsterinsights_skip_tracking":false,"_monsterinsights_sitenote_active":false,"_monsterinsights_sitenote_note":"","_monsterinsights_sitenote_category":0,"footnotes":""},"categories":[51,49],"tags":[],"class_list":["post-413941","post","type-post","status-publish","format-standard","has-post-thumbnail","hentry","category-evidenza-top","category-news-18","category-51","category-49","description-off"],"img_url":"https:\/\/www.radiopiu.net\/wordpress\/wp-content\/uploads\/2024\/10\/f7e8fb7f-250a-4edb-b2e4-7556cd1d4543-scaled.jpg","_links":{"self":[{"href":"https:\/\/www.radiopiu.net\/wordpress\/wp-json\/wp\/v2\/posts\/413941","targetHints":{"allow":["GET"]}}],"collection":[{"href":"https:\/\/www.radiopiu.net\/wordpress\/wp-json\/wp\/v2\/posts"}],"about":[{"href":"https:\/\/www.radiopiu.net\/wordpress\/wp-json\/wp\/v2\/types\/post"}],"author":[{"embeddable":true,"href":"https:\/\/www.radiopiu.net\/wordpress\/wp-json\/wp\/v2\/users\/4"}],"replies":[{"embeddable":true,"href":"https:\/\/www.radiopiu.net\/wordpress\/wp-json\/wp\/v2\/comments?post=413941"}],"version-history":[{"count":1,"href":"https:\/\/www.radiopiu.net\/wordpress\/wp-json\/wp\/v2\/posts\/413941\/revisions"}],"predecessor-version":[{"id":413945,"href":"https:\/\/www.radiopiu.net\/wordpress\/wp-json\/wp\/v2\/posts\/413941\/revisions\/413945"}],"wp:featuredmedia":[{"embeddable":true,"href":"https:\/\/www.radiopiu.net\/wordpress\/wp-json\/wp\/v2\/media\/413943"}],"wp:attachment":[{"href":"https:\/\/www.radiopiu.net\/wordpress\/wp-json\/wp\/v2\/media?parent=413941"}],"wp:term":[{"taxonomy":"category","embeddable":true,"href":"https:\/\/www.radiopiu.net\/wordpress\/wp-json\/wp\/v2\/categories?post=413941"},{"taxonomy":"post_tag","embeddable":true,"href":"https:\/\/www.radiopiu.net\/wordpress\/wp-json\/wp\/v2\/tags?post=413941"}],"curies":[{"name":"wp","href":"https:\/\/api.w.org\/{rel}","templated":true}]}}