{"id":414065,"date":"2024-10-14T05:31:05","date_gmt":"2024-10-14T03:31:05","guid":{"rendered":"https:\/\/www.radiopiu.net\/wordpress\/?p=414065"},"modified":"2024-10-14T08:00:49","modified_gmt":"2024-10-14T06:00:49","slug":"giornale-radiopiu-14-ottobre-2024-direttore-mirko-mezzacasada-41-anni-25-giugno-1983-25-giugno-2024","status":"publish","type":"post","link":"https:\/\/www.radiopiu.net\/wordpress\/giornale-radiopiu-14-ottobre-2024-direttore-mirko-mezzacasada-41-anni-25-giugno-1983-25-giugno-2024\/","title":{"rendered":"GIORNALE RADIOPIU 14 OTTOBRE 2024 DIRETTORE MIRKO MEZZACASA\u2026DA 41 ANNI 25 GIUGNO 1983-25 GIUGNO 2024"},"content":{"rendered":"<h1>**<\/h1>\n<p><a class=\"dt-pswp-item\" href=\"https:\/\/www.radiopiu.net\/wordpress\/wp-content\/uploads\/2024\/10\/Senza-nome-57.png\" data-dt-img-description=\"\" data-large_image_width=\"585\" data-large_image_height=\"282\"><img loading=\"lazy\" decoding=\"async\" class=\"size-medium wp-image-414332 aligncenter\" src=\"https:\/\/www.radiopiu.net\/wordpress\/wp-content\/uploads\/2024\/10\/Senza-nome-57-300x145.png\" alt=\"\" width=\"300\" height=\"145\" srcset=\"https:\/\/www.radiopiu.net\/wordpress\/wp-content\/uploads\/2024\/10\/Senza-nome-57-300x145.png 300w, https:\/\/www.radiopiu.net\/wordpress\/wp-content\/uploads\/2024\/10\/Senza-nome-57.png 585w\" sizes=\"auto, (max-width: 300px) 100vw, 300px\" \/><\/a><\/p>\n<p><em><span style=\"color: #ff0000;\">\u00a0 \u00a0\u00a0<\/span><\/em><\/p>\n<p>&nbsp;<\/p>\n<p><strong>DAL TERRITORIO:\u00a0 IL BELLO, LE RAGAZZE DELL&#8217;ALLEGHE HOCKEY<\/strong><a class=\"dt-pswp-item\" href=\"https:\/\/www.radiopiu.net\/wordpress\/wp-content\/uploads\/2024\/10\/7a2872fb-dd68-4050-821a-68302f96e446.jpg\" data-dt-img-description=\"\" data-large_image_width=\"2048\" data-large_image_height=\"1364\"><img loading=\"lazy\" decoding=\"async\" class=\"size-medium wp-image-414338 aligncenter\" src=\"https:\/\/www.radiopiu.net\/wordpress\/wp-content\/uploads\/2024\/10\/7a2872fb-dd68-4050-821a-68302f96e446-300x200.jpg\" alt=\"\" width=\"300\" height=\"200\" srcset=\"https:\/\/www.radiopiu.net\/wordpress\/wp-content\/uploads\/2024\/10\/7a2872fb-dd68-4050-821a-68302f96e446-300x200.jpg 300w, https:\/\/www.radiopiu.net\/wordpress\/wp-content\/uploads\/2024\/10\/7a2872fb-dd68-4050-821a-68302f96e446-1024x682.jpg 1024w, https:\/\/www.radiopiu.net\/wordpress\/wp-content\/uploads\/2024\/10\/7a2872fb-dd68-4050-821a-68302f96e446-768x512.jpg 768w, https:\/\/www.radiopiu.net\/wordpress\/wp-content\/uploads\/2024\/10\/7a2872fb-dd68-4050-821a-68302f96e446-1536x1023.jpg 1536w, https:\/\/www.radiopiu.net\/wordpress\/wp-content\/uploads\/2024\/10\/7a2872fb-dd68-4050-821a-68302f96e446.jpg 2048w\" sizes=\"auto, (max-width: 300px) 100vw, 300px\" \/><\/a><\/p>\n<p>&nbsp;<\/p>\n<p><strong>DAL TERRITORIO: IL PEGGIO, LA STRADA PER IL CIMITERO DI CAVIOLA SCAMBIATA PER L&#8217;ECOCENTRO<\/strong><a class=\"dt-pswp-item\" href=\"https:\/\/www.radiopiu.net\/wordpress\/wp-content\/uploads\/2024\/10\/b552def4-8506-4928-8fd9-db8e26104477-1.jpg\" data-dt-img-description=\"\" data-large_image_width=\"1600\" data-large_image_height=\"1200\"><img loading=\"lazy\" decoding=\"async\" class=\"size-medium wp-image-414340 aligncenter\" src=\"https:\/\/www.radiopiu.net\/wordpress\/wp-content\/uploads\/2024\/10\/b552def4-8506-4928-8fd9-db8e26104477-1-300x225.jpg\" alt=\"\" width=\"300\" height=\"225\" srcset=\"https:\/\/www.radiopiu.net\/wordpress\/wp-content\/uploads\/2024\/10\/b552def4-8506-4928-8fd9-db8e26104477-1-300x225.jpg 300w, https:\/\/www.radiopiu.net\/wordpress\/wp-content\/uploads\/2024\/10\/b552def4-8506-4928-8fd9-db8e26104477-1-1024x768.jpg 1024w, https:\/\/www.radiopiu.net\/wordpress\/wp-content\/uploads\/2024\/10\/b552def4-8506-4928-8fd9-db8e26104477-1-768x576.jpg 768w, https:\/\/www.radiopiu.net\/wordpress\/wp-content\/uploads\/2024\/10\/b552def4-8506-4928-8fd9-db8e26104477-1-1536x1152.jpg 1536w, https:\/\/www.radiopiu.net\/wordpress\/wp-content\/uploads\/2024\/10\/b552def4-8506-4928-8fd9-db8e26104477-1.jpg 1600w\" sizes=\"auto, (max-width: 300px) 100vw, 300px\" \/><\/a><\/p>\n<p>&nbsp;<\/p>\n<hr \/>\n<p>&nbsp;<\/p>\n<p><em><span style=\"color: #ff0000;\"><a class=\"dt-pswp-item\" href=\"https:\/\/www.radiopiu.net\/wordpress\/wp-content\/uploads\/2024\/10\/Senza-nome-8.png\" data-dt-img-description=\"\" data-large_image_width=\"343\" data-large_image_height=\"303\">\u00a0<img loading=\"lazy\" decoding=\"async\" class=\"wp-image-412130 alignleft\" src=\"https:\/\/www.radiopiu.net\/wordpress\/wp-content\/uploads\/2024\/10\/Senza-nome-8-300x265.png\" alt=\"\" width=\"105\" height=\"93\" srcset=\"https:\/\/www.radiopiu.net\/wordpress\/wp-content\/uploads\/2024\/10\/Senza-nome-8-300x265.png 300w, https:\/\/www.radiopiu.net\/wordpress\/wp-content\/uploads\/2024\/10\/Senza-nome-8.png 343w\" sizes=\"auto, (max-width: 105px) 100vw, 105px\" \/><\/a><\/span><\/em><strong><em><span style=\"color: #ff0000;\"> LA\u00a0 APP PER IOS-IPHONE di Nicola Vettorello<\/span><\/em><\/strong><\/p>\n<p><strong><span style=\"color: #0000ff;\"><a style=\"color: #0000ff;\" href=\"https:\/\/apps.apple.com\/it\/app\/radio-pi%C3%B9-emittente-agordina\/id1515939845\">https:\/\/apps.apple.com\/it\/app\/radio-pi%C3%B9-emittente-agordina\/id1515939845<\/a><\/span><\/strong><\/p>\n<p><strong><em style=\"color: #ff0000;\">LA\u00a0 APP RADIO\u00a0 PER ANDROID di Nicola Vettorello<\/em><\/strong><\/p>\n<p><strong><span style=\"color: #0000ff;\"><a style=\"color: #0000ff;\" href=\"https:\/\/play.google.com\/store\/apps\/details?id=net.radiopiu.iniko\" target=\"_blank\" rel=\"noopener noreferrer\">https:\/\/<\/a><a style=\"color: #0000ff;\" href=\"https:\/\/play.google.com\/store\/apps\/details?id=net.radiopiu.iniko\" target=\"_blank\" rel=\"noopener noreferrer\">play.google.com\/store\/apps\/details?id=net.radiopiu.iniko\u00a0\u00a0\u00a0<\/a><\/span><\/strong><\/p>\n<p>&nbsp;<\/p>\n<p>&nbsp;<\/p>\n<hr \/>\n<div dir=\"auto\"><\/div>\n<p><strong><a class=\"dt-pswp-item\" href=\"https:\/\/www.radiopiu.net\/wordpress\/wp-content\/uploads\/2024\/10\/1b50549f-961f-4aa5-a15f-7890fe06dd1b.jpg\" data-dt-img-description=\"\" data-large_image_width=\"1200\" data-large_image_height=\"1600\"><img loading=\"lazy\" decoding=\"async\" class=\" wp-image-414216 alignleft\" src=\"https:\/\/www.radiopiu.net\/wordpress\/wp-content\/uploads\/2024\/10\/1b50549f-961f-4aa5-a15f-7890fe06dd1b-225x300.jpg\" alt=\"\" width=\"154\" height=\"205\" srcset=\"https:\/\/www.radiopiu.net\/wordpress\/wp-content\/uploads\/2024\/10\/1b50549f-961f-4aa5-a15f-7890fe06dd1b-225x300.jpg 225w, https:\/\/www.radiopiu.net\/wordpress\/wp-content\/uploads\/2024\/10\/1b50549f-961f-4aa5-a15f-7890fe06dd1b-768x1024.jpg 768w, https:\/\/www.radiopiu.net\/wordpress\/wp-content\/uploads\/2024\/10\/1b50549f-961f-4aa5-a15f-7890fe06dd1b-1152x1536.jpg 1152w, https:\/\/www.radiopiu.net\/wordpress\/wp-content\/uploads\/2024\/10\/1b50549f-961f-4aa5-a15f-7890fe06dd1b.jpg 1200w\" sizes=\"auto, (max-width: 154px) 100vw, 154px\" \/><\/a>OGGI ALLA RADIO&#8230;.<\/strong> <span style=\"color: #ff0000;\">ALLE 4 E ALLE 6<\/span> LE NOTIZIE DALL&#8217;ITALIA E DAL MONDO <span style=\"color: #ff0000;\"> 0500 <span style=\"color: #0000ff;\">l&#8217;almanacco della nostra gente con il MUSLA\u00a0<\/span><\/span><span style=\"color: #ff0000;\"> 6.15<\/span> PIROLE DE LENGA A CURA DEL MUSLA<span style=\"color: #ff0000;\"> 7.20<\/span> EL BAL DEL FIORI, DETTI E TRADIZIONI DI GIULIANA DA RONCH <span style=\"color: #ff0000;\">8.05<\/span> LA RASSEGNA STAMPA LOCALE<span style=\"color: #ff0000;\"> 8.30 <span style=\"color: #000000;\">PIU&#8217; SIAMO CON MARINA DONA&#8217;<\/span><span style=\"color: #000000;\">\u00a0\u00a0<\/span> 900 <span style=\"color: #0000ff;\">L&#8217;almanacco della nostra gente con il MUSLA\u00a0 \u00a0<\/span><\/span><span style=\"color: #ff0000;\"><span style=\"color: #000000;\">9.10 OGGI COME IERI CON SILVIA BALDO <\/span><\/span><span style=\"color: #ff0000;\">9.40<\/span> VIABILITA&#8217; CON BOTOL CAR SERVICE (AGORDO-SEDICO-FELTRE) <span style=\"color: #ff0000;\">10.30<\/span> \u00a0VENICE PHOTO LAB FESTIVAL, LO SPECIALE DI MARINA DONA&#8217;\u00a0 (FOTO) <span style=\"color: #0000ff;\">11 10<\/span> paola lanciato..emozione continua un secolo di radio piu&#8217; 41 di musica <span style=\"color: #ff0000;\">1120<\/span> sotto un cielo di stelle con claudio pra <span style=\"color: #ff0000;\">11.40<\/span> FESTIVALBAR STORY DI ATHOS DJ DAVID BEN\u00a0 \u00a0 <span style=\"color: #ff0000;\">12.00<\/span> VA TUTTO LISCIO\u00a0 <span style=\"color: #ff0000;\">12.30<\/span> GIORNALE RADIO PRINCIPALE <span style=\"color: #ff0000;\">13.10 SALUTE E SOCIETA&#8217;, MEDICINA CON IL DOTTOR MARCO CARACCIOLO <\/span>\u00a0<span style=\"color: #ff0000;\">13.20<\/span> FOGLIE E CASTAGNE DI MARINA DONA&#8217; <span style=\"color: #ff0000;\">\u00a0<\/span><span style=\"color: #ff0000;\">14.00 COLLAGE OPERAZIONE NOSTALGIA LORIS SCUSSEL\u00a0<\/span><span style=\"color: #ff0000;\">15.00<\/span>\u00a0 RITRATTI SONORI CON ALESSIA DALL&#8217;O, OSPITE LORENA FOLLIN <span style=\"color: #ff0000;\">16<\/span> IL ROCK DI MARCO COSTANTINI <span style=\"color: #ff0000;\">1625<\/span> agordina in prima linea, di marco gaz <span style=\"color: #ff0000;\">1645<\/span> LE HIT DI MIRCO BENCIVENNI <span style=\"color: #ff0000;\">18.00<\/span> PIU&#8217; DANCE LE SELEZIONI CHE FANNO SALTARE DI DJ JACK, JACOPO DEL TEDESCO <span style=\"color: #ff0000;\">19.00 <span style=\"color: #000000;\">LE ANTICIPAZIONI DAL TG DI ANTENNA 3 DI TIZIANA BOLOGNANI\u00a0<\/span><\/span><\/p>\n<p><strong>rassegna stampa nazionale,<\/strong> ogni giorno alle 5 e alle 6 del mattino<br \/>\ngiornali locali 7 rassegna stampa flash, 8 rassegna stampa, gr flash alle 10 e alle 11, principale 12.30. Informazione pomeriggio alle 15 (speciale) 16, 17, 18. Giornale radio nazionale: ogni ora dalle 5 del mattino, alle 20 della sera.<\/p>\n<p>&nbsp;<\/p>\n<p>&nbsp;<\/p>\n<hr \/>\n<p>&nbsp;<\/p>\n<p>&nbsp;<\/p>\n<div class=\"x11i5rnm xat24cr x1mh8g0r x1vvkbs xtlvy1s x126k92a\">\n<div dir=\"auto\">\n<div dir=\"auto\">\n<p><strong><a class=\"dt-pswp-item\" href=\"https:\/\/www.radiopiu.net\/wordpress\/wp-content\/uploads\/2024\/02\/2d44e751-d8a8-461b-8e22-d8e4e853b032.jpg\" data-dt-img-description=\"\" data-large_image_width=\"1600\" data-large_image_height=\"1200\"><img loading=\"lazy\" decoding=\"async\" class=\"wp-image-373307 alignleft\" src=\"https:\/\/www.radiopiu.net\/wordpress\/wp-content\/uploads\/2024\/02\/2d44e751-d8a8-461b-8e22-d8e4e853b032-300x225.jpg\" alt=\"\" width=\"105\" height=\"79\" srcset=\"https:\/\/www.radiopiu.net\/wordpress\/wp-content\/uploads\/2024\/02\/2d44e751-d8a8-461b-8e22-d8e4e853b032-300x225.jpg 300w, https:\/\/www.radiopiu.net\/wordpress\/wp-content\/uploads\/2024\/02\/2d44e751-d8a8-461b-8e22-d8e4e853b032-1024x768.jpg 1024w, https:\/\/www.radiopiu.net\/wordpress\/wp-content\/uploads\/2024\/02\/2d44e751-d8a8-461b-8e22-d8e4e853b032-768x576.jpg 768w, https:\/\/www.radiopiu.net\/wordpress\/wp-content\/uploads\/2024\/02\/2d44e751-d8a8-461b-8e22-d8e4e853b032-1536x1152.jpg 1536w, https:\/\/www.radiopiu.net\/wordpress\/wp-content\/uploads\/2024\/02\/2d44e751-d8a8-461b-8e22-d8e4e853b032.jpg 1600w\" sizes=\"auto, (max-width: 105px) 100vw, 105px\" \/><\/a>EL BAL DEL FIOR, DI GIULIANA DA RONCH, 14 OTTOBRE<\/strong><strong>\u00a02024<\/strong><\/p>\n<p>&nbsp;<\/p>\n<\/div>\n<\/div>\n<\/div>\n<div>\n<audio class=\"wp-audio-shortcode\" id=\"audio-414065-1\" preload=\"none\" style=\"width: 100%;\" controls=\"controls\"><source type=\"audio\/mpeg\" src=\"https:\/\/www.radiopiu.net\/wordpress\/wp-content\/uploads\/2024\/10\/GLU-1.mp3?_=1\" \/><a href=\"https:\/\/www.radiopiu.net\/wordpress\/wp-content\/uploads\/2024\/10\/GLU-1.mp3\">https:\/\/www.radiopiu.net\/wordpress\/wp-content\/uploads\/2024\/10\/GLU-1.mp3<\/a><\/audio>\n<p>&nbsp;<\/p>\n<p>&nbsp;<\/p>\n<\/div>\n<div><\/div>\n<hr \/>\n<p>&nbsp;<\/p>\n<div class=\"x11i5rnm xat24cr x1mh8g0r x1vvkbs xtlvy1s x126k92a\">\n<h1><span style=\"color: #ff0000;\"><a class=\"dt-pswp-item\" href=\"https:\/\/www.radiopiu.net\/wordpress\/wp-content\/uploads\/2024\/06\/th-5.jpg\" data-dt-img-description=\"\" data-large_image_width=\"326\" data-large_image_height=\"180\"><img loading=\"lazy\" decoding=\"async\" class=\"size-medium wp-image-395881 alignleft\" src=\"https:\/\/www.radiopiu.net\/wordpress\/wp-content\/uploads\/2024\/06\/th-5-300x166.jpg\" alt=\"\" width=\"300\" height=\"166\" srcset=\"https:\/\/www.radiopiu.net\/wordpress\/wp-content\/uploads\/2024\/06\/th-5-300x166.jpg 300w, https:\/\/www.radiopiu.net\/wordpress\/wp-content\/uploads\/2024\/06\/th-5.jpg 326w\" sizes=\"auto, (max-width: 300px) 100vw, 300px\" \/><\/a><\/span><\/h1>\n<h1><\/h1>\n<h1><\/h1>\n<h1><span style=\"color: #000000;\">14 OTTOBRE&#8230; alla radio l&#8217;almanacco\u00a0<\/span><\/h1>\n<audio class=\"wp-audio-shortcode\" id=\"audio-414065-2\" preload=\"none\" style=\"width: 100%;\" controls=\"controls\"><source type=\"audio\/mpeg\" src=\"https:\/\/www.radiopiu.net\/wordpress\/wp-content\/uploads\/2024\/10\/ALMANACCONEW-10.mp3?_=2\" \/><a href=\"https:\/\/www.radiopiu.net\/wordpress\/wp-content\/uploads\/2024\/10\/ALMANACCONEW-10.mp3\">https:\/\/www.radiopiu.net\/wordpress\/wp-content\/uploads\/2024\/10\/ALMANACCONEW-10.mp3<\/a><\/audio>\n<p>&nbsp;<\/p>\n<p>&nbsp;<\/p>\n<hr \/>\n<p>&nbsp;<\/p>\n<p>&nbsp;<\/p>\n<blockquote>\n<h1><strong><a class=\"dt-pswp-item\" href=\"https:\/\/www.radiopiu.net\/wordpress\/wp-content\/uploads\/2024\/09\/settembre-2024-calendario-it2.jpg\" data-dt-img-description=\"Optimized by JPEGmini 3.13.0.8 0x813388d2\" data-large_image_width=\"1325\" data-large_image_height=\"1004\"><img loading=\"lazy\" decoding=\"async\" class=\" wp-image-409701 alignleft\" src=\"https:\/\/www.radiopiu.net\/wordpress\/wp-content\/uploads\/2024\/09\/settembre-2024-calendario-it2-300x227.jpg\" alt=\"\" width=\"187\" height=\"142\" srcset=\"https:\/\/www.radiopiu.net\/wordpress\/wp-content\/uploads\/2024\/09\/settembre-2024-calendario-it2-300x227.jpg 300w, https:\/\/www.radiopiu.net\/wordpress\/wp-content\/uploads\/2024\/09\/settembre-2024-calendario-it2-1024x776.jpg 1024w, https:\/\/www.radiopiu.net\/wordpress\/wp-content\/uploads\/2024\/09\/settembre-2024-calendario-it2-768x582.jpg 768w, https:\/\/www.radiopiu.net\/wordpress\/wp-content\/uploads\/2024\/09\/settembre-2024-calendario-it2.jpg 1325w\" sizes=\"auto, (max-width: 187px) 100vw, 187px\" \/><\/a>N di parom &#8211; L Almanach de la nosta jent<\/strong><\/h1>\n<\/blockquote>\n<p>Le voci: Davide Conedera, Agordo, Michela Dell&#8217;Osbel, La Valle Agordina Simone Ganz, Falcade Veronica Lezuo, Colle Santa Lucia. La voce nella sigla \u00e8 di Giorgia Taio<\/p>\n<p><strong>LA PUNTATA DI OGGI, 14 OTTOBRE<\/strong><\/p>\n<audio class=\"wp-audio-shortcode\" id=\"audio-414065-3\" preload=\"none\" style=\"width: 100%;\" controls=\"controls\"><source type=\"audio\/mpeg\" src=\"https:\/\/www.radiopiu.net\/wordpress\/wp-content\/uploads\/2024\/10\/14_otober_Davide.mp3?_=3\" \/><a href=\"https:\/\/www.radiopiu.net\/wordpress\/wp-content\/uploads\/2024\/10\/14_otober_Davide.mp3\">https:\/\/www.radiopiu.net\/wordpress\/wp-content\/uploads\/2024\/10\/14_otober_Davide.mp3<\/a><\/audio>\n<\/div>\n<div class=\"x11i5rnm xat24cr x1mh8g0r x1vvkbs xtlvy1s x126k92a\">\n<p>&nbsp;<\/p>\n<p>&nbsp;<\/p>\n<p>&nbsp;<\/p>\n<div dir=\"auto\">\n<hr \/>\n<\/div>\n<\/div>\n<blockquote>\n<blockquote>\n<h1><span style=\"color: #ff0000;\">\u00a0<\/span><\/h1>\n<h1><span style=\"color: #ff0000;\">I podcast informativi del mattino &#8211; audio &#8211;\u00a0\u00a0<\/span><\/h1>\n<\/blockquote>\n<p><strong><a class=\"dt-pswp-item\" href=\"https:\/\/www.radiopiu.net\/wordpress\/wp-content\/uploads\/2023\/11\/th-10.jpg\" data-dt-img-description=\"\" data-large_image_width=\"320\" data-large_image_height=\"180\"><img loading=\"lazy\" decoding=\"async\" class=\"wp-image-362866 alignleft\" src=\"https:\/\/www.radiopiu.net\/wordpress\/wp-content\/uploads\/2023\/11\/th-10-300x169.jpg\" alt=\"\" width=\"185\" height=\"104\" srcset=\"https:\/\/www.radiopiu.net\/wordpress\/wp-content\/uploads\/2023\/11\/th-10-300x169.jpg 300w, https:\/\/www.radiopiu.net\/wordpress\/wp-content\/uploads\/2023\/11\/th-10.jpg 320w\" sizes=\"auto, (max-width: 185px) 100vw, 185px\" \/><\/a>LA RASSEGNA STAMPA NAZIONALE ALLA RADIO, OGNI GIORNO ALLE 5 E ALLE 6 DEL MATTINO <span style=\"color: #0000ff;\">viene pubblicata alle 6.00 <span style=\"color: #ff0000;\">DIRETTA RADIO\u00a0 \u00a0\u00a0<\/span><\/span><\/strong><\/p><\/blockquote>\n<p>&nbsp;<\/p>\n<p><strong>NOTIZIE DELLA NOTTE<\/strong><\/p>\n<p><strong>Cina<\/strong>, &#8216;manovre severo avvertimento a indipendenza Taiwan&#8217; <strong>Polizia,<\/strong> &#8216;abbiamo evitato terzo tentato assassinio di Trump&#8217; <strong>Diversi feriti<\/strong> in nuovi attacchi israeliani nel sud del Libano <strong>Idf,<\/strong> 4 soldati israeliani uccisi da drone Hezbollah a Binyamina\u00a0 <strong>Morti tre tifosi del Foggia<\/strong>, due erano minorenni <strong>Meloni<\/strong> a Sea watch, non spreco milioni, combatto la tratta<\/p>\n<h2>AUDIO dalle 6 del mattino<\/h2>\n<audio class=\"wp-audio-shortcode\" id=\"audio-414065-4\" preload=\"none\" style=\"width: 100%;\" controls=\"controls\"><source type=\"audio\/mpeg\" src=\"https:\/\/www.radiopiu.net\/wordpress\/wp-content\/uploads\/2024\/10\/GIORNALEDELLESEI-11.mp3?_=4\" \/><a href=\"https:\/\/www.radiopiu.net\/wordpress\/wp-content\/uploads\/2024\/10\/GIORNALEDELLESEI-11.mp3\">https:\/\/www.radiopiu.net\/wordpress\/wp-content\/uploads\/2024\/10\/GIORNALEDELLESEI-11.mp3<\/a><\/audio>\n<p>&nbsp;<\/p>\n<p>&nbsp;<\/p>\n<p>&nbsp;<\/p>\n<hr \/>\n<p>&nbsp;<\/p>\n<h1 style=\"text-align: center;\"><span style=\"color: #ff0000;\">I podcast informativi del mattino &#8211; audio &#8211;\u00a0<\/span><\/h1>\n<p><strong><a class=\"dt-pswp-item\" href=\"https:\/\/www.radiopiu.net\/wordpress\/wp-content\/uploads\/2023\/12\/images.png\" data-dt-img-description=\"\" data-large_image_width=\"316\" data-large_image_height=\"160\"><img loading=\"lazy\" decoding=\"async\" class=\"wp-image-367008 alignleft\" src=\"https:\/\/www.radiopiu.net\/wordpress\/wp-content\/uploads\/2023\/12\/images-300x152.png\" alt=\"\" width=\"235\" height=\"119\" srcset=\"https:\/\/www.radiopiu.net\/wordpress\/wp-content\/uploads\/2023\/12\/images-300x152.png 300w, https:\/\/www.radiopiu.net\/wordpress\/wp-content\/uploads\/2023\/12\/images.png 316w\" sizes=\"auto, (max-width: 235px) 100vw, 235px\" \/><\/a>OGNI GIORNO ALLE SETTE DEL MATTINO, LA RASSEGNA STAMPA LOCALE FLASH&#8230; PER CHI VA IN FRETTA. I TITOLI DAI GIORNALI E DAL SITO WWW.RADIOPIU.NET <span style=\"color: #0000ff;\">viene pubblicato alle 7.00<\/span> <span style=\"color: #ff0000;\">DIRETTA RADIO\u00a0<\/span><\/strong><\/p>\n<p><em><span style=\"color: #ff0000;\">per chi va in fretta&#8230; tante notizie in pochi minuti. L&#8217;informazione locale alla radio, ogni ora dalle 7 del mattino alle 19 della sera.\u00a0<\/span><\/em><\/p>\n<h1>AUDIO dalle 7 del mattino<\/h1>\n<audio class=\"wp-audio-shortcode\" id=\"audio-414065-5\" preload=\"none\" style=\"width: 100%;\" controls=\"controls\"><source type=\"audio\/mpeg\" src=\"https:\/\/www.radiopiu.net\/wordpress\/wp-content\/uploads\/2024\/10\/GF07-11.mp3?_=5\" \/><a href=\"https:\/\/www.radiopiu.net\/wordpress\/wp-content\/uploads\/2024\/10\/GF07-11.mp3\">https:\/\/www.radiopiu.net\/wordpress\/wp-content\/uploads\/2024\/10\/GF07-11.mp3<\/a><\/audio>\n<p>&nbsp;<\/p>\n<hr \/>\n<p>&nbsp;<\/p>\n<h1><\/h1>\n<h1 style=\"text-align: center;\"><span style=\"color: #ff0000;\"><a class=\"dt-pswp-item\" href=\"https:\/\/www.radiopiu.net\/wordpress\/wp-content\/uploads\/2022\/01\/026c3f9d-dae9-4040-a3c1-a6530231bcc3.jpg\" data-dt-img-description=\"\" data-large_image_width=\"1152\" data-large_image_height=\"2048\"><img loading=\"lazy\" decoding=\"async\" class=\"wp-image-251839 alignleft\" src=\"https:\/\/www.radiopiu.net\/wordpress\/wp-content\/uploads\/2022\/01\/026c3f9d-dae9-4040-a3c1-a6530231bcc3-169x300.jpg\" alt=\"\" width=\"100\" height=\"177\" srcset=\"https:\/\/www.radiopiu.net\/wordpress\/wp-content\/uploads\/2022\/01\/026c3f9d-dae9-4040-a3c1-a6530231bcc3-169x300.jpg 169w, https:\/\/www.radiopiu.net\/wordpress\/wp-content\/uploads\/2022\/01\/026c3f9d-dae9-4040-a3c1-a6530231bcc3-576x1024.jpg 576w, https:\/\/www.radiopiu.net\/wordpress\/wp-content\/uploads\/2022\/01\/026c3f9d-dae9-4040-a3c1-a6530231bcc3-768x1365.jpg 768w, https:\/\/www.radiopiu.net\/wordpress\/wp-content\/uploads\/2022\/01\/026c3f9d-dae9-4040-a3c1-a6530231bcc3-864x1536.jpg 864w, https:\/\/www.radiopiu.net\/wordpress\/wp-content\/uploads\/2022\/01\/026c3f9d-dae9-4040-a3c1-a6530231bcc3.jpg 1152w\" sizes=\"auto, (max-width: 100px) 100vw, 100px\" \/><\/a>I podcast informativi del mattino &#8211; audio &#8211;\u00a0<\/span><\/h1>\n<blockquote><p><strong>GIORNALE RADIO NAZIONALE, EDIZIONE DELLE SETTE <span style=\"color: #0000ff;\">viene pubblicato alle 7.05 <span style=\"color: #ff0000;\">DIRETTA RADIO\u00a0<\/span><\/span><\/strong><\/p><\/blockquote>\n<p><strong>il giornale radionazionale e&#8217; in onda ogni ora, dalle sette del mattino alle venti della sera\u00a0 \u00a0<\/strong><strong>\u00a0<\/strong><\/p>\n<p>&nbsp;<\/p>\n<p>&nbsp;<\/p>\n<p><strong>L&#8217;omicidio di Avetrana <\/strong>Valentina Misseri: &#8216;E&#8217; stato mio padre ad uccidere Sarah&#8217;\u00a0 <strong>Presunta violenza<\/strong> su una studentessa americana, due indagati a Ravenna\u00a0<strong>In piazza per la pace <\/strong>Corteo pro Palestina a Roma e Milano<br \/>\n<strong>L&#8217;abuso d&#8217;ufficio non \u00e8 reato,<\/strong> assolto l&#8217;ex sindaco di Bibbiano\u00a0 <strong>Aprono i centri in Albania,<\/strong>&#8220;uguali a quelli italiani&#8221;\u00a0 <strong>Ucciso nel Milanese,<\/strong> fermato un 19enne di Rozzano Ha accoltellato Manuel Mastrapasqua per una cuffia da 20 euro <strong>Schiacciato da un carico<\/strong> di finestre, muore operaio 25enne L&#8217;incidente nel vicentino durante la fase di movimentazione <strong>Ruba gioielli e reliquie<\/strong> nelle chiese dell&#8217;Irpinia, una suora ai domiciliari Il valore del bottino \u00e8 di 80mila euro. <strong>Spiati i conti di 34 politici.<\/strong> Piantdosi: &#8216;Temo un&#8217;alterazione della democrazia&#8217;<\/p>\n<p><span style=\"color: #ff0000;\">EDIZIONE DELLE 20, DEL 13 OTTOBRE 2024<\/span><\/p>\n<audio class=\"wp-audio-shortcode\" id=\"audio-414065-6\" preload=\"none\" style=\"width: 100%;\" controls=\"controls\"><source type=\"audio\/mpeg\" src=\"https:\/\/www.radiopiu.net\/wordpress\/wp-content\/uploads\/2024\/10\/giornale07-22.mp3?_=6\" \/><a href=\"https:\/\/www.radiopiu.net\/wordpress\/wp-content\/uploads\/2024\/10\/giornale07-22.mp3\">https:\/\/www.radiopiu.net\/wordpress\/wp-content\/uploads\/2024\/10\/giornale07-22.mp3<\/a><\/audio>\n<p>&nbsp;<\/p>\n<p><span style=\"color: #ff0000;\">EDIZIONE DELLE 19, DEL 13 OTTOBRE 2024, LO SPORT<\/span><\/p>\n<audio class=\"wp-audio-shortcode\" id=\"audio-414065-7\" preload=\"none\" style=\"width: 100%;\" controls=\"controls\"><source type=\"audio\/mpeg\" src=\"https:\/\/www.radiopiu.net\/wordpress\/wp-content\/uploads\/2024\/10\/gr-sport-11.mp3?_=7\" \/><a href=\"https:\/\/www.radiopiu.net\/wordpress\/wp-content\/uploads\/2024\/10\/gr-sport-11.mp3\">https:\/\/www.radiopiu.net\/wordpress\/wp-content\/uploads\/2024\/10\/gr-sport-11.mp3<\/a><\/audio>\n<h2><\/h2>\n<h2>AUDIO dalle sette del mattino, ogni ora alla radio<\/h2>\n<audio class=\"wp-audio-shortcode\" id=\"audio-414065-8\" preload=\"none\" style=\"width: 100%;\" controls=\"controls\"><source type=\"audio\/mpeg\" src=\"https:\/\/www.radiopiu.net\/wordpress\/wp-content\/uploads\/2024\/10\/giornale07-23.mp3?_=8\" \/><a href=\"https:\/\/www.radiopiu.net\/wordpress\/wp-content\/uploads\/2024\/10\/giornale07-23.mp3\">https:\/\/www.radiopiu.net\/wordpress\/wp-content\/uploads\/2024\/10\/giornale07-23.mp3<\/a><\/audio>\n<p>&nbsp;<\/p>\n<hr \/>\n<p>&nbsp;<\/p>\n<p>&nbsp;<\/p>\n<h1><span style=\"color: #ff0000;\"><a class=\"dt-pswp-item\" href=\"https:\/\/www.radiopiu.net\/wordpress\/wp-content\/uploads\/2024\/09\/GIORNALI.jpg\" data-dt-img-description=\"\" data-large_image_width=\"1280\" data-large_image_height=\"853\"><img loading=\"lazy\" decoding=\"async\" class=\" wp-image-410862 alignleft\" src=\"https:\/\/www.radiopiu.net\/wordpress\/wp-content\/uploads\/2024\/09\/GIORNALI-300x200.jpg\" alt=\"\" width=\"209\" height=\"139\" srcset=\"https:\/\/www.radiopiu.net\/wordpress\/wp-content\/uploads\/2024\/09\/GIORNALI-300x200.jpg 300w, https:\/\/www.radiopiu.net\/wordpress\/wp-content\/uploads\/2024\/09\/GIORNALI-1024x682.jpg 1024w, https:\/\/www.radiopiu.net\/wordpress\/wp-content\/uploads\/2024\/09\/GIORNALI-768x512.jpg 768w, https:\/\/www.radiopiu.net\/wordpress\/wp-content\/uploads\/2024\/09\/GIORNALI.jpg 1280w\" sizes=\"auto, (max-width: 209px) 100vw, 209px\" \/><\/a>I podcast informativi del mattino &#8211; video &#8211;\u00a0<\/span><\/h1>\n<h2 style=\"text-align: left;\"><strong>RASSEGNA STAMPA LOCALE, ORE OTTO 05<\/strong><\/h2>\n<h2><strong> <span style=\"color: #0000ff;\">viene\u00a0 <\/span><\/strong><strong><span style=\"color: #0000ff;\">pubblicata alle 8.05 <span style=\"color: #ff0000;\">DIRETTA RADIO\u00a0 \u00a0<\/span><\/span><\/strong><strong>DI MIRKO MEZZACASA<\/strong><\/h2>\n<h2><span style=\"color: #ff0000;\"><strong>VIDEO\u00a0 \u00a0in diretta dalle 8 del mattino\u00a0 \u00a0<\/strong><\/span><\/h2>\n<p>&nbsp;<\/p>\n<p>https:\/\/www.facebook.com\/radiopiu\/videos\/897881708506569<\/p>\n<p>&nbsp;<\/p>\n<p>&nbsp;<\/p>\n<p>&nbsp;<\/p>\n<p><a class=\"dt-pswp-item\" href=\"https:\/\/www.radiopiu.net\/wordpress\/wp-content\/uploads\/2024\/10\/copp2.png\" data-dt-img-description=\"\" data-large_image_width=\"550\" data-large_image_height=\"334\"><img loading=\"lazy\" decoding=\"async\" class=\"alignnone size-medium wp-image-414331\" src=\"https:\/\/www.radiopiu.net\/wordpress\/wp-content\/uploads\/2024\/10\/copp2-300x182.png\" alt=\"\" width=\"300\" height=\"182\" srcset=\"https:\/\/www.radiopiu.net\/wordpress\/wp-content\/uploads\/2024\/10\/copp2-300x182.png 300w, https:\/\/www.radiopiu.net\/wordpress\/wp-content\/uploads\/2024\/10\/copp2.png 550w\" sizes=\"auto, (max-width: 300px) 100vw, 300px\" \/><\/a><a class=\"dt-pswp-item\" href=\"https:\/\/www.radiopiu.net\/wordpress\/wp-content\/uploads\/2024\/10\/COOP1.png\" data-dt-img-description=\"\" data-large_image_width=\"535\" data-large_image_height=\"303\"><img loading=\"lazy\" decoding=\"async\" class=\"alignnone size-medium wp-image-414333\" src=\"https:\/\/www.radiopiu.net\/wordpress\/wp-content\/uploads\/2024\/10\/COOP1-300x170.png\" alt=\"\" width=\"300\" height=\"170\" srcset=\"https:\/\/www.radiopiu.net\/wordpress\/wp-content\/uploads\/2024\/10\/COOP1-300x170.png 300w, https:\/\/www.radiopiu.net\/wordpress\/wp-content\/uploads\/2024\/10\/COOP1.png 535w\" sizes=\"auto, (max-width: 300px) 100vw, 300px\" \/><\/a><\/p>\n<hr \/>\n<p>&nbsp;<\/p>\n<p>&nbsp;<\/p>\n<p><strong><a class=\"dt-pswp-item\" href=\"https:\/\/www.radiopiu.net\/wordpress\/wp-content\/uploads\/2023\/12\/ANTENNA.png\" data-dt-img-description=\"\" data-large_image_width=\"300\" data-large_image_height=\"166\"><img loading=\"lazy\" decoding=\"async\" class=\" wp-image-366306 alignleft\" src=\"https:\/\/www.radiopiu.net\/wordpress\/wp-content\/uploads\/2023\/12\/ANTENNA.png\" alt=\"\" width=\"175\" height=\"97\" \/><\/a>ogni sera alle 19 le anticipazioni alla radio, quello che poi seguirete nel TELEGIORNALE BELLUNESE\u00a0 in onda alle 19.30 sul CANALE 10 del digitale terrestre.\u00a0\u00a0<\/strong><\/p>\n<p>&nbsp;<\/p>\n<p>&nbsp;<\/p>\n<p>&nbsp;<\/p>\n<hr \/>\n<p><strong>\u00a0<\/strong><\/p>\n<blockquote>\n<h2><strong>LAVORI A BRUGNACH\u00a0<\/strong><\/h2>\n<\/blockquote>\n<p><strong>AGORDO<\/strong> La Meic costruzioni di Gela lavora lungo la 347 del Duran e Cereda in localit\u00e0 Brugnach (zona industriale) per la posa delle condotte del gas metano. Da lunedi fino al 6 dicembre senso unico alternato regolato da semaforo<\/p>\n<p>&nbsp;<\/p>\n<hr \/>\n<p>&nbsp;<\/p>\n<blockquote>\n<h2>Aggressione al Pronto Soccorso di Agordo: infermiera colpita da tossicodipendente<\/h2>\n<\/blockquote>\n<blockquote><p><em>Per quanto tempo Agordo e gli agordini saranno costretti a guardarsi le spalle dai due personaggi &#8220;noti&#8221; che da tempo fanno quello che vogliono tra la Piazza e le buie vie della citt\u00e0. Perch\u00e9 si \u00e8 arrivati a tanto? Quali le soluzioni a garanzia di grandi e piccini prima che le cronache riportino altro? Inoltre certa gente\u00a0 gira con cane <\/em>rottweiler <em>senza guinzaglio, senza museruola nei bar della Piazza, tra la gente spaventata.<\/em><\/p><\/blockquote>\n<p><strong><a class=\"dt-pswp-item\" href=\"https:\/\/www.radiopiu.net\/wordpress\/wp-content\/uploads\/2023\/09\/468e46b6-1c5a-463b-ba1c-437000fdf01a.jpg\" data-dt-img-description=\"\" data-large_image_width=\"1024\" data-large_image_height=\"768\"><img loading=\"lazy\" decoding=\"async\" class=\" wp-image-351756 alignleft\" src=\"https:\/\/www.radiopiu.net\/wordpress\/wp-content\/uploads\/2023\/09\/468e46b6-1c5a-463b-ba1c-437000fdf01a-300x225.jpg\" alt=\"\" width=\"221\" height=\"166\" srcset=\"https:\/\/www.radiopiu.net\/wordpress\/wp-content\/uploads\/2023\/09\/468e46b6-1c5a-463b-ba1c-437000fdf01a-300x225.jpg 300w, https:\/\/www.radiopiu.net\/wordpress\/wp-content\/uploads\/2023\/09\/468e46b6-1c5a-463b-ba1c-437000fdf01a-768x576.jpg 768w, https:\/\/www.radiopiu.net\/wordpress\/wp-content\/uploads\/2023\/09\/468e46b6-1c5a-463b-ba1c-437000fdf01a.jpg 1024w\" sizes=\"auto, (max-width: 221px) 100vw, 221px\" \/><\/a>AGORDO<\/strong> Tensione al Pronto Soccorso di Agordo nella tarda mattinata di ieri, quando una donna tossicodipendente ha aggredito un&#8217;infermiera per non aver ricevuto il metadone richiesto. Insieme a un uomo, entrambi gi\u00e0 noti alle forze dell&#8217;ordine, la donna ha colpito la professionista con un pugno, facendola cadere a terra. La situazione \u00e8 degenerata ulteriormente quando la donna ha esibito un coltello, pur senza minacciare direttamente il personale. I carabinieri, prontamente intervenuti, hanno denunciato a piede libero la coppia. L&#8217;Ulss 1 Dolomiti ha attivato le procedure di incident reporting, e il direttore generale, Giuseppe Dal Ben, ha ricordato l\u2019importanza del nuovo protocollo per la sicurezza dei lavoratori, in collaborazione con la Prefettura.<\/p>\n<p>&nbsp;<\/p>\n<p>&nbsp;<\/p>\n<hr \/>\n<p>&nbsp;<\/p>\n<blockquote>\n<h3>L&#8217;ULTIMO SALUTO A MATTEO XAIZ<\/h3>\n<\/blockquote>\n<p><a class=\"dt-pswp-item\" href=\"https:\/\/www.radiopiu.net\/wordpress\/wp-content\/uploads\/2024\/10\/SCR-20241012-ppsc.jpeg\" data-dt-img-description=\"Screenshot\" data-large_image_width=\"1082\" data-large_image_height=\"764\"><img loading=\"lazy\" decoding=\"async\" class=\"wp-image-414170 alignleft\" src=\"https:\/\/www.radiopiu.net\/wordpress\/wp-content\/uploads\/2024\/10\/SCR-20241012-ppsc-300x212.jpeg\" alt=\"\" width=\"187\" height=\"132\" srcset=\"https:\/\/www.radiopiu.net\/wordpress\/wp-content\/uploads\/2024\/10\/SCR-20241012-ppsc-300x212.jpeg 300w, https:\/\/www.radiopiu.net\/wordpress\/wp-content\/uploads\/2024\/10\/SCR-20241012-ppsc-1024x723.jpeg 1024w, https:\/\/www.radiopiu.net\/wordpress\/wp-content\/uploads\/2024\/10\/SCR-20241012-ppsc-768x542.jpeg 768w, https:\/\/www.radiopiu.net\/wordpress\/wp-content\/uploads\/2024\/10\/SCR-20241012-ppsc.jpeg 1082w\" sizes=\"auto, (max-width: 187px) 100vw, 187px\" \/><\/a><strong>RIVAMONTE<\/strong><\/p>\n<p>DI GIANNI SANTOMASO<\/p>\n<audio class=\"wp-audio-shortcode\" id=\"audio-414065-9\" preload=\"none\" style=\"width: 100%;\" controls=\"controls\"><source type=\"audio\/mpeg\" src=\"https:\/\/www.radiopiu.net\/wordpress\/wp-content\/uploads\/2024\/10\/GIANNI-LULTIMO-SALUTO-A-MATTEO-XAIZ.mp3?_=9\" \/><a href=\"https:\/\/www.radiopiu.net\/wordpress\/wp-content\/uploads\/2024\/10\/GIANNI-LULTIMO-SALUTO-A-MATTEO-XAIZ.mp3\">https:\/\/www.radiopiu.net\/wordpress\/wp-content\/uploads\/2024\/10\/GIANNI-LULTIMO-SALUTO-A-MATTEO-XAIZ.mp3<\/a><\/audio>\n<p>&nbsp;<\/p>\n<p>&nbsp;<\/p>\n<hr \/>\n<p>&nbsp;<\/p>\n<blockquote>\n<h2><strong>Addio a Carlo Sovilla, il pittore della luce e dei paesaggi bellunesi<\/strong><\/h2>\n<\/blockquote>\n<p><a class=\"dt-pswp-item\" href=\"https:\/\/www.radiopiu.net\/wordpress\/wp-content\/uploads\/2024\/10\/Senza-nome-56.png\" data-dt-img-description=\"\" data-large_image_width=\"258\" data-large_image_height=\"294\"><img loading=\"lazy\" decoding=\"async\" class=\"wp-image-414316 alignleft\" src=\"https:\/\/www.radiopiu.net\/wordpress\/wp-content\/uploads\/2024\/10\/Senza-nome-56.png\" alt=\"\" width=\"164\" height=\"187\" \/><\/a><strong>BELLUNO<\/strong><\/p>\n<div class=\"flex max-w-full flex-col flex-grow\">\n<div class=\"min-h-8 text-message flex w-full flex-col items-end gap-2 whitespace-normal break-words [.text-message+&amp;]:mt-5\" dir=\"auto\" data-message-author-role=\"assistant\" data-message-id=\"52369126-d464-4fc0-ae62-4f6a67acd41d\" data-message-model-slug=\"gpt-4o\">\n<div class=\"flex w-full flex-col gap-1 empty:hidden first:pt-[3px]\">\n<div class=\"markdown prose w-full break-words dark:prose-invert dark\">\n<p>Carlo Sovilla, stimato pittore bellunese, \u00e8 scomparso sabato sera all\u2019et\u00e0 di 95 anni, nella sua casa di Borgo Pr\u00e0, dove ha vissuto e creato gran parte della sua vasta produzione artistica. Autodidatta, Sovilla ha dedicato la sua vita alla pittura, ritraendo principalmente nature morte e paesaggi en plein air, con una particolare attenzione alla luce e ai colori. Le sue opere, ispirate dalla Valbelluna e dai dolci paesaggi italiani, riflettono una profonda armonia compositiva. Sovilla \u00e8 stato un protagonista della scena artistica veneta e ha esposto in numerose gallerie e musei, sia in Italia che all\u2019estero. Lascia i figli Francesco e Paola. Il funerale si terr\u00e0 mercoled\u00ecalle 15 nella chiesa di San Giovanni Bosco.<\/p>\n<\/div>\n<\/div>\n<\/div>\n<\/div>\n<p>&nbsp;<\/p>\n<p>&nbsp;<\/p>\n<hr \/>\n<p>&nbsp;<\/p>\n<blockquote>\n<h3>MOTOCICLISTA USCITO DI STRADA A BORGO VALBELLUNA<\/h3>\n<\/blockquote>\n<p><strong><a class=\"dt-pswp-item\" href=\"https:\/\/www.radiopiu.net\/wordpress\/wp-content\/uploads\/2024\/10\/Watermark_20241013_142644_114.jpg\" data-dt-img-description=\"\" data-large_image_width=\"2364\" data-large_image_height=\"1773\"><img loading=\"lazy\" decoding=\"async\" class=\" wp-image-414231 alignleft\" src=\"https:\/\/www.radiopiu.net\/wordpress\/wp-content\/uploads\/2024\/10\/Watermark_20241013_142644_114-300x225.jpg\" alt=\"\" width=\"221\" height=\"166\" srcset=\"https:\/\/www.radiopiu.net\/wordpress\/wp-content\/uploads\/2024\/10\/Watermark_20241013_142644_114-300x225.jpg 300w, https:\/\/www.radiopiu.net\/wordpress\/wp-content\/uploads\/2024\/10\/Watermark_20241013_142644_114-1024x768.jpg 1024w, https:\/\/www.radiopiu.net\/wordpress\/wp-content\/uploads\/2024\/10\/Watermark_20241013_142644_114-768x576.jpg 768w, https:\/\/www.radiopiu.net\/wordpress\/wp-content\/uploads\/2024\/10\/Watermark_20241013_142644_114-1536x1152.jpg 1536w, https:\/\/www.radiopiu.net\/wordpress\/wp-content\/uploads\/2024\/10\/Watermark_20241013_142644_114-2048x1536.jpg 2048w\" sizes=\"auto, (max-width: 221px) 100vw, 221px\" \/><\/a>BORGO VALBELLUNA<\/strong> Ieri intorno alle 11:30, il Soccorso alpino delle Prealpi Trevigiane \u00e8 stato allertato per un incidente che ha coinvolto un motociclista nel tratto tra Malga Canidi e il Rifugio Boz. Il centauro \u00e8 precipitato per circa 30 metri fuori dalla strada, riportando un sospetto trauma alla gamba. Sul posto sono intervenuti il tecnico di elisoccorso e il personale medico dell&#8217;elicottero di Treviso emergenza, che sono stati calati con un verricello vicino all&#8217;infortunato. Una squadra di soccorritori ha poi imbarellato il motociclista, sollevandolo fino alla strada con un paranco di 20 metri. A causa delle condizioni meteorologiche, con le nuvole che impedivano l&#8217;intervento dell&#8217;eliambulanza, il ferito \u00e8 stato trasportato dai soccorritori fino al Rifugio Boz, dove \u00e8 stato infine imbarcato per il trasferimento in ospedale.<\/p>\n<p>&nbsp;<\/p>\n<p>&nbsp;<\/p>\n<hr \/>\n<p>&nbsp;<\/p>\n<blockquote>\n<h3>RECUPERATE DUE ESCURSIONISTE SUL MONTE PELMO<\/h3>\n<\/blockquote>\n<p><strong><a class=\"dt-pswp-item\" href=\"https:\/\/www.radiopiu.net\/wordpress\/wp-content\/uploads\/2024\/10\/Watermark_20241013_193604_838.jpg\" data-dt-img-description=\"\" data-large_image_width=\"1773\" data-large_image_height=\"2364\"><img loading=\"lazy\" decoding=\"async\" class=\" wp-image-414243 alignleft\" src=\"https:\/\/www.radiopiu.net\/wordpress\/wp-content\/uploads\/2024\/10\/Watermark_20241013_193604_838-225x300.jpg\" alt=\"\" width=\"120\" height=\"160\" srcset=\"https:\/\/www.radiopiu.net\/wordpress\/wp-content\/uploads\/2024\/10\/Watermark_20241013_193604_838-225x300.jpg 225w, https:\/\/www.radiopiu.net\/wordpress\/wp-content\/uploads\/2024\/10\/Watermark_20241013_193604_838-768x1024.jpg 768w, https:\/\/www.radiopiu.net\/wordpress\/wp-content\/uploads\/2024\/10\/Watermark_20241013_193604_838-1152x1536.jpg 1152w, https:\/\/www.radiopiu.net\/wordpress\/wp-content\/uploads\/2024\/10\/Watermark_20241013_193604_838-1536x2048.jpg 1536w, https:\/\/www.radiopiu.net\/wordpress\/wp-content\/uploads\/2024\/10\/Watermark_20241013_193604_838.jpg 1773w\" sizes=\"auto, (max-width: 120px) 100vw, 120px\" \/><\/a> <\/strong><\/p>\n<p><strong>\u00a0<\/strong><\/p>\n<p><strong>VODO DI CADORE<\/strong> Attorno alle 16.30 di ieri la Centrale del Suem \u00e8 stata allertata da due escursioniste in difficolt\u00e0 lungo la cengia della Dambra sul Pelmo. Le due, sorelle di Mestre (VE), non erano pi\u00f9 in grado di proseguire poich\u00e9 una si era sentita male e aveva una crisi di panico. Risaliti alle coordinate del punto in cui si trovavano le due donne, l&#8217;elicottero di Pieve di Cadore le ha individuate, sbarcando tecnico di elisoccorso e medico nelle vicinanze. Le sorelle sono state imbarcare con il verricello e trasportate all&#8217;ospedale di Pieve di Cadore per gli accertamenti riguardanti la 51enne che non stava bene.<\/p>\n<p>&nbsp;<\/p>\n<p>&nbsp;<\/p>\n<hr \/>\n<p>&nbsp;<\/p>\n<blockquote>\n<h2>Un altro asino ucciso dai lupi: la disperazione degli allevatori vicino alla Foresta del Cansiglio<\/h2>\n<\/blockquote>\n<p><em><a class=\"dt-pswp-item\" href=\"https:\/\/www.radiopiu.net\/wordpress\/wp-content\/uploads\/2024\/10\/Immagine-WhatsApp-2024-10-13-ore-08.48.52_cba90d6c.jpg\" data-dt-img-description=\"\" data-large_image_width=\"1080\" data-large_image_height=\"1920\"><img loading=\"lazy\" decoding=\"async\" class=\" wp-image-414313 alignleft\" src=\"https:\/\/www.radiopiu.net\/wordpress\/wp-content\/uploads\/2024\/10\/Immagine-WhatsApp-2024-10-13-ore-08.48.52_cba90d6c-169x300.jpg\" alt=\"\" width=\"140\" height=\"249\" srcset=\"https:\/\/www.radiopiu.net\/wordpress\/wp-content\/uploads\/2024\/10\/Immagine-WhatsApp-2024-10-13-ore-08.48.52_cba90d6c-169x300.jpg 169w, https:\/\/www.radiopiu.net\/wordpress\/wp-content\/uploads\/2024\/10\/Immagine-WhatsApp-2024-10-13-ore-08.48.52_cba90d6c-576x1024.jpg 576w, https:\/\/www.radiopiu.net\/wordpress\/wp-content\/uploads\/2024\/10\/Immagine-WhatsApp-2024-10-13-ore-08.48.52_cba90d6c-768x1365.jpg 768w, https:\/\/www.radiopiu.net\/wordpress\/wp-content\/uploads\/2024\/10\/Immagine-WhatsApp-2024-10-13-ore-08.48.52_cba90d6c-864x1536.jpg 864w, https:\/\/www.radiopiu.net\/wordpress\/wp-content\/uploads\/2024\/10\/Immagine-WhatsApp-2024-10-13-ore-08.48.52_cba90d6c.jpg 1080w\" sizes=\"auto, (max-width: 140px) 100vw, 140px\" \/><\/a>&#8220;Stamattina, con grande dolore, siamo costretti a raccontare un nuovo, tragico episodio: un altro dei nostri asini \u00e8 stato brutalmente ucciso dai lupi. La scena \u00e8 stata devastante, l&#8217;animale quasi interamente divorato. Per noi non era solo un asino, ma un compagno prezioso, parte integrante del nostro lavoro e della nostra vita quotidiana&#8221;.\u00a0<\/em><\/p>\n<p>Questo quanto ci riportano Wendi Zopp\u00e8 e Tamara De Filippo,\u00a0 dalla Foresta del Cansiglio, dove la presenza dei lupi si sta facendo sempre pi\u00f9 massiccia. &#8220;Siamo consapevoli dell&#8217;importanza della biodiversit\u00e0 e del ruolo dei lupi nell&#8217;ecosistema, ma ci chiediamo: chi protegge noi allevatori? Chi tutela i nostri animali e il nostro sostentamento?&#8221; rimarca Wendi Zopp\u00e8.<\/p>\n<p><em>La paura di nuovi attacchi \u00e8 diventata una costante. &#8220;Dobbiamo davvero accettare di convivere con questo rischio &#8211; aggiunge Tamara De Filippo &#8211;\u00a0 sapendo che potrebbe peggiorare anche per la nostra stessa sicurezza? Rivolgiamo un appello urgente alle autorit\u00e0: non chiediamo l&#8217;eliminazione dei lupi, ma misure preventive efficaci, supporto concreto e risarcimenti adeguati&#8221;.<\/em><\/p>\n<p>\u00c8 tempo di agire con un piano di gestione che tenga conto non solo della conservazione dei lupi, ma anche della sopravvivenza degli allevatori. Non possiamo pi\u00f9 aspettare.<\/p>\n<p>&nbsp;<\/p>\n<p>&nbsp;<\/p>\n<hr \/>\n<p>&nbsp;<\/p>\n<blockquote>\n<h3>ANAS: AGGIORNAMENTO SUI LAVORI DI DEMOLIZIONE E RICOSTRUZIONE DEL CAVALCAFERROVIA DI PONT, A BUSCHE<\/h3>\n<\/blockquote>\n<p><strong><a class=\"dt-pswp-item\" href=\"https:\/\/www.radiopiu.net\/wordpress\/wp-content\/uploads\/2024\/10\/ANAS.jpg\" data-dt-img-description=\"\" data-large_image_width=\"842\" data-large_image_height=\"595\"><img loading=\"lazy\" decoding=\"async\" class=\" wp-image-414157 alignleft\" src=\"https:\/\/www.radiopiu.net\/wordpress\/wp-content\/uploads\/2024\/10\/ANAS-300x212.jpg\" alt=\"\" width=\"173\" height=\"122\" srcset=\"https:\/\/www.radiopiu.net\/wordpress\/wp-content\/uploads\/2024\/10\/ANAS-300x212.jpg 300w, https:\/\/www.radiopiu.net\/wordpress\/wp-content\/uploads\/2024\/10\/ANAS-768x543.jpg 768w, https:\/\/www.radiopiu.net\/wordpress\/wp-content\/uploads\/2024\/10\/ANAS.jpg 842w\" sizes=\"auto, (max-width: 173px) 100vw, 173px\" \/><\/a>VENEZIA\u00a0 <\/strong>I lavori di demolizione e ricostruzione del cavalcaferrovia di Pont, in localit\u00e0 Busche, lungo la SS 50 &#8220;del Grappa e Passo Rolle&#8221;, la cui riapertura al traffico \u00e8 prevista il 25 ottobre prossimo, proseguono secondo programma. La notizia \u00e8 stata confermata da Anas in Prefettura a Belluno, nell&#8217;ambito di una riunione convocata lo scorso 8 ottobre dal Prefetto allo scopo di avere un aggiornamento sullo stato di avanzamento dell&#8217;intervento insieme ai Sindaci di Borgo Valbelluna, Cesiomaggiore, Feltre e Santa Giustina, nonch\u00e9 alla Provincia di Belluno, a Dolomitibus e alle Forze dell&#8217;Ordine. In sede di riunione si \u00e8 convenuto che le modalit\u00e0 di riapertura dell&#8217;opera saranno comunicate tempestivamente non appena ultimate le operazioni di collaudo, attualmente in corso.<\/p>\n<p>&nbsp;<\/p>\n<p>&nbsp;<\/p>\n<hr \/>\n<p>&nbsp;<\/p>\n<blockquote>\n<h3>A SEDICO UNA MOZIONE PER L&#8217;ASILO DI BOLAGO<\/h3>\n<\/blockquote>\n<p><strong><a class=\"dt-pswp-item\" href=\"https:\/\/www.radiopiu.net\/wordpress\/wp-content\/uploads\/2022\/05\/ce23bb83-faf8-469a-8c9b-e0f0d6a47ce7.jpg\" data-dt-img-description=\"\" data-large_image_width=\"2048\" data-large_image_height=\"1512\"><img loading=\"lazy\" decoding=\"async\" class=\" wp-image-276345 alignleft\" src=\"https:\/\/www.radiopiu.net\/wordpress\/wp-content\/uploads\/2022\/05\/ce23bb83-faf8-469a-8c9b-e0f0d6a47ce7-300x221.jpg\" alt=\"\" width=\"209\" height=\"154\" srcset=\"https:\/\/www.radiopiu.net\/wordpress\/wp-content\/uploads\/2022\/05\/ce23bb83-faf8-469a-8c9b-e0f0d6a47ce7-300x221.jpg 300w, https:\/\/www.radiopiu.net\/wordpress\/wp-content\/uploads\/2022\/05\/ce23bb83-faf8-469a-8c9b-e0f0d6a47ce7-1024x756.jpg 1024w, https:\/\/www.radiopiu.net\/wordpress\/wp-content\/uploads\/2022\/05\/ce23bb83-faf8-469a-8c9b-e0f0d6a47ce7-768x567.jpg 768w, https:\/\/www.radiopiu.net\/wordpress\/wp-content\/uploads\/2022\/05\/ce23bb83-faf8-469a-8c9b-e0f0d6a47ce7-1536x1134.jpg 1536w, https:\/\/www.radiopiu.net\/wordpress\/wp-content\/uploads\/2022\/05\/ce23bb83-faf8-469a-8c9b-e0f0d6a47ce7.jpg 2048w\" sizes=\"auto, (max-width: 209px) 100vw, 209px\" \/><\/a>SEDICO<\/strong> La mozione presentata dal gruppo consiliare &#8220;Sedico con Gioia&#8221; propone la costruzione di un asilo nido integrato presso la scuola dell&#8217;infanzia di Bolago, nel Comune di Sedico, utilizzando i fondi PNRR di 720.000 euro gi\u00e0 assegnati. Le consigliere sottolineano la necessit\u00e0 di migliorare i servizi alla prima infanzia nelle frazioni periferiche come Bolago, che soffrono di una progressiva riduzione degli iscritti nelle scuole locali. Questo asilo integrato, oltre a contrastare la centralizzazione dei servizi nel centro del comune, permetterebbe di migliorare le strutture esistenti, come la mensa e il doposcuola, e favorirebbe la crescita della comunit\u00e0 locale. Tuttavia, la mozione \u00e8 stata respinta dalla maggioranza, che ha deciso di rinunciare ai fondi a causa dei costi incerti. &#8220;Sedico con Gioia&#8221; continua a sostenere l&#8217;importanza del progetto per preservare i servizi essenziali nella parte alta del territorio e ha avviato una raccolta firme per ottenere il supporto dei cittadini.<\/p>\n<p>&nbsp;<\/p>\n<p>&nbsp;<\/p>\n<hr \/>\n<p>&nbsp;<\/p>\n<blockquote>\n<h3>L&#8217;AZIENDA SPECIALE LONGARONE-ZOLDO CHIUDE IL 2023 IN POSITIVO<\/h3>\n<\/blockquote>\n<p><strong><a class=\"dt-pswp-item\" href=\"https:\/\/www.radiopiu.net\/wordpress\/wp-content\/uploads\/2023\/03\/MUNICIPIO-LONGARONE-scaled.jpg\" data-dt-img-description=\"\" data-large_image_width=\"2560\" data-large_image_height=\"1707\"><img loading=\"lazy\" decoding=\"async\" class=\" wp-image-328192 alignleft\" src=\"https:\/\/www.radiopiu.net\/wordpress\/wp-content\/uploads\/2023\/03\/MUNICIPIO-LONGARONE-300x200.jpg\" alt=\"\" width=\"203\" height=\"135\" srcset=\"https:\/\/www.radiopiu.net\/wordpress\/wp-content\/uploads\/2023\/03\/MUNICIPIO-LONGARONE-300x200.jpg 300w, https:\/\/www.radiopiu.net\/wordpress\/wp-content\/uploads\/2023\/03\/MUNICIPIO-LONGARONE-1024x683.jpg 1024w, https:\/\/www.radiopiu.net\/wordpress\/wp-content\/uploads\/2023\/03\/MUNICIPIO-LONGARONE-768x512.jpg 768w, https:\/\/www.radiopiu.net\/wordpress\/wp-content\/uploads\/2023\/03\/MUNICIPIO-LONGARONE-1536x1024.jpg 1536w, https:\/\/www.radiopiu.net\/wordpress\/wp-content\/uploads\/2023\/03\/MUNICIPIO-LONGARONE-2048x1366.jpg 2048w\" sizes=\"auto, (max-width: 203px) 100vw, 203px\" \/><\/a>LONGARONE<\/strong> L\u2019Azienda speciale Longarone-Zoldo ha chiuso il bilancio 2023 in positivo, con un utile di 182mila euro, segnando un anno di successi nella gestione dei servizi per i Comuni di Longarone e Zoldo. Il centro di fisioterapia FisioLZ, inaugurato nell&#8217;aprile 2023, ha gi\u00e0 mostrato risultati promettenti, consentendo ai cittadini di accedere a servizi specialistici senza dover uscire dal Comune. Le rette della Casa di Riposo restano tra le pi\u00f9 basse della provincia, e grazie a un accordo integrativo vantaggioso, il personale \u00e8 adeguatamente qualificato. Il sindaco Roberto Padrin e il dottor Ali Chreyha hanno elogiato la gestione economica dell\u2019AziendaLZ, sottolineando che il modello di servizio adottato ha permesso di realizzare progetti a costi inferiori rispetto a un affidamento esterno.<\/p>\n<p>&nbsp;<\/p>\n<p>&nbsp;<\/p>\n<hr \/>\n<p>&nbsp;<\/p>\n<blockquote>\n<h3>IN VENETO LA POPOLAZIONE E&#8217; SEMPRE PIU&#8217; ANZIANA<\/h3>\n<\/blockquote>\n<p><strong><a class=\"dt-pswp-item\" href=\"https:\/\/www.radiopiu.net\/wordpress\/wp-content\/uploads\/2023\/02\/SPI-CGIL.png\" data-dt-img-description=\"\" data-large_image_width=\"278\" data-large_image_height=\"244\"><img loading=\"lazy\" decoding=\"async\" class=\" wp-image-322694 alignleft\" src=\"https:\/\/www.radiopiu.net\/wordpress\/wp-content\/uploads\/2023\/02\/SPI-CGIL.png\" alt=\"\" width=\"136\" height=\"119\" \/><\/a>VENEZIA<\/strong> Secondo lo Spi Cgil del Veneto, la Regione dovr\u00e0 affrontare due sfide principali nei prossimi anni: programmare la sanit\u00e0 e l\u2019assistenza territoriale e promuovere politiche per l\u2019invecchiamento attivo. I dati Istat evidenziano un aumento significativo della popolazione anziana: entro il 2033 gli ultra65enni cresceranno del 20%, arrivando al 29,5% della popolazione, e gli ultra80enni del 19,7%, rappresentando il 9,3%. Questo aumento richiede una gestione efficace della non autosufficienza e una maggiore attenzione alla cura e assistenza. Lo Spi Cgil invita a investire in risorse, personale e strutture adeguate, sottolineando l&#8217;importanza di politiche per l&#8217;invecchiamento attivo e una programmazione a lungo termine per evitare future crisi assistenziali.<\/p>\n<p>&nbsp;<\/p>\n<p>&nbsp;<\/p>\n<hr \/>\n<p>&nbsp;<\/p>\n<blockquote>\n<h3>GLI STUDENTI CHIEDONO EDUCAZIONE ALLA PACE NELLE SCUOLE<\/h3>\n<\/blockquote>\n<p><strong><a class=\"dt-pswp-item\" href=\"https:\/\/www.radiopiu.net\/wordpress\/wp-content\/uploads\/2024\/10\/PACE.png\" data-dt-img-description=\"\" data-large_image_width=\"640\" data-large_image_height=\"427\"><img loading=\"lazy\" decoding=\"async\" class=\" wp-image-414226 alignleft\" src=\"https:\/\/www.radiopiu.net\/wordpress\/wp-content\/uploads\/2024\/10\/PACE-300x200.png\" alt=\"\" width=\"167\" height=\"111\" srcset=\"https:\/\/www.radiopiu.net\/wordpress\/wp-content\/uploads\/2024\/10\/PACE-300x200.png 300w, https:\/\/www.radiopiu.net\/wordpress\/wp-content\/uploads\/2024\/10\/PACE.png 640w\" sizes=\"auto, (max-width: 167px) 100vw, 167px\" \/><\/a>BELLUNO<\/strong> Da oltre un anno, gli studenti italiani si mobilitano a favore della Palestina, presentando mozioni nelle universit\u00e0 per condannare l&#8217;occupazione israeliana e chiedere la cessazione di rapporti con aziende belliche. La Rete degli Studenti Medi del Veneto ha esteso l&#8217;iniziativa anche nelle scuole superiori, promuovendo una mozione per il riconoscimento del genocidio dei civili palestinesi e l\u2019interruzione di legami con enti legati all\u2019industria bellica. La mozione propone anche l\u2019inserimento di lezioni di educazione alla pace nei curricoli scolastici, coinvolgendo associazioni che lavorano sulla risoluzione nonviolenta dei conflitti, con l\u2019obiettivo di fare della scuola un punto di riferimento per la promozione della pace.<\/p>\n<p>&nbsp;<\/p>\n<p>&nbsp;<\/p>\n<hr \/>\n<p>&nbsp;<\/p>\n<blockquote>\n<h2>LA FESTA A PIEVE, SABATO L&#8217;INTITOLAZIONE DELLA PIAZZA<\/h2>\n<\/blockquote>\n<p><strong><img loading=\"lazy\" decoding=\"async\" class=\"alignleft\" src=\"https:\/\/www.radiopiu.net\/wordpress\/wp-content\/uploads\/2022\/11\/Senza-nome-71.jpg\" width=\"211\" height=\"127\" \/><\/strong><\/p>\n<p><strong>LIVINALLONGO<\/strong><\/p>\n<p>Il Comune di Livinallongo ha celebrato\u00a0 un&#8217;importante figura storica del territorio con l&#8217;intitolazione della piazza del Municipio a Catarina Lanz. La cerimonia si \u00e8 tenuta\u00a0 sabato\u00a0 a Pieve di Livinallongo\u00a0 con la partecipazione del Sindaco e dell\u2019Amministrazione Comunale, affiancati dall\u2019Union dei Ladins da Fodom, l\u2019Istitut Ladin Cesa de Jan, la Sch\u00fctzenkompanie Buchenstein e la Parrocchia di Livinallongo.<\/p>\n<p>Catarina Lanz \u00e8 un simbolo di coraggio e resilienza per la comunit\u00e0 ladina, riconosciuta per il suo contributo durante le guerre napoleoniche, quando si distinse per la difesa delle proprie terre. La decisione di intitolare la piazza principale del paese a questa eroina locale riflette il desiderio di onorare la sua memoria e il legame profondo con la cultura e la storia ladina.<\/p>\n<p>&nbsp;<\/p>\n<hr \/>\n<p>&nbsp;<\/p>\n<blockquote>\n<h3>FRANCESCA MUSSOI PREMIATA DA CONFARTIGIANATO IMPRESE BELLUNO<\/h3>\n<\/blockquote>\n<p><strong><a class=\"dt-pswp-item\" href=\"https:\/\/www.radiopiu.net\/wordpress\/wp-content\/uploads\/2024\/10\/WhatsApp-Image-2024-10-12-at-09.38.16.jpeg\" data-dt-img-description=\"\" data-large_image_width=\"2048\" data-large_image_height=\"1536\"><img loading=\"lazy\" decoding=\"async\" class=\" wp-image-414133 alignleft\" src=\"https:\/\/www.radiopiu.net\/wordpress\/wp-content\/uploads\/2024\/10\/WhatsApp-Image-2024-10-12-at-09.38.16-300x225.jpeg\" alt=\"\" width=\"177\" height=\"133\" srcset=\"https:\/\/www.radiopiu.net\/wordpress\/wp-content\/uploads\/2024\/10\/WhatsApp-Image-2024-10-12-at-09.38.16-300x225.jpeg 300w, https:\/\/www.radiopiu.net\/wordpress\/wp-content\/uploads\/2024\/10\/WhatsApp-Image-2024-10-12-at-09.38.16-1024x768.jpeg 1024w, https:\/\/www.radiopiu.net\/wordpress\/wp-content\/uploads\/2024\/10\/WhatsApp-Image-2024-10-12-at-09.38.16-768x576.jpeg 768w, https:\/\/www.radiopiu.net\/wordpress\/wp-content\/uploads\/2024\/10\/WhatsApp-Image-2024-10-12-at-09.38.16-1536x1152.jpeg 1536w, https:\/\/www.radiopiu.net\/wordpress\/wp-content\/uploads\/2024\/10\/WhatsApp-Image-2024-10-12-at-09.38.16.jpeg 2048w\" sizes=\"auto, (max-width: 177px) 100vw, 177px\" \/><\/a>BELLUNO<\/strong> Francesca Mussoi \u00e8 stata premiata con il &#8220;Premio Eccellenza Donna Belluno&#8221; per il suo libro <em>Sono solo un albero<\/em>, in cui riflette sull&#8217;importanza degli alberi e della natura nelle nostre vite. Il riconoscimento, consegnato da Roberta De Salvador, Presidente del Gruppo Donne Impresa di Confartigianato Belluno, celebra la resilienza e determinazione di Mussoi, che ha saputo reinventarsi di fronte alle difficolt\u00e0. Scrivendo il libro, Mussoi si \u00e8 immedesimata in un albero, invitando i lettori a riscoprire la connessione con la natura. La cerimonia si \u00e8 svolta durante la rassegna culturale &#8220;Oltre Le Vette&#8221;, con interventi di Marco D&#8217;Inc\u00e0 e l&#8217;Assessore alla cultura Raffaele Addamiano.<\/p>\n<p>&nbsp;<\/p>\n<p>&nbsp;<\/p>\n<hr \/>\n<p>&nbsp;<\/p>\n<blockquote>\n<h3>MARTEDI&#8217; LA CONSEGNA DEL PREMIO PIAVE D&#8217;ARGENTO<\/h3>\n<\/blockquote>\n<p><strong><a class=\"dt-pswp-item\" href=\"https:\/\/www.radiopiu.net\/wordpress\/wp-content\/uploads\/2024\/10\/CASA-DEUROPA.png\" data-dt-img-description=\"\" data-large_image_width=\"494\" data-large_image_height=\"360\"><img loading=\"lazy\" decoding=\"async\" class=\" wp-image-414155 alignleft\" src=\"https:\/\/www.radiopiu.net\/wordpress\/wp-content\/uploads\/2024\/10\/CASA-DEUROPA-300x219.png\" alt=\"\" width=\"168\" height=\"123\" srcset=\"https:\/\/www.radiopiu.net\/wordpress\/wp-content\/uploads\/2024\/10\/CASA-DEUROPA-300x219.png 300w, https:\/\/www.radiopiu.net\/wordpress\/wp-content\/uploads\/2024\/10\/CASA-DEUROPA.png 494w\" sizes=\"auto, (max-width: 168px) 100vw, 168px\" \/><\/a>BELLUNO<\/strong> Il premio &#8220;Piave d&#8217;argento 2024&#8221;, giunto alla quarta edizione, si terr\u00e0 marted\u00ec 15 ottobre presso la sala cultura &#8220;Bici-grill&#8221; di Lattebusche e sar\u00e0 condotto da Luisa Venturin. Il riconoscimento valorizza il patrimonio culturale ed economico della Valle del Piave e del territorio dolomitico veneto, premiando programmi televisivi, giornalisti e influencer che ne hanno promosso le peculiarit\u00e0. Quest&#8217;anno saranno premiate Giulia Capocchi, Laura Coden e Valentina Graziosi. Durante la serata verr\u00e0 inoltre assegnato il riconoscimento alla memoria di Max Pachner a due realt\u00e0 sociali. L&#8217;evento, patrocinato da importanti enti regionali, vedr\u00e0 la consegna di opere dell&#8217;artista Valentino Moro.<\/p>\n<p>&nbsp;<\/p>\n<p>&nbsp;<\/p>\n<hr \/>\n<p>&nbsp;<\/p>\n<blockquote>\n<h3>ALVARO DAL FARRA A NAPOLI PER PORTARE SORRISI AI BAMBINI SANTO BONO PAUSILLIPON<\/h3>\n<\/blockquote>\n<p><strong>NAPOLI<\/strong> Venerd\u00ec, Alvaro Dal Farra e Marco Barzan hanno fatto visita ai reparti di pediatria oncologica dell\u2019Ospedale Santo Bono Pausillipon di Napoli, portando gioia ai piccoli pazienti con le loro moto elettriche. I due piloti hanno regalato momenti di spensieratezza e divertimento, un gesto prezioso in un ambiente segnato dalla malattia. Alvaro, con il suo motto &#8220;facendo fare i bambini ai bambini&#8221;, ha creato un\u2019atmosfera di leggerezza per i bambini e le loro famiglie. La visita \u00e8 stata parte del Vesuvio Motorshow, dove i piloti si esibiranno in spettacoli di Stunt Riding e Freestyle.<\/p>\n<p><a class=\"dt-pswp-item\" href=\"https:\/\/www.radiopiu.net\/wordpress\/wp-content\/uploads\/2024\/10\/3d0e3aca-b665-403e-8737-fa05d91bc79d.jpg\" data-dt-img-description=\"\" data-large_image_width=\"1200\" data-large_image_height=\"1600\"><img loading=\"lazy\" decoding=\"async\" class=\"alignnone size-medium wp-image-414135\" src=\"https:\/\/www.radiopiu.net\/wordpress\/wp-content\/uploads\/2024\/10\/3d0e3aca-b665-403e-8737-fa05d91bc79d-225x300.jpg\" alt=\"\" width=\"225\" height=\"300\" srcset=\"https:\/\/www.radiopiu.net\/wordpress\/wp-content\/uploads\/2024\/10\/3d0e3aca-b665-403e-8737-fa05d91bc79d-225x300.jpg 225w, https:\/\/www.radiopiu.net\/wordpress\/wp-content\/uploads\/2024\/10\/3d0e3aca-b665-403e-8737-fa05d91bc79d-768x1024.jpg 768w, https:\/\/www.radiopiu.net\/wordpress\/wp-content\/uploads\/2024\/10\/3d0e3aca-b665-403e-8737-fa05d91bc79d-1152x1536.jpg 1152w, https:\/\/www.radiopiu.net\/wordpress\/wp-content\/uploads\/2024\/10\/3d0e3aca-b665-403e-8737-fa05d91bc79d.jpg 1200w\" sizes=\"auto, (max-width: 225px) 100vw, 225px\" \/><\/a><a class=\"dt-pswp-item\" href=\"https:\/\/www.radiopiu.net\/wordpress\/wp-content\/uploads\/2024\/10\/c2334075-be6c-418a-93ae-b9809e8cc748.jpg\" data-dt-img-description=\"\" data-large_image_width=\"1536\" data-large_image_height=\"2048\"><img loading=\"lazy\" decoding=\"async\" class=\"alignnone size-medium wp-image-414136\" src=\"https:\/\/www.radiopiu.net\/wordpress\/wp-content\/uploads\/2024\/10\/c2334075-be6c-418a-93ae-b9809e8cc748-225x300.jpg\" alt=\"\" width=\"225\" height=\"300\" srcset=\"https:\/\/www.radiopiu.net\/wordpress\/wp-content\/uploads\/2024\/10\/c2334075-be6c-418a-93ae-b9809e8cc748-225x300.jpg 225w, https:\/\/www.radiopiu.net\/wordpress\/wp-content\/uploads\/2024\/10\/c2334075-be6c-418a-93ae-b9809e8cc748-768x1024.jpg 768w, https:\/\/www.radiopiu.net\/wordpress\/wp-content\/uploads\/2024\/10\/c2334075-be6c-418a-93ae-b9809e8cc748-1152x1536.jpg 1152w, https:\/\/www.radiopiu.net\/wordpress\/wp-content\/uploads\/2024\/10\/c2334075-be6c-418a-93ae-b9809e8cc748.jpg 1536w\" sizes=\"auto, (max-width: 225px) 100vw, 225px\" \/><\/a><a class=\"dt-pswp-item\" href=\"https:\/\/www.radiopiu.net\/wordpress\/wp-content\/uploads\/2024\/10\/46ec74cd-965b-406d-987a-beb60121b9e5.jpg\" data-dt-img-description=\"\" data-large_image_width=\"1536\" data-large_image_height=\"2048\"><img loading=\"lazy\" decoding=\"async\" class=\"alignnone size-medium wp-image-414137\" src=\"https:\/\/www.radiopiu.net\/wordpress\/wp-content\/uploads\/2024\/10\/46ec74cd-965b-406d-987a-beb60121b9e5-225x300.jpg\" alt=\"\" width=\"225\" height=\"300\" srcset=\"https:\/\/www.radiopiu.net\/wordpress\/wp-content\/uploads\/2024\/10\/46ec74cd-965b-406d-987a-beb60121b9e5-225x300.jpg 225w, https:\/\/www.radiopiu.net\/wordpress\/wp-content\/uploads\/2024\/10\/46ec74cd-965b-406d-987a-beb60121b9e5-768x1024.jpg 768w, https:\/\/www.radiopiu.net\/wordpress\/wp-content\/uploads\/2024\/10\/46ec74cd-965b-406d-987a-beb60121b9e5-1152x1536.jpg 1152w, https:\/\/www.radiopiu.net\/wordpress\/wp-content\/uploads\/2024\/10\/46ec74cd-965b-406d-987a-beb60121b9e5.jpg 1536w\" sizes=\"auto, (max-width: 225px) 100vw, 225px\" \/><\/a><a class=\"dt-pswp-item\" href=\"https:\/\/www.radiopiu.net\/wordpress\/wp-content\/uploads\/2024\/10\/253d0da9-912c-4377-abd8-46bfe0f55cf8.jpg\" data-dt-img-description=\"\" data-large_image_width=\"1536\" data-large_image_height=\"2048\"><img loading=\"lazy\" decoding=\"async\" class=\"alignnone size-medium wp-image-414138\" src=\"https:\/\/www.radiopiu.net\/wordpress\/wp-content\/uploads\/2024\/10\/253d0da9-912c-4377-abd8-46bfe0f55cf8-225x300.jpg\" alt=\"\" width=\"225\" height=\"300\" srcset=\"https:\/\/www.radiopiu.net\/wordpress\/wp-content\/uploads\/2024\/10\/253d0da9-912c-4377-abd8-46bfe0f55cf8-225x300.jpg 225w, https:\/\/www.radiopiu.net\/wordpress\/wp-content\/uploads\/2024\/10\/253d0da9-912c-4377-abd8-46bfe0f55cf8-768x1024.jpg 768w, https:\/\/www.radiopiu.net\/wordpress\/wp-content\/uploads\/2024\/10\/253d0da9-912c-4377-abd8-46bfe0f55cf8-1152x1536.jpg 1152w, https:\/\/www.radiopiu.net\/wordpress\/wp-content\/uploads\/2024\/10\/253d0da9-912c-4377-abd8-46bfe0f55cf8.jpg 1536w\" sizes=\"auto, (max-width: 225px) 100vw, 225px\" \/><\/a><a class=\"dt-pswp-item\" href=\"https:\/\/www.radiopiu.net\/wordpress\/wp-content\/uploads\/2024\/10\/80ea4c24-92fb-4e17-98de-a06e8a615cc0.jpg\" data-dt-img-description=\"\" data-large_image_width=\"1200\" data-large_image_height=\"1600\"><img loading=\"lazy\" decoding=\"async\" class=\"alignnone size-medium wp-image-414139\" src=\"https:\/\/www.radiopiu.net\/wordpress\/wp-content\/uploads\/2024\/10\/80ea4c24-92fb-4e17-98de-a06e8a615cc0-225x300.jpg\" alt=\"\" width=\"225\" height=\"300\" srcset=\"https:\/\/www.radiopiu.net\/wordpress\/wp-content\/uploads\/2024\/10\/80ea4c24-92fb-4e17-98de-a06e8a615cc0-225x300.jpg 225w, https:\/\/www.radiopiu.net\/wordpress\/wp-content\/uploads\/2024\/10\/80ea4c24-92fb-4e17-98de-a06e8a615cc0-768x1024.jpg 768w, https:\/\/www.radiopiu.net\/wordpress\/wp-content\/uploads\/2024\/10\/80ea4c24-92fb-4e17-98de-a06e8a615cc0-1152x1536.jpg 1152w, https:\/\/www.radiopiu.net\/wordpress\/wp-content\/uploads\/2024\/10\/80ea4c24-92fb-4e17-98de-a06e8a615cc0.jpg 1200w\" sizes=\"auto, (max-width: 225px) 100vw, 225px\" \/><\/a><a class=\"dt-pswp-item\" href=\"https:\/\/www.radiopiu.net\/wordpress\/wp-content\/uploads\/2024\/10\/4833bd53-65d4-4527-bc97-3513a05ad892.jpg\" data-dt-img-description=\"\" data-large_image_width=\"1200\" data-large_image_height=\"1600\"><img loading=\"lazy\" decoding=\"async\" class=\"alignnone size-medium wp-image-414140\" src=\"https:\/\/www.radiopiu.net\/wordpress\/wp-content\/uploads\/2024\/10\/4833bd53-65d4-4527-bc97-3513a05ad892-225x300.jpg\" alt=\"\" width=\"225\" height=\"300\" srcset=\"https:\/\/www.radiopiu.net\/wordpress\/wp-content\/uploads\/2024\/10\/4833bd53-65d4-4527-bc97-3513a05ad892-225x300.jpg 225w, https:\/\/www.radiopiu.net\/wordpress\/wp-content\/uploads\/2024\/10\/4833bd53-65d4-4527-bc97-3513a05ad892-768x1024.jpg 768w, https:\/\/www.radiopiu.net\/wordpress\/wp-content\/uploads\/2024\/10\/4833bd53-65d4-4527-bc97-3513a05ad892-1152x1536.jpg 1152w, https:\/\/www.radiopiu.net\/wordpress\/wp-content\/uploads\/2024\/10\/4833bd53-65d4-4527-bc97-3513a05ad892.jpg 1200w\" sizes=\"auto, (max-width: 225px) 100vw, 225px\" \/><\/a><a class=\"dt-pswp-item\" href=\"https:\/\/www.radiopiu.net\/wordpress\/wp-content\/uploads\/2024\/10\/93d33de5-418d-4f41-aced-fab7717b2de7.jpg\" data-dt-img-description=\"\" data-large_image_width=\"1536\" data-large_image_height=\"2048\"><img loading=\"lazy\" decoding=\"async\" class=\"alignnone size-medium wp-image-414141\" src=\"https:\/\/www.radiopiu.net\/wordpress\/wp-content\/uploads\/2024\/10\/93d33de5-418d-4f41-aced-fab7717b2de7-225x300.jpg\" alt=\"\" width=\"225\" height=\"300\" srcset=\"https:\/\/www.radiopiu.net\/wordpress\/wp-content\/uploads\/2024\/10\/93d33de5-418d-4f41-aced-fab7717b2de7-225x300.jpg 225w, https:\/\/www.radiopiu.net\/wordpress\/wp-content\/uploads\/2024\/10\/93d33de5-418d-4f41-aced-fab7717b2de7-768x1024.jpg 768w, https:\/\/www.radiopiu.net\/wordpress\/wp-content\/uploads\/2024\/10\/93d33de5-418d-4f41-aced-fab7717b2de7-1152x1536.jpg 1152w, https:\/\/www.radiopiu.net\/wordpress\/wp-content\/uploads\/2024\/10\/93d33de5-418d-4f41-aced-fab7717b2de7.jpg 1536w\" sizes=\"auto, (max-width: 225px) 100vw, 225px\" \/><\/a><a class=\"dt-pswp-item\" href=\"https:\/\/www.radiopiu.net\/wordpress\/wp-content\/uploads\/2024\/10\/68036f73-1486-4ce4-aa88-f5cbb6ee2bed.jpg\" data-dt-img-description=\"\" data-large_image_width=\"1536\" data-large_image_height=\"2048\"><img loading=\"lazy\" decoding=\"async\" class=\"alignnone size-medium wp-image-414142\" src=\"https:\/\/www.radiopiu.net\/wordpress\/wp-content\/uploads\/2024\/10\/68036f73-1486-4ce4-aa88-f5cbb6ee2bed-225x300.jpg\" alt=\"\" width=\"225\" height=\"300\" srcset=\"https:\/\/www.radiopiu.net\/wordpress\/wp-content\/uploads\/2024\/10\/68036f73-1486-4ce4-aa88-f5cbb6ee2bed-225x300.jpg 225w, https:\/\/www.radiopiu.net\/wordpress\/wp-content\/uploads\/2024\/10\/68036f73-1486-4ce4-aa88-f5cbb6ee2bed-768x1024.jpg 768w, https:\/\/www.radiopiu.net\/wordpress\/wp-content\/uploads\/2024\/10\/68036f73-1486-4ce4-aa88-f5cbb6ee2bed-1152x1536.jpg 1152w, https:\/\/www.radiopiu.net\/wordpress\/wp-content\/uploads\/2024\/10\/68036f73-1486-4ce4-aa88-f5cbb6ee2bed.jpg 1536w\" sizes=\"auto, (max-width: 225px) 100vw, 225px\" \/><\/a><a class=\"dt-pswp-item\" href=\"https:\/\/www.radiopiu.net\/wordpress\/wp-content\/uploads\/2024\/10\/199eaf03-aa98-49b3-9394-03bdd2c98e3b.jpg\" data-dt-img-description=\"\" data-large_image_width=\"1200\" data-large_image_height=\"1600\"><img loading=\"lazy\" decoding=\"async\" class=\"alignnone size-medium wp-image-414143\" src=\"https:\/\/www.radiopiu.net\/wordpress\/wp-content\/uploads\/2024\/10\/199eaf03-aa98-49b3-9394-03bdd2c98e3b-225x300.jpg\" alt=\"\" width=\"225\" height=\"300\" srcset=\"https:\/\/www.radiopiu.net\/wordpress\/wp-content\/uploads\/2024\/10\/199eaf03-aa98-49b3-9394-03bdd2c98e3b-225x300.jpg 225w, https:\/\/www.radiopiu.net\/wordpress\/wp-content\/uploads\/2024\/10\/199eaf03-aa98-49b3-9394-03bdd2c98e3b-768x1024.jpg 768w, https:\/\/www.radiopiu.net\/wordpress\/wp-content\/uploads\/2024\/10\/199eaf03-aa98-49b3-9394-03bdd2c98e3b-1152x1536.jpg 1152w, https:\/\/www.radiopiu.net\/wordpress\/wp-content\/uploads\/2024\/10\/199eaf03-aa98-49b3-9394-03bdd2c98e3b.jpg 1200w\" sizes=\"auto, (max-width: 225px) 100vw, 225px\" \/><\/a><a class=\"dt-pswp-item\" href=\"https:\/\/www.radiopiu.net\/wordpress\/wp-content\/uploads\/2024\/10\/a282b72e-d704-4fae-bf8d-7a3b48bfd83a.jpg\" data-dt-img-description=\"\" data-large_image_width=\"1536\" data-large_image_height=\"2048\"><img loading=\"lazy\" decoding=\"async\" class=\"alignnone size-medium wp-image-414144\" src=\"https:\/\/www.radiopiu.net\/wordpress\/wp-content\/uploads\/2024\/10\/a282b72e-d704-4fae-bf8d-7a3b48bfd83a-225x300.jpg\" alt=\"\" width=\"225\" height=\"300\" srcset=\"https:\/\/www.radiopiu.net\/wordpress\/wp-content\/uploads\/2024\/10\/a282b72e-d704-4fae-bf8d-7a3b48bfd83a-225x300.jpg 225w, https:\/\/www.radiopiu.net\/wordpress\/wp-content\/uploads\/2024\/10\/a282b72e-d704-4fae-bf8d-7a3b48bfd83a-768x1024.jpg 768w, https:\/\/www.radiopiu.net\/wordpress\/wp-content\/uploads\/2024\/10\/a282b72e-d704-4fae-bf8d-7a3b48bfd83a-1152x1536.jpg 1152w, https:\/\/www.radiopiu.net\/wordpress\/wp-content\/uploads\/2024\/10\/a282b72e-d704-4fae-bf8d-7a3b48bfd83a.jpg 1536w\" sizes=\"auto, (max-width: 225px) 100vw, 225px\" \/><\/a><a class=\"dt-pswp-item\" href=\"https:\/\/www.radiopiu.net\/wordpress\/wp-content\/uploads\/2024\/10\/f9576433-f7de-4e45-9696-99cbaf5b78db.jpg\" data-dt-img-description=\"\" data-large_image_width=\"1200\" data-large_image_height=\"1600\"><img loading=\"lazy\" decoding=\"async\" class=\"alignnone size-medium wp-image-414145\" src=\"https:\/\/www.radiopiu.net\/wordpress\/wp-content\/uploads\/2024\/10\/f9576433-f7de-4e45-9696-99cbaf5b78db-225x300.jpg\" alt=\"\" width=\"225\" height=\"300\" srcset=\"https:\/\/www.radiopiu.net\/wordpress\/wp-content\/uploads\/2024\/10\/f9576433-f7de-4e45-9696-99cbaf5b78db-225x300.jpg 225w, https:\/\/www.radiopiu.net\/wordpress\/wp-content\/uploads\/2024\/10\/f9576433-f7de-4e45-9696-99cbaf5b78db-768x1024.jpg 768w, https:\/\/www.radiopiu.net\/wordpress\/wp-content\/uploads\/2024\/10\/f9576433-f7de-4e45-9696-99cbaf5b78db-1152x1536.jpg 1152w, https:\/\/www.radiopiu.net\/wordpress\/wp-content\/uploads\/2024\/10\/f9576433-f7de-4e45-9696-99cbaf5b78db.jpg 1200w\" sizes=\"auto, (max-width: 225px) 100vw, 225px\" \/><\/a><\/p>\n<p>&nbsp;<\/p>\n<p>&nbsp;<\/p>\n<hr \/>\n<p>&nbsp;<\/p>\n<blockquote>\n<div class=\"mceTemp\"><strong><a class=\"dt-pswp-item\" href=\"https:\/\/www.radiopiu.net\/wordpress\/wp-content\/uploads\/2023\/11\/17eab4b1-8666-fa4f-5e3c-48e18e0a5716.jpg\" data-dt-img-description=\"Doctor giving a senior woman vaccination. Virus protection. COVID-2019.\" data-large_image_width=\"800\" data-large_image_height=\"445\"><img loading=\"lazy\" decoding=\"async\" class=\"size-medium wp-image-360171 alignleft\" src=\"https:\/\/www.radiopiu.net\/wordpress\/wp-content\/uploads\/2023\/11\/17eab4b1-8666-fa4f-5e3c-48e18e0a5716-300x167.jpg\" alt=\"\" width=\"300\" height=\"167\" srcset=\"https:\/\/www.radiopiu.net\/wordpress\/wp-content\/uploads\/2023\/11\/17eab4b1-8666-fa4f-5e3c-48e18e0a5716-300x167.jpg 300w, https:\/\/www.radiopiu.net\/wordpress\/wp-content\/uploads\/2023\/11\/17eab4b1-8666-fa4f-5e3c-48e18e0a5716-768x427.jpg 768w, https:\/\/www.radiopiu.net\/wordpress\/wp-content\/uploads\/2023\/11\/17eab4b1-8666-fa4f-5e3c-48e18e0a5716.jpg 800w\" sizes=\"auto, (max-width: 300px) 100vw, 300px\" \/><\/a>Secondo e ultimo appuntamento per la vaccinazione antinfluenzale ad Agordo<\/strong><\/div>\n<\/blockquote>\n<p><strong>AGORDO\u00a0<\/strong> Sabato 19 ottobre, dalle 15:00 alle 19:00, si terr\u00e0 presso il Centro Parrocchiale &#8220;Vincenzo Savio&#8221; di Agordo il secondo e ultimo incontro per la vaccinazione antinfluenzale, organizzato dai medici Fadig\u00e0, Pennacchioni e Bottarel per i loro assistiti.L&#8217;invito \u00e8 rivolto a tutti i pazienti con pi\u00f9 di 65 anni, o che li compiranno entro l&#8217;anno, inclusi coloro che non hanno partecipato alla prima seduta.Una partecipazione numerosa garantir\u00e0 una pi\u00f9 rapida copertura contro un&#8217;influenza che si prevede particolarmente precoce e aggressiva, consentendo ai medici di concentrarsi maggiormente sulla normale attivit\u00e0 ambulatoriale.<\/p>\n<div><\/div>\n<p>&nbsp;<\/p>\n<hr \/>\n<p>&nbsp;<\/p>\n<blockquote>\n<h1><span style=\"color: #ff0000;\">CONSIGLI COMUNALI IN AGORDINO<\/span><\/h1>\n<\/blockquote>\n<p><strong><a class=\"dt-pswp-item\" href=\"https:\/\/www.radiopiu.net\/wordpress\/wp-content\/uploads\/2022\/12\/MUNICIPIO-FALCADE.png\" data-dt-img-description=\"\" data-large_image_width=\"941\" data-large_image_height=\"655\"><img loading=\"lazy\" decoding=\"async\" class=\"size-medium wp-image-314065 alignleft\" src=\"https:\/\/www.radiopiu.net\/wordpress\/wp-content\/uploads\/2022\/12\/MUNICIPIO-FALCADE-300x209.png\" alt=\"\" width=\"300\" height=\"209\" srcset=\"https:\/\/www.radiopiu.net\/wordpress\/wp-content\/uploads\/2022\/12\/MUNICIPIO-FALCADE-300x209.png 300w, https:\/\/www.radiopiu.net\/wordpress\/wp-content\/uploads\/2022\/12\/MUNICIPIO-FALCADE-768x535.png 768w, https:\/\/www.radiopiu.net\/wordpress\/wp-content\/uploads\/2022\/12\/MUNICIPIO-FALCADE.png 941w\" sizes=\"auto, (max-width: 300px) 100vw, 300px\" \/><\/a><\/strong><\/p>\n<p><strong>FALCADE<\/strong> Consiglio comunale venerd\u00ec alle 20. Sei punti da trattare tra cui la fusione di Bim Infrastrutture e Bim Gestione servizi Pubblici , una variazione a bilancio, la convenzione per la gestione associata del segretario comunale e il mutamento temporaneo di una porzione di terreni in loclit\u00e0 Laresei e Le Buse per l&#8217;ampliamento della pista da sci<\/p>\n<p>&nbsp;<\/p>\n<p><strong><a class=\"dt-pswp-item\" href=\"https:\/\/www.radiopiu.net\/wordpress\/wp-content\/uploads\/2022\/03\/municipio-mel.jpg\" data-dt-img-description=\"\" data-large_image_width=\"1080\" data-large_image_height=\"1920\"><img loading=\"lazy\" decoding=\"async\" class=\"size-medium wp-image-264433 alignright\" src=\"https:\/\/www.radiopiu.net\/wordpress\/wp-content\/uploads\/2022\/03\/municipio-mel-169x300.jpg\" alt=\"\" width=\"169\" height=\"300\" srcset=\"https:\/\/www.radiopiu.net\/wordpress\/wp-content\/uploads\/2022\/03\/municipio-mel-169x300.jpg 169w, https:\/\/www.radiopiu.net\/wordpress\/wp-content\/uploads\/2022\/03\/municipio-mel-576x1024.jpg 576w, https:\/\/www.radiopiu.net\/wordpress\/wp-content\/uploads\/2022\/03\/municipio-mel-768x1365.jpg 768w, https:\/\/www.radiopiu.net\/wordpress\/wp-content\/uploads\/2022\/03\/municipio-mel-864x1536.jpg 864w, https:\/\/www.radiopiu.net\/wordpress\/wp-content\/uploads\/2022\/03\/municipio-mel.jpg 1080w\" sizes=\"auto, (max-width: 169px) 100vw, 169px\" \/><\/a>SAN TOMASO<\/strong> Consigliere in riunione domani alle 20. In discussione anche la variazione urgente al bilancio di previsione<\/p>\n<p><strong>VOLTAGO<\/strong> Consiglio comunale mercoledi alle 18.30, un solo punto, la fusione di Bim Infrastrutture e Bim Gestione servizi Pubblici<\/p>\n<p><strong>CANALE D&#8217;AGORDO <\/strong>Consiglio comunale mercoled\u00ec alle 20. Tra i punti da trattare una variazione a bilancio, i lavori al campo di calcio, la fusione di Bim Infrastrutture e Bim Gestione servizi Pubblici e l&#8217;assegnazione di contributi statali in materia di efficientamento energetico<\/p>\n<p><strong>COLLE SANTA LUCIA<\/strong> Consiglio comunale venerd\u00ec alle 17:30. Tra i punti in discussione una variazione a bilancio, la convenzione per la gestione associata del segretario comunale e l&#8217;approvazione del programma di lavori pubblici<\/p>\n<p><strong>SELVA DI CADORE<\/strong> consiglio comunale venerd\u00ec alle 20. Tre punti in discussione tra cui una variazione a bilancio e la fusione di Bim Infrastrutture e Bim Gestione servizi Pubblici<\/p>\n<p><strong>RIVAMONTE<\/strong> Consiglio comunale alle 18.30, all&#8217;ordine del giorno l&#8217;operazione di fusione Bim Gestioni Servizi Pubblici e Bim Infrastrutture<\/p>\n<p>&nbsp;<\/p>\n<p>&nbsp;<\/p>\n<hr \/>\n<p>&nbsp;<\/p>\n<blockquote>\n<h3>LA FIERA DEL BESTIAM 2024<\/h3>\n<\/blockquote>\n<p><strong>AGORDO<\/strong> Appuntamento annuale con La Fiera Del Bestiam sul Broi di Agordo con il mercato dei prodotti agricoli ed artigianali, l\u2019esposizione zootecnica nel Broi e delle macchine e attrezzature agricole. In concomitanza si svolger\u00e0 presso la splendida cornice di Palazzo Crotta-De\u2019 Manzoni l\u2019evento \u201cFormai e Vin in Villa\u201d dove sar\u00e0 possibile visitare la storica residenza agordina degustando ottimi abbinamenti di formaggi locali, vini di cantine venete e friulane e prodotti di panifici del territorio. \u00a0La manifestazione \u00e8 organizzata dal Comune di Agordo, Comitato Fiera del Bestiam e AD Agordo Pro Loco.<\/p>\n<p><strong>LA DIRETTA RADIO PIU&#8217;<\/strong><\/p>\n<p><iframe loading=\"lazy\" title=\"La Fiera Del Bestiam 2024\" width=\"1200\" height=\"675\" src=\"https:\/\/www.youtube.com\/embed\/yjXVbx9h5Yw?feature=oembed\" frameborder=\"0\" allow=\"accelerometer; autoplay; clipboard-write; encrypted-media; gyroscope; picture-in-picture; web-share\" referrerpolicy=\"strict-origin-when-cross-origin\" allowfullscreen><\/iframe><\/p>\n<p>&nbsp;<\/p>\n<p>&nbsp;<\/p>\n<p><strong>VIDEO 2<\/strong><\/p>\n<p>https:\/\/www.facebook.com\/radiopiu\/videos\/1082569756555908<\/p>\n<p>&nbsp;<\/p>\n<hr \/>\n<p>&nbsp;<\/p>\n<blockquote>\n<h3>DALLE STATUE DI VILLA CROTTA DE MANZONI ALLA FIERA DEL BESTIAM<\/h3>\n<\/blockquote>\n<p><strong>AGORDO<\/strong><\/p>\n<p>DI GIANNI SANTOMASO<\/p>\n<audio class=\"wp-audio-shortcode\" id=\"audio-414065-10\" preload=\"none\" style=\"width: 100%;\" controls=\"controls\"><source type=\"audio\/mpeg\" src=\"https:\/\/www.radiopiu.net\/wordpress\/wp-content\/uploads\/2024\/10\/GIANNI-LE-STATUE-DI-VILLA-CROTTA-DE-MANZONI.mp3?_=10\" \/><a href=\"https:\/\/www.radiopiu.net\/wordpress\/wp-content\/uploads\/2024\/10\/GIANNI-LE-STATUE-DI-VILLA-CROTTA-DE-MANZONI.mp3\">https:\/\/www.radiopiu.net\/wordpress\/wp-content\/uploads\/2024\/10\/GIANNI-LE-STATUE-DI-VILLA-CROTTA-DE-MANZONI.mp3<\/a><\/audio>\n<p>&nbsp;<\/p>\n<p><a class=\"dt-pswp-item\" href=\"https:\/\/www.radiopiu.net\/wordpress\/wp-content\/uploads\/2024\/10\/64e4e478-141a-4f1d-bd0f-311150895c12.jpg\" data-dt-img-description=\"\" data-large_image_width=\"2000\" data-large_image_height=\"1500\"><img loading=\"lazy\" decoding=\"async\" class=\"alignnone size-medium wp-image-414176\" src=\"https:\/\/www.radiopiu.net\/wordpress\/wp-content\/uploads\/2024\/10\/64e4e478-141a-4f1d-bd0f-311150895c12-300x225.jpg\" alt=\"\" width=\"300\" height=\"225\" srcset=\"https:\/\/www.radiopiu.net\/wordpress\/wp-content\/uploads\/2024\/10\/64e4e478-141a-4f1d-bd0f-311150895c12-300x225.jpg 300w, https:\/\/www.radiopiu.net\/wordpress\/wp-content\/uploads\/2024\/10\/64e4e478-141a-4f1d-bd0f-311150895c12-1024x768.jpg 1024w, https:\/\/www.radiopiu.net\/wordpress\/wp-content\/uploads\/2024\/10\/64e4e478-141a-4f1d-bd0f-311150895c12-768x576.jpg 768w, https:\/\/www.radiopiu.net\/wordpress\/wp-content\/uploads\/2024\/10\/64e4e478-141a-4f1d-bd0f-311150895c12-1536x1152.jpg 1536w, https:\/\/www.radiopiu.net\/wordpress\/wp-content\/uploads\/2024\/10\/64e4e478-141a-4f1d-bd0f-311150895c12.jpg 2000w\" sizes=\"auto, (max-width: 300px) 100vw, 300px\" \/><\/a><a class=\"dt-pswp-item\" href=\"https:\/\/www.radiopiu.net\/wordpress\/wp-content\/uploads\/2024\/10\/d8ad7dbb-c22a-41e1-a22a-a3fd078e445d.jpg\" data-dt-img-description=\"\" data-large_image_width=\"2000\" data-large_image_height=\"1500\"><img loading=\"lazy\" decoding=\"async\" class=\"alignnone size-medium wp-image-414177\" src=\"https:\/\/www.radiopiu.net\/wordpress\/wp-content\/uploads\/2024\/10\/d8ad7dbb-c22a-41e1-a22a-a3fd078e445d-300x225.jpg\" alt=\"\" width=\"300\" height=\"225\" srcset=\"https:\/\/www.radiopiu.net\/wordpress\/wp-content\/uploads\/2024\/10\/d8ad7dbb-c22a-41e1-a22a-a3fd078e445d-300x225.jpg 300w, https:\/\/www.radiopiu.net\/wordpress\/wp-content\/uploads\/2024\/10\/d8ad7dbb-c22a-41e1-a22a-a3fd078e445d-1024x768.jpg 1024w, https:\/\/www.radiopiu.net\/wordpress\/wp-content\/uploads\/2024\/10\/d8ad7dbb-c22a-41e1-a22a-a3fd078e445d-768x576.jpg 768w, https:\/\/www.radiopiu.net\/wordpress\/wp-content\/uploads\/2024\/10\/d8ad7dbb-c22a-41e1-a22a-a3fd078e445d-1536x1152.jpg 1536w, https:\/\/www.radiopiu.net\/wordpress\/wp-content\/uploads\/2024\/10\/d8ad7dbb-c22a-41e1-a22a-a3fd078e445d.jpg 2000w\" sizes=\"auto, (max-width: 300px) 100vw, 300px\" \/><\/a><a class=\"dt-pswp-item\" href=\"https:\/\/www.radiopiu.net\/wordpress\/wp-content\/uploads\/2024\/10\/5a69041d-9d20-4450-9614-e8a8879b718d.jpg\" data-dt-img-description=\"\" data-large_image_width=\"2000\" data-large_image_height=\"1500\"><img loading=\"lazy\" decoding=\"async\" class=\"alignnone size-medium wp-image-414178\" src=\"https:\/\/www.radiopiu.net\/wordpress\/wp-content\/uploads\/2024\/10\/5a69041d-9d20-4450-9614-e8a8879b718d-300x225.jpg\" alt=\"\" width=\"300\" height=\"225\" srcset=\"https:\/\/www.radiopiu.net\/wordpress\/wp-content\/uploads\/2024\/10\/5a69041d-9d20-4450-9614-e8a8879b718d-300x225.jpg 300w, https:\/\/www.radiopiu.net\/wordpress\/wp-content\/uploads\/2024\/10\/5a69041d-9d20-4450-9614-e8a8879b718d-1024x768.jpg 1024w, https:\/\/www.radiopiu.net\/wordpress\/wp-content\/uploads\/2024\/10\/5a69041d-9d20-4450-9614-e8a8879b718d-768x576.jpg 768w, https:\/\/www.radiopiu.net\/wordpress\/wp-content\/uploads\/2024\/10\/5a69041d-9d20-4450-9614-e8a8879b718d-1536x1152.jpg 1536w, https:\/\/www.radiopiu.net\/wordpress\/wp-content\/uploads\/2024\/10\/5a69041d-9d20-4450-9614-e8a8879b718d.jpg 2000w\" sizes=\"auto, (max-width: 300px) 100vw, 300px\" \/><\/a><a class=\"dt-pswp-item\" href=\"https:\/\/www.radiopiu.net\/wordpress\/wp-content\/uploads\/2024\/10\/064366cb-a451-4d84-baf9-cf2ab4d2b2ba.jpg\" data-dt-img-description=\"\" data-large_image_width=\"2000\" data-large_image_height=\"1500\"><img loading=\"lazy\" decoding=\"async\" class=\"alignnone size-medium wp-image-414179\" src=\"https:\/\/www.radiopiu.net\/wordpress\/wp-content\/uploads\/2024\/10\/064366cb-a451-4d84-baf9-cf2ab4d2b2ba-300x225.jpg\" alt=\"\" width=\"300\" height=\"225\" srcset=\"https:\/\/www.radiopiu.net\/wordpress\/wp-content\/uploads\/2024\/10\/064366cb-a451-4d84-baf9-cf2ab4d2b2ba-300x225.jpg 300w, https:\/\/www.radiopiu.net\/wordpress\/wp-content\/uploads\/2024\/10\/064366cb-a451-4d84-baf9-cf2ab4d2b2ba-1024x768.jpg 1024w, https:\/\/www.radiopiu.net\/wordpress\/wp-content\/uploads\/2024\/10\/064366cb-a451-4d84-baf9-cf2ab4d2b2ba-768x576.jpg 768w, https:\/\/www.radiopiu.net\/wordpress\/wp-content\/uploads\/2024\/10\/064366cb-a451-4d84-baf9-cf2ab4d2b2ba-1536x1152.jpg 1536w, https:\/\/www.radiopiu.net\/wordpress\/wp-content\/uploads\/2024\/10\/064366cb-a451-4d84-baf9-cf2ab4d2b2ba.jpg 2000w\" sizes=\"auto, (max-width: 300px) 100vw, 300px\" \/><\/a><a class=\"dt-pswp-item\" href=\"https:\/\/www.radiopiu.net\/wordpress\/wp-content\/uploads\/2024\/10\/5a12c015-35dc-4a37-a8ba-5b5ccb961958.jpg\" data-dt-img-description=\"\" data-large_image_width=\"1500\" data-large_image_height=\"2000\"><img loading=\"lazy\" decoding=\"async\" class=\"alignnone wp-image-414180\" src=\"https:\/\/www.radiopiu.net\/wordpress\/wp-content\/uploads\/2024\/10\/5a12c015-35dc-4a37-a8ba-5b5ccb961958-225x300.jpg\" alt=\"\" width=\"170\" height=\"227\" srcset=\"https:\/\/www.radiopiu.net\/wordpress\/wp-content\/uploads\/2024\/10\/5a12c015-35dc-4a37-a8ba-5b5ccb961958-225x300.jpg 225w, https:\/\/www.radiopiu.net\/wordpress\/wp-content\/uploads\/2024\/10\/5a12c015-35dc-4a37-a8ba-5b5ccb961958-768x1024.jpg 768w, https:\/\/www.radiopiu.net\/wordpress\/wp-content\/uploads\/2024\/10\/5a12c015-35dc-4a37-a8ba-5b5ccb961958-1152x1536.jpg 1152w, https:\/\/www.radiopiu.net\/wordpress\/wp-content\/uploads\/2024\/10\/5a12c015-35dc-4a37-a8ba-5b5ccb961958.jpg 1500w\" sizes=\"auto, (max-width: 170px) 100vw, 170px\" \/><\/a><a class=\"dt-pswp-item\" href=\"https:\/\/www.radiopiu.net\/wordpress\/wp-content\/uploads\/2024\/10\/24c40cb6-4ecd-4daa-a223-637f5b7fc4d5.jpg\" data-dt-img-description=\"\" data-large_image_width=\"2000\" data-large_image_height=\"1500\"><img loading=\"lazy\" decoding=\"async\" class=\"alignnone size-medium wp-image-414181\" src=\"https:\/\/www.radiopiu.net\/wordpress\/wp-content\/uploads\/2024\/10\/24c40cb6-4ecd-4daa-a223-637f5b7fc4d5-300x225.jpg\" alt=\"\" width=\"300\" height=\"225\" srcset=\"https:\/\/www.radiopiu.net\/wordpress\/wp-content\/uploads\/2024\/10\/24c40cb6-4ecd-4daa-a223-637f5b7fc4d5-300x225.jpg 300w, https:\/\/www.radiopiu.net\/wordpress\/wp-content\/uploads\/2024\/10\/24c40cb6-4ecd-4daa-a223-637f5b7fc4d5-1024x768.jpg 1024w, https:\/\/www.radiopiu.net\/wordpress\/wp-content\/uploads\/2024\/10\/24c40cb6-4ecd-4daa-a223-637f5b7fc4d5-768x576.jpg 768w, https:\/\/www.radiopiu.net\/wordpress\/wp-content\/uploads\/2024\/10\/24c40cb6-4ecd-4daa-a223-637f5b7fc4d5-1536x1152.jpg 1536w, https:\/\/www.radiopiu.net\/wordpress\/wp-content\/uploads\/2024\/10\/24c40cb6-4ecd-4daa-a223-637f5b7fc4d5.jpg 2000w\" sizes=\"auto, (max-width: 300px) 100vw, 300px\" \/><\/a><a class=\"dt-pswp-item\" href=\"https:\/\/www.radiopiu.net\/wordpress\/wp-content\/uploads\/2024\/10\/4c9915e0-e2ea-4111-a796-cf6c80044633.jpg\" data-dt-img-description=\"\" data-large_image_width=\"2000\" data-large_image_height=\"1500\"><img loading=\"lazy\" decoding=\"async\" class=\"alignnone size-medium wp-image-414182\" src=\"https:\/\/www.radiopiu.net\/wordpress\/wp-content\/uploads\/2024\/10\/4c9915e0-e2ea-4111-a796-cf6c80044633-300x225.jpg\" alt=\"\" width=\"300\" height=\"225\" srcset=\"https:\/\/www.radiopiu.net\/wordpress\/wp-content\/uploads\/2024\/10\/4c9915e0-e2ea-4111-a796-cf6c80044633-300x225.jpg 300w, https:\/\/www.radiopiu.net\/wordpress\/wp-content\/uploads\/2024\/10\/4c9915e0-e2ea-4111-a796-cf6c80044633-1024x768.jpg 1024w, https:\/\/www.radiopiu.net\/wordpress\/wp-content\/uploads\/2024\/10\/4c9915e0-e2ea-4111-a796-cf6c80044633-768x576.jpg 768w, https:\/\/www.radiopiu.net\/wordpress\/wp-content\/uploads\/2024\/10\/4c9915e0-e2ea-4111-a796-cf6c80044633-1536x1152.jpg 1536w, https:\/\/www.radiopiu.net\/wordpress\/wp-content\/uploads\/2024\/10\/4c9915e0-e2ea-4111-a796-cf6c80044633.jpg 2000w\" sizes=\"auto, (max-width: 300px) 100vw, 300px\" \/><\/a><a class=\"dt-pswp-item\" href=\"https:\/\/www.radiopiu.net\/wordpress\/wp-content\/uploads\/2024\/10\/73bcbb9d-59f9-4388-a25a-285d73d55c4e.jpg\" data-dt-img-description=\"\" data-large_image_width=\"2000\" data-large_image_height=\"1500\"><img loading=\"lazy\" decoding=\"async\" class=\"alignnone size-medium wp-image-414183\" src=\"https:\/\/www.radiopiu.net\/wordpress\/wp-content\/uploads\/2024\/10\/73bcbb9d-59f9-4388-a25a-285d73d55c4e-300x225.jpg\" alt=\"\" width=\"300\" height=\"225\" srcset=\"https:\/\/www.radiopiu.net\/wordpress\/wp-content\/uploads\/2024\/10\/73bcbb9d-59f9-4388-a25a-285d73d55c4e-300x225.jpg 300w, https:\/\/www.radiopiu.net\/wordpress\/wp-content\/uploads\/2024\/10\/73bcbb9d-59f9-4388-a25a-285d73d55c4e-1024x768.jpg 1024w, https:\/\/www.radiopiu.net\/wordpress\/wp-content\/uploads\/2024\/10\/73bcbb9d-59f9-4388-a25a-285d73d55c4e-768x576.jpg 768w, https:\/\/www.radiopiu.net\/wordpress\/wp-content\/uploads\/2024\/10\/73bcbb9d-59f9-4388-a25a-285d73d55c4e-1536x1152.jpg 1536w, https:\/\/www.radiopiu.net\/wordpress\/wp-content\/uploads\/2024\/10\/73bcbb9d-59f9-4388-a25a-285d73d55c4e.jpg 2000w\" sizes=\"auto, (max-width: 300px) 100vw, 300px\" \/><\/a><\/p>\n<p>&nbsp;<\/p>\n<hr \/>\n<p>&nbsp;<\/p>\n<blockquote>\n<h3>VOLTAGO 1944: PER NON DIMENTICARE<\/h3>\n<\/blockquote>\n<p><strong><a class=\"dt-pswp-item\" href=\"https:\/\/www.radiopiu.net\/wordpress\/wp-content\/uploads\/2024\/10\/SCR-20241012-jrrr.jpeg\" data-dt-img-description=\"\" data-large_image_width=\"752\" data-large_image_height=\"550\"><img loading=\"lazy\" decoding=\"async\" class=\" wp-image-414078 alignleft\" src=\"https:\/\/www.radiopiu.net\/wordpress\/wp-content\/uploads\/2024\/10\/SCR-20241012-jrrr-300x219.jpeg\" alt=\"\" width=\"163\" height=\"119\" srcset=\"https:\/\/www.radiopiu.net\/wordpress\/wp-content\/uploads\/2024\/10\/SCR-20241012-jrrr-300x219.jpeg 300w, https:\/\/www.radiopiu.net\/wordpress\/wp-content\/uploads\/2024\/10\/SCR-20241012-jrrr.jpeg 752w\" sizes=\"auto, (max-width: 163px) 100vw, 163px\" \/><\/a>VOLTAGO<\/strong> L\u2019amministrazione comunale di Voltago celebra l\u201980\u00b0 anniversario della rappresaglia nazifascista del 12-13 ottobre 1944, un tragico evento in cui furono uccisi i giovani Loris Scussel (16 anni) e Giusto Pollazzon (23 anni), e met\u00e0 del paese fu distrutta dalle fiamme. La commemorazione \u00e8 iniziata con una messa, seguita dalla deposizione di una corona in piazza 12 ottobre 1944. A seguire gli interventi commemorativi del sindaco Giuseppe Schena e del consigliere Andrea Bressan, insieme alla presentazione del libro <em>Voltago 1944<\/em>. Gli allievi della scuola dedicata alle vittime e i familiari porteranno un contributo.<\/p>\n<p><strong>DI SILVANO SAVIO<\/strong><\/p>\n<p><strong>LA SANTA MESSA E LA DEPOSIZIONE DELLA CORONA IN PIAZZA 12 OTTOBRE 1944<\/strong><\/p>\n<div style=\"width: 848px;\" class=\"wp-video\"><video class=\"wp-video-shortcode\" id=\"video-414065-1\" width=\"848\" height=\"480\" preload=\"metadata\" controls=\"controls\"><source type=\"video\/mp4\" src=\"https:\/\/www.radiopiu.net\/wordpress\/wp-content\/uploads\/2024\/10\/WhatsApp-Video-2024-10-12-at-10.32.05.mp4?_=1\" \/><a href=\"https:\/\/www.radiopiu.net\/wordpress\/wp-content\/uploads\/2024\/10\/WhatsApp-Video-2024-10-12-at-10.32.05.mp4\">https:\/\/www.radiopiu.net\/wordpress\/wp-content\/uploads\/2024\/10\/WhatsApp-Video-2024-10-12-at-10.32.05.mp4<\/a><\/video><\/div>\n<p>&nbsp;<\/p>\n<p><strong>LA PRESENTAZIONE DEL LIBRO<\/strong><\/p>\n<p><iframe loading=\"lazy\" title=\"VOLTAGO 1944: PER NON DIMENTICARE - LA PRESENTAZIONE DEL LIBRO\" width=\"1200\" height=\"675\" src=\"https:\/\/www.youtube.com\/embed\/Oz6KboueiMo?feature=oembed\" frameborder=\"0\" allow=\"accelerometer; autoplay; clipboard-write; encrypted-media; gyroscope; picture-in-picture; web-share\" referrerpolicy=\"strict-origin-when-cross-origin\" allowfullscreen><\/iframe><\/p>\n<p>&nbsp;<\/p>\n<hr \/>\n<p>&nbsp;<\/p>\n<blockquote>\n<h3>MOTORI E SPERANZA 2024<\/h3>\n<\/blockquote>\n<p><strong>FALCADE<\/strong> Rombano i motori a Falcade per la seconda edizione di Motori e Speranza. Una giornata all&#8217;insegna del divertimento e della solidariet\u00e0. L&#8217;occasione di salire su una vera auto da Rally e fare da navigatore su un tracciato ad anello. Tutto il ricavato in beneficenza. Una giornata di informazione e promozione sulla sicurezza stradale nel corso di manifestazioni motoristiche<\/p>\n<p><strong>LA DIRETTA RADIO PIU&#8217;<\/strong><\/p>\n<p><iframe loading=\"lazy\" title=\"Motori e Speranza 2024\" width=\"1200\" height=\"675\" src=\"https:\/\/www.youtube.com\/embed\/U-RVp6Y3-z8?feature=oembed\" frameborder=\"0\" allow=\"accelerometer; autoplay; clipboard-write; encrypted-media; gyroscope; picture-in-picture; web-share\" referrerpolicy=\"strict-origin-when-cross-origin\" allowfullscreen><\/iframe><\/p>\n<p>&nbsp;<\/p>\n<p><strong>UN GIRO CON BUSIN<\/strong><\/p>\n<p><iframe loading=\"lazy\" title=\"MOTORI E SPERANZA 2024 - UN GIRO CON BUSIN\" width=\"1200\" height=\"675\" src=\"https:\/\/www.youtube.com\/embed\/KA2c0rH7RWw?feature=oembed\" frameborder=\"0\" allow=\"accelerometer; autoplay; clipboard-write; encrypted-media; gyroscope; picture-in-picture; web-share\" referrerpolicy=\"strict-origin-when-cross-origin\" allowfullscreen><\/iframe><\/p>\n<p>&nbsp;<\/p>\n<hr \/>\n<p>&nbsp;<\/p>\n<blockquote>\n<h3>SCHIACCIATI DALLE TASSE: IMPRESE VENETE PAGANO 37 VOLTE PI\u00d9 DEI COLOSSI DEL WEB<\/h3>\n<\/blockquote>\n<p><a class=\"dt-pswp-item\" href=\"https:\/\/www.radiopiu.net\/wordpress\/wp-content\/uploads\/2024\/10\/Schermata-2024-10-12-alle-09.41.09.png\" data-dt-img-description=\"\" data-large_image_width=\"978\" data-large_image_height=\"1724\"><img loading=\"lazy\" decoding=\"async\" class=\"size-medium wp-image-414063 alignleft\" src=\"https:\/\/www.radiopiu.net\/wordpress\/wp-content\/uploads\/2024\/10\/Schermata-2024-10-12-alle-09.41.09-170x300.png\" alt=\"\" width=\"170\" height=\"300\" srcset=\"https:\/\/www.radiopiu.net\/wordpress\/wp-content\/uploads\/2024\/10\/Schermata-2024-10-12-alle-09.41.09-170x300.png 170w, https:\/\/www.radiopiu.net\/wordpress\/wp-content\/uploads\/2024\/10\/Schermata-2024-10-12-alle-09.41.09-581x1024.png 581w, https:\/\/www.radiopiu.net\/wordpress\/wp-content\/uploads\/2024\/10\/Schermata-2024-10-12-alle-09.41.09-768x1354.png 768w, https:\/\/www.radiopiu.net\/wordpress\/wp-content\/uploads\/2024\/10\/Schermata-2024-10-12-alle-09.41.09-871x1536.png 871w, https:\/\/www.radiopiu.net\/wordpress\/wp-content\/uploads\/2024\/10\/Schermata-2024-10-12-alle-09.41.09.png 978w\" sizes=\"auto, (max-width: 170px) 100vw, 170px\" \/><\/a>Come Davide contro Golia. La CGIA, piccola e battagliera associazione di artigiani e padroncini del Nordest, si scaglia contro i giganti del web che, a differenza delle nostre Pmi, continuano a fare ricavi da capogiro, senza versare al fisco quanto dovuto. Sino alla fine dell\u2019anno scorso, infatti, hanno continuato a trasferire buona parte degli utili ante imposte realizzati in Italia nei paesi a fiscalit\u00e0 di vantaggio. Risultato? Grazie a queste operazioni elusive, il nostro erario ha incassato da queste WebSoft solo le briciole. Vediamo i numeri emersi dal confronto messo a punto dall\u2019Ufficio studi della CGIA.<br \/>\nSe le 422mila imprese presenti in Veneto pagano ogni anno 7,6 miliardi di tasse, le 25 multinazionali del web ubicate in Italia, invece, ne versano molte meno: secondo l\u2019Area Studi di Mediobanca solo 206 milioni di euro. Certo, le dimensioni economiche di queste due realt\u00e0 sono molto diverse, ma, dal punto di vista degli artigiani mestrini, il risultato che emerge \u00e8 sconsolante. Insomma, le prime ne pagano ben 37 volte pi\u00f9 delle seconde. Certo, quella appena richiamata \u00e8 una comparazione che presenta una serie di limiti metodologici e non ha alcun rigore scientifico. Tuttavia, il ricorso sistematico all\u2019elusione praticato negli anni ha aumentato questa disparit\u00e0 di trattamento, mettendo in evidenzia in misura inequivocabile che, in Italia, alle grandi multinazionali, in questo caso tecnologiche, continua a essere riservato un prelievo fiscale ingiustificatamente modesto.<\/p>\n<p><strong>Ora \u00e8 in arrivo la Global minimum tax, anche se non in tutta UE<\/strong><br \/>\nEvidentemente, in Italia c\u2019\u00e8 un trattamento fiscale che \u201cpenalizza\u201d i piccoli e \u201cfavorisce\u201d i giganti. Infatti, se sui nostri imprenditori grava un tax rate effettivo che sfiora il 50 per cento, sulle big tech, invece, si attesta, secondo l\u2019Area Studi di Mediobanca, al 36 per cento. E sebbene da quest\u2019anno entri in vigore la Global minimum tax (Gmt), secondo il dossier curato dal Servizio Bilancio dello Stato della Camera, il gettito previsto dalla sola applicazione dell\u2019aliquota del 15 per cento sulle multinazionali sar\u00e0 molto contenuto. Si stima che nel 2025 il nostro erario incasser\u00e0 381,3 milioni di euro, nel 2026 427,9 e nel 2027 raggiunger\u00e0 i 432,5. Nel 2033, ultimo anno in cui nel documento si stimano le entrate, le stesse dovrebbero sfiorare i 500 milioni di euro. Nel 2024 la Gmt interesser\u00e0 19 paesi UE: Spagna e Polonia, invece, si adegueranno a partire dall\u2019anno prossimo, mentre Estonia, Lettonia, Lituania, e Malta hanno ottenuto una proroga sino al 2030. Cipro e Portogallo, infine, sono chiamate a rispondere alla sollecitazione giunta da Bruxelles che ha recapitato loro una lettera di messa in mora. Appare evidente che per le grandi holding presenti nei in UE rimane ancora la possibilit\u00e0, almeno per i prossimi 5\/6 anni, di spostare parte degli utili in alcuni paesi membri dove la tassazione continua essere molto favorevole.<\/p>\n<p><strong>Stop alla fuga degli utili nei paesi a fiscalit\u00e0 di vantaggio<\/strong><br \/>\nOra, con una manovra per il 2025 ancora tutta da scrivere, visto che recuperare una decina di miliardi di euro di coperture non sar\u00e0 un\u2019operazione per nulla facile, bisognerebbe chiedere qualche sacrificio aggiuntivo in particolare a chi, in questi ultimi anni, ha registrato profitti straordinariamente elevati, ma ha versato poche tasse, perch\u00e9 ha fatto ricorso a tecniche elusive che gli hanno consentito di spostare una parte degli utili ante imposte realizzati in Italia nei paesi a fiscalit\u00e0 di vantaggio. Sappiamo che le regole della Gmt sono molto articolate ed \u00e8 verosimile ritenere che ogni norma di carattere nazionale potrebbe non essere sufficiente a rendere il prelievo fiscale pi\u00f9 equo. Nonostante ci\u00f2 \u00e8 indispensabile trovare un compromesso che non pregiudichi la fuga di queste aziende dal nostro Paese, ma allo stesso tempo le costringa a pagare il giusto, o quasi.<\/p>\n<p><strong>L\u2019elusione \u00e8 una pratica che riguarda ormai tutti i grandi player<\/strong><br \/>\nTuttavia, non sono solo i giganti stranieri del web a sfruttare la fiscalit\u00e0 di vantaggio concessa ancora adesso da molti Paesi europei. Da alcuni anni, infatti, anche alcuni grandi player italiani hanno trasferito la sede fiscale o quella legale, magari solo di una consociata, all\u2019estero. Molte di queste hanno deciso di spostare la sede legale nei Paesi Bassi, ad esempio, perch\u00e9 l\u00ec \u00e8 possibile beneficiare sia di una legislazione societaria molto favorevole &#8211;\u00a0 che permette agli azionisti storici di avere il doppio dei voti in assemblea, modalit\u00e0 che consente di difendersi meglio da eventuali scalate provenienti da investitori stranieri &#8211;\u00a0 sia, eventualmente, di un trattamento tributario alquanto generoso, che il governo olandese riserva a ogni big company disposta ad aprire la sede fiscale ad Amsterdam.\u00a0 Con queste operazioni, formalmente ineccepibili da un punto di vista fiscale-societario, si \u00e8 per\u00f2 ridotta la base imponibile di coloro che pagano le tasse in Italia, penalizzando, come abbiamo visto, in particolar modo le realt\u00e0 imprenditoriali di piccola e piccolissima dimensione che, a differenza delle grandi aziende, non hanno la possibilit\u00e0 di lasciare armi e bagagli e trasferirsi altrove.<\/p>\n<p><strong>Solo in Molise e Valle d\u2019Aosta le big tech pagano pi\u00f9 delle imprese locali<\/strong><br \/>\nAncorch\u00e9 il risultato della comparazione che commentiamo pi\u00f9 sotto risenta di alcune fragilit\u00e0 presenti nella metodologia di calcolo adottata, l\u2019Ufficio studi della CGIA ipotizza che solo le imprese presenti in Molise e in Valle d\u2019Aosta pagano in termini assoluti meno tasse delle principali big tech ubicate nel nostro Paese. Un banalissimo caso di scuola riesce a dimostrare come il carico fiscale su questi giganti sia molto inferiore a quello in capo alle imprese italiane che, per oltre il 98 per cento del totale, hanno meno di 20 addetti. Pertanto, se nella regione pi\u00f9 piccola del Mezzogiorno il gettito delle principali imposte pagate dalle aziende residenti in questo territorio \u00e8 pari a 175 milioni di euro e in Valle d\u2019Aosta a 190, nel 2022 i giganti del WebSoft hanno prodotto 9,3 miliardi di fatturato e versato al fisco italiano complessivamente 206 milioni di euro. Nulla a che vedere con quanto \u201ccontribuiscono\u201d le imprese lombarde che, invece, pagano all\u2019erario 125 volte in pi\u00f9 di quanto versano questi 25 colossi digitali, quelle laziali 56,7 in pi\u00f9, quelle emiliano-romagnole 38 e quelle venete 36,8 (vedi Tab. 1).<\/p>\n<p>&nbsp;<\/p>\n<p>&nbsp;<\/p>\n<hr \/>\n<p>&nbsp;<\/p>\n<blockquote>\n<h3>UN AGORDINO AL VENICE PHOTO LAB FESTIVAL<\/h3>\n<\/blockquote>\n<p><strong>DI MARINA DONA&#8217;<\/strong><\/p>\n<p>Una rappresentanza anche agordina al &#8220;Venice Photo Lab&#8221; Festival a Venezia al palazzetto Tito della fondazione Bevilacqua La Masa. Inaugurazione presentata dal curatore del festival stesso, Fabio Cavessago, presente all&#8217;evento anche un assessore del comune di Venezia e un responsabile della fondazione. L&#8217;evento ha visto un&#8217;importante partecipazione. Mostra di foto di artisti da tutto il mondo, e selezionato anche un artista agordino, Simone Pra&#8217;. L&#8217;associazione Lab77aps ha organizzato un festival fotografico dall&#8217;11 al 20 ottobre 2024, con inaugurazione sabato 12 alle 18.00. All&#8217;interno dell&#8217;evento un bellissimo spettacolo con tre coreografie a cura della docente Loredana Vagliato della scuola di Mestre &#8220;Ritmi danza&#8221;. Il tema delle coreografie legato al tema del festival ovvero &#8220;la pace&#8221;. Le tre allieve Elena, Mery ed Elena. Una mostra da vedere, per emozionarsi cercando di immaginare l&#8217;emozione che ogni artista ha provato nel momento in cui immortalava con il proprio scatto un momento, un attimo fuggente ma catturato. Poi abbinata a questo una visita alla meravigliosa citt\u00e0 di Venezia rende il tutto particolarmente magico.<\/p>\n<p><iframe loading=\"lazy\" title=\"VENICE FOTO LAB\" width=\"1200\" height=\"675\" src=\"https:\/\/www.youtube.com\/embed\/lt2L_WR51eQ?feature=oembed\" frameborder=\"0\" allow=\"accelerometer; autoplay; clipboard-write; encrypted-media; gyroscope; picture-in-picture; web-share\" referrerpolicy=\"strict-origin-when-cross-origin\" allowfullscreen><\/iframe><\/p>\n<p>&nbsp;<\/p>\n<p><a class=\"dt-pswp-item\" href=\"https:\/\/www.radiopiu.net\/wordpress\/wp-content\/uploads\/2024\/10\/abdb5018-a1c1-4757-9dc0-f569714ef305.jpg\" data-dt-img-description=\"\" data-large_image_width=\"1599\" data-large_image_height=\"1186\"><img loading=\"lazy\" decoding=\"async\" class=\"alignnone size-medium wp-image-414215\" src=\"https:\/\/www.radiopiu.net\/wordpress\/wp-content\/uploads\/2024\/10\/abdb5018-a1c1-4757-9dc0-f569714ef305-300x223.jpg\" alt=\"\" width=\"300\" height=\"223\" srcset=\"https:\/\/www.radiopiu.net\/wordpress\/wp-content\/uploads\/2024\/10\/abdb5018-a1c1-4757-9dc0-f569714ef305-300x223.jpg 300w, https:\/\/www.radiopiu.net\/wordpress\/wp-content\/uploads\/2024\/10\/abdb5018-a1c1-4757-9dc0-f569714ef305-1024x760.jpg 1024w, https:\/\/www.radiopiu.net\/wordpress\/wp-content\/uploads\/2024\/10\/abdb5018-a1c1-4757-9dc0-f569714ef305-768x570.jpg 768w, https:\/\/www.radiopiu.net\/wordpress\/wp-content\/uploads\/2024\/10\/abdb5018-a1c1-4757-9dc0-f569714ef305-1536x1139.jpg 1536w, https:\/\/www.radiopiu.net\/wordpress\/wp-content\/uploads\/2024\/10\/abdb5018-a1c1-4757-9dc0-f569714ef305.jpg 1599w\" sizes=\"auto, (max-width: 300px) 100vw, 300px\" \/><\/a><a class=\"dt-pswp-item\" href=\"https:\/\/www.radiopiu.net\/wordpress\/wp-content\/uploads\/2024\/10\/1b50549f-961f-4aa5-a15f-7890fe06dd1b.jpg\" data-dt-img-description=\"\" data-large_image_width=\"1200\" data-large_image_height=\"1600\"><img loading=\"lazy\" decoding=\"async\" class=\"alignnone wp-image-414216\" src=\"https:\/\/www.radiopiu.net\/wordpress\/wp-content\/uploads\/2024\/10\/1b50549f-961f-4aa5-a15f-7890fe06dd1b-225x300.jpg\" alt=\"\" width=\"168\" height=\"224\" srcset=\"https:\/\/www.radiopiu.net\/wordpress\/wp-content\/uploads\/2024\/10\/1b50549f-961f-4aa5-a15f-7890fe06dd1b-225x300.jpg 225w, https:\/\/www.radiopiu.net\/wordpress\/wp-content\/uploads\/2024\/10\/1b50549f-961f-4aa5-a15f-7890fe06dd1b-768x1024.jpg 768w, https:\/\/www.radiopiu.net\/wordpress\/wp-content\/uploads\/2024\/10\/1b50549f-961f-4aa5-a15f-7890fe06dd1b-1152x1536.jpg 1152w, https:\/\/www.radiopiu.net\/wordpress\/wp-content\/uploads\/2024\/10\/1b50549f-961f-4aa5-a15f-7890fe06dd1b.jpg 1200w\" sizes=\"auto, (max-width: 168px) 100vw, 168px\" \/><\/a><a class=\"dt-pswp-item\" href=\"https:\/\/www.radiopiu.net\/wordpress\/wp-content\/uploads\/2024\/10\/47989eb8-36b1-4ee4-b374-ef840aa1a2f6.jpg\" data-dt-img-description=\"\" data-large_image_width=\"1080\" data-large_image_height=\"573\"><img loading=\"lazy\" decoding=\"async\" class=\"alignnone wp-image-414217\" src=\"https:\/\/www.radiopiu.net\/wordpress\/wp-content\/uploads\/2024\/10\/47989eb8-36b1-4ee4-b374-ef840aa1a2f6-300x159.jpg\" alt=\"\" width=\"419\" height=\"222\" srcset=\"https:\/\/www.radiopiu.net\/wordpress\/wp-content\/uploads\/2024\/10\/47989eb8-36b1-4ee4-b374-ef840aa1a2f6-300x159.jpg 300w, https:\/\/www.radiopiu.net\/wordpress\/wp-content\/uploads\/2024\/10\/47989eb8-36b1-4ee4-b374-ef840aa1a2f6-1024x543.jpg 1024w, https:\/\/www.radiopiu.net\/wordpress\/wp-content\/uploads\/2024\/10\/47989eb8-36b1-4ee4-b374-ef840aa1a2f6-768x407.jpg 768w, https:\/\/www.radiopiu.net\/wordpress\/wp-content\/uploads\/2024\/10\/47989eb8-36b1-4ee4-b374-ef840aa1a2f6.jpg 1080w\" sizes=\"auto, (max-width: 419px) 100vw, 419px\" \/><\/a><a class=\"dt-pswp-item\" href=\"https:\/\/www.radiopiu.net\/wordpress\/wp-content\/uploads\/2024\/10\/2da4cd1f-a2ab-4b73-a11d-15fb8d5917b4.jpg\" data-dt-img-description=\"\" data-large_image_width=\"1600\" data-large_image_height=\"1200\"><img loading=\"lazy\" decoding=\"async\" class=\"alignnone size-medium wp-image-414218\" src=\"https:\/\/www.radiopiu.net\/wordpress\/wp-content\/uploads\/2024\/10\/2da4cd1f-a2ab-4b73-a11d-15fb8d5917b4-300x225.jpg\" alt=\"\" width=\"300\" height=\"225\" srcset=\"https:\/\/www.radiopiu.net\/wordpress\/wp-content\/uploads\/2024\/10\/2da4cd1f-a2ab-4b73-a11d-15fb8d5917b4-300x225.jpg 300w, https:\/\/www.radiopiu.net\/wordpress\/wp-content\/uploads\/2024\/10\/2da4cd1f-a2ab-4b73-a11d-15fb8d5917b4-1024x768.jpg 1024w, https:\/\/www.radiopiu.net\/wordpress\/wp-content\/uploads\/2024\/10\/2da4cd1f-a2ab-4b73-a11d-15fb8d5917b4-768x576.jpg 768w, https:\/\/www.radiopiu.net\/wordpress\/wp-content\/uploads\/2024\/10\/2da4cd1f-a2ab-4b73-a11d-15fb8d5917b4-1536x1152.jpg 1536w, https:\/\/www.radiopiu.net\/wordpress\/wp-content\/uploads\/2024\/10\/2da4cd1f-a2ab-4b73-a11d-15fb8d5917b4.jpg 1600w\" sizes=\"auto, (max-width: 300px) 100vw, 300px\" \/><\/a><a class=\"dt-pswp-item\" href=\"https:\/\/www.radiopiu.net\/wordpress\/wp-content\/uploads\/2024\/10\/d332af2b-f904-4fd2-9ac0-ed2a776675de.jpg\" data-dt-img-description=\"\" data-large_image_width=\"2048\" data-large_image_height=\"1518\"><img loading=\"lazy\" decoding=\"async\" class=\"alignnone size-medium wp-image-414219\" src=\"https:\/\/www.radiopiu.net\/wordpress\/wp-content\/uploads\/2024\/10\/d332af2b-f904-4fd2-9ac0-ed2a776675de-300x222.jpg\" alt=\"\" width=\"300\" height=\"222\" srcset=\"https:\/\/www.radiopiu.net\/wordpress\/wp-content\/uploads\/2024\/10\/d332af2b-f904-4fd2-9ac0-ed2a776675de-300x222.jpg 300w, https:\/\/www.radiopiu.net\/wordpress\/wp-content\/uploads\/2024\/10\/d332af2b-f904-4fd2-9ac0-ed2a776675de-1024x759.jpg 1024w, https:\/\/www.radiopiu.net\/wordpress\/wp-content\/uploads\/2024\/10\/d332af2b-f904-4fd2-9ac0-ed2a776675de-768x569.jpg 768w, https:\/\/www.radiopiu.net\/wordpress\/wp-content\/uploads\/2024\/10\/d332af2b-f904-4fd2-9ac0-ed2a776675de-1536x1139.jpg 1536w, https:\/\/www.radiopiu.net\/wordpress\/wp-content\/uploads\/2024\/10\/d332af2b-f904-4fd2-9ac0-ed2a776675de.jpg 2048w\" sizes=\"auto, (max-width: 300px) 100vw, 300px\" \/><\/a><a class=\"dt-pswp-item\" href=\"https:\/\/www.radiopiu.net\/wordpress\/wp-content\/uploads\/2024\/10\/88aa62b2-14a8-4717-a9d6-a22dbde8d941.jpg\" data-dt-img-description=\"\" data-large_image_width=\"2048\" data-large_image_height=\"1536\"><img loading=\"lazy\" decoding=\"async\" class=\"alignnone size-medium wp-image-414220\" src=\"https:\/\/www.radiopiu.net\/wordpress\/wp-content\/uploads\/2024\/10\/88aa62b2-14a8-4717-a9d6-a22dbde8d941-300x225.jpg\" alt=\"\" width=\"300\" height=\"225\" srcset=\"https:\/\/www.radiopiu.net\/wordpress\/wp-content\/uploads\/2024\/10\/88aa62b2-14a8-4717-a9d6-a22dbde8d941-300x225.jpg 300w, https:\/\/www.radiopiu.net\/wordpress\/wp-content\/uploads\/2024\/10\/88aa62b2-14a8-4717-a9d6-a22dbde8d941-1024x768.jpg 1024w, https:\/\/www.radiopiu.net\/wordpress\/wp-content\/uploads\/2024\/10\/88aa62b2-14a8-4717-a9d6-a22dbde8d941-768x576.jpg 768w, https:\/\/www.radiopiu.net\/wordpress\/wp-content\/uploads\/2024\/10\/88aa62b2-14a8-4717-a9d6-a22dbde8d941-1536x1152.jpg 1536w, https:\/\/www.radiopiu.net\/wordpress\/wp-content\/uploads\/2024\/10\/88aa62b2-14a8-4717-a9d6-a22dbde8d941.jpg 2048w\" sizes=\"auto, (max-width: 300px) 100vw, 300px\" \/><\/a><\/p>\n<p>&nbsp;<\/p>\n<hr \/>\n<p>&nbsp;<\/p>\n<blockquote>\n<h3><a class=\"dt-pswp-item\" href=\"https:\/\/www.radiopiu.net\/wordpress\/wp-content\/uploads\/2024\/10\/giornata-menopausa_2024-3-4.jpg\" data-dt-img-description=\"\" data-large_image_width=\"1240\" data-large_image_height=\"1754\"><img loading=\"lazy\" decoding=\"async\" class=\" wp-image-414074 alignleft\" src=\"https:\/\/www.radiopiu.net\/wordpress\/wp-content\/uploads\/2024\/10\/giornata-menopausa_2024-3-4-212x300.jpg\" alt=\"\" width=\"110\" height=\"156\" srcset=\"https:\/\/www.radiopiu.net\/wordpress\/wp-content\/uploads\/2024\/10\/giornata-menopausa_2024-3-4-212x300.jpg 212w, https:\/\/www.radiopiu.net\/wordpress\/wp-content\/uploads\/2024\/10\/giornata-menopausa_2024-3-4-724x1024.jpg 724w, https:\/\/www.radiopiu.net\/wordpress\/wp-content\/uploads\/2024\/10\/giornata-menopausa_2024-3-4-768x1086.jpg 768w, https:\/\/www.radiopiu.net\/wordpress\/wp-content\/uploads\/2024\/10\/giornata-menopausa_2024-3-4-1086x1536.jpg 1086w, https:\/\/www.radiopiu.net\/wordpress\/wp-content\/uploads\/2024\/10\/giornata-menopausa_2024-3-4.jpg 1240w\" sizes=\"auto, (max-width: 110px) 100vw, 110px\" \/><\/a>VENERDI&#8217; LA GIORNATA MONDIALE DELLA MENOPAUSA<\/h3>\n<\/blockquote>\n<p><strong>BELLUNO<\/strong> In occasione della Giornata mondiale della menopausa, l&#8217;Ulss Dolomiti e l&#8217;Unit\u00e0 Operativa di Ostetricia e Ginecologia di Belluno organizzano un incontro online il 18 ottobre 2024. L&#8217;evento, intitolato &#8220;Menopausa&#8230;non \u00e8 solo questione di ormoni!&#8221;, si terr\u00e0 dalle 17.30 alle 19.00 e affronter\u00e0 temi legati alla menopausa precoce e ai segnali d&#8217;allarme per le donne in menopausa. Tra gli interventi previsti: &#8220;Come si cambia&#8221; di Laura Renon, Chirurgo Senologo, e &#8220;Menopausa: un cambiamento naturale&#8221; di Mara Scarton, Ginecologa. Per partecipare, ci si potr\u00e0 collegare tramite un link a Google Meet.<\/p>\n<p>&nbsp;<\/p>\n<p>&nbsp;<\/p>\n<hr \/>\n<p>&nbsp;<\/p>\n<blockquote>\n<h3><a class=\"dt-pswp-item\" href=\"https:\/\/www.radiopiu.net\/wordpress\/wp-content\/uploads\/2024\/10\/COME-SI-SALVA-UNA-VITA_10.10.24.jpg\" data-dt-img-description=\"\" data-large_image_width=\"1240\" data-large_image_height=\"1754\"><img loading=\"lazy\" decoding=\"async\" class=\" wp-image-414076 alignleft\" src=\"https:\/\/www.radiopiu.net\/wordpress\/wp-content\/uploads\/2024\/10\/COME-SI-SALVA-UNA-VITA_10.10.24-212x300.jpg\" alt=\"\" width=\"124\" height=\"175\" srcset=\"https:\/\/www.radiopiu.net\/wordpress\/wp-content\/uploads\/2024\/10\/COME-SI-SALVA-UNA-VITA_10.10.24-212x300.jpg 212w, https:\/\/www.radiopiu.net\/wordpress\/wp-content\/uploads\/2024\/10\/COME-SI-SALVA-UNA-VITA_10.10.24-724x1024.jpg 724w, https:\/\/www.radiopiu.net\/wordpress\/wp-content\/uploads\/2024\/10\/COME-SI-SALVA-UNA-VITA_10.10.24-768x1086.jpg 768w, https:\/\/www.radiopiu.net\/wordpress\/wp-content\/uploads\/2024\/10\/COME-SI-SALVA-UNA-VITA_10.10.24-1086x1536.jpg 1086w, https:\/\/www.radiopiu.net\/wordpress\/wp-content\/uploads\/2024\/10\/COME-SI-SALVA-UNA-VITA_10.10.24.jpg 1240w\" sizes=\"auto, (max-width: 124px) 100vw, 124px\" \/><\/a>COME SI SALVA UNA VITA? SABATO NELLE PIAZZE BELLUNESI<\/h3>\n<\/blockquote>\n<p><strong>BELLUNO<\/strong> L&#8217;Ulss Dolomiti, insieme al SUEM 118, partecipa alla Settimana per la Rianimazione Cardiopolmonare &#8220;Viva!&#8221;, una campagna promossa dall&#8217;Italian Resuscitation Council per sensibilizzare sull&#8217;importanza delle manovre di RCP. Il 19 ottobre 2024, nelle piazze di Agordo, Belluno, Feltre e Pieve di Cadore, si terr\u00e0 l&#8217;evento &#8220;Come si salva una vita?&#8221; dove gli operatori del SUEM insegneranno al pubblico a riconoscere un arresto cardiaco e ad eseguire correttamente il massaggio cardiaco. L&#8217;arresto cardiaco improvviso \u00e8 la terza causa di morte in Europa e un intervento tempestivo pu\u00f2 triplicare le probabilit\u00e0 di sopravvivenza, soprattutto con l&#8217;uso di defibrillatori semiautomatici.<\/p>\n<p>&nbsp;<\/p>\n<p>&nbsp;<\/p>\n<hr \/>\n<p>&nbsp;<\/p>\n<blockquote>\n<h3>UN CONCERTO A FAVORE DI MEDICI CON L&#8217;AFRICA<\/h3>\n<\/blockquote>\n<p><strong><a class=\"dt-pswp-item\" href=\"https:\/\/www.radiopiu.net\/wordpress\/wp-content\/uploads\/2020\/09\/auser-1.jpg\" data-dt-img-description=\"\" data-large_image_width=\"1772\" data-large_image_height=\"811\"><img loading=\"lazy\" decoding=\"async\" class=\" wp-image-163020 alignleft\" src=\"https:\/\/www.radiopiu.net\/wordpress\/wp-content\/uploads\/2020\/09\/auser-1-300x137.jpg\" alt=\"\" width=\"158\" height=\"72\" srcset=\"https:\/\/www.radiopiu.net\/wordpress\/wp-content\/uploads\/2020\/09\/auser-1-300x137.jpg 300w, https:\/\/www.radiopiu.net\/wordpress\/wp-content\/uploads\/2020\/09\/auser-1-1024x469.jpg 1024w, https:\/\/www.radiopiu.net\/wordpress\/wp-content\/uploads\/2020\/09\/auser-1-768x351.jpg 768w, https:\/\/www.radiopiu.net\/wordpress\/wp-content\/uploads\/2020\/09\/auser-1-1536x703.jpg 1536w, https:\/\/www.radiopiu.net\/wordpress\/wp-content\/uploads\/2020\/09\/auser-1-640x293.jpg 640w, https:\/\/www.radiopiu.net\/wordpress\/wp-content\/uploads\/2020\/09\/auser-1.jpg 1772w\" sizes=\"auto, (max-width: 158px) 100vw, 158px\" \/><\/a>BELLUNO<\/strong> Anche quest&#8217;anno si rinnova la collaborazione tra l&#8217;Associazione Medici Cattolici di Belluno e l&#8217;Auser provinciale di Belluno con un concerto a favore di Medici con l\u2019Africa CUAMM. L&#8217;evento, in programma per venerd\u00ec 18 ottobre nella chiesa di Loreto a Belluno, celebra San Luca, patrono dei medici, e vuole essere un omaggio alla dedizione dei professionisti sanitari. Il concerto, con musiche di Vivaldi, Bach, Telemann e altri, vedr\u00e0 esibirsi Fiorenzo Mori all&#8217;organo e Davide Mori all&#8217;oboe. I medici del CUAMM operano in Africa in condizioni difficili, affrontando la mancanza di cure adeguate.<\/p>\n<p>&nbsp;<\/p>\n<p>&nbsp;<\/p>\n<hr \/>\n<p>&nbsp;<\/p>\n<blockquote>\n<h1>TRE AUTRICI PER PUNTI DI VISTA, STORIE PER CAPIRE<\/h1>\n<\/blockquote>\n<p><strong>BELLUNO<\/strong><\/p>\n<p><strong>DI ROBERTO BONA<\/strong><\/p>\n<audio class=\"wp-audio-shortcode\" id=\"audio-414065-11\" preload=\"none\" style=\"width: 100%;\" controls=\"controls\"><source type=\"audio\/wav\" src=\"https:\/\/www.radiopiu.net\/wordpress\/wp-content\/uploads\/2024\/10\/PuntiDiVista.wav?_=11\" \/><a href=\"https:\/\/www.radiopiu.net\/wordpress\/wp-content\/uploads\/2024\/10\/PuntiDiVista.wav\">https:\/\/www.radiopiu.net\/wordpress\/wp-content\/uploads\/2024\/10\/PuntiDiVista.wav<\/a><\/audio>\n<p>&nbsp;<\/p>\n<p><img loading=\"lazy\" decoding=\"async\" class=\"aligncenter\" src=\"https:\/\/www.radiopiu.net\/wordpress\/wp-content\/uploads\/2024\/10\/035eca65-8d62-4136-974f-5c03103a427e.jpg\" width=\"269\" height=\"190\" \/><\/p>\n<p>&nbsp;<\/p>\n<p>&nbsp;<\/p>\n<p>&nbsp;<\/p>\n<p>&nbsp;<\/p>\n<hr \/>\n<p>&nbsp;<\/p>\n<div class=\"page-title-head hgroup\">\n<blockquote>\n<h1 class=\"entry-title\">L\u2019ARMADIO DELLA VERGOGNA A BOLZANO BELLUNESE sabato 19 ottobre<\/h1>\n<\/blockquote>\n<\/div>\n<div class=\"page-title-breadcrumbs\">\n<p><img loading=\"lazy\" decoding=\"async\" class=\"alignleft\" src=\"https:\/\/www.radiopiu.net\/wordpress\/wp-content\/uploads\/2024\/10\/74c3ef91-6fb8-4262-9ef6-afe32c30967a.jpg\" width=\"190\" height=\"247\" \/><\/p>\n<p><strong>BELLUNO DI ROBERTO BONA<\/strong><\/p>\n<audio class=\"wp-audio-shortcode\" id=\"audio-414065-12\" preload=\"none\" style=\"width: 100%;\" controls=\"controls\"><source type=\"audio\/wav\" src=\"https:\/\/www.radiopiu.net\/wordpress\/wp-content\/uploads\/2024\/10\/EccidiNazifascistiArmadiodellaVergogna.wav?_=12\" \/><a href=\"https:\/\/www.radiopiu.net\/wordpress\/wp-content\/uploads\/2024\/10\/EccidiNazifascistiArmadiodellaVergogna.wav\">https:\/\/www.radiopiu.net\/wordpress\/wp-content\/uploads\/2024\/10\/EccidiNazifascistiArmadiodellaVergogna.wav<\/a><\/audio>\n<p>&nbsp;<\/p>\n<\/div>\n<p>&nbsp;<\/p>\n<hr \/>\n<p>&nbsp;<\/p>\n<blockquote>\n<h3>IL FESTIVAL DELLA CORALITA&#8217; VENETA<\/h3>\n<\/blockquote>\n<p><strong><a class=\"dt-pswp-item\" href=\"https:\/\/www.radiopiu.net\/wordpress\/wp-content\/uploads\/2021\/11\/ASAC-VENETO.png\" data-dt-img-description=\"\" data-large_image_width=\"534\" data-large_image_height=\"298\"><img loading=\"lazy\" decoding=\"async\" class=\" wp-image-241021 alignleft\" src=\"https:\/\/www.radiopiu.net\/wordpress\/wp-content\/uploads\/2021\/11\/ASAC-VENETO-300x167.png\" alt=\"\" width=\"138\" height=\"77\" srcset=\"https:\/\/www.radiopiu.net\/wordpress\/wp-content\/uploads\/2021\/11\/ASAC-VENETO-300x167.png 300w, https:\/\/www.radiopiu.net\/wordpress\/wp-content\/uploads\/2021\/11\/ASAC-VENETO.png 534w\" sizes=\"auto, (max-width: 138px) 100vw, 138px\" \/><\/a>BELLUNO<\/strong> La 4\u00aa edizione del Festival della Coralit\u00e0 Veneta \u00e8 in corso a Belluno e altre localit\u00e0 della provincia, organizzato dall&#8217;ASAC Veneto, presieduta da Alessandro Raschi. Il festival, che si svolge dal 5 al 27 ottobre, offre concerti e incontri con il sostegno di vari enti tra cui il Seminario Gregoriano di Belluno, la Regione Veneto e FENIARCO. Il prossimo appuntamento \u00e8 previsto per sabato 19 ottobre nella chiesa di S. Stefano con il concerto &#8220;Il suono del sacro&#8221;, un viaggio musicale attraverso le forme polifoniche dal Medioevo ad oggi. L\u2019ingresso \u00e8 gratuito.<\/p>\n<p>&nbsp;<\/p>\n<p>&nbsp;<\/p>\n<hr \/>\n<p>&nbsp;<\/p>\n<blockquote>\n<h3><a class=\"dt-pswp-item\" href=\"https:\/\/www.radiopiu.net\/wordpress\/wp-content\/uploads\/2024\/10\/Disegno-BASE_ottobre-2024.jpeg\" data-dt-img-description=\"\" data-large_image_width=\"1024\" data-large_image_height=\"1280\"><img loading=\"lazy\" decoding=\"async\" class=\" wp-image-413887 alignleft\" src=\"https:\/\/www.radiopiu.net\/wordpress\/wp-content\/uploads\/2024\/10\/Disegno-BASE_ottobre-2024-240x300.jpeg\" alt=\"\" width=\"120\" height=\"150\" srcset=\"https:\/\/www.radiopiu.net\/wordpress\/wp-content\/uploads\/2024\/10\/Disegno-BASE_ottobre-2024-240x300.jpeg 240w, https:\/\/www.radiopiu.net\/wordpress\/wp-content\/uploads\/2024\/10\/Disegno-BASE_ottobre-2024-819x1024.jpeg 819w, https:\/\/www.radiopiu.net\/wordpress\/wp-content\/uploads\/2024\/10\/Disegno-BASE_ottobre-2024-768x960.jpeg 768w, https:\/\/www.radiopiu.net\/wordpress\/wp-content\/uploads\/2024\/10\/Disegno-BASE_ottobre-2024.jpeg 1024w\" sizes=\"auto, (max-width: 120px) 100vw, 120px\" \/><\/a>CORSI DI PITTURA A TRICHIANA<\/h3>\n<\/blockquote>\n<p><strong>BORGO VALBELLUNA<\/strong> L&#8217;associazione Civicamente ha aperto le iscrizioni per i corsi di disegno base e acquerello avanzato, tenuti da Sara Andrich. Entrambi i corsi prevedono sei lezioni di due ore ciascuna. Il corso di disegno base, che inizia il 15 ottobre e si terr\u00e0 ogni marted\u00ec dalle 18:00 alle 20:00, si focalizza su proporzioni, prospettiva, teoria delle ombre e utilizzo di grafite, sanguigna e carboncino. Il corso di acquerello avanzato, destinato a chi ha gi\u00e0 esperienza, inizier\u00e0 il 24 ottobre e si svolger\u00e0 ogni gioved\u00ec dalle 18:00 alle 20:00. Entrambi i corsi si terranno nella sede dell\u2019associazione a Trichiana, con un minimo di 7 e un massimo di 10 partecipanti.<\/p>\n<p>&nbsp;<\/p>\n<p>&nbsp;<\/p>\n<hr \/>\n<p>&nbsp;<\/p>\n<blockquote>\n<h3>IL 3 NOVEMBRE A CANALE D&#8217;AGORDO LA BENEDIZIONE DI FINE LAVORI ALLA CASA NATALE DI PAPA LUCIANI<\/h3>\n<\/blockquote>\n<p><strong><a class=\"dt-pswp-item\" href=\"https:\/\/www.radiopiu.net\/wordpress\/wp-content\/uploads\/2024\/10\/KLGHAUIHGOAS.png\" data-dt-img-description=\"\" data-large_image_width=\"987\" data-large_image_height=\"471\"><img loading=\"lazy\" decoding=\"async\" class=\" wp-image-413885 alignleft\" src=\"https:\/\/www.radiopiu.net\/wordpress\/wp-content\/uploads\/2024\/10\/KLGHAUIHGOAS-300x143.png\" alt=\"\" width=\"210\" height=\"100\" srcset=\"https:\/\/www.radiopiu.net\/wordpress\/wp-content\/uploads\/2024\/10\/KLGHAUIHGOAS-300x143.png 300w, https:\/\/www.radiopiu.net\/wordpress\/wp-content\/uploads\/2024\/10\/KLGHAUIHGOAS-768x366.png 768w, https:\/\/www.radiopiu.net\/wordpress\/wp-content\/uploads\/2024\/10\/KLGHAUIHGOAS.png 987w\" sizes=\"auto, (max-width: 210px) 100vw, 210px\" \/><\/a>CANALE D&#8217;AGORDO<\/strong> Domenica 3 novembre 2024, a Canale d&#8217;Agordo, si terr\u00e0 un evento in occasione della benedizione di fine lavori della casa natale del beato Albino Luciani, Papa Giovanni Paolo I, organizzato dal Comune, Fondazione Papa Luciani, Parrocchia di Canale d&#8217;Agordo e Diocesi di Vittorio Veneto. La cerimonia inizier\u00e0 alle 15.00 con la benedizione da parte del Cardinale Beniamino Stella, seguita alle 15.30 dal concerto della Piccola Orchestra Veneta nella chiesa arcipretale di San Giovanni Battista. Il Museo Albino Luciani e la casa natale saranno aperti per visite durante la giornata.<\/p>\n<p>&nbsp;<\/p>\n<p>&nbsp;<\/p>\n<hr \/>\n<p>&nbsp;<\/p>\n<h2><span style=\"color: #ff6600;\">IERI ALLA RADIO<\/span><\/h2>\n<h2><span style=\"color: #ffcc00;\">DUE MINUTI PER TE<\/span><\/h2>\n<p><strong><a class=\"dt-pswp-item\" href=\"https:\/\/www.radiopiu.net\/wordpress\/wp-content\/uploads\/2020\/12\/DON-GIORGIO-LISE.jpg\" data-dt-img-description=\"\" data-large_image_width=\"1600\" data-large_image_height=\"901\"><img loading=\"lazy\" decoding=\"async\" class=\" wp-image-177420 alignleft\" src=\"https:\/\/www.radiopiu.net\/wordpress\/wp-content\/uploads\/2020\/12\/DON-GIORGIO-LISE-300x169.jpg\" alt=\"\" width=\"183\" height=\"103\" srcset=\"https:\/\/www.radiopiu.net\/wordpress\/wp-content\/uploads\/2020\/12\/DON-GIORGIO-LISE-300x169.jpg 300w, https:\/\/www.radiopiu.net\/wordpress\/wp-content\/uploads\/2020\/12\/DON-GIORGIO-LISE-1024x577.jpg 1024w, https:\/\/www.radiopiu.net\/wordpress\/wp-content\/uploads\/2020\/12\/DON-GIORGIO-LISE-768x432.jpg 768w, https:\/\/www.radiopiu.net\/wordpress\/wp-content\/uploads\/2020\/12\/DON-GIORGIO-LISE-1536x865.jpg 1536w, https:\/\/www.radiopiu.net\/wordpress\/wp-content\/uploads\/2020\/12\/DON-GIORGIO-LISE.jpg 1600w\" sizes=\"auto, (max-width: 183px) 100vw, 183px\" \/><\/a>APPUNTAMENTO DELLA DOMENICA CON IL PENSIERO DI MONSIGNOR GIORGIO LISE<\/strong><\/p>\n<audio class=\"wp-audio-shortcode\" id=\"audio-414065-13\" preload=\"none\" style=\"width: 100%;\" controls=\"controls\"><source type=\"audio\/mpeg\" src=\"https:\/\/www.radiopiu.net\/wordpress\/wp-content\/uploads\/2024\/10\/DON-GIORGIO-1.mp3?_=13\" \/><a href=\"https:\/\/www.radiopiu.net\/wordpress\/wp-content\/uploads\/2024\/10\/DON-GIORGIO-1.mp3\">https:\/\/www.radiopiu.net\/wordpress\/wp-content\/uploads\/2024\/10\/DON-GIORGIO-1.mp3<\/a><\/audio>\n<p>&nbsp;<\/p>\n<hr \/>\n<p>&nbsp;<\/p>\n<h2><span style=\"color: #00ccff;\">LA RASSEGNA STAMPA DA L&#8217;AMICO DEL POPOLO<\/span><\/h2>\n<p><strong><a class=\"dt-pswp-item\" href=\"https:\/\/www.radiopiu.net\/wordpress\/wp-content\/uploads\/2024\/10\/b3267cfa-b526-445f-82c8-19446aa1e072.jpg\" data-dt-img-description=\"\" data-large_image_width=\"1599\" data-large_image_height=\"1186\"><img loading=\"lazy\" decoding=\"async\" class=\" wp-image-412949 alignleft\" src=\"https:\/\/www.radiopiu.net\/wordpress\/wp-content\/uploads\/2024\/10\/b3267cfa-b526-445f-82c8-19446aa1e072-300x223.jpg\" alt=\"\" width=\"161\" height=\"120\" srcset=\"https:\/\/www.radiopiu.net\/wordpress\/wp-content\/uploads\/2024\/10\/b3267cfa-b526-445f-82c8-19446aa1e072-300x223.jpg 300w, https:\/\/www.radiopiu.net\/wordpress\/wp-content\/uploads\/2024\/10\/b3267cfa-b526-445f-82c8-19446aa1e072-1024x760.jpg 1024w, https:\/\/www.radiopiu.net\/wordpress\/wp-content\/uploads\/2024\/10\/b3267cfa-b526-445f-82c8-19446aa1e072-768x570.jpg 768w, https:\/\/www.radiopiu.net\/wordpress\/wp-content\/uploads\/2024\/10\/b3267cfa-b526-445f-82c8-19446aa1e072-1536x1139.jpg 1536w, https:\/\/www.radiopiu.net\/wordpress\/wp-content\/uploads\/2024\/10\/b3267cfa-b526-445f-82c8-19446aa1e072.jpg 1599w\" sizes=\"auto, (max-width: 161px) 100vw, 161px\" \/><\/a>DI GIANNI SANTOMASO<\/strong><\/p>\n<p>OSPITE: Gabriele Della Lucia, Francesca Forcellato, Giovanni Della Lucia<\/p>\n<audio class=\"wp-audio-shortcode\" id=\"audio-414065-14\" preload=\"none\" style=\"width: 100%;\" controls=\"controls\"><source type=\"audio\/mpeg\" src=\"https:\/\/www.radiopiu.net\/wordpress\/wp-content\/uploads\/2024\/10\/RASSEGNA-GIANNI-1.mp3?_=14\" \/><a href=\"https:\/\/www.radiopiu.net\/wordpress\/wp-content\/uploads\/2024\/10\/RASSEGNA-GIANNI-1.mp3\">https:\/\/www.radiopiu.net\/wordpress\/wp-content\/uploads\/2024\/10\/RASSEGNA-GIANNI-1.mp3<\/a><\/audio>\n<p>&nbsp;<\/p>\n<hr \/>\n<p>&nbsp;<\/p>\n<blockquote class=\"wp-embedded-content\" data-secret=\"rrJwR8Cqhk\"><p><a href=\"https:\/\/www.radiopiu.net\/wordpress\/piu-siamo-con-marina-settimana-dal-7-al-11-ottobre-2024\/\">PIU&#8217; SIAMO&#8230;CON MARINA &#8211; SETTIMANA DAL 7 AL 11 OTTOBRE 2024<\/a><\/p><\/blockquote>\n<p><iframe loading=\"lazy\" class=\"wp-embedded-content\" sandbox=\"allow-scripts\" security=\"restricted\" style=\"position: absolute; visibility: hidden;\" title=\"&#8220;PIU&#8217; SIAMO&#8230;CON MARINA &#8211; SETTIMANA DAL 7 AL 11 OTTOBRE 2024&#8221; &#8212; Radio Pi\u00f9\" src=\"https:\/\/www.radiopiu.net\/wordpress\/piu-siamo-con-marina-settimana-dal-7-al-11-ottobre-2024\/embed\/#?secret=O17te5HB3q#?secret=rrJwR8Cqhk\" data-secret=\"rrJwR8Cqhk\" width=\"600\" height=\"338\" frameborder=\"0\" marginwidth=\"0\" marginheight=\"0\" scrolling=\"no\"><\/iframe><\/p>\n<p>&nbsp;<\/p>\n<hr \/>\n<p>&nbsp;<\/p>\n<blockquote>\n<h3>IL PERIODO DEGLI AMORI PER I CERVI NEGLI SCATTI DI MARIO DE MARCO<\/h3>\n<\/blockquote>\n<p><strong>REDAZIONE<\/strong> Il periodo degli amori per i cervi sta per terminare e Mario De Marco in questi giorni ha avuto il tempo di appostarsi per documentare questo periodo dell&#8217;anno. Il materiale scelto \u00e8 il risultato di molte ore di appostamento nelle nostre valli, proprio durante il periodo del bramito, che segna la stagione degli amori del cervo. Questo momento, sempre affascinante e suggestivo, permette di osservare da vicino il comportamento di questi magnifici animali, che con i loro potenti richiami riempiono l&#8217;aria dei nostri boschi. Il bramito \u00e8 un evento naturale straordinario, simbolo di forza e vitalit\u00e0.<\/p>\n<div style=\"width: 848px;\" class=\"wp-video\"><video class=\"wp-video-shortcode\" id=\"video-414065-2\" width=\"848\" height=\"480\" preload=\"metadata\" controls=\"controls\"><source type=\"video\/mp4\" src=\"https:\/\/www.radiopiu.net\/wordpress\/wp-content\/uploads\/2024\/10\/WhatsApp-Video-2024-10-08-at-17.33.46.mp4?_=2\" \/><a href=\"https:\/\/www.radiopiu.net\/wordpress\/wp-content\/uploads\/2024\/10\/WhatsApp-Video-2024-10-08-at-17.33.46.mp4\">https:\/\/www.radiopiu.net\/wordpress\/wp-content\/uploads\/2024\/10\/WhatsApp-Video-2024-10-08-at-17.33.46.mp4<\/a><\/video><\/div>\n<p>&nbsp;<\/p>\n<p><a class=\"dt-pswp-item\" href=\"https:\/\/www.radiopiu.net\/wordpress\/wp-content\/uploads\/2024\/10\/f52c53c0-b794-4498-b5c4-0b0a6737f332.jpg\" data-dt-img-description=\"\" data-large_image_width=\"2036\" data-large_image_height=\"1356\"><img loading=\"lazy\" decoding=\"async\" class=\"alignnone size-medium wp-image-414160\" src=\"https:\/\/www.radiopiu.net\/wordpress\/wp-content\/uploads\/2024\/10\/f52c53c0-b794-4498-b5c4-0b0a6737f332-300x200.jpg\" alt=\"\" width=\"300\" height=\"200\" srcset=\"https:\/\/www.radiopiu.net\/wordpress\/wp-content\/uploads\/2024\/10\/f52c53c0-b794-4498-b5c4-0b0a6737f332-300x200.jpg 300w, https:\/\/www.radiopiu.net\/wordpress\/wp-content\/uploads\/2024\/10\/f52c53c0-b794-4498-b5c4-0b0a6737f332-1024x682.jpg 1024w, https:\/\/www.radiopiu.net\/wordpress\/wp-content\/uploads\/2024\/10\/f52c53c0-b794-4498-b5c4-0b0a6737f332-768x511.jpg 768w, https:\/\/www.radiopiu.net\/wordpress\/wp-content\/uploads\/2024\/10\/f52c53c0-b794-4498-b5c4-0b0a6737f332-1536x1023.jpg 1536w, https:\/\/www.radiopiu.net\/wordpress\/wp-content\/uploads\/2024\/10\/f52c53c0-b794-4498-b5c4-0b0a6737f332.jpg 2036w\" sizes=\"auto, (max-width: 300px) 100vw, 300px\" \/><\/a><a class=\"dt-pswp-item\" href=\"https:\/\/www.radiopiu.net\/wordpress\/wp-content\/uploads\/2024\/10\/cd6b6b1f-d62b-4b09-985d-97776716d4b3.jpg\" data-dt-img-description=\"\" data-large_image_width=\"2042\" data-large_image_height=\"1360\"><img loading=\"lazy\" decoding=\"async\" class=\"alignnone size-medium wp-image-414161\" src=\"https:\/\/www.radiopiu.net\/wordpress\/wp-content\/uploads\/2024\/10\/cd6b6b1f-d62b-4b09-985d-97776716d4b3-300x200.jpg\" alt=\"\" width=\"300\" height=\"200\" srcset=\"https:\/\/www.radiopiu.net\/wordpress\/wp-content\/uploads\/2024\/10\/cd6b6b1f-d62b-4b09-985d-97776716d4b3-300x200.jpg 300w, https:\/\/www.radiopiu.net\/wordpress\/wp-content\/uploads\/2024\/10\/cd6b6b1f-d62b-4b09-985d-97776716d4b3-1024x682.jpg 1024w, https:\/\/www.radiopiu.net\/wordpress\/wp-content\/uploads\/2024\/10\/cd6b6b1f-d62b-4b09-985d-97776716d4b3-768x511.jpg 768w, https:\/\/www.radiopiu.net\/wordpress\/wp-content\/uploads\/2024\/10\/cd6b6b1f-d62b-4b09-985d-97776716d4b3-1536x1023.jpg 1536w, https:\/\/www.radiopiu.net\/wordpress\/wp-content\/uploads\/2024\/10\/cd6b6b1f-d62b-4b09-985d-97776716d4b3.jpg 2042w\" sizes=\"auto, (max-width: 300px) 100vw, 300px\" \/><\/a><a class=\"dt-pswp-item\" href=\"https:\/\/www.radiopiu.net\/wordpress\/wp-content\/uploads\/2024\/10\/0ecb1d27-0ae1-4aaf-97ef-d852b53c4db8.jpg\" data-dt-img-description=\"\" data-large_image_width=\"2048\" data-large_image_height=\"1364\"><img loading=\"lazy\" decoding=\"async\" class=\"alignnone size-medium wp-image-414162\" src=\"https:\/\/www.radiopiu.net\/wordpress\/wp-content\/uploads\/2024\/10\/0ecb1d27-0ae1-4aaf-97ef-d852b53c4db8-300x200.jpg\" alt=\"\" width=\"300\" height=\"200\" srcset=\"https:\/\/www.radiopiu.net\/wordpress\/wp-content\/uploads\/2024\/10\/0ecb1d27-0ae1-4aaf-97ef-d852b53c4db8-300x200.jpg 300w, https:\/\/www.radiopiu.net\/wordpress\/wp-content\/uploads\/2024\/10\/0ecb1d27-0ae1-4aaf-97ef-d852b53c4db8-1024x682.jpg 1024w, https:\/\/www.radiopiu.net\/wordpress\/wp-content\/uploads\/2024\/10\/0ecb1d27-0ae1-4aaf-97ef-d852b53c4db8-768x512.jpg 768w, https:\/\/www.radiopiu.net\/wordpress\/wp-content\/uploads\/2024\/10\/0ecb1d27-0ae1-4aaf-97ef-d852b53c4db8-1536x1023.jpg 1536w, https:\/\/www.radiopiu.net\/wordpress\/wp-content\/uploads\/2024\/10\/0ecb1d27-0ae1-4aaf-97ef-d852b53c4db8.jpg 2048w\" sizes=\"auto, (max-width: 300px) 100vw, 300px\" \/><\/a><a class=\"dt-pswp-item\" href=\"https:\/\/www.radiopiu.net\/wordpress\/wp-content\/uploads\/2024\/10\/510fc042-9a40-45fb-9a10-c001ca5df743.jpg\" data-dt-img-description=\"\" data-large_image_width=\"2048\" data-large_image_height=\"1364\"><img loading=\"lazy\" decoding=\"async\" class=\"alignnone size-medium wp-image-414163\" src=\"https:\/\/www.radiopiu.net\/wordpress\/wp-content\/uploads\/2024\/10\/510fc042-9a40-45fb-9a10-c001ca5df743-300x200.jpg\" alt=\"\" width=\"300\" height=\"200\" srcset=\"https:\/\/www.radiopiu.net\/wordpress\/wp-content\/uploads\/2024\/10\/510fc042-9a40-45fb-9a10-c001ca5df743-300x200.jpg 300w, https:\/\/www.radiopiu.net\/wordpress\/wp-content\/uploads\/2024\/10\/510fc042-9a40-45fb-9a10-c001ca5df743-1024x682.jpg 1024w, https:\/\/www.radiopiu.net\/wordpress\/wp-content\/uploads\/2024\/10\/510fc042-9a40-45fb-9a10-c001ca5df743-768x512.jpg 768w, https:\/\/www.radiopiu.net\/wordpress\/wp-content\/uploads\/2024\/10\/510fc042-9a40-45fb-9a10-c001ca5df743-1536x1023.jpg 1536w, https:\/\/www.radiopiu.net\/wordpress\/wp-content\/uploads\/2024\/10\/510fc042-9a40-45fb-9a10-c001ca5df743.jpg 2048w\" sizes=\"auto, (max-width: 300px) 100vw, 300px\" \/><\/a><a class=\"dt-pswp-item\" href=\"https:\/\/www.radiopiu.net\/wordpress\/wp-content\/uploads\/2024\/10\/eeea67e3-3790-42d0-9eb1-037fa1ea0025.jpg\" data-dt-img-description=\"\" data-large_image_width=\"2045\" data-large_image_height=\"1362\"><img loading=\"lazy\" decoding=\"async\" class=\"alignnone size-medium wp-image-414164\" src=\"https:\/\/www.radiopiu.net\/wordpress\/wp-content\/uploads\/2024\/10\/eeea67e3-3790-42d0-9eb1-037fa1ea0025-300x200.jpg\" alt=\"\" width=\"300\" height=\"200\" srcset=\"https:\/\/www.radiopiu.net\/wordpress\/wp-content\/uploads\/2024\/10\/eeea67e3-3790-42d0-9eb1-037fa1ea0025-300x200.jpg 300w, https:\/\/www.radiopiu.net\/wordpress\/wp-content\/uploads\/2024\/10\/eeea67e3-3790-42d0-9eb1-037fa1ea0025-1024x682.jpg 1024w, https:\/\/www.radiopiu.net\/wordpress\/wp-content\/uploads\/2024\/10\/eeea67e3-3790-42d0-9eb1-037fa1ea0025-768x511.jpg 768w, https:\/\/www.radiopiu.net\/wordpress\/wp-content\/uploads\/2024\/10\/eeea67e3-3790-42d0-9eb1-037fa1ea0025-1536x1023.jpg 1536w, https:\/\/www.radiopiu.net\/wordpress\/wp-content\/uploads\/2024\/10\/eeea67e3-3790-42d0-9eb1-037fa1ea0025.jpg 2045w\" sizes=\"auto, (max-width: 300px) 100vw, 300px\" \/><\/a><\/p>\n<p>&nbsp;<\/p>\n<hr \/>\n<p>&nbsp;<\/p>\n<h2><span style=\"color: #ff0000;\"><a class=\"dt-pswp-item\" href=\"https:\/\/www.radiopiu.net\/wordpress\/wp-content\/uploads\/2018\/09\/appuntamenti.jpeg\" data-dt-img-description=\"\" data-large_image_width=\"800\" data-large_image_height=\"100\"><img loading=\"lazy\" decoding=\"async\" class=\"wp-image-61958 size-full aligncenter\" src=\"https:\/\/www.radiopiu.net\/wordpress\/wp-content\/uploads\/2018\/09\/appuntamenti.jpeg\" alt=\"\" width=\"800\" height=\"100\" srcset=\"https:\/\/www.radiopiu.net\/wordpress\/wp-content\/uploads\/2018\/09\/appuntamenti.jpeg 800w, https:\/\/www.radiopiu.net\/wordpress\/wp-content\/uploads\/2018\/09\/appuntamenti-300x38.jpeg 300w, https:\/\/www.radiopiu.net\/wordpress\/wp-content\/uploads\/2018\/09\/appuntamenti-768x96.jpeg 768w\" sizes=\"auto, (max-width: 800px) 100vw, 800px\" \/><\/a><\/span><\/h2>\n<p><iframe loading=\"lazy\" title=\"FORMULA 3\" width=\"1200\" height=\"900\" src=\"https:\/\/www.youtube.com\/embed\/I21aWSYA3OI?feature=oembed\" frameborder=\"0\" allow=\"accelerometer; autoplay; clipboard-write; encrypted-media; gyroscope; picture-in-picture; web-share\" referrerpolicy=\"strict-origin-when-cross-origin\" allowfullscreen><\/iframe><\/p>\n<p>&nbsp;<\/p>\n<div class=\"flex-shrink-0 flex flex-col relative items-end\">\n<div>\n<div class=\"pt-0\">\n<div class=\"gizmo-bot-avatar flex h-8 w-8 items-center justify-center overflow-hidden rounded-full\">\n<p class=\"relative p-1 rounded-sm flex items-center justify-center bg-token-main-surface-primary text-token-text-primary h-8 w-8\"><strong>BELLUNO <\/strong>Venerd\u00ec 8 novembre, dalle ore 18, presso l&#8217;aula magna dell&#8217;Istituto Superiore Tommaso Catullo di Belluno, si terr\u00e0 un evento organizzato da Pig&amp;Menti, che propone un dialogo sugli archetipi tra linguistica e neuroscienze. I relatori saranno il professor Michele T\u00ecson e il professor Renzo Barbazza. L&#8217;evento \u00e8 realizzato in collaborazione con Banca Prealpi San Biagio e i dottori Marco Tarascio e Silvia Barbini.<\/p>\n<p class=\"relative p-1 rounded-sm flex items-center justify-center bg-token-main-surface-primary text-token-text-primary h-8 w-8\"><strong>CANALE D&#8217;AGORDO <\/strong>Jazzercise \u00e8 un allenamento ad alta intensit\u00e0 che combina danza, pilates, yoga e kickboxing, adatto a tutti i livelli di fitness. \u00c8 efficace per tonificare i muscoli, migliorare la postura e ottenere un fisico snello. Nell&#8217;Agordino, le lezioni si tengono a Canale d&#8217;Agordo, nella sala ex emigranti di via Lotta, il luned\u00ec dalle 18:15 alle 19:15 e il mercoled\u00ec dalle 18:30 alle 19:30. L&#8217;istruttrice certificata RaLuca ti aspetta per un allenamento coinvolgente al ritmo di musica attuale. Per informazioni: 347 9295478.<\/p>\n<\/div>\n<\/div>\n<\/div>\n<\/div>\n<p><strong>CENCENIGHE<\/strong> La Famiglia Agordina Ex Emigranti organizza la Giornata dell\u2019Emigrante domenica 27 ottobre, un&#8217;occasione di festa e condivisione per chi ha vissuto o lavorato all&#8217;estero, o per chi vuole conoscere il mondo delle famiglie ex emigranti Bellunesi. Il programma prevede alle 10:30 la messa nella chiesa di Cencenighe, seguita dall\u2019omaggio al monumento dell\u2019emigrante e dall\u2019esibizione del Coro Alpino Monte Civetta nella sala consiliare. La giornata si concluder\u00e0 con un pranzo al Ristorante Monte Civetta di Listolade, accompagnato dalla cantante Daniela Trentin. Il contributo per il pranzo \u00e8 di 35 euro, prenotazioni al 339 211 4469.<\/p>\n<p><strong>FALCADE<\/strong> La Proloco di Caviola presenta &#8220;Proposte d&#8217;autunno&#8221;, un programma di eventi per vivere meglio. Gli appuntamenti includono: una passeggiata nel bosco con Silvano Savio il 20 ottobre, un incontro con Mauro Valt alla Casa della Giovent\u00f9 di Caviola il 6 novembre alle 20, e una serata osservando le stelle con &#8220;Cieli Dolomitici&#8221; il 9 novembre alle 20:30. Inoltre, il 10 novembre si svolger\u00e0 una castagnata con gli Alpini in occasione di San Martino, e il 22 novembre ci sar\u00e0 la chiusura con Roberto Sorama\u00e8 e il suo evento &#8220;Sete d\u2019Africa&#8221; alla Casa della Giovent\u00f9. Per informazioni: 349 1945861.<\/p>\n<p>&nbsp;<\/p>\n<div>\n<div class=\"\" dir=\"auto\">\n<div id=\":r9h:\" class=\"x1iorvi4 x1pi30zi x1l90r2v x1swvt13\" data-ad-comet-preview=\"message\" data-ad-preview=\"message\">\n\n\t\t\t<style type='text\/css'>\n\t\t\t\t#gallery-1 {\n\t\t\t\t\tmargin: auto;\n\t\t\t\t}\n\t\t\t\t#gallery-1 .gallery-item {\n\t\t\t\t\tfloat: left;\n\t\t\t\t\tmargin-top: 10px;\n\t\t\t\t\ttext-align: center;\n\t\t\t\t\twidth: 25%;\n\t\t\t\t}\n\t\t\t\t#gallery-1 img {\n\t\t\t\t\tborder: 2px solid #cfcfcf;\n\t\t\t\t}\n\t\t\t\t#gallery-1 .gallery-caption {\n\t\t\t\t\tmargin-left: 0;\n\t\t\t\t}\n\t\t\t\t\/* see gallery_shortcode() in wp-includes\/media.php *\/\n\t\t\t<\/style>\n\t\t<div id='gallery-1' class='dt-gallery-container gallery galleryid-414065 gallery-columns-4 gallery-size-thumbnail'><dl class='gallery-item'>\n\t\t\t\t<dt class='gallery-icon portrait'>\n\t\t\t\t\t<a class=\"rollover rollover-zoom dt-pswp-item\" title=\"LOC_A3_MOSTRA-RADIO_CMVI\" data-dt-img-description=\"\" data-large_image_width=\"1816\" data-large_image_height=\"2560\"href='https:\/\/www.radiopiu.net\/wordpress\/wp-content\/uploads\/2024\/08\/LOC_A3_MOSTRA-RADIO_CMVI-scaled.jpg'><img loading=\"lazy\" decoding=\"async\" width=\"150\" height=\"150\" src=\"https:\/\/www.radiopiu.net\/wordpress\/wp-content\/uploads\/2024\/08\/LOC_A3_MOSTRA-RADIO_CMVI-150x150.jpg\" class=\"attachment-thumbnail size-thumbnail\" alt=\"\" aria-describedby=\"gallery-1-403450\" \/><\/a>\n\t\t\t\t<\/dt>\n\t\t\t\t\t<dd class='wp-caption-text gallery-caption' id='gallery-1-403450'>\n\t\t\t\t\tLA MOSTRA DELLE RADIO IN VALLE IMPERINA\n\t\t\t\t\t<\/dd><\/dl><dl class='gallery-item'>\n\t\t\t\t<dt class='gallery-icon portrait'>\n\t\t\t\t\t<a class=\"rollover rollover-zoom dt-pswp-item\" title=\"cai agordo\" data-dt-img-description=\"\" data-large_image_width=\"490\" data-large_image_height=\"947\"href='https:\/\/www.radiopiu.net\/wordpress\/wp-content\/uploads\/2024\/09\/cai-agordo.png'><img loading=\"lazy\" decoding=\"async\" width=\"150\" height=\"150\" src=\"https:\/\/www.radiopiu.net\/wordpress\/wp-content\/uploads\/2024\/09\/cai-agordo-150x150.png\" class=\"attachment-thumbnail size-thumbnail\" alt=\"\" aria-describedby=\"gallery-1-411791\" \/><\/a>\n\t\t\t\t<\/dt>\n\t\t\t\t\t<dd class='wp-caption-text gallery-caption' id='gallery-1-411791'>\n\t\t\t\t\tSERE D&#8217;AUTUNNO CON IL CAI DI AGORDO\n\t\t\t\t\t<\/dd><\/dl><dl class='gallery-item'>\n\t\t\t\t<dt class='gallery-icon portrait'>\n\t\t\t\t\t<a class=\"rollover rollover-zoom dt-pswp-item\" title=\"851a2829-563c-46b1-a0f6-7f9d4b804601\" data-dt-img-description=\"\" data-large_image_width=\"1131\" data-large_image_height=\"1600\"href='https:\/\/www.radiopiu.net\/wordpress\/wp-content\/uploads\/2024\/10\/851a2829-563c-46b1-a0f6-7f9d4b804601.jpg'><img loading=\"lazy\" decoding=\"async\" width=\"150\" height=\"150\" src=\"https:\/\/www.radiopiu.net\/wordpress\/wp-content\/uploads\/2024\/10\/851a2829-563c-46b1-a0f6-7f9d4b804601-150x150.jpg\" class=\"attachment-thumbnail size-thumbnail\" alt=\"\" aria-describedby=\"gallery-1-413101\" \/><\/a>\n\t\t\t\t<\/dt>\n\t\t\t\t\t<dd class='wp-caption-text gallery-caption' id='gallery-1-413101'>\n\t\t\t\t\tSILVIA TESSARI IN CONCERTO\n\t\t\t\t\t<\/dd><\/dl><dl class='gallery-item'>\n\t\t\t\t<dt class='gallery-icon portrait'>\n\t\t\t\t\t<a class=\"rollover rollover-zoom dt-pswp-item\" title=\"afede08f-130d-46e3-820a-6cddfdaa7d71\" data-dt-img-description=\"\" data-large_image_width=\"1131\" data-large_image_height=\"1600\"href='https:\/\/www.radiopiu.net\/wordpress\/wp-content\/uploads\/2024\/10\/afede08f-130d-46e3-820a-6cddfdaa7d71.jpg'><img loading=\"lazy\" decoding=\"async\" width=\"150\" height=\"150\" src=\"https:\/\/www.radiopiu.net\/wordpress\/wp-content\/uploads\/2024\/10\/afede08f-130d-46e3-820a-6cddfdaa7d71-150x150.jpg\" class=\"attachment-thumbnail size-thumbnail\" alt=\"\" aria-describedby=\"gallery-1-413137\" \/><\/a>\n\t\t\t\t<\/dt>\n\t\t\t\t\t<dd class='wp-caption-text gallery-caption' id='gallery-1-413137'>\n\t\t\t\t\tA CENCENIGHE \n\t\t\t\t\t<\/dd><\/dl><br style=\"clear: both\" \/><dl class='gallery-item'>\n\t\t\t\t<dt class='gallery-icon portrait'>\n\t\t\t\t\t<a class=\"rollover rollover-zoom dt-pswp-item\" title=\"967a322c-9996-42d7-af75-662ca7d89e84\" data-dt-img-description=\"\" data-large_image_width=\"1080\" data-large_image_height=\"1519\"href='https:\/\/www.radiopiu.net\/wordpress\/wp-content\/uploads\/2024\/10\/967a322c-9996-42d7-af75-662ca7d89e84-1.jpg'><img loading=\"lazy\" decoding=\"async\" width=\"150\" height=\"150\" src=\"https:\/\/www.radiopiu.net\/wordpress\/wp-content\/uploads\/2024\/10\/967a322c-9996-42d7-af75-662ca7d89e84-1-150x150.jpg\" class=\"attachment-thumbnail size-thumbnail\" alt=\"\" aria-describedby=\"gallery-1-413698\" \/><\/a>\n\t\t\t\t<\/dt>\n\t\t\t\t\t<dd class='wp-caption-text gallery-caption' id='gallery-1-413698'>\n\t\t\t\t\tDOMANI\n\t\t\t\t\t<\/dd><\/dl><dl class='gallery-item'>\n\t\t\t\t<dt class='gallery-icon portrait'>\n\t\t\t\t\t<a class=\"rollover rollover-zoom dt-pswp-item\" title=\"f947fdbb-45ad-4c5d-b426-66dfc10ada16\" data-dt-img-description=\"\" data-large_image_width=\"1142\" data-large_image_height=\"1600\"href='https:\/\/www.radiopiu.net\/wordpress\/wp-content\/uploads\/2024\/10\/f947fdbb-45ad-4c5d-b426-66dfc10ada16.jpg'><img loading=\"lazy\" decoding=\"async\" width=\"150\" height=\"150\" src=\"https:\/\/www.radiopiu.net\/wordpress\/wp-content\/uploads\/2024\/10\/f947fdbb-45ad-4c5d-b426-66dfc10ada16-150x150.jpg\" class=\"attachment-thumbnail size-thumbnail\" alt=\"\" aria-describedby=\"gallery-1-413896\" \/><\/a>\n\t\t\t\t<\/dt>\n\t\t\t\t\t<dd class='wp-caption-text gallery-caption' id='gallery-1-413896'>\n\t\t\t\t\tIL 26 OTTOBRE ALLA PALESTRA B-FIT\n\t\t\t\t\t<\/dd><\/dl><dl class='gallery-item'>\n\t\t\t\t<dt class='gallery-icon portrait'>\n\t\t\t\t\t<a class=\"rollover rollover-zoom dt-pswp-item\" title=\"b783bbcc-c66e-4db7-96b5-e845a2664a84\" data-dt-img-description=\"\" data-large_image_width=\"509\" data-large_image_height=\"720\"href='https:\/\/www.radiopiu.net\/wordpress\/wp-content\/uploads\/2024\/10\/b783bbcc-c66e-4db7-96b5-e845a2664a84.jpg'><img loading=\"lazy\" decoding=\"async\" width=\"150\" height=\"150\" src=\"https:\/\/www.radiopiu.net\/wordpress\/wp-content\/uploads\/2024\/10\/b783bbcc-c66e-4db7-96b5-e845a2664a84-150x150.jpg\" class=\"attachment-thumbnail size-thumbnail\" alt=\"\" aria-describedby=\"gallery-1-414272\" \/><\/a>\n\t\t\t\t<\/dt>\n\t\t\t\t\t<dd class='wp-caption-text gallery-caption' id='gallery-1-414272'>\n\t\t\t\t\tIL 31 OTTOBRE\n\t\t\t\t\t<\/dd><\/dl>\n\t\t\t\t<br style='clear: both' \/>\n\t\t\t<\/div>\n\n<p>&nbsp;<\/p>\n<hr \/>\n<p>&nbsp;<\/p>\n<blockquote class=\"wp-embedded-content\" data-secret=\"1QXvkmtqY2\"><p><a href=\"https:\/\/www.radiopiu.net\/wordpress\/n-di-parom-l-almanach-de-la-nosta-jent-raccolta-completa\/\">N di parom &#8211; L Almanach de la nosta jent RACCOLTA COMPLETA<\/a><\/p><\/blockquote>\n<p><iframe loading=\"lazy\" class=\"wp-embedded-content\" sandbox=\"allow-scripts\" security=\"restricted\" style=\"position: absolute; visibility: hidden;\" title=\"&#8220;N di parom &#8211; L Almanach de la nosta jent RACCOLTA COMPLETA&#8221; &#8212; Radio Pi\u00f9\" src=\"https:\/\/www.radiopiu.net\/wordpress\/n-di-parom-l-almanach-de-la-nosta-jent-raccolta-completa\/embed\/#?secret=1OvdINoNiO#?secret=1QXvkmtqY2\" data-secret=\"1QXvkmtqY2\" width=\"600\" height=\"338\" frameborder=\"0\" marginwidth=\"0\" marginheight=\"0\" scrolling=\"no\"><\/iframe><\/p>\n<p>&nbsp;<\/p>\n<blockquote class=\"wp-embedded-content\" data-secret=\"zBHDcLh11C\"><p><a href=\"https:\/\/www.radiopiu.net\/wordpress\/pirole-de-lenga-la-parola-del-giorno-a-cura-del-musla-raccolta-completa\/\">PIROLE DE LENGA&#8230; LA PAROLA DEL GIORNO A CURA DEL MUSLA -raccolta completa &#8211;<\/a><\/p><\/blockquote>\n<p><iframe loading=\"lazy\" class=\"wp-embedded-content\" sandbox=\"allow-scripts\" security=\"restricted\" style=\"position: absolute; visibility: hidden;\" title=\"&#8220;PIROLE DE LENGA&#8230; LA PAROLA DEL GIORNO A CURA DEL MUSLA -raccolta completa &#8211;&#8221; &#8212; Radio Pi\u00f9\" src=\"https:\/\/www.radiopiu.net\/wordpress\/pirole-de-lenga-la-parola-del-giorno-a-cura-del-musla-raccolta-completa\/embed\/#?secret=n1OfiEqZ4L#?secret=zBHDcLh11C\" data-secret=\"zBHDcLh11C\" width=\"600\" height=\"338\" frameborder=\"0\" marginwidth=\"0\" marginheight=\"0\" scrolling=\"no\"><\/iframe><\/p>\n<p>&nbsp;<\/p>\n<blockquote class=\"wp-embedded-content\" data-secret=\"wFUVycf7EY\"><p><a href=\"https:\/\/www.radiopiu.net\/wordpress\/set5a\/\">EL BAL DEL FIOR, DETTI E MODI DI DIRE  LA RACCOLTA COMPLETA<\/a><\/p><\/blockquote>\n<p><iframe loading=\"lazy\" class=\"wp-embedded-content\" sandbox=\"allow-scripts\" security=\"restricted\" style=\"position: absolute; visibility: hidden;\" title=\"&#8220;EL BAL DEL FIOR, DETTI E MODI DI DIRE  LA RACCOLTA COMPLETA&#8221; &#8212; Radio Pi\u00f9\" src=\"https:\/\/www.radiopiu.net\/wordpress\/set5a\/embed\/#?secret=8GV9VvuuEZ#?secret=wFUVycf7EY\" data-secret=\"wFUVycf7EY\" width=\"600\" height=\"338\" frameborder=\"0\" marginwidth=\"0\" marginheight=\"0\" scrolling=\"no\"><\/iframe><\/p>\n<blockquote class=\"wp-embedded-content\" data-secret=\"e1qOcxrLve\"><p><a href=\"https:\/\/www.radiopiu.net\/wordpress\/sotto-un-cielo-di-stelle-di-claudio-pra-alla-radio-dal-lunedi-al-giovedi-alle-11-40\/\">SOTTO UN CIELO DI STELLE, DI CLAUDIO PRA alla radio dal lunedi al giovedi alle 11.40<\/a><\/p><\/blockquote>\n<p><iframe loading=\"lazy\" class=\"wp-embedded-content\" sandbox=\"allow-scripts\" security=\"restricted\" style=\"position: absolute; visibility: hidden;\" title=\"&#8220;SOTTO UN CIELO DI STELLE, DI CLAUDIO PRA alla radio dal lunedi al giovedi alle 11.40&#8221; &#8212; Radio Pi\u00f9\" src=\"https:\/\/www.radiopiu.net\/wordpress\/sotto-un-cielo-di-stelle-di-claudio-pra-alla-radio-dal-lunedi-al-giovedi-alle-11-40\/embed\/#?secret=w90MMihW3h#?secret=e1qOcxrLve\" data-secret=\"e1qOcxrLve\" width=\"600\" height=\"338\" frameborder=\"0\" marginwidth=\"0\" marginheight=\"0\" scrolling=\"no\"><\/iframe><\/p>\n<\/div>\n<\/div>\n<\/div>\n<p>&nbsp;<\/p>\n<hr \/>\n<p>&nbsp;<\/p>\n<p class=\"mceTemp\"><a class=\"dt-pswp-item\" href=\"https:\/\/www.radiopiu.net\/wordpress\/wp-content\/uploads\/2018\/09\/WhatsApp-Image-2018-09-20-at-16.04.06.jpeg\" data-dt-img-description=\"\" data-large_image_width=\"800\" data-large_image_height=\"100\"><img loading=\"lazy\" decoding=\"async\" class=\"wp-image-61378 size-full aligncenter\" src=\"https:\/\/www.radiopiu.net\/wordpress\/wp-content\/uploads\/2018\/09\/WhatsApp-Image-2018-09-20-at-16.04.06.jpeg\" alt=\"\" width=\"800\" height=\"100\" srcset=\"https:\/\/www.radiopiu.net\/wordpress\/wp-content\/uploads\/2018\/09\/WhatsApp-Image-2018-09-20-at-16.04.06.jpeg 800w, https:\/\/www.radiopiu.net\/wordpress\/wp-content\/uploads\/2018\/09\/WhatsApp-Image-2018-09-20-at-16.04.06-300x38.jpeg 300w, https:\/\/www.radiopiu.net\/wordpress\/wp-content\/uploads\/2018\/09\/WhatsApp-Image-2018-09-20-at-16.04.06-768x96.jpeg 768w\" sizes=\"auto, (max-width: 800px) 100vw, 800px\" \/><\/a><\/p>\n<p>&nbsp;<\/p>\n<p><strong>OGGI<\/strong>\u00a0Fino al primo mattino poco nuvoloso con nubi basse in alcuni fondovalle e sui versanti prealpini esposti alla pianura. Tra met\u00e0 mattinata e met\u00e0 pomeriggio nubi in aumento fino a nuvoloso, a seguire schiarite con nuova formazione di nubi basse dalla sera in alcuni fondovalle.<br \/>\n<strong>Precipitazioni.<\/strong>\u00a0Non del tutto esclusa pioviggine a tratti o qualche goccia qua e l\u00e0 (10-20%) nel pomeriggio su Prealpi.<br \/>\n<strong>Temperature.<\/strong> Temperature pressoch\u00e8 stazionarie o in lieve aumento in alta quota.<\/p>\n<hr \/>\n<p><strong>DOMANI<\/strong>\u00a0Al mattino poco nuvoloso per velature con possibili nubi basse o nebbia nei fondovalle prealpini fino al primo mattino. Nel pomeriggio velature via via pi\u00f9 estese assieme a qualche annuvolamento medio-basso specie verso sera con cielo parzialmente nuvoloso.<br \/>\n<strong>Precipitazioni.<\/strong>\u00a0Assenti.<br \/>\n<strong>Temperature.<\/strong>\u00a0Temperature stazionarie o in lieve aumento le massime.<\/p>\n<hr \/>\n<p><strong>MERCOLEDI<\/strong> Poco o parzialmente nuvoloso per velature e qualche nube bassa a fondovalle fino al mattino localmente persistente. Dal pomeriggio e soprattutto verso sera aumento della nuvolosit\u00e0 a partire da prealpi veronesi e vicentine fino a nuvoloso ovunque in tarda serata. Dalla sera possibile pioviggine o debole poggia su Prealpi veronesi e vicentine. Temperature stazionarie o in lieve aumento le massime su valori superiori alla media specie in quota.<\/p>\n<hr \/>\n<p><strong>GIOVEDI<\/strong>\u00a0Nuvoloso o molto nuvoloso con possibili deboli o debolissime precipitazioni sparse e discontinue possibili gi\u00e0 al mattino, via via pi\u00f9 probabili verso sera e su Prealpi. Temperature in generale calo, ad eccezione delle minime a fondovalle in aumento.<\/p>\n<p>&nbsp;<\/p>\n<hr \/>\n<p>&nbsp;<\/p>\n<blockquote>\n<h2>le ultime novita&#8217; da DOLOMITI GARDEN: VILLAGGIO DI NATALE &#8230;LAVORI IN CORSO<\/h2>\n<\/blockquote>\n<p><strong>BELLUNO<\/strong> Prosegue l&#8217;allestimento dell&#8217;atteso villaggio di Natale, la &#8220;chicca&#8221; dello staff del Dolomiti Garden sotto la guida di Stefano De Paris. Quest&#8217;anno pare proprio che Babbo Natale arriver\u00e0 con tanto di mongolfiera<\/p>\n<p><span style=\"color: #ff0000;\"><strong>il primo invito radiofonico&#8230; alla RADIOPIU<\/strong><\/span><\/p>\n<audio class=\"wp-audio-shortcode\" id=\"audio-414065-15\" preload=\"none\" style=\"width: 100%;\" controls=\"controls\"><source type=\"audio\/mpeg\" src=\"https:\/\/www.radiopiu.net\/wordpress\/wp-content\/uploads\/2024\/10\/PRIMA-VILLAGGIO-NATALE.mp3?_=15\" \/><a href=\"https:\/\/www.radiopiu.net\/wordpress\/wp-content\/uploads\/2024\/10\/PRIMA-VILLAGGIO-NATALE.mp3\">https:\/\/www.radiopiu.net\/wordpress\/wp-content\/uploads\/2024\/10\/PRIMA-VILLAGGIO-NATALE.mp3<\/a><\/audio>\n<p>&nbsp;<\/p>\n<p><a class=\"dt-pswp-item\" href=\"https:\/\/www.radiopiu.net\/wordpress\/wp-content\/uploads\/2024\/10\/db55f2f4-c06c-4a18-aab7-31c56cd05174.jpg\" data-dt-img-description=\"\" data-large_image_width=\"1200\" data-large_image_height=\"1600\"><img loading=\"lazy\" decoding=\"async\" class=\"alignnone size-medium wp-image-412478\" src=\"https:\/\/www.radiopiu.net\/wordpress\/wp-content\/uploads\/2024\/10\/db55f2f4-c06c-4a18-aab7-31c56cd05174-225x300.jpg\" alt=\"\" width=\"225\" height=\"300\" srcset=\"https:\/\/www.radiopiu.net\/wordpress\/wp-content\/uploads\/2024\/10\/db55f2f4-c06c-4a18-aab7-31c56cd05174-225x300.jpg 225w, https:\/\/www.radiopiu.net\/wordpress\/wp-content\/uploads\/2024\/10\/db55f2f4-c06c-4a18-aab7-31c56cd05174-768x1024.jpg 768w, https:\/\/www.radiopiu.net\/wordpress\/wp-content\/uploads\/2024\/10\/db55f2f4-c06c-4a18-aab7-31c56cd05174-1152x1536.jpg 1152w, https:\/\/www.radiopiu.net\/wordpress\/wp-content\/uploads\/2024\/10\/db55f2f4-c06c-4a18-aab7-31c56cd05174.jpg 1200w\" sizes=\"auto, (max-width: 225px) 100vw, 225px\" \/><\/a><a class=\"dt-pswp-item\" href=\"https:\/\/www.radiopiu.net\/wordpress\/wp-content\/uploads\/2024\/10\/8f07e173-c8da-4c84-82a2-6f4b7718dc2b.jpg\" data-dt-img-description=\"\" data-large_image_width=\"1200\" data-large_image_height=\"1600\"><img loading=\"lazy\" decoding=\"async\" class=\"alignnone size-medium wp-image-412479\" src=\"https:\/\/www.radiopiu.net\/wordpress\/wp-content\/uploads\/2024\/10\/8f07e173-c8da-4c84-82a2-6f4b7718dc2b-225x300.jpg\" alt=\"\" width=\"225\" height=\"300\" srcset=\"https:\/\/www.radiopiu.net\/wordpress\/wp-content\/uploads\/2024\/10\/8f07e173-c8da-4c84-82a2-6f4b7718dc2b-225x300.jpg 225w, https:\/\/www.radiopiu.net\/wordpress\/wp-content\/uploads\/2024\/10\/8f07e173-c8da-4c84-82a2-6f4b7718dc2b-768x1024.jpg 768w, https:\/\/www.radiopiu.net\/wordpress\/wp-content\/uploads\/2024\/10\/8f07e173-c8da-4c84-82a2-6f4b7718dc2b-1152x1536.jpg 1152w, https:\/\/www.radiopiu.net\/wordpress\/wp-content\/uploads\/2024\/10\/8f07e173-c8da-4c84-82a2-6f4b7718dc2b.jpg 1200w\" sizes=\"auto, (max-width: 225px) 100vw, 225px\" \/><\/a><\/p>\n<p>&nbsp;<\/p>\n<p>&nbsp;<\/p>\n<hr \/>\n<p>&nbsp;<\/p>\n<p>&nbsp;<\/p>\n<p class=\"mceTemp\"><a class=\"dt-pswp-item\" href=\"https:\/\/www.radiopiu.net\/wordpress\/wp-content\/uploads\/2018\/09\/sport.jpg\" data-dt-img-description=\"\" data-large_image_width=\"800\" data-large_image_height=\"100\"><img loading=\"lazy\" decoding=\"async\" class=\"aligncenter wp-image-60761 size-full\" src=\"https:\/\/www.radiopiu.net\/wordpress\/wp-content\/uploads\/2018\/09\/sport.jpg\" alt=\"\" width=\"800\" height=\"100\" srcset=\"https:\/\/www.radiopiu.net\/wordpress\/wp-content\/uploads\/2018\/09\/sport.jpg 800w, https:\/\/www.radiopiu.net\/wordpress\/wp-content\/uploads\/2018\/09\/sport-300x38.jpg 300w, https:\/\/www.radiopiu.net\/wordpress\/wp-content\/uploads\/2018\/09\/sport-768x96.jpg 768w\" sizes=\"auto, (max-width: 800px) 100vw, 800px\" \/><\/a><span style=\"color: #0000ff;\"><strong>\u00a0 \u00a0 \u00a0\u00a0<\/strong><\/span><\/p>\n<p><span style=\"color: #0000ff;\"><strong>\u00a0<\/strong><\/span><\/p>\n<p><span style=\"color: #0000ff;\"><strong>CALCIO<\/strong><\/span><\/p>\n<blockquote>\n<h3>L&#8217;AGORDINA BATTE IN RIMONTA LA DYNAMO VELLAI E VOLA AL QUARTO POSTO IN CLASSIFICA<\/h3>\n<\/blockquote>\n<p><strong><a class=\"dt-pswp-item\" href=\"https:\/\/www.radiopiu.net\/wordpress\/wp-content\/uploads\/2023\/02\/CALCIO-PALLONE.png\" data-dt-img-description=\"\" data-large_image_width=\"769\" data-large_image_height=\"495\"><img loading=\"lazy\" decoding=\"async\" class=\" wp-image-322076 alignleft\" src=\"https:\/\/www.radiopiu.net\/wordpress\/wp-content\/uploads\/2023\/02\/CALCIO-PALLONE-300x193.png\" alt=\"\" width=\"201\" height=\"129\" srcset=\"https:\/\/www.radiopiu.net\/wordpress\/wp-content\/uploads\/2023\/02\/CALCIO-PALLONE-300x193.png 300w, https:\/\/www.radiopiu.net\/wordpress\/wp-content\/uploads\/2023\/02\/CALCIO-PALLONE.png 769w\" sizes=\"auto, (max-width: 201px) 100vw, 201px\" \/><\/a>DI MARCO GAZ<\/strong><\/p>\n<p><span style=\"color: #ff0000;\"><strong>TERZA CATEGORIA<\/strong><\/span><\/p>\n<p><strong>AGORDINA \u2013 DYNAMO VELLAI 3-1<\/strong><\/p>\n<p>GOL AGORDINA: De Col\u00f2, Selle, Chiea<\/p>\n<p>Seconda vittoria consecutiva per l\u2019Agoirdina di Elvio Chiea che all\u2019Ivano Dorigo gioca una partita dalle due facce. Dopo un primo tempo con i feltrini in vantaggio, nella ripresa gli agordini ingranano la marcia giusta e portano a casa il bottino pieno. Le squadre giocano bene nella prima parte di gara con l\u2019Agordina che si divora qualche gol. La Dynamo Vellai per\u00f2 trova la rete del vantaggio e si va al riposo con gli ospiti avanti. Nella ripresa l\u2019Agordina cambia marcia e pareggia i conti con Selle che piazza la palla sul secondo palo. Il vantaggio della compagine di Agordo arriva da un calcio di rigore di De Col\u00f2. A mettere la ciliegina sulla torta ci pensa Chiea con un siluro che va ad infilarsi sotto l\u2019incrocio.<\/p>\n<p><strong>LA CLASSIFICA:<\/strong> Alpes Cesio 13, Tambre 12, Piave 11, Agordina e Fortogna 9, Fulgor Farra 8, Auronzo, Dynamo Vellai e Lamonese 7, Valzoldana e Cortina 6, Cadore 3, Bellunese e Valboite 0<\/p>\n<p><span style=\"color: #008000;\"><strong>GIOVANILI AGORDINA<\/strong><\/span><\/p>\n<p><span style=\"color: #ff0000;\"><strong>JUNIORES<\/strong><\/span><\/p>\n<p><strong>AGORDINA \u2013 LONGARONEALPINA 2-2<\/strong><\/p>\n<p>L&#8217;Agordina parte bene e trova subito il vantaggio con Garavana, bravo a inserirsi perfettamente sugli sviluppi di un calcio di punizione. La squadra sfiora pi\u00f9 volte il gol del 2-0, soprattutto con Fontanive che colpisce la traversa di testa. Il secondo tempo si apre con un&#8217;altra traversa per l&#8217;Agordina, questa volta su un gran tiro da fuori area di Benvegn\u00f9, prima che gli ospiti trovino il pareggio su una mischia in area e addirittura il vantaggio in contropiede. L&#8217;Agordina continua a creare molte occasioni anche nella ripresa, trovando infine il meritato pareggio al 91&#8242; grazie a una zampata di Cadorin.<\/p>\n<p><span style=\"color: #ff0000;\"><strong>ALLIEVI<\/strong><\/span><\/p>\n<p><strong>LONGARONEALPINA \u2013 AGORDINA 1-10<\/strong><\/p>\n<p>In casa del Longarone Alpina, l&#8217;Agordina vince e convince. La partita inizia molto bene per gli ospiti, che dopo 20 minuti sono gi\u00e0 avanti 0-3 grazie a una doppietta di Manuel Soccol e un gol su rigore di Giacomo Decima. Allo scadere del primo tempo, Manuel Soccol segna su punizione dal limite, ma subito dopo il Longarone accorcia le distanze a causa di una disattenzione difensiva. Il secondo tempo inizia con un colpo di scena: dopo solo un minuto dall&#8217;ingresso in campo, Campedel ribadisce la palla in rete. L&#8217;Agordina continua a incrementare il vantaggio con i gol di Favero e le doppiette di Thomas Bressan e Matteo Da Ronch, concludendo la partita con un netto 1-10.<\/p>\n<p><span style=\"color: #ff0000;\"><strong>GIOVANISSIMI<\/strong><\/span><\/p>\n<p><strong>GIRONE A<\/strong><\/p>\n<p><strong>AGORDINA \u2013 SAN VITTORE 12-1<\/strong><\/p>\n<p>Terza vittoria consecutiva per i Giovanissimi, che sabato hanno nuovamente dimostrato il loro valore nel campionato provinciale di categoria. La squadra ospite ha potuto fare ben poco contro una formazione che ha sempre cercato di imporre il proprio gioco, con trame veloci e apprezzabili geometrie. Nel tabellino dei marcatori figurano Dherek Dell&#8217;Osbel con tre reti, Angelo Groppa, Justin Manfroi ed Elia Ben con due gol ciascuno, mentre Federico De Bernardin, Axel Minotto e Domenico Ferrara hanno segnato una rete a testa. La partita ha visto anche il debutto di Filippo De Nardin, rientrato dopo un infortunio a inizio stagione, che ha gi\u00e0 dimostrato di poter dare un valido contributo alla squadra.<\/p>\n<p><strong>GIRONE B<\/strong><\/p>\n<p><strong>SOIS \u2013 AGORDINA 7-2<\/strong><\/p>\n<p>La squadra B dell&#8217;Agordina esce sconfitta dal campo del Sois con un punteggio sicuramente pesante, ma da cui sono emerse anche buone indicazioni sulla crescita complessiva del gruppo. L&#8217;Agordina ha mantenuto bene il campo per buona parte del primo tempo, ma ha poi sofferto la maggiore fisicit\u00e0 degli avversari, oltre a qualche ingenuit\u00e0 di troppo che \u00e8 costata cara. I gol dell&#8217;Agordina sono stati realizzati da Emre Chenet e da un autogol su azione di calcio d&#8217;angolo<\/p>\n<h2>PER ASCOLTARE L&#8217;ULTIMA PUNTATA DI &#8220;AGORDINA IN PRIMA LINEA&#8221; <a href=\"https:\/\/www.radiopiu.net\/wordpress\/agordina-in-prima-linea-ogni-domenica-su-radio-piu-il-podcast\/\"><span style=\"color: #3366ff;\">CLICCA QUI<\/span><\/a><\/h2>\n<p>&nbsp;<\/p>\n<p><span style=\"color: #0000ff;\"><strong>HOCKEY SU GHIACCIO<\/strong><\/span><\/p>\n<blockquote>\n<h3>L&#8217;ALLEGHE TORNA DA AOSTA CON LE TASCHE VUOTE. QUINTA VITTORIA CONSECUTIVA DEL FELTRE<\/h3>\n<\/blockquote>\n<p><strong>DI MARCO GAZ<\/strong><\/p>\n<p><span style=\"color: #ff0000;\"><strong>IHL \u2013 7\u00b0 GIORNATA<\/strong><\/span><\/p>\n<p><strong>AOSTA \u2013 ALLEGHE 6-2<\/strong><\/p>\n<p>PARZIALI: 1-0, 1-1, 4-1<\/p>\n<p>GOL: pt. 4\u201906\u201d Lysenko. st. 6\u201928\u201d De Val, 16\u201955\u201d Nardella. tt. 8\u201901\u201d Shamardin, 12\u201903\u201d Nimenko, 15\u201915\u201d Buono, 16\u201920\u201d Timpone, 16\u201937\u201d Nardella<\/p>\n<p>L\u2019Alleghe crolla negli ultimi minuti di gioco e consegna all\u2019Aosta i 3 punti in palio dopo una partita giocata alla pari. Un finale thriller con un risultato finale che non risalta l\u2019impegno delle civette in terra valdostana. Ad incidere sull\u2019andamento del match anche le tante penalit\u00e0 inflitte dai direttori di gara che non hanno lasciato giocare le squadre. Una sconfitta a testa alta per gli agordini che hanno dimostrato di essere all\u2019altezza di un avversario ostico. Ora altri 6 giorni di riposo prima di tornare in campo sabato contro il Como. Non inizia bene la serata per l\u2019Alleghe che dopo pochi minuti si trova in svantaggio. Superiorit\u00e0 numerica per i valdostani e gol che arriva dalla stecca di Lysenko. Le civette sembrano accusare il colpo e l\u2019Aosta ci prova ancora. All\u2019ennesima penalit\u00e0 contro gli agordini, il coach alleghese inveisce contro i direttori di gara e viene allontanato dalla panchina. I padroni di casa vanno vicini alla seconda marcatura ma Scola si difende bene. Nel secondo tempo si gioca alla pari: tanti cambi di fronte ma poche occasioni degne di nota. Makela, in superiorit\u00e0 numerica, sfiora il gol del pareggio. Gol alleghese che arriva subito dopo quando De Val trova il pertugio per battere il golie valdostano dopo un\u2019azione insistita. A pochi minuti dal termine del secondo drittel, l\u2019Aosta trova il nuovo vantaggio in situazione di doppia superiorit\u00e0 numerica. Terza frazione combattuta con le due formazioni che non se le mandano a dire. Tante le penalit\u00e0 inflitte dai direttori di gara. Intanto le civette pareggiano i conti con Shamardin che a tu per tu con il portiere non sbaglia. Ma la risposta dell\u2019Aosta non si fa attendere e realizza la terza rete della serata. Valdostani che calano il poker poco dopo in superiorit\u00e0 numerica. Civette che spengono la luce e padroni di casa che vanno di nuovo a segno. A chiudere la sfida ci pensa Nardella che porta la sfida sul 6 a 2.<\/p>\n<p><a class=\"dt-pswp-item\" href=\"https:\/\/www.radiopiu.net\/wordpress\/wp-content\/uploads\/2024\/10\/bf3aac02-ba20-4c9b-8578-d7d99e41d900.jpg\" data-dt-img-description=\"\" data-large_image_width=\"1600\" data-large_image_height=\"1200\"><img loading=\"lazy\" decoding=\"async\" class=\"alignnone size-medium wp-image-414192\" src=\"https:\/\/www.radiopiu.net\/wordpress\/wp-content\/uploads\/2024\/10\/bf3aac02-ba20-4c9b-8578-d7d99e41d900-300x225.jpg\" alt=\"\" width=\"300\" height=\"225\" srcset=\"https:\/\/www.radiopiu.net\/wordpress\/wp-content\/uploads\/2024\/10\/bf3aac02-ba20-4c9b-8578-d7d99e41d900-300x225.jpg 300w, https:\/\/www.radiopiu.net\/wordpress\/wp-content\/uploads\/2024\/10\/bf3aac02-ba20-4c9b-8578-d7d99e41d900-1024x768.jpg 1024w, https:\/\/www.radiopiu.net\/wordpress\/wp-content\/uploads\/2024\/10\/bf3aac02-ba20-4c9b-8578-d7d99e41d900-768x576.jpg 768w, https:\/\/www.radiopiu.net\/wordpress\/wp-content\/uploads\/2024\/10\/bf3aac02-ba20-4c9b-8578-d7d99e41d900-1536x1152.jpg 1536w, https:\/\/www.radiopiu.net\/wordpress\/wp-content\/uploads\/2024\/10\/bf3aac02-ba20-4c9b-8578-d7d99e41d900.jpg 1600w\" sizes=\"auto, (max-width: 300px) 100vw, 300px\" \/><\/a><a class=\"dt-pswp-item\" href=\"https:\/\/www.radiopiu.net\/wordpress\/wp-content\/uploads\/2024\/10\/7e9ebb56-6ba4-4cae-9377-fbdaa865e6b8.jpg\" data-dt-img-description=\"\" data-large_image_width=\"1600\" data-large_image_height=\"1200\"><img loading=\"lazy\" decoding=\"async\" class=\"alignnone size-medium wp-image-414193\" src=\"https:\/\/www.radiopiu.net\/wordpress\/wp-content\/uploads\/2024\/10\/7e9ebb56-6ba4-4cae-9377-fbdaa865e6b8-300x225.jpg\" alt=\"\" width=\"300\" height=\"225\" srcset=\"https:\/\/www.radiopiu.net\/wordpress\/wp-content\/uploads\/2024\/10\/7e9ebb56-6ba4-4cae-9377-fbdaa865e6b8-300x225.jpg 300w, https:\/\/www.radiopiu.net\/wordpress\/wp-content\/uploads\/2024\/10\/7e9ebb56-6ba4-4cae-9377-fbdaa865e6b8-1024x768.jpg 1024w, https:\/\/www.radiopiu.net\/wordpress\/wp-content\/uploads\/2024\/10\/7e9ebb56-6ba4-4cae-9377-fbdaa865e6b8-768x576.jpg 768w, https:\/\/www.radiopiu.net\/wordpress\/wp-content\/uploads\/2024\/10\/7e9ebb56-6ba4-4cae-9377-fbdaa865e6b8-1536x1152.jpg 1536w, https:\/\/www.radiopiu.net\/wordpress\/wp-content\/uploads\/2024\/10\/7e9ebb56-6ba4-4cae-9377-fbdaa865e6b8.jpg 1600w\" sizes=\"auto, (max-width: 300px) 100vw, 300px\" \/><\/a><a class=\"dt-pswp-item\" href=\"https:\/\/www.radiopiu.net\/wordpress\/wp-content\/uploads\/2024\/10\/f7ef2ac7-7a42-498c-a09f-1307e756ef89.jpg\" data-dt-img-description=\"\" data-large_image_width=\"1600\" data-large_image_height=\"1200\"><img loading=\"lazy\" decoding=\"async\" class=\"alignnone size-medium wp-image-414194\" src=\"https:\/\/www.radiopiu.net\/wordpress\/wp-content\/uploads\/2024\/10\/f7ef2ac7-7a42-498c-a09f-1307e756ef89-300x225.jpg\" alt=\"\" width=\"300\" height=\"225\" srcset=\"https:\/\/www.radiopiu.net\/wordpress\/wp-content\/uploads\/2024\/10\/f7ef2ac7-7a42-498c-a09f-1307e756ef89-300x225.jpg 300w, https:\/\/www.radiopiu.net\/wordpress\/wp-content\/uploads\/2024\/10\/f7ef2ac7-7a42-498c-a09f-1307e756ef89-1024x768.jpg 1024w, https:\/\/www.radiopiu.net\/wordpress\/wp-content\/uploads\/2024\/10\/f7ef2ac7-7a42-498c-a09f-1307e756ef89-768x576.jpg 768w, https:\/\/www.radiopiu.net\/wordpress\/wp-content\/uploads\/2024\/10\/f7ef2ac7-7a42-498c-a09f-1307e756ef89-1536x1152.jpg 1536w, https:\/\/www.radiopiu.net\/wordpress\/wp-content\/uploads\/2024\/10\/f7ef2ac7-7a42-498c-a09f-1307e756ef89.jpg 1600w\" sizes=\"auto, (max-width: 300px) 100vw, 300px\" \/><\/a><\/p>\n<p>&nbsp;<\/p>\n<p><strong>FELTRE \u2013 VALPELLICE 3-0<\/strong><\/p>\n<p>PARZIALI: 2-0, 1-0, 0-0<\/p>\n<p>GOL: pt. 3\u201936\u201d M. Dall\u2019Agnol, 16\u201901\u201d Da Forno. st. 8\u201906\u201d Korkiakoski<\/p>\n<p>Un rullino di marcia impressionante per il Feltre che mette a segno la quinta vittoria consecutiva consolidando la seconda posizione in graduatoria. Ottima prestazione dei picchi che al PalaFeltre battono il Valpellice. Tutto facile per i feltrini che vanno in doppio vantaggio per poi gestire la gara al meglio ed incamerare i 3 punti in palio.\u00a0 Iniziano bene i padroni di casa che dopo due tentavi andati a vuoto trovano la rete del vantaggio con Matteo Dall\u2019Agnol. Match piacevole con tanti cambi di fronte. A pochi minuti dal termine della prima frazione arriva il raddoppio dei picchi con Da Forno. Nel secondo drittel il fraseggio di gioco premia i feltrini che mettono a segno la terza marcatura. Feltre che tiene in mano la partita anche nel terzo tempo concedendo poco o nulla ai piemontesi<\/p>\n<p>&nbsp;<\/p>\n<blockquote>\n<h3>IL CORTINA\/ALLEGHE UNDER 19 SOTTERRA DI GOL LO ZOLDO\/PADOVA. RIPOSO PER L&#8217;UNDER 14<\/h3>\n<\/blockquote>\n<p><strong><a class=\"dt-pswp-item\" href=\"https:\/\/www.radiopiu.net\/wordpress\/wp-content\/uploads\/2023\/10\/hockey.jpg\" data-dt-img-description=\"\" data-large_image_width=\"1280\" data-large_image_height=\"961\"><img loading=\"lazy\" decoding=\"async\" class=\" wp-image-359038 alignleft\" src=\"https:\/\/www.radiopiu.net\/wordpress\/wp-content\/uploads\/2023\/10\/hockey-300x225.jpg\" alt=\"\" width=\"207\" height=\"155\" srcset=\"https:\/\/www.radiopiu.net\/wordpress\/wp-content\/uploads\/2023\/10\/hockey-300x225.jpg 300w, https:\/\/www.radiopiu.net\/wordpress\/wp-content\/uploads\/2023\/10\/hockey-1024x769.jpg 1024w, https:\/\/www.radiopiu.net\/wordpress\/wp-content\/uploads\/2023\/10\/hockey-768x577.jpg 768w, https:\/\/www.radiopiu.net\/wordpress\/wp-content\/uploads\/2023\/10\/hockey.jpg 1280w\" sizes=\"auto, (max-width: 207px) 100vw, 207px\" \/><\/a>DI MARCO GAZ<\/strong><\/p>\n<p><span style=\"color: #ff0000;\"><strong>UNDER 19<\/strong><\/span><\/p>\n<p><strong>CORTINA\/ALLEGHE \u2013 ZOLDO\/PADOVA 16-1<\/strong><\/p>\n<p>GOL CORTINA\/ALLEGHE: Zallot, 4 Constantini, 2 Zandegiacomo, Rimoldi, 2 Zanol, Evangelisti, Sudiro, Viel, Apollonio, Talamini, Corea<\/p>\n<p>Match a senso unico all\u2019Olimpico di Cortina dove il Cortina\/Alleghe fa la voce grossa nel derby contro lo Zoldo\/Padova. La squadra mista ampezzana agordina non ha piet\u00e0 e sotterra di gol gli avversari in una partita a senso unico ben gestita dall\u2019inizio alla fine. Seconda vittoria in stagione per il Cortina\/Alleghe.<\/p>\n<p><span style=\"color: #ff0000;\"><strong>UNDER 14 <\/strong><\/span><\/p>\n<p><strong>ALLEGHE\/CORTINA TURNO DI RIPOSO\u00a0<\/strong><\/p>\n<p>&nbsp;<\/p>\n<hr \/>\n<div class=\"page-title-head hgroup\">\n<h1><\/h1>\n<h1 class=\"entry-title\">GARDENER E STEFANSSON S\u2019IMPONGONO DELLA KING OF CAORINA<\/h1>\n<\/div>\n<div class=\"page-title-breadcrumbs\"><strong>DI MATTIA VALENTINI\u00a0<\/strong><\/div>\n<div><\/div>\n<p dir=\"ltr\">Stefano Gardener sigla il nuovo record della King Of Caorina di Bellamonte bissando il successo ottenuto nel 2023 L\u2019atleta della Val di Fiemme ferma il cronometro a 38\u201923\u201d, 12 secondi in meno rispetto all\u2019anno scorso imponendosi nella quarta tappa del circuito vertical Fiemme Fassa Biois davanti con margine allo svedese Rickard Eriksson 41\u201912\u201d (Team Futura Trentino) e Simone Manfroi 42\u201945\u201d. Al femminile podio di questo sabato 12 ottobre per Maja Stefansson 54\u201922\u201d (Team Futura Trentino) seguono Vittoria Mandelli 56\u201905\u201d e Beatrice Deflorian 56\u201933\u201d. 101 gli atleti al via della gara pi\u00f9 impegnativa del circuito, 3,15 km di sviluppo per 1000 metri di dislivello, organizzata dal gruppo dei Fake Athletes che ha visto pi\u00f9 momenti conviviali post gara, al \u201cBait del Morsik\u201d e all\u2019Hotel Antico di Bellamonte. Ancora due tappe alla fine del circuito di gare vertical FFB la prossima, sar\u00e0 la Vertical Costolina sabato 19 ottobre a Ziano di Fiemme. Info e iscrizioni al sito\u00a0<a href=\"http:\/\/www.cauriol.it\/\" target=\"_blank\" rel=\"noopener\">www.cauriol.it<\/a><\/p>\n<p dir=\"ltr\">LA RACCOLTA COMPLETA <span style=\"color: #0000ff;\"><strong><a style=\"color: #0000ff;\" href=\"https:\/\/www.radiopiu.net\/wordpress\/fpb5\/\">CLICCA QUI<\/a><\/strong><\/span><\/p>\n<hr \/>\n<p>&nbsp;<\/p>\n<p>&nbsp;<\/p>\n<p><span style=\"color: #0000ff;\"><strong>PALLAVOLO<\/strong><\/span><\/p>\n<blockquote>\n<h3>SUCCESSO IN 3 SET E QUALIFICAZIONE IN TASCA DELLA SB VOLLEY<\/h3>\n<\/blockquote>\n<p><strong><a class=\"dt-pswp-item\" href=\"https:\/\/www.radiopiu.net\/wordpress\/wp-content\/uploads\/2024\/10\/Attacco_mancino_di_De_Pizzol.jpg\" data-dt-img-description=\"\" data-large_image_width=\"1077\" data-large_image_height=\"841\"><img loading=\"lazy\" decoding=\"async\" class=\" wp-image-414198 alignleft\" src=\"https:\/\/www.radiopiu.net\/wordpress\/wp-content\/uploads\/2024\/10\/Attacco_mancino_di_De_Pizzol-300x234.jpg\" alt=\"\" width=\"165\" height=\"129\" srcset=\"https:\/\/www.radiopiu.net\/wordpress\/wp-content\/uploads\/2024\/10\/Attacco_mancino_di_De_Pizzol-300x234.jpg 300w, https:\/\/www.radiopiu.net\/wordpress\/wp-content\/uploads\/2024\/10\/Attacco_mancino_di_De_Pizzol-1024x800.jpg 1024w, https:\/\/www.radiopiu.net\/wordpress\/wp-content\/uploads\/2024\/10\/Attacco_mancino_di_De_Pizzol-768x600.jpg 768w, https:\/\/www.radiopiu.net\/wordpress\/wp-content\/uploads\/2024\/10\/Attacco_mancino_di_De_Pizzol.jpg 1077w\" sizes=\"auto, (max-width: 165px) 100vw, 165px\" \/><\/a>S<\/strong><b>B VOLLEY-DOLOMITI ROCCE UPD COSTA 3-0 (<\/b><strong>25-15, 25-15, 25-11)<\/strong><\/p>\n<p>La SB Volley ottiene la seconda vittoria consecutiva, imponendosi con un netto 3-0 contro l&#8217;Upd Costa al Palasport De Mas, consolidando il secondo posto nel girone 1 di Coppa Veneto e qualificandosi con un turno d\u2019anticipo per la fase eliminatoria. Nonostante un inizio incerto, la squadra di coach De Salvador cresce rapidamente, grazie a una solida difesa a muro e ottime prestazioni al servizio. Nel secondo set, la capitana Carlotta De Barba domina, trascinando la squadra a un altro 25-15. Anche nel terzo set, la SB Volley mantiene il controllo, chiudendo 25-11. Camilla De Pizzol, entrata a gara in corso, si dichiara soddisfatta della coesione e dell&#8217;intesa del gruppo.<\/p>\n<p>&nbsp;<\/p>\n<p><span style=\"color: #0000ff;\"><strong>SKI ROLL<\/strong><\/span><\/p>\n<blockquote><p><img loading=\"lazy\" decoding=\"async\" class=\" wp-image-414211 alignleft\" src=\"https:\/\/i0.wp.com\/www.radiopiu.net\/wordpress\/wp-content\/uploads\/2024\/10\/IMG_2530.jpeg?resize=300%2C244&amp;ssl=1\" sizes=\"auto, (max-width: 300px) 100vw, 300px\" srcset=\"https:\/\/i0.wp.com\/www.radiopiu.net\/wordpress\/wp-content\/uploads\/2024\/10\/IMG_2530.jpeg?resize=300%2C244&amp;ssl=1 300w, https:\/\/i0.wp.com\/www.radiopiu.net\/wordpress\/wp-content\/uploads\/2024\/10\/IMG_2530.jpeg?resize=1024%2C833&amp;ssl=1 1024w, https:\/\/i0.wp.com\/www.radiopiu.net\/wordpress\/wp-content\/uploads\/2024\/10\/IMG_2530.jpeg?resize=768%2C625&amp;ssl=1 768w, https:\/\/i0.wp.com\/www.radiopiu.net\/wordpress\/wp-content\/uploads\/2024\/10\/IMG_2530.jpeg?w=1179&amp;ssl=1 1179w\" alt=\"\" width=\"143\" height=\"116\" data-recalc-dims=\"1\" \/><\/p>\n<h3 class=\"entry-title\">LORENZO BUSIN TRIONFA IN SVEZIA IN UNA GARA DI SKIROLL<\/h3>\n<\/blockquote>\n<p><strong class=\"photoswipe-wrapper\">REDAZIONE <\/strong>Lorenzo Busin ha conquistato il primo posto in una gara di skiroll di 23 km in tecnica classica, svoltasi in un luogo piuttosto insolito: la pista di collaudo dei camion Scania a L\u00e5ngbacken, Svezia. Un evento unico che ha visto Busin portare in alto i colori italiani, verde, bianco e rosso, tagliando per primo il traguardo. Con questa vittoria, l\u2019atleta si prepara al meglio per la stagione invernale ormai alle porte<\/p>\n<p>&nbsp;<\/p>\n<p><span style=\"color: #0000ff;\"><strong>CORSA IN MONTAGNA<\/strong><\/span><\/p>\n<blockquote>\n<h3>ULTIMA TAPPA DEL GRAND SLAM DOLOMITICO A FORNI DI SOPRA<\/h3>\n<\/blockquote>\n<p><a class=\"dt-pswp-item\" href=\"https:\/\/www.radiopiu.net\/wordpress\/wp-content\/uploads\/2024\/10\/SCR-20241013-rpee.jpeg\" data-dt-img-description=\"Screenshot\" data-large_image_width=\"1300\" data-large_image_height=\"910\"><img loading=\"lazy\" decoding=\"async\" class=\"wp-image-414246 alignleft\" src=\"https:\/\/www.radiopiu.net\/wordpress\/wp-content\/uploads\/2024\/10\/SCR-20241013-rpee-300x210.jpeg\" alt=\"\" width=\"145\" height=\"101\" srcset=\"https:\/\/www.radiopiu.net\/wordpress\/wp-content\/uploads\/2024\/10\/SCR-20241013-rpee-300x210.jpeg 300w, https:\/\/www.radiopiu.net\/wordpress\/wp-content\/uploads\/2024\/10\/SCR-20241013-rpee-1024x717.jpeg 1024w, https:\/\/www.radiopiu.net\/wordpress\/wp-content\/uploads\/2024\/10\/SCR-20241013-rpee-768x538.jpeg 768w, https:\/\/www.radiopiu.net\/wordpress\/wp-content\/uploads\/2024\/10\/SCR-20241013-rpee.jpeg 1300w\" sizes=\"auto, (max-width: 145px) 100vw, 145px\" \/><\/a>Ieri si \u00e8 conclusa la prima edizione del \u201cGrand Slam Dolomitico\u201d, un circuito di dodici gare che unisce ciclismo e podismo tra le montagne di Cadore, Comelico e Carnia. L&#8217;ultima prova, il Trail delle Malghe a Forni di Sopra, si \u00e8 svolta su un percorso di 16 km con 1.200 metri di dislivello. Il friulano Michele Sulli ha vinto la gara maschile con un tempo di 1h32&#8217;52&#8221;, seguito da Martin Mina e Denis Nuekomm. Tra le donne, Martina De Silvestro ha trionfato con un tempo di 1h49&#8217;54&#8221;. Oltre 200 partecipanti hanno preso parte alla competizione, che includeva anche una gara ludico-motoria.<\/p>\n<p>&nbsp;<\/p>\n<p>&nbsp;<\/p>\n<p dir=\"ltr\">\n","protected":false},"excerpt":{"rendered":"<p>** \u00a0 \u00a0\u00a0 &nbsp; DAL TERRITORIO:\u00a0 IL BELLO, LE RAGAZZE DELL&#8217;ALLEGHE HOCKEY &nbsp; DAL TERRITORIO: IL PEGGIO, LA STRADA PER IL CIMITERO DI CAVIOLA SCAMBIATA PER L&#8217;ECOCENTRO &nbsp; &nbsp; \u00a0 LA\u00a0 APP PER IOS-IPHONE di Nicola Vettorello https:\/\/apps.apple.com\/it\/app\/radio-pi%C3%B9-emittente-agordina\/id1515939845 LA\u00a0 APP RADIO\u00a0 PER ANDROID di Nicola Vettorello https:\/\/play.google.com\/store\/apps\/details?id=net.radiopiu.iniko\u00a0\u00a0\u00a0 &nbsp; &nbsp; OGGI ALLA RADIO&#8230;. ALLE 4 E&hellip;<\/p>\n","protected":false},"author":4,"featured_media":414183,"comment_status":"closed","ping_status":"closed","sticky":false,"template":"","format":"standard","meta":{"_monsterinsights_skip_tracking":false,"_monsterinsights_sitenote_active":false,"_monsterinsights_sitenote_note":"","_monsterinsights_sitenote_category":0,"footnotes":""},"categories":[51,86,49],"tags":[],"class_list":["post-414065","post","type-post","status-publish","format-standard","has-post-thumbnail","hentry","category-evidenza-top","category-gr","category-news-18","category-51","category-86","category-49","description-off"],"img_url":"https:\/\/www.radiopiu.net\/wordpress\/wp-content\/uploads\/2024\/10\/73bcbb9d-59f9-4388-a25a-285d73d55c4e.jpg","_links":{"self":[{"href":"https:\/\/www.radiopiu.net\/wordpress\/wp-json\/wp\/v2\/posts\/414065","targetHints":{"allow":["GET"]}}],"collection":[{"href":"https:\/\/www.radiopiu.net\/wordpress\/wp-json\/wp\/v2\/posts"}],"about":[{"href":"https:\/\/www.radiopiu.net\/wordpress\/wp-json\/wp\/v2\/types\/post"}],"author":[{"embeddable":true,"href":"https:\/\/www.radiopiu.net\/wordpress\/wp-json\/wp\/v2\/users\/4"}],"replies":[{"embeddable":true,"href":"https:\/\/www.radiopiu.net\/wordpress\/wp-json\/wp\/v2\/comments?post=414065"}],"version-history":[{"count":46,"href":"https:\/\/www.radiopiu.net\/wordpress\/wp-json\/wp\/v2\/posts\/414065\/revisions"}],"predecessor-version":[{"id":414330,"href":"https:\/\/www.radiopiu.net\/wordpress\/wp-json\/wp\/v2\/posts\/414065\/revisions\/414330"}],"wp:featuredmedia":[{"embeddable":true,"href":"https:\/\/www.radiopiu.net\/wordpress\/wp-json\/wp\/v2\/media\/414183"}],"wp:attachment":[{"href":"https:\/\/www.radiopiu.net\/wordpress\/wp-json\/wp\/v2\/media?parent=414065"}],"wp:term":[{"taxonomy":"category","embeddable":true,"href":"https:\/\/www.radiopiu.net\/wordpress\/wp-json\/wp\/v2\/categories?post=414065"},{"taxonomy":"post_tag","embeddable":true,"href":"https:\/\/www.radiopiu.net\/wordpress\/wp-json\/wp\/v2\/tags?post=414065"}],"curies":[{"name":"wp","href":"https:\/\/api.w.org\/{rel}","templated":true}]}}