{"id":414673,"date":"2024-10-17T05:56:04","date_gmt":"2024-10-17T03:56:04","guid":{"rendered":"https:\/\/www.radiopiu.net\/wordpress\/?p=414673"},"modified":"2024-10-17T08:41:04","modified_gmt":"2024-10-17T06:41:04","slug":"giornale-radiopiu-17-ottobre-2024-direttore-mirko-mezzacasada-41-anni-25-giugno-1983-25-giugno-2024","status":"publish","type":"post","link":"https:\/\/www.radiopiu.net\/wordpress\/giornale-radiopiu-17-ottobre-2024-direttore-mirko-mezzacasada-41-anni-25-giugno-1983-25-giugno-2024\/","title":{"rendered":"GIORNALE RADIOPIU 17 OTTOBRE 2024 DIRETTORE MIRKO MEZZACASA\u2026DA 41 ANNI 25 GIUGNO 1983-25 GIUGNO 2024"},"content":{"rendered":"<p>*******<\/p>\n<p>&nbsp;<\/p>\n<p>&nbsp;<\/p>\n<hr \/>\n<blockquote>\n<h1 class=\"entry-title\"><\/h1>\n<h1 class=\"entry-title\">AGORDO: IO POSSO, TU ARRANGIATI<\/h1>\n<h1 class=\"entry-title\" style=\"text-align: center;\"><strong><em><span style=\"font-size: 14px;\">VIA INSURREZIONE, PARCHEGGIO CONDOMINIO LA CORTE\u2026.\u00a0<\/span><\/em><\/strong><\/h1>\n<\/blockquote>\n<div class=\"page-title-head hgroup\">\n<blockquote>\n<h1 class=\"entry-title\"><a class=\"dt-pswp-item\" href=\"https:\/\/www.radiopiu.net\/wordpress\/wp-content\/uploads\/2024\/10\/Senza-nome-71.png\" data-dt-img-description=\"\" data-large_image_width=\"594\" data-large_image_height=\"367\"><img loading=\"lazy\" decoding=\"async\" class=\"size-medium wp-image-414893 aligncenter\" src=\"https:\/\/www.radiopiu.net\/wordpress\/wp-content\/uploads\/2024\/10\/Senza-nome-71-300x185.png\" alt=\"\" width=\"300\" height=\"185\" srcset=\"https:\/\/www.radiopiu.net\/wordpress\/wp-content\/uploads\/2024\/10\/Senza-nome-71-300x185.png 300w, https:\/\/www.radiopiu.net\/wordpress\/wp-content\/uploads\/2024\/10\/Senza-nome-71.png 594w\" sizes=\"auto, (max-width: 300px) 100vw, 300px\" \/><\/a><\/h1>\n<h1 class=\"entry-title\" style=\"text-align: center;\"><\/h1>\n<p>&nbsp;<\/p>\n<hr \/>\n<p>&nbsp;<\/p>\n<p>&nbsp;<\/p>\n<hr \/>\n<h2><\/h2>\n<h2><\/h2>\n<h2>DILLO A RADIO PIU&#8230; IL LAGO DI ALLEGHE CHE FU E CHE SARA&#8217;<\/h2>\n<p>Da Alleghe riceviamo e pubblichiamo:<br \/>\n<strong>..secondo la logica&#8230;ancora quanti anni di vita ha il lago di Alleghe?<\/strong><\/p><\/blockquote>\n<p><a class=\"dt-pswp-item\" href=\"https:\/\/www.radiopiu.net\/wordpress\/wp-content\/uploads\/2024\/10\/d4ce56fc-5db8-466e-bda2-52f7547a5160.jpg\" data-dt-img-description=\"\" data-large_image_width=\"1600\" data-large_image_height=\"1196\"><img loading=\"lazy\" decoding=\"async\" class=\"alignnone wp-image-414933 size-thumbnail\" src=\"https:\/\/www.radiopiu.net\/wordpress\/wp-content\/uploads\/2024\/10\/d4ce56fc-5db8-466e-bda2-52f7547a5160-150x150.jpg\" alt=\"\" width=\"150\" height=\"150\" \/><\/a><a class=\"dt-pswp-item\" href=\"https:\/\/www.radiopiu.net\/wordpress\/wp-content\/uploads\/2024\/10\/34b8e517-fa4f-42c5-8b19-fe5a8e02f0de.jpg\" data-dt-img-description=\"\" data-large_image_width=\"1600\" data-large_image_height=\"1196\"><img loading=\"lazy\" decoding=\"async\" class=\"alignnone wp-image-414931 size-thumbnail\" src=\"https:\/\/www.radiopiu.net\/wordpress\/wp-content\/uploads\/2024\/10\/34b8e517-fa4f-42c5-8b19-fe5a8e02f0de-150x150.jpg\" alt=\"\" width=\"150\" height=\"150\" \/><\/a><a class=\"dt-pswp-item\" href=\"https:\/\/www.radiopiu.net\/wordpress\/wp-content\/uploads\/2024\/10\/80a755f6-09a7-400f-9bee-1111c871c96b.jpg\" data-dt-img-description=\"\" data-large_image_width=\"1600\" data-large_image_height=\"1196\"><img loading=\"lazy\" decoding=\"async\" class=\"alignnone wp-image-414932 size-thumbnail\" src=\"https:\/\/www.radiopiu.net\/wordpress\/wp-content\/uploads\/2024\/10\/80a755f6-09a7-400f-9bee-1111c871c96b-150x150.jpg\" alt=\"\" width=\"150\" height=\"150\" \/><\/a><a class=\"dt-pswp-item\" href=\"https:\/\/www.radiopiu.net\/wordpress\/wp-content\/uploads\/2024\/10\/246a6e7b-78d0-46e4-826e-5cc6c5725630.jpg\" data-dt-img-description=\"\" data-large_image_width=\"1600\" data-large_image_height=\"1196\"><img loading=\"lazy\" decoding=\"async\" class=\"alignnone wp-image-414930 size-thumbnail\" src=\"https:\/\/www.radiopiu.net\/wordpress\/wp-content\/uploads\/2024\/10\/246a6e7b-78d0-46e4-826e-5cc6c5725630-150x150.jpg\" alt=\"\" width=\"150\" height=\"150\" \/>\u00a0<\/a><\/p>\n<p>&nbsp;<\/p>\n<p>&nbsp;<\/p>\n<p>&nbsp;<\/p>\n<\/div>\n<hr \/>\n<p>&nbsp;<\/p>\n<p>&nbsp;<\/p>\n<p><em><span style=\"color: #ff0000;\"><a class=\"dt-pswp-item\" href=\"https:\/\/www.radiopiu.net\/wordpress\/wp-content\/uploads\/2024\/10\/Senza-nome-8.png\" data-dt-img-description=\"\" data-large_image_width=\"343\" data-large_image_height=\"303\"><img loading=\"lazy\" decoding=\"async\" class=\"wp-image-412130 alignleft\" src=\"https:\/\/www.radiopiu.net\/wordpress\/wp-content\/uploads\/2024\/10\/Senza-nome-8-300x265.png\" alt=\"\" width=\"105\" height=\"93\" srcset=\"https:\/\/www.radiopiu.net\/wordpress\/wp-content\/uploads\/2024\/10\/Senza-nome-8-300x265.png 300w, https:\/\/www.radiopiu.net\/wordpress\/wp-content\/uploads\/2024\/10\/Senza-nome-8.png 343w\" sizes=\"auto, (max-width: 105px) 100vw, 105px\" \/><\/a><\/span><\/em><strong><em><span style=\"color: #ff0000;\"> LA\u00a0 APP PER IOS-IPHONE di Nicola Vettorello<\/span><\/em><\/strong><\/p>\n<p><strong><span style=\"color: #0000ff;\"><a style=\"color: #0000ff;\" href=\"https:\/\/apps.apple.com\/it\/app\/radio-pi%C3%B9-emittente-agordina\/id1515939845\">https:\/\/apps.apple.com\/it\/app\/radio-pi%C3%B9-emittente-agordina\/id1515939845<\/a><\/span><\/strong><\/p>\n<p><strong><em style=\"color: #ff0000;\">LA\u00a0 APP RADIO\u00a0 PER ANDROID di Nicola Vettorello<\/em><\/strong><\/p>\n<p><strong><span style=\"color: #0000ff;\"><a style=\"color: #0000ff;\" href=\"https:\/\/play.google.com\/store\/apps\/details?id=net.radiopiu.iniko\" target=\"_blank\" rel=\"noopener noreferrer\">https:\/\/<\/a><a style=\"color: #0000ff;\" href=\"https:\/\/play.google.com\/store\/apps\/details?id=net.radiopiu.iniko\" target=\"_blank\" rel=\"noopener noreferrer\">play.google.com\/store\/apps\/details?id=net.radiopiu.iniko\u00a0\u00a0\u00a0<\/a><\/span><\/strong><\/p>\n<p>&nbsp;<\/p>\n<p>&nbsp;<\/p>\n<hr \/>\n<div dir=\"auto\"><\/div>\n<div dir=\"auto\"><\/div>\n<p><strong><a class=\"dt-pswp-item\" href=\"https:\/\/www.radiopiu.net\/wordpress\/wp-content\/uploads\/2024\/10\/05b67754-2f2d-4f79-af80-7356043018cc.jpg\" data-dt-img-description=\"\" data-large_image_width=\"1080\" data-large_image_height=\"877\"><img loading=\"lazy\" decoding=\"async\" class=\" wp-image-414778 alignleft\" src=\"https:\/\/www.radiopiu.net\/wordpress\/wp-content\/uploads\/2024\/10\/05b67754-2f2d-4f79-af80-7356043018cc-300x244.jpg\" alt=\"\" width=\"204\" height=\"166\" srcset=\"https:\/\/www.radiopiu.net\/wordpress\/wp-content\/uploads\/2024\/10\/05b67754-2f2d-4f79-af80-7356043018cc-300x244.jpg 300w, https:\/\/www.radiopiu.net\/wordpress\/wp-content\/uploads\/2024\/10\/05b67754-2f2d-4f79-af80-7356043018cc-1024x832.jpg 1024w, https:\/\/www.radiopiu.net\/wordpress\/wp-content\/uploads\/2024\/10\/05b67754-2f2d-4f79-af80-7356043018cc-768x624.jpg 768w, https:\/\/www.radiopiu.net\/wordpress\/wp-content\/uploads\/2024\/10\/05b67754-2f2d-4f79-af80-7356043018cc.jpg 1080w\" sizes=\"auto, (max-width: 204px) 100vw, 204px\" \/><\/a>OGGI ALLA RADIO&#8230;.<\/strong> <span style=\"color: #ff0000;\">ALLE 4 E ALLE 6<\/span> LE NOTIZIE DALL&#8217;ITALIA E DAL MONDO <span style=\"color: #ff0000;\"> 0500 <span style=\"color: #0000ff;\">l&#8217;almanacco della nostra gente con il MUSLA\u00a0<\/span><\/span><span style=\"color: #ff0000;\"> 6.15<\/span> PIROLE DE LENGA A CURA DEL MUSLA<span style=\"color: #ff0000;\"> 7.20<\/span> EL BAL DEL FIORI, DETTI E TRADIZIONI DI GIULIANA DA RONCH <span style=\"color: #ff0000;\">8.05<\/span> LA RASSEGNA STAMPA LOCALE<span style=\"color: #ff0000;\"> 8.30 <span style=\"color: #000000;\">PIU&#8217; SIAMO CON MARINA DONA&#8217;<\/span><span style=\"color: #000000;\">\u00a0\u00a0<\/span> 900 <span style=\"color: #0000ff;\">L&#8217;almanacco della nostra gente con il MUSLA\u00a0 \u00a0<\/span><\/span><span style=\"color: #ff0000;\"><span style=\"color: #000000;\">9.10 alex nacinben con la musica country <\/span><\/span><span style=\"color: #ff0000;\">9.40<\/span> VIABILITA&#8217; CON BOTOL CAR SERVICE (AGORDO-SEDICO-FELTRE) <span style=\"color: #ff0000;\">10.10<\/span>\u00a0 il vino racconta con la sommelier Diana Zerilli 10.30 speciale sicurezza ad AGORDO il dibattito in consiglio comunale <span style=\"color: #0000ff;\">11 10<\/span> paola lanciato emozione continua un secolo di radio piu&#8217; 41 di musica <span style=\"color: #ff0000;\">1120<\/span> sotto un cielo di stelle con claudio pra <span style=\"color: #ff0000;\">11.40<\/span> FESTIVALBAR STORY DI ATHOS DJ DAVID BEN\u00a0 \u00a0 <span style=\"color: #ff0000;\">12.00<\/span> VA TUTTO LISCIO\u00a0 <span style=\"color: #ff0000;\">12.30<\/span> GIORNALE RADIO PRINCIPALE\u00a0 <strong>LA VARIAZIONE AL BILANCIO DEL COMUNE DI AGORDO NEL RACCONTO DI ALESSANDRA DA RONCH, ASSESSORE AL BILANCIO<\/strong> <span style=\"color: #ff0000;\">13.10<\/span> pista ciclabile ad Agordo, sempre sbarrata, ora i risarcimenti al privato\u00a0 \u00a0<span style=\"color: #ff0000;\">13.20<\/span> FOGLIE E CASTAGNE DI MARINA DONA&#8217; <span style=\"color: #ff0000;\">\u00a0<\/span><span style=\"color: #ff0000;\">14.00 collega operazione nostalgia LORIS SCUSSEL <\/span><span style=\"color: #ff0000;\">15.00<\/span>\u00a0 \u00a0TIME FOR M CON MARINA OSPITE MARTINA DE BIASIO (foto)\u00a0 <span style=\"color: #ff0000;\">16<\/span> IL ROCK DI MARCO COSTANTINI \u00a0\u00a0<span style=\"color: #ff0000;\">1645<\/span> LE HIT DI MIRCO BENCIVENNI <span style=\"color: #ff0000;\">18.00<\/span> PIU&#8217; DANCE LE SELEZIONI CHE FANNO SALTARE DI DJ JACK, JACOPO DEL TEDESCO <span style=\"color: #ff0000;\">19.00 <span style=\"color: #000000;\">LE ANTICIPAZIONI DAL TG DI ANTENNA 3 DI TIZIANA BOLOGNANI <span style=\"color: #ff0000;\">1900 PIAZZA DI AGORDO da sistemare, l&#8217;interrogazione del consigliere Giancarlo Deola, la risposta del sindaco Roberto Chissal\u00e8<\/span><\/span><\/span><\/p>\n<p><strong>rassegna stampa nazionale,<\/strong> ogni giorno alle 5 e alle 6 del mattino<br \/>\ngiornali locali 7 rassegna stampa flash, 8 rassegna stampa, gr flash alle 10 e alle 11, principale 12.30. Informazione pomeriggio alle 15 (speciale) 16, 17, 18. Giornale radio nazionale: ogni ora dalle 5 del mattino, alle 20 della sera.<\/p>\n<p>&nbsp;<\/p>\n<p>&nbsp;<\/p>\n<hr \/>\n<p>&nbsp;<\/p>\n<p>&nbsp;<\/p>\n<div class=\"x11i5rnm xat24cr x1mh8g0r x1vvkbs xtlvy1s x126k92a\">\n<div dir=\"auto\">\n<div dir=\"auto\">\n<p><strong><a class=\"dt-pswp-item\" href=\"https:\/\/www.radiopiu.net\/wordpress\/wp-content\/uploads\/2024\/02\/2d44e751-d8a8-461b-8e22-d8e4e853b032.jpg\" data-dt-img-description=\"\" data-large_image_width=\"1600\" data-large_image_height=\"1200\"><img loading=\"lazy\" decoding=\"async\" class=\"wp-image-373307 alignleft\" src=\"https:\/\/www.radiopiu.net\/wordpress\/wp-content\/uploads\/2024\/02\/2d44e751-d8a8-461b-8e22-d8e4e853b032-300x225.jpg\" alt=\"\" width=\"105\" height=\"79\" srcset=\"https:\/\/www.radiopiu.net\/wordpress\/wp-content\/uploads\/2024\/02\/2d44e751-d8a8-461b-8e22-d8e4e853b032-300x225.jpg 300w, https:\/\/www.radiopiu.net\/wordpress\/wp-content\/uploads\/2024\/02\/2d44e751-d8a8-461b-8e22-d8e4e853b032-1024x768.jpg 1024w, https:\/\/www.radiopiu.net\/wordpress\/wp-content\/uploads\/2024\/02\/2d44e751-d8a8-461b-8e22-d8e4e853b032-768x576.jpg 768w, https:\/\/www.radiopiu.net\/wordpress\/wp-content\/uploads\/2024\/02\/2d44e751-d8a8-461b-8e22-d8e4e853b032-1536x1152.jpg 1536w, https:\/\/www.radiopiu.net\/wordpress\/wp-content\/uploads\/2024\/02\/2d44e751-d8a8-461b-8e22-d8e4e853b032.jpg 1600w\" sizes=\"auto, (max-width: 105px) 100vw, 105px\" \/><\/a>EL BAL DEL FIOR, DI GIULIANA DA RONCH, 17 OTTOBRE<\/strong><strong>\u00a02024<\/strong><\/p>\n<p>&nbsp;<\/p>\n<\/div>\n<\/div>\n<\/div>\n<div>\n<audio class=\"wp-audio-shortcode\" id=\"audio-414673-1\" preload=\"none\" style=\"width: 100%;\" controls=\"controls\"><source type=\"audio\/mpeg\" src=\"https:\/\/www.radiopiu.net\/wordpress\/wp-content\/uploads\/2024\/10\/GGI-1.mp3?_=1\" \/><a href=\"https:\/\/www.radiopiu.net\/wordpress\/wp-content\/uploads\/2024\/10\/GGI-1.mp3\">https:\/\/www.radiopiu.net\/wordpress\/wp-content\/uploads\/2024\/10\/GGI-1.mp3<\/a><\/audio>\n<p>&nbsp;<\/p>\n<\/div>\n<hr \/>\n<p>&nbsp;<\/p>\n<div class=\"x11i5rnm xat24cr x1mh8g0r x1vvkbs xtlvy1s x126k92a\">\n<h1><span style=\"color: #ff0000;\"><a class=\"dt-pswp-item\" href=\"https:\/\/www.radiopiu.net\/wordpress\/wp-content\/uploads\/2024\/06\/th-5.jpg\" data-dt-img-description=\"\" data-large_image_width=\"326\" data-large_image_height=\"180\"><img loading=\"lazy\" decoding=\"async\" class=\"size-medium wp-image-395881 alignleft\" src=\"https:\/\/www.radiopiu.net\/wordpress\/wp-content\/uploads\/2024\/06\/th-5-300x166.jpg\" alt=\"\" width=\"300\" height=\"166\" srcset=\"https:\/\/www.radiopiu.net\/wordpress\/wp-content\/uploads\/2024\/06\/th-5-300x166.jpg 300w, https:\/\/www.radiopiu.net\/wordpress\/wp-content\/uploads\/2024\/06\/th-5.jpg 326w\" sizes=\"auto, (max-width: 300px) 100vw, 300px\" \/><\/a><\/span><\/h1>\n<h1><\/h1>\n<h1><\/h1>\n<h1><span style=\"color: #000000;\">17 OTTOBRE&#8230; alla radio l&#8217;almanacco\u00a0<\/span><\/h1>\n<audio class=\"wp-audio-shortcode\" id=\"audio-414673-2\" preload=\"none\" style=\"width: 100%;\" controls=\"controls\"><source type=\"audio\/mpeg\" src=\"https:\/\/www.radiopiu.net\/wordpress\/wp-content\/uploads\/2024\/10\/ALMANACCONEW-13.mp3?_=2\" \/><a href=\"https:\/\/www.radiopiu.net\/wordpress\/wp-content\/uploads\/2024\/10\/ALMANACCONEW-13.mp3\">https:\/\/www.radiopiu.net\/wordpress\/wp-content\/uploads\/2024\/10\/ALMANACCONEW-13.mp3<\/a><\/audio>\n<p>&nbsp;<\/p>\n<p>&nbsp;<\/p>\n<hr \/>\n<p>&nbsp;<\/p>\n<p>&nbsp;<\/p>\n<blockquote>\n<h1><strong><a class=\"dt-pswp-item\" href=\"https:\/\/www.radiopiu.net\/wordpress\/wp-content\/uploads\/2024\/10\/629301fd-708d-4f53-95c2-d28cbefd500f.jpg\" data-dt-img-description=\"\" data-large_image_width=\"1600\" data-large_image_height=\"1322\"><img loading=\"lazy\" decoding=\"async\" class=\"wp-image-413782 alignleft\" src=\"https:\/\/www.radiopiu.net\/wordpress\/wp-content\/uploads\/2024\/10\/629301fd-708d-4f53-95c2-d28cbefd500f-300x248.jpg\" alt=\"\" width=\"186\" height=\"154\" srcset=\"https:\/\/www.radiopiu.net\/wordpress\/wp-content\/uploads\/2024\/10\/629301fd-708d-4f53-95c2-d28cbefd500f-300x248.jpg 300w, https:\/\/www.radiopiu.net\/wordpress\/wp-content\/uploads\/2024\/10\/629301fd-708d-4f53-95c2-d28cbefd500f-1024x846.jpg 1024w, https:\/\/www.radiopiu.net\/wordpress\/wp-content\/uploads\/2024\/10\/629301fd-708d-4f53-95c2-d28cbefd500f-768x635.jpg 768w, https:\/\/www.radiopiu.net\/wordpress\/wp-content\/uploads\/2024\/10\/629301fd-708d-4f53-95c2-d28cbefd500f-1536x1269.jpg 1536w, https:\/\/www.radiopiu.net\/wordpress\/wp-content\/uploads\/2024\/10\/629301fd-708d-4f53-95c2-d28cbefd500f.jpg 1600w\" sizes=\"auto, (max-width: 186px) 100vw, 186px\" \/><\/a>N di parom &#8211; L Almanach de la nosta jent<\/strong><\/h1>\n<\/blockquote>\n<p>Le voci: Davide Conedera, Agordo, Michela Dell&#8217;Osbel, La Valle Agordina Simone Ganz, Falcade Veronica Lezuo, Colle Santa Lucia. La voce nella sigla \u00e8 di Giorgia Taio<\/p>\n<p><strong>LA PUNTATA DI OGGI, 17 OTTOBRE<\/strong><\/p>\n<\/div>\n<div class=\"x11i5rnm xat24cr x1mh8g0r x1vvkbs xtlvy1s x126k92a\">\n<audio class=\"wp-audio-shortcode\" id=\"audio-414673-3\" preload=\"none\" style=\"width: 100%;\" controls=\"controls\"><source type=\"audio\/mpeg\" src=\"https:\/\/www.radiopiu.net\/wordpress\/wp-content\/uploads\/2024\/10\/17_otober_2024.mp3?_=3\" \/><a href=\"https:\/\/www.radiopiu.net\/wordpress\/wp-content\/uploads\/2024\/10\/17_otober_2024.mp3\">https:\/\/www.radiopiu.net\/wordpress\/wp-content\/uploads\/2024\/10\/17_otober_2024.mp3<\/a><\/audio>\n<p>&nbsp;<\/p>\n<div dir=\"auto\">\n<hr \/>\n<\/div>\n<\/div>\n<blockquote>\n<blockquote>\n<h1><span style=\"color: #ff0000;\">\u00a0<\/span><\/h1>\n<h1><span style=\"color: #ff0000;\">I podcast informativi del mattino &#8211; audio &#8211;\u00a0\u00a0<\/span><\/h1>\n<\/blockquote>\n<p><strong><a class=\"dt-pswp-item\" href=\"https:\/\/www.radiopiu.net\/wordpress\/wp-content\/uploads\/2023\/11\/th-10.jpg\" data-dt-img-description=\"\" data-large_image_width=\"320\" data-large_image_height=\"180\"><img loading=\"lazy\" decoding=\"async\" class=\"wp-image-362866 alignleft\" src=\"https:\/\/www.radiopiu.net\/wordpress\/wp-content\/uploads\/2023\/11\/th-10-300x169.jpg\" alt=\"\" width=\"185\" height=\"104\" srcset=\"https:\/\/www.radiopiu.net\/wordpress\/wp-content\/uploads\/2023\/11\/th-10-300x169.jpg 300w, https:\/\/www.radiopiu.net\/wordpress\/wp-content\/uploads\/2023\/11\/th-10.jpg 320w\" sizes=\"auto, (max-width: 185px) 100vw, 185px\" \/><\/a>LA RASSEGNA STAMPA NAZIONALE ALLA RADIO, OGNI GIORNO ALLE 5 E ALLE 6 DEL MATTINO <span style=\"color: #0000ff;\">viene pubblicata alle 6.00 <span style=\"color: #ff0000;\">DIRETTA RADIO\u00a0 \u00a0\u00a0<\/span><\/span><\/strong><\/p><\/blockquote>\n<p>&nbsp;<\/p>\n<p><strong>NOTIZIE DELLA NOTTE<\/strong><\/p>\n<p><strong>Pyongyang,<\/strong> la Corea del Sud \u00e8 ufficialmente stato ostile <strong>Harris<\/strong>, la mia presidenza non sar\u00e0 continuazione di Biden<br \/>\n<strong>Ft,<\/strong> Uber ha valutato l&#8217;acquisizione di Expedia <span style=\"color: #ff0000;\"><strong>Musicista degli One Direction muore in Argentina <\/strong><\/span><strong>Ergastolo per l&#8217;ex medico<\/strong> Giampaolo Amato <strong>Psichiatra uccisa,<\/strong> Seung \u00e8 stato condannato all&#8217;ergastolo <strong>Il gas<\/strong> conclude in ribasso (-1,8%) a 39 euro al Megawattora <strong>Meloni,<\/strong> &#8216;mai cos\u00ec tante risorse sulla sanit\u00e0&#8217;<\/p>\n<h2>AUDIO dalle 6 del mattino<\/h2>\n<audio class=\"wp-audio-shortcode\" id=\"audio-414673-4\" preload=\"none\" style=\"width: 100%;\" controls=\"controls\"><source type=\"audio\/mpeg\" src=\"https:\/\/www.radiopiu.net\/wordpress\/wp-content\/uploads\/2024\/10\/GIORNALEDELLESEI-14.mp3?_=4\" \/><a href=\"https:\/\/www.radiopiu.net\/wordpress\/wp-content\/uploads\/2024\/10\/GIORNALEDELLESEI-14.mp3\">https:\/\/www.radiopiu.net\/wordpress\/wp-content\/uploads\/2024\/10\/GIORNALEDELLESEI-14.mp3<\/a><\/audio>\n<p>&nbsp;<\/p>\n<p>&nbsp;<\/p>\n<p>&nbsp;<\/p>\n<hr \/>\n<p>&nbsp;<\/p>\n<h1 style=\"text-align: center;\"><span style=\"color: #ff0000;\">I podcast informativi del mattino &#8211; audio &#8211;\u00a0<\/span><\/h1>\n<p><strong><a class=\"dt-pswp-item\" href=\"https:\/\/www.radiopiu.net\/wordpress\/wp-content\/uploads\/2023\/12\/images.png\" data-dt-img-description=\"\" data-large_image_width=\"316\" data-large_image_height=\"160\"><img loading=\"lazy\" decoding=\"async\" class=\"wp-image-367008 alignleft\" src=\"https:\/\/www.radiopiu.net\/wordpress\/wp-content\/uploads\/2023\/12\/images-300x152.png\" alt=\"\" width=\"235\" height=\"119\" srcset=\"https:\/\/www.radiopiu.net\/wordpress\/wp-content\/uploads\/2023\/12\/images-300x152.png 300w, https:\/\/www.radiopiu.net\/wordpress\/wp-content\/uploads\/2023\/12\/images.png 316w\" sizes=\"auto, (max-width: 235px) 100vw, 235px\" \/><\/a>OGNI GIORNO ALLE SETTE DEL MATTINO, LA RASSEGNA STAMPA LOCALE FLASH&#8230; PER CHI VA IN FRETTA. I TITOLI DAI GIORNALI E DAL SITO WWW.RADIOPIU.NET <span style=\"color: #0000ff;\">viene pubblicato alle 7.00<\/span> <span style=\"color: #ff0000;\">DIRETTA RADIO\u00a0<\/span><\/strong><\/p>\n<p><em><span style=\"color: #ff0000;\">per chi va in fretta&#8230; tante notizie in pochi minuti. L&#8217;informazione locale alla radio, ogni ora dalle 7 del mattino alle 19 della sera.<\/span><\/em><\/p>\n<h1>AUDIO dalle 7 del mattino<\/h1>\n<audio class=\"wp-audio-shortcode\" id=\"audio-414673-5\" preload=\"none\" style=\"width: 100%;\" controls=\"controls\"><source type=\"audio\/mpeg\" src=\"https:\/\/www.radiopiu.net\/wordpress\/wp-content\/uploads\/2024\/10\/GF07-14.mp3?_=5\" \/><a href=\"https:\/\/www.radiopiu.net\/wordpress\/wp-content\/uploads\/2024\/10\/GF07-14.mp3\">https:\/\/www.radiopiu.net\/wordpress\/wp-content\/uploads\/2024\/10\/GF07-14.mp3<\/a><\/audio>\n<p>&nbsp;<\/p>\n<p>&nbsp;<\/p>\n<p>&nbsp;<\/p>\n<hr \/>\n<p>&nbsp;<\/p>\n<h1><\/h1>\n<h1 style=\"text-align: center;\"><span style=\"color: #ff0000;\"><a class=\"dt-pswp-item\" href=\"https:\/\/www.radiopiu.net\/wordpress\/wp-content\/uploads\/2022\/01\/026c3f9d-dae9-4040-a3c1-a6530231bcc3.jpg\" data-dt-img-description=\"\" data-large_image_width=\"1152\" data-large_image_height=\"2048\"><img loading=\"lazy\" decoding=\"async\" class=\"wp-image-251839 alignleft\" src=\"https:\/\/www.radiopiu.net\/wordpress\/wp-content\/uploads\/2022\/01\/026c3f9d-dae9-4040-a3c1-a6530231bcc3-169x300.jpg\" alt=\"\" width=\"100\" height=\"177\" srcset=\"https:\/\/www.radiopiu.net\/wordpress\/wp-content\/uploads\/2022\/01\/026c3f9d-dae9-4040-a3c1-a6530231bcc3-169x300.jpg 169w, https:\/\/www.radiopiu.net\/wordpress\/wp-content\/uploads\/2022\/01\/026c3f9d-dae9-4040-a3c1-a6530231bcc3-576x1024.jpg 576w, https:\/\/www.radiopiu.net\/wordpress\/wp-content\/uploads\/2022\/01\/026c3f9d-dae9-4040-a3c1-a6530231bcc3-768x1365.jpg 768w, https:\/\/www.radiopiu.net\/wordpress\/wp-content\/uploads\/2022\/01\/026c3f9d-dae9-4040-a3c1-a6530231bcc3-864x1536.jpg 864w, https:\/\/www.radiopiu.net\/wordpress\/wp-content\/uploads\/2022\/01\/026c3f9d-dae9-4040-a3c1-a6530231bcc3.jpg 1152w\" sizes=\"auto, (max-width: 100px) 100vw, 100px\" \/><\/a>I podcast informativi del mattino &#8211; audio &#8211;\u00a0<\/span><\/h1>\n<blockquote><p><strong>GIORNALE RADIO NAZIONALE, EDIZIONE DELLE SETTE <span style=\"color: #0000ff;\">viene pubblicato alle 7.05 <span style=\"color: #ff0000;\">DIRETTA RADIO\u00a0<\/span><\/span><\/strong><\/p><\/blockquote>\n<p><strong>il giornale radionazionale e&#8217; in onda ogni ora, dalle sette del mattino alle venti della sera\u00a0 \u00a0<\/strong><strong>\u00a0<\/strong><\/p>\n<p><strong>Un&#8217;altra donna uccisa<\/strong> Uccide la moglie in casa nell&#8217;Alessandrino e chiama il 112 <strong>Calcio<\/strong> Un altro giocatore del Padova coinvolto in un&#8217;indagine per stupro\u00a0<strong>Violenza di gruppo su una ragazza<\/strong>: arrestati 9 giovani, alcuni sono parenti di affiliati alla &#8216;ndrangheta <strong style=\"color: #000000;\">Aggredito e insultato, 13enne autistico<\/strong><span style=\"color: #000000;\"> vittima di bulli<\/span><span style=\"color: #000000;\">In tre, tra i 12 e 14 anni, ammoniti dal questore di Caserta <\/span><strong>Si cercano prove del bullismo<\/strong> nello smartphone di LeonardoEseguita l&#8217;autopsia. Valditara &#8216;sgomento&#8217;, e attiva le verifiche<br \/>\n<strong>Nel Foggiano 39 arresti per mafia<\/strong>, &#8216;violenti e pericolosi&#8217; Per tre delle 37 persone in carcere disposto il 41-bis<br \/>\n<strong>Ucciso nel Milanese<\/strong>, domani autopsia sul corpo di Manuel Approfondimenti sui genitori del killer <strong>Stop ai test per l&#8217;accesso a Medicina<\/strong> La graduatoria dopo il primo semestre sulla base dell&#8217;esito degli esami<\/p>\n<p><span style=\"color: #ff0000;\">EDIZIONE DELLE 20, DEL 15 OTTOBRE 2024<\/span><\/p>\n<audio class=\"wp-audio-shortcode\" id=\"audio-414673-6\" preload=\"none\" style=\"width: 100%;\" controls=\"controls\"><source type=\"audio\/mpeg\" src=\"https:\/\/www.radiopiu.net\/wordpress\/wp-content\/uploads\/2024\/10\/giornale07-28.mp3?_=6\" \/><a href=\"https:\/\/www.radiopiu.net\/wordpress\/wp-content\/uploads\/2024\/10\/giornale07-28.mp3\">https:\/\/www.radiopiu.net\/wordpress\/wp-content\/uploads\/2024\/10\/giornale07-28.mp3<\/a><\/audio>\n<p>&nbsp;<\/p>\n<p><span style=\"color: #ff0000;\">EDIZIONE DELLE 19, DEL 15 OTTOBRE 2024, LO SPORT<\/span><\/p>\n<audio class=\"wp-audio-shortcode\" id=\"audio-414673-7\" preload=\"none\" style=\"width: 100%;\" controls=\"controls\"><source type=\"audio\/mpeg\" src=\"https:\/\/www.radiopiu.net\/wordpress\/wp-content\/uploads\/2024\/10\/gr-sport-14.mp3?_=7\" \/><a href=\"https:\/\/www.radiopiu.net\/wordpress\/wp-content\/uploads\/2024\/10\/gr-sport-14.mp3\">https:\/\/www.radiopiu.net\/wordpress\/wp-content\/uploads\/2024\/10\/gr-sport-14.mp3<\/a><\/audio>\n<h2><\/h2>\n<h2>AUDIO dalle sette del mattino, ogni ora alla radio<\/h2>\n<audio class=\"wp-audio-shortcode\" id=\"audio-414673-8\" preload=\"none\" style=\"width: 100%;\" controls=\"controls\"><source type=\"audio\/mpeg\" src=\"https:\/\/www.radiopiu.net\/wordpress\/wp-content\/uploads\/2024\/10\/giornale07-29.mp3?_=8\" \/><a href=\"https:\/\/www.radiopiu.net\/wordpress\/wp-content\/uploads\/2024\/10\/giornale07-29.mp3\">https:\/\/www.radiopiu.net\/wordpress\/wp-content\/uploads\/2024\/10\/giornale07-29.mp3<\/a><\/audio>\n<p>&nbsp;<\/p>\n<hr \/>\n<p>&nbsp;<\/p>\n<p>&nbsp;<\/p>\n<h1><span style=\"color: #ff0000;\"><a class=\"dt-pswp-item\" href=\"https:\/\/www.radiopiu.net\/wordpress\/wp-content\/uploads\/2024\/09\/GIORNALI.jpg\" data-dt-img-description=\"\" data-large_image_width=\"1280\" data-large_image_height=\"853\"><img loading=\"lazy\" decoding=\"async\" class=\" wp-image-410862 alignleft\" src=\"https:\/\/www.radiopiu.net\/wordpress\/wp-content\/uploads\/2024\/09\/GIORNALI-300x200.jpg\" alt=\"\" width=\"209\" height=\"139\" srcset=\"https:\/\/www.radiopiu.net\/wordpress\/wp-content\/uploads\/2024\/09\/GIORNALI-300x200.jpg 300w, https:\/\/www.radiopiu.net\/wordpress\/wp-content\/uploads\/2024\/09\/GIORNALI-1024x682.jpg 1024w, https:\/\/www.radiopiu.net\/wordpress\/wp-content\/uploads\/2024\/09\/GIORNALI-768x512.jpg 768w, https:\/\/www.radiopiu.net\/wordpress\/wp-content\/uploads\/2024\/09\/GIORNALI.jpg 1280w\" sizes=\"auto, (max-width: 209px) 100vw, 209px\" \/><\/a>I podcast informativi del mattino &#8211; video &#8211;\u00a0<\/span><\/h1>\n<h2 style=\"text-align: left;\"><strong>RASSEGNA STAMPA LOCALE, ORE OTTO 05<\/strong><\/h2>\n<h2><strong> <span style=\"color: #0000ff;\">viene\u00a0 <\/span><\/strong><strong><span style=\"color: #0000ff;\">pubblicata alle 8.05 <span style=\"color: #ff0000;\">DIRETTA RADIO\u00a0 \u00a0<\/span><\/span><\/strong><strong>DI MIRKO MEZZACASA<\/strong><\/h2>\n<h2><span style=\"color: #ff0000;\"><strong>VIDEO\u00a0 \u00a0in diretta dalle 8 del mattino\u00a0 \u00a0<\/strong><\/span><\/h2>\n<p>&nbsp;<\/p>\n<p>&nbsp;<\/p>\n<p>https:\/\/www.facebook.com\/Mirkomezziano\/videos\/912626984085210<\/p>\n<p>&nbsp;<\/p>\n<hr \/>\n<p>&nbsp;<\/p>\n<p>&nbsp;<\/p>\n<p><strong><a class=\"dt-pswp-item\" href=\"https:\/\/www.radiopiu.net\/wordpress\/wp-content\/uploads\/2023\/12\/ANTENNA.png\" data-dt-img-description=\"\" data-large_image_width=\"300\" data-large_image_height=\"166\"><img loading=\"lazy\" decoding=\"async\" class=\" wp-image-366306 alignleft\" src=\"https:\/\/www.radiopiu.net\/wordpress\/wp-content\/uploads\/2023\/12\/ANTENNA.png\" alt=\"\" width=\"175\" height=\"97\" \/><\/a>ogni sera alle 19 le anticipazioni alla radio, quello che poi seguirete nel TELEGIORNALE BELLUNESE\u00a0 in onda alle 19.30 sul CANALE 10 del digitale terrestre.\u00a0\u00a0<\/strong><\/p>\n<p>&nbsp;<\/p>\n<p><strong>LE ANTICIPAZIONI DAL TG DI ANTENNA 3, DI\u00a0 TIZIANA BOLOGNANI<\/strong><\/p>\n<audio class=\"wp-audio-shortcode\" id=\"audio-414673-9\" preload=\"none\" style=\"width: 100%;\" controls=\"controls\"><source type=\"audio\/mpeg\" src=\"https:\/\/www.radiopiu.net\/wordpress\/wp-content\/uploads\/2024\/10\/ANTENNA3-10.mp3?_=9\" \/><a href=\"https:\/\/www.radiopiu.net\/wordpress\/wp-content\/uploads\/2024\/10\/ANTENNA3-10.mp3\">https:\/\/www.radiopiu.net\/wordpress\/wp-content\/uploads\/2024\/10\/ANTENNA3-10.mp3<\/a><\/audio>\n<p>&nbsp;<\/p>\n<p>&nbsp;<\/p>\n<hr \/>\n<p><strong>\u00a0\u00a0<\/strong><\/p>\n<blockquote>\n<h3>Meteo. Maltempo in arrivo. Allerta gialla<\/h3>\n<\/blockquote>\n<p><img loading=\"lazy\" decoding=\"async\" class=\"alignleft\" src=\"https:\/\/www.radiopiu.net\/wordpress\/wp-content\/uploads\/2018\/08\/instabilita.jpg\" width=\"258\" height=\"155\" \/>Oggi sono previste precipitazioni diffuse, pi\u00f9 consistenti sulle zone montane e pedemontane, con fenomeni anche a carattere di rovescio o locale temporale (tra Prealpi e pianura) e con quantitativi da consistenti a localmente abbondanti sulle zone montane e pedemontane, in particolare sulle Prealpi. Alla luce delle previsioni, il Centro Funzionale Decentrato della Protezione Civile regionale ha emesso un avviso di criticit\u00e0 idrogeologica e idraulica valido fino alle 18. \u00c8 dichiarato lo stato di attenzione (allerta gialla). \u00c8 possibile innesco di frane superficiali e colate rapide sui settori montani, pedemontani, collinari delle zone in allerta; possibile innalzamento dei livelli della rete idrografica secondaria<\/p>\n<p>&nbsp;<\/p>\n<p>&nbsp;<\/p>\n<hr \/>\n<p><strong>\u00a0<\/strong><\/p>\n<p>&nbsp;<\/p>\n<blockquote>\n<h2>ACQUA DI NUOVO POTABILE A TAIBON AGORDINO<\/h2>\n<\/blockquote>\n<p><strong>TAIBON<\/strong> In Localit\u00e0 COL DE CARRERA l&#8217;acqua erogata dall&#8217;acquedotto \u00e8 di nuovo potabile e pu\u00f2 essere usata, quindi, per scopi alimentari.<\/p>\n<p>&nbsp;<\/p>\n<p>&nbsp;<\/p>\n<hr \/>\n<blockquote>\n<h2><\/h2>\n<h2>RIPARATO IN URGENZA UN TRATTO DI ACQUEDOTTO AD AGORDO<\/h2>\n<\/blockquote>\n<p><strong><a class=\"dt-pswp-item\" href=\"https:\/\/www.radiopiu.net\/wordpress\/wp-content\/uploads\/2024\/10\/a73f2b9d-8879-4916-80d3-532b211a37c7.jpg\" data-dt-img-description=\"\" data-large_image_width=\"1600\" data-large_image_height=\"900\"><img loading=\"lazy\" decoding=\"async\" class=\"size-medium wp-image-414750 alignleft\" src=\"https:\/\/www.radiopiu.net\/wordpress\/wp-content\/uploads\/2024\/10\/a73f2b9d-8879-4916-80d3-532b211a37c7-300x169.jpg\" alt=\"\" width=\"300\" height=\"169\" srcset=\"https:\/\/www.radiopiu.net\/wordpress\/wp-content\/uploads\/2024\/10\/a73f2b9d-8879-4916-80d3-532b211a37c7-300x169.jpg 300w, https:\/\/www.radiopiu.net\/wordpress\/wp-content\/uploads\/2024\/10\/a73f2b9d-8879-4916-80d3-532b211a37c7-1024x576.jpg 1024w, https:\/\/www.radiopiu.net\/wordpress\/wp-content\/uploads\/2024\/10\/a73f2b9d-8879-4916-80d3-532b211a37c7-768x432.jpg 768w, https:\/\/www.radiopiu.net\/wordpress\/wp-content\/uploads\/2024\/10\/a73f2b9d-8879-4916-80d3-532b211a37c7-1536x864.jpg 1536w, https:\/\/www.radiopiu.net\/wordpress\/wp-content\/uploads\/2024\/10\/a73f2b9d-8879-4916-80d3-532b211a37c7.jpg 1600w\" sizes=\"auto, (max-width: 300px) 100vw, 300px\" \/><\/a>AGORDO <\/strong>Intervento in emergenza alla rete idrica a servizio del Comune di Agordo. Una ditta esterna, infatti, intorno alle 9 del mattino, durante i lavori di posa di reti gas per conto di Italgas, in prossimit\u00e0 della localit\u00e0 Ronch de Bos ha lesionato un tratto di condotta adduttrice collegata alle sorgenti della Val Corpassa, causando l\u2019improvvisa mancanza d\u2019acqua all\u2019utenza e ai serbatoi di accumulo di buona parte del territorio comunale. Tempestivo l\u2019intervento dei tecnici di Bim Gsp, che, accertata la gravit\u00e0 del danno, hanno prontamente organizzato ed eseguito l\u2019intervento di riparazione. Le operazioni si sono concluse intorno alle 13:00, riportando a normalit\u00e0 i livelli delle vasche e l\u2019erogazione all\u2019utenza. Considerata l\u2019entit\u00e0 del danno, Gsp e Ulss 1 Dolomiti consigliano, in via precauzionale, la bollitura dell\u2019acqua per gli usi alimentari in tutto il Comune di Agordo (escluse le localit\u00e0 Valcozzena, Giove e Brugnach). Ulteriori aggiornamenti verranno forniti nei prossimi giorni.<\/p>\n<p><span style=\"color: #ff0000;\">Gestione Servizi Pubblici informa che in TUTTO IL COMUNE DI AGORDO si consiglia, in via del tutto precauzionale, di utilizzare l\u2019acqua di acquedotto per uso alimentare SOLO PREVIA BOLLITURA.\u00a0<\/span><\/p>\n<p><a class=\"dt-pswp-item\" href=\"https:\/\/www.radiopiu.net\/wordpress\/wp-content\/uploads\/2024\/10\/il-danno_1.jpg\" data-dt-img-description=\"\" data-large_image_width=\"899\" data-large_image_height=\"1599\"><img loading=\"lazy\" decoding=\"async\" class=\"alignnone size-medium wp-image-414865\" src=\"https:\/\/www.radiopiu.net\/wordpress\/wp-content\/uploads\/2024\/10\/il-danno_1-169x300.jpg\" alt=\"\" width=\"169\" height=\"300\" srcset=\"https:\/\/www.radiopiu.net\/wordpress\/wp-content\/uploads\/2024\/10\/il-danno_1-169x300.jpg 169w, https:\/\/www.radiopiu.net\/wordpress\/wp-content\/uploads\/2024\/10\/il-danno_1-576x1024.jpg 576w, https:\/\/www.radiopiu.net\/wordpress\/wp-content\/uploads\/2024\/10\/il-danno_1-768x1366.jpg 768w, https:\/\/www.radiopiu.net\/wordpress\/wp-content\/uploads\/2024\/10\/il-danno_1-864x1536.jpg 864w, https:\/\/www.radiopiu.net\/wordpress\/wp-content\/uploads\/2024\/10\/il-danno_1.jpg 899w\" sizes=\"auto, (max-width: 169px) 100vw, 169px\" \/><\/a><a class=\"dt-pswp-item\" href=\"https:\/\/www.radiopiu.net\/wordpress\/wp-content\/uploads\/2024\/10\/il-danno_2.jpg\" data-dt-img-description=\"\" data-large_image_width=\"1200\" data-large_image_height=\"1600\"><img loading=\"lazy\" decoding=\"async\" class=\"alignnone size-medium wp-image-414866\" src=\"https:\/\/www.radiopiu.net\/wordpress\/wp-content\/uploads\/2024\/10\/il-danno_2-225x300.jpg\" alt=\"\" width=\"225\" height=\"300\" srcset=\"https:\/\/www.radiopiu.net\/wordpress\/wp-content\/uploads\/2024\/10\/il-danno_2-225x300.jpg 225w, https:\/\/www.radiopiu.net\/wordpress\/wp-content\/uploads\/2024\/10\/il-danno_2-768x1024.jpg 768w, https:\/\/www.radiopiu.net\/wordpress\/wp-content\/uploads\/2024\/10\/il-danno_2-1152x1536.jpg 1152w, https:\/\/www.radiopiu.net\/wordpress\/wp-content\/uploads\/2024\/10\/il-danno_2.jpg 1200w\" sizes=\"auto, (max-width: 225px) 100vw, 225px\" \/><\/a><a class=\"dt-pswp-item\" href=\"https:\/\/www.radiopiu.net\/wordpress\/wp-content\/uploads\/2024\/10\/la-riparazione_1.jpg\" data-dt-img-description=\"\" data-large_image_width=\"1200\" data-large_image_height=\"1600\"><img loading=\"lazy\" decoding=\"async\" class=\"alignnone size-medium wp-image-414867\" src=\"https:\/\/www.radiopiu.net\/wordpress\/wp-content\/uploads\/2024\/10\/la-riparazione_1-225x300.jpg\" alt=\"\" width=\"225\" height=\"300\" srcset=\"https:\/\/www.radiopiu.net\/wordpress\/wp-content\/uploads\/2024\/10\/la-riparazione_1-225x300.jpg 225w, https:\/\/www.radiopiu.net\/wordpress\/wp-content\/uploads\/2024\/10\/la-riparazione_1-768x1024.jpg 768w, https:\/\/www.radiopiu.net\/wordpress\/wp-content\/uploads\/2024\/10\/la-riparazione_1-1152x1536.jpg 1152w, https:\/\/www.radiopiu.net\/wordpress\/wp-content\/uploads\/2024\/10\/la-riparazione_1.jpg 1200w\" sizes=\"auto, (max-width: 225px) 100vw, 225px\" \/><\/a><\/p>\n<p>&nbsp;<\/p>\n<p>&nbsp;<\/p>\n<hr \/>\n<p>&nbsp;<\/p>\n<blockquote>\n<h3>L&#8217;ULTIMO SALUTO A JOLANDA MAIONI<\/h3>\n<\/blockquote>\n<p><strong>CORTINA<\/strong> Il Direttivo del Circolo Auser di Cortina ha dato l&#8217;ultimo saluto a Jolanda Maioni, fondatrice del circolo nel 2001 e figura chiave nell&#8217;assistenza agli anziani. Presidente nei primi due mandati, ha lasciato un&#8217;impronta indelebile nella comunit\u00e0. In un&#8217;intervista del 2008 a &#8220;Voci di Cortina&#8221;, Jolanda ha spiegato che il suo impegno derivava dalla felicit\u00e0 che provava aiutando gli anziani, sottolineando come fossero loro a ricompensare i volontari. L&#8217;educatrice Eddy Sperandio ha elogiato il valore insostituibile dei volontari Auser, descrivendo l&#8217;associazione come &#8220;viva&#8221; e di grande sostanza. La Presidenza provinciale Auser ha espresso sincere condoglianze ai familiari di Jolanda Maioni.<\/p>\n<p>&nbsp;<\/p>\n<p>&nbsp;<\/p>\n<hr \/>\n<p>&nbsp;<\/p>\n<blockquote>\n<h3><strong>Rivoluzione nelle concessioni idroelettriche: arrivano i primi versamenti<\/strong><\/h3>\n<\/blockquote>\n<p><strong>VENEZIA<\/strong> La Giunta regionale del Veneto, su proposta dell\u2019assessore Gianpaolo Bottacin, ha approvato la destinazione delle risorse derivanti dalle concessioni idroelettriche, aumentando la quota variabile dei canoni dal 5% al 6%. Recentemente, una societ\u00e0 concessionaria ha iniziato a versare gli importi dovuti, dimostrando l&#8217;efficacia del percorso legislativo intrapreso. Bottacin ha evidenziato che la legge regionale del 2020 ha portato benefici importanti, generando 39 milioni di euro, di cui 27 milioni destinati alla Provincia di Belluno per il biennio 2021-2022<\/p>\n<blockquote>\n<h3><span style=\"color: #ff0000;\">BOTTACIN ALLA RADIO<\/span><\/h3>\n<\/blockquote>\n<div style=\"width: 848px;\" class=\"wp-video\"><video class=\"wp-video-shortcode\" id=\"video-414673-1\" width=\"848\" height=\"480\" preload=\"metadata\" controls=\"controls\"><source type=\"video\/mp4\" src=\"https:\/\/www.radiopiu.net\/wordpress\/wp-content\/uploads\/2024\/10\/WhatsApp-Video-2024-10-16-at-11.00.49.mp4?_=1\" \/><a href=\"https:\/\/www.radiopiu.net\/wordpress\/wp-content\/uploads\/2024\/10\/WhatsApp-Video-2024-10-16-at-11.00.49.mp4\">https:\/\/www.radiopiu.net\/wordpress\/wp-content\/uploads\/2024\/10\/WhatsApp-Video-2024-10-16-at-11.00.49.mp4<\/a><\/video><\/div>\n<p>&nbsp;<\/p>\n<p>&nbsp;<\/p>\n<hr \/>\n<p>&nbsp;<\/p>\n<blockquote><p><strong><a class=\"dt-pswp-item\" href=\"https:\/\/www.radiopiu.net\/wordpress\/wp-content\/uploads\/2023\/04\/PADRIN.jpeg\" data-dt-img-description=\"\" data-large_image_width=\"1110\" data-large_image_height=\"648\"><img loading=\"lazy\" decoding=\"async\" class=\"wp-image-330720 alignleft\" src=\"https:\/\/www.radiopiu.net\/wordpress\/wp-content\/uploads\/2023\/04\/PADRIN-300x175.jpeg\" alt=\"\" width=\"144\" height=\"84\" srcset=\"https:\/\/www.radiopiu.net\/wordpress\/wp-content\/uploads\/2023\/04\/PADRIN-300x175.jpeg 300w, https:\/\/www.radiopiu.net\/wordpress\/wp-content\/uploads\/2023\/04\/PADRIN-1024x598.jpeg 1024w, https:\/\/www.radiopiu.net\/wordpress\/wp-content\/uploads\/2023\/04\/PADRIN-768x448.jpeg 768w, https:\/\/www.radiopiu.net\/wordpress\/wp-content\/uploads\/2023\/04\/PADRIN.jpeg 1110w\" sizes=\"auto, (max-width: 144px) 100vw, 144px\" \/><\/a>Canoni idrici, Padrin: \u00abOttimi gli aumenti disposti dalla Regione, grandi aspettative\u00bb<\/strong><\/p><\/blockquote>\n<p><strong>BELLUNO<\/strong> Il presidente della Provincia di Belluno, Roberto Padrin, ha espresso soddisfazione per l\u2019aumento dei canoni idrici disposto dalla Regione Veneto, definendolo un passo importante verso l\u2019avvicinamento ai livelli delle province autonome. La quota fissa \u00e8 stata aumentata da 32,8 a 40 euro per ogni chilowatt prodotto, mentre la quota variabile \u00e8 passata dal 5% al 6% del fatturato dei concessionari. Padrin ha sottolineato l\u2019urgenza di ricevere queste risorse, fondamentali per il territorio, e ha ringraziato l\u2019assessore Bottacin per il suo impegno. Ha inoltre ricordato l&#8217;importanza degli extracanoni idrici, che potrebbero portare benefici a strutture sociali locali come le case di riposo.<\/p>\n<p>&nbsp;<\/p>\n<p>&nbsp;<\/p>\n<p>&nbsp;<\/p>\n<hr \/>\n<p>&nbsp;<\/p>\n<blockquote>\n<h3>SCOSSA DI TERREMOTO A VALDOBBIADENE<\/h3>\n<\/blockquote>\n<p><strong>REDAZIONE<\/strong> Ieri subito dopo le 14:30 la terra ha tremato in provincia di Treviso, epicentro a Valdobbiadene. Una scossa di 1.7 sulla scala Richter con una profondit\u00e0 di 7.2 km.<\/p>\n<p><a class=\"dt-pswp-item\" href=\"https:\/\/www.radiopiu.net\/wordpress\/wp-content\/uploads\/2024\/10\/lkfghols.jpg\" data-dt-img-description=\"\" data-large_image_width=\"719\" data-large_image_height=\"584\"><img loading=\"lazy\" decoding=\"async\" class=\"size-medium wp-image-414859 aligncenter\" src=\"https:\/\/www.radiopiu.net\/wordpress\/wp-content\/uploads\/2024\/10\/lkfghols-300x244.jpg\" alt=\"\" width=\"300\" height=\"244\" srcset=\"https:\/\/www.radiopiu.net\/wordpress\/wp-content\/uploads\/2024\/10\/lkfghols-300x244.jpg 300w, https:\/\/www.radiopiu.net\/wordpress\/wp-content\/uploads\/2024\/10\/lkfghols.jpg 719w\" sizes=\"auto, (max-width: 300px) 100vw, 300px\" \/><\/a><\/p>\n<p>&nbsp;<\/p>\n<p>&nbsp;<\/p>\n<hr \/>\n<p>&nbsp;<\/p>\n<blockquote>\n<div class=\"mceTemp\"><strong><a class=\"dt-pswp-item\" href=\"https:\/\/www.radiopiu.net\/wordpress\/wp-content\/uploads\/2023\/11\/17eab4b1-8666-fa4f-5e3c-48e18e0a5716.jpg\" data-dt-img-description=\"Doctor giving a senior woman vaccination. Virus protection. COVID-2019.\" data-large_image_width=\"800\" data-large_image_height=\"445\"><img loading=\"lazy\" decoding=\"async\" class=\"size-medium wp-image-360171 alignleft\" src=\"https:\/\/www.radiopiu.net\/wordpress\/wp-content\/uploads\/2023\/11\/17eab4b1-8666-fa4f-5e3c-48e18e0a5716-300x167.jpg\" alt=\"\" width=\"300\" height=\"167\" srcset=\"https:\/\/www.radiopiu.net\/wordpress\/wp-content\/uploads\/2023\/11\/17eab4b1-8666-fa4f-5e3c-48e18e0a5716-300x167.jpg 300w, https:\/\/www.radiopiu.net\/wordpress\/wp-content\/uploads\/2023\/11\/17eab4b1-8666-fa4f-5e3c-48e18e0a5716-768x427.jpg 768w, https:\/\/www.radiopiu.net\/wordpress\/wp-content\/uploads\/2023\/11\/17eab4b1-8666-fa4f-5e3c-48e18e0a5716.jpg 800w\" sizes=\"auto, (max-width: 300px) 100vw, 300px\" \/><\/a>Secondo e ultimo appuntamento per la vaccinazione antinfluenzale ad Agordo<\/strong><\/div>\n<\/blockquote>\n<p><strong>AGORDO\u00a0<\/strong> Sabato 19 ottobre, dalle 15:00 alle 19:00, si terr\u00e0 presso il Centro Parrocchiale &#8220;Vincenzo Savio&#8221; di Agordo il secondo e ultimo incontro per la vaccinazione antinfluenzale, organizzato dai medici Fadig\u00e0, Pennacchioni e Bottarel per i loro assistiti.L&#8217;invito \u00e8 rivolto a tutti i pazienti con pi\u00f9 di 65 anni, o che li compiranno entro l&#8217;anno, inclusi coloro che non hanno partecipato alla prima seduta.Una partecipazione numerosa garantir\u00e0 una pi\u00f9 rapida copertura contro un&#8217;influenza che si prevede particolarmente precoce e aggressiva, consentendo ai medici di concentrarsi maggiormente sulla normale attivit\u00e0 ambulatoriale.<\/p>\n<div><\/div>\n<div>\n<hr \/>\n<\/div>\n<p>&nbsp;<\/p>\n<blockquote>\n<h3>LA GIUDIZIARIA OGGI, DAL CORRIERE DELLE ALPI<\/h3>\n<h3>CRISTINA CONTENTO<\/h3>\n<\/blockquote>\n<p><strong>SANTA GIUSTINA<\/strong> E&#8217; stato condannato a 10 anni di reclusione e al pagamento di 50mila euro di provvisionale per abusi su un ragazzino minorenne. E&#8217; la sentenza del Tribunale di Ferrara nei confronti di Bruno Minute 31enne originario della Bulgaria, ma residente a Santa Giustina. Dieci anni di reclusione la pena inflittagli dal collegio, che supera la richiesta del pubblico ministero: la procura, infatti, ne aveva chiesti nove. I fatti risalgono al 2016, Il giovane, anzich\u00e9 arrivare in discoteca, si ritrov\u00f2 bloccato in un parco, dove sarebbe stato violentato e anche filmato. Particolare che avrebbe dato vita a una serie di ricatti da parte del bellunese.\u00a0 Minute \u00e8 gi\u00e0 detenuto nel carcere bellunese di Baldenich, dopo la condanna in via definitiva a sei anni e sei mesi per violenza sessuale continuata su minore<\/p>\n<p>&nbsp;<\/p>\n<p>&nbsp;<\/p>\n<hr \/>\n<p>&nbsp;<\/p>\n<blockquote>\n<h3>GINO CECCHETTIN A LONGARONE. UN DIALOGO COSTRUTTIVO CON GLI STUDENTI<\/h3>\n<\/blockquote>\n<p><strong><a class=\"dt-pswp-item\" href=\"https:\/\/www.radiopiu.net\/wordpress\/wp-content\/uploads\/2024\/10\/LKJDOUGYH.jpg\" data-dt-img-description=\"\" data-large_image_width=\"2000\" data-large_image_height=\"1387\"><img loading=\"lazy\" decoding=\"async\" class=\" wp-image-414848 alignleft\" src=\"https:\/\/www.radiopiu.net\/wordpress\/wp-content\/uploads\/2024\/10\/LKJDOUGYH-300x208.jpg\" alt=\"\" width=\"177\" height=\"123\" srcset=\"https:\/\/www.radiopiu.net\/wordpress\/wp-content\/uploads\/2024\/10\/LKJDOUGYH-300x208.jpg 300w, https:\/\/www.radiopiu.net\/wordpress\/wp-content\/uploads\/2024\/10\/LKJDOUGYH-1024x710.jpg 1024w, https:\/\/www.radiopiu.net\/wordpress\/wp-content\/uploads\/2024\/10\/LKJDOUGYH-768x533.jpg 768w, https:\/\/www.radiopiu.net\/wordpress\/wp-content\/uploads\/2024\/10\/LKJDOUGYH-1536x1065.jpg 1536w, https:\/\/www.radiopiu.net\/wordpress\/wp-content\/uploads\/2024\/10\/LKJDOUGYH.jpg 2000w\" sizes=\"auto, (max-width: 177px) 100vw, 177px\" \/><\/a>LONGARONE<\/strong> Gino Cecchettin, padre di Giulia, uccisa dall&#8217;ex fidanzato un anno fa, ha partecipato a un incontro con gli studenti delle scuole superiori di Longarone, organizzato in vista del 25 novembre, Giornata internazionale per l\u2019eliminazione della violenza contro le donne. Durante il suo intervento, Cecchettin ha condiviso riflessioni sul valore dei &#8220;no&#8221; nella vita, sottolineando come il rifiuto sia parte dell&#8217;educazione e della crescita personale. Ha parlato del dolore per la perdita di Giulia, trasformato in un motivo per sensibilizzare contro il femminicidio, e ha affrontato temi come il controllo possessivo e la difficolt\u00e0 di accettare un &#8220;no&#8221;. Ha anche toccato il tema della rabbia, spiegando come ha scelto di non cedere alla vendetta per non distruggere ulteriormente la sua famiglia. Il sindaco Roberto Padrin ha elogiato Cecchettin per la sua capacit\u00e0 di trasmettere messaggi importanti nonostante il dolore. L&#8217;evento ha offerto un&#8217;importante lezione di vita ai ragazzi, con un focus sull&#8217;educazione all&#8217;amore, alla gentilezza e al rispetto per prevenire la violenza di genere.<\/p>\n<h1><\/h1>\n<h1 class=\"_title post-title entry-title\"><\/h1>\n<h1 class=\"_title post-title entry-title\"><a class=\"dt-pswp-item\" href=\"https:\/\/www.radiopiu.net\/wordpress\/wp-content\/uploads\/2023\/12\/ANTENNA.png\" data-dt-img-description=\"\" data-large_image_width=\"300\" data-large_image_height=\"166\"><img loading=\"lazy\" decoding=\"async\" class=\"wp-image-366306 alignleft\" src=\"https:\/\/www.radiopiu.net\/wordpress\/wp-content\/uploads\/2023\/12\/ANTENNA.png\" alt=\"\" width=\"193\" height=\"107\" \/><\/a>LONGARONE | GINO CECCHETTIN: \u00abNEL DOLORE VIVO MIA FIGLIA\u00bb.<\/h1>\n<p>Intervistati GINO CECCHETTIN (PAPA\u2019 DI GIULIA CECCHETTIN) (Servizio di\u00a0<a href=\"https:\/\/antennatre.medianordest.it\/redazione\/Tiziana-Bolognani\/\">Tiziana Bolognani<\/a>)<\/p>\n<p><iframe loading=\"lazy\" title=\"GINO CECCHETTIN: \u00abNEL DOLORE VIVO MIA FIGLIA\u00bb. E SU TURETTA: \u00abNON TEMO DI NOMINARE I... | 16\/10\/2024\" width=\"1200\" height=\"675\" src=\"https:\/\/www.youtube.com\/embed\/lMKL6y1Ais0?feature=oembed\" frameborder=\"0\" allow=\"accelerometer; autoplay; clipboard-write; encrypted-media; gyroscope; picture-in-picture; web-share\" referrerpolicy=\"strict-origin-when-cross-origin\" allowfullscreen><\/iframe><\/p>\n<p>&nbsp;<\/p>\n<p>&nbsp;<\/p>\n<hr \/>\n<p>&nbsp;<\/p>\n<blockquote><p><strong> <a class=\"dt-pswp-item\" href=\"https:\/\/www.radiopiu.net\/wordpress\/wp-content\/uploads\/2024\/10\/Asilo-nido-Villpaiera-render-1.jpg\" data-dt-img-description=\"\" data-large_image_width=\"826\" data-large_image_height=\"468\"><img loading=\"lazy\" decoding=\"async\" class=\"size-medium wp-image-414757 alignleft\" src=\"https:\/\/www.radiopiu.net\/wordpress\/wp-content\/uploads\/2024\/10\/Asilo-nido-Villpaiera-render-1-300x170.jpg\" alt=\"\" width=\"300\" height=\"170\" srcset=\"https:\/\/www.radiopiu.net\/wordpress\/wp-content\/uploads\/2024\/10\/Asilo-nido-Villpaiera-render-1-300x170.jpg 300w, https:\/\/www.radiopiu.net\/wordpress\/wp-content\/uploads\/2024\/10\/Asilo-nido-Villpaiera-render-1-768x435.jpg 768w, https:\/\/www.radiopiu.net\/wordpress\/wp-content\/uploads\/2024\/10\/Asilo-nido-Villpaiera-render-1.jpg 826w\" sizes=\"auto, (max-width: 300px) 100vw, 300px\" \/><\/a>Nuovo asilo nido a Villapaiera: approvato il progetto esecutivo<\/strong><\/p><\/blockquote>\n<p><strong>FELTRE<\/strong> La giunta comunale di Feltre ha approvato il progetto esecutivo del nuovo asilo nido di Villapaiera, finanziato con 720 mila euro dal PNRR. La struttura ospiter\u00e0 circa 30 bambini e sar\u00e0 dotata di moderne attrezzature, mirate al risparmio energetico, tra cui un impianto fotovoltaico. L\u2019edificio di 190 mq includer\u00e0 sezioni didattiche, un\u2019area psicomotoria e locali tecnici. La gara d\u2019appalto \u00e8 in corso, e l\u2019apertura del cantiere \u00e8 prevista dopo l&#8217;inverno, con scadenza dei lavori fissata per marzo 2026.<em> \u201cL&#8217;obiettivo dice l&#8217;assessore Andrea Bona, \u00e8 ora quello di procedere in tempi molto rapidi&#8221; .<\/em><\/p>\n<p><strong>l&#8217;assessore Bona alla radio<\/strong><\/p>\n<audio class=\"wp-audio-shortcode\" id=\"audio-414673-10\" preload=\"none\" style=\"width: 100%;\" controls=\"controls\"><source type=\"audio\/mpeg\" src=\"https:\/\/www.radiopiu.net\/wordpress\/wp-content\/uploads\/2024\/10\/bona.mp3?_=10\" \/><a href=\"https:\/\/www.radiopiu.net\/wordpress\/wp-content\/uploads\/2024\/10\/bona.mp3\">https:\/\/www.radiopiu.net\/wordpress\/wp-content\/uploads\/2024\/10\/bona.mp3<\/a><\/audio>\n<p>&nbsp;<\/p>\n<hr \/>\n<p>&nbsp;<\/p>\n<p>&nbsp;<\/p>\n<blockquote>\n<h2>Sciopero di 8 ore per difendere l\u2019industria automotive<\/h2>\n<\/blockquote>\n<p><strong><img loading=\"lazy\" decoding=\"async\" class=\"alignright\" src=\"https:\/\/www.radiopiu.net\/wordpress\/wp-content\/uploads\/2024\/10\/car-dashboard-2667434_640.jpg\" width=\"178\" height=\"119\" \/>TREVISO<\/strong> Venerd\u00ec 18 ottobre, Fim, Fiom e Uilm hanno indetto uno sciopero di 8 ore e una manifestazione a Roma per difendere l&#8217;occupazione nel settore automotive e componentistica. La Fim Cisl Belluno Treviso parteciper\u00e0 con una delegazione di 50 sindacalisti e lavoratori. Alessio Lovisotto, segretario generale della Fim Cisl Belluno Treviso, sottolinea l&#8217;importanza del settore nella transizione energetica e la necessit\u00e0 di aumentare gli investimenti pubblici e privati. Lovisotto ha ribadito l&#8217;urgenza di mantenere il controllo della filiera produttiva e dello sviluppo tecnologico in Europa. L&#8217;industria <a class=\"dt-pswp-item\" href=\"https:\/\/www.radiopiu.net\/wordpress\/wp-content\/uploads\/2024\/10\/th-11-e1729079791377.jpg\" data-dt-img-description=\"\" data-large_image_width=\"156\" data-large_image_height=\"180\"><img loading=\"lazy\" decoding=\"async\" class=\" wp-image-414779 alignleft\" src=\"https:\/\/www.radiopiu.net\/wordpress\/wp-content\/uploads\/2024\/10\/th-11-e1729079791377.jpg\" alt=\"\" width=\"109\" height=\"126\" \/><\/a>automotive nelle province di Treviso e Belluno \u00e8 in crisi, con aziende come Sole e Irca Zoppas Industries costrette a ricorrere alla cassa integrazione.<\/p>\n<p>&nbsp;<\/p>\n<p><strong>AI MICROFONI DI RADIOPIU ALESSIO LOVISOTTO (FOTO)<\/strong><\/p>\n<audio class=\"wp-audio-shortcode\" id=\"audio-414673-11\" preload=\"none\" style=\"width: 100%;\" controls=\"controls\"><source type=\"audio\/mpeg\" src=\"https:\/\/www.radiopiu.net\/wordpress\/wp-content\/uploads\/2024\/10\/LOVISOTTO.mp3?_=11\" \/><a href=\"https:\/\/www.radiopiu.net\/wordpress\/wp-content\/uploads\/2024\/10\/LOVISOTTO.mp3\">https:\/\/www.radiopiu.net\/wordpress\/wp-content\/uploads\/2024\/10\/LOVISOTTO.mp3<\/a><\/audio>\n<p>&nbsp;<\/p>\n<p>&nbsp;<\/p>\n<p>&nbsp;<\/p>\n<hr \/>\n<p>&nbsp;<\/p>\n<blockquote>\n<h3>CONSIGLIO COMUNALE AD AGORDO<\/h3>\n<\/blockquote>\n<p><strong>AGORDO<\/strong> Consiglio comunale a Palazzo Marconi, all\u2019ordine del giorno la variazione al bilancio di previsione e autorizzazione all\u2019operazione di fusione in Bim Gsp.<br \/>\nNell seconda parte del consiglio comuanale la discussione sulla sicurezza ad Agordo dopo l&#8217;ultimo episodio con la coppia che si \u00e8 resa protagonista del triste episodio al Pronto Soccorso arrivando a picchiare l&#8217;infermiera&#8230;<\/p>\n<p>&nbsp;<\/p>\n<p>&nbsp;<\/p>\n<blockquote>\n<h2>VARIAZIONE DI BILANCIO, INCREMENTO DI SPESA PER 735MILA EURO<\/h2>\n<\/blockquote>\n<p><strong><a class=\"dt-pswp-item\" href=\"https:\/\/www.radiopiu.net\/wordpress\/wp-content\/uploads\/2024\/10\/Senza-nome-72.png\" data-dt-img-description=\"\" data-large_image_width=\"395\" data-large_image_height=\"373\"><img loading=\"lazy\" decoding=\"async\" class=\"wp-image-414906 alignleft\" src=\"https:\/\/www.radiopiu.net\/wordpress\/wp-content\/uploads\/2024\/10\/Senza-nome-72-300x283.png\" alt=\"\" width=\"153\" height=\"144\" srcset=\"https:\/\/www.radiopiu.net\/wordpress\/wp-content\/uploads\/2024\/10\/Senza-nome-72-300x283.png 300w, https:\/\/www.radiopiu.net\/wordpress\/wp-content\/uploads\/2024\/10\/Senza-nome-72.png 395w\" sizes=\"auto, (max-width: 153px) 100vw, 153px\" \/><\/a>AGORDO<\/strong> L&#8217;assessore Alessandra Da Ronch ha presentato la variazione al bilancio, spese e maggiori entrate. Tra le spese anche il potenziamento scolastico e barriere archietettoniche. Le maggiori entrate dai dividenti delle societ\u00e0 partecipate e contributi statali, sar\u00e0 utilizzato anche l&#8217;avanzo vincolato<\/p>\n<p>l&#8217;assessore Alessandra Da Ronch<\/p>\n<p>&nbsp;<\/p>\n<p><strong>audio<\/strong><\/p>\n<audio class=\"wp-audio-shortcode\" id=\"audio-414673-12\" preload=\"none\" style=\"width: 100%;\" controls=\"controls\"><source type=\"audio\/mpeg\" src=\"https:\/\/www.radiopiu.net\/wordpress\/wp-content\/uploads\/2024\/10\/alessandra.mp3?_=12\" \/><a href=\"https:\/\/www.radiopiu.net\/wordpress\/wp-content\/uploads\/2024\/10\/alessandra.mp3\">https:\/\/www.radiopiu.net\/wordpress\/wp-content\/uploads\/2024\/10\/alessandra.mp3<\/a><\/audio>\n<p>&nbsp;<\/p>\n<hr \/>\n<blockquote>\n<h3><\/h3>\n<p>&nbsp;<\/p>\n<h3>CICLABILE DI AGORDO, SEMPRE SBARRATA SUL MISSIAGA, ADESSO I RISARCIMENTI&#8230;<\/h3>\n<\/blockquote>\n<p><strong><img decoding=\"async\" class=\"alignleft\" src=\"https:\/\/www.radiopiu.net\/wordpress\/wp-content\/uploads\/2020\/05\/CICLABILE-AGORDO.jpg\" \/>AGORDO<\/strong> Su richiesta del consigliere di minoranza Paolo Selva Moretti, il consiglio comunale di Agordo \u00e8 tornato sulla pista ciclabile di Agordo dopo che il consiglio di Stato ha dato ragione dall&#8217;Unione Montana. Ma la ciclabile \u00e8 sempre sbarrata sul ponte della Missiaga, ora andr\u00e0 valutato il disagio creato al privato e tutto va di nuovo ripreso in mano<\/p>\n<p>&nbsp;<\/p>\n<p>&nbsp;<\/p>\n<p><strong>IL DIBATTITO CONSIGLIARE<\/strong><\/p>\n<audio class=\"wp-audio-shortcode\" id=\"audio-414673-13\" preload=\"none\" style=\"width: 100%;\" controls=\"controls\"><source type=\"audio\/mpeg\" src=\"https:\/\/www.radiopiu.net\/wordpress\/wp-content\/uploads\/2024\/10\/CICLABILE.mp3?_=13\" \/><a href=\"https:\/\/www.radiopiu.net\/wordpress\/wp-content\/uploads\/2024\/10\/CICLABILE.mp3\">https:\/\/www.radiopiu.net\/wordpress\/wp-content\/uploads\/2024\/10\/CICLABILE.mp3<\/a><\/audio>\n<p>&nbsp;<\/p>\n<p>&nbsp;<\/p>\n<blockquote>\n<h2>SICUREZZA PUBBLICA, IL CITTADINO DI AGORDO HA PAURA, DIBATTITO IN CONSIGLIO COMUNALE<\/h2>\n<\/blockquote>\n<p><strong><img loading=\"lazy\" decoding=\"async\" class=\"alignleft\" src=\"https:\/\/www.radiopiu.net\/wordpress\/wp-content\/uploads\/2024\/10\/th-12.jpg\" width=\"174\" height=\"116\" \/>AGORDO<\/strong> Dopo lo spiacevole episodio al Pronto Soccorso di Agordo, la minoranza con il capogruppo Paolo Selva Moretti, Yari Masoch, Emiliano Costa e Giancarlo Deola, hanno chiesto di poter affrontare l&#8217;argomento in consiglio comunale. La maggioranza consultato il regolamento e il Segretario ha aggiunto il punto all&#8217;ordine del giorno discutendone in chiusura di seduta<\/p>\n<p><strong>audio<\/strong><\/p>\n<audio class=\"wp-audio-shortcode\" id=\"audio-414673-14\" preload=\"none\" style=\"width: 100%;\" controls=\"controls\"><source type=\"audio\/mpeg\" src=\"https:\/\/www.radiopiu.net\/wordpress\/wp-content\/uploads\/2024\/10\/DIBATTITO-SICUREZZA.mp3?_=14\" \/><a href=\"https:\/\/www.radiopiu.net\/wordpress\/wp-content\/uploads\/2024\/10\/DIBATTITO-SICUREZZA.mp3\">https:\/\/www.radiopiu.net\/wordpress\/wp-content\/uploads\/2024\/10\/DIBATTITO-SICUREZZA.mp3<\/a><\/audio>\n<p>&nbsp;<\/p>\n<p>&nbsp;<\/p>\n<blockquote>\n<h3>PIAZZA DI AGORDO. CHISSALE&#8217; &#8220;ABBANDONIAMO TUTTO AL DEGRADO? CONSIGLIERE COSTA E&#8217; FUORI POSTO&#8221;<\/h3>\n<\/blockquote>\n<blockquote>\n<h2><strong><img decoding=\"async\" class=\"alignleft\" src=\"https:\/\/www.radiopiu.net\/wordpress\/wp-content\/uploads\/2024\/10\/th-13.jpg\" \/>AGORDO<\/strong> Cubetti di porfido non pi\u00f9 posizionati, sono il risultato degli interventi del passato, dalla posa della fibra ottica alle altre reti sottorranee. Alle critiche della minoranza risponde il sindaco Roberto Chissal\u00e8. &#8220;Stiamo facendo &#8211; ha detto il sindaco &#8211; anche con conoscenza private, ma non \u00e8 facile.<\/h2>\n<p>LE DOMANDE DEL CONSIGLIERE GIANCARLO DEOLA, LA RISPOSTA DEL SINDACO ROBERTO CHISSALE&#8217;<\/p><\/blockquote>\n<audio class=\"wp-audio-shortcode\" id=\"audio-414673-15\" preload=\"none\" style=\"width: 100%;\" controls=\"controls\"><source type=\"audio\/mpeg\" src=\"https:\/\/www.radiopiu.net\/wordpress\/wp-content\/uploads\/2024\/10\/DEOLA.mp3?_=15\" \/><a href=\"https:\/\/www.radiopiu.net\/wordpress\/wp-content\/uploads\/2024\/10\/DEOLA.mp3\">https:\/\/www.radiopiu.net\/wordpress\/wp-content\/uploads\/2024\/10\/DEOLA.mp3<\/a><\/audio>\n<p>&nbsp;<\/p>\n<p>&nbsp;<\/p>\n<p><strong>LA DIRETTA RADIO PIU&#8217;<\/strong><\/p>\n<p><iframe loading=\"lazy\" title=\"Consiglio Comunale di Agordo - 16 ottobre 2024\" width=\"1200\" height=\"900\" src=\"https:\/\/www.youtube.com\/embed\/Y2ZSRujCJQs?feature=oembed\" frameborder=\"0\" allow=\"accelerometer; autoplay; clipboard-write; encrypted-media; gyroscope; picture-in-picture; web-share\" referrerpolicy=\"strict-origin-when-cross-origin\" allowfullscreen><\/iframe><\/p>\n<p>&nbsp;<\/p>\n<hr \/>\n<p>&nbsp;<\/p>\n<blockquote>\n<h1><span style=\"color: #ff0000;\">CONSIGLI COMUNALI IN AGORDINO<\/span><\/h1>\n<\/blockquote>\n<p><strong><a class=\"dt-pswp-item\" href=\"https:\/\/www.radiopiu.net\/wordpress\/wp-content\/uploads\/2022\/12\/MUNICIPIO-FALCADE.png\" data-dt-img-description=\"\" data-large_image_width=\"941\" data-large_image_height=\"655\"><img loading=\"lazy\" decoding=\"async\" class=\"size-medium wp-image-314065 alignleft\" src=\"https:\/\/www.radiopiu.net\/wordpress\/wp-content\/uploads\/2022\/12\/MUNICIPIO-FALCADE-300x209.png\" alt=\"\" width=\"300\" height=\"209\" srcset=\"https:\/\/www.radiopiu.net\/wordpress\/wp-content\/uploads\/2022\/12\/MUNICIPIO-FALCADE-300x209.png 300w, https:\/\/www.radiopiu.net\/wordpress\/wp-content\/uploads\/2022\/12\/MUNICIPIO-FALCADE-768x535.png 768w, https:\/\/www.radiopiu.net\/wordpress\/wp-content\/uploads\/2022\/12\/MUNICIPIO-FALCADE.png 941w\" sizes=\"auto, (max-width: 300px) 100vw, 300px\" \/><\/a><\/strong><\/p>\n<p><strong>FALCADE<\/strong> Consiglio comunale domani alle 20. Sei punti da trattare tra cui la fusione di Bim Infrastrutture e Bim Gestione servizi Pubblici , una variazione a bilancio, la convenzione per la gestione associata del segretario comunale e il mutamento temporaneo di una porzione di terreni in loclit\u00e0 Laresei e Le Buse per l&#8217;ampliamento della pista da sci<\/p>\n<p><strong>TAIBON<\/strong> Consiglio comunale oggi alle 18:30. Tra i punti in discussione la fusione di Bim Infrastrutture e Bim Gestione servizi Pubblici, una variazione a bilancio e l&#8217;individuazione di una zona di degrado per il recupero del patrimonio edilizio in centro a Taibon.<\/p>\n<p><strong>CENCENIGHE<\/strong> Consiglio comunale oggi alle 20:30. Tre punti in discussione tra cui un prelievo dal fondo di riserva e l&#8217;operazione di fusione Bim Gestioni Servizi Pubblici e Bim Infrastrutture<\/p>\n<p><strong>COLLE SANTA LUCIA<\/strong> Consiglio comunale domani alle 17:30. Tra i punti in discussione una variazione a bilancio, la convenzione per la gestione associata del segretario comunale e l&#8217;approvazione del programma di lavori pubblici<\/p>\n<p><strong>SELVA DI CADORE<\/strong> consiglio comunale domani alle 20. Tre punti in discussione tra cui una variazione a bilancio e la fusione di Bim Infrastrutture e Bim Gestione servizi Pubblici<\/p>\n<p><strong>RIVAMONTE<\/strong> Consiglio comunale domani alle 18.30, all&#8217;ordine del giorno l&#8217;operazione di fusione Bim Gestioni Servizi Pubblici e Bim Infrastrutture<\/p>\n<p><strong>LIVINALLONGO<\/strong> Consiglio comunale domani alle 20:30. Tra i sette punti in discussione l&#8217;approvazione del DUP, l&#8217;approvazione del bilancio di Fodom Servizi e la previsione per il 2024, la fusione di Bim Infrastrutture e Bim Gestione servizi Pubblici e una variazione a bilancio<\/p>\n<p><strong>ROCCA PIETORE<\/strong> Consiglio comunale domenica alle 9. Quattro punti da trattare tra cui l&#8217;approvazione del DUP, l&#8217;operazione di fusione Bim Gestioni Servizi Pubblici e Bim Infrastrutture e la nomina del revisore dei conti. Inoltre 6 interrogazioni della minoranza relative alla realizzazione della ciclabile di Masar\u00e8, gli introiti di parcheggi dei serrai di Sottoguda, la sistemazione delle piazzette di Pezz\u00e8 e Ronch, la collaborazione con il comune di Alleghe per i fondi necessari al drenaggio del lago e la richiesta di intitolare ad Angelo Bassot il parco giochi di Saviner<\/p>\n<p>&nbsp;<\/p>\n<hr \/>\n<p>&nbsp;<\/p>\n<blockquote>\n<h3>Premiate la scuola Carmela Ronchi e l&#8217;azienda Primavera alla Camera di Commercio di Treviso<\/h3>\n<\/blockquote>\n<p><strong><img loading=\"lazy\" decoding=\"async\" class=\"alignleft\" src=\"https:\/\/www.radiopiu.net\/wordpress\/wp-content\/uploads\/2019\/05\/vallada-agordina.jpg\" width=\"285\" height=\"190\" \/>VALLADA\u00a0<\/strong> La scuola elementare Carmela Ronchi di Vallada e l&#8217;azienda Primavera di Martina Tomas a Tambre sono state premiate alla Camera di Commercio di Treviso nell&#8217;ambito del Premio Innovazione Sociale e del concorso di idee per la responsabilit\u00e0 sociale d\u2019impresa. La scuola ha vinto 2.000 euro con il progetto &#8220;Buon Compleanno Csr!&#8221;, mentre l&#8217;allevamento di capre da cashmere di Tambre ha ottenuto 5.000 euro per il progetto &#8220;Farm Manufacture \u2013 Alpago Cashmere&#8221;, sviluppando capi di abbigliamento in cashmere lavorati a mano. Il presidente Mario Pozza ha sottolineato l\u2019importanza della responsabilit\u00e0 sociale come elemento chiave per lo sviluppo economico e territoriale.<\/p>\n<p>&nbsp;<\/p>\n<p>&nbsp;<\/p>\n<hr \/>\n<p>&nbsp;<\/p>\n<blockquote><p><strong><a class=\"dt-pswp-item\" href=\"https:\/\/www.radiopiu.net\/wordpress\/wp-content\/uploads\/2018\/03\/220px-Municipio_Santa_Giustina.jpg\" data-dt-img-description=\"\" data-large_image_width=\"220\" data-large_image_height=\"165\"><img loading=\"lazy\" decoding=\"async\" class=\"wp-image-44829 alignleft\" src=\"https:\/\/www.radiopiu.net\/wordpress\/wp-content\/uploads\/2018\/03\/220px-Municipio_Santa_Giustina.jpg\" alt=\"\" width=\"119\" height=\"89\" \/><\/a>Al via il percorso per il Piano di assetto del territorio a S. Giustina<\/strong><\/p><\/blockquote>\n<p><strong>SANTA GIUSTINA<\/strong> \u00c8 iniziato il percorso per redigere il Piano di assetto del territorio a S. Giustina, con un primo incontro a Cal de Formiga. Il sindaco Ivan Minella ha sottolineato l&#8217;importanza di coinvolgere i cittadini per progettare insieme il futuro del territorio attraverso incontri pubblici e passeggiate.<\/p>\n<p>&nbsp;<\/p>\n<p>&nbsp;<\/p>\n<hr \/>\n<p>&nbsp;<\/p>\n<blockquote>\n<h3>&#8220;TRACCE DI FOLIAGE&#8221; A BELLUNO, UN SUCCESSO<\/h3>\n<\/blockquote>\n<p><strong><a class=\"dt-pswp-item\" href=\"https:\/\/www.radiopiu.net\/wordpress\/wp-content\/uploads\/2024\/10\/43760122-af88-4a12-91f5-29dbf3bd5d6d-scaled.jpg\" data-dt-img-description=\"\" data-large_image_width=\"2560\" data-large_image_height=\"1920\"><img loading=\"lazy\" decoding=\"async\" class=\" wp-image-414809 alignleft\" src=\"https:\/\/www.radiopiu.net\/wordpress\/wp-content\/uploads\/2024\/10\/43760122-af88-4a12-91f5-29dbf3bd5d6d-300x225.jpg\" alt=\"\" width=\"160\" height=\"120\" srcset=\"https:\/\/www.radiopiu.net\/wordpress\/wp-content\/uploads\/2024\/10\/43760122-af88-4a12-91f5-29dbf3bd5d6d-300x225.jpg 300w, https:\/\/www.radiopiu.net\/wordpress\/wp-content\/uploads\/2024\/10\/43760122-af88-4a12-91f5-29dbf3bd5d6d-1024x768.jpg 1024w, https:\/\/www.radiopiu.net\/wordpress\/wp-content\/uploads\/2024\/10\/43760122-af88-4a12-91f5-29dbf3bd5d6d-768x576.jpg 768w, https:\/\/www.radiopiu.net\/wordpress\/wp-content\/uploads\/2024\/10\/43760122-af88-4a12-91f5-29dbf3bd5d6d-1536x1152.jpg 1536w, https:\/\/www.radiopiu.net\/wordpress\/wp-content\/uploads\/2024\/10\/43760122-af88-4a12-91f5-29dbf3bd5d6d-2048x1536.jpg 2048w\" sizes=\"auto, (max-width: 160px) 100vw, 160px\" \/><\/a>BELLUNO<\/strong> Tutto esaurito negli eventi del primo weekend della manifestazione Tracce di Foliage a Belluno. L&#8217;iniziativa, alla sua seconda edizione, si concluder\u00e0 il 25 ottobre e gi\u00e0 si segna il record di prenotazioni.<\/p>\n<p><strong>DI DANIELE DALVIT<\/strong><\/p>\n<audio class=\"wp-audio-shortcode\" id=\"audio-414673-16\" preload=\"none\" style=\"width: 100%;\" controls=\"controls\"><source type=\"audio\/mpeg\" src=\"https:\/\/www.radiopiu.net\/wordpress\/wp-content\/uploads\/2024\/10\/Servizio-Bilancio-foliage-Belluno.mp3?_=16\" \/><a href=\"https:\/\/www.radiopiu.net\/wordpress\/wp-content\/uploads\/2024\/10\/Servizio-Bilancio-foliage-Belluno.mp3\">https:\/\/www.radiopiu.net\/wordpress\/wp-content\/uploads\/2024\/10\/Servizio-Bilancio-foliage-Belluno.mp3<\/a><\/audio>\n<p>&nbsp;<\/p>\n<hr \/>\n<p>&nbsp;<\/p>\n<blockquote>\n<h3>DILLO A RADIO PIU&#8217;&#8230; LA WEBCAM CHE NON C&#8217;E&#8217;<\/h3>\n<\/blockquote>\n<div class=\"flex-shrink-0 flex flex-col relative items-end\">\n<div>\n<div class=\"pt-0\">\n<div class=\"gizmo-bot-avatar flex h-8 w-8 items-center justify-center overflow-hidden rounded-full\">\n<div class=\"relative p-1 rounded-sm flex items-center justify-center bg-token-main-surface-primary text-token-text-primary h-8 w-8\"><\/div>\n<\/div>\n<\/div>\n<\/div>\n<\/div>\n<div class=\"group\/conversation-turn relative flex w-full min-w-0 flex-col agent-turn\">\n<div class=\"flex-col gap-1 md:gap-3\">\n<div class=\"flex max-w-full flex-col flex-grow\">\n<div class=\"min-h-8 text-message flex w-full flex-col items-end gap-2 whitespace-normal break-words [.text-message+&amp;]:mt-5\" dir=\"auto\" data-message-author-role=\"assistant\" data-message-id=\"e0f1a3ff-868c-4c18-a033-673efddef780\" data-message-model-slug=\"gpt-4o\">\n<div class=\"flex w-full flex-col gap-1 empty:hidden first:pt-[3px]\">\n<div class=\"markdown prose w-full break-words dark:prose-invert dark\">\n<div class=\"flex-shrink-0 flex flex-col relative items-end\">\n<div>\n<div class=\"pt-0\">\n<div class=\"gizmo-bot-avatar flex h-8 w-8 items-center justify-center overflow-hidden rounded-full\">\n<div class=\"relative p-1 rounded-sm flex items-center justify-center bg-token-main-surface-primary text-token-text-primary h-8 w-8\"><img loading=\"lazy\" decoding=\"async\" class=\"alignleft\" src=\"https:\/\/www.radiopiu.net\/wordpress\/wp-content\/uploads\/2024\/08\/BROI-AGORDO.jpg\" width=\"116\" height=\"87\" \/><\/div>\n<\/div>\n<\/div>\n<\/div>\n<\/div>\n<div class=\"group\/conversation-turn relative flex w-full min-w-0 flex-col agent-turn\">\n<div class=\"flex-col gap-1 md:gap-3\">\n<div class=\"flex max-w-full flex-col flex-grow\">\n<div class=\"min-h-8 text-message flex w-full flex-col items-end gap-2 whitespace-normal break-words [.text-message+&amp;]:mt-5\" dir=\"auto\" data-message-author-role=\"assistant\" data-message-id=\"e0f1a3ff-868c-4c18-a033-673efddef780\" data-message-model-slug=\"gpt-4o\">\n<div class=\"flex w-full flex-col gap-1 empty:hidden first:pt-[3px]\">\n<div class=\"markdown prose w-full break-words dark:prose-invert dark\">\n<p><strong>REDAZIONE<\/strong> Giancarlo Gregnol, affezionato frequentatore della zona di Agordo da circa 50 anni, esprime il suo disappunto in una lettera aperta. <em>\u201cLa webcam del Broi non funziona bene da tempo \u2013 segnala Gregnol \u2013 e, vivendo in Piemonte, mi piacerebbe avere visualizzazioni giornaliere, sarebbe anche un punto in pi\u00f9 per lAgordo del turismo \u201d. <\/em>Un invito a migliorare, dunque, affinch\u00e9 Agordo possa offrire un&#8217;accoglienza all&#8217;altezza delle aspettative dei visitatori. <em>&#8220;A proposito di accoglienza, con lo spritz non sarebbe male qualche stuzzichino in pi\u00f9&#8221;<\/em><\/p>\n<\/div>\n<\/div>\n<\/div>\n<\/div>\n<\/div>\n<\/div>\n<\/div>\n<\/div>\n<\/div>\n<\/div>\n<\/div>\n<\/div>\n<p>&nbsp;<\/p>\n<hr \/>\n<p>&nbsp;<\/p>\n<blockquote>\n<h3>A LIVINALLONGO PARTE IL PROGETTO &#8220;ANCORA NATURA PER IL COL DI LANA&#8221;<\/h3>\n<\/blockquote>\n<p><strong>LIVINALLONGO<\/strong> Il progetto &#8220;Ancora Natura per il Col di Lana&#8221; mira a rigenerare le foreste venete danneggiate dalla tempesta Vaia del 2018 e dall&#8217;infestazione del bostrico, un coleottero che ha aggravato la distruzione del manto forestale. Il progetto, promosso da PEFC Italia, Rete Clima e Coldiretti Belluno, \u00e8 finanziato con l\u20198&#215;1000 dell\u2019Istituto Buddista Italiano Soka Gakkai e prevede la piantumazione di oltre 5.000 alberi. Le tecniche innovative utilizzate, come le &#8220;culle&#8221; per proteggere le nuove piante senza l&#8217;uso di recinzioni, puntano a rendere la riforestazione sostenibile ed eco-compatibile. Il Col di Lana, gi\u00e0 ricostruito dopo la Prima Guerra Mondiale, ha subito gravi danni a causa della tempesta e delle temperature elevate che hanno favorito la proliferazione del bostrico. Il progetto non solo mira a ripristinare l&#8217;equilibrio ambientale ed ecologico dell&#8217;area, ma anche a sensibilizzare le comunit\u00e0 locali, coinvolgendo istituzioni, scuole e imprese. Inoltre, il percorso di riforestazione include la creazione di cartellonistica informativa, panchine e bacheche lungo un sentiero di 4 km, per valorizzare il territorio e promuovere la consapevolezza ambientale. In conclusione, &#8220;Ancora Natura per il Col di Lana&#8221; si propone come modello replicabile per altre aree, combinando riforestazione, gestione sostenibile delle risorse e lotta ai cambiamenti climatici.<\/p>\n<p><a class=\"dt-pswp-item\" href=\"https:\/\/www.radiopiu.net\/wordpress\/wp-content\/uploads\/2024\/10\/PEFC_RETE-CLIMA-Ancora-Natura-5.jpg\" data-dt-img-description=\"\" data-large_image_width=\"1500\" data-large_image_height=\"1001\"><img loading=\"lazy\" decoding=\"async\" class=\"alignnone wp-image-414843\" src=\"https:\/\/www.radiopiu.net\/wordpress\/wp-content\/uploads\/2024\/10\/PEFC_RETE-CLIMA-Ancora-Natura-5-300x200.jpg\" alt=\"\" width=\"258\" height=\"172\" srcset=\"https:\/\/www.radiopiu.net\/wordpress\/wp-content\/uploads\/2024\/10\/PEFC_RETE-CLIMA-Ancora-Natura-5-300x200.jpg 300w, https:\/\/www.radiopiu.net\/wordpress\/wp-content\/uploads\/2024\/10\/PEFC_RETE-CLIMA-Ancora-Natura-5-1024x683.jpg 1024w, https:\/\/www.radiopiu.net\/wordpress\/wp-content\/uploads\/2024\/10\/PEFC_RETE-CLIMA-Ancora-Natura-5-768x513.jpg 768w, https:\/\/www.radiopiu.net\/wordpress\/wp-content\/uploads\/2024\/10\/PEFC_RETE-CLIMA-Ancora-Natura-5.jpg 1500w\" sizes=\"auto, (max-width: 258px) 100vw, 258px\" \/><\/a><a class=\"dt-pswp-item\" href=\"https:\/\/www.radiopiu.net\/wordpress\/wp-content\/uploads\/2024\/10\/PEFC_RETE-CLIMA-Ancora-Natura-1.jpeg\" data-dt-img-description=\"\" data-large_image_width=\"1500\" data-large_image_height=\"840\"><img loading=\"lazy\" decoding=\"async\" class=\"alignnone size-medium wp-image-414844\" src=\"https:\/\/www.radiopiu.net\/wordpress\/wp-content\/uploads\/2024\/10\/PEFC_RETE-CLIMA-Ancora-Natura-1-300x168.jpeg\" alt=\"\" width=\"300\" height=\"168\" srcset=\"https:\/\/www.radiopiu.net\/wordpress\/wp-content\/uploads\/2024\/10\/PEFC_RETE-CLIMA-Ancora-Natura-1-300x168.jpeg 300w, https:\/\/www.radiopiu.net\/wordpress\/wp-content\/uploads\/2024\/10\/PEFC_RETE-CLIMA-Ancora-Natura-1-1024x573.jpeg 1024w, https:\/\/www.radiopiu.net\/wordpress\/wp-content\/uploads\/2024\/10\/PEFC_RETE-CLIMA-Ancora-Natura-1-768x430.jpeg 768w, https:\/\/www.radiopiu.net\/wordpress\/wp-content\/uploads\/2024\/10\/PEFC_RETE-CLIMA-Ancora-Natura-1.jpeg 1500w\" sizes=\"auto, (max-width: 300px) 100vw, 300px\" \/><\/a><a class=\"dt-pswp-item\" href=\"https:\/\/www.radiopiu.net\/wordpress\/wp-content\/uploads\/2024\/10\/PEFC_RETE-CLIMA-Ancora-Natura-7.jpg\" data-dt-img-description=\"\" data-large_image_width=\"1500\" data-large_image_height=\"1001\"><img loading=\"lazy\" decoding=\"async\" class=\"alignnone wp-image-414845\" src=\"https:\/\/www.radiopiu.net\/wordpress\/wp-content\/uploads\/2024\/10\/PEFC_RETE-CLIMA-Ancora-Natura-7-300x200.jpg\" alt=\"\" width=\"251\" height=\"167\" srcset=\"https:\/\/www.radiopiu.net\/wordpress\/wp-content\/uploads\/2024\/10\/PEFC_RETE-CLIMA-Ancora-Natura-7-300x200.jpg 300w, https:\/\/www.radiopiu.net\/wordpress\/wp-content\/uploads\/2024\/10\/PEFC_RETE-CLIMA-Ancora-Natura-7-1024x683.jpg 1024w, https:\/\/www.radiopiu.net\/wordpress\/wp-content\/uploads\/2024\/10\/PEFC_RETE-CLIMA-Ancora-Natura-7-768x513.jpg 768w, https:\/\/www.radiopiu.net\/wordpress\/wp-content\/uploads\/2024\/10\/PEFC_RETE-CLIMA-Ancora-Natura-7.jpg 1500w\" sizes=\"auto, (max-width: 251px) 100vw, 251px\" \/><\/a><\/p>\n<p>&nbsp;<\/p>\n<hr \/>\n<p>&nbsp;<\/p>\n<blockquote>\n<h3>CON IL CAI DI AGORDO A CIMA NASSERE<\/h3>\n<\/blockquote>\n<p><strong>AGORDO<\/strong> La sezione agordina del Club Alpino Italiano organizza un&#8217;escursione di media difficolt\u00e0 tra le malghe della Val Campelle, caratterizzata da un percorso di 7 ore e un dislivello di 1150 metri. L&#8217;escursione si svolger\u00e0 in un paesaggio autunnale suggestivo, domenica con partenza alle\u00a0 7 dal Piazzale Marconi di Agordo. La partecipazione \u00e8 riservata ai tesserati CAI con tessera rinnovata. Il pranzo sar\u00e0 al sacco, e il percorso potr\u00e0 essere modificato in base alle condizioni meteo. Info: 380 6983040<\/p>\n<p>&nbsp;<\/p>\n<p>&nbsp;<\/p>\n<p>&nbsp;<\/p>\n<hr \/>\n<p>&nbsp;<\/p>\n<blockquote>\n<h3>RINVIATA PER MALTEMPO L&#8217;INAUGURAZIONE DELLA MYCANDY ARENA A LENTIAI<\/h3>\n<\/blockquote>\n<p><strong><a class=\"dt-pswp-item\" href=\"https:\/\/www.radiopiu.net\/wordpress\/wp-content\/uploads\/2024\/10\/KJGSDA.jpg\" data-dt-img-description=\"\" data-large_image_width=\"1490\" data-large_image_height=\"1005\"><img loading=\"lazy\" decoding=\"async\" class=\" wp-image-414832 alignleft\" src=\"https:\/\/www.radiopiu.net\/wordpress\/wp-content\/uploads\/2024\/10\/KJGSDA-300x202.jpg\" alt=\"\" width=\"169\" height=\"114\" srcset=\"https:\/\/www.radiopiu.net\/wordpress\/wp-content\/uploads\/2024\/10\/KJGSDA-300x202.jpg 300w, https:\/\/www.radiopiu.net\/wordpress\/wp-content\/uploads\/2024\/10\/KJGSDA-1024x691.jpg 1024w, https:\/\/www.radiopiu.net\/wordpress\/wp-content\/uploads\/2024\/10\/KJGSDA-768x518.jpg 768w, https:\/\/www.radiopiu.net\/wordpress\/wp-content\/uploads\/2024\/10\/KJGSDA.jpg 1490w\" sizes=\"auto, (max-width: 169px) 100vw, 169px\" \/><\/a>BORGO VALBELLUNA<\/strong> L&#8217;inaugurazione della pista per automodelli radiocomandati alla Mycandy Arena, prevista per il 20 ottobre, \u00e8 stata rinviata al 27 ottobre 2024 a causa del maltempo. L&#8217;evento si terr\u00e0 presso l&#8217;area sportiva di Lentiai, Borgo Valbelluna, e vedr\u00e0 la partecipazione di appassionati, enti locali e piloti internazionali. Dopo 4 anni di attesa e lavori iniziati nel 2022, la pista di oltre 300 metri sar\u00e0 finalmente aperta al pubblico. Il progetto, ideato da Andrea Grigoletto e Michele Dalla Piazza, mira a creare uno spazio per i giovani e a valorizzare la comunit\u00e0, con futuri sviluppi come la &#8220;Mycandy Accademy&#8221;.<\/p>\n<p>&nbsp;<\/p>\n<p>&nbsp;<\/p>\n<hr \/>\n<p>&nbsp;<\/p>\n<blockquote>\n<h3><a class=\"dt-pswp-item\" href=\"https:\/\/www.radiopiu.net\/wordpress\/wp-content\/uploads\/2024\/10\/giornata-menopausa_2024-3-4.jpg\" data-dt-img-description=\"\" data-large_image_width=\"1240\" data-large_image_height=\"1754\"><img loading=\"lazy\" decoding=\"async\" class=\" wp-image-414074 alignleft\" src=\"https:\/\/www.radiopiu.net\/wordpress\/wp-content\/uploads\/2024\/10\/giornata-menopausa_2024-3-4-212x300.jpg\" alt=\"\" width=\"110\" height=\"156\" srcset=\"https:\/\/www.radiopiu.net\/wordpress\/wp-content\/uploads\/2024\/10\/giornata-menopausa_2024-3-4-212x300.jpg 212w, https:\/\/www.radiopiu.net\/wordpress\/wp-content\/uploads\/2024\/10\/giornata-menopausa_2024-3-4-724x1024.jpg 724w, https:\/\/www.radiopiu.net\/wordpress\/wp-content\/uploads\/2024\/10\/giornata-menopausa_2024-3-4-768x1086.jpg 768w, https:\/\/www.radiopiu.net\/wordpress\/wp-content\/uploads\/2024\/10\/giornata-menopausa_2024-3-4-1086x1536.jpg 1086w, https:\/\/www.radiopiu.net\/wordpress\/wp-content\/uploads\/2024\/10\/giornata-menopausa_2024-3-4.jpg 1240w\" sizes=\"auto, (max-width: 110px) 100vw, 110px\" \/><\/a>VENERDI&#8217; LA GIORNATA MONDIALE DELLA MENOPAUSA<\/h3>\n<\/blockquote>\n<p><strong>BELLUNO<\/strong> In occasione della Giornata mondiale della menopausa, l&#8217;Ulss Dolomiti e l&#8217;Unit\u00e0 Operativa di Ostetricia e Ginecologia di Belluno organizzano un incontro online il 18 ottobre 2024. L&#8217;evento, intitolato &#8220;Menopausa&#8230;non \u00e8 solo questione di ormoni!&#8221;, si terr\u00e0 dalle 17.30 alle 19.00 e affronter\u00e0 temi legati alla menopausa precoce e ai segnali d&#8217;allarme per le donne in menopausa. Tra gli interventi previsti: &#8220;Come si cambia&#8221; di Laura Renon, Chirurgo Senologo, e &#8220;Menopausa: un cambiamento naturale&#8221; di Mara Scarton, Ginecologa. Per partecipare, ci si potr\u00e0 collegare tramite un link a Google Meet.<\/p>\n<p>&nbsp;<\/p>\n<p>&nbsp;<\/p>\n<hr \/>\n<p>&nbsp;<\/p>\n<blockquote>\n<h3><a class=\"dt-pswp-item\" href=\"https:\/\/www.radiopiu.net\/wordpress\/wp-content\/uploads\/2024\/10\/COME-SI-SALVA-UNA-VITA_10.10.24.jpg\" data-dt-img-description=\"\" data-large_image_width=\"1240\" data-large_image_height=\"1754\"><img loading=\"lazy\" decoding=\"async\" class=\" wp-image-414076 alignleft\" src=\"https:\/\/www.radiopiu.net\/wordpress\/wp-content\/uploads\/2024\/10\/COME-SI-SALVA-UNA-VITA_10.10.24-212x300.jpg\" alt=\"\" width=\"124\" height=\"175\" srcset=\"https:\/\/www.radiopiu.net\/wordpress\/wp-content\/uploads\/2024\/10\/COME-SI-SALVA-UNA-VITA_10.10.24-212x300.jpg 212w, https:\/\/www.radiopiu.net\/wordpress\/wp-content\/uploads\/2024\/10\/COME-SI-SALVA-UNA-VITA_10.10.24-724x1024.jpg 724w, https:\/\/www.radiopiu.net\/wordpress\/wp-content\/uploads\/2024\/10\/COME-SI-SALVA-UNA-VITA_10.10.24-768x1086.jpg 768w, https:\/\/www.radiopiu.net\/wordpress\/wp-content\/uploads\/2024\/10\/COME-SI-SALVA-UNA-VITA_10.10.24-1086x1536.jpg 1086w, https:\/\/www.radiopiu.net\/wordpress\/wp-content\/uploads\/2024\/10\/COME-SI-SALVA-UNA-VITA_10.10.24.jpg 1240w\" sizes=\"auto, (max-width: 124px) 100vw, 124px\" \/><\/a>COME SI SALVA UNA VITA? SABATO NELLE PIAZZE BELLUNESI<\/h3>\n<\/blockquote>\n<p><strong>BELLUNO<\/strong> L&#8217;Ulss Dolomiti, insieme al SUEM 118, partecipa alla Settimana per la Rianimazione Cardiopolmonare &#8220;Viva!&#8221;, una campagna promossa dall&#8217;Italian Resuscitation Council per sensibilizzare sull&#8217;importanza delle manovre di RCP. Il 19 ottobre 2024, nelle piazze di Agordo, Belluno, Feltre e Pieve di Cadore, si terr\u00e0 l&#8217;evento &#8220;Come si salva una vita?&#8221; dove gli operatori del SUEM insegneranno al pubblico a riconoscere un arresto cardiaco e ad eseguire correttamente il massaggio cardiaco. L&#8217;arresto cardiaco improvviso \u00e8 la terza causa di morte in Europa e un intervento tempestivo pu\u00f2 triplicare le probabilit\u00e0 di sopravvivenza, soprattutto con l&#8217;uso di defibrillatori semiautomatici.<\/p>\n<p>&nbsp;<\/p>\n<p>&nbsp;<\/p>\n<hr \/>\n<p>&nbsp;<\/p>\n<blockquote>\n<h3>UN CONCERTO A FAVORE DI MEDICI CON L&#8217;AFRICA<\/h3>\n<\/blockquote>\n<p><strong><a class=\"dt-pswp-item\" href=\"https:\/\/www.radiopiu.net\/wordpress\/wp-content\/uploads\/2020\/09\/auser-1.jpg\" data-dt-img-description=\"\" data-large_image_width=\"1772\" data-large_image_height=\"811\"><img loading=\"lazy\" decoding=\"async\" class=\" wp-image-163020 alignleft\" src=\"https:\/\/www.radiopiu.net\/wordpress\/wp-content\/uploads\/2020\/09\/auser-1-300x137.jpg\" alt=\"\" width=\"158\" height=\"72\" srcset=\"https:\/\/www.radiopiu.net\/wordpress\/wp-content\/uploads\/2020\/09\/auser-1-300x137.jpg 300w, https:\/\/www.radiopiu.net\/wordpress\/wp-content\/uploads\/2020\/09\/auser-1-1024x469.jpg 1024w, https:\/\/www.radiopiu.net\/wordpress\/wp-content\/uploads\/2020\/09\/auser-1-768x351.jpg 768w, https:\/\/www.radiopiu.net\/wordpress\/wp-content\/uploads\/2020\/09\/auser-1-1536x703.jpg 1536w, https:\/\/www.radiopiu.net\/wordpress\/wp-content\/uploads\/2020\/09\/auser-1-640x293.jpg 640w, https:\/\/www.radiopiu.net\/wordpress\/wp-content\/uploads\/2020\/09\/auser-1.jpg 1772w\" sizes=\"auto, (max-width: 158px) 100vw, 158px\" \/><\/a>BELLUNO<\/strong> Anche quest&#8217;anno si rinnova la collaborazione tra l&#8217;Associazione Medici Cattolici di Belluno e l&#8217;Auser provinciale di Belluno con un concerto a favore di Medici con l\u2019Africa CUAMM. L&#8217;evento, in programma per domani nella chiesa di Loreto a Belluno, celebra San Luca, patrono dei medici, e vuole essere un omaggio alla dedizione dei professionisti sanitari. Il concerto, con musiche di Vivaldi, Bach, Telemann e altri, vedr\u00e0 esibirsi Fiorenzo Mori all&#8217;organo e Davide Mori all&#8217;oboe. I medici del CUAMM operano in Africa in condizioni difficili, affrontando la mancanza di cure adeguate.<\/p>\n<p>&nbsp;<\/p>\n<hr \/>\n<p>&nbsp;<\/p>\n<p>&nbsp;<\/p>\n<blockquote><p><strong>Festival della Coralit\u00e0 Veneta: Un Weekend di Musica Corale a Belluno<\/strong><\/p><\/blockquote>\n<p><strong>BELLUNO<\/strong> Il prossimo fine settimana, Belluno e altre localit\u00e0 ospiteranno la 4\u00aa edizione del Festival della Coralit\u00e0 Veneta, organizzato dall&#8217;ASAC Veneto. Il programma, che include concerti fino al 27 ottobre, \u00e8 sostenuto da varie istituzioni locali e regionali. Il primo appuntamento sar\u00e0 venerd\u00ec 18 ottobre alle 20.45 nella chiesa di Anz\u00f9 di Feltre, con il Coro Polifonico \u201cNuovo Rinascimento\u201d di Quero di Setteville, diretto dal M\u00b0 Gilberto Meneghin; il Coro \u201cMinimo Bellunese\u201d di Belluno, diretto dal M\u00b0 Gianluca Nico lai; la \u201cSchola Cantorum Trichianensis\u201d di Trichiana, diretta dal M\u00b0 Federico Cortina. Sabato 19 ottobre alle 21, nella chiesa di S. Stefano, il Coro Polifonico &#8220;San Biagio&#8221; di Montorso Vicentino presenter\u00e0 &#8220;Il suono del sacro&#8221;. Sempre sabato, alle 20.30 a S. Giustina, il Coro Oio presenter\u00e0 il suo nuovo CD &#8220;Fioretto&#8221;. Ingresso libero per tutti gli eventi.<\/p>\n<p>&nbsp;<\/p>\n<hr \/>\n<p>&nbsp;<\/p>\n<blockquote><p><strong><a class=\"dt-pswp-item\" href=\"https:\/\/www.radiopiu.net\/wordpress\/wp-content\/uploads\/2024\/10\/20240618_204432-scaled.jpg\" data-dt-img-description=\"\" data-large_image_width=\"2560\" data-large_image_height=\"1920\"><img loading=\"lazy\" decoding=\"async\" class=\"wp-image-414774 alignleft\" src=\"https:\/\/www.radiopiu.net\/wordpress\/wp-content\/uploads\/2024\/10\/20240618_204432-300x225.jpg\" alt=\"\" width=\"207\" height=\"156\" srcset=\"https:\/\/www.radiopiu.net\/wordpress\/wp-content\/uploads\/2024\/10\/20240618_204432-300x225.jpg 300w, https:\/\/www.radiopiu.net\/wordpress\/wp-content\/uploads\/2024\/10\/20240618_204432-1024x768.jpg 1024w, https:\/\/www.radiopiu.net\/wordpress\/wp-content\/uploads\/2024\/10\/20240618_204432-768x576.jpg 768w, https:\/\/www.radiopiu.net\/wordpress\/wp-content\/uploads\/2024\/10\/20240618_204432-1536x1152.jpg 1536w, https:\/\/www.radiopiu.net\/wordpress\/wp-content\/uploads\/2024\/10\/20240618_204432-2048x1536.jpg 2048w\" sizes=\"auto, (max-width: 207px) 100vw, 207px\" \/><\/a>Fioretto: Il nuovo CD del Coro Oio celebra le tradizioni religiose<\/strong><\/p><\/blockquote>\n<div class=\"flex max-w-full flex-col flex-grow\">\n<div class=\"min-h-8 text-message flex w-full flex-col items-end gap-2 whitespace-normal break-words [.text-message+&amp;]:mt-5\" dir=\"auto\" data-message-author-role=\"assistant\" data-message-id=\"fc097429-a3c8-4f15-be68-61eb2cf834a4\" data-message-model-slug=\"gpt-4o\">\n<div class=\"flex w-full flex-col gap-1 empty:hidden first:pt-[3px]\">\n<div class=\"markdown prose w-full break-words dark:prose-invert dark\">\n<p><strong>SANTA GIUSTINA<\/strong> Nel trentennale della sua fondazione, il Coro Oio presenta &#8220;Fioretto&#8221;, un CD dedicato ai canti liturgici in onore della Vergine Maria. Il progetto, nato nel post-pandemia, intende recuperare antiche tradizioni popolari legate al canto religioso. La prima presentazione si terr\u00e0 sabato 19 ottobre ore 20.30 nella chiesa parrocchiale di Santa Giustina con la partecipazione straordinaria dell\u2019artista Vico Calabr\u00f2 che \u201cdipinger\u00e0 in diretta\u201d durante l\u2019esecuzione dei brani che il Coro Oio proporr\u00e0 durante la presentazione.<\/p>\n<\/div>\n<\/div>\n<\/div>\n<\/div>\n<p>&nbsp;<\/p>\n<hr \/>\n<p>&nbsp;<\/p>\n<p>&nbsp;<\/p>\n<div class=\"flex max-w-full flex-col flex-grow\">\n<div class=\"min-h-8 text-message flex w-full flex-col items-end gap-2 whitespace-normal break-words [.text-message+&amp;]:mt-5\" dir=\"auto\" data-message-author-role=\"assistant\" data-message-id=\"c2b1fe33-bc8b-45f1-969f-7db88566768c\" data-message-model-slug=\"gpt-4o\">\n<div class=\"flex w-full flex-col gap-1 empty:hidden first:pt-[3px]\">\n<div class=\"markdown prose w-full break-words dark:prose-invert dark\">\n<blockquote>\n<blockquote>\n<h3><a class=\"dt-pswp-item\" href=\"https:\/\/www.radiopiu.net\/wordpress\/wp-content\/uploads\/2024\/10\/Manifesto2024.jpg\" data-dt-img-description=\"\" data-large_image_width=\"1659\" data-large_image_height=\"2362\"><img loading=\"lazy\" decoding=\"async\" class=\" wp-image-414457 alignleft\" src=\"https:\/\/www.radiopiu.net\/wordpress\/wp-content\/uploads\/2024\/10\/Manifesto2024-211x300.jpg\" alt=\"\" width=\"91\" height=\"129\" srcset=\"https:\/\/www.radiopiu.net\/wordpress\/wp-content\/uploads\/2024\/10\/Manifesto2024-211x300.jpg 211w, https:\/\/www.radiopiu.net\/wordpress\/wp-content\/uploads\/2024\/10\/Manifesto2024-719x1024.jpg 719w, https:\/\/www.radiopiu.net\/wordpress\/wp-content\/uploads\/2024\/10\/Manifesto2024-768x1093.jpg 768w, https:\/\/www.radiopiu.net\/wordpress\/wp-content\/uploads\/2024\/10\/Manifesto2024-1079x1536.jpg 1079w, https:\/\/www.radiopiu.net\/wordpress\/wp-content\/uploads\/2024\/10\/Manifesto2024-1438x2048.jpg 1438w, https:\/\/www.radiopiu.net\/wordpress\/wp-content\/uploads\/2024\/10\/Manifesto2024.jpg 1659w\" sizes=\"auto, (max-width: 91px) 100vw, 91px\" \/><\/a> MESSA PER I CADUTI IN MONTAGNA<\/h3>\n<\/blockquote>\n<p><strong>AGORDO<\/strong> La Santa Messa per i caduti della montagna si svolger\u00e0 ad Agordo nella Chiesa Arcidiaconale il 27 ottobre 2024 alle 18:30, organizzata dall&#8217;Associazione Filarmonica Agordina e dal Coro Agordo. L&#8217;evento commemorer\u00e0 i caduti della montagna con il canto &#8220;Signore delle Cime&#8221; e vedr\u00e0 la partecipazione di diversi gruppi locali, tra cui il CAI Agordina, il Soccorso Alpino e i Rocciatori. La celebrazione sar\u00e0 trasmessa in diretta su Radio Pi\u00f9.<\/p><\/blockquote>\n<\/div>\n<\/div>\n<\/div>\n<\/div>\n<div class=\"mb-2 flex gap-3 empty:hidden -ml-2\">\n<div class=\"items-center justify-start rounded-xl p-1 flex\">\n<div class=\"flex items-center\">\n<div class=\"flex max-w-full flex-col flex-grow\">\n<div class=\"min-h-8 text-message flex w-full flex-col items-end gap-2 whitespace-normal break-words [.text-message+&amp;]:mt-5\" dir=\"auto\" data-message-author-role=\"assistant\" data-message-id=\"c2b1fe33-bc8b-45f1-969f-7db88566768c\" data-message-model-slug=\"gpt-4o\">\n<div class=\"flex w-full flex-col gap-1 empty:hidden first:pt-[3px]\">\n<div class=\"markdown prose w-full break-words dark:prose-invert dark\">\n<p>&nbsp;<\/p>\n<p>&nbsp;<\/p>\n<p>&nbsp;<\/p>\n<hr \/>\n<p>&nbsp;<\/p>\n<blockquote>\n<h2 style=\"text-align: left;\">&#8220;VERMIGLIO&#8221;, UN FILM DA NON PERDERE IN PROGRAMMAZIONE AL CINEMA DOLOMITI DI FALCADE<\/h2>\n<\/blockquote>\n<p><strong><a class=\"dt-pswp-item\" href=\"https:\/\/www.radiopiu.net\/wordpress\/wp-content\/uploads\/2024\/10\/locandina-1.jpg\" data-dt-img-description=\"\" data-large_image_width=\"420\" data-large_image_height=\"525\"><img loading=\"lazy\" decoding=\"async\" class=\" wp-image-414491 alignleft\" src=\"https:\/\/www.radiopiu.net\/wordpress\/wp-content\/uploads\/2024\/10\/locandina-1-240x300.jpg\" alt=\"\" width=\"138\" height=\"173\" srcset=\"https:\/\/www.radiopiu.net\/wordpress\/wp-content\/uploads\/2024\/10\/locandina-1-240x300.jpg 240w, https:\/\/www.radiopiu.net\/wordpress\/wp-content\/uploads\/2024\/10\/locandina-1.jpg 420w\" sizes=\"auto, (max-width: 138px) 100vw, 138px\" \/><\/a>REDAZIONE<\/strong> Sar\u00e0 in programmazione il 19, 20 26 e 27 ottobre al Cinema Dolomiti di Falcade il film &#8220;Vermiglio&#8221;, vincitore del Leone D&#8217;Argento all&#8217;ultima edizione della Mostra Del Cinema di Venezia.<\/p>\n<p><strong>\u00a0<\/strong><\/p>\n<p><strong>\u00a0<\/strong><strong>\u00a0<\/strong><\/p>\n<p><strong>\u00a0<\/strong><\/p>\n<p><strong>DI PAOLA LANCIATO<\/strong><\/p>\n<audio class=\"wp-audio-shortcode\" id=\"audio-414673-17\" preload=\"none\" style=\"width: 100%;\" controls=\"controls\"><source type=\"audio\/mpeg\" src=\"https:\/\/www.radiopiu.net\/wordpress\/wp-content\/uploads\/2024\/10\/PAOLA-LANCIATO-Vermiglio.mp3?_=17\" \/><a href=\"https:\/\/www.radiopiu.net\/wordpress\/wp-content\/uploads\/2024\/10\/PAOLA-LANCIATO-Vermiglio.mp3\">https:\/\/www.radiopiu.net\/wordpress\/wp-content\/uploads\/2024\/10\/PAOLA-LANCIATO-Vermiglio.mp3<\/a><\/audio>\n<p>&nbsp;<\/p>\n<p>&nbsp;<\/p>\n<hr \/>\n<p>&nbsp;<\/p>\n<\/div>\n<\/div>\n<\/div>\n<\/div>\n<\/div>\n<\/div>\n<\/div>\n<blockquote>\n<h1>TRE AUTRICI PER PUNTI DI VISTA, STORIE PER CAPIRE<\/h1>\n<\/blockquote>\n<p><strong>BELLUNO<\/strong><\/p>\n<p><strong>DI ROBERTO BONA<\/strong><\/p>\n<audio class=\"wp-audio-shortcode\" id=\"audio-414673-18\" preload=\"none\" style=\"width: 100%;\" controls=\"controls\"><source type=\"audio\/wav\" src=\"https:\/\/www.radiopiu.net\/wordpress\/wp-content\/uploads\/2024\/10\/PuntiDiVista.wav?_=18\" \/><a href=\"https:\/\/www.radiopiu.net\/wordpress\/wp-content\/uploads\/2024\/10\/PuntiDiVista.wav\">https:\/\/www.radiopiu.net\/wordpress\/wp-content\/uploads\/2024\/10\/PuntiDiVista.wav<\/a><\/audio>\n<p>&nbsp;<\/p>\n<p><img loading=\"lazy\" decoding=\"async\" class=\"aligncenter\" src=\"https:\/\/www.radiopiu.net\/wordpress\/wp-content\/uploads\/2024\/10\/035eca65-8d62-4136-974f-5c03103a427e.jpg\" width=\"269\" height=\"190\" \/><\/p>\n<p>&nbsp;<\/p>\n<p>&nbsp;<\/p>\n<p>&nbsp;<\/p>\n<p>&nbsp;<\/p>\n<hr \/>\n<p>&nbsp;<\/p>\n<div class=\"page-title-head hgroup\">\n<blockquote>\n<h1 class=\"entry-title\">L\u2019ARMADIO DELLA VERGOGNA A BOLZANO BELLUNESE sabato 19 ottobre<\/h1>\n<\/blockquote>\n<\/div>\n<div class=\"page-title-breadcrumbs\">\n<p><img loading=\"lazy\" decoding=\"async\" class=\"alignleft\" src=\"https:\/\/www.radiopiu.net\/wordpress\/wp-content\/uploads\/2024\/10\/74c3ef91-6fb8-4262-9ef6-afe32c30967a.jpg\" width=\"190\" height=\"247\" \/><\/p>\n<p><strong>BELLUNO DI ROBERTO BONA<\/strong><\/p>\n<audio class=\"wp-audio-shortcode\" id=\"audio-414673-19\" preload=\"none\" style=\"width: 100%;\" controls=\"controls\"><source type=\"audio\/wav\" src=\"https:\/\/www.radiopiu.net\/wordpress\/wp-content\/uploads\/2024\/10\/EccidiNazifascistiArmadiodellaVergogna.wav?_=19\" \/><a href=\"https:\/\/www.radiopiu.net\/wordpress\/wp-content\/uploads\/2024\/10\/EccidiNazifascistiArmadiodellaVergogna.wav\">https:\/\/www.radiopiu.net\/wordpress\/wp-content\/uploads\/2024\/10\/EccidiNazifascistiArmadiodellaVergogna.wav<\/a><\/audio>\n<p>&nbsp;<\/p>\n<hr \/>\n<p>&nbsp;<\/p>\n<p>&nbsp;<\/p>\n<blockquote><p><strong><a class=\"dt-pswp-item\" href=\"https:\/\/www.radiopiu.net\/wordpress\/wp-content\/uploads\/2023\/10\/PRO-LOCO-PIEVE-CASTIONESE.png\" data-dt-img-description=\"\" data-large_image_width=\"847\" data-large_image_height=\"847\"><img loading=\"lazy\" decoding=\"async\" class=\"wp-image-356597 alignleft\" src=\"https:\/\/www.radiopiu.net\/wordpress\/wp-content\/uploads\/2023\/10\/PRO-LOCO-PIEVE-CASTIONESE-300x300.png\" alt=\"\" width=\"80\" height=\"80\" srcset=\"https:\/\/www.radiopiu.net\/wordpress\/wp-content\/uploads\/2023\/10\/PRO-LOCO-PIEVE-CASTIONESE-300x300.png 300w, https:\/\/www.radiopiu.net\/wordpress\/wp-content\/uploads\/2023\/10\/PRO-LOCO-PIEVE-CASTIONESE-150x150.png 150w, https:\/\/www.radiopiu.net\/wordpress\/wp-content\/uploads\/2023\/10\/PRO-LOCO-PIEVE-CASTIONESE-768x768.png 768w, https:\/\/www.radiopiu.net\/wordpress\/wp-content\/uploads\/2023\/10\/PRO-LOCO-PIEVE-CASTIONESE.png 847w\" sizes=\"auto, (max-width: 80px) 100vw, 80px\" \/><\/a>El Bech\u00ecn in scena alla Magicoleria di Castion<\/strong><\/p><\/blockquote>\n<p><strong>BELLUNO<\/strong>\u00a0 Dario Marodin, in arte &#8220;El Bech\u00ecn&#8221;, porta il suo &#8220;Horror Puppets Show&#8221; al Teatro San Gaetano di Castion il 20 ottobre. Uno spettacolo esilarante, con scheletri danzanti e follia musicale, adatto a tutte le et\u00e0. Ingresso 7\u20ac, prenotazione consigliata.<\/p>\n<\/div>\n<p>&nbsp;<\/p>\n<p>&nbsp;<\/p>\n<hr \/>\n<p>&nbsp;<\/p>\n<blockquote><p><strong><a class=\"dt-pswp-item\" href=\"https:\/\/www.radiopiu.net\/wordpress\/wp-content\/uploads\/2018\/07\/TESSARI.jpg\" data-dt-img-description=\"\" data-large_image_width=\"4928\" data-large_image_height=\"3264\"><img loading=\"lazy\" decoding=\"async\" class=\"wp-image-55390 alignleft\" src=\"https:\/\/www.radiopiu.net\/wordpress\/wp-content\/uploads\/2018\/07\/TESSARI-300x199.jpg\" alt=\"\" width=\"185\" height=\"123\" srcset=\"https:\/\/www.radiopiu.net\/wordpress\/wp-content\/uploads\/2018\/07\/TESSARI-300x199.jpg 300w, https:\/\/www.radiopiu.net\/wordpress\/wp-content\/uploads\/2018\/07\/TESSARI-768x509.jpg 768w, https:\/\/www.radiopiu.net\/wordpress\/wp-content\/uploads\/2018\/07\/TESSARI-1024x678.jpg 1024w\" sizes=\"auto, (max-width: 185px) 100vw, 185px\" \/><\/a>Concerto di Silvia Tessari per l\u2019UICI di Belluno<\/strong><\/p><\/blockquote>\n<p><strong>BELLUNO<\/strong> Domani, alle ore 21.00, presso la Sala Teatro del Centro Congressi Giovanni XXIII di Belluno, si terr\u00e0 un concerto della pianista di fama internazionale Silvia Tessari, originaria di Falcade. L&#8217;evento \u00e8 organizzato dall&#8217;Unione Italiana dei Ciechi e degli Ipovedenti (UICI) di Belluno per raccogliere fondi a sostegno delle attivit\u00e0 rivolte alle persone con disabilit\u00e0 visiva. L\u2019intera cittadinanza \u00e8 invitata a partecipare. I biglietti saranno disponibili in loco a partire dalle ore 19.00 fino a esaurimento posti.<\/p>\n<p>&nbsp;<\/p>\n<hr \/>\n<p>&nbsp;<\/p>\n<p>&nbsp;<\/p>\n<blockquote><p><strong><a class=\"dt-pswp-item\" href=\"https:\/\/www.radiopiu.net\/wordpress\/wp-content\/uploads\/2024\/10\/La-Gazza-Ladra-scaled.jpg\" data-dt-img-description=\"\" data-large_image_width=\"2560\" data-large_image_height=\"1707\"><img loading=\"lazy\" decoding=\"async\" class=\" wp-image-414755 alignleft\" src=\"https:\/\/www.radiopiu.net\/wordpress\/wp-content\/uploads\/2024\/10\/La-Gazza-Ladra-300x200.jpg\" alt=\"\" width=\"263\" height=\"175\" srcset=\"https:\/\/www.radiopiu.net\/wordpress\/wp-content\/uploads\/2024\/10\/La-Gazza-Ladra-300x200.jpg 300w, https:\/\/www.radiopiu.net\/wordpress\/wp-content\/uploads\/2024\/10\/La-Gazza-Ladra-1024x683.jpg 1024w, https:\/\/www.radiopiu.net\/wordpress\/wp-content\/uploads\/2024\/10\/La-Gazza-Ladra-768x512.jpg 768w, https:\/\/www.radiopiu.net\/wordpress\/wp-content\/uploads\/2024\/10\/La-Gazza-Ladra-1536x1024.jpg 1536w, https:\/\/www.radiopiu.net\/wordpress\/wp-content\/uploads\/2024\/10\/La-Gazza-Ladra-2048x1365.jpg 2048w\" sizes=\"auto, (max-width: 263px) 100vw, 263px\" \/><\/a>Torna &#8220;Autunno a Teatro in Comelico&#8221; con la 14^ edizione<\/strong><\/p><\/blockquote>\n<p>La rassegna teatrale &#8220;Autunno a Teatro in Comelico&#8221; torna con la sua 14^ edizione, consolidando un appuntamento culturale molto atteso. Organizzata da &#8220;I Comelianti&#8221;, &#8220;Gruppo Musicale di Costalta&#8221; e &#8220;Amici del Teatro&#8221;, la rassegna si terr\u00e0 al Cinema Piave di S. Stefano di Cadore, a partire dal 20 ottobre fino al 1\u00b0 dicembre. Il programma prevede cinque spettacoli, con generi adatti a tutti, dal teatro-canzone alla commedia brillante, fino a spettacoli per famiglie.<\/p>\n<p>&nbsp;<\/p>\n<p>&nbsp;<\/p>\n<p>&nbsp;<\/p>\n<p>&nbsp;<\/p>\n<hr \/>\n<p>&nbsp;<\/p>\n<p>&nbsp;<\/p>\n<blockquote class=\"wp-embedded-content\" data-secret=\"lrJ0KWT1zT\"><p><a href=\"https:\/\/www.radiopiu.net\/wordpress\/set5a\/\">EL BAL DEL FIOR, DETTI E MODI DI DIRE  LA RACCOLTA COMPLETA<\/a><\/p><\/blockquote>\n<p><iframe loading=\"lazy\" class=\"wp-embedded-content\" sandbox=\"allow-scripts\" security=\"restricted\" style=\"position: absolute; visibility: hidden;\" title=\"&#8220;EL BAL DEL FIOR, DETTI E MODI DI DIRE  LA RACCOLTA COMPLETA&#8221; &#8212; Radio Pi\u00f9\" src=\"https:\/\/www.radiopiu.net\/wordpress\/set5a\/embed\/#?secret=z8v8hgYbG9#?secret=lrJ0KWT1zT\" data-secret=\"lrJ0KWT1zT\" width=\"600\" height=\"338\" frameborder=\"0\" marginwidth=\"0\" marginheight=\"0\" scrolling=\"no\"><\/iframe><\/p>\n<p>&nbsp;<\/p>\n<hr \/>\n<p>&nbsp;<\/p>\n<h2><span style=\"color: #ff6600;\">IERI ALLA RADIO\u00a0<\/span><\/h2>\n<blockquote class=\"wp-embedded-content\" data-secret=\"M4IwaJaeF3\"><p><a href=\"https:\/\/www.radiopiu.net\/wordpress\/alle-nove-oggi-come-ieri-di-e-con-silvia-baldo\/\">ALLE NOVE&#8230; lunedi e mercoledi OGGI COME IERI di e con SILVIA BALDO<\/a><\/p><\/blockquote>\n<p><iframe loading=\"lazy\" class=\"wp-embedded-content\" sandbox=\"allow-scripts\" security=\"restricted\" style=\"position: absolute; visibility: hidden;\" title=\"&#8220;ALLE NOVE&#8230; lunedi e mercoledi OGGI COME IERI di e con SILVIA BALDO&#8221; &#8212; Radio Pi\u00f9\" src=\"https:\/\/www.radiopiu.net\/wordpress\/alle-nove-oggi-come-ieri-di-e-con-silvia-baldo\/embed\/#?secret=qg72T15jRm#?secret=M4IwaJaeF3\" data-secret=\"M4IwaJaeF3\" width=\"600\" height=\"338\" frameborder=\"0\" marginwidth=\"0\" marginheight=\"0\" scrolling=\"no\"><\/iframe><\/p>\n<p>&nbsp;<\/p>\n<h2><span style=\"color: #ff00ff;\">\u00a0<\/span><\/h2>\n<h2><span style=\"color: #ff6600;\">IERI ALLA RADIO\u00a0<\/span><\/h2>\n<h2><span style=\"color: #ff00ff;\">AMAZING CALENDAR, CON MICHELA E MARINA<\/span><\/h2>\n<p><strong><a class=\"dt-pswp-item\" href=\"https:\/\/www.radiopiu.net\/wordpress\/wp-content\/uploads\/2024\/10\/e2e0150f-c885-464f-b78b-6c763aac17be.jpg\" data-dt-img-description=\"\" data-large_image_width=\"1182\" data-large_image_height=\"1182\"><img loading=\"lazy\" decoding=\"async\" class=\" wp-image-414821 alignleft\" src=\"https:\/\/www.radiopiu.net\/wordpress\/wp-content\/uploads\/2024\/10\/e2e0150f-c885-464f-b78b-6c763aac17be-300x300.jpg\" alt=\"\" width=\"135\" height=\"135\" srcset=\"https:\/\/www.radiopiu.net\/wordpress\/wp-content\/uploads\/2024\/10\/e2e0150f-c885-464f-b78b-6c763aac17be-300x300.jpg 300w, https:\/\/www.radiopiu.net\/wordpress\/wp-content\/uploads\/2024\/10\/e2e0150f-c885-464f-b78b-6c763aac17be-1024x1024.jpg 1024w, https:\/\/www.radiopiu.net\/wordpress\/wp-content\/uploads\/2024\/10\/e2e0150f-c885-464f-b78b-6c763aac17be-150x150.jpg 150w, https:\/\/www.radiopiu.net\/wordpress\/wp-content\/uploads\/2024\/10\/e2e0150f-c885-464f-b78b-6c763aac17be-768x768.jpg 768w, https:\/\/www.radiopiu.net\/wordpress\/wp-content\/uploads\/2024\/10\/e2e0150f-c885-464f-b78b-6c763aac17be.jpg 1182w\" sizes=\"auto, (max-width: 135px) 100vw, 135px\" \/><\/a>REDAZIONE<\/strong> Nuovo programma sulle frequenze di Radio Pi\u00f9. Inizia l&#8217;avventura di Marina e Michela con &#8220;Amazing Calendar&#8221; in collaborazione con Nevegal Tour. Un viaggio tra musica e vacanze con le selezioni musicali di Marina Don\u00e0 e l&#8217;intraprendenza del settore viaggi di Michela Anastasio, dalla Nevegal Tour di Belluno. Appuntamento quindicinale dedicato ai viaggi, al tempo libero, alle novit\u00e0 per il territorio con il turista italiano e straniero.<\/p>\n<p><span style=\"color: #ff0000;\"><strong>\u00a0<\/strong><\/span><\/p>\n<p><span style=\"color: #ff0000;\"><strong>LO SPOT NEVEGAL TOUR ALLA RADIO<\/strong><\/span><\/p>\n<audio class=\"wp-audio-shortcode\" id=\"audio-414673-20\" preload=\"none\" style=\"width: 100%;\" controls=\"controls\"><source type=\"audio\/mpeg\" src=\"https:\/\/www.radiopiu.net\/wordpress\/wp-content\/uploads\/2024\/10\/NEVEGAL-TOUR.mp3?_=20\" \/><a href=\"https:\/\/www.radiopiu.net\/wordpress\/wp-content\/uploads\/2024\/10\/NEVEGAL-TOUR.mp3\">https:\/\/www.radiopiu.net\/wordpress\/wp-content\/uploads\/2024\/10\/NEVEGAL-TOUR.mp3<\/a><\/audio>\n<p>&nbsp;<\/p>\n<p><span style=\"color: #0000ff;\"><strong><a class=\"dt-pswp-item\" href=\"https:\/\/www.radiopiu.net\/wordpress\/wp-content\/uploads\/2024\/10\/26f08289-cbd9-4650-8259-2eb1b0862500.jpg\" data-dt-img-description=\"\" data-large_image_width=\"1600\" data-large_image_height=\"1200\"><img loading=\"lazy\" decoding=\"async\" class=\"wp-image-414556 aligncenter\" src=\"https:\/\/www.radiopiu.net\/wordpress\/wp-content\/uploads\/2024\/10\/26f08289-cbd9-4650-8259-2eb1b0862500.jpg\" alt=\"\" width=\"408\" height=\"306\" srcset=\"https:\/\/www.radiopiu.net\/wordpress\/wp-content\/uploads\/2024\/10\/26f08289-cbd9-4650-8259-2eb1b0862500.jpg 1600w, https:\/\/www.radiopiu.net\/wordpress\/wp-content\/uploads\/2024\/10\/26f08289-cbd9-4650-8259-2eb1b0862500-300x225.jpg 300w, https:\/\/www.radiopiu.net\/wordpress\/wp-content\/uploads\/2024\/10\/26f08289-cbd9-4650-8259-2eb1b0862500-1024x768.jpg 1024w, https:\/\/www.radiopiu.net\/wordpress\/wp-content\/uploads\/2024\/10\/26f08289-cbd9-4650-8259-2eb1b0862500-768x576.jpg 768w, https:\/\/www.radiopiu.net\/wordpress\/wp-content\/uploads\/2024\/10\/26f08289-cbd9-4650-8259-2eb1b0862500-1536x1152.jpg 1536w\" sizes=\"auto, (max-width: 408px) 100vw, 408px\" \/><\/a><\/strong><\/span><\/p>\n<p><span style=\"color: #0000ff;\"><strong>PRIMA PUNTATA &#8211; PARTE UNO<\/strong><\/span><\/p>\n<audio class=\"wp-audio-shortcode\" id=\"audio-414673-21\" preload=\"none\" style=\"width: 100%;\" controls=\"controls\"><source type=\"audio\/mpeg\" src=\"https:\/\/www.radiopiu.net\/wordpress\/wp-content\/uploads\/2024\/10\/MIKI-E-MARINA-1.mp3?_=21\" \/><a href=\"https:\/\/www.radiopiu.net\/wordpress\/wp-content\/uploads\/2024\/10\/MIKI-E-MARINA-1.mp3\">https:\/\/www.radiopiu.net\/wordpress\/wp-content\/uploads\/2024\/10\/MIKI-E-MARINA-1.mp3<\/a><\/audio>\n<p><span style=\"color: #0000ff;\"><strong>PARTE DUE<\/strong><\/span><\/p>\n<audio class=\"wp-audio-shortcode\" id=\"audio-414673-22\" preload=\"none\" style=\"width: 100%;\" controls=\"controls\"><source type=\"audio\/mpeg\" src=\"https:\/\/www.radiopiu.net\/wordpress\/wp-content\/uploads\/2024\/10\/MIKI-E-MARINA-2.mp3?_=22\" \/><a href=\"https:\/\/www.radiopiu.net\/wordpress\/wp-content\/uploads\/2024\/10\/MIKI-E-MARINA-2.mp3\">https:\/\/www.radiopiu.net\/wordpress\/wp-content\/uploads\/2024\/10\/MIKI-E-MARINA-2.mp3<\/a><\/audio>\n<p><span style=\"color: #0000ff;\"><strong>\u00a0<\/strong><\/span><\/p>\n<p><span style=\"color: #0000ff;\"><strong>PARTE TRE<\/strong><\/span><\/p>\n<audio class=\"wp-audio-shortcode\" id=\"audio-414673-23\" preload=\"none\" style=\"width: 100%;\" controls=\"controls\"><source type=\"audio\/mpeg\" src=\"https:\/\/www.radiopiu.net\/wordpress\/wp-content\/uploads\/2024\/10\/MIKI-E-MARINA-3.mp3?_=23\" \/><a href=\"https:\/\/www.radiopiu.net\/wordpress\/wp-content\/uploads\/2024\/10\/MIKI-E-MARINA-3.mp3\">https:\/\/www.radiopiu.net\/wordpress\/wp-content\/uploads\/2024\/10\/MIKI-E-MARINA-3.mp3<\/a><\/audio>\n<p>&nbsp;<\/p>\n<p>&nbsp;<\/p>\n<p>&nbsp;<\/p>\n<hr \/>\n<h2><span style=\"color: #ff6600;\">\u00a0<\/span><\/h2>\n<h2><span style=\"color: #ff6600;\">IERI ALLA RADIO\u00a0<\/span><\/h2>\n<blockquote>\n<h1 style=\"text-align: center;\"><span style=\"color: #ff0000;\"><strong>CISL LA VOCE PER I LAVORATORI il mercoledi mattina alla radio&#8230; seconda stagione.<\/strong><\/span><\/h1>\n<\/blockquote>\n<h3><span style=\"color: #ff0000;\"><img loading=\"lazy\" decoding=\"async\" class=\"alignleft\" src=\"https:\/\/www.radiopiu.net\/wordpress\/wp-content\/uploads\/2023\/07\/CAF-CISL.png\" width=\"183\" height=\"96\" \/><br \/>\n<\/span><\/h3>\n<p>puntata del 16 OTTOBRE 2024<\/p>\n<blockquote><p><strong>OSPITE ALESSIO PICCOLI<\/strong><\/p><\/blockquote>\n<audio class=\"wp-audio-shortcode\" id=\"audio-414673-24\" preload=\"none\" style=\"width: 100%;\" controls=\"controls\"><source type=\"audio\/mpeg\" src=\"https:\/\/www.radiopiu.net\/wordpress\/wp-content\/uploads\/2021\/05\/FEMCA-CISL.mp3?_=24\" \/><a href=\"https:\/\/www.radiopiu.net\/wordpress\/wp-content\/uploads\/2021\/05\/FEMCA-CISL.mp3\">https:\/\/www.radiopiu.net\/wordpress\/wp-content\/uploads\/2021\/05\/FEMCA-CISL.mp3<\/a><\/audio>\n<p>&nbsp;<\/p>\n<p><strong>LA RACCOLTA COMPLETA<a href=\"https:\/\/www.radiopiu.net\/wordpress\/cisl-e-femca-cisl-la-vocef\/\"><span style=\"color: #0000ff;\"> CLICCA QUI<\/span><\/a><\/strong><a href=\"https:\/\/www.radiopiu.net\/wordpress\/cisl-e-femca-cisl-la-vocef\/\"><span style=\"color: #0000ff;\">\u00a0<\/span><\/a><\/p>\n<p>&nbsp;<\/p>\n<p>&nbsp;<\/p>\n<hr \/>\n<p>&nbsp;<\/p>\n<h1><span style=\"color: #ff6600;\">IERI ALLA RADIO<\/span><\/h1>\n<blockquote>\n<h3>LIBER, IL MERCOLEDI ALLA RADIO CON LIANA CAVALLET<\/h3>\n<\/blockquote>\n<p><strong>PUNTATA 04 16 OTTOBRE 2024 EMILIA HART &#8220;WEYWARD&#8221;<\/strong><\/p>\n<p><a class=\"dt-pswp-item\" href=\"https:\/\/www.radiopiu.net\/wordpress\/wp-content\/uploads\/2024\/10\/9791259671653_0_536_0_75.jpg\" data-dt-img-description=\"\" data-large_image_width=\"536\" data-large_image_height=\"798\"><img loading=\"lazy\" decoding=\"async\" class=\"size-medium wp-image-414826 aligncenter\" src=\"https:\/\/www.radiopiu.net\/wordpress\/wp-content\/uploads\/2024\/10\/9791259671653_0_536_0_75-202x300.jpg\" alt=\"\" width=\"202\" height=\"300\" srcset=\"https:\/\/www.radiopiu.net\/wordpress\/wp-content\/uploads\/2024\/10\/9791259671653_0_536_0_75-202x300.jpg 202w, https:\/\/www.radiopiu.net\/wordpress\/wp-content\/uploads\/2024\/10\/9791259671653_0_536_0_75.jpg 536w\" sizes=\"auto, (max-width: 202px) 100vw, 202px\" \/><\/a><\/p>\n<p>&nbsp;<\/p>\n<audio class=\"wp-audio-shortcode\" id=\"audio-414673-25\" preload=\"none\" style=\"width: 100%;\" controls=\"controls\"><source type=\"audio\/mpeg\" src=\"https:\/\/www.radiopiu.net\/wordpress\/wp-content\/uploads\/2024\/10\/LIANA-4.mp3?_=25\" \/><a href=\"https:\/\/www.radiopiu.net\/wordpress\/wp-content\/uploads\/2024\/10\/LIANA-4.mp3\">https:\/\/www.radiopiu.net\/wordpress\/wp-content\/uploads\/2024\/10\/LIANA-4.mp3<\/a><\/audio>\n<p>&nbsp;<\/p>\n<h2>LA RACCOLTA COMPLETA <a href=\"https:\/\/www.radiopiu.net\/wordpress\/liber24puntata4\/\"><span style=\"color: #3366ff;\">CLICCA QUI<\/span><\/a><\/h2>\n<p>&nbsp;<\/p>\n<hr \/>\n<p>&nbsp;<\/p>\n<blockquote>\n<h3><a class=\"dt-pswp-item\" href=\"https:\/\/www.radiopiu.net\/wordpress\/wp-content\/uploads\/2024\/10\/Senza-nome-69.png\" data-dt-img-description=\"\" data-large_image_width=\"411\" data-large_image_height=\"226\"><img loading=\"lazy\" decoding=\"async\" class=\" wp-image-414792 alignleft\" src=\"https:\/\/www.radiopiu.net\/wordpress\/wp-content\/uploads\/2024\/10\/Senza-nome-69-300x165.png\" alt=\"\" width=\"183\" height=\"101\" srcset=\"https:\/\/www.radiopiu.net\/wordpress\/wp-content\/uploads\/2024\/10\/Senza-nome-69-300x165.png 300w, https:\/\/www.radiopiu.net\/wordpress\/wp-content\/uploads\/2024\/10\/Senza-nome-69.png 411w\" sizes=\"auto, (max-width: 183px) 100vw, 183px\" \/><\/a>SE NON LA SMETTI TI MANDO DAL PRESIDE, CON LA PROF. MARIA ROSA SALMAZO<\/h3>\n<\/blockquote>\n<audio class=\"wp-audio-shortcode\" id=\"audio-414673-26\" preload=\"none\" style=\"width: 100%;\" controls=\"controls\"><source type=\"audio\/mpeg\" src=\"https:\/\/www.radiopiu.net\/wordpress\/wp-content\/uploads\/2024\/10\/SE-NON-LA-SMETTI-05-24.mp3?_=26\" \/><a href=\"https:\/\/www.radiopiu.net\/wordpress\/wp-content\/uploads\/2024\/10\/SE-NON-LA-SMETTI-05-24.mp3\">https:\/\/www.radiopiu.net\/wordpress\/wp-content\/uploads\/2024\/10\/SE-NON-LA-SMETTI-05-24.mp3<\/a><\/audio>\n<p>&nbsp;<\/p>\n<p><strong>LA RACCOLTA COMPLETA<a href=\"https:\/\/www.radiopiu.net\/wordpress\/se-non-la-smetti-di-mando-dal-preside\/\"><span style=\"color: #0000ff;\"> CLICCA QUI<\/span><\/a><\/strong><a href=\"https:\/\/www.radiopiu.net\/wordpress\/se-non-la-smetti-di-mando-dal-preside\/\"><span style=\"color: #0000ff;\">\u00a0<\/span><\/a><\/p>\n<p>&nbsp;<\/p>\n<p>&nbsp;<\/p>\n<hr \/>\n<p>&nbsp;<\/p>\n<div class=\"mceTemp\">\n<h2><span style=\"color: #ffcc00;\"><a class=\"dt-pswp-item\" href=\"https:\/\/www.radiopiu.net\/wordpress\/wp-content\/uploads\/2021\/06\/008__B08.jpg\" data-dt-img-description=\"PAOLA VIRGINIA MANUELA\" data-large_image_width=\"640\" data-large_image_height=\"427\"><img loading=\"lazy\" decoding=\"async\" class=\" wp-image-218003 alignleft\" src=\"https:\/\/www.radiopiu.net\/wordpress\/wp-content\/uploads\/2021\/06\/008__B08-300x200.jpg\" alt=\"\" width=\"218\" height=\"145\" srcset=\"https:\/\/www.radiopiu.net\/wordpress\/wp-content\/uploads\/2021\/06\/008__B08-300x200.jpg 300w, https:\/\/www.radiopiu.net\/wordpress\/wp-content\/uploads\/2021\/06\/008__B08.jpg 640w\" sizes=\"auto, (max-width: 218px) 100vw, 218px\" \/><\/a>EMOZIONE CONTINUA&#8230;100 ANNI DI PASSIONE RACCONTATI ALLA RADIO<\/span><\/h2>\n<p><span style=\"color: #ff00ff;\"><strong>PUNTATA 07 LA PRIMA RIVISTA<br \/>\nFOTO, MONICA, PAOLA, VIRGINIA E MANUELA le prime 4 voci femminili alla radio PIU 1983-1985<\/strong><\/span><\/p>\n<audio class=\"wp-audio-shortcode\" id=\"audio-414673-27\" preload=\"none\" style=\"width: 100%;\" controls=\"controls\"><source type=\"audio\/mpeg\" src=\"https:\/\/www.radiopiu.net\/wordpress\/wp-content\/uploads\/2024\/10\/7-La-prima-rivista.mp3?_=27\" \/><a href=\"https:\/\/www.radiopiu.net\/wordpress\/wp-content\/uploads\/2024\/10\/7-La-prima-rivista.mp3\">https:\/\/www.radiopiu.net\/wordpress\/wp-content\/uploads\/2024\/10\/7-La-prima-rivista.mp3<\/a><\/audio>\n<p>&nbsp;<\/p>\n<h2>LA RACCOLTA COMPLETA <a href=\"https:\/\/www.radiopiu.net\/wordpress\/emozione-continua-100-anni-di-passione-raccontati-alla-radio-la-raccolta\/\"><span style=\"color: #3366ff;\">CLICCA QUI<\/span><\/a><\/h2>\n<p>&nbsp;<\/p>\n<p>&nbsp;<\/p>\n<hr \/>\n<p>&nbsp;<\/p>\n<p>&nbsp;<\/p>\n<blockquote class=\"wp-embedded-content\" data-secret=\"Uf7S8uqfX4\"><p><a href=\"https:\/\/www.radiopiu.net\/wordpress\/pirole-de-lenga-la-parola-del-giorno-a-cura-del-musla-raccolta-completa\/\">PIROLE DE LENGA&#8230; LA PAROLA DEL GIORNO A CURA DEL MUSLA -raccolta completa &#8211;<\/a><\/p><\/blockquote>\n<p><iframe loading=\"lazy\" class=\"wp-embedded-content\" sandbox=\"allow-scripts\" security=\"restricted\" style=\"position: absolute; visibility: hidden;\" title=\"&#8220;PIROLE DE LENGA&#8230; LA PAROLA DEL GIORNO A CURA DEL MUSLA -raccolta completa &#8211;&#8221; &#8212; Radio Pi\u00f9\" src=\"https:\/\/www.radiopiu.net\/wordpress\/pirole-de-lenga-la-parola-del-giorno-a-cura-del-musla-raccolta-completa\/embed\/#?secret=fXD5Z4Ulsi#?secret=Uf7S8uqfX4\" data-secret=\"Uf7S8uqfX4\" width=\"600\" height=\"338\" frameborder=\"0\" marginwidth=\"0\" marginheight=\"0\" scrolling=\"no\"><\/iframe><\/p>\n<p>&nbsp;<\/p>\n<p>&nbsp;<\/p>\n<p>&nbsp;<\/p>\n<p>&nbsp;<\/p>\n<hr \/>\n<p>&nbsp;<\/p>\n<h2><span style=\"color: #ff0000;\"><a class=\"dt-pswp-item\" href=\"https:\/\/www.radiopiu.net\/wordpress\/wp-content\/uploads\/2018\/09\/appuntamenti.jpeg\" data-dt-img-description=\"\" data-large_image_width=\"800\" data-large_image_height=\"100\"><img loading=\"lazy\" decoding=\"async\" class=\"wp-image-61958 size-full aligncenter\" src=\"https:\/\/www.radiopiu.net\/wordpress\/wp-content\/uploads\/2018\/09\/appuntamenti.jpeg\" alt=\"\" width=\"800\" height=\"100\" srcset=\"https:\/\/www.radiopiu.net\/wordpress\/wp-content\/uploads\/2018\/09\/appuntamenti.jpeg 800w, https:\/\/www.radiopiu.net\/wordpress\/wp-content\/uploads\/2018\/09\/appuntamenti-300x38.jpeg 300w, https:\/\/www.radiopiu.net\/wordpress\/wp-content\/uploads\/2018\/09\/appuntamenti-768x96.jpeg 768w\" sizes=\"auto, (max-width: 800px) 100vw, 800px\" \/><\/a><\/span><\/h2>\n<p><iframe loading=\"lazy\" title=\"FORMULA 3\" width=\"1200\" height=\"900\" src=\"https:\/\/www.youtube.com\/embed\/I21aWSYA3OI?feature=oembed\" frameborder=\"0\" allow=\"accelerometer; autoplay; clipboard-write; encrypted-media; gyroscope; picture-in-picture; web-share\" referrerpolicy=\"strict-origin-when-cross-origin\" allowfullscreen><\/iframe><\/p>\n<p><strong>FALCADE<\/strong>\u00a0 Riapre il Cinema Dolomiti di Falcade. Sabato e domenica verr\u00e0 proiettato il film Vermiglio, presentato anche alla Mostra del Cinema di Venezia. Spettacoli alle 21, domenica anche alle 15:30<\/p>\n<div class=\"flex-shrink-0 flex flex-col relative items-end\">\n<div class=\"pt-0\">\n<div class=\"gizmo-bot-avatar flex h-8 w-8 items-center justify-center overflow-hidden rounded-full\">\n<p class=\"relative p-1 rounded-sm flex items-center justify-center bg-token-main-surface-primary text-token-text-primary h-8 w-8\"><strong>CANALE D&#8217;AGORDO <\/strong>Jazzercise \u00e8 un allenamento ad alta intensit\u00e0 che combina danza, pilates, yoga e kickboxing, adatto a tutti i livelli di fitness. \u00c8 efficace per tonificare i muscoli, migliorare la postura e ottenere un fisico snello. Nell&#8217;Agordino, le lezioni si tengono a Canale d&#8217;Agordo, nella sala ex emigranti di via Lotta, il luned\u00ec dalle 18:15 alle 19:15 e il mercoled\u00ec dalle 18:30 alle 19:30. L&#8217;istruttrice certificata RaLuca ti aspetta per un allenamento coinvolgente al ritmo di musica attuale. Per informazioni: 347 9295478<\/p>\n<p><strong>AGORDO UN VIAGGIO NELLA MUSICA ANNI SESSANTA E SETTANTA, &#8220;OPERAZIONE NOSTALGIA&#8221;,<\/strong> INCURSIONE NEI DECENNI SUCCESSIVI DEL SECOLO SCORSO Elisa Forcellini voce, <span class=\"html-span xdj266r x11i5rnm xat24cr x1mh8g0r xexx8yu x4uap5 x18d9i69 xkhd6sd x1hl2dhg x16tdsg8 x1vvkbs\"><a class=\"x1i10hfl xjbqb8w x1ejq31n xd10rxx x1sy0etr x17r0tee x972fbf xcfux6l x1qhh985 xm0m39n x9f619 x1ypdohk xt0psk2 xe8uvvx xdj266r x11i5rnm xat24cr x1mh8g0r xexx8yu x4uap5 x18d9i69 xkhd6sd x16tdsg8 x1hl2dhg xggy1nq x1a2a7pz x1sur9pj xkrqix3 x1fey0fg x1s688f\" tabindex=\"0\" role=\"link\" href=\"https:\/\/www.facebook.com\/karin.serafini.12?__cft__[0]=AZUS6w-16Ia-jI9bcg7qdsPkS68JCUPOt_Xuv68gElfxirAioFxkGfr9F7TMRlkcx1eLqq4qMjrB_TKQ8HlftDiEv4JV5OQF90tgTXCCBJJ1eNCQHgmp0hzB6raZctEWzHGoETriWhmxVYkKyY-AnYiE3NzGcFnh-hMcANqoZ4dpzMdJdJTy2yiv75vrq41fWxA&amp;__tn__=-]K-y-R\"><span class=\"xt0psk2\">Karin Serafini<\/span><\/a><\/span> basso e voce, Ezio De Zaiacomo tastiere, Graziano Sirena percussioni e voce, <span class=\"html-span xdj266r x11i5rnm xat24cr x1mh8g0r xexx8yu x4uap5 x18d9i69 xkhd6sd x1hl2dhg x16tdsg8 x1vvkbs\"><a class=\"x1i10hfl xjbqb8w x1ejq31n xd10rxx x1sy0etr x17r0tee x972fbf xcfux6l x1qhh985 xm0m39n x9f619 x1ypdohk xt0psk2 xe8uvvx xdj266r x11i5rnm xat24cr x1mh8g0r xexx8yu x4uap5 x18d9i69 xkhd6sd x16tdsg8 x1hl2dhg xggy1nq x1a2a7pz x1sur9pj xkrqix3 x1fey0fg x1s688f\" tabindex=\"0\" role=\"link\" href=\"https:\/\/www.facebook.com\/cosmo.forcella?__cft__[0]=AZUS6w-16Ia-jI9bcg7qdsPkS68JCUPOt_Xuv68gElfxirAioFxkGfr9F7TMRlkcx1eLqq4qMjrB_TKQ8HlftDiEv4JV5OQF90tgTXCCBJJ1eNCQHgmp0hzB6raZctEWzHGoETriWhmxVYkKyY-AnYiE3NzGcFnh-hMcANqoZ4dpzMdJdJTy2yiv75vrq41fWxA&amp;__tn__=-]K-y-R\"><span class=\"xt0psk2\">Cosmo Forcella<\/span><\/a><\/span> batteria e voce, Loris Scussel chitarre e voce SABATO 26 OTTOBRE DAL LE 20.30 IN SALA DON TAMIS AD AGORDO. ORGANIZZA L&#8217;ASSOCIAZIONE PETTIROSSO AGORDINO ENTRATA LIBERA<\/p>\n<\/div>\n<\/div>\n<\/div>\n<p><strong>CENCENIGHE<\/strong> La Famiglia Agordina Ex Emigranti organizza la Giornata dell\u2019Emigrante domenica 27 ottobre, un&#8217;occasione di festa e condivisione per chi ha vissuto o lavorato all&#8217;estero, o per chi vuole conoscere il mondo delle famiglie ex emigranti Bellunesi. Il programma prevede alle 10:30 la messa nella chiesa di Cencenighe, seguita dall\u2019omaggio al monumento dell\u2019emigrante e dall\u2019esibizione del Coro Alpino Monte Civetta nella sala consiliare. La giornata si concluder\u00e0 con un pranzo al Ristorante Monte Civetta di Listolade, accompagnato dalla cantante Daniela Trentin. Il contributo per il pranzo \u00e8 di 35 euro, prenotazioni al 339 211 4469.<\/p>\n<p><strong>FALCADE<\/strong> La Proloco di Caviola presenta &#8220;Proposte d&#8217;autunno&#8221;, un programma di eventi per vivere meglio. Gli appuntamenti includono: una passeggiata nel bosco con Silvano Savio il 20 ottobre, un incontro con Mauro Valt alla Casa della Giovent\u00f9 di Caviola il 6 novembre alle 20, e una serata osservando le stelle con &#8220;Cieli Dolomitici&#8221; il 9 novembre alle 20:30. Inoltre, il 10 novembre si svolger\u00e0 una castagnata con gli Alpini in occasione di San Martino, e il 22 novembre ci sar\u00e0 la chiusura con Roberto Sorama\u00e8 e il suo evento &#8220;Sete d\u2019Africa&#8221; alla Casa della Giovent\u00f9. Per informazioni: 349 1945861.<\/p>\n<p><strong>BELLUNO <\/strong>Venerd\u00ec 8 novembre, dalle ore 18, presso l&#8217;aula magna dell&#8217;Istituto Superiore Tommaso Catullo di Belluno, si terr\u00e0 un evento organizzato da Pig&amp;Menti, che propone un dialogo sugli archetipi tra linguistica e neuroscienze. I relatori saranno il professor Michele T\u00ecson e il professor Renzo Barbazza. L&#8217;evento \u00e8 realizzato in collaborazione con Banca Prealpi San Biagio e i dottori Marco Tarascio e Silvia Barbini.<\/p>\n<p>&nbsp;<\/p>\n<div>\n<div class=\"\" dir=\"auto\">\n<div id=\":r9h:\" class=\"x1iorvi4 x1pi30zi x1l90r2v x1swvt13\" data-ad-comet-preview=\"message\" data-ad-preview=\"message\">\n\n\t\t\t<style type='text\/css'>\n\t\t\t\t#gallery-1 {\n\t\t\t\t\tmargin: auto;\n\t\t\t\t}\n\t\t\t\t#gallery-1 .gallery-item {\n\t\t\t\t\tfloat: left;\n\t\t\t\t\tmargin-top: 10px;\n\t\t\t\t\ttext-align: center;\n\t\t\t\t\twidth: 25%;\n\t\t\t\t}\n\t\t\t\t#gallery-1 img {\n\t\t\t\t\tborder: 2px solid #cfcfcf;\n\t\t\t\t}\n\t\t\t\t#gallery-1 .gallery-caption {\n\t\t\t\t\tmargin-left: 0;\n\t\t\t\t}\n\t\t\t\t\/* see gallery_shortcode() in wp-includes\/media.php *\/\n\t\t\t<\/style>\n\t\t<div id='gallery-1' class='dt-gallery-container gallery galleryid-414673 gallery-columns-4 gallery-size-thumbnail'><dl class='gallery-item'>\n\t\t\t\t<dt class='gallery-icon portrait'>\n\t\t\t\t\t<a class=\"rollover rollover-zoom dt-pswp-item\" title=\"LOC_A3_MOSTRA-RADIO_CMVI\" data-dt-img-description=\"\" data-large_image_width=\"1816\" data-large_image_height=\"2560\"href='https:\/\/www.radiopiu.net\/wordpress\/wp-content\/uploads\/2024\/08\/LOC_A3_MOSTRA-RADIO_CMVI-scaled.jpg'><img loading=\"lazy\" decoding=\"async\" width=\"150\" height=\"150\" src=\"https:\/\/www.radiopiu.net\/wordpress\/wp-content\/uploads\/2024\/08\/LOC_A3_MOSTRA-RADIO_CMVI-150x150.jpg\" class=\"attachment-thumbnail size-thumbnail\" alt=\"\" aria-describedby=\"gallery-1-403450\" \/><\/a>\n\t\t\t\t<\/dt>\n\t\t\t\t\t<dd class='wp-caption-text gallery-caption' id='gallery-1-403450'>\n\t\t\t\t\tLA MOSTRA DELLE RADIO IN VALLE IMPERINA\n\t\t\t\t\t<\/dd><\/dl><dl class='gallery-item'>\n\t\t\t\t<dt class='gallery-icon portrait'>\n\t\t\t\t\t<a class=\"rollover rollover-zoom dt-pswp-item\" title=\"cai agordo\" data-dt-img-description=\"\" data-large_image_width=\"490\" data-large_image_height=\"947\"href='https:\/\/www.radiopiu.net\/wordpress\/wp-content\/uploads\/2024\/09\/cai-agordo.png'><img loading=\"lazy\" decoding=\"async\" width=\"150\" height=\"150\" src=\"https:\/\/www.radiopiu.net\/wordpress\/wp-content\/uploads\/2024\/09\/cai-agordo-150x150.png\" class=\"attachment-thumbnail size-thumbnail\" alt=\"\" aria-describedby=\"gallery-1-411791\" \/><\/a>\n\t\t\t\t<\/dt>\n\t\t\t\t\t<dd class='wp-caption-text gallery-caption' id='gallery-1-411791'>\n\t\t\t\t\tSERE D&#8217;AUTUNNO CON IL CAI DI AGORDO\n\t\t\t\t\t<\/dd><\/dl><dl class='gallery-item'>\n\t\t\t\t<dt class='gallery-icon portrait'>\n\t\t\t\t\t<a class=\"rollover rollover-zoom dt-pswp-item\" title=\"locandina_miele_2024_def\" data-dt-img-description=\"\" data-large_image_width=\"1240\" data-large_image_height=\"1754\"href='https:\/\/www.radiopiu.net\/wordpress\/wp-content\/uploads\/2024\/10\/locandina_miele_2024_def.jpg'><img loading=\"lazy\" decoding=\"async\" width=\"150\" height=\"150\" src=\"https:\/\/www.radiopiu.net\/wordpress\/wp-content\/uploads\/2024\/10\/locandina_miele_2024_def-150x150.jpg\" class=\"attachment-thumbnail size-thumbnail\" alt=\"\" aria-describedby=\"gallery-1-414643\" \/><\/a>\n\t\t\t\t<\/dt>\n\t\t\t\t\t<dd class='wp-caption-text gallery-caption' id='gallery-1-414643'>\n\t\t\t\t\tLIMANA PAESE DEL MIELE\n\t\t\t\t\t<\/dd><\/dl><dl class='gallery-item'>\n\t\t\t\t<dt class='gallery-icon portrait'>\n\t\t\t\t\t<a class=\"rollover rollover-zoom dt-pswp-item\" title=\"851a2829-563c-46b1-a0f6-7f9d4b804601\" data-dt-img-description=\"\" data-large_image_width=\"1131\" data-large_image_height=\"1600\"href='https:\/\/www.radiopiu.net\/wordpress\/wp-content\/uploads\/2024\/10\/851a2829-563c-46b1-a0f6-7f9d4b804601.jpg'><img loading=\"lazy\" decoding=\"async\" width=\"150\" height=\"150\" src=\"https:\/\/www.radiopiu.net\/wordpress\/wp-content\/uploads\/2024\/10\/851a2829-563c-46b1-a0f6-7f9d4b804601-150x150.jpg\" class=\"attachment-thumbnail size-thumbnail\" alt=\"\" aria-describedby=\"gallery-1-413101\" \/><\/a>\n\t\t\t\t<\/dt>\n\t\t\t\t\t<dd class='wp-caption-text gallery-caption' id='gallery-1-413101'>\n\t\t\t\t\tSILVIA TESSARI IN CONCERTO\n\t\t\t\t\t<\/dd><\/dl><br style=\"clear: both\" \/><dl class='gallery-item'>\n\t\t\t\t<dt class='gallery-icon portrait'>\n\t\t\t\t\t<a class=\"rollover rollover-zoom dt-pswp-item\" title=\"afede08f-130d-46e3-820a-6cddfdaa7d71\" data-dt-img-description=\"\" data-large_image_width=\"1131\" data-large_image_height=\"1600\"href='https:\/\/www.radiopiu.net\/wordpress\/wp-content\/uploads\/2024\/10\/afede08f-130d-46e3-820a-6cddfdaa7d71.jpg'><img loading=\"lazy\" decoding=\"async\" width=\"150\" height=\"150\" src=\"https:\/\/www.radiopiu.net\/wordpress\/wp-content\/uploads\/2024\/10\/afede08f-130d-46e3-820a-6cddfdaa7d71-150x150.jpg\" class=\"attachment-thumbnail size-thumbnail\" alt=\"\" aria-describedby=\"gallery-1-413137\" \/><\/a>\n\t\t\t\t<\/dt>\n\t\t\t\t\t<dd class='wp-caption-text gallery-caption' id='gallery-1-413137'>\n\t\t\t\t\tA CENCENIGHE \n\t\t\t\t\t<\/dd><\/dl><dl class='gallery-item'>\n\t\t\t\t<dt class='gallery-icon portrait'>\n\t\t\t\t\t<a class=\"rollover rollover-zoom dt-pswp-item\" title=\"967a322c-9996-42d7-af75-662ca7d89e84\" data-dt-img-description=\"\" data-large_image_width=\"1080\" data-large_image_height=\"1519\"href='https:\/\/www.radiopiu.net\/wordpress\/wp-content\/uploads\/2024\/10\/967a322c-9996-42d7-af75-662ca7d89e84-1.jpg'><img loading=\"lazy\" decoding=\"async\" width=\"150\" height=\"150\" src=\"https:\/\/www.radiopiu.net\/wordpress\/wp-content\/uploads\/2024\/10\/967a322c-9996-42d7-af75-662ca7d89e84-1-150x150.jpg\" class=\"attachment-thumbnail size-thumbnail\" alt=\"\" aria-describedby=\"gallery-1-413698\" \/><\/a>\n\t\t\t\t<\/dt>\n\t\t\t\t\t<dd class='wp-caption-text gallery-caption' id='gallery-1-413698'>\n\t\t\t\t\tDOMANI\n\t\t\t\t\t<\/dd><\/dl><dl class='gallery-item'>\n\t\t\t\t<dt class='gallery-icon portrait'>\n\t\t\t\t\t<a class=\"rollover rollover-zoom dt-pswp-item\" title=\"f947fdbb-45ad-4c5d-b426-66dfc10ada16\" data-dt-img-description=\"\" data-large_image_width=\"1142\" data-large_image_height=\"1600\"href='https:\/\/www.radiopiu.net\/wordpress\/wp-content\/uploads\/2024\/10\/f947fdbb-45ad-4c5d-b426-66dfc10ada16.jpg'><img loading=\"lazy\" decoding=\"async\" width=\"150\" height=\"150\" src=\"https:\/\/www.radiopiu.net\/wordpress\/wp-content\/uploads\/2024\/10\/f947fdbb-45ad-4c5d-b426-66dfc10ada16-150x150.jpg\" class=\"attachment-thumbnail size-thumbnail\" alt=\"\" aria-describedby=\"gallery-1-413896\" \/><\/a>\n\t\t\t\t<\/dt>\n\t\t\t\t\t<dd class='wp-caption-text gallery-caption' id='gallery-1-413896'>\n\t\t\t\t\tIL 26 OTTOBRE ALLA PALESTRA B-FIT\n\t\t\t\t\t<\/dd><\/dl><dl class='gallery-item'>\n\t\t\t\t<dt class='gallery-icon portrait'>\n\t\t\t\t\t<a class=\"rollover rollover-zoom dt-pswp-item\" title=\"b783bbcc-c66e-4db7-96b5-e845a2664a84\" data-dt-img-description=\"\" data-large_image_width=\"509\" data-large_image_height=\"720\"href='https:\/\/www.radiopiu.net\/wordpress\/wp-content\/uploads\/2024\/10\/b783bbcc-c66e-4db7-96b5-e845a2664a84.jpg'><img loading=\"lazy\" decoding=\"async\" width=\"150\" height=\"150\" src=\"https:\/\/www.radiopiu.net\/wordpress\/wp-content\/uploads\/2024\/10\/b783bbcc-c66e-4db7-96b5-e845a2664a84-150x150.jpg\" class=\"attachment-thumbnail size-thumbnail\" alt=\"\" aria-describedby=\"gallery-1-414272\" \/><\/a>\n\t\t\t\t<\/dt>\n\t\t\t\t\t<dd class='wp-caption-text gallery-caption' id='gallery-1-414272'>\n\t\t\t\t\tIL 31 OTTOBRE\n\t\t\t\t\t<\/dd><\/dl><br style=\"clear: both\" \/>\n\t\t\t<\/div>\n\n<p>&nbsp;<\/p>\n<\/div>\n<\/div>\n<\/div>\n<p>&nbsp;<\/p>\n<hr \/>\n<p>&nbsp;<\/p>\n<p class=\"mceTemp\"><a class=\"dt-pswp-item\" href=\"https:\/\/www.radiopiu.net\/wordpress\/wp-content\/uploads\/2018\/09\/WhatsApp-Image-2018-09-20-at-16.04.06.jpeg\" data-dt-img-description=\"\" data-large_image_width=\"800\" data-large_image_height=\"100\"><img loading=\"lazy\" decoding=\"async\" class=\"wp-image-61378 size-full aligncenter\" src=\"https:\/\/www.radiopiu.net\/wordpress\/wp-content\/uploads\/2018\/09\/WhatsApp-Image-2018-09-20-at-16.04.06.jpeg\" alt=\"\" width=\"800\" height=\"100\" srcset=\"https:\/\/www.radiopiu.net\/wordpress\/wp-content\/uploads\/2018\/09\/WhatsApp-Image-2018-09-20-at-16.04.06.jpeg 800w, https:\/\/www.radiopiu.net\/wordpress\/wp-content\/uploads\/2018\/09\/WhatsApp-Image-2018-09-20-at-16.04.06-300x38.jpeg 300w, https:\/\/www.radiopiu.net\/wordpress\/wp-content\/uploads\/2018\/09\/WhatsApp-Image-2018-09-20-at-16.04.06-768x96.jpeg 768w\" sizes=\"auto, (max-width: 800px) 100vw, 800px\" \/><\/a><\/p>\n<p><center><\/center>&nbsp;<\/p>\n<p><center><\/center><b>OGGI: <\/b>Residua perturbabilit\u00e0 notturna, in rapido esaurimento. In giornata cielo da molto nuvoloso a coperto tutto il giorno, senza escludere qualche pioviggine alternate a lunghe pause senza fenomeni. Nel tardo pomeriggio sera nuovo peggioramento del tempo che torner\u00e0 ad essere perturbato. <b>Precipitazioni: <\/b>Residue piogge notturne. tra mattino e parte del pomeriggio qualche pioviggine, prima che torni a piovere in maniera significativa, da met\u00e0 pomeriggio <b>Temperature: <\/b>Minime in aumento e massime in diminuzione<\/p>\n<hr \/>\n<p><center><\/center><b>DOMANI : <\/b>Maltempo notturno, in cessazione in mattinata, seguito da attenuazione della nuvolosit\u00e0 con qualche schiarita, specie sulle Dolomiti ed in quota, mentre le nubi basse potrebbero imperversare su molti settori prealpini con minore chance di schiarite. <b>Precipitazioni: <\/b>Diffuse piogge notturne, le quali potranno risultare abbondanti su alcuni settori prealpini, mentre saranno man mano meno significative spostandosi verso nord.\u00a0 <b>Temperature: <\/b>Minime in lieve diminuzione o senza variazioni di rilievo e massime in leggera ripresa<\/p>\n<hr \/>\n<p><center><\/center><strong>SABATO<\/strong> Dopo la variabilit\u00e0 noturna, probabile nuovo peggioramento con intensificazione della nuvolosit\u00e0 e nuove precipitazioni, in rapida estensione dalle Prealpi alle Dolomiti; moderate sulle prime e perlopi\u00f9 deboli sulle seconde. Temperature in lieve calo in quota.<\/p>\n<hr \/>\n<p><center><\/center><strong>DOMENICA<\/strong> Sulle Dolomiti cielo inizialmente coperto con deboli ed intermittenti piogge, prima che il tempo diventi variabile con cessazione dei fenomeni e qualche chance di schiarite. Sulle Prealpi maggiore copertura nuvolosa e probabilit\u00e0 di precipitazioni pi\u00f9 alta nonch\u00e9 pi\u00f9 duratura, quindi variabilit\u00e0 pi\u00f9 tardiva. Temperature minime in aumento in quota e senza notevoli variazioni alle quote pi\u00f9 basse, Massime in generale ripresa.<\/p>\n<p>&nbsp;<\/p>\n<hr \/>\n<p>&nbsp;<\/p>\n<p>&nbsp;<\/p>\n<p class=\"mceTemp\"><a class=\"dt-pswp-item\" href=\"https:\/\/www.radiopiu.net\/wordpress\/wp-content\/uploads\/2018\/09\/sport.jpg\" data-dt-img-description=\"\" data-large_image_width=\"800\" data-large_image_height=\"100\"><img loading=\"lazy\" decoding=\"async\" class=\"aligncenter wp-image-60761 size-full\" src=\"https:\/\/www.radiopiu.net\/wordpress\/wp-content\/uploads\/2018\/09\/sport.jpg\" alt=\"\" width=\"800\" height=\"100\" srcset=\"https:\/\/www.radiopiu.net\/wordpress\/wp-content\/uploads\/2018\/09\/sport.jpg 800w, https:\/\/www.radiopiu.net\/wordpress\/wp-content\/uploads\/2018\/09\/sport-300x38.jpg 300w, https:\/\/www.radiopiu.net\/wordpress\/wp-content\/uploads\/2018\/09\/sport-768x96.jpg 768w\" sizes=\"auto, (max-width: 800px) 100vw, 800px\" \/><\/a><span style=\"color: #0000ff;\"><strong>\u00a0 \u00a0 \u00a0\u00a0<\/strong><\/span><\/p>\n<p><span style=\"color: #0000ff;\"><strong>\u00a0<\/strong><\/span><\/p>\n<p><span style=\"color: #0000ff;\"><strong>PALLAVOLO\u00a0<\/strong><\/span><\/p>\n<blockquote><p><a class=\"dt-pswp-item\" href=\"https:\/\/www.radiopiu.net\/wordpress\/wp-content\/uploads\/2024\/10\/Zappoli_concentrato_per_il_debutto-e1729068192727.jpg\" data-dt-img-description=\"Screenshot\" data-large_image_width=\"894\" data-large_image_height=\"1020\"><img loading=\"lazy\" decoding=\"async\" class=\"wp-image-414754 alignleft\" src=\"https:\/\/www.radiopiu.net\/wordpress\/wp-content\/uploads\/2024\/10\/Zappoli_concentrato_per_il_debutto-e1729068192727-263x300.jpg\" alt=\"\" width=\"99\" height=\"113\" srcset=\"https:\/\/www.radiopiu.net\/wordpress\/wp-content\/uploads\/2024\/10\/Zappoli_concentrato_per_il_debutto-e1729068192727-263x300.jpg 263w, https:\/\/www.radiopiu.net\/wordpress\/wp-content\/uploads\/2024\/10\/Zappoli_concentrato_per_il_debutto-e1729068192727-768x876.jpg 768w, https:\/\/www.radiopiu.net\/wordpress\/wp-content\/uploads\/2024\/10\/Zappoli_concentrato_per_il_debutto-e1729068192727.jpg 894w\" sizes=\"auto, (max-width: 99px) 100vw, 99px\" \/><\/a><\/p>\n<p><strong>Belluno Volley pronto per il derby veneto in Serie A3<\/strong><\/p><\/blockquote>\n<p>Il Belluno Volley esordir\u00e0 nel campionato di Serie A3 domenica 20 ottobre contro il Personal Time San Don\u00e0 di Piave all\u2019Arena di Lambioi. Enrico Guarienti Zappoli, nuovo schiacciatore della squadra, \u00e8 fiducioso nonostante le recenti sconfitte in pre-campionato, elogiando il clima di coesione e miglioramento costante. Zappoli invita i tifosi a sostenere la squadra, convinto che la serenit\u00e0 e il lavoro di gruppo saranno fondamentali per affrontare il derby con successo.<\/p>\n<p>&nbsp;<\/p>\n<p>&nbsp;<\/p>\n<hr \/>\n<p>&nbsp;<\/p>\n<h2><span style=\"color: #00ccff;\">GOODBYE BY BICICLE&#8230;UN VIAGGIO DALL&#8217;INDIA A SEREN DEL GRAPPA IN BICICLETTA<\/span><\/h2>\n<p><span style=\"color: #ff0000;\"><strong>PUNTATA 33 &#8211; FINALMENTE IN ITALIA<\/strong><\/span><\/p>\n<audio class=\"wp-audio-shortcode\" id=\"audio-414673-28\" preload=\"none\" style=\"width: 100%;\" controls=\"controls\"><source type=\"audio\/mpeg\" src=\"https:\/\/www.radiopiu.net\/wordpress\/wp-content\/uploads\/2024\/10\/AIRE-INDIA-PUNTATA-32.mp3?_=28\" \/><a href=\"https:\/\/www.radiopiu.net\/wordpress\/wp-content\/uploads\/2024\/10\/AIRE-INDIA-PUNTATA-32.mp3\">https:\/\/www.radiopiu.net\/wordpress\/wp-content\/uploads\/2024\/10\/AIRE-INDIA-PUNTATA-32.mp3<\/a><\/audio>\n<p>&nbsp;<\/p>\n<p><strong>PER VISITARE I SITI DEI LUOGHI VISITATI, CLICCA SULLE SEGUENTI SCRITTE: <a href=\"https:\/\/www.instagram.com\/igiardinidipomona?igsh=MXNycHRmcDl0MGZxcA==\"><span style=\"color: #3366ff;\">I GIARDINI DI POMONA<\/span><\/a><\/strong><\/p>\n\n\t\t\t<style type='text\/css'>\n\t\t\t\t#gallery-2 {\n\t\t\t\t\tmargin: auto;\n\t\t\t\t}\n\t\t\t\t#gallery-2 .gallery-item {\n\t\t\t\t\tfloat: left;\n\t\t\t\t\tmargin-top: 10px;\n\t\t\t\t\ttext-align: center;\n\t\t\t\t\twidth: 25%;\n\t\t\t\t}\n\t\t\t\t#gallery-2 img {\n\t\t\t\t\tborder: 2px solid #cfcfcf;\n\t\t\t\t}\n\t\t\t\t#gallery-2 .gallery-caption {\n\t\t\t\t\tmargin-left: 0;\n\t\t\t\t}\n\t\t\t\t\/* see gallery_shortcode() in wp-includes\/media.php *\/\n\t\t\t<\/style>\n\t\t<div id='gallery-2' class='dt-gallery-container gallery galleryid-414673 gallery-columns-4 gallery-size-thumbnail'><dl class='gallery-item'>\n\t\t\t\t<dt class='gallery-icon landscape'>\n\t\t\t\t\t<a class=\"rollover\" href='https:\/\/www.radiopiu.net\/wordpress\/goodbye-by-bicicle-un-viaggio-dallindia-a-seren-del-grappa-in-bicicletta-39\/f00f6dba-ff77-4cc3-b4c1-4f41c3b0860f\/'><img loading=\"lazy\" decoding=\"async\" width=\"150\" height=\"150\" src=\"https:\/\/www.radiopiu.net\/wordpress\/wp-content\/uploads\/2024\/10\/f00f6dba-ff77-4cc3-b4c1-4f41c3b0860f-150x150.jpg\" class=\"attachment-thumbnail size-thumbnail\" alt=\"\" \/><\/a>\n\t\t\t\t<\/dt><\/dl><dl class='gallery-item'>\n\t\t\t\t<dt class='gallery-icon landscape'>\n\t\t\t\t\t<a class=\"rollover\" href='https:\/\/www.radiopiu.net\/wordpress\/goodbye-by-bicicle-un-viaggio-dallindia-a-seren-del-grappa-in-bicicletta-39\/d6739c9b-e9dd-43c3-bde6-1f3804294ebc\/'><img loading=\"lazy\" decoding=\"async\" width=\"150\" height=\"150\" src=\"https:\/\/www.radiopiu.net\/wordpress\/wp-content\/uploads\/2024\/10\/d6739c9b-e9dd-43c3-bde6-1f3804294ebc-150x150.jpg\" class=\"attachment-thumbnail size-thumbnail\" alt=\"\" \/><\/a>\n\t\t\t\t<\/dt><\/dl><dl class='gallery-item'>\n\t\t\t\t<dt class='gallery-icon landscape'>\n\t\t\t\t\t<a class=\"rollover\" href='https:\/\/www.radiopiu.net\/wordpress\/goodbye-by-bicicle-un-viaggio-dallindia-a-seren-del-grappa-in-bicicletta-39\/4d1e76f9-9280-4c1f-9de9-4ba0958fea90\/'><img loading=\"lazy\" decoding=\"async\" width=\"150\" height=\"150\" src=\"https:\/\/www.radiopiu.net\/wordpress\/wp-content\/uploads\/2024\/10\/4d1e76f9-9280-4c1f-9de9-4ba0958fea90-150x150.jpg\" class=\"attachment-thumbnail size-thumbnail\" alt=\"\" \/><\/a>\n\t\t\t\t<\/dt><\/dl><dl class='gallery-item'>\n\t\t\t\t<dt class='gallery-icon landscape'>\n\t\t\t\t\t<a class=\"rollover\" href='https:\/\/www.radiopiu.net\/wordpress\/goodbye-by-bicicle-un-viaggio-dallindia-a-seren-del-grappa-in-bicicletta-39\/d689e048-0af9-4c2e-aea0-111b3974f2d4\/'><img loading=\"lazy\" decoding=\"async\" width=\"150\" height=\"150\" src=\"https:\/\/www.radiopiu.net\/wordpress\/wp-content\/uploads\/2024\/10\/d689e048-0af9-4c2e-aea0-111b3974f2d4-150x150.jpg\" class=\"attachment-thumbnail size-thumbnail\" alt=\"\" \/><\/a>\n\t\t\t\t<\/dt><\/dl><br style=\"clear: both\" \/>\n\t\t\t<\/div>\n\n<p>&nbsp;<\/p>\n<p>&nbsp;<\/p>\n<p>&nbsp;<\/p>\n<p>&nbsp;<\/p>\n<\/div>\n","protected":false},"excerpt":{"rendered":"<p>******* &nbsp; &nbsp; AGORDO: IO POSSO, TU ARRANGIATI VIA INSURREZIONE, PARCHEGGIO CONDOMINIO LA CORTE\u2026.\u00a0 &nbsp; &nbsp; &nbsp; DILLO A RADIO PIU&#8230; IL LAGO DI ALLEGHE CHE FU E CHE SARA&#8217; Da Alleghe riceviamo e pubblichiamo: ..secondo la logica&#8230;ancora quanti anni di vita ha il lago di Alleghe? \u00a0 &nbsp; &nbsp; &nbsp; &nbsp; &nbsp; LA\u00a0 APP&hellip;<\/p>\n","protected":false},"author":4,"featured_media":414866,"comment_status":"closed","ping_status":"closed","sticky":false,"template":"","format":"standard","meta":{"_monsterinsights_skip_tracking":false,"_monsterinsights_sitenote_active":false,"_monsterinsights_sitenote_note":"","_monsterinsights_sitenote_category":0,"footnotes":""},"categories":[51,86,49],"tags":[],"class_list":["post-414673","post","type-post","status-publish","format-standard","has-post-thumbnail","hentry","category-evidenza-top","category-gr","category-news-18","category-51","category-86","category-49","description-off"],"img_url":"https:\/\/www.radiopiu.net\/wordpress\/wp-content\/uploads\/2024\/10\/il-danno_2.jpg","_links":{"self":[{"href":"https:\/\/www.radiopiu.net\/wordpress\/wp-json\/wp\/v2\/posts\/414673","targetHints":{"allow":["GET"]}}],"collection":[{"href":"https:\/\/www.radiopiu.net\/wordpress\/wp-json\/wp\/v2\/posts"}],"about":[{"href":"https:\/\/www.radiopiu.net\/wordpress\/wp-json\/wp\/v2\/types\/post"}],"author":[{"embeddable":true,"href":"https:\/\/www.radiopiu.net\/wordpress\/wp-json\/wp\/v2\/users\/4"}],"replies":[{"embeddable":true,"href":"https:\/\/www.radiopiu.net\/wordpress\/wp-json\/wp\/v2\/comments?post=414673"}],"version-history":[{"count":28,"href":"https:\/\/www.radiopiu.net\/wordpress\/wp-json\/wp\/v2\/posts\/414673\/revisions"}],"predecessor-version":[{"id":414948,"href":"https:\/\/www.radiopiu.net\/wordpress\/wp-json\/wp\/v2\/posts\/414673\/revisions\/414948"}],"wp:featuredmedia":[{"embeddable":true,"href":"https:\/\/www.radiopiu.net\/wordpress\/wp-json\/wp\/v2\/media\/414866"}],"wp:attachment":[{"href":"https:\/\/www.radiopiu.net\/wordpress\/wp-json\/wp\/v2\/media?parent=414673"}],"wp:term":[{"taxonomy":"category","embeddable":true,"href":"https:\/\/www.radiopiu.net\/wordpress\/wp-json\/wp\/v2\/categories?post=414673"},{"taxonomy":"post_tag","embeddable":true,"href":"https:\/\/www.radiopiu.net\/wordpress\/wp-json\/wp\/v2\/tags?post=414673"}],"curies":[{"name":"wp","href":"https:\/\/api.w.org\/{rel}","templated":true}]}}