{"id":414696,"date":"2024-10-16T05:48:04","date_gmt":"2024-10-16T03:48:04","guid":{"rendered":"https:\/\/www.radiopiu.net\/wordpress\/?p=414696"},"modified":"2024-10-16T05:54:22","modified_gmt":"2024-10-16T03:54:22","slug":"dillo-a-radio-piu-paura-ad-agordo-per-quel-cane-incustodito","status":"publish","type":"post","link":"https:\/\/www.radiopiu.net\/wordpress\/dillo-a-radio-piu-paura-ad-agordo-per-quel-cane-incustodito\/","title":{"rendered":"DILLO A RADIO PIU&#8217;&#8230; PAURA AD AGORDO PER QUEL CANE &#8220;INCUSTODITO&#8221;"},"content":{"rendered":"<p>***<\/p>\n<p><strong>AGORDO<\/strong><\/p>\n<p><strong>Mauro a proposito di tossici e aggressioni\u00a0 &#8220;Abbiamo paura, perch\u00e8 chi di competenza non interviene? Il problema \u00e8 noto da tempo e ripeto se non si fosse capito: abbiamo paura!<\/strong><\/p>\n<p><em><img loading=\"lazy\" decoding=\"async\" class=\"alignleft\" src=\"https:\/\/www.radiopiu.net\/wordpress\/wp-content\/uploads\/2024\/10\/rottweiler-scaled.jpg\" width=\"260\" height=\"173\" \/>Non vedo provvedimenti reali anzi la situazione \u00e8 decisamente peggiorata, fino non molto tempo fa non erano in possesso di un cane di quella stazza, per una coppia normale non c\u2019\u00e8 niente di male ma in questo caso che una coppia tossicodipendente mi fa paura, pu\u00f2 essere usato per intimidire le persone puntando il cane verso qualsiasi cittadino pur di raggiungere il loro scopo.<\/em><\/p>\n<p><em> \u00c8 un bellissimo cane ma quando viene dato dei comandi fa veramente paura . Innanzitutto mi chiedo chi ha potuto vendergli il cane a quelle persone. E poi mi chiedo cosa aspettano chi di dovere a toglierlo dalle loro mani e consegnarlo a chi \u00e8 responsabile o alla peggio ad un canile. <\/em><\/p>\n<p>&nbsp;<\/p>\n<hr \/>\n<p>&nbsp;<\/p>\n","protected":false},"excerpt":{"rendered":"<p>*** AGORDO Mauro a proposito di tossici e aggressioni\u00a0 &#8220;Abbiamo paura, perch\u00e8 chi di competenza non interviene? Il problema \u00e8 noto da tempo e ripeto se non si fosse capito: abbiamo paura! Non vedo provvedimenti reali anzi la situazione \u00e8 decisamente peggiorata, fino non molto tempo fa non erano in possesso di un cane di&hellip;<\/p>\n","protected":false},"author":4,"featured_media":414697,"comment_status":"closed","ping_status":"closed","sticky":false,"template":"","format":"standard","meta":{"_monsterinsights_skip_tracking":false,"_monsterinsights_sitenote_active":false,"_monsterinsights_sitenote_note":"","_monsterinsights_sitenote_category":0,"footnotes":""},"categories":[51,49],"tags":[],"class_list":["post-414696","post","type-post","status-publish","format-standard","has-post-thumbnail","hentry","category-evidenza-top","category-news-18","category-51","category-49","description-off"],"img_url":"https:\/\/www.radiopiu.net\/wordpress\/wp-content\/uploads\/2024\/10\/rottweiler-scaled.jpg","_links":{"self":[{"href":"https:\/\/www.radiopiu.net\/wordpress\/wp-json\/wp\/v2\/posts\/414696","targetHints":{"allow":["GET"]}}],"collection":[{"href":"https:\/\/www.radiopiu.net\/wordpress\/wp-json\/wp\/v2\/posts"}],"about":[{"href":"https:\/\/www.radiopiu.net\/wordpress\/wp-json\/wp\/v2\/types\/post"}],"author":[{"embeddable":true,"href":"https:\/\/www.radiopiu.net\/wordpress\/wp-json\/wp\/v2\/users\/4"}],"replies":[{"embeddable":true,"href":"https:\/\/www.radiopiu.net\/wordpress\/wp-json\/wp\/v2\/comments?post=414696"}],"version-history":[{"count":2,"href":"https:\/\/www.radiopiu.net\/wordpress\/wp-json\/wp\/v2\/posts\/414696\/revisions"}],"predecessor-version":[{"id":414700,"href":"https:\/\/www.radiopiu.net\/wordpress\/wp-json\/wp\/v2\/posts\/414696\/revisions\/414700"}],"wp:featuredmedia":[{"embeddable":true,"href":"https:\/\/www.radiopiu.net\/wordpress\/wp-json\/wp\/v2\/media\/414697"}],"wp:attachment":[{"href":"https:\/\/www.radiopiu.net\/wordpress\/wp-json\/wp\/v2\/media?parent=414696"}],"wp:term":[{"taxonomy":"category","embeddable":true,"href":"https:\/\/www.radiopiu.net\/wordpress\/wp-json\/wp\/v2\/categories?post=414696"},{"taxonomy":"post_tag","embeddable":true,"href":"https:\/\/www.radiopiu.net\/wordpress\/wp-json\/wp\/v2\/tags?post=414696"}],"curies":[{"name":"wp","href":"https:\/\/api.w.org\/{rel}","templated":true}]}}