{"id":414890,"date":"2024-10-18T05:26:30","date_gmt":"2024-10-18T03:26:30","guid":{"rendered":"https:\/\/www.radiopiu.net\/wordpress\/?p=414890"},"modified":"2024-10-18T08:28:21","modified_gmt":"2024-10-18T06:28:21","slug":"giornale-radiopiu-18-ottobre-2024-direttore-mirko-mezzacasada-41-anni-25-giugno-1983-25-giugno-2024","status":"publish","type":"post","link":"https:\/\/www.radiopiu.net\/wordpress\/giornale-radiopiu-18-ottobre-2024-direttore-mirko-mezzacasada-41-anni-25-giugno-1983-25-giugno-2024\/","title":{"rendered":"GIORNALE RADIOPIU 18 OTTOBRE 2024 DIRETTORE MIRKO MEZZACASA\u2026DA 41 ANNI 25 GIUGNO 1983-25 GIUGNO 2024"},"content":{"rendered":"<p>*******<\/p>\n<p>&nbsp;<\/p>\n<p><em><span style=\"color: #ff0000;\"><a class=\"dt-pswp-item\" href=\"https:\/\/www.radiopiu.net\/wordpress\/wp-content\/uploads\/2024\/10\/Senza-nome-8.png\" data-dt-img-description=\"\" data-large_image_width=\"343\" data-large_image_height=\"303\"><img loading=\"lazy\" decoding=\"async\" class=\"wp-image-412130 alignleft\" src=\"https:\/\/www.radiopiu.net\/wordpress\/wp-content\/uploads\/2024\/10\/Senza-nome-8-300x265.png\" alt=\"\" width=\"105\" height=\"93\" srcset=\"https:\/\/www.radiopiu.net\/wordpress\/wp-content\/uploads\/2024\/10\/Senza-nome-8-300x265.png 300w, https:\/\/www.radiopiu.net\/wordpress\/wp-content\/uploads\/2024\/10\/Senza-nome-8.png 343w\" sizes=\"auto, (max-width: 105px) 100vw, 105px\" \/><\/a><\/span><\/em><strong><em><span style=\"color: #ff0000;\"> LA\u00a0 APP PER IOS-IPHONE di Nicola Vettorello<\/span><\/em><\/strong><\/p>\n<p><strong><span style=\"color: #0000ff;\"><a style=\"color: #0000ff;\" href=\"https:\/\/apps.apple.com\/it\/app\/radio-pi%C3%B9-emittente-agordina\/id1515939845\">https:\/\/apps.apple.com\/it\/app\/radio-pi%C3%B9-emittente-agordina\/id1515939845<\/a><\/span><\/strong><\/p>\n<p><strong><em style=\"color: #ff0000;\">LA\u00a0 APP RADIO\u00a0 PER ANDROID di Nicola Vettorello<\/em><\/strong><\/p>\n<p><strong><span style=\"color: #0000ff;\"><a style=\"color: #0000ff;\" href=\"https:\/\/play.google.com\/store\/apps\/details?id=net.radiopiu.iniko\" target=\"_blank\" rel=\"noopener noreferrer\">https:\/\/<\/a><a style=\"color: #0000ff;\" href=\"https:\/\/play.google.com\/store\/apps\/details?id=net.radiopiu.iniko\" target=\"_blank\" rel=\"noopener noreferrer\">play.google.com\/store\/apps\/details?id=net.radiopiu.iniko\u00a0\u00a0\u00a0<\/a><\/span><\/strong><\/p>\n<p>&nbsp;<\/p>\n<p>&nbsp;<\/p>\n<hr \/>\n<div dir=\"auto\"><\/div>\n<div dir=\"auto\"><\/div>\n<p><strong><a class=\"dt-pswp-item\" href=\"https:\/\/www.radiopiu.net\/wordpress\/wp-content\/uploads\/2024\/10\/Senza-nome-81.png\" data-dt-img-description=\"\" data-large_image_width=\"368\" data-large_image_height=\"286\"><img loading=\"lazy\" decoding=\"async\" class=\" wp-image-415096 alignleft\" src=\"https:\/\/www.radiopiu.net\/wordpress\/wp-content\/uploads\/2024\/10\/Senza-nome-81-300x233.png\" alt=\"\" width=\"216\" height=\"168\" srcset=\"https:\/\/www.radiopiu.net\/wordpress\/wp-content\/uploads\/2024\/10\/Senza-nome-81-300x233.png 300w, https:\/\/www.radiopiu.net\/wordpress\/wp-content\/uploads\/2024\/10\/Senza-nome-81.png 368w\" sizes=\"auto, (max-width: 216px) 100vw, 216px\" \/><\/a>OGGI ALLA RADIO&#8230;.<\/strong> <span style=\"color: #ff0000;\">ALLE 4 E ALLE 6<\/span> LE NOTIZIE DALL&#8217;ITALIA E DAL MONDO <span style=\"color: #ff0000;\"> 0500 <span style=\"color: #0000ff;\">l&#8217;almanacco della nostra gente con il MUSLA\u00a0<\/span><\/span><span style=\"color: #ff0000;\"> 6.15<\/span> PIROLE DE LENGA A CURA DEL MUSLA <span style=\"color: #ff0000;\">7.10<\/span> speciale cinema dolomiti di FALCADE con Paola Lanciato la presentazione del film del fine settimana<span style=\"color: #ff0000;\"> 7.20<\/span> EL BAL DEL FIORI, DETTI E TRADIZIONI DI GIULIANA DA RONCH <span style=\"color: #ff0000;\">8.05<\/span> LA RASSEGNA STAMPA LOCALE<span style=\"color: #ff0000;\"> 8.30 <span style=\"color: #000000;\">PIU&#8217; SIAMO CON MARINA DONA&#8217;<\/span><span style=\"color: #000000;\">\u00a0\u00a0<\/span> 900 <span style=\"color: #0000ff;\">premier le novit\u00e0 musicali di MARCO GAZ\u00a0 <\/span><\/span><span style=\"color: #ff0000;\"><span style=\"color: #000000;\">\u00a0<\/span><\/span><span style=\"color: #ff0000;\">9.40<\/span> VIABILITA&#8217; CON BOTOL CAR SERVICE (AGORDO-SEDICO-FELTRE) 9.45 ANNI OTTANTA, LE SELEZIONI DI MONICA FONTANIVE <span style=\"color: #ff0000;\">10 10<\/span> musla le nove in ladin <span style=\"color: #ff0000;\">10.30<\/span>\u00a0 CASSA SOLIDARIETA&#8217; AZIENDALE LAVORATORI LUXOTTICA, CON FABRIZIO CAMPEDEL <span style=\"color: #0000ff;\">11 10<\/span> paola lanciato emozione continua un secolo di radio piu&#8217; 41 di musica <span style=\"color: #ff0000;\">11.40<\/span> FESTIVALBAR STORY DI ATHOS DJ DAVID BEN\u00a0 \u00a0 <span style=\"color: #ff0000;\">12.00<\/span> VA TUTTO LISCIO\u00a0 <span style=\"color: #ff0000;\">12.30<\/span> GIORNALE RADIO PRINCIPALE \u00a0<span style=\"color: #ff0000;\">13.20<\/span> FOGLIE E CASTAGNE DI MARINA DONA&#8217; <span style=\"color: #ff0000;\">\u00a0<\/span><span style=\"color: #ff0000;\">14.00 <span style=\"color: #000000;\">GOLDEN CLASSIC CON MARCO EDELVAIS<\/span> 15.10<\/span>\u00a0 WEEK END MARINA C&#8217;E&#8217;\u00a0 <span style=\"color: #ff0000;\">16<\/span> IL ROCK DI MARCO COSTANTINI \u00a0<span style=\"color: #ff0000;\">1645<\/span> LE HIT DI MIRCO BENCIVENNI <span style=\"color: #ff0000;\">18.00<\/span> PIU&#8217; DANCE LE SELEZIONI CHE FANNO SALTARE DI DJ JACK, JACOPO DEL TEDESCO <span style=\"color: #ff0000;\">19.00 <span style=\"color: #000000;\">LE ANTICIPAZIONI DAL TG DI ANTENNA 3 DI TIZIANA BOLOGNANI\u00a0 (FOTO)<\/span><\/span><\/p>\n<p><strong>rassegna stampa nazionale,<\/strong> ogni giorno alle 5 e alle 6 del mattino<br \/>\ngiornali locali 7 rassegna stampa flash, 8 rassegna stampa, gr flash alle 10 e alle 11, principale 12.30. Informazione pomeriggio alle 15 (speciale) 16, 17, 18. Giornale radio nazionale: ogni ora dalle 5 del mattino, alle 20 della sera.<\/p>\n<p>&nbsp;<\/p>\n<p>&nbsp;<\/p>\n<hr \/>\n<p>&nbsp;<\/p>\n<p>&nbsp;<\/p>\n<div class=\"x11i5rnm xat24cr x1mh8g0r x1vvkbs xtlvy1s x126k92a\">\n<div dir=\"auto\">\n<div dir=\"auto\">\n<p><strong><a class=\"dt-pswp-item\" href=\"https:\/\/www.radiopiu.net\/wordpress\/wp-content\/uploads\/2024\/02\/2d44e751-d8a8-461b-8e22-d8e4e853b032.jpg\" data-dt-img-description=\"\" data-large_image_width=\"1600\" data-large_image_height=\"1200\"><img loading=\"lazy\" decoding=\"async\" class=\"wp-image-373307 alignleft\" src=\"https:\/\/www.radiopiu.net\/wordpress\/wp-content\/uploads\/2024\/02\/2d44e751-d8a8-461b-8e22-d8e4e853b032-300x225.jpg\" alt=\"\" width=\"105\" height=\"79\" srcset=\"https:\/\/www.radiopiu.net\/wordpress\/wp-content\/uploads\/2024\/02\/2d44e751-d8a8-461b-8e22-d8e4e853b032-300x225.jpg 300w, https:\/\/www.radiopiu.net\/wordpress\/wp-content\/uploads\/2024\/02\/2d44e751-d8a8-461b-8e22-d8e4e853b032-1024x768.jpg 1024w, https:\/\/www.radiopiu.net\/wordpress\/wp-content\/uploads\/2024\/02\/2d44e751-d8a8-461b-8e22-d8e4e853b032-768x576.jpg 768w, https:\/\/www.radiopiu.net\/wordpress\/wp-content\/uploads\/2024\/02\/2d44e751-d8a8-461b-8e22-d8e4e853b032-1536x1152.jpg 1536w, https:\/\/www.radiopiu.net\/wordpress\/wp-content\/uploads\/2024\/02\/2d44e751-d8a8-461b-8e22-d8e4e853b032.jpg 1600w\" sizes=\"auto, (max-width: 105px) 100vw, 105px\" \/><\/a>EL BAL DEL FIOR, DI GIULIANA DA RONCH, 18 OTTOBRE<\/strong><strong>\u00a02024<\/strong><\/p>\n<p>&nbsp;<\/p>\n<\/div>\n<\/div>\n<\/div>\n<div>\n<audio class=\"wp-audio-shortcode\" id=\"audio-414890-1\" preload=\"none\" style=\"width: 100%;\" controls=\"controls\"><source type=\"audio\/mpeg\" src=\"https:\/\/www.radiopiu.net\/wordpress\/wp-content\/uploads\/2024\/10\/GVE-1.mp3?_=1\" \/><a href=\"https:\/\/www.radiopiu.net\/wordpress\/wp-content\/uploads\/2024\/10\/GVE-1.mp3\">https:\/\/www.radiopiu.net\/wordpress\/wp-content\/uploads\/2024\/10\/GVE-1.mp3<\/a><\/audio>\n<p>&nbsp;<\/p>\n<\/div>\n<hr \/>\n<p>&nbsp;<\/p>\n<div class=\"x11i5rnm xat24cr x1mh8g0r x1vvkbs xtlvy1s x126k92a\">\n<h1><span style=\"color: #ff0000;\"><a class=\"dt-pswp-item\" href=\"https:\/\/www.radiopiu.net\/wordpress\/wp-content\/uploads\/2024\/06\/th-5.jpg\" data-dt-img-description=\"\" data-large_image_width=\"326\" data-large_image_height=\"180\"><img loading=\"lazy\" decoding=\"async\" class=\"size-medium wp-image-395881 alignleft\" src=\"https:\/\/www.radiopiu.net\/wordpress\/wp-content\/uploads\/2024\/06\/th-5-300x166.jpg\" alt=\"\" width=\"300\" height=\"166\" srcset=\"https:\/\/www.radiopiu.net\/wordpress\/wp-content\/uploads\/2024\/06\/th-5-300x166.jpg 300w, https:\/\/www.radiopiu.net\/wordpress\/wp-content\/uploads\/2024\/06\/th-5.jpg 326w\" sizes=\"auto, (max-width: 300px) 100vw, 300px\" \/><\/a><\/span><\/h1>\n<h1><\/h1>\n<h1><\/h1>\n<h1><span style=\"color: #000000;\">18 OTTOBRE&#8230; alla radio l&#8217;almanacco\u00a0<\/span><\/h1>\n<audio class=\"wp-audio-shortcode\" id=\"audio-414890-2\" preload=\"none\" style=\"width: 100%;\" controls=\"controls\"><source type=\"audio\/mpeg\" src=\"https:\/\/www.radiopiu.net\/wordpress\/wp-content\/uploads\/2024\/10\/ALMANACCONEW-14.mp3?_=2\" \/><a href=\"https:\/\/www.radiopiu.net\/wordpress\/wp-content\/uploads\/2024\/10\/ALMANACCONEW-14.mp3\">https:\/\/www.radiopiu.net\/wordpress\/wp-content\/uploads\/2024\/10\/ALMANACCONEW-14.mp3<\/a><\/audio>\n<p>&nbsp;<\/p>\n<p>&nbsp;<\/p>\n<hr \/>\n<p>&nbsp;<\/p>\n<p>&nbsp;<\/p>\n<blockquote>\n<h1><strong><a class=\"dt-pswp-item\" href=\"https:\/\/www.radiopiu.net\/wordpress\/wp-content\/uploads\/2024\/10\/629301fd-708d-4f53-95c2-d28cbefd500f.jpg\" data-dt-img-description=\"\" data-large_image_width=\"1600\" data-large_image_height=\"1322\"><img loading=\"lazy\" decoding=\"async\" class=\"wp-image-413782 alignleft\" src=\"https:\/\/www.radiopiu.net\/wordpress\/wp-content\/uploads\/2024\/10\/629301fd-708d-4f53-95c2-d28cbefd500f-300x248.jpg\" alt=\"\" width=\"186\" height=\"154\" srcset=\"https:\/\/www.radiopiu.net\/wordpress\/wp-content\/uploads\/2024\/10\/629301fd-708d-4f53-95c2-d28cbefd500f-300x248.jpg 300w, https:\/\/www.radiopiu.net\/wordpress\/wp-content\/uploads\/2024\/10\/629301fd-708d-4f53-95c2-d28cbefd500f-1024x846.jpg 1024w, https:\/\/www.radiopiu.net\/wordpress\/wp-content\/uploads\/2024\/10\/629301fd-708d-4f53-95c2-d28cbefd500f-768x635.jpg 768w, https:\/\/www.radiopiu.net\/wordpress\/wp-content\/uploads\/2024\/10\/629301fd-708d-4f53-95c2-d28cbefd500f-1536x1269.jpg 1536w, https:\/\/www.radiopiu.net\/wordpress\/wp-content\/uploads\/2024\/10\/629301fd-708d-4f53-95c2-d28cbefd500f.jpg 1600w\" sizes=\"auto, (max-width: 186px) 100vw, 186px\" \/><\/a>N di parom &#8211; L Almanach de la nosta jent<\/strong><\/h1>\n<\/blockquote>\n<p>Le voci: Davide Conedera, Agordo, Michela Dell&#8217;Osbel, La Valle Agordina Simone Ganz, Falcade Veronica Lezuo, Colle Santa Lucia. La voce nella sigla \u00e8 di Giorgia Taio<\/p>\n<p><strong>LA PUNTATA DI OGGI, 18 OTTOBRE<\/strong><\/p>\n<audio class=\"wp-audio-shortcode\" id=\"audio-414890-3\" preload=\"none\" style=\"width: 100%;\" controls=\"controls\"><source type=\"audio\/mpeg\" src=\"https:\/\/www.radiopiu.net\/wordpress\/wp-content\/uploads\/2024\/10\/18_otober_Davide.mp3?_=3\" \/><a href=\"https:\/\/www.radiopiu.net\/wordpress\/wp-content\/uploads\/2024\/10\/18_otober_Davide.mp3\">https:\/\/www.radiopiu.net\/wordpress\/wp-content\/uploads\/2024\/10\/18_otober_Davide.mp3<\/a><\/audio>\n<p>&nbsp;<\/p>\n<\/div>\n<div class=\"x11i5rnm xat24cr x1mh8g0r x1vvkbs xtlvy1s x126k92a\">\n<p>&nbsp;<\/p>\n<div dir=\"auto\">\n<hr \/>\n<\/div>\n<\/div>\n<blockquote>\n<blockquote>\n<h1><span style=\"color: #ff0000;\">\u00a0<\/span><\/h1>\n<h1><span style=\"color: #ff0000;\">I podcast informativi del mattino &#8211; audio &#8211;\u00a0\u00a0<\/span><\/h1>\n<\/blockquote>\n<p><strong><a class=\"dt-pswp-item\" href=\"https:\/\/www.radiopiu.net\/wordpress\/wp-content\/uploads\/2023\/11\/th-10.jpg\" data-dt-img-description=\"\" data-large_image_width=\"320\" data-large_image_height=\"180\"><img loading=\"lazy\" decoding=\"async\" class=\"wp-image-362866 alignleft\" src=\"https:\/\/www.radiopiu.net\/wordpress\/wp-content\/uploads\/2023\/11\/th-10-300x169.jpg\" alt=\"\" width=\"185\" height=\"104\" srcset=\"https:\/\/www.radiopiu.net\/wordpress\/wp-content\/uploads\/2023\/11\/th-10-300x169.jpg 300w, https:\/\/www.radiopiu.net\/wordpress\/wp-content\/uploads\/2023\/11\/th-10.jpg 320w\" sizes=\"auto, (max-width: 185px) 100vw, 185px\" \/><\/a>LA RASSEGNA STAMPA NAZIONALE ALLA RADIO, OGNI GIORNO ALLE 5 E ALLE 6 DEL MATTINO <span style=\"color: #0000ff;\">viene pubblicata alle 6.00 <span style=\"color: #ff0000;\">DIRETTA RADIO\u00a0 \u00a0\u00a0<\/span><\/span><\/strong><\/p><\/blockquote>\n<p>&nbsp;<\/p>\n<p><strong>NOTIZIE DELLA NOTTE<br \/>\n<\/strong><\/p>\n<p>&nbsp;<\/p>\n<p><strong>L&#8217;oro<\/strong> a nuovi record, supera quota 2.700 dollari <strong>Payne<\/strong>, morte dovuta a crisi psicotica per abuso di droghe<br \/>\n<strong>Harry Styles<\/strong> su Liam Payne, &#8216;mi mancher\u00e0&#8217; <strong>Iran<\/strong>,spirito resistenza sar\u00e0 rinforzato da martirio Sinwar <strong>Obama,<\/strong> &#8216;Kamala ha lottato tutta la vita per chi ha bisogno&#8217; <strong>Hezbollah,<\/strong> &#8216;al via nuova fase della guerra contro Israele <strong>Biden<\/strong> arrivato a Berlino, pi\u00f9 speranzoso su tregua a Gaza <strong>Von der Leyen<\/strong>, &#8216;protezione migranti non per forza in Ue&#8217;<\/p>\n<h2>AUDIO dalle 6 del mattino<\/h2>\n<audio class=\"wp-audio-shortcode\" id=\"audio-414890-4\" preload=\"none\" style=\"width: 100%;\" controls=\"controls\"><source type=\"audio\/mpeg\" src=\"https:\/\/www.radiopiu.net\/wordpress\/wp-content\/uploads\/2024\/10\/GIORNALEDELLESEI-15.mp3?_=4\" \/><a href=\"https:\/\/www.radiopiu.net\/wordpress\/wp-content\/uploads\/2024\/10\/GIORNALEDELLESEI-15.mp3\">https:\/\/www.radiopiu.net\/wordpress\/wp-content\/uploads\/2024\/10\/GIORNALEDELLESEI-15.mp3<\/a><\/audio>\n<p>&nbsp;<\/p>\n<p>&nbsp;<\/p>\n<p>&nbsp;<\/p>\n<hr \/>\n<p>&nbsp;<\/p>\n<h1 style=\"text-align: center;\"><span style=\"color: #ff0000;\">I podcast informativi del mattino &#8211; audio &#8211;\u00a0<\/span><\/h1>\n<p><strong><a class=\"dt-pswp-item\" href=\"https:\/\/www.radiopiu.net\/wordpress\/wp-content\/uploads\/2023\/12\/images.png\" data-dt-img-description=\"\" data-large_image_width=\"316\" data-large_image_height=\"160\"><img loading=\"lazy\" decoding=\"async\" class=\"wp-image-367008 alignleft\" src=\"https:\/\/www.radiopiu.net\/wordpress\/wp-content\/uploads\/2023\/12\/images-300x152.png\" alt=\"\" width=\"235\" height=\"119\" srcset=\"https:\/\/www.radiopiu.net\/wordpress\/wp-content\/uploads\/2023\/12\/images-300x152.png 300w, https:\/\/www.radiopiu.net\/wordpress\/wp-content\/uploads\/2023\/12\/images.png 316w\" sizes=\"auto, (max-width: 235px) 100vw, 235px\" \/><\/a>OGNI GIORNO ALLE SETTE DEL MATTINO, LA RASSEGNA STAMPA LOCALE FLASH&#8230; PER CHI VA IN FRETTA. I TITOLI DAI GIORNALI E DAL SITO WWW.RADIOPIU.NET <span style=\"color: #0000ff;\">viene pubblicato alle 7.00<\/span> <span style=\"color: #ff0000;\">DIRETTA RADIO\u00a0<\/span><\/strong><\/p>\n<p><em><span style=\"color: #ff0000;\">per chi va in fretta&#8230; tante notizie in pochi minuti. L&#8217;informazione locale alla radio, ogni ora dalle 7 del mattino alle 19 della sera.\u00a0<\/span><\/em><\/p>\n<p>&nbsp;<\/p>\n<p><strong><a class=\"dt-pswp-item\" href=\"https:\/\/www.radiopiu.net\/wordpress\/wp-content\/uploads\/2024\/10\/th-14.jpg\" data-dt-img-description=\"\" data-large_image_width=\"320\" data-large_image_height=\"180\"><img loading=\"lazy\" decoding=\"async\" class=\" wp-image-414972 alignleft\" src=\"https:\/\/www.radiopiu.net\/wordpress\/wp-content\/uploads\/2024\/10\/th-14-300x169.jpg\" alt=\"\" width=\"227\" height=\"128\" srcset=\"https:\/\/www.radiopiu.net\/wordpress\/wp-content\/uploads\/2024\/10\/th-14-300x169.jpg 300w, https:\/\/www.radiopiu.net\/wordpress\/wp-content\/uploads\/2024\/10\/th-14.jpg 320w\" sizes=\"auto, (max-width: 227px) 100vw, 227px\" \/><\/a>203 AGORDINA, SEMAFORI TRA TAIBON E CENCENIGHE &#8211; <\/strong><strong>OGGI\u00a0 IN GALLERIA<\/strong><\/p>\n<p><strong>ACQUA NON POTABILE A VALLADA E CANALE D&#8217;AGORDO<\/strong><\/p>\n<p><strong>Seren del Grappa piange suor Lucia Olcelli<\/strong><\/p>\n<p><strong>Falsificazione di patenti, cinque denunce a Belluno\u00a0<\/strong><\/p>\n<p><strong>Aumentano i controlli contro le patenti false: scoperte falsificazioni anche a Belluno<\/strong><\/p>\n<p><strong>INCIDENTE AI CASONI DI BELLUNO: UN FERITO<\/strong><br \/>\n<strong>ALTVELOX ACCUSA LA PROVINCIA DI BELLUNO PER MANCATO AGGIORNAMENTO DEI PIANI DI SICUREZZA STRADALE<\/strong><br \/>\n<strong>ESSILORLUXOTTICA: FATTURATO IN AUMENTO DEL 4%<\/strong><br \/>\n<strong>Giovane cesiolino scopre resti di un soldato della Prima Guerra Mondiale<\/strong>3<br \/>\n<strong>Visita emozionante della Famiglia Benvegn\u00f9 all&#8217;Associazione Bellunesi nel Mondo<\/strong><br \/>\n<strong>GIOVANI &amp; FUTURO A PALAZZO PILONI PER PARLARE DI TRASPORTO PUBBLICO LOCALE<\/strong><\/p>\n<blockquote>\n<h1>AUDIO dalle 7 del mattino<\/h1>\n<\/blockquote>\n<audio class=\"wp-audio-shortcode\" id=\"audio-414890-5\" preload=\"none\" style=\"width: 100%;\" controls=\"controls\"><source type=\"audio\/mpeg\" src=\"https:\/\/www.radiopiu.net\/wordpress\/wp-content\/uploads\/2024\/10\/GF07-15.mp3?_=5\" \/><a href=\"https:\/\/www.radiopiu.net\/wordpress\/wp-content\/uploads\/2024\/10\/GF07-15.mp3\">https:\/\/www.radiopiu.net\/wordpress\/wp-content\/uploads\/2024\/10\/GF07-15.mp3<\/a><\/audio>\n<p>&nbsp;<\/p>\n<p>&nbsp;<\/p>\n<p>&nbsp;<\/p>\n<hr \/>\n<p>&nbsp;<\/p>\n<h1><\/h1>\n<h1 style=\"text-align: center;\"><span style=\"color: #ff0000;\"><a class=\"dt-pswp-item\" href=\"https:\/\/www.radiopiu.net\/wordpress\/wp-content\/uploads\/2022\/01\/026c3f9d-dae9-4040-a3c1-a6530231bcc3.jpg\" data-dt-img-description=\"\" data-large_image_width=\"1152\" data-large_image_height=\"2048\"><img loading=\"lazy\" decoding=\"async\" class=\"wp-image-251839 alignleft\" src=\"https:\/\/www.radiopiu.net\/wordpress\/wp-content\/uploads\/2022\/01\/026c3f9d-dae9-4040-a3c1-a6530231bcc3-169x300.jpg\" alt=\"\" width=\"100\" height=\"177\" srcset=\"https:\/\/www.radiopiu.net\/wordpress\/wp-content\/uploads\/2022\/01\/026c3f9d-dae9-4040-a3c1-a6530231bcc3-169x300.jpg 169w, https:\/\/www.radiopiu.net\/wordpress\/wp-content\/uploads\/2022\/01\/026c3f9d-dae9-4040-a3c1-a6530231bcc3-576x1024.jpg 576w, https:\/\/www.radiopiu.net\/wordpress\/wp-content\/uploads\/2022\/01\/026c3f9d-dae9-4040-a3c1-a6530231bcc3-768x1365.jpg 768w, https:\/\/www.radiopiu.net\/wordpress\/wp-content\/uploads\/2022\/01\/026c3f9d-dae9-4040-a3c1-a6530231bcc3-864x1536.jpg 864w, https:\/\/www.radiopiu.net\/wordpress\/wp-content\/uploads\/2022\/01\/026c3f9d-dae9-4040-a3c1-a6530231bcc3.jpg 1152w\" sizes=\"auto, (max-width: 100px) 100vw, 100px\" \/><\/a>I podcast informativi del mattino &#8211; audio &#8211;\u00a0<\/span><\/h1>\n<blockquote><p><strong>GIORNALE RADIO NAZIONALE, EDIZIONE DELLE SETTE <span style=\"color: #0000ff;\">viene pubblicato alle 7.05 <span style=\"color: #ff0000;\">DIRETTA RADIO\u00a0<\/span><\/span><\/strong><\/p><\/blockquote>\n<p><strong>il giornale radionazionale e&#8217; in onda ogni ora, dalle sette del mattino alle venti della sera\u00a0 \u00a0<\/strong><strong>\u00a0<\/strong><\/p>\n<p><strong>Curve criminali<\/strong> L&#8217;inchiesta sugli ultr\u00e0, fermato il &#8216;vice&#8217; di Luca Lucci <strong>Marsala<\/strong> Corruzione e truffa, arrestati un ex senatore e politici locali <strong>L&#8217;inchiesta Sogei<\/strong> Il caso Starlink. Musk a Stroppa: &#8216;Mai arrendersi&#8217; <strong>Aggressioni e armi,<\/strong> la rete dei suprematisti minorenni Perquisizioni in tutta Italia, sequestrato anche un machete <strong>Ladro ucciso a forbiciate<\/strong> per un pugno di Gratta e vinci L&#8217;omicidio a Milano, 2 baristi arrestati per omicidio volontario <strong>Definitive le condanne<\/strong> per la morte di Desiree Mariottini Lo hanno deciso i giudici Cassazione <strong>A Senigallia<\/strong> i funerali di Leonardo. La madre: &#8216;Credo nella giustizia&#8217; Valditara avvia le verifiche e chiede approfondimenti <strong>Maltempo in Liguria<\/strong>, un morto. Allerta in cinque regioni\u00a0<span style=\"color: #000000;\"><strong> Psichiatra uccisa<\/strong>, Seung condannato all&#8217;ergastolo Sentenza della corte di Assise su omicidio di Barbara Capovani <\/span><strong>L&#8217;ex medico Giampaolo Amato<\/strong> condannato all&#8217;ergastolo Accusato a Bologna degli omicidi della moglie e della suocera<\/p>\n<p><span style=\"color: #ff0000;\">EDIZIONE DELLE 20, DEL 17 OTTOBRE 2024<\/span><\/p>\n<audio class=\"wp-audio-shortcode\" id=\"audio-414890-6\" preload=\"none\" style=\"width: 100%;\" controls=\"controls\"><source type=\"audio\/mpeg\" src=\"https:\/\/www.radiopiu.net\/wordpress\/wp-content\/uploads\/2024\/10\/giornale07-30.mp3?_=6\" \/><a href=\"https:\/\/www.radiopiu.net\/wordpress\/wp-content\/uploads\/2024\/10\/giornale07-30.mp3\">https:\/\/www.radiopiu.net\/wordpress\/wp-content\/uploads\/2024\/10\/giornale07-30.mp3<\/a><\/audio>\n<p>&nbsp;<\/p>\n<p><span style=\"color: #ff0000;\">EDIZIONE DELLE 19, DEL 17 OTTOBRE 2024, LO SPORT<\/span><\/p>\n<audio class=\"wp-audio-shortcode\" id=\"audio-414890-7\" preload=\"none\" style=\"width: 100%;\" controls=\"controls\"><source type=\"audio\/mpeg\" src=\"https:\/\/www.radiopiu.net\/wordpress\/wp-content\/uploads\/2024\/10\/gr-sport-15.mp3?_=7\" \/><a href=\"https:\/\/www.radiopiu.net\/wordpress\/wp-content\/uploads\/2024\/10\/gr-sport-15.mp3\">https:\/\/www.radiopiu.net\/wordpress\/wp-content\/uploads\/2024\/10\/gr-sport-15.mp3<\/a><\/audio>\n<h2><\/h2>\n<h2>AUDIO dalle sette del mattino, ogni ora alla radio<\/h2>\n<audio class=\"wp-audio-shortcode\" id=\"audio-414890-8\" preload=\"none\" style=\"width: 100%;\" controls=\"controls\"><source type=\"audio\/mpeg\" src=\"https:\/\/www.radiopiu.net\/wordpress\/wp-content\/uploads\/2024\/10\/giornale07-31.mp3?_=8\" \/><a href=\"https:\/\/www.radiopiu.net\/wordpress\/wp-content\/uploads\/2024\/10\/giornale07-31.mp3\">https:\/\/www.radiopiu.net\/wordpress\/wp-content\/uploads\/2024\/10\/giornale07-31.mp3<\/a><\/audio>\n<p>&nbsp;<\/p>\n<hr \/>\n<p>&nbsp;<\/p>\n<p>&nbsp;<\/p>\n<h1><span style=\"color: #ff0000;\"><a class=\"dt-pswp-item\" href=\"https:\/\/www.radiopiu.net\/wordpress\/wp-content\/uploads\/2024\/09\/GIORNALI.jpg\" data-dt-img-description=\"\" data-large_image_width=\"1280\" data-large_image_height=\"853\"><img loading=\"lazy\" decoding=\"async\" class=\" wp-image-410862 alignleft\" src=\"https:\/\/www.radiopiu.net\/wordpress\/wp-content\/uploads\/2024\/09\/GIORNALI-300x200.jpg\" alt=\"\" width=\"209\" height=\"139\" srcset=\"https:\/\/www.radiopiu.net\/wordpress\/wp-content\/uploads\/2024\/09\/GIORNALI-300x200.jpg 300w, https:\/\/www.radiopiu.net\/wordpress\/wp-content\/uploads\/2024\/09\/GIORNALI-1024x682.jpg 1024w, https:\/\/www.radiopiu.net\/wordpress\/wp-content\/uploads\/2024\/09\/GIORNALI-768x512.jpg 768w, https:\/\/www.radiopiu.net\/wordpress\/wp-content\/uploads\/2024\/09\/GIORNALI.jpg 1280w\" sizes=\"auto, (max-width: 209px) 100vw, 209px\" \/><\/a>I podcast informativi del mattino &#8211; video &#8211;\u00a0<\/span><\/h1>\n<h2 style=\"text-align: left;\"><strong>RASSEGNA STAMPA LOCALE, ORE OTTO 05<\/strong><\/h2>\n<h2><strong> <span style=\"color: #0000ff;\">viene\u00a0 <\/span><\/strong><strong><span style=\"color: #0000ff;\">pubblicata alle 8.05 <span style=\"color: #ff0000;\">DIRETTA RADIO\u00a0 \u00a0<\/span><\/span><\/strong><strong>DI MIRKO MEZZACASA<\/strong><\/h2>\n<h2><span style=\"color: #ff0000;\"><strong>VIDEO\u00a0 \u00a0in diretta dalle 8 del mattino\u00a0 \u00a0<\/strong><\/span><\/h2>\n<p>&nbsp;<\/p>\n<p>&nbsp;<\/p>\n<h1><span style=\"color: #0000ff;\"><strong><a style=\"color: #0000ff;\" href=\"https:\/\/www.facebook.com\/radiopiu\/videos\/566266785926191\">PODCAST CLICCA QUI<\/a><\/strong><\/span><\/h1>\n<p>&nbsp;<\/p>\n<hr \/>\n<p>&nbsp;<\/p>\n<blockquote>\n<h2><strong><img loading=\"lazy\" decoding=\"async\" class=\"alignleft\" src=\"https:\/\/www.radiopiu.net\/wordpress\/wp-content\/uploads\/2024\/10\/th-14.jpg\" width=\"265\" height=\"149\" \/><\/strong>203 AGORDINA, SEMAFORI TRA TAIBON E CENCENIGHE,<\/h2>\n<h2>OGGI\u00a0 IN GALLERIA<\/h2>\n<\/blockquote>\n<p>E mentre continua il disagio per chi si sposta lungo la regionale 203 agordina per il semaforo a Ronch di Bosc di Taibon (noto per il guasto alla condotta dell&#8217;acqua), viene anticipato che dal 21 ottobre sar\u00e0 istituito un secondo senso unico alternato tra Taibon e Cencenighe.\u00a0 Chiusura totale ai mezzi pesanti lungo la panoramica del Comelico e interruzioni fino a 30 minuti (con senso unico) per gli altri mezzi.<strong> Oggi senso unico alternato in galleria delle Anime a Cencenighe, fino alle 1830 dalle 8 del mattino.<\/strong><\/p>\n<p>&nbsp;<\/p>\n<p>&nbsp;<\/p>\n<hr \/>\n<p>&nbsp;<\/p>\n<p>&nbsp;<\/p>\n<p><strong><a class=\"dt-pswp-item\" href=\"https:\/\/www.radiopiu.net\/wordpress\/wp-content\/uploads\/2023\/12\/ANTENNA.png\" data-dt-img-description=\"\" data-large_image_width=\"300\" data-large_image_height=\"166\"><img loading=\"lazy\" decoding=\"async\" class=\" wp-image-366306 alignleft\" src=\"https:\/\/www.radiopiu.net\/wordpress\/wp-content\/uploads\/2023\/12\/ANTENNA.png\" alt=\"\" width=\"175\" height=\"97\" \/><\/a>ogni sera alle 19 le anticipazioni alla radio, quello che poi seguirete nel TELEGIORNALE BELLUNESE\u00a0 in onda alle 19.30 sul CANALE 10 del digitale terrestre.\u00a0\u00a0<\/strong><\/p>\n<p>&nbsp;<\/p>\n<p><strong>\u00a0<\/strong><\/p>\n<p><strong>LE ANTICIPAZIONI DAL TG DI ANTENNA 3, DI\u00a0 TIZIANA BOLOGNANI<\/strong><\/p>\n<audio class=\"wp-audio-shortcode\" id=\"audio-414890-9\" preload=\"none\" style=\"width: 100%;\" controls=\"controls\"><source type=\"audio\/mpeg\" src=\"https:\/\/www.radiopiu.net\/wordpress\/wp-content\/uploads\/2024\/10\/ANTENNA3-11.mp3?_=9\" \/><a href=\"https:\/\/www.radiopiu.net\/wordpress\/wp-content\/uploads\/2024\/10\/ANTENNA3-11.mp3\">https:\/\/www.radiopiu.net\/wordpress\/wp-content\/uploads\/2024\/10\/ANTENNA3-11.mp3<\/a><\/audio>\n<h1 class=\"_title post-title entry-title\"><\/h1>\n<p>&nbsp;<\/p>\n<h1 class=\"_title post-title entry-title\">MOBILITA\u2019, IL PUNTO SUI CANTIERI. SULL\u2019AGORDINA<\/h1>\n<p>Intervistati ELISA DE BERTI (ASSESSORA LLPP, INFRASTRUTTURE, TRASPORTI REGIONE VENETO) (Servizio di\u00a0<a href=\"https:\/\/antennatre.medianordest.it\/redazione\/Tiziana-Bolognani\/\">Tiziana Bolognani<\/a>)<\/p>\n<p><iframe loading=\"lazy\" title=\"MOBILITA&#039;, IL PUNTO SUI CANTIERI. SULL&#039;AGORDINA, DE BERTI: \u00abPROVINCIA DICA QUAL E&#039; L... | 17\/10\/2024\" width=\"1200\" height=\"675\" src=\"https:\/\/www.youtube.com\/embed\/4PnFDhmJIBw?feature=oembed\" frameborder=\"0\" allow=\"accelerometer; autoplay; clipboard-write; encrypted-media; gyroscope; picture-in-picture; web-share\" referrerpolicy=\"strict-origin-when-cross-origin\" allowfullscreen><\/iframe><\/p>\n<hr \/>\n<p><strong>\u00a0 \u00a0 \u00a0<\/strong><\/p>\n<blockquote>\n<h3>ACQUA NON POTABILE A VALLADA E CANALE D&#8217;AGORDO<\/h3>\n<\/blockquote>\n<p><strong><a class=\"dt-pswp-item\" href=\"https:\/\/www.radiopiu.net\/wordpress\/wp-content\/uploads\/2023\/01\/bicchiere-acqua.png\" data-dt-img-description=\"\" data-large_image_width=\"1800\" data-large_image_height=\"1166\"><img loading=\"lazy\" decoding=\"async\" class=\" wp-image-315608 alignleft\" src=\"https:\/\/www.radiopiu.net\/wordpress\/wp-content\/uploads\/2023\/01\/bicchiere-acqua-300x194.png\" alt=\"\" width=\"159\" height=\"103\" srcset=\"https:\/\/www.radiopiu.net\/wordpress\/wp-content\/uploads\/2023\/01\/bicchiere-acqua-300x194.png 300w, https:\/\/www.radiopiu.net\/wordpress\/wp-content\/uploads\/2023\/01\/bicchiere-acqua-1024x663.png 1024w, https:\/\/www.radiopiu.net\/wordpress\/wp-content\/uploads\/2023\/01\/bicchiere-acqua-768x497.png 768w, https:\/\/www.radiopiu.net\/wordpress\/wp-content\/uploads\/2023\/01\/bicchiere-acqua-1536x995.png 1536w, https:\/\/www.radiopiu.net\/wordpress\/wp-content\/uploads\/2023\/01\/bicchiere-acqua.png 1800w\" sizes=\"auto, (max-width: 159px) 100vw, 159px\" \/><\/a>REDAZIONE<\/strong> Gestione Servizi Pubblici informa che a Vallada Agordina nelle localit\u00e0 Toffol, Sacchet , Celat e Mas e a Canale D&#8217;Agordo nelle localit\u00e0 Capoluogo, Casate, Val e Calcergnan l&#8217;acqua erogata dall&#8217;acquedotto non \u00e8 potabile e pu\u00f2 essere usata per scopi alimentari solo previa bollitura. Per gli abitanti di Canale D&#8217;Agordo verr\u00e0 effettuato servizio sostitutivo con autobotte in piazza Papa Luciani mentre gli utenti di Vallada potranno fornirsi di acqua potabile presso la cisterna situata vicino alla Chiesa di Celat.<\/p>\n<p>&nbsp;<\/p>\n<hr \/>\n<p>&nbsp;<\/p>\n<blockquote><p><strong><a class=\"dt-pswp-item\" href=\"https:\/\/www.radiopiu.net\/wordpress\/wp-content\/uploads\/2024\/10\/Senza-nome-82.png\" data-dt-img-description=\"\" data-large_image_width=\"219\" data-large_image_height=\"212\"><img loading=\"lazy\" decoding=\"async\" class=\"wp-image-415097 alignleft\" src=\"https:\/\/www.radiopiu.net\/wordpress\/wp-content\/uploads\/2024\/10\/Senza-nome-82.png\" alt=\"\" width=\"134\" height=\"130\" \/><\/a>Seren del Grappa piange suor Lucia Olcelli<\/strong><\/p><\/blockquote>\n<p><strong>SEREN DEL GRAPPA<\/strong> La comunit\u00e0 di Seren del Grappa \u00e8 in lutto per la scomparsa di suor Lucia Olcelli, madre superiora per nove anni dell&#8217;asilo locale, chiuso nel giugno scorso. Suor Lucia, 77 anni, \u00e8 deceduta a Bergamo dopo una lunga malattia. Amata per il suo impegno con i bambini, ha lasciato un segno profondo nella comunit\u00e0.<\/p>\n<p>&nbsp;<\/p>\n<p>&nbsp;<\/p>\n<hr \/>\n<p>&nbsp;<\/p>\n<blockquote>\n<h1>Falsificazione di patenti, cinque denunce a Belluno<\/h1>\n<\/blockquote>\n<blockquote><p><em><img loading=\"lazy\" decoding=\"async\" class=\"alignleft\" src=\"https:\/\/www.radiopiu.net\/wordpress\/wp-content\/uploads\/2024\/10\/Senza-nome-75.png\" width=\"177\" height=\"212\" \/>Scoperto un giro di documenti falsi: cinque cittadini denunciati dalla Polizia Stradale. Gli indagati, cittadini extracomunitari di et\u00e0 compresa fra i 26 e 47 anni, residenti in provincia di Belluno e muniti di regolare permesso di soggiorno<\/em><\/p><\/blockquote>\n<p>&nbsp;<\/p>\n<div class=\"flex max-w-full flex-col flex-grow\">\n<div class=\"min-h-8 text-message flex w-full flex-col items-end gap-2 whitespace-normal break-words [.text-message+&amp;]:mt-5\" dir=\"auto\" data-message-author-role=\"assistant\" data-message-id=\"50c087c3-bf64-4832-8f67-6c0293a0056d\" data-message-model-slug=\"gpt-4o\">\n<div class=\"flex w-full flex-col gap-1 empty:hidden first:pt-[3px]\">\n<div class=\"markdown prose w-full break-words dark:prose-invert dark\">\n<p><strong>BELLUNO<\/strong> La Squadra di Polizia Giudiziaria della Polizia Stradale di Belluno ha concluso un\u2019indagine che ha portato alla denuncia di cinque cittadini extracomunitari per il possesso e l\u2019uso illecito di patenti comunitarie falsificate. Le patenti, apparentemente rilasciate in Polonia, erano state presentate per la conversione in titoli di guida italiani, ma risultavano contraffatte. In distinte azioni commesse tra gli anni 2022\/2024, avevano presentato Dichiarazioni mendaci e falsi certificati nel tentativo di trarre in inganno i funzionari degli Uffici Patenti presso la Motorizzazione Civile di Belluno a cui avevano richiesto la conversione delle loro Patenti apparentemente emesse dalle Autorit\u00e0 Polacche. L&#8217;indagine ha rivelato la falsit\u00e0 dei documenti, confermata dagli esperti della Polizia Scientifica di Padova. Gli indagati rischiano sanzioni amministrative e penali. Proseguono le indagini per individuare eventuali organizzazioni criminali coinvolte nella falsificazione e distribuzione dei documenti.<\/p>\n<\/div>\n<\/div>\n<\/div>\n<\/div>\n<div class=\"mb-2 flex gap-3 empty:hidden -ml-2\">\n<div class=\"items-center justify-start rounded-xl p-1 flex\">\n<div class=\"flex items-center\">\n<p>&nbsp;<\/p>\n<\/div>\n<\/div>\n<\/div>\n<p>&nbsp;<\/p>\n<hr \/>\n<div class=\"flex-shrink-0 flex flex-col relative items-end\">\n<div class=\"pt-0\">\n<div class=\"gizmo-bot-avatar flex h-8 w-8 items-center justify-center overflow-hidden rounded-full\">\n<div class=\"relative p-1 rounded-sm flex items-center justify-center bg-token-main-surface-primary text-token-text-primary h-8 w-8\"><\/div>\n<blockquote>\n<h2>Aumentano i controlli contro le patenti false: scoperte falsificazioni anche a Belluno<\/h2>\n<\/blockquote>\n<div>\n<blockquote><p><em><img loading=\"lazy\" decoding=\"async\" class=\"alignleft\" src=\"https:\/\/www.radiopiu.net\/wordpress\/wp-content\/uploads\/2019\/01\/stradale-belluno-4-1.jpg\" width=\"267\" height=\"168\" \/>La Polizia Stradale intensifica le verifiche e denuncia un cittadino asiatico trovato con una patente contraffatta<\/em><\/p><\/blockquote>\n<p>&nbsp;<\/p>\n<div class=\"flex max-w-full flex-col flex-grow\">\n<div class=\"min-h-8 text-message flex w-full flex-col items-end gap-2 whitespace-normal break-words [.text-message+&amp;]:mt-5\" dir=\"auto\" data-message-author-role=\"assistant\" data-message-id=\"3b1a2617-6f79-44de-a706-55b691012bdc\" data-message-model-slug=\"gpt-4o\">\n<div class=\"flex w-full flex-col gap-1 empty:hidden first:pt-[3px]\">\n<div class=\"markdown prose w-full break-words dark:prose-invert dark\">\n<p><strong>BELLUNO <\/strong>La Polizia Stradale di Belluno ha intensificato i controlli contro la diffusione delle patenti di guida falsificate, un fenomeno in preoccupante crescita anche in provincia. Durante un\u2019operazione sulla SP1 a Limana, un cittadino asiatico \u00e8 stato fermato alla guida di un veicolo con una patente polacca contraffatta, scoprendosi che guidava senza un valido titolo. L\u2019uomo \u00e8 stato denunciato e multato con una sanzione amministrativa fino a 5.100 euro, oltre al fermo del veicolo per tre mesi. La Procura di Belluno sta conducendo ulteriori indagini per individuare eventuali organizzazioni criminali che si occupano della falsificazione e distribuzione di patenti attraverso siti web e social network.<\/p>\n<\/div>\n<\/div>\n<\/div>\n<\/div>\n<div class=\"mb-2 flex gap-3 empty:hidden -ml-2\">\n<div class=\"items-center justify-start rounded-xl p-1 flex\">\n<div class=\"flex items-center\">\n<p>&nbsp;<\/p>\n<hr \/>\n<p>&nbsp;<\/p>\n<blockquote>\n<h3>INCIDENTE AI CASONI DI BELLUNO: UN FERITO<\/h3>\n<\/blockquote>\n<p><strong>REDAZIONE<\/strong> Ieri mattina, poco prima delle 11, si \u00e8 verificato un incidente stradale tra Antole e Casoni nel comune di Belluno sulla SR 204 Belluno-Mas dove un&#8217;auto si \u00e8 ribaltata. Il traffico \u00e8 rimasto bloccato per pi\u00f9 di un&#8217;ora per consentire i soccorsi ad un uomo di 48 anni originario dell&#8217;Alpago che \u00e8 stato poi portato al San Martino di Belluno con ferite di media gravit\u00e0. Sul posto le forze dell&#8217;ordine per gestire il traffico e per i rilievi di legge.<\/p>\n<p>&nbsp;<\/p>\n<p>&nbsp;<\/p>\n<hr \/>\n<p>&nbsp;<\/p>\n<blockquote>\n<h3><\/h3>\n<h3>EMERGENZA ACQUA, AD AGORDO. OGGI OPERAZIONI TERMINATE IN ANTICIPO, LUNEDI I RISULTATI DELLE ANALISI DELLA ULSS1<\/h3>\n<p><strong><a class=\"dt-pswp-item\" href=\"https:\/\/www.radiopiu.net\/wordpress\/wp-content\/uploads\/2024\/10\/bim-informa.jpg\" data-dt-img-description=\"\" data-large_image_width=\"1200\" data-large_image_height=\"670\"><img loading=\"lazy\" decoding=\"async\" class=\" wp-image-415000 alignleft\" src=\"https:\/\/www.radiopiu.net\/wordpress\/wp-content\/uploads\/2024\/10\/bim-informa-300x168.jpg\" alt=\"\" width=\"223\" height=\"125\" srcset=\"https:\/\/www.radiopiu.net\/wordpress\/wp-content\/uploads\/2024\/10\/bim-informa-300x168.jpg 300w, https:\/\/www.radiopiu.net\/wordpress\/wp-content\/uploads\/2024\/10\/bim-informa-1024x572.jpg 1024w, https:\/\/www.radiopiu.net\/wordpress\/wp-content\/uploads\/2024\/10\/bim-informa-768x429.jpg 768w, https:\/\/www.radiopiu.net\/wordpress\/wp-content\/uploads\/2024\/10\/bim-informa.jpg 1200w\" sizes=\"auto, (max-width: 223px) 100vw, 223px\" \/><\/a>L&#8217;INTERVISTA<\/strong><\/p><\/blockquote>\n<p><strong>di mirko mezzacasa<\/strong><\/p>\n<p><strong>A FABIO GASPERIN<\/strong><\/p>\n<audio class=\"wp-audio-shortcode\" id=\"audio-414890-10\" preload=\"none\" style=\"width: 100%;\" controls=\"controls\"><source type=\"audio\/mpeg\" src=\"https:\/\/www.radiopiu.net\/wordpress\/wp-content\/uploads\/2024\/10\/GSP-INFORMA-UNO-1.mp3?_=10\" \/><a href=\"https:\/\/www.radiopiu.net\/wordpress\/wp-content\/uploads\/2024\/10\/GSP-INFORMA-UNO-1.mp3\">https:\/\/www.radiopiu.net\/wordpress\/wp-content\/uploads\/2024\/10\/GSP-INFORMA-UNO-1.mp3<\/a><\/audio>\n<p>&nbsp;<\/p>\n<p><a class=\"dt-pswp-item\" href=\"https:\/\/www.radiopiu.net\/wordpress\/wp-content\/uploads\/2024\/10\/bim_gestione_servizi_pubblici_spa_cover.jpg\" data-dt-img-description=\"\" data-large_image_width=\"1128\" data-large_image_height=\"191\"><img loading=\"lazy\" decoding=\"async\" class=\"alignnone wp-image-414988 size-large\" src=\"https:\/\/www.radiopiu.net\/wordpress\/wp-content\/uploads\/2024\/10\/bim_gestione_servizi_pubblici_spa_cover-1024x173.jpg\" alt=\"\" width=\"1024\" height=\"173\" srcset=\"https:\/\/www.radiopiu.net\/wordpress\/wp-content\/uploads\/2024\/10\/bim_gestione_servizi_pubblici_spa_cover-1024x173.jpg 1024w, https:\/\/www.radiopiu.net\/wordpress\/wp-content\/uploads\/2024\/10\/bim_gestione_servizi_pubblici_spa_cover-300x51.jpg 300w, https:\/\/www.radiopiu.net\/wordpress\/wp-content\/uploads\/2024\/10\/bim_gestione_servizi_pubblici_spa_cover-768x130.jpg 768w, https:\/\/www.radiopiu.net\/wordpress\/wp-content\/uploads\/2024\/10\/bim_gestione_servizi_pubblici_spa_cover.jpg 1128w\" sizes=\"auto, (max-width: 1024px) 100vw, 1024px\" \/><\/a><\/p>\n<p>&nbsp;<\/p>\n<blockquote class=\"wp-embedded-content\" data-secret=\"oWwVOiaJGL\"><p><a href=\"https:\/\/www.radiopiu.net\/wordpress\/gsp-informa\/\">GSP informa<\/a><\/p><\/blockquote>\n<p><iframe loading=\"lazy\" class=\"wp-embedded-content\" sandbox=\"allow-scripts\" security=\"restricted\" style=\"position: absolute; visibility: hidden;\" title=\"&#8220;GSP informa&#8221; &#8212; Radio Pi\u00f9\" src=\"https:\/\/www.radiopiu.net\/wordpress\/gsp-informa\/embed\/#?secret=2WYH9QP0gc#?secret=oWwVOiaJGL\" data-secret=\"oWwVOiaJGL\" width=\"600\" height=\"338\" frameborder=\"0\" marginwidth=\"0\" marginheight=\"0\" scrolling=\"no\"><\/iframe><\/p>\n<hr \/>\n<p>&nbsp;<\/p>\n<blockquote>\n<h2>Aggressione a un&#8217;infermiera: necessario un intervento a tutela del personale sanitario<\/h2>\n<\/blockquote>\n<p><strong><a class=\"dt-pswp-item\" href=\"https:\/\/www.radiopiu.net\/wordpress\/wp-content\/uploads\/2024\/10\/Andrea-Segat-e-Cristian-Boscherini-Uiltucs.jpg\" data-dt-img-description=\"\" data-large_image_width=\"1577\" data-large_image_height=\"1600\"><img loading=\"lazy\" decoding=\"async\" class=\"wp-image-414951 alignleft\" src=\"https:\/\/www.radiopiu.net\/wordpress\/wp-content\/uploads\/2024\/10\/Andrea-Segat-e-Cristian-Boscherini-Uiltucs-296x300.jpg\" alt=\"\" width=\"190\" height=\"193\" srcset=\"https:\/\/www.radiopiu.net\/wordpress\/wp-content\/uploads\/2024\/10\/Andrea-Segat-e-Cristian-Boscherini-Uiltucs-296x300.jpg 296w, https:\/\/www.radiopiu.net\/wordpress\/wp-content\/uploads\/2024\/10\/Andrea-Segat-e-Cristian-Boscherini-Uiltucs-1009x1024.jpg 1009w, https:\/\/www.radiopiu.net\/wordpress\/wp-content\/uploads\/2024\/10\/Andrea-Segat-e-Cristian-Boscherini-Uiltucs-768x779.jpg 768w, https:\/\/www.radiopiu.net\/wordpress\/wp-content\/uploads\/2024\/10\/Andrea-Segat-e-Cristian-Boscherini-Uiltucs-1514x1536.jpg 1514w, https:\/\/www.radiopiu.net\/wordpress\/wp-content\/uploads\/2024\/10\/Andrea-Segat-e-Cristian-Boscherini-Uiltucs.jpg 1577w\" sizes=\"auto, (max-width: 190px) 100vw, 190px\" \/><\/a>AGORDO<\/strong><\/p>\n<div class=\"flex max-w-full flex-col flex-grow\">\n<div class=\"min-h-8 text-message flex w-full flex-col items-end gap-2 whitespace-normal break-words [.text-message+&amp;]:mt-5\" dir=\"auto\" data-message-author-role=\"assistant\" data-message-id=\"4a9840b0-454d-4f05-8299-18971a81f679\" data-message-model-slug=\"gpt-4o\">\n<div class=\"flex w-full flex-col gap-1 empty:hidden first:pt-[3px]\">\n<div class=\"markdown prose w-full break-words dark:prose-invert dark\">\n<p>Domenica scorsa un&#8217;infermiera del Pronto Soccorso di Agordo \u00e8 stata vittima di una brutale aggressione per aver negato la somministrazione di metadone a una ragazza. Questo episodio mette in luce un problema sempre pi\u00f9 diffuso: le aggressioni contro il personale sanitario, soprattutto in situazioni legate a tossicodipendenze. La Uil-Uiltucs esprime solidariet\u00e0 e richiama l\u2019attenzione delle istituzioni sulla necessit\u00e0 di misure urgenti per garantire maggiore sicurezza in ospedale, proteggendo operatori sanitari, infermieri, medici e personale addetto alla vigilanza. L&#8217;organizzazione sindacale si rende disponibile per collaborare nella ricerca di soluzioni concrete per prevenire ulteriori episodi di violenza nelle strutture sanitarie.<\/p>\n<\/div>\n<\/div>\n<\/div>\n<\/div>\n<div class=\"mb-2 flex gap-3 empty:hidden -ml-2\">\n<div class=\"items-center justify-start rounded-xl p-1 flex\">\n<div class=\"flex items-center\">\n<div class=\"flex\">FOTO Cristian Boscherini \u2013 Funzionario Uiltucs Treviso _ Belluno\u00a0 &#8211; &#8211;\u00a0 Andrea Segat \u2013 Consiglio Direttivo Uiltucs Treviso _ Belluno.<\/div>\n<\/div>\n<\/div>\n<\/div>\n<\/div>\n<\/div>\n<\/div>\n<\/div>\n<\/div>\n<\/div>\n<\/div>\n<p>&nbsp;<\/p>\n<p>&nbsp;<\/p>\n<hr \/>\n<p>&nbsp;<\/p>\n<blockquote>\n<h3>ALTVELOX ACCUSA LA PROVINCIA DI BELLUNO PER MANCATO AGGIORNAMENTO DEI PIANI DI SICUREZZA STRADALE<\/h3>\n<\/blockquote>\n<p><strong><a class=\"dt-pswp-item\" href=\"https:\/\/www.radiopiu.net\/wordpress\/wp-content\/uploads\/2024\/01\/369536985_252779490923240_4904751416599422507_n.jpg\" data-dt-img-description=\"\" data-large_image_width=\"2048\" data-large_image_height=\"2048\"><img loading=\"lazy\" decoding=\"async\" class=\" wp-image-368308 alignleft\" src=\"https:\/\/www.radiopiu.net\/wordpress\/wp-content\/uploads\/2024\/01\/369536985_252779490923240_4904751416599422507_n-300x300.jpg\" alt=\"\" width=\"157\" height=\"157\" srcset=\"https:\/\/www.radiopiu.net\/wordpress\/wp-content\/uploads\/2024\/01\/369536985_252779490923240_4904751416599422507_n-300x300.jpg 300w, https:\/\/www.radiopiu.net\/wordpress\/wp-content\/uploads\/2024\/01\/369536985_252779490923240_4904751416599422507_n-1024x1024.jpg 1024w, https:\/\/www.radiopiu.net\/wordpress\/wp-content\/uploads\/2024\/01\/369536985_252779490923240_4904751416599422507_n-150x150.jpg 150w, https:\/\/www.radiopiu.net\/wordpress\/wp-content\/uploads\/2024\/01\/369536985_252779490923240_4904751416599422507_n-768x768.jpg 768w, https:\/\/www.radiopiu.net\/wordpress\/wp-content\/uploads\/2024\/01\/369536985_252779490923240_4904751416599422507_n-1536x1536.jpg 1536w, https:\/\/www.radiopiu.net\/wordpress\/wp-content\/uploads\/2024\/01\/369536985_252779490923240_4904751416599422507_n.jpg 2048w\" sizes=\"auto, (max-width: 157px) 100vw, 157px\" \/><\/a>BELLUNO\u00a0 <\/strong>L&#8217;Associazione ALTVELOX denuncia che la Provincia di Belluno non ha aggiornato i piani di sicurezza stradale, obbligatori dal 1993 ai sensi dell&#8217;articolo 36 del Codice della Strada. Nonostante vari interventi e azioni legali, l&#8217;ente provinciale non ha sanato questa violazione, sostenendo che il Ministero delle Infrastrutture non avrebbe mai emesso le direttive attuative necessarie. Tuttavia, l&#8217;Associazione afferma che tali direttive sono state emanate diverse volte, l&#8217;ultima nel 2022. Inoltre, il Ministero ha confermato che i piani del traffico sono ancora in vigore, ma non \u00e8 pervenuta alcuna segnalazione di inadempienza da parte dei Prefetti competenti. L&#8217;associazione ritiene che questa mancanza di azione, insieme al silenzio del Prefetto e delle autorit\u00e0 locali, rappresenti una grave violazione della legge e della sicurezza stradale, aggravata dall&#8217;uso di autovelox e altre strumentazioni non conformi. Viene ipotizzato il reato di cui all&#8217;art. 673 del Codice Penale (omessa segnalazione del pericolo) a carico delle istituzioni coinvolte, tra cui la Provincia di Belluno, &#8220;Veneto Strade Spa&#8221; e &#8220;ANAS Spa&#8221;, la Polizia Stradale e i dirigenti regionali, ritenuti corresponsabili di eventuali incidenti stradali. L&#8217;associazione ALTVELOX ha presentato una querela agli organi interessati.<\/p>\n<p>&nbsp;<\/p>\n<p>&nbsp;<\/p>\n<hr \/>\n<p>&nbsp;<\/p>\n<blockquote>\n<h3>ESSILORLUXOTTICA: FATTURATO IN AUMENTO DEL 4%<\/h3>\n<\/blockquote>\n<p><strong><a class=\"dt-pswp-item\" href=\"https:\/\/www.radiopiu.net\/wordpress\/wp-content\/uploads\/2024\/04\/essilorluxottica.png\" data-dt-img-description=\"\" data-large_image_width=\"400\" data-large_image_height=\"400\"><img loading=\"lazy\" decoding=\"async\" class=\" wp-image-386124 alignleft\" src=\"https:\/\/www.radiopiu.net\/wordpress\/wp-content\/uploads\/2024\/04\/essilorluxottica-300x300.png\" alt=\"\" width=\"167\" height=\"167\" srcset=\"https:\/\/www.radiopiu.net\/wordpress\/wp-content\/uploads\/2024\/04\/essilorluxottica-300x300.png 300w, https:\/\/www.radiopiu.net\/wordpress\/wp-content\/uploads\/2024\/04\/essilorluxottica-150x150.png 150w, https:\/\/www.radiopiu.net\/wordpress\/wp-content\/uploads\/2024\/04\/essilorluxottica.png 400w\" sizes=\"auto, (max-width: 167px) 100vw, 167px\" \/><\/a>PARIGI (FRANCIA)<\/strong> Nel terzo trimestre 2024, EssilorLuxottica ha registrato ricavi consolidati pari a 6.437 milioni di Euro, con una crescita del 4,0% a cambi costanti rispetto allo stesso periodo dell&#8217;anno precedente (+2,3% a cambi correnti). I vertici aziendali, Francesco Milleri e Paul du Saillant, hanno sottolineato la solidit\u00e0 della crescita globale, sostenuta da tutte le aree geografiche e i segmenti di business. L&#8217;azienda ha rafforzato il suo posizionamento nel settore medico-tecnologico e prevede un&#8217;accelerazione futura grazie a soluzioni per la gestione della miopia, smart glasses e nuove acquisizioni come Heidelberg Engineering e Supreme. La collaborazione con Meta, nel campo degli occhiali intelligenti, \u00e8 considerata un passo importante per l&#8217;innovazione nel digital eyewear. EssilorLuxottica ha accolto oltre mille nuovi dipendenti e continua a investire nell&#8217;evoluzione dei suoi settori. L&#8217;azienda \u00e8 stata inserita nella lista &#8220;Change the World&#8221; di Fortune, tra le 50 migliori aziende al mondo.<\/p>\n<p>&nbsp;<\/p>\n<p>&nbsp;<\/p>\n<hr \/>\n<p>&nbsp;<\/p>\n<blockquote>\n<h3>NUOVA PROPOSTA DI EDILIZIA RESIDENZIALE A LIVINALLONGO<\/h3>\n<\/blockquote>\n<p><strong><a class=\"dt-pswp-item\" href=\"https:\/\/www.radiopiu.net\/wordpress\/wp-content\/uploads\/2024\/10\/23d5759b-1178-497f-a3dd-eaaf6e3ef883.jpg\" data-dt-img-description=\"\" data-large_image_width=\"2048\" data-large_image_height=\"921\"><img loading=\"lazy\" decoding=\"async\" class=\" wp-image-415056 alignleft\" src=\"https:\/\/www.radiopiu.net\/wordpress\/wp-content\/uploads\/2024\/10\/23d5759b-1178-497f-a3dd-eaaf6e3ef883-300x135.jpg\" alt=\"\" width=\"242\" height=\"109\" srcset=\"https:\/\/www.radiopiu.net\/wordpress\/wp-content\/uploads\/2024\/10\/23d5759b-1178-497f-a3dd-eaaf6e3ef883-300x135.jpg 300w, https:\/\/www.radiopiu.net\/wordpress\/wp-content\/uploads\/2024\/10\/23d5759b-1178-497f-a3dd-eaaf6e3ef883-1024x461.jpg 1024w, https:\/\/www.radiopiu.net\/wordpress\/wp-content\/uploads\/2024\/10\/23d5759b-1178-497f-a3dd-eaaf6e3ef883-768x345.jpg 768w, https:\/\/www.radiopiu.net\/wordpress\/wp-content\/uploads\/2024\/10\/23d5759b-1178-497f-a3dd-eaaf6e3ef883-1536x691.jpg 1536w, https:\/\/www.radiopiu.net\/wordpress\/wp-content\/uploads\/2024\/10\/23d5759b-1178-497f-a3dd-eaaf6e3ef883.jpg 2048w\" sizes=\"auto, (max-width: 242px) 100vw, 242px\" \/><\/a>LIVINALLONGO<\/strong><\/p>\n<p>DI LORENZO SORATROI<\/p>\n<audio class=\"wp-audio-shortcode\" id=\"audio-414890-11\" preload=\"none\" style=\"width: 100%;\" controls=\"controls\"><source type=\"audio\/mpeg\" src=\"https:\/\/www.radiopiu.net\/wordpress\/wp-content\/uploads\/2024\/10\/SORATROI-NUOVA-PROPOSTA-DI-EDILIZIA-RESIDENZIALE-A-LIVINALLONGO.mp3?_=11\" \/><a href=\"https:\/\/www.radiopiu.net\/wordpress\/wp-content\/uploads\/2024\/10\/SORATROI-NUOVA-PROPOSTA-DI-EDILIZIA-RESIDENZIALE-A-LIVINALLONGO.mp3\">https:\/\/www.radiopiu.net\/wordpress\/wp-content\/uploads\/2024\/10\/SORATROI-NUOVA-PROPOSTA-DI-EDILIZIA-RESIDENZIALE-A-LIVINALLONGO.mp3<\/a><\/audio>\n<p>&nbsp;<\/p>\n<hr \/>\n<p>&nbsp;<\/p>\n<div class=\"flex-shrink-0 flex flex-col relative items-end\">\n<div>\n<div class=\"pt-0\">\n<div class=\"gizmo-bot-avatar flex h-8 w-8 items-center justify-center overflow-hidden rounded-full\">\n<div class=\"relative p-1 rounded-sm flex items-center justify-center bg-token-main-surface-primary text-token-text-primary h-8 w-8\"><\/div>\n<\/div>\n<\/div>\n<\/div>\n<\/div>\n<div class=\"group\/conversation-turn relative flex w-full min-w-0 flex-col agent-turn\">\n<div class=\"flex-col gap-1 md:gap-3\">\n<div class=\"flex max-w-full flex-col flex-grow\">\n<div class=\"min-h-8 text-message flex w-full flex-col items-end gap-2 whitespace-normal break-words [.text-message+&amp;]:mt-5\" dir=\"auto\" data-message-author-role=\"assistant\" data-message-id=\"b8c91d77-83c0-41f0-9e60-6bb501810f97\" data-message-model-slug=\"gpt-4o\">\n<div class=\"flex w-full flex-col gap-1 empty:hidden first:pt-[3px]\">\n<div class=\"markdown prose w-full break-words dark:prose-invert dark\">\n<blockquote><p><strong><a class=\"dt-pswp-item\" href=\"https:\/\/www.radiopiu.net\/wordpress\/wp-content\/uploads\/2024\/10\/Senza-nome-84.png\" data-dt-img-description=\"\" data-large_image_width=\"418\" data-large_image_height=\"290\"><img loading=\"lazy\" decoding=\"async\" class=\" wp-image-415099 alignleft\" src=\"https:\/\/www.radiopiu.net\/wordpress\/wp-content\/uploads\/2024\/10\/Senza-nome-84-300x208.png\" alt=\"\" width=\"175\" height=\"121\" srcset=\"https:\/\/www.radiopiu.net\/wordpress\/wp-content\/uploads\/2024\/10\/Senza-nome-84-300x208.png 300w, https:\/\/www.radiopiu.net\/wordpress\/wp-content\/uploads\/2024\/10\/Senza-nome-84.png 418w\" sizes=\"auto, (max-width: 175px) 100vw, 175px\" \/><\/a>Giovane cesiolino scopre resti di un soldato della Prima Guerra Mondiale<\/strong><\/p><\/blockquote>\n<p><strong><a class=\"dt-pswp-item\" href=\"https:\/\/www.radiopiu.net\/wordpress\/wp-content\/uploads\/2024\/10\/Senza-nome-85.png\" data-dt-img-description=\"\" data-large_image_width=\"306\" data-large_image_height=\"243\"><img loading=\"lazy\" decoding=\"async\" class=\"wp-image-415100 alignright\" src=\"https:\/\/www.radiopiu.net\/wordpress\/wp-content\/uploads\/2024\/10\/Senza-nome-85-300x238.png\" alt=\"\" width=\"200\" height=\"159\" srcset=\"https:\/\/www.radiopiu.net\/wordpress\/wp-content\/uploads\/2024\/10\/Senza-nome-85-300x238.png 300w, https:\/\/www.radiopiu.net\/wordpress\/wp-content\/uploads\/2024\/10\/Senza-nome-85.png 306w\" sizes=\"auto, (max-width: 200px) 100vw, 200px\" \/><\/a>FELTRE<\/strong> Giorgio Gaio, 24enne appassionato di reperti bellici, ha scoperto i resti di un soldato austro-ungarico sul monte Pertica, nel Vicentino, durante una ricerca con il metal detector. La scoperta include ossa e oggetti personali come un bottone e caricatori. Dopo aver allertato i carabinieri, la salma \u00e8 stata recuperata. Il ritrovamento, inaspettato, rende onore alla sua passione per la storia e la memoria dei caduti.<\/p>\n<\/div>\n<\/div>\n<\/div>\n<\/div>\n<\/div>\n<\/div>\n<p>FOTO\u00a0 Giorgio Gaio e l&#8217;amico Gianmarco Camaron sul monte Pertica<\/p>\n<p>&nbsp;<\/p>\n<hr \/>\n<p>&nbsp;<\/p>\n<blockquote>\n<h3>DAL TG2 ITALIA, 17 ottobre l&#8217;anniversario IL RICORDO DI ALBINO LUCIANI &#8220;UMILE E MITE&#8221;<\/h3>\n<\/blockquote>\n<div class=\"live-line\">\n<div class=\"live-or-date\"><strong><span class=\"data-edizione\"><a class=\"dt-pswp-item\" href=\"https:\/\/www.radiopiu.net\/wordpress\/wp-content\/uploads\/2024\/10\/Senza-nome-80.png\" data-dt-img-description=\"\" data-large_image_width=\"623\" data-large_image_height=\"354\"><img loading=\"lazy\" decoding=\"async\" class=\"size-medium wp-image-415087 alignleft\" src=\"https:\/\/www.radiopiu.net\/wordpress\/wp-content\/uploads\/2024\/10\/Senza-nome-80-300x170.png\" alt=\"\" width=\"300\" height=\"170\" srcset=\"https:\/\/www.radiopiu.net\/wordpress\/wp-content\/uploads\/2024\/10\/Senza-nome-80-300x170.png 300w, https:\/\/www.radiopiu.net\/wordpress\/wp-content\/uploads\/2024\/10\/Senza-nome-80.png 623w\" sizes=\"auto, (max-width: 300px) 100vw, 300px\" \/><\/a>17\/10\/2024 l&#8217;anniversario<\/span><\/strong><\/div>\n<h1 class=\"edizione\">Puntata del 17\/10\/2024<\/h1>\n<\/div>\n<h2 class=\"summary\"><em>Direttore Antonio Preziosi Vicedirettore Alfonso Samengo<\/em><\/h2>\n<p>al minuto 29&#8217;12&#8221; il ricordo di Giovanni Paolo I, il Beato Albino Luciani e il pontificato brevissimo ma intenso&#8230; &#8220;efficace come il suo vissuto&#8221;.\u00a0 Collegamento in diretta con Canale d&#8217;Agordo dove 112 anni fa nasceva il Papa del sorriso, l&#8217;intervista al\u00a0 Presidente della Fondazione Papa Luciani,\u00a0 Loris Serafini. Visita alla casa natale di Papa Luciani con Giovanni Luciani gi\u00e0 segretario del Beato prima della sua investitura a Papa<\/p>\n<h1><span style=\"color: #0000ff;\"><a style=\"color: #0000ff;\" href=\"https:\/\/www.rainews.it\/rubriche\/tg2italia\/video\/2024\/10\/TG2-Italia-Europa-del-17102024-d2d595a3-fa5b-4e7f-b5f3-237f3600ebd4.html\">VIDEO CLICCA QUI\u00a0<\/a><\/span><\/h1>\n<p>&nbsp;<\/p>\n<p>&nbsp;<\/p>\n<hr \/>\n<p>&nbsp;<\/p>\n<p>&nbsp;<\/p>\n<blockquote><p><strong><a class=\"dt-pswp-item\" href=\"https:\/\/www.radiopiu.net\/wordpress\/wp-content\/uploads\/2024\/10\/Senza-nome-83.png\" data-dt-img-description=\"\" data-large_image_width=\"615\" data-large_image_height=\"304\"><img loading=\"lazy\" decoding=\"async\" class=\"size-medium wp-image-415098 alignleft\" src=\"https:\/\/www.radiopiu.net\/wordpress\/wp-content\/uploads\/2024\/10\/Senza-nome-83-300x148.png\" alt=\"\" width=\"300\" height=\"148\" srcset=\"https:\/\/www.radiopiu.net\/wordpress\/wp-content\/uploads\/2024\/10\/Senza-nome-83-300x148.png 300w, https:\/\/www.radiopiu.net\/wordpress\/wp-content\/uploads\/2024\/10\/Senza-nome-83.png 615w\" sizes=\"auto, (max-width: 300px) 100vw, 300px\" \/><\/a>Visita emozionante della Famiglia Benvegn\u00f9 all&#8217;Associazione Bellunesi nel Mondo<\/strong><\/p><\/blockquote>\n<p><strong>TAIBON<\/strong> Ieri, la Famiglia Benvegn\u00f9 di Nova Prata, Brasile, ha visitato la sede dell&#8217;Associazione Bellunesi nel Mondo. Il viaggio, dono speciale per Delvige Marcusso-Benvegn\u00f9 dai suoi figli, Ana Maria e Ricardo, ha celebrato le loro radici a Taibon Agordino. L&#8217;incontro ha rafforzato i legami con il territorio e promosso il turismo delle radici.<\/p>\n<p>&nbsp;<\/p>\n<p>&nbsp;<\/p>\n<hr \/>\n<p>&nbsp;<\/p>\n<blockquote>\n<h3>GIOVANI &amp; FUTURO A PALAZZO PILONI PER PARLARE DI TRASPORTO PUBBLICO LOCALE<\/h3>\n<\/blockquote>\n<p><strong><a class=\"dt-pswp-item\" href=\"https:\/\/www.radiopiu.net\/wordpress\/wp-content\/uploads\/2024\/10\/Frescura-Menia-Corbanese-2.jpg\" data-dt-img-description=\"\" data-large_image_width=\"741\" data-large_image_height=\"821\"><img loading=\"lazy\" decoding=\"async\" class=\" wp-image-415071 alignleft\" src=\"https:\/\/www.radiopiu.net\/wordpress\/wp-content\/uploads\/2024\/10\/Frescura-Menia-Corbanese-2-271x300.jpg\" alt=\"\" width=\"146\" height=\"161\" srcset=\"https:\/\/www.radiopiu.net\/wordpress\/wp-content\/uploads\/2024\/10\/Frescura-Menia-Corbanese-2-271x300.jpg 271w, https:\/\/www.radiopiu.net\/wordpress\/wp-content\/uploads\/2024\/10\/Frescura-Menia-Corbanese-2.jpg 741w\" sizes=\"auto, (max-width: 146px) 100vw, 146px\" \/><\/a>BELLUNO<\/strong> Ieri pomeriggio, a Palazzo Piloni, si \u00e8 svolto un incontro tra l\u2019associazione Giovani&amp;Futuro, il consigliere Bortoluzzi, le strutture tecniche della provincia e Dolomiti Bus per discutere delle problematiche legate al servizio di trasporto pubblico. L&#8217;incontro segue un&#8217;indagine che ha raccolto 300 testimonianze dagli utenti. I rappresentanti di Giovani&amp;Futuro, Luca Frescura e Thomas Menia Corbanese, hanno presentato diverse proposte, tra cui l\u2019aumento delle corse sulle tratte pi\u00f9 affollate, una migliore politica di rimborsi e una migliore organizzazione delle coincidenze. Tuttavia, sono rimasti delusi dalla mancanza di certezze su miglioramenti concreti.<\/p>\n<p>&nbsp;<\/p>\n<hr \/>\n<p>&nbsp;<\/p>\n<div class=\"flex-shrink-0 flex flex-col relative items-end\">\n<div>\n<div class=\"pt-0\">\n<div class=\"gizmo-bot-avatar flex h-8 w-8 items-center justify-center overflow-hidden rounded-full\">\n<div class=\"relative p-1 rounded-sm flex items-center justify-center bg-token-main-surface-primary text-token-text-primary h-8 w-8\"><\/div>\n<\/div>\n<\/div>\n<\/div>\n<\/div>\n<div class=\"group\/conversation-turn relative flex w-full min-w-0 flex-col agent-turn\">\n<div class=\"flex-col gap-1 md:gap-3\">\n<div class=\"flex max-w-full flex-col flex-grow\">\n<div class=\"min-h-8 text-message flex w-full flex-col items-end gap-2 whitespace-normal break-words [.text-message+&amp;]:mt-5\" dir=\"auto\" data-message-author-role=\"assistant\" data-message-id=\"9aa59bd4-e372-4d26-8f8b-99f6b7ca6cea\" data-message-model-slug=\"gpt-4o\">\n<div class=\"flex w-full flex-col gap-1 empty:hidden first:pt-[3px]\">\n<div class=\"markdown prose w-full break-words dark:prose-invert dark\">\n<blockquote><p><strong><a class=\"dt-pswp-item\" href=\"https:\/\/www.radiopiu.net\/wordpress\/wp-content\/uploads\/2024\/10\/Assemblea-Castoi.jpeg\" data-dt-img-description=\"\" data-large_image_width=\"2000\" data-large_image_height=\"900\"><img loading=\"lazy\" decoding=\"async\" class=\"size-medium wp-image-415080 alignleft\" src=\"https:\/\/www.radiopiu.net\/wordpress\/wp-content\/uploads\/2024\/10\/Assemblea-Castoi-300x135.jpeg\" alt=\"\" width=\"300\" height=\"135\" srcset=\"https:\/\/www.radiopiu.net\/wordpress\/wp-content\/uploads\/2024\/10\/Assemblea-Castoi-300x135.jpeg 300w, https:\/\/www.radiopiu.net\/wordpress\/wp-content\/uploads\/2024\/10\/Assemblea-Castoi-1024x461.jpeg 1024w, https:\/\/www.radiopiu.net\/wordpress\/wp-content\/uploads\/2024\/10\/Assemblea-Castoi-768x346.jpeg 768w, https:\/\/www.radiopiu.net\/wordpress\/wp-content\/uploads\/2024\/10\/Assemblea-Castoi-1536x691.jpeg 1536w, https:\/\/www.radiopiu.net\/wordpress\/wp-content\/uploads\/2024\/10\/Assemblea-Castoi.jpeg 2000w\" sizes=\"auto, (max-width: 300px) 100vw, 300px\" \/><\/a>Assemblea elettiva a Castoi: Vittorio Zampieri candidato unico<\/strong><\/p><\/blockquote>\n<p><strong>BELLUNO<\/strong> Vittorio Zampieri ha ottenuto 29 voti nell&#8217;assemblea elettiva di Castoi, la quarta tappa del tour per l&#8217;elezione del capo frazione. La nomina definitiva avverr\u00e0 al termine di tutte le consultazioni. La serata, svoltasi nella sede APS Val Cicogna, ha visto una buona partecipazione dei residenti. Prossima tappa a Sopracroda il 22 ottobre.<\/p>\n<\/div>\n<\/div>\n<\/div>\n<\/div>\n<\/div>\n<\/div>\n<p>&nbsp;<\/p>\n<p>&nbsp;<\/p>\n<p>&nbsp;<\/p>\n<hr \/>\n<p>&nbsp;<\/p>\n<blockquote>\n<h3>INIZIATA LA RACCOLTA FIRME PER L&#8217;ASILO DI BOLAGO<\/h3>\n<\/blockquote>\n<p><strong><a class=\"dt-pswp-item\" href=\"https:\/\/www.radiopiu.net\/wordpress\/wp-content\/uploads\/2024\/10\/bf316b9a-351d-4717-9aa0-2bb75023f7fc-scaled.jpg\" data-dt-img-description=\"\" data-large_image_width=\"2560\" data-large_image_height=\"1920\"><img loading=\"lazy\" decoding=\"async\" class=\" wp-image-415022 alignleft\" src=\"https:\/\/www.radiopiu.net\/wordpress\/wp-content\/uploads\/2024\/10\/bf316b9a-351d-4717-9aa0-2bb75023f7fc-300x225.jpg\" alt=\"\" width=\"184\" height=\"138\" srcset=\"https:\/\/www.radiopiu.net\/wordpress\/wp-content\/uploads\/2024\/10\/bf316b9a-351d-4717-9aa0-2bb75023f7fc-300x225.jpg 300w, https:\/\/www.radiopiu.net\/wordpress\/wp-content\/uploads\/2024\/10\/bf316b9a-351d-4717-9aa0-2bb75023f7fc-1024x768.jpg 1024w, https:\/\/www.radiopiu.net\/wordpress\/wp-content\/uploads\/2024\/10\/bf316b9a-351d-4717-9aa0-2bb75023f7fc-768x576.jpg 768w, https:\/\/www.radiopiu.net\/wordpress\/wp-content\/uploads\/2024\/10\/bf316b9a-351d-4717-9aa0-2bb75023f7fc-1536x1152.jpg 1536w, https:\/\/www.radiopiu.net\/wordpress\/wp-content\/uploads\/2024\/10\/bf316b9a-351d-4717-9aa0-2bb75023f7fc-2048x1536.jpg 2048w\" sizes=\"auto, (max-width: 184px) 100vw, 184px\" \/><\/a>SEDICO<\/strong> Partita questa mattina al mercato di Sedico la raccolta firme, promossa dal gruppo di minoranza \u201cSedico con Gioia\u201d, per chiedere la realizzazione di un asilo nido integrato nella scuola dell&#8217;infanzia di Bolago.<\/p>\n<p><strong>DI DANIELE DALVIT<\/strong><\/p>\n<audio class=\"wp-audio-shortcode\" id=\"audio-414890-12\" preload=\"none\" style=\"width: 100%;\" controls=\"controls\"><source type=\"audio\/mpeg\" src=\"https:\/\/www.radiopiu.net\/wordpress\/wp-content\/uploads\/2024\/10\/Servizio-Firme-asilo-Bolago.mp3?_=12\" \/><a href=\"https:\/\/www.radiopiu.net\/wordpress\/wp-content\/uploads\/2024\/10\/Servizio-Firme-asilo-Bolago.mp3\">https:\/\/www.radiopiu.net\/wordpress\/wp-content\/uploads\/2024\/10\/Servizio-Firme-asilo-Bolago.mp3<\/a><\/audio>\n<p>&nbsp;<\/p>\n<hr \/>\n<p>&nbsp;<\/p>\n<div class=\"group\/conversation-turn relative flex w-full min-w-0 flex-col agent-turn\">\n<div class=\"flex-col gap-1 md:gap-3\">\n<div class=\"flex max-w-full flex-col flex-grow\">\n<div class=\"min-h-8 text-message flex w-full flex-col items-end gap-2 whitespace-normal break-words [.text-message+&amp;]:mt-5\" dir=\"auto\" data-message-author-role=\"assistant\" data-message-id=\"6290391b-708b-4c4f-918b-01d05b880346\" data-message-model-slug=\"gpt-4o\">\n<div class=\"flex w-full flex-col gap-1 empty:hidden first:pt-[3px]\">\n<div class=\"markdown prose w-full break-words dark:prose-invert dark\">\n<blockquote><p><strong><a class=\"dt-pswp-item\" href=\"https:\/\/www.radiopiu.net\/wordpress\/wp-content\/uploads\/2024\/10\/9e00889c-fafd-41f1-ab02-b9426f852478.jpg\" data-dt-img-description=\"\" data-large_image_width=\"2048\" data-large_image_height=\"1536\"><img loading=\"lazy\" decoding=\"async\" class=\"size-medium wp-image-414967 alignleft\" src=\"https:\/\/www.radiopiu.net\/wordpress\/wp-content\/uploads\/2024\/10\/9e00889c-fafd-41f1-ab02-b9426f852478-300x225.jpg\" alt=\"\" width=\"300\" height=\"225\" srcset=\"https:\/\/www.radiopiu.net\/wordpress\/wp-content\/uploads\/2024\/10\/9e00889c-fafd-41f1-ab02-b9426f852478-300x225.jpg 300w, https:\/\/www.radiopiu.net\/wordpress\/wp-content\/uploads\/2024\/10\/9e00889c-fafd-41f1-ab02-b9426f852478-1024x768.jpg 1024w, https:\/\/www.radiopiu.net\/wordpress\/wp-content\/uploads\/2024\/10\/9e00889c-fafd-41f1-ab02-b9426f852478-768x576.jpg 768w, https:\/\/www.radiopiu.net\/wordpress\/wp-content\/uploads\/2024\/10\/9e00889c-fafd-41f1-ab02-b9426f852478-1536x1152.jpg 1536w, https:\/\/www.radiopiu.net\/wordpress\/wp-content\/uploads\/2024\/10\/9e00889c-fafd-41f1-ab02-b9426f852478.jpg 2048w\" sizes=\"auto, (max-width: 300px) 100vw, 300px\" \/><\/a>70 anni di solidariet\u00e0: la sezione di Falcade celebra i donatori di sangue<\/strong><\/p><\/blockquote>\n<p>La sezione di Falcade dei donatori di sangue ha festeggiato 70 anni di attivit\u00e0 il 12 ottobre, celebrando la generosit\u00e0 e l&#8217;altruismo dei suoi membri. In una serata ricca di emozioni, sono stati premiati numerosi donatori con medaglie e distintivi per il loro impegno costante. Tra i riconoscimenti, spiccano la medaglia d\u2019oro per 50 donazioni e la croce d&#8217;oro per 100 donazioni. Con 105 donatori attivi, la sezione continua a essere un simbolo di solidariet\u00e0, contribuendo a salvare vite. Il ringraziamento della segretaria va a tutti coloro che, in questi 70 anni, hanno <a class=\"dt-pswp-item\" href=\"https:\/\/www.radiopiu.net\/wordpress\/wp-content\/uploads\/2024\/10\/6fcbafbf-1517-4210-a437-daa0a48b8786.jpg\" data-dt-img-description=\"\" data-large_image_width=\"2048\" data-large_image_height=\"1536\"><img loading=\"lazy\" decoding=\"async\" class=\"wp-image-414966 size-thumbnail alignright\" src=\"https:\/\/www.radiopiu.net\/wordpress\/wp-content\/uploads\/2024\/10\/6fcbafbf-1517-4210-a437-daa0a48b8786-150x150.jpg\" alt=\"\" width=\"150\" height=\"150\" \/><\/a>sostenuto la missione della donazione di sangue e il consiglio direttivo per la sua preziosa opera di promozione.<\/p>\n<p>La segretaria della sezione di Falcade dell\u2019ABVS, Antonella Schena:<em>\u00a0\u201cUn grazie sincero a tutti i donatori che mettono a disposizione il loro tempo per aiutare in modo disinteressato il prossimo. Chi dona il sangue ha la fortuna di essere in buona salute e la generosit\u00e0 di riconoscere questo dono per poterlo dare anche al prossimo. Un ringraziamento anche a tutte le persone che in questi 70 anni si sono doppiamente messe a disposizione della comunit\u00e0 facendo parte del consiglio direttivo della sezione e mettendo il proprio impegno per far crescere la conoscenza e divulgazione della donazione di sangue\u201d.<\/em><\/p>\n<\/div>\n<\/div>\n<\/div>\n<\/div>\n<\/div>\n<\/div>\n<p><a class=\"dt-pswp-item\" href=\"https:\/\/www.radiopiu.net\/wordpress\/wp-content\/uploads\/2024\/10\/c59157e1-c931-4429-b6e0-2dc5117288a8.jpg\" data-dt-img-description=\"\" data-large_image_width=\"2048\" data-large_image_height=\"1536\"><img loading=\"lazy\" decoding=\"async\" class=\"alignnone wp-image-414965 size-thumbnail\" src=\"https:\/\/www.radiopiu.net\/wordpress\/wp-content\/uploads\/2024\/10\/c59157e1-c931-4429-b6e0-2dc5117288a8-150x150.jpg\" alt=\"\" width=\"150\" height=\"150\" \/><\/a><a class=\"dt-pswp-item\" href=\"https:\/\/www.radiopiu.net\/wordpress\/wp-content\/uploads\/2024\/10\/90b07c0a-351d-4934-9056-cb5c1cc07015.jpg\" data-dt-img-description=\"\" data-large_image_width=\"2048\" data-large_image_height=\"1536\"><img loading=\"lazy\" decoding=\"async\" class=\"alignnone wp-image-414968 size-thumbnail\" src=\"https:\/\/www.radiopiu.net\/wordpress\/wp-content\/uploads\/2024\/10\/90b07c0a-351d-4934-9056-cb5c1cc07015-150x150.jpg\" alt=\"\" width=\"150\" height=\"150\" \/><\/a><a class=\"dt-pswp-item\" href=\"https:\/\/www.radiopiu.net\/wordpress\/wp-content\/uploads\/2024\/10\/b912f319-256e-4660-a4fb-ba0b30ec63b7.jpg\" data-dt-img-description=\"\" data-large_image_width=\"2048\" data-large_image_height=\"1536\"><img loading=\"lazy\" decoding=\"async\" class=\"alignnone wp-image-414964 size-thumbnail\" src=\"https:\/\/www.radiopiu.net\/wordpress\/wp-content\/uploads\/2024\/10\/b912f319-256e-4660-a4fb-ba0b30ec63b7-150x150.jpg\" alt=\"\" width=\"150\" height=\"150\" \/><\/a><\/p>\n<h1><em><span style=\"color: #ff0000;\">RICONOSCIMENTI<\/span><\/em><\/h1>\n<table>\n<thead>\n<tr>\n<th><\/th>\n<th><strong>Nome<\/strong><\/th>\n<\/tr>\n<\/thead>\n<tbody>\n<tr>\n<td><strong>Medaglia d\u2019Oro (50 donazioni)<\/strong><\/td>\n<td>Bez Renzo, Bortoli Luisa, Busin Felice, Cadorin Gabriella, Crepaz Ugo, Da Rif Arturo, De Pellegrini Marcello, Fontanive Remo, Ganz Paolo, Luchetta Angela, Manfroi Luisa, Marmolada Carlo, Marmolada Luca, Marmolada Rita, Murer Stefano, Pescosta Fausta, Piccolin Giorgio, Romanel Renzo, Secchi Franco, Serafini Ilario, Serafini Luciano, Valt Dario, Valt Renato<\/td>\n<\/tr>\n<tr>\n<td><strong>Distintivo d\u2019Oro (75 donazioni)<\/strong><\/td>\n<td>Bogo Sandro, De Pellegrini Lino, Ganz Battista, Ganz Ettore, Minotto Dina<\/td>\n<\/tr>\n<tr>\n<td><strong>Croce d\u2019Oro (100 donazioni)<\/strong><\/td>\n<td>Minotto Leonora<\/td>\n<\/tr>\n<tr>\n<td><strong>Al Merito Trasfusionale<\/strong><\/td>\n<td>Belfiore Flaminia, Davare Oriana, Fol Lorena, Fontanive Enrico, Micheluzzi Anna, Pasquali Moreno, Serafini Danilo, Valt Rosangela<\/td>\n<\/tr>\n<tr>\n<td><strong>Medaglia di Bronzo<\/strong><\/td>\n<td>Bez Luigi, Busin Cecilia, Busin Laura, Murer Daniele, Pescosta Sabrina, Vedana Valeria<\/td>\n<\/tr>\n<tr>\n<td><strong>Medaglia d\u2019Argento<\/strong><\/td>\n<td>De Gasperi Matteo, Genuin Elisa, Valt Sigrid<\/td>\n<\/tr>\n<tr>\n<td><strong>Medaglia d\u2019Oro<\/strong><\/td>\n<td>Fontanive Gabriel, Pontarini Romina<\/td>\n<\/tr>\n<tr>\n<td><strong>Distintivo d\u2019Oro<\/strong><\/td>\n<td>Valt Dario<\/td>\n<\/tr>\n<\/tbody>\n<\/table>\n<p>&nbsp;<\/p>\n<hr \/>\n<p><span style=\"color: #ff0000;\">\u00a0<span style=\"color: #000000;\"> \u00a0<\/span><\/span><\/p>\n<blockquote>\n<h3>PIANO ELIMINAZIONE BARRIERE ARCHITETTONICHE: MARTEDI&#8217; UN INCONTRO<\/h3>\n<\/blockquote>\n<p><a class=\"dt-pswp-item\" href=\"https:\/\/www.radiopiu.net\/wordpress\/wp-content\/uploads\/2022\/02\/Palazzo-Rosso-illuminato-scaled.jpg\" data-dt-img-description=\"ACCESO\" data-large_image_width=\"2560\" data-large_image_height=\"1707\"><img loading=\"lazy\" decoding=\"async\" class=\"wp-image-259024 alignleft\" src=\"https:\/\/www.radiopiu.net\/wordpress\/wp-content\/uploads\/2022\/02\/Palazzo-Rosso-illuminato-300x200.jpg\" alt=\"\" width=\"161\" height=\"107\" srcset=\"https:\/\/www.radiopiu.net\/wordpress\/wp-content\/uploads\/2022\/02\/Palazzo-Rosso-illuminato-300x200.jpg 300w, https:\/\/www.radiopiu.net\/wordpress\/wp-content\/uploads\/2022\/02\/Palazzo-Rosso-illuminato-1024x683.jpg 1024w, https:\/\/www.radiopiu.net\/wordpress\/wp-content\/uploads\/2022\/02\/Palazzo-Rosso-illuminato-768x512.jpg 768w, https:\/\/www.radiopiu.net\/wordpress\/wp-content\/uploads\/2022\/02\/Palazzo-Rosso-illuminato-1536x1024.jpg 1536w, https:\/\/www.radiopiu.net\/wordpress\/wp-content\/uploads\/2022\/02\/Palazzo-Rosso-illuminato-2048x1365.jpg 2048w\" sizes=\"auto, (max-width: 161px) 100vw, 161px\" \/><\/a><strong>BELLUNO<\/strong> L\u2019iter per il Piano di Eliminazione delle Barriere Architettoniche (PEBA) a Belluno \u00e8 entrato nel vivo con l&#8217;affidamento dell&#8217;analisi dei fabbricati per verificarne l\u2019accessibilit\u00e0. Il 22 ottobre si terr\u00e0 un incontro pubblico per coinvolgere i cittadini nel processo, seguito da un questionario online per raccogliere osservazioni. Il percorso si concluder\u00e0 in primavera con un secondo incontro pubblico. Il Comune di Belluno, grazie a un finanziamento esterno del 50% (17.446 euro), ha affidato lo sviluppo del PEBA e del Piano Accessibilit\u00e0 Urbana allo studio &#8220;MRM Plus&#8221;. Ogni edificio comunale sar\u00e0 analizzato per redigere schede d\u2019intervento dettagliate.<\/p>\n<p>&nbsp;<\/p>\n<p>&nbsp;<\/p>\n<hr \/>\n<p>&nbsp;<\/p>\n<blockquote>\n<h3><a class=\"dt-pswp-item\" href=\"https:\/\/www.radiopiu.net\/wordpress\/wp-content\/uploads\/2024\/10\/locandina-18_10.jpeg\" data-dt-img-description=\"\" data-large_image_width=\"1131\" data-large_image_height=\"1600\"><img loading=\"lazy\" decoding=\"async\" class=\" wp-image-415029 alignleft\" src=\"https:\/\/www.radiopiu.net\/wordpress\/wp-content\/uploads\/2024\/10\/locandina-18_10-212x300.jpeg\" alt=\"\" width=\"131\" height=\"185\" srcset=\"https:\/\/www.radiopiu.net\/wordpress\/wp-content\/uploads\/2024\/10\/locandina-18_10-212x300.jpeg 212w, https:\/\/www.radiopiu.net\/wordpress\/wp-content\/uploads\/2024\/10\/locandina-18_10-724x1024.jpeg 724w, https:\/\/www.radiopiu.net\/wordpress\/wp-content\/uploads\/2024\/10\/locandina-18_10-768x1086.jpeg 768w, https:\/\/www.radiopiu.net\/wordpress\/wp-content\/uploads\/2024\/10\/locandina-18_10-1086x1536.jpeg 1086w, https:\/\/www.radiopiu.net\/wordpress\/wp-content\/uploads\/2024\/10\/locandina-18_10.jpeg 1131w\" sizes=\"auto, (max-width: 131px) 100vw, 131px\" \/><\/a>UNA TAVOLA ROTONDA SULLO SPOPOLAMENTO IN MONTAGNA<\/h3>\n<\/blockquote>\n<p><strong>BELLUNO<\/strong> La tavola rotonda \u201cVivere in zone montane: quali prospettive per il benessere psicosociale\u201d si terr\u00e0 domani a Villa Patt, Sedico. Organizzata dalla Fondazione Welfare Dolomiti, la Provincia di Belluno e l&#8217;Ordine degli Psicologi del Veneto, l\u2019evento analizzer\u00e0 il benessere psicosociale in relazione allo spopolamento delle aree montane. Due panel principali affronteranno temi cruciali: la perdita del &#8220;Genius loci&#8221;, a cura del professor Enrico Perilli, e le azioni degli enti locali per contrastare lo spopolamento, presentate da Matteo Aguanno. Francesca De Biasi, presidente della Fondazione, sottolinea l&#8217;importanza del fare rete per affrontare le difficolt\u00e0 del territorio, mentre la consigliera Donatella De Pellegrin evidenzia l&#8217;urgenza di discutere soluzioni condivise per lo spopolamento.<\/p>\n<p>&nbsp;<\/p>\n<p>&nbsp;<\/p>\n<hr \/>\n<p>&nbsp;<\/p>\n<blockquote>\n<h3><a class=\"dt-pswp-item\" href=\"https:\/\/www.radiopiu.net\/wordpress\/wp-content\/uploads\/2023\/10\/auto-3091234_640.jpg\" data-dt-img-description=\"\" data-large_image_width=\"640\" data-large_image_height=\"427\"><img loading=\"lazy\" decoding=\"async\" class=\" wp-image-359354 alignleft\" src=\"https:\/\/www.radiopiu.net\/wordpress\/wp-content\/uploads\/2023\/10\/auto-3091234_640-300x200.jpg\" alt=\"\" width=\"170\" height=\"113\" srcset=\"https:\/\/www.radiopiu.net\/wordpress\/wp-content\/uploads\/2023\/10\/auto-3091234_640-300x200.jpg 300w, https:\/\/www.radiopiu.net\/wordpress\/wp-content\/uploads\/2023\/10\/auto-3091234_640.jpg 640w\" sizes=\"auto, (max-width: 170px) 100vw, 170px\" \/><\/a>TORNA IL BANDO ROTTAMAZIONE AUTO<\/h3>\n<\/blockquote>\n<p><strong>PER LE TRE RADIO BARBARA PAOLAZZI<\/strong><\/p>\n<audio class=\"wp-audio-shortcode\" id=\"audio-414890-13\" preload=\"none\" style=\"width: 100%;\" controls=\"controls\"><source type=\"audio\/mpeg\" src=\"https:\/\/www.radiopiu.net\/wordpress\/wp-content\/uploads\/2024\/10\/PAOLAZZI-ROTTAMAZIONE-AUTO.mp3?_=13\" \/><a href=\"https:\/\/www.radiopiu.net\/wordpress\/wp-content\/uploads\/2024\/10\/PAOLAZZI-ROTTAMAZIONE-AUTO.mp3\">https:\/\/www.radiopiu.net\/wordpress\/wp-content\/uploads\/2024\/10\/PAOLAZZI-ROTTAMAZIONE-AUTO.mp3<\/a><\/audio>\n<p>&nbsp;<\/p>\n<hr \/>\n<p>&nbsp;<\/p>\n<blockquote>\n<h3>PROSEGUONO I LAVORI AL CAMPO SINTETICO DI LENTIAI<\/h3>\n<\/blockquote>\n<p><strong>BORGO VALBELLUNA\u00a0<\/strong>A Lentiai continuano i lavori per la realizzazione di un nuovo campo sportivo in erba sintetica. L\u2019intervento, realizzato dall\u2019impresa Limonta Sport, include la posa di un manto sintetico di ultima generazione, una recinzione perimetrale e un sistema per la raccolta dell\u2019acqua piovana. Il campo, progettato per ridurre la manutenzione e migliorare le prestazioni rispetto all&#8217;erba naturale, sar\u00e0 utilizzabile in tutte le condizioni meteorologiche. L&#8217;acqua piovana raccolta sar\u00e0 riutilizzata per l&#8217;irrigazione delle aree verdi, contribuendo alla sostenibilit\u00e0 ambientale del progetto. Il costo complessivo \u00e8 di 800 mila euro, con ulteriori 250 mila euro previsti per l\u2019impianto di illuminazione. I lavori, che procedono secondo i tempi, dovrebbero concludersi entro la fine dell\u2019anno, rendendo il campo pronto per la stagione sportiva primaverile del 2025.<\/p>\n<p><a class=\"dt-pswp-item\" href=\"https:\/\/www.radiopiu.net\/wordpress\/wp-content\/uploads\/2024\/10\/Senza-titolo.jpg\" data-dt-img-description=\"\" data-large_image_width=\"803\" data-large_image_height=\"455\"><img loading=\"lazy\" decoding=\"async\" class=\"alignnone size-medium wp-image-415068\" src=\"https:\/\/www.radiopiu.net\/wordpress\/wp-content\/uploads\/2024\/10\/Senza-titolo-300x170.jpg\" alt=\"\" width=\"300\" height=\"170\" srcset=\"https:\/\/www.radiopiu.net\/wordpress\/wp-content\/uploads\/2024\/10\/Senza-titolo-300x170.jpg 300w, https:\/\/www.radiopiu.net\/wordpress\/wp-content\/uploads\/2024\/10\/Senza-titolo-768x435.jpg 768w, https:\/\/www.radiopiu.net\/wordpress\/wp-content\/uploads\/2024\/10\/Senza-titolo.jpg 803w\" sizes=\"auto, (max-width: 300px) 100vw, 300px\" \/><\/a><a class=\"dt-pswp-item\" href=\"https:\/\/www.radiopiu.net\/wordpress\/wp-content\/uploads\/2024\/10\/Senza-titolo-1.jpg\" data-dt-img-description=\"\" data-large_image_width=\"797\" data-large_image_height=\"452\"><img loading=\"lazy\" decoding=\"async\" class=\"alignnone size-medium wp-image-415069\" src=\"https:\/\/www.radiopiu.net\/wordpress\/wp-content\/uploads\/2024\/10\/Senza-titolo-1-300x170.jpg\" alt=\"\" width=\"300\" height=\"170\" srcset=\"https:\/\/www.radiopiu.net\/wordpress\/wp-content\/uploads\/2024\/10\/Senza-titolo-1-300x170.jpg 300w, https:\/\/www.radiopiu.net\/wordpress\/wp-content\/uploads\/2024\/10\/Senza-titolo-1-768x436.jpg 768w, https:\/\/www.radiopiu.net\/wordpress\/wp-content\/uploads\/2024\/10\/Senza-titolo-1.jpg 797w\" sizes=\"auto, (max-width: 300px) 100vw, 300px\" \/><\/a><\/p>\n<p>&nbsp;<\/p>\n<hr \/>\n<p>&nbsp;<\/p>\n<blockquote><p><strong>Fondazione CER Dolomiti incontra il Liceo Artistico di Cortina d&#8217;Ampezzo<\/strong><\/p><\/blockquote>\n<p><strong>CORTINA<\/strong> Lo scorso venerd\u00ec 11 ottobre, la Fondazione CER Dolomiti ha incontrato la classe 4a del Liceo Artistico di Cortina d&#8217;Ampezzo, presentando la sua missione legata alla sostenibilit\u00e0 energetica. L&#8217;evento ha coinvolto il Presidente Antonio Daniele Barattin e altri rappresentanti, promuovendo la collaborazione con gli studenti per la realizzazione del logo della Fondazione. Questo incontro ha offerto una preziosa opportunit\u00e0 di dialogo, coinvolgendo i giovani nelle sfide delle Comunit\u00e0 Energetiche Rinnovabili e nella gestione sostenibile delle risorse locali.<\/p>\n<p>&nbsp;<\/p>\n<p>&nbsp;<\/p>\n<hr \/>\n<p>&nbsp;<\/p>\n<blockquote>\n<h1><span style=\"color: #ff0000;\">CONSIGLI COMUNALI IN AGORDINO<\/span><\/h1>\n<\/blockquote>\n<p><strong><a class=\"dt-pswp-item\" href=\"https:\/\/www.radiopiu.net\/wordpress\/wp-content\/uploads\/2022\/12\/MUNICIPIO-FALCADE.png\" data-dt-img-description=\"\" data-large_image_width=\"941\" data-large_image_height=\"655\"><img loading=\"lazy\" decoding=\"async\" class=\"size-medium wp-image-314065 alignleft\" src=\"https:\/\/www.radiopiu.net\/wordpress\/wp-content\/uploads\/2022\/12\/MUNICIPIO-FALCADE-300x209.png\" alt=\"\" width=\"300\" height=\"209\" srcset=\"https:\/\/www.radiopiu.net\/wordpress\/wp-content\/uploads\/2022\/12\/MUNICIPIO-FALCADE-300x209.png 300w, https:\/\/www.radiopiu.net\/wordpress\/wp-content\/uploads\/2022\/12\/MUNICIPIO-FALCADE-768x535.png 768w, https:\/\/www.radiopiu.net\/wordpress\/wp-content\/uploads\/2022\/12\/MUNICIPIO-FALCADE.png 941w\" sizes=\"auto, (max-width: 300px) 100vw, 300px\" \/><\/a><\/strong><\/p>\n<p><strong>FALCADE<\/strong> Consiglio comunale oggi alle 20. Sei punti da trattare tra cui la fusione di Bim Infrastrutture e Bim Gestione servizi Pubblici , una variazione a bilancio, la convenzione per la gestione associata del segretario comunale e il mutamento temporaneo di una porzione di terreni in loclit\u00e0 Laresei e Le Buse per l&#8217;ampliamento della pista da sci<\/p>\n<p><strong>COLLE SANTA LUCIA<\/strong> Consiglio comunale oggi alle 17:30. Tra i punti in discussione una variazione a bilancio, la convenzione per la gestione associata del segretario comunale e l&#8217;approvazione del programma di lavori pubblici<\/p>\n<p><strong>SELVA DI CADORE<\/strong> consiglio comunale oggi alle 20. Tre punti in discussione tra cui una variazione a bilancio e la fusione di Bim Infrastrutture e Bim Gestione servizi Pubblici<\/p>\n<p><strong>RIVAMONTE<\/strong> Consiglio comunale oggi alle 18.30, all&#8217;ordine del giorno l&#8217;operazione di fusione Bim Gestioni Servizi Pubblici e Bim Infrastrutture<\/p>\n<p><strong>LIVINALLONGO<\/strong> Consiglio comunale oggi alle 20:30. Tra i sette punti in discussione l&#8217;approvazione del DUP, l&#8217;approvazione del bilancio di Fodom Servizi e la previsione per il 2024, la fusione di Bim Infrastrutture e Bim Gestione servizi Pubblici e una variazione a bilancio<\/p>\n<p><strong>ROCCA PIETORE<\/strong> Consiglio comunale domenica alle 9. Quattro punti da trattare tra cui l&#8217;approvazione del DUP, l&#8217;operazione di fusione Bim Gestioni Servizi Pubblici e Bim Infrastrutture e la nomina del revisore dei conti. Inoltre 6 interrogazioni della minoranza relative alla realizzazione della ciclabile di Masar\u00e8, gli introiti di parcheggi dei serrai di Sottoguda, la sistemazione delle piazzette di Pezz\u00e8 e Ronch, la collaborazione con il comune di Alleghe per i fondi necessari al drenaggio del lago e la richiesta di intitolare ad Angelo Bassot il parco giochi di Saviner<\/p>\n<p>&nbsp;<\/p>\n<hr \/>\n<p>&nbsp;<\/p>\n<blockquote>\n<h3>ASSEMBLEE SOCI PER BIM GSP E BIM BELLUNO INFRASTRUTTURE<\/h3>\n<\/blockquote>\n<p><strong><a class=\"dt-pswp-item\" href=\"https:\/\/www.radiopiu.net\/wordpress\/wp-content\/uploads\/2021\/06\/th-12.jpg\" data-dt-img-description=\"\" data-large_image_width=\"282\" data-large_image_height=\"188\"><img loading=\"lazy\" decoding=\"async\" class=\" wp-image-216172 alignleft\" src=\"https:\/\/www.radiopiu.net\/wordpress\/wp-content\/uploads\/2021\/06\/th-12.jpg\" alt=\"\" width=\"152\" height=\"101\" \/><\/a>BELLUNO<\/strong> Luned\u00ec 21 ottobre, presso la Sala Conferenze del Park Hotel Villa Carpenada, si terranno le assemblee dei soci di Bim Belluno Infrastrutture e Bim Gsp. Le riunioni, previste rispettivamente alle ore 16:00 e 17:00, affronteranno l\u2019approvazione definitiva del progetto di fusione, che prevede l\u2019incorporazione di Bim Infrastrutture in Gsp, e l&#8217;approvazione delle linee guida per il piano industriale della nuova societ\u00e0 post fusione. Inoltre, i soci voteranno sui bilanci infrannuali delle due aziende, riguardanti i risultati del primo semestre 2024.<\/p>\n<p>&nbsp;<\/p>\n<p>&nbsp;<\/p>\n<p>&nbsp;<\/p>\n<hr \/>\n<p>&nbsp;<\/p>\n<blockquote>\n<div class=\"mceTemp\"><strong class=\"photoswipe-wrapper\"><a class=\"dt-pswp-item pspw-wrap-ready\" href=\"https:\/\/www.radiopiu.net\/wordpress\/wp-content\/uploads\/2023\/11\/17eab4b1-8666-fa4f-5e3c-48e18e0a5716.jpg\" data-dt-img-description=\"Doctor giving a senior woman vaccination. Virus protection. COVID-2019.\" data-large_image_width=\"800\" data-large_image_height=\"445\"><img loading=\"lazy\" decoding=\"async\" class=\"size-medium wp-image-360171 alignleft\" src=\"https:\/\/www.radiopiu.net\/wordpress\/wp-content\/uploads\/2023\/11\/17eab4b1-8666-fa4f-5e3c-48e18e0a5716-300x167.jpg\" sizes=\"auto, (max-width: 300px) 100vw, 300px\" srcset=\"https:\/\/www.radiopiu.net\/wordpress\/wp-content\/uploads\/2023\/11\/17eab4b1-8666-fa4f-5e3c-48e18e0a5716-300x167.jpg 300w, https:\/\/www.radiopiu.net\/wordpress\/wp-content\/uploads\/2023\/11\/17eab4b1-8666-fa4f-5e3c-48e18e0a5716-768x427.jpg 768w, https:\/\/www.radiopiu.net\/wordpress\/wp-content\/uploads\/2023\/11\/17eab4b1-8666-fa4f-5e3c-48e18e0a5716.jpg 800w\" alt=\"\" width=\"300\" height=\"167\" \/><\/a>Secondo e ultimo appuntamento per la vaccinazione antinfluenzale ad Agordo<\/strong><\/div>\n<\/blockquote>\n<p><strong>AGORDO\u00a0<\/strong>\u00a0Sabato 19 ottobre, dalle 15:00 alle 19:00, si terr\u00e0 presso il Centro Parrocchiale \u201cVincenzo Savio\u201d di Agordo il secondo e ultimo incontro per la vaccinazione antinfluenzale, organizzato dai medici Fadig\u00e0, Pennacchioni e Bottarel per i loro assistiti.L\u2019invito \u00e8 rivolto a tutti i pazienti con pi\u00f9 di 65 anni, o che li compiranno entro l\u2019anno, inclusi coloro che non hanno partecipato alla prima seduta.Una partecipazione numerosa garantir\u00e0 una pi\u00f9 rapida copertura contro un\u2019influenza che si prevede particolarmente precoce e aggressiva, consentendo ai medici di concentrarsi maggiormente sulla normale attivit\u00e0 ambulatoriale.<\/p>\n<p>&nbsp;<\/p>\n<p>&nbsp;<\/p>\n<hr \/>\n<p>&nbsp;<\/p>\n<blockquote>\n<h3>LA FONDAZIONE CER INCONTRA GLI STUDENTI DEL LICEO ARTISTICO DI CORTINA<\/h3>\n<\/blockquote>\n<p><strong>CORTINA<\/strong> Lo scorso 11 ottobre, la Fondazione CER Dolomiti ha incontrato la classe 4a del Liceo Artistico di Cortina d&#8217;Ampezzo per presentare il proprio ruolo nella promozione delle energie rinnovabili e della sostenibilit\u00e0 nella Provincia di Belluno. All&#8217;incontro erano presenti il Presidente Antonio Daniele Barattin, la Vicepresidente Francesca Passuello e il Consigliere Marco Genova. Gli studenti hanno mostrato particolare interesse verso temi come la povert\u00e0 energetica e l&#8217;autonomia di approvvigionamento. Inoltre, si sono impegnati a creare una proposta grafica per il logo della Fondazione. Questo progetto rappresenta un&#8217;opportunit\u00e0 concreta per coniugare creativit\u00e0 e sostenibilit\u00e0.<\/p>\n<p>&nbsp;<\/p>\n<p>&nbsp;<\/p>\n<hr \/>\n<p>&nbsp;<\/p>\n<blockquote>\n<h3>UN NUOVO PROGETTO PER LO STUDIO DEGLI INSETTI IMPOLLINATORI<\/h3>\n<\/blockquote>\n<p><strong><a class=\"dt-pswp-item\" href=\"https:\/\/www.radiopiu.net\/wordpress\/wp-content\/uploads\/2020\/09\/honey-bees-401238_960_720.jpg\" data-dt-img-description=\"\" data-large_image_width=\"960\" data-large_image_height=\"640\"><img loading=\"lazy\" decoding=\"async\" class=\" wp-image-159647 alignleft\" src=\"https:\/\/www.radiopiu.net\/wordpress\/wp-content\/uploads\/2020\/09\/honey-bees-401238_960_720-300x200.jpg\" alt=\"\" width=\"158\" height=\"105\" srcset=\"https:\/\/www.radiopiu.net\/wordpress\/wp-content\/uploads\/2020\/09\/honey-bees-401238_960_720-300x200.jpg 300w, https:\/\/www.radiopiu.net\/wordpress\/wp-content\/uploads\/2020\/09\/honey-bees-401238_960_720-768x512.jpg 768w, https:\/\/www.radiopiu.net\/wordpress\/wp-content\/uploads\/2020\/09\/honey-bees-401238_960_720-640x427.jpg 640w, https:\/\/www.radiopiu.net\/wordpress\/wp-content\/uploads\/2020\/09\/honey-bees-401238_960_720.jpg 960w\" sizes=\"auto, (max-width: 158px) 100vw, 158px\" \/><\/a>FELTRE\u00a0<\/strong>Il Parco Nazionale Dolomiti Bellunesi, in collaborazione con l\u2019Universit\u00e0 di Padova, ha avviato un progetto di citizen science per lo studio dei Sirfidi, insetti impollinatori che imitano api e vespe per difendersi dai predatori. Questo nuovo progetto segue il successo di un&#8217;iniziativa analoga sulle farfalle delle Alpi orientali, che ha raccolto oltre 74.000 segnalazioni da 237 partecipanti. Coordinato dall&#8217;Universit\u00e0 di Modena e Reggio Emilia, il progetto invita i cittadini a contribuire fotografando Sirfidi e inviando le segnalazioni tramite l&#8217;app INaturalist. Il monitoraggio inizier\u00e0 in primavera, ma \u00e8 gi\u00e0 possibile caricare osservazioni passate. Dettagli sono disponibili sul sito del Parco.<\/p>\n<p>&nbsp;<\/p>\n<p>&nbsp;<\/p>\n<hr \/>\n<p>&nbsp;<\/p>\n<blockquote>\n<h3>LE COMPANY LANDS LANCIANO L&#8217;ECOMUSEO<\/h3>\n<\/blockquote>\n<p><strong>PIEVE DI CADORE<\/strong> Al Museo dell\u2019Occhiale di Pieve di Cadore \u00e8 stato presentato il libro di Marco Montemaggi \u201cCompany Lands. La cultura industriale come valore per il territorio,\u201d aprendo il ciclo di formazione per il progetto \u201cEcomuseo Terre dell\u2019Occhiale.\u201d L&#8217;evento ha coinvolto imprese e partner locali per sviluppare il progetto e discutere esperienze simili in Italia. Montemaggi ha sottolineato l&#8217;importanza della cultura d&#8217;impresa per i territori, evidenziando il ruolo del turismo industriale. Con oltre 130 realt\u00e0 associate a Museimpresa, il territorio bellunese e il Museo dell\u2019Occhiale emergono come eccellenze del Made in Italy.<\/p>\n<p>&nbsp;<\/p>\n<p>&nbsp;<\/p>\n<hr \/>\n<p>&nbsp;<\/p>\n<blockquote>\n<h3>CON IL CAI DI AGORDO A CIMA NASSERE<\/h3>\n<\/blockquote>\n<p><strong>AGORDO<\/strong> La sezione agordina del Club Alpino Italiano organizza un&#8217;escursione di media difficolt\u00e0 tra le malghe della Val Campelle, caratterizzata da un percorso di 7 ore e un dislivello di 1150 metri. L&#8217;escursione si svolger\u00e0 in un paesaggio autunnale suggestivo, domenica con partenza alle\u00a0 7 dal Piazzale Marconi di Agordo. La partecipazione \u00e8 riservata ai tesserati CAI con tessera rinnovata. Il pranzo sar\u00e0 al sacco, e il percorso potr\u00e0 essere modificato in base alle condizioni meteo. Info: 380 6983040<\/p>\n<p>&nbsp;<\/p>\n<p>&nbsp;<\/p>\n<hr \/>\n<p>&nbsp;<\/p>\n<blockquote>\n<h3><a class=\"dt-pswp-item\" href=\"https:\/\/www.radiopiu.net\/wordpress\/wp-content\/uploads\/2024\/10\/ski-college-presentazione-archivio.jpg\" data-dt-img-description=\"\" data-large_image_width=\"2000\" data-large_image_height=\"1333\"><img loading=\"lazy\" decoding=\"async\" class=\" wp-image-415027 alignleft\" src=\"https:\/\/www.radiopiu.net\/wordpress\/wp-content\/uploads\/2024\/10\/ski-college-presentazione-archivio-300x200.jpg\" alt=\"\" width=\"153\" height=\"102\" srcset=\"https:\/\/www.radiopiu.net\/wordpress\/wp-content\/uploads\/2024\/10\/ski-college-presentazione-archivio-300x200.jpg 300w, https:\/\/www.radiopiu.net\/wordpress\/wp-content\/uploads\/2024\/10\/ski-college-presentazione-archivio-1024x682.jpg 1024w, https:\/\/www.radiopiu.net\/wordpress\/wp-content\/uploads\/2024\/10\/ski-college-presentazione-archivio-768x512.jpg 768w, https:\/\/www.radiopiu.net\/wordpress\/wp-content\/uploads\/2024\/10\/ski-college-presentazione-archivio-1536x1024.jpg 1536w, https:\/\/www.radiopiu.net\/wordpress\/wp-content\/uploads\/2024\/10\/ski-college-presentazione-archivio.jpg 2000w\" sizes=\"auto, (max-width: 153px) 100vw, 153px\" \/><\/a>LA PRESENTAZIONE DELLO SKI COLLEGE VENETO DI FALCADE<\/h3>\n<\/blockquote>\n<p><strong>FALCADE <\/strong>Domani verranno presentati i programmi e le squadre dello Ski College Veneto Falcade per la stagione agonistica 2024\/25. L&#8217;appuntamento \u00e8 fissato per le ore 16 alla Sala Polifunzionale Dolomiti di via Trieste 23 a Falcade<\/p>\n<p>&nbsp;<\/p>\n<p>&nbsp;<\/p>\n<hr \/>\n<p>&nbsp;<\/p>\n<blockquote>\n<h3><a class=\"dt-pswp-item\" href=\"https:\/\/www.radiopiu.net\/wordpress\/wp-content\/uploads\/2024\/10\/giornata-menopausa_2024-3-4.jpg\" data-dt-img-description=\"\" data-large_image_width=\"1240\" data-large_image_height=\"1754\"><img loading=\"lazy\" decoding=\"async\" class=\" wp-image-414074 alignleft\" src=\"https:\/\/www.radiopiu.net\/wordpress\/wp-content\/uploads\/2024\/10\/giornata-menopausa_2024-3-4-212x300.jpg\" alt=\"\" width=\"110\" height=\"156\" srcset=\"https:\/\/www.radiopiu.net\/wordpress\/wp-content\/uploads\/2024\/10\/giornata-menopausa_2024-3-4-212x300.jpg 212w, https:\/\/www.radiopiu.net\/wordpress\/wp-content\/uploads\/2024\/10\/giornata-menopausa_2024-3-4-724x1024.jpg 724w, https:\/\/www.radiopiu.net\/wordpress\/wp-content\/uploads\/2024\/10\/giornata-menopausa_2024-3-4-768x1086.jpg 768w, https:\/\/www.radiopiu.net\/wordpress\/wp-content\/uploads\/2024\/10\/giornata-menopausa_2024-3-4-1086x1536.jpg 1086w, https:\/\/www.radiopiu.net\/wordpress\/wp-content\/uploads\/2024\/10\/giornata-menopausa_2024-3-4.jpg 1240w\" sizes=\"auto, (max-width: 110px) 100vw, 110px\" \/><\/a>LA GIORNATA MONDIALE DELLA MENOPAUSA<\/h3>\n<\/blockquote>\n<p><strong>BELLUNO<\/strong> In occasione della Giornata mondiale della menopausa, l&#8217;Ulss Dolomiti e l&#8217;Unit\u00e0 Operativa di Ostetricia e Ginecologia di Belluno organizzano un incontro online nella giornata odierna. L&#8217;evento, intitolato &#8220;Menopausa&#8230;non \u00e8 solo questione di ormoni!&#8221;, si terr\u00e0 dalle 17.30 alle 19.00 e affronter\u00e0 temi legati alla menopausa precoce e ai segnali d&#8217;allarme per le donne in menopausa. Tra gli interventi previsti: &#8220;Come si cambia&#8221; di Laura Renon, Chirurgo Senologo, e &#8220;Menopausa: un cambiamento naturale&#8221; di Mara Scarton, Ginecologa. Per partecipare, ci si potr\u00e0 collegare tramite un link a Google Meet.<\/p>\n<p>&nbsp;<\/p>\n<p>&nbsp;<\/p>\n<hr \/>\n<p>&nbsp;<\/p>\n<blockquote>\n<h3><a class=\"dt-pswp-item\" href=\"https:\/\/www.radiopiu.net\/wordpress\/wp-content\/uploads\/2024\/10\/COME-SI-SALVA-UNA-VITA_10.10.24.jpg\" data-dt-img-description=\"\" data-large_image_width=\"1240\" data-large_image_height=\"1754\"><img loading=\"lazy\" decoding=\"async\" class=\" wp-image-414076 alignleft\" src=\"https:\/\/www.radiopiu.net\/wordpress\/wp-content\/uploads\/2024\/10\/COME-SI-SALVA-UNA-VITA_10.10.24-212x300.jpg\" alt=\"\" width=\"124\" height=\"175\" srcset=\"https:\/\/www.radiopiu.net\/wordpress\/wp-content\/uploads\/2024\/10\/COME-SI-SALVA-UNA-VITA_10.10.24-212x300.jpg 212w, https:\/\/www.radiopiu.net\/wordpress\/wp-content\/uploads\/2024\/10\/COME-SI-SALVA-UNA-VITA_10.10.24-724x1024.jpg 724w, https:\/\/www.radiopiu.net\/wordpress\/wp-content\/uploads\/2024\/10\/COME-SI-SALVA-UNA-VITA_10.10.24-768x1086.jpg 768w, https:\/\/www.radiopiu.net\/wordpress\/wp-content\/uploads\/2024\/10\/COME-SI-SALVA-UNA-VITA_10.10.24-1086x1536.jpg 1086w, https:\/\/www.radiopiu.net\/wordpress\/wp-content\/uploads\/2024\/10\/COME-SI-SALVA-UNA-VITA_10.10.24.jpg 1240w\" sizes=\"auto, (max-width: 124px) 100vw, 124px\" \/><\/a>COME SI SALVA UNA VITA? SABATO NELLE PIAZZE BELLUNESI<\/h3>\n<\/blockquote>\n<p><strong>BELLUNO<\/strong> L&#8217;Ulss Dolomiti, insieme al SUEM 118, partecipa alla Settimana per la Rianimazione Cardiopolmonare &#8220;Viva!&#8221;, una campagna promossa dall&#8217;Italian Resuscitation Council per sensibilizzare sull&#8217;importanza delle manovre di RCP. Domani, nelle piazze di Agordo, Belluno, Feltre e Pieve di Cadore, si terr\u00e0 l&#8217;evento &#8220;Come si salva una vita?&#8221; dove gli operatori del SUEM insegneranno al pubblico a riconoscere un arresto cardiaco e ad eseguire correttamente il massaggio cardiaco. L&#8217;arresto cardiaco improvviso \u00e8 la terza causa di morte in Europa e un intervento tempestivo pu\u00f2 triplicare le probabilit\u00e0 di sopravvivenza, soprattutto con l&#8217;uso di defibrillatori semiautomatici.<\/p>\n<p>&nbsp;<\/p>\n<p>&nbsp;<\/p>\n<hr \/>\n<p>&nbsp;<\/p>\n<blockquote>\n<h3>UN CONCERTO A FAVORE DI MEDICI CON L&#8217;AFRICA<\/h3>\n<\/blockquote>\n<p><strong><a class=\"dt-pswp-item\" href=\"https:\/\/www.radiopiu.net\/wordpress\/wp-content\/uploads\/2020\/09\/auser-1.jpg\" data-dt-img-description=\"\" data-large_image_width=\"1772\" data-large_image_height=\"811\"><img loading=\"lazy\" decoding=\"async\" class=\" wp-image-163020 alignleft\" src=\"https:\/\/www.radiopiu.net\/wordpress\/wp-content\/uploads\/2020\/09\/auser-1-300x137.jpg\" alt=\"\" width=\"158\" height=\"72\" srcset=\"https:\/\/www.radiopiu.net\/wordpress\/wp-content\/uploads\/2020\/09\/auser-1-300x137.jpg 300w, https:\/\/www.radiopiu.net\/wordpress\/wp-content\/uploads\/2020\/09\/auser-1-1024x469.jpg 1024w, https:\/\/www.radiopiu.net\/wordpress\/wp-content\/uploads\/2020\/09\/auser-1-768x351.jpg 768w, https:\/\/www.radiopiu.net\/wordpress\/wp-content\/uploads\/2020\/09\/auser-1-1536x703.jpg 1536w, https:\/\/www.radiopiu.net\/wordpress\/wp-content\/uploads\/2020\/09\/auser-1-640x293.jpg 640w, https:\/\/www.radiopiu.net\/wordpress\/wp-content\/uploads\/2020\/09\/auser-1.jpg 1772w\" sizes=\"auto, (max-width: 158px) 100vw, 158px\" \/><\/a>BELLUNO<\/strong> Anche quest&#8217;anno si rinnova la collaborazione tra l&#8217;Associazione Medici Cattolici di Belluno e l&#8217;Auser provinciale di Belluno con un concerto a favore di Medici con l\u2019Africa CUAMM. L&#8217;evento, in programma per oggi nella chiesa di Loreto a Belluno, celebra San Luca, patrono dei medici, e vuole essere un omaggio alla dedizione dei professionisti sanitari. Il concerto, con musiche di Vivaldi, Bach, Telemann e altri, vedr\u00e0 esibirsi Fiorenzo Mori all&#8217;organo e Davide Mori all&#8217;oboe. I medici del CUAMM operano in Africa in condizioni difficili, affrontando la mancanza di cure adeguate.<\/p>\n<p>&nbsp;<\/p>\n<hr \/>\n<p>&nbsp;<\/p>\n<p>&nbsp;<\/p>\n<blockquote><p><strong>Festival della Coralit\u00e0 Veneta: Un Weekend di Musica Corale a Belluno<\/strong><\/p><\/blockquote>\n<p><strong>BELLUNO<\/strong> Il prossimo fine settimana, Belluno e altre localit\u00e0 ospiteranno la 4\u00aa edizione del Festival della Coralit\u00e0 Veneta, organizzato dall&#8217;ASAC Veneto. Il programma, che include concerti fino al 27 ottobre, \u00e8 sostenuto da varie istituzioni locali e regionali. Il primo appuntamento sar\u00e0 oggi alle 20.45 nella chiesa di Anz\u00f9 di Feltre, con il Coro Polifonico \u201cNuovo Rinascimento\u201d di Quero di Setteville, diretto dal M\u00b0 Gilberto Meneghin; il Coro \u201cMinimo Bellunese\u201d di Belluno, diretto dal M\u00b0 Gianluca Nico lai; la \u201cSchola Cantorum Trichianensis\u201d di Trichiana, diretta dal M\u00b0 Federico Cortina. Domani alle 21, nella chiesa di S. Stefano, il Coro Polifonico &#8220;San Biagio&#8221; di Montorso Vicentino presenter\u00e0 &#8220;Il suono del sacro&#8221;. Sempre sabato, alle 20.30 a S. Giustina, il Coro Oio presenter\u00e0 il suo nuovo CD &#8220;Fioretto&#8221;. Ingresso libero per tutti gli eventi.<\/p>\n<p>&nbsp;<\/p>\n<p>&nbsp;<\/p>\n<hr \/>\n<p>&nbsp;<\/p>\n<blockquote><p><strong><a class=\"dt-pswp-item\" href=\"https:\/\/www.radiopiu.net\/wordpress\/wp-content\/uploads\/2024\/10\/20240618_204432-scaled.jpg\" data-dt-img-description=\"\" data-large_image_width=\"2560\" data-large_image_height=\"1920\"><img loading=\"lazy\" decoding=\"async\" class=\"wp-image-414774 alignleft\" src=\"https:\/\/www.radiopiu.net\/wordpress\/wp-content\/uploads\/2024\/10\/20240618_204432-300x225.jpg\" alt=\"\" width=\"207\" height=\"156\" srcset=\"https:\/\/www.radiopiu.net\/wordpress\/wp-content\/uploads\/2024\/10\/20240618_204432-300x225.jpg 300w, https:\/\/www.radiopiu.net\/wordpress\/wp-content\/uploads\/2024\/10\/20240618_204432-1024x768.jpg 1024w, https:\/\/www.radiopiu.net\/wordpress\/wp-content\/uploads\/2024\/10\/20240618_204432-768x576.jpg 768w, https:\/\/www.radiopiu.net\/wordpress\/wp-content\/uploads\/2024\/10\/20240618_204432-1536x1152.jpg 1536w, https:\/\/www.radiopiu.net\/wordpress\/wp-content\/uploads\/2024\/10\/20240618_204432-2048x1536.jpg 2048w\" sizes=\"auto, (max-width: 207px) 100vw, 207px\" \/><\/a>Fioretto: Il nuovo CD del Coro Oio celebra le tradizioni religiose<\/strong><\/p><\/blockquote>\n<div class=\"flex max-w-full flex-col flex-grow\">\n<div class=\"min-h-8 text-message flex w-full flex-col items-end gap-2 whitespace-normal break-words [.text-message+&amp;]:mt-5\" dir=\"auto\" data-message-author-role=\"assistant\" data-message-id=\"fc097429-a3c8-4f15-be68-61eb2cf834a4\" data-message-model-slug=\"gpt-4o\">\n<div class=\"flex w-full flex-col gap-1 empty:hidden first:pt-[3px]\">\n<div class=\"markdown prose w-full break-words dark:prose-invert dark\">\n<p><strong>SANTA GIUSTINA<\/strong> Nel trentennale della sua fondazione, il Coro Oio presenta &#8220;Fioretto&#8221;, un CD dedicato ai canti liturgici in onore della Vergine Maria. Il progetto, nato nel post-pandemia, intende recuperare antiche tradizioni popolari legate al canto religioso. La prima presentazione si terr\u00e0 domani alle 20.30 nella chiesa parrocchiale di Santa Giustina con la partecipazione straordinaria dell\u2019artista Vico Calabr\u00f2 che \u201cdipinger\u00e0 in diretta\u201d durante l\u2019esecuzione dei brani che il Coro Oio proporr\u00e0 durante la presentazione.<\/p>\n<\/div>\n<\/div>\n<\/div>\n<\/div>\n<p>&nbsp;<\/p>\n<hr \/>\n<p>&nbsp;<\/p>\n<p>&nbsp;<\/p>\n<div class=\"flex max-w-full flex-col flex-grow\">\n<div class=\"min-h-8 text-message flex w-full flex-col items-end gap-2 whitespace-normal break-words [.text-message+&amp;]:mt-5\" dir=\"auto\" data-message-author-role=\"assistant\" data-message-id=\"c2b1fe33-bc8b-45f1-969f-7db88566768c\" data-message-model-slug=\"gpt-4o\">\n<div class=\"flex w-full flex-col gap-1 empty:hidden first:pt-[3px]\">\n<div class=\"markdown prose w-full break-words dark:prose-invert dark\">\n<blockquote>\n<blockquote>\n<h3><a class=\"dt-pswp-item\" href=\"https:\/\/www.radiopiu.net\/wordpress\/wp-content\/uploads\/2024\/10\/Manifesto2024.jpg\" data-dt-img-description=\"\" data-large_image_width=\"1659\" data-large_image_height=\"2362\"><img loading=\"lazy\" decoding=\"async\" class=\" wp-image-414457 alignleft\" src=\"https:\/\/www.radiopiu.net\/wordpress\/wp-content\/uploads\/2024\/10\/Manifesto2024-211x300.jpg\" alt=\"\" width=\"91\" height=\"129\" srcset=\"https:\/\/www.radiopiu.net\/wordpress\/wp-content\/uploads\/2024\/10\/Manifesto2024-211x300.jpg 211w, https:\/\/www.radiopiu.net\/wordpress\/wp-content\/uploads\/2024\/10\/Manifesto2024-719x1024.jpg 719w, https:\/\/www.radiopiu.net\/wordpress\/wp-content\/uploads\/2024\/10\/Manifesto2024-768x1093.jpg 768w, https:\/\/www.radiopiu.net\/wordpress\/wp-content\/uploads\/2024\/10\/Manifesto2024-1079x1536.jpg 1079w, https:\/\/www.radiopiu.net\/wordpress\/wp-content\/uploads\/2024\/10\/Manifesto2024-1438x2048.jpg 1438w, https:\/\/www.radiopiu.net\/wordpress\/wp-content\/uploads\/2024\/10\/Manifesto2024.jpg 1659w\" sizes=\"auto, (max-width: 91px) 100vw, 91px\" \/><\/a> MESSA PER I CADUTI IN MONTAGNA<\/h3>\n<\/blockquote>\n<p><strong>AGORDO<\/strong> La Santa Messa per i caduti della montagna si svolger\u00e0 ad Agordo nella Chiesa Arcidiaconale il 27 ottobre 2024 alle 18:30, organizzata dall&#8217;Associazione Filarmonica Agordina e dal Coro Agordo. L&#8217;evento commemorer\u00e0 i caduti della montagna con il canto &#8220;Signore delle Cime&#8221; e vedr\u00e0 la partecipazione di diversi gruppi locali, tra cui il CAI Agordina, il Soccorso Alpino e i Rocciatori. La celebrazione sar\u00e0 trasmessa in diretta su Radio Pi\u00f9.<\/p><\/blockquote>\n<\/div>\n<\/div>\n<\/div>\n<\/div>\n<div class=\"mb-2 flex gap-3 empty:hidden -ml-2\">\n<div class=\"items-center justify-start rounded-xl p-1 flex\">\n<div class=\"flex items-center\">\n<div class=\"flex max-w-full flex-col flex-grow\">\n<div class=\"min-h-8 text-message flex w-full flex-col items-end gap-2 whitespace-normal break-words [.text-message+&amp;]:mt-5\" dir=\"auto\" data-message-author-role=\"assistant\" data-message-id=\"c2b1fe33-bc8b-45f1-969f-7db88566768c\" data-message-model-slug=\"gpt-4o\">\n<div class=\"flex w-full flex-col gap-1 empty:hidden first:pt-[3px]\">\n<div class=\"markdown prose w-full break-words dark:prose-invert dark\">\n<p>&nbsp;<\/p>\n<hr \/>\n<p>&nbsp;<\/p>\n<blockquote>\n<h1>LA CENA DEI COSCRITTI DEL 1974<\/h1>\n<\/blockquote>\n<p><strong>FALCADE<\/strong> Le cena della classe 1974 dei coscritti dell&#8217;<strong>Agordino<\/strong> si terr\u00e0\u00a0 sabato 30 novembre\u00a0 a Falcade, Hotel Stella Alpina. La cena e&#8217; aperta ai nati nel 1974 nei 16 comuni dell&#8217;Agordino, e sara&#8217; un&#8217;occasione di ritrovo,\u00a0 dopo tanto tempo e festeggiare il mezzo secolo.<\/p>\n<p>info\u00a0 3478120853<\/p>\n<p><a class=\"dt-pswp-item\" href=\"https:\/\/www.radiopiu.net\/wordpress\/wp-content\/uploads\/2024\/10\/Senza-nome-76.png\" data-dt-img-description=\"\" data-large_image_width=\"415\" data-large_image_height=\"545\"><img loading=\"lazy\" decoding=\"async\" class=\"size-medium wp-image-414980 aligncenter\" src=\"https:\/\/www.radiopiu.net\/wordpress\/wp-content\/uploads\/2024\/10\/Senza-nome-76-228x300.png\" alt=\"\" width=\"228\" height=\"300\" srcset=\"https:\/\/www.radiopiu.net\/wordpress\/wp-content\/uploads\/2024\/10\/Senza-nome-76-228x300.png 228w, https:\/\/www.radiopiu.net\/wordpress\/wp-content\/uploads\/2024\/10\/Senza-nome-76.png 415w\" sizes=\"auto, (max-width: 228px) 100vw, 228px\" \/><\/a><\/p>\n<p><a class=\"dt-pswp-item\" href=\"https:\/\/www.radiopiu.net\/wordpress\/wp-content\/uploads\/2024\/10\/fb97af48-2667-4fff-84ad-740096c9cce3.jpg\" data-dt-img-description=\"\" data-large_image_width=\"720\" data-large_image_height=\"1600\">\u00a0<\/a><\/p>\n<hr \/>\n<p>&nbsp;<\/p>\n<p>&nbsp;<\/p>\n<blockquote class=\"wp-embedded-content\" data-secret=\"WkF4qvU1fV\"><p><a href=\"https:\/\/www.radiopiu.net\/wordpress\/emozione-continua-100-anni-di-passione-raccontati-alla-radio-la-raccolta\/\">EMOZIONE CONTINUA&#8230;100 ANNI DI PASSIONE RACCONTATI ALLA RADIO &#8211; LA RACCOLTA<\/a><\/p><\/blockquote>\n<p><iframe loading=\"lazy\" class=\"wp-embedded-content\" sandbox=\"allow-scripts\" security=\"restricted\" style=\"position: absolute; visibility: hidden;\" title=\"&#8220;EMOZIONE CONTINUA&#8230;100 ANNI DI PASSIONE RACCONTATI ALLA RADIO &#8211; LA RACCOLTA&#8221; &#8212; Radio Pi\u00f9\" src=\"https:\/\/www.radiopiu.net\/wordpress\/emozione-continua-100-anni-di-passione-raccontati-alla-radio-la-raccolta\/embed\/#?secret=xCmQwsyi7s#?secret=WkF4qvU1fV\" data-secret=\"WkF4qvU1fV\" width=\"600\" height=\"338\" frameborder=\"0\" marginwidth=\"0\" marginheight=\"0\" scrolling=\"no\"><\/iframe><\/p>\n<p>&nbsp;<\/p>\n<p>&nbsp;<\/p>\n<hr \/>\n<p>&nbsp;<\/p>\n<blockquote>\n<h2 style=\"text-align: left;\">&#8220;VERMIGLIO&#8221;, UN FILM DA NON PERDERE IN PROGRAMMAZIONE AL CINEMA DOLOMITI DI FALCADE<\/h2>\n<\/blockquote>\n<p><strong><a class=\"dt-pswp-item\" href=\"https:\/\/www.radiopiu.net\/wordpress\/wp-content\/uploads\/2024\/10\/locandina-1.jpg\" data-dt-img-description=\"\" data-large_image_width=\"420\" data-large_image_height=\"525\"><img loading=\"lazy\" decoding=\"async\" class=\" wp-image-414491 alignleft\" src=\"https:\/\/www.radiopiu.net\/wordpress\/wp-content\/uploads\/2024\/10\/locandina-1-240x300.jpg\" alt=\"\" width=\"138\" height=\"173\" srcset=\"https:\/\/www.radiopiu.net\/wordpress\/wp-content\/uploads\/2024\/10\/locandina-1-240x300.jpg 240w, https:\/\/www.radiopiu.net\/wordpress\/wp-content\/uploads\/2024\/10\/locandina-1.jpg 420w\" sizes=\"auto, (max-width: 138px) 100vw, 138px\" \/><\/a>REDAZIONE<\/strong> Sar\u00e0 in programmazione il 19, 20 26 e 27 ottobre al Cinema Dolomiti di Falcade il film &#8220;Vermiglio&#8221;, vincitore del Leone D&#8217;Argento all&#8217;ultima edizione della Mostra Del Cinema di Venezia.<\/p>\n<p><strong>\u00a0<\/strong><\/p>\n<p><strong>\u00a0<\/strong><strong>\u00a0<\/strong><\/p>\n<p><strong>\u00a0<\/strong><\/p>\n<p><strong>DI PAOLA LANCIATO<\/strong><\/p>\n<audio class=\"wp-audio-shortcode\" id=\"audio-414890-14\" preload=\"none\" style=\"width: 100%;\" controls=\"controls\"><source type=\"audio\/mpeg\" src=\"https:\/\/www.radiopiu.net\/wordpress\/wp-content\/uploads\/2024\/10\/PAOLA-LANCIATO-Vermiglio.mp3?_=14\" \/><a href=\"https:\/\/www.radiopiu.net\/wordpress\/wp-content\/uploads\/2024\/10\/PAOLA-LANCIATO-Vermiglio.mp3\">https:\/\/www.radiopiu.net\/wordpress\/wp-content\/uploads\/2024\/10\/PAOLA-LANCIATO-Vermiglio.mp3<\/a><\/audio>\n<p>&nbsp;<\/p>\n<p>&nbsp;<\/p>\n<hr \/>\n<p>&nbsp;<\/p>\n<\/div>\n<\/div>\n<\/div>\n<\/div>\n<\/div>\n<\/div>\n<\/div>\n<blockquote>\n<h1>TRE AUTRICI PER PUNTI DI VISTA, STORIE PER CAPIRE<\/h1>\n<\/blockquote>\n<p><strong>BELLUNO<\/strong><\/p>\n<p><strong>DI ROBERTO BONA<\/strong><\/p>\n<audio class=\"wp-audio-shortcode\" id=\"audio-414890-15\" preload=\"none\" style=\"width: 100%;\" controls=\"controls\"><source type=\"audio\/wav\" src=\"https:\/\/www.radiopiu.net\/wordpress\/wp-content\/uploads\/2024\/10\/PuntiDiVista.wav?_=15\" \/><a href=\"https:\/\/www.radiopiu.net\/wordpress\/wp-content\/uploads\/2024\/10\/PuntiDiVista.wav\">https:\/\/www.radiopiu.net\/wordpress\/wp-content\/uploads\/2024\/10\/PuntiDiVista.wav<\/a><\/audio>\n<p>&nbsp;<\/p>\n<p><img loading=\"lazy\" decoding=\"async\" class=\"aligncenter\" src=\"https:\/\/www.radiopiu.net\/wordpress\/wp-content\/uploads\/2024\/10\/035eca65-8d62-4136-974f-5c03103a427e.jpg\" width=\"269\" height=\"190\" \/><\/p>\n<p>&nbsp;<\/p>\n<p>&nbsp;<\/p>\n<p>&nbsp;<\/p>\n<p>&nbsp;<\/p>\n<hr \/>\n<p>&nbsp;<\/p>\n<div class=\"page-title-head hgroup\">\n<blockquote>\n<h1 class=\"entry-title\">L\u2019ARMADIO DELLA VERGOGNA A BOLZANO BELLUNESE sabato 19 ottobre<\/h1>\n<\/blockquote>\n<\/div>\n<div class=\"page-title-breadcrumbs\">\n<p><img loading=\"lazy\" decoding=\"async\" class=\"alignleft\" src=\"https:\/\/www.radiopiu.net\/wordpress\/wp-content\/uploads\/2024\/10\/74c3ef91-6fb8-4262-9ef6-afe32c30967a.jpg\" width=\"190\" height=\"247\" \/><\/p>\n<p><strong>BELLUNO DI ROBERTO BONA<\/strong><\/p>\n<audio class=\"wp-audio-shortcode\" id=\"audio-414890-16\" preload=\"none\" style=\"width: 100%;\" controls=\"controls\"><source type=\"audio\/wav\" src=\"https:\/\/www.radiopiu.net\/wordpress\/wp-content\/uploads\/2024\/10\/EccidiNazifascistiArmadiodellaVergogna.wav?_=16\" \/><a href=\"https:\/\/www.radiopiu.net\/wordpress\/wp-content\/uploads\/2024\/10\/EccidiNazifascistiArmadiodellaVergogna.wav\">https:\/\/www.radiopiu.net\/wordpress\/wp-content\/uploads\/2024\/10\/EccidiNazifascistiArmadiodellaVergogna.wav<\/a><\/audio>\n<p>&nbsp;<\/p>\n<hr \/>\n<p><strong>\u00a0<\/strong><\/p>\n<blockquote><p><strong>Omaggio a Giacomo Puccini: Gala lirico con accompagnamento pianistico sabato sera all&#8217;Auditorium dell&#8217;Istituto Canossiano di Feltre<\/strong><\/p><\/blockquote>\n<p><strong>FELTRE<\/strong> Il Festival Internazionale di Musica del Veneto a Feltre con il gal\u00e0 lirico &#8220;Omaggio a Giacomo Puccini&#8221;. Sabato 19 ottobre alle\u00a0 21 all&#8217;Auditorium Canossiano, si esibiranno Anna Sanachina (soprano), Dario Magnabosco (tenore), Nicola Zambon (baritono) ed Enrico Rinaldo (basso), accompagnati dal pianista Damiano Lazzaron. L&#8217;ingresso \u00e8 gratuito.<\/p>\n<\/div>\n<p>&nbsp;<\/p>\n<p>&nbsp;<\/p>\n<hr \/>\n<p>&nbsp;<\/p>\n<blockquote><p><strong><a class=\"dt-pswp-item\" href=\"https:\/\/www.radiopiu.net\/wordpress\/wp-content\/uploads\/2018\/07\/TESSARI.jpg\" data-dt-img-description=\"\" data-large_image_width=\"4928\" data-large_image_height=\"3264\"><img loading=\"lazy\" decoding=\"async\" class=\"wp-image-55390 alignleft\" src=\"https:\/\/www.radiopiu.net\/wordpress\/wp-content\/uploads\/2018\/07\/TESSARI-300x199.jpg\" alt=\"\" width=\"185\" height=\"123\" srcset=\"https:\/\/www.radiopiu.net\/wordpress\/wp-content\/uploads\/2018\/07\/TESSARI-300x199.jpg 300w, https:\/\/www.radiopiu.net\/wordpress\/wp-content\/uploads\/2018\/07\/TESSARI-768x509.jpg 768w, https:\/\/www.radiopiu.net\/wordpress\/wp-content\/uploads\/2018\/07\/TESSARI-1024x678.jpg 1024w\" sizes=\"auto, (max-width: 185px) 100vw, 185px\" \/><\/a>Concerto di Silvia Tessari per l\u2019UICI di Belluno<\/strong><\/p><\/blockquote>\n<p><strong>BELLUNO<\/strong> Oggi, alle ore 21.00, presso la Sala Teatro del Centro Congressi Giovanni XXIII di Belluno, si terr\u00e0 un concerto della pianista di fama internazionale Silvia Tessari, originaria di Falcade. L&#8217;evento \u00e8 organizzato dall&#8217;Unione Italiana dei Ciechi e degli Ipovedenti (UICI) di Belluno per raccogliere fondi a sostegno delle attivit\u00e0 rivolte alle persone con disabilit\u00e0 visiva. L\u2019intera cittadinanza \u00e8 invitata a partecipare. I biglietti saranno disponibili in loco a partire dalle ore 19.00 fino a esaurimento posti.<\/p>\n<p>&nbsp;<\/p>\n<hr \/>\n<p>&nbsp;<\/p>\n<p>&nbsp;<\/p>\n<blockquote><p><strong><a class=\"dt-pswp-item\" href=\"https:\/\/www.radiopiu.net\/wordpress\/wp-content\/uploads\/2024\/10\/La-Gazza-Ladra-scaled.jpg\" data-dt-img-description=\"\" data-large_image_width=\"2560\" data-large_image_height=\"1707\"><img loading=\"lazy\" decoding=\"async\" class=\" wp-image-414755 alignleft\" src=\"https:\/\/www.radiopiu.net\/wordpress\/wp-content\/uploads\/2024\/10\/La-Gazza-Ladra-300x200.jpg\" alt=\"\" width=\"263\" height=\"175\" srcset=\"https:\/\/www.radiopiu.net\/wordpress\/wp-content\/uploads\/2024\/10\/La-Gazza-Ladra-300x200.jpg 300w, https:\/\/www.radiopiu.net\/wordpress\/wp-content\/uploads\/2024\/10\/La-Gazza-Ladra-1024x683.jpg 1024w, https:\/\/www.radiopiu.net\/wordpress\/wp-content\/uploads\/2024\/10\/La-Gazza-Ladra-768x512.jpg 768w, https:\/\/www.radiopiu.net\/wordpress\/wp-content\/uploads\/2024\/10\/La-Gazza-Ladra-1536x1024.jpg 1536w, https:\/\/www.radiopiu.net\/wordpress\/wp-content\/uploads\/2024\/10\/La-Gazza-Ladra-2048x1365.jpg 2048w\" sizes=\"auto, (max-width: 263px) 100vw, 263px\" \/><\/a>Torna &#8220;Autunno a Teatro in Comelico&#8221; con la 14^ edizione<\/strong><\/p><\/blockquote>\n<p>La rassegna teatrale &#8220;Autunno a Teatro in Comelico&#8221; torna con la sua 14^ edizione, consolidando un appuntamento culturale molto atteso. Organizzata da &#8220;I Comelianti&#8221;, &#8220;Gruppo Musicale di Costalta&#8221; e &#8220;Amici del Teatro&#8221;, la rassegna si terr\u00e0 al Cinema Piave di S. Stefano di Cadore, a partire dal 20 ottobre fino al 1\u00b0 dicembre. Il programma prevede cinque spettacoli, con generi adatti a tutti, dal teatro-canzone alla commedia brillante, fino a spettacoli per famiglie.<\/p>\n<p>&nbsp;<\/p>\n<p>&nbsp;<\/p>\n<p>&nbsp;<\/p>\n<p>&nbsp;<\/p>\n<hr \/>\n<p>&nbsp;<\/p>\n<blockquote>\n<h3><a class=\"dt-pswp-item\" href=\"https:\/\/www.radiopiu.net\/wordpress\/wp-content\/uploads\/2024\/10\/LVA_1920x1080-copia.jpg\" data-dt-img-description=\"\" data-large_image_width=\"1920\" data-large_image_height=\"1080\"><img loading=\"lazy\" decoding=\"async\" class=\" wp-image-415074 alignleft\" src=\"https:\/\/www.radiopiu.net\/wordpress\/wp-content\/uploads\/2024\/10\/LVA_1920x1080-copia-300x169.jpg\" alt=\"\" width=\"185\" height=\"104\" srcset=\"https:\/\/www.radiopiu.net\/wordpress\/wp-content\/uploads\/2024\/10\/LVA_1920x1080-copia-300x169.jpg 300w, https:\/\/www.radiopiu.net\/wordpress\/wp-content\/uploads\/2024\/10\/LVA_1920x1080-copia-1024x576.jpg 1024w, https:\/\/www.radiopiu.net\/wordpress\/wp-content\/uploads\/2024\/10\/LVA_1920x1080-copia-768x432.jpg 768w, https:\/\/www.radiopiu.net\/wordpress\/wp-content\/uploads\/2024\/10\/LVA_1920x1080-copia-1536x864.jpg 1536w, https:\/\/www.radiopiu.net\/wordpress\/wp-content\/uploads\/2024\/10\/LVA_1920x1080-copia.jpg 1920w\" sizes=\"auto, (max-width: 185px) 100vw, 185px\" \/><\/a>AL CINEMA ITALIA CON I PROTAGONISTI DE &#8220;LA VALANGA AZZURRA&#8221;<\/h3>\n<\/blockquote>\n<p><strong>BELLUNO<\/strong> Il regista del film, Giovanni Veronesi e i protagonisti Gustavo Thoeni, Piero Gros e Paolo De Chiesa presentano in sala al pubblico di Belluno \u201cLa Valanga Azzurra\u201d. Appuntamento mercoled\u00ec 23 ottobre alle 18:15 al Cinema Italia.<\/p>\n<p>&nbsp;<\/p>\n<p>&nbsp;<\/p>\n<hr \/>\n<p>&nbsp;<\/p>\n<p>&nbsp;<\/p>\n<blockquote class=\"wp-embedded-content\" data-secret=\"Auhh7dhqmw\"><p><a href=\"https:\/\/www.radiopiu.net\/wordpress\/set5a\/\">EL BAL DEL FIOR, DETTI E MODI DI DIRE  LA RACCOLTA COMPLETA<\/a><\/p><\/blockquote>\n<p><iframe loading=\"lazy\" class=\"wp-embedded-content\" sandbox=\"allow-scripts\" security=\"restricted\" style=\"position: absolute; visibility: hidden;\" title=\"&#8220;EL BAL DEL FIOR, DETTI E MODI DI DIRE  LA RACCOLTA COMPLETA&#8221; &#8212; Radio Pi\u00f9\" src=\"https:\/\/www.radiopiu.net\/wordpress\/set5a\/embed\/#?secret=MrVYyDPFEX#?secret=Auhh7dhqmw\" data-secret=\"Auhh7dhqmw\" width=\"600\" height=\"338\" frameborder=\"0\" marginwidth=\"0\" marginheight=\"0\" scrolling=\"no\"><\/iframe><\/p>\n<p>&nbsp;<\/p>\n<hr \/>\n<p>&nbsp;<\/p>\n<h2><span style=\"color: #ff6600;\">IERI ALLA RADIO<\/span><\/h2>\n<p><strong><a class=\"dt-pswp-item\" href=\"https:\/\/www.radiopiu.net\/wordpress\/wp-content\/uploads\/2024\/10\/Senza-nome-78.png\" data-dt-img-description=\"\" data-large_image_width=\"883\" data-large_image_height=\"489\"><img loading=\"lazy\" decoding=\"async\" class=\"size-medium wp-image-414996 aligncenter\" src=\"https:\/\/www.radiopiu.net\/wordpress\/wp-content\/uploads\/2024\/10\/Senza-nome-78-300x166.png\" alt=\"\" width=\"300\" height=\"166\" srcset=\"https:\/\/www.radiopiu.net\/wordpress\/wp-content\/uploads\/2024\/10\/Senza-nome-78-300x166.png 300w, https:\/\/www.radiopiu.net\/wordpress\/wp-content\/uploads\/2024\/10\/Senza-nome-78-768x425.png 768w, https:\/\/www.radiopiu.net\/wordpress\/wp-content\/uploads\/2024\/10\/Senza-nome-78.png 883w\" sizes=\"auto, (max-width: 300px) 100vw, 300px\" \/><\/a><\/strong><\/p>\n<p>&nbsp;<\/p>\n<p><strong>DAL CONSIGLIO COMUNALE DI AGORDO LA VARIAZIONE AL BILANCIO, ASS. ALESSANDRA DA RONCH<\/strong><\/p>\n<audio class=\"wp-audio-shortcode\" id=\"audio-414890-17\" preload=\"none\" style=\"width: 100%;\" controls=\"controls\"><source type=\"audio\/mpeg\" src=\"https:\/\/www.radiopiu.net\/wordpress\/wp-content\/uploads\/2024\/10\/alessandra.mp3?_=17\" \/><a href=\"https:\/\/www.radiopiu.net\/wordpress\/wp-content\/uploads\/2024\/10\/alessandra.mp3\">https:\/\/www.radiopiu.net\/wordpress\/wp-content\/uploads\/2024\/10\/alessandra.mp3<\/a><\/audio>\n<p><strong>DAL CONSIGLIO COMUNALE DI AGORDO &#8220;ORDINE PUBBLICO E SICUREZZA&#8221; IL DIBATTITO<\/strong><\/p>\n<audio class=\"wp-audio-shortcode\" id=\"audio-414890-18\" preload=\"none\" style=\"width: 100%;\" controls=\"controls\"><source type=\"audio\/mpeg\" src=\"https:\/\/www.radiopiu.net\/wordpress\/wp-content\/uploads\/2024\/10\/DIBATTITO-SICUREZZA.mp3?_=18\" \/><a href=\"https:\/\/www.radiopiu.net\/wordpress\/wp-content\/uploads\/2024\/10\/DIBATTITO-SICUREZZA.mp3\">https:\/\/www.radiopiu.net\/wordpress\/wp-content\/uploads\/2024\/10\/DIBATTITO-SICUREZZA.mp3<\/a><\/audio>\n<p><strong>DAL CONSIGLIO COMUNALE DI AGORDO, LA CICLABILE AGORDO-LE CAMPE, TEMPO DI RISARCIMENTI<\/strong><\/p>\n<audio class=\"wp-audio-shortcode\" id=\"audio-414890-19\" preload=\"none\" style=\"width: 100%;\" controls=\"controls\"><source type=\"audio\/mpeg\" src=\"https:\/\/www.radiopiu.net\/wordpress\/wp-content\/uploads\/2024\/10\/CICLABILE.mp3?_=19\" \/><a href=\"https:\/\/www.radiopiu.net\/wordpress\/wp-content\/uploads\/2024\/10\/CICLABILE.mp3\">https:\/\/www.radiopiu.net\/wordpress\/wp-content\/uploads\/2024\/10\/CICLABILE.mp3<\/a><\/audio>\n<p>&nbsp;<\/p>\n<p><strong>DAL CONSIGLIO COMUNALE DI AGORDO, SITUAZIONE PIAZZA LIBERTA&#8217; E CENTRO CITTA&#8217;<\/strong><\/p>\n<audio class=\"wp-audio-shortcode\" id=\"audio-414890-20\" preload=\"none\" style=\"width: 100%;\" controls=\"controls\"><source type=\"audio\/mpeg\" src=\"https:\/\/www.radiopiu.net\/wordpress\/wp-content\/uploads\/2024\/10\/DEOLA.mp3?_=20\" \/><a href=\"https:\/\/www.radiopiu.net\/wordpress\/wp-content\/uploads\/2024\/10\/DEOLA.mp3\">https:\/\/www.radiopiu.net\/wordpress\/wp-content\/uploads\/2024\/10\/DEOLA.mp3<\/a><\/audio>\n<p>&nbsp;<\/p>\n<p>&nbsp;<\/p>\n<hr \/>\n<p>&nbsp;<\/p>\n<h2><span style=\"color: #ff00ff;\">TIME 4 ME&#8230;CON MARTINA DE BIASIO<\/span><\/h2>\n<p><strong><a class=\"dt-pswp-item\" href=\"https:\/\/www.radiopiu.net\/wordpress\/wp-content\/uploads\/2024\/10\/2925a20f-9ae4-4b16-9ca1-aabed9427fbf.jpg\" data-dt-img-description=\"\" data-large_image_width=\"1179\" data-large_image_height=\"821\"><img loading=\"lazy\" decoding=\"async\" class=\" wp-image-413874 alignleft\" src=\"https:\/\/www.radiopiu.net\/wordpress\/wp-content\/uploads\/2024\/10\/2925a20f-9ae4-4b16-9ca1-aabed9427fbf-300x209.jpg\" alt=\"\" width=\"207\" height=\"144\" srcset=\"https:\/\/www.radiopiu.net\/wordpress\/wp-content\/uploads\/2024\/10\/2925a20f-9ae4-4b16-9ca1-aabed9427fbf-300x209.jpg 300w, https:\/\/www.radiopiu.net\/wordpress\/wp-content\/uploads\/2024\/10\/2925a20f-9ae4-4b16-9ca1-aabed9427fbf-1024x713.jpg 1024w, https:\/\/www.radiopiu.net\/wordpress\/wp-content\/uploads\/2024\/10\/2925a20f-9ae4-4b16-9ca1-aabed9427fbf-768x535.jpg 768w, https:\/\/www.radiopiu.net\/wordpress\/wp-content\/uploads\/2024\/10\/2925a20f-9ae4-4b16-9ca1-aabed9427fbf.jpg 1179w\" sizes=\"auto, (max-width: 207px) 100vw, 207px\" \/><\/a>DI MARINA DONA&#8217;<\/strong><\/p>\n<p>OSPITE: Martina De Biasio, Beauty Boutique di Cencenighe<\/p>\n<p><span style=\"color: #ff0000;\"><strong>PRIMA PARTE<\/strong><\/span><\/p>\n<audio class=\"wp-audio-shortcode\" id=\"audio-414890-21\" preload=\"none\" style=\"width: 100%;\" controls=\"controls\"><source type=\"audio\/mpeg\" src=\"https:\/\/www.radiopiu.net\/wordpress\/wp-content\/uploads\/2024\/10\/TIME1-2.mp3?_=21\" \/><a href=\"https:\/\/www.radiopiu.net\/wordpress\/wp-content\/uploads\/2024\/10\/TIME1-2.mp3\">https:\/\/www.radiopiu.net\/wordpress\/wp-content\/uploads\/2024\/10\/TIME1-2.mp3<\/a><\/audio>\n<p><span style=\"color: #ff0000;\"><strong>\u00a0<\/strong><\/span><\/p>\n<p><span style=\"color: #ff0000;\"><strong>SECONDA PARTE<\/strong><\/span><\/p>\n<audio class=\"wp-audio-shortcode\" id=\"audio-414890-22\" preload=\"none\" style=\"width: 100%;\" controls=\"controls\"><source type=\"audio\/mpeg\" src=\"https:\/\/www.radiopiu.net\/wordpress\/wp-content\/uploads\/2024\/10\/TIME2-2.mp3?_=22\" \/><a href=\"https:\/\/www.radiopiu.net\/wordpress\/wp-content\/uploads\/2024\/10\/TIME2-2.mp3\">https:\/\/www.radiopiu.net\/wordpress\/wp-content\/uploads\/2024\/10\/TIME2-2.mp3<\/a><\/audio>\n<p><span style=\"color: #ff0000;\"><strong>\u00a0<\/strong><\/span><\/p>\n<p><span style=\"color: #ff0000;\"><strong>TERZA PARTE<\/strong><\/span><\/p>\n<audio class=\"wp-audio-shortcode\" id=\"audio-414890-23\" preload=\"none\" style=\"width: 100%;\" controls=\"controls\"><source type=\"audio\/mpeg\" src=\"https:\/\/www.radiopiu.net\/wordpress\/wp-content\/uploads\/2024\/10\/TIME3-2.mp3?_=23\" \/><a href=\"https:\/\/www.radiopiu.net\/wordpress\/wp-content\/uploads\/2024\/10\/TIME3-2.mp3\">https:\/\/www.radiopiu.net\/wordpress\/wp-content\/uploads\/2024\/10\/TIME3-2.mp3<\/a><\/audio>\n<p>&nbsp;<\/p>\n<hr \/>\n<p>&nbsp;<\/p>\n<h2><span style=\"color: #00ccff;\">EMOZIONE CONTINUA&#8230;100 ANNI DI PASSIONE RACCONTATI ALLA RADIO<\/span><\/h2>\n<p><span style=\"color: #ff00ff;\"><strong>PUNTATA 08 LO SPORT ALLA RADIO\u00a0<\/strong><\/span><\/p>\n<audio class=\"wp-audio-shortcode\" id=\"audio-414890-24\" preload=\"none\" style=\"width: 100%;\" controls=\"controls\"><source type=\"audio\/mpeg\" src=\"https:\/\/www.radiopiu.net\/wordpress\/wp-content\/uploads\/2024\/10\/8-Lo-sport-alla-radio-1.mp3?_=24\" \/><a href=\"https:\/\/www.radiopiu.net\/wordpress\/wp-content\/uploads\/2024\/10\/8-Lo-sport-alla-radio-1.mp3\">https:\/\/www.radiopiu.net\/wordpress\/wp-content\/uploads\/2024\/10\/8-Lo-sport-alla-radio-1.mp3<\/a><\/audio>\n<p>&nbsp;<\/p>\n<h2>LA RACCOLTA COMPLETA <a href=\"https:\/\/www.radiopiu.net\/wordpress\/emozione-continua-100-anni-di-passione-raccontati-alla-radio-la-raccolta\/\"><span style=\"color: #3366ff;\">CLICCA QUI<\/span><\/a><\/h2>\n<p>&nbsp;<\/p>\n<hr \/>\n<p>&nbsp;<\/p>\n<p>&nbsp;<\/p>\n<blockquote class=\"wp-embedded-content\" data-secret=\"dJoLJCkRRX\"><p><a href=\"https:\/\/www.radiopiu.net\/wordpress\/pirole-de-lenga-la-parola-del-giorno-a-cura-del-musla-raccolta-completa\/\">PIROLE DE LENGA&#8230; LA PAROLA DEL GIORNO A CURA DEL MUSLA -raccolta completa &#8211;<\/a><\/p><\/blockquote>\n<p><iframe loading=\"lazy\" class=\"wp-embedded-content\" sandbox=\"allow-scripts\" security=\"restricted\" style=\"position: absolute; visibility: hidden;\" title=\"&#8220;PIROLE DE LENGA&#8230; LA PAROLA DEL GIORNO A CURA DEL MUSLA -raccolta completa &#8211;&#8221; &#8212; Radio Pi\u00f9\" src=\"https:\/\/www.radiopiu.net\/wordpress\/pirole-de-lenga-la-parola-del-giorno-a-cura-del-musla-raccolta-completa\/embed\/#?secret=E76DfbtW6L#?secret=dJoLJCkRRX\" data-secret=\"dJoLJCkRRX\" width=\"600\" height=\"338\" frameborder=\"0\" marginwidth=\"0\" marginheight=\"0\" scrolling=\"no\"><\/iframe><\/p>\n<p>&nbsp;<\/p>\n<hr \/>\n<p>&nbsp;<\/p>\n<h2><span style=\"color: #ff0000;\"><a class=\"dt-pswp-item\" href=\"https:\/\/www.radiopiu.net\/wordpress\/wp-content\/uploads\/2018\/09\/appuntamenti.jpeg\" data-dt-img-description=\"\" data-large_image_width=\"800\" data-large_image_height=\"100\"><img loading=\"lazy\" decoding=\"async\" class=\"wp-image-61958 size-full aligncenter\" src=\"https:\/\/www.radiopiu.net\/wordpress\/wp-content\/uploads\/2018\/09\/appuntamenti.jpeg\" alt=\"\" width=\"800\" height=\"100\" srcset=\"https:\/\/www.radiopiu.net\/wordpress\/wp-content\/uploads\/2018\/09\/appuntamenti.jpeg 800w, https:\/\/www.radiopiu.net\/wordpress\/wp-content\/uploads\/2018\/09\/appuntamenti-300x38.jpeg 300w, https:\/\/www.radiopiu.net\/wordpress\/wp-content\/uploads\/2018\/09\/appuntamenti-768x96.jpeg 768w\" sizes=\"auto, (max-width: 800px) 100vw, 800px\" \/><\/a><\/span><\/h2>\n<p><iframe loading=\"lazy\" title=\"FORMULA 3\" width=\"1200\" height=\"900\" src=\"https:\/\/www.youtube.com\/embed\/I21aWSYA3OI?feature=oembed\" frameborder=\"0\" allow=\"accelerometer; autoplay; clipboard-write; encrypted-media; gyroscope; picture-in-picture; web-share\" referrerpolicy=\"strict-origin-when-cross-origin\" allowfullscreen><\/iframe><\/p>\n<p><strong>FALCADE<\/strong>\u00a0 Riapre il Cinema Dolomiti di Falcade. Sabato e domenica verr\u00e0 proiettato il film Vermiglio, presentato anche alla Mostra del Cinema di Venezia. Spettacoli alle 21, domenica anche alle 15:30<\/p>\n<div class=\"flex-shrink-0 flex flex-col relative items-end\">\n<div class=\"pt-0\">\n<div class=\"gizmo-bot-avatar flex h-8 w-8 items-center justify-center overflow-hidden rounded-full\">\n<p class=\"relative p-1 rounded-sm flex items-center justify-center bg-token-main-surface-primary text-token-text-primary h-8 w-8\"><strong>CANALE D&#8217;AGORDO <\/strong>Jazzercise \u00e8 un allenamento ad alta intensit\u00e0 che combina danza, pilates, yoga e kickboxing, adatto a tutti i livelli di fitness. \u00c8 efficace per tonificare i muscoli, migliorare la postura e ottenere un fisico snello. Nell&#8217;Agordino, le lezioni si tengono a Canale d&#8217;Agordo, nella sala ex emigranti di via Lotta, il luned\u00ec dalle 18:15 alle 19:15 e il mercoled\u00ec dalle 18:30 alle 19:30. L&#8217;istruttrice certificata RaLuca ti aspetta per un allenamento coinvolgente al ritmo di musica attuale. Per informazioni: 347 9295478<\/p>\n<p><strong>AGORDO UN VIAGGIO NELLA MUSICA ANNI SESSANTA E SETTANTA, &#8220;OPERAZIONE NOSTALGIA&#8221;,<\/strong> INCURSIONE NEI DECENNI SUCCESSIVI DEL SECOLO SCORSO Elisa Forcellini voce, <span class=\"html-span xdj266r x11i5rnm xat24cr x1mh8g0r xexx8yu x4uap5 x18d9i69 xkhd6sd x1hl2dhg x16tdsg8 x1vvkbs\"><a class=\"x1i10hfl xjbqb8w x1ejq31n xd10rxx x1sy0etr x17r0tee x972fbf xcfux6l x1qhh985 xm0m39n x9f619 x1ypdohk xt0psk2 xe8uvvx xdj266r x11i5rnm xat24cr x1mh8g0r xexx8yu x4uap5 x18d9i69 xkhd6sd x16tdsg8 x1hl2dhg xggy1nq x1a2a7pz x1sur9pj xkrqix3 x1fey0fg x1s688f\" tabindex=\"0\" role=\"link\" href=\"https:\/\/www.facebook.com\/karin.serafini.12?__cft__[0]=AZUS6w-16Ia-jI9bcg7qdsPkS68JCUPOt_Xuv68gElfxirAioFxkGfr9F7TMRlkcx1eLqq4qMjrB_TKQ8HlftDiEv4JV5OQF90tgTXCCBJJ1eNCQHgmp0hzB6raZctEWzHGoETriWhmxVYkKyY-AnYiE3NzGcFnh-hMcANqoZ4dpzMdJdJTy2yiv75vrq41fWxA&amp;__tn__=-]K-y-R\"><span class=\"xt0psk2\">Karin Serafini<\/span><\/a><\/span> basso e voce, Ezio De Zaiacomo tastiere, Graziano Sirena percussioni e voce, <span class=\"html-span xdj266r x11i5rnm xat24cr x1mh8g0r xexx8yu x4uap5 x18d9i69 xkhd6sd x1hl2dhg x16tdsg8 x1vvkbs\"><a class=\"x1i10hfl xjbqb8w x1ejq31n xd10rxx x1sy0etr x17r0tee x972fbf xcfux6l x1qhh985 xm0m39n x9f619 x1ypdohk xt0psk2 xe8uvvx xdj266r x11i5rnm xat24cr x1mh8g0r xexx8yu x4uap5 x18d9i69 xkhd6sd x16tdsg8 x1hl2dhg xggy1nq x1a2a7pz x1sur9pj xkrqix3 x1fey0fg x1s688f\" tabindex=\"0\" role=\"link\" href=\"https:\/\/www.facebook.com\/cosmo.forcella?__cft__[0]=AZUS6w-16Ia-jI9bcg7qdsPkS68JCUPOt_Xuv68gElfxirAioFxkGfr9F7TMRlkcx1eLqq4qMjrB_TKQ8HlftDiEv4JV5OQF90tgTXCCBJJ1eNCQHgmp0hzB6raZctEWzHGoETriWhmxVYkKyY-AnYiE3NzGcFnh-hMcANqoZ4dpzMdJdJTy2yiv75vrq41fWxA&amp;__tn__=-]K-y-R\"><span class=\"xt0psk2\">Cosmo Forcella<\/span><\/a><\/span> batteria e voce, Loris Scussel chitarre e voce SABATO 26 OTTOBRE DAL LE 20.30 IN SALA DON TAMIS AD AGORDO. ORGANIZZA L&#8217;ASSOCIAZIONE PETTIROSSO AGORDINO ENTRATA LIBERA<\/p>\n<\/div>\n<\/div>\n<\/div>\n<p><strong>CENCENIGHE<\/strong> La Famiglia Agordina Ex Emigranti organizza la Giornata dell\u2019Emigrante domenica 27 ottobre, un&#8217;occasione di festa e condivisione per chi ha vissuto o lavorato all&#8217;estero, o per chi vuole conoscere il mondo delle famiglie ex emigranti Bellunesi. Il programma prevede alle 10:30 la messa nella chiesa di Cencenighe, seguita dall\u2019omaggio al monumento dell\u2019emigrante e dall\u2019esibizione del Coro Alpino Monte Civetta nella sala consiliare. La giornata si concluder\u00e0 con un pranzo al Ristorante Monte Civetta di Listolade, accompagnato dalla cantante Daniela Trentin. Il contributo per il pranzo \u00e8 di 35 euro, prenotazioni al 339 211 4469.<\/p>\n<p><strong>FALCADE<\/strong> La Proloco di Caviola presenta &#8220;Proposte d&#8217;autunno&#8221;, un programma di eventi per vivere meglio. Gli appuntamenti includono: una passeggiata nel bosco con Silvano Savio il 20 ottobre, un incontro con Mauro Valt alla Casa della Giovent\u00f9 di Caviola il 6 novembre alle 20, e una serata osservando le stelle con &#8220;Cieli Dolomitici&#8221; il 9 novembre alle 20:30. Inoltre, il 10 novembre si svolger\u00e0 una castagnata con gli Alpini in occasione di San Martino, e il 22 novembre ci sar\u00e0 la chiusura con Roberto Sorama\u00e8 e il suo evento &#8220;Sete d\u2019Africa&#8221; alla Casa della Giovent\u00f9. Per informazioni: 349 1945861.<\/p>\n<p><strong>BELLUNO <\/strong>Venerd\u00ec 8 novembre, dalle ore 18, presso l&#8217;aula magna dell&#8217;Istituto Superiore Tommaso Catullo di Belluno, si terr\u00e0 un evento organizzato da Pig&amp;Menti, che propone un dialogo sugli archetipi tra linguistica e neuroscienze. I relatori saranno il professor Michele T\u00ecson e il professor Renzo Barbazza. L&#8217;evento \u00e8 realizzato in collaborazione con Banca Prealpi San Biagio e i dottori Marco Tarascio e Silvia Barbini.<\/p>\n<p>&nbsp;<\/p>\n<div>\n<div class=\"\" dir=\"auto\">\n<div id=\":r9h:\" class=\"x1iorvi4 x1pi30zi x1l90r2v x1swvt13\" data-ad-comet-preview=\"message\" data-ad-preview=\"message\">\n\n\t\t\t<style type='text\/css'>\n\t\t\t\t#gallery-1 {\n\t\t\t\t\tmargin: auto;\n\t\t\t\t}\n\t\t\t\t#gallery-1 .gallery-item {\n\t\t\t\t\tfloat: left;\n\t\t\t\t\tmargin-top: 10px;\n\t\t\t\t\ttext-align: center;\n\t\t\t\t\twidth: 25%;\n\t\t\t\t}\n\t\t\t\t#gallery-1 img {\n\t\t\t\t\tborder: 2px solid #cfcfcf;\n\t\t\t\t}\n\t\t\t\t#gallery-1 .gallery-caption {\n\t\t\t\t\tmargin-left: 0;\n\t\t\t\t}\n\t\t\t\t\/* see gallery_shortcode() in wp-includes\/media.php *\/\n\t\t\t<\/style>\n\t\t<div id='gallery-1' class='dt-gallery-container gallery galleryid-414890 gallery-columns-4 gallery-size-thumbnail'><dl class='gallery-item'>\n\t\t\t\t<dt class='gallery-icon portrait'>\n\t\t\t\t\t<a class=\"rollover rollover-zoom dt-pswp-item\" title=\"LOC_A3_MOSTRA-RADIO_CMVI\" data-dt-img-description=\"\" data-large_image_width=\"1816\" data-large_image_height=\"2560\"href='https:\/\/www.radiopiu.net\/wordpress\/wp-content\/uploads\/2024\/08\/LOC_A3_MOSTRA-RADIO_CMVI-scaled.jpg'><img loading=\"lazy\" decoding=\"async\" width=\"150\" height=\"150\" src=\"https:\/\/www.radiopiu.net\/wordpress\/wp-content\/uploads\/2024\/08\/LOC_A3_MOSTRA-RADIO_CMVI-150x150.jpg\" class=\"attachment-thumbnail size-thumbnail\" alt=\"\" aria-describedby=\"gallery-1-403450\" \/><\/a>\n\t\t\t\t<\/dt>\n\t\t\t\t\t<dd class='wp-caption-text gallery-caption' id='gallery-1-403450'>\n\t\t\t\t\tLA MOSTRA DELLE RADIO IN VALLE IMPERINA\n\t\t\t\t\t<\/dd><\/dl><dl class='gallery-item'>\n\t\t\t\t<dt class='gallery-icon portrait'>\n\t\t\t\t\t<a class=\"rollover rollover-zoom dt-pswp-item\" title=\"cai agordo\" data-dt-img-description=\"\" data-large_image_width=\"490\" data-large_image_height=\"947\"href='https:\/\/www.radiopiu.net\/wordpress\/wp-content\/uploads\/2024\/09\/cai-agordo.png'><img loading=\"lazy\" decoding=\"async\" width=\"150\" height=\"150\" src=\"https:\/\/www.radiopiu.net\/wordpress\/wp-content\/uploads\/2024\/09\/cai-agordo-150x150.png\" class=\"attachment-thumbnail size-thumbnail\" alt=\"\" aria-describedby=\"gallery-1-411791\" \/><\/a>\n\t\t\t\t<\/dt>\n\t\t\t\t\t<dd class='wp-caption-text gallery-caption' id='gallery-1-411791'>\n\t\t\t\t\tSERE D&#8217;AUTUNNO CON IL CAI DI AGORDO\n\t\t\t\t\t<\/dd><\/dl><dl class='gallery-item'>\n\t\t\t\t<dt class='gallery-icon portrait'>\n\t\t\t\t\t<a class=\"rollover rollover-zoom dt-pswp-item\" title=\"locandina_miele_2024_def\" data-dt-img-description=\"\" data-large_image_width=\"1240\" data-large_image_height=\"1754\"href='https:\/\/www.radiopiu.net\/wordpress\/wp-content\/uploads\/2024\/10\/locandina_miele_2024_def.jpg'><img loading=\"lazy\" decoding=\"async\" width=\"150\" height=\"150\" src=\"https:\/\/www.radiopiu.net\/wordpress\/wp-content\/uploads\/2024\/10\/locandina_miele_2024_def-150x150.jpg\" class=\"attachment-thumbnail size-thumbnail\" alt=\"\" aria-describedby=\"gallery-1-414643\" \/><\/a>\n\t\t\t\t<\/dt>\n\t\t\t\t\t<dd class='wp-caption-text gallery-caption' id='gallery-1-414643'>\n\t\t\t\t\tLIMANA PAESE DEL MIELE\n\t\t\t\t\t<\/dd><\/dl><dl class='gallery-item'>\n\t\t\t\t<dt class='gallery-icon portrait'>\n\t\t\t\t\t<a class=\"rollover rollover-zoom dt-pswp-item\" title=\"851a2829-563c-46b1-a0f6-7f9d4b804601\" data-dt-img-description=\"\" data-large_image_width=\"1131\" data-large_image_height=\"1600\"href='https:\/\/www.radiopiu.net\/wordpress\/wp-content\/uploads\/2024\/10\/851a2829-563c-46b1-a0f6-7f9d4b804601.jpg'><img loading=\"lazy\" decoding=\"async\" width=\"150\" height=\"150\" src=\"https:\/\/www.radiopiu.net\/wordpress\/wp-content\/uploads\/2024\/10\/851a2829-563c-46b1-a0f6-7f9d4b804601-150x150.jpg\" class=\"attachment-thumbnail size-thumbnail\" alt=\"\" aria-describedby=\"gallery-1-413101\" \/><\/a>\n\t\t\t\t<\/dt>\n\t\t\t\t\t<dd class='wp-caption-text gallery-caption' id='gallery-1-413101'>\n\t\t\t\t\tSILVIA TESSARI IN CONCERTO\n\t\t\t\t\t<\/dd><\/dl><br style=\"clear: both\" \/><dl class='gallery-item'>\n\t\t\t\t<dt class='gallery-icon portrait'>\n\t\t\t\t\t<a class=\"rollover rollover-zoom dt-pswp-item\" title=\"afede08f-130d-46e3-820a-6cddfdaa7d71\" data-dt-img-description=\"\" data-large_image_width=\"1131\" data-large_image_height=\"1600\"href='https:\/\/www.radiopiu.net\/wordpress\/wp-content\/uploads\/2024\/10\/afede08f-130d-46e3-820a-6cddfdaa7d71.jpg'><img loading=\"lazy\" decoding=\"async\" width=\"150\" height=\"150\" src=\"https:\/\/www.radiopiu.net\/wordpress\/wp-content\/uploads\/2024\/10\/afede08f-130d-46e3-820a-6cddfdaa7d71-150x150.jpg\" class=\"attachment-thumbnail size-thumbnail\" alt=\"\" aria-describedby=\"gallery-1-413137\" \/><\/a>\n\t\t\t\t<\/dt>\n\t\t\t\t\t<dd class='wp-caption-text gallery-caption' id='gallery-1-413137'>\n\t\t\t\t\tA CENCENIGHE \n\t\t\t\t\t<\/dd><\/dl><dl class='gallery-item'>\n\t\t\t\t<dt class='gallery-icon portrait'>\n\t\t\t\t\t<a class=\"rollover rollover-zoom dt-pswp-item\" title=\"967a322c-9996-42d7-af75-662ca7d89e84\" data-dt-img-description=\"\" data-large_image_width=\"1080\" data-large_image_height=\"1519\"href='https:\/\/www.radiopiu.net\/wordpress\/wp-content\/uploads\/2024\/10\/967a322c-9996-42d7-af75-662ca7d89e84-1.jpg'><img loading=\"lazy\" decoding=\"async\" width=\"150\" height=\"150\" src=\"https:\/\/www.radiopiu.net\/wordpress\/wp-content\/uploads\/2024\/10\/967a322c-9996-42d7-af75-662ca7d89e84-1-150x150.jpg\" class=\"attachment-thumbnail size-thumbnail\" alt=\"\" aria-describedby=\"gallery-1-413698\" \/><\/a>\n\t\t\t\t<\/dt>\n\t\t\t\t\t<dd class='wp-caption-text gallery-caption' id='gallery-1-413698'>\n\t\t\t\t\tDOMANI\n\t\t\t\t\t<\/dd><\/dl><dl class='gallery-item'>\n\t\t\t\t<dt class='gallery-icon portrait'>\n\t\t\t\t\t<a class=\"rollover rollover-zoom dt-pswp-item\" title=\"f947fdbb-45ad-4c5d-b426-66dfc10ada16\" data-dt-img-description=\"\" data-large_image_width=\"1142\" data-large_image_height=\"1600\"href='https:\/\/www.radiopiu.net\/wordpress\/wp-content\/uploads\/2024\/10\/f947fdbb-45ad-4c5d-b426-66dfc10ada16.jpg'><img loading=\"lazy\" decoding=\"async\" width=\"150\" height=\"150\" src=\"https:\/\/www.radiopiu.net\/wordpress\/wp-content\/uploads\/2024\/10\/f947fdbb-45ad-4c5d-b426-66dfc10ada16-150x150.jpg\" class=\"attachment-thumbnail size-thumbnail\" alt=\"\" aria-describedby=\"gallery-1-413896\" \/><\/a>\n\t\t\t\t<\/dt>\n\t\t\t\t\t<dd class='wp-caption-text gallery-caption' id='gallery-1-413896'>\n\t\t\t\t\tIL 26 OTTOBRE ALLA PALESTRA B-FIT\n\t\t\t\t\t<\/dd><\/dl><dl class='gallery-item'>\n\t\t\t\t<dt class='gallery-icon portrait'>\n\t\t\t\t\t<a class=\"rollover rollover-zoom dt-pswp-item\" title=\"b783bbcc-c66e-4db7-96b5-e845a2664a84\" data-dt-img-description=\"\" data-large_image_width=\"509\" data-large_image_height=\"720\"href='https:\/\/www.radiopiu.net\/wordpress\/wp-content\/uploads\/2024\/10\/b783bbcc-c66e-4db7-96b5-e845a2664a84.jpg'><img loading=\"lazy\" decoding=\"async\" width=\"150\" height=\"150\" src=\"https:\/\/www.radiopiu.net\/wordpress\/wp-content\/uploads\/2024\/10\/b783bbcc-c66e-4db7-96b5-e845a2664a84-150x150.jpg\" class=\"attachment-thumbnail size-thumbnail\" alt=\"\" aria-describedby=\"gallery-1-414272\" \/><\/a>\n\t\t\t\t<\/dt>\n\t\t\t\t\t<dd class='wp-caption-text gallery-caption' id='gallery-1-414272'>\n\t\t\t\t\tIL 31 OTTOBRE\n\t\t\t\t\t<\/dd><\/dl><br style=\"clear: both\" \/>\n\t\t\t<\/div>\n\n<p>&nbsp;<\/p>\n<\/div>\n<\/div>\n<\/div>\n<p>&nbsp;<\/p>\n<hr \/>\n<p>&nbsp;<\/p>\n<p class=\"mceTemp\"><a class=\"dt-pswp-item\" href=\"https:\/\/www.radiopiu.net\/wordpress\/wp-content\/uploads\/2018\/09\/WhatsApp-Image-2018-09-20-at-16.04.06.jpeg\" data-dt-img-description=\"\" data-large_image_width=\"800\" data-large_image_height=\"100\"><img loading=\"lazy\" decoding=\"async\" class=\"wp-image-61378 size-full aligncenter\" src=\"https:\/\/www.radiopiu.net\/wordpress\/wp-content\/uploads\/2018\/09\/WhatsApp-Image-2018-09-20-at-16.04.06.jpeg\" alt=\"\" width=\"800\" height=\"100\" srcset=\"https:\/\/www.radiopiu.net\/wordpress\/wp-content\/uploads\/2018\/09\/WhatsApp-Image-2018-09-20-at-16.04.06.jpeg 800w, https:\/\/www.radiopiu.net\/wordpress\/wp-content\/uploads\/2018\/09\/WhatsApp-Image-2018-09-20-at-16.04.06-300x38.jpeg 300w, https:\/\/www.radiopiu.net\/wordpress\/wp-content\/uploads\/2018\/09\/WhatsApp-Image-2018-09-20-at-16.04.06-768x96.jpeg 768w\" sizes=\"auto, (max-width: 800px) 100vw, 800px\" \/><\/a><\/p>\n<p><center><\/center>&nbsp;<\/p>\n<p><center><\/center><b>\u00a0\u00a0<\/b><\/p>\n<p><center><\/center><b>OGGI : <\/b>Maltempo dalla notte al primo pomeriggio con cielo coperto e piogge diffuse, anche abbondanti sulla fascia prealpina e Dolomiti meridionali. Nel corso del pomeriggio graduale esaurimento della fase piovosa, ma il cielo rimarr\u00e0 perlopi\u00f9 molto nuvoloso solo con qualche chance di schiarita, specie sulle Dolomiti ed in quota, mentre le nubi basse potrebbero imperversare su molti settori prealpini. <b>Precipitazioni: <\/b>Diffuse piogge, le quali potranno risultare abbondanti su Prealpi e Dolomiti meridionali, di minore entit\u00e0 sui settori settentrionali. Nel corso del pomeriggio fenomeni in graduale cessazione <b>Temperature: <\/b>Minime in lieve calo in quota e senza variazioni di rilievo nelle valli; massime in leggera ripresa<\/p>\n<hr \/>\n<p><center><\/center><b>DOMANI: <\/b>Nottetempo e nelle prime ore del giorno tempo discreto, anche con rasserenamenti, pi\u00f9 probabili sulle Dolomiti ed in quota sulle Prealpi, mentre nubi basse dovrebbero imperversare a bassa quota, specie sulle seconde. Prima delle ore centrali intensificazione della nuvolosit\u00e0 fino a cielo coperto, rapidamente seguita da peggioramento del tempo con nuovo episodio piovoso a partire da sud, in estensione a tutto il territorio montano. <b>Precipitazioni: <\/b>Tra la notte e met\u00e0 mattinata fenomeni assenti, salvo pioviggini in alcuni settori interessati da nubi basse. Dalle ore centrali nuove precipitazioni, anche abbondanti tra Prealpi e Dolomiti meridionali. <b>Temperature: <\/b>In generale lieve calo in quota e senza notevoli variazioni nelle valli, salvo calo delle minime in caso di rasserenamenti notturni<\/p>\n<hr \/>\n<p><center><\/center><strong>DOMENICA<\/strong> Nottetempo e parte del mattino tempo ancora perturbato con precipitazioni inizialmente diffuse, poi sparse; moderate sulle Prealpi e deboli sulle Dolomiti. Nel corso del pomeriggio miglioramento del tempo con rasserenamenti, localmente ampi. Temperature minime e massime in aumento.<\/p>\n<hr \/>\n<p><center><\/center><strong>LUNEDI<\/strong> Maggiore soleggiamento, prima dell&#8217;arrivo di nubi alte al pomeriggio\/sera. In molte valli rimarr\u00e0 l&#8217;insidia nubi basse. Temperature minime in calo e massime in sensibile rialzo. Venti deboli di direzione variabile nelle valli, salvo locali rinforzi.<\/p>\n<p>&nbsp;<\/p>\n<hr \/>\n<p>&nbsp;<\/p>\n<p>&nbsp;<\/p>\n<p class=\"mceTemp\"><a class=\"dt-pswp-item\" href=\"https:\/\/www.radiopiu.net\/wordpress\/wp-content\/uploads\/2018\/09\/sport.jpg\" data-dt-img-description=\"\" data-large_image_width=\"800\" data-large_image_height=\"100\"><img loading=\"lazy\" decoding=\"async\" class=\"aligncenter wp-image-60761 size-full\" src=\"https:\/\/www.radiopiu.net\/wordpress\/wp-content\/uploads\/2018\/09\/sport.jpg\" alt=\"\" width=\"800\" height=\"100\" srcset=\"https:\/\/www.radiopiu.net\/wordpress\/wp-content\/uploads\/2018\/09\/sport.jpg 800w, https:\/\/www.radiopiu.net\/wordpress\/wp-content\/uploads\/2018\/09\/sport-300x38.jpg 300w, https:\/\/www.radiopiu.net\/wordpress\/wp-content\/uploads\/2018\/09\/sport-768x96.jpg 768w\" sizes=\"auto, (max-width: 800px) 100vw, 800px\" \/><\/a><span style=\"color: #0000ff;\"><strong>\u00a0 \u00a0 \u00a0\u00a0<\/strong><\/span><\/p>\n<p><span style=\"color: #0000ff;\"><strong>\u00a0<\/strong><\/span><\/p>\n<p><span style=\"color: #0000ff;\"><strong>HOCKEY SU GHIACCIO<\/strong><\/span><\/p>\n<blockquote>\n<h3>IL CORTINA\/ALLEGHE UNDER 19 CROLLA CON L&#8217;ALPS ICE ACADEMY<\/h3>\n<\/blockquote>\n<p><span style=\"color: #ff0000;\"><strong><a class=\"dt-pswp-item\" href=\"https:\/\/www.radiopiu.net\/wordpress\/wp-content\/uploads\/2024\/10\/hockey-2024.png\" data-dt-img-description=\"\" data-large_image_width=\"491\" data-large_image_height=\"289\"><img loading=\"lazy\" decoding=\"async\" class=\" wp-image-415048 alignleft\" src=\"https:\/\/www.radiopiu.net\/wordpress\/wp-content\/uploads\/2024\/10\/hockey-2024-300x177.png\" alt=\"\" width=\"190\" height=\"112\" srcset=\"https:\/\/www.radiopiu.net\/wordpress\/wp-content\/uploads\/2024\/10\/hockey-2024-300x177.png 300w, https:\/\/www.radiopiu.net\/wordpress\/wp-content\/uploads\/2024\/10\/hockey-2024.png 491w\" sizes=\"auto, (max-width: 190px) 100vw, 190px\" \/><\/a>UNDER 19<\/strong><\/span><\/p>\n<p><strong>ALPS ICE ACADEMY &#8211; CORTINA\/ALLEGHE 8-1<\/strong><\/p>\n<p>GOL CORTINA\/ALLEGHE: Levis<\/p>\n<p>Si \u00e8 giocato mercoled\u00ec sera il turno infrasettimanale del campionato Under 19 di hockey su ghiaccio e il Cortina\/Alleghe ha giocato contro gli altoatesini della Alps Ice Academy. Un match da dimenticare quello andato in scena allo stadio Olimpico di Cortina dove la squadra mista bellunese ne \u00e8 uscita con le ossa rotte. L&#8217;Alps Ice Academy si \u00e8 dimostrata nettamente superiore ed ha rifilato 8 reti agli avversari. Per il Cortina\/Alleghe il gol della bandiera \u00e8 a firma di Tommaso Levis. Quattro sconfitte e una vittoria per i bellunesi nelle ultime 5 partite giocate. Una stagione che stenta a decollare per i giovani under 19 del Cortina\/Alleghe.<\/p>\n<p>&nbsp;<\/p>\n<p>&nbsp;<\/p>\n<hr \/>\n<p>&nbsp;<\/p>\n<h2><span style=\"color: #00ccff;\">GOODBYE BY BICICLE&#8230;UN VIAGGIO DALL&#8217;INDIA A SEREN DEL GRAPPA IN BICICLETTA<\/span><\/h2>\n<p><span style=\"color: #ff0000;\"><strong>PUNTATA 33 &#8211; FINALMENTE IN ITALIA<\/strong><\/span><\/p>\n<audio class=\"wp-audio-shortcode\" id=\"audio-414890-25\" preload=\"none\" style=\"width: 100%;\" controls=\"controls\"><source type=\"audio\/mpeg\" src=\"https:\/\/www.radiopiu.net\/wordpress\/wp-content\/uploads\/2024\/10\/AIRE-INDIA-PUNTATA-32.mp3?_=25\" \/><a href=\"https:\/\/www.radiopiu.net\/wordpress\/wp-content\/uploads\/2024\/10\/AIRE-INDIA-PUNTATA-32.mp3\">https:\/\/www.radiopiu.net\/wordpress\/wp-content\/uploads\/2024\/10\/AIRE-INDIA-PUNTATA-32.mp3<\/a><\/audio>\n<p>&nbsp;<\/p>\n<p><strong>PER VISITARE I SITI DEI LUOGHI VISITATI, CLICCA SULLE SEGUENTI SCRITTE: <a href=\"https:\/\/www.instagram.com\/igiardinidipomona?igsh=MXNycHRmcDl0MGZxcA==\"><span style=\"color: #3366ff;\">I GIARDINI DI POMONA<\/span><\/a><\/strong><\/p>\n\n\t\t\t<style type='text\/css'>\n\t\t\t\t#gallery-2 {\n\t\t\t\t\tmargin: auto;\n\t\t\t\t}\n\t\t\t\t#gallery-2 .gallery-item {\n\t\t\t\t\tfloat: left;\n\t\t\t\t\tmargin-top: 10px;\n\t\t\t\t\ttext-align: center;\n\t\t\t\t\twidth: 25%;\n\t\t\t\t}\n\t\t\t\t#gallery-2 img {\n\t\t\t\t\tborder: 2px solid #cfcfcf;\n\t\t\t\t}\n\t\t\t\t#gallery-2 .gallery-caption {\n\t\t\t\t\tmargin-left: 0;\n\t\t\t\t}\n\t\t\t\t\/* see gallery_shortcode() in wp-includes\/media.php *\/\n\t\t\t<\/style>\n\t\t<div id='gallery-2' class='dt-gallery-container gallery galleryid-414890 gallery-columns-4 gallery-size-thumbnail'><dl class='gallery-item'>\n\t\t\t\t<dt class='gallery-icon landscape'>\n\t\t\t\t\t<a class=\"rollover\" href='https:\/\/www.radiopiu.net\/wordpress\/goodbye-by-bicicle-un-viaggio-dallindia-a-seren-del-grappa-in-bicicletta-39\/f00f6dba-ff77-4cc3-b4c1-4f41c3b0860f\/'><img loading=\"lazy\" decoding=\"async\" width=\"150\" height=\"150\" src=\"https:\/\/www.radiopiu.net\/wordpress\/wp-content\/uploads\/2024\/10\/f00f6dba-ff77-4cc3-b4c1-4f41c3b0860f-150x150.jpg\" class=\"attachment-thumbnail size-thumbnail\" alt=\"\" \/><\/a>\n\t\t\t\t<\/dt><\/dl><dl class='gallery-item'>\n\t\t\t\t<dt class='gallery-icon landscape'>\n\t\t\t\t\t<a class=\"rollover\" href='https:\/\/www.radiopiu.net\/wordpress\/goodbye-by-bicicle-un-viaggio-dallindia-a-seren-del-grappa-in-bicicletta-39\/d6739c9b-e9dd-43c3-bde6-1f3804294ebc\/'><img loading=\"lazy\" decoding=\"async\" width=\"150\" height=\"150\" src=\"https:\/\/www.radiopiu.net\/wordpress\/wp-content\/uploads\/2024\/10\/d6739c9b-e9dd-43c3-bde6-1f3804294ebc-150x150.jpg\" class=\"attachment-thumbnail size-thumbnail\" alt=\"\" \/><\/a>\n\t\t\t\t<\/dt><\/dl><dl class='gallery-item'>\n\t\t\t\t<dt class='gallery-icon landscape'>\n\t\t\t\t\t<a class=\"rollover\" href='https:\/\/www.radiopiu.net\/wordpress\/goodbye-by-bicicle-un-viaggio-dallindia-a-seren-del-grappa-in-bicicletta-39\/4d1e76f9-9280-4c1f-9de9-4ba0958fea90\/'><img loading=\"lazy\" decoding=\"async\" width=\"150\" height=\"150\" src=\"https:\/\/www.radiopiu.net\/wordpress\/wp-content\/uploads\/2024\/10\/4d1e76f9-9280-4c1f-9de9-4ba0958fea90-150x150.jpg\" class=\"attachment-thumbnail size-thumbnail\" alt=\"\" \/><\/a>\n\t\t\t\t<\/dt><\/dl><dl class='gallery-item'>\n\t\t\t\t<dt class='gallery-icon landscape'>\n\t\t\t\t\t<a class=\"rollover\" href='https:\/\/www.radiopiu.net\/wordpress\/goodbye-by-bicicle-un-viaggio-dallindia-a-seren-del-grappa-in-bicicletta-39\/d689e048-0af9-4c2e-aea0-111b3974f2d4\/'><img loading=\"lazy\" decoding=\"async\" width=\"150\" height=\"150\" src=\"https:\/\/www.radiopiu.net\/wordpress\/wp-content\/uploads\/2024\/10\/d689e048-0af9-4c2e-aea0-111b3974f2d4-150x150.jpg\" class=\"attachment-thumbnail size-thumbnail\" alt=\"\" \/><\/a>\n\t\t\t\t<\/dt><\/dl><br style=\"clear: both\" \/>\n\t\t\t<\/div>\n\n<p>&nbsp;<\/p>\n<p>&nbsp;<\/p>\n<p>&nbsp;<\/p>\n<p>&nbsp;<\/p>\n","protected":false},"excerpt":{"rendered":"<p>******* &nbsp; LA\u00a0 APP PER IOS-IPHONE di Nicola Vettorello https:\/\/apps.apple.com\/it\/app\/radio-pi%C3%B9-emittente-agordina\/id1515939845 LA\u00a0 APP RADIO\u00a0 PER ANDROID di Nicola Vettorello https:\/\/play.google.com\/store\/apps\/details?id=net.radiopiu.iniko\u00a0\u00a0\u00a0 &nbsp; &nbsp; OGGI ALLA RADIO&#8230;. ALLE 4 E ALLE 6 LE NOTIZIE DALL&#8217;ITALIA E DAL MONDO 0500 l&#8217;almanacco della nostra gente con il MUSLA\u00a0 6.15 PIROLE DE LENGA A CURA DEL MUSLA 7.10 speciale cinema dolomiti&hellip;<\/p>\n","protected":false},"author":4,"featured_media":415027,"comment_status":"closed","ping_status":"closed","sticky":false,"template":"","format":"standard","meta":{"_monsterinsights_skip_tracking":false,"_monsterinsights_sitenote_active":false,"_monsterinsights_sitenote_note":"","_monsterinsights_sitenote_category":0,"footnotes":""},"categories":[51,86,49],"tags":[],"class_list":["post-414890","post","type-post","status-publish","format-standard","has-post-thumbnail","hentry","category-evidenza-top","category-gr","category-news-18","category-51","category-86","category-49","description-off"],"img_url":"https:\/\/www.radiopiu.net\/wordpress\/wp-content\/uploads\/2024\/10\/ski-college-presentazione-archivio.jpg","_links":{"self":[{"href":"https:\/\/www.radiopiu.net\/wordpress\/wp-json\/wp\/v2\/posts\/414890","targetHints":{"allow":["GET"]}}],"collection":[{"href":"https:\/\/www.radiopiu.net\/wordpress\/wp-json\/wp\/v2\/posts"}],"about":[{"href":"https:\/\/www.radiopiu.net\/wordpress\/wp-json\/wp\/v2\/types\/post"}],"author":[{"embeddable":true,"href":"https:\/\/www.radiopiu.net\/wordpress\/wp-json\/wp\/v2\/users\/4"}],"replies":[{"embeddable":true,"href":"https:\/\/www.radiopiu.net\/wordpress\/wp-json\/wp\/v2\/comments?post=414890"}],"version-history":[{"count":39,"href":"https:\/\/www.radiopiu.net\/wordpress\/wp-json\/wp\/v2\/posts\/414890\/revisions"}],"predecessor-version":[{"id":415141,"href":"https:\/\/www.radiopiu.net\/wordpress\/wp-json\/wp\/v2\/posts\/414890\/revisions\/415141"}],"wp:featuredmedia":[{"embeddable":true,"href":"https:\/\/www.radiopiu.net\/wordpress\/wp-json\/wp\/v2\/media\/415027"}],"wp:attachment":[{"href":"https:\/\/www.radiopiu.net\/wordpress\/wp-json\/wp\/v2\/media?parent=414890"}],"wp:term":[{"taxonomy":"category","embeddable":true,"href":"https:\/\/www.radiopiu.net\/wordpress\/wp-json\/wp\/v2\/categories?post=414890"},{"taxonomy":"post_tag","embeddable":true,"href":"https:\/\/www.radiopiu.net\/wordpress\/wp-json\/wp\/v2\/tags?post=414890"}],"curies":[{"name":"wp","href":"https:\/\/api.w.org\/{rel}","templated":true}]}}