{"id":414963,"date":"2024-10-17T11:34:55","date_gmt":"2024-10-17T09:34:55","guid":{"rendered":"https:\/\/www.radiopiu.net\/wordpress\/?p=414963"},"modified":"2024-10-17T11:34:55","modified_gmt":"2024-10-17T09:34:55","slug":"70-anni-di-solidarieta-la-sezione-di-falcade-celebra-i-donatori-di-sangue","status":"publish","type":"post","link":"https:\/\/www.radiopiu.net\/wordpress\/70-anni-di-solidarieta-la-sezione-di-falcade-celebra-i-donatori-di-sangue\/","title":{"rendered":"70 anni di solidariet\u00e0: la sezione di Falcade celebra i donatori di sangue"},"content":{"rendered":"<p>***<\/p>\n<p>&nbsp;<\/p>\n<p><strong><a class=\"dt-pswp-item\" href=\"https:\/\/www.radiopiu.net\/wordpress\/wp-content\/uploads\/2024\/10\/9e00889c-fafd-41f1-ab02-b9426f852478.jpg\" data-dt-img-description=\"\" data-large_image_width=\"2048\" data-large_image_height=\"1536\"><img loading=\"lazy\" decoding=\"async\" class=\"size-medium wp-image-414967 alignleft\" src=\"https:\/\/www.radiopiu.net\/wordpress\/wp-content\/uploads\/2024\/10\/9e00889c-fafd-41f1-ab02-b9426f852478-300x225.jpg\" alt=\"\" width=\"300\" height=\"225\" srcset=\"https:\/\/www.radiopiu.net\/wordpress\/wp-content\/uploads\/2024\/10\/9e00889c-fafd-41f1-ab02-b9426f852478-300x225.jpg 300w, https:\/\/www.radiopiu.net\/wordpress\/wp-content\/uploads\/2024\/10\/9e00889c-fafd-41f1-ab02-b9426f852478-1024x768.jpg 1024w, https:\/\/www.radiopiu.net\/wordpress\/wp-content\/uploads\/2024\/10\/9e00889c-fafd-41f1-ab02-b9426f852478-768x576.jpg 768w, https:\/\/www.radiopiu.net\/wordpress\/wp-content\/uploads\/2024\/10\/9e00889c-fafd-41f1-ab02-b9426f852478-1536x1152.jpg 1536w, https:\/\/www.radiopiu.net\/wordpress\/wp-content\/uploads\/2024\/10\/9e00889c-fafd-41f1-ab02-b9426f852478.jpg 2048w\" sizes=\"auto, (max-width: 300px) 100vw, 300px\" \/><\/a>FALCADE<\/strong> La sezione di Falcade dei donatori di sangue ha celebrato, insieme ai suoi soci, i 70 anni di attivit\u00e0. Sette decenni, in cui non \u00e8 mai venuta a mancare la generosit\u00e0 verso il prossimo. La donazione di sangue \u00e8 un gesto volontario, gratuito e anonimo. Non si conosce infatti la destinazione del dono e chi lo riceve non sa chi \u00e8 stato a donarlo. Un atto di autentico altruismo verso gli altri, che spesso aiuta a salvare una vita. La sezione di Falcade ha avuto una lunga storia, in cui i donatori si sono avvicendati, mantenendo saldo l\u2019attaccamento ai volari di solidariet\u00e0. Durante la serata molte persone che hanno ricevuto la medaglia d\u2019oro per le 50 donazioni, ma anche il distintivo d\u2019oro per le 75 donazioni e la croce d\u2019oro per le 100 donazioni, erano presenti in sala. La sezione di Falcade ha all\u2019attivo 105 donatori. Hanno festeggiato i 70 anni di attivit\u00e0 anche i rappresentanti delle altre sezioni dell\u2019Agordino (Agordo, La Valle, Canale d\u2019Agordo, Laste) che nei prossimi anni si accingeranno anche loro al traguardo, essendo le sezioni agordine nate quasi tutte nello stesso periodo. La segretaria della sezione di Falcade dell\u2019ABVS, Antonella Schena:<em> &#8220;Un grazie sincero a tutti i donatori che mettono a disposizione il loro tempo per aiutare in modo disinteressato il prossimo. Chi dona il sangue ha la fortuna di essere in buona salute e la generosit\u00e0 di riconoscere questo dono per poterlo dare anche al prossimo. Un ringraziamento anche a tutte le persone che in questi 70 anni si sono doppiamente messe a disposizione della comunit\u00e0 facendo parte del consiglio direttivo della sezione e mettendo il proprio impegno per far crescere la conoscenza e divulgazione della donazione di sangue&#8221;.<\/em><\/p>\n<p>&nbsp;<\/p>\n<p><a class=\"dt-pswp-item\" href=\"https:\/\/www.radiopiu.net\/wordpress\/wp-content\/uploads\/2024\/10\/c59157e1-c931-4429-b6e0-2dc5117288a8.jpg\" data-dt-img-description=\"\" data-large_image_width=\"2048\" data-large_image_height=\"1536\"><img loading=\"lazy\" decoding=\"async\" class=\"alignnone size-medium wp-image-414965\" src=\"https:\/\/www.radiopiu.net\/wordpress\/wp-content\/uploads\/2024\/10\/c59157e1-c931-4429-b6e0-2dc5117288a8-300x225.jpg\" alt=\"\" width=\"300\" height=\"225\" srcset=\"https:\/\/www.radiopiu.net\/wordpress\/wp-content\/uploads\/2024\/10\/c59157e1-c931-4429-b6e0-2dc5117288a8-300x225.jpg 300w, https:\/\/www.radiopiu.net\/wordpress\/wp-content\/uploads\/2024\/10\/c59157e1-c931-4429-b6e0-2dc5117288a8-1024x768.jpg 1024w, https:\/\/www.radiopiu.net\/wordpress\/wp-content\/uploads\/2024\/10\/c59157e1-c931-4429-b6e0-2dc5117288a8-768x576.jpg 768w, https:\/\/www.radiopiu.net\/wordpress\/wp-content\/uploads\/2024\/10\/c59157e1-c931-4429-b6e0-2dc5117288a8-1536x1152.jpg 1536w, https:\/\/www.radiopiu.net\/wordpress\/wp-content\/uploads\/2024\/10\/c59157e1-c931-4429-b6e0-2dc5117288a8.jpg 2048w\" sizes=\"auto, (max-width: 300px) 100vw, 300px\" \/><\/a><a class=\"dt-pswp-item\" href=\"https:\/\/www.radiopiu.net\/wordpress\/wp-content\/uploads\/2024\/10\/b912f319-256e-4660-a4fb-ba0b30ec63b7.jpg\" data-dt-img-description=\"\" data-large_image_width=\"2048\" data-large_image_height=\"1536\"><img loading=\"lazy\" decoding=\"async\" class=\"alignnone size-medium wp-image-414964\" src=\"https:\/\/www.radiopiu.net\/wordpress\/wp-content\/uploads\/2024\/10\/b912f319-256e-4660-a4fb-ba0b30ec63b7-300x225.jpg\" alt=\"\" width=\"300\" height=\"225\" srcset=\"https:\/\/www.radiopiu.net\/wordpress\/wp-content\/uploads\/2024\/10\/b912f319-256e-4660-a4fb-ba0b30ec63b7-300x225.jpg 300w, https:\/\/www.radiopiu.net\/wordpress\/wp-content\/uploads\/2024\/10\/b912f319-256e-4660-a4fb-ba0b30ec63b7-1024x768.jpg 1024w, https:\/\/www.radiopiu.net\/wordpress\/wp-content\/uploads\/2024\/10\/b912f319-256e-4660-a4fb-ba0b30ec63b7-768x576.jpg 768w, https:\/\/www.radiopiu.net\/wordpress\/wp-content\/uploads\/2024\/10\/b912f319-256e-4660-a4fb-ba0b30ec63b7-1536x1152.jpg 1536w, https:\/\/www.radiopiu.net\/wordpress\/wp-content\/uploads\/2024\/10\/b912f319-256e-4660-a4fb-ba0b30ec63b7.jpg 2048w\" sizes=\"auto, (max-width: 300px) 100vw, 300px\" \/><\/a><\/p>\n<p>&nbsp;<\/p>\n<p><strong>Ecco una tabella con i riconoscimenti assegnati durante la celebrazione dei 70 anni della sezione di Falcade dei donatori di sangue:<\/strong><\/p>\n<table>\n<thead>\n<tr>\n<th><strong>Riconoscimento<\/strong><\/th>\n<th><strong>Nome<\/strong><\/th>\n<\/tr>\n<\/thead>\n<tbody>\n<tr>\n<td><strong>Medaglia d\u2019Oro (50 donazioni)<\/strong><\/td>\n<td>Bez Renzo, Bortoli Luisa, Busin Felice, Cadorin Gabriella, Crepaz Ugo, Da Rif Arturo, De Pellegrini Marcello, Fontanive Remo, Ganz Paolo, Luchetta Angela, Manfroi Luisa, Marmolada Carlo, Marmolada Luca, Marmolada Rita, Murer Stefano, Pescosta Fausta, Piccolin Giorgio, Romanel Renzo, Secchi Franco, Serafini Ilario, Serafini Luciano, Valt Dario, Valt Renato<\/td>\n<\/tr>\n<tr>\n<td><strong>Distintivo d\u2019Oro (75 donazioni)<\/strong><\/td>\n<td>Bogo Sandro, De Pellegrini Lino, Ganz Battista, Ganz Ettore, Minotto Dina<\/td>\n<\/tr>\n<tr>\n<td><strong>Croce d\u2019Oro (100 donazioni)<\/strong><\/td>\n<td>Minotto Leonora<\/td>\n<\/tr>\n<tr>\n<td><strong>Al Merito Trasfusionale<\/strong><\/td>\n<td>Belfiore Flaminia, Davare Oriana, Fol Lorena, Fontanive Enrico, Micheluzzi Anna, Pasquali Moreno, Serafini Danilo, Valt Rosangela<\/td>\n<\/tr>\n<tr>\n<td><strong>Medaglia di Bronzo<\/strong><\/td>\n<td>Bez Luigi, Busin Cecilia, Busin Laura, Murer Daniele, Pescosta Sabrina, Vedana Valeria<\/td>\n<\/tr>\n<tr>\n<td><strong>Medaglia d\u2019Argento<\/strong><\/td>\n<td>De Gasperi Matteo, Genuin Elisa, Valt Sigrid<\/td>\n<\/tr>\n<tr>\n<td><strong>Medaglia d\u2019Oro<\/strong><\/td>\n<td>Fontanive Gabriel, Pontarini Romina<\/td>\n<\/tr>\n<tr>\n<td><strong>Distintivo d\u2019Oro<\/strong><\/td>\n<td>Valt Dario<\/td>\n<\/tr>\n<\/tbody>\n<\/table>\n<p>&nbsp;<\/p>\n<p><a class=\"dt-pswp-item\" href=\"https:\/\/www.radiopiu.net\/wordpress\/wp-content\/uploads\/2024\/10\/484b281b-900f-49cc-89a7-df853fdee7bf.jpg\" data-dt-img-description=\"\" data-large_image_width=\"2048\" data-large_image_height=\"1536\"><img loading=\"lazy\" decoding=\"async\" class=\"alignnone size-medium wp-image-414969\" src=\"https:\/\/www.radiopiu.net\/wordpress\/wp-content\/uploads\/2024\/10\/484b281b-900f-49cc-89a7-df853fdee7bf-300x225.jpg\" alt=\"\" width=\"300\" height=\"225\" srcset=\"https:\/\/www.radiopiu.net\/wordpress\/wp-content\/uploads\/2024\/10\/484b281b-900f-49cc-89a7-df853fdee7bf-300x225.jpg 300w, https:\/\/www.radiopiu.net\/wordpress\/wp-content\/uploads\/2024\/10\/484b281b-900f-49cc-89a7-df853fdee7bf-1024x768.jpg 1024w, https:\/\/www.radiopiu.net\/wordpress\/wp-content\/uploads\/2024\/10\/484b281b-900f-49cc-89a7-df853fdee7bf-768x576.jpg 768w, https:\/\/www.radiopiu.net\/wordpress\/wp-content\/uploads\/2024\/10\/484b281b-900f-49cc-89a7-df853fdee7bf-1536x1152.jpg 1536w, https:\/\/www.radiopiu.net\/wordpress\/wp-content\/uploads\/2024\/10\/484b281b-900f-49cc-89a7-df853fdee7bf.jpg 2048w\" sizes=\"auto, (max-width: 300px) 100vw, 300px\" \/><\/a><a class=\"dt-pswp-item\" href=\"https:\/\/www.radiopiu.net\/wordpress\/wp-content\/uploads\/2024\/10\/6fcbafbf-1517-4210-a437-daa0a48b8786.jpg\" data-dt-img-description=\"\" data-large_image_width=\"2048\" data-large_image_height=\"1536\"><img loading=\"lazy\" decoding=\"async\" class=\"alignnone size-medium wp-image-414966\" src=\"https:\/\/www.radiopiu.net\/wordpress\/wp-content\/uploads\/2024\/10\/6fcbafbf-1517-4210-a437-daa0a48b8786-300x225.jpg\" alt=\"\" width=\"300\" height=\"225\" srcset=\"https:\/\/www.radiopiu.net\/wordpress\/wp-content\/uploads\/2024\/10\/6fcbafbf-1517-4210-a437-daa0a48b8786-300x225.jpg 300w, https:\/\/www.radiopiu.net\/wordpress\/wp-content\/uploads\/2024\/10\/6fcbafbf-1517-4210-a437-daa0a48b8786-1024x768.jpg 1024w, https:\/\/www.radiopiu.net\/wordpress\/wp-content\/uploads\/2024\/10\/6fcbafbf-1517-4210-a437-daa0a48b8786-768x576.jpg 768w, https:\/\/www.radiopiu.net\/wordpress\/wp-content\/uploads\/2024\/10\/6fcbafbf-1517-4210-a437-daa0a48b8786-1536x1152.jpg 1536w, https:\/\/www.radiopiu.net\/wordpress\/wp-content\/uploads\/2024\/10\/6fcbafbf-1517-4210-a437-daa0a48b8786.jpg 2048w\" sizes=\"auto, (max-width: 300px) 100vw, 300px\" \/><\/a><a class=\"dt-pswp-item\" href=\"https:\/\/www.radiopiu.net\/wordpress\/wp-content\/uploads\/2024\/10\/90b07c0a-351d-4934-9056-cb5c1cc07015.jpg\" data-dt-img-description=\"\" data-large_image_width=\"2048\" data-large_image_height=\"1536\"><img loading=\"lazy\" decoding=\"async\" class=\"alignnone size-medium wp-image-414968\" src=\"https:\/\/www.radiopiu.net\/wordpress\/wp-content\/uploads\/2024\/10\/90b07c0a-351d-4934-9056-cb5c1cc07015-300x225.jpg\" alt=\"\" width=\"300\" height=\"225\" srcset=\"https:\/\/www.radiopiu.net\/wordpress\/wp-content\/uploads\/2024\/10\/90b07c0a-351d-4934-9056-cb5c1cc07015-300x225.jpg 300w, https:\/\/www.radiopiu.net\/wordpress\/wp-content\/uploads\/2024\/10\/90b07c0a-351d-4934-9056-cb5c1cc07015-1024x768.jpg 1024w, https:\/\/www.radiopiu.net\/wordpress\/wp-content\/uploads\/2024\/10\/90b07c0a-351d-4934-9056-cb5c1cc07015-768x576.jpg 768w, https:\/\/www.radiopiu.net\/wordpress\/wp-content\/uploads\/2024\/10\/90b07c0a-351d-4934-9056-cb5c1cc07015-1536x1152.jpg 1536w, https:\/\/www.radiopiu.net\/wordpress\/wp-content\/uploads\/2024\/10\/90b07c0a-351d-4934-9056-cb5c1cc07015.jpg 2048w\" sizes=\"auto, (max-width: 300px) 100vw, 300px\" \/><\/a><\/p>\n<p>&nbsp;<\/p>\n<hr \/>\n<p>&nbsp;<\/p>\n<p>&nbsp;<\/p>\n<p>&nbsp;<\/p>\n","protected":false},"excerpt":{"rendered":"<p>*** &nbsp; FALCADE La sezione di Falcade dei donatori di sangue ha celebrato, insieme ai suoi soci, i 70 anni di attivit\u00e0. Sette decenni, in cui non \u00e8 mai venuta a mancare la generosit\u00e0 verso il prossimo. La donazione di sangue \u00e8 un gesto volontario, gratuito e anonimo. Non si conosce infatti la destinazione del&hellip;<\/p>\n","protected":false},"author":4,"featured_media":414967,"comment_status":"closed","ping_status":"closed","sticky":false,"template":"","format":"standard","meta":{"_monsterinsights_skip_tracking":false,"_monsterinsights_sitenote_active":false,"_monsterinsights_sitenote_note":"","_monsterinsights_sitenote_category":0,"footnotes":""},"categories":[49],"tags":[],"class_list":["post-414963","post","type-post","status-publish","format-standard","has-post-thumbnail","hentry","category-news-18","category-49","description-off"],"img_url":"https:\/\/www.radiopiu.net\/wordpress\/wp-content\/uploads\/2024\/10\/9e00889c-fafd-41f1-ab02-b9426f852478.jpg","_links":{"self":[{"href":"https:\/\/www.radiopiu.net\/wordpress\/wp-json\/wp\/v2\/posts\/414963","targetHints":{"allow":["GET"]}}],"collection":[{"href":"https:\/\/www.radiopiu.net\/wordpress\/wp-json\/wp\/v2\/posts"}],"about":[{"href":"https:\/\/www.radiopiu.net\/wordpress\/wp-json\/wp\/v2\/types\/post"}],"author":[{"embeddable":true,"href":"https:\/\/www.radiopiu.net\/wordpress\/wp-json\/wp\/v2\/users\/4"}],"replies":[{"embeddable":true,"href":"https:\/\/www.radiopiu.net\/wordpress\/wp-json\/wp\/v2\/comments?post=414963"}],"version-history":[{"count":1,"href":"https:\/\/www.radiopiu.net\/wordpress\/wp-json\/wp\/v2\/posts\/414963\/revisions"}],"predecessor-version":[{"id":414970,"href":"https:\/\/www.radiopiu.net\/wordpress\/wp-json\/wp\/v2\/posts\/414963\/revisions\/414970"}],"wp:featuredmedia":[{"embeddable":true,"href":"https:\/\/www.radiopiu.net\/wordpress\/wp-json\/wp\/v2\/media\/414967"}],"wp:attachment":[{"href":"https:\/\/www.radiopiu.net\/wordpress\/wp-json\/wp\/v2\/media?parent=414963"}],"wp:term":[{"taxonomy":"category","embeddable":true,"href":"https:\/\/www.radiopiu.net\/wordpress\/wp-json\/wp\/v2\/categories?post=414963"},{"taxonomy":"post_tag","embeddable":true,"href":"https:\/\/www.radiopiu.net\/wordpress\/wp-json\/wp\/v2\/tags?post=414963"}],"curies":[{"name":"wp","href":"https:\/\/api.w.org\/{rel}","templated":true}]}}