{"id":415039,"date":"2024-10-18T05:21:46","date_gmt":"2024-10-18T03:21:46","guid":{"rendered":"https:\/\/www.radiopiu.net\/wordpress\/?p=415039"},"modified":"2024-10-18T05:37:18","modified_gmt":"2024-10-18T03:37:18","slug":"incidente-ai-casoni-di-belluno-un-ferito","status":"publish","type":"post","link":"https:\/\/www.radiopiu.net\/wordpress\/incidente-ai-casoni-di-belluno-un-ferito\/","title":{"rendered":"INCIDENTE AI CASONI DI BELLUNO: UN FERITO"},"content":{"rendered":"<p>*****<\/p>\n<p>&nbsp;<\/p>\n<p><strong>REDAZIONE<\/strong> Questa mattina, poco prima delle 11, si \u00e8 verificato un incidente stradale tra Antole e Casoni nel comune di Belluno sulla SR 204 Belluno-Mas dove un&#8217;auto si \u00e8 ribaltata. Il traffico \u00e8 rimasto bloccato per pi\u00f9 di un&#8217;ora per consentire i soccorsi ad un uomo di 48 anni originario dell&#8217;Alpago che \u00e8 stato poi portato al San Martino di Belluno con ferite di media gravit\u00e0. Sul posto le forze dell&#8217;ordine per gestire il traffico e per i rilievi di legge.<\/p>\n<p>&nbsp;<\/p>\n<p>&nbsp;<\/p>\n<p>********<\/p>\n","protected":false},"excerpt":{"rendered":"<p>***** &nbsp; REDAZIONE Questa mattina, poco prima delle 11, si \u00e8 verificato un incidente stradale tra Antole e Casoni nel comune di Belluno sulla SR 204 Belluno-Mas dove un&#8217;auto si \u00e8 ribaltata. Il traffico \u00e8 rimasto bloccato per pi\u00f9 di un&#8217;ora per consentire i soccorsi ad un uomo di 48 anni originario dell&#8217;Alpago che \u00e8&hellip;<\/p>\n","protected":false},"author":4,"featured_media":250918,"comment_status":"closed","ping_status":"closed","sticky":false,"template":"","format":"standard","meta":{"_monsterinsights_skip_tracking":false,"_monsterinsights_sitenote_active":false,"_monsterinsights_sitenote_note":"","_monsterinsights_sitenote_category":0,"footnotes":""},"categories":[104,49],"tags":[],"class_list":["post-415039","post","type-post","status-publish","format-standard","has-post-thumbnail","hentry","category-evidenza_3","category-news-18","category-104","category-49","description-off"],"img_url":"https:\/\/www.radiopiu.net\/wordpress\/wp-content\/uploads\/2021\/12\/ambulanze-3.jpeg","_links":{"self":[{"href":"https:\/\/www.radiopiu.net\/wordpress\/wp-json\/wp\/v2\/posts\/415039","targetHints":{"allow":["GET"]}}],"collection":[{"href":"https:\/\/www.radiopiu.net\/wordpress\/wp-json\/wp\/v2\/posts"}],"about":[{"href":"https:\/\/www.radiopiu.net\/wordpress\/wp-json\/wp\/v2\/types\/post"}],"author":[{"embeddable":true,"href":"https:\/\/www.radiopiu.net\/wordpress\/wp-json\/wp\/v2\/users\/4"}],"replies":[{"embeddable":true,"href":"https:\/\/www.radiopiu.net\/wordpress\/wp-json\/wp\/v2\/comments?post=415039"}],"version-history":[{"count":1,"href":"https:\/\/www.radiopiu.net\/wordpress\/wp-json\/wp\/v2\/posts\/415039\/revisions"}],"predecessor-version":[{"id":415040,"href":"https:\/\/www.radiopiu.net\/wordpress\/wp-json\/wp\/v2\/posts\/415039\/revisions\/415040"}],"wp:featuredmedia":[{"embeddable":true,"href":"https:\/\/www.radiopiu.net\/wordpress\/wp-json\/wp\/v2\/media\/250918"}],"wp:attachment":[{"href":"https:\/\/www.radiopiu.net\/wordpress\/wp-json\/wp\/v2\/media?parent=415039"}],"wp:term":[{"taxonomy":"category","embeddable":true,"href":"https:\/\/www.radiopiu.net\/wordpress\/wp-json\/wp\/v2\/categories?post=415039"},{"taxonomy":"post_tag","embeddable":true,"href":"https:\/\/www.radiopiu.net\/wordpress\/wp-json\/wp\/v2\/tags?post=415039"}],"curies":[{"name":"wp","href":"https:\/\/api.w.org\/{rel}","templated":true}]}}