{"id":415051,"date":"2024-10-18T05:23:20","date_gmt":"2024-10-18T03:23:20","guid":{"rendered":"https:\/\/www.radiopiu.net\/wordpress\/?p=415051"},"modified":"2024-10-18T05:36:51","modified_gmt":"2024-10-18T03:36:51","slug":"acqua-non-potabile-a-vallada-e-canale-dagordo","status":"publish","type":"post","link":"https:\/\/www.radiopiu.net\/wordpress\/acqua-non-potabile-a-vallada-e-canale-dagordo\/","title":{"rendered":"ACQUA NON POTABILE A VALLADA E CANALE D&#8217;AGORDO"},"content":{"rendered":"<p>*******<\/p>\n<p>&nbsp;<\/p>\n<p><strong><a class=\"dt-pswp-item\" href=\"https:\/\/www.radiopiu.net\/wordpress\/wp-content\/uploads\/2023\/01\/bicchiere-acqua.png\" data-dt-img-description=\"\" data-large_image_width=\"1800\" data-large_image_height=\"1166\"><img loading=\"lazy\" decoding=\"async\" class=\" wp-image-315608 alignleft\" src=\"https:\/\/www.radiopiu.net\/wordpress\/wp-content\/uploads\/2023\/01\/bicchiere-acqua-300x194.png\" alt=\"\" width=\"159\" height=\"103\" srcset=\"https:\/\/www.radiopiu.net\/wordpress\/wp-content\/uploads\/2023\/01\/bicchiere-acqua-300x194.png 300w, https:\/\/www.radiopiu.net\/wordpress\/wp-content\/uploads\/2023\/01\/bicchiere-acqua-1024x663.png 1024w, https:\/\/www.radiopiu.net\/wordpress\/wp-content\/uploads\/2023\/01\/bicchiere-acqua-768x497.png 768w, https:\/\/www.radiopiu.net\/wordpress\/wp-content\/uploads\/2023\/01\/bicchiere-acqua-1536x995.png 1536w, https:\/\/www.radiopiu.net\/wordpress\/wp-content\/uploads\/2023\/01\/bicchiere-acqua.png 1800w\" sizes=\"auto, (max-width: 159px) 100vw, 159px\" \/><\/a>REDAZIONE<\/strong> Gestione Servizi Pubblici informa che a Vallada Agordina nelle localit\u00e0 Toffol, Sacchet , Celat e Mas e a Canale D&#8217;Agordo nelle localit\u00e0 Capoluogo, Casate, Val e Calcergnan l&#8217;acqua erogata dall&#8217;acquedotto non \u00e8 potabile e pu\u00f2 essere usata per scopi alimentari solo previa bollitura. Per gli abitanti di Canale D&#8217;Agordo verr\u00e0 effettuato servizio sostitutivo con autobotte in piazza Papa Luciani mentre gli utenti di Vallada potranno fornirsi di acqua potabile presso la cisterna situata vicino alla Chiesa di Celat.<\/p>\n<p>&nbsp;<\/p>\n<p>&nbsp;<\/p>\n<p>&nbsp;<\/p>\n<p>********<\/p>\n","protected":false},"excerpt":{"rendered":"<p>******* &nbsp; REDAZIONE Gestione Servizi Pubblici informa che a Vallada Agordina nelle localit\u00e0 Toffol, Sacchet , Celat e Mas e a Canale D&#8217;Agordo nelle localit\u00e0 Capoluogo, Casate, Val e Calcergnan l&#8217;acqua erogata dall&#8217;acquedotto non \u00e8 potabile e pu\u00f2 essere usata per scopi alimentari solo previa bollitura. Per gli abitanti di Canale D&#8217;Agordo verr\u00e0 effettuato servizio&hellip;<\/p>\n","protected":false},"author":4,"featured_media":315608,"comment_status":"closed","ping_status":"closed","sticky":false,"template":"","format":"standard","meta":{"_monsterinsights_skip_tracking":false,"_monsterinsights_sitenote_active":false,"_monsterinsights_sitenote_note":"","_monsterinsights_sitenote_category":0,"footnotes":""},"categories":[51,49],"tags":[],"class_list":["post-415051","post","type-post","status-publish","format-standard","has-post-thumbnail","hentry","category-evidenza-top","category-news-18","category-51","category-49","description-off"],"img_url":"https:\/\/www.radiopiu.net\/wordpress\/wp-content\/uploads\/2023\/01\/bicchiere-acqua.png","_links":{"self":[{"href":"https:\/\/www.radiopiu.net\/wordpress\/wp-json\/wp\/v2\/posts\/415051","targetHints":{"allow":["GET"]}}],"collection":[{"href":"https:\/\/www.radiopiu.net\/wordpress\/wp-json\/wp\/v2\/posts"}],"about":[{"href":"https:\/\/www.radiopiu.net\/wordpress\/wp-json\/wp\/v2\/types\/post"}],"author":[{"embeddable":true,"href":"https:\/\/www.radiopiu.net\/wordpress\/wp-json\/wp\/v2\/users\/4"}],"replies":[{"embeddable":true,"href":"https:\/\/www.radiopiu.net\/wordpress\/wp-json\/wp\/v2\/comments?post=415051"}],"version-history":[{"count":1,"href":"https:\/\/www.radiopiu.net\/wordpress\/wp-json\/wp\/v2\/posts\/415051\/revisions"}],"predecessor-version":[{"id":415052,"href":"https:\/\/www.radiopiu.net\/wordpress\/wp-json\/wp\/v2\/posts\/415051\/revisions\/415052"}],"wp:featuredmedia":[{"embeddable":true,"href":"https:\/\/www.radiopiu.net\/wordpress\/wp-json\/wp\/v2\/media\/315608"}],"wp:attachment":[{"href":"https:\/\/www.radiopiu.net\/wordpress\/wp-json\/wp\/v2\/media?parent=415051"}],"wp:term":[{"taxonomy":"category","embeddable":true,"href":"https:\/\/www.radiopiu.net\/wordpress\/wp-json\/wp\/v2\/categories?post=415051"},{"taxonomy":"post_tag","embeddable":true,"href":"https:\/\/www.radiopiu.net\/wordpress\/wp-json\/wp\/v2\/tags?post=415051"}],"curies":[{"name":"wp","href":"https:\/\/api.w.org\/{rel}","templated":true}]}}