{"id":415078,"date":"2024-10-19T05:48:36","date_gmt":"2024-10-19T03:48:36","guid":{"rendered":"https:\/\/www.radiopiu.net\/wordpress\/?p=415078"},"modified":"2024-10-19T07:48:06","modified_gmt":"2024-10-19T05:48:06","slug":"giornale-radiopiu-19-ottobre-2024-direttore-mirko-mezzacasada-41-anni-25-giugno-1983-25-giugno-2024","status":"publish","type":"post","link":"https:\/\/www.radiopiu.net\/wordpress\/giornale-radiopiu-19-ottobre-2024-direttore-mirko-mezzacasada-41-anni-25-giugno-1983-25-giugno-2024\/","title":{"rendered":"GIORNALE RADIOPIU 19 OTTOBRE 2024 DIRETTORE MIRKO MEZZACASA\u2026DA 41 ANNI 25 GIUGNO 1983-25 GIUGNO 2024"},"content":{"rendered":"<p>*******<\/p>\n<p>&nbsp;<\/p>\n<p><em><span style=\"color: #ff0000;\"><a class=\"dt-pswp-item\" href=\"https:\/\/www.radiopiu.net\/wordpress\/wp-content\/uploads\/2024\/10\/Senza-nome-8.png\" data-dt-img-description=\"\" data-large_image_width=\"343\" data-large_image_height=\"303\"><img loading=\"lazy\" decoding=\"async\" class=\"wp-image-412130 alignleft\" src=\"https:\/\/www.radiopiu.net\/wordpress\/wp-content\/uploads\/2024\/10\/Senza-nome-8-300x265.png\" alt=\"\" width=\"105\" height=\"93\" srcset=\"https:\/\/www.radiopiu.net\/wordpress\/wp-content\/uploads\/2024\/10\/Senza-nome-8-300x265.png 300w, https:\/\/www.radiopiu.net\/wordpress\/wp-content\/uploads\/2024\/10\/Senza-nome-8.png 343w\" sizes=\"auto, (max-width: 105px) 100vw, 105px\" \/><\/a><\/span><\/em><strong><em><span style=\"color: #ff0000;\"> LA\u00a0 APP PER IOS-IPHONE di Nicola Vettorello<\/span><\/em><\/strong><\/p>\n<p><strong><span style=\"color: #0000ff;\"><a style=\"color: #0000ff;\" href=\"https:\/\/apps.apple.com\/it\/app\/radio-pi%C3%B9-emittente-agordina\/id1515939845\">https:\/\/apps.apple.com\/it\/app\/radio-pi%C3%B9-emittente-agordina\/id1515939845<\/a><\/span><\/strong><\/p>\n<p><strong><em style=\"color: #ff0000;\">LA\u00a0 APP RADIO\u00a0 PER ANDROID di Nicola Vettorello<\/em><\/strong><\/p>\n<p><strong><span style=\"color: #0000ff;\"><a style=\"color: #0000ff;\" href=\"https:\/\/play.google.com\/store\/apps\/details?id=net.radiopiu.iniko\" target=\"_blank\" rel=\"noopener noreferrer\">https:\/\/<\/a><a style=\"color: #0000ff;\" href=\"https:\/\/play.google.com\/store\/apps\/details?id=net.radiopiu.iniko\" target=\"_blank\" rel=\"noopener noreferrer\">play.google.com\/store\/apps\/details?id=net.radiopiu.iniko\u00a0\u00a0\u00a0<\/a><\/span><\/strong><\/p>\n<p>&nbsp;<\/p>\n<p>&nbsp;<\/p>\n<hr \/>\n<div dir=\"auto\"><\/div>\n<div dir=\"auto\"><\/div>\n<p><strong><span style=\"color: #ff0000;\"><span style=\"color: #000000;\"><a class=\"dt-pswp-item\" href=\"https:\/\/www.radiopiu.net\/wordpress\/wp-content\/uploads\/2024\/10\/462221478_8844697935541737_362060177558566697_n-e1729308625656.jpg\" data-dt-img-description=\"\" data-large_image_width=\"1192\" data-large_image_height=\"1192\"><img loading=\"lazy\" decoding=\"async\" class=\"wp-image-415263 alignleft\" src=\"https:\/\/www.radiopiu.net\/wordpress\/wp-content\/uploads\/2024\/10\/462221478_8844697935541737_362060177558566697_n-e1729308625656-300x300.jpg\" alt=\"\" width=\"196\" height=\"196\" srcset=\"https:\/\/www.radiopiu.net\/wordpress\/wp-content\/uploads\/2024\/10\/462221478_8844697935541737_362060177558566697_n-e1729308625656-300x300.jpg 300w, https:\/\/www.radiopiu.net\/wordpress\/wp-content\/uploads\/2024\/10\/462221478_8844697935541737_362060177558566697_n-e1729308625656-1024x1024.jpg 1024w, https:\/\/www.radiopiu.net\/wordpress\/wp-content\/uploads\/2024\/10\/462221478_8844697935541737_362060177558566697_n-e1729308625656-150x150.jpg 150w, https:\/\/www.radiopiu.net\/wordpress\/wp-content\/uploads\/2024\/10\/462221478_8844697935541737_362060177558566697_n-e1729308625656-768x768.jpg 768w, https:\/\/www.radiopiu.net\/wordpress\/wp-content\/uploads\/2024\/10\/462221478_8844697935541737_362060177558566697_n-e1729308625656.jpg 1192w\" sizes=\"auto, (max-width: 196px) 100vw, 196px\" \/><\/a><\/span><\/span>OGGI ALLA RADIO&#8230;.<\/strong> <span style=\"color: #ff0000;\">ALLE 4 E ALLE 6<\/span> LE NOTIZIE DALL&#8217;ITALIA E DAL MONDO <span style=\"color: #ff0000;\"> 0500 <span style=\"color: #0000ff;\">l&#8217;almanacco della nostra gente con il MUSLA\u00a0<\/span><\/span><span style=\"color: #ff0000;\"> 6.15<\/span> PIROLE DE LENGA A CURA DEL MUSLA<span style=\"color: #ff0000;\"> 7.20<\/span> EL BAL DEL FIORI, DETTI E TRADIZIONI DI GIULIANA DA RONCH <span style=\"color: #ff0000;\">8.05<\/span> LA RASSEGNA STAMPA LOCALE<span style=\"color: #ff0000;\"> 8.30 <span style=\"color: #000000;\">WEEK END MARINA C&#8217;E&#8217; <\/span><span style=\"color: #000000;\">\u00a0\u00a0<\/span> 900 <span style=\"color: #0000ff;\">premier le novit\u00e0 musicali di MARCO GAZ\u00a0 <\/span><\/span><span style=\"color: #ff0000;\"><span style=\"color: #000000;\">\u00a0<\/span><\/span><span style=\"color: #ff0000;\">9.40<\/span> VIABILITA&#8217; CON BOTOL CAR SERVICE (AGORDO-SEDICO-FELTRE)\u00a0 \u00a0 <span style=\"color: #ff0000;\">10.30<\/span>\u00a0 <span style=\"color: #ff0000;\">11.40<\/span> FESTIVALBAR STORY DI ATHOS DJ DAVID BEN\u00a0 \u00a0 <span style=\"color: #ff0000;\">12.00<\/span> VA TUTTO LISCIO\u00a0 <span style=\"color: #ff0000;\">12.30<\/span> GIORNALE RADIO PRINCIPALE \u00a0<span style=\"color: #ff0000;\">\u00a0<\/span><span style=\"color: #ff0000;\">14.00 ELETTROCHOC DJ JACK 15.10<\/span>\u00a0 LA CLASSIFICA UFFICIALE DI MARCO GAZ\u00a0 <span style=\"color: #ff0000;\">16<\/span> IL ROCK DI MARCO COSTANTINI \u00a0<span style=\"color: #ff0000;\">1645<\/span> LE HIT DI MIRCO BENCIVENNI <span style=\"color: #ff0000;\">18.00<\/span> PIU&#8217; DANCE LE SELEZIONI CHE FANNO SALTARE DI DJ JACK, JACOPO DEL TEDESCO <span style=\"color: #ff0000;\">18.10<\/span> REGGAETON DI DJ ATHOS, DAVID BEN<span style=\"color: #ff0000;\">19.00 <span style=\"color: #000000;\">LE ANTICIPAZIONI DAL TG DI ANTENNA 3 DI TIZIANA BOLOGNANI\u00a0\u00a0<\/span><\/span><\/p>\n<p><strong><a class=\"dt-pswp-item\" href=\"https:\/\/www.radiopiu.net\/wordpress\/wp-content\/uploads\/2024\/10\/COP1-3.png\" data-dt-img-description=\"\" data-large_image_width=\"764\" data-large_image_height=\"446\"><img loading=\"lazy\" decoding=\"async\" class=\"wp-image-415253 alignleft\" src=\"https:\/\/www.radiopiu.net\/wordpress\/wp-content\/uploads\/2024\/10\/COP1-3-300x175.png\" alt=\"\" width=\"197\" height=\"115\" srcset=\"https:\/\/www.radiopiu.net\/wordpress\/wp-content\/uploads\/2024\/10\/COP1-3-300x175.png 300w, https:\/\/www.radiopiu.net\/wordpress\/wp-content\/uploads\/2024\/10\/COP1-3.png 764w\" sizes=\"auto, (max-width: 197px) 100vw, 197px\" \/><\/a>rassegna stampa nazionale,<\/strong> ogni giorno alle 5 e alle 6 del mattino<br \/>\ngiornali locali 7 rassegna stampa flash, 8 rassegna stampa, gr flash alle 10 e alle 11, principale 12.30. Informazione pomeriggio alle 15 (speciale) 16, 17, 18. Giornale radio nazionale: ogni ora dalle 5 del mattino, alle 20 della sera.<\/p>\n<p>&nbsp;<\/p>\n<p><strong>QUESTA SERA ALLE 18 HOCKEY COMO &#8211; ALLEGHE HOCKEY <\/strong>Collegamenti in DIRETTA RADIOFONICA su Radio Pi\u00f9 (www.radiopiu.net) con \u201chockey al punto giusto\u201d, in studio <strong>Marco Gaz<\/strong> e da Como interventi di <strong>Roberto Miana (FOTO)\u00a0<\/strong><\/p>\n<p>&nbsp;<\/p>\n<p><a class=\"dt-pswp-item\" href=\"https:\/\/www.radiopiu.net\/wordpress\/wp-content\/uploads\/2024\/10\/AGORDINA-RADIO-PIU.jpg\" data-dt-img-description=\"\" data-large_image_width=\"1179\" data-large_image_height=\"609\"><img loading=\"lazy\" decoding=\"async\" class=\"size-medium wp-image-412977 alignleft\" src=\"https:\/\/www.radiopiu.net\/wordpress\/wp-content\/uploads\/2024\/10\/AGORDINA-RADIO-PIU-300x155.jpg\" alt=\"\" width=\"300\" height=\"155\" srcset=\"https:\/\/www.radiopiu.net\/wordpress\/wp-content\/uploads\/2024\/10\/AGORDINA-RADIO-PIU-300x155.jpg 300w, https:\/\/www.radiopiu.net\/wordpress\/wp-content\/uploads\/2024\/10\/AGORDINA-RADIO-PIU-1024x529.jpg 1024w, https:\/\/www.radiopiu.net\/wordpress\/wp-content\/uploads\/2024\/10\/AGORDINA-RADIO-PIU-768x397.jpg 768w, https:\/\/www.radiopiu.net\/wordpress\/wp-content\/uploads\/2024\/10\/AGORDINA-RADIO-PIU.jpg 1179w\" sizes=\"auto, (max-width: 300px) 100vw, 300px\" \/><\/a><strong>DOMANI SERA ALLE 20.30 SPECIALE AGORDINA CALCIO, IL NUOVO PROGRAMMA ALLA RADIO DI MARCO GAZ, IN COLLABORAZIONE CON LA SOCIETA&#8217;<\/strong><br \/>\nSI RINGRAZIANO<br \/>\n<em><strong>Panificio Orzetti.<\/strong> Pane e prodotti dolciari a Rivamonte Agordino. Prova il plumcake di Renato e <\/em><em>resterai estasiato<br \/>\n<strong>Pizzeria Birreria Costa<\/strong> a Canale D\u2019Agordo. Prova le pizze di Dino accompagnate ad una birra<br \/>\nartigianale. L\u2019accoppiata vincente dopo una partita di calcio.<br \/>\n<strong>Ben Arredo<\/strong> a Taibon Agordino. Ti aspettiamo per arredare la tua casa ma non solo. Un punto di<br \/>\nriferimento per grandi e piccoli lavori in legno<br \/>\n<strong>Gelateria Via Vai<\/strong> ad Agordo. Gelati ma anche focacce e tanto altro. Un punto di riferimento in<br \/>\nqualsiasi stagione.<br \/>\n<strong>Bar Latteria Camolino<\/strong> a La Stanga di Sedico lungo la strada regionale 203 Agordina. Fermati per le<br \/>\ntue colazioni o per acquistare i nostri prodotti caseari <\/em><strong><br \/>\n<\/strong><\/p>\n<p>&nbsp;<\/p>\n<p>&nbsp;<\/p>\n<hr \/>\n<p>&nbsp;<\/p>\n<p>&nbsp;<\/p>\n<div class=\"x11i5rnm xat24cr x1mh8g0r x1vvkbs xtlvy1s x126k92a\">\n<div dir=\"auto\">\n<div dir=\"auto\">\n<p><strong><a class=\"dt-pswp-item\" href=\"https:\/\/www.radiopiu.net\/wordpress\/wp-content\/uploads\/2024\/02\/2d44e751-d8a8-461b-8e22-d8e4e853b032.jpg\" data-dt-img-description=\"\" data-large_image_width=\"1600\" data-large_image_height=\"1200\"><img loading=\"lazy\" decoding=\"async\" class=\"wp-image-373307 alignleft\" src=\"https:\/\/www.radiopiu.net\/wordpress\/wp-content\/uploads\/2024\/02\/2d44e751-d8a8-461b-8e22-d8e4e853b032-300x225.jpg\" alt=\"\" width=\"105\" height=\"79\" srcset=\"https:\/\/www.radiopiu.net\/wordpress\/wp-content\/uploads\/2024\/02\/2d44e751-d8a8-461b-8e22-d8e4e853b032-300x225.jpg 300w, https:\/\/www.radiopiu.net\/wordpress\/wp-content\/uploads\/2024\/02\/2d44e751-d8a8-461b-8e22-d8e4e853b032-1024x768.jpg 1024w, https:\/\/www.radiopiu.net\/wordpress\/wp-content\/uploads\/2024\/02\/2d44e751-d8a8-461b-8e22-d8e4e853b032-768x576.jpg 768w, https:\/\/www.radiopiu.net\/wordpress\/wp-content\/uploads\/2024\/02\/2d44e751-d8a8-461b-8e22-d8e4e853b032-1536x1152.jpg 1536w, https:\/\/www.radiopiu.net\/wordpress\/wp-content\/uploads\/2024\/02\/2d44e751-d8a8-461b-8e22-d8e4e853b032.jpg 1600w\" sizes=\"auto, (max-width: 105px) 100vw, 105px\" \/><\/a>EL BAL DEL FIOR, DI GIULIANA DA RONCH, 19 OTTOBRE<\/strong><strong>\u00a02024<\/strong><\/p>\n<p>&nbsp;<\/p>\n<\/div>\n<\/div>\n<\/div>\n<div>\n<audio class=\"wp-audio-shortcode\" id=\"audio-415078-1\" preload=\"none\" style=\"width: 100%;\" controls=\"controls\"><source type=\"audio\/mpeg\" src=\"https:\/\/www.radiopiu.net\/wordpress\/wp-content\/uploads\/2024\/10\/GSA-1.mp3?_=1\" \/><a href=\"https:\/\/www.radiopiu.net\/wordpress\/wp-content\/uploads\/2024\/10\/GSA-1.mp3\">https:\/\/www.radiopiu.net\/wordpress\/wp-content\/uploads\/2024\/10\/GSA-1.mp3<\/a><\/audio>\n<p>&nbsp;<\/p>\n<\/div>\n<hr \/>\n<p>&nbsp;<\/p>\n<div class=\"x11i5rnm xat24cr x1mh8g0r x1vvkbs xtlvy1s x126k92a\">\n<h1><span style=\"color: #ff0000;\"><a class=\"dt-pswp-item\" href=\"https:\/\/www.radiopiu.net\/wordpress\/wp-content\/uploads\/2024\/06\/th-5.jpg\" data-dt-img-description=\"\" data-large_image_width=\"326\" data-large_image_height=\"180\"><img loading=\"lazy\" decoding=\"async\" class=\"size-medium wp-image-395881 alignleft\" src=\"https:\/\/www.radiopiu.net\/wordpress\/wp-content\/uploads\/2024\/06\/th-5-300x166.jpg\" alt=\"\" width=\"300\" height=\"166\" srcset=\"https:\/\/www.radiopiu.net\/wordpress\/wp-content\/uploads\/2024\/06\/th-5-300x166.jpg 300w, https:\/\/www.radiopiu.net\/wordpress\/wp-content\/uploads\/2024\/06\/th-5.jpg 326w\" sizes=\"auto, (max-width: 300px) 100vw, 300px\" \/><\/a><\/span><\/h1>\n<h1><\/h1>\n<h1><\/h1>\n<h1><span style=\"color: #000000;\">19 OTTOBRE&#8230; alla radio l&#8217;almanacco\u00a0<\/span><\/h1>\n<audio class=\"wp-audio-shortcode\" id=\"audio-415078-2\" preload=\"none\" style=\"width: 100%;\" controls=\"controls\"><source type=\"audio\/mpeg\" src=\"https:\/\/www.radiopiu.net\/wordpress\/wp-content\/uploads\/2024\/10\/ALMANACCONEW-15.mp3?_=2\" \/><a href=\"https:\/\/www.radiopiu.net\/wordpress\/wp-content\/uploads\/2024\/10\/ALMANACCONEW-15.mp3\">https:\/\/www.radiopiu.net\/wordpress\/wp-content\/uploads\/2024\/10\/ALMANACCONEW-15.mp3<\/a><\/audio>\n<p>&nbsp;<\/p>\n<p>&nbsp;<\/p>\n<hr \/>\n<p>&nbsp;<\/p>\n<p>&nbsp;<\/p>\n<blockquote>\n<h1><strong><a class=\"dt-pswp-item\" href=\"https:\/\/www.radiopiu.net\/wordpress\/wp-content\/uploads\/2024\/10\/629301fd-708d-4f53-95c2-d28cbefd500f.jpg\" data-dt-img-description=\"\" data-large_image_width=\"1600\" data-large_image_height=\"1322\"><img loading=\"lazy\" decoding=\"async\" class=\"wp-image-413782 alignleft\" src=\"https:\/\/www.radiopiu.net\/wordpress\/wp-content\/uploads\/2024\/10\/629301fd-708d-4f53-95c2-d28cbefd500f-300x248.jpg\" alt=\"\" width=\"186\" height=\"154\" srcset=\"https:\/\/www.radiopiu.net\/wordpress\/wp-content\/uploads\/2024\/10\/629301fd-708d-4f53-95c2-d28cbefd500f-300x248.jpg 300w, https:\/\/www.radiopiu.net\/wordpress\/wp-content\/uploads\/2024\/10\/629301fd-708d-4f53-95c2-d28cbefd500f-1024x846.jpg 1024w, https:\/\/www.radiopiu.net\/wordpress\/wp-content\/uploads\/2024\/10\/629301fd-708d-4f53-95c2-d28cbefd500f-768x635.jpg 768w, https:\/\/www.radiopiu.net\/wordpress\/wp-content\/uploads\/2024\/10\/629301fd-708d-4f53-95c2-d28cbefd500f-1536x1269.jpg 1536w, https:\/\/www.radiopiu.net\/wordpress\/wp-content\/uploads\/2024\/10\/629301fd-708d-4f53-95c2-d28cbefd500f.jpg 1600w\" sizes=\"auto, (max-width: 186px) 100vw, 186px\" \/><\/a>N di parom &#8211; L Almanach de la nosta jent<\/strong><\/h1>\n<\/blockquote>\n<p>Le voci: Davide Conedera, Agordo, Michela Dell&#8217;Osbel, La Valle Agordina Simone Ganz, Falcade Veronica Lezuo, Colle Santa Lucia. La voce nella sigla \u00e8 di Giorgia Taio<\/p>\n<p><strong>LA PUNTATA DI OGGI, 19 OTTOBRE<\/strong><\/p>\n<audio class=\"wp-audio-shortcode\" id=\"audio-415078-3\" preload=\"none\" style=\"width: 100%;\" controls=\"controls\"><source type=\"audio\/mpeg\" src=\"https:\/\/www.radiopiu.net\/wordpress\/wp-content\/uploads\/2024\/10\/19_otober_Veronica.mp3?_=3\" \/><a href=\"https:\/\/www.radiopiu.net\/wordpress\/wp-content\/uploads\/2024\/10\/19_otober_Veronica.mp3\">https:\/\/www.radiopiu.net\/wordpress\/wp-content\/uploads\/2024\/10\/19_otober_Veronica.mp3<\/a><\/audio>\n<\/div>\n<div class=\"x11i5rnm xat24cr x1mh8g0r x1vvkbs xtlvy1s x126k92a\">\n<p>&nbsp;<\/p>\n<div dir=\"auto\">\n<hr \/>\n<\/div>\n<\/div>\n<blockquote>\n<blockquote>\n<h1><span style=\"color: #ff0000;\">\u00a0<\/span><\/h1>\n<h1><span style=\"color: #ff0000;\">I podcast informativi del mattino &#8211; audio &#8211;\u00a0\u00a0<\/span><\/h1>\n<\/blockquote>\n<p><strong><a class=\"dt-pswp-item\" href=\"https:\/\/www.radiopiu.net\/wordpress\/wp-content\/uploads\/2023\/11\/th-10.jpg\" data-dt-img-description=\"\" data-large_image_width=\"320\" data-large_image_height=\"180\"><img loading=\"lazy\" decoding=\"async\" class=\"wp-image-362866 alignleft\" src=\"https:\/\/www.radiopiu.net\/wordpress\/wp-content\/uploads\/2023\/11\/th-10-300x169.jpg\" alt=\"\" width=\"185\" height=\"104\" srcset=\"https:\/\/www.radiopiu.net\/wordpress\/wp-content\/uploads\/2023\/11\/th-10-300x169.jpg 300w, https:\/\/www.radiopiu.net\/wordpress\/wp-content\/uploads\/2023\/11\/th-10.jpg 320w\" sizes=\"auto, (max-width: 185px) 100vw, 185px\" \/><\/a>LA RASSEGNA STAMPA NAZIONALE ALLA RADIO, OGNI GIORNO ALLE 5 E ALLE 6 DEL MATTINO <span style=\"color: #0000ff;\">viene pubblicata alle 6.00 <span style=\"color: #ff0000;\">DIRETTA RADIO\u00a0 \u00a0\u00a0<\/span><\/span><\/strong><\/p><\/blockquote>\n<p>&nbsp;<\/p>\n<p><strong>NOTIZIE DELLA NOTTE<\/strong><\/p>\n<p><strong>MotoGp<\/strong>: Australia; Jorge Martin in pole per sprint e Gp <strong>Musk<\/strong> aumenta la ricompensa per chi lo aiuta a sostenere Trump<br \/>\n<strong>Protezione civile di Gaza<\/strong>, 33 i morti nell&#8217;attacco a Jabalya <strong>Pd, Meloni attacca Pm<\/strong> e vuole pieni poteri, ma ci opporremo<br \/>\n<strong>Fonti Ue,<\/strong> in contatto con Roma per emendamenti sui balneari <strong>Biden e alleati<\/strong>, porre subito fine alla guerra a Gaza<br \/>\n<strong>Open Arms,<\/strong> &#8216;noi siamo sereni, non ci siamo mai arresi&#8217;<strong>Borsa<\/strong>: Milano positiva in chiusura (+0,47%), sprint di Iveco<\/p>\n<h2>AUDIO dalle 6 del mattino<\/h2>\n<audio class=\"wp-audio-shortcode\" id=\"audio-415078-4\" preload=\"none\" style=\"width: 100%;\" controls=\"controls\"><source type=\"audio\/mpeg\" src=\"https:\/\/www.radiopiu.net\/wordpress\/wp-content\/uploads\/2024\/10\/GIORNALEDELLESEI-16.mp3?_=4\" \/><a href=\"https:\/\/www.radiopiu.net\/wordpress\/wp-content\/uploads\/2024\/10\/GIORNALEDELLESEI-16.mp3\">https:\/\/www.radiopiu.net\/wordpress\/wp-content\/uploads\/2024\/10\/GIORNALEDELLESEI-16.mp3<\/a><\/audio>\n<p>&nbsp;<\/p>\n<p>&nbsp;<\/p>\n<p>&nbsp;<\/p>\n<hr \/>\n<p>&nbsp;<\/p>\n<h1 style=\"text-align: center;\"><span style=\"color: #ff0000;\">I podcast informativi del mattino &#8211; audio &#8211;\u00a0<\/span><\/h1>\n<p><strong><a class=\"dt-pswp-item\" href=\"https:\/\/www.radiopiu.net\/wordpress\/wp-content\/uploads\/2023\/12\/images.png\" data-dt-img-description=\"\" data-large_image_width=\"316\" data-large_image_height=\"160\"><img loading=\"lazy\" decoding=\"async\" class=\"wp-image-367008 alignleft\" src=\"https:\/\/www.radiopiu.net\/wordpress\/wp-content\/uploads\/2023\/12\/images-300x152.png\" alt=\"\" width=\"235\" height=\"119\" srcset=\"https:\/\/www.radiopiu.net\/wordpress\/wp-content\/uploads\/2023\/12\/images-300x152.png 300w, https:\/\/www.radiopiu.net\/wordpress\/wp-content\/uploads\/2023\/12\/images.png 316w\" sizes=\"auto, (max-width: 235px) 100vw, 235px\" \/><\/a>OGNI GIORNO ALLE SETTE DEL MATTINO, LA RASSEGNA STAMPA LOCALE FLASH&#8230; PER CHI VA IN FRETTA. I TITOLI DAI GIORNALI E DAL SITO WWW.RADIOPIU.NET <span style=\"color: #0000ff;\">viene pubblicato alle 7.00<\/span> <span style=\"color: #ff0000;\">DIRETTA RADIO\u00a0<\/span><\/strong><\/p>\n<p><em><span style=\"color: #ff0000;\">per chi va in fretta&#8230; tante notizie in pochi minuti. L&#8217;informazione locale alla radio, ogni ora dalle 7 del mattino alle 19 della sera.<\/span><\/em><\/p>\n<h1>AUDIO dalle 7 del mattino<\/h1>\n<audio class=\"wp-audio-shortcode\" id=\"audio-415078-5\" preload=\"none\" style=\"width: 100%;\" controls=\"controls\"><source type=\"audio\/mpeg\" src=\"https:\/\/www.radiopiu.net\/wordpress\/wp-content\/uploads\/2024\/10\/GF07-16.mp3?_=5\" \/><a href=\"https:\/\/www.radiopiu.net\/wordpress\/wp-content\/uploads\/2024\/10\/GF07-16.mp3\">https:\/\/www.radiopiu.net\/wordpress\/wp-content\/uploads\/2024\/10\/GF07-16.mp3<\/a><\/audio>\n<p>&nbsp;<\/p>\n<p>&nbsp;<\/p>\n<p>&nbsp;<\/p>\n<hr \/>\n<p>&nbsp;<\/p>\n<h1><\/h1>\n<h1 style=\"text-align: center;\"><span style=\"color: #ff0000;\"><a class=\"dt-pswp-item\" href=\"https:\/\/www.radiopiu.net\/wordpress\/wp-content\/uploads\/2024\/10\/cop2-2.png\" data-dt-img-description=\"\" data-large_image_width=\"503\" data-large_image_height=\"260\"><img loading=\"lazy\" decoding=\"async\" class=\" wp-image-415252 alignleft\" src=\"https:\/\/www.radiopiu.net\/wordpress\/wp-content\/uploads\/2024\/10\/cop2-2-300x155.png\" alt=\"\" width=\"273\" height=\"141\" srcset=\"https:\/\/www.radiopiu.net\/wordpress\/wp-content\/uploads\/2024\/10\/cop2-2-300x155.png 300w, https:\/\/www.radiopiu.net\/wordpress\/wp-content\/uploads\/2024\/10\/cop2-2.png 503w\" sizes=\"auto, (max-width: 273px) 100vw, 273px\" \/><\/a>I podcast informativi del mattino &#8211; audio &#8211;\u00a0<\/span><\/h1>\n<blockquote><p><strong>GIORNALE RADIO NAZIONALE, EDIZIONE DELLE SETTE <span style=\"color: #0000ff;\">viene pubblicato alle 7.05 <span style=\"color: #ff0000;\">DIRETTA RADIO\u00a0<\/span><\/span><\/strong><\/p><\/blockquote>\n<p><strong>il giornale radionazionale e&#8217; in onda ogni ora, dalle sette del mattino alle venti della sera\u00a0 \u00a0<\/strong><strong>\u00a0<\/strong><\/p>\n<p><strong>Bari<\/strong> Un 20enne denuncia: &#8216;Picchiato, legato e gettato sugli scogli\u00a0 <strong>Chiesanuova<\/strong> Donna uccisa, il nipote indagato per omicidio volontario <strong>I disordini a Roma<\/strong> Scontri alla manifestazione pro Palestina, un arresto\u00a0 <strong>In carcere con 800 grammi di droga<\/strong> nella panciera, agente arrestato Poliziotto scoperto e bloccato dai suoi colleghi a Napoli <strong>Cesena<\/strong> Operaio muore schiacciato dal muletto a Cesena Si \u00e8 ribaltato mentre stava scaricando un camion <strong>Definitive le condanne<\/strong> per la morte di Desiree Mariottini Lo hanno deciso i giudici Cassazione <strong>San Severo<\/strong> Uccide la moglie e poi si spara, lei lo aveva denunciato Lui \u00e8 un agente penitenziario in pensione, indossava il braccialetto elettronico<span style=\"color: #ff0000;\">\u00a0<\/span><\/p>\n<p><span style=\"color: #ff0000;\">EDIZIONE DELLE 20, DEL 18 OTTOBRE 2024<\/span><\/p>\n<audio class=\"wp-audio-shortcode\" id=\"audio-415078-6\" preload=\"none\" style=\"width: 100%;\" controls=\"controls\"><source type=\"audio\/mpeg\" src=\"https:\/\/www.radiopiu.net\/wordpress\/wp-content\/uploads\/2024\/10\/giornale07-32.mp3?_=6\" \/><a href=\"https:\/\/www.radiopiu.net\/wordpress\/wp-content\/uploads\/2024\/10\/giornale07-32.mp3\">https:\/\/www.radiopiu.net\/wordpress\/wp-content\/uploads\/2024\/10\/giornale07-32.mp3<\/a><\/audio>\n<p>&nbsp;<\/p>\n<p><span style=\"color: #ff0000;\">EDIZIONE DELLE 19, DEL 18 OTTOBRE 2024, LO SPORT<\/span><\/p>\n<audio class=\"wp-audio-shortcode\" id=\"audio-415078-7\" preload=\"none\" style=\"width: 100%;\" controls=\"controls\"><source type=\"audio\/mpeg\" src=\"https:\/\/www.radiopiu.net\/wordpress\/wp-content\/uploads\/2024\/10\/gr-sport-16.mp3?_=7\" \/><a href=\"https:\/\/www.radiopiu.net\/wordpress\/wp-content\/uploads\/2024\/10\/gr-sport-16.mp3\">https:\/\/www.radiopiu.net\/wordpress\/wp-content\/uploads\/2024\/10\/gr-sport-16.mp3<\/a><\/audio>\n<h2><\/h2>\n<h2>AUDIO dalle sette del mattino, ogni ora alla radio<\/h2>\n<audio class=\"wp-audio-shortcode\" id=\"audio-415078-8\" preload=\"none\" style=\"width: 100%;\" controls=\"controls\"><source type=\"audio\/mpeg\" src=\"https:\/\/www.radiopiu.net\/wordpress\/wp-content\/uploads\/2024\/10\/giornale07-33.mp3?_=8\" \/><a href=\"https:\/\/www.radiopiu.net\/wordpress\/wp-content\/uploads\/2024\/10\/giornale07-33.mp3\">https:\/\/www.radiopiu.net\/wordpress\/wp-content\/uploads\/2024\/10\/giornale07-33.mp3<\/a><\/audio>\n<p>&nbsp;<\/p>\n<hr \/>\n<p>&nbsp;<\/p>\n<p>&nbsp;<\/p>\n<h1><span style=\"color: #ff0000;\"><a class=\"dt-pswp-item\" href=\"https:\/\/www.radiopiu.net\/wordpress\/wp-content\/uploads\/2024\/10\/COP1-3.png\" data-dt-img-description=\"\" data-large_image_width=\"764\" data-large_image_height=\"446\"><img loading=\"lazy\" decoding=\"async\" class=\" wp-image-415253 alignleft\" src=\"https:\/\/www.radiopiu.net\/wordpress\/wp-content\/uploads\/2024\/10\/COP1-3-300x175.png\" alt=\"\" width=\"247\" height=\"144\" srcset=\"https:\/\/www.radiopiu.net\/wordpress\/wp-content\/uploads\/2024\/10\/COP1-3-300x175.png 300w, https:\/\/www.radiopiu.net\/wordpress\/wp-content\/uploads\/2024\/10\/COP1-3.png 764w\" sizes=\"auto, (max-width: 247px) 100vw, 247px\" \/><\/a>I podcast informativi del mattino &#8211; video &#8211;\u00a0<\/span><\/h1>\n<h2 style=\"text-align: left;\"><strong>RASSEGNA STAMPA LOCALE, ORE OTTO 05<\/strong><\/h2>\n<h2><strong> <span style=\"color: #0000ff;\">viene\u00a0 <\/span><\/strong><strong><span style=\"color: #0000ff;\">pubblicata alle 8.05 <span style=\"color: #ff0000;\">DIRETTA RADIO\u00a0 \u00a0<\/span><\/span><\/strong><strong>DI MIRKO MEZZACASA<\/strong><\/h2>\n<h2><span style=\"color: #ff0000;\"><strong>VIDEO\u00a0 \u00a0in diretta dalle 8 del mattino\u00a0 \u00a0<\/strong><\/span><\/h2>\n<p>&nbsp;<\/p>\n<p>&nbsp;<\/p>\n<p>&nbsp;<\/p>\n<hr \/>\n<p>&nbsp;<\/p>\n<p>&nbsp;<\/p>\n<p><strong><a class=\"dt-pswp-item\" href=\"https:\/\/www.radiopiu.net\/wordpress\/wp-content\/uploads\/2023\/12\/ANTENNA.png\" data-dt-img-description=\"\" data-large_image_width=\"300\" data-large_image_height=\"166\"><img loading=\"lazy\" decoding=\"async\" class=\" wp-image-366306 alignleft\" src=\"https:\/\/www.radiopiu.net\/wordpress\/wp-content\/uploads\/2023\/12\/ANTENNA.png\" alt=\"\" width=\"175\" height=\"97\" \/><\/a>ogni sera alle 19 le anticipazioni alla radio, quello che poi seguirete nel TELEGIORNALE BELLUNESE\u00a0 in onda alle 19.30 sul CANALE 10 del digitale terrestre.\u00a0\u00a0<\/strong><\/p>\n<p>&nbsp;<\/p>\n<p><strong>LE ANTICIPAZIONI DAL TG DI ANTENNA 3, DI\u00a0 TIZIANA BOLOGNANI<\/strong><\/p>\n<audio class=\"wp-audio-shortcode\" id=\"audio-415078-9\" preload=\"none\" style=\"width: 100%;\" controls=\"controls\"><source type=\"audio\/mpeg\" src=\"https:\/\/www.radiopiu.net\/wordpress\/wp-content\/uploads\/2024\/10\/ANTENNA3-12.mp3?_=9\" \/><a href=\"https:\/\/www.radiopiu.net\/wordpress\/wp-content\/uploads\/2024\/10\/ANTENNA3-12.mp3\">https:\/\/www.radiopiu.net\/wordpress\/wp-content\/uploads\/2024\/10\/ANTENNA3-12.mp3<\/a><\/audio>\n<p>&nbsp;<\/p>\n<p>&nbsp;<\/p>\n<p>&nbsp;<\/p>\n<hr \/>\n<p>&nbsp;<\/p>\n<blockquote>\n<h3>I MESSAGGI DI CORDOGLIO PER LE MORTI DI ADUO VIO E MARIO FERRUCCIO BELLI<\/h3>\n<\/blockquote>\n<p><strong><a class=\"dt-pswp-item\" href=\"https:\/\/www.radiopiu.net\/wordpress\/wp-content\/uploads\/2024\/10\/mario-ferruccio-belli-OK.jpg\" data-dt-img-description=\"\" data-large_image_width=\"599\" data-large_image_height=\"423\"><img loading=\"lazy\" decoding=\"async\" class=\" wp-image-415184 alignleft\" src=\"https:\/\/www.radiopiu.net\/wordpress\/wp-content\/uploads\/2024\/10\/mario-ferruccio-belli-OK-300x212.jpg\" alt=\"\" width=\"178\" height=\"126\" srcset=\"https:\/\/www.radiopiu.net\/wordpress\/wp-content\/uploads\/2024\/10\/mario-ferruccio-belli-OK-300x212.jpg 300w, https:\/\/www.radiopiu.net\/wordpress\/wp-content\/uploads\/2024\/10\/mario-ferruccio-belli-OK.jpg 599w\" sizes=\"auto, (max-width: 178px) 100vw, 178px\" \/><\/a>REDAZIONE<\/strong> La provincia di Belluno piange la scomparsa di due figure di rilievo, Aduo Vio e Mario Ferruccio Belli (foto), come sottolineato dal presidente della Provincia, Roberto Padrin. Aduo Vio era un simbolo degli emigranti bellunesi, noto per il suo contributo alla crescita sociale ed economica della provincia attraverso il settore della gelateria. Organizzava ogni anno una cena durante la Mig, evidenziando il lato umano e goliardico della comunit\u00e0 di emigranti. Mario Ferruccio Belli, invece, era un narratore della cultura ladina e un divulgatore appassionato delle tradizioni del Cadore, attraverso le sue opere letterarie che includevano guide, racconti e saggi storici. Anche il presidente del Veneto, Luca Zaia, ha ricordato Belli come un uomo colto e legato profondamente ai paesaggi e alla cultura del Cadore, che ha descritto in oltre venti libri, restituendo l&#8217;unicit\u00e0 della sua terra natale.<\/p>\n<p>&nbsp;<\/p>\n<p>&nbsp;<\/p>\n<hr \/>\n<p>&nbsp;<\/p>\n<blockquote>\n<h3>PERDE IL CONTROLLO DELL\u2019AUTO E FINISCE SUL MARCIAPIEDE<\/h3>\n<\/blockquote>\n<p><strong>BELLUNO<\/strong> Incidente sulla SR 204 Belluno &#8211; Mas di fronte alla Caserma Tommaso Salsa di Belluno nella tarda mattinata di ieri. Una donna ha perso il controllo della sua Toyota ed ha terminato la sua corsa sul marciapiede di fronte alla caserma. A fermare la corsa del mezzo i paracarri. Per fortuna nessun ferito, tanta paura per la conducente del mezzo.<\/p>\n<p><a class=\"dt-pswp-item\" href=\"https:\/\/www.radiopiu.net\/wordpress\/wp-content\/uploads\/2024\/10\/9527dfaa-4e45-41fa-9795-73b22386cdcf.jpeg\" data-dt-img-description=\"\" data-large_image_width=\"2048\" data-large_image_height=\"1152\"><img loading=\"lazy\" decoding=\"async\" class=\"alignnone size-medium wp-image-415174\" src=\"https:\/\/www.radiopiu.net\/wordpress\/wp-content\/uploads\/2024\/10\/9527dfaa-4e45-41fa-9795-73b22386cdcf-300x169.jpeg\" alt=\"\" width=\"300\" height=\"169\" srcset=\"https:\/\/www.radiopiu.net\/wordpress\/wp-content\/uploads\/2024\/10\/9527dfaa-4e45-41fa-9795-73b22386cdcf-300x169.jpeg 300w, https:\/\/www.radiopiu.net\/wordpress\/wp-content\/uploads\/2024\/10\/9527dfaa-4e45-41fa-9795-73b22386cdcf-1024x576.jpeg 1024w, https:\/\/www.radiopiu.net\/wordpress\/wp-content\/uploads\/2024\/10\/9527dfaa-4e45-41fa-9795-73b22386cdcf-768x432.jpeg 768w, https:\/\/www.radiopiu.net\/wordpress\/wp-content\/uploads\/2024\/10\/9527dfaa-4e45-41fa-9795-73b22386cdcf-1536x864.jpeg 1536w, https:\/\/www.radiopiu.net\/wordpress\/wp-content\/uploads\/2024\/10\/9527dfaa-4e45-41fa-9795-73b22386cdcf.jpeg 2048w\" sizes=\"auto, (max-width: 300px) 100vw, 300px\" \/><\/a><a class=\"dt-pswp-item\" href=\"https:\/\/www.radiopiu.net\/wordpress\/wp-content\/uploads\/2024\/10\/74f733fe-4db1-43e5-9f26-0d1cdc692d25.jpeg\" data-dt-img-description=\"\" data-large_image_width=\"2048\" data-large_image_height=\"1152\"><img loading=\"lazy\" decoding=\"async\" class=\"alignnone size-medium wp-image-415175\" src=\"https:\/\/www.radiopiu.net\/wordpress\/wp-content\/uploads\/2024\/10\/74f733fe-4db1-43e5-9f26-0d1cdc692d25-300x169.jpeg\" alt=\"\" width=\"300\" height=\"169\" srcset=\"https:\/\/www.radiopiu.net\/wordpress\/wp-content\/uploads\/2024\/10\/74f733fe-4db1-43e5-9f26-0d1cdc692d25-300x169.jpeg 300w, https:\/\/www.radiopiu.net\/wordpress\/wp-content\/uploads\/2024\/10\/74f733fe-4db1-43e5-9f26-0d1cdc692d25-1024x576.jpeg 1024w, https:\/\/www.radiopiu.net\/wordpress\/wp-content\/uploads\/2024\/10\/74f733fe-4db1-43e5-9f26-0d1cdc692d25-768x432.jpeg 768w, https:\/\/www.radiopiu.net\/wordpress\/wp-content\/uploads\/2024\/10\/74f733fe-4db1-43e5-9f26-0d1cdc692d25-1536x864.jpeg 1536w, https:\/\/www.radiopiu.net\/wordpress\/wp-content\/uploads\/2024\/10\/74f733fe-4db1-43e5-9f26-0d1cdc692d25.jpeg 2048w\" sizes=\"auto, (max-width: 300px) 100vw, 300px\" \/><\/a><a class=\"dt-pswp-item\" href=\"https:\/\/www.radiopiu.net\/wordpress\/wp-content\/uploads\/2024\/10\/bcb269df-629c-437e-8b71-685fd1319648.jpeg\" data-dt-img-description=\"\" data-large_image_width=\"2048\" data-large_image_height=\"1152\"><img loading=\"lazy\" decoding=\"async\" class=\"alignnone size-medium wp-image-415176\" src=\"https:\/\/www.radiopiu.net\/wordpress\/wp-content\/uploads\/2024\/10\/bcb269df-629c-437e-8b71-685fd1319648-300x169.jpeg\" alt=\"\" width=\"300\" height=\"169\" srcset=\"https:\/\/www.radiopiu.net\/wordpress\/wp-content\/uploads\/2024\/10\/bcb269df-629c-437e-8b71-685fd1319648-300x169.jpeg 300w, https:\/\/www.radiopiu.net\/wordpress\/wp-content\/uploads\/2024\/10\/bcb269df-629c-437e-8b71-685fd1319648-1024x576.jpeg 1024w, https:\/\/www.radiopiu.net\/wordpress\/wp-content\/uploads\/2024\/10\/bcb269df-629c-437e-8b71-685fd1319648-768x432.jpeg 768w, https:\/\/www.radiopiu.net\/wordpress\/wp-content\/uploads\/2024\/10\/bcb269df-629c-437e-8b71-685fd1319648-1536x864.jpeg 1536w, https:\/\/www.radiopiu.net\/wordpress\/wp-content\/uploads\/2024\/10\/bcb269df-629c-437e-8b71-685fd1319648.jpeg 2048w\" sizes=\"auto, (max-width: 300px) 100vw, 300px\" \/><\/a><\/p>\n<p>&nbsp;<\/p>\n<p>&nbsp;<\/p>\n<hr \/>\n<p>&nbsp;<\/p>\n<blockquote>\n<h3>IL QUESTORE CHIUDE PER 15 GIORNI LA PIZZERIA DA FRANK A QUERO VAS<\/h3>\n<\/blockquote>\n<p><strong><a class=\"dt-pswp-item\" href=\"https:\/\/www.radiopiu.net\/wordpress\/wp-content\/uploads\/2024\/10\/SCR-20241018-quyh.jpeg\" data-dt-img-description=\"\" data-large_image_width=\"2180\" data-large_image_height=\"1430\"><img loading=\"lazy\" decoding=\"async\" class=\" wp-image-415213 alignleft\" src=\"https:\/\/www.radiopiu.net\/wordpress\/wp-content\/uploads\/2024\/10\/SCR-20241018-quyh-300x197.jpeg\" alt=\"\" width=\"159\" height=\"104\" srcset=\"https:\/\/www.radiopiu.net\/wordpress\/wp-content\/uploads\/2024\/10\/SCR-20241018-quyh-300x197.jpeg 300w, https:\/\/www.radiopiu.net\/wordpress\/wp-content\/uploads\/2024\/10\/SCR-20241018-quyh-1024x672.jpeg 1024w, https:\/\/www.radiopiu.net\/wordpress\/wp-content\/uploads\/2024\/10\/SCR-20241018-quyh-768x504.jpeg 768w, https:\/\/www.radiopiu.net\/wordpress\/wp-content\/uploads\/2024\/10\/SCR-20241018-quyh-1536x1008.jpeg 1536w, https:\/\/www.radiopiu.net\/wordpress\/wp-content\/uploads\/2024\/10\/SCR-20241018-quyh-2048x1343.jpeg 2048w\" sizes=\"auto, (max-width: 159px) 100vw, 159px\" \/><\/a>QUERO VAS<\/strong> Il Questore di Belluno ha disposto la sospensione della licenza e la chiusura per 15 giorni del ristorante pizzeria &#8220;Da Frank&#8221; a Quero Vas (Setteville), notificata il 14 ottobre 2024 al presidente della societ\u00e0 \u201cFM SRLS\u201d. Il provvedimento \u00e8 stato preso a seguito di controlli che hanno evidenziato frequenti liti tra gli avventori del locale, molti dei quali con precedenti penali, e diversi interventi delle forze dell&#8217;ordine per ristabilire l&#8217;ordine pubblico. La chiusura \u00e8 stata decisa in base all&#8217;art. 100 del T.U.L.P.S. per prevenire ulteriori episodi criminosi.<\/p>\n<p><a class=\"dt-pswp-item\" href=\"https:\/\/www.radiopiu.net\/wordpress\/wp-content\/uploads\/2024\/10\/aee3a85f-db1b-4389-ba3d-d0b3ce249451.jpeg\" data-dt-img-description=\"\" data-large_image_width=\"1600\" data-large_image_height=\"1059\"><img loading=\"lazy\" decoding=\"async\" class=\"alignnone size-medium wp-image-415221\" src=\"https:\/\/www.radiopiu.net\/wordpress\/wp-content\/uploads\/2024\/10\/aee3a85f-db1b-4389-ba3d-d0b3ce249451-300x199.jpeg\" alt=\"\" width=\"300\" height=\"199\" srcset=\"https:\/\/www.radiopiu.net\/wordpress\/wp-content\/uploads\/2024\/10\/aee3a85f-db1b-4389-ba3d-d0b3ce249451-300x199.jpeg 300w, https:\/\/www.radiopiu.net\/wordpress\/wp-content\/uploads\/2024\/10\/aee3a85f-db1b-4389-ba3d-d0b3ce249451-1024x678.jpeg 1024w, https:\/\/www.radiopiu.net\/wordpress\/wp-content\/uploads\/2024\/10\/aee3a85f-db1b-4389-ba3d-d0b3ce249451-768x508.jpeg 768w, https:\/\/www.radiopiu.net\/wordpress\/wp-content\/uploads\/2024\/10\/aee3a85f-db1b-4389-ba3d-d0b3ce249451-1536x1017.jpeg 1536w, https:\/\/www.radiopiu.net\/wordpress\/wp-content\/uploads\/2024\/10\/aee3a85f-db1b-4389-ba3d-d0b3ce249451.jpeg 1600w\" sizes=\"auto, (max-width: 300px) 100vw, 300px\" \/><\/a><a class=\"dt-pswp-item\" href=\"https:\/\/www.radiopiu.net\/wordpress\/wp-content\/uploads\/2024\/10\/486d838d-1aa7-4694-903e-d06e97dbc886.jpeg\" data-dt-img-description=\"\" data-large_image_width=\"1600\" data-large_image_height=\"1059\"><img loading=\"lazy\" decoding=\"async\" class=\"alignnone size-medium wp-image-415222\" src=\"https:\/\/www.radiopiu.net\/wordpress\/wp-content\/uploads\/2024\/10\/486d838d-1aa7-4694-903e-d06e97dbc886-300x199.jpeg\" alt=\"\" width=\"300\" height=\"199\" srcset=\"https:\/\/www.radiopiu.net\/wordpress\/wp-content\/uploads\/2024\/10\/486d838d-1aa7-4694-903e-d06e97dbc886-300x199.jpeg 300w, https:\/\/www.radiopiu.net\/wordpress\/wp-content\/uploads\/2024\/10\/486d838d-1aa7-4694-903e-d06e97dbc886-1024x678.jpeg 1024w, https:\/\/www.radiopiu.net\/wordpress\/wp-content\/uploads\/2024\/10\/486d838d-1aa7-4694-903e-d06e97dbc886-768x508.jpeg 768w, https:\/\/www.radiopiu.net\/wordpress\/wp-content\/uploads\/2024\/10\/486d838d-1aa7-4694-903e-d06e97dbc886-1536x1017.jpeg 1536w, https:\/\/www.radiopiu.net\/wordpress\/wp-content\/uploads\/2024\/10\/486d838d-1aa7-4694-903e-d06e97dbc886.jpeg 1600w\" sizes=\"auto, (max-width: 300px) 100vw, 300px\" \/><\/a><\/p>\n<p>&nbsp;<\/p>\n<hr \/>\n<p>&nbsp;<\/p>\n<blockquote><p><strong>Scoppia uno pneumatico: uomo finisce in ospedale<\/strong><\/p>\n<p><em>L&#8217;incidente\u00a0 a fine giornata lavorativa.<\/em><\/p><\/blockquote>\n<p><strong>FONZASO<\/strong>\u00a0 \u00a0Ieri, intorno alle 18, un 69enne di Belluno \u00e8 rimasto ferito a causa dello scoppio di uno pneumatico all&#8217;interno della sua autofficina. L&#8217;uomo ha riportato traumi di gravit\u00e0 moderata e le dinamiche dell&#8217;incidente sono ancora in fase di accertamento. Sul posto \u00e8 intervenuta prontamente un&#8217;ambulanza del Suem, che ha trasportato il ferito all&#8217;ospedale di Feltre per le prime cure e ulteriori accertamenti.<\/p>\n<p>&nbsp;<\/p>\n<hr \/>\n<p>&nbsp;<\/p>\n<p>&nbsp;<\/p>\n<p>&nbsp;<\/p>\n<blockquote>\n<h3>INFORTUNI SUL LAVORO IN CRESCITA. L&#8217;ULSS 1 DOLOMITI FA IL PUNTO IN VISTA DELLA SETTIMANA EUROPEA SULLA SICUREZZA E SALUTE SUL LAVORO<\/h3>\n<\/blockquote>\n<p><strong><a class=\"dt-pswp-item\" href=\"https:\/\/www.radiopiu.net\/wordpress\/wp-content\/uploads\/2024\/10\/a0219831-f03a-46bf-a239-ab04135c5c24-scaled.jpg\" data-dt-img-description=\"\" data-large_image_width=\"2560\" data-large_image_height=\"1920\"><img loading=\"lazy\" decoding=\"async\" class=\" wp-image-415196 alignleft\" src=\"https:\/\/www.radiopiu.net\/wordpress\/wp-content\/uploads\/2024\/10\/a0219831-f03a-46bf-a239-ab04135c5c24-300x225.jpg\" alt=\"\" width=\"155\" height=\"116\" srcset=\"https:\/\/www.radiopiu.net\/wordpress\/wp-content\/uploads\/2024\/10\/a0219831-f03a-46bf-a239-ab04135c5c24-300x225.jpg 300w, https:\/\/www.radiopiu.net\/wordpress\/wp-content\/uploads\/2024\/10\/a0219831-f03a-46bf-a239-ab04135c5c24-1024x768.jpg 1024w, https:\/\/www.radiopiu.net\/wordpress\/wp-content\/uploads\/2024\/10\/a0219831-f03a-46bf-a239-ab04135c5c24-768x576.jpg 768w, https:\/\/www.radiopiu.net\/wordpress\/wp-content\/uploads\/2024\/10\/a0219831-f03a-46bf-a239-ab04135c5c24-1536x1152.jpg 1536w, https:\/\/www.radiopiu.net\/wordpress\/wp-content\/uploads\/2024\/10\/a0219831-f03a-46bf-a239-ab04135c5c24-2048x1536.jpg 2048w\" sizes=\"auto, (max-width: 155px) 100vw, 155px\" \/><\/a>BELLUNO<\/strong> Torna a crescere in provincia il numero delle denunce di infortunio, dopo il calo del 2023; resta in media con gli ultimi anni invece il triste dato degli incidenti mortali. Questi i numeri principali forniti dall&#8217;Ulss 1 Dolomiti in vista dalla Settimana Europea per la sicurezza e la salute sul lavoro.<\/p>\n<p><strong>DI DANIELE DALVIT<\/strong><\/p>\n<audio class=\"wp-audio-shortcode\" id=\"audio-415078-10\" preload=\"none\" style=\"width: 100%;\" controls=\"controls\"><source type=\"audio\/mpeg\" src=\"https:\/\/www.radiopiu.net\/wordpress\/wp-content\/uploads\/2024\/10\/Servizio-Settimana-sicurezza-lavoro-2024.mp3?_=10\" \/><a href=\"https:\/\/www.radiopiu.net\/wordpress\/wp-content\/uploads\/2024\/10\/Servizio-Settimana-sicurezza-lavoro-2024.mp3\">https:\/\/www.radiopiu.net\/wordpress\/wp-content\/uploads\/2024\/10\/Servizio-Settimana-sicurezza-lavoro-2024.mp3<\/a><\/audio>\n<p>&nbsp;<\/p>\n<p>&nbsp;<\/p>\n<hr \/>\n<p>&nbsp;<\/p>\n<blockquote>\n<h1 class=\"_title post-title entry-title\"><a class=\"dt-pswp-item\" href=\"https:\/\/www.radiopiu.net\/wordpress\/wp-content\/uploads\/2023\/12\/ANTENNA.png\" data-dt-img-description=\"\" data-large_image_width=\"300\" data-large_image_height=\"166\"><img loading=\"lazy\" decoding=\"async\" class=\"wp-image-366306 alignleft\" src=\"https:\/\/www.radiopiu.net\/wordpress\/wp-content\/uploads\/2023\/12\/ANTENNA.png\" alt=\"\" width=\"195\" height=\"108\" \/><\/a>INFORTUNI SUL LAVORO: + 14,2% NEI PRIMI SETTE MESI DEL 2024<\/h1>\n<\/blockquote>\n<p>Intervistati GIANFRANCO ALBERTINI (DIRETTORE SPISAL ULSS 1 DOLOMITI), GIUSEPPE DAL BEN (COMMISSARIO ULSS 1 DOLOMITI) (Servizio di <a href=\"https:\/\/antennatre.medianordest.it\/redazione\/Tiziana-Bolognani\/\">Tiziana Bolognani<\/a>)<\/p>\n<p>&nbsp;<\/p>\n<p><iframe loading=\"lazy\" title=\"INFORTUNI SUL LAVORO: + 14,2% NEI PRIMI SETTE MESI DEL 2024 | 18\/10\/2024\" width=\"1200\" height=\"675\" src=\"https:\/\/www.youtube.com\/embed\/1B7mwwi-daI?feature=oembed\" frameborder=\"0\" allow=\"accelerometer; autoplay; clipboard-write; encrypted-media; gyroscope; picture-in-picture; web-share\" referrerpolicy=\"strict-origin-when-cross-origin\" allowfullscreen><\/iframe><\/p>\n<p>&nbsp;<\/p>\n<p>&nbsp;<\/p>\n<p>&nbsp;<\/p>\n<p>&nbsp;<\/p>\n<hr \/>\n<p>&nbsp;<\/p>\n<div class=\"flex-shrink-0 flex flex-col relative items-end\">\n<div>\n<div class=\"pt-0\">\n<div class=\"gizmo-bot-avatar flex h-8 w-8 items-center justify-center overflow-hidden rounded-full\">\n<div class=\"relative p-1 rounded-sm flex items-center justify-center bg-token-main-surface-primary text-token-text-primary h-8 w-8\"><\/div>\n<\/div>\n<\/div>\n<\/div>\n<\/div>\n<div class=\"group\/conversation-turn relative flex w-full min-w-0 flex-col agent-turn\">\n<div class=\"flex-col gap-1 md:gap-3\">\n<div class=\"flex max-w-full flex-col flex-grow\">\n<div class=\"min-h-8 text-message flex w-full flex-col items-end gap-2 whitespace-normal break-words [.text-message+&amp;]:mt-5\" dir=\"auto\" data-message-author-role=\"assistant\" data-message-id=\"23bbde2b-82c0-4648-a5cf-1542b6bef624\" data-message-model-slug=\"gpt-4o\">\n<div class=\"flex w-full flex-col gap-1 empty:hidden first:pt-[3px]\">\n<div class=\"markdown prose w-full break-words dark:prose-invert dark\">\n<blockquote><p><strong>Meteo: allarme Rai, idrovore in azione<\/strong><\/p><\/blockquote>\n<p><strong>ALPAGO <\/strong>\u00a0Ieri, l&#8217;esondazione del torrente Rai ha mobilitato le autorit\u00e0 locali. Le idrovore sono state attivate per abbassare il livello dell&#8217;acqua, evitando il peggio. Nessun paese \u00e8 stato evacuato e la situazione \u00e8 sotto controllo. Critici i punti di Puos e Bastia.<\/p>\n<\/div>\n<\/div>\n<\/div>\n<\/div>\n<\/div>\n<\/div>\n<p>&nbsp;<\/p>\n<p>&nbsp;<\/p>\n<hr \/>\n<p>&nbsp;<\/p>\n<p>&nbsp;<\/p>\n<blockquote>\n<h3>Gli impianti a fune sono il motore dell\u2019economia di montagna e presidio delle Terre alte<\/h3>\n<\/blockquote>\n<p><a class=\"dt-pswp-item\" href=\"https:\/\/www.radiopiu.net\/wordpress\/wp-content\/uploads\/2024\/10\/anef-8.jpeg\" data-dt-img-description=\"\" data-large_image_width=\"1200\" data-large_image_height=\"1600\"><img loading=\"lazy\" decoding=\"async\" class=\" wp-image-415237 alignleft\" src=\"https:\/\/www.radiopiu.net\/wordpress\/wp-content\/uploads\/2024\/10\/anef-8-225x300.jpeg\" alt=\"\" width=\"156\" height=\"209\" srcset=\"https:\/\/www.radiopiu.net\/wordpress\/wp-content\/uploads\/2024\/10\/anef-8-225x300.jpeg 225w, https:\/\/www.radiopiu.net\/wordpress\/wp-content\/uploads\/2024\/10\/anef-8-768x1024.jpeg 768w, https:\/\/www.radiopiu.net\/wordpress\/wp-content\/uploads\/2024\/10\/anef-8-1152x1536.jpeg 1152w, https:\/\/www.radiopiu.net\/wordpress\/wp-content\/uploads\/2024\/10\/anef-8.jpeg 1200w\" sizes=\"auto, (max-width: 156px) 100vw, 156px\" \/><\/a><strong>BOLZANO<\/strong> Durante l&#8217;Assemblea Generale ANEF a Bolzano, Valeria Ghezzi, presidente dell\u2019Associazione Nazionale Esercenti Funiviari, ha sottolineato il ruolo cruciale degli impianti a fune per l\u2019economia e la tutela delle aree montane. La montagna, ha affermato Ghezzi, non pu\u00f2 essere abbandonata: lo sci e le attivit\u00e0 legate agli impianti sono vitali per le comunit\u00e0 locali e per la loro sopravvivenza. La ricerca PwC Italia, presentata all\u2019Assemblea, ha confermato l\u2019impatto socio-economico positivo degli impianti, che generano un significativo indotto per alloggio, ristorazione e commercio nelle aree montane.<\/p>\n<p>Ghezzi ha inoltre ribadito l&#8217;importanza di investimenti in sostenibilit\u00e0 e innovazione per garantire la destagionalizzazione delle attivit\u00e0 e un futuro resiliente per le montagne italiane. Il ministro del Turismo, Daniela Santanch\u00e9, ha confermato l\u2019impegno del governo a supportare la montagna, riconoscendo la sua rilevanza strategica anche in vista delle Olimpiadi Milano-Cortina 2026. L&#8217;obiettivo \u00e8 rendere la montagna accessibile a tutti, garantendo sviluppo sostenibile per territorio e comunit\u00e0.<\/p>\n<p>&nbsp;<\/p>\n<blockquote class=\"wp-embedded-content\" data-secret=\"GC9w1Xxuxb\"><p><a href=\"https:\/\/www.radiopiu.net\/wordpress\/gli-impianti-a-fune-sono-il-motore-delleconomia-di-montagna-e-presidio-delle-terre-alte\/\">Gli impianti a fune sono il motore dell\u2019economia di montagna e presidio delle Terre alte<\/a><\/p><\/blockquote>\n<p><iframe loading=\"lazy\" class=\"wp-embedded-content\" sandbox=\"allow-scripts\" security=\"restricted\" style=\"position: absolute; visibility: hidden;\" title=\"&#8220;Gli impianti a fune sono il motore dell\u2019economia di montagna e presidio delle Terre alte&#8221; &#8212; Radio Pi\u00f9\" src=\"https:\/\/www.radiopiu.net\/wordpress\/gli-impianti-a-fune-sono-il-motore-delleconomia-di-montagna-e-presidio-delle-terre-alte\/embed\/#?secret=P7zDZKZ5Y9#?secret=GC9w1Xxuxb\" data-secret=\"GC9w1Xxuxb\" width=\"600\" height=\"338\" frameborder=\"0\" marginwidth=\"0\" marginheight=\"0\" scrolling=\"no\"><\/iframe><\/p>\n<hr \/>\n<p>&nbsp;<\/p>\n<blockquote>\n<h2>Dal 23 ottobre il nuovo bando per la rottamazione delle vecchie auto<\/h2>\n<\/blockquote>\n<blockquote>\n<p style=\"text-align: left;\"><em>L&#8217;assessore Bottacin: &#8220;Massima attenzione per il miglioramento dell\u2019aria e per le famiglie pi\u00f9 bisognose&#8221;<\/em><\/p>\n<\/blockquote>\n<p><strong>VENEZIA<\/strong> La Regione Veneto ha lanciato il nuovo bando per la rottamazione di veicoli inquinanti, con l\u2019obiettivo di favorire l\u2019acquisto di auto a basso impatto ambientale. Riservato a cittadini con un ISEE fino a 50mila euro, il contributo varia in base alle emissioni e alla situazione economica. Il bando, che mette a disposizione 7 milioni di euro, rester\u00e0 aperto fino al 20 dicembre 2024. La pubblicazione del bando sul BURV \u00e8 prevista nei prossimi giorni. Per maggiori informazioni \u00e8 possibile scrivere all&#8217;indirizzo mail bando.auto@ven.camcom.it o contattare il numero 041.0999444 (luned\u00ec e mercoled\u00ec dalle ore 10.00 alle ore 12.00).<\/p>\n<p><strong>AI MICROFONI DI RADIOPIU L&#8217;ASSESSORE GIANPAOLO BOTTACIN<\/strong><\/p>\n<div style=\"width: 848px;\" class=\"wp-video\"><video class=\"wp-video-shortcode\" id=\"video-415078-1\" width=\"848\" height=\"480\" preload=\"metadata\" controls=\"controls\"><source type=\"video\/mp4\" src=\"https:\/\/www.radiopiu.net\/wordpress\/wp-content\/uploads\/2024\/10\/WhatsApp-Video-2024-10-18-at-10.25.37.mp4?_=1\" \/><a href=\"https:\/\/www.radiopiu.net\/wordpress\/wp-content\/uploads\/2024\/10\/WhatsApp-Video-2024-10-18-at-10.25.37.mp4\">https:\/\/www.radiopiu.net\/wordpress\/wp-content\/uploads\/2024\/10\/WhatsApp-Video-2024-10-18-at-10.25.37.mp4<\/a><\/video><\/div>\n<p>&nbsp;<\/p>\n<p>&nbsp;<\/p>\n<p>&nbsp;<\/p>\n<hr \/>\n<p>&nbsp;<\/p>\n<blockquote>\n<h3>A BELLUNO LE CELEBRAZIONI PER I 70 ANNI DEL SOCCORSO ALPINO. GLI AUGURI DI ZAIA<\/h3>\n<\/blockquote>\n<p><strong><a class=\"dt-pswp-item\" href=\"https:\/\/www.radiopiu.net\/wordpress\/wp-content\/uploads\/2018\/08\/soccorsoalpino.jpg\" data-dt-img-description=\"\" data-large_image_width=\"1200\" data-large_image_height=\"1200\"><img loading=\"lazy\" decoding=\"async\" class=\" wp-image-59164 alignleft\" src=\"https:\/\/www.radiopiu.net\/wordpress\/wp-content\/uploads\/2018\/08\/soccorsoalpino-300x300.jpg\" alt=\"\" width=\"97\" height=\"97\" srcset=\"https:\/\/www.radiopiu.net\/wordpress\/wp-content\/uploads\/2018\/08\/soccorsoalpino-300x300.jpg 300w, https:\/\/www.radiopiu.net\/wordpress\/wp-content\/uploads\/2018\/08\/soccorsoalpino-150x150.jpg 150w, https:\/\/www.radiopiu.net\/wordpress\/wp-content\/uploads\/2018\/08\/soccorsoalpino-768x768.jpg 768w, https:\/\/www.radiopiu.net\/wordpress\/wp-content\/uploads\/2018\/08\/soccorsoalpino-1024x1024.jpg 1024w, https:\/\/www.radiopiu.net\/wordpress\/wp-content\/uploads\/2018\/08\/soccorsoalpino.jpg 1200w\" sizes=\"auto, (max-width: 97px) 100vw, 97px\" \/><\/a>VENEZIA<\/strong> Il presidente della Regione Veneto, Luca Zaia, celebra i 70 anni del Corpo Nazionale del Soccorso Alpino e Speleologico (CNSAS), esprimendo gratitudine per il loro impegno nel salvare vite umane, spesso a costo della propria. Ricorda con rispetto gli eroi del Falco, caduti 14 anni fa sulle montagne venete, e sottolinea l&#8217;importanza della montagna veneta nella nascita del Corpo, con 11 stazioni iniziali, 9 delle quali nel Bellunese. Zaia evidenzia il valore della solidariet\u00e0 tra la gente delle vallate alpine e invita a vivere la montagna con responsabilit\u00e0 e preparazione per evitare rischi.<\/p>\n<p>&nbsp;<\/p>\n<p>&nbsp;<\/p>\n<p>&nbsp;<\/p>\n<hr \/>\n<p>&nbsp;<\/p>\n<blockquote>\n<h1>Agordo Insieme chiede chiarimenti sui fatti accaduti al Pronto Soccorso<\/h1>\n<\/blockquote>\n<blockquote><p><em>Il gruppo di Minoranza sollecita un consiglio straordinario sulla sicurezza e il decoro urbano<\/em><\/p><\/blockquote>\n<p><strong><a class=\"dt-pswp-item\" href=\"https:\/\/www.radiopiu.net\/wordpress\/wp-content\/uploads\/2024\/10\/Senza-nome-86.png\" data-dt-img-description=\"\" data-large_image_width=\"785\" data-large_image_height=\"374\"><img loading=\"lazy\" decoding=\"async\" class=\"size-medium wp-image-415149 alignleft\" src=\"https:\/\/www.radiopiu.net\/wordpress\/wp-content\/uploads\/2024\/10\/Senza-nome-86-300x143.png\" alt=\"\" width=\"300\" height=\"143\" srcset=\"https:\/\/www.radiopiu.net\/wordpress\/wp-content\/uploads\/2024\/10\/Senza-nome-86-300x143.png 300w, https:\/\/www.radiopiu.net\/wordpress\/wp-content\/uploads\/2024\/10\/Senza-nome-86-768x366.png 768w, https:\/\/www.radiopiu.net\/wordpress\/wp-content\/uploads\/2024\/10\/Senza-nome-86.png 785w\" sizes=\"auto, (max-width: 300px) 100vw, 300px\" \/><\/a>AGORDO\u00a0<\/strong> Durante il consiglio comunale del 16 ottobre 2024, il gruppo di Minoranza Agordo Insieme ha sollevato il delicato tema dei recenti fatti di cronaca avvenuti al Pronto Soccorso di Agordo. Il gruppo ha richiesto un dibattito approfondito e un consiglio straordinario per discutere la sicurezza e il decoro urbano della citt\u00e0, coinvolgendo la popolazione. <em>&#8220;Abbiamo\u00a0 proposto il dibattimento immediato della questione, concessoci, non senza qualche reticenza, da parte della maggioranza. Contestualmente abbiamo ufficializzato la richiesta di convocazione di un consiglio straordinario ad hoc che affronti e discuta il tema della Sicurezza e del decoro urbano di Agordo&#8221;.<\/em><\/p>\n<p>&nbsp;<\/p>\n<p><span style=\"color: #ff0000;\"><strong>AUDIO DEL DIBATTITO, RADIOPIU<\/strong><\/span><\/p>\n<audio class=\"wp-audio-shortcode\" id=\"audio-415078-11\" preload=\"none\" style=\"width: 100%;\" controls=\"controls\"><source type=\"audio\/mpeg\" src=\"https:\/\/www.radiopiu.net\/wordpress\/wp-content\/uploads\/2024\/10\/DIBATTITO-SICUREZZA.mp3?_=11\" \/><a href=\"https:\/\/www.radiopiu.net\/wordpress\/wp-content\/uploads\/2024\/10\/DIBATTITO-SICUREZZA.mp3\">https:\/\/www.radiopiu.net\/wordpress\/wp-content\/uploads\/2024\/10\/DIBATTITO-SICUREZZA.mp3<\/a><\/audio>\n<p>&nbsp;<\/p>\n<p><em><a class=\"dt-pswp-item\" href=\"https:\/\/www.radiopiu.net\/wordpress\/wp-content\/uploads\/2024\/10\/Senzsa-nome.png\" data-dt-img-description=\"\" data-large_image_width=\"419\" data-large_image_height=\"277\"><img loading=\"lazy\" decoding=\"async\" class=\"wp-image-415150 alignleft\" src=\"https:\/\/www.radiopiu.net\/wordpress\/wp-content\/uploads\/2024\/10\/Senzsa-nome-300x198.png\" alt=\"\" width=\"200\" height=\"132\" srcset=\"https:\/\/www.radiopiu.net\/wordpress\/wp-content\/uploads\/2024\/10\/Senzsa-nome-300x198.png 300w, https:\/\/www.radiopiu.net\/wordpress\/wp-content\/uploads\/2024\/10\/Senzsa-nome.png 419w\" sizes=\"auto, (max-width: 200px) 100vw, 200px\" \/><\/a>\u201cCome gruppo consiliare, riteniamo che I fatti di cronaca negli ultimi giorni debbano essere analizzati a fondo. E\u2019 compito dell\u2019Amministrazione e del Sindaco in prima persona,\u00a0 farsi carico di una situazione di tale portata, arrivata al culmine domenica scorsa, ma che gi\u00e0 da tempo affligge il nostro paese, e non nascondere la testa sotto la sabbia. Certamente sono situazioni delicate e scomode, che vanno affrontate con la dovizia di particolari e con la dettagliata analisi che la faccenda richiede, ma le persone che ci hanno votato si aspettano una giusta e pronta risposta dalle istituzioni, per le quali siamo chiamati a fare da tramite.<\/em><\/p>\n<p>&nbsp;<\/p>\n<hr \/>\n<p>&nbsp;<\/p>\n<blockquote>\n<h2>Sicurezza ad Agordo: timori crescenti e richieste di trasparenza<\/h2>\n<\/blockquote>\n<blockquote><p><em><img loading=\"lazy\" decoding=\"async\" class=\"alignleft\" src=\"https:\/\/www.radiopiu.net\/wordpress\/wp-content\/uploads\/2024\/03\/chiesa-agordo.jpg\" width=\"237\" height=\"133\" \/>Cittadini preoccupati chiedono maggiori azioni e comunicazione tra amministrazione e forze dell&#8217;ordine<\/em><\/p><\/blockquote>\n<div class=\"group\/conversation-turn relative flex w-full min-w-0 flex-col agent-turn\">\n<div class=\"flex-col gap-1 md:gap-3\">\n<div class=\"flex max-w-full flex-col flex-grow\">\n<div class=\"min-h-8 text-message flex w-full flex-col items-end gap-2 whitespace-normal break-words [.text-message+&amp;]:mt-5\" dir=\"auto\" data-message-author-role=\"assistant\" data-message-id=\"7b70358e-10d3-4a34-9955-4c0fde4e551c\" data-message-model-slug=\"gpt-4o\">\n<div class=\"flex w-full flex-col gap-1 empty:hidden first:pt-[3px]\">\n<div class=\"markdown prose w-full break-words dark:prose-invert dark\">\n<p><strong>AGORDO <\/strong>In seguito ai recenti fatti di cronaca che hanno coinvolto il Pronto Soccorso di Agordo, emergono sempre pi\u00f9 testimonianze di cittadini preoccupati per la sicurezza del centro cittadino. Tra queste, una residente ha raccontato di essere stata verbalmente aggredita, un episodio che ha aumentato il suo senso di insicurezza. <em>&#8220;La trasparenza tra il sindaco e le forze dell&#8217;ordine \u00e8 fondamentale \u2013 afferma la residente \u2013 perch\u00e9 molti di noi vivono nella paura. Ogni volta che salgo in macchina, mi guardo attorno pi\u00f9 volte, temendo che possano aggredirmi. Sono ovunque e temo per me, per le attivit\u00e0 del centro e per i nostri bambini&#8221;. <\/em>Lo sfogo, riflette il crescente malessere nella comunit\u00e0 agordina. Il desiderio di un&#8217;azione concreta \u00e8 forte, e molti sperano in interventi risolutivi da parte delle autorit\u00e0.<\/p>\n<\/div>\n<\/div>\n<\/div>\n<\/div>\n<\/div>\n<\/div>\n<p>&nbsp;<\/p>\n<p>&nbsp;<\/p>\n<hr \/>\n<p>&nbsp;<\/p>\n<blockquote>\n<h3>IL CONSIGLIO COMUNALE DI FALCADE<\/h3>\n<\/blockquote>\n<p><strong>FALCADE\u00a0<\/strong>Consiglio comunale a Falcade. Sei punti da trattare tra cui la fusione di Bim Infrastrutture e Bim Gestione servizi Pubblici , una variazione a bilancio, la convenzione per la gestione associata del segretario comunale e il mutamento temporaneo di una porzione di terreni in loclit\u00e0 Laresei e Le Buse per l\u2019ampliamento della pista da sci<\/p>\n<p><strong>PROBLEMA BOSTRICO, IN ATTESA DI ULTERIORI VERIFICHE CAPITOLO CHE ASSICURA LA PRESENZA DEL PROFESSIONISTA<\/strong><\/p>\n<p><strong>4026 EURO PER IL CENTRO BENESSERE.. MAI REALIZZATO<\/strong><\/p>\n<p><strong>LA DIRETTA RADIO PIU&#8217;<\/strong><\/p>\n<p><iframe loading=\"lazy\" title=\"Consiglio Comunale di Falcade - 18 ottobre 2024\" width=\"1200\" height=\"900\" src=\"https:\/\/www.youtube.com\/embed\/FOLT3NXY78s?feature=oembed\" frameborder=\"0\" allow=\"accelerometer; autoplay; clipboard-write; encrypted-media; gyroscope; picture-in-picture; web-share\" referrerpolicy=\"strict-origin-when-cross-origin\" allowfullscreen><\/iframe><\/p>\n<p>&nbsp;<\/p>\n<hr \/>\n<p>&nbsp;<\/p>\n<p>&nbsp;<\/p>\n<blockquote>\n<h2>IL FOLLADOR AL 2\u00b0 MEETING DELLE SCUOLE MINERARIE D\u2019ITALIA<\/h2>\n<\/blockquote>\n<p><strong><a class=\"dt-pswp-item\" href=\"https:\/\/www.radiopiu.net\/wordpress\/wp-content\/uploads\/2024\/10\/bd22c06f-88e8-4929-a74f-006048e13bbf.jpg\" data-dt-img-description=\"\" data-large_image_width=\"1600\" data-large_image_height=\"1200\"><img loading=\"lazy\" decoding=\"async\" class=\"size-medium wp-image-415145 alignleft\" src=\"https:\/\/www.radiopiu.net\/wordpress\/wp-content\/uploads\/2024\/10\/bd22c06f-88e8-4929-a74f-006048e13bbf-300x225.jpg\" alt=\"\" width=\"300\" height=\"225\" srcset=\"https:\/\/www.radiopiu.net\/wordpress\/wp-content\/uploads\/2024\/10\/bd22c06f-88e8-4929-a74f-006048e13bbf-300x225.jpg 300w, https:\/\/www.radiopiu.net\/wordpress\/wp-content\/uploads\/2024\/10\/bd22c06f-88e8-4929-a74f-006048e13bbf-1024x768.jpg 1024w, https:\/\/www.radiopiu.net\/wordpress\/wp-content\/uploads\/2024\/10\/bd22c06f-88e8-4929-a74f-006048e13bbf-768x576.jpg 768w, https:\/\/www.radiopiu.net\/wordpress\/wp-content\/uploads\/2024\/10\/bd22c06f-88e8-4929-a74f-006048e13bbf-1536x1152.jpg 1536w, https:\/\/www.radiopiu.net\/wordpress\/wp-content\/uploads\/2024\/10\/bd22c06f-88e8-4929-a74f-006048e13bbf.jpg 1600w\" sizes=\"auto, (max-width: 300px) 100vw, 300px\" \/><\/a>AGORDO<\/strong> Si chiuder\u00e0 oggi, ad Iglesias il 2\u00b0 Meeting Nazionale delle Scuole Minerarie d\u2019Italia, incentrato sul tema \u201cLa scuola, le aziende e la Ricerca\u201d, al quale sta partecipando anche una delegazione del \u201cFollador-De Rossi\u201d composta dagli studenti della classe Quinta accompagnata da alcuni insegnanti. Gli studenti, in questi giorni, hanno potuto conoscere la storia mineraria di Iglesias e del suo territorio, potendola confrontare con quanto accaduto nella vallata agordina con particolare riferimento al ruolo economico e sociale che ebbe il sito di Valle Imperina. L\u2019incontro con esperiti del settore industriale e della ricerca ha consentito loro di approfondire il ruolo del Corso Geotecnici e della formazione, alla luce del panorama di ricerca e attivit\u00e0 estrattiva del mondo contemporaneo. Da segnalare che alle scuole partecipanti \u00e8 stata anche offerta un\u2019occasione per conoscere pi\u00f9 da vicino la \u201cStoria e le cause della frana del Vajont\u201d, proposta che \u00e8 stata affidata al prof. Danilo Giordano, stimato insegnante della nostra scuola, che nonostante il recente pensionamento ha mantenuto i legami e la collaborazione con l\u2019indirizzo geotecnico.<\/p>\n<p>grazie per la collaborazione al prof. Piergiorgio De Bastiani ;IIS Follador_De Rossi<\/p>\n<blockquote>\n<h2>saline nella laguna di Santa Gilla<\/h2>\n<\/blockquote>\n<p><a class=\"dt-pswp-item\" href=\"https:\/\/www.radiopiu.net\/wordpress\/wp-content\/uploads\/2024\/10\/75a3f8ac-fc95-4dca-8405-bc8a379887d9.jpg\" data-dt-img-description=\"\" data-large_image_width=\"1600\" data-large_image_height=\"1200\"><img loading=\"lazy\" decoding=\"async\" class=\"alignnone size-medium wp-image-415146\" src=\"https:\/\/www.radiopiu.net\/wordpress\/wp-content\/uploads\/2024\/10\/75a3f8ac-fc95-4dca-8405-bc8a379887d9-300x225.jpg\" alt=\"\" width=\"300\" height=\"225\" srcset=\"https:\/\/www.radiopiu.net\/wordpress\/wp-content\/uploads\/2024\/10\/75a3f8ac-fc95-4dca-8405-bc8a379887d9-300x225.jpg 300w, https:\/\/www.radiopiu.net\/wordpress\/wp-content\/uploads\/2024\/10\/75a3f8ac-fc95-4dca-8405-bc8a379887d9-1024x768.jpg 1024w, https:\/\/www.radiopiu.net\/wordpress\/wp-content\/uploads\/2024\/10\/75a3f8ac-fc95-4dca-8405-bc8a379887d9-768x576.jpg 768w, https:\/\/www.radiopiu.net\/wordpress\/wp-content\/uploads\/2024\/10\/75a3f8ac-fc95-4dca-8405-bc8a379887d9-1536x1152.jpg 1536w, https:\/\/www.radiopiu.net\/wordpress\/wp-content\/uploads\/2024\/10\/75a3f8ac-fc95-4dca-8405-bc8a379887d9.jpg 1600w\" sizes=\"auto, (max-width: 300px) 100vw, 300px\" \/><\/a><a class=\"dt-pswp-item\" href=\"https:\/\/www.radiopiu.net\/wordpress\/wp-content\/uploads\/2024\/10\/b1c96c68-4448-4a35-b4f3-c74ce7ced429.jpg\" data-dt-img-description=\"\" data-large_image_width=\"1600\" data-large_image_height=\"1200\"><img loading=\"lazy\" decoding=\"async\" class=\"alignnone size-medium wp-image-415144\" src=\"https:\/\/www.radiopiu.net\/wordpress\/wp-content\/uploads\/2024\/10\/b1c96c68-4448-4a35-b4f3-c74ce7ced429-300x225.jpg\" alt=\"\" width=\"300\" height=\"225\" srcset=\"https:\/\/www.radiopiu.net\/wordpress\/wp-content\/uploads\/2024\/10\/b1c96c68-4448-4a35-b4f3-c74ce7ced429-300x225.jpg 300w, https:\/\/www.radiopiu.net\/wordpress\/wp-content\/uploads\/2024\/10\/b1c96c68-4448-4a35-b4f3-c74ce7ced429-1024x768.jpg 1024w, https:\/\/www.radiopiu.net\/wordpress\/wp-content\/uploads\/2024\/10\/b1c96c68-4448-4a35-b4f3-c74ce7ced429-768x576.jpg 768w, https:\/\/www.radiopiu.net\/wordpress\/wp-content\/uploads\/2024\/10\/b1c96c68-4448-4a35-b4f3-c74ce7ced429-1536x1152.jpg 1536w, https:\/\/www.radiopiu.net\/wordpress\/wp-content\/uploads\/2024\/10\/b1c96c68-4448-4a35-b4f3-c74ce7ced429.jpg 1600w\" sizes=\"auto, (max-width: 300px) 100vw, 300px\" \/><\/a><\/p>\n<p>&nbsp;<\/p>\n<hr \/>\n<p>&nbsp;<\/p>\n<blockquote>\n<h3>OSTERIE D&#8217;ITALIA PREMIA TRE REALTA&#8217; BELLUNESI<\/h3>\n<\/blockquote>\n<p><img loading=\"lazy\" decoding=\"async\" class=\"alignleft\" src=\"https:\/\/www.radiopiu.net\/wordpress\/wp-content\/uploads\/2021\/11\/ALLE-CODOLE.jpg\" width=\"190\" height=\"142\" \/>La ristorazione bellunese continua a brillare, ricevendo prestigiosi riconoscimenti nella nuova edizione di <em>Osterie d&#8217;Italia 2025<\/em> di Slow Food. Sono 14 i locali inseriti nella celebre guida gastronomica, con tre di essi insigniti del premio Chiocciola per l\u2019eccellenza.<\/p>\n<blockquote>\n<h3>Veneto | 19 Chiocciole<\/h3>\n<\/blockquote>\n<p>Laita La Contrada del Gusto \u2013 Altissimo (VI) Zamboni \u2013 Arcugnano (VI) <span style=\"color: #ff0000;\"><strong>Alle Codole \u2013 Canale d\u2019Agordo (BL) (foto) <\/strong><\/span>Pironetomosca \u2013 Castelfranco Veneto (TV) La Muda di San Boldo \u2013 Cison di Valmarino (TV) Enoteca della Valpolicella \u2013 Fumane (VR) Locanda Aurilia \u2013 Loreggia (PD) Al Ponte <a class=\"dt-pswp-item\" href=\"https:\/\/www.radiopiu.net\/wordpress\/wp-content\/uploads\/2020\/05\/RISTORANTE-TABIA-FEDER.png\" data-dt-img-description=\"\" data-large_image_width=\"1554\" data-large_image_height=\"1388\"><img loading=\"lazy\" decoding=\"async\" class=\" wp-image-140501 alignright\" src=\"https:\/\/www.radiopiu.net\/wordpress\/wp-content\/uploads\/2020\/05\/RISTORANTE-TABIA-FEDER-300x268.png\" alt=\"\" width=\"221\" height=\"197\" srcset=\"https:\/\/www.radiopiu.net\/wordpress\/wp-content\/uploads\/2020\/05\/RISTORANTE-TABIA-FEDER-300x268.png 300w, https:\/\/www.radiopiu.net\/wordpress\/wp-content\/uploads\/2020\/05\/RISTORANTE-TABIA-FEDER-1024x915.png 1024w, https:\/\/www.radiopiu.net\/wordpress\/wp-content\/uploads\/2020\/05\/RISTORANTE-TABIA-FEDER-768x686.png 768w, https:\/\/www.radiopiu.net\/wordpress\/wp-content\/uploads\/2020\/05\/RISTORANTE-TABIA-FEDER-1536x1372.png 1536w, https:\/\/www.radiopiu.net\/wordpress\/wp-content\/uploads\/2020\/05\/RISTORANTE-TABIA-FEDER.png 1554w\" sizes=\"auto, (max-width: 221px) 100vw, 221px\" \/><\/a>\u2013 Lusia (RO) Madonnetta \u2013 Marostica (VI) Il Sogno \u2013 Mirano (VE) Da Paeto \u2013 Pianiga (VE) Arcadia \u2013 Porto Tolle (RO) Al Forno \u2013 Refrontolo (TV) Antica Trattoria al Bosco \u2013 Saonara (PD) <span style=\"color: #ff0000;\"><strong>San Siro \u2013 Seren del Grappa (BL) <\/strong><\/span>Da Doro \u2013 Solagna (VI) Isetta \u2013 Val Liona (VI) Osteria Bertoliana \u2013 Vicenza (VI) <span style=\"color: #ff0000;\"><strong>Il Capriolino \u2013 Vodo di Cadore (BL)<\/strong><\/span><\/p>\n<p>I locali segnalati dalla guida Trattoria Rifugio Carota in Alpago e a Chies la Locanda San Martino.<span style=\"color: #ff0000;\"> Ristorante Tabi\u00e0 a\u00a0 Feder di Canale d&#8217;Agordo (foto)<\/span>. Agriturismo Boton d&#8217;oro e il rifugio De Doo, entrambi in comune di San Nicol\u00f2 Comelico. Ristorante Al Peden Valmorel\u00a0<span style=\"color: #ff0000;\"> Ristorante Alla Stanga-Sedico <\/span>Agriturismo ai Lares Auronzo, Cinzia a Borca, La Favorita a Lozzo e il ristorante Alpino a Vodo.<\/p>\n<p>&nbsp;<\/p>\n<p>&nbsp;<\/p>\n<hr \/>\n<p>&nbsp;<\/p>\n<blockquote>\n<h3><a class=\"dt-pswp-item\" href=\"https:\/\/www.radiopiu.net\/wordpress\/wp-content\/uploads\/2024\/10\/085d333b-de43-43cb-941a-1cee5dd74d02.jpg\" data-dt-img-description=\"\" data-large_image_width=\"930\" data-large_image_height=\"505\"><img loading=\"lazy\" decoding=\"async\" class=\" wp-image-415218 alignleft\" src=\"https:\/\/www.radiopiu.net\/wordpress\/wp-content\/uploads\/2024\/10\/085d333b-de43-43cb-941a-1cee5dd74d02-300x163.jpg\" alt=\"\" width=\"223\" height=\"121\" srcset=\"https:\/\/www.radiopiu.net\/wordpress\/wp-content\/uploads\/2024\/10\/085d333b-de43-43cb-941a-1cee5dd74d02-300x163.jpg 300w, https:\/\/www.radiopiu.net\/wordpress\/wp-content\/uploads\/2024\/10\/085d333b-de43-43cb-941a-1cee5dd74d02-768x417.jpg 768w, https:\/\/www.radiopiu.net\/wordpress\/wp-content\/uploads\/2024\/10\/085d333b-de43-43cb-941a-1cee5dd74d02.jpg 930w\" sizes=\"auto, (max-width: 223px) 100vw, 223px\" \/><\/a>APRONO I CANTIERI ALLA VARIANTE DI CORTINA<\/h3>\n<\/blockquote>\n<p><strong>PER LE TRE RADIO BARBARA PAOLAZZI<\/strong><\/p>\n<audio class=\"wp-audio-shortcode\" id=\"audio-415078-12\" preload=\"none\" style=\"width: 100%;\" controls=\"controls\"><source type=\"audio\/mpeg\" src=\"https:\/\/www.radiopiu.net\/wordpress\/wp-content\/uploads\/2024\/10\/PAOLAZZI-CANTIERI-VARIANTE-DI-CORTINA.mp3?_=12\" \/><a href=\"https:\/\/www.radiopiu.net\/wordpress\/wp-content\/uploads\/2024\/10\/PAOLAZZI-CANTIERI-VARIANTE-DI-CORTINA.mp3\">https:\/\/www.radiopiu.net\/wordpress\/wp-content\/uploads\/2024\/10\/PAOLAZZI-CANTIERI-VARIANTE-DI-CORTINA.mp3<\/a><\/audio>\n<p>&nbsp;<\/p>\n<hr \/>\n<p>&nbsp;<\/p>\n<blockquote>\n<h3>UN TAVOLO PERMANENTE PER L&#8217;AGRICOLTURA<\/h3>\n<\/blockquote>\n<p><strong><a class=\"dt-pswp-item\" href=\"https:\/\/www.radiopiu.net\/wordpress\/wp-content\/uploads\/2024\/02\/SILVIA-CALLIGARO.jpg\" data-dt-img-description=\"\" data-large_image_width=\"2560\" data-large_image_height=\"1341\"><img loading=\"lazy\" decoding=\"async\" class=\" wp-image-376702 alignleft\" src=\"https:\/\/www.radiopiu.net\/wordpress\/wp-content\/uploads\/2024\/02\/SILVIA-CALLIGARO-300x157.jpg\" alt=\"\" width=\"182\" height=\"95\" srcset=\"https:\/\/www.radiopiu.net\/wordpress\/wp-content\/uploads\/2024\/02\/SILVIA-CALLIGARO-300x157.jpg 300w, https:\/\/www.radiopiu.net\/wordpress\/wp-content\/uploads\/2024\/02\/SILVIA-CALLIGARO-1024x536.jpg 1024w, https:\/\/www.radiopiu.net\/wordpress\/wp-content\/uploads\/2024\/02\/SILVIA-CALLIGARO-768x402.jpg 768w, https:\/\/www.radiopiu.net\/wordpress\/wp-content\/uploads\/2024\/02\/SILVIA-CALLIGARO-1536x805.jpg 1536w, https:\/\/www.radiopiu.net\/wordpress\/wp-content\/uploads\/2024\/02\/SILVIA-CALLIGARO-2048x1073.jpg 2048w\" sizes=\"auto, (max-width: 182px) 100vw, 182px\" \/><\/a>BELLUNO<\/strong> La vice presidente della Provincia di Belluno, Silvia Calligaro, elogia l&#8217;iniziativa di Coldiretti Belluno di creare una consulta per l&#8217;agricoltura di montagna, sottolineando l&#8217;importanza di questo settore per il territorio. Calligaro ricorda che l&#8217;agricoltura montana ha sfide e potenzialit\u00e0 uniche, e che gli agricoltori non solo lavorano la terra, ma contribuiscono anche a mantenere l&#8217;ambiente curato, aspetto fondamentale per altri settori come il turismo. La Provincia, consapevole di questo, ha avviato un tavolo permanente di confronto con le associazioni agricole e sostiene il settore primario anche attraverso azioni come il controllo della fauna selvatica.<\/p>\n<p><strong>SILVIA CALLIGARO, VICE PRESIDENTE DELLA PROVINCIA DI BELLUNO<\/strong><\/p>\n<audio class=\"wp-audio-shortcode\" id=\"audio-415078-13\" preload=\"none\" style=\"width: 100%;\" controls=\"controls\"><source type=\"audio\/mpeg\" src=\"https:\/\/www.radiopiu.net\/wordpress\/wp-content\/uploads\/2024\/10\/calligaro.mp3?_=13\" \/><a href=\"https:\/\/www.radiopiu.net\/wordpress\/wp-content\/uploads\/2024\/10\/calligaro.mp3\">https:\/\/www.radiopiu.net\/wordpress\/wp-content\/uploads\/2024\/10\/calligaro.mp3<\/a><\/audio>\n<p>&nbsp;<\/p>\n<hr \/>\n<p>&nbsp;<\/p>\n<blockquote>\n<h3>OSCAR DE BONA CONFERMATO PRESIDENT UNAIE<\/h3>\n<\/blockquote>\n<p><strong><a class=\"dt-pswp-item\" href=\"https:\/\/www.radiopiu.net\/wordpress\/wp-content\/uploads\/2024\/10\/oscar-de-bona.jpeg\" data-dt-img-description=\"\" data-large_image_width=\"2016\" data-large_image_height=\"1134\"><img loading=\"lazy\" decoding=\"async\" class=\"wp-image-415188 alignright\" src=\"https:\/\/www.radiopiu.net\/wordpress\/wp-content\/uploads\/2024\/10\/oscar-de-bona-300x169.jpeg\" alt=\"\" width=\"172\" height=\"97\" srcset=\"https:\/\/www.radiopiu.net\/wordpress\/wp-content\/uploads\/2024\/10\/oscar-de-bona-300x169.jpeg 300w, https:\/\/www.radiopiu.net\/wordpress\/wp-content\/uploads\/2024\/10\/oscar-de-bona-1024x576.jpeg 1024w, https:\/\/www.radiopiu.net\/wordpress\/wp-content\/uploads\/2024\/10\/oscar-de-bona-768x432.jpeg 768w, https:\/\/www.radiopiu.net\/wordpress\/wp-content\/uploads\/2024\/10\/oscar-de-bona-1536x864.jpeg 1536w, https:\/\/www.radiopiu.net\/wordpress\/wp-content\/uploads\/2024\/10\/oscar-de-bona.jpeg 2016w\" sizes=\"auto, (max-width: 172px) 100vw, 172px\" \/><\/a>TRENTO <\/strong>Ieri all\u2019hotel &#8220;Monte Bondone&#8221; di Trento, si \u00e8 svolta l\u2019assemblea annuale dell&#8217;UNAIE (Unione Nazionale Associazioni Immigrati ed Emigrati). L&#8217;evento ha visto la riconferma all\u2019unanimit\u00e0 di Oscar De Bona come presidente per il prossimo triennio. De Bona, gi\u00e0 presidente dell&#8217;Associazione Bellunesi nel Mondo, ha presentato la relazione morale, tracciando un bilancio delle attivit\u00e0 svolte negli ultimi tre anni e delineando le sfide future. Accanto a De Bona, il direttivo \u00e8 stato cos\u00ec composto: Vice Presidente Vicario Antonino Rodaro (Trentini nel mondo), Vice Presidente Luigi Papais (Friuli nel mondo); Direttivo: Franco Conte (Trevisani nel mondo), Giorgio Perini (Giuliani nel mondo), Sebastiano d\u2019Angelo \u2013 tesoriere (Ragusani nel mondo), Stefano Veronese (Vicentini nel mondo); Probiviri: Nicola Stivala (Gente Camuna), Mauro Verones (Famiglie Trentine), Luciana Gen\u00e8ro (Piemontesi nel mondo); Revisori: Dario Olivier (Unteis), Dario Locchi (Giuliani nel mondo), Salvatore Brin (Ragusani nel mondo).<\/p>\n<p>&nbsp;<\/p>\n<p>&nbsp;<\/p>\n<hr \/>\n<p>&nbsp;<\/p>\n<blockquote>\n<h3>UN PROGETTO DI VENETO WELFARE E SOLIDARIETA&#8217; VENETO<\/h3>\n<\/blockquote>\n<p><strong>VENEZIA<\/strong> Veneto Welfare, in collaborazione con Solidariet\u00e0 Veneto, promuove il progetto &#8220;Sii previdente, proteggi i tuoi sogni&#8221; per diffondere l&#8217;educazione finanziaria tra gli studenti delle scuole professionali e tecniche del Veneto. L&#8217;obiettivo \u00e8 formare i giovani su temi come il sistema previdenziale italiano, la previdenza complementare e le soluzioni di investimento, per renderli pi\u00f9 consapevoli delle sfide future. Il progetto include incontri di due ore presso le scuole, con strumenti interattivi e casi pratici. Gli studenti riceveranno anche una guida sulla previdenza complementare. Le scuole interessate possono aderire entro il 25 ottobre 2024, mentre le attivit\u00e0 inizieranno a gennaio 2025.<\/p>\n<p>&nbsp;<\/p>\n<p>&nbsp;<\/p>\n<hr \/>\n<p>&nbsp;<\/p>\n<blockquote>\n<h3>LA SETTIMANA DELLA SOSTENIBILITA&#8217;<\/h3>\n<\/blockquote>\n<p><strong><a class=\"dt-pswp-item\" href=\"https:\/\/www.radiopiu.net\/wordpress\/wp-content\/uploads\/2022\/07\/CONFARTIGIANATO.png\" data-dt-img-description=\"\" data-large_image_width=\"1001\" data-large_image_height=\"431\"><img loading=\"lazy\" decoding=\"async\" class=\" wp-image-288229 alignleft\" src=\"https:\/\/www.radiopiu.net\/wordpress\/wp-content\/uploads\/2022\/07\/CONFARTIGIANATO-300x129.png\" alt=\"\" width=\"137\" height=\"59\" srcset=\"https:\/\/www.radiopiu.net\/wordpress\/wp-content\/uploads\/2022\/07\/CONFARTIGIANATO-300x129.png 300w, https:\/\/www.radiopiu.net\/wordpress\/wp-content\/uploads\/2022\/07\/CONFARTIGIANATO-768x331.png 768w, https:\/\/www.radiopiu.net\/wordpress\/wp-content\/uploads\/2022\/07\/CONFARTIGIANATO.png 1001w\" sizes=\"auto, (max-width: 137px) 100vw, 137px\" \/><\/a>BELLUNO<\/strong> Dal 21 al 27 ottobre 2024, Confartigianato organizza la seconda edizione della &#8220;Settimana per l\u2019Energia e la Sostenibilit\u00e0&#8221;, un&#8217;iniziativa nazionale che sensibilizza imprese e cittadini sulle sfide della transizione ecologica. Claudia Scarzanella, presidente di Confartigianato Belluno, sottolinea l&#8217;importanza del ruolo delle associazioni nel supportare le imprese verso un futuro sostenibile. Il 23 ottobre, Confartigianato Belluno organizza un evento sull\u2019edilizia sostenibile, parte del progetto Interreg Italia-Austria &#8220;SUSMAT&#8221;, che promuove la riqualificazione green degli edifici montani. Interverranno esperti per discutere normative e opportunit\u00e0 legate alla sostenibilit\u00e0 edilizia e alle politiche europee come il Green Deal.<\/p>\n<p>&nbsp;<\/p>\n<p>&nbsp;<\/p>\n<hr \/>\n<p>&nbsp;<\/p>\n<blockquote>\n<h3>IL VOLONTARIATO BELLUNESE IN PRIMA LINEA CON IL COMITATO D&#8217;INTESA<\/h3>\n<\/blockquote>\n<p><strong><a class=\"dt-pswp-item\" href=\"https:\/\/www.radiopiu.net\/wordpress\/wp-content\/uploads\/2023\/01\/COMITATO-INTESA-BELLUNO.png\" data-dt-img-description=\"\" data-large_image_width=\"1923\" data-large_image_height=\"1225\"><img loading=\"lazy\" decoding=\"async\" class=\" wp-image-316402 alignleft\" src=\"https:\/\/www.radiopiu.net\/wordpress\/wp-content\/uploads\/2023\/01\/COMITATO-INTESA-BELLUNO-300x191.png\" alt=\"\" width=\"173\" height=\"110\" srcset=\"https:\/\/www.radiopiu.net\/wordpress\/wp-content\/uploads\/2023\/01\/COMITATO-INTESA-BELLUNO-300x191.png 300w, https:\/\/www.radiopiu.net\/wordpress\/wp-content\/uploads\/2023\/01\/COMITATO-INTESA-BELLUNO-1024x652.png 1024w, https:\/\/www.radiopiu.net\/wordpress\/wp-content\/uploads\/2023\/01\/COMITATO-INTESA-BELLUNO-768x489.png 768w, https:\/\/www.radiopiu.net\/wordpress\/wp-content\/uploads\/2023\/01\/COMITATO-INTESA-BELLUNO-1536x978.png 1536w, https:\/\/www.radiopiu.net\/wordpress\/wp-content\/uploads\/2023\/01\/COMITATO-INTESA-BELLUNO.png 1923w\" sizes=\"auto, (max-width: 173px) 100vw, 173px\" \/><\/a>BELLUNO<\/strong> Il Comitato d&#8217;Intesa celebra la terza edizione dei premi &#8220;Arrigoni&#8221; e &#8220;Bristot&#8221; e delle menzioni speciali &#8220;Da Rold&#8221; e &#8220;B\u00e4rlocher&#8221;, per onorare enti del Terzo settore bellunesi e personalit\u00e0 del volontariato. Il premio &#8220;Arrigoni&#8221; va all&#8217;associazione Spazio Amico, noi ci siamo OdV, per il suo impegno nel riuso e nella solidariet\u00e0. La menzione &#8220;Da Rold&#8221; premia Aitsam Belluno OdV e Tutti in Campo OdV di Feltre per il loro lavoro innovativo nel campo della salute mentale. Il premio &#8220;Bristot&#8221; riconosce Gianfranco Cason come volontario dell&#8217;anno per il suo costante impegno nell&#8217;associazione Noi con Voi. La menzione &#8220;B\u00e4rlocher&#8221; \u00e8 assegnata ad Anna Maria Gonano per il suo supporto alle famiglie con malati cronici. Il presidente del Comitato, Gianluca Corsetti, esprime soddisfazione per il valore dei premiati e l&#8217;importanza del loro lavoro silenzioso e altruista.<\/p>\n<p>&nbsp;<\/p>\n<p>&nbsp;<\/p>\n<hr \/>\n<p>&nbsp;<\/p>\n<blockquote>\n<h3>PRESENTATA LA NUOVA EDIZIONE DI ARREDAMONT<\/h3>\n<\/blockquote>\n<p><strong><a class=\"dt-pswp-item\" href=\"https:\/\/www.radiopiu.net\/wordpress\/wp-content\/uploads\/2024\/10\/Presentazione-Arredamont-a-Palazzo-Piloni-scaled.jpg\" data-dt-img-description=\"\" data-large_image_width=\"2560\" data-large_image_height=\"1780\"><img loading=\"lazy\" decoding=\"async\" class=\" wp-image-415208 alignleft\" src=\"https:\/\/www.radiopiu.net\/wordpress\/wp-content\/uploads\/2024\/10\/Presentazione-Arredamont-a-Palazzo-Piloni-300x209.jpg\" alt=\"\" width=\"198\" height=\"138\" srcset=\"https:\/\/www.radiopiu.net\/wordpress\/wp-content\/uploads\/2024\/10\/Presentazione-Arredamont-a-Palazzo-Piloni-300x209.jpg 300w, https:\/\/www.radiopiu.net\/wordpress\/wp-content\/uploads\/2024\/10\/Presentazione-Arredamont-a-Palazzo-Piloni-1024x712.jpg 1024w, https:\/\/www.radiopiu.net\/wordpress\/wp-content\/uploads\/2024\/10\/Presentazione-Arredamont-a-Palazzo-Piloni-768x534.jpg 768w, https:\/\/www.radiopiu.net\/wordpress\/wp-content\/uploads\/2024\/10\/Presentazione-Arredamont-a-Palazzo-Piloni-1536x1068.jpg 1536w, https:\/\/www.radiopiu.net\/wordpress\/wp-content\/uploads\/2024\/10\/Presentazione-Arredamont-a-Palazzo-Piloni-2048x1424.jpg 2048w\" sizes=\"auto, (max-width: 198px) 100vw, 198px\" \/><\/a>BELLUNO<\/strong> La 46\u00aa edizione di Arredamont, mostra nazionale dell\u2019arredamento in montagna, si terr\u00e0 a Longarone Fiere Dolomiti dal 26 ottobre al 3 novembre. Questo evento combina tradizione e innovazione, presentando mobili su misura e artigianato di alta qualit\u00e0, con la partecipazione di quasi 200 aziende e 217 marchi provenienti da 12 regioni italiane e 8 Paesi esteri. Michele Dal Farra, presidente di Longarone Fiere, sottolinea come l&#8217;artigianato e la tecnologia si uniscano per creare prodotti simili a opere d&#8217;arte. L&#8217;evento offrir\u00e0 workshop e incontri per le imprese, affrontando anche temi attuali come la residenzialit\u00e0 nel Bellunese. In parallelo, ci sar\u00e0 &#8220;Arte in Fiera&#8221;, con mostre di artisti italiani e internazionali, oltre a una raccolta di attrezzature sportive storiche degli sport invernali.<\/p>\n<p>&nbsp;<\/p>\n<p>&nbsp;<\/p>\n<hr \/>\n<p>&nbsp;<\/p>\n<blockquote>\n<h3>ACQUA NON POTABILE A VALLADA E CANALE D&#8217;AGORDO<\/h3>\n<\/blockquote>\n<p><b>VALLADA <\/b>\u00a0nelle localit\u00e0 Toffol, Sacchet , Celat e Mas e a Canale D&#8217;Agordo nelle localit\u00e0 Capoluogo, Casate, Val e Calcergnan l&#8217;acqua erogata dall&#8217;acquedotto non \u00e8 potabile e pu\u00f2 essere usata per scopi alimentari solo previa bollitura. Per gli abitanti di Canale D&#8217;Agordo verr\u00e0 effettuato servizio sostitutivo con autobotte in piazza Papa Luciani mentre gli utenti di Vallada potranno fornirsi di acqua potabile presso la cisterna situata vicino alla Chiesa di Celat.<\/p>\n<p>&nbsp;<\/p>\n<p>&nbsp;<\/p>\n<hr \/>\n<p>&nbsp;<\/p>\n<blockquote>\n<h3><span style=\"color: #000000;\">SEI INTERROGAZIONI DELLA MINORANZA NEL CONSIGLIO COMUNALE DI DOMANI<\/span><\/h3>\n<\/blockquote>\n<p><strong>ROCCA PIETORE<\/strong> Consiglio comunale domani alle 9. Quattro punti da trattare tra cui l&#8217;approvazione del DUP, l&#8217;operazione di fusione Bim Gestioni Servizi Pubblici e Bim Infrastrutture e la nomina del revisore dei conti. Inoltre 6 interrogazioni della minoranza relative alla realizzazione della ciclabile di Masar\u00e8, gli introiti di parcheggi dei serrai di Sottoguda, la sistemazione delle piazzette di Pezz\u00e8 e Ronch, la collaborazione con il comune di Alleghe per i fondi necessari al drenaggio del lago e la richiesta di intitolare ad Angelo Bassot il parco giochi di Saviner<\/p>\n<p>&nbsp;<\/p>\n<p>&nbsp;<\/p>\n<hr \/>\n<p>&nbsp;<\/p>\n<blockquote>\n<h3>ASSEMBLEE SOCI PER BIM GSP E BIM BELLUNO INFRASTRUTTURE<\/h3>\n<\/blockquote>\n<p><strong>BELLUNO<\/strong> Luned\u00ec 21 ottobre, presso la Sala Conferenze del Park Hotel Villa Carpenada, si terranno le assemblee dei soci di Bim Belluno Infrastrutture e Bim Gsp per l\u2019approvazione definitiva del progetto di fusione, che prevede l\u2019incorporazione di Bim Infrastrutture in Gsp.<\/p>\n<p>&nbsp;<\/p>\n<p>&nbsp;<\/p>\n<hr \/>\n<p>&nbsp;<\/p>\n<blockquote>\n<h3>OGGI AD AGORDO AL VINCENZO SAVIO CON I MEDICI DI FAMIGLIA<\/h3>\n<\/blockquote>\n<p><strong>AGORDO\u00a0<\/strong> Oggi, dalle 15:00 alle 19:00, si terr\u00e0 presso il Centro Parrocchiale \u201cVincenzo Savio\u201d di Agordo il secondo e ultimo incontro per la vaccinazione antinfluenzale, organizzato dai medici Fadig\u00e0, Pennacchioni e Bottarel per i loro assistiti. L\u2019invito \u00e8 rivolto a tutti i pazienti con pi\u00f9 di 65 anni.<\/p>\n<p>&nbsp;<\/p>\n<p>&nbsp;<\/p>\n<hr \/>\n<p>&nbsp;<\/p>\n<blockquote>\n<h3>COME SI SALVA UNA VITA? SABATO NELLE PIAZZE BELLUNESI<\/h3>\n<\/blockquote>\n<p><strong>BELLUNO<\/strong>\u00a0 Domani, nelle piazze di Agordo, Belluno, Feltre e Pieve di Cadore, si terr\u00e0 l&#8217;evento &#8220;Come si salva una vita?&#8221; dove gli operatori del SUEM insegneranno al pubblico a riconoscere un arresto cardiaco e ad eseguire correttamente il massaggio cardiaco.<\/p>\n<p>&nbsp;<\/p>\n<hr \/>\n<p>&nbsp;<\/p>\n<blockquote>\n<h3>LA PRESENTAZIONE DELLO SKI COLLEGE VENETO DI FALCADE<\/h3>\n<\/blockquote>\n<p><strong>FALCADE <\/strong>Oggi verranno presentati i programmi e le squadre dello Ski College Veneto Falcade per la stagione agonistica 2024\/25. L&#8217;appuntamento \u00e8 fissato per le ore 16 alla Sala Polifunzionale Dolomiti<\/p>\n<p>&nbsp;<\/p>\n<hr \/>\n<p>&nbsp;<\/p>\n<blockquote>\n<h3>AL VIA IL FESTIVAL DELLA CORALITA&#8217;<\/h3>\n<\/blockquote>\n<p><strong>BELLUNO<\/strong> Questo fine settimana a Belluno inizia la 4\u00aa edizione del Festival della coralit\u00e0 veneta, organizzato dall&#8217;ASAC Veneto, presieduta da Alessandro Raschi. Il festival, sostenuto da varie istituzioni, si svolger\u00e0 fino al 27 ottobre e prevede audizioni e concerti di cori non competitivi. Domenica 20 ottobre, le audizioni si terranno presso l&#8217;Auditorium del Liceo &#8220;Lollino&#8221; e nella chiesa di S. Pietro. I cori che parteciperanno includono gruppi provenienti da diverse province del Veneto, come &#8220;Agordo&#8221;, &#8220;Cadore&#8221;, &#8220;Belluno Young Voices Jr.&#8221; e molti altri. Nel pomeriggio, i cori che avranno sostenuto le audizioni si esibiranno in concerti presso Palazzo Bembo, le chiese di S. Rocco e Loreto, e nel Palazzo dei Rettori. L&#8217;ingresso \u00e8 libero per tutti i concerti.<\/p>\n<div class=\"page-title-breadcrumbs\">\n<p>&nbsp;<\/p>\n<p>&nbsp;<\/p>\n<hr \/>\n<p>&nbsp;<\/p>\n<blockquote>\n<h3 style=\"text-align: left;\">&#8220;VERMIGLIO&#8221;, UN FILM DA NON PERDERE IN PROGRAMMAZIONE AL CINEMA DOLOMITI DI FALCADE<\/h3>\n<\/blockquote>\n<p><strong><a class=\"dt-pswp-item\" href=\"https:\/\/www.radiopiu.net\/wordpress\/wp-content\/uploads\/2024\/10\/locandina-1.jpg\" data-dt-img-description=\"\" data-large_image_width=\"420\" data-large_image_height=\"525\"><img loading=\"lazy\" decoding=\"async\" class=\" wp-image-414491 alignleft\" src=\"https:\/\/www.radiopiu.net\/wordpress\/wp-content\/uploads\/2024\/10\/locandina-1-240x300.jpg\" alt=\"\" width=\"82\" height=\"103\" srcset=\"https:\/\/www.radiopiu.net\/wordpress\/wp-content\/uploads\/2024\/10\/locandina-1-240x300.jpg 240w, https:\/\/www.radiopiu.net\/wordpress\/wp-content\/uploads\/2024\/10\/locandina-1.jpg 420w\" sizes=\"auto, (max-width: 82px) 100vw, 82px\" \/><\/a>REDAZIONE<\/strong> Sar\u00e0 in programmazione il 19, 20 26 e 27 ottobre al Cinema Dolomiti di Falcade il film &#8220;Vermiglio&#8221;, vincitore del Leone D&#8217;Argento all&#8217;ultima edizione della Mostra Del Cinema di Venezia.<\/p>\n<p><strong>\u00a0<\/strong><\/p>\n<p><strong>\u00a0<\/strong><strong>\u00a0<\/strong><strong>\u00a0<\/strong><\/p>\n<p><strong>DI PAOLA LANCIATO<\/strong><\/p>\n<audio class=\"wp-audio-shortcode\" id=\"audio-415078-14\" preload=\"none\" style=\"width: 100%;\" controls=\"controls\"><source type=\"audio\/mpeg\" src=\"https:\/\/www.radiopiu.net\/wordpress\/wp-content\/uploads\/2024\/10\/PAOLA-LANCIATO-Vermiglio.mp3?_=14\" \/><a href=\"https:\/\/www.radiopiu.net\/wordpress\/wp-content\/uploads\/2024\/10\/PAOLA-LANCIATO-Vermiglio.mp3\">https:\/\/www.radiopiu.net\/wordpress\/wp-content\/uploads\/2024\/10\/PAOLA-LANCIATO-Vermiglio.mp3<\/a><\/audio>\n<p>&nbsp;<\/p>\n<p>&nbsp;<\/p>\n<hr \/>\n<p><strong>\u00a0<\/strong><\/p>\n<\/div>\n<blockquote>\n<h3><img loading=\"lazy\" decoding=\"async\" class=\"alignleft\" src=\"https:\/\/www.radiopiu.net\/wordpress\/wp-content\/uploads\/2024\/10\/035eca65-8d62-4136-974f-5c03103a427e.jpg\" width=\"120\" height=\"85\" \/>TRE AUTRICI PER PUNTI DI VISTA, STORIE PER CAPIRE<\/h3>\n<\/blockquote>\n<p><strong>BELLUNO<\/strong><\/p>\n<p><strong>DI ROBERTO BONA<\/strong><\/p>\n<audio class=\"wp-audio-shortcode\" id=\"audio-415078-15\" preload=\"none\" style=\"width: 100%;\" controls=\"controls\"><source type=\"audio\/wav\" src=\"https:\/\/www.radiopiu.net\/wordpress\/wp-content\/uploads\/2024\/10\/PuntiDiVista.wav?_=15\" \/><a href=\"https:\/\/www.radiopiu.net\/wordpress\/wp-content\/uploads\/2024\/10\/PuntiDiVista.wav\">https:\/\/www.radiopiu.net\/wordpress\/wp-content\/uploads\/2024\/10\/PuntiDiVista.wav<\/a><\/audio>\n<p>&nbsp;<\/p>\n<p>&nbsp;<\/p>\n<p>&nbsp;<\/p>\n<hr \/>\n<p>&nbsp;<\/p>\n<p>&nbsp;<\/p>\n<div class=\"page-title-head hgroup\">\n<blockquote>\n<h3 class=\"entry-title\">L\u2019ARMADIO DELLA VERGOGNA A BOLZANO BELLUNESE sabato 19 ottobre<\/h3>\n<\/blockquote>\n<\/div>\n<div class=\"page-title-breadcrumbs\">\n<p><img loading=\"lazy\" decoding=\"async\" class=\"alignleft\" src=\"https:\/\/www.radiopiu.net\/wordpress\/wp-content\/uploads\/2024\/10\/74c3ef91-6fb8-4262-9ef6-afe32c30967a.jpg\" width=\"127\" height=\"165\" \/><\/p>\n<p><strong>BELLUNO DI ROBERTO BONA<\/strong><\/p>\n<audio class=\"wp-audio-shortcode\" id=\"audio-415078-16\" preload=\"none\" style=\"width: 100%;\" controls=\"controls\"><source type=\"audio\/wav\" src=\"https:\/\/www.radiopiu.net\/wordpress\/wp-content\/uploads\/2024\/10\/EccidiNazifascistiArmadiodellaVergogna.wav?_=16\" \/><a href=\"https:\/\/www.radiopiu.net\/wordpress\/wp-content\/uploads\/2024\/10\/EccidiNazifascistiArmadiodellaVergogna.wav\">https:\/\/www.radiopiu.net\/wordpress\/wp-content\/uploads\/2024\/10\/EccidiNazifascistiArmadiodellaVergogna.wav<\/a><\/audio>\n<p>&nbsp;<\/p>\n<\/div>\n<p>&nbsp;<\/p>\n<hr \/>\n<p>&nbsp;<\/p>\n<p>&nbsp;<\/p>\n<blockquote><p><strong>Articoli strampalati sui giornali locali diventano spettacolo: Roberto Faoro in scena con un monologo a Fonzaso<\/strong><\/p><\/blockquote>\n<p><strong><img loading=\"lazy\" decoding=\"async\" class=\"alignleft\" src=\"https:\/\/www.radiopiu.net\/wordpress\/wp-content\/uploads\/2024\/10\/Senza-nome-87.png\" width=\"207\" height=\"145\" \/>FONZASO<\/strong>Questa sera alle 20.30, nella Sala Luciani di Fonzaso, Roberto Faoro presenter\u00e0 il suo esilarante monologo nell\u2019ambito della rassegna <em>Arti in bilico<\/em>. Il tema dello spettacolo? Gli articoli pi\u00f9 stravaganti apparsi sui giornali locali, trasformati in un\u2019esperienza teatrale divertente e originale.Faoro, noto per la sua capacit\u00e0 di catturare la quotidianit\u00e0 con un&#8217;ironia pungente, porter\u00e0 sul palco una riflessione brillante e satirica sul mondo dell\u2019informazione locale. Attraverso una serie di episodi bizzarri e curiosi tratti da cronache apparentemente insignificanti, lo spettacolo promette di coinvolgere il pubblico in un viaggio tra il surreale e il reale, mostrando il lato comico delle notizie che spesso passano inosservate.Un appuntamento imperdibile per chi ama il teatro e la satira, capace di offrire uno spunto di riflessione sulla realt\u00e0 attraverso il filtro dell&#8217;umorismo.<\/p>\n<p><strong>ROBERTO FAORO IERI ALLA RADIO&#8230; PRESENTA L&#8217;APPUNTAMENTO DI OGGI<\/strong><\/p>\n<audio class=\"wp-audio-shortcode\" id=\"audio-415078-17\" preload=\"none\" style=\"width: 100%;\" controls=\"controls\"><source type=\"audio\/mpeg\" src=\"https:\/\/www.radiopiu.net\/wordpress\/wp-content\/uploads\/2024\/10\/FAORO.mp3?_=17\" \/><a href=\"https:\/\/www.radiopiu.net\/wordpress\/wp-content\/uploads\/2024\/10\/FAORO.mp3\">https:\/\/www.radiopiu.net\/wordpress\/wp-content\/uploads\/2024\/10\/FAORO.mp3<\/a><\/audio>\n<p>&nbsp;<\/p>\n<p><strong>HAI MAI ASCOLTATO I MISTERI DI ALLEGHE ALLA RADIO?<\/strong><br \/>\n<strong>IL FORMAT RADIOFONICO (COPY ) DI RADIOPIU\u00a0<\/strong><br \/>\n<strong>CON L&#8217;ATTORE ROBERTO FAORO CHE LEGGE IL LIBRO DI SERGIO SAVIANE<\/strong><\/p>\n<blockquote class=\"wp-embedded-content\" data-secret=\"fgAE99TgdJ\"><p><a href=\"https:\/\/www.radiopiu.net\/wordpress\/i-misteri-di-alleghe\/\">I misteri di Alleghe<\/a><\/p><\/blockquote>\n<p><iframe loading=\"lazy\" class=\"wp-embedded-content\" sandbox=\"allow-scripts\" security=\"restricted\" style=\"position: absolute; visibility: hidden;\" title=\"&#8220;I misteri di Alleghe&#8221; &#8212; Radio Pi\u00f9\" src=\"https:\/\/www.radiopiu.net\/wordpress\/i-misteri-di-alleghe\/embed\/#?secret=GsrTYAtaLy#?secret=fgAE99TgdJ\" data-secret=\"fgAE99TgdJ\" width=\"600\" height=\"338\" frameborder=\"0\" marginwidth=\"0\" marginheight=\"0\" scrolling=\"no\"><\/iframe><\/p>\n<hr \/>\n<blockquote>\n<h3><\/h3>\n<h3>DOMENICA CON IL CAI DI AGORDO A CIMA NASSERE<\/h3>\n<\/blockquote>\n<p><strong>AGORDO<\/strong> La sezione agordina del Club Alpino Italiano organizza un&#8217;escursione di media difficolt\u00e0 tra le malghe della Val Campelle, caratterizzata da un percorso di 7 ore e un dislivello di 1150 metri. L&#8217;escursione si svolger\u00e0 in un paesaggio autunnale suggestivo, domani con partenza alle\u00a0 7 dal Piazzale Marconi di Agordo. Info: 380 6983040<\/p>\n<p>&nbsp;<\/p>\n<p>&nbsp;<\/p>\n<hr \/>\n<p>&nbsp;<\/p>\n<blockquote>\n<h3><strong>FIORETTO, E&#8217; IL NUOVO CD DEL CORO OIO<\/strong><\/h3>\n<\/blockquote>\n<div class=\"flex max-w-full flex-col flex-grow\">\n<div class=\"min-h-8 text-message flex w-full flex-col items-end gap-2 whitespace-normal break-words [.text-message+&amp;]:mt-5\" dir=\"auto\" data-message-author-role=\"assistant\" data-message-id=\"fc097429-a3c8-4f15-be68-61eb2cf834a4\" data-message-model-slug=\"gpt-4o\">\n<div class=\"flex w-full flex-col gap-1 empty:hidden first:pt-[3px]\">\n<div class=\"markdown prose w-full break-words dark:prose-invert dark\">\n<p><strong>SANTA GIUSTINA<\/strong>\u00a0 La prima presentazione si terr\u00e0 domani alle 20.30 nella chiesa parrocchiale di Santa Giustina con la partecipazione straordinaria dell\u2019artista Vico Calabr\u00f2 che \u201cdipinger\u00e0 in diretta\u201d durante l\u2019esecuzione dei brani che il Coro Oio proporr\u00e0 durante la presentazione.<\/p>\n<\/div>\n<\/div>\n<\/div>\n<\/div>\n<p>&nbsp;<\/p>\n<div class=\"mb-2 flex gap-3 empty:hidden -ml-2\">\n<div class=\"items-center justify-start rounded-xl p-1 flex\">\n<div class=\"flex items-center\">\n<div class=\"flex max-w-full flex-col flex-grow\">\n<div class=\"min-h-8 text-message flex w-full flex-col items-end gap-2 whitespace-normal break-words [.text-message+&amp;]:mt-5\" dir=\"auto\" data-message-author-role=\"assistant\" data-message-id=\"c2b1fe33-bc8b-45f1-969f-7db88566768c\" data-message-model-slug=\"gpt-4o\">\n<div class=\"flex w-full flex-col gap-1 empty:hidden first:pt-[3px]\">\n<div class=\"markdown prose w-full break-words dark:prose-invert dark\">\n<p>&nbsp;<\/p>\n<\/div>\n<hr \/>\n<div class=\"markdown prose w-full break-words dark:prose-invert dark\">\n<div class=\"page-title-breadcrumbs\">\n<blockquote>\n<h3><strong>OMAGGIO A PUCCINI A FELTRE<\/strong><\/h3>\n<\/blockquote>\n<p><strong>FELTRE<\/strong> Il Festival Internazionale di Musica del Veneto a Feltre con il gal\u00e0 lirico &#8220;Omaggio a Giacomo Puccini&#8221;. Oggi alle\u00a0 21 all&#8217;Auditorium Canossiano, si esibiranno Anna Sanachina (soprano), Dario Magnabosco (tenore), Nicola Zambon (baritono) ed Enrico Rinaldo (basso), accompagnati dal pianista Damiano Lazzaron. L&#8217;ingresso \u00e8 gratuito.<\/p>\n<\/div>\n<p>&nbsp;<\/p>\n<hr \/>\n<\/div>\n<\/div>\n<p>&nbsp;<\/p>\n<div class=\"flex w-full flex-col gap-1 empty:hidden first:pt-[3px]\">\n<div class=\"markdown prose w-full break-words dark:prose-invert dark\">\n<div class=\"flex max-w-full flex-col flex-grow\">\n<div class=\"min-h-8 text-message flex w-full flex-col items-end gap-2 whitespace-normal break-words [.text-message+&amp;]:mt-5\" dir=\"auto\" data-message-author-role=\"assistant\" data-message-id=\"c2b1fe33-bc8b-45f1-969f-7db88566768c\" data-message-model-slug=\"gpt-4o\">\n<div class=\"flex w-full flex-col gap-1 empty:hidden first:pt-[3px]\">\n<div class=\"markdown prose w-full break-words dark:prose-invert dark\">\n<blockquote>\n<blockquote>\n<h3>MESSA PER I CADUTI IN MONTAGNA<\/h3>\n<\/blockquote>\n<p><strong>AGORDO<\/strong> La\u00a0 Messa per i caduti della montagna si svolger\u00e0 ad Agordo nella Chiesa Arcidiaconale il 27 ottobre 2024 alle 18:30, organizzata dall&#8217;Associazione Filarmonica Agordina e dal Coro Agordo. La celebrazione sar\u00e0 trasmessa in diretta su Radio Pi\u00f9.<\/p><\/blockquote>\n<\/div>\n<\/div>\n<\/div>\n<\/div>\n<div class=\"mb-2 flex gap-3 empty:hidden -ml-2\">\n<div class=\"items-center justify-start rounded-xl p-1 flex\">\n<div class=\"flex items-center\">\n<div class=\"flex max-w-full flex-col flex-grow\">\n<div class=\"min-h-8 text-message flex w-full flex-col items-end gap-2 whitespace-normal break-words [.text-message+&amp;]:mt-5\" dir=\"auto\" data-message-author-role=\"assistant\" data-message-id=\"c2b1fe33-bc8b-45f1-969f-7db88566768c\" data-message-model-slug=\"gpt-4o\">\n<div class=\"flex w-full flex-col gap-1 empty:hidden first:pt-[3px]\">\n<div class=\"markdown prose w-full break-words dark:prose-invert dark\">\n<p>&nbsp;<\/p>\n<\/div>\n<\/div>\n<\/div>\n<\/div>\n<\/div>\n<\/div>\n<\/div>\n<hr \/>\n<p>&nbsp;<\/p>\n<blockquote>\n<h3><strong>AUTUNNO A TEATRO IN COMELICO 14^ EDIZIONE\u00a0<\/strong><\/h3>\n<\/blockquote>\n<p><strong>SANTO STEFANO DI CADORE<\/strong> La rassegna teatrale &#8220;Autunno a Teatro in Comelico&#8221; torna con la sua 14^ edizione, consolidando un appuntamento culturale molto atteso. Organizzata da &#8220;I Comelianti&#8221;, &#8220;Gruppo Musicale di Costalta&#8221; e &#8220;Amici del Teatro&#8221;, la rassegna si terr\u00e0 al Cinema Piave di S. Stefano di Cadore, a partire dal 20 ottobre fino al 1\u00b0 dicembre. Il programma prevede cinque spettacoli, con generi adatti a tutti, dal teatro-canzone alla commedia brillante, fino a spettacoli per famiglie.<\/p>\n<p>&nbsp;<\/p>\n<hr \/>\n<p>&nbsp;<\/p>\n<blockquote>\n<h3>LA CENA DEI COSCRITTI DEL 1974<\/h3>\n<\/blockquote>\n<p><strong>FALCADE<\/strong> Le cena della classe 1974 dei coscritti dell&#8217;<strong>Agordino<\/strong> si terr\u00e0\u00a0 sabato 30 novembre\u00a0 a Falcade, Hotel Stella Alpina. La cena e&#8217; aperta ai nati nel 1974 nei 16 comuni dell&#8217;Agordino, e sara&#8217; un&#8217;occasione di ritrovo,\u00a0 dopo tanto tempo e festeggiare il mezzo secolo.Info\u00a0 3478120853<\/p>\n<p>&nbsp;<\/p>\n<\/div>\n<\/div>\n<\/div>\n<\/div>\n<\/div>\n<\/div>\n<\/div>\n<div class=\"page-title-breadcrumbs\">\n<p>&nbsp;<\/p>\n<\/div>\n<p>&nbsp;<\/p>\n<hr \/>\n<p>&nbsp;<\/p>\n<h2><span style=\"color: #ff6600;\">IERI ALLA RADIO\u00a0<\/span><\/h2>\n<blockquote>\n<h2>CASSA SOLIDARIETA&#8217; AZIENDALE LAVORATORI LUXOTTICA, CON FABRIZIO CAMPEDEL<\/h2>\n<\/blockquote>\n<p><strong><img loading=\"lazy\" decoding=\"async\" class=\"alignleft\" src=\"https:\/\/www.radiopiu.net\/wordpress\/wp-content\/uploads\/2021\/06\/Fabrizio-Campedel-e-Diego-Palmeri.jpeg\" width=\"234\" height=\"117\" \/>REDAZIONE<\/strong> Il terzo venerdi del mese alle 10.30 e alle 19 il palinsesto di RADIOPIU propone l&#8217;intervista mensile ai responsabili della Cassa Soidariet\u00e0 Aziendale Lavoratori Luxottica. In questa puntata conduce Fabrizio Campedel<\/p>\n<p>foto copertina, Fabrizio Campedel (a sinistra) con il Presidente Diego Palmeri<\/p>\n<p><strong>AUDIO puntata del 18 ottobre 2024<\/strong><\/p>\n<audio class=\"wp-audio-shortcode\" id=\"audio-415078-18\" preload=\"none\" style=\"width: 100%;\" controls=\"controls\"><source type=\"audio\/mpeg\" src=\"https:\/\/www.radiopiu.net\/wordpress\/wp-content\/uploads\/2024\/10\/FABRIZIO-CAMPEDEL-CASSA-SOL-LUX.mp3?_=18\" \/><a href=\"https:\/\/www.radiopiu.net\/wordpress\/wp-content\/uploads\/2024\/10\/FABRIZIO-CAMPEDEL-CASSA-SOL-LUX.mp3\">https:\/\/www.radiopiu.net\/wordpress\/wp-content\/uploads\/2024\/10\/FABRIZIO-CAMPEDEL-CASSA-SOL-LUX.mp3<\/a><\/audio>\n<p>&nbsp;<\/p>\n<p>&nbsp;<\/p>\n<p>&nbsp;<\/p>\n<h2><span style=\"color: #ff6600;\">IERI ALLA RADIO\u00a0<\/span><\/h2>\n<h1><span style=\"color: #000000;\">\u00a0&#8220;DINTORN E FORA VIA&#8221;\u00a0 IL PROGRAMMA\u00a0 A CURA DEL MUSLA\u00a0\u00a0<strong>\u00a0 \u00a0<\/strong><\/span><\/h1>\n<h1 style=\"text-align: center;\"><span style=\"color: #ff0000;\">TERZO\u00a0 ANNO\u00a0 \u00a02024\u00a0\u00a0<\/span><\/h1>\n<p><strong><a class=\"dt-pswp-item\" href=\"https:\/\/www.radiopiu.net\/wordpress\/wp-content\/uploads\/2024\/07\/1e37df37-20a4-47db-aecf-c4ade389c397.jpg\" data-dt-img-description=\"\" data-large_image_width=\"828\" data-large_image_height=\"1472\"><img loading=\"lazy\" decoding=\"async\" class=\"wp-image-401012 alignleft\" src=\"https:\/\/www.radiopiu.net\/wordpress\/wp-content\/uploads\/2024\/07\/1e37df37-20a4-47db-aecf-c4ade389c397-169x300.jpg\" alt=\"\" width=\"91\" height=\"162\" srcset=\"https:\/\/www.radiopiu.net\/wordpress\/wp-content\/uploads\/2024\/07\/1e37df37-20a4-47db-aecf-c4ade389c397-169x300.jpg 169w, https:\/\/www.radiopiu.net\/wordpress\/wp-content\/uploads\/2024\/07\/1e37df37-20a4-47db-aecf-c4ade389c397-576x1024.jpg 576w, https:\/\/www.radiopiu.net\/wordpress\/wp-content\/uploads\/2024\/07\/1e37df37-20a4-47db-aecf-c4ade389c397-768x1365.jpg 768w, https:\/\/www.radiopiu.net\/wordpress\/wp-content\/uploads\/2024\/07\/1e37df37-20a4-47db-aecf-c4ade389c397.jpg 828w\" sizes=\"auto, (max-width: 91px) 100vw, 91px\" \/><\/a>PUNTATA DEL 18 OTTOBRE<\/strong> <strong><span style=\"color: #ff0000;\"><span style=\"color: #000000;\">LORENZO DE VALLIER<\/span><\/span><\/strong><br \/>\nLiete da Lorenzo da Laste co le nuove che descor de la situazion de le badanti ntel veneto, de la crisi de stellantis e de l&#8217;agression a l&#8217;ospedal de Agort. E per la Rubrica del Vender jon a descore n cin de le piante che de auton le muda color<\/p>\n<p>&nbsp;<\/p>\n<p>&nbsp;<\/p>\n<audio class=\"wp-audio-shortcode\" id=\"audio-415078-19\" preload=\"none\" style=\"width: 100%;\" controls=\"controls\"><source type=\"audio\/mpeg\" src=\"https:\/\/www.radiopiu.net\/wordpress\/wp-content\/uploads\/2024\/10\/MUSLA-6.mp3?_=19\" \/><a href=\"https:\/\/www.radiopiu.net\/wordpress\/wp-content\/uploads\/2024\/10\/MUSLA-6.mp3\">https:\/\/www.radiopiu.net\/wordpress\/wp-content\/uploads\/2024\/10\/MUSLA-6.mp3<\/a><\/audio>\n<p>&nbsp;<\/p>\n<p>&nbsp;<\/p>\n<hr \/>\n<p>&nbsp;<\/p>\n<h2><span style=\"color: #00ff00;\">EMOZIONE CONTINUA&#8230;100 ANNI DI PASSIONE RACCONTATI ALLA RADIO<\/span><\/h2>\n<p><span style=\"color: #ff00ff;\"><strong>PUNTATA 09 LA RADIO DURANTE LA SECONDA GUERRA MONDIALE<\/strong><\/span><\/p>\n<audio class=\"wp-audio-shortcode\" id=\"audio-415078-20\" preload=\"none\" style=\"width: 100%;\" controls=\"controls\"><source type=\"audio\/mpeg\" src=\"https:\/\/www.radiopiu.net\/wordpress\/wp-content\/uploads\/2024\/10\/9-la-radio-durante-la-seconda-guerra-mondiale-1.mp3?_=20\" \/><a href=\"https:\/\/www.radiopiu.net\/wordpress\/wp-content\/uploads\/2024\/10\/9-la-radio-durante-la-seconda-guerra-mondiale-1.mp3\">https:\/\/www.radiopiu.net\/wordpress\/wp-content\/uploads\/2024\/10\/9-la-radio-durante-la-seconda-guerra-mondiale-1.mp3<\/a><\/audio>\n<p>&nbsp;<\/p>\n<h2>LA RACCOLTA COMPLETA <a href=\"https:\/\/www.radiopiu.net\/wordpress\/emozione-continua-100-anni-di-passione-raccontati-alla-radio-la-raccolta\/\"><span style=\"color: #3366ff;\">CLICCA QUI<\/span><\/a><\/h2>\n<p>&nbsp;<\/p>\n<hr \/>\n<p>&nbsp;<\/p>\n<h2><span style=\"color: #ff0000;\"><a class=\"dt-pswp-item\" href=\"https:\/\/www.radiopiu.net\/wordpress\/wp-content\/uploads\/2018\/09\/appuntamenti.jpeg\" data-dt-img-description=\"\" data-large_image_width=\"800\" data-large_image_height=\"100\"><img loading=\"lazy\" decoding=\"async\" class=\"wp-image-61958 size-full aligncenter\" src=\"https:\/\/www.radiopiu.net\/wordpress\/wp-content\/uploads\/2018\/09\/appuntamenti.jpeg\" alt=\"\" width=\"800\" height=\"100\" srcset=\"https:\/\/www.radiopiu.net\/wordpress\/wp-content\/uploads\/2018\/09\/appuntamenti.jpeg 800w, https:\/\/www.radiopiu.net\/wordpress\/wp-content\/uploads\/2018\/09\/appuntamenti-300x38.jpeg 300w, https:\/\/www.radiopiu.net\/wordpress\/wp-content\/uploads\/2018\/09\/appuntamenti-768x96.jpeg 768w\" sizes=\"auto, (max-width: 800px) 100vw, 800px\" \/><\/a><\/span><\/h2>\n<p><iframe loading=\"lazy\" title=\"FORMULA 3\" width=\"1200\" height=\"900\" src=\"https:\/\/www.youtube.com\/embed\/I21aWSYA3OI?feature=oembed\" frameborder=\"0\" allow=\"accelerometer; autoplay; clipboard-write; encrypted-media; gyroscope; picture-in-picture; web-share\" referrerpolicy=\"strict-origin-when-cross-origin\" allowfullscreen><\/iframe><\/p>\n<p><strong>FALCADE<\/strong>\u00a0 Riapre il Cinema Dolomiti di Falcade. Sabato e domenica verr\u00e0 proiettato il film Vermiglio, presentato anche alla Mostra del Cinema di Venezia. Spettacoli alle 21, domenica anche alle 15:30<\/p>\n<div class=\"flex-shrink-0 flex flex-col relative items-end\">\n<div class=\"pt-0\">\n<div class=\"gizmo-bot-avatar flex h-8 w-8 items-center justify-center overflow-hidden rounded-full\">\n<p class=\"relative p-1 rounded-sm flex items-center justify-center bg-token-main-surface-primary text-token-text-primary h-8 w-8\"><strong>CANALE D&#8217;AGORDO <\/strong>Jazzercise \u00e8 un allenamento ad alta intensit\u00e0 che combina danza, pilates, yoga e kickboxing, adatto a tutti i livelli di fitness. \u00c8 efficace per tonificare i muscoli, migliorare la postura e ottenere un fisico snello. Nell&#8217;Agordino, le lezioni si tengono a Canale d&#8217;Agordo, nella sala ex emigranti di via Lotta, il luned\u00ec dalle 18:15 alle 19:15 e il mercoled\u00ec dalle 18:30 alle 19:30. L&#8217;istruttrice certificata RaLuca ti aspetta per un allenamento coinvolgente al ritmo di musica attuale. Per informazioni: 347 9295478<\/p>\n<p><strong>AGORDO UN VIAGGIO NELLA MUSICA ANNI SESSANTA E SETTANTA, &#8220;OPERAZIONE NOSTALGIA&#8221;,<\/strong> INCURSIONE NEI DECENNI SUCCESSIVI DEL SECOLO SCORSO Elisa Forcellini voce, <span class=\"html-span xdj266r x11i5rnm xat24cr x1mh8g0r xexx8yu x4uap5 x18d9i69 xkhd6sd x1hl2dhg x16tdsg8 x1vvkbs\"><a class=\"x1i10hfl xjbqb8w x1ejq31n xd10rxx x1sy0etr x17r0tee x972fbf xcfux6l x1qhh985 xm0m39n x9f619 x1ypdohk xt0psk2 xe8uvvx xdj266r x11i5rnm xat24cr x1mh8g0r xexx8yu x4uap5 x18d9i69 xkhd6sd x16tdsg8 x1hl2dhg xggy1nq x1a2a7pz x1sur9pj xkrqix3 x1fey0fg x1s688f\" tabindex=\"0\" role=\"link\" href=\"https:\/\/www.facebook.com\/karin.serafini.12?__cft__[0]=AZUS6w-16Ia-jI9bcg7qdsPkS68JCUPOt_Xuv68gElfxirAioFxkGfr9F7TMRlkcx1eLqq4qMjrB_TKQ8HlftDiEv4JV5OQF90tgTXCCBJJ1eNCQHgmp0hzB6raZctEWzHGoETriWhmxVYkKyY-AnYiE3NzGcFnh-hMcANqoZ4dpzMdJdJTy2yiv75vrq41fWxA&amp;__tn__=-]K-y-R\"><span class=\"xt0psk2\">Karin Serafini<\/span><\/a><\/span> basso e voce, Ezio De Zaiacomo tastiere, Graziano Sirena percussioni e voce, <span class=\"html-span xdj266r x11i5rnm xat24cr x1mh8g0r xexx8yu x4uap5 x18d9i69 xkhd6sd x1hl2dhg x16tdsg8 x1vvkbs\"><a class=\"x1i10hfl xjbqb8w x1ejq31n xd10rxx x1sy0etr x17r0tee x972fbf xcfux6l x1qhh985 xm0m39n x9f619 x1ypdohk xt0psk2 xe8uvvx xdj266r x11i5rnm xat24cr x1mh8g0r xexx8yu x4uap5 x18d9i69 xkhd6sd x16tdsg8 x1hl2dhg xggy1nq x1a2a7pz x1sur9pj xkrqix3 x1fey0fg x1s688f\" tabindex=\"0\" role=\"link\" href=\"https:\/\/www.facebook.com\/cosmo.forcella?__cft__[0]=AZUS6w-16Ia-jI9bcg7qdsPkS68JCUPOt_Xuv68gElfxirAioFxkGfr9F7TMRlkcx1eLqq4qMjrB_TKQ8HlftDiEv4JV5OQF90tgTXCCBJJ1eNCQHgmp0hzB6raZctEWzHGoETriWhmxVYkKyY-AnYiE3NzGcFnh-hMcANqoZ4dpzMdJdJTy2yiv75vrq41fWxA&amp;__tn__=-]K-y-R\"><span class=\"xt0psk2\">Cosmo Forcella<\/span><\/a><\/span> batteria e voce, Loris Scussel chitarre e voce SABATO 26 OTTOBRE DAL LE 20.30 IN SALA DON TAMIS AD AGORDO. ORGANIZZA L&#8217;ASSOCIAZIONE PETTIROSSO AGORDINO ENTRATA LIBERA<\/p>\n<\/div>\n<\/div>\n<\/div>\n<p><strong>CENCENIGHE<\/strong> La Famiglia Agordina Ex Emigranti organizza la Giornata dell\u2019Emigrante domenica 27 ottobre, un&#8217;occasione di festa e condivisione per chi ha vissuto o lavorato all&#8217;estero, o per chi vuole conoscere il mondo delle famiglie ex emigranti Bellunesi. Il programma prevede alle 10:30 la messa nella chiesa di Cencenighe, seguita dall\u2019omaggio al monumento dell\u2019emigrante e dall\u2019esibizione del Coro Alpino Monte Civetta nella sala consiliare. La giornata si concluder\u00e0 con un pranzo al Ristorante Monte Civetta di Listolade, accompagnato dalla cantante Daniela Trentin. Il contributo per il pranzo \u00e8 di 35 euro, prenotazioni al 339 211 4469.<\/p>\n<p><strong>FALCADE<\/strong> La Proloco di Caviola presenta &#8220;Proposte d&#8217;autunno&#8221;, un programma di eventi per vivere meglio. Gli appuntamenti includono: una passeggiata nel bosco con Silvano Savio il 20 ottobre, un incontro con Mauro Valt alla Casa della Giovent\u00f9 di Caviola il 6 novembre alle 20, e una serata osservando le stelle con &#8220;Cieli Dolomitici&#8221; il 9 novembre alle 20:30. Inoltre, il 10 novembre si svolger\u00e0 una castagnata con gli Alpini in occasione di San Martino, e il 22 novembre ci sar\u00e0 la chiusura con Roberto Sorama\u00e8 e il suo evento &#8220;Sete d\u2019Africa&#8221; alla Casa della Giovent\u00f9. Per informazioni: 349 1945861.<\/p>\n<p><strong>BELLUNO <\/strong>Venerd\u00ec 8 novembre, dalle ore 18, presso l&#8217;aula magna dell&#8217;Istituto Superiore Tommaso Catullo di Belluno, si terr\u00e0 un evento organizzato da Pig&amp;Menti, che propone un dialogo sugli archetipi tra linguistica e neuroscienze. I relatori saranno il professor Michele T\u00ecson e il professor Renzo Barbazza. L&#8217;evento \u00e8 realizzato in collaborazione con Banca Prealpi San Biagio e i dottori Marco Tarascio e Silvia Barbini.<\/p>\n<p>&nbsp;<\/p>\n<div>\n<div class=\"\" dir=\"auto\">\n<div id=\":r9h:\" class=\"x1iorvi4 x1pi30zi x1l90r2v x1swvt13\" data-ad-comet-preview=\"message\" data-ad-preview=\"message\">\n\n\t\t\t<style type='text\/css'>\n\t\t\t\t#gallery-1 {\n\t\t\t\t\tmargin: auto;\n\t\t\t\t}\n\t\t\t\t#gallery-1 .gallery-item {\n\t\t\t\t\tfloat: left;\n\t\t\t\t\tmargin-top: 10px;\n\t\t\t\t\ttext-align: center;\n\t\t\t\t\twidth: 25%;\n\t\t\t\t}\n\t\t\t\t#gallery-1 img {\n\t\t\t\t\tborder: 2px solid #cfcfcf;\n\t\t\t\t}\n\t\t\t\t#gallery-1 .gallery-caption {\n\t\t\t\t\tmargin-left: 0;\n\t\t\t\t}\n\t\t\t\t\/* see gallery_shortcode() in wp-includes\/media.php *\/\n\t\t\t<\/style>\n\t\t<div id='gallery-1' class='dt-gallery-container gallery galleryid-415078 gallery-columns-4 gallery-size-thumbnail'><dl class='gallery-item'>\n\t\t\t\t<dt class='gallery-icon portrait'>\n\t\t\t\t\t<a class=\"rollover rollover-zoom dt-pswp-item\" title=\"LOC_A3_MOSTRA-RADIO_CMVI\" data-dt-img-description=\"\" data-large_image_width=\"1816\" data-large_image_height=\"2560\"href='https:\/\/www.radiopiu.net\/wordpress\/wp-content\/uploads\/2024\/08\/LOC_A3_MOSTRA-RADIO_CMVI-scaled.jpg'><img loading=\"lazy\" decoding=\"async\" width=\"150\" height=\"150\" src=\"https:\/\/www.radiopiu.net\/wordpress\/wp-content\/uploads\/2024\/08\/LOC_A3_MOSTRA-RADIO_CMVI-150x150.jpg\" class=\"attachment-thumbnail size-thumbnail\" alt=\"\" aria-describedby=\"gallery-1-403450\" \/><\/a>\n\t\t\t\t<\/dt>\n\t\t\t\t\t<dd class='wp-caption-text gallery-caption' id='gallery-1-403450'>\n\t\t\t\t\tLA MOSTRA DELLE RADIO IN VALLE IMPERINA\n\t\t\t\t\t<\/dd><\/dl><dl class='gallery-item'>\n\t\t\t\t<dt class='gallery-icon portrait'>\n\t\t\t\t\t<a class=\"rollover rollover-zoom dt-pswp-item\" title=\"cai agordo\" data-dt-img-description=\"\" data-large_image_width=\"490\" data-large_image_height=\"947\"href='https:\/\/www.radiopiu.net\/wordpress\/wp-content\/uploads\/2024\/09\/cai-agordo.png'><img loading=\"lazy\" decoding=\"async\" width=\"150\" height=\"150\" src=\"https:\/\/www.radiopiu.net\/wordpress\/wp-content\/uploads\/2024\/09\/cai-agordo-150x150.png\" class=\"attachment-thumbnail size-thumbnail\" alt=\"\" aria-describedby=\"gallery-1-411791\" \/><\/a>\n\t\t\t\t<\/dt>\n\t\t\t\t\t<dd class='wp-caption-text gallery-caption' id='gallery-1-411791'>\n\t\t\t\t\tSERE D&#8217;AUTUNNO CON IL CAI DI AGORDO\n\t\t\t\t\t<\/dd><\/dl><dl class='gallery-item'>\n\t\t\t\t<dt class='gallery-icon portrait'>\n\t\t\t\t\t<a class=\"rollover rollover-zoom dt-pswp-item\" title=\"locandina_miele_2024_def\" data-dt-img-description=\"\" data-large_image_width=\"1240\" data-large_image_height=\"1754\"href='https:\/\/www.radiopiu.net\/wordpress\/wp-content\/uploads\/2024\/10\/locandina_miele_2024_def.jpg'><img loading=\"lazy\" decoding=\"async\" width=\"150\" height=\"150\" src=\"https:\/\/www.radiopiu.net\/wordpress\/wp-content\/uploads\/2024\/10\/locandina_miele_2024_def-150x150.jpg\" class=\"attachment-thumbnail size-thumbnail\" alt=\"\" aria-describedby=\"gallery-1-414643\" \/><\/a>\n\t\t\t\t<\/dt>\n\t\t\t\t\t<dd class='wp-caption-text gallery-caption' id='gallery-1-414643'>\n\t\t\t\t\tLIMANA PAESE DEL MIELE\n\t\t\t\t\t<\/dd><\/dl><dl class='gallery-item'>\n\t\t\t\t<dt class='gallery-icon portrait'>\n\t\t\t\t\t<a class=\"rollover rollover-zoom dt-pswp-item\" title=\"851a2829-563c-46b1-a0f6-7f9d4b804601\" data-dt-img-description=\"\" data-large_image_width=\"1131\" data-large_image_height=\"1600\"href='https:\/\/www.radiopiu.net\/wordpress\/wp-content\/uploads\/2024\/10\/851a2829-563c-46b1-a0f6-7f9d4b804601.jpg'><img loading=\"lazy\" decoding=\"async\" width=\"150\" height=\"150\" src=\"https:\/\/www.radiopiu.net\/wordpress\/wp-content\/uploads\/2024\/10\/851a2829-563c-46b1-a0f6-7f9d4b804601-150x150.jpg\" class=\"attachment-thumbnail size-thumbnail\" alt=\"\" aria-describedby=\"gallery-1-413101\" \/><\/a>\n\t\t\t\t<\/dt>\n\t\t\t\t\t<dd class='wp-caption-text gallery-caption' id='gallery-1-413101'>\n\t\t\t\t\tSILVIA TESSARI IN CONCERTO\n\t\t\t\t\t<\/dd><\/dl><br style=\"clear: both\" \/><dl class='gallery-item'>\n\t\t\t\t<dt class='gallery-icon portrait'>\n\t\t\t\t\t<a class=\"rollover rollover-zoom dt-pswp-item\" title=\"afede08f-130d-46e3-820a-6cddfdaa7d71\" data-dt-img-description=\"\" data-large_image_width=\"1131\" data-large_image_height=\"1600\"href='https:\/\/www.radiopiu.net\/wordpress\/wp-content\/uploads\/2024\/10\/afede08f-130d-46e3-820a-6cddfdaa7d71.jpg'><img loading=\"lazy\" decoding=\"async\" width=\"150\" height=\"150\" src=\"https:\/\/www.radiopiu.net\/wordpress\/wp-content\/uploads\/2024\/10\/afede08f-130d-46e3-820a-6cddfdaa7d71-150x150.jpg\" class=\"attachment-thumbnail size-thumbnail\" alt=\"\" aria-describedby=\"gallery-1-413137\" \/><\/a>\n\t\t\t\t<\/dt>\n\t\t\t\t\t<dd class='wp-caption-text gallery-caption' id='gallery-1-413137'>\n\t\t\t\t\tA CENCENIGHE \n\t\t\t\t\t<\/dd><\/dl><dl class='gallery-item'>\n\t\t\t\t<dt class='gallery-icon portrait'>\n\t\t\t\t\t<a class=\"rollover rollover-zoom dt-pswp-item\" title=\"967a322c-9996-42d7-af75-662ca7d89e84\" data-dt-img-description=\"\" data-large_image_width=\"1080\" data-large_image_height=\"1519\"href='https:\/\/www.radiopiu.net\/wordpress\/wp-content\/uploads\/2024\/10\/967a322c-9996-42d7-af75-662ca7d89e84-1.jpg'><img loading=\"lazy\" decoding=\"async\" width=\"150\" height=\"150\" src=\"https:\/\/www.radiopiu.net\/wordpress\/wp-content\/uploads\/2024\/10\/967a322c-9996-42d7-af75-662ca7d89e84-1-150x150.jpg\" class=\"attachment-thumbnail size-thumbnail\" alt=\"\" aria-describedby=\"gallery-1-413698\" \/><\/a>\n\t\t\t\t<\/dt>\n\t\t\t\t\t<dd class='wp-caption-text gallery-caption' id='gallery-1-413698'>\n\t\t\t\t\tDOMANI\n\t\t\t\t\t<\/dd><\/dl><dl class='gallery-item'>\n\t\t\t\t<dt class='gallery-icon portrait'>\n\t\t\t\t\t<a class=\"rollover rollover-zoom dt-pswp-item\" title=\"f947fdbb-45ad-4c5d-b426-66dfc10ada16\" data-dt-img-description=\"\" data-large_image_width=\"1142\" data-large_image_height=\"1600\"href='https:\/\/www.radiopiu.net\/wordpress\/wp-content\/uploads\/2024\/10\/f947fdbb-45ad-4c5d-b426-66dfc10ada16.jpg'><img loading=\"lazy\" decoding=\"async\" width=\"150\" height=\"150\" src=\"https:\/\/www.radiopiu.net\/wordpress\/wp-content\/uploads\/2024\/10\/f947fdbb-45ad-4c5d-b426-66dfc10ada16-150x150.jpg\" class=\"attachment-thumbnail size-thumbnail\" alt=\"\" aria-describedby=\"gallery-1-413896\" \/><\/a>\n\t\t\t\t<\/dt>\n\t\t\t\t\t<dd class='wp-caption-text gallery-caption' id='gallery-1-413896'>\n\t\t\t\t\tIL 26 OTTOBRE ALLA PALESTRA B-FIT\n\t\t\t\t\t<\/dd><\/dl><dl class='gallery-item'>\n\t\t\t\t<dt class='gallery-icon portrait'>\n\t\t\t\t\t<a class=\"rollover rollover-zoom dt-pswp-item\" title=\"b783bbcc-c66e-4db7-96b5-e845a2664a84\" data-dt-img-description=\"\" data-large_image_width=\"509\" data-large_image_height=\"720\"href='https:\/\/www.radiopiu.net\/wordpress\/wp-content\/uploads\/2024\/10\/b783bbcc-c66e-4db7-96b5-e845a2664a84.jpg'><img loading=\"lazy\" decoding=\"async\" width=\"150\" height=\"150\" src=\"https:\/\/www.radiopiu.net\/wordpress\/wp-content\/uploads\/2024\/10\/b783bbcc-c66e-4db7-96b5-e845a2664a84-150x150.jpg\" class=\"attachment-thumbnail size-thumbnail\" alt=\"\" aria-describedby=\"gallery-1-414272\" \/><\/a>\n\t\t\t\t<\/dt>\n\t\t\t\t\t<dd class='wp-caption-text gallery-caption' id='gallery-1-414272'>\n\t\t\t\t\tIL 31 OTTOBRE\n\t\t\t\t\t<\/dd><\/dl><br style=\"clear: both\" \/>\n\t\t\t<\/div>\n\n<p>&nbsp;<\/p>\n<\/div>\n<\/div>\n<\/div>\n<p>&nbsp;<\/p>\n<hr \/>\n<p>&nbsp;<\/p>\n<p class=\"mceTemp\"><a class=\"dt-pswp-item\" href=\"https:\/\/www.radiopiu.net\/wordpress\/wp-content\/uploads\/2018\/09\/WhatsApp-Image-2018-09-20-at-16.04.06.jpeg\" data-dt-img-description=\"\" data-large_image_width=\"800\" data-large_image_height=\"100\"><img loading=\"lazy\" decoding=\"async\" class=\"wp-image-61378 size-full aligncenter\" src=\"https:\/\/www.radiopiu.net\/wordpress\/wp-content\/uploads\/2018\/09\/WhatsApp-Image-2018-09-20-at-16.04.06.jpeg\" alt=\"\" width=\"800\" height=\"100\" srcset=\"https:\/\/www.radiopiu.net\/wordpress\/wp-content\/uploads\/2018\/09\/WhatsApp-Image-2018-09-20-at-16.04.06.jpeg 800w, https:\/\/www.radiopiu.net\/wordpress\/wp-content\/uploads\/2018\/09\/WhatsApp-Image-2018-09-20-at-16.04.06-300x38.jpeg 300w, https:\/\/www.radiopiu.net\/wordpress\/wp-content\/uploads\/2018\/09\/WhatsApp-Image-2018-09-20-at-16.04.06-768x96.jpeg 768w\" sizes=\"auto, (max-width: 800px) 100vw, 800px\" \/><\/a><\/p>\n<p><center><\/center><center><\/center>&nbsp;<\/p>\n<p><center><b>OGGI<\/b><\/center>Nottetempo ed al primo mattino tempo variabile, magari con schiarite, prima che il tempo peggiori di nuovo con cielo coperto ed episodio piovoso esteso a tutta la montagna veneta fino a sera, eccetto la parte settentrionale del Bellunese, dove ci sar\u00e0 esaurimento dei fenomeni e attenuazione della nuvolosit\u00e0 nel corso del pomeriggio.<br \/>\n<b>Precipitazioni: <\/b>Dalle prime ore del giorno crescente probabilit\u00e0 fino ad alta per precipitazioni deboli, a tratti moderate sulle Dolomiti e moderate\/forti sulle Prealpi.<br \/>\n<b>Temperature: <\/b>In generale lieve calo in quota e senza notevoli variazioni nelle valli, salvo calo delle minime in caso di rasserenamenti notturni.<\/p>\n<hr \/>\n<p><center><b>DOMANI<\/b><\/center>Nottetempo e al primo mattino residua nuvolosit\u00e0 con isolati fenomeni, assieme a primi rasserenamenti. In giornata in prevalenza soleggiato sulle Dolomiti, nonostante qualche annuvolamento stratiforme, senza escludere nubi basse mattutine sul Cadore e il basso Agordino. Sulle Prealpi l&#8217;insidia nubi basse limiter\u00e0 il soleggiamento, almeno nelle prime ore, prima che i rasserenamenti diventino predominanti.<br \/>\n<b>Precipitazioni: <\/b>Residue piogge notturne sulle Prealpi assenti altrove; in giornata Assenti<br \/>\n<b>Temperature: <\/b>In generale lieve aumento, salvo leggero calo delle minime in alcune valli in caso di rasserenamenti notturni.<\/p>\n<hr \/>\n<p><center><b>LUNEDI<\/b><\/center>Tempo generalmente ben soleggiato con cielo sereno o poco nuvoloso sulla maggiore parte delle Dolomiti, specie in quota, senza escludere la presenza di nubi basse mattutine. Sulle Prealpi situazione un po&#8217; diversa causa insidia nubi basse in grado di limitare il soleggiamento, ma non ovunque. Temperature minime in calo e massime in sensibile rialzo.<\/p>\n<hr \/>\n<p><center><b>MARTEDI<\/b><\/center>Ben soleggiato su molti settori dolomitici, mentre il tempo risulter\u00e0 solo parzialmente soleggiato sulle Prealpi causa presenza di nubi basse che potrebbero non limitarsi alle sole ore pi\u00f9 fredde. Temperature in generale calo, pi\u00f9 sensibile in quota.<\/p>\n<p>&nbsp;<\/p>\n<p>&nbsp;<\/p>\n<hr \/>\n<p>&nbsp;<\/p>\n<p>&nbsp;<\/p>\n<p class=\"mceTemp\"><a class=\"dt-pswp-item\" href=\"https:\/\/www.radiopiu.net\/wordpress\/wp-content\/uploads\/2018\/09\/sport.jpg\" data-dt-img-description=\"\" data-large_image_width=\"800\" data-large_image_height=\"100\"><img loading=\"lazy\" decoding=\"async\" class=\"aligncenter wp-image-60761 size-full\" src=\"https:\/\/www.radiopiu.net\/wordpress\/wp-content\/uploads\/2018\/09\/sport.jpg\" alt=\"\" width=\"800\" height=\"100\" srcset=\"https:\/\/www.radiopiu.net\/wordpress\/wp-content\/uploads\/2018\/09\/sport.jpg 800w, https:\/\/www.radiopiu.net\/wordpress\/wp-content\/uploads\/2018\/09\/sport-300x38.jpg 300w, https:\/\/www.radiopiu.net\/wordpress\/wp-content\/uploads\/2018\/09\/sport-768x96.jpg 768w\" sizes=\"auto, (max-width: 800px) 100vw, 800px\" \/><\/a><span style=\"color: #0000ff;\"><strong>\u00a0 \u00a0 \u00a0\u00a0<\/strong><\/span><\/p>\n<p><span style=\"color: #0000ff;\"><strong>\u00a0<\/strong><\/span><\/p>\n<p><span style=\"color: #0000ff;\"><strong>HOCKEY SU GHIACCIO<\/strong><\/span><\/p>\n<blockquote>\n<h2>ALLEGHE IN TRASFERTA IN RIVA AL LAGO DI COMO<\/h2>\n<\/blockquote>\n<p><strong><a class=\"dt-pswp-item\" href=\"https:\/\/www.radiopiu.net\/wordpress\/wp-content\/uploads\/2024\/10\/006708f6-1df4-4bf2-a25b-79c074b196cd.jpeg\" data-dt-img-description=\"\" data-large_image_width=\"940\" data-large_image_height=\"514\"><img loading=\"lazy\" decoding=\"async\" class=\"size-medium wp-image-415134 alignleft\" src=\"https:\/\/www.radiopiu.net\/wordpress\/wp-content\/uploads\/2024\/10\/006708f6-1df4-4bf2-a25b-79c074b196cd-300x164.jpeg\" alt=\"\" width=\"300\" height=\"164\" srcset=\"https:\/\/www.radiopiu.net\/wordpress\/wp-content\/uploads\/2024\/10\/006708f6-1df4-4bf2-a25b-79c074b196cd-300x164.jpeg 300w, https:\/\/www.radiopiu.net\/wordpress\/wp-content\/uploads\/2024\/10\/006708f6-1df4-4bf2-a25b-79c074b196cd-768x420.jpeg 768w, https:\/\/www.radiopiu.net\/wordpress\/wp-content\/uploads\/2024\/10\/006708f6-1df4-4bf2-a25b-79c074b196cd.jpeg 940w\" sizes=\"auto, (max-width: 300px) 100vw, 300px\" \/><\/a>DI ROBERTO MIANA, PORTAVOCE DELL\u2019ALLEGHE HOCKEY<\/strong><\/p>\n<p>Ottava giornata del campionato IHL di hockey su ghiaccio, sabato 19 ottobre alle 18:00 l\u2019Alleghe gioca a Como. Nell\u2019inedita trasferta valdostana contro l\u2019Aosta i Biancorossi sono stati sconfitti 2-6; un risultato bugiardo che non fotografa fedelmente la gara. Nella prima frazione, a causa delle innumerevoli inferiorit\u00e0 subite, gli alleghesi non riescono ad esprimere il miglior gioco andando in svantaggio e subendo l\u2019allontanamento dal pancone per proteste di coach Surenkin. Nel secondo tempo le Civette mettono pi\u00f9 volte in difficolt\u00e0 i padroni di casa, giungendo al pareggio grazie a De Val, ma una doppia superiorit\u00e0 numerica nel finale di tempo permette all\u2019Aosta di riportarsi in vantaggio. La prima parte di terzo periodo \u00e8 equilibrata, con l\u2019Alleghe che a sua volta capitalizza una doppia superiorit\u00e0, pervenendo con Shamardin al nuovo meritato pareggio. Quando si poteva pensare all\u2019overtime, nel finale di gara i valdostani trovano la rete che rompe nuovamente gli equilibri e con gli alleghesi stanchi, alla disperata ricerca del nuovo pareggio, i padroni di casa vanno in rete ancora tre volte, facendo assumere al risultato finale proporzioni che non rispecchiano i valori visti sul ghiaccio. Il Como, prossimo avversario delle Civette, attualmente \u00e8 il fanalino di coda della classifica, con sei sconfitte in altrettante gare disputate. Nell\u2019ultimo turno \u00e8 uscito sconfitto 7-4 dal ghiaccio di Bressanone, rimanendo in partita fino a pochi minuti dal termine. Squadra lariana comunque da non sottovalutare, che ha dato segnali di ripresa con nuovi innesti ed il rientro di alcuni infortunati. Migliori realizzatori della squadra sono il comasco Riccardo Ambrosoli (4+1) e l\u2019ucraino Ruzhnikov (3+3). Trenta i precedenti giocati in IHL tra Alleghe e Como, con 20 successi Agordini e 10 Lariani. L\u2019ultima gara in riva al Lario, giocata il 19 novembre dell\u2019anno scorso, ha visto l\u2019affermazione dei biancorossi 5-4 agli shootout.<\/p>\n<p>&nbsp;<\/p>\n<p><strong>HOCKEY COMO &#8211; ALLEGHE HOCKEY<\/strong><\/p>\n<p>Sabato 19 Ottobre ore 18:00 &#8211; Centro Sportivo Casate di Como. Arbitri: Luca Boverio e Fabio Lottaroli con giudici di linea Marco Brondi e Fabio Zen. Collegamenti in DIRETTA RADIOFONICA su Radio Pi\u00f9 (www.radiopiu.net) con \u201chockey al punto giusto\u201d, in studio Marco Gaz e da Como interventi di Roberto Miana<\/p>\n<p>&nbsp;<\/p>\n<p><span style=\"color: #0000ff;\"><strong>CALCIO<\/strong><\/span><\/p>\n<blockquote>\n<h3>IL MALTEMPO FERMA IL SETTORE GIOVANILE DELL&#8217;AGORDINA. IN CAMPO SOLO LA PRIMA SQUADRA<\/h3>\n<\/blockquote>\n<p><strong><a class=\"dt-pswp-item\" href=\"https:\/\/www.radiopiu.net\/wordpress\/wp-content\/uploads\/2018\/10\/CALCIO-PIOGGIA.jpg\" data-dt-img-description=\"\" data-large_image_width=\"900\" data-large_image_height=\"523\"><img loading=\"lazy\" decoding=\"async\" class=\" wp-image-65385 alignleft\" src=\"https:\/\/www.radiopiu.net\/wordpress\/wp-content\/uploads\/2018\/10\/CALCIO-PIOGGIA-300x174.jpg\" alt=\"\" width=\"184\" height=\"107\" srcset=\"https:\/\/www.radiopiu.net\/wordpress\/wp-content\/uploads\/2018\/10\/CALCIO-PIOGGIA-300x174.jpg 300w, https:\/\/www.radiopiu.net\/wordpress\/wp-content\/uploads\/2018\/10\/CALCIO-PIOGGIA-768x446.jpg 768w, https:\/\/www.radiopiu.net\/wordpress\/wp-content\/uploads\/2018\/10\/CALCIO-PIOGGIA.jpg 900w\" sizes=\"auto, (max-width: 184px) 100vw, 184px\" \/><\/a>DI MARCO GAZ<\/strong><\/p>\n<p><strong>REDAZIONE<\/strong> Il maltempo delle ultime ore ha messo a dura prova i campi della provincia di Belluno. Infatti, questo fine settimana \u00e8 stata sospesa tutta l&#8217;attivit\u00e0 calcistica regionale e provinciale, ad eccezione delle partite dei campionati maggiori previste per domenica pomeriggio. Pertanto, le partite di Terza Categoria bellunese si svolgeranno regolarmente. Tuttavia, i campionati provinciali della Delegazione di Belluno, inclusi Under 19 e Under 15 con gare previste per oggi pomeriggio, sono stati rinviati. Anche le partite Under 17, previste per domani mattina, sono state sospese. Per l&#8217;Agordina Calcio vuol dire un fine settimana da recuperare per quanto riguarda il settore giovanile ma non per la prima squadra. La compagine allenata da Elvio Chiea scender\u00e0 in campo regolarmente domani per la sesta giornata della Terza Categoria della provincia di Belluno. Dopo le due vittorie in casa delle ultime due tornate di campionato, gli agordini sono chiamati ad una trasferta che sulla carta li vede favoriti. infatti, domani alle 15:30, l&#8217;Agordina scender\u00e0 a Limana per giocare contro il fanalino di coda Bellunese Calcio. Come ogni domenica Radio Pi\u00f9 sar\u00e0 in onda con &#8220;Agordina In Prima Linea&#8221;, lo spazio dedicato all&#8217;Agordina calcio in programma alle 20:30 e in replica il marted\u00ec alle 16:30.<\/p>\n<p>&nbsp;<\/p>\n<p>&nbsp;<\/p>\n<hr \/>\n<p>&nbsp;<\/p>\n<h2><span style=\"color: #00ccff;\">GOODBYE BY BICICLE&#8230;UN VIAGGIO DALL&#8217;INDIA A SEREN DEL GRAPPA IN BICICLETTA<\/span><\/h2>\n<p><span style=\"color: #ff0000;\"><strong>PUNTATA 33 &#8211; FINALMENTE IN ITALIA<\/strong><\/span><\/p>\n<audio class=\"wp-audio-shortcode\" id=\"audio-415078-21\" preload=\"none\" style=\"width: 100%;\" controls=\"controls\"><source type=\"audio\/mpeg\" src=\"https:\/\/www.radiopiu.net\/wordpress\/wp-content\/uploads\/2024\/10\/AIRE-INDIA-PUNTATA-32.mp3?_=21\" \/><a href=\"https:\/\/www.radiopiu.net\/wordpress\/wp-content\/uploads\/2024\/10\/AIRE-INDIA-PUNTATA-32.mp3\">https:\/\/www.radiopiu.net\/wordpress\/wp-content\/uploads\/2024\/10\/AIRE-INDIA-PUNTATA-32.mp3<\/a><\/audio>\n<p>&nbsp;<\/p>\n<p><strong>PER VISITARE I SITI DEI LUOGHI VISITATI, CLICCA SULLE SEGUENTI SCRITTE: <a href=\"https:\/\/www.instagram.com\/igiardinidipomona?igsh=MXNycHRmcDl0MGZxcA==\"><span style=\"color: #3366ff;\">I GIARDINI DI POMONA<\/span><\/a><\/strong><\/p>\n\n\t\t\t<style type='text\/css'>\n\t\t\t\t#gallery-2 {\n\t\t\t\t\tmargin: auto;\n\t\t\t\t}\n\t\t\t\t#gallery-2 .gallery-item {\n\t\t\t\t\tfloat: left;\n\t\t\t\t\tmargin-top: 10px;\n\t\t\t\t\ttext-align: center;\n\t\t\t\t\twidth: 25%;\n\t\t\t\t}\n\t\t\t\t#gallery-2 img {\n\t\t\t\t\tborder: 2px solid #cfcfcf;\n\t\t\t\t}\n\t\t\t\t#gallery-2 .gallery-caption {\n\t\t\t\t\tmargin-left: 0;\n\t\t\t\t}\n\t\t\t\t\/* see gallery_shortcode() in wp-includes\/media.php *\/\n\t\t\t<\/style>\n\t\t<div id='gallery-2' class='dt-gallery-container gallery galleryid-415078 gallery-columns-4 gallery-size-thumbnail'><dl class='gallery-item'>\n\t\t\t\t<dt class='gallery-icon landscape'>\n\t\t\t\t\t<a class=\"rollover\" href='https:\/\/www.radiopiu.net\/wordpress\/goodbye-by-bicicle-un-viaggio-dallindia-a-seren-del-grappa-in-bicicletta-39\/f00f6dba-ff77-4cc3-b4c1-4f41c3b0860f\/'><img loading=\"lazy\" decoding=\"async\" width=\"150\" height=\"150\" src=\"https:\/\/www.radiopiu.net\/wordpress\/wp-content\/uploads\/2024\/10\/f00f6dba-ff77-4cc3-b4c1-4f41c3b0860f-150x150.jpg\" class=\"attachment-thumbnail size-thumbnail\" alt=\"\" \/><\/a>\n\t\t\t\t<\/dt><\/dl><dl class='gallery-item'>\n\t\t\t\t<dt class='gallery-icon landscape'>\n\t\t\t\t\t<a class=\"rollover\" href='https:\/\/www.radiopiu.net\/wordpress\/goodbye-by-bicicle-un-viaggio-dallindia-a-seren-del-grappa-in-bicicletta-39\/d6739c9b-e9dd-43c3-bde6-1f3804294ebc\/'><img loading=\"lazy\" decoding=\"async\" width=\"150\" height=\"150\" src=\"https:\/\/www.radiopiu.net\/wordpress\/wp-content\/uploads\/2024\/10\/d6739c9b-e9dd-43c3-bde6-1f3804294ebc-150x150.jpg\" class=\"attachment-thumbnail size-thumbnail\" alt=\"\" \/><\/a>\n\t\t\t\t<\/dt><\/dl><dl class='gallery-item'>\n\t\t\t\t<dt class='gallery-icon landscape'>\n\t\t\t\t\t<a class=\"rollover\" href='https:\/\/www.radiopiu.net\/wordpress\/goodbye-by-bicicle-un-viaggio-dallindia-a-seren-del-grappa-in-bicicletta-39\/4d1e76f9-9280-4c1f-9de9-4ba0958fea90\/'><img loading=\"lazy\" decoding=\"async\" width=\"150\" height=\"150\" src=\"https:\/\/www.radiopiu.net\/wordpress\/wp-content\/uploads\/2024\/10\/4d1e76f9-9280-4c1f-9de9-4ba0958fea90-150x150.jpg\" class=\"attachment-thumbnail size-thumbnail\" alt=\"\" \/><\/a>\n\t\t\t\t<\/dt><\/dl><dl class='gallery-item'>\n\t\t\t\t<dt class='gallery-icon landscape'>\n\t\t\t\t\t<a class=\"rollover\" href='https:\/\/www.radiopiu.net\/wordpress\/goodbye-by-bicicle-un-viaggio-dallindia-a-seren-del-grappa-in-bicicletta-39\/d689e048-0af9-4c2e-aea0-111b3974f2d4\/'><img loading=\"lazy\" decoding=\"async\" width=\"150\" height=\"150\" src=\"https:\/\/www.radiopiu.net\/wordpress\/wp-content\/uploads\/2024\/10\/d689e048-0af9-4c2e-aea0-111b3974f2d4-150x150.jpg\" class=\"attachment-thumbnail size-thumbnail\" alt=\"\" \/><\/a>\n\t\t\t\t<\/dt><\/dl><br style=\"clear: both\" \/>\n\t\t\t<\/div>\n\n<p>&nbsp;<\/p>\n<p>&nbsp;<\/p>\n<p>&nbsp;<\/p>\n<p>&nbsp;<\/p>\n","protected":false},"excerpt":{"rendered":"<p>******* &nbsp; LA\u00a0 APP PER IOS-IPHONE di Nicola Vettorello https:\/\/apps.apple.com\/it\/app\/radio-pi%C3%B9-emittente-agordina\/id1515939845 LA\u00a0 APP RADIO\u00a0 PER ANDROID di Nicola Vettorello https:\/\/play.google.com\/store\/apps\/details?id=net.radiopiu.iniko\u00a0\u00a0\u00a0 &nbsp; &nbsp; OGGI ALLA RADIO&#8230;. ALLE 4 E ALLE 6 LE NOTIZIE DALL&#8217;ITALIA E DAL MONDO 0500 l&#8217;almanacco della nostra gente con il MUSLA\u00a0 6.15 PIROLE DE LENGA A CURA DEL MUSLA 7.20 EL BAL DEL&hellip;<\/p>\n","protected":false},"author":4,"featured_media":415174,"comment_status":"closed","ping_status":"closed","sticky":false,"template":"","format":"standard","meta":{"_monsterinsights_skip_tracking":false,"_monsterinsights_sitenote_active":false,"_monsterinsights_sitenote_note":"","_monsterinsights_sitenote_category":0,"footnotes":""},"categories":[51,86,49],"tags":[],"class_list":["post-415078","post","type-post","status-publish","format-standard","has-post-thumbnail","hentry","category-evidenza-top","category-gr","category-news-18","category-51","category-86","category-49","description-off"],"img_url":"https:\/\/www.radiopiu.net\/wordpress\/wp-content\/uploads\/2024\/10\/9527dfaa-4e45-41fa-9795-73b22386cdcf.jpeg","_links":{"self":[{"href":"https:\/\/www.radiopiu.net\/wordpress\/wp-json\/wp\/v2\/posts\/415078","targetHints":{"allow":["GET"]}}],"collection":[{"href":"https:\/\/www.radiopiu.net\/wordpress\/wp-json\/wp\/v2\/posts"}],"about":[{"href":"https:\/\/www.radiopiu.net\/wordpress\/wp-json\/wp\/v2\/types\/post"}],"author":[{"embeddable":true,"href":"https:\/\/www.radiopiu.net\/wordpress\/wp-json\/wp\/v2\/users\/4"}],"replies":[{"embeddable":true,"href":"https:\/\/www.radiopiu.net\/wordpress\/wp-json\/wp\/v2\/comments?post=415078"}],"version-history":[{"count":28,"href":"https:\/\/www.radiopiu.net\/wordpress\/wp-json\/wp\/v2\/posts\/415078\/revisions"}],"predecessor-version":[{"id":415262,"href":"https:\/\/www.radiopiu.net\/wordpress\/wp-json\/wp\/v2\/posts\/415078\/revisions\/415262"}],"wp:featuredmedia":[{"embeddable":true,"href":"https:\/\/www.radiopiu.net\/wordpress\/wp-json\/wp\/v2\/media\/415174"}],"wp:attachment":[{"href":"https:\/\/www.radiopiu.net\/wordpress\/wp-json\/wp\/v2\/media?parent=415078"}],"wp:term":[{"taxonomy":"category","embeddable":true,"href":"https:\/\/www.radiopiu.net\/wordpress\/wp-json\/wp\/v2\/categories?post=415078"},{"taxonomy":"post_tag","embeddable":true,"href":"https:\/\/www.radiopiu.net\/wordpress\/wp-json\/wp\/v2\/tags?post=415078"}],"curies":[{"name":"wp","href":"https:\/\/api.w.org\/{rel}","templated":true}]}}