{"id":415154,"date":"2024-10-19T04:24:35","date_gmt":"2024-10-19T02:24:35","guid":{"rendered":"https:\/\/www.radiopiu.net\/wordpress\/?p=415154"},"modified":"2024-10-19T05:39:48","modified_gmt":"2024-10-19T03:39:48","slug":"sicurezza-ad-agordo-timori-crescenti-e-richieste-di-trasparenza","status":"publish","type":"post","link":"https:\/\/www.radiopiu.net\/wordpress\/sicurezza-ad-agordo-timori-crescenti-e-richieste-di-trasparenza\/","title":{"rendered":"Sicurezza ad Agordo: timori crescenti e richieste di trasparenza"},"content":{"rendered":"<p>**<\/p>\n<blockquote><p><em><img loading=\"lazy\" decoding=\"async\" class=\"alignleft\" src=\"https:\/\/www.radiopiu.net\/wordpress\/wp-content\/uploads\/2024\/03\/chiesa-agordo.jpg\" width=\"237\" height=\"133\" \/>Cittadini preoccupati chiedono maggiori azioni e comunicazione tra amministrazione e forze dell&#8217;ordine<\/em><\/p><\/blockquote>\n<div class=\"group\/conversation-turn relative flex w-full min-w-0 flex-col agent-turn\">\n<div class=\"flex-col gap-1 md:gap-3\">\n<div class=\"flex max-w-full flex-col flex-grow\">\n<div class=\"min-h-8 text-message flex w-full flex-col items-end gap-2 whitespace-normal break-words [.text-message+&amp;]:mt-5\" dir=\"auto\" data-message-author-role=\"assistant\" data-message-id=\"7b70358e-10d3-4a34-9955-4c0fde4e551c\" data-message-model-slug=\"gpt-4o\">\n<div class=\"flex w-full flex-col gap-1 empty:hidden first:pt-[3px]\">\n<div class=\"markdown prose w-full break-words dark:prose-invert dark\">\n<p><strong>AGORDO <\/strong>In seguito ai recenti fatti di cronaca che hanno coinvolto il Pronto Soccorso di Agordo, emergono sempre pi\u00f9 testimonianze di cittadini preoccupati per la sicurezza del centro cittadino. Tra queste, una residente ha raccontato di essere stata verbalmente aggredita, un episodio che ha aumentato il suo senso di insicurezza. <em>&#8220;La trasparenza tra il sindaco e le forze dell&#8217;ordine \u00e8 fondamentale \u2013 afferma la residente \u2013 perch\u00e9 molti di noi vivono nella paura. Ogni volta che salgo in macchina, mi guardo attorno pi\u00f9 volte, temendo che possano aggredirmi. Sono ovunque e temo per me, per le attivit\u00e0 del centro e per i nostri bambini&#8221;. <\/em>Lo sfogo, riflette il crescente malessere nella comunit\u00e0 agordina. Il desiderio di un&#8217;azione concreta \u00e8 forte, e molti sperano in interventi risolutivi da parte delle autorit\u00e0.<\/p>\n<p>___<\/p>\n<\/div>\n<\/div>\n<\/div>\n<\/div>\n<\/div>\n<\/div>\n","protected":false},"excerpt":{"rendered":"<p>** Cittadini preoccupati chiedono maggiori azioni e comunicazione tra amministrazione e forze dell&#8217;ordine AGORDO In seguito ai recenti fatti di cronaca che hanno coinvolto il Pronto Soccorso di Agordo, emergono sempre pi\u00f9 testimonianze di cittadini preoccupati per la sicurezza del centro cittadino. Tra queste, una residente ha raccontato di essere stata verbalmente aggredita, un episodio&hellip;<\/p>\n","protected":false},"author":4,"featured_media":380526,"comment_status":"closed","ping_status":"closed","sticky":false,"template":"","format":"standard","meta":{"_monsterinsights_skip_tracking":false,"_monsterinsights_sitenote_active":false,"_monsterinsights_sitenote_note":"","_monsterinsights_sitenote_category":0,"footnotes":""},"categories":[51,49],"tags":[],"class_list":["post-415154","post","type-post","status-publish","format-standard","has-post-thumbnail","hentry","category-evidenza-top","category-news-18","category-51","category-49","description-off"],"img_url":"https:\/\/www.radiopiu.net\/wordpress\/wp-content\/uploads\/2024\/03\/chiesa-agordo.jpg","_links":{"self":[{"href":"https:\/\/www.radiopiu.net\/wordpress\/wp-json\/wp\/v2\/posts\/415154","targetHints":{"allow":["GET"]}}],"collection":[{"href":"https:\/\/www.radiopiu.net\/wordpress\/wp-json\/wp\/v2\/posts"}],"about":[{"href":"https:\/\/www.radiopiu.net\/wordpress\/wp-json\/wp\/v2\/types\/post"}],"author":[{"embeddable":true,"href":"https:\/\/www.radiopiu.net\/wordpress\/wp-json\/wp\/v2\/users\/4"}],"replies":[{"embeddable":true,"href":"https:\/\/www.radiopiu.net\/wordpress\/wp-json\/wp\/v2\/comments?post=415154"}],"version-history":[{"count":1,"href":"https:\/\/www.radiopiu.net\/wordpress\/wp-json\/wp\/v2\/posts\/415154\/revisions"}],"predecessor-version":[{"id":415155,"href":"https:\/\/www.radiopiu.net\/wordpress\/wp-json\/wp\/v2\/posts\/415154\/revisions\/415155"}],"wp:featuredmedia":[{"embeddable":true,"href":"https:\/\/www.radiopiu.net\/wordpress\/wp-json\/wp\/v2\/media\/380526"}],"wp:attachment":[{"href":"https:\/\/www.radiopiu.net\/wordpress\/wp-json\/wp\/v2\/media?parent=415154"}],"wp:term":[{"taxonomy":"category","embeddable":true,"href":"https:\/\/www.radiopiu.net\/wordpress\/wp-json\/wp\/v2\/categories?post=415154"},{"taxonomy":"post_tag","embeddable":true,"href":"https:\/\/www.radiopiu.net\/wordpress\/wp-json\/wp\/v2\/tags?post=415154"}],"curies":[{"name":"wp","href":"https:\/\/api.w.org\/{rel}","templated":true}]}}