{"id":415202,"date":"2024-10-18T22:45:48","date_gmt":"2024-10-18T20:45:48","guid":{"rendered":"https:\/\/www.radiopiu.net\/wordpress\/?p=415202"},"modified":"2024-10-19T05:44:59","modified_gmt":"2024-10-19T03:44:59","slug":"il-maltempo-ferma-il-settore-giovanile-dellagordina-in-campo-solo-la-prima-squadra","status":"publish","type":"post","link":"https:\/\/www.radiopiu.net\/wordpress\/il-maltempo-ferma-il-settore-giovanile-dellagordina-in-campo-solo-la-prima-squadra\/","title":{"rendered":"IL MALTEMPO FERMA IL SETTORE GIOVANILE DELL&#8217;AGORDINA. IN CAMPO SOLO LA PRIMA SQUADRA"},"content":{"rendered":"<p>******<\/p>\n<p>&nbsp;<\/p>\n<p><strong><a class=\"dt-pswp-item\" href=\"https:\/\/www.radiopiu.net\/wordpress\/wp-content\/uploads\/2018\/10\/CALCIO-PIOGGIA.jpg\" data-dt-img-description=\"\" data-large_image_width=\"900\" data-large_image_height=\"523\"><img loading=\"lazy\" decoding=\"async\" class=\" wp-image-65385 alignleft\" src=\"https:\/\/www.radiopiu.net\/wordpress\/wp-content\/uploads\/2018\/10\/CALCIO-PIOGGIA-300x174.jpg\" alt=\"\" width=\"184\" height=\"107\" srcset=\"https:\/\/www.radiopiu.net\/wordpress\/wp-content\/uploads\/2018\/10\/CALCIO-PIOGGIA-300x174.jpg 300w, https:\/\/www.radiopiu.net\/wordpress\/wp-content\/uploads\/2018\/10\/CALCIO-PIOGGIA-768x446.jpg 768w, https:\/\/www.radiopiu.net\/wordpress\/wp-content\/uploads\/2018\/10\/CALCIO-PIOGGIA.jpg 900w\" sizes=\"auto, (max-width: 184px) 100vw, 184px\" \/><\/a>DI MARCO GAZ<\/strong><\/p>\n<p><strong>REDAZIONE<\/strong> Il maltempo delle ultime ore ha messo a dura prova i campi della provincia di Belluno. Infatti, questo fine settimana \u00e8 stata sospesa tutta l&#8217;attivit\u00e0 calcistica regionale e provinciale, ad eccezione delle partite dei campionati maggiori previste per domenica pomeriggio. Pertanto, le partite di Terza Categoria bellunese si svolgeranno regolarmente. Tuttavia, i campionati provinciali della Delegazione di Belluno, inclusi Under 19 e Under 15 con gare previste per oggi pomeriggio, sono stati rinviati. Anche le partite Under 17, previste per domani mattina, sono state sospese. Per l&#8217;Agordina Calcio vuol dire un fine settimana da recuperare per quanto riguarda il settore giovanile ma non per la prima squadra. La compagine allenata da Elvio Chiea scender\u00e0 in campo regolarmente domani per la sesta giornata della Terza Categoria della provincia di Belluno. Dopo le due vittorie in casa delle ultime due tornate di campionato, gli agordini sono chiamati ad una trasferta che sulla carta li vede favoriti. infatti, domani alle 15:30, l&#8217;Agordina scender\u00e0 a Limana per giocare contro il fanalino di coda Bellunese Calcio. Come ogni domenica Radio Pi\u00f9 sar\u00e0 in onda con &#8220;Agordina In Prima Linea&#8221;, lo spazio dedicato all&#8217;Agordina calcio in programma alle 20:30 e in replica il marted\u00ec alle 16:30.<\/p>\n<p>&nbsp;<\/p>\n<p>&nbsp;<\/p>\n<p>********<\/p>\n","protected":false},"excerpt":{"rendered":"<p>****** &nbsp; DI MARCO GAZ REDAZIONE Il maltempo delle ultime ore ha messo a dura prova i campi della provincia di Belluno. Infatti, questo fine settimana \u00e8 stata sospesa tutta l&#8217;attivit\u00e0 calcistica regionale e provinciale, ad eccezione delle partite dei campionati maggiori previste per domenica pomeriggio. Pertanto, le partite di Terza Categoria bellunese si svolgeranno&hellip;<\/p>\n","protected":false},"author":4,"featured_media":65385,"comment_status":"closed","ping_status":"closed","sticky":false,"template":"","format":"standard","meta":{"_monsterinsights_skip_tracking":false,"_monsterinsights_sitenote_active":false,"_monsterinsights_sitenote_note":"","_monsterinsights_sitenote_category":0,"footnotes":""},"categories":[104,49],"tags":[],"class_list":["post-415202","post","type-post","status-publish","format-standard","has-post-thumbnail","hentry","category-evidenza_3","category-news-18","category-104","category-49","description-off"],"img_url":"https:\/\/www.radiopiu.net\/wordpress\/wp-content\/uploads\/2018\/10\/CALCIO-PIOGGIA.jpg","_links":{"self":[{"href":"https:\/\/www.radiopiu.net\/wordpress\/wp-json\/wp\/v2\/posts\/415202","targetHints":{"allow":["GET"]}}],"collection":[{"href":"https:\/\/www.radiopiu.net\/wordpress\/wp-json\/wp\/v2\/posts"}],"about":[{"href":"https:\/\/www.radiopiu.net\/wordpress\/wp-json\/wp\/v2\/types\/post"}],"author":[{"embeddable":true,"href":"https:\/\/www.radiopiu.net\/wordpress\/wp-json\/wp\/v2\/users\/4"}],"replies":[{"embeddable":true,"href":"https:\/\/www.radiopiu.net\/wordpress\/wp-json\/wp\/v2\/comments?post=415202"}],"version-history":[{"count":1,"href":"https:\/\/www.radiopiu.net\/wordpress\/wp-json\/wp\/v2\/posts\/415202\/revisions"}],"predecessor-version":[{"id":415203,"href":"https:\/\/www.radiopiu.net\/wordpress\/wp-json\/wp\/v2\/posts\/415202\/revisions\/415203"}],"wp:featuredmedia":[{"embeddable":true,"href":"https:\/\/www.radiopiu.net\/wordpress\/wp-json\/wp\/v2\/media\/65385"}],"wp:attachment":[{"href":"https:\/\/www.radiopiu.net\/wordpress\/wp-json\/wp\/v2\/media?parent=415202"}],"wp:term":[{"taxonomy":"category","embeddable":true,"href":"https:\/\/www.radiopiu.net\/wordpress\/wp-json\/wp\/v2\/categories?post=415202"},{"taxonomy":"post_tag","embeddable":true,"href":"https:\/\/www.radiopiu.net\/wordpress\/wp-json\/wp\/v2\/tags?post=415202"}],"curies":[{"name":"wp","href":"https:\/\/api.w.org\/{rel}","templated":true}]}}