{"id":415282,"date":"2024-10-21T05:32:26","date_gmt":"2024-10-21T03:32:26","guid":{"rendered":"https:\/\/www.radiopiu.net\/wordpress\/?p=415282"},"modified":"2024-10-21T08:54:00","modified_gmt":"2024-10-21T06:54:00","slug":"giornale-radiopiu-21-ottobre-2024-direttore-mirko-mezzacasada-41-anni-25-giugno-1983-25-giugno-202","status":"publish","type":"post","link":"https:\/\/www.radiopiu.net\/wordpress\/giornale-radiopiu-21-ottobre-2024-direttore-mirko-mezzacasada-41-anni-25-giugno-1983-25-giugno-202\/","title":{"rendered":"GIORNALE RADIOPIU 21 OTTOBRE 2024 DIRETTORE MIRKO MEZZACASA\u2026DA 41 ANNI 25 GIUGNO 1983-25 GIUGNO 202"},"content":{"rendered":"<p>*******<\/p>\n<p>&nbsp;<\/p>\n<p><em><span style=\"color: #ff0000;\"><a class=\"dt-pswp-item\" href=\"https:\/\/www.radiopiu.net\/wordpress\/wp-content\/uploads\/2024\/10\/Senza-nome-8.png\" data-dt-img-description=\"\" data-large_image_width=\"343\" data-large_image_height=\"303\"><img loading=\"lazy\" decoding=\"async\" class=\"wp-image-412130 alignleft\" src=\"https:\/\/www.radiopiu.net\/wordpress\/wp-content\/uploads\/2024\/10\/Senza-nome-8-300x265.png\" alt=\"\" width=\"105\" height=\"93\" srcset=\"https:\/\/www.radiopiu.net\/wordpress\/wp-content\/uploads\/2024\/10\/Senza-nome-8-300x265.png 300w, https:\/\/www.radiopiu.net\/wordpress\/wp-content\/uploads\/2024\/10\/Senza-nome-8.png 343w\" sizes=\"auto, (max-width: 105px) 100vw, 105px\" \/><\/a><\/span><\/em><strong><em><span style=\"color: #ff0000;\"> LA\u00a0 APP PER IOS-IPHONE di Nicola Vettorello<\/span><\/em><\/strong><\/p>\n<p><strong><span style=\"color: #0000ff;\"><a style=\"color: #0000ff;\" href=\"https:\/\/apps.apple.com\/it\/app\/radio-pi%C3%B9-emittente-agordina\/id1515939845\">https:\/\/apps.apple.com\/it\/app\/radio-pi%C3%B9-emittente-agordina\/id1515939845<\/a><\/span><\/strong><\/p>\n<p><strong><em style=\"color: #ff0000;\">LA\u00a0 APP RADIO\u00a0 PER ANDROID di Nicola Vettorello<\/em><\/strong><\/p>\n<p><strong><span style=\"color: #0000ff;\"><a style=\"color: #0000ff;\" href=\"https:\/\/play.google.com\/store\/apps\/details?id=net.radiopiu.iniko\" target=\"_blank\" rel=\"noopener noreferrer\">https:\/\/<\/a><a style=\"color: #0000ff;\" href=\"https:\/\/play.google.com\/store\/apps\/details?id=net.radiopiu.iniko\" target=\"_blank\" rel=\"noopener noreferrer\">play.google.com\/store\/apps\/details?id=net.radiopiu.iniko\u00a0\u00a0\u00a0<\/a><\/span><\/strong><\/p>\n<p>&nbsp;<\/p>\n<p><strong><a class=\"dt-pswp-item\" href=\"https:\/\/www.radiopiu.net\/wordpress\/wp-content\/uploads\/2024\/10\/Senza-nome-89.png\" data-dt-img-description=\"\" data-large_image_width=\"176\" data-large_image_height=\"179\"><img loading=\"lazy\" decoding=\"async\" class=\"wp-image-415528 alignleft\" src=\"https:\/\/www.radiopiu.net\/wordpress\/wp-content\/uploads\/2024\/10\/Senza-nome-89.png\" alt=\"\" width=\"89\" height=\"91\" \/><\/a>MERCOLEDI DALLE 20.30&#8230; ACCENDI LA RADIO! MORENO E GIGI I DJ DEGLI ANNI OTTANTA E NOVANTA SONO PRONTI A PROPORTI UNA SERATA INDIMENTICABILE&#8230; CON OSPITI D&#8217;ECCEZIONE&#8230;<\/strong><br \/>\n<strong>DI SERA ALLA RADIO&#8230; DI MERCOLEDI&#8230; SU RADIOPIU<\/strong><br \/>\n<strong>DA UN&#8217;IDEA DI MORENO TOCCHETTO\u00a0<\/strong><\/p>\n<p>&nbsp;<\/p>\n<p>&nbsp;<\/p>\n<hr \/>\n<div dir=\"auto\"><\/div>\n<div dir=\"auto\"><\/div>\n<p><strong><a class=\"dt-pswp-item\" href=\"https:\/\/www.radiopiu.net\/wordpress\/wp-content\/uploads\/2024\/05\/PAOLO-SOPPELSA.jpg\" data-dt-img-description=\"\" data-large_image_width=\"768\" data-large_image_height=\"768\"><img loading=\"lazy\" decoding=\"async\" class=\" wp-image-388477 alignleft\" src=\"https:\/\/www.radiopiu.net\/wordpress\/wp-content\/uploads\/2024\/05\/PAOLO-SOPPELSA-300x300.jpg\" alt=\"\" width=\"175\" height=\"175\" srcset=\"https:\/\/www.radiopiu.net\/wordpress\/wp-content\/uploads\/2024\/05\/PAOLO-SOPPELSA-300x300.jpg 300w, https:\/\/www.radiopiu.net\/wordpress\/wp-content\/uploads\/2024\/05\/PAOLO-SOPPELSA-150x150.jpg 150w, https:\/\/www.radiopiu.net\/wordpress\/wp-content\/uploads\/2024\/05\/PAOLO-SOPPELSA.jpg 768w\" sizes=\"auto, (max-width: 175px) 100vw, 175px\" \/><\/a>OGGI ALLA RADIO&#8230;.<\/strong> <span style=\"color: #ff0000;\">ALLE 4 E ALLE 6<\/span> LE NOTIZIE DALL&#8217;ITALIA E DAL MONDO <span style=\"color: #ff0000;\"> 0500 <span style=\"color: #0000ff;\">l&#8217;almanacco della nostra gente con il MUSLA\u00a0<\/span><\/span><span style=\"color: #ff0000;\"> 6.15<\/span> PIROLE DE LENGA A CURA DEL MUSLA<span style=\"color: #ff0000;\"> 7.20<\/span> EL BAL DEL FIORI, DETTI E TRADIZIONI DI GIULIANA DA RONCH <span style=\"color: #ff0000;\">8.05<\/span> LA RASSEGNA STAMPA LOCALE<span style=\"color: #ff0000;\"> 8.30 <span style=\"color: #000000;\">PIU&#8217; SIAMO CON MARINA DONA&#8217;<\/span><span style=\"color: #000000;\">\u00a0\u00a0<\/span> 900 O<span style=\"color: #000000;\">GGI COME IERI, IL LUNEDI E IL MERCOLEDI MATTINA CON SILVIA BALDO<\/span> 9.30<span style=\"color: #000000;\"> I RACCONTI DI PAOLO SOPPELSA<\/span>\u00a0 <span style=\"color: #000000;\">(foto)\u00a0<\/span><\/span><span style=\"color: #ff0000;\"><span style=\"color: #000000;\">\u00a0<\/span><\/span><span style=\"color: #ff0000;\">9.40<\/span> VIABILITA&#8217; CON BOTOL CAR SERVICE (AGORDO-SEDICO-FELTRE)\u00a0 <span style=\"color: #ff0000;\">10.30<\/span> andrea grigoletto e la nuova arena di Borgo Valbelluna di Alesasi Dall&#8217;O <span style=\"color: #0000ff;\">11 10<\/span> paola lanciato emozione continua un secolo di radio piu&#8217; 41 di musica <span style=\"color: #ff0000;\">11.40<\/span> FESTIVALBAR STORY DI ATHOS DJ DAVID BEN\u00a0 \u00a0 <span style=\"color: #ff0000;\">12.00<\/span> VA TUTTO LISCIO\u00a0 <span style=\"color: #ff0000;\">12.30<\/span> GIORNALE RADIO PRINCIPALE \u00a0<span style=\"color: #ff0000;\">13.20<\/span> FOGLIE E CASTAGNE DI MARINA DONA&#8217;\u00a0<span style=\"color: #ff0000;\"> 1310<\/span> SALUTE E SOCIETA&#8217;CON IL DOTTOR MARCO CARACCIOLO <span style=\"color: #ff0000;\">\u00a0<\/span><span style=\"color: #ff0000;\">14.00\u00a0<\/span><span style=\"color: #ff0000;\"><span style=\"color: #000000;\"> COLLAGE OPERAZIONE NOSTALGIA, LORIS SCUSSEL<\/span><span style=\"color: #ff0000;\">\u00a015.10<\/span><\/span>\u00a0 RITRATTI SONORI, CON ALESSIA DALL&#8217;O, AL VIA LA SECONDA STAGIONE\u00a0 <span style=\"color: #ff0000;\">16<\/span> IL ROCK DI MARCO COSTANTINI \u00a0<span style=\"color: #ff0000;\">1645<\/span> LE HIT DI MIRCO BENCIVENNI <span style=\"color: #ff0000;\">18.00<\/span> PIU&#8217; DANCE LE SELEZIONI CHE FANNO SALTARE DI DJ JACK, JACOPO DEL TEDESCO <span style=\"color: #ff0000;\">19.00 <span style=\"color: #000000;\">LE ANTICIPAZIONI DAL TG DI ANTENNA 3 DI TIZIANA BOLOGNANI\u00a0<\/span><\/span><\/p>\n<p><strong>rassegna stampa nazionale,<\/strong> ogni giorno alle 5 e alle 6 del mattino<br \/>\ngiornali locali 7 rassegna stampa flash, 8 rassegna stampa, gr flash alle 10 e alle 11, principale 12.30. Informazione pomeriggio alle 15 (speciale) 16, 17, 18. Giornale radio nazionale: ogni ora dalle 5 del mattino, alle 20 della sera.<\/p>\n<p>&nbsp;<\/p>\n<hr \/>\n<p>&nbsp;<\/p>\n<blockquote>\n<h2>LA COMETA E L&#8217;AGNER&#8230;<\/h2>\n<\/blockquote>\n<p><strong>AGORDO<\/strong> La cometa si vede ancora. Vista da Agordo verso l\u2019Agner <strong>FOTO<\/strong> di Manuel Conedera<\/p>\n<p><a class=\"dt-pswp-item\" href=\"https:\/\/www.radiopiu.net\/wordpress\/wp-content\/uploads\/2024\/10\/fd12f174-5b31-4e41-99d6-d5857a95c8ed-scaled.jpg\" data-dt-img-description=\"\" data-large_image_width=\"2560\" data-large_image_height=\"1710\"><img loading=\"lazy\" decoding=\"async\" class=\"alignnone size-medium wp-image-415503\" src=\"https:\/\/www.radiopiu.net\/wordpress\/wp-content\/uploads\/2024\/10\/fd12f174-5b31-4e41-99d6-d5857a95c8ed-300x200.jpg\" alt=\"\" width=\"300\" height=\"200\" srcset=\"https:\/\/www.radiopiu.net\/wordpress\/wp-content\/uploads\/2024\/10\/fd12f174-5b31-4e41-99d6-d5857a95c8ed-300x200.jpg 300w, https:\/\/www.radiopiu.net\/wordpress\/wp-content\/uploads\/2024\/10\/fd12f174-5b31-4e41-99d6-d5857a95c8ed-1024x684.jpg 1024w, https:\/\/www.radiopiu.net\/wordpress\/wp-content\/uploads\/2024\/10\/fd12f174-5b31-4e41-99d6-d5857a95c8ed-768x513.jpg 768w, https:\/\/www.radiopiu.net\/wordpress\/wp-content\/uploads\/2024\/10\/fd12f174-5b31-4e41-99d6-d5857a95c8ed-1536x1026.jpg 1536w, https:\/\/www.radiopiu.net\/wordpress\/wp-content\/uploads\/2024\/10\/fd12f174-5b31-4e41-99d6-d5857a95c8ed-2048x1368.jpg 2048w\" sizes=\"auto, (max-width: 300px) 100vw, 300px\" \/><\/a><a class=\"dt-pswp-item\" href=\"https:\/\/www.radiopiu.net\/wordpress\/wp-content\/uploads\/2024\/10\/c6f4b8f1-b6b0-42e0-bc0d-cb54e7a0416e-scaled.jpg\" data-dt-img-description=\"\" data-large_image_width=\"2560\" data-large_image_height=\"1710\"><img loading=\"lazy\" decoding=\"async\" class=\"alignnone size-medium wp-image-415504\" src=\"https:\/\/www.radiopiu.net\/wordpress\/wp-content\/uploads\/2024\/10\/c6f4b8f1-b6b0-42e0-bc0d-cb54e7a0416e-300x200.jpg\" alt=\"\" width=\"300\" height=\"200\" srcset=\"https:\/\/www.radiopiu.net\/wordpress\/wp-content\/uploads\/2024\/10\/c6f4b8f1-b6b0-42e0-bc0d-cb54e7a0416e-300x200.jpg 300w, https:\/\/www.radiopiu.net\/wordpress\/wp-content\/uploads\/2024\/10\/c6f4b8f1-b6b0-42e0-bc0d-cb54e7a0416e-1024x684.jpg 1024w, https:\/\/www.radiopiu.net\/wordpress\/wp-content\/uploads\/2024\/10\/c6f4b8f1-b6b0-42e0-bc0d-cb54e7a0416e-768x513.jpg 768w, https:\/\/www.radiopiu.net\/wordpress\/wp-content\/uploads\/2024\/10\/c6f4b8f1-b6b0-42e0-bc0d-cb54e7a0416e-1536x1026.jpg 1536w, https:\/\/www.radiopiu.net\/wordpress\/wp-content\/uploads\/2024\/10\/c6f4b8f1-b6b0-42e0-bc0d-cb54e7a0416e-2048x1368.jpg 2048w\" sizes=\"auto, (max-width: 300px) 100vw, 300px\" \/><\/a><a class=\"dt-pswp-item\" href=\"https:\/\/www.radiopiu.net\/wordpress\/wp-content\/uploads\/2024\/10\/dbc99cc8-62a6-48db-a3a5-fb30417abfae-scaled.jpg\" data-dt-img-description=\"\" data-large_image_width=\"2560\" data-large_image_height=\"1709\"><img loading=\"lazy\" decoding=\"async\" class=\"alignnone size-medium wp-image-415505\" src=\"https:\/\/www.radiopiu.net\/wordpress\/wp-content\/uploads\/2024\/10\/dbc99cc8-62a6-48db-a3a5-fb30417abfae-300x200.jpg\" alt=\"\" width=\"300\" height=\"200\" srcset=\"https:\/\/www.radiopiu.net\/wordpress\/wp-content\/uploads\/2024\/10\/dbc99cc8-62a6-48db-a3a5-fb30417abfae-300x200.jpg 300w, https:\/\/www.radiopiu.net\/wordpress\/wp-content\/uploads\/2024\/10\/dbc99cc8-62a6-48db-a3a5-fb30417abfae-1024x684.jpg 1024w, https:\/\/www.radiopiu.net\/wordpress\/wp-content\/uploads\/2024\/10\/dbc99cc8-62a6-48db-a3a5-fb30417abfae-768x513.jpg 768w, https:\/\/www.radiopiu.net\/wordpress\/wp-content\/uploads\/2024\/10\/dbc99cc8-62a6-48db-a3a5-fb30417abfae-1536x1025.jpg 1536w, https:\/\/www.radiopiu.net\/wordpress\/wp-content\/uploads\/2024\/10\/dbc99cc8-62a6-48db-a3a5-fb30417abfae-2048x1367.jpg 2048w\" sizes=\"auto, (max-width: 300px) 100vw, 300px\" \/><\/a><\/p>\n<p>&nbsp;<\/p>\n<p>&nbsp;<\/p>\n<hr \/>\n<p>&nbsp;<\/p>\n<p>&nbsp;<\/p>\n<div class=\"x11i5rnm xat24cr x1mh8g0r x1vvkbs xtlvy1s x126k92a\">\n<div dir=\"auto\">\n<div dir=\"auto\">\n<p><strong><a class=\"dt-pswp-item\" href=\"https:\/\/www.radiopiu.net\/wordpress\/wp-content\/uploads\/2024\/02\/2d44e751-d8a8-461b-8e22-d8e4e853b032.jpg\" data-dt-img-description=\"\" data-large_image_width=\"1600\" data-large_image_height=\"1200\"><img loading=\"lazy\" decoding=\"async\" class=\"wp-image-373307 alignleft\" src=\"https:\/\/www.radiopiu.net\/wordpress\/wp-content\/uploads\/2024\/02\/2d44e751-d8a8-461b-8e22-d8e4e853b032-300x225.jpg\" alt=\"\" width=\"105\" height=\"79\" srcset=\"https:\/\/www.radiopiu.net\/wordpress\/wp-content\/uploads\/2024\/02\/2d44e751-d8a8-461b-8e22-d8e4e853b032-300x225.jpg 300w, https:\/\/www.radiopiu.net\/wordpress\/wp-content\/uploads\/2024\/02\/2d44e751-d8a8-461b-8e22-d8e4e853b032-1024x768.jpg 1024w, https:\/\/www.radiopiu.net\/wordpress\/wp-content\/uploads\/2024\/02\/2d44e751-d8a8-461b-8e22-d8e4e853b032-768x576.jpg 768w, https:\/\/www.radiopiu.net\/wordpress\/wp-content\/uploads\/2024\/02\/2d44e751-d8a8-461b-8e22-d8e4e853b032-1536x1152.jpg 1536w, https:\/\/www.radiopiu.net\/wordpress\/wp-content\/uploads\/2024\/02\/2d44e751-d8a8-461b-8e22-d8e4e853b032.jpg 1600w\" sizes=\"auto, (max-width: 105px) 100vw, 105px\" \/><\/a>EL BAL DEL FIOR, DI GIULIANA DA RONCH, 21 OTTOBRE<\/strong><strong>\u00a02024<\/strong><\/p>\n<\/div>\n<\/div>\n<\/div>\n<div>\n<audio class=\"wp-audio-shortcode\" id=\"audio-415282-1\" preload=\"none\" style=\"width: 100%;\" controls=\"controls\"><source type=\"audio\/mpeg\" src=\"https:\/\/www.radiopiu.net\/wordpress\/wp-content\/uploads\/2024\/10\/GLU-2.mp3?_=1\" \/><a href=\"https:\/\/www.radiopiu.net\/wordpress\/wp-content\/uploads\/2024\/10\/GLU-2.mp3\">https:\/\/www.radiopiu.net\/wordpress\/wp-content\/uploads\/2024\/10\/GLU-2.mp3<\/a><\/audio>\n<\/div>\n<div><\/div>\n<hr \/>\n<p>&nbsp;<\/p>\n<div class=\"x11i5rnm xat24cr x1mh8g0r x1vvkbs xtlvy1s x126k92a\">\n<h1><span style=\"color: #ff0000;\"><a class=\"dt-pswp-item\" href=\"https:\/\/www.radiopiu.net\/wordpress\/wp-content\/uploads\/2024\/06\/th-5.jpg\" data-dt-img-description=\"\" data-large_image_width=\"326\" data-large_image_height=\"180\"><img loading=\"lazy\" decoding=\"async\" class=\"size-medium wp-image-395881 alignleft\" src=\"https:\/\/www.radiopiu.net\/wordpress\/wp-content\/uploads\/2024\/06\/th-5-300x166.jpg\" alt=\"\" width=\"300\" height=\"166\" srcset=\"https:\/\/www.radiopiu.net\/wordpress\/wp-content\/uploads\/2024\/06\/th-5-300x166.jpg 300w, https:\/\/www.radiopiu.net\/wordpress\/wp-content\/uploads\/2024\/06\/th-5.jpg 326w\" sizes=\"auto, (max-width: 300px) 100vw, 300px\" \/><\/a><\/span><\/h1>\n<h1><\/h1>\n<h1><\/h1>\n<h1><span style=\"color: #000000;\">21 OTTOBRE&#8230; alla radio l&#8217;almanacco\u00a0<\/span><\/h1>\n<audio class=\"wp-audio-shortcode\" id=\"audio-415282-2\" preload=\"none\" style=\"width: 100%;\" controls=\"controls\"><source type=\"audio\/mpeg\" src=\"https:\/\/www.radiopiu.net\/wordpress\/wp-content\/uploads\/2024\/10\/ALMANACCONEW-16.mp3?_=2\" \/><a href=\"https:\/\/www.radiopiu.net\/wordpress\/wp-content\/uploads\/2024\/10\/ALMANACCONEW-16.mp3\">https:\/\/www.radiopiu.net\/wordpress\/wp-content\/uploads\/2024\/10\/ALMANACCONEW-16.mp3<\/a><\/audio>\n<p>&nbsp;<\/p>\n<p>&nbsp;<\/p>\n<hr \/>\n<p>&nbsp;<\/p>\n<p>&nbsp;<\/p>\n<blockquote>\n<h1><strong><a class=\"dt-pswp-item\" href=\"https:\/\/www.radiopiu.net\/wordpress\/wp-content\/uploads\/2024\/10\/629301fd-708d-4f53-95c2-d28cbefd500f.jpg\" data-dt-img-description=\"\" data-large_image_width=\"1600\" data-large_image_height=\"1322\"><img loading=\"lazy\" decoding=\"async\" class=\"wp-image-413782 alignleft\" src=\"https:\/\/www.radiopiu.net\/wordpress\/wp-content\/uploads\/2024\/10\/629301fd-708d-4f53-95c2-d28cbefd500f-300x248.jpg\" alt=\"\" width=\"186\" height=\"154\" srcset=\"https:\/\/www.radiopiu.net\/wordpress\/wp-content\/uploads\/2024\/10\/629301fd-708d-4f53-95c2-d28cbefd500f-300x248.jpg 300w, https:\/\/www.radiopiu.net\/wordpress\/wp-content\/uploads\/2024\/10\/629301fd-708d-4f53-95c2-d28cbefd500f-1024x846.jpg 1024w, https:\/\/www.radiopiu.net\/wordpress\/wp-content\/uploads\/2024\/10\/629301fd-708d-4f53-95c2-d28cbefd500f-768x635.jpg 768w, https:\/\/www.radiopiu.net\/wordpress\/wp-content\/uploads\/2024\/10\/629301fd-708d-4f53-95c2-d28cbefd500f-1536x1269.jpg 1536w, https:\/\/www.radiopiu.net\/wordpress\/wp-content\/uploads\/2024\/10\/629301fd-708d-4f53-95c2-d28cbefd500f.jpg 1600w\" sizes=\"auto, (max-width: 186px) 100vw, 186px\" \/><\/a>N di parom &#8211; L Almanach de la nosta jent<\/strong><\/h1>\n<\/blockquote>\n<p>Le voci: Davide Conedera, Agordo, Michela Dell&#8217;Osbel, La Valle Agordina Simone Ganz, Falcade Veronica Lezuo, Colle Santa Lucia. La voce nella sigla \u00e8 di Giorgia Taio<\/p>\n<p><strong>LA PUNTATA DI OGGI, 21 OTTOBRE<\/strong><\/p>\n<\/div>\n<div class=\"x11i5rnm xat24cr x1mh8g0r x1vvkbs xtlvy1s x126k92a\">\n<audio class=\"wp-audio-shortcode\" id=\"audio-415282-3\" preload=\"none\" style=\"width: 100%;\" controls=\"controls\"><source type=\"audio\/mpeg\" src=\"https:\/\/www.radiopiu.net\/wordpress\/wp-content\/uploads\/2024\/10\/AL1.mp3?_=3\" \/><a href=\"https:\/\/www.radiopiu.net\/wordpress\/wp-content\/uploads\/2024\/10\/AL1.mp3\">https:\/\/www.radiopiu.net\/wordpress\/wp-content\/uploads\/2024\/10\/AL1.mp3<\/a><\/audio>\n<p>&nbsp;<\/p>\n<div dir=\"auto\">\n<hr \/>\n<\/div>\n<\/div>\n<blockquote>\n<blockquote>\n<h1><span style=\"color: #ff0000;\">\u00a0<\/span><\/h1>\n<h1><span style=\"color: #ff0000;\">I podcast informativi del mattino &#8211; audio &#8211;\u00a0\u00a0<\/span><\/h1>\n<\/blockquote>\n<p><strong><a class=\"dt-pswp-item\" href=\"https:\/\/www.radiopiu.net\/wordpress\/wp-content\/uploads\/2023\/11\/th-10.jpg\" data-dt-img-description=\"\" data-large_image_width=\"320\" data-large_image_height=\"180\"><img loading=\"lazy\" decoding=\"async\" class=\"wp-image-362866 alignleft\" src=\"https:\/\/www.radiopiu.net\/wordpress\/wp-content\/uploads\/2023\/11\/th-10-300x169.jpg\" alt=\"\" width=\"185\" height=\"104\" srcset=\"https:\/\/www.radiopiu.net\/wordpress\/wp-content\/uploads\/2023\/11\/th-10-300x169.jpg 300w, https:\/\/www.radiopiu.net\/wordpress\/wp-content\/uploads\/2023\/11\/th-10.jpg 320w\" sizes=\"auto, (max-width: 185px) 100vw, 185px\" \/><\/a>LA RASSEGNA STAMPA NAZIONALE ALLA RADIO, OGNI GIORNO ALLE 5 E ALLE 6 DEL MATTINO <span style=\"color: #0000ff;\">viene pubblicata alle 6.00 <span style=\"color: #ff0000;\">DIRETTA RADIO\u00a0 \u00a0\u00a0<\/span><\/span><\/strong><\/p><\/blockquote>\n<p>&nbsp;<\/p>\n<p><strong>NOTIZIE DELLA NOTTE<\/strong><\/p>\n<p><strong>Attacchi russi<\/strong> a Kharkiv, &#8216;almeno 9 feriti&#8217; <strong>Uragano Oscar<\/strong> arriva a Cuba mentre proseguono blackout <strong>Banca centrale cinese<\/strong> taglia prime rate a un anno al 3,10% <strong>Borsa<\/strong>: Tokyo, apertura poco variata (-0,11%) <strong>Gruppo finanziario Hezbollah<\/strong> minaccia &#8216;occhio per occhio&#8217; <strong>Fonte Libano<\/strong>, raid israeliani vicino all&#8217;aeroporto Beirut <strong>Moldavia:<\/strong> prime proiezioni voto su Ue, No in testa col 58% <strong>Unifil,<\/strong> Idf ha demolito una torre di osservazion<\/p>\n<h2>AUDIO dalle 6 del mattino<\/h2>\n<audio class=\"wp-audio-shortcode\" id=\"audio-415282-4\" preload=\"none\" style=\"width: 100%;\" controls=\"controls\"><source type=\"audio\/mpeg\" src=\"https:\/\/www.radiopiu.net\/wordpress\/wp-content\/uploads\/2024\/10\/GIORNALEDELLESEI-17.mp3?_=4\" \/><a href=\"https:\/\/www.radiopiu.net\/wordpress\/wp-content\/uploads\/2024\/10\/GIORNALEDELLESEI-17.mp3\">https:\/\/www.radiopiu.net\/wordpress\/wp-content\/uploads\/2024\/10\/GIORNALEDELLESEI-17.mp3<\/a><\/audio>\n<p>&nbsp;<\/p>\n<p>&nbsp;<\/p>\n<p>&nbsp;<\/p>\n<hr \/>\n<p>&nbsp;<\/p>\n<h1 style=\"text-align: center;\"><span style=\"color: #ff0000;\">I podcast informativi del mattino &#8211; audio &#8211;\u00a0<\/span><\/h1>\n<p><strong><a class=\"dt-pswp-item\" href=\"https:\/\/www.radiopiu.net\/wordpress\/wp-content\/uploads\/2023\/12\/images.png\" data-dt-img-description=\"\" data-large_image_width=\"316\" data-large_image_height=\"160\"><img loading=\"lazy\" decoding=\"async\" class=\"wp-image-367008 alignleft\" src=\"https:\/\/www.radiopiu.net\/wordpress\/wp-content\/uploads\/2023\/12\/images-300x152.png\" alt=\"\" width=\"235\" height=\"119\" srcset=\"https:\/\/www.radiopiu.net\/wordpress\/wp-content\/uploads\/2023\/12\/images-300x152.png 300w, https:\/\/www.radiopiu.net\/wordpress\/wp-content\/uploads\/2023\/12\/images.png 316w\" sizes=\"auto, (max-width: 235px) 100vw, 235px\" \/><\/a>OGNI GIORNO ALLE SETTE DEL MATTINO, LA RASSEGNA STAMPA LOCALE FLASH&#8230; PER CHI VA IN FRETTA. I TITOLI DAI GIORNALI E DAL SITO WWW.RADIOPIU.NET <span style=\"color: #0000ff;\">viene pubblicato alle 7.00<\/span> <span style=\"color: #ff0000;\">DIRETTA RADIO\u00a0<\/span><\/strong><\/p>\n<p><em><span style=\"color: #ff0000;\">per chi va in fretta&#8230; tante notizie in pochi minuti. L&#8217;informazione locale alla radio, ogni ora dalle 7 del mattino alle 19 della sera.<\/span><\/em><\/p>\n<h1>AUDIO dalle 7 del mattino<\/h1>\n<audio class=\"wp-audio-shortcode\" id=\"audio-415282-5\" preload=\"none\" style=\"width: 100%;\" controls=\"controls\"><source type=\"audio\/mpeg\" src=\"https:\/\/www.radiopiu.net\/wordpress\/wp-content\/uploads\/2024\/10\/GF07-17.mp3?_=5\" \/><a href=\"https:\/\/www.radiopiu.net\/wordpress\/wp-content\/uploads\/2024\/10\/GF07-17.mp3\">https:\/\/www.radiopiu.net\/wordpress\/wp-content\/uploads\/2024\/10\/GF07-17.mp3<\/a><\/audio>\n<p>&nbsp;<\/p>\n<p>&nbsp;<\/p>\n<p>&nbsp;<\/p>\n<hr \/>\n<p>&nbsp;<\/p>\n<h1><\/h1>\n<h1 style=\"text-align: center;\"><span style=\"color: #ff0000;\"><a class=\"dt-pswp-item\" href=\"https:\/\/www.radiopiu.net\/wordpress\/wp-content\/uploads\/2022\/01\/026c3f9d-dae9-4040-a3c1-a6530231bcc3.jpg\" data-dt-img-description=\"\" data-large_image_width=\"1152\" data-large_image_height=\"2048\"><img loading=\"lazy\" decoding=\"async\" class=\"wp-image-251839 alignleft\" src=\"https:\/\/www.radiopiu.net\/wordpress\/wp-content\/uploads\/2022\/01\/026c3f9d-dae9-4040-a3c1-a6530231bcc3-169x300.jpg\" alt=\"\" width=\"100\" height=\"177\" srcset=\"https:\/\/www.radiopiu.net\/wordpress\/wp-content\/uploads\/2022\/01\/026c3f9d-dae9-4040-a3c1-a6530231bcc3-169x300.jpg 169w, https:\/\/www.radiopiu.net\/wordpress\/wp-content\/uploads\/2022\/01\/026c3f9d-dae9-4040-a3c1-a6530231bcc3-576x1024.jpg 576w, https:\/\/www.radiopiu.net\/wordpress\/wp-content\/uploads\/2022\/01\/026c3f9d-dae9-4040-a3c1-a6530231bcc3-768x1365.jpg 768w, https:\/\/www.radiopiu.net\/wordpress\/wp-content\/uploads\/2022\/01\/026c3f9d-dae9-4040-a3c1-a6530231bcc3-864x1536.jpg 864w, https:\/\/www.radiopiu.net\/wordpress\/wp-content\/uploads\/2022\/01\/026c3f9d-dae9-4040-a3c1-a6530231bcc3.jpg 1152w\" sizes=\"auto, (max-width: 100px) 100vw, 100px\" \/><\/a>I podcast informativi del mattino &#8211; audio &#8211;\u00a0<\/span><\/h1>\n<blockquote><p><strong>GIORNALE RADIO NAZIONALE, EDIZIONE DELLE SETTE <span style=\"color: #0000ff;\">viene pubblicato alle 7.05 <span style=\"color: #ff0000;\">DIRETTA RADIO\u00a0<\/span><\/span><\/strong><\/p><\/blockquote>\n<p><strong>il giornale radionazionale e&#8217; in onda ogni ora, dalle sette del mattino alle venti della sera\u00a0 \u00a0<\/strong><strong>\u00a0<\/strong><\/p>\n<p>&nbsp;<\/p>\n<p><span style=\"color: #ff0000;\">\u00a0\u00a0<\/span><\/p>\n<p><strong>Maltempo<\/strong> sulla Penisola Sorrentina, danni ma nessun ferito<br \/>\n<strong>GORIZIA<\/strong> Disinnescata bomba al confine, 4.200 evacuati tornano a casa L&#8217;operazione tra Nova Gorica e Gorizia \u00e8 durata mezz&#8217;ora <strong>VARESE<\/strong> Scontro tra due automobili, morto 18enne nel Varesotto Incidente a Tradate, tre giovani feriti. \u00c8 accaduto la scorsa notte <strong>SALENTO<\/strong> Violenza sessuale di gruppo su una dodicenne, indagati tre minori. Altro caso di stupro a Milano <strong>NAPOLI<\/strong> Tenta di strangolare la moglie, lei fugge sul balcone e chiede aiuto <strong>FOGGIA<\/strong> Femminicidio nel Foggiano. Telefono Donna: &#8216;La giustizia ha fallito&#8217; <strong>REGGIO CALABRIA<\/strong> Tre persone arrestate dai carabinieri per truffe ad anziani <strong>NAPOLI<\/strong> Uomo ucciso a colpi d&#8217;arma da fuoco Nel quartiere di Ponticelli, indagano i carabinieri<\/p>\n<p><span style=\"color: #ff0000;\">EDIZIONE DELLE 20, DEL 18 OTTOBRE 2024<\/span><\/p>\n<audio class=\"wp-audio-shortcode\" id=\"audio-415282-6\" preload=\"none\" style=\"width: 100%;\" controls=\"controls\"><source type=\"audio\/mpeg\" src=\"https:\/\/www.radiopiu.net\/wordpress\/wp-content\/uploads\/2024\/10\/giornale07-34.mp3?_=6\" \/><a href=\"https:\/\/www.radiopiu.net\/wordpress\/wp-content\/uploads\/2024\/10\/giornale07-34.mp3\">https:\/\/www.radiopiu.net\/wordpress\/wp-content\/uploads\/2024\/10\/giornale07-34.mp3<\/a><\/audio>\n<p>&nbsp;<\/p>\n<p><span style=\"color: #ff0000;\">EDIZIONE DELLE 19, DEL 18 OTTOBRE 2024, LO SPORT<\/span><\/p>\n<audio class=\"wp-audio-shortcode\" id=\"audio-415282-7\" preload=\"none\" style=\"width: 100%;\" controls=\"controls\"><source type=\"audio\/mpeg\" src=\"https:\/\/www.radiopiu.net\/wordpress\/wp-content\/uploads\/2024\/10\/gr-sport-17.mp3?_=7\" \/><a href=\"https:\/\/www.radiopiu.net\/wordpress\/wp-content\/uploads\/2024\/10\/gr-sport-17.mp3\">https:\/\/www.radiopiu.net\/wordpress\/wp-content\/uploads\/2024\/10\/gr-sport-17.mp3<\/a><\/audio>\n<h2><\/h2>\n<h2>AUDIO dalle sette del mattino, ogni ora alla radio<\/h2>\n<audio class=\"wp-audio-shortcode\" id=\"audio-415282-8\" preload=\"none\" style=\"width: 100%;\" controls=\"controls\"><source type=\"audio\/mpeg\" src=\"https:\/\/www.radiopiu.net\/wordpress\/wp-content\/uploads\/2024\/10\/giornale07-35.mp3?_=8\" \/><a href=\"https:\/\/www.radiopiu.net\/wordpress\/wp-content\/uploads\/2024\/10\/giornale07-35.mp3\">https:\/\/www.radiopiu.net\/wordpress\/wp-content\/uploads\/2024\/10\/giornale07-35.mp3<\/a><\/audio>\n<p>&nbsp;<\/p>\n<hr \/>\n<p>&nbsp;<\/p>\n<p>&nbsp;<\/p>\n<h1><span style=\"color: #ff0000;\"><a class=\"dt-pswp-item\" href=\"https:\/\/www.radiopiu.net\/wordpress\/wp-content\/uploads\/2024\/09\/GIORNALI.jpg\" data-dt-img-description=\"\" data-large_image_width=\"1280\" data-large_image_height=\"853\"><img loading=\"lazy\" decoding=\"async\" class=\" wp-image-410862 alignleft\" src=\"https:\/\/www.radiopiu.net\/wordpress\/wp-content\/uploads\/2024\/09\/GIORNALI-300x200.jpg\" alt=\"\" width=\"209\" height=\"139\" srcset=\"https:\/\/www.radiopiu.net\/wordpress\/wp-content\/uploads\/2024\/09\/GIORNALI-300x200.jpg 300w, https:\/\/www.radiopiu.net\/wordpress\/wp-content\/uploads\/2024\/09\/GIORNALI-1024x682.jpg 1024w, https:\/\/www.radiopiu.net\/wordpress\/wp-content\/uploads\/2024\/09\/GIORNALI-768x512.jpg 768w, https:\/\/www.radiopiu.net\/wordpress\/wp-content\/uploads\/2024\/09\/GIORNALI.jpg 1280w\" sizes=\"auto, (max-width: 209px) 100vw, 209px\" \/><\/a>I podcast informativi del mattino &#8211; video &#8211;\u00a0<\/span><\/h1>\n<h2 style=\"text-align: left;\"><strong>RASSEGNA STAMPA LOCALE, ORE OTTO 05<\/strong><\/h2>\n<h2><strong> <span style=\"color: #0000ff;\">viene\u00a0 <\/span><\/strong><strong><span style=\"color: #0000ff;\">pubblicata alle 8.05 <span style=\"color: #ff0000;\">DIRETTA RADIO\u00a0 \u00a0<\/span><\/span><\/strong><strong>DI MIRKO MEZZACASA<\/strong><\/h2>\n<h2><\/h2>\n<h2><span style=\"color: #ff0000;\"><strong>VID<\/strong><\/span><span style=\"color: #ff0000;\"><strong>EO\u00a0 \u00a0in diretta dalle 8 del mattino\u00a0 \u00a0\u00a0<\/strong><\/span><\/h2>\n<h1><span style=\"color: #0000ff;\"><strong><a style=\"color: #0000ff;\" href=\"https:\/\/www.facebook.com\/radiopiu\/videos\/395611360280387\">CLICCA QUI<\/a><\/strong><\/span><\/h1>\n<p>&nbsp;<\/p>\n<p><a class=\"dt-pswp-item\" href=\"https:\/\/www.radiopiu.net\/wordpress\/wp-content\/uploads\/2024\/10\/SenzSa-nome-1.png\" data-dt-img-description=\"\" data-large_image_width=\"486\" data-large_image_height=\"352\"><img loading=\"lazy\" decoding=\"async\" class=\"alignnone size-medium wp-image-415520\" src=\"https:\/\/www.radiopiu.net\/wordpress\/wp-content\/uploads\/2024\/10\/SenzSa-nome-1-300x217.png\" alt=\"\" width=\"300\" height=\"217\" srcset=\"https:\/\/www.radiopiu.net\/wordpress\/wp-content\/uploads\/2024\/10\/SenzSa-nome-1-300x217.png 300w, https:\/\/www.radiopiu.net\/wordpress\/wp-content\/uploads\/2024\/10\/SenzSa-nome-1.png 486w\" sizes=\"auto, (max-width: 300px) 100vw, 300px\" \/><\/a><a class=\"dt-pswp-item\" href=\"https:\/\/www.radiopiu.net\/wordpress\/wp-content\/uploads\/2024\/10\/Senza-nome-88.png\" data-dt-img-description=\"\" data-large_image_width=\"562\" data-large_image_height=\"335\"><img loading=\"lazy\" decoding=\"async\" class=\"alignnone size-medium wp-image-415521\" src=\"https:\/\/www.radiopiu.net\/wordpress\/wp-content\/uploads\/2024\/10\/Senza-nome-88-300x179.png\" alt=\"\" width=\"300\" height=\"179\" srcset=\"https:\/\/www.radiopiu.net\/wordpress\/wp-content\/uploads\/2024\/10\/Senza-nome-88-300x179.png 300w, https:\/\/www.radiopiu.net\/wordpress\/wp-content\/uploads\/2024\/10\/Senza-nome-88.png 562w\" sizes=\"auto, (max-width: 300px) 100vw, 300px\" \/><\/a><\/p>\n<p>&nbsp;<\/p>\n<hr \/>\n<p>&nbsp;<\/p>\n<p>&nbsp;<\/p>\n<p><strong><a class=\"dt-pswp-item\" href=\"https:\/\/www.radiopiu.net\/wordpress\/wp-content\/uploads\/2023\/12\/ANTENNA.png\" data-dt-img-description=\"\" data-large_image_width=\"300\" data-large_image_height=\"166\"><img loading=\"lazy\" decoding=\"async\" class=\" wp-image-366306 alignleft\" src=\"https:\/\/www.radiopiu.net\/wordpress\/wp-content\/uploads\/2023\/12\/ANTENNA.png\" alt=\"\" width=\"175\" height=\"97\" \/><\/a>ogni sera alle 19 le anticipazioni alla radio, quello che poi seguirete nel TELEGIORNALE BELLUNESE\u00a0 in onda alle 19.30 sul CANALE 10 del digitale terrestre.\u00a0\u00a0<\/strong><\/p>\n<p>&nbsp;<\/p>\n<p>&nbsp;<\/p>\n<p>&nbsp;<\/p>\n<hr \/>\n<p>&nbsp;<\/p>\n<blockquote>\n<h3>ACQUA NON POTABILE A VALLADA E CANALE D&#8217;AGORDO<\/h3>\n<\/blockquote>\n<p><b>VALLADA <\/b>\u00a0nelle localit\u00e0 Toffol, Sacchet , Celat e Mas e a Canale D&#8217;Agordo nelle localit\u00e0 Capoluogo, Casate, Val e Calcergnan l&#8217;acqua erogata dall&#8217;acquedotto non \u00e8 potabile e pu\u00f2 essere usata per scopi alimentari solo previa bollitura. Per gli abitanti di Canale D&#8217;Agordo verr\u00e0 effettuato servizio sostitutivo con autobotte in piazza Papa Luciani mentre gli utenti di Vallada potranno fornirsi di acqua potabile presso la cisterna situata vicino alla Chiesa di Celat.<\/p>\n<p>&nbsp;<\/p>\n<p>&nbsp;<\/p>\n<hr \/>\n<hr \/>\n<p>&nbsp;<\/p>\n<blockquote>\n<h3>SCOMPARSO IN COMELICO, RICERCHE DA QUATTRO GIORNI<\/h3>\n<\/blockquote>\n<p><strong><a class=\"dt-pswp-item\" href=\"https:\/\/www.radiopiu.net\/wordpress\/wp-content\/uploads\/2018\/12\/Vigili-del-fuoco-e1462166495384.jpg\" data-dt-img-description=\"\" data-large_image_width=\"800\" data-large_image_height=\"529\"><img loading=\"lazy\" decoding=\"async\" class=\"wp-image-71034 alignleft\" src=\"https:\/\/www.radiopiu.net\/wordpress\/wp-content\/uploads\/2018\/12\/Vigili-del-fuoco-e1462166495384-300x198.jpg\" alt=\"\" width=\"212\" height=\"140\" srcset=\"https:\/\/www.radiopiu.net\/wordpress\/wp-content\/uploads\/2018\/12\/Vigili-del-fuoco-e1462166495384-300x198.jpg 300w, https:\/\/www.radiopiu.net\/wordpress\/wp-content\/uploads\/2018\/12\/Vigili-del-fuoco-e1462166495384-768x508.jpg 768w, https:\/\/www.radiopiu.net\/wordpress\/wp-content\/uploads\/2018\/12\/Vigili-del-fuoco-e1462166495384.jpg 800w\" sizes=\"auto, (max-width: 212px) 100vw, 212px\" \/><\/a>DANTA DI CADORE\u00a0 <\/strong>Continuano senza sosta le ricerche di <strong>Roberto Nicolini<\/strong>, 55 anni, residente a Cadoneghe (Padova), disperso da giorni. Le squadre del Soccorso Alpino e dei Vigili del Fuoco hanno perlustrato l&#8217;area per tutta la giornata di ieri, ma senza risultati. Nonostante gli sforzi, non \u00e8 emersa alcuna traccia dell\u2019uomo. La Prefettura ha disposto la sospensione delle ricerche durante la notte, ma il presidio dei Vigili del Fuoco \u00e8 rimasto attivo al campo base. Il cellulare di Nicolini \u00e8 stato agganciato dalla cella telefonica di <strong>Danta<\/strong>, ma le ricerche si sono estese su un vasto territorio che comprende l\u2019intero <strong>Comelico<\/strong> e il <strong>Cadore<\/strong>. Le squadre hanno setacciato diverse casere della zona, ma senza successo. Inoltre, non \u00e8 stata ritrovata nemmeno l\u2019auto con cui l\u2019uomo ha raggiunto l\u2019area, e non ci sono state segnalazioni rilevanti. Le operazioni riprenderanno questa mattina, ma le squadre di soccorso si trovano ancora senza punti di riferimento precisi, costrette a procedere principalmente per tentativi. La speranza \u00e8 che le prossime ore possano portare novit\u00e0 utili per ritrovare Nicolini e restituirlo alla sua famiglia.<\/p>\n<p>&nbsp;<\/p>\n<p>&nbsp;<\/p>\n<hr \/>\n<p>&nbsp;<\/p>\n<blockquote>\n<h3><a class=\"dt-pswp-item\" href=\"https:\/\/www.radiopiu.net\/wordpress\/wp-content\/uploads\/2024\/10\/IMG_2650.jpeg\" data-dt-img-description=\"\" data-large_image_width=\"1600\" data-large_image_height=\"1200\"><img loading=\"lazy\" decoding=\"async\" class=\" wp-image-415414 alignleft\" src=\"https:\/\/www.radiopiu.net\/wordpress\/wp-content\/uploads\/2024\/10\/IMG_2650-300x225.jpeg\" alt=\"\" width=\"185\" height=\"139\" srcset=\"https:\/\/www.radiopiu.net\/wordpress\/wp-content\/uploads\/2024\/10\/IMG_2650-300x225.jpeg 300w, https:\/\/www.radiopiu.net\/wordpress\/wp-content\/uploads\/2024\/10\/IMG_2650-1024x768.jpeg 1024w, https:\/\/www.radiopiu.net\/wordpress\/wp-content\/uploads\/2024\/10\/IMG_2650-768x576.jpeg 768w, https:\/\/www.radiopiu.net\/wordpress\/wp-content\/uploads\/2024\/10\/IMG_2650-1536x1152.jpeg 1536w, https:\/\/www.radiopiu.net\/wordpress\/wp-content\/uploads\/2024\/10\/IMG_2650.jpeg 1600w\" sizes=\"auto, (max-width: 185px) 100vw, 185px\" \/><\/a>PROTEZIONE CIVILE DEL VENETO IN AIUTO AL POPOLO ALLUVIONATO DELL\u2019EMILIA ROMAGNA<\/h3>\n<\/blockquote>\n<p><strong>REDAZIONE<\/strong> \u00c8 partita ieri la colonna della Protezione Civile del Veneto. La richiesta \u00e8 arrivata dalla regione Emilia Romagna in seguito agli eventi meteorologici delle ultime ore. Per aiutare la popolazione alluvionata 16 squadre di volontari altamente specializzati coadiuvati da 2 funzionari della Protezione Civile del Veneto. \u201cPer l\u2019Emilia-Romagna e per il bolognese in particolare sono ore difficili, per questo voglio esprimere la mia solidariet\u00e0 a tutta la popolazione che si trova a fare i conti con una nuova alluvione. La mia vicinanza va in modo particolare ai familiari e agli amici del giovane travolto dalla piena del torrente nella zona di Pianoro. Sono notizie che non vorremmo mai dover apprendere. Per questo rinnovo l\u2019invito ad attenersi alle indicazioni fornite dalla Protezione Civile e dai Sindaci\u201d. Lo dice il presidente della Regione del Veneto, Luca Zaia, apprendendo le notizie che arrivano dall\u2019Emilia-Romagna colpita in queste ore da una nuova alluvione.<\/p>\n<p>&nbsp;<\/p>\n<p>&nbsp;<\/p>\n<hr \/>\n<p>&nbsp;<\/p>\n<blockquote>\n<h3>IL SINDACO DI LIVINALLONGO OSCAR NAGLER IN PROVINCIA PER PARLARE DI TRASPORTO PUBBLICO LOCALE<\/h3>\n<\/blockquote>\n<p><strong><a class=\"dt-pswp-item\" href=\"https:\/\/www.radiopiu.net\/wordpress\/wp-content\/uploads\/2023\/09\/nagler.png\" data-dt-img-description=\"\" data-large_image_width=\"455\" data-large_image_height=\"256\"><img loading=\"lazy\" decoding=\"async\" class=\" wp-image-353266 alignleft\" src=\"https:\/\/www.radiopiu.net\/wordpress\/wp-content\/uploads\/2023\/09\/nagler-300x169.png\" alt=\"\" width=\"172\" height=\"97\" srcset=\"https:\/\/www.radiopiu.net\/wordpress\/wp-content\/uploads\/2023\/09\/nagler-300x169.png 300w, https:\/\/www.radiopiu.net\/wordpress\/wp-content\/uploads\/2023\/09\/nagler.png 455w\" sizes=\"auto, (max-width: 172px) 100vw, 172px\" \/><\/a>LIVINALLONGO<\/strong><\/p>\n<p><strong>DI LORENZO SORATROI<\/strong><\/p>\n<audio class=\"wp-audio-shortcode\" id=\"audio-415282-9\" preload=\"none\" style=\"width: 100%;\" controls=\"controls\"><source type=\"audio\/mpeg\" src=\"https:\/\/www.radiopiu.net\/wordpress\/wp-content\/uploads\/2024\/10\/SORATROI-OSCAR-NAGLER-INCONTRA-I-VERTICI-DI-DOLOMITIBUS-IN-PROVINCIA.mp3?_=9\" \/><a href=\"https:\/\/www.radiopiu.net\/wordpress\/wp-content\/uploads\/2024\/10\/SORATROI-OSCAR-NAGLER-INCONTRA-I-VERTICI-DI-DOLOMITIBUS-IN-PROVINCIA.mp3\">https:\/\/www.radiopiu.net\/wordpress\/wp-content\/uploads\/2024\/10\/SORATROI-OSCAR-NAGLER-INCONTRA-I-VERTICI-DI-DOLOMITIBUS-IN-PROVINCIA.mp3<\/a><\/audio>\n<p>&nbsp;<\/p>\n<hr \/>\n<p>&nbsp;<\/p>\n<blockquote>\n<h3>FIRMATO UN PROTOCOLLO CONTRO LA VIOLENZA DOMESTICA<\/h3>\n<\/blockquote>\n<p><strong><a class=\"dt-pswp-item\" href=\"https:\/\/www.radiopiu.net\/wordpress\/wp-content\/uploads\/2020\/11\/VIOLENZA-DONNE.jpg\" data-dt-img-description=\"\" data-large_image_width=\"1920\" data-large_image_height=\"1565\"><img loading=\"lazy\" decoding=\"async\" class=\" wp-image-174279 alignleft\" src=\"https:\/\/www.radiopiu.net\/wordpress\/wp-content\/uploads\/2020\/11\/VIOLENZA-DONNE-300x245.jpg\" alt=\"\" width=\"176\" height=\"144\" srcset=\"https:\/\/www.radiopiu.net\/wordpress\/wp-content\/uploads\/2020\/11\/VIOLENZA-DONNE-300x245.jpg 300w, https:\/\/www.radiopiu.net\/wordpress\/wp-content\/uploads\/2020\/11\/VIOLENZA-DONNE-1024x835.jpg 1024w, https:\/\/www.radiopiu.net\/wordpress\/wp-content\/uploads\/2020\/11\/VIOLENZA-DONNE-768x626.jpg 768w, https:\/\/www.radiopiu.net\/wordpress\/wp-content\/uploads\/2020\/11\/VIOLENZA-DONNE-1536x1252.jpg 1536w, https:\/\/www.radiopiu.net\/wordpress\/wp-content\/uploads\/2020\/11\/VIOLENZA-DONNE.jpg 1920w\" sizes=\"auto, (max-width: 176px) 100vw, 176px\" \/><\/a>BELLUNO<\/strong> La Procura della Repubblica di Belluno e la Questura di Belluno hanno firmato un protocollo d&#8217;intesa per prevenire e contrastare la violenza di genere, concentrandosi sugli ammonimenti del Questore in caso di violenza domestica. Il documento si allinea alle recenti riforme normative, che danno al Questore il potere di emettere decreti di ammonimento nei confronti di soggetti sospettati di reati come percosse, stalking o diffusione illecita di immagini esplicite, anche senza una querela da parte della vittima. Il protocollo stabilisce una collaborazione tra il Questore e la Procura per coordinare le attivit\u00e0 di prevenzione e repressione, con l&#8217;obiettivo comune di arginare la violenza domestica.<\/p>\n<p>&nbsp;<\/p>\n<p>&nbsp;<\/p>\n<hr \/>\n<p>&nbsp;<\/p>\n<blockquote>\n<h3>NUOVA SEDE PER IL SOCCORSO ALPINO A BELLUNO<\/h3>\n<\/blockquote>\n<p><strong><a class=\"dt-pswp-item\" href=\"https:\/\/www.radiopiu.net\/wordpress\/wp-content\/uploads\/2024\/10\/463956862_1039278814563589_1011240483187958969_n.jpg\" data-dt-img-description=\"\" data-large_image_width=\"2048\" data-large_image_height=\"1469\"><img loading=\"lazy\" decoding=\"async\" class=\" wp-image-415387 alignleft\" src=\"https:\/\/www.radiopiu.net\/wordpress\/wp-content\/uploads\/2024\/10\/463956862_1039278814563589_1011240483187958969_n-300x215.jpg\" alt=\"\" width=\"167\" height=\"120\" srcset=\"https:\/\/www.radiopiu.net\/wordpress\/wp-content\/uploads\/2024\/10\/463956862_1039278814563589_1011240483187958969_n-300x215.jpg 300w, https:\/\/www.radiopiu.net\/wordpress\/wp-content\/uploads\/2024\/10\/463956862_1039278814563589_1011240483187958969_n-1024x735.jpg 1024w, https:\/\/www.radiopiu.net\/wordpress\/wp-content\/uploads\/2024\/10\/463956862_1039278814563589_1011240483187958969_n-768x551.jpg 768w, https:\/\/www.radiopiu.net\/wordpress\/wp-content\/uploads\/2024\/10\/463956862_1039278814563589_1011240483187958969_n-1536x1102.jpg 1536w, https:\/\/www.radiopiu.net\/wordpress\/wp-content\/uploads\/2024\/10\/463956862_1039278814563589_1011240483187958969_n.jpg 2048w\" sizes=\"auto, (max-width: 167px) 100vw, 167px\" \/><\/a>BELLUNO<\/strong> Sabato si \u00e8 svolta l&#8217;inaugurazione della nuova sede del Soccorso alpino e speleologico del Veneto a Belluno, in via Caduti 14 settembre 1944, durante la quale \u00e8 stato celebrato anche il 70\u00ba anniversario del Corpo, fondato il 12 dicembre 1954. La cerimonia ha visto la partecipazione di numerosi volontari e autorit\u00e0 politiche, militari e religiose. Un momento emozionante \u00e8 stato il ricordo dei volontari caduti durante le operazioni di soccorso. Alex Barattin, delegato provinciale, ha sottolineato le difficolt\u00e0 nell&#8217;inaugurare la nuova sede, ringraziando chi ha contribuito. Rodolfo Selenati, presidente del Soccorso alpino Veneto, ha evidenziato l&#8217;evoluzione del Corpo, paragonando il percorso da una &#8220;Topolino&#8221; a una &#8220;Ferrari&#8221;. Anche Maurizio Dellantonio, presidente del Corpo nazionale, ha espresso soddisfazione per la crescita e l&#8217;addestramento continuo dei soccorritori.<\/p>\n<p>&nbsp;<\/p>\n<p>&nbsp;<\/p>\n<hr \/>\n<p>&nbsp;<\/p>\n<blockquote>\n<h3>70 ANNI DEL SOCCORSO ALPINO: L&#8217;ELOGIO DEL PRESIDENTE DELLA PROVINCIA DI BELLUNO<\/h3>\n<\/blockquote>\n<p><strong><a class=\"dt-pswp-item\" href=\"https:\/\/www.radiopiu.net\/wordpress\/wp-content\/uploads\/2023\/04\/PADRIN.jpeg\" data-dt-img-description=\"\" data-large_image_width=\"1110\" data-large_image_height=\"648\"><img loading=\"lazy\" decoding=\"async\" class=\" wp-image-330720 alignleft\" src=\"https:\/\/www.radiopiu.net\/wordpress\/wp-content\/uploads\/2023\/04\/PADRIN-300x175.jpeg\" alt=\"\" width=\"170\" height=\"99\" srcset=\"https:\/\/www.radiopiu.net\/wordpress\/wp-content\/uploads\/2023\/04\/PADRIN-300x175.jpeg 300w, https:\/\/www.radiopiu.net\/wordpress\/wp-content\/uploads\/2023\/04\/PADRIN-1024x598.jpeg 1024w, https:\/\/www.radiopiu.net\/wordpress\/wp-content\/uploads\/2023\/04\/PADRIN-768x448.jpeg 768w, https:\/\/www.radiopiu.net\/wordpress\/wp-content\/uploads\/2023\/04\/PADRIN.jpeg 1110w\" sizes=\"auto, (max-width: 170px) 100vw, 170px\" \/><\/a>BELLUNO<\/strong> Il presidente della Provincia di Belluno, Roberto Padrin, ha elogiato i soccorritori del Soccorso Alpino, sottolineando che il termine &#8220;angeli della montagna&#8221; \u00e8 riduttivo per descrivere il loro impegno. Questi uomini e donne non sono esseri eterei, ma persone in carne e ossa che mettono a disposizione tempo, energie e preparazione per salvaguardare la vita di chi frequenta la montagna. Padrin ha espresso gratitudine verso i volontari, riconoscendo la loro abnegazione, altruismo e capacit\u00e0 di operare in situazioni complesse. Ha infine ricordato il sacrificio delle famiglie che condividono con la comunit\u00e0 i loro cari.<\/p>\n<p>&nbsp;<\/p>\n<p>&nbsp;<\/p>\n<hr \/>\n<p>&nbsp;<\/p>\n<blockquote>\n<h3>LA FESTA DEL MIELE E DEL CAPPUCCIO<\/h3>\n<\/blockquote>\n<p><strong><a class=\"dt-pswp-item\" href=\"https:\/\/www.radiopiu.net\/wordpress\/wp-content\/uploads\/2019\/10\/miele.jpg\" data-dt-img-description=\"\" data-large_image_width=\"800\" data-large_image_height=\"600\"><img loading=\"lazy\" decoding=\"async\" class=\" wp-image-103171 alignleft\" src=\"https:\/\/www.radiopiu.net\/wordpress\/wp-content\/uploads\/2019\/10\/miele-300x225.jpg\" alt=\"\" width=\"187\" height=\"140\" srcset=\"https:\/\/www.radiopiu.net\/wordpress\/wp-content\/uploads\/2019\/10\/miele-300x225.jpg 300w, https:\/\/www.radiopiu.net\/wordpress\/wp-content\/uploads\/2019\/10\/miele-768x576.jpg 768w, https:\/\/www.radiopiu.net\/wordpress\/wp-content\/uploads\/2019\/10\/miele.jpg 800w\" sizes=\"auto, (max-width: 187px) 100vw, 187px\" \/><\/a>BELLUNO<\/strong> Vanessa De Francesch, consigliera provinciale delegata al turismo, sottolinea l&#8217;importanza di promuovere il territorio bellunese attraverso i suoi prodotti tipici, come il miele delle Dolomiti e il cappuccio di Vinigo, durante l\u2019autunno, periodo ricco di eventi. Il miele delle Dolomiti \u00e8 una DOP di qualit\u00e0, con variet\u00e0 pregiate come il miele di rododendro, mentre il cappuccio di Vinigo \u00e8 un prodotto agroalimentare tradizionale (PAT).<\/p>\n<p>&nbsp;<\/p>\n<p>&nbsp;<\/p>\n<hr \/>\n<p>&nbsp;<\/p>\n<blockquote>\n<h3>APERTO IL BANDO PER L&#8217;AFFIDAMENTO DEL RIFUGIO BOCCHETTE<\/h3>\n<\/blockquote>\n<p><strong><a class=\"dt-pswp-item\" href=\"https:\/\/www.radiopiu.net\/wordpress\/wp-content\/uploads\/2024\/10\/adb7bb6a-d480-406b-bde6-65b042f1eb8f.jpg\" data-dt-img-description=\"\" data-large_image_width=\"975\" data-large_image_height=\"739\"><img loading=\"lazy\" decoding=\"async\" class=\" wp-image-415329 alignleft\" src=\"https:\/\/www.radiopiu.net\/wordpress\/wp-content\/uploads\/2024\/10\/adb7bb6a-d480-406b-bde6-65b042f1eb8f-300x227.jpg\" alt=\"\" width=\"210\" height=\"159\" srcset=\"https:\/\/www.radiopiu.net\/wordpress\/wp-content\/uploads\/2024\/10\/adb7bb6a-d480-406b-bde6-65b042f1eb8f-300x227.jpg 300w, https:\/\/www.radiopiu.net\/wordpress\/wp-content\/uploads\/2024\/10\/adb7bb6a-d480-406b-bde6-65b042f1eb8f-768x582.jpg 768w, https:\/\/www.radiopiu.net\/wordpress\/wp-content\/uploads\/2024\/10\/adb7bb6a-d480-406b-bde6-65b042f1eb8f.jpg 975w\" sizes=\"auto, (max-width: 210px) 100vw, 210px\" \/><\/a>SEREN DE GRAPPA<\/strong> Da alcuni giorni il comune di Seren Del Grappa ha aperto un bando per la concessione di affidamento del Rifugio Bocchette. Chi fosse interessato al bando pu\u00f2 cliccare<a href=\"https:\/\/comune.serendelgrappa.bl.it\/novita\/affidamento-in-concessione-della-gestione-del-rifugio-bocchette\/\"><span style=\"color: #3366ff;\"><strong> QUI<\/strong> <\/span><\/a>per tutte le info necessarie.<\/p>\n<p><strong>IL SINDACO DI SEREN DEL GRAPPA DARIO SCOPEL<\/strong><\/p>\n<audio class=\"wp-audio-shortcode\" id=\"audio-415282-10\" preload=\"none\" style=\"width: 100%;\" controls=\"controls\"><source type=\"audio\/mpeg\" src=\"https:\/\/www.radiopiu.net\/wordpress\/wp-content\/uploads\/2024\/10\/SCOPEL-RIFIUGIO.mp3?_=10\" \/><a href=\"https:\/\/www.radiopiu.net\/wordpress\/wp-content\/uploads\/2024\/10\/SCOPEL-RIFIUGIO.mp3\">https:\/\/www.radiopiu.net\/wordpress\/wp-content\/uploads\/2024\/10\/SCOPEL-RIFIUGIO.mp3<\/a><\/audio>\n<p>&nbsp;<\/p>\n<hr \/>\n<p>&nbsp;<\/p>\n<blockquote>\n<h3>CONTINUANO I LAVORI PER LA REALIZZAZIONE DEL CAMPO SINTETICO DI LENTAI<\/h3>\n<\/blockquote>\n<p><strong>BORGO VALBELLUNA<\/strong><\/p>\n<p>DI ROBERTO BONA<\/p>\n<audio class=\"wp-audio-shortcode\" id=\"audio-415282-11\" preload=\"none\" style=\"width: 100%;\" controls=\"controls\"><source type=\"audio\/mpeg\" src=\"https:\/\/www.radiopiu.net\/wordpress\/wp-content\/uploads\/2024\/10\/BONA-CAMPO-SINSTETICO-A-LENTIAI.mp3?_=11\" \/><a href=\"https:\/\/www.radiopiu.net\/wordpress\/wp-content\/uploads\/2024\/10\/BONA-CAMPO-SINSTETICO-A-LENTIAI.mp3\">https:\/\/www.radiopiu.net\/wordpress\/wp-content\/uploads\/2024\/10\/BONA-CAMPO-SINSTETICO-A-LENTIAI.mp3<\/a><\/audio>\n<p><a class=\"dt-pswp-item\" href=\"https:\/\/www.radiopiu.net\/wordpress\/wp-content\/uploads\/2024\/10\/bc2149fb-8c60-4021-a08c-a7a59190066a.jpg\" data-dt-img-description=\"\" data-large_image_width=\"351\" data-large_image_height=\"198\"><img loading=\"lazy\" decoding=\"async\" class=\"alignnone size-medium wp-image-415443\" src=\"https:\/\/www.radiopiu.net\/wordpress\/wp-content\/uploads\/2024\/10\/bc2149fb-8c60-4021-a08c-a7a59190066a-300x169.jpg\" alt=\"\" width=\"300\" height=\"169\" srcset=\"https:\/\/www.radiopiu.net\/wordpress\/wp-content\/uploads\/2024\/10\/bc2149fb-8c60-4021-a08c-a7a59190066a-300x169.jpg 300w, https:\/\/www.radiopiu.net\/wordpress\/wp-content\/uploads\/2024\/10\/bc2149fb-8c60-4021-a08c-a7a59190066a.jpg 351w\" sizes=\"auto, (max-width: 300px) 100vw, 300px\" \/><\/a><a class=\"dt-pswp-item\" href=\"https:\/\/www.radiopiu.net\/wordpress\/wp-content\/uploads\/2024\/10\/3e3c0b8d-b82f-4666-8e86-1e558b972ae1.jpg\" data-dt-img-description=\"\" data-large_image_width=\"351\" data-large_image_height=\"201\"><img loading=\"lazy\" decoding=\"async\" class=\"alignnone size-medium wp-image-415444\" src=\"https:\/\/www.radiopiu.net\/wordpress\/wp-content\/uploads\/2024\/10\/3e3c0b8d-b82f-4666-8e86-1e558b972ae1-300x172.jpg\" alt=\"\" width=\"300\" height=\"172\" srcset=\"https:\/\/www.radiopiu.net\/wordpress\/wp-content\/uploads\/2024\/10\/3e3c0b8d-b82f-4666-8e86-1e558b972ae1-300x172.jpg 300w, https:\/\/www.radiopiu.net\/wordpress\/wp-content\/uploads\/2024\/10\/3e3c0b8d-b82f-4666-8e86-1e558b972ae1.jpg 351w\" sizes=\"auto, (max-width: 300px) 100vw, 300px\" \/><\/a><\/p>\n<p>&nbsp;<\/p>\n<p>&nbsp;<\/p>\n<p>&nbsp;<\/p>\n<p>&nbsp;<\/p>\n<hr \/>\n<p>&nbsp;<\/p>\n<blockquote>\n<h3>L&#8217;ASSOCIAZIONE CUCCHINI E SAN MARTINO<\/h3>\n<\/blockquote>\n<p><strong><a class=\"dt-pswp-item\" href=\"https:\/\/www.radiopiu.net\/wordpress\/wp-content\/uploads\/2020\/03\/CUCCHINI.jpg\" data-dt-img-description=\"\" data-large_image_width=\"380\" data-large_image_height=\"245\"><img loading=\"lazy\" decoding=\"async\" class=\" wp-image-123337 alignleft\" src=\"https:\/\/www.radiopiu.net\/wordpress\/wp-content\/uploads\/2020\/03\/CUCCHINI-300x193.jpg\" alt=\"\" width=\"148\" height=\"95\" srcset=\"https:\/\/www.radiopiu.net\/wordpress\/wp-content\/uploads\/2020\/03\/CUCCHINI-300x193.jpg 300w, https:\/\/www.radiopiu.net\/wordpress\/wp-content\/uploads\/2020\/03\/CUCCHINI.jpg 380w\" sizes=\"auto, (max-width: 148px) 100vw, 148px\" \/><\/a>BELLUNO<\/strong> L&#8217;associazione Cucchini celebrer\u00e0 nuovamente il santo patrono di Belluno con la rassegna &#8220;Sotto il Mantello&#8221;, simbolo delle cure palliative. Quest&#8217;anno, l&#8217;evento sar\u00e0 dedicato a un convegno intitolato &#8220;L&#8217;Arte di morire (e di vivere), un viaggio illustrato&#8221;. Paolo Colleselli, presidente dell&#8217;associazione, ha spiegato che l&#8217;incontro sar\u00e0 un&#8217;occasione di riflessione sulle tematiche del fine vita. La storica dell&#8217;arte e arte-terapeuta Luisa Fantinel esplorer\u00e0 il rapporto tra la morte e la vita attraverso l&#8217;arte, mostrando come, in passato, la morte fosse spesso vista in connessione con la nascita, lontana da rappresentazioni spaventose. L&#8217;incontro si terr\u00e0 l&#8217;8 novembre presso la sala Bianchi di Belluno.<\/p>\n<p>&nbsp;<\/p>\n<p>&nbsp;<\/p>\n<hr \/>\n<p>&nbsp;<\/p>\n<blockquote>\n<h3>A BELLUNO UN CORSO FORMATIVO SUI FONDI PENSIONE<\/h3>\n<\/blockquote>\n<p><strong>DI MARINA DONA&#8217;<\/strong><\/p>\n<p><strong>BELLUNO<\/strong> Appena concluso un ciclo formativo in provincia di Belluno sui fondi pensione. La formazione \u00e8 sempre un passaggio molto importante sia per la conoscenza in materia che per il coinvolgimento. \u00c8 importante avere consapevolezza di quelle che potrebbero essere le prospettive. Un possibile piano di silenzio assenso da parte del governo per aderire a un fondo pensione? Questo ancora non si sa, c&#8217;e da aspettare l&#8217;approvazione della prossima legge di bilancio. Perch\u00e9 proporre in particolare ai giovani la sottoscrizione di un fondo pensione? Paolo Stefan a questa domanda afferma che forse avere una sicurezza in pi\u00f9 di fronte a uno scenario ancora non definibile ad oggi, pu\u00f2 dare maggiore tranquillit\u00e0.<br \/>\n<strong>L&#8217;INTERVISTA A PAOLO STEFAN, DIRETTORE DI SOLIDARIETA&#8217; VENETO<\/strong><\/p>\n<div style=\"width: 848px;\" class=\"wp-video\"><video class=\"wp-video-shortcode\" id=\"video-415282-1\" width=\"848\" height=\"480\" preload=\"metadata\" controls=\"controls\"><source type=\"video\/mp4\" src=\"https:\/\/www.radiopiu.net\/wordpress\/wp-content\/uploads\/2024\/10\/WhatsApp-Video-2024-10-20-at-09.28.09.mp4?_=1\" \/><a href=\"https:\/\/www.radiopiu.net\/wordpress\/wp-content\/uploads\/2024\/10\/WhatsApp-Video-2024-10-20-at-09.28.09.mp4\">https:\/\/www.radiopiu.net\/wordpress\/wp-content\/uploads\/2024\/10\/WhatsApp-Video-2024-10-20-at-09.28.09.mp4<\/a><\/video><\/div>\n<p>&nbsp;<\/p>\n<hr \/>\n<p>&nbsp;<\/p>\n<blockquote>\n<h3>L&#8217;ASSEMBLEA DELL&#8217;ASSOCIAZIONE DINO BUZZATI<\/h3>\n<\/blockquote>\n<p><strong><a class=\"dt-pswp-item\" href=\"https:\/\/www.radiopiu.net\/wordpress\/wp-content\/uploads\/2024\/10\/premiati-e-offerenti.jpg\" data-dt-img-description=\"\" data-large_image_width=\"2040\" data-large_image_height=\"1530\"><img loading=\"lazy\" decoding=\"async\" class=\" wp-image-415430 alignleft\" src=\"https:\/\/www.radiopiu.net\/wordpress\/wp-content\/uploads\/2024\/10\/premiati-e-offerenti-300x225.jpg\" alt=\"\" width=\"180\" height=\"135\" srcset=\"https:\/\/www.radiopiu.net\/wordpress\/wp-content\/uploads\/2024\/10\/premiati-e-offerenti-300x225.jpg 300w, https:\/\/www.radiopiu.net\/wordpress\/wp-content\/uploads\/2024\/10\/premiati-e-offerenti-1024x768.jpg 1024w, https:\/\/www.radiopiu.net\/wordpress\/wp-content\/uploads\/2024\/10\/premiati-e-offerenti-768x576.jpg 768w, https:\/\/www.radiopiu.net\/wordpress\/wp-content\/uploads\/2024\/10\/premiati-e-offerenti-1536x1152.jpg 1536w, https:\/\/www.radiopiu.net\/wordpress\/wp-content\/uploads\/2024\/10\/premiati-e-offerenti.jpg 2040w\" sizes=\"auto, (max-width: 180px) 100vw, 180px\" \/><\/a>FELTRE<\/strong> Il 18 ottobre si \u00e8 svolta a Feltre l&#8217;assemblea annuale dell&#8217;Associazione internazionale Dino Buzzati, con la relazione del presidente Marco Perale e l&#8217;approvazione dei bilanci. Durante l&#8217;evento sono state assegnate cinque borse di studio a giovani studiosi provenienti da universit\u00e0 europee e italiane. Tre delle borse sono intitolate a figure di spicco legate all&#8217;Associazione: Maudi De March, Luciano Martini e Nella Giannetto. L&#8217;assemblea ha tracciato gli obiettivi raggiunti, come le nuove traduzioni di Buzzati in diverse lingue, e ha annunciato progetti futuri, tra cui un convegno sul \u201cPoema a fumetti\u201d e iniziative per le Olimpiadi invernali 2026.<\/p>\n<p>&nbsp;<\/p>\n<p>&nbsp;<\/p>\n<hr \/>\n<p>&nbsp;<\/p>\n<blockquote>\n<h3>ROBERTO DE NART TRA I FINALISTI DEL PREMIO INTERNAZIONALE DI LETTURA CITTA&#8217; DI COMO<\/h3>\n<\/blockquote>\n<p><strong>BELLUNO<\/strong> Il 9 novembre al Teatro Sociale di Como si terr\u00e0 la cerimonia di premiazione dell&#8217;11ma edizione del Premio internazionale di letteratura Citt\u00e0 di Como, che vedr\u00e0 tra i finalisti il giornalista bellunese Roberto De Nart nella Sezione Giornalismo. De Nart \u00e8 stato selezionato per il suo articolo &#8220;Chi sabot\u00f2 l&#8217;eroico piano degli alpini per ucciderli assieme&#8221;, pubblicato su <em>BBC History Italia<\/em> nel marzo 2023. Il pezzo esplora il mancato attentato contro Hitler e Mussolini nel luglio 1943 a Villa Gaggia, Belluno, che avrebbe potuto cambiare il corso della Seconda guerra mondiale. Il Premio Citt\u00e0 di Como valorizza la cultura e il turismo culturale, con una giuria presieduta dallo scrittore Andrea Vitali e un comitato di lettura composto da oltre 100 esperti. De Nart ha espresso grande soddisfazione per la sua candidatura, ricordando che il premio era stato vinto in passato da autori illustri come Ernesto Galli della Loggia.<\/p>\n<p>&nbsp;<\/p>\n<p>&nbsp;<\/p>\n<hr \/>\n<p>&nbsp;<\/p>\n<blockquote>\n<h2>&#8220;I CERCATORI&#8221; E IL SET ALLE MINIERE DI VALLE IMPERINA<\/h2>\n<\/blockquote>\n<p><strong>DI MARINA DONA&#8217;<\/strong><\/p>\n<p><strong>RIVAMONTE<\/strong> Cinema amatoriale Bellunese con Erik Masoch e tutto il team de &#8220;I Cercatori&#8221; nel suggestivo scenario delle &#8220;Miniere di Valle lmperina&#8221;, per le riprese di alcune scene di un episodio della seconda serie horror thriller che porta lo stesso nome (&#8220;I Cercatori&#8221;). Soddisfatto l&#8217;ideatore di questo progetto Eric che racconta che l&#8217;esperienza fatta con la prima serie ha fatto crescere e migliorare tutto il gruppo e che anche a livello tecnico sono stati fatti investimenti su apparecchiature pi\u00f9 sofisticate per le riprese. Ogni singolo facente parte del gruppo sottolinea l&#8217;originalit\u00e0 di questa iniziativa, esperienza che porta anche a rafforzare un rapporto di amicizia tra di loro che si \u00e8 creato. Le riprese di oggi saranno disponibili nella prossima stagione, ma per i pi\u00f9 curiosi gli episodi della prima serie sono visibili sul canale YouTube alla voce &#8220;l Cercatori&#8221;.<\/p>\n<div style=\"width: 848px;\" class=\"wp-video\"><video class=\"wp-video-shortcode\" id=\"video-415282-2\" width=\"848\" height=\"480\" preload=\"metadata\" controls=\"controls\"><source type=\"video\/mp4\" src=\"https:\/\/www.radiopiu.net\/wordpress\/wp-content\/uploads\/2024\/10\/WhatsApp-Video-2024-10-20-at-20.01.16.mp4?_=2\" \/><a href=\"https:\/\/www.radiopiu.net\/wordpress\/wp-content\/uploads\/2024\/10\/WhatsApp-Video-2024-10-20-at-20.01.16.mp4\">https:\/\/www.radiopiu.net\/wordpress\/wp-content\/uploads\/2024\/10\/WhatsApp-Video-2024-10-20-at-20.01.16.mp4<\/a><\/video><\/div>\n<p>&nbsp;<\/p>\n<p><a class=\"dt-pswp-item\" href=\"https:\/\/www.radiopiu.net\/wordpress\/wp-content\/uploads\/2024\/10\/d67ad70b-5fd4-4951-8edf-585960afc519.jpg\" data-dt-img-description=\"\" data-large_image_width=\"1600\" data-large_image_height=\"1200\"><img loading=\"lazy\" decoding=\"async\" class=\"alignnone size-medium wp-image-415486\" src=\"https:\/\/www.radiopiu.net\/wordpress\/wp-content\/uploads\/2024\/10\/d67ad70b-5fd4-4951-8edf-585960afc519-300x225.jpg\" alt=\"\" width=\"300\" height=\"225\" srcset=\"https:\/\/www.radiopiu.net\/wordpress\/wp-content\/uploads\/2024\/10\/d67ad70b-5fd4-4951-8edf-585960afc519-300x225.jpg 300w, https:\/\/www.radiopiu.net\/wordpress\/wp-content\/uploads\/2024\/10\/d67ad70b-5fd4-4951-8edf-585960afc519-1024x768.jpg 1024w, https:\/\/www.radiopiu.net\/wordpress\/wp-content\/uploads\/2024\/10\/d67ad70b-5fd4-4951-8edf-585960afc519-768x576.jpg 768w, https:\/\/www.radiopiu.net\/wordpress\/wp-content\/uploads\/2024\/10\/d67ad70b-5fd4-4951-8edf-585960afc519-1536x1152.jpg 1536w, https:\/\/www.radiopiu.net\/wordpress\/wp-content\/uploads\/2024\/10\/d67ad70b-5fd4-4951-8edf-585960afc519.jpg 1600w\" sizes=\"auto, (max-width: 300px) 100vw, 300px\" \/><\/a><a class=\"dt-pswp-item\" href=\"https:\/\/www.radiopiu.net\/wordpress\/wp-content\/uploads\/2024\/10\/092d333f-7505-4bbe-86ea-b9e683a68a06.jpg\" data-dt-img-description=\"\" data-large_image_width=\"1599\" data-large_image_height=\"1186\"><img loading=\"lazy\" decoding=\"async\" class=\"alignnone size-medium wp-image-415487\" src=\"https:\/\/www.radiopiu.net\/wordpress\/wp-content\/uploads\/2024\/10\/092d333f-7505-4bbe-86ea-b9e683a68a06-300x223.jpg\" alt=\"\" width=\"300\" height=\"223\" srcset=\"https:\/\/www.radiopiu.net\/wordpress\/wp-content\/uploads\/2024\/10\/092d333f-7505-4bbe-86ea-b9e683a68a06-300x223.jpg 300w, https:\/\/www.radiopiu.net\/wordpress\/wp-content\/uploads\/2024\/10\/092d333f-7505-4bbe-86ea-b9e683a68a06-1024x760.jpg 1024w, https:\/\/www.radiopiu.net\/wordpress\/wp-content\/uploads\/2024\/10\/092d333f-7505-4bbe-86ea-b9e683a68a06-768x570.jpg 768w, https:\/\/www.radiopiu.net\/wordpress\/wp-content\/uploads\/2024\/10\/092d333f-7505-4bbe-86ea-b9e683a68a06-1536x1139.jpg 1536w, https:\/\/www.radiopiu.net\/wordpress\/wp-content\/uploads\/2024\/10\/092d333f-7505-4bbe-86ea-b9e683a68a06.jpg 1599w\" sizes=\"auto, (max-width: 300px) 100vw, 300px\" \/><\/a><a class=\"dt-pswp-item\" href=\"https:\/\/www.radiopiu.net\/wordpress\/wp-content\/uploads\/2024\/10\/49f35b27-9d80-409a-98bd-bd738119a770.jpg\" data-dt-img-description=\"\" data-large_image_width=\"1600\" data-large_image_height=\"1200\"><img loading=\"lazy\" decoding=\"async\" class=\"alignnone size-medium wp-image-415488\" src=\"https:\/\/www.radiopiu.net\/wordpress\/wp-content\/uploads\/2024\/10\/49f35b27-9d80-409a-98bd-bd738119a770-300x225.jpg\" alt=\"\" width=\"300\" height=\"225\" srcset=\"https:\/\/www.radiopiu.net\/wordpress\/wp-content\/uploads\/2024\/10\/49f35b27-9d80-409a-98bd-bd738119a770-300x225.jpg 300w, https:\/\/www.radiopiu.net\/wordpress\/wp-content\/uploads\/2024\/10\/49f35b27-9d80-409a-98bd-bd738119a770-1024x768.jpg 1024w, https:\/\/www.radiopiu.net\/wordpress\/wp-content\/uploads\/2024\/10\/49f35b27-9d80-409a-98bd-bd738119a770-768x576.jpg 768w, https:\/\/www.radiopiu.net\/wordpress\/wp-content\/uploads\/2024\/10\/49f35b27-9d80-409a-98bd-bd738119a770-1536x1152.jpg 1536w, https:\/\/www.radiopiu.net\/wordpress\/wp-content\/uploads\/2024\/10\/49f35b27-9d80-409a-98bd-bd738119a770.jpg 1600w\" sizes=\"auto, (max-width: 300px) 100vw, 300px\" \/><\/a><a class=\"dt-pswp-item\" href=\"https:\/\/www.radiopiu.net\/wordpress\/wp-content\/uploads\/2024\/10\/c13b9dae-7862-4f7e-9da5-848883f89a4d.jpg\" data-dt-img-description=\"\" data-large_image_width=\"1600\" data-large_image_height=\"1201\"><img loading=\"lazy\" decoding=\"async\" class=\"alignnone size-medium wp-image-415489\" src=\"https:\/\/www.radiopiu.net\/wordpress\/wp-content\/uploads\/2024\/10\/c13b9dae-7862-4f7e-9da5-848883f89a4d-300x225.jpg\" alt=\"\" width=\"300\" height=\"225\" srcset=\"https:\/\/www.radiopiu.net\/wordpress\/wp-content\/uploads\/2024\/10\/c13b9dae-7862-4f7e-9da5-848883f89a4d-300x225.jpg 300w, https:\/\/www.radiopiu.net\/wordpress\/wp-content\/uploads\/2024\/10\/c13b9dae-7862-4f7e-9da5-848883f89a4d-1024x769.jpg 1024w, https:\/\/www.radiopiu.net\/wordpress\/wp-content\/uploads\/2024\/10\/c13b9dae-7862-4f7e-9da5-848883f89a4d-768x576.jpg 768w, https:\/\/www.radiopiu.net\/wordpress\/wp-content\/uploads\/2024\/10\/c13b9dae-7862-4f7e-9da5-848883f89a4d-1536x1153.jpg 1536w, https:\/\/www.radiopiu.net\/wordpress\/wp-content\/uploads\/2024\/10\/c13b9dae-7862-4f7e-9da5-848883f89a4d.jpg 1600w\" sizes=\"auto, (max-width: 300px) 100vw, 300px\" \/><\/a><\/p>\n<p>&nbsp;<\/p>\n<hr \/>\n<p>&nbsp;<\/p>\n<blockquote>\n<h3>DILLO A RADIO PIU&#8217;&#8230;CHI NON HA RISPETTO DELLA MONTAGNA<\/h3>\n<\/blockquote>\n<p><strong>RICEVIAMO E PUBBLICHIAMO<\/strong><\/p>\n<p>Sas de la Roncada, destra orografica del Tegnas&#8230; le foto parlano da sole, cos\u00ec come l&#8217;incivilt\u00e0. Oh, quanto sono lontani gli anni &#8217;70, quando veniva distribuito un prezioso libretto intitolato &#8220;Chi ama la montagna le lascia i suoi fiori&#8221;. Non si parlava affatto di abbandono di rifiuti&#8230;<\/p>\n<p><a class=\"dt-pswp-item\" href=\"https:\/\/www.radiopiu.net\/wordpress\/wp-content\/uploads\/2024\/10\/04f7a7ee-7639-407d-a5b8-c753b708d378.jpg\" data-dt-img-description=\"\" data-large_image_width=\"900\" data-large_image_height=\"2000\"><img loading=\"lazy\" decoding=\"async\" class=\"alignnone size-medium wp-image-415403\" src=\"https:\/\/www.radiopiu.net\/wordpress\/wp-content\/uploads\/2024\/10\/04f7a7ee-7639-407d-a5b8-c753b708d378-135x300.jpg\" alt=\"\" width=\"135\" height=\"300\" srcset=\"https:\/\/www.radiopiu.net\/wordpress\/wp-content\/uploads\/2024\/10\/04f7a7ee-7639-407d-a5b8-c753b708d378-135x300.jpg 135w, https:\/\/www.radiopiu.net\/wordpress\/wp-content\/uploads\/2024\/10\/04f7a7ee-7639-407d-a5b8-c753b708d378-461x1024.jpg 461w, https:\/\/www.radiopiu.net\/wordpress\/wp-content\/uploads\/2024\/10\/04f7a7ee-7639-407d-a5b8-c753b708d378-768x1707.jpg 768w, https:\/\/www.radiopiu.net\/wordpress\/wp-content\/uploads\/2024\/10\/04f7a7ee-7639-407d-a5b8-c753b708d378-691x1536.jpg 691w, https:\/\/www.radiopiu.net\/wordpress\/wp-content\/uploads\/2024\/10\/04f7a7ee-7639-407d-a5b8-c753b708d378.jpg 900w\" sizes=\"auto, (max-width: 135px) 100vw, 135px\" \/><\/a><a class=\"dt-pswp-item\" href=\"https:\/\/www.radiopiu.net\/wordpress\/wp-content\/uploads\/2024\/10\/ad8ce5d4-7538-4320-80f3-2204509a17e5.jpg\" data-dt-img-description=\"\" data-large_image_width=\"900\" data-large_image_height=\"2000\"><img loading=\"lazy\" decoding=\"async\" class=\"alignnone size-medium wp-image-415404\" src=\"https:\/\/www.radiopiu.net\/wordpress\/wp-content\/uploads\/2024\/10\/ad8ce5d4-7538-4320-80f3-2204509a17e5-135x300.jpg\" alt=\"\" width=\"135\" height=\"300\" srcset=\"https:\/\/www.radiopiu.net\/wordpress\/wp-content\/uploads\/2024\/10\/ad8ce5d4-7538-4320-80f3-2204509a17e5-135x300.jpg 135w, https:\/\/www.radiopiu.net\/wordpress\/wp-content\/uploads\/2024\/10\/ad8ce5d4-7538-4320-80f3-2204509a17e5-461x1024.jpg 461w, https:\/\/www.radiopiu.net\/wordpress\/wp-content\/uploads\/2024\/10\/ad8ce5d4-7538-4320-80f3-2204509a17e5-768x1707.jpg 768w, https:\/\/www.radiopiu.net\/wordpress\/wp-content\/uploads\/2024\/10\/ad8ce5d4-7538-4320-80f3-2204509a17e5-691x1536.jpg 691w, https:\/\/www.radiopiu.net\/wordpress\/wp-content\/uploads\/2024\/10\/ad8ce5d4-7538-4320-80f3-2204509a17e5.jpg 900w\" sizes=\"auto, (max-width: 135px) 100vw, 135px\" \/><\/a><a class=\"dt-pswp-item\" href=\"https:\/\/www.radiopiu.net\/wordpress\/wp-content\/uploads\/2024\/10\/1bef2f19-1cdd-400d-bea6-a3c3532d906a.jpg\" data-dt-img-description=\"\" data-large_image_width=\"900\" data-large_image_height=\"2000\"><img loading=\"lazy\" decoding=\"async\" class=\"alignnone size-medium wp-image-415406\" src=\"https:\/\/www.radiopiu.net\/wordpress\/wp-content\/uploads\/2024\/10\/1bef2f19-1cdd-400d-bea6-a3c3532d906a-135x300.jpg\" alt=\"\" width=\"135\" height=\"300\" srcset=\"https:\/\/www.radiopiu.net\/wordpress\/wp-content\/uploads\/2024\/10\/1bef2f19-1cdd-400d-bea6-a3c3532d906a-135x300.jpg 135w, https:\/\/www.radiopiu.net\/wordpress\/wp-content\/uploads\/2024\/10\/1bef2f19-1cdd-400d-bea6-a3c3532d906a-461x1024.jpg 461w, https:\/\/www.radiopiu.net\/wordpress\/wp-content\/uploads\/2024\/10\/1bef2f19-1cdd-400d-bea6-a3c3532d906a-768x1707.jpg 768w, https:\/\/www.radiopiu.net\/wordpress\/wp-content\/uploads\/2024\/10\/1bef2f19-1cdd-400d-bea6-a3c3532d906a-691x1536.jpg 691w, https:\/\/www.radiopiu.net\/wordpress\/wp-content\/uploads\/2024\/10\/1bef2f19-1cdd-400d-bea6-a3c3532d906a.jpg 900w\" sizes=\"auto, (max-width: 135px) 100vw, 135px\" \/><\/a><a class=\"dt-pswp-item\" href=\"https:\/\/www.radiopiu.net\/wordpress\/wp-content\/uploads\/2024\/10\/4de84295-62fc-4cf0-82d8-462212bdfc24.jpg\" data-dt-img-description=\"\" data-large_image_width=\"900\" data-large_image_height=\"2000\"><img loading=\"lazy\" decoding=\"async\" class=\"alignnone size-medium wp-image-415407\" src=\"https:\/\/www.radiopiu.net\/wordpress\/wp-content\/uploads\/2024\/10\/4de84295-62fc-4cf0-82d8-462212bdfc24-135x300.jpg\" alt=\"\" width=\"135\" height=\"300\" srcset=\"https:\/\/www.radiopiu.net\/wordpress\/wp-content\/uploads\/2024\/10\/4de84295-62fc-4cf0-82d8-462212bdfc24-135x300.jpg 135w, https:\/\/www.radiopiu.net\/wordpress\/wp-content\/uploads\/2024\/10\/4de84295-62fc-4cf0-82d8-462212bdfc24-461x1024.jpg 461w, https:\/\/www.radiopiu.net\/wordpress\/wp-content\/uploads\/2024\/10\/4de84295-62fc-4cf0-82d8-462212bdfc24-768x1707.jpg 768w, https:\/\/www.radiopiu.net\/wordpress\/wp-content\/uploads\/2024\/10\/4de84295-62fc-4cf0-82d8-462212bdfc24-691x1536.jpg 691w, https:\/\/www.radiopiu.net\/wordpress\/wp-content\/uploads\/2024\/10\/4de84295-62fc-4cf0-82d8-462212bdfc24.jpg 900w\" sizes=\"auto, (max-width: 135px) 100vw, 135px\" \/><\/a><a class=\"dt-pswp-item\" href=\"https:\/\/www.radiopiu.net\/wordpress\/wp-content\/uploads\/2024\/10\/49e42c56-c5ff-41cc-8b75-74262bcbdda9.jpg\" data-dt-img-description=\"\" data-large_image_width=\"720\" data-large_image_height=\"1600\"><img loading=\"lazy\" decoding=\"async\" class=\"alignnone size-medium wp-image-415410\" src=\"https:\/\/www.radiopiu.net\/wordpress\/wp-content\/uploads\/2024\/10\/49e42c56-c5ff-41cc-8b75-74262bcbdda9-135x300.jpg\" alt=\"\" width=\"135\" height=\"300\" srcset=\"https:\/\/www.radiopiu.net\/wordpress\/wp-content\/uploads\/2024\/10\/49e42c56-c5ff-41cc-8b75-74262bcbdda9-135x300.jpg 135w, https:\/\/www.radiopiu.net\/wordpress\/wp-content\/uploads\/2024\/10\/49e42c56-c5ff-41cc-8b75-74262bcbdda9-461x1024.jpg 461w, https:\/\/www.radiopiu.net\/wordpress\/wp-content\/uploads\/2024\/10\/49e42c56-c5ff-41cc-8b75-74262bcbdda9-691x1536.jpg 691w, https:\/\/www.radiopiu.net\/wordpress\/wp-content\/uploads\/2024\/10\/49e42c56-c5ff-41cc-8b75-74262bcbdda9.jpg 720w\" sizes=\"auto, (max-width: 135px) 100vw, 135px\" \/><\/a><a class=\"dt-pswp-item\" href=\"https:\/\/www.radiopiu.net\/wordpress\/wp-content\/uploads\/2024\/10\/ad8ce5d4-7538-4320-80f3-2204509a17e5.jpg\" data-dt-img-description=\"\" data-large_image_width=\"900\" data-large_image_height=\"2000\"><img loading=\"lazy\" decoding=\"async\" class=\"alignnone size-medium wp-image-415404\" src=\"https:\/\/www.radiopiu.net\/wordpress\/wp-content\/uploads\/2024\/10\/ad8ce5d4-7538-4320-80f3-2204509a17e5-135x300.jpg\" alt=\"\" width=\"135\" height=\"300\" srcset=\"https:\/\/www.radiopiu.net\/wordpress\/wp-content\/uploads\/2024\/10\/ad8ce5d4-7538-4320-80f3-2204509a17e5-135x300.jpg 135w, https:\/\/www.radiopiu.net\/wordpress\/wp-content\/uploads\/2024\/10\/ad8ce5d4-7538-4320-80f3-2204509a17e5-461x1024.jpg 461w, https:\/\/www.radiopiu.net\/wordpress\/wp-content\/uploads\/2024\/10\/ad8ce5d4-7538-4320-80f3-2204509a17e5-768x1707.jpg 768w, https:\/\/www.radiopiu.net\/wordpress\/wp-content\/uploads\/2024\/10\/ad8ce5d4-7538-4320-80f3-2204509a17e5-691x1536.jpg 691w, https:\/\/www.radiopiu.net\/wordpress\/wp-content\/uploads\/2024\/10\/ad8ce5d4-7538-4320-80f3-2204509a17e5.jpg 900w\" sizes=\"auto, (max-width: 135px) 100vw, 135px\" \/><\/a><\/p>\n<p>&nbsp;<\/p>\n<hr \/>\n<p>&nbsp;<\/p>\n<blockquote>\n<h3>IL LIONS. RACCOLTI FONDI PER UN CANE GUIDA DA DONARE AD UNA PERSONA NON VEDENTE<\/h3>\n<\/blockquote>\n<p><strong><a class=\"dt-pswp-item\" href=\"https:\/\/www.radiopiu.net\/wordpress\/wp-content\/uploads\/2024\/10\/mel-a-mel-lions-gruppo.jpg\" data-dt-img-description=\"\" data-large_image_width=\"1600\" data-large_image_height=\"1056\"><img loading=\"lazy\" decoding=\"async\" class=\" wp-image-415492 alignleft\" src=\"https:\/\/www.radiopiu.net\/wordpress\/wp-content\/uploads\/2024\/10\/mel-a-mel-lions-gruppo-300x198.jpg\" alt=\"\" width=\"155\" height=\"102\" srcset=\"https:\/\/www.radiopiu.net\/wordpress\/wp-content\/uploads\/2024\/10\/mel-a-mel-lions-gruppo-300x198.jpg 300w, https:\/\/www.radiopiu.net\/wordpress\/wp-content\/uploads\/2024\/10\/mel-a-mel-lions-gruppo-1024x676.jpg 1024w, https:\/\/www.radiopiu.net\/wordpress\/wp-content\/uploads\/2024\/10\/mel-a-mel-lions-gruppo-768x507.jpg 768w, https:\/\/www.radiopiu.net\/wordpress\/wp-content\/uploads\/2024\/10\/mel-a-mel-lions-gruppo-1536x1014.jpg 1536w, https:\/\/www.radiopiu.net\/wordpress\/wp-content\/uploads\/2024\/10\/mel-a-mel-lions-gruppo.jpg 1600w\" sizes=\"auto, (max-width: 155px) 100vw, 155px\" \/><\/a>FELTRE<\/strong> Anche quest&#8217;anno il Lions Club Feltre Castello di Alboino ha organizzato uno stand di raccolta fondi. L&#8217;obiettivo \u00e8 l&#8217;acquisto e la donazione di un cane guida per una persona non vedente.\u00a0 Durante i tre giorni, il club ha accolto numerosi visitatori, tra cui Debora Lotto, presidente di zona, e Claudia Cattadori, una ragazza non vedente con il suo cane guida Pink, che ha interagito con i passanti. L&#8217;iniziativa ha riscosso grande successo e mira a ridurre la lista d&#8217;attesa di 140 persone per i cani guida, contribuendo a un progetto di solidariet\u00e0 importante.<\/p>\n<p>&nbsp;<\/p>\n<p>&nbsp;<\/p>\n<hr \/>\n<p>&nbsp;<\/p>\n<blockquote>\n<h3>LA CGIA HA MAPPATO L\u2019EVASIONE E IL \u201cNERO\u201d. IN VENETO -847 MILIONI RISPETTO AL 2019<\/h3>\n<\/blockquote>\n<p><strong><a class=\"dt-pswp-item\" href=\"https:\/\/www.radiopiu.net\/wordpress\/wp-content\/uploads\/2024\/10\/tab1.jpg\" data-dt-img-description=\"\" data-large_image_width=\"918\" data-large_image_height=\"1456\"><img loading=\"lazy\" decoding=\"async\" class=\"size-medium wp-image-415320 alignleft\" src=\"https:\/\/www.radiopiu.net\/wordpress\/wp-content\/uploads\/2024\/10\/tab1-189x300.jpg\" alt=\"\" width=\"189\" height=\"300\" srcset=\"https:\/\/www.radiopiu.net\/wordpress\/wp-content\/uploads\/2024\/10\/tab1-189x300.jpg 189w, https:\/\/www.radiopiu.net\/wordpress\/wp-content\/uploads\/2024\/10\/tab1-646x1024.jpg 646w, https:\/\/www.radiopiu.net\/wordpress\/wp-content\/uploads\/2024\/10\/tab1-768x1218.jpg 768w, https:\/\/www.radiopiu.net\/wordpress\/wp-content\/uploads\/2024\/10\/tab1.jpg 918w\" sizes=\"auto, (max-width: 189px) 100vw, 189px\" \/><\/a>Illegalit\u00e0 al top in Calabria per propensione e in Lombardia per impatto<\/strong><\/p>\n<p>Ad eccezione del Molise, \u00e8 diminuita in tutte le regioni d\u2019Italia la dimensione dell\u2019economia non osservata che, ricordiamo, \u00e8 composta dalla sottodichiarazione, dal lavoro irregolare e dalle altre attivit\u00e0 non dichiarate. A livello regionale gli ultimi dati disponibili sono riferiti al 2021 da cui emerge che, in valore assoluto, le contrazioni pi\u00f9 importanti hanno riguardato il Lazio con -2,2 miliardi di euro, la Lombardia -1,9 miliardi, la Campania con -1 miliardo e la Toscana con -943 milioni di euro. In Veneto la contrazione \u00e8 stata pari a 847 milioni. In termini percentuali la diminuzione \u00e8 stata del 5,3 per cento, praticamente in media con il dato nazionale (vedi Tab. 1). A dirlo \u00e8 l\u2019Ufficio studi della CGIA.<\/p>\n<p><strong>Dove \u00e8 pi\u00f9 diffusa la presenza di evasione, lavoro \u201cnero\u201d ed economia illegale? A seconda di come la misuriamo, in Lombardia o in Calabria<\/strong><br \/>\nCi sono due unit\u00e0 di misura per valutare il peso dell\u2019economia non osservata. In valore assoluto o in termini percentuali sul valore aggiunto regionale. Se si fa ricorso alla prima modalit\u00e0, il fenomeno si concentra nelle regioni settentrionali che tendenzialmente sono caratterizzate da un maggior numero di abitanti e con un livello di ricchezza prodotta molto superiore alla media. Infatti, l\u2019impatto pi\u00f9 elevato dell\u2019economia non osservata si registra in Lombardia con 31,3 miliardi di euro. Segue il Lazio con 20,9, la Campania con 18, il Veneto con 15 e l\u2019Emilia Romagna con 14,8 (vedi Tab. 2). Diversamente, se prendiamo come parametro di riferimento l\u2019incidenza percentuale di questa piaga sociale ed economica sul valore aggiunto regionale (praticamente il Pil), la realt\u00e0 pi\u00f9 investita \u00e8 la Calabria con il 19,2 per cento. Seguono la Campania con il 18, la Puglia con il 17,6, la Sicilia con il 17,3, la Sardegna e il Molise entrambe con il 16,3. Il Veneto con questa metodologia si colloca nelle parti basse della graduatoria nazionale, vale a dire tra i pi\u00f9 fedeli al fisco con un modesto 10 per cento (vedi Tab. 3). Come si pu\u00f2 notare, rapportando gli importi al valore aggiunto prodotto in ogni regione, si riscontra la consueta dicotomia tra regioni del Nord e quelle del Sud, con queste ultime che presentano una maggiore tendenza alla non-compliance.<\/p>\n<p><strong>L\u2019evasione \u00e8 scesa a 82,4 miliardi<\/strong><br \/>\nAnche la stima dell\u2019evasione fiscale, intesa questa volta come imposte tasse e contributi non pagati, \u00e8 in calo. Secondo i dati del Ministero dell\u2019Economia e delle Finanze (MEF), nel 2021 (ultimo dato disponibile) l\u2019evasione tributaria e contributiva presente in Italia \u00e8 scesa a 82,4 miliardi di euro, di cui 72 riconducibili alle entrate tributarie e 10,4 ai contributi. Va segnalato che il dato complessivo rispetto al 2019 \u00e8 diminuito di ben 17,8 miliardi (-17,8 per cento).<\/p>\n<p><strong><a class=\"dt-pswp-item\" href=\"https:\/\/www.radiopiu.net\/wordpress\/wp-content\/uploads\/2024\/10\/tab2-tab2.jpg\" data-dt-img-description=\"\" data-large_image_width=\"1002\" data-large_image_height=\"1415\"><img loading=\"lazy\" decoding=\"async\" class=\"size-medium wp-image-415319 alignleft\" src=\"https:\/\/www.radiopiu.net\/wordpress\/wp-content\/uploads\/2024\/10\/tab2-tab2-212x300.jpg\" alt=\"\" width=\"212\" height=\"300\" srcset=\"https:\/\/www.radiopiu.net\/wordpress\/wp-content\/uploads\/2024\/10\/tab2-tab2-212x300.jpg 212w, https:\/\/www.radiopiu.net\/wordpress\/wp-content\/uploads\/2024\/10\/tab2-tab2-725x1024.jpg 725w, https:\/\/www.radiopiu.net\/wordpress\/wp-content\/uploads\/2024\/10\/tab2-tab2-768x1085.jpg 768w, https:\/\/www.radiopiu.net\/wordpress\/wp-content\/uploads\/2024\/10\/tab2-tab2.jpg 1002w\" sizes=\"auto, (max-width: 212px) 100vw, 212px\" \/><\/a>Compliance, fatturazione elettronica, split payment e reverse charge garantiscono pi\u00f9 gettito<\/strong><br \/>\nQuali sono gli strumenti che hanno assicurato questi ottimi risultati? In primo luogo l\u2019applicazione della cosiddetta compliance; in secondo luogo l\u2019introduzione della fatturazione elettronica e l\u2019obbligo dell\u2019invio telematico dei corrispettivi; in terzo luogo gli effetti dello split payment in capo a chi lavora con la Pubblica Amministrazione e del reverse charge per le aziende che operano, in particolare, nel settore delle costruzioni.<br \/>\nS\u00ec ad un fisco pi\u00f9 giusto ed equo<br \/>\nPer contrastare maggiormente l\u2019evasione bisogna continuare nella diminuzione del carico fiscale complessivo ed essere inflessibili con chi \u00e8 completamente sconosciuto al fisco. Ovviamente, bisogna essere altrettanto decisi nei confronti di coloro che, sebbene \u201ctargati\u201d, fanno i furbi. Tutto questo, comunque, senza essere costretti ad inasprire la disciplina penale tributaria con l\u2019intento giustizialista di gettare in galera gli evasori e buttare la chiave. Nel frattempo, riteniamo che per ridurre l\u2019infedelt\u00e0 fiscale e allinearci agli standard dei paesi europei meno interessati da questo fenomeno sia auspicabile mettere a punto in tempi rapidi un fisco meno aggressivo, pi\u00f9 semplice, pi\u00f9 trasparente e pi\u00f9 equo, premiando chi produce, chi crea occupazione e genera ricchezza. Garantendo, allo stesso tempo, un gettito sufficiente a far funzionare la macchina dello Stato e per aiutare chi si trova in difficolt\u00e0.<\/p>\n<p>&nbsp;<\/p>\n<p>&nbsp;<\/p>\n<hr \/>\n<p>&nbsp;<\/p>\n<blockquote>\n<h3>ASSEMBLEE SOCI PER BIM GSP E BIM BELLUNO INFRASTRUTTURE<\/h3>\n<\/blockquote>\n<p><strong>BELLUNO<\/strong> Oggi, presso la Sala Conferenze del Park Hotel Villa Carpenada, si terranno le assemblee dei soci di Bim Belluno Infrastrutture e Bim Gsp per l\u2019approvazione definitiva del progetto di fusione, che prevede l\u2019incorporazione di Bim Infrastrutture in Gsp.<\/p>\n<p>&nbsp;<\/p>\n<p>&nbsp;<\/p>\n<hr \/>\n<p>&nbsp;<\/p>\n<blockquote>\n<h3 style=\"text-align: left;\">&#8220;VERMIGLIO&#8221;, UN FILM DA NON PERDERE IN PROGRAMMAZIONE AL CINEMA DOLOMITI DI FALCADE<\/h3>\n<\/blockquote>\n<p><strong><a class=\"dt-pswp-item\" href=\"https:\/\/www.radiopiu.net\/wordpress\/wp-content\/uploads\/2024\/10\/locandina-1.jpg\" data-dt-img-description=\"\" data-large_image_width=\"420\" data-large_image_height=\"525\"><img loading=\"lazy\" decoding=\"async\" class=\" wp-image-414491 alignleft\" src=\"https:\/\/www.radiopiu.net\/wordpress\/wp-content\/uploads\/2024\/10\/locandina-1-240x300.jpg\" alt=\"\" width=\"82\" height=\"103\" srcset=\"https:\/\/www.radiopiu.net\/wordpress\/wp-content\/uploads\/2024\/10\/locandina-1-240x300.jpg 240w, https:\/\/www.radiopiu.net\/wordpress\/wp-content\/uploads\/2024\/10\/locandina-1.jpg 420w\" sizes=\"auto, (max-width: 82px) 100vw, 82px\" \/><\/a>REDAZIONE<\/strong> Sar\u00e0 in programmazione il 26 e 27 ottobre al Cinema Dolomiti di Falcade il film &#8220;Vermiglio&#8221;, vincitore del Leone D&#8217;Argento all&#8217;ultima edizione della Mostra Del Cinema di Venezia.<\/p>\n<p><strong>\u00a0<\/strong><\/p>\n<p><strong>\u00a0<\/strong><strong>\u00a0<\/strong><strong>\u00a0<\/strong><\/p>\n<p><strong>DI PAOLA LANCIATO<\/strong><\/p>\n<audio class=\"wp-audio-shortcode\" id=\"audio-415282-12\" preload=\"none\" style=\"width: 100%;\" controls=\"controls\"><source type=\"audio\/mpeg\" src=\"https:\/\/www.radiopiu.net\/wordpress\/wp-content\/uploads\/2024\/10\/PAOLA-LANCIATO-Vermiglio.mp3?_=12\" \/><a href=\"https:\/\/www.radiopiu.net\/wordpress\/wp-content\/uploads\/2024\/10\/PAOLA-LANCIATO-Vermiglio.mp3\">https:\/\/www.radiopiu.net\/wordpress\/wp-content\/uploads\/2024\/10\/PAOLA-LANCIATO-Vermiglio.mp3<\/a><\/audio>\n<p>&nbsp;<\/p>\n<hr \/>\n<p>&nbsp;<\/p>\n<blockquote>\n<h3>MESSA PER I CADUTI IN MONTAGNA<\/h3>\n<\/blockquote>\n<p><strong>AGORDO<\/strong> La\u00a0 Messa per i caduti della montagna si svolger\u00e0 ad Agordo nella Chiesa Arcidiaconale il 27 ottobre 2024 alle 18:30, organizzata dall&#8217;Associazione Filarmonica Agordina e dal Coro Agordo. La celebrazione sar\u00e0 trasmessa in diretta su Radio Pi\u00f9.<\/p>\n<p>&nbsp;<\/p>\n<p>&nbsp;<\/p>\n<hr \/>\n<p>&nbsp;<\/p>\n<div class=\"mb-2 flex gap-3 empty:hidden -ml-2\">\n<div class=\"items-center justify-start rounded-xl p-1 flex\">\n<div class=\"flex items-center\">\n<div class=\"flex max-w-full flex-col flex-grow\">\n<div class=\"min-h-8 text-message flex w-full flex-col items-end gap-2 whitespace-normal break-words [.text-message+&amp;]:mt-5\" dir=\"auto\" data-message-author-role=\"assistant\" data-message-id=\"c2b1fe33-bc8b-45f1-969f-7db88566768c\" data-message-model-slug=\"gpt-4o\">\n<div class=\"flex w-full flex-col gap-1 empty:hidden first:pt-[3px]\">\n<div class=\"markdown prose w-full break-words dark:prose-invert dark\">\n<blockquote>\n<h3>LA CENA DEI COSCRITTI DEL 1974<\/h3>\n<\/blockquote>\n<p><strong>FALCADE<\/strong> Le cena della classe 1974 dei coscritti dell&#8217;<strong>Agordino<\/strong> si terr\u00e0\u00a0 sabato 30 novembre\u00a0 a Falcade, Hotel Stella Alpina. La cena e&#8217; aperta ai nati nel 1974 nei 16 comuni dell&#8217;Agordino, e sara&#8217; un&#8217;occasione di ritrovo,\u00a0 dopo tanto tempo e festeggiare il mezzo secolo.Info\u00a0 3478120853<\/p>\n<\/div>\n<\/div>\n<\/div>\n<\/div>\n<\/div>\n<\/div>\n<\/div>\n<div class=\"page-title-breadcrumbs\">\n<p>&nbsp;<\/p>\n<\/div>\n<p>&nbsp;<\/p>\n<hr \/>\n<p>&nbsp;<\/p>\n<blockquote>\n<h3>SAPERI E SAPORI A TRICHIANA<\/h3>\n<\/blockquote>\n<p><strong>BORGO VALBELLUNA<\/strong> Domenica 27 ottobre, dalle 9 alle 18, al Parco Lotto di Trichiana si terr\u00e0 la terza edizione della mostra mercato &#8220;Saperi e Sapori&#8221;, organizzata dal Gruppo di Acquisto Solidale (GAS) &#8220;Insieme per Limana&#8221;. L&#8217;evento, parte delle manifestazioni autunnali della Valbelluna, sar\u00e0 dedicato al tema &#8220;la bellezza del territorio&#8221; e vedr\u00e0 la partecipazione di circa 50 produttori locali e biologici. I visitatori troveranno prodotti ortofrutticoli, pane, vini, formaggi, miele ed erbe spontanee, insieme a numerose associazioni che promuovono la sostenibilit\u00e0 ambientale. Saranno proposti laboratori e interventi sul bio e la salvaguardia ambientale. L&#8217;iniziativa, organizzata in collaborazione con il Comune di Borgo Valbelluna, mira a valorizzare i prodotti del territorio e creare un&#8217;economia locale sostenibile.<\/p>\n<p>&nbsp;<\/p>\n<p>&nbsp;<\/p>\n<hr \/>\n<p>&nbsp;<\/p>\n<blockquote>\n<h3>MARIO E BRUNO CELEBRANO 40 ANNI DI CARRIERA CON UNA SERATA SPECIALE AL PALASKATING DI SEDICO<\/h3>\n<\/blockquote>\n<p><strong><a class=\"dt-pswp-item\" href=\"https:\/\/www.radiopiu.net\/wordpress\/wp-content\/uploads\/2024\/10\/MARIO-E-BRUNO-PALCO-RIVA-COLORI.jpg\" data-dt-img-description=\"\" data-large_image_width=\"1625\" data-large_image_height=\"1117\"><img loading=\"lazy\" decoding=\"async\" class=\" wp-image-415439 alignleft\" src=\"https:\/\/www.radiopiu.net\/wordpress\/wp-content\/uploads\/2024\/10\/MARIO-E-BRUNO-PALCO-RIVA-COLORI-300x206.jpg\" alt=\"\" width=\"188\" height=\"129\" srcset=\"https:\/\/www.radiopiu.net\/wordpress\/wp-content\/uploads\/2024\/10\/MARIO-E-BRUNO-PALCO-RIVA-COLORI-300x206.jpg 300w, https:\/\/www.radiopiu.net\/wordpress\/wp-content\/uploads\/2024\/10\/MARIO-E-BRUNO-PALCO-RIVA-COLORI-1024x704.jpg 1024w, https:\/\/www.radiopiu.net\/wordpress\/wp-content\/uploads\/2024\/10\/MARIO-E-BRUNO-PALCO-RIVA-COLORI-768x528.jpg 768w, https:\/\/www.radiopiu.net\/wordpress\/wp-content\/uploads\/2024\/10\/MARIO-E-BRUNO-PALCO-RIVA-COLORI-1536x1056.jpg 1536w, https:\/\/www.radiopiu.net\/wordpress\/wp-content\/uploads\/2024\/10\/MARIO-E-BRUNO-PALCO-RIVA-COLORI.jpg 1625w\" sizes=\"auto, (max-width: 188px) 100vw, 188px\" \/><\/a>SEDICO<\/strong> Sabato 26 ottobre il Palaskating di Sedico ospiter\u00e0 una serata speciale per celebrare i 40 anni di carriera del Duo \u201cMario e Bruno\u201d, composto da Mario Viel e Bruno Patt. Lo spettacolo, intitolato \u201c40 ani\u2026 e moneda\u201d, ripercorrer\u00e0 la loro carriera fatta di musica, teatro e riflessioni in dialetto bellunese. Fortemente ispirati da Giorgio Gaber, ma con un tocco originale, i due artisti hanno conquistato il pubblico con canzoni e racconti che riflettono le trasformazioni del territorio bellunese, dalla vita agricola alla societ\u00e0 \u201cpost-digitale\u201d. Uno dei temi centrali delle loro esibizioni \u00e8 il legame con le radici culturali e il cambiamento dei tempi. Con l&#8217;energia di sempre, Mario e Bruno condivideranno momenti di comicit\u00e0 e riflessione, accompagnati dalla Valbelluna Folk Band, in un progetto volto a mantenere viva la tradizione popolare tra le giovani generazioni.<\/p>\n<p>&nbsp;<\/p>\n<p>&nbsp;<\/p>\n<hr \/>\n<p>&nbsp;<\/p>\n<h2><span style=\"color: #ff6600;\">IERI ALLA RADIO\u00a0<\/span><\/h2>\n<h2><span style=\"color: #33cccc;\">LA RASSEGNA STAMPA DA L&#8217;AMICO DEL POPOLO<\/span><\/h2>\n<p><strong><a class=\"dt-pswp-item\" href=\"https:\/\/www.radiopiu.net\/wordpress\/wp-content\/uploads\/2020\/03\/AMICO-POPOLOpng.png\" data-dt-img-description=\"\" data-large_image_width=\"225\" data-large_image_height=\"225\"><img loading=\"lazy\" decoding=\"async\" class=\" wp-image-123043 alignleft\" src=\"https:\/\/www.radiopiu.net\/wordpress\/wp-content\/uploads\/2020\/03\/AMICO-POPOLOpng.png\" alt=\"\" width=\"131\" height=\"131\" srcset=\"https:\/\/www.radiopiu.net\/wordpress\/wp-content\/uploads\/2020\/03\/AMICO-POPOLOpng.png 225w, https:\/\/www.radiopiu.net\/wordpress\/wp-content\/uploads\/2020\/03\/AMICO-POPOLOpng-150x150.png 150w\" sizes=\"auto, (max-width: 131px) 100vw, 131px\" \/><\/a>DI GIANNI SANTOMASO<\/strong><\/p>\n<audio class=\"wp-audio-shortcode\" id=\"audio-415282-13\" preload=\"none\" style=\"width: 100%;\" controls=\"controls\"><source type=\"audio\/mpeg\" src=\"https:\/\/www.radiopiu.net\/wordpress\/wp-content\/uploads\/2024\/10\/RASSEGNA-GIANNI-2.mp3?_=13\" \/><a href=\"https:\/\/www.radiopiu.net\/wordpress\/wp-content\/uploads\/2024\/10\/RASSEGNA-GIANNI-2.mp3\">https:\/\/www.radiopiu.net\/wordpress\/wp-content\/uploads\/2024\/10\/RASSEGNA-GIANNI-2.mp3<\/a><\/audio>\n<p>&nbsp;<\/p>\n<h2><span style=\"color: #808000;\">DUE MINUTI PER TE<\/span><\/h2>\n<p><strong><a class=\"dt-pswp-item\" href=\"https:\/\/www.radiopiu.net\/wordpress\/wp-content\/uploads\/2020\/12\/DON-GIORGIO-LISE.jpg\" data-dt-img-description=\"\" data-large_image_width=\"1600\" data-large_image_height=\"901\"><img loading=\"lazy\" decoding=\"async\" class=\" wp-image-177420 alignleft\" src=\"https:\/\/www.radiopiu.net\/wordpress\/wp-content\/uploads\/2020\/12\/DON-GIORGIO-LISE-300x169.jpg\" alt=\"\" width=\"197\" height=\"111\" srcset=\"https:\/\/www.radiopiu.net\/wordpress\/wp-content\/uploads\/2020\/12\/DON-GIORGIO-LISE-300x169.jpg 300w, https:\/\/www.radiopiu.net\/wordpress\/wp-content\/uploads\/2020\/12\/DON-GIORGIO-LISE-1024x577.jpg 1024w, https:\/\/www.radiopiu.net\/wordpress\/wp-content\/uploads\/2020\/12\/DON-GIORGIO-LISE-768x432.jpg 768w, https:\/\/www.radiopiu.net\/wordpress\/wp-content\/uploads\/2020\/12\/DON-GIORGIO-LISE-1536x865.jpg 1536w, https:\/\/www.radiopiu.net\/wordpress\/wp-content\/uploads\/2020\/12\/DON-GIORGIO-LISE.jpg 1600w\" sizes=\"auto, (max-width: 197px) 100vw, 197px\" \/><\/a>APPUNTAMENTO DELLA DOMENICA CON IL PENSIERO DI MONSIGNOR GIORGIO LISE<\/strong><\/p>\n<audio class=\"wp-audio-shortcode\" id=\"audio-415282-14\" preload=\"none\" style=\"width: 100%;\" controls=\"controls\"><source type=\"audio\/mpeg\" src=\"https:\/\/www.radiopiu.net\/wordpress\/wp-content\/uploads\/2024\/10\/DON-GIORGIO-2.mp3?_=14\" \/><a href=\"https:\/\/www.radiopiu.net\/wordpress\/wp-content\/uploads\/2024\/10\/DON-GIORGIO-2.mp3\">https:\/\/www.radiopiu.net\/wordpress\/wp-content\/uploads\/2024\/10\/DON-GIORGIO-2.mp3<\/a><\/audio>\n<p>&nbsp;<\/p>\n<p>&nbsp;<\/p>\n<hr \/>\n<p>&nbsp;<\/p>\n<blockquote class=\"wp-embedded-content\" data-secret=\"eHyjZiahBg\"><p><a href=\"https:\/\/www.radiopiu.net\/wordpress\/piu-siamo-con-marina-settimana-dal-14-al-18-ottobre-2024\/\">PIU&#8217; SIAMO&#8230;CON MARINA &#8211; SETTIMANA DAL 14 AL 18 OTTOBRE 2024<\/a><\/p><\/blockquote>\n<p><iframe loading=\"lazy\" class=\"wp-embedded-content\" sandbox=\"allow-scripts\" security=\"restricted\" style=\"position: absolute; visibility: hidden;\" title=\"&#8220;PIU&#8217; SIAMO&#8230;CON MARINA &#8211; SETTIMANA DAL 14 AL 18 OTTOBRE 2024&#8221; &#8212; Radio Pi\u00f9\" src=\"https:\/\/www.radiopiu.net\/wordpress\/piu-siamo-con-marina-settimana-dal-14-al-18-ottobre-2024\/embed\/#?secret=oI3S8ftFuS#?secret=eHyjZiahBg\" data-secret=\"eHyjZiahBg\" width=\"600\" height=\"338\" frameborder=\"0\" marginwidth=\"0\" marginheight=\"0\" scrolling=\"no\"><\/iframe><\/p>\n<p>&nbsp;<\/p>\n<hr \/>\n<p>&nbsp;<\/p>\n<h2><span style=\"color: #ff0000;\"><a class=\"dt-pswp-item\" href=\"https:\/\/www.radiopiu.net\/wordpress\/wp-content\/uploads\/2018\/09\/appuntamenti.jpeg\" data-dt-img-description=\"\" data-large_image_width=\"800\" data-large_image_height=\"100\"><img loading=\"lazy\" decoding=\"async\" class=\"wp-image-61958 size-full aligncenter\" src=\"https:\/\/www.radiopiu.net\/wordpress\/wp-content\/uploads\/2018\/09\/appuntamenti.jpeg\" alt=\"\" width=\"800\" height=\"100\" srcset=\"https:\/\/www.radiopiu.net\/wordpress\/wp-content\/uploads\/2018\/09\/appuntamenti.jpeg 800w, https:\/\/www.radiopiu.net\/wordpress\/wp-content\/uploads\/2018\/09\/appuntamenti-300x38.jpeg 300w, https:\/\/www.radiopiu.net\/wordpress\/wp-content\/uploads\/2018\/09\/appuntamenti-768x96.jpeg 768w\" sizes=\"auto, (max-width: 800px) 100vw, 800px\" \/><\/a><\/span><\/h2>\n<p><iframe loading=\"lazy\" title=\"FORMULA 3\" width=\"1200\" height=\"900\" src=\"https:\/\/www.youtube.com\/embed\/I21aWSYA3OI?feature=oembed\" frameborder=\"0\" allow=\"accelerometer; autoplay; clipboard-write; encrypted-media; gyroscope; picture-in-picture; web-share\" referrerpolicy=\"strict-origin-when-cross-origin\" allowfullscreen><\/iframe><\/p>\n<p><strong>FALCADE<\/strong>\u00a0 Riapre il Cinema Dolomiti di Falcade. Sabato e domenica verr\u00e0 proiettato il film Vermiglio, presentato anche alla Mostra del Cinema di Venezia. Spettacoli alle 21, domenica anche alle 15:30<\/p>\n<div class=\"flex-shrink-0 flex flex-col relative items-end\">\n<div class=\"pt-0\">\n<div class=\"gizmo-bot-avatar flex h-8 w-8 items-center justify-center overflow-hidden rounded-full\">\n<p class=\"relative p-1 rounded-sm flex items-center justify-center bg-token-main-surface-primary text-token-text-primary h-8 w-8\"><strong>CANALE D&#8217;AGORDO <\/strong>Jazzercise \u00e8 un allenamento ad alta intensit\u00e0 che combina danza, pilates, yoga e kickboxing, adatto a tutti i livelli di fitness. \u00c8 efficace per tonificare i muscoli, migliorare la postura e ottenere un fisico snello. Nell&#8217;Agordino, le lezioni si tengono a Canale d&#8217;Agordo, nella sala ex emigranti di via Lotta, il luned\u00ec dalle 18:15 alle 19:15 e il mercoled\u00ec dalle 18:30 alle 19:30. L&#8217;istruttrice certificata RaLuca ti aspetta per un allenamento coinvolgente al ritmo di musica attuale. Per informazioni: 347 9295478<\/p>\n<p><strong>AGORDO UN VIAGGIO NELLA MUSICA ANNI SESSANTA E SETTANTA, &#8220;OPERAZIONE NOSTALGIA&#8221;,<\/strong> INCURSIONE NEI DECENNI SUCCESSIVI DEL SECOLO SCORSO Elisa Forcellini voce, <span class=\"html-span xdj266r x11i5rnm xat24cr x1mh8g0r xexx8yu x4uap5 x18d9i69 xkhd6sd x1hl2dhg x16tdsg8 x1vvkbs\"><a class=\"x1i10hfl xjbqb8w x1ejq31n xd10rxx x1sy0etr x17r0tee x972fbf xcfux6l x1qhh985 xm0m39n x9f619 x1ypdohk xt0psk2 xe8uvvx xdj266r x11i5rnm xat24cr x1mh8g0r xexx8yu x4uap5 x18d9i69 xkhd6sd x16tdsg8 x1hl2dhg xggy1nq x1a2a7pz x1sur9pj xkrqix3 x1fey0fg x1s688f\" tabindex=\"0\" role=\"link\" href=\"https:\/\/www.facebook.com\/karin.serafini.12?__cft__[0]=AZUS6w-16Ia-jI9bcg7qdsPkS68JCUPOt_Xuv68gElfxirAioFxkGfr9F7TMRlkcx1eLqq4qMjrB_TKQ8HlftDiEv4JV5OQF90tgTXCCBJJ1eNCQHgmp0hzB6raZctEWzHGoETriWhmxVYkKyY-AnYiE3NzGcFnh-hMcANqoZ4dpzMdJdJTy2yiv75vrq41fWxA&amp;__tn__=-]K-y-R\"><span class=\"xt0psk2\">Karin Serafini<\/span><\/a><\/span> basso e voce, Ezio De Zaiacomo tastiere, Graziano Sirena percussioni e voce, <span class=\"html-span xdj266r x11i5rnm xat24cr x1mh8g0r xexx8yu x4uap5 x18d9i69 xkhd6sd x1hl2dhg x16tdsg8 x1vvkbs\"><a class=\"x1i10hfl xjbqb8w x1ejq31n xd10rxx x1sy0etr x17r0tee x972fbf xcfux6l x1qhh985 xm0m39n x9f619 x1ypdohk xt0psk2 xe8uvvx xdj266r x11i5rnm xat24cr x1mh8g0r xexx8yu x4uap5 x18d9i69 xkhd6sd x16tdsg8 x1hl2dhg xggy1nq x1a2a7pz x1sur9pj xkrqix3 x1fey0fg x1s688f\" tabindex=\"0\" role=\"link\" href=\"https:\/\/www.facebook.com\/cosmo.forcella?__cft__[0]=AZUS6w-16Ia-jI9bcg7qdsPkS68JCUPOt_Xuv68gElfxirAioFxkGfr9F7TMRlkcx1eLqq4qMjrB_TKQ8HlftDiEv4JV5OQF90tgTXCCBJJ1eNCQHgmp0hzB6raZctEWzHGoETriWhmxVYkKyY-AnYiE3NzGcFnh-hMcANqoZ4dpzMdJdJTy2yiv75vrq41fWxA&amp;__tn__=-]K-y-R\"><span class=\"xt0psk2\">Cosmo Forcella<\/span><\/a><\/span> batteria e voce, Loris Scussel chitarre e voce SABATO 26 OTTOBRE DAL LE 20.30 IN SALA DON TAMIS AD AGORDO. ORGANIZZA L&#8217;ASSOCIAZIONE PETTIROSSO AGORDINO ENTRATA LIBERA<\/p>\n<\/div>\n<\/div>\n<\/div>\n<p><strong>CENCENIGHE<\/strong> La Famiglia Agordina Ex Emigranti organizza la Giornata dell\u2019Emigrante domenica 27 ottobre, un&#8217;occasione di festa e condivisione per chi ha vissuto o lavorato all&#8217;estero, o per chi vuole conoscere il mondo delle famiglie ex emigranti Bellunesi. Il programma prevede alle 10:30 la messa nella chiesa di Cencenighe, seguita dall\u2019omaggio al monumento dell\u2019emigrante e dall\u2019esibizione del Coro Alpino Monte Civetta nella sala consiliare. La giornata si concluder\u00e0 con un pranzo al Ristorante Monte Civetta di Listolade, accompagnato dalla cantante Daniela Trentin. Il contributo per il pranzo \u00e8 di 35 euro, prenotazioni al 339 211 4469.<\/p>\n<p><strong>FALCADE<\/strong> La Proloco di Caviola presenta &#8220;Proposte d&#8217;autunno&#8221;, un programma di eventi per vivere meglio. Gli appuntamenti includono: un incontro con Mauro Valt alla Casa della Giovent\u00f9 di Caviola il 6 novembre alle 20, e una serata osservando le stelle con &#8220;Cieli Dolomitici&#8221; il 9 novembre alle 20:30. Inoltre, il 10 novembre si svolger\u00e0 una castagnata con gli Alpini in occasione di San Martino, e il 22 novembre ci sar\u00e0 la chiusura con Roberto Sorama\u00e8 e il suo evento &#8220;Sete d\u2019Africa&#8221; alla Casa della Giovent\u00f9. Per informazioni: 349 1945861.<\/p>\n<p><strong>BELLUNO <\/strong>Venerd\u00ec 8 novembre, dalle ore 18, presso l&#8217;aula magna dell&#8217;Istituto Superiore Tommaso Catullo di Belluno, si terr\u00e0 un evento organizzato da Pig&amp;Menti, che propone un dialogo sugli archetipi tra linguistica e neuroscienze. I relatori saranno il professor Michele T\u00ecson e il professor Renzo Barbazza. L&#8217;evento \u00e8 realizzato in collaborazione con Banca Prealpi San Biagio e i dottori Marco Tarascio e Silvia Barbini.<\/p>\n<p>&nbsp;<\/p>\n<div>\n<div class=\"\" dir=\"auto\">\n<div id=\":r9h:\" class=\"x1iorvi4 x1pi30zi x1l90r2v x1swvt13\" data-ad-comet-preview=\"message\" data-ad-preview=\"message\">\n\n\t\t\t<style type='text\/css'>\n\t\t\t\t#gallery-1 {\n\t\t\t\t\tmargin: auto;\n\t\t\t\t}\n\t\t\t\t#gallery-1 .gallery-item {\n\t\t\t\t\tfloat: left;\n\t\t\t\t\tmargin-top: 10px;\n\t\t\t\t\ttext-align: center;\n\t\t\t\t\twidth: 25%;\n\t\t\t\t}\n\t\t\t\t#gallery-1 img {\n\t\t\t\t\tborder: 2px solid #cfcfcf;\n\t\t\t\t}\n\t\t\t\t#gallery-1 .gallery-caption {\n\t\t\t\t\tmargin-left: 0;\n\t\t\t\t}\n\t\t\t\t\/* see gallery_shortcode() in wp-includes\/media.php *\/\n\t\t\t<\/style>\n\t\t<div id='gallery-1' class='dt-gallery-container gallery galleryid-415282 gallery-columns-4 gallery-size-thumbnail'><dl class='gallery-item'>\n\t\t\t\t<dt class='gallery-icon portrait'>\n\t\t\t\t\t<a class=\"rollover rollover-zoom dt-pswp-item\" title=\"LOC_A3_MOSTRA-RADIO_CMVI\" data-dt-img-description=\"\" data-large_image_width=\"1816\" data-large_image_height=\"2560\"href='https:\/\/www.radiopiu.net\/wordpress\/wp-content\/uploads\/2024\/08\/LOC_A3_MOSTRA-RADIO_CMVI-scaled.jpg'><img loading=\"lazy\" decoding=\"async\" width=\"150\" height=\"150\" src=\"https:\/\/www.radiopiu.net\/wordpress\/wp-content\/uploads\/2024\/08\/LOC_A3_MOSTRA-RADIO_CMVI-150x150.jpg\" class=\"attachment-thumbnail size-thumbnail\" alt=\"\" aria-describedby=\"gallery-1-403450\" \/><\/a>\n\t\t\t\t<\/dt>\n\t\t\t\t\t<dd class='wp-caption-text gallery-caption' id='gallery-1-403450'>\n\t\t\t\t\tLA MOSTRA DELLE RADIO IN VALLE IMPERINA\n\t\t\t\t\t<\/dd><\/dl><dl class='gallery-item'>\n\t\t\t\t<dt class='gallery-icon portrait'>\n\t\t\t\t\t<a class=\"rollover rollover-zoom dt-pswp-item\" title=\"cai agordo\" data-dt-img-description=\"\" data-large_image_width=\"490\" data-large_image_height=\"947\"href='https:\/\/www.radiopiu.net\/wordpress\/wp-content\/uploads\/2024\/09\/cai-agordo.png'><img loading=\"lazy\" decoding=\"async\" width=\"150\" height=\"150\" src=\"https:\/\/www.radiopiu.net\/wordpress\/wp-content\/uploads\/2024\/09\/cai-agordo-150x150.png\" class=\"attachment-thumbnail size-thumbnail\" alt=\"\" aria-describedby=\"gallery-1-411791\" \/><\/a>\n\t\t\t\t<\/dt>\n\t\t\t\t\t<dd class='wp-caption-text gallery-caption' id='gallery-1-411791'>\n\t\t\t\t\tSERE D&#8217;AUTUNNO CON IL CAI DI AGORDO\n\t\t\t\t\t<\/dd><\/dl><dl class='gallery-item'>\n\t\t\t\t<dt class='gallery-icon portrait'>\n\t\t\t\t\t<a class=\"rollover rollover-zoom dt-pswp-item\" title=\"afede08f-130d-46e3-820a-6cddfdaa7d71\" data-dt-img-description=\"\" data-large_image_width=\"1131\" data-large_image_height=\"1600\"href='https:\/\/www.radiopiu.net\/wordpress\/wp-content\/uploads\/2024\/10\/afede08f-130d-46e3-820a-6cddfdaa7d71.jpg'><img loading=\"lazy\" decoding=\"async\" width=\"150\" height=\"150\" src=\"https:\/\/www.radiopiu.net\/wordpress\/wp-content\/uploads\/2024\/10\/afede08f-130d-46e3-820a-6cddfdaa7d71-150x150.jpg\" class=\"attachment-thumbnail size-thumbnail\" alt=\"\" aria-describedby=\"gallery-1-413137\" \/><\/a>\n\t\t\t\t<\/dt>\n\t\t\t\t\t<dd class='wp-caption-text gallery-caption' id='gallery-1-413137'>\n\t\t\t\t\tA CENCENIGHE \n\t\t\t\t\t<\/dd><\/dl><dl class='gallery-item'>\n\t\t\t\t<dt class='gallery-icon portrait'>\n\t\t\t\t\t<a class=\"rollover rollover-zoom dt-pswp-item\" title=\"967a322c-9996-42d7-af75-662ca7d89e84\" data-dt-img-description=\"\" data-large_image_width=\"1080\" data-large_image_height=\"1519\"href='https:\/\/www.radiopiu.net\/wordpress\/wp-content\/uploads\/2024\/10\/967a322c-9996-42d7-af75-662ca7d89e84-1.jpg'><img loading=\"lazy\" decoding=\"async\" width=\"150\" height=\"150\" src=\"https:\/\/www.radiopiu.net\/wordpress\/wp-content\/uploads\/2024\/10\/967a322c-9996-42d7-af75-662ca7d89e84-1-150x150.jpg\" class=\"attachment-thumbnail size-thumbnail\" alt=\"\" aria-describedby=\"gallery-1-413698\" \/><\/a>\n\t\t\t\t<\/dt>\n\t\t\t\t\t<dd class='wp-caption-text gallery-caption' id='gallery-1-413698'>\n\t\t\t\t\tDOMANI\n\t\t\t\t\t<\/dd><\/dl><br style=\"clear: both\" \/><dl class='gallery-item'>\n\t\t\t\t<dt class='gallery-icon portrait'>\n\t\t\t\t\t<a class=\"rollover rollover-zoom dt-pswp-item\" title=\"f947fdbb-45ad-4c5d-b426-66dfc10ada16\" data-dt-img-description=\"\" data-large_image_width=\"1142\" data-large_image_height=\"1600\"href='https:\/\/www.radiopiu.net\/wordpress\/wp-content\/uploads\/2024\/10\/f947fdbb-45ad-4c5d-b426-66dfc10ada16.jpg'><img loading=\"lazy\" decoding=\"async\" width=\"150\" height=\"150\" src=\"https:\/\/www.radiopiu.net\/wordpress\/wp-content\/uploads\/2024\/10\/f947fdbb-45ad-4c5d-b426-66dfc10ada16-150x150.jpg\" class=\"attachment-thumbnail size-thumbnail\" alt=\"\" aria-describedby=\"gallery-1-413896\" \/><\/a>\n\t\t\t\t<\/dt>\n\t\t\t\t\t<dd class='wp-caption-text gallery-caption' id='gallery-1-413896'>\n\t\t\t\t\tIL 26 OTTOBRE ALLA PALESTRA B-FIT\n\t\t\t\t\t<\/dd><\/dl><dl class='gallery-item'>\n\t\t\t\t<dt class='gallery-icon portrait'>\n\t\t\t\t\t<a class=\"rollover rollover-zoom dt-pswp-item\" title=\"b783bbcc-c66e-4db7-96b5-e845a2664a84\" data-dt-img-description=\"\" data-large_image_width=\"509\" data-large_image_height=\"720\"href='https:\/\/www.radiopiu.net\/wordpress\/wp-content\/uploads\/2024\/10\/b783bbcc-c66e-4db7-96b5-e845a2664a84.jpg'><img loading=\"lazy\" decoding=\"async\" width=\"150\" height=\"150\" src=\"https:\/\/www.radiopiu.net\/wordpress\/wp-content\/uploads\/2024\/10\/b783bbcc-c66e-4db7-96b5-e845a2664a84-150x150.jpg\" class=\"attachment-thumbnail size-thumbnail\" alt=\"\" aria-describedby=\"gallery-1-414272\" \/><\/a>\n\t\t\t\t<\/dt>\n\t\t\t\t\t<dd class='wp-caption-text gallery-caption' id='gallery-1-414272'>\n\t\t\t\t\tIL 31 OTTOBRE\n\t\t\t\t\t<\/dd><\/dl><dl class='gallery-item'>\n\t\t\t\t<dt class='gallery-icon portrait'>\n\t\t\t\t\t<a class=\"rollover rollover-zoom dt-pswp-item\" title=\"Cometa\" data-dt-img-description=\"\" data-large_image_width=\"768\" data-large_image_height=\"1086\"href='https:\/\/www.radiopiu.net\/wordpress\/wp-content\/uploads\/2024\/10\/Cometa.jpg'><img loading=\"lazy\" decoding=\"async\" width=\"150\" height=\"150\" src=\"https:\/\/www.radiopiu.net\/wordpress\/wp-content\/uploads\/2024\/10\/Cometa-150x150.jpg\" class=\"attachment-thumbnail size-thumbnail\" alt=\"\" aria-describedby=\"gallery-1-415379\" \/><\/a>\n\t\t\t\t<\/dt>\n\t\t\t\t\t<dd class='wp-caption-text gallery-caption' id='gallery-1-415379'>\n\t\t\t\t\tAL CENTRO ASTRONOMICO DI ARSON\n\t\t\t\t\t<\/dd><\/dl><dl class='gallery-item'>\n\t\t\t\t<dt class='gallery-icon portrait'>\n\t\t\t\t\t<a class=\"rollover rollover-zoom dt-pswp-item\" title=\"Locandina\" data-dt-img-description=\"\" data-large_image_width=\"943\" data-large_image_height=\"1330\"href='https:\/\/www.radiopiu.net\/wordpress\/wp-content\/uploads\/2024\/10\/Locandina.png'><img loading=\"lazy\" decoding=\"async\" width=\"150\" height=\"150\" src=\"https:\/\/www.radiopiu.net\/wordpress\/wp-content\/uploads\/2024\/10\/Locandina-150x150.png\" class=\"attachment-thumbnail size-thumbnail\" alt=\"\" aria-describedby=\"gallery-1-415380\" \/><\/a>\n\t\t\t\t<\/dt>\n\t\t\t\t\t<dd class='wp-caption-text gallery-caption' id='gallery-1-415380'>\n\t\t\t\t\tCON L&#8217;ASSOCIAZIONE CUCCHINI\n\t\t\t\t\t<\/dd><\/dl><br style=\"clear: both\" \/>\n\t\t\t<\/div>\n\n<p>&nbsp;<\/p>\n<\/div>\n<\/div>\n<\/div>\n<p>&nbsp;<\/p>\n<hr \/>\n<p>&nbsp;<\/p>\n<p class=\"mceTemp\"><a class=\"dt-pswp-item\" href=\"https:\/\/www.radiopiu.net\/wordpress\/wp-content\/uploads\/2018\/09\/WhatsApp-Image-2018-09-20-at-16.04.06.jpeg\" data-dt-img-description=\"\" data-large_image_width=\"800\" data-large_image_height=\"100\"><img loading=\"lazy\" decoding=\"async\" class=\"wp-image-61378 size-full aligncenter\" src=\"https:\/\/www.radiopiu.net\/wordpress\/wp-content\/uploads\/2018\/09\/WhatsApp-Image-2018-09-20-at-16.04.06.jpeg\" alt=\"\" width=\"800\" height=\"100\" srcset=\"https:\/\/www.radiopiu.net\/wordpress\/wp-content\/uploads\/2018\/09\/WhatsApp-Image-2018-09-20-at-16.04.06.jpeg 800w, https:\/\/www.radiopiu.net\/wordpress\/wp-content\/uploads\/2018\/09\/WhatsApp-Image-2018-09-20-at-16.04.06-300x38.jpeg 300w, https:\/\/www.radiopiu.net\/wordpress\/wp-content\/uploads\/2018\/09\/WhatsApp-Image-2018-09-20-at-16.04.06-768x96.jpeg 768w\" sizes=\"auto, (max-width: 800px) 100vw, 800px\" \/><\/a><\/p>\n<p><center><\/center><center><\/center>&nbsp;<\/p>\n<p><center><b>OGGI<\/b><\/center>Tempo generalmente ben soleggiato con cielo sereno o poco nuvoloso per temporanee sottili velature sulla maggiore parte delle Dolomiti, senza escludere la presenza di qualche banco di nubi basse mattutine, in rapido dissolvimento. Sulle Prealpi situazione identica su molti settori, ma diversa in alcune conche o fondovalle causa maggiore insidia nubi basse in grado di limitare il soleggiamento.<br \/>\n<b>Precipitazioni: <\/b>Assenti<br \/>\n<b>Temperature: <\/b>Minime in calo sotto i 2000 m, con inversione termica notturna nelle valli, e in rialzo sulle cime pi\u00f9 alte. Massime in sensibile rialzo con relativa mitezza diurna a bassa quota.<\/p>\n<hr \/>\n<p><center><b>DOMANI<\/b><\/center>Ben soleggiato su molti settori dolomitici e su gran parte delle Prealpi, mentre su alcuni settori di quest&#8217;ultime il tempo risulter\u00e0 solo parzialmente soleggiato per nubi basse non esclusivamente limitate alle ore pi\u00f9 fredde sia in Valbelluna che in altri fondovalle.<br \/>\n<b>Precipitazioni: <\/b>Assenti<br \/>\n<b>Temperature: <\/b>In generale lieve calo, salvo le massime nelle valli che potrebbero rimanere pressoch\u00e9 stazionarie. Forte escursione termica giornaliera nelle valli.<\/p>\n<hr \/>\n<p><center><b>MERCOLEDI<\/b><\/center>Maggiore nuvolosit\u00e0 stratiforme medio-alta, magari con qualche schiarita nel corso della giornata, pi\u00f9 probabile sulle Dolomiti. Temperature in leggera diminuzione, eccetto rialzo delle minime in molte valli.<\/p>\n<hr \/>\n<p><center><b>GIOVEDI<\/b><\/center>Tratti soleggiati e nuvolosit\u00e0 stratiforme irregolare senza poter definire ad oggi se sar\u00e0 il sole a predominare o viceversa. Temperature in leggera ulteriore diminuzione in quota, senza notevoli variazioni nelle valli, se non quelle definite dal predominio sole o nubi.<\/p>\n<p>&nbsp;<\/p>\n<p>&nbsp;<\/p>\n<hr \/>\n<p>&nbsp;<\/p>\n<p>&nbsp;<\/p>\n<p class=\"mceTemp\"><a class=\"dt-pswp-item\" href=\"https:\/\/www.radiopiu.net\/wordpress\/wp-content\/uploads\/2018\/09\/sport.jpg\" data-dt-img-description=\"\" data-large_image_width=\"800\" data-large_image_height=\"100\"><img loading=\"lazy\" decoding=\"async\" class=\"aligncenter wp-image-60761 size-full\" src=\"https:\/\/www.radiopiu.net\/wordpress\/wp-content\/uploads\/2018\/09\/sport.jpg\" alt=\"\" width=\"800\" height=\"100\" srcset=\"https:\/\/www.radiopiu.net\/wordpress\/wp-content\/uploads\/2018\/09\/sport.jpg 800w, https:\/\/www.radiopiu.net\/wordpress\/wp-content\/uploads\/2018\/09\/sport-300x38.jpg 300w, https:\/\/www.radiopiu.net\/wordpress\/wp-content\/uploads\/2018\/09\/sport-768x96.jpg 768w\" sizes=\"auto, (max-width: 800px) 100vw, 800px\" \/><\/a><span style=\"color: #0000ff;\"><strong>\u00a0 \u00a0 \u00a0\u00a0<\/strong><\/span><\/p>\n<p><span style=\"color: #0000ff;\"><strong>\u00a0<\/strong><\/span><\/p>\n<p><span style=\"color: #0000ff;\"><strong>HOCKEY SU GHIACCIO<\/strong><\/span><\/p>\n<blockquote>\n<h3>L&#8217;ALLEGHE INCAMERA TRE PUNTI A COMO, IL FELTRE SFIORA L&#8217;IMPRESA A VARESE<\/h3>\n<\/blockquote>\n<p><strong>DI MARCO GAZ<\/strong><\/p>\n<p><span style=\"color: #ff0000;\"><strong>IHL \u2013 8\u00b0 GIORNATA<\/strong><\/span><\/p>\n<p><strong>COMO \u2013 ALLEGHE 1-2<\/strong><\/p>\n<p>PARZIALI: 0-2, 0-0, 1-0<\/p>\n<p>GOL: pt. 8\u201910\u201d F. Soppelsa, 15\u201938\u201d Aleksandrov. tt. 16\u201929\u201d Ruzhnicov<\/p>\n<p>Tre punti erano l\u2019obbiettivo, e l\u2019obbiettivo \u00e8 stato centrato. L\u2019Alleghe vince contro il Como con il minimo sforzo. Gli agordini vanno a segno nella prima frazione di gara, per due volte, e poi gestiscono al meglio una sfida in cui i padroni di casa sono stati capaci di impegnare pi\u00f9 volte il golie alleghese de Nardin trovando il gol della bandiera nel finale di gara. Una vittoria che da morale alla squadra che gioved\u00ec sar\u00e0 di nuovo in campo per l\u2019atteso derby contro il Feltre. Primi minuti di gara con le squadre che si studiano a lungo. A sbloccare la sfida ci pensano le civette. Powerplay in favore degli agordini e Francesco Soppelsa trova la deviazione vincente sotto porta. Provano a reagire i lariani ma la difesa alleghese \u00e8 attenta. Le occasioni non mancano e ad avere la meglio sono ancora gli alleghesi che trovano la rete del raddoppio con Aleksandrov. Nel finale di primo tempo il Como prova a spingere ma senza risultati. Le civette continuano a tenere in mano la partita provando pi\u00f9 volte ad avvicinarsi al gol. I lombardi provano a svegliarsi ma De Nardin se la cava bene tra i pali. Nel terzo drittel l\u2019Alleghe continua a premere impegnando il portiere comasco pi\u00f9 volte. Nel frattempo, i padroni di casa trovano un gol che non viene convalidato per deviazione di pattino. Finale al cardiopalma per le civette che subiscono la rete dai lariani. Un gol che mette in difficolt\u00e0 la squadra alleghese con il Como che le prova tutte per pareggiare i conti. Nel finale i lombardi giocano la carta dell\u2019uomo in pi\u00f9 togliendo il portiere ma il pareggio non arriva.<\/p>\n<p><a class=\"dt-pswp-item\" href=\"https:\/\/www.radiopiu.net\/wordpress\/wp-content\/uploads\/2024\/10\/dbd1e82f-520e-454d-b998-7b9555887910.jpg\" data-dt-img-description=\"\" data-large_image_width=\"1600\" data-large_image_height=\"1200\"><img loading=\"lazy\" decoding=\"async\" class=\"alignnone size-medium wp-image-415346\" src=\"https:\/\/www.radiopiu.net\/wordpress\/wp-content\/uploads\/2024\/10\/dbd1e82f-520e-454d-b998-7b9555887910-300x225.jpg\" alt=\"\" width=\"300\" height=\"225\" srcset=\"https:\/\/www.radiopiu.net\/wordpress\/wp-content\/uploads\/2024\/10\/dbd1e82f-520e-454d-b998-7b9555887910-300x225.jpg 300w, https:\/\/www.radiopiu.net\/wordpress\/wp-content\/uploads\/2024\/10\/dbd1e82f-520e-454d-b998-7b9555887910-1024x768.jpg 1024w, https:\/\/www.radiopiu.net\/wordpress\/wp-content\/uploads\/2024\/10\/dbd1e82f-520e-454d-b998-7b9555887910-768x576.jpg 768w, https:\/\/www.radiopiu.net\/wordpress\/wp-content\/uploads\/2024\/10\/dbd1e82f-520e-454d-b998-7b9555887910-1536x1152.jpg 1536w, https:\/\/www.radiopiu.net\/wordpress\/wp-content\/uploads\/2024\/10\/dbd1e82f-520e-454d-b998-7b9555887910.jpg 1600w\" sizes=\"auto, (max-width: 300px) 100vw, 300px\" \/><\/a><a class=\"dt-pswp-item\" href=\"https:\/\/www.radiopiu.net\/wordpress\/wp-content\/uploads\/2024\/10\/436986d0-bd66-4bed-a645-6f92ae35018a.jpg\" data-dt-img-description=\"\" data-large_image_width=\"1600\" data-large_image_height=\"1200\"><img loading=\"lazy\" decoding=\"async\" class=\"alignnone size-medium wp-image-415347\" src=\"https:\/\/www.radiopiu.net\/wordpress\/wp-content\/uploads\/2024\/10\/436986d0-bd66-4bed-a645-6f92ae35018a-300x225.jpg\" alt=\"\" width=\"300\" height=\"225\" srcset=\"https:\/\/www.radiopiu.net\/wordpress\/wp-content\/uploads\/2024\/10\/436986d0-bd66-4bed-a645-6f92ae35018a-300x225.jpg 300w, https:\/\/www.radiopiu.net\/wordpress\/wp-content\/uploads\/2024\/10\/436986d0-bd66-4bed-a645-6f92ae35018a-1024x768.jpg 1024w, https:\/\/www.radiopiu.net\/wordpress\/wp-content\/uploads\/2024\/10\/436986d0-bd66-4bed-a645-6f92ae35018a-768x576.jpg 768w, https:\/\/www.radiopiu.net\/wordpress\/wp-content\/uploads\/2024\/10\/436986d0-bd66-4bed-a645-6f92ae35018a-1536x1152.jpg 1536w, https:\/\/www.radiopiu.net\/wordpress\/wp-content\/uploads\/2024\/10\/436986d0-bd66-4bed-a645-6f92ae35018a.jpg 1600w\" sizes=\"auto, (max-width: 300px) 100vw, 300px\" \/><\/a><a class=\"dt-pswp-item\" href=\"https:\/\/www.radiopiu.net\/wordpress\/wp-content\/uploads\/2024\/10\/eb58c1c6-546e-49bd-8eec-de81ec110874.jpg\" data-dt-img-description=\"\" data-large_image_width=\"1600\" data-large_image_height=\"1200\"><img loading=\"lazy\" decoding=\"async\" class=\"alignnone size-medium wp-image-415348\" src=\"https:\/\/www.radiopiu.net\/wordpress\/wp-content\/uploads\/2024\/10\/eb58c1c6-546e-49bd-8eec-de81ec110874-300x225.jpg\" alt=\"\" width=\"300\" height=\"225\" srcset=\"https:\/\/www.radiopiu.net\/wordpress\/wp-content\/uploads\/2024\/10\/eb58c1c6-546e-49bd-8eec-de81ec110874-300x225.jpg 300w, https:\/\/www.radiopiu.net\/wordpress\/wp-content\/uploads\/2024\/10\/eb58c1c6-546e-49bd-8eec-de81ec110874-1024x768.jpg 1024w, https:\/\/www.radiopiu.net\/wordpress\/wp-content\/uploads\/2024\/10\/eb58c1c6-546e-49bd-8eec-de81ec110874-768x576.jpg 768w, https:\/\/www.radiopiu.net\/wordpress\/wp-content\/uploads\/2024\/10\/eb58c1c6-546e-49bd-8eec-de81ec110874-1536x1152.jpg 1536w, https:\/\/www.radiopiu.net\/wordpress\/wp-content\/uploads\/2024\/10\/eb58c1c6-546e-49bd-8eec-de81ec110874.jpg 1600w\" sizes=\"auto, (max-width: 300px) 100vw, 300px\" \/><\/a><a class=\"dt-pswp-item\" href=\"https:\/\/www.radiopiu.net\/wordpress\/wp-content\/uploads\/2024\/10\/828cd14c-c57c-4bda-ab04-5e040a5e3fa3.jpg\" data-dt-img-description=\"\" data-large_image_width=\"1600\" data-large_image_height=\"1200\"><img loading=\"lazy\" decoding=\"async\" class=\"alignnone size-medium wp-image-415349\" src=\"https:\/\/www.radiopiu.net\/wordpress\/wp-content\/uploads\/2024\/10\/828cd14c-c57c-4bda-ab04-5e040a5e3fa3-300x225.jpg\" alt=\"\" width=\"300\" height=\"225\" srcset=\"https:\/\/www.radiopiu.net\/wordpress\/wp-content\/uploads\/2024\/10\/828cd14c-c57c-4bda-ab04-5e040a5e3fa3-300x225.jpg 300w, https:\/\/www.radiopiu.net\/wordpress\/wp-content\/uploads\/2024\/10\/828cd14c-c57c-4bda-ab04-5e040a5e3fa3-1024x768.jpg 1024w, https:\/\/www.radiopiu.net\/wordpress\/wp-content\/uploads\/2024\/10\/828cd14c-c57c-4bda-ab04-5e040a5e3fa3-768x576.jpg 768w, https:\/\/www.radiopiu.net\/wordpress\/wp-content\/uploads\/2024\/10\/828cd14c-c57c-4bda-ab04-5e040a5e3fa3-1536x1152.jpg 1536w, https:\/\/www.radiopiu.net\/wordpress\/wp-content\/uploads\/2024\/10\/828cd14c-c57c-4bda-ab04-5e040a5e3fa3.jpg 1600w\" sizes=\"auto, (max-width: 300px) 100vw, 300px\" \/><\/a><a class=\"dt-pswp-item\" href=\"https:\/\/www.radiopiu.net\/wordpress\/wp-content\/uploads\/2024\/10\/3fac39c0-5090-46d9-855f-fd3f073c1370.jpg\" data-dt-img-description=\"\" data-large_image_width=\"1200\" data-large_image_height=\"1600\"><img loading=\"lazy\" decoding=\"async\" class=\"alignnone wp-image-415350\" src=\"https:\/\/www.radiopiu.net\/wordpress\/wp-content\/uploads\/2024\/10\/3fac39c0-5090-46d9-855f-fd3f073c1370-225x300.jpg\" alt=\"\" width=\"170\" height=\"227\" srcset=\"https:\/\/www.radiopiu.net\/wordpress\/wp-content\/uploads\/2024\/10\/3fac39c0-5090-46d9-855f-fd3f073c1370-225x300.jpg 225w, https:\/\/www.radiopiu.net\/wordpress\/wp-content\/uploads\/2024\/10\/3fac39c0-5090-46d9-855f-fd3f073c1370-768x1024.jpg 768w, https:\/\/www.radiopiu.net\/wordpress\/wp-content\/uploads\/2024\/10\/3fac39c0-5090-46d9-855f-fd3f073c1370-1152x1536.jpg 1152w, https:\/\/www.radiopiu.net\/wordpress\/wp-content\/uploads\/2024\/10\/3fac39c0-5090-46d9-855f-fd3f073c1370.jpg 1200w\" sizes=\"auto, (max-width: 170px) 100vw, 170px\" \/><\/a><\/p>\n<p><strong>VARESE \u2013 FELTRE 4-3 dot<\/strong><\/p>\n<p>PARZIALI: 0-0, 2-1, 1-2, 1-0<\/p>\n<p>GOL: st. 0\u201939\u201d Franchini, 11\u201932\u201d Borghi, 17\u201903\u201d Foltin. tt. 1\u201954 e 15\u201948\u201d Foltin, 18\u201919\u201d Perino. ot. 1\u201954\u201d Perino<\/p>\n<p>Il Feltre perde, ma solo all\u2019overtime. A Varese i picchi vanno sotto 2 a 0 per poi pareggiare e adirittura portarsi in vantaggio. A interrompere il sogno feltrino un gol varesotto a pochi minuti dal termine che ha portato la safida all\u2019overtime dove i padroni di casa hanno avuto la meglio.\u00a0 Il Varese stenta ad ingranare la marcia e il Feltre si avvicina pi\u00f9 volte al gol nei primi minuti di gara. Il match \u00e8 vivace con tanti cambi di fronte ma si va al riposo a reti inviolate. Nel secondo tempo i lombardi vanno subito a segno con Franchini. I picchi non ci stanno e vanno pi\u00f9 volte vicini al pareggio. A colpire \u00e8 ancora il Varese che trova la seconda marcatura con Borghi. La reazione dei feltrini non si fa attendere ed accorciano le distanze con Foltin. Lo stesso Foltin pareggia i conti ad inizio terzo drittel. Il Feltre preme gli avversari e si porta in vantaggio, ancora una volta con Foltin. A meno di 2\u2019 dal termine il Varese pareggia e la sfida va all\u2019overtime dove i lombardi trovano la rete del punto aggiuntivo.<\/p>\n<p>&nbsp;<\/p>\n<blockquote>\n<h3>ALLEGHE HOCKEY: UNDER 19 A RIPOSO, UNDER 14 CHE TORNA DA BRUNICO A TASCHE VUOTE<\/h3>\n<\/blockquote>\n<p><strong><a class=\"dt-pswp-item\" href=\"https:\/\/www.radiopiu.net\/wordpress\/wp-content\/uploads\/2018\/08\/hockey-team-3311629_1280.jpg\" data-dt-img-description=\"\" data-large_image_width=\"1280\" data-large_image_height=\"853\"><img loading=\"lazy\" decoding=\"async\" class=\" wp-image-59185 alignleft\" src=\"https:\/\/www.radiopiu.net\/wordpress\/wp-content\/uploads\/2018\/08\/hockey-team-3311629_1280-300x200.jpg\" alt=\"\" width=\"161\" height=\"107\" srcset=\"https:\/\/www.radiopiu.net\/wordpress\/wp-content\/uploads\/2018\/08\/hockey-team-3311629_1280-300x200.jpg 300w, https:\/\/www.radiopiu.net\/wordpress\/wp-content\/uploads\/2018\/08\/hockey-team-3311629_1280-768x512.jpg 768w, https:\/\/www.radiopiu.net\/wordpress\/wp-content\/uploads\/2018\/08\/hockey-team-3311629_1280-1024x682.jpg 1024w, https:\/\/www.radiopiu.net\/wordpress\/wp-content\/uploads\/2018\/08\/hockey-team-3311629_1280.jpg 1280w\" sizes=\"auto, (max-width: 161px) 100vw, 161px\" \/><\/a>DI MARCO GAZ<\/strong><\/p>\n<p><span style=\"color: #ff0000;\"><strong>UNDER 19<\/strong><\/span><\/p>\n<p><strong>CORTINA\/ALLEGHE TURNO DI RIPOSO<\/strong><strong>\u00a0<\/strong><\/p>\n<p><span style=\"color: #ff0000;\"><strong>UNDER 14 <\/strong><\/span><\/p>\n<p><strong>VAL PUSTERIA \u2013 ALLEGHE\/CORTINA 5-3<\/strong><\/p>\n<p>Dopo quattro vittorie in successione, l\u2019under 14 dell\u2019Alleghe\/Cortina perde la prima partita della stagione e lo fa contro il Val Pusteria. Una partita combattuta con tanti capovolgimenti di fronte che ha visto gli altoatesini chiudere la prima frazione in vantaggio per 3 a 1. Un altro gol pusterese arriva nel secondo tempo mentre i bellunesi provano la reazione nell\u2019ultimo drittel accorciando le distanze ma non riuscendo a pareggiare i conti.<\/p>\n<p>&nbsp;<\/p>\n<p><span style=\"color: #0000ff;\"><strong>PATTINAGGIO ARTISTICO<\/strong><\/span><\/p>\n<blockquote>\n<h3>MARTINA DA TOS SECONDA ALLA PROVA TRIVENETO DI PATTINAGGIO ARTISTICO<\/h3>\n<\/blockquote>\n<p><strong>BOLZANO<\/strong> Martina Da Tos ha conquistato il secondo posto nella prima prova triveneta FISG, fascia Silver, nella categoria Intermediate Novice. Con un punteggio brillante, Martina ha mostrato un netto miglioramento nelle componenti tecniche, eseguendo una prova impeccabile, senza errori. La sua costanza e il lavoro duro stanno dando i loro frutti.<\/p>\n<p><a class=\"dt-pswp-item\" href=\"https:\/\/www.radiopiu.net\/wordpress\/wp-content\/uploads\/2024\/10\/464005954_1043995064186662_7194392984344813048_n.jpg\" data-dt-img-description=\"\" data-large_image_width=\"1125\" data-large_image_height=\"1600\"><img loading=\"lazy\" decoding=\"async\" class=\"alignnone size-medium wp-image-415452\" src=\"https:\/\/www.radiopiu.net\/wordpress\/wp-content\/uploads\/2024\/10\/464005954_1043995064186662_7194392984344813048_n-211x300.jpg\" alt=\"\" width=\"211\" height=\"300\" srcset=\"https:\/\/www.radiopiu.net\/wordpress\/wp-content\/uploads\/2024\/10\/464005954_1043995064186662_7194392984344813048_n-211x300.jpg 211w, https:\/\/www.radiopiu.net\/wordpress\/wp-content\/uploads\/2024\/10\/464005954_1043995064186662_7194392984344813048_n-720x1024.jpg 720w, https:\/\/www.radiopiu.net\/wordpress\/wp-content\/uploads\/2024\/10\/464005954_1043995064186662_7194392984344813048_n-768x1092.jpg 768w, https:\/\/www.radiopiu.net\/wordpress\/wp-content\/uploads\/2024\/10\/464005954_1043995064186662_7194392984344813048_n-1080x1536.jpg 1080w, https:\/\/www.radiopiu.net\/wordpress\/wp-content\/uploads\/2024\/10\/464005954_1043995064186662_7194392984344813048_n.jpg 1125w\" sizes=\"auto, (max-width: 211px) 100vw, 211px\" \/><\/a><a class=\"dt-pswp-item\" href=\"https:\/\/www.radiopiu.net\/wordpress\/wp-content\/uploads\/2024\/10\/463482571_1043994994186669_1514088218264079696_n.jpg\" data-dt-img-description=\"\" data-large_image_width=\"1355\" data-large_image_height=\"1600\"><img loading=\"lazy\" decoding=\"async\" class=\"alignnone size-medium wp-image-415451\" src=\"https:\/\/www.radiopiu.net\/wordpress\/wp-content\/uploads\/2024\/10\/463482571_1043994994186669_1514088218264079696_n-254x300.jpg\" alt=\"\" width=\"254\" height=\"300\" srcset=\"https:\/\/www.radiopiu.net\/wordpress\/wp-content\/uploads\/2024\/10\/463482571_1043994994186669_1514088218264079696_n-254x300.jpg 254w, https:\/\/www.radiopiu.net\/wordpress\/wp-content\/uploads\/2024\/10\/463482571_1043994994186669_1514088218264079696_n-867x1024.jpg 867w, https:\/\/www.radiopiu.net\/wordpress\/wp-content\/uploads\/2024\/10\/463482571_1043994994186669_1514088218264079696_n-768x907.jpg 768w, https:\/\/www.radiopiu.net\/wordpress\/wp-content\/uploads\/2024\/10\/463482571_1043994994186669_1514088218264079696_n-1301x1536.jpg 1301w, https:\/\/www.radiopiu.net\/wordpress\/wp-content\/uploads\/2024\/10\/463482571_1043994994186669_1514088218264079696_n.jpg 1355w\" sizes=\"auto, (max-width: 254px) 100vw, 254px\" \/><\/a><a class=\"dt-pswp-item\" href=\"https:\/\/www.radiopiu.net\/wordpress\/wp-content\/uploads\/2024\/10\/464125943_1043995110853324_8062904557964642590_n.jpg\" data-dt-img-description=\"\" data-large_image_width=\"1600\" data-large_image_height=\"1200\"><img loading=\"lazy\" decoding=\"async\" class=\"alignnone size-medium wp-image-415449\" src=\"https:\/\/www.radiopiu.net\/wordpress\/wp-content\/uploads\/2024\/10\/464125943_1043995110853324_8062904557964642590_n-300x225.jpg\" alt=\"\" width=\"300\" height=\"225\" srcset=\"https:\/\/www.radiopiu.net\/wordpress\/wp-content\/uploads\/2024\/10\/464125943_1043995110853324_8062904557964642590_n-300x225.jpg 300w, https:\/\/www.radiopiu.net\/wordpress\/wp-content\/uploads\/2024\/10\/464125943_1043995110853324_8062904557964642590_n-1024x768.jpg 1024w, https:\/\/www.radiopiu.net\/wordpress\/wp-content\/uploads\/2024\/10\/464125943_1043995110853324_8062904557964642590_n-768x576.jpg 768w, https:\/\/www.radiopiu.net\/wordpress\/wp-content\/uploads\/2024\/10\/464125943_1043995110853324_8062904557964642590_n-1536x1152.jpg 1536w, https:\/\/www.radiopiu.net\/wordpress\/wp-content\/uploads\/2024\/10\/464125943_1043995110853324_8062904557964642590_n.jpg 1600w\" sizes=\"auto, (max-width: 300px) 100vw, 300px\" \/><\/a><a class=\"dt-pswp-item\" href=\"https:\/\/www.radiopiu.net\/wordpress\/wp-content\/uploads\/2024\/10\/464035098_1043995200853315_4268374931125578074_n.jpg\" data-dt-img-description=\"\" data-large_image_width=\"1899\" data-large_image_height=\"1470\"><img loading=\"lazy\" decoding=\"async\" class=\"alignnone size-medium wp-image-415450\" src=\"https:\/\/www.radiopiu.net\/wordpress\/wp-content\/uploads\/2024\/10\/464035098_1043995200853315_4268374931125578074_n-300x232.jpg\" alt=\"\" width=\"300\" height=\"232\" srcset=\"https:\/\/www.radiopiu.net\/wordpress\/wp-content\/uploads\/2024\/10\/464035098_1043995200853315_4268374931125578074_n-300x232.jpg 300w, https:\/\/www.radiopiu.net\/wordpress\/wp-content\/uploads\/2024\/10\/464035098_1043995200853315_4268374931125578074_n-1024x793.jpg 1024w, https:\/\/www.radiopiu.net\/wordpress\/wp-content\/uploads\/2024\/10\/464035098_1043995200853315_4268374931125578074_n-768x595.jpg 768w, https:\/\/www.radiopiu.net\/wordpress\/wp-content\/uploads\/2024\/10\/464035098_1043995200853315_4268374931125578074_n-1536x1189.jpg 1536w, https:\/\/www.radiopiu.net\/wordpress\/wp-content\/uploads\/2024\/10\/464035098_1043995200853315_4268374931125578074_n.jpg 1899w\" sizes=\"auto, (max-width: 300px) 100vw, 300px\" \/><\/a><\/p>\n<p>&nbsp;<\/p>\n<p><span style=\"color: #0000ff;\"><strong>VOLTEGGIO<\/strong><\/span><\/p>\n<blockquote>\n<h2>Coppa Italia di Volteggio: trionfo per il PR Ranch Dolomiti<\/h2>\n<\/blockquote>\n<p><strong>AGORDO<\/strong> Si \u00e8\u00a0 concluso il lungo weekend dedicato alla Coppa Italia di Volteggio, disputatosi a pochi chilometri da Brescia presso le Scuderie San Giorgio. Gli atleti del <strong>PR Ranch Dolomiti Volteggio<\/strong> hanno chiuso la stagione agonistica con risultati entusiasmanti, consolidando quanto gi\u00e0 ottenuto nelle precedenti competizioni. Gli atleti sono riusciti a salire sul podio ben quattro volte, portando orgogliosamente il nome del PR Ranch Dolomiti in alto. Alessandro Oldrati e Mattia Giora si sono aggiudicati la medaglia d\u2019argento rispettivamente nelle categorie D individuale under 12 e over 13. Due magnifici secondi posti che confermano il loro talento e la crescita costante. Per quanto riguarda la categoria 1 stella Junior, <strong>Cecilia Caldart<\/strong> ha conquistato un onorevole nono posto, mentre nella categoria 1 stella Children il podio ha visto il dominio assoluto degli agordini: <strong>Aurora Zuanel<\/strong> ha ottenuto la medaglia d\u2019argento, e <strong>Diletta Caldart<\/strong> ha brillato conquistando l\u2019oro.<br \/>\n<a class=\"dt-pswp-item\" href=\"https:\/\/www.radiopiu.net\/wordpress\/wp-content\/uploads\/2024\/10\/e72f91ea-0f1e-4c44-b58a-149ea3d5ff83.jpg\" data-dt-img-description=\"\" data-large_image_width=\"1600\" data-large_image_height=\"777\"><img loading=\"lazy\" decoding=\"async\" class=\"alignnone size-medium wp-image-415508\" src=\"https:\/\/www.radiopiu.net\/wordpress\/wp-content\/uploads\/2024\/10\/e72f91ea-0f1e-4c44-b58a-149ea3d5ff83-300x146.jpg\" alt=\"\" width=\"300\" height=\"146\" srcset=\"https:\/\/www.radiopiu.net\/wordpress\/wp-content\/uploads\/2024\/10\/e72f91ea-0f1e-4c44-b58a-149ea3d5ff83-300x146.jpg 300w, https:\/\/www.radiopiu.net\/wordpress\/wp-content\/uploads\/2024\/10\/e72f91ea-0f1e-4c44-b58a-149ea3d5ff83-1024x497.jpg 1024w, https:\/\/www.radiopiu.net\/wordpress\/wp-content\/uploads\/2024\/10\/e72f91ea-0f1e-4c44-b58a-149ea3d5ff83-768x373.jpg 768w, https:\/\/www.radiopiu.net\/wordpress\/wp-content\/uploads\/2024\/10\/e72f91ea-0f1e-4c44-b58a-149ea3d5ff83-1536x746.jpg 1536w, https:\/\/www.radiopiu.net\/wordpress\/wp-content\/uploads\/2024\/10\/e72f91ea-0f1e-4c44-b58a-149ea3d5ff83.jpg 1600w\" sizes=\"auto, (max-width: 300px) 100vw, 300px\" \/><\/a><a class=\"dt-pswp-item\" href=\"https:\/\/www.radiopiu.net\/wordpress\/wp-content\/uploads\/2024\/10\/28e9bd8d-a2c3-4302-994e-771251835479.jpg\" data-dt-img-description=\"\" data-large_image_width=\"1600\" data-large_image_height=\"897\"><img loading=\"lazy\" decoding=\"async\" class=\"alignnone wp-image-415509\" src=\"https:\/\/www.radiopiu.net\/wordpress\/wp-content\/uploads\/2024\/10\/28e9bd8d-a2c3-4302-994e-771251835479-300x168.jpg\" alt=\"\" width=\"259\" height=\"145\" srcset=\"https:\/\/www.radiopiu.net\/wordpress\/wp-content\/uploads\/2024\/10\/28e9bd8d-a2c3-4302-994e-771251835479-300x168.jpg 300w, https:\/\/www.radiopiu.net\/wordpress\/wp-content\/uploads\/2024\/10\/28e9bd8d-a2c3-4302-994e-771251835479-1024x574.jpg 1024w, https:\/\/www.radiopiu.net\/wordpress\/wp-content\/uploads\/2024\/10\/28e9bd8d-a2c3-4302-994e-771251835479-768x431.jpg 768w, https:\/\/www.radiopiu.net\/wordpress\/wp-content\/uploads\/2024\/10\/28e9bd8d-a2c3-4302-994e-771251835479-1536x861.jpg 1536w, https:\/\/www.radiopiu.net\/wordpress\/wp-content\/uploads\/2024\/10\/28e9bd8d-a2c3-4302-994e-771251835479.jpg 1600w\" sizes=\"auto, (max-width: 259px) 100vw, 259px\" \/><\/a><a class=\"dt-pswp-item\" href=\"https:\/\/www.radiopiu.net\/wordpress\/wp-content\/uploads\/2024\/10\/cc2635f1-41ad-403d-8413-881df0f0eb54.jpg\" data-dt-img-description=\"\" data-large_image_width=\"1600\" data-large_image_height=\"897\"><img loading=\"lazy\" decoding=\"async\" class=\"alignnone size-medium wp-image-415510\" src=\"https:\/\/www.radiopiu.net\/wordpress\/wp-content\/uploads\/2024\/10\/cc2635f1-41ad-403d-8413-881df0f0eb54-300x168.jpg\" alt=\"\" width=\"300\" height=\"168\" srcset=\"https:\/\/www.radiopiu.net\/wordpress\/wp-content\/uploads\/2024\/10\/cc2635f1-41ad-403d-8413-881df0f0eb54-300x168.jpg 300w, https:\/\/www.radiopiu.net\/wordpress\/wp-content\/uploads\/2024\/10\/cc2635f1-41ad-403d-8413-881df0f0eb54-1024x574.jpg 1024w, https:\/\/www.radiopiu.net\/wordpress\/wp-content\/uploads\/2024\/10\/cc2635f1-41ad-403d-8413-881df0f0eb54-768x431.jpg 768w, https:\/\/www.radiopiu.net\/wordpress\/wp-content\/uploads\/2024\/10\/cc2635f1-41ad-403d-8413-881df0f0eb54-1536x861.jpg 1536w, https:\/\/www.radiopiu.net\/wordpress\/wp-content\/uploads\/2024\/10\/cc2635f1-41ad-403d-8413-881df0f0eb54.jpg 1600w\" sizes=\"auto, (max-width: 300px) 100vw, 300px\" \/> <\/a><\/p>\n<p><iframe loading=\"lazy\" title=\"WhatsApp Video 2024 10 20 at 21 58 52\" width=\"1200\" height=\"675\" src=\"https:\/\/www.youtube.com\/embed\/02m81nwmJhM?feature=oembed\" frameborder=\"0\" allow=\"accelerometer; autoplay; clipboard-write; encrypted-media; gyroscope; picture-in-picture; web-share\" referrerpolicy=\"strict-origin-when-cross-origin\" allowfullscreen><\/iframe><\/p>\n<p><strong>DILETTA CALDART<\/strong><\/p>\n<p><iframe loading=\"lazy\" title=\"WhatsApp Video 2024 10 20 at 21 58 29\" width=\"1200\" height=\"675\" src=\"https:\/\/www.youtube.com\/embed\/q_oH4gkLBsE?feature=oembed\" frameborder=\"0\" allow=\"accelerometer; autoplay; clipboard-write; encrypted-media; gyroscope; picture-in-picture; web-share\" referrerpolicy=\"strict-origin-when-cross-origin\" allowfullscreen><\/iframe><\/p>\n<p><strong>AURORA ZUANEL<\/strong><\/p>\n<p><iframe loading=\"lazy\" title=\"WhatsApp Video 2024 10 20 at 21 56 35\" width=\"1200\" height=\"675\" src=\"https:\/\/www.youtube.com\/embed\/LlSPYUsiSQ0?feature=oembed\" frameborder=\"0\" allow=\"accelerometer; autoplay; clipboard-write; encrypted-media; gyroscope; picture-in-picture; web-share\" referrerpolicy=\"strict-origin-when-cross-origin\" allowfullscreen><\/iframe><\/p>\n<p>__<\/p>\n<p><span style=\"color: #0000ff;\"><strong>CALCIO<\/strong><\/span><\/p>\n<blockquote>\n<h3>IL MALTEMPO VINCE SUL CALCIO. RINVIATE TUTTE LE SFIDE PER L&#8217;AGORDINA<\/h3>\n<\/blockquote>\n<p><strong><a class=\"dt-pswp-item\" href=\"https:\/\/www.radiopiu.net\/wordpress\/wp-content\/uploads\/2018\/10\/CALCIO-PIOGGIA.jpg\" data-dt-img-description=\"\" data-large_image_width=\"900\" data-large_image_height=\"523\"><img loading=\"lazy\" decoding=\"async\" class=\" wp-image-65385 alignleft\" src=\"https:\/\/www.radiopiu.net\/wordpress\/wp-content\/uploads\/2018\/10\/CALCIO-PIOGGIA-300x174.jpg\" alt=\"\" width=\"190\" height=\"110\" srcset=\"https:\/\/www.radiopiu.net\/wordpress\/wp-content\/uploads\/2018\/10\/CALCIO-PIOGGIA-300x174.jpg 300w, https:\/\/www.radiopiu.net\/wordpress\/wp-content\/uploads\/2018\/10\/CALCIO-PIOGGIA-768x446.jpg 768w, https:\/\/www.radiopiu.net\/wordpress\/wp-content\/uploads\/2018\/10\/CALCIO-PIOGGIA.jpg 900w\" sizes=\"auto, (max-width: 190px) 100vw, 190px\" \/><\/a>DI MARCO GAZ<\/strong><\/p>\n<p><strong>REDAZIONE<\/strong> Maltempo 1, calcio 0. Lo si pu\u00f2 riassumere cos\u00ec il fine settimana calcistico in provincia di Belluno, ma anche a livello regionale. Le piogge dei giorni scorsi sono state fatali e la LND del Veneto si \u00e8 vista costretta a sospendere tutti i campionati: dal settore giovanile, il calcio femminile e tutti i campionati dilettantistici. Un fulmine a ciel sereno, si perch\u00e9 la notizia \u00e8 arrivata nella tarda mattinata di sabato quando il tempo sembrava essere clemente. Una prima avvisaglia della situazione era gi\u00e0 arrivata venerd\u00ec pomeriggio quando erano gi\u00e0 state rinviate tutte le partite del settore giovanile. Il giorno dopo la decisione definitiva. La LND del Veneto ha optato per fermare tutti i campionati regionali e provinciali dell\u2019intera regione. Una decisione presa per salvaguardare giocatori, arbitri e campi di gioco, quest\u2019ultimi messi a dura prova dalla tanta pioggia caduta nel fine settimana. Ora si attende di sapere quando verranno recuperate le partite non giocate nel weekend. Un calendario folto che vede le squadre giocare ogni fine settimana non permette alla Lega di inserire i recuperi se non fare un turno infrasettimanale o spostare il tutto a ridosso delle festivit\u00e0 natalizie o cominciare una settimana prima la seconda fase di campionato per quanto riguarda i campionati provinciali dove milita l\u2019Agordina Calcio.<\/p>\n<p>&nbsp;<\/p>\n<p><span style=\"color: #0000ff;\"><strong>PALLAVOLO\u00a0<\/strong><\/span><\/p>\n<blockquote>\n<h3><b><a class=\"dt-pswp-item\" href=\"https:\/\/www.radiopiu.net\/wordpress\/wp-content\/uploads\/2024\/10\/Sconfitta_al_quinto_set_nel_derby.jpg\" data-dt-img-description=\"\" data-large_image_width=\"1280\" data-large_image_height=\"855\"><img loading=\"lazy\" decoding=\"async\" class=\" wp-image-415534 alignleft\" src=\"https:\/\/www.radiopiu.net\/wordpress\/wp-content\/uploads\/2024\/10\/Sconfitta_al_quinto_set_nel_derby-300x200.jpg\" alt=\"\" width=\"224\" height=\"149\" srcset=\"https:\/\/www.radiopiu.net\/wordpress\/wp-content\/uploads\/2024\/10\/Sconfitta_al_quinto_set_nel_derby-300x200.jpg 300w, https:\/\/www.radiopiu.net\/wordpress\/wp-content\/uploads\/2024\/10\/Sconfitta_al_quinto_set_nel_derby-1024x684.jpg 1024w, https:\/\/www.radiopiu.net\/wordpress\/wp-content\/uploads\/2024\/10\/Sconfitta_al_quinto_set_nel_derby-768x513.jpg 768w, https:\/\/www.radiopiu.net\/wordpress\/wp-content\/uploads\/2024\/10\/Sconfitta_al_quinto_set_nel_derby.jpg 1280w\" sizes=\"auto, (max-width: 224px) 100vw, 224px\" \/><\/a>BELLUNO VOLLEY&#8230; DELUDENTE INIZIO DI STAGIONE. BASTONATI IN CASA\u00a0<\/b><\/h3>\n<\/blockquote>\n<p><b>BELLUNO VOLLEY-PERSONAL TIME SAN DON\u00c0 DI PIAVE 2-3 <\/b><b>PARZIALI<\/b>: 25-23, 23-25, 21-25, 25-18, 6-15.<span class=\"gmail-Apple-converted-space\"> \u00a0<\/span><b>BELLUNO VOLLEY: <\/b>Ferrato 3, Mian 9, Basso 3, Mozzato 10, Saibene 8, Zappoli 13; Bassanello (L), Schiro 13, Guizzardi, Loglisci 10, Luisetto 3. N.e. Cengia, Martinez, Guolla (L). Allenatore: M. De Cecco.<\/p>\n<p>Un solo punto per il Belluno Volley nell&#8217;esordio di campionato. Chi gode\u00a0 \u00e8 il <b>Personal Time San Don\u00e0<\/b> <b>di Piave<\/b>, che sbanca il Pala Lambioi e rovina la festa <em><b>\u00a0<\/b>\u00abNon \u00e8 il risultato che ci aspettavamo &#8211; analizza Matteo De Cecco -. Dovevamo gestire meglio le emozioni dell\u2019esordio. E siamo stati toppo umorali: quando potevamo ricucire degli strappi, abbiamo commesso errori in serie. Un effetto a catena che ci ha portato ad abbatterci dal punto di vista psicologico. Il tie-break? Iniziarlo in quel modo un po\u2019 mi preoccupa. Stiamo combattendo contro la paura di sbagliare. \u00c8 la prima, \u00e8 andata cos\u00ec: ora cerchiamo di interpretare le altre partite in maniera diversa\u00bb<\/em><\/p>\n<p>&nbsp;<\/p>\n<p>&nbsp;<\/p>\n<blockquote>\n<h3>LA SB VOLLEY CHIUDE LA PRIMA FASE DI COPPA CON UNA VITTORIA<\/h3>\n<\/blockquote>\n<p><b><a class=\"dt-pswp-item\" href=\"https:\/\/www.radiopiu.net\/wordpress\/wp-content\/uploads\/2024\/10\/SB_Volley_festeggia_dopo_il_derby_di_Limana.jpg\" data-dt-img-description=\"\" data-large_image_width=\"1272\" data-large_image_height=\"798\"><img loading=\"lazy\" decoding=\"async\" class=\" wp-image-415400 alignleft\" src=\"https:\/\/www.radiopiu.net\/wordpress\/wp-content\/uploads\/2024\/10\/SB_Volley_festeggia_dopo_il_derby_di_Limana-300x188.jpg\" alt=\"\" width=\"207\" height=\"130\" srcset=\"https:\/\/www.radiopiu.net\/wordpress\/wp-content\/uploads\/2024\/10\/SB_Volley_festeggia_dopo_il_derby_di_Limana-300x188.jpg 300w, https:\/\/www.radiopiu.net\/wordpress\/wp-content\/uploads\/2024\/10\/SB_Volley_festeggia_dopo_il_derby_di_Limana-1024x642.jpg 1024w, https:\/\/www.radiopiu.net\/wordpress\/wp-content\/uploads\/2024\/10\/SB_Volley_festeggia_dopo_il_derby_di_Limana-768x482.jpg 768w, https:\/\/www.radiopiu.net\/wordpress\/wp-content\/uploads\/2024\/10\/SB_Volley_festeggia_dopo_il_derby_di_Limana.jpg 1272w\" sizes=\"auto, (max-width: 207px) 100vw, 207px\" \/><\/a>SCP LIMANA-SB VOLLEY 0-3 (<\/b><strong>22-25, 18-25, 23-25)<\/strong><\/p>\n<p>La SB Volley, gi\u00e0 qualificata e sicura del secondo posto nel girone di Coppa Veneto, ha conquistato la terza vittoria consecutiva vincendo il derby contro la SCP in tre set. Dopo una sconfitta al tie-break nella gara d&#8217;esordio, la squadra di Josh Salvador ha registrato sei set vinti senza perderne uno. Nel match, la SB Volley ha riabbracciato tre ex giocatrici: Fiona Schiavo, Beatrice Fent e Giulia Zanellati. La capitana Carlotta De Barba, con 10 punti, ha guidato la squadra, mentre Claudia Fiabane e Camilla Consoli si sono distinte nel corso del match. Il direttore sportivo Claudio Casanova ha evidenziato l&#8217;importanza di mantenere alta la concentrazione in vista dell&#8217;inizio del campionato.<\/p>\n<p>&nbsp;<\/p>\n<p><span style=\"color: #0000ff;\"><strong>CORSA CAMPESTRE<\/strong><\/span><\/p>\n<blockquote>\n<h3><a class=\"dt-pswp-item\" href=\"https:\/\/www.radiopiu.net\/wordpress\/wp-content\/uploads\/2024\/10\/campionato-provinciale-cross_csi_Valle_di_Cadore-20-ottobre-2024-scaled.jpg\" data-dt-img-description=\"\" data-large_image_width=\"2560\" data-large_image_height=\"1706\"><img loading=\"lazy\" decoding=\"async\" class=\"size-medium wp-image-415457 alignleft\" src=\"https:\/\/www.radiopiu.net\/wordpress\/wp-content\/uploads\/2024\/10\/campionato-provinciale-cross_csi_Valle_di_Cadore-20-ottobre-2024-300x200.jpg\" alt=\"\" width=\"300\" height=\"200\" srcset=\"https:\/\/www.radiopiu.net\/wordpress\/wp-content\/uploads\/2024\/10\/campionato-provinciale-cross_csi_Valle_di_Cadore-20-ottobre-2024-300x200.jpg 300w, https:\/\/www.radiopiu.net\/wordpress\/wp-content\/uploads\/2024\/10\/campionato-provinciale-cross_csi_Valle_di_Cadore-20-ottobre-2024-1024x683.jpg 1024w, https:\/\/www.radiopiu.net\/wordpress\/wp-content\/uploads\/2024\/10\/campionato-provinciale-cross_csi_Valle_di_Cadore-20-ottobre-2024-768x512.jpg 768w, https:\/\/www.radiopiu.net\/wordpress\/wp-content\/uploads\/2024\/10\/campionato-provinciale-cross_csi_Valle_di_Cadore-20-ottobre-2024-1536x1024.jpg 1536w, https:\/\/www.radiopiu.net\/wordpress\/wp-content\/uploads\/2024\/10\/campionato-provinciale-cross_csi_Valle_di_Cadore-20-ottobre-2024-2048x1365.jpg 2048w\" sizes=\"auto, (max-width: 300px) 100vw, 300px\" \/><\/a>IN 300 ALLA PRIMA TAPPA DEL CAMPIONATO PROVINCIALE CSI DI CORSA CAMPESTRE<\/h3>\n<\/blockquote>\n<p>A Valle di Cadore ha preso il via il Campionato provinciale di corsa campestre del CSI, organizzato dai comitati di Belluno e Feltre. La gara d\u2019esordio, con 300 partecipanti da 19 societ\u00e0, si \u00e8 svolta su un percorso tecnico, reso difficile dalla pioggia precedente. Nella classifica per societ\u00e0, il Gs Castionese ha vinto con 378 punti, seguito da Gs La Piave 2000 e Atletica Zoldo. Nelle gare individuali assolute, Luca Coldebella ha trionfato tra gli uomini e Alessia Miniutti tra le donne. Il ricavato della manifestazione andr\u00e0 a sostegno di iniziative solidali locali.<\/p>\n<p>&nbsp;<\/p>\n<p><span style=\"color: #0000ff;\"><strong>SKI COLLEGE<\/strong><\/span><\/p>\n<blockquote>\n<h3>PRESENTATE LE SQUADRE DELLO SKI COLLEGE VENETO DI FALCADE<\/h3>\n<\/blockquote>\n<p><strong>FALCADE <\/strong>La stagione 2024-2025 dello Ski College Veneto Falcade \u00e8 pronta a partire, con 69 studenti-atleti divisi tra sci alpino, sci di fondo, biathlon e snowboard. La struttura, attiva da oltre trent&#8217;anni, ha presentato l&#8217;annata al Pala Dolomiti di Falcade. Luca Marchetto, presidente dello Ski College, ha sottolineato la presenza di atleti provenienti da diverse regioni italiane e dall&#8217;estero, con tre ragazzi spagnoli tra gli iscritti. Lo Ski College ha ottenuto importanti risultati nella scorsa stagione, piazzandosi settimo nella classifica nazionale assoluta dello sci alpino e secondo in quella giovanile. A livello regionale, ha vinto la Coppa Veneto Energiapura e conquistato il secondo posto nel Campionato Veneto di sci di fondo. Tre atleti sono stati inseriti nei gruppi giovanili azzurri: Giulia Savorgnani ed Edoardo Valt per lo sci alpino, e Anna Morandini per lo sci di fondo.<\/p>\n<p><strong>LE FOTO DI GIANFRANCO TOME&#8217;<\/strong><\/p>\n<p><a class=\"dt-pswp-item\" href=\"https:\/\/www.radiopiu.net\/wordpress\/wp-content\/uploads\/2024\/10\/1a535839-78bf-44e6-82d7-d88d8ede575d-scaled.jpg\" data-dt-img-description=\"\" data-large_image_width=\"2560\" data-large_image_height=\"1920\"><img loading=\"lazy\" decoding=\"async\" class=\"alignnone wp-image-415355\" src=\"https:\/\/www.radiopiu.net\/wordpress\/wp-content\/uploads\/2024\/10\/1a535839-78bf-44e6-82d7-d88d8ede575d-300x225.jpg\" alt=\"\" width=\"225\" height=\"169\" srcset=\"https:\/\/www.radiopiu.net\/wordpress\/wp-content\/uploads\/2024\/10\/1a535839-78bf-44e6-82d7-d88d8ede575d-300x225.jpg 300w, https:\/\/www.radiopiu.net\/wordpress\/wp-content\/uploads\/2024\/10\/1a535839-78bf-44e6-82d7-d88d8ede575d-1024x768.jpg 1024w, https:\/\/www.radiopiu.net\/wordpress\/wp-content\/uploads\/2024\/10\/1a535839-78bf-44e6-82d7-d88d8ede575d-768x576.jpg 768w, https:\/\/www.radiopiu.net\/wordpress\/wp-content\/uploads\/2024\/10\/1a535839-78bf-44e6-82d7-d88d8ede575d-1536x1152.jpg 1536w, https:\/\/www.radiopiu.net\/wordpress\/wp-content\/uploads\/2024\/10\/1a535839-78bf-44e6-82d7-d88d8ede575d-2048x1536.jpg 2048w\" sizes=\"auto, (max-width: 225px) 100vw, 225px\" \/><\/a><a class=\"dt-pswp-item\" href=\"https:\/\/www.radiopiu.net\/wordpress\/wp-content\/uploads\/2024\/10\/3835032b-790f-4462-9d59-aab104326aed-scaled.jpg\" data-dt-img-description=\"\" data-large_image_width=\"2560\" data-large_image_height=\"1920\"><img loading=\"lazy\" decoding=\"async\" class=\"alignnone wp-image-415356\" src=\"https:\/\/www.radiopiu.net\/wordpress\/wp-content\/uploads\/2024\/10\/3835032b-790f-4462-9d59-aab104326aed-300x225.jpg\" alt=\"\" width=\"228\" height=\"171\" srcset=\"https:\/\/www.radiopiu.net\/wordpress\/wp-content\/uploads\/2024\/10\/3835032b-790f-4462-9d59-aab104326aed-300x225.jpg 300w, https:\/\/www.radiopiu.net\/wordpress\/wp-content\/uploads\/2024\/10\/3835032b-790f-4462-9d59-aab104326aed-1024x768.jpg 1024w, https:\/\/www.radiopiu.net\/wordpress\/wp-content\/uploads\/2024\/10\/3835032b-790f-4462-9d59-aab104326aed-768x576.jpg 768w, https:\/\/www.radiopiu.net\/wordpress\/wp-content\/uploads\/2024\/10\/3835032b-790f-4462-9d59-aab104326aed-1536x1152.jpg 1536w, https:\/\/www.radiopiu.net\/wordpress\/wp-content\/uploads\/2024\/10\/3835032b-790f-4462-9d59-aab104326aed-2048x1536.jpg 2048w\" sizes=\"auto, (max-width: 228px) 100vw, 228px\" \/><\/a><a class=\"dt-pswp-item\" href=\"https:\/\/www.radiopiu.net\/wordpress\/wp-content\/uploads\/2024\/10\/3329bab7-9bc9-4581-ad0f-425f0d9b9ec3.jpg\" data-dt-img-description=\"\" data-large_image_width=\"1920\" data-large_image_height=\"1080\"><img loading=\"lazy\" decoding=\"async\" class=\"alignnone size-medium wp-image-415357\" src=\"https:\/\/www.radiopiu.net\/wordpress\/wp-content\/uploads\/2024\/10\/3329bab7-9bc9-4581-ad0f-425f0d9b9ec3-300x169.jpg\" alt=\"\" width=\"300\" height=\"169\" srcset=\"https:\/\/www.radiopiu.net\/wordpress\/wp-content\/uploads\/2024\/10\/3329bab7-9bc9-4581-ad0f-425f0d9b9ec3-300x169.jpg 300w, https:\/\/www.radiopiu.net\/wordpress\/wp-content\/uploads\/2024\/10\/3329bab7-9bc9-4581-ad0f-425f0d9b9ec3-1024x576.jpg 1024w, https:\/\/www.radiopiu.net\/wordpress\/wp-content\/uploads\/2024\/10\/3329bab7-9bc9-4581-ad0f-425f0d9b9ec3-768x432.jpg 768w, https:\/\/www.radiopiu.net\/wordpress\/wp-content\/uploads\/2024\/10\/3329bab7-9bc9-4581-ad0f-425f0d9b9ec3-1536x864.jpg 1536w, https:\/\/www.radiopiu.net\/wordpress\/wp-content\/uploads\/2024\/10\/3329bab7-9bc9-4581-ad0f-425f0d9b9ec3.jpg 1920w\" sizes=\"auto, (max-width: 300px) 100vw, 300px\" \/><\/a><a class=\"dt-pswp-item\" href=\"https:\/\/www.radiopiu.net\/wordpress\/wp-content\/uploads\/2024\/10\/972962a0-330d-460a-b731-ce11f33bcaff-scaled.jpg\" data-dt-img-description=\"\" data-large_image_width=\"1920\" data-large_image_height=\"2560\"><img loading=\"lazy\" decoding=\"async\" class=\"alignnone wp-image-415358\" src=\"https:\/\/www.radiopiu.net\/wordpress\/wp-content\/uploads\/2024\/10\/972962a0-330d-460a-b731-ce11f33bcaff-225x300.jpg\" alt=\"\" width=\"128\" height=\"170\" srcset=\"https:\/\/www.radiopiu.net\/wordpress\/wp-content\/uploads\/2024\/10\/972962a0-330d-460a-b731-ce11f33bcaff-225x300.jpg 225w, https:\/\/www.radiopiu.net\/wordpress\/wp-content\/uploads\/2024\/10\/972962a0-330d-460a-b731-ce11f33bcaff-768x1024.jpg 768w, https:\/\/www.radiopiu.net\/wordpress\/wp-content\/uploads\/2024\/10\/972962a0-330d-460a-b731-ce11f33bcaff-1152x1536.jpg 1152w, https:\/\/www.radiopiu.net\/wordpress\/wp-content\/uploads\/2024\/10\/972962a0-330d-460a-b731-ce11f33bcaff-1536x2048.jpg 1536w, https:\/\/www.radiopiu.net\/wordpress\/wp-content\/uploads\/2024\/10\/972962a0-330d-460a-b731-ce11f33bcaff-scaled.jpg 1920w\" sizes=\"auto, (max-width: 128px) 100vw, 128px\" \/><\/a><a class=\"dt-pswp-item\" href=\"https:\/\/www.radiopiu.net\/wordpress\/wp-content\/uploads\/2024\/10\/ba5a9909-1f0b-411c-98d8-9ace45e3d052-scaled.jpg\" data-dt-img-description=\"\" data-large_image_width=\"2560\" data-large_image_height=\"1920\"><img loading=\"lazy\" decoding=\"async\" class=\"alignnone size-medium wp-image-415359\" src=\"https:\/\/www.radiopiu.net\/wordpress\/wp-content\/uploads\/2024\/10\/ba5a9909-1f0b-411c-98d8-9ace45e3d052-300x225.jpg\" alt=\"\" width=\"300\" height=\"225\" srcset=\"https:\/\/www.radiopiu.net\/wordpress\/wp-content\/uploads\/2024\/10\/ba5a9909-1f0b-411c-98d8-9ace45e3d052-300x225.jpg 300w, https:\/\/www.radiopiu.net\/wordpress\/wp-content\/uploads\/2024\/10\/ba5a9909-1f0b-411c-98d8-9ace45e3d052-1024x768.jpg 1024w, https:\/\/www.radiopiu.net\/wordpress\/wp-content\/uploads\/2024\/10\/ba5a9909-1f0b-411c-98d8-9ace45e3d052-768x576.jpg 768w, https:\/\/www.radiopiu.net\/wordpress\/wp-content\/uploads\/2024\/10\/ba5a9909-1f0b-411c-98d8-9ace45e3d052-1536x1152.jpg 1536w, https:\/\/www.radiopiu.net\/wordpress\/wp-content\/uploads\/2024\/10\/ba5a9909-1f0b-411c-98d8-9ace45e3d052-2048x1536.jpg 2048w\" sizes=\"auto, (max-width: 300px) 100vw, 300px\" \/><\/a><a class=\"dt-pswp-item\" href=\"https:\/\/www.radiopiu.net\/wordpress\/wp-content\/uploads\/2024\/10\/1fae57ad-7c4e-40da-8b52-471c9e853cc2-scaled.jpg\" data-dt-img-description=\"\" data-large_image_width=\"2560\" data-large_image_height=\"1920\"><img loading=\"lazy\" decoding=\"async\" class=\"alignnone size-medium wp-image-415360\" src=\"https:\/\/www.radiopiu.net\/wordpress\/wp-content\/uploads\/2024\/10\/1fae57ad-7c4e-40da-8b52-471c9e853cc2-300x225.jpg\" alt=\"\" width=\"300\" height=\"225\" srcset=\"https:\/\/www.radiopiu.net\/wordpress\/wp-content\/uploads\/2024\/10\/1fae57ad-7c4e-40da-8b52-471c9e853cc2-300x225.jpg 300w, https:\/\/www.radiopiu.net\/wordpress\/wp-content\/uploads\/2024\/10\/1fae57ad-7c4e-40da-8b52-471c9e853cc2-1024x768.jpg 1024w, https:\/\/www.radiopiu.net\/wordpress\/wp-content\/uploads\/2024\/10\/1fae57ad-7c4e-40da-8b52-471c9e853cc2-768x576.jpg 768w, https:\/\/www.radiopiu.net\/wordpress\/wp-content\/uploads\/2024\/10\/1fae57ad-7c4e-40da-8b52-471c9e853cc2-1536x1152.jpg 1536w, https:\/\/www.radiopiu.net\/wordpress\/wp-content\/uploads\/2024\/10\/1fae57ad-7c4e-40da-8b52-471c9e853cc2-2048x1536.jpg 2048w\" sizes=\"auto, (max-width: 300px) 100vw, 300px\" \/><\/a><a class=\"dt-pswp-item\" href=\"https:\/\/www.radiopiu.net\/wordpress\/wp-content\/uploads\/2024\/10\/afbb7071-4bf7-4608-9d86-c152e70bf150-scaled.jpg\" data-dt-img-description=\"\" data-large_image_width=\"1920\" data-large_image_height=\"2560\"><img loading=\"lazy\" decoding=\"async\" class=\"alignnone wp-image-415361\" src=\"https:\/\/www.radiopiu.net\/wordpress\/wp-content\/uploads\/2024\/10\/afbb7071-4bf7-4608-9d86-c152e70bf150-225x300.jpg\" alt=\"\" width=\"168\" height=\"224\" srcset=\"https:\/\/www.radiopiu.net\/wordpress\/wp-content\/uploads\/2024\/10\/afbb7071-4bf7-4608-9d86-c152e70bf150-225x300.jpg 225w, https:\/\/www.radiopiu.net\/wordpress\/wp-content\/uploads\/2024\/10\/afbb7071-4bf7-4608-9d86-c152e70bf150-768x1024.jpg 768w, https:\/\/www.radiopiu.net\/wordpress\/wp-content\/uploads\/2024\/10\/afbb7071-4bf7-4608-9d86-c152e70bf150-1152x1536.jpg 1152w, https:\/\/www.radiopiu.net\/wordpress\/wp-content\/uploads\/2024\/10\/afbb7071-4bf7-4608-9d86-c152e70bf150-1536x2048.jpg 1536w, https:\/\/www.radiopiu.net\/wordpress\/wp-content\/uploads\/2024\/10\/afbb7071-4bf7-4608-9d86-c152e70bf150-scaled.jpg 1920w\" sizes=\"auto, (max-width: 168px) 100vw, 168px\" \/><\/a><a class=\"dt-pswp-item\" href=\"https:\/\/www.radiopiu.net\/wordpress\/wp-content\/uploads\/2024\/10\/4d4ba74c-42aa-4e3b-a5fa-61858ca9975f-scaled.jpg\" data-dt-img-description=\"\" data-large_image_width=\"1920\" data-large_image_height=\"2560\"><img loading=\"lazy\" decoding=\"async\" class=\"alignnone size-medium wp-image-415362\" src=\"https:\/\/www.radiopiu.net\/wordpress\/wp-content\/uploads\/2024\/10\/4d4ba74c-42aa-4e3b-a5fa-61858ca9975f-225x300.jpg\" alt=\"\" width=\"225\" height=\"300\" srcset=\"https:\/\/www.radiopiu.net\/wordpress\/wp-content\/uploads\/2024\/10\/4d4ba74c-42aa-4e3b-a5fa-61858ca9975f-225x300.jpg 225w, https:\/\/www.radiopiu.net\/wordpress\/wp-content\/uploads\/2024\/10\/4d4ba74c-42aa-4e3b-a5fa-61858ca9975f-768x1024.jpg 768w, https:\/\/www.radiopiu.net\/wordpress\/wp-content\/uploads\/2024\/10\/4d4ba74c-42aa-4e3b-a5fa-61858ca9975f-1152x1536.jpg 1152w, https:\/\/www.radiopiu.net\/wordpress\/wp-content\/uploads\/2024\/10\/4d4ba74c-42aa-4e3b-a5fa-61858ca9975f-1536x2048.jpg 1536w, https:\/\/www.radiopiu.net\/wordpress\/wp-content\/uploads\/2024\/10\/4d4ba74c-42aa-4e3b-a5fa-61858ca9975f-scaled.jpg 1920w\" sizes=\"auto, (max-width: 225px) 100vw, 225px\" \/><\/a><a class=\"dt-pswp-item\" href=\"https:\/\/www.radiopiu.net\/wordpress\/wp-content\/uploads\/2024\/10\/fc829fae-d6f5-4ea8-8906-cf1e6d211155-scaled.jpg\" data-dt-img-description=\"\" data-large_image_width=\"1920\" data-large_image_height=\"2560\"><img loading=\"lazy\" decoding=\"async\" class=\"alignnone size-medium wp-image-415363\" src=\"https:\/\/www.radiopiu.net\/wordpress\/wp-content\/uploads\/2024\/10\/fc829fae-d6f5-4ea8-8906-cf1e6d211155-225x300.jpg\" alt=\"\" width=\"225\" height=\"300\" srcset=\"https:\/\/www.radiopiu.net\/wordpress\/wp-content\/uploads\/2024\/10\/fc829fae-d6f5-4ea8-8906-cf1e6d211155-225x300.jpg 225w, https:\/\/www.radiopiu.net\/wordpress\/wp-content\/uploads\/2024\/10\/fc829fae-d6f5-4ea8-8906-cf1e6d211155-768x1024.jpg 768w, https:\/\/www.radiopiu.net\/wordpress\/wp-content\/uploads\/2024\/10\/fc829fae-d6f5-4ea8-8906-cf1e6d211155-1152x1536.jpg 1152w, https:\/\/www.radiopiu.net\/wordpress\/wp-content\/uploads\/2024\/10\/fc829fae-d6f5-4ea8-8906-cf1e6d211155-1536x2048.jpg 1536w, https:\/\/www.radiopiu.net\/wordpress\/wp-content\/uploads\/2024\/10\/fc829fae-d6f5-4ea8-8906-cf1e6d211155-scaled.jpg 1920w\" sizes=\"auto, (max-width: 225px) 100vw, 225px\" \/><\/a><a class=\"dt-pswp-item\" href=\"https:\/\/www.radiopiu.net\/wordpress\/wp-content\/uploads\/2024\/10\/da4c542b-936e-4965-9c4c-30ffa74dfabc-scaled.jpg\" data-dt-img-description=\"\" data-large_image_width=\"1920\" data-large_image_height=\"2560\"><img loading=\"lazy\" decoding=\"async\" class=\"alignnone size-medium wp-image-415364\" src=\"https:\/\/www.radiopiu.net\/wordpress\/wp-content\/uploads\/2024\/10\/da4c542b-936e-4965-9c4c-30ffa74dfabc-225x300.jpg\" alt=\"\" width=\"225\" height=\"300\" srcset=\"https:\/\/www.radiopiu.net\/wordpress\/wp-content\/uploads\/2024\/10\/da4c542b-936e-4965-9c4c-30ffa74dfabc-225x300.jpg 225w, https:\/\/www.radiopiu.net\/wordpress\/wp-content\/uploads\/2024\/10\/da4c542b-936e-4965-9c4c-30ffa74dfabc-768x1024.jpg 768w, https:\/\/www.radiopiu.net\/wordpress\/wp-content\/uploads\/2024\/10\/da4c542b-936e-4965-9c4c-30ffa74dfabc-1152x1536.jpg 1152w, https:\/\/www.radiopiu.net\/wordpress\/wp-content\/uploads\/2024\/10\/da4c542b-936e-4965-9c4c-30ffa74dfabc-1536x2048.jpg 1536w, https:\/\/www.radiopiu.net\/wordpress\/wp-content\/uploads\/2024\/10\/da4c542b-936e-4965-9c4c-30ffa74dfabc-scaled.jpg 1920w\" sizes=\"auto, (max-width: 225px) 100vw, 225px\" \/><\/a><a class=\"dt-pswp-item\" href=\"https:\/\/www.radiopiu.net\/wordpress\/wp-content\/uploads\/2024\/10\/641e9ea0-73b2-46be-a3f4-ca8948031958-scaled.jpg\" data-dt-img-description=\"\" data-large_image_width=\"2560\" data-large_image_height=\"1920\"><img loading=\"lazy\" decoding=\"async\" class=\"alignnone size-medium wp-image-415365\" src=\"https:\/\/www.radiopiu.net\/wordpress\/wp-content\/uploads\/2024\/10\/641e9ea0-73b2-46be-a3f4-ca8948031958-300x225.jpg\" alt=\"\" width=\"300\" height=\"225\" srcset=\"https:\/\/www.radiopiu.net\/wordpress\/wp-content\/uploads\/2024\/10\/641e9ea0-73b2-46be-a3f4-ca8948031958-300x225.jpg 300w, https:\/\/www.radiopiu.net\/wordpress\/wp-content\/uploads\/2024\/10\/641e9ea0-73b2-46be-a3f4-ca8948031958-1024x768.jpg 1024w, https:\/\/www.radiopiu.net\/wordpress\/wp-content\/uploads\/2024\/10\/641e9ea0-73b2-46be-a3f4-ca8948031958-768x576.jpg 768w, https:\/\/www.radiopiu.net\/wordpress\/wp-content\/uploads\/2024\/10\/641e9ea0-73b2-46be-a3f4-ca8948031958-1536x1152.jpg 1536w, https:\/\/www.radiopiu.net\/wordpress\/wp-content\/uploads\/2024\/10\/641e9ea0-73b2-46be-a3f4-ca8948031958-2048x1536.jpg 2048w\" sizes=\"auto, (max-width: 300px) 100vw, 300px\" \/><\/a><a class=\"dt-pswp-item\" href=\"https:\/\/www.radiopiu.net\/wordpress\/wp-content\/uploads\/2024\/10\/0d41bd17-3097-4f9c-a9a5-7b3b87d20cc5-scaled.jpg\" data-dt-img-description=\"\" data-large_image_width=\"2560\" data-large_image_height=\"1920\"><img loading=\"lazy\" decoding=\"async\" class=\"alignnone size-medium wp-image-415366\" src=\"https:\/\/www.radiopiu.net\/wordpress\/wp-content\/uploads\/2024\/10\/0d41bd17-3097-4f9c-a9a5-7b3b87d20cc5-300x225.jpg\" alt=\"\" width=\"300\" height=\"225\" srcset=\"https:\/\/www.radiopiu.net\/wordpress\/wp-content\/uploads\/2024\/10\/0d41bd17-3097-4f9c-a9a5-7b3b87d20cc5-300x225.jpg 300w, https:\/\/www.radiopiu.net\/wordpress\/wp-content\/uploads\/2024\/10\/0d41bd17-3097-4f9c-a9a5-7b3b87d20cc5-1024x768.jpg 1024w, https:\/\/www.radiopiu.net\/wordpress\/wp-content\/uploads\/2024\/10\/0d41bd17-3097-4f9c-a9a5-7b3b87d20cc5-768x576.jpg 768w, https:\/\/www.radiopiu.net\/wordpress\/wp-content\/uploads\/2024\/10\/0d41bd17-3097-4f9c-a9a5-7b3b87d20cc5-1536x1152.jpg 1536w, https:\/\/www.radiopiu.net\/wordpress\/wp-content\/uploads\/2024\/10\/0d41bd17-3097-4f9c-a9a5-7b3b87d20cc5-2048x1536.jpg 2048w\" sizes=\"auto, (max-width: 300px) 100vw, 300px\" \/><\/a><a class=\"dt-pswp-item\" href=\"https:\/\/www.radiopiu.net\/wordpress\/wp-content\/uploads\/2024\/10\/23834e17-6faa-43ca-a6f1-0464f92c9103-scaled.jpg\" data-dt-img-description=\"\" data-large_image_width=\"2560\" data-large_image_height=\"1920\"><img loading=\"lazy\" decoding=\"async\" class=\"alignnone size-medium wp-image-415367\" src=\"https:\/\/www.radiopiu.net\/wordpress\/wp-content\/uploads\/2024\/10\/23834e17-6faa-43ca-a6f1-0464f92c9103-300x225.jpg\" alt=\"\" width=\"300\" height=\"225\" srcset=\"https:\/\/www.radiopiu.net\/wordpress\/wp-content\/uploads\/2024\/10\/23834e17-6faa-43ca-a6f1-0464f92c9103-300x225.jpg 300w, https:\/\/www.radiopiu.net\/wordpress\/wp-content\/uploads\/2024\/10\/23834e17-6faa-43ca-a6f1-0464f92c9103-1024x768.jpg 1024w, https:\/\/www.radiopiu.net\/wordpress\/wp-content\/uploads\/2024\/10\/23834e17-6faa-43ca-a6f1-0464f92c9103-768x576.jpg 768w, https:\/\/www.radiopiu.net\/wordpress\/wp-content\/uploads\/2024\/10\/23834e17-6faa-43ca-a6f1-0464f92c9103-1536x1152.jpg 1536w, https:\/\/www.radiopiu.net\/wordpress\/wp-content\/uploads\/2024\/10\/23834e17-6faa-43ca-a6f1-0464f92c9103-2048x1536.jpg 2048w\" sizes=\"auto, (max-width: 300px) 100vw, 300px\" \/><\/a><a class=\"dt-pswp-item\" href=\"https:\/\/www.radiopiu.net\/wordpress\/wp-content\/uploads\/2024\/10\/b739e29d-cc7a-47d0-bf54-9647f53b9a48-scaled.jpg\" data-dt-img-description=\"\" data-large_image_width=\"2560\" data-large_image_height=\"1920\"><img loading=\"lazy\" decoding=\"async\" class=\"alignnone size-medium wp-image-415368\" src=\"https:\/\/www.radiopiu.net\/wordpress\/wp-content\/uploads\/2024\/10\/b739e29d-cc7a-47d0-bf54-9647f53b9a48-300x225.jpg\" alt=\"\" width=\"300\" height=\"225\" srcset=\"https:\/\/www.radiopiu.net\/wordpress\/wp-content\/uploads\/2024\/10\/b739e29d-cc7a-47d0-bf54-9647f53b9a48-300x225.jpg 300w, https:\/\/www.radiopiu.net\/wordpress\/wp-content\/uploads\/2024\/10\/b739e29d-cc7a-47d0-bf54-9647f53b9a48-1024x768.jpg 1024w, https:\/\/www.radiopiu.net\/wordpress\/wp-content\/uploads\/2024\/10\/b739e29d-cc7a-47d0-bf54-9647f53b9a48-768x576.jpg 768w, https:\/\/www.radiopiu.net\/wordpress\/wp-content\/uploads\/2024\/10\/b739e29d-cc7a-47d0-bf54-9647f53b9a48-1536x1152.jpg 1536w, https:\/\/www.radiopiu.net\/wordpress\/wp-content\/uploads\/2024\/10\/b739e29d-cc7a-47d0-bf54-9647f53b9a48-2048x1536.jpg 2048w\" sizes=\"auto, (max-width: 300px) 100vw, 300px\" \/><\/a><a class=\"dt-pswp-item\" href=\"https:\/\/www.radiopiu.net\/wordpress\/wp-content\/uploads\/2024\/10\/11eb04f1-d685-442a-8b02-3540ff63323c-scaled.jpg\" data-dt-img-description=\"\" data-large_image_width=\"2560\" data-large_image_height=\"1920\"><img loading=\"lazy\" decoding=\"async\" class=\"alignnone size-medium wp-image-415369\" src=\"https:\/\/www.radiopiu.net\/wordpress\/wp-content\/uploads\/2024\/10\/11eb04f1-d685-442a-8b02-3540ff63323c-300x225.jpg\" alt=\"\" width=\"300\" height=\"225\" srcset=\"https:\/\/www.radiopiu.net\/wordpress\/wp-content\/uploads\/2024\/10\/11eb04f1-d685-442a-8b02-3540ff63323c-300x225.jpg 300w, https:\/\/www.radiopiu.net\/wordpress\/wp-content\/uploads\/2024\/10\/11eb04f1-d685-442a-8b02-3540ff63323c-1024x768.jpg 1024w, https:\/\/www.radiopiu.net\/wordpress\/wp-content\/uploads\/2024\/10\/11eb04f1-d685-442a-8b02-3540ff63323c-768x576.jpg 768w, https:\/\/www.radiopiu.net\/wordpress\/wp-content\/uploads\/2024\/10\/11eb04f1-d685-442a-8b02-3540ff63323c-1536x1152.jpg 1536w, https:\/\/www.radiopiu.net\/wordpress\/wp-content\/uploads\/2024\/10\/11eb04f1-d685-442a-8b02-3540ff63323c-2048x1536.jpg 2048w\" sizes=\"auto, (max-width: 300px) 100vw, 300px\" \/><\/a><a class=\"dt-pswp-item\" href=\"https:\/\/www.radiopiu.net\/wordpress\/wp-content\/uploads\/2024\/10\/32de7d4a-e20c-4333-9d97-136fae097b8b-scaled.jpg\" data-dt-img-description=\"\" data-large_image_width=\"2560\" data-large_image_height=\"1920\"><img loading=\"lazy\" decoding=\"async\" class=\"alignnone size-medium wp-image-415370\" src=\"https:\/\/www.radiopiu.net\/wordpress\/wp-content\/uploads\/2024\/10\/32de7d4a-e20c-4333-9d97-136fae097b8b-300x225.jpg\" alt=\"\" width=\"300\" height=\"225\" srcset=\"https:\/\/www.radiopiu.net\/wordpress\/wp-content\/uploads\/2024\/10\/32de7d4a-e20c-4333-9d97-136fae097b8b-300x225.jpg 300w, https:\/\/www.radiopiu.net\/wordpress\/wp-content\/uploads\/2024\/10\/32de7d4a-e20c-4333-9d97-136fae097b8b-1024x768.jpg 1024w, https:\/\/www.radiopiu.net\/wordpress\/wp-content\/uploads\/2024\/10\/32de7d4a-e20c-4333-9d97-136fae097b8b-768x576.jpg 768w, https:\/\/www.radiopiu.net\/wordpress\/wp-content\/uploads\/2024\/10\/32de7d4a-e20c-4333-9d97-136fae097b8b-1536x1152.jpg 1536w, https:\/\/www.radiopiu.net\/wordpress\/wp-content\/uploads\/2024\/10\/32de7d4a-e20c-4333-9d97-136fae097b8b-2048x1536.jpg 2048w\" sizes=\"auto, (max-width: 300px) 100vw, 300px\" \/><\/a><a class=\"dt-pswp-item\" href=\"https:\/\/www.radiopiu.net\/wordpress\/wp-content\/uploads\/2024\/10\/e71cd3b8-e203-4dc6-8d7d-eda833d0055d-scaled.jpg\" data-dt-img-description=\"\" data-large_image_width=\"2560\" data-large_image_height=\"1920\"><img loading=\"lazy\" decoding=\"async\" class=\"alignnone size-medium wp-image-415371\" src=\"https:\/\/www.radiopiu.net\/wordpress\/wp-content\/uploads\/2024\/10\/e71cd3b8-e203-4dc6-8d7d-eda833d0055d-300x225.jpg\" alt=\"\" width=\"300\" height=\"225\" srcset=\"https:\/\/www.radiopiu.net\/wordpress\/wp-content\/uploads\/2024\/10\/e71cd3b8-e203-4dc6-8d7d-eda833d0055d-300x225.jpg 300w, https:\/\/www.radiopiu.net\/wordpress\/wp-content\/uploads\/2024\/10\/e71cd3b8-e203-4dc6-8d7d-eda833d0055d-1024x768.jpg 1024w, https:\/\/www.radiopiu.net\/wordpress\/wp-content\/uploads\/2024\/10\/e71cd3b8-e203-4dc6-8d7d-eda833d0055d-768x576.jpg 768w, https:\/\/www.radiopiu.net\/wordpress\/wp-content\/uploads\/2024\/10\/e71cd3b8-e203-4dc6-8d7d-eda833d0055d-1536x1152.jpg 1536w, https:\/\/www.radiopiu.net\/wordpress\/wp-content\/uploads\/2024\/10\/e71cd3b8-e203-4dc6-8d7d-eda833d0055d-2048x1536.jpg 2048w\" sizes=\"auto, (max-width: 300px) 100vw, 300px\" \/><\/a><a class=\"dt-pswp-item\" href=\"https:\/\/www.radiopiu.net\/wordpress\/wp-content\/uploads\/2024\/10\/a16471ba-2543-4939-86d0-07a0e9d4b4da-scaled.jpg\" data-dt-img-description=\"\" data-large_image_width=\"2560\" data-large_image_height=\"1920\"><img loading=\"lazy\" decoding=\"async\" class=\"alignnone size-medium wp-image-415372\" src=\"https:\/\/www.radiopiu.net\/wordpress\/wp-content\/uploads\/2024\/10\/a16471ba-2543-4939-86d0-07a0e9d4b4da-300x225.jpg\" alt=\"\" width=\"300\" height=\"225\" srcset=\"https:\/\/www.radiopiu.net\/wordpress\/wp-content\/uploads\/2024\/10\/a16471ba-2543-4939-86d0-07a0e9d4b4da-300x225.jpg 300w, https:\/\/www.radiopiu.net\/wordpress\/wp-content\/uploads\/2024\/10\/a16471ba-2543-4939-86d0-07a0e9d4b4da-1024x768.jpg 1024w, https:\/\/www.radiopiu.net\/wordpress\/wp-content\/uploads\/2024\/10\/a16471ba-2543-4939-86d0-07a0e9d4b4da-768x576.jpg 768w, https:\/\/www.radiopiu.net\/wordpress\/wp-content\/uploads\/2024\/10\/a16471ba-2543-4939-86d0-07a0e9d4b4da-1536x1152.jpg 1536w, https:\/\/www.radiopiu.net\/wordpress\/wp-content\/uploads\/2024\/10\/a16471ba-2543-4939-86d0-07a0e9d4b4da-2048x1536.jpg 2048w\" sizes=\"auto, (max-width: 300px) 100vw, 300px\" \/><\/a><a class=\"dt-pswp-item\" href=\"https:\/\/www.radiopiu.net\/wordpress\/wp-content\/uploads\/2024\/10\/5f78e00d-e0ad-4454-a6e0-52d79a0d9ac3-scaled.jpg\" data-dt-img-description=\"\" data-large_image_width=\"2560\" data-large_image_height=\"1920\"><img loading=\"lazy\" decoding=\"async\" class=\"alignnone size-medium wp-image-415373\" src=\"https:\/\/www.radiopiu.net\/wordpress\/wp-content\/uploads\/2024\/10\/5f78e00d-e0ad-4454-a6e0-52d79a0d9ac3-300x225.jpg\" alt=\"\" width=\"300\" height=\"225\" srcset=\"https:\/\/www.radiopiu.net\/wordpress\/wp-content\/uploads\/2024\/10\/5f78e00d-e0ad-4454-a6e0-52d79a0d9ac3-300x225.jpg 300w, https:\/\/www.radiopiu.net\/wordpress\/wp-content\/uploads\/2024\/10\/5f78e00d-e0ad-4454-a6e0-52d79a0d9ac3-1024x768.jpg 1024w, https:\/\/www.radiopiu.net\/wordpress\/wp-content\/uploads\/2024\/10\/5f78e00d-e0ad-4454-a6e0-52d79a0d9ac3-768x576.jpg 768w, https:\/\/www.radiopiu.net\/wordpress\/wp-content\/uploads\/2024\/10\/5f78e00d-e0ad-4454-a6e0-52d79a0d9ac3-1536x1152.jpg 1536w, https:\/\/www.radiopiu.net\/wordpress\/wp-content\/uploads\/2024\/10\/5f78e00d-e0ad-4454-a6e0-52d79a0d9ac3-2048x1536.jpg 2048w\" sizes=\"auto, (max-width: 300px) 100vw, 300px\" \/><\/a><a class=\"dt-pswp-item\" href=\"https:\/\/www.radiopiu.net\/wordpress\/wp-content\/uploads\/2024\/10\/2152d8d3-b4bd-449f-b05e-12a37e13695d-scaled.jpg\" data-dt-img-description=\"\" data-large_image_width=\"2560\" data-large_image_height=\"1920\"><img loading=\"lazy\" decoding=\"async\" class=\"alignnone size-medium wp-image-415374\" src=\"https:\/\/www.radiopiu.net\/wordpress\/wp-content\/uploads\/2024\/10\/2152d8d3-b4bd-449f-b05e-12a37e13695d-300x225.jpg\" alt=\"\" width=\"300\" height=\"225\" srcset=\"https:\/\/www.radiopiu.net\/wordpress\/wp-content\/uploads\/2024\/10\/2152d8d3-b4bd-449f-b05e-12a37e13695d-300x225.jpg 300w, https:\/\/www.radiopiu.net\/wordpress\/wp-content\/uploads\/2024\/10\/2152d8d3-b4bd-449f-b05e-12a37e13695d-1024x768.jpg 1024w, https:\/\/www.radiopiu.net\/wordpress\/wp-content\/uploads\/2024\/10\/2152d8d3-b4bd-449f-b05e-12a37e13695d-768x576.jpg 768w, https:\/\/www.radiopiu.net\/wordpress\/wp-content\/uploads\/2024\/10\/2152d8d3-b4bd-449f-b05e-12a37e13695d-1536x1152.jpg 1536w, https:\/\/www.radiopiu.net\/wordpress\/wp-content\/uploads\/2024\/10\/2152d8d3-b4bd-449f-b05e-12a37e13695d-2048x1536.jpg 2048w\" sizes=\"auto, (max-width: 300px) 100vw, 300px\" \/><\/a><a class=\"dt-pswp-item\" href=\"https:\/\/www.radiopiu.net\/wordpress\/wp-content\/uploads\/2024\/10\/76237fe9-de73-49ee-9128-5383e9e5cc05-scaled.jpg\" data-dt-img-description=\"\" data-large_image_width=\"2560\" data-large_image_height=\"1920\"><img loading=\"lazy\" decoding=\"async\" class=\"alignnone size-medium wp-image-415375\" src=\"https:\/\/www.radiopiu.net\/wordpress\/wp-content\/uploads\/2024\/10\/76237fe9-de73-49ee-9128-5383e9e5cc05-300x225.jpg\" alt=\"\" width=\"300\" height=\"225\" srcset=\"https:\/\/www.radiopiu.net\/wordpress\/wp-content\/uploads\/2024\/10\/76237fe9-de73-49ee-9128-5383e9e5cc05-300x225.jpg 300w, https:\/\/www.radiopiu.net\/wordpress\/wp-content\/uploads\/2024\/10\/76237fe9-de73-49ee-9128-5383e9e5cc05-1024x768.jpg 1024w, https:\/\/www.radiopiu.net\/wordpress\/wp-content\/uploads\/2024\/10\/76237fe9-de73-49ee-9128-5383e9e5cc05-768x576.jpg 768w, https:\/\/www.radiopiu.net\/wordpress\/wp-content\/uploads\/2024\/10\/76237fe9-de73-49ee-9128-5383e9e5cc05-1536x1152.jpg 1536w, https:\/\/www.radiopiu.net\/wordpress\/wp-content\/uploads\/2024\/10\/76237fe9-de73-49ee-9128-5383e9e5cc05-2048x1536.jpg 2048w\" sizes=\"auto, (max-width: 300px) 100vw, 300px\" \/><\/a><a class=\"dt-pswp-item\" href=\"https:\/\/www.radiopiu.net\/wordpress\/wp-content\/uploads\/2024\/10\/c873b868-0236-4532-8a66-813fcf047cff-scaled.jpg\" data-dt-img-description=\"\" data-large_image_width=\"2560\" data-large_image_height=\"1920\"><img loading=\"lazy\" decoding=\"async\" class=\"alignnone size-medium wp-image-415376\" src=\"https:\/\/www.radiopiu.net\/wordpress\/wp-content\/uploads\/2024\/10\/c873b868-0236-4532-8a66-813fcf047cff-300x225.jpg\" alt=\"\" width=\"300\" height=\"225\" srcset=\"https:\/\/www.radiopiu.net\/wordpress\/wp-content\/uploads\/2024\/10\/c873b868-0236-4532-8a66-813fcf047cff-300x225.jpg 300w, https:\/\/www.radiopiu.net\/wordpress\/wp-content\/uploads\/2024\/10\/c873b868-0236-4532-8a66-813fcf047cff-1024x768.jpg 1024w, https:\/\/www.radiopiu.net\/wordpress\/wp-content\/uploads\/2024\/10\/c873b868-0236-4532-8a66-813fcf047cff-768x576.jpg 768w, https:\/\/www.radiopiu.net\/wordpress\/wp-content\/uploads\/2024\/10\/c873b868-0236-4532-8a66-813fcf047cff-1536x1152.jpg 1536w, https:\/\/www.radiopiu.net\/wordpress\/wp-content\/uploads\/2024\/10\/c873b868-0236-4532-8a66-813fcf047cff-2048x1536.jpg 2048w\" sizes=\"auto, (max-width: 300px) 100vw, 300px\" \/><\/a><\/p>\n<p>&nbsp;<\/p>\n<p>&nbsp;<\/p>\n<p>&nbsp;<\/p>\n","protected":false},"excerpt":{"rendered":"<p>******* &nbsp; LA\u00a0 APP PER IOS-IPHONE di Nicola Vettorello https:\/\/apps.apple.com\/it\/app\/radio-pi%C3%B9-emittente-agordina\/id1515939845 LA\u00a0 APP RADIO\u00a0 PER ANDROID di Nicola Vettorello https:\/\/play.google.com\/store\/apps\/details?id=net.radiopiu.iniko\u00a0\u00a0\u00a0 &nbsp; MERCOLEDI DALLE 20.30&#8230; ACCENDI LA RADIO! MORENO E GIGI I DJ DEGLI ANNI OTTANTA E NOVANTA SONO PRONTI A PROPORTI UNA SERATA INDIMENTICABILE&#8230; CON OSPITI D&#8217;ECCEZIONE&#8230; DI SERA ALLA RADIO&#8230; DI MERCOLEDI&#8230; SU RADIOPIU DA&hellip;<\/p>\n","protected":false},"author":4,"featured_media":415414,"comment_status":"closed","ping_status":"closed","sticky":false,"template":"","format":"standard","meta":{"_monsterinsights_skip_tracking":false,"_monsterinsights_sitenote_active":false,"_monsterinsights_sitenote_note":"","_monsterinsights_sitenote_category":0,"footnotes":""},"categories":[51,86,49],"tags":[],"class_list":["post-415282","post","type-post","status-publish","format-standard","has-post-thumbnail","hentry","category-evidenza-top","category-gr","category-news-18","category-51","category-86","category-49","description-off"],"img_url":"https:\/\/www.radiopiu.net\/wordpress\/wp-content\/uploads\/2024\/10\/IMG_2650.jpeg","_links":{"self":[{"href":"https:\/\/www.radiopiu.net\/wordpress\/wp-json\/wp\/v2\/posts\/415282","targetHints":{"allow":["GET"]}}],"collection":[{"href":"https:\/\/www.radiopiu.net\/wordpress\/wp-json\/wp\/v2\/posts"}],"about":[{"href":"https:\/\/www.radiopiu.net\/wordpress\/wp-json\/wp\/v2\/types\/post"}],"author":[{"embeddable":true,"href":"https:\/\/www.radiopiu.net\/wordpress\/wp-json\/wp\/v2\/users\/4"}],"replies":[{"embeddable":true,"href":"https:\/\/www.radiopiu.net\/wordpress\/wp-json\/wp\/v2\/comments?post=415282"}],"version-history":[{"count":41,"href":"https:\/\/www.radiopiu.net\/wordpress\/wp-json\/wp\/v2\/posts\/415282\/revisions"}],"predecessor-version":[{"id":415553,"href":"https:\/\/www.radiopiu.net\/wordpress\/wp-json\/wp\/v2\/posts\/415282\/revisions\/415553"}],"wp:featuredmedia":[{"embeddable":true,"href":"https:\/\/www.radiopiu.net\/wordpress\/wp-json\/wp\/v2\/media\/415414"}],"wp:attachment":[{"href":"https:\/\/www.radiopiu.net\/wordpress\/wp-json\/wp\/v2\/media?parent=415282"}],"wp:term":[{"taxonomy":"category","embeddable":true,"href":"https:\/\/www.radiopiu.net\/wordpress\/wp-json\/wp\/v2\/categories?post=415282"},{"taxonomy":"post_tag","embeddable":true,"href":"https:\/\/www.radiopiu.net\/wordpress\/wp-json\/wp\/v2\/tags?post=415282"}],"curies":[{"name":"wp","href":"https:\/\/api.w.org\/{rel}","templated":true}]}}