{"id":415385,"date":"2024-10-21T01:00:14","date_gmt":"2024-10-20T23:00:14","guid":{"rendered":"https:\/\/www.radiopiu.net\/wordpress\/?p=415385"},"modified":"2024-10-21T05:37:34","modified_gmt":"2024-10-21T03:37:34","slug":"il-maltempo-vince-sul-calcio-rinviate-tutte-le-sfide-per-lagordina","status":"publish","type":"post","link":"https:\/\/www.radiopiu.net\/wordpress\/il-maltempo-vince-sul-calcio-rinviate-tutte-le-sfide-per-lagordina\/","title":{"rendered":"IL MALTEMPO VINCE SUL CALCIO. RINVIATE TUTTE LE SFIDE PER L&#8217;AGORDINA"},"content":{"rendered":"<p>******<\/p>\n<p>&nbsp;<\/p>\n<p><strong><a class=\"dt-pswp-item\" href=\"https:\/\/www.radiopiu.net\/wordpress\/wp-content\/uploads\/2018\/10\/CALCIO-PIOGGIA.jpg\" data-dt-img-description=\"\" data-large_image_width=\"900\" data-large_image_height=\"523\"><img loading=\"lazy\" decoding=\"async\" class=\" wp-image-65385 alignleft\" src=\"https:\/\/www.radiopiu.net\/wordpress\/wp-content\/uploads\/2018\/10\/CALCIO-PIOGGIA-300x174.jpg\" alt=\"\" width=\"190\" height=\"110\" srcset=\"https:\/\/www.radiopiu.net\/wordpress\/wp-content\/uploads\/2018\/10\/CALCIO-PIOGGIA-300x174.jpg 300w, https:\/\/www.radiopiu.net\/wordpress\/wp-content\/uploads\/2018\/10\/CALCIO-PIOGGIA-768x446.jpg 768w, https:\/\/www.radiopiu.net\/wordpress\/wp-content\/uploads\/2018\/10\/CALCIO-PIOGGIA.jpg 900w\" sizes=\"auto, (max-width: 190px) 100vw, 190px\" \/><\/a>DI MARCO GAZ<\/strong><\/p>\n<p><strong>REDAZIONE<\/strong> Maltempo 1, calcio 0. Lo si pu\u00f2 riassumere cos\u00ec il fine settimana calcistico in provincia di Belluno, ma anche a livello regionale. Le piogge dei giorni scorsi sono state fatali e la LND del Veneto si \u00e8 vista costretta a sospendere tutti i campionati: dal settore giovanile, il calcio femminile e tutti i campionati dilettantistici. Un fulmine a ciel sereno, si perch\u00e9 la notizia \u00e8 arrivata nella tarda mattinata di sabato quando il tempo sembrava essere clemente. Una prima avvisaglia della situazione era gi\u00e0 arrivata venerd\u00ec pomeriggio quando erano gi\u00e0 state rinviate tutte le partite del settore giovanile. Il giorno dopo la decisione definitiva. La LND del Veneto ha optato per fermare tutti i campionati regionali e provinciali dell\u2019intera regione. Una decisione presa per salvaguardare giocatori, arbitri e campi di gioco, quest\u2019ultimi messi a dura prova dalla tanta pioggia caduta nel fine settimana. Ora si attende di sapere quando verranno recuperate le partite non giocate nel weekend. Un calendario folto che vede le squadre giocare ogni fine settimana non permette alla Lega di inserire i recuperi se non fare un turno infrasettimanale o spostare il tutto a ridosso delle festivit\u00e0 natalizie o cominciare una settimana prima la seconda fase di campionato per quanto riguarda i campionati provinciali dove milita l\u2019Agordina Calcio.<\/p>\n<p>&nbsp;<\/p>\n<p>&nbsp;<\/p>\n<p>********<\/p>\n","protected":false},"excerpt":{"rendered":"<p>****** &nbsp; DI MARCO GAZ REDAZIONE Maltempo 1, calcio 0. Lo si pu\u00f2 riassumere cos\u00ec il fine settimana calcistico in provincia di Belluno, ma anche a livello regionale. Le piogge dei giorni scorsi sono state fatali e la LND del Veneto si \u00e8 vista costretta a sospendere tutti i campionati: dal settore giovanile, il calcio&hellip;<\/p>\n","protected":false},"author":4,"featured_media":65385,"comment_status":"closed","ping_status":"closed","sticky":false,"template":"","format":"standard","meta":{"_monsterinsights_skip_tracking":false,"_monsterinsights_sitenote_active":false,"_monsterinsights_sitenote_note":"","_monsterinsights_sitenote_category":0,"footnotes":""},"categories":[104,49],"tags":[],"class_list":["post-415385","post","type-post","status-publish","format-standard","has-post-thumbnail","hentry","category-evidenza_3","category-news-18","category-104","category-49","description-off"],"img_url":"https:\/\/www.radiopiu.net\/wordpress\/wp-content\/uploads\/2018\/10\/CALCIO-PIOGGIA.jpg","_links":{"self":[{"href":"https:\/\/www.radiopiu.net\/wordpress\/wp-json\/wp\/v2\/posts\/415385","targetHints":{"allow":["GET"]}}],"collection":[{"href":"https:\/\/www.radiopiu.net\/wordpress\/wp-json\/wp\/v2\/posts"}],"about":[{"href":"https:\/\/www.radiopiu.net\/wordpress\/wp-json\/wp\/v2\/types\/post"}],"author":[{"embeddable":true,"href":"https:\/\/www.radiopiu.net\/wordpress\/wp-json\/wp\/v2\/users\/4"}],"replies":[{"embeddable":true,"href":"https:\/\/www.radiopiu.net\/wordpress\/wp-json\/wp\/v2\/comments?post=415385"}],"version-history":[{"count":1,"href":"https:\/\/www.radiopiu.net\/wordpress\/wp-json\/wp\/v2\/posts\/415385\/revisions"}],"predecessor-version":[{"id":415389,"href":"https:\/\/www.radiopiu.net\/wordpress\/wp-json\/wp\/v2\/posts\/415385\/revisions\/415389"}],"wp:featuredmedia":[{"embeddable":true,"href":"https:\/\/www.radiopiu.net\/wordpress\/wp-json\/wp\/v2\/media\/65385"}],"wp:attachment":[{"href":"https:\/\/www.radiopiu.net\/wordpress\/wp-json\/wp\/v2\/media?parent=415385"}],"wp:term":[{"taxonomy":"category","embeddable":true,"href":"https:\/\/www.radiopiu.net\/wordpress\/wp-json\/wp\/v2\/categories?post=415385"},{"taxonomy":"post_tag","embeddable":true,"href":"https:\/\/www.radiopiu.net\/wordpress\/wp-json\/wp\/v2\/tags?post=415385"}],"curies":[{"name":"wp","href":"https:\/\/api.w.org\/{rel}","templated":true}]}}