{"id":415395,"date":"2024-10-21T05:19:07","date_gmt":"2024-10-21T03:19:07","guid":{"rendered":"https:\/\/www.radiopiu.net\/wordpress\/?p=415395"},"modified":"2024-10-21T05:36:07","modified_gmt":"2024-10-21T03:36:07","slug":"a-belluno-un-corso-formativo-sui-fondi-pensione","status":"publish","type":"post","link":"https:\/\/www.radiopiu.net\/wordpress\/a-belluno-un-corso-formativo-sui-fondi-pensione\/","title":{"rendered":"A BELLUNO UN CORSO FORMATIVO SUI FONDI PENSIONE"},"content":{"rendered":"<p>*****<\/p>\n<p>&nbsp;<\/p>\n<p><strong>DI MARINA DONA&#8217;<\/strong><\/p>\n<p><strong>BELLUNO<\/strong> Appena concluso un ciclo formativo in provincia di Belluno sui fondi pensione. La formazione \u00e8 sempre un passaggio molto importante sia per la conoscenza in materia che per il coinvolgimento. \u00c8 importante avere consapevolezza di quelle che potrebbero essere le prospettive. Un possibile piano di silenzio assenso da parte del governo per aderire a un fondo pensione? Questo ancora non si sa, c&#8217;e da aspettare l&#8217;approvazione della prossima legge di bilancio. Perch\u00e9 proporre in particolare ai giovani la sottoscrizione di un fondo pensione? Paolo Stefan a questa domanda afferma che forse avere una sicurezza in pi\u00f9 di fronte a uno scenario ancora non definibile ad oggi, pu\u00f2 dare maggiore tranquillit\u00e0.<br \/>\n<strong>L&#8217;INTERVISTA A PAOLO STEFAN, DIRETTORE DI SOLIDARIETA&#8217; VENETO<\/strong><\/p>\n<div style=\"width: 848px;\" class=\"wp-video\"><video class=\"wp-video-shortcode\" id=\"video-415395-1\" width=\"848\" height=\"480\" preload=\"metadata\" controls=\"controls\"><source type=\"video\/mp4\" src=\"https:\/\/www.radiopiu.net\/wordpress\/wp-content\/uploads\/2024\/10\/WhatsApp-Video-2024-10-20-at-09.28.09.mp4?_=1\" \/><a href=\"https:\/\/www.radiopiu.net\/wordpress\/wp-content\/uploads\/2024\/10\/WhatsApp-Video-2024-10-20-at-09.28.09.mp4\">https:\/\/www.radiopiu.net\/wordpress\/wp-content\/uploads\/2024\/10\/WhatsApp-Video-2024-10-20-at-09.28.09.mp4<\/a><\/video><\/div>\n<p>&nbsp;<\/p>\n<p>&nbsp;<\/p>\n<p>********<\/p>\n","protected":false},"excerpt":{"rendered":"<p>***** &nbsp; DI MARINA DONA&#8217; BELLUNO Appena concluso un ciclo formativo in provincia di Belluno sui fondi pensione. La formazione \u00e8 sempre un passaggio molto importante sia per la conoscenza in materia che per il coinvolgimento. \u00c8 importante avere consapevolezza di quelle che potrebbero essere le prospettive. Un possibile piano di silenzio assenso da parte&hellip;<\/p>\n","protected":false},"author":4,"featured_media":115054,"comment_status":"closed","ping_status":"closed","sticky":false,"template":"","format":"standard","meta":{"_monsterinsights_skip_tracking":false,"_monsterinsights_sitenote_active":false,"_monsterinsights_sitenote_note":"","_monsterinsights_sitenote_category":0,"footnotes":""},"categories":[51,49],"tags":[],"class_list":["post-415395","post","type-post","status-publish","format-standard","has-post-thumbnail","hentry","category-evidenza-top","category-news-18","category-51","category-49","description-off"],"img_url":"https:\/\/www.radiopiu.net\/wordpress\/wp-content\/uploads\/2020\/01\/uomo-disteso-che-conta-soldi-con-il-calcolatore_23-2148230056.jpg","_links":{"self":[{"href":"https:\/\/www.radiopiu.net\/wordpress\/wp-json\/wp\/v2\/posts\/415395","targetHints":{"allow":["GET"]}}],"collection":[{"href":"https:\/\/www.radiopiu.net\/wordpress\/wp-json\/wp\/v2\/posts"}],"about":[{"href":"https:\/\/www.radiopiu.net\/wordpress\/wp-json\/wp\/v2\/types\/post"}],"author":[{"embeddable":true,"href":"https:\/\/www.radiopiu.net\/wordpress\/wp-json\/wp\/v2\/users\/4"}],"replies":[{"embeddable":true,"href":"https:\/\/www.radiopiu.net\/wordpress\/wp-json\/wp\/v2\/comments?post=415395"}],"version-history":[{"count":1,"href":"https:\/\/www.radiopiu.net\/wordpress\/wp-json\/wp\/v2\/posts\/415395\/revisions"}],"predecessor-version":[{"id":415397,"href":"https:\/\/www.radiopiu.net\/wordpress\/wp-json\/wp\/v2\/posts\/415395\/revisions\/415397"}],"wp:featuredmedia":[{"embeddable":true,"href":"https:\/\/www.radiopiu.net\/wordpress\/wp-json\/wp\/v2\/media\/115054"}],"wp:attachment":[{"href":"https:\/\/www.radiopiu.net\/wordpress\/wp-json\/wp\/v2\/media?parent=415395"}],"wp:term":[{"taxonomy":"category","embeddable":true,"href":"https:\/\/www.radiopiu.net\/wordpress\/wp-json\/wp\/v2\/categories?post=415395"},{"taxonomy":"post_tag","embeddable":true,"href":"https:\/\/www.radiopiu.net\/wordpress\/wp-json\/wp\/v2\/tags?post=415395"}],"curies":[{"name":"wp","href":"https:\/\/api.w.org\/{rel}","templated":true}]}}