{"id":415436,"date":"2024-10-20T17:02:37","date_gmt":"2024-10-20T15:02:37","guid":{"rendered":"https:\/\/www.radiopiu.net\/wordpress\/?p=415436"},"modified":"2024-10-21T05:37:59","modified_gmt":"2024-10-21T03:37:59","slug":"mario-e-bruno-celebrano-40-anni-di-carriera-con-una-serata-speciale-al-palaskating-di-sedico","status":"publish","type":"post","link":"https:\/\/www.radiopiu.net\/wordpress\/mario-e-bruno-celebrano-40-anni-di-carriera-con-una-serata-speciale-al-palaskating-di-sedico\/","title":{"rendered":"MARIO E BRUNO CELEBRANO 40 ANNI DI CARRIERA CON UNA SERATA SPECIALE AL PALASKATING DI SEDICO"},"content":{"rendered":"<p>******<\/p>\n<p>&nbsp;<\/p>\n<p><strong>DI ALESSIA DALL&#8217;O&#8217;<\/strong><\/p>\n<p><strong><a class=\"dt-pswp-item\" href=\"https:\/\/www.radiopiu.net\/wordpress\/wp-content\/uploads\/2024\/10\/MARIO-E-BRUNO-PALCO-RIVA-COLORI.jpg\" data-dt-img-description=\"\" data-large_image_width=\"1625\" data-large_image_height=\"1117\"><img loading=\"lazy\" decoding=\"async\" class=\" wp-image-415439 alignleft\" src=\"https:\/\/www.radiopiu.net\/wordpress\/wp-content\/uploads\/2024\/10\/MARIO-E-BRUNO-PALCO-RIVA-COLORI-300x206.jpg\" alt=\"\" width=\"167\" height=\"115\" srcset=\"https:\/\/www.radiopiu.net\/wordpress\/wp-content\/uploads\/2024\/10\/MARIO-E-BRUNO-PALCO-RIVA-COLORI-300x206.jpg 300w, https:\/\/www.radiopiu.net\/wordpress\/wp-content\/uploads\/2024\/10\/MARIO-E-BRUNO-PALCO-RIVA-COLORI-1024x704.jpg 1024w, https:\/\/www.radiopiu.net\/wordpress\/wp-content\/uploads\/2024\/10\/MARIO-E-BRUNO-PALCO-RIVA-COLORI-768x528.jpg 768w, https:\/\/www.radiopiu.net\/wordpress\/wp-content\/uploads\/2024\/10\/MARIO-E-BRUNO-PALCO-RIVA-COLORI-1536x1056.jpg 1536w, https:\/\/www.radiopiu.net\/wordpress\/wp-content\/uploads\/2024\/10\/MARIO-E-BRUNO-PALCO-RIVA-COLORI.jpg 1625w\" sizes=\"auto, (max-width: 167px) 100vw, 167px\" \/><\/a>SEDICO <\/strong>Sabato prossimo, 26 ottobre, il Palaskating di Sedico si trasformer\u00e0 in una cornice di festa e musica popolare per celebrare i 40 anni di attivit\u00e0 artistica del Duo \u201cMario e Bruno\u201d. Gli amici di sempre, Mario Viel e Bruno Patt, regaleranno al pubblico una serata intitolata \u201c40 ani\u2026 e moneda\u201d, ripercorrendo la loro straordinaria carriera, fatta di canzoni, racconti e tanto dialetto. Un appuntamento imperdibile per chi ama la tradizione, la comicit\u00e0 spontanea e le riflessioni sulla vita e sul mondo di oggi, il tutto condito da una travolgente energia. Da decenni, Mario e Bruno portano in scena un mix unico di musica e teatro che attinge a piene mani dal massimo interprete italiano, Giorgio Gaber, ma con un pizzico di originalit\u00e0 e \u201csapore di montagna\u201d. L&#8217;uso del dialetto bellunese, che caratterizza sia i testi delle loro canzoni sia i momenti di dialogo con il pubblico, \u00e8 diventato infatti il loro marchio di fabbrica. Sin dagli esordi, nelle feste di paese e nelle sagre, il loro obiettivo \u00e8 stato chiaro: regalare emozioni autentiche e condividere momenti di gioia collettiva, raccontando storie che parlano di una comunit\u00e0, di radici profonde e di un mondo in continua evoluzione. Uno degli aspetti pi\u00f9 apprezzati delle performance di Mario e Bruno \u00e8 la loro capacit\u00e0 di raccontare le trasformazioni sociali e culturali del territorio bellunese. Entrambi gli amici sedicensi sono nati nei primi anni &#8217;60, vivendo in prima persona il passaggio da una societ\u00e0 prevalentemente agricola a quella che oggi definiscono scherzosamente \u201cpost-digitale\u201d. Questo tema \u00e8 il filo conduttore di molte delle loro canzoni, in cui si riflette con affetto e un pizzico di malinconia sul cambiamento dei tempi, sui mestieri che scompaiono e sulle nuove generazioni alle prese con un mondo sempre pi\u00f9 ingarbugliatamente tecnologico. In particolare, il loro album \u201cHo vist\u201d \u00e8 una testimonianza emblematica di questo sguardo nostalgico ma sempre attento alla realt\u00e0 contemporanea. \u00c8 una fotografia del &#8220;sentire&#8221; popolare che, nonostante le rapide trasformazioni, resta ancorato a valori genuini, capaci di parlare a chiunque. Se da un lato il pubblico ama il Duo per il suo spirito giocoso e gli scambi comici in dialetto, dall&#8217;altro centrale \u00e8 la capacit\u00e0 degli artisti di proporre riflessioni profonde sulla societ\u00e0 attuale. Durante i loro spettacoli, i due artisti si interrogano spesso su come i loro antenati vedrebbero il mondo moderno: un mondo cos\u00ec diverso da quello che conoscevano. Ma lo sguardo \u201cindietro\u201d serve per dare onore alle radici e anche guardare avanti: negli ultimi anni, Mario e Bruno hanno avviato un progetto che guarda al futuro con la Valbelluna Folk Band, un ensemble di giovani musicisti che collaborano con il Duo per mantenere viva la tradizione del teatro canzone e della musica popolare. L&#8217;idea alla base di questo progetto \u00e8 quella di creare un ponte tra le generazioni, trasmettendo ai pi\u00f9 giovani l&#8217;amore per la cultura locale e per una forma di espressione che non teme il passare del tempo, ma si evolve pur restando fedele alle proprie radici. L\u2019appuntamento al Palaskating di Sedico sar\u00e0 una celebrazione di questi 40 anni di successi e amicizia, ma anche un\u2019opportunit\u00e0 per guardare avanti. Tra canzoni che hanno segnato la loro carriera e nuove collaborazioni con la Valbelluna Folk Band, la serata promette di essere un&#8217;esperienza indimenticabile per tutti i presenti. Il concerto inizier\u00e0 alle ore 20:30 e, come sempre, Mario e Bruno sapranno coinvolgere il pubblico con la loro genuina simpatia e le loro storie di vita quotidiana, coniugando risate e riflessioni.<\/p>\n<p>&nbsp;<\/p>\n<p>&nbsp;<\/p>\n<p>&nbsp;<\/p>\n<p>*******<\/p>\n","protected":false},"excerpt":{"rendered":"<p>****** &nbsp; DI ALESSIA DALL&#8217;O&#8217; SEDICO Sabato prossimo, 26 ottobre, il Palaskating di Sedico si trasformer\u00e0 in una cornice di festa e musica popolare per celebrare i 40 anni di attivit\u00e0 artistica del Duo \u201cMario e Bruno\u201d. Gli amici di sempre, Mario Viel e Bruno Patt, regaleranno al pubblico una serata intitolata \u201c40 ani\u2026 e&hellip;<\/p>\n","protected":false},"author":4,"featured_media":415439,"comment_status":"closed","ping_status":"closed","sticky":false,"template":"","format":"standard","meta":{"_monsterinsights_skip_tracking":false,"_monsterinsights_sitenote_active":false,"_monsterinsights_sitenote_note":"","_monsterinsights_sitenote_category":0,"footnotes":""},"categories":[51,49],"tags":[],"class_list":["post-415436","post","type-post","status-publish","format-standard","has-post-thumbnail","hentry","category-evidenza-top","category-news-18","category-51","category-49","description-off"],"img_url":"https:\/\/www.radiopiu.net\/wordpress\/wp-content\/uploads\/2024\/10\/MARIO-E-BRUNO-PALCO-RIVA-COLORI.jpg","_links":{"self":[{"href":"https:\/\/www.radiopiu.net\/wordpress\/wp-json\/wp\/v2\/posts\/415436","targetHints":{"allow":["GET"]}}],"collection":[{"href":"https:\/\/www.radiopiu.net\/wordpress\/wp-json\/wp\/v2\/posts"}],"about":[{"href":"https:\/\/www.radiopiu.net\/wordpress\/wp-json\/wp\/v2\/types\/post"}],"author":[{"embeddable":true,"href":"https:\/\/www.radiopiu.net\/wordpress\/wp-json\/wp\/v2\/users\/4"}],"replies":[{"embeddable":true,"href":"https:\/\/www.radiopiu.net\/wordpress\/wp-json\/wp\/v2\/comments?post=415436"}],"version-history":[{"count":1,"href":"https:\/\/www.radiopiu.net\/wordpress\/wp-json\/wp\/v2\/posts\/415436\/revisions"}],"predecessor-version":[{"id":415440,"href":"https:\/\/www.radiopiu.net\/wordpress\/wp-json\/wp\/v2\/posts\/415436\/revisions\/415440"}],"wp:featuredmedia":[{"embeddable":true,"href":"https:\/\/www.radiopiu.net\/wordpress\/wp-json\/wp\/v2\/media\/415439"}],"wp:attachment":[{"href":"https:\/\/www.radiopiu.net\/wordpress\/wp-json\/wp\/v2\/media?parent=415436"}],"wp:term":[{"taxonomy":"category","embeddable":true,"href":"https:\/\/www.radiopiu.net\/wordpress\/wp-json\/wp\/v2\/categories?post=415436"},{"taxonomy":"post_tag","embeddable":true,"href":"https:\/\/www.radiopiu.net\/wordpress\/wp-json\/wp\/v2\/tags?post=415436"}],"curies":[{"name":"wp","href":"https:\/\/api.w.org\/{rel}","templated":true}]}}