{"id":415501,"date":"2024-10-22T05:41:00","date_gmt":"2024-10-22T03:41:00","guid":{"rendered":"https:\/\/www.radiopiu.net\/wordpress\/?p=415501"},"modified":"2024-10-22T07:59:10","modified_gmt":"2024-10-22T05:59:10","slug":"giornale-radiopiu-22-ottobre-2024-direttore-mirko-mezzacasada-41-anni-25-giugno-1983-25-giugno-202","status":"publish","type":"post","link":"https:\/\/www.radiopiu.net\/wordpress\/giornale-radiopiu-22-ottobre-2024-direttore-mirko-mezzacasada-41-anni-25-giugno-1983-25-giugno-202\/","title":{"rendered":"GIORNALE RADIOPIU 22 OTTOBRE 2024 DIRETTORE MIRKO MEZZACASA\u2026DA 41 ANNI 25 GIUGNO 1983-25 GIUGNO 202"},"content":{"rendered":"<p>*******<\/p>\n<p>&nbsp;<\/p>\n<p><em><span style=\"color: #ff0000;\"><a class=\"dt-pswp-item\" href=\"https:\/\/www.radiopiu.net\/wordpress\/wp-content\/uploads\/2024\/10\/Senza-nome-8.png\" data-dt-img-description=\"\" data-large_image_width=\"343\" data-large_image_height=\"303\"><img loading=\"lazy\" decoding=\"async\" class=\"wp-image-412130 alignleft\" src=\"https:\/\/www.radiopiu.net\/wordpress\/wp-content\/uploads\/2024\/10\/Senza-nome-8-300x265.png\" alt=\"\" width=\"105\" height=\"93\" srcset=\"https:\/\/www.radiopiu.net\/wordpress\/wp-content\/uploads\/2024\/10\/Senza-nome-8-300x265.png 300w, https:\/\/www.radiopiu.net\/wordpress\/wp-content\/uploads\/2024\/10\/Senza-nome-8.png 343w\" sizes=\"auto, (max-width: 105px) 100vw, 105px\" \/><\/a><\/span><\/em><strong><em><span style=\"color: #ff0000;\"> LA\u00a0 APP PER IOS-IPHONE di Nicola Vettorello<\/span><\/em><\/strong><\/p>\n<p><strong><span style=\"color: #0000ff;\"><a style=\"color: #0000ff;\" href=\"https:\/\/apps.apple.com\/it\/app\/radio-pi%C3%B9-emittente-agordina\/id1515939845\">https:\/\/apps.apple.com\/it\/app\/radio-pi%C3%B9-emittente-agordina\/id1515939845<\/a><\/span><\/strong><\/p>\n<p><strong><em style=\"color: #ff0000;\">LA\u00a0 APP RADIO\u00a0 PER ANDROID di Nicola Vettorello<\/em><\/strong><\/p>\n<p><strong><span style=\"color: #0000ff;\"><a style=\"color: #0000ff;\" href=\"https:\/\/play.google.com\/store\/apps\/details?id=net.radiopiu.iniko\" target=\"_blank\" rel=\"noopener noreferrer\">https:\/\/<\/a><a style=\"color: #0000ff;\" href=\"https:\/\/play.google.com\/store\/apps\/details?id=net.radiopiu.iniko\" target=\"_blank\" rel=\"noopener noreferrer\">play.google.com\/store\/apps\/details?id=net.radiopiu.iniko\u00a0\u00a0\u00a0<\/a><\/span><\/strong><\/p>\n<p>&nbsp;<\/p>\n<p>&nbsp;<\/p>\n<hr \/>\n<div dir=\"auto\"><\/div>\n<div dir=\"auto\"><\/div>\n<p><strong><a class=\"dt-pswp-item\" href=\"https:\/\/www.radiopiu.net\/wordpress\/wp-content\/uploads\/2022\/12\/luca_luchetta.jpg\" data-dt-img-description=\"\" data-large_image_width=\"400\" data-large_image_height=\"400\"><img loading=\"lazy\" decoding=\"async\" class=\"wp-image-310001 alignleft\" src=\"https:\/\/www.radiopiu.net\/wordpress\/wp-content\/uploads\/2022\/12\/luca_luchetta-300x300.jpg\" alt=\"\" width=\"184\" height=\"184\" srcset=\"https:\/\/www.radiopiu.net\/wordpress\/wp-content\/uploads\/2022\/12\/luca_luchetta-300x300.jpg 300w, https:\/\/www.radiopiu.net\/wordpress\/wp-content\/uploads\/2022\/12\/luca_luchetta-150x150.jpg 150w, https:\/\/www.radiopiu.net\/wordpress\/wp-content\/uploads\/2022\/12\/luca_luchetta.jpg 400w\" sizes=\"auto, (max-width: 184px) 100vw, 184px\" \/><\/a>OGGI ALLA RADIO&#8230;.<\/strong> <span style=\"color: #ff0000;\">ALLE 4 E ALLE 6<\/span> LE NOTIZIE DALL&#8217;ITALIA E DAL MONDO <span style=\"color: #ff0000;\"> 0500 <span style=\"color: #0000ff;\">l&#8217;almanacco della nostra gente con il MUSLA\u00a0<\/span><\/span><span style=\"color: #ff0000;\"> 6.15<\/span> PIROLE DE LENGA A CURA DEL MUSLA<span style=\"color: #ff0000;\"> 07.10<\/span> parola di gianluca&#8230; da dolomiti wine e beer Sedico&#8230; l&#8217;evento<span style=\"color: #ff0000;\"> 7.20<\/span> EL BAL DEL FIORI, DETTI E TRADIZIONI DI GIULIANA DA RONCH <span style=\"color: #ff0000;\">8.05<\/span> LA RASSEGNA STAMPA LOCALE<span style=\"color: #ff0000;\"> 8.30 <span style=\"color: #000000;\">PIU&#8217; SIAMO CON MARINA DONA&#8217;<\/span><span style=\"color: #000000;\">\u00a0\u00a0<\/span> 900LA MUSICA COUNTRY DI ALEX NASCINBEN<span style=\"color: #0000ff;\">\u00a0\u00a0<\/span><\/span><span style=\"color: #ff0000;\"><span style=\"color: #000000;\">\u00a0<\/span><\/span><span style=\"color: #ff0000;\">9.40<\/span> VIABILITA&#8217; CON BOTOL CAR SERVICE (AGORDO-SEDICO-FELTRE) <span style=\"color: #ff0000;\">10 10<\/span> musla le nove in ladin <span style=\"color: #ff0000;\">10.30<\/span> famiglia agordina ex emigranti, domenica la festa a Cencenighe in studio il presidente Luca Luchetta (FOTO) <span style=\"color: #0000ff;\">11 10<\/span> paola lanciato emozione continua un secolo di radio piu&#8217; 41 di musica <span style=\"color: #ff0000;\">11.40<\/span> FESTIVALBAR STORY DI ATHOS DJ DAVID BEN\u00a0 \u00a0 <span style=\"color: #ff0000;\">12.00<\/span> VA TUTTO LISCIO\u00a0 <span style=\"color: #ff0000;\">12.30<\/span> GIORNALE RADIO PRINCIPALE\u00a0 <span style=\"color: #ff0000;\">13 10<\/span> I CERCATORI&#8230;SUL SET DI VALLE IMPERINA, DI MARINA DONA&#8217; <span style=\"color: #ff0000;\">13.20<\/span> FOGLIE E CASTAGNE DI MARINA DONA&#8217; <span style=\"color: #ff0000;\">\u00a0<\/span><span style=\"color: #ff0000;\">14.00\u00a0<\/span><span style=\"color: #ff0000;\"><span style=\"color: #000000;\"> collage operazione nostalgia Loris Scussel<\/span><span style=\"color: #ff0000;\">\u00a015.10<\/span><\/span>\u00a0 DI MARTEDI POMERIGGIO CON LUISA&#8230;OSPITE GIANLUCA ZANDANEL <span style=\"color: #ff0000;\">16<\/span> IL ROCK DI MARCO COSTANTINI\u00a0 16 25 agordina in prima linea di Marco Gaz&lt; <span style=\"color: #ff0000;\">1645<\/span> LE HIT DI MIRCO BENCIVENNI <span style=\"color: #ff0000;\">18.00<\/span> PIU&#8217; DANCE LE SELEZIONI CHE FANNO SALTARE DI DJ JACK, JACOPO DEL TEDESCO <span style=\"color: #ff0000;\">19.00 <span style=\"color: #000000;\">LE ANTICIPAZIONI DAL TG DI ANTENNA 3 DI TIZIANA BOLOGNANI <span style=\"color: #ff0000;\">19.20<\/span> A BELLUNO CORSO FORMATIVO SUI FONDI PENSIONE DI MARINA DONA&#8217;\u00a0<\/span><\/span><\/p>\n<p>&nbsp;<\/p>\n<div dir=\"auto\"><a class=\"dt-pswp-item\" href=\"https:\/\/www.radiopiu.net\/wordpress\/wp-content\/uploads\/2024\/10\/464237612_10220619336033054_1231637424729257727_n-1.jpg\" data-dt-img-description=\"\" data-large_image_width=\"526\" data-large_image_height=\"699\"><img loading=\"lazy\" decoding=\"async\" class=\"wp-image-415759 alignleft\" src=\"https:\/\/www.radiopiu.net\/wordpress\/wp-content\/uploads\/2024\/10\/464237612_10220619336033054_1231637424729257727_n-1-226x300.jpg\" alt=\"\" width=\"136\" height=\"181\" srcset=\"https:\/\/www.radiopiu.net\/wordpress\/wp-content\/uploads\/2024\/10\/464237612_10220619336033054_1231637424729257727_n-1-226x300.jpg 226w, https:\/\/www.radiopiu.net\/wordpress\/wp-content\/uploads\/2024\/10\/464237612_10220619336033054_1231637424729257727_n-1.jpg 526w\" sizes=\"auto, (max-width: 136px) 100vw, 136px\" \/><\/a><strong>Il ruolo del bibliotecario fra tradizione e nuove sfide , ne parliamo con<\/strong><\/div>\n<div dir=\"auto\"><strong>Gianluca Zandanel <span class=\"html-span xexx8yu x4uap5 x18d9i69 xkhd6sd x1hl2dhg x16tdsg8 x1vvkbs x3nfvp2 x1j61x8r x1fcty0u xdj266r xat24cr xgzva0m xhhsvwb xxymvpz xlup9mm x1kky2od\"><img loading=\"lazy\" decoding=\"async\" class=\"xz74otr\" src=\"https:\/\/static.xx.fbcdn.net\/images\/emoji.php\/v9\/t49\/1\/16\/1f4da.png\" alt=\"&#x1f4da;\" width=\"16\" height=\"16\" \/><\/span><\/strong><\/div>\n<div dir=\"auto\">a Santa Giustina<\/div>\n<div dir=\"auto\">OGGI\u00a0 15 e 10 <span class=\"html-span xdj266r x11i5rnm xat24cr x1mh8g0r xexx8yu x4uap5 x18d9i69 xkhd6sd x1hl2dhg x16tdsg8 x1vvkbs\"><a class=\"x1i10hfl xjbqb8w x1ejq31n xd10rxx x1sy0etr x17r0tee x972fbf xcfux6l x1qhh985 xm0m39n x9f619 x1ypdohk xt0psk2 xe8uvvx xdj266r x11i5rnm xat24cr x1mh8g0r xexx8yu x4uap5 x18d9i69 xkhd6sd x16tdsg8 x1hl2dhg xggy1nq x1a2a7pz x1sur9pj xkrqix3 x1fey0fg x1s688f\" tabindex=\"0\" role=\"link\" href=\"https:\/\/www.facebook.com\/groups\/61488111720\/user\/100064054659813\/?__cft__[0]=AZVMVkbrUQdRHKJN-phSGe4yzlxhETbGPxluN9Bkv1WOvMfXq0O951FCfKRvusn0m6JNCLOwdHJc2qUCO1GBlhbzsKO8bbSVxdmHdk6eU4zMdk_g7WOOfdfO-AhWSTMK8yFff8bnGRFcc1hzVBQ9Kpuia88lX7t0xplmkdp3BVMCBncW_nr21PJ4nugUE1titA6fd-7LpgXORcm8QPh3Vj3DjApZw4Yf6zOTDJQMb7t0Fg&amp;__tn__=-]K-R\"><span class=\"xt0psk2\">Radio Pi\u00f9<\/span><\/a> \u00a0<\/span>Anche in streaming<\/div>\n<div dir=\"auto\"><\/div>\n<div dir=\"auto\"><\/div>\n<div dir=\"auto\"><\/div>\n<div dir=\"auto\"><\/div>\n<div dir=\"auto\"><\/div>\n<div dir=\"auto\"><\/div>\n<p><strong>rassegna stampa nazionale,<\/strong> ogni giorno alle 5 e alle 6 del mattino<br \/>\ngiornali locali 7 rassegna stampa flash, 8 rassegna stampa, gr flash alle 10 e alle 11, principale 12.30. Informazione pomeriggio alle 15 (speciale) 16, 17, 18. Giornale radio nazionale: ogni ora dalle 5 del mattino, alle 20 della sera.<\/p>\n<p>&nbsp;<\/p>\n<p>&nbsp;<\/p>\n<hr \/>\n<p>&nbsp;<\/p>\n<p>&nbsp;<\/p>\n<div class=\"x11i5rnm xat24cr x1mh8g0r x1vvkbs xtlvy1s x126k92a\">\n<div dir=\"auto\">\n<div dir=\"auto\">\n<p><strong><a class=\"dt-pswp-item\" href=\"https:\/\/www.radiopiu.net\/wordpress\/wp-content\/uploads\/2024\/02\/2d44e751-d8a8-461b-8e22-d8e4e853b032.jpg\" data-dt-img-description=\"\" data-large_image_width=\"1600\" data-large_image_height=\"1200\"><img loading=\"lazy\" decoding=\"async\" class=\"wp-image-373307 alignleft\" src=\"https:\/\/www.radiopiu.net\/wordpress\/wp-content\/uploads\/2024\/02\/2d44e751-d8a8-461b-8e22-d8e4e853b032-300x225.jpg\" alt=\"\" width=\"105\" height=\"79\" srcset=\"https:\/\/www.radiopiu.net\/wordpress\/wp-content\/uploads\/2024\/02\/2d44e751-d8a8-461b-8e22-d8e4e853b032-300x225.jpg 300w, https:\/\/www.radiopiu.net\/wordpress\/wp-content\/uploads\/2024\/02\/2d44e751-d8a8-461b-8e22-d8e4e853b032-1024x768.jpg 1024w, https:\/\/www.radiopiu.net\/wordpress\/wp-content\/uploads\/2024\/02\/2d44e751-d8a8-461b-8e22-d8e4e853b032-768x576.jpg 768w, https:\/\/www.radiopiu.net\/wordpress\/wp-content\/uploads\/2024\/02\/2d44e751-d8a8-461b-8e22-d8e4e853b032-1536x1152.jpg 1536w, https:\/\/www.radiopiu.net\/wordpress\/wp-content\/uploads\/2024\/02\/2d44e751-d8a8-461b-8e22-d8e4e853b032.jpg 1600w\" sizes=\"auto, (max-width: 105px) 100vw, 105px\" \/><\/a>EL BAL DEL FIOR, DI GIULIANA DA RONCH, 22 OTTOBRE<\/strong><strong>\u00a02024<\/strong><\/p>\n<\/div>\n<\/div>\n<\/div>\n<div>\n<audio class=\"wp-audio-shortcode\" id=\"audio-415501-1\" preload=\"none\" style=\"width: 100%;\" controls=\"controls\"><source type=\"audio\/mpeg\" src=\"https:\/\/www.radiopiu.net\/wordpress\/wp-content\/uploads\/2024\/10\/GMA-2.mp3?_=1\" \/><a href=\"https:\/\/www.radiopiu.net\/wordpress\/wp-content\/uploads\/2024\/10\/GMA-2.mp3\">https:\/\/www.radiopiu.net\/wordpress\/wp-content\/uploads\/2024\/10\/GMA-2.mp3<\/a><\/audio>\n<\/div>\n<div><\/div>\n<hr \/>\n<p>&nbsp;<\/p>\n<div class=\"x11i5rnm xat24cr x1mh8g0r x1vvkbs xtlvy1s x126k92a\">\n<h1><span style=\"color: #ff0000;\"><a class=\"dt-pswp-item\" href=\"https:\/\/www.radiopiu.net\/wordpress\/wp-content\/uploads\/2024\/06\/th-5.jpg\" data-dt-img-description=\"\" data-large_image_width=\"326\" data-large_image_height=\"180\"><img loading=\"lazy\" decoding=\"async\" class=\"size-medium wp-image-395881 alignleft\" src=\"https:\/\/www.radiopiu.net\/wordpress\/wp-content\/uploads\/2024\/06\/th-5-300x166.jpg\" alt=\"\" width=\"300\" height=\"166\" srcset=\"https:\/\/www.radiopiu.net\/wordpress\/wp-content\/uploads\/2024\/06\/th-5-300x166.jpg 300w, https:\/\/www.radiopiu.net\/wordpress\/wp-content\/uploads\/2024\/06\/th-5.jpg 326w\" sizes=\"auto, (max-width: 300px) 100vw, 300px\" \/><\/a><\/span><\/h1>\n<h1><\/h1>\n<h1><\/h1>\n<h1><span style=\"color: #000000;\">22 OTTOBRE&#8230; alla radio l&#8217;almanacco\u00a0<\/span><\/h1>\n<audio class=\"wp-audio-shortcode\" id=\"audio-415501-2\" preload=\"none\" style=\"width: 100%;\" controls=\"controls\"><source type=\"audio\/mpeg\" src=\"https:\/\/www.radiopiu.net\/wordpress\/wp-content\/uploads\/2024\/10\/ALMANACCONEW-17.mp3?_=2\" \/><a href=\"https:\/\/www.radiopiu.net\/wordpress\/wp-content\/uploads\/2024\/10\/ALMANACCONEW-17.mp3\">https:\/\/www.radiopiu.net\/wordpress\/wp-content\/uploads\/2024\/10\/ALMANACCONEW-17.mp3<\/a><\/audio>\n<p>&nbsp;<\/p>\n<p>&nbsp;<\/p>\n<hr \/>\n<p>&nbsp;<\/p>\n<p>&nbsp;<\/p>\n<blockquote>\n<h1><strong><a class=\"dt-pswp-item\" href=\"https:\/\/www.radiopiu.net\/wordpress\/wp-content\/uploads\/2024\/10\/629301fd-708d-4f53-95c2-d28cbefd500f.jpg\" data-dt-img-description=\"\" data-large_image_width=\"1600\" data-large_image_height=\"1322\"><img loading=\"lazy\" decoding=\"async\" class=\"wp-image-413782 alignleft\" src=\"https:\/\/www.radiopiu.net\/wordpress\/wp-content\/uploads\/2024\/10\/629301fd-708d-4f53-95c2-d28cbefd500f-300x248.jpg\" alt=\"\" width=\"186\" height=\"154\" srcset=\"https:\/\/www.radiopiu.net\/wordpress\/wp-content\/uploads\/2024\/10\/629301fd-708d-4f53-95c2-d28cbefd500f-300x248.jpg 300w, https:\/\/www.radiopiu.net\/wordpress\/wp-content\/uploads\/2024\/10\/629301fd-708d-4f53-95c2-d28cbefd500f-1024x846.jpg 1024w, https:\/\/www.radiopiu.net\/wordpress\/wp-content\/uploads\/2024\/10\/629301fd-708d-4f53-95c2-d28cbefd500f-768x635.jpg 768w, https:\/\/www.radiopiu.net\/wordpress\/wp-content\/uploads\/2024\/10\/629301fd-708d-4f53-95c2-d28cbefd500f-1536x1269.jpg 1536w, https:\/\/www.radiopiu.net\/wordpress\/wp-content\/uploads\/2024\/10\/629301fd-708d-4f53-95c2-d28cbefd500f.jpg 1600w\" sizes=\"auto, (max-width: 186px) 100vw, 186px\" \/><\/a>N di parom &#8211; L Almanach de la nosta jent<\/strong><\/h1>\n<\/blockquote>\n<p>Le voci: Davide Conedera, Agordo, Michela Dell&#8217;Osbel, La Valle Agordina Simone Ganz, Falcade Veronica Lezuo, Colle Santa Lucia. La voce nella sigla \u00e8 di Giorgia Taio<\/p>\n<p><strong>LA PUNTATA DI OGGI, 22 OTTOBRE<\/strong><\/p>\n<\/div>\n<div class=\"x11i5rnm xat24cr x1mh8g0r x1vvkbs xtlvy1s x126k92a\">\n<audio class=\"wp-audio-shortcode\" id=\"audio-415501-3\" preload=\"none\" style=\"width: 100%;\" controls=\"controls\"><source type=\"audio\/mpeg\" src=\"https:\/\/www.radiopiu.net\/wordpress\/wp-content\/uploads\/2024\/10\/AL2.mp3?_=3\" \/><a href=\"https:\/\/www.radiopiu.net\/wordpress\/wp-content\/uploads\/2024\/10\/AL2.mp3\">https:\/\/www.radiopiu.net\/wordpress\/wp-content\/uploads\/2024\/10\/AL2.mp3<\/a><\/audio>\n<p>&nbsp;<\/p>\n<div dir=\"auto\">\n<hr \/>\n<\/div>\n<\/div>\n<blockquote>\n<blockquote>\n<h1><span style=\"color: #ff0000;\">\u00a0<\/span><\/h1>\n<h1><span style=\"color: #ff0000;\">I podcast informativi del mattino &#8211; audio &#8211;\u00a0\u00a0<\/span><\/h1>\n<\/blockquote>\n<p><strong><a class=\"dt-pswp-item\" href=\"https:\/\/www.radiopiu.net\/wordpress\/wp-content\/uploads\/2023\/11\/th-10.jpg\" data-dt-img-description=\"\" data-large_image_width=\"320\" data-large_image_height=\"180\"><img loading=\"lazy\" decoding=\"async\" class=\"wp-image-362866 alignleft\" src=\"https:\/\/www.radiopiu.net\/wordpress\/wp-content\/uploads\/2023\/11\/th-10-300x169.jpg\" alt=\"\" width=\"185\" height=\"104\" srcset=\"https:\/\/www.radiopiu.net\/wordpress\/wp-content\/uploads\/2023\/11\/th-10-300x169.jpg 300w, https:\/\/www.radiopiu.net\/wordpress\/wp-content\/uploads\/2023\/11\/th-10.jpg 320w\" sizes=\"auto, (max-width: 185px) 100vw, 185px\" \/><\/a>LA RASSEGNA STAMPA NAZIONALE ALLA RADIO, OGNI GIORNO ALLE 5 E ALLE 6 DEL MATTINO <span style=\"color: #0000ff;\">viene pubblicata alle 6.00 <span style=\"color: #ff0000;\">DIRETTA RADIO\u00a0 \u00a0\u00a0<\/span><\/span><\/strong><\/p><\/blockquote>\n<p>&nbsp;<\/p>\n<p><strong>NOTIZIE DELLA NOTTE<\/strong><\/p>\n<p><strong>Sirene<\/strong> nel nord di Israele,intercettati droni e razzi dal Libano <strong>Cuba,<\/strong> l&#8217;uragano Oscar causa almeno sei morti<br \/>\n<strong>Borsa:<\/strong> Tokyo, apertura in leggero calo (-0,19%) <strong>Per\u00f9:<\/strong> ex presidente Toledo condannato a 20 anni di carcere<br \/>\n<strong>Blinken<\/strong> in Giordania mercoled\u00ec per premere sulla tregua <strong>Libano<\/strong>, &#8216;almeno 3 morti per i raid stasera a sud di Beirut&#8217;<br \/>\n<strong>Serie A<\/strong>: Verona-Monza 0-3 <strong>Idf,<\/strong> &#8216;non ci risulta una donna ostaggio uccisa a Gaza&#8217;<\/p>\n<h2>AUDIO dalle 6 del mattino<\/h2>\n<audio class=\"wp-audio-shortcode\" id=\"audio-415501-4\" preload=\"none\" style=\"width: 100%;\" controls=\"controls\"><source type=\"audio\/mpeg\" src=\"https:\/\/www.radiopiu.net\/wordpress\/wp-content\/uploads\/2024\/10\/GIORNALEDELLESEI-18.mp3?_=4\" \/><a href=\"https:\/\/www.radiopiu.net\/wordpress\/wp-content\/uploads\/2024\/10\/GIORNALEDELLESEI-18.mp3\">https:\/\/www.radiopiu.net\/wordpress\/wp-content\/uploads\/2024\/10\/GIORNALEDELLESEI-18.mp3<\/a><\/audio>\n<p>&nbsp;<\/p>\n<p>&nbsp;<\/p>\n<p>&nbsp;<\/p>\n<hr \/>\n<p>&nbsp;<\/p>\n<h1 style=\"text-align: center;\"><span style=\"color: #ff0000;\">I podcast informativi del mattino &#8211; audio &#8211;\u00a0<\/span><\/h1>\n<p><strong><a class=\"dt-pswp-item\" href=\"https:\/\/www.radiopiu.net\/wordpress\/wp-content\/uploads\/2023\/12\/images.png\" data-dt-img-description=\"\" data-large_image_width=\"316\" data-large_image_height=\"160\"><img loading=\"lazy\" decoding=\"async\" class=\"wp-image-367008 alignleft\" src=\"https:\/\/www.radiopiu.net\/wordpress\/wp-content\/uploads\/2023\/12\/images-300x152.png\" alt=\"\" width=\"235\" height=\"119\" srcset=\"https:\/\/www.radiopiu.net\/wordpress\/wp-content\/uploads\/2023\/12\/images-300x152.png 300w, https:\/\/www.radiopiu.net\/wordpress\/wp-content\/uploads\/2023\/12\/images.png 316w\" sizes=\"auto, (max-width: 235px) 100vw, 235px\" \/><\/a>OGNI GIORNO ALLE SETTE DEL MATTINO, LA RASSEGNA STAMPA LOCALE FLASH&#8230; PER CHI VA IN FRETTA. I TITOLI DAI GIORNALI E DAL SITO WWW.RADIOPIU.NET <span style=\"color: #0000ff;\">viene pubblicato alle 7.00<\/span> <span style=\"color: #ff0000;\">DIRETTA RADIO\u00a0<\/span><\/strong><\/p>\n<p><em><span style=\"color: #ff0000;\">per chi va in fretta&#8230; tante notizie in pochi minuti. L&#8217;informazione locale alla radio, ogni ora dalle 7 del mattino alle 19 della sera.<\/span><\/em><\/p>\n<h1>AUDIO dalle 7 del mattino<\/h1>\n<p>&nbsp;<\/p>\n<audio class=\"wp-audio-shortcode\" id=\"audio-415501-5\" preload=\"none\" style=\"width: 100%;\" controls=\"controls\"><source type=\"audio\/mpeg\" src=\"https:\/\/www.radiopiu.net\/wordpress\/wp-content\/uploads\/2024\/10\/GF07-18.mp3?_=5\" \/><a href=\"https:\/\/www.radiopiu.net\/wordpress\/wp-content\/uploads\/2024\/10\/GF07-18.mp3\">https:\/\/www.radiopiu.net\/wordpress\/wp-content\/uploads\/2024\/10\/GF07-18.mp3<\/a><\/audio>\n<p>&nbsp;<\/p>\n<p>&nbsp;<\/p>\n<p><a class=\"dt-pswp-item\" href=\"https:\/\/www.radiopiu.net\/wordpress\/wp-content\/uploads\/2024\/10\/COOP1-2.png\" data-dt-img-description=\"\" data-large_image_width=\"514\" data-large_image_height=\"360\"><img loading=\"lazy\" decoding=\"async\" class=\"size-medium wp-image-415772 aligncenter\" src=\"https:\/\/www.radiopiu.net\/wordpress\/wp-content\/uploads\/2024\/10\/COOP1-2-300x210.png\" alt=\"\" width=\"300\" height=\"210\" srcset=\"https:\/\/www.radiopiu.net\/wordpress\/wp-content\/uploads\/2024\/10\/COOP1-2-300x210.png 300w, https:\/\/www.radiopiu.net\/wordpress\/wp-content\/uploads\/2024\/10\/COOP1-2.png 514w\" sizes=\"auto, (max-width: 300px) 100vw, 300px\" \/><\/a><\/p>\n<hr \/>\n<p>&nbsp;<\/p>\n<h1><\/h1>\n<h1 style=\"text-align: center;\"><span style=\"color: #ff0000;\"><a class=\"dt-pswp-item\" href=\"https:\/\/www.radiopiu.net\/wordpress\/wp-content\/uploads\/2022\/01\/026c3f9d-dae9-4040-a3c1-a6530231bcc3.jpg\" data-dt-img-description=\"\" data-large_image_width=\"1152\" data-large_image_height=\"2048\"><img loading=\"lazy\" decoding=\"async\" class=\"wp-image-251839 alignleft\" src=\"https:\/\/www.radiopiu.net\/wordpress\/wp-content\/uploads\/2022\/01\/026c3f9d-dae9-4040-a3c1-a6530231bcc3-169x300.jpg\" alt=\"\" width=\"100\" height=\"177\" srcset=\"https:\/\/www.radiopiu.net\/wordpress\/wp-content\/uploads\/2022\/01\/026c3f9d-dae9-4040-a3c1-a6530231bcc3-169x300.jpg 169w, https:\/\/www.radiopiu.net\/wordpress\/wp-content\/uploads\/2022\/01\/026c3f9d-dae9-4040-a3c1-a6530231bcc3-576x1024.jpg 576w, https:\/\/www.radiopiu.net\/wordpress\/wp-content\/uploads\/2022\/01\/026c3f9d-dae9-4040-a3c1-a6530231bcc3-768x1365.jpg 768w, https:\/\/www.radiopiu.net\/wordpress\/wp-content\/uploads\/2022\/01\/026c3f9d-dae9-4040-a3c1-a6530231bcc3-864x1536.jpg 864w, https:\/\/www.radiopiu.net\/wordpress\/wp-content\/uploads\/2022\/01\/026c3f9d-dae9-4040-a3c1-a6530231bcc3.jpg 1152w\" sizes=\"auto, (max-width: 100px) 100vw, 100px\" \/><\/a>I podcast informativi del mattino &#8211; audio &#8211;\u00a0<\/span><\/h1>\n<blockquote><p><strong>GIORNALE RADIO NAZIONALE, EDIZIONE DELLE SETTE <span style=\"color: #0000ff;\">viene pubblicato alle 7.05 <span style=\"color: #ff0000;\">DIRETTA RADIO\u00a0<\/span><\/span><\/strong><\/p><\/blockquote>\n<p><span style=\"color: #0000ff;\"><strong>il giornale radionazionale e&#8217; in onda ogni ora, dalle sette del mattino alle venti della sera\u00a0 \u00a0<\/strong><strong>\u00a0<\/strong><\/span><\/p>\n<p><strong>MILANO<\/strong>\u00a0 I periti: &#8216;Da Impagnatiello nessun senso di colpa&#8217; L&#8217;uomo \u00e8 accusato di aver ucciso la fidanzata incinta con 37 coltellate. La sentenza \u00e8 attesa entro la fine di novembre <strong>POGGIOMARINO<\/strong> (Napoli) Elezioni vinte grazie al clan, arrestati sindaco e vice, appalti per il boss che &#8220;controllava la coalizione&#8221; <strong>PISA<\/strong> Donna scomparsa, s&#8217;indaga per omicidio Fascicolo contro ignoti. Accertamenti sul computer di famiglia\u00a0 <strong>ARRESTATO<\/strong> in Colombia il boss della camorra Gustavo Nocella. \u00c8 considerato il principale collegamento dei clan con i produttori di droga del paese sudamericano <strong>MIGRANTI<\/strong> smantellata una &#8216;agenzia di viaggio&#8217; ramificata tra Ue e Medio Oriente <strong>ROCCARASO<\/strong> Insegu\u00ec e film\u00f2 l&#8217;orsa Bambina, va a processo.La procura lo ha citato in giudizio per maltrattamento di animali\u00a0 <strong>PALERMO<\/strong> La sigaretta elettronica le esplode in bocca, 20enne in ospedale <strong>RAPPORTI<\/strong> Aumentano violenza e maltrattamenti in casa, +2,8% nel 2023<\/p>\n<p><span style=\"color: #ff0000;\">\u00a0<\/span><\/p>\n<p><span style=\"color: #ff0000;\">EDIZIONE DELLE 20, DEL 18 OTTOBRE 2024<\/span><\/p>\n<audio class=\"wp-audio-shortcode\" id=\"audio-415501-6\" preload=\"none\" style=\"width: 100%;\" controls=\"controls\"><source type=\"audio\/mpeg\" src=\"https:\/\/www.radiopiu.net\/wordpress\/wp-content\/uploads\/2024\/10\/giornale07-36.mp3?_=6\" \/><a href=\"https:\/\/www.radiopiu.net\/wordpress\/wp-content\/uploads\/2024\/10\/giornale07-36.mp3\">https:\/\/www.radiopiu.net\/wordpress\/wp-content\/uploads\/2024\/10\/giornale07-36.mp3<\/a><\/audio>\n<p>&nbsp;<\/p>\n<p><span style=\"color: #ff0000;\">EDIZIONE DELLE 19, DEL 18 OTTOBRE 2024, LO SPORT<\/span><\/p>\n<audio class=\"wp-audio-shortcode\" id=\"audio-415501-7\" preload=\"none\" style=\"width: 100%;\" controls=\"controls\"><source type=\"audio\/mpeg\" src=\"https:\/\/www.radiopiu.net\/wordpress\/wp-content\/uploads\/2024\/10\/gr-sport-18.mp3?_=7\" \/><a href=\"https:\/\/www.radiopiu.net\/wordpress\/wp-content\/uploads\/2024\/10\/gr-sport-18.mp3\">https:\/\/www.radiopiu.net\/wordpress\/wp-content\/uploads\/2024\/10\/gr-sport-18.mp3<\/a><\/audio>\n<h2><\/h2>\n<h2>AUDIO dalle sette del mattino, ogni ora alla radio<\/h2>\n<audio class=\"wp-audio-shortcode\" id=\"audio-415501-8\" preload=\"none\" style=\"width: 100%;\" controls=\"controls\"><source type=\"audio\/mpeg\" src=\"https:\/\/www.radiopiu.net\/wordpress\/wp-content\/uploads\/2024\/10\/giornale07-37.mp3?_=8\" \/><a href=\"https:\/\/www.radiopiu.net\/wordpress\/wp-content\/uploads\/2024\/10\/giornale07-37.mp3\">https:\/\/www.radiopiu.net\/wordpress\/wp-content\/uploads\/2024\/10\/giornale07-37.mp3<\/a><\/audio>\n<p>&nbsp;<\/p>\n<p>&nbsp;<\/p>\n<hr \/>\n<p>&nbsp;<\/p>\n<p>&nbsp;<\/p>\n<h1><span style=\"color: #ff0000;\"><a class=\"dt-pswp-item\" href=\"https:\/\/www.radiopiu.net\/wordpress\/wp-content\/uploads\/2024\/09\/GIORNALI.jpg\" data-dt-img-description=\"\" data-large_image_width=\"1280\" data-large_image_height=\"853\"><img loading=\"lazy\" decoding=\"async\" class=\" wp-image-410862 alignleft\" src=\"https:\/\/www.radiopiu.net\/wordpress\/wp-content\/uploads\/2024\/09\/GIORNALI-300x200.jpg\" alt=\"\" width=\"209\" height=\"139\" srcset=\"https:\/\/www.radiopiu.net\/wordpress\/wp-content\/uploads\/2024\/09\/GIORNALI-300x200.jpg 300w, https:\/\/www.radiopiu.net\/wordpress\/wp-content\/uploads\/2024\/09\/GIORNALI-1024x682.jpg 1024w, https:\/\/www.radiopiu.net\/wordpress\/wp-content\/uploads\/2024\/09\/GIORNALI-768x512.jpg 768w, https:\/\/www.radiopiu.net\/wordpress\/wp-content\/uploads\/2024\/09\/GIORNALI.jpg 1280w\" sizes=\"auto, (max-width: 209px) 100vw, 209px\" \/><\/a>I podcast informativi del mattino &#8211; video &#8211;\u00a0<\/span><\/h1>\n<h2 style=\"text-align: left;\"><strong>RASSEGNA STAMPA LOCALE, ORE OTTO 05<\/strong><\/h2>\n<h2><strong> <span style=\"color: #0000ff;\">viene\u00a0 <\/span><\/strong><strong><span style=\"color: #0000ff;\">pubblicata alle 8.05 <span style=\"color: #ff0000;\">DIRETTA RADIO\u00a0 \u00a0<\/span><\/span><\/strong><strong>DI MIRKO MEZZACASA<\/strong><\/h2>\n<h2><span style=\"color: #ff0000;\"><strong>\u00a0<\/strong><\/span><\/h2>\n<h1><span style=\"color: #ff0000;\"><strong>VIDEO\u00a0 \u00a0in diretta dalle 8 del mattino\u00a0 \u00a0<span style=\"color: #0000ff;\"><a style=\"color: #0000ff;\" href=\"https:\/\/www.facebook.com\/watch\/live?ref=watch_permalink&amp;v=563232912839759\"> clicca qui<\/a><\/span><\/strong><\/span><\/h1>\n<p>&nbsp;<\/p>\n<p><a class=\"dt-pswp-item\" href=\"https:\/\/www.radiopiu.net\/wordpress\/wp-content\/uploads\/2024\/10\/COP1-4.png\" data-dt-img-description=\"\" data-large_image_width=\"764\" data-large_image_height=\"446\"><img loading=\"lazy\" decoding=\"async\" class=\"alignnone size-medium wp-image-415774\" src=\"https:\/\/www.radiopiu.net\/wordpress\/wp-content\/uploads\/2024\/10\/COP1-4-300x175.png\" alt=\"\" width=\"300\" height=\"175\" srcset=\"https:\/\/www.radiopiu.net\/wordpress\/wp-content\/uploads\/2024\/10\/COP1-4-300x175.png 300w, https:\/\/www.radiopiu.net\/wordpress\/wp-content\/uploads\/2024\/10\/COP1-4.png 764w\" sizes=\"auto, (max-width: 300px) 100vw, 300px\" \/><\/a><a class=\"dt-pswp-item\" href=\"https:\/\/www.radiopiu.net\/wordpress\/wp-content\/uploads\/2024\/10\/COP2-3.png\" data-dt-img-description=\"\" data-large_image_width=\"557\" data-large_image_height=\"297\"><img loading=\"lazy\" decoding=\"async\" class=\"alignnone wp-image-415773\" src=\"https:\/\/www.radiopiu.net\/wordpress\/wp-content\/uploads\/2024\/10\/COP2-3-300x160.png\" alt=\"\" width=\"323\" height=\"172\" srcset=\"https:\/\/www.radiopiu.net\/wordpress\/wp-content\/uploads\/2024\/10\/COP2-3-300x160.png 300w, https:\/\/www.radiopiu.net\/wordpress\/wp-content\/uploads\/2024\/10\/COP2-3.png 557w\" sizes=\"auto, (max-width: 323px) 100vw, 323px\" \/>\u00a0<\/a><\/p>\n<p>&nbsp;<\/p>\n<p>&nbsp;<\/p>\n<hr \/>\n<p>&nbsp;<\/p>\n<p>&nbsp;<\/p>\n<p><strong><a class=\"dt-pswp-item\" href=\"https:\/\/www.radiopiu.net\/wordpress\/wp-content\/uploads\/2023\/12\/ANTENNA.png\" data-dt-img-description=\"\" data-large_image_width=\"300\" data-large_image_height=\"166\"><img loading=\"lazy\" decoding=\"async\" class=\" wp-image-366306 alignleft\" src=\"https:\/\/www.radiopiu.net\/wordpress\/wp-content\/uploads\/2023\/12\/ANTENNA.png\" alt=\"\" width=\"175\" height=\"97\" \/><\/a>ogni sera alle 19 le anticipazioni alla radio, quello che poi seguirete nel TELEGIORNALE BELLUNESE\u00a0 in onda alle 19.30 sul CANALE 10 del digitale terrestre.\u00a0\u00a0<\/strong><\/p>\n<p>&nbsp;<\/p>\n<p><strong>LE ANTICIPAZIONI DAL TG DI ANTENNA 3, DI\u00a0 TIZIANA BOLOGNANI<\/strong><\/p>\n<audio class=\"wp-audio-shortcode\" id=\"audio-415501-9\" preload=\"none\" style=\"width: 100%;\" controls=\"controls\"><source type=\"audio\/mpeg\" src=\"https:\/\/www.radiopiu.net\/wordpress\/wp-content\/uploads\/2024\/10\/ANTENNA3-13.mp3?_=9\" \/><a href=\"https:\/\/www.radiopiu.net\/wordpress\/wp-content\/uploads\/2024\/10\/ANTENNA3-13.mp3\">https:\/\/www.radiopiu.net\/wordpress\/wp-content\/uploads\/2024\/10\/ANTENNA3-13.mp3<\/a><\/audio>\n<p>&nbsp;<\/p>\n<hr \/>\n<p>&nbsp;<\/p>\n<blockquote>\n<h3>ACQUA NON POTABILE A VALLADA E CANALE D&#8217;AGORDO<\/h3>\n<\/blockquote>\n<p><b>VALLADA <\/b>\u00a0nelle localit\u00e0 Toffol, Sacchet , Celat e Mas e a Canale D&#8217;Agordo nelle localit\u00e0 Capoluogo, Casate, Val e Calcergnan l&#8217;acqua erogata dall&#8217;acquedotto non \u00e8 potabile e pu\u00f2 essere usata per scopi alimentari solo previa bollitura. Per gli abitanti di Canale D&#8217;Agordo verr\u00e0 effettuato servizio sostitutivo con autobotte in piazza Papa Luciani mentre gli utenti di Vallada potranno fornirsi di acqua potabile presso la cisterna situata vicino alla Chiesa di Celat.<\/p>\n<p>&nbsp;<\/p>\n<p>&nbsp;<\/p>\n<hr \/>\n<p>&nbsp;<\/p>\n<div class=\"page-title-head hgroup\">\n<blockquote>\n<h3 class=\"entry-title\">QUANDO LA DISPERAZIONE RAGGIUNGE LIVELLI DI GUARDIA\u2026tra quattro giorni &#8211; salvo sorprese &#8211; la riapertura.<\/h3>\n<\/blockquote>\n<\/div>\n<div class=\"page-title-breadcrumbs\"><strong>FELTRE<\/strong>\u00a0Giornata da incubo, tanto per cambiare,\u00a0 per gli automobilisti diretti a Feltre. Il traffico si \u00e8 bloccato nelle famigerate curve della Piovena, causando lunghe code e ritardi. Molti i conducenti disperati, rimasti imbottigliati senza vie di fuga alternative e che da tempo aspettano risposte dalle autorit\u00e0 competenti.<\/div>\n<p>&nbsp;<\/p>\n<div class=\"page-title-head hgroup\">\n<blockquote>\n<h3 class=\"entry-title\"><a class=\"dt-pswp-item\" href=\"https:\/\/www.radiopiu.net\/wordpress\/wp-content\/uploads\/2024\/10\/e9194383-a049-4f32-8d75-c0870b60ba3e.jpg\" data-dt-img-description=\"\" data-large_image_width=\"1280\" data-large_image_height=\"1280\"><img loading=\"lazy\" decoding=\"async\" class=\"size-medium wp-image-415683 aligncenter\" src=\"https:\/\/www.radiopiu.net\/wordpress\/wp-content\/uploads\/2024\/10\/e9194383-a049-4f32-8d75-c0870b60ba3e-300x300.jpg\" alt=\"\" width=\"300\" height=\"300\" srcset=\"https:\/\/www.radiopiu.net\/wordpress\/wp-content\/uploads\/2024\/10\/e9194383-a049-4f32-8d75-c0870b60ba3e-300x300.jpg 300w, https:\/\/www.radiopiu.net\/wordpress\/wp-content\/uploads\/2024\/10\/e9194383-a049-4f32-8d75-c0870b60ba3e-1024x1024.jpg 1024w, https:\/\/www.radiopiu.net\/wordpress\/wp-content\/uploads\/2024\/10\/e9194383-a049-4f32-8d75-c0870b60ba3e-150x150.jpg 150w, https:\/\/www.radiopiu.net\/wordpress\/wp-content\/uploads\/2024\/10\/e9194383-a049-4f32-8d75-c0870b60ba3e-768x768.jpg 768w, https:\/\/www.radiopiu.net\/wordpress\/wp-content\/uploads\/2024\/10\/e9194383-a049-4f32-8d75-c0870b60ba3e.jpg 1280w\" sizes=\"auto, (max-width: 300px) 100vw, 300px\" \/><\/a><\/h3>\n<\/blockquote>\n<\/div>\n<div class=\"page-title-head hgroup\"><\/div>\n<p>&nbsp;<\/p>\n<hr \/>\n<p>&nbsp;<\/p>\n<blockquote>\n<h3>ARRESTATO A FELTRE UN 64ENNE PER DETENZIONE DI OLTRE UN CHILO DI MARIJUANA<\/h3>\n<\/blockquote>\n<p><strong><a class=\"dt-pswp-item\" href=\"https:\/\/www.radiopiu.net\/wordpress\/wp-content\/uploads\/2024\/10\/Questura-di-Belluno-Immagine-Comunicato-Stampa-Arresto-S.M.-21.10.2024-scaled.jpg\" data-dt-img-description=\"\" data-large_image_width=\"2560\" data-large_image_height=\"1930\"><img loading=\"lazy\" decoding=\"async\" class=\" wp-image-415613 alignleft\" src=\"https:\/\/www.radiopiu.net\/wordpress\/wp-content\/uploads\/2024\/10\/Questura-di-Belluno-Immagine-Comunicato-Stampa-Arresto-S.M.-21.10.2024-300x226.jpg\" alt=\"\" width=\"169\" height=\"127\" srcset=\"https:\/\/www.radiopiu.net\/wordpress\/wp-content\/uploads\/2024\/10\/Questura-di-Belluno-Immagine-Comunicato-Stampa-Arresto-S.M.-21.10.2024-300x226.jpg 300w, https:\/\/www.radiopiu.net\/wordpress\/wp-content\/uploads\/2024\/10\/Questura-di-Belluno-Immagine-Comunicato-Stampa-Arresto-S.M.-21.10.2024-1024x772.jpg 1024w, https:\/\/www.radiopiu.net\/wordpress\/wp-content\/uploads\/2024\/10\/Questura-di-Belluno-Immagine-Comunicato-Stampa-Arresto-S.M.-21.10.2024-768x579.jpg 768w, https:\/\/www.radiopiu.net\/wordpress\/wp-content\/uploads\/2024\/10\/Questura-di-Belluno-Immagine-Comunicato-Stampa-Arresto-S.M.-21.10.2024-1536x1158.jpg 1536w, https:\/\/www.radiopiu.net\/wordpress\/wp-content\/uploads\/2024\/10\/Questura-di-Belluno-Immagine-Comunicato-Stampa-Arresto-S.M.-21.10.2024-2048x1544.jpg 2048w\" sizes=\"auto, (max-width: 169px) 100vw, 169px\" \/><\/a>FELTRE<\/strong> A Feltre, un uomo di 64 anni \u00e8 stato arrestato dalla Squadra Mobile della Questura di Belluno per detenzione di stupefacenti a fini di spaccio. Gli agenti, dopo un&#8217;operazione di osservazione, hanno effettuato una perquisizione nella sua abitazione, trovando 1350 grammi di marijuana nascosti in varie scatole e sacchetti. Durante l&#8217;operazione, sono stati rinvenuti anche un bilancino elettronico e materiale per il confezionamento, a conferma dell&#8217;attivit\u00e0 di spaccio. L&#8217;uomo \u00e8 stato arrestato in flagranza e posto agli arresti domiciliari. Il GIP ha convalidato l&#8217;arresto, imponendo l&#8217;obbligo di presentarsi quotidianamente alla polizia.<\/p>\n<p>&nbsp;<\/p>\n<p>&nbsp;<\/p>\n<hr \/>\n<h3><\/h3>\n<p>&nbsp;<\/p>\n<blockquote>\n<h3>MALORE IN CADORE, MUORE UNA DONNA DI 71 ANNI<\/h3>\n<\/blockquote>\n<h3><img loading=\"lazy\" decoding=\"async\" class=\"alignleft\" src=\"https:\/\/www.radiopiu.net\/wordpress\/wp-content\/uploads\/2024\/03\/salt-croce-verde-val-biois-2.jpg\" width=\"164\" height=\"123\" \/><\/h3>\n<p><strong>REDAZIONE Ieri alle 16.52 a Calalzo di Cadore l&#8217;intervento dell&#8217;elicottero in soccorso di una donna di 71 anni di Calalzo (malore) deceduta in serata al San Martino di Belluno<\/strong><\/p>\n<p>Ieri interventi, dal feltrino all&#8217;Alto Agordino. A <strong>ROCCA PIETORE<\/strong> alle 10 il primo intervento per un malore, una donna di 47 anni del luogo \u00e8 stata soccorsa dai volontari ambulanza e dall&#8217;elicottero Falco la ha trasportato la donna, in codice 2-media gravit\u00e0, al San Martino.<\/p>\n<p>Prima delle 11 secondo intervento a <strong>PEDAVENA<\/strong>, nell&#8217;incidente stradale ferito (codice 2)\u00a0 il centauro, 69enne di Treviso, trasportato in ambulanza a Feltre.<\/p>\n<p>Alle 12 40 intervento a <strong>BORGOVALBELLUNA<\/strong> la chiamata per un malore, soccorsa una donna di 70 anni trasferita al San Martino di Belluno in condizioni gravi (codice3).<\/p>\n<p>Nel pomeriggio alle 14.30 Falco di nuovo in volo verso <strong>Miane<\/strong>\u00a0per soccorrere un anziano di 80 anni, caduto accidentalmente e trasportato d&#8217;urgenza al C\u00e0 Foncello di Treviso. Infine<\/p>\n<p>&nbsp;<\/p>\n<hr \/>\n<p>&nbsp;<\/p>\n<blockquote>\n<h3>Santa Giustina saluta Giacinto Dalla Mora, storico imprenditore del Bar Giaci<\/h3>\n<\/blockquote>\n<p><strong><img decoding=\"async\" class=\"alignleft\" src=\"https:\/\/www.radiopiu.net\/wordpress\/wp-content\/uploads\/2024\/10\/ciagi.png\" \/>SANTA GIUSTINA<\/strong>\u00a0 Giacinto Dalla Mora, fondatore del Bar Giaci a Santa Giustina, \u00e8 scomparso a 82 anni. Giaci era una vera istituzione in Valbelluna, noto per la sua visione imprenditoriale lungimirante, che trasform\u00f2 il suo locale in un punto di riferimento per il servizio di cocktail bar. Il bar, gestito oggi dalla figlia Elena e dal marito Fabrizio, vanta una storia di oltre 55 anni. Giacinto lasci\u00f2 un segno profondo nella comunit\u00e0 grazie al suo impegno e alla capacit\u00e0 di innovare. La sua scomparsa rappresenta una grande perdita per Santa Giustina, che lo ricorda come amico e innovatore.<\/p>\n<p>&nbsp;<\/p>\n<p>&nbsp;<\/p>\n<hr \/>\n<p>&nbsp;<\/p>\n<div class=\"group\/conversation-turn relative flex w-full min-w-0 flex-col agent-turn\">\n<div class=\"flex-col gap-1 md:gap-3\">\n<div class=\"flex max-w-full flex-col flex-grow\">\n<div class=\"min-h-8 text-message flex w-full flex-col items-end gap-2 whitespace-normal break-words [.text-message+&amp;]:mt-5\" dir=\"auto\" data-message-author-role=\"assistant\" data-message-id=\"e90dc34f-1002-4ecb-9062-3a7064923951\" data-message-model-slug=\"gpt-4o\">\n<div class=\"flex w-full flex-col gap-1 empty:hidden first:pt-[3px]\">\n<div class=\"markdown prose w-full break-words dark:prose-invert dark\">\n<blockquote><p><strong><a class=\"dt-pswp-item\" href=\"https:\/\/www.radiopiu.net\/wordpress\/wp-content\/uploads\/2024\/10\/Senza-nome-94.png\" data-dt-img-description=\"\" data-large_image_width=\"276\" data-large_image_height=\"281\"><img loading=\"lazy\" decoding=\"async\" class=\"wp-image-415757 alignleft\" src=\"https:\/\/www.radiopiu.net\/wordpress\/wp-content\/uploads\/2024\/10\/Senza-nome-94.png\" alt=\"\" width=\"137\" height=\"139\" \/><\/a>Addio ad Anna Bagordo, storica imprenditrice<\/strong><\/p><\/blockquote>\n<p><strong>NOALE<\/strong> \u2013 Si \u00e8 spenta venerd\u00ec a Noale, a 77 anni, Anna Bagordo, storica imprenditrice nel settore turistico. Con il marito Sergio Fascina ha gestito per oltre quarant&#8217;anni alberghi a Lignano Sabbiadoro, Caorle e Falcade. Molto attiva in parrocchia, lascia il marito e tre figli.<\/p>\n<\/div>\n<\/div>\n<\/div>\n<\/div>\n<\/div>\n<\/div>\n<p>&nbsp;<\/p>\n<p>&nbsp;<\/p>\n<p>&nbsp;<\/p>\n<hr \/>\n<p>&nbsp;<\/p>\n<blockquote>\n<h2>Nasce Servizi Integrati Bellunesi: operativa dal 1\u00b0 gennaio 2025<\/h2>\n<\/blockquote>\n<blockquote><p><em>Dal 1\u00b0 gennaio 2025 sar\u00e0 attiva Servizi Integrati Bellunesi, la nuova societ\u00e0 nata dalla fusione tra Bim Belluno Infrastrutture e Bim Gsp. Gestir\u00e0 il servizio idrico, 36 centraline idroelettriche, e reti GPL in alcuni comuni. L\u2019obiettivo \u00e8 promuovere l\u2019autonomia energetica e migliorare l&#8217;efficienza dei servizi. Con un patrimonio netto di 117 milioni di euro, la societ\u00e0 sar\u00e0 solida e pronta a sviluppare infrastrutture idriche ed energetiche, generando significativi benefici economici e ambientali per il territorio bellunese.<\/em><\/p><\/blockquote>\n<p>&nbsp;<\/p>\n<p><a class=\"dt-pswp-item\" href=\"https:\/\/www.radiopiu.net\/wordpress\/wp-content\/uploads\/2024\/10\/2_firma-di-Sommavilla-del-verbale-di-approvazione-del-progetto-di-fusione-.legati.jpg\" data-dt-img-description=\"\" data-large_image_width=\"1134\" data-large_image_height=\"638\"><img loading=\"lazy\" decoding=\"async\" class=\"size-medium wp-image-415689 alignleft\" src=\"https:\/\/www.radiopiu.net\/wordpress\/wp-content\/uploads\/2024\/10\/2_firma-di-Sommavilla-del-verbale-di-approvazione-del-progetto-di-fusione-.legati-300x169.jpg\" alt=\"\" width=\"300\" height=\"169\" srcset=\"https:\/\/www.radiopiu.net\/wordpress\/wp-content\/uploads\/2024\/10\/2_firma-di-Sommavilla-del-verbale-di-approvazione-del-progetto-di-fusione-.legati-300x169.jpg 300w, https:\/\/www.radiopiu.net\/wordpress\/wp-content\/uploads\/2024\/10\/2_firma-di-Sommavilla-del-verbale-di-approvazione-del-progetto-di-fusione-.legati-1024x576.jpg 1024w, https:\/\/www.radiopiu.net\/wordpress\/wp-content\/uploads\/2024\/10\/2_firma-di-Sommavilla-del-verbale-di-approvazione-del-progetto-di-fusione-.legati-768x432.jpg 768w, https:\/\/www.radiopiu.net\/wordpress\/wp-content\/uploads\/2024\/10\/2_firma-di-Sommavilla-del-verbale-di-approvazione-del-progetto-di-fusione-.legati.jpg 1134w\" sizes=\"auto, (max-width: 300px) 100vw, 300px\" \/><\/a>Si chiamer\u00e0 Servizi Integrati Bellunesi e sar\u00e0 operativa dal 1\u00b0 gennaio 2025 la nuova societ\u00e0 che nascer\u00e0 dalla fusione per incorporazione di Bim Belluno Infrastrutture in Bim Gsp e si occuper\u00e0 di servizio idrico integrato ed energia. I soci delle due societ\u00e0, infatti, questo pomeriggio, riuniti nella Sala Conferenze di Villa Carpenada alla presenza del notaio Stefano Stivanello, hanno approvato all\u2019unanimit\u00e0 il progetto di fusione e deliberato le linee guida per la redazione del futuro piano industriale.<\/p>\n<p>&nbsp;<\/p>\n<p><strong>per le TRE RADIO Barbara Paolazzi<\/strong><\/p>\n<audio class=\"wp-audio-shortcode\" id=\"audio-415501-10\" preload=\"none\" style=\"width: 100%;\" controls=\"controls\"><source type=\"audio\/mpeg\" src=\"https:\/\/www.radiopiu.net\/wordpress\/wp-content\/uploads\/2024\/10\/barbara-gsp-bim-1.mp3?_=10\" \/><a href=\"https:\/\/www.radiopiu.net\/wordpress\/wp-content\/uploads\/2024\/10\/barbara-gsp-bim-1.mp3\">https:\/\/www.radiopiu.net\/wordpress\/wp-content\/uploads\/2024\/10\/barbara-gsp-bim-1.mp3<\/a><\/audio>\n<p>&nbsp;<\/p>\n<div class=\"flex-shrink-0 flex flex-col relative items-end\">\n<div>\n<div class=\"pt-0\">\n<div class=\"gizmo-bot-avatar flex h-8 w-8 items-center justify-center overflow-hidden rounded-full\">\n<div class=\"relative p-1 rounded-sm flex items-center justify-center bg-token-main-surface-primary text-token-text-primary h-8 w-8\"><\/div>\n<\/div>\n<\/div>\n<\/div>\n<\/div>\n<div class=\"group\/conversation-turn relative flex w-full min-w-0 flex-col agent-turn\">\n<div class=\"flex-col gap-1 md:gap-3\">\n<div class=\"flex max-w-full flex-col flex-grow\">\n<div class=\"min-h-8 text-message flex w-full flex-col items-end gap-2 whitespace-normal break-words [.text-message+&amp;]:mt-5\" dir=\"auto\" data-message-author-role=\"assistant\" data-message-id=\"c0756ace-67c1-433c-a9c7-5229179f4e0f\" data-message-model-slug=\"gpt-4o\">\n<div class=\"flex w-full flex-col gap-1 empty:hidden first:pt-[3px]\">\n<div class=\"markdown prose w-full break-words dark:prose-invert dark\">\n<blockquote><p><strong><a class=\"dt-pswp-item\" href=\"https:\/\/www.radiopiu.net\/wordpress\/wp-content\/uploads\/2024\/06\/SindacoBelluno_OscarDePellegrin.jpg\" data-dt-img-description=\"\" data-large_image_width=\"2000\" data-large_image_height=\"1333\"><img loading=\"lazy\" decoding=\"async\" class=\"wp-image-396758 alignleft\" src=\"https:\/\/www.radiopiu.net\/wordpress\/wp-content\/uploads\/2024\/06\/SindacoBelluno_OscarDePellegrin-300x200.jpg\" alt=\"\" width=\"185\" height=\"123\" \/><\/a>Nasce Servizi Integrati Bellunesi Spa: un progetto per rafforzare il territorio<\/strong><\/p><\/blockquote>\n<p><strong>BELLUNO<\/strong> Il 1\u00b0 gennaio 2025 prender\u00e0 vita Servizi Integrati Bellunesi Spa, nata dalla fusione di Bim Gsp e Bim Infrastrutture Spa. Questo progetto, promosso dai sindaci della provincia di Belluno, punta a creare una societ\u00e0 pi\u00f9 forte, capace di offrire maggiori servizi e rispondere alle esigenze del territorio. L&#8217;obiettivo \u00e8 una migliore gestione delle risorse, con l&#8217;unificazione dei consigli di amministrazione e nuovi investimenti mirati per il Bellunese. Il sindaco Oscar De Pellegrin ha sottolineato l&#8217;importanza di questa iniziativa, frutto di una visione condivisa per il bene comune della provincia.<\/p>\n<\/div>\n<\/div>\n<\/div>\n<\/div>\n<\/div>\n<\/div>\n<p>&nbsp;<\/p>\n<hr \/>\n<p>&nbsp;<\/p>\n<blockquote>\n<h3>SCUOLA SICURA VENETO: MERCOLEDI&#8217; ALL&#8217;ISTITUTO FOLLADOR DI AGORDO<\/h3>\n<\/blockquote>\n<p><strong><a class=\"dt-pswp-item\" href=\"https:\/\/www.radiopiu.net\/wordpress\/wp-content\/uploads\/2024\/09\/FOLLADOR.jpg\" data-dt-img-description=\"\" data-large_image_width=\"1280\" data-large_image_height=\"720\"><img loading=\"lazy\" decoding=\"async\" class=\" wp-image-411383 alignleft\" src=\"https:\/\/www.radiopiu.net\/wordpress\/wp-content\/uploads\/2024\/09\/FOLLADOR-300x169.jpg\" alt=\"\" width=\"225\" height=\"127\" srcset=\"https:\/\/www.radiopiu.net\/wordpress\/wp-content\/uploads\/2024\/09\/FOLLADOR-300x169.jpg 300w, https:\/\/www.radiopiu.net\/wordpress\/wp-content\/uploads\/2024\/09\/FOLLADOR-1024x576.jpg 1024w, https:\/\/www.radiopiu.net\/wordpress\/wp-content\/uploads\/2024\/09\/FOLLADOR-768x432.jpg 768w, https:\/\/www.radiopiu.net\/wordpress\/wp-content\/uploads\/2024\/09\/FOLLADOR.jpg 1280w\" sizes=\"auto, (max-width: 225px) 100vw, 225px\" \/><\/a>VENEZIA<\/strong> Dopo l\u2019esordio al Liceo Montale di San Don\u00e0 di Piave, il progetto \u201cScuola Sicura Veneto\u201d prosegue il 23 ottobre ad Agordo, presso l\u2019ISS \u201cFollador\u201d, con una simulazione di terremoto. L\u2019Assessore regionale alla Protezione Civile, Gianpaolo Bottacin, sar\u00e0 presente per gli interventi di saluto alle 11.30. La giornata inizier\u00e0 con una prova di evacuazione che coinvolger\u00e0 gli studenti nelle fasi di allerta, evacuazione e soccorso. Sar\u00e0 anche simulato l\u2019atterraggio di un elicottero del Suem 118 e della Protezione Civile. Al termine, gli studenti riceveranno un volumetto con regole e informazioni sui rischi. L\u2019iniziativa mira a promuovere la cultura della sicurezza e a stimolare l\u2019interesse verso il volontariato nella Protezione Civile. Maggiori dettagli sono disponibili sul sito <a target=\"_new\" rel=\"noopener\">www.scuolasicuraveneto.it<\/a>.<\/p>\n<p>&nbsp;<\/p>\n<hr \/>\n<p>&nbsp;<\/p>\n<blockquote>\n<h2><img loading=\"lazy\" decoding=\"async\" class=\"alignleft\" src=\"https:\/\/www.radiopiu.net\/wordpress\/wp-content\/uploads\/2024\/10\/36a3d945-922a-494d-b998-795a30da37c8.jpg\" width=\"366\" height=\"165\" \/>Il Consiglio delle Autonomie Locali riprende l\u2019attivit\u00e0: eletti De Peron, dal Borgo e Tosi ai vertici<\/h2>\n<\/blockquote>\n<p><strong>VENEZIA<\/strong> presso Palazzo Ferro Fini, si \u00e8 riunito il Consiglio delle Autonomie Locali (CAL), riprendendo la piena operativit\u00e0. Durante l&#8217;assemblea sono stati eletti il nuovo Presidente Enrico De Peron, il Vicepresidente Gianluca dal Borgo e il Segretario Eddi Tosi. La consigliera regionale Silvia Cestaro ha sottolineato l\u2019importanza del CAL come strumento di dialogo tra Regione e enti locali, in vista della Legge di Bilancio e delle future sfide della legislatura. Ha espresso soddisfazione per la nomina del sindaco Dal Borgo, rappresentante della sua provincia, ribadendo l&#8217;impegno della maggioranza nel supportare gli amministratori locali e garantire una collaborazione efficace per tutelare gli interessi dei cittadini veneti.<\/p>\n<p>&nbsp;<\/p>\n<p><strong>SILVIA CESTARO, AUDIO<\/strong><\/p>\n<audio class=\"wp-audio-shortcode\" id=\"audio-415501-11\" preload=\"none\" style=\"width: 100%;\" controls=\"controls\"><source type=\"audio\/mpeg\" src=\"https:\/\/www.radiopiu.net\/wordpress\/wp-content\/uploads\/2024\/10\/SILVIA-CESTARO.mp3?_=11\" \/><a href=\"https:\/\/www.radiopiu.net\/wordpress\/wp-content\/uploads\/2024\/10\/SILVIA-CESTARO.mp3\">https:\/\/www.radiopiu.net\/wordpress\/wp-content\/uploads\/2024\/10\/SILVIA-CESTARO.mp3<\/a><\/audio>\n<p>&nbsp;<\/p>\n<p>&nbsp;<\/p>\n<hr \/>\n<p>&nbsp;<\/p>\n<blockquote>\n<h3>CORMORANO E MARMORATA, DIFFICILE CONVIVENZA<\/h3>\n<\/blockquote>\n<p><strong><a class=\"dt-pswp-item\" href=\"https:\/\/www.radiopiu.net\/wordpress\/wp-content\/uploads\/2023\/06\/TROTA.png\" data-dt-img-description=\"\" data-large_image_width=\"774\" data-large_image_height=\"551\"><img loading=\"lazy\" decoding=\"async\" class=\" wp-image-340215 alignleft\" src=\"https:\/\/www.radiopiu.net\/wordpress\/wp-content\/uploads\/2023\/06\/TROTA-300x214.png\" alt=\"\" width=\"151\" height=\"108\" srcset=\"https:\/\/www.radiopiu.net\/wordpress\/wp-content\/uploads\/2023\/06\/TROTA-300x214.png 300w, https:\/\/www.radiopiu.net\/wordpress\/wp-content\/uploads\/2023\/06\/TROTA-768x547.png 768w, https:\/\/www.radiopiu.net\/wordpress\/wp-content\/uploads\/2023\/06\/TROTA.png 774w\" sizes=\"auto, (max-width: 151px) 100vw, 151px\" \/><\/a>BELLUNO<\/strong> Due specie entrambe protette, messe in discussione l\u2019una dall\u2019altra. Ovvero cormorano e marmorata, la trota autoctona del Bellunese. Il tema \u00e8 quello dell\u2019incidenza degli animali ittiofagi, che mettono in difficolt\u00e0 la sopravvivenza della marmorata nei corsi d\u2019acqua dell\u2019asta del Piave. Tema affrontato nell\u2019ultimo incontro &#8211; qualche giorno fa &#8211; tra la vice presidente della Provincia di Belluno, Silvia Calligaro, delegata a caccia e pesca, e i Bacini di Pesca del basso Bellunese. Erano presenti i Bacini 5 (Agordo), 7 (Alpago), 9 (Piave-Cordevole), 10 (Acque Feltrine), 11 (Cismon-Fiorello) e 12 (Lago del Corlo).<\/p>\n<p>&nbsp;<\/p>\n<p><strong>SILVIA CALLIGARO, VICEPRESIDENTE DELLA PROVINCIA<\/strong><\/p>\n<audio class=\"wp-audio-shortcode\" id=\"audio-415501-12\" preload=\"none\" style=\"width: 100%;\" controls=\"controls\"><source type=\"audio\/mpeg\" src=\"https:\/\/www.radiopiu.net\/wordpress\/wp-content\/uploads\/2024\/10\/Calligaro.mp3?_=12\" \/><a href=\"https:\/\/www.radiopiu.net\/wordpress\/wp-content\/uploads\/2024\/10\/Calligaro.mp3\">https:\/\/www.radiopiu.net\/wordpress\/wp-content\/uploads\/2024\/10\/Calligaro.mp3<\/a><\/audio>\n<p>&nbsp;<\/p>\n<p>&nbsp;<\/p>\n<hr \/>\n<p>&nbsp;<\/p>\n<blockquote>\n<h2>GAZEBO DELLA LEGA. De Bernardin &#8220;AUTONOMIA E FEDERALISMO&#8221;<\/h2>\n<\/blockquote>\n<p><strong><img loading=\"lazy\" decoding=\"async\" class=\"alignleft\" src=\"https:\/\/www.radiopiu.net\/wordpress\/wp-content\/uploads\/2024\/08\/ANDREA-DE-BERNARDIN.jpeg\" width=\"166\" height=\"108\" \/>BELLUNO<\/strong> Il segretario provinciale della Lega Nord, Andrea De Bernardin, anticipa i prossimi appuntamenti in piazza. Ai gazebo della Lega Nord saranno presentati, trattati e commentati i grandi tempi nazionali. &#8220;Ma anche per spingere il tesseramento&#8221;, confessa De Bernardin<\/p>\n<p>&nbsp;<\/p>\n<p>&nbsp;<\/p>\n<p><strong>audio<\/strong><\/p>\n<audio class=\"wp-audio-shortcode\" id=\"audio-415501-13\" preload=\"none\" style=\"width: 100%;\" controls=\"controls\"><source type=\"audio\/wav\" src=\"https:\/\/www.radiopiu.net\/wordpress\/wp-content\/uploads\/2024\/10\/de-bernardin.wav?_=13\" \/><a href=\"https:\/\/www.radiopiu.net\/wordpress\/wp-content\/uploads\/2024\/10\/de-bernardin.wav\">https:\/\/www.radiopiu.net\/wordpress\/wp-content\/uploads\/2024\/10\/de-bernardin.wav<\/a><\/audio>\n<p>&nbsp;<\/p>\n<p>&nbsp;<\/p>\n<hr \/>\n<p>&nbsp;<\/p>\n<p><strong>LA GIUDIZIARIA OGGI<\/strong><br \/>\n<strong>DAL CORRIERE DELLE ALPI<\/strong><br \/>\n<strong>SINTESI &#8211; GIGI SOSSO<\/strong><\/p>\n<p>&nbsp;<\/p>\n<blockquote><p><strong>Belluno: donna allontanata per maltrattamenti al marito<\/strong><\/p><\/blockquote>\n<p><strong>BELLUNO<\/strong> Una donna di Belluno \u00e8 indagata per maltrattamenti e lesioni nei confronti del marito. La Procura ha aperto un&#8217;inchiesta, attualmente in fase preliminare, e il giudice ha ordinato l\u2019allontanamento della donna dalla casa coniugale e il divieto di avvicinamento. Gli abusi, sia fisici che psicologici, sarebbero avvenuti in pubblico e in privato, con episodi di violenza documentati da certificati medici. La donna sar\u00e0 interrogata per fornire la propria versione. Se violasse le misure restrittive, rischierebbe l\u2019inasprimento delle sanzioni fino al carcere.<\/p>\n<p>&nbsp;<\/p>\n<blockquote><p><strong>Processo per atti persecutori: marito nega accuse<\/strong><\/p><\/blockquote>\n<p><strong>VALBELLUNA<\/strong> L&#8217;uomo, accusato di atti persecutori e diffamazione, ha dichiarato in tribunale di non aver mai diffuso informazioni sull&#8217;infedelt\u00e0 della moglie. Ha ammesso di aver pronunciato minacce verso i suoceri in un momento di sfogo, ma ha negato ogni intenzione violenta. Durante l&#8217;udienza, ha ribadito di dire la verit\u00e0, pur non essendo obbligato a giurare. Due amici dell&#8217;imputato sono stati ascoltati come testimoni, escludendo una relazione extraconiugale con lui. Il processo riprender\u00e0 il 17 febbraio per la discussione finale<\/p>\n<div class=\"mb-2 flex gap-3 empty:hidden -ml-2\">\n<div class=\"items-center justify-start rounded-xl p-1 flex\">\n<div class=\"flex items-center\">\n<div class=\"flex items-center pb-0\"><\/div>\n<\/div>\n<\/div>\n<\/div>\n<div class=\"mb-2 flex gap-3 empty:hidden -ml-2\">\n<div class=\"items-center justify-start rounded-xl p-1 flex\">\n<div class=\"flex items-center\">\n<div class=\"flex items-center pb-0\">\n<blockquote><p><strong>Truffa e diffamazione: chiesti tre anni\u00a0<\/strong><\/p><\/blockquote>\n<p><strong>BELLUNO<\/strong> T.D.P. rischia tre anni di carcere per sostituzione di persona, truffa e diffamazione. Accusata di aver ingannato amici in difficolt\u00e0 fingendo di essere procuratrice del Tribunale dei Minori o funzionaria della Prefettura, ha truffato 2.860 euro e diffamato l\u2019avvocato Giorgio Gasperin. La difesa chiede l&#8217;assoluzione, mentre la parte civile richiede un simbolico risarcimento di un euro. Sentenza attesa.<\/p>\n<p>&nbsp;<\/p>\n<blockquote><p><strong>Processo per violenza riparte da zero: imputato ancora in carcere<\/strong><\/p><\/blockquote>\n<p><strong>FELTRE <\/strong>Il processo contro A.H., accusato di atti persecutori, violenza sessuale, maltrattamenti in famiglia e tentata estorsione, \u00e8 ripartito a Belluno dopo un cambio nel collegio giudicante. L&#8217;ex moglie, vittima presunta, \u00e8 stata nuovamente ascoltata a porte chiuse. L&#8217;imputato, ancora in carcere, ha richiesto gli arresti domiciliari. Il procedimento \u00e8 stato rinviato al 6 novembre, dopo l\u2019udienza in cui sei testimoni della difesa dovevano essere ascoltati.<\/p>\n<div class=\"mb-2 flex gap-3 empty:hidden -ml-2\">\n<div class=\"items-center justify-start rounded-xl p-1 flex\">\n<div class=\"flex items-center\">\n<div class=\"flex items-center pb-0\"><\/div>\n<div><\/div>\n<div>\n<hr \/>\n<\/div>\n<div>\n<blockquote>\n<h3 class=\"_title post-title entry-title\"><a class=\"dt-pswp-item\" href=\"https:\/\/www.radiopiu.net\/wordpress\/wp-content\/uploads\/2023\/12\/ANTENNA.png\" data-dt-img-description=\"\" data-large_image_width=\"300\" data-large_image_height=\"166\"><img loading=\"lazy\" decoding=\"async\" class=\"wp-image-366306 alignleft\" src=\"https:\/\/www.radiopiu.net\/wordpress\/wp-content\/uploads\/2023\/12\/ANTENNA.png\" alt=\"\" width=\"148\" height=\"82\" \/><\/a>BELLUNO | VIOLENZA DOMESTICA, IL QUESTORE FIRMA IL DECIMO AMMONIMENTO DA INIZIO 2024<\/h3>\n<\/blockquote>\n<\/div>\n<h3>Intervistati FRANCESCO ZERILLI (QUESTORE DI BELLUNO) (Servizio di\u00a0<a href=\"https:\/\/antennatre.medianordest.it\/redazione\/Tiziana-Bolognani\/\">Tiziana Bolognani<\/a>)<\/h3>\n<div>\n<p><iframe loading=\"lazy\" title=\"VIOLENZA DOMESTICA, IL QUESTORE FIRMA IL DECIMO AMMONIMENTO DA INIZIO 2024 | 21\/10\/2024\" width=\"1200\" height=\"675\" src=\"https:\/\/www.youtube.com\/embed\/NGcyJtmOqqs?feature=oembed\" frameborder=\"0\" allow=\"accelerometer; autoplay; clipboard-write; encrypted-media; gyroscope; picture-in-picture; web-share\" referrerpolicy=\"strict-origin-when-cross-origin\" allowfullscreen><\/iframe><\/p>\n<\/div>\n<div><\/div>\n<div>\n<hr \/>\n<\/div>\n<div><\/div>\n<blockquote>\n<h2>Cavallo vagabondo ritrovato a Limana, si cerca il proprietario<\/h2>\n<\/blockquote>\n<div><img loading=\"lazy\" decoding=\"async\" class=\"alignleft\" src=\"https:\/\/www.radiopiu.net\/wordpress\/wp-content\/uploads\/2024\/10\/Senza-nome-93.png\" width=\"158\" height=\"183\" \/><strong>LIMANA<\/strong> \u2013 Nella notte tra domenica e luned\u00ec, un cavallo allo stato brado \u00e8 stato avvistato nella zona di Cros, a Limana. L\u2019animale, sellato al momento del ritrovamento, \u00e8 stato preso in custodia dai Servizi veterinari, che confermano il suo buono stato di salute. Attualmente \u00e8 messo in sicurezza all\u2019interno di un recinto e viene nutrito regolarmente. Si cerca il proprietario. Chiunque abbia informazioni \u00e8 invitato a contattare i Servizi sanitari al numero 0437 516901. Il cavallo potrebbe appartenere a qualcuno della zona o essersi allontanato durante una cavalcata.<\/div>\n<div><\/div>\n<\/div>\n<\/div>\n<\/div>\n<\/div>\n<div><\/div>\n<div><\/div>\n<div><\/div>\n<div>\n<hr \/>\n<\/div>\n<div><\/div>\n<blockquote>\n<h3>Viviana Pongan, studentessa da record: sei lauree e una passione per lo studio<\/h3>\n<\/blockquote>\n<div>\n<p><strong><img loading=\"lazy\" decoding=\"async\" class=\"alignleft\" src=\"https:\/\/www.radiopiu.net\/wordpress\/wp-content\/uploads\/2024\/10\/Senza-nome-95.png\" width=\"202\" height=\"143\" \/>MOGLIANO &#8211; GOSALDO\u00a0<\/strong> Viviana Pongan, 66 anni, originaria di Gosaldo e residente a Mogliano, ha raggiunto un traguardo straordinario: cinque lauree magistrali e una triennale. Dopo il diploma in Ragioneria, si \u00e8 iscritta a Ca&#8217; Foscari a 54 anni, realizzando il sogno di studiare Conservazione e Gestione dei Beni Culturali. Ha poi proseguito con altre discipline come Antropologia Culturale e Filologia. Per Viviana, lo studio \u00e8 stato un rifugio nei momenti difficili della vita, e grazie al sostegno del Settore Inclusione, \u00e8 riuscita a proseguire anche in condizioni di salute delicate. \u00abLa cultura \u00e8 l&#8217;unica vera forma di legittima difesa\u00bb, afferma, e non esclude una settima laurea in Scienze Sociali.<\/p>\n<p>&nbsp;<\/p>\n<p>&nbsp;<\/p>\n<hr \/>\n<p>&nbsp;<\/p>\n<blockquote><p><em>copertina dedicata agli studenti del &#8220;Follador&#8221; di Agordo. I futuri periti minerari in Sardegna, ad Iglesias.\u00a0 al 2\u00b0 Meeting Nazionale delle Scuole Minerarie d\u2019Italia, incentrato sul tema \u201cLa scuola, le aziende e la Ricerca\u201d. Gli studenti, in questi giorni, hanno potuto conoscere la storia mineraria di Iglesias e del suo territorio, potendola confrontare con quanto accaduto nella vallata agordina con particolare riferimento al ruolo economico e sociale che ebbe il sito di Valle Imperina.\u00a0\u00a0<\/em><\/p><\/blockquote>\n<p>&nbsp;<\/p>\n<p><img decoding=\"async\" src=\"https:\/\/www.radiopiu.net\/wordpress\/wp-content\/uploads\/2024\/10\/464054283_2732172940276273_4879271666123094592_n.jpg\" \/><\/p>\n<p>&nbsp;<\/p>\n<p>&nbsp;<\/p>\n<p>&nbsp;<\/p>\n<hr \/>\n<p>&nbsp;<\/p>\n<p>&nbsp;<\/p>\n<blockquote>\n<h2>Fabrizio Pescosta ospite a &#8220;I Fatti Vostri&#8221; su Rai 2<\/h2>\n<\/blockquote>\n<p><strong><img loading=\"lazy\" decoding=\"async\" class=\"alignleft\" src=\"https:\/\/www.radiopiu.net\/wordpress\/wp-content\/uploads\/2024\/05\/FABRIZIO-PESCOSTA.jpg\" width=\"226\" height=\"124\" \/>FALCADE<\/strong> Il cuoco contadino di Falcade, Fabrizio Pescosta, sar\u00e0 ospite oggi a &#8220;I Fatti Vostri&#8221; su Rai 2, insieme ad Anna Falchi, per presentare una ricetta tipica delle Dolomiti. Titolare della Piccola Baita e ambasciatore della cucina di montagna per Coldiretti Belluno, Pescosta proporr\u00e0 spiedini al formaggio di malga con polenta e pesto di radicchio rosso. Chiara Bortolas, presidente di Coldiretti Belluno, elogia la squadra bellunese per il loro talento culinario radicato nella tradizione rurale.<\/p>\n<p>&nbsp;<\/p>\n<p>&nbsp;<\/p>\n<\/div>\n<\/div>\n<div class=\"flex items-center\">\n<div><\/div>\n<\/div>\n<\/div>\n<\/div>\n<hr \/>\n<p>&nbsp;<\/p>\n<blockquote>\n<h3>DOLOMITI BUS: ORARI AGGIORNATI<\/h3>\n<\/blockquote>\n<p><strong><a class=\"dt-pswp-item\" href=\"https:\/\/www.radiopiu.net\/wordpress\/wp-content\/uploads\/2024\/10\/DolomitiBus.jpg\" data-dt-img-description=\"\" data-large_image_width=\"2500\" data-large_image_height=\"1668\"><img loading=\"lazy\" decoding=\"async\" class=\" wp-image-415594 alignleft\" src=\"https:\/\/www.radiopiu.net\/wordpress\/wp-content\/uploads\/2024\/10\/DolomitiBus-300x200.jpg\" alt=\"\" width=\"209\" height=\"139\" srcset=\"https:\/\/www.radiopiu.net\/wordpress\/wp-content\/uploads\/2024\/10\/DolomitiBus-300x200.jpg 300w, https:\/\/www.radiopiu.net\/wordpress\/wp-content\/uploads\/2024\/10\/DolomitiBus-1024x683.jpg 1024w, https:\/\/www.radiopiu.net\/wordpress\/wp-content\/uploads\/2024\/10\/DolomitiBus-768x512.jpg 768w, https:\/\/www.radiopiu.net\/wordpress\/wp-content\/uploads\/2024\/10\/DolomitiBus-1536x1025.jpg 1536w, https:\/\/www.radiopiu.net\/wordpress\/wp-content\/uploads\/2024\/10\/DolomitiBus-2048x1366.jpg 2048w\" sizes=\"auto, (max-width: 209px) 100vw, 209px\" \/><\/a>BELLUNO<\/strong> Dolomiti Bus ha introdotto nuovi aggiornamenti agli orari per soddisfare le esigenze di studenti, lavoratori e turisti. Le modifiche, concordate con l&#8217;Ente di Governo, puntano a rendere il servizio di trasporto pubblico pi\u00f9 efficiente e flessibile. Nel Feltrino, \u00e8 stata reintrodotta la corsa Lamon-Arina delle 14:00 per agevolare gli studenti, e aggiunta una corsa Feltre-Servo alle 12:00 il sabato.<\/p>\n<p>Nell&#8217;Agordino, \u00e8 stata creata una nuova corsa Caprile-Pescul a met\u00e0 mattina e posticipate le partenze verso Falcade e Caprile. Il Comelico ha visto potenziamenti con migliori collegamenti tra Calalzo e Sappada, e orari ottimizzati per Santo Stefano. Inoltre, i servizi scolastici di Mier, Vellai e Mussoi sono stati migliorati. A novembre, con la riapertura della statale 50, verranno ripristinati gli orari pre-lavori.<\/p>\n<p>&nbsp;<\/p>\n<p>&nbsp;<\/p>\n<hr \/>\n<p>&nbsp;<\/p>\n<blockquote>\n<h2>Riqualificazione del Polisportivo di Belluno: lavori in corso<\/h2>\n<\/blockquote>\n<p><strong>BELLUNO<\/strong><\/p>\n<div class=\"flex max-w-full flex-col flex-grow\">\n<div class=\"min-h-8 text-message flex w-full flex-col items-end gap-2 whitespace-normal break-words [.text-message+&amp;]:mt-5\" dir=\"auto\" data-message-author-role=\"assistant\" data-message-id=\"bd5ae765-e826-4df6-bed5-3e9d13345917\" data-message-model-slug=\"gpt-4o\">\n<div class=\"flex w-full flex-col gap-1 empty:hidden first:pt-[3px]\">\n<div class=\"markdown prose w-full break-words dark:prose-invert dark\">\n<p><a class=\"dt-pswp-item\" href=\"https:\/\/www.radiopiu.net\/wordpress\/wp-content\/uploads\/2024\/10\/01cc0ed4-42a1-4d4e-b2c7-b846d7c07e1a-scaled.jpg\" data-dt-img-description=\"\" data-large_image_width=\"2560\" data-large_image_height=\"1920\"><img loading=\"lazy\" decoding=\"async\" class=\" wp-image-415647 alignleft\" src=\"https:\/\/www.radiopiu.net\/wordpress\/wp-content\/uploads\/2024\/10\/01cc0ed4-42a1-4d4e-b2c7-b846d7c07e1a-300x225.jpg\" alt=\"\" width=\"228\" height=\"171\" srcset=\"https:\/\/www.radiopiu.net\/wordpress\/wp-content\/uploads\/2024\/10\/01cc0ed4-42a1-4d4e-b2c7-b846d7c07e1a-300x225.jpg 300w, https:\/\/www.radiopiu.net\/wordpress\/wp-content\/uploads\/2024\/10\/01cc0ed4-42a1-4d4e-b2c7-b846d7c07e1a-1024x768.jpg 1024w, https:\/\/www.radiopiu.net\/wordpress\/wp-content\/uploads\/2024\/10\/01cc0ed4-42a1-4d4e-b2c7-b846d7c07e1a-768x576.jpg 768w, https:\/\/www.radiopiu.net\/wordpress\/wp-content\/uploads\/2024\/10\/01cc0ed4-42a1-4d4e-b2c7-b846d7c07e1a-1536x1152.jpg 1536w, https:\/\/www.radiopiu.net\/wordpress\/wp-content\/uploads\/2024\/10\/01cc0ed4-42a1-4d4e-b2c7-b846d7c07e1a-2048x1536.jpg 2048w\" sizes=\"auto, (max-width: 228px) 100vw, 228px\" \/><\/a>Sono iniziati i lavori di riqualificazione del <strong>Polisportivo di Belluno<\/strong> e del <strong>Piazzale Resistenza<\/strong>, con un investimento di circa 10 milioni di euro, finanziato dai fondi PNRR e dal Fondo Opere Indifferibili. La demolizione della tribuna e la riorganizzazione dell&#8217;area sono in corso, con il cantiere che occuper\u00e0 30 posti auto fino alla fine del 2025. L&#8217;obiettivo, secondo l\u2019assessore ai lavori pubblici <strong>Franco Roccon<\/strong>, \u00e8 completare i lavori entro un anno.<\/p>\n<p>&nbsp;<\/p>\n<p>&nbsp;<\/p>\n<p>&nbsp;<\/p>\n<p><strong>DI DANIELE DALVIT<\/strong><\/p>\n<audio class=\"wp-audio-shortcode\" id=\"audio-415501-14\" preload=\"none\" style=\"width: 100%;\" controls=\"controls\"><source type=\"audio\/mpeg\" src=\"https:\/\/www.radiopiu.net\/wordpress\/wp-content\/uploads\/2024\/10\/Servizio-Avvio-cantiere-stadio-Belluno.mp3?_=14\" \/><a href=\"https:\/\/www.radiopiu.net\/wordpress\/wp-content\/uploads\/2024\/10\/Servizio-Avvio-cantiere-stadio-Belluno.mp3\">https:\/\/www.radiopiu.net\/wordpress\/wp-content\/uploads\/2024\/10\/Servizio-Avvio-cantiere-stadio-Belluno.mp3<\/a><\/audio>\n<p>&nbsp;<\/p>\n<hr \/>\n<p>&nbsp;<\/p>\n<p>&nbsp;<\/p>\n<blockquote>\n<h2>ASSESSORE&#8230;. &#8220;A DOMANDA PER CORTESIA RISPONDA&#8230;&#8221;<\/h2>\n<\/blockquote>\n<\/div>\n<\/div>\n<\/div>\n<\/div>\n<p>&nbsp;<\/p>\n<blockquote><p><strong><a class=\"dt-pswp-item\" href=\"https:\/\/www.radiopiu.net\/wordpress\/wp-content\/uploads\/2022\/11\/roccon.png\" data-dt-img-description=\"\" data-large_image_width=\"431\" data-large_image_height=\"406\"><img loading=\"lazy\" decoding=\"async\" class=\"wp-image-305687 alignleft\" src=\"https:\/\/www.radiopiu.net\/wordpress\/wp-content\/uploads\/2022\/11\/roccon-300x283.png\" alt=\"\" width=\"105\" height=\"99\" srcset=\"https:\/\/www.radiopiu.net\/wordpress\/wp-content\/uploads\/2022\/11\/roccon-300x283.png 300w, https:\/\/www.radiopiu.net\/wordpress\/wp-content\/uploads\/2022\/11\/roccon.png 431w\" sizes=\"auto, (max-width: 105px) 100vw, 105px\" \/><\/a>Lavori per la ciclopedonale di Levego: avvio imminente<\/strong><\/p><\/blockquote>\n<p><strong>BELLUNO<\/strong><\/p>\n<div class=\"flex max-w-full flex-col flex-grow\">\n<div class=\"min-h-8 text-message flex w-full flex-col items-end gap-2 whitespace-normal break-words [.text-message+&amp;]:mt-5\" dir=\"auto\" data-message-author-role=\"assistant\" data-message-id=\"b6628c60-911c-4a72-b680-5c2444ecb42a\" data-message-model-slug=\"gpt-4o\">\n<div class=\"flex w-full flex-col gap-1 empty:hidden first:pt-[3px]\">\n<div class=\"markdown prose w-full break-words dark:prose-invert dark\">\n<p>L\u2019assessore ai lavori pubblici <strong>Franco Roccon<\/strong> ha risposto all\u2019interrogazione della consigliera Lucia Olivotto, annunciando che a breve verr\u00e0 sottoscritto l&#8217;Accordo con la Provincia per la realizzazione della ciclopedonale di Levego, in via Meassa. Il progetto esecutivo \u00e8 in fase di validazione e, una volta approvato dalla Giunta, partir\u00e0 l&#8217;iter per l&#8217;affidamento dei lavori, che dovranno essere completati in 108 giorni. I fondi provinciali di 380 mila euro verranno destinati alla messa in sicurezza del tratto, in seguito alla richiesta di finanziamento PNRR.<\/p>\n<\/div>\n<\/div>\n<\/div>\n<\/div>\n<div class=\"flex\"><\/div>\n<div><\/div>\n<div><\/div>\n<div class=\"flex items-center pb-0\">\n<blockquote><p><strong><a class=\"dt-pswp-item\" href=\"https:\/\/www.radiopiu.net\/wordpress\/wp-content\/uploads\/2024\/10\/Senza-nome-90-e1729518959988.png\" data-dt-img-description=\"\" data-large_image_width=\"242\" data-large_image_height=\"273\"><img loading=\"lazy\" decoding=\"async\" class=\"wp-image-415659 alignleft\" src=\"https:\/\/www.radiopiu.net\/wordpress\/wp-content\/uploads\/2024\/10\/Senza-nome-90-e1729518959988.png\" alt=\"\" width=\"121\" height=\"137\" \/><\/a>Natale 2024 a Belluno: eventi e luminarie in tutto il centro<\/strong><\/p><\/blockquote>\n<p>L&#8217;assessore al turismo Paolo Luciani ha risposto alle interrogazioni sui festeggiamenti natalizi, confermando il coinvolgimento del Consorzio Belluno Centro Storico e di Confcommercio Belluno nel progetto. Le luminarie e le attivit\u00e0 di animazione si estenderanno in tutte le vie del centro, non solo in piazza dei Martiri, assicurando cos\u00ec la partecipazione anche delle attivit\u00e0 commerciali nelle aree limitrofe. L&#8217;organizzazione \u00e8 affidata alla ditta Belluno Viva S.r.l., che ha ricevuto un contributo comunale di 50.000 euro annui per il triennio 2024-2026, tramite bando pubblico.<\/p>\n<p>&nbsp;<\/p>\n<\/div>\n<p>&nbsp;<\/p>\n<hr \/>\n<p>&nbsp;<\/p>\n<blockquote>\n<h3><strong>Volontari bellunesi in azione per l&#8217;Emilia alluvionata<\/strong><\/h3>\n<\/blockquote>\n<div class=\"flex max-w-full flex-col flex-grow\">\n<div class=\"min-h-8 text-message flex w-full flex-col items-end gap-2 whitespace-normal break-words [.text-message+&amp;]:mt-5\" dir=\"auto\" data-message-author-role=\"assistant\" data-message-id=\"1bd03983-def0-49f9-8d46-dc2c525af4c3\" data-message-model-slug=\"gpt-4o\">\n<div class=\"flex w-full flex-col gap-1 empty:hidden first:pt-[3px]\">\n<div class=\"markdown prose w-full break-words dark:prose-invert dark\">\n<p><strong>BELLUNO<\/strong> La Provincia di Belluno ha inviato tre squadre di Protezione Civile per supportare le popolazioni colpite dal maltempo in Emilia. Le squadre opereranno a Bologna, portando solidariet\u00e0 e attrezzature come motopompe, torri faro e generatori elettrici. Partiti da Belluno:\u00a0 Ana Belluno (con 3 volontari),\u00a0 Monte Peron (con 4 uomini) e\u00a0 Aib Sospirolo (con altri 3 uomini).<\/p>\n<\/div>\n<\/div>\n<\/div>\n<\/div>\n<div class=\"mb-2 flex gap-3 empty:hidden -ml-2\">\n<div class=\"items-center justify-start rounded-xl p-1 flex\">\n<div class=\"flex items-center\">\n<div class=\"flex items-center pb-0\"><strong>\u00a0<\/strong><\/div>\n<div><\/div>\n<div class=\"flex items-center pb-0\"><strong><a class=\"dt-pswp-item\" href=\"https:\/\/www.radiopiu.net\/wordpress\/wp-content\/uploads\/2024\/10\/Alluvione-in-Emilia-Romagna_-le-cause-2.jpg\" data-dt-img-description=\"\" data-large_image_width=\"1280\" data-large_image_height=\"720\"><img loading=\"lazy\" decoding=\"async\" class=\"size-medium wp-image-415525 alignleft\" src=\"https:\/\/www.radiopiu.net\/wordpress\/wp-content\/uploads\/2024\/10\/Alluvione-in-Emilia-Romagna_-le-cause-2-300x169.jpg\" alt=\"\" width=\"300\" height=\"169\" srcset=\"https:\/\/www.radiopiu.net\/wordpress\/wp-content\/uploads\/2024\/10\/Alluvione-in-Emilia-Romagna_-le-cause-2-300x169.jpg 300w, https:\/\/www.radiopiu.net\/wordpress\/wp-content\/uploads\/2024\/10\/Alluvione-in-Emilia-Romagna_-le-cause-2-1024x576.jpg 1024w, https:\/\/www.radiopiu.net\/wordpress\/wp-content\/uploads\/2024\/10\/Alluvione-in-Emilia-Romagna_-le-cause-2-768x432.jpg 768w, https:\/\/www.radiopiu.net\/wordpress\/wp-content\/uploads\/2024\/10\/Alluvione-in-Emilia-Romagna_-le-cause-2.jpg 1280w\" sizes=\"auto, (max-width: 300px) 100vw, 300px\" \/><\/a>L&#8217;ASSESSORE GIANPAOLO BOTTACIN<\/strong><\/div>\n<div><em>A seguito dell&#8217;attivazione da parte della Commissione di Protezione Civile della CMR del Veneto per il supporto al Comune Budrio (BO) ieri pomeriggio una squadra di scouting formata da due funzionari e da due volontari si \u00e8 recata in sopralluogo. In considerazione della presenza di altre due Colonne mobili (VVF e Lazio) e del numero limitato di interventi necessari, la nostra destinazione \u00e8 stata modificata assegnandoci al Comune di Bologna. Alle 12:00 sono pervenuti i 58 ulteriori volontari con 18 mezzi che hanno iniziato ad operare in via Costa, via Zoccoli e via Brizio per la pulizia dei fabbricati e delle vie allagati. L&#8217;impiego delle pompe da acqua \u00e8 abbastanza limitato, mentre sono maggiormente richieste le attrezzature per l&#8217;allontanamento del fango. A tale scopo stiamo attivando ulteriori 12 volontari (4 da Belluno, 6 da Venezia, 2 da Padova) con 3 camion, 3 minipale, un miniescavatore, una pompa da fango, una spazzatrice e un modulo aib. L&#8217;attuale assetto \u00e8 previsto che rientri il 24 ottobre, ma allo stato attuale non \u00e8 ancora chiara la tempistica per il completamento degli interventi. La sala operativa regionale opera costantemente per il supporto organizzativo ed il coordinamento della CMR.\u00a0<\/em><\/div>\n<div><\/div>\n<\/div>\n<\/div>\n<\/div>\n<p>&nbsp;<\/p>\n<hr \/>\n<p>&nbsp;<\/p>\n<blockquote>\n<h2>Grande successo per la 28^ edizione di &#8220;Oltre le Vette&#8221; a Belluno<\/h2>\n<\/blockquote>\n<p><strong>BELLUNO<\/strong><\/p>\n<div class=\"flex max-w-full flex-col flex-grow\">\n<div class=\"min-h-8 text-message flex w-full flex-col items-end gap-2 whitespace-normal break-words [.text-message+&amp;]:mt-5\" dir=\"auto\" data-message-author-role=\"assistant\" data-message-id=\"9a1c02a1-a3db-46f4-b0b4-f58d7ae72db5\" data-message-model-slug=\"gpt-4o\">\n<div class=\"flex w-full flex-col gap-1 empty:hidden first:pt-[3px]\">\n<div class=\"markdown prose w-full break-words dark:prose-invert dark\">\n<p>La 28^ edizione del festival <strong>&#8220;Oltre le Vette &#8211; Metafore, uomini, luoghi della montagna&#8221;<\/strong> ha visto una partecipazione entusiasta, con oltre 6.000 presenze. Dal 5 al 15 ottobre, Belluno ha ospitato 50 eventi in 15 location, affrontando molteplici temi legati alla cultura della montagna. L&#8217;assessore alla Cultura, Raffaele Addamiano, ha espresso orgoglio per il forte legame tra la citt\u00e0 e il festival. Le mostre proseguiranno fino a novembre, tra cui <strong>&#8220;Lo sguardo di Vittorio Sella&#8221;<\/strong> e <strong>&#8220;Come i pesci rossi&#8221;<\/strong>. Importante anche il coinvolgimento della comunit\u00e0, con laboratori creativi, escursioni e incontri che hanno stimolato la riflessione sul futuro dei territori montani.<\/p>\n<\/div>\n<\/div>\n<\/div>\n<\/div>\n<p><a class=\"dt-pswp-item\" href=\"https:\/\/www.radiopiu.net\/wordpress\/wp-content\/uploads\/2024\/10\/olvbembo.jpg\" data-dt-img-description=\"\" data-large_image_width=\"1620\" data-large_image_height=\"911\"><img loading=\"lazy\" decoding=\"async\" class=\"alignnone size-medium wp-image-415640\" src=\"https:\/\/www.radiopiu.net\/wordpress\/wp-content\/uploads\/2024\/10\/olvbembo-300x169.jpg\" alt=\"\" width=\"300\" height=\"169\" srcset=\"https:\/\/www.radiopiu.net\/wordpress\/wp-content\/uploads\/2024\/10\/olvbembo-300x169.jpg 300w, https:\/\/www.radiopiu.net\/wordpress\/wp-content\/uploads\/2024\/10\/olvbembo-1024x576.jpg 1024w, https:\/\/www.radiopiu.net\/wordpress\/wp-content\/uploads\/2024\/10\/olvbembo-768x432.jpg 768w, https:\/\/www.radiopiu.net\/wordpress\/wp-content\/uploads\/2024\/10\/olvbembo-1536x864.jpg 1536w, https:\/\/www.radiopiu.net\/wordpress\/wp-content\/uploads\/2024\/10\/olvbembo.jpg 1620w\" sizes=\"auto, (max-width: 300px) 100vw, 300px\" \/><\/a><a class=\"dt-pswp-item\" href=\"https:\/\/www.radiopiu.net\/wordpress\/wp-content\/uploads\/2024\/10\/olvpubblico.jpg\" data-dt-img-description=\"\" data-large_image_width=\"390\" data-large_image_height=\"219\"><img loading=\"lazy\" decoding=\"async\" class=\"alignnone size-medium wp-image-415641\" src=\"https:\/\/www.radiopiu.net\/wordpress\/wp-content\/uploads\/2024\/10\/olvpubblico-300x168.jpg\" alt=\"\" width=\"300\" height=\"168\" srcset=\"https:\/\/www.radiopiu.net\/wordpress\/wp-content\/uploads\/2024\/10\/olvpubblico-300x168.jpg 300w, https:\/\/www.radiopiu.net\/wordpress\/wp-content\/uploads\/2024\/10\/olvpubblico.jpg 390w\" sizes=\"auto, (max-width: 300px) 100vw, 300px\" \/><\/a><a class=\"dt-pswp-item\" href=\"https:\/\/www.radiopiu.net\/wordpress\/wp-content\/uploads\/2024\/10\/olvpiazza.jpg\" data-dt-img-description=\"\" data-large_image_width=\"1620\" data-large_image_height=\"911\"><img loading=\"lazy\" decoding=\"async\" class=\"alignnone size-medium wp-image-415642\" src=\"https:\/\/www.radiopiu.net\/wordpress\/wp-content\/uploads\/2024\/10\/olvpiazza-300x169.jpg\" alt=\"\" width=\"300\" height=\"169\" srcset=\"https:\/\/www.radiopiu.net\/wordpress\/wp-content\/uploads\/2024\/10\/olvpiazza-300x169.jpg 300w, https:\/\/www.radiopiu.net\/wordpress\/wp-content\/uploads\/2024\/10\/olvpiazza-1024x576.jpg 1024w, https:\/\/www.radiopiu.net\/wordpress\/wp-content\/uploads\/2024\/10\/olvpiazza-768x432.jpg 768w, https:\/\/www.radiopiu.net\/wordpress\/wp-content\/uploads\/2024\/10\/olvpiazza-1536x864.jpg 1536w, https:\/\/www.radiopiu.net\/wordpress\/wp-content\/uploads\/2024\/10\/olvpiazza.jpg 1620w\" sizes=\"auto, (max-width: 300px) 100vw, 300px\" \/><\/a><a class=\"dt-pswp-item\" href=\"https:\/\/www.radiopiu.net\/wordpress\/wp-content\/uploads\/2024\/10\/olvfinale.jpg\" data-dt-img-description=\"\" data-large_image_width=\"1620\" data-large_image_height=\"911\"><img loading=\"lazy\" decoding=\"async\" class=\"alignnone size-medium wp-image-415643\" src=\"https:\/\/www.radiopiu.net\/wordpress\/wp-content\/uploads\/2024\/10\/olvfinale-300x169.jpg\" alt=\"\" width=\"300\" height=\"169\" srcset=\"https:\/\/www.radiopiu.net\/wordpress\/wp-content\/uploads\/2024\/10\/olvfinale-300x169.jpg 300w, https:\/\/www.radiopiu.net\/wordpress\/wp-content\/uploads\/2024\/10\/olvfinale-1024x576.jpg 1024w, https:\/\/www.radiopiu.net\/wordpress\/wp-content\/uploads\/2024\/10\/olvfinale-768x432.jpg 768w, https:\/\/www.radiopiu.net\/wordpress\/wp-content\/uploads\/2024\/10\/olvfinale-1536x864.jpg 1536w, https:\/\/www.radiopiu.net\/wordpress\/wp-content\/uploads\/2024\/10\/olvfinale.jpg 1620w\" sizes=\"auto, (max-width: 300px) 100vw, 300px\" \/><\/a><\/p>\n<p>&nbsp;<\/p>\n<p>&nbsp;<\/p>\n<hr \/>\n<p>&nbsp;<\/p>\n<blockquote>\n<h2>I pensionati della CGIL di Belluno in mobilitazione a Padova il 29 ottobre<\/h2>\n<\/blockquote>\n<p><strong><img loading=\"lazy\" decoding=\"async\" class=\"alignleft\" src=\"https:\/\/www.radiopiu.net\/wordpress\/wp-content\/uploads\/2020\/03\/spi-1.jpg\" width=\"199\" height=\"111\" \/>BELLUNO<\/strong><\/p>\n<div class=\"flex max-w-full flex-col flex-grow\">\n<div class=\"min-h-8 text-message flex w-full flex-col items-end gap-2 whitespace-normal break-words [.text-message+&amp;]:mt-5\" dir=\"auto\" data-message-author-role=\"assistant\" data-message-id=\"a2001687-f777-41eb-887c-6093eb2052df\" data-message-model-slug=\"gpt-4o\">\n<div class=\"flex w-full flex-col gap-1 empty:hidden first:pt-[3px]\">\n<div class=\"markdown prose w-full break-words dark:prose-invert dark\">\n<p>I pensionati della CGIL di Belluno scenderanno in piazza a Padova il 29 ottobre per rivendicare il diritto a una piena rivalutazione delle pensioni, duramente colpite dall&#8217;inflazione. Chiedono la tutela del potere d\u2019acquisto, una riforma fiscale equa, e l\u2019ampliamento della quattordicesima mensilit\u00e0. Inoltre, sollecitano finanziamenti adeguati per la sanit\u00e0 pubblica e la legge sulla non autosufficienza. Critici verso l&#8217;Autonomia differenziata, temono che questa misura possa indebolire l\u2019economia e l\u2019istruzione. <span data-contrast=\"auto\">I pullman organizzati dallo SPI di Belluno partono da Feltre piazza Parmeggiani alle 7.15. raccolgono a Belluno zona stadio\u00a0 ore 8.00 e a Cadola ore 8.15.\u00a0<\/span><span data-contrast=\"auto\">Info e prenotazione al 3406551229 e 3409700369<\/span><\/p>\n<\/div>\n<\/div>\n<\/div>\n<\/div>\n<p>&nbsp;<\/p>\n<hr \/>\n<p>&nbsp;<\/p>\n<p>&nbsp;<\/p>\n<blockquote><p><strong><a class=\"dt-pswp-item\" href=\"https:\/\/www.radiopiu.net\/wordpress\/wp-content\/uploads\/2024\/10\/MedResDSC07221-Enhanced-NR.jpg\" data-dt-img-description=\"\" data-large_image_width=\"2100\" data-large_image_height=\"1400\"><img loading=\"lazy\" decoding=\"async\" class=\"size-medium wp-image-415747 alignleft\" src=\"https:\/\/www.radiopiu.net\/wordpress\/wp-content\/uploads\/2024\/10\/MedResDSC07221-Enhanced-NR-300x200.jpg\" alt=\"\" width=\"300\" height=\"200\" srcset=\"https:\/\/www.radiopiu.net\/wordpress\/wp-content\/uploads\/2024\/10\/MedResDSC07221-Enhanced-NR-300x200.jpg 300w, https:\/\/www.radiopiu.net\/wordpress\/wp-content\/uploads\/2024\/10\/MedResDSC07221-Enhanced-NR-1024x683.jpg 1024w, https:\/\/www.radiopiu.net\/wordpress\/wp-content\/uploads\/2024\/10\/MedResDSC07221-Enhanced-NR-768x512.jpg 768w, https:\/\/www.radiopiu.net\/wordpress\/wp-content\/uploads\/2024\/10\/MedResDSC07221-Enhanced-NR-1536x1024.jpg 1536w, https:\/\/www.radiopiu.net\/wordpress\/wp-content\/uploads\/2024\/10\/MedResDSC07221-Enhanced-NR-2048x1365.jpg 2048w\" sizes=\"auto, (max-width: 300px) 100vw, 300px\" \/><\/a>Si \u00e8 conclusa la seconda parte del progetto &#8220;Affresco&#8221;, gemellaggio tra Belluno e Bend (USA)<\/strong><\/p><\/blockquote>\n<p>&nbsp;<\/p>\n<div class=\"flex max-w-full flex-col flex-grow\">\n<div class=\"min-h-8 text-message flex w-full flex-col items-end gap-2 whitespace-normal break-words [.text-message+&amp;]:mt-5\" dir=\"auto\" data-message-author-role=\"assistant\" data-message-id=\"1cf71eea-4d1c-4582-8fa3-8f7c660bf652\" data-message-model-slug=\"gpt-4o\">\n<div class=\"flex w-full flex-col gap-1 empty:hidden first:pt-[3px]\">\n<div class=\"markdown prose w-full break-words dark:prose-invert dark\">\n<p><strong>BELLUNO<\/strong> Il Rotary Club di Belluno ha concluso la seconda fase del progetto &#8220;Affresco&#8221;, con la realizzazione di un&#8217;opera negli Stati Uniti che celebra il gemellaggio tra le citt\u00e0 di Belluno e Bend. Studentesse dell\u2019Istituto Catullo di Belluno e del Central Oregon Community College hanno collaborato sotto la guida della maestra affrescante Manuela Prestileo. L&#8217;affresco, simbolo del legame tra le due comunit\u00e0, \u00e8 stato presentato al COCC di Bend. Il progetto ha rafforzato l\u2019amicizia tra le citt\u00e0 e ha suscitato grande interesse locale.<\/p>\n<\/div>\n<\/div>\n<\/div>\n<\/div>\n<div class=\"mb-2 flex gap-3 empty:hidden -ml-2\">\n<div class=\"items-center justify-start rounded-xl p-1 flex\">\n<div class=\"flex items-center\">\n<div class=\"flex items-center pb-0\"><\/div>\n<\/div>\n<\/div>\n<\/div>\n<p>&nbsp;<\/p>\n<hr \/>\n<p>&nbsp;<\/p>\n<blockquote>\n<h3>PROPOSTE D&#8217;AUTUNNO CON LA PRO LOCO DI CAVIOLA. LA PRIMA USCITA CON SILVANO SAVIO<\/h3>\n<\/blockquote>\n<p><strong>FALCADE <\/strong>Sono iniziati sabato gli appuntamenti con la Pro Loco di Caviola dal titolo &#8220;Proposte D&#8217;Autunno&#8221;. Prima uscita con Silvano Savio che ha accompagnato nei boschi tanti partecipanti. I prossimi appuntamenti includono: un incontro con Mauro Valt alla Casa della Giovent\u00f9 di Caviola il 6 novembre alle 20, e una serata osservando le stelle con &#8220;Cieli Dolomitici&#8221; il 9 novembre alle 20:30. Inoltre, il 10 novembre si svolger\u00e0 una castagnata con gli Alpini in occasione di San Martino, e il 22 novembre ci sar\u00e0 la chiusura con Roberto Sorama\u00e8 e il suo evento &#8220;Sete d\u2019Africa&#8221; alla Casa della Giovent\u00f9. Per informazioni: 349 1945861.<\/p>\n<p><strong>LE FOTO DELL&#8217;ESCURSIONE CON SILVANO SAVIO (PAGINA FACEBOOK: PROLOCO CAVIOLA)<\/strong><\/p>\n\n\t\t\t<style type='text\/css'>\n\t\t\t\t#gallery-1 {\n\t\t\t\t\tmargin: auto;\n\t\t\t\t}\n\t\t\t\t#gallery-1 .gallery-item {\n\t\t\t\t\tfloat: left;\n\t\t\t\t\tmargin-top: 10px;\n\t\t\t\t\ttext-align: center;\n\t\t\t\t\twidth: 20%;\n\t\t\t\t}\n\t\t\t\t#gallery-1 img {\n\t\t\t\t\tborder: 2px solid #cfcfcf;\n\t\t\t\t}\n\t\t\t\t#gallery-1 .gallery-caption {\n\t\t\t\t\tmargin-left: 0;\n\t\t\t\t}\n\t\t\t\t\/* see gallery_shortcode() in wp-includes\/media.php *\/\n\t\t\t<\/style>\n\t\t<div id='gallery-1' class='dt-gallery-container gallery galleryid-415501 gallery-columns-5 gallery-size-thumbnail'><dl class='gallery-item'>\n\t\t\t\t<dt class='gallery-icon landscape'>\n\t\t\t\t\t<a class=\"rollover rollover-zoom dt-pswp-item\" title=\"463943715_1046814493910404_6028720292403497432_n\" data-dt-img-description=\"\" data-large_image_width=\"600\" data-large_image_height=\"450\"href='https:\/\/www.radiopiu.net\/wordpress\/wp-content\/uploads\/2024\/10\/463943715_1046814493910404_6028720292403497432_n.jpg'><img loading=\"lazy\" decoding=\"async\" width=\"150\" height=\"150\" src=\"https:\/\/www.radiopiu.net\/wordpress\/wp-content\/uploads\/2024\/10\/463943715_1046814493910404_6028720292403497432_n-150x150.jpg\" class=\"attachment-thumbnail size-thumbnail\" alt=\"\" \/><\/a>\n\t\t\t\t<\/dt><\/dl><dl class='gallery-item'>\n\t\t\t\t<dt class='gallery-icon portrait'>\n\t\t\t\t\t<a class=\"rollover rollover-zoom dt-pswp-item\" title=\"463911524_1046814607243726_7379067337871789465_n\" data-dt-img-description=\"\" data-large_image_width=\"450\" data-large_image_height=\"600\"href='https:\/\/www.radiopiu.net\/wordpress\/wp-content\/uploads\/2024\/10\/463911524_1046814607243726_7379067337871789465_n.jpg'><img loading=\"lazy\" decoding=\"async\" width=\"150\" height=\"150\" src=\"https:\/\/www.radiopiu.net\/wordpress\/wp-content\/uploads\/2024\/10\/463911524_1046814607243726_7379067337871789465_n-150x150.jpg\" class=\"attachment-thumbnail size-thumbnail\" alt=\"\" \/><\/a>\n\t\t\t\t<\/dt><\/dl><dl class='gallery-item'>\n\t\t\t\t<dt class='gallery-icon landscape'>\n\t\t\t\t\t<a class=\"rollover rollover-zoom dt-pswp-item\" title=\"464031461_1046814670577053_1882769568963695339_n\" data-dt-img-description=\"\" data-large_image_width=\"600\" data-large_image_height=\"450\"href='https:\/\/www.radiopiu.net\/wordpress\/wp-content\/uploads\/2024\/10\/464031461_1046814670577053_1882769568963695339_n.jpg'><img loading=\"lazy\" decoding=\"async\" width=\"150\" height=\"150\" src=\"https:\/\/www.radiopiu.net\/wordpress\/wp-content\/uploads\/2024\/10\/464031461_1046814670577053_1882769568963695339_n-150x150.jpg\" class=\"attachment-thumbnail size-thumbnail\" alt=\"\" \/><\/a>\n\t\t\t\t<\/dt><\/dl><dl class='gallery-item'>\n\t\t\t\t<dt class='gallery-icon landscape'>\n\t\t\t\t\t<a class=\"rollover rollover-zoom dt-pswp-item\" title=\"464136467_1046814763910377_9000825732817231969_n\" data-dt-img-description=\"\" data-large_image_width=\"600\" data-large_image_height=\"450\"href='https:\/\/www.radiopiu.net\/wordpress\/wp-content\/uploads\/2024\/10\/464136467_1046814763910377_9000825732817231969_n.jpg'><img loading=\"lazy\" decoding=\"async\" width=\"150\" height=\"150\" src=\"https:\/\/www.radiopiu.net\/wordpress\/wp-content\/uploads\/2024\/10\/464136467_1046814763910377_9000825732817231969_n-150x150.jpg\" class=\"attachment-thumbnail size-thumbnail\" alt=\"\" \/><\/a>\n\t\t\t\t<\/dt><\/dl><dl class='gallery-item'>\n\t\t\t\t<dt class='gallery-icon landscape'>\n\t\t\t\t\t<a class=\"rollover rollover-zoom dt-pswp-item\" title=\"464055211_1046814850577035_79302580805066551_n\" data-dt-img-description=\"\" data-large_image_width=\"600\" data-large_image_height=\"450\"href='https:\/\/www.radiopiu.net\/wordpress\/wp-content\/uploads\/2024\/10\/464055211_1046814850577035_79302580805066551_n.jpg'><img loading=\"lazy\" decoding=\"async\" width=\"150\" height=\"150\" src=\"https:\/\/www.radiopiu.net\/wordpress\/wp-content\/uploads\/2024\/10\/464055211_1046814850577035_79302580805066551_n-150x150.jpg\" class=\"attachment-thumbnail size-thumbnail\" alt=\"\" \/><\/a>\n\t\t\t\t<\/dt><\/dl><br style=\"clear: both\" \/>\n\t\t\t<\/div>\n\n<p>&nbsp;<\/p>\n<hr \/>\n<p>&nbsp;<\/p>\n<blockquote>\n<h2>CON I DONATORI DI VOCE LIBRI PARLANTI A CENCENIGHE<\/h2>\n<\/blockquote>\n<p>&nbsp;<\/p>\n<p><a class=\"dt-pswp-item\" href=\"https:\/\/www.radiopiu.net\/wordpress\/wp-content\/uploads\/2024\/10\/02acf44b-4163-4d76-bf8f-92d4302c9643.jpg\" data-dt-img-description=\"\" data-large_image_width=\"1013\" data-large_image_height=\"812\"><img loading=\"lazy\" decoding=\"async\" class=\"size-medium wp-image-415696 aligncenter\" src=\"https:\/\/www.radiopiu.net\/wordpress\/wp-content\/uploads\/2024\/10\/02acf44b-4163-4d76-bf8f-92d4302c9643-300x240.jpg\" alt=\"\" width=\"300\" height=\"240\" srcset=\"https:\/\/www.radiopiu.net\/wordpress\/wp-content\/uploads\/2024\/10\/02acf44b-4163-4d76-bf8f-92d4302c9643-300x240.jpg 300w, https:\/\/www.radiopiu.net\/wordpress\/wp-content\/uploads\/2024\/10\/02acf44b-4163-4d76-bf8f-92d4302c9643-768x616.jpg 768w, https:\/\/www.radiopiu.net\/wordpress\/wp-content\/uploads\/2024\/10\/02acf44b-4163-4d76-bf8f-92d4302c9643.jpg 1013w\" sizes=\"auto, (max-width: 300px) 100vw, 300px\" \/><\/a><\/p>\n<p>&nbsp;<\/p>\n<p><strong>CENCENIGHE<\/strong><\/p>\n<p><strong>DI LUISA ALCHINI<\/strong><\/p>\n<audio class=\"wp-audio-shortcode\" id=\"audio-415501-15\" preload=\"none\" style=\"width: 100%;\" controls=\"controls\"><source type=\"audio\/mpeg\" src=\"https:\/\/www.radiopiu.net\/wordpress\/wp-content\/uploads\/2024\/10\/Libri-Parlanti-Cencenighe.mp3?_=15\" \/><a href=\"https:\/\/www.radiopiu.net\/wordpress\/wp-content\/uploads\/2024\/10\/Libri-Parlanti-Cencenighe.mp3\">https:\/\/www.radiopiu.net\/wordpress\/wp-content\/uploads\/2024\/10\/Libri-Parlanti-Cencenighe.mp3<\/a><\/audio>\n<p>&nbsp;<\/p>\n<p><a class=\"dt-pswp-item\" href=\"https:\/\/www.radiopiu.net\/wordpress\/wp-content\/uploads\/2024\/10\/7990c4b5-74e6-4cb6-b5d9-adafd6d72b66.jpg\" data-dt-img-description=\"\" data-large_image_width=\"899\" data-large_image_height=\"1599\"><img loading=\"lazy\" decoding=\"async\" class=\"alignnone size-medium wp-image-415698\" src=\"https:\/\/www.radiopiu.net\/wordpress\/wp-content\/uploads\/2024\/10\/7990c4b5-74e6-4cb6-b5d9-adafd6d72b66-169x300.jpg\" alt=\"\" width=\"169\" height=\"300\" srcset=\"https:\/\/www.radiopiu.net\/wordpress\/wp-content\/uploads\/2024\/10\/7990c4b5-74e6-4cb6-b5d9-adafd6d72b66-169x300.jpg 169w, https:\/\/www.radiopiu.net\/wordpress\/wp-content\/uploads\/2024\/10\/7990c4b5-74e6-4cb6-b5d9-adafd6d72b66-576x1024.jpg 576w, https:\/\/www.radiopiu.net\/wordpress\/wp-content\/uploads\/2024\/10\/7990c4b5-74e6-4cb6-b5d9-adafd6d72b66-768x1366.jpg 768w, https:\/\/www.radiopiu.net\/wordpress\/wp-content\/uploads\/2024\/10\/7990c4b5-74e6-4cb6-b5d9-adafd6d72b66-864x1536.jpg 864w, https:\/\/www.radiopiu.net\/wordpress\/wp-content\/uploads\/2024\/10\/7990c4b5-74e6-4cb6-b5d9-adafd6d72b66.jpg 899w\" sizes=\"auto, (max-width: 169px) 100vw, 169px\" \/><\/a><a class=\"dt-pswp-item\" href=\"https:\/\/www.radiopiu.net\/wordpress\/wp-content\/uploads\/2024\/10\/23b52806-bf92-4b96-a4ca-e7aa7c8c491c.jpg\" data-dt-img-description=\"\" data-large_image_width=\"899\" data-large_image_height=\"1599\"><img loading=\"lazy\" decoding=\"async\" class=\"alignnone size-medium wp-image-415697\" src=\"https:\/\/www.radiopiu.net\/wordpress\/wp-content\/uploads\/2024\/10\/23b52806-bf92-4b96-a4ca-e7aa7c8c491c-169x300.jpg\" alt=\"\" width=\"169\" height=\"300\" srcset=\"https:\/\/www.radiopiu.net\/wordpress\/wp-content\/uploads\/2024\/10\/23b52806-bf92-4b96-a4ca-e7aa7c8c491c-169x300.jpg 169w, https:\/\/www.radiopiu.net\/wordpress\/wp-content\/uploads\/2024\/10\/23b52806-bf92-4b96-a4ca-e7aa7c8c491c-576x1024.jpg 576w, https:\/\/www.radiopiu.net\/wordpress\/wp-content\/uploads\/2024\/10\/23b52806-bf92-4b96-a4ca-e7aa7c8c491c-768x1366.jpg 768w, https:\/\/www.radiopiu.net\/wordpress\/wp-content\/uploads\/2024\/10\/23b52806-bf92-4b96-a4ca-e7aa7c8c491c-864x1536.jpg 864w, https:\/\/www.radiopiu.net\/wordpress\/wp-content\/uploads\/2024\/10\/23b52806-bf92-4b96-a4ca-e7aa7c8c491c.jpg 899w\" sizes=\"auto, (max-width: 169px) 100vw, 169px\" \/><\/a><a class=\"dt-pswp-item\" href=\"https:\/\/www.radiopiu.net\/wordpress\/wp-content\/uploads\/2024\/10\/f6c49651-ef5c-4969-ba1b-a509ecdc1ca7.jpg\" data-dt-img-description=\"\" data-large_image_width=\"899\" data-large_image_height=\"1599\"><img loading=\"lazy\" decoding=\"async\" class=\"alignnone size-medium wp-image-415695\" src=\"https:\/\/www.radiopiu.net\/wordpress\/wp-content\/uploads\/2024\/10\/f6c49651-ef5c-4969-ba1b-a509ecdc1ca7-169x300.jpg\" alt=\"\" width=\"169\" height=\"300\" srcset=\"https:\/\/www.radiopiu.net\/wordpress\/wp-content\/uploads\/2024\/10\/f6c49651-ef5c-4969-ba1b-a509ecdc1ca7-169x300.jpg 169w, https:\/\/www.radiopiu.net\/wordpress\/wp-content\/uploads\/2024\/10\/f6c49651-ef5c-4969-ba1b-a509ecdc1ca7-576x1024.jpg 576w, https:\/\/www.radiopiu.net\/wordpress\/wp-content\/uploads\/2024\/10\/f6c49651-ef5c-4969-ba1b-a509ecdc1ca7-768x1366.jpg 768w, https:\/\/www.radiopiu.net\/wordpress\/wp-content\/uploads\/2024\/10\/f6c49651-ef5c-4969-ba1b-a509ecdc1ca7-864x1536.jpg 864w, https:\/\/www.radiopiu.net\/wordpress\/wp-content\/uploads\/2024\/10\/f6c49651-ef5c-4969-ba1b-a509ecdc1ca7.jpg 899w\" sizes=\"auto, (max-width: 169px) 100vw, 169px\" \/><\/a><a class=\"dt-pswp-item\" href=\"https:\/\/www.radiopiu.net\/wordpress\/wp-content\/uploads\/2024\/10\/b6a67746-b64d-4744-8fb1-0b18ac83cbbd.jpg\" data-dt-img-description=\"\" data-large_image_width=\"899\" data-large_image_height=\"1599\"><img loading=\"lazy\" decoding=\"async\" class=\"alignnone size-medium wp-image-415694\" src=\"https:\/\/www.radiopiu.net\/wordpress\/wp-content\/uploads\/2024\/10\/b6a67746-b64d-4744-8fb1-0b18ac83cbbd-169x300.jpg\" alt=\"\" width=\"169\" height=\"300\" srcset=\"https:\/\/www.radiopiu.net\/wordpress\/wp-content\/uploads\/2024\/10\/b6a67746-b64d-4744-8fb1-0b18ac83cbbd-169x300.jpg 169w, https:\/\/www.radiopiu.net\/wordpress\/wp-content\/uploads\/2024\/10\/b6a67746-b64d-4744-8fb1-0b18ac83cbbd-576x1024.jpg 576w, https:\/\/www.radiopiu.net\/wordpress\/wp-content\/uploads\/2024\/10\/b6a67746-b64d-4744-8fb1-0b18ac83cbbd-768x1366.jpg 768w, https:\/\/www.radiopiu.net\/wordpress\/wp-content\/uploads\/2024\/10\/b6a67746-b64d-4744-8fb1-0b18ac83cbbd-864x1536.jpg 864w, https:\/\/www.radiopiu.net\/wordpress\/wp-content\/uploads\/2024\/10\/b6a67746-b64d-4744-8fb1-0b18ac83cbbd.jpg 899w\" sizes=\"auto, (max-width: 169px) 100vw, 169px\" \/><\/a><\/p>\n<p>&nbsp;<\/p>\n<hr \/>\n<p>&nbsp;<\/p>\n<blockquote>\n<h3>DILLO A RADIO PIU&#8217;&#8230;DOPO LA SEGNALAZIONE LA PULIZIA<\/h3>\n<\/blockquote>\n<p><strong>RICEVIAMO E PUBBLICHIAMO<\/strong><\/p>\n<p>Dopo la segnalazione di ieri riguardo ai rifiuti lasciati sulle rive del Tegnas, la buona volont\u00e0 e la pronta disponibilit\u00e0 dell&#8217;Amministrazione Comunale hanno permesso di ridare decoro, rimediando ad uno scempio tanto deprecabile.<\/p>\n\n\t\t\t<style type='text\/css'>\n\t\t\t\t#gallery-2 {\n\t\t\t\t\tmargin: auto;\n\t\t\t\t}\n\t\t\t\t#gallery-2 .gallery-item {\n\t\t\t\t\tfloat: left;\n\t\t\t\t\tmargin-top: 10px;\n\t\t\t\t\ttext-align: center;\n\t\t\t\t\twidth: 25%;\n\t\t\t\t}\n\t\t\t\t#gallery-2 img {\n\t\t\t\t\tborder: 2px solid #cfcfcf;\n\t\t\t\t}\n\t\t\t\t#gallery-2 .gallery-caption {\n\t\t\t\t\tmargin-left: 0;\n\t\t\t\t}\n\t\t\t\t\/* see gallery_shortcode() in wp-includes\/media.php *\/\n\t\t\t<\/style>\n\t\t<div id='gallery-2' class='dt-gallery-container gallery galleryid-415501 gallery-columns-4 gallery-size-thumbnail'><dl class='gallery-item'>\n\t\t\t\t<dt class='gallery-icon landscape'>\n\t\t\t\t\t<a class=\"rollover rollover-zoom dt-pswp-item\" title=\"4099afcc-8ff1-4745-bcc0-cd2c31dc2ce7\" data-dt-img-description=\"\" data-large_image_width=\"2000\" data-large_image_height=\"1500\"href='https:\/\/www.radiopiu.net\/wordpress\/wp-content\/uploads\/2024\/10\/4099afcc-8ff1-4745-bcc0-cd2c31dc2ce7.jpg'><img loading=\"lazy\" decoding=\"async\" width=\"150\" height=\"150\" src=\"https:\/\/www.radiopiu.net\/wordpress\/wp-content\/uploads\/2024\/10\/4099afcc-8ff1-4745-bcc0-cd2c31dc2ce7-150x150.jpg\" class=\"attachment-thumbnail size-thumbnail\" alt=\"\" \/><\/a>\n\t\t\t\t<\/dt><\/dl><dl class='gallery-item'>\n\t\t\t\t<dt class='gallery-icon landscape'>\n\t\t\t\t\t<a class=\"rollover rollover-zoom dt-pswp-item\" title=\"81cded95-2d8b-438e-a6b3-50e4c3d410a1\" data-dt-img-description=\"\" data-large_image_width=\"2000\" data-large_image_height=\"1500\"href='https:\/\/www.radiopiu.net\/wordpress\/wp-content\/uploads\/2024\/10\/81cded95-2d8b-438e-a6b3-50e4c3d410a1.jpg'><img loading=\"lazy\" decoding=\"async\" width=\"150\" height=\"150\" src=\"https:\/\/www.radiopiu.net\/wordpress\/wp-content\/uploads\/2024\/10\/81cded95-2d8b-438e-a6b3-50e4c3d410a1-150x150.jpg\" class=\"attachment-thumbnail size-thumbnail\" alt=\"\" \/><\/a>\n\t\t\t\t<\/dt><\/dl><dl class='gallery-item'>\n\t\t\t\t<dt class='gallery-icon portrait'>\n\t\t\t\t\t<a class=\"rollover rollover-zoom dt-pswp-item\" title=\"c7124383-82e3-4182-a6d0-09ac64977824\" data-dt-img-description=\"\" data-large_image_width=\"1500\" data-large_image_height=\"2000\"href='https:\/\/www.radiopiu.net\/wordpress\/wp-content\/uploads\/2024\/10\/c7124383-82e3-4182-a6d0-09ac64977824.jpg'><img loading=\"lazy\" decoding=\"async\" width=\"150\" height=\"150\" src=\"https:\/\/www.radiopiu.net\/wordpress\/wp-content\/uploads\/2024\/10\/c7124383-82e3-4182-a6d0-09ac64977824-150x150.jpg\" class=\"attachment-thumbnail size-thumbnail\" alt=\"\" \/><\/a>\n\t\t\t\t<\/dt><\/dl><dl class='gallery-item'>\n\t\t\t\t<dt class='gallery-icon portrait'>\n\t\t\t\t\t<a class=\"rollover rollover-zoom dt-pswp-item\" title=\"47f289a6-9c9b-407d-abe8-fb3ef9950e4f\" data-dt-img-description=\"\" data-large_image_width=\"1500\" data-large_image_height=\"2000\"href='https:\/\/www.radiopiu.net\/wordpress\/wp-content\/uploads\/2024\/10\/47f289a6-9c9b-407d-abe8-fb3ef9950e4f.jpg'><img loading=\"lazy\" decoding=\"async\" width=\"150\" height=\"150\" src=\"https:\/\/www.radiopiu.net\/wordpress\/wp-content\/uploads\/2024\/10\/47f289a6-9c9b-407d-abe8-fb3ef9950e4f-150x150.jpg\" class=\"attachment-thumbnail size-thumbnail\" alt=\"\" \/><\/a>\n\t\t\t\t<\/dt><\/dl><br style=\"clear: both\" \/>\n\t\t\t<\/div>\n\n<p>&nbsp;<\/p>\n<hr \/>\n<p>&nbsp;<\/p>\n<p>&nbsp;<\/p>\n<blockquote>\n<h2>LA LUNA E E L\u2019AEREO\u2026DI MARIO DE MARCO<\/h2>\n<\/blockquote>\n<p><strong>REDAZIONE\u00a0<\/strong>Il segreto di un fotografo \u00e8 quello di saper cogliere l\u2019attimo giusto per fare una foto e Mario De Marco lo sa. Questa mattina, grazie alla splendida giornata, si poteva ancora osservare la luna. Mario De Marco, macchina fotografica sempre a portata di mano, ha colto il momento in cui un aereo passava davanti alla luna.<\/p>\n<p><a class=\"dt-pswp-item\" href=\"https:\/\/www.radiopiu.net\/wordpress\/wp-content\/uploads\/2024\/10\/5b54785e-c8e7-4fb6-b98a-1213c666f09c.jpeg\" data-dt-img-description=\"\" data-large_image_width=\"1988\" data-large_image_height=\"1324\"><img loading=\"lazy\" decoding=\"async\" class=\"alignnone wp-image-415653 size-thumbnail\" src=\"https:\/\/www.radiopiu.net\/wordpress\/wp-content\/uploads\/2024\/10\/5b54785e-c8e7-4fb6-b98a-1213c666f09c-150x150.jpeg\" alt=\"\" width=\"150\" height=\"150\" \/><\/a><a class=\"dt-pswp-item\" href=\"https:\/\/www.radiopiu.net\/wordpress\/wp-content\/uploads\/2024\/10\/31d2d772-dd17-41e2-8344-7b66f8b1d07e.jpeg\" data-dt-img-description=\"\" data-large_image_width=\"1788\" data-large_image_height=\"1331\"><img loading=\"lazy\" decoding=\"async\" class=\"alignnone wp-image-415655 size-thumbnail\" src=\"https:\/\/www.radiopiu.net\/wordpress\/wp-content\/uploads\/2024\/10\/31d2d772-dd17-41e2-8344-7b66f8b1d07e-150x150.jpeg\" alt=\"\" width=\"150\" height=\"150\" \/><\/a><a class=\"dt-pswp-item\" href=\"https:\/\/www.radiopiu.net\/wordpress\/wp-content\/uploads\/2024\/10\/2b769772-f114-4cd0-833c-7ec30f0cd100.jpeg\" data-dt-img-description=\"\" data-large_image_width=\"1818\" data-large_image_height=\"1345\"><img loading=\"lazy\" decoding=\"async\" class=\"alignnone wp-image-415654 size-thumbnail\" src=\"https:\/\/www.radiopiu.net\/wordpress\/wp-content\/uploads\/2024\/10\/2b769772-f114-4cd0-833c-7ec30f0cd100-150x150.jpeg\" alt=\"\" width=\"150\" height=\"150\" \/><\/a><\/p>\n<p>&nbsp;<\/p>\n<p>&nbsp;<\/p>\n<hr \/>\n<p>&nbsp;<\/p>\n<blockquote>\n<h3><span style=\"color: #000000;\">ANDREA GRIGOLETTO E LA PISTA PER MODELLISMO A LENTIAI<\/span><\/h3>\n<\/blockquote>\n<p><strong><a class=\"dt-pswp-item\" href=\"https:\/\/www.radiopiu.net\/wordpress\/wp-content\/uploads\/2024\/10\/82eacbf9-c83c-470f-b69e-d349d429b2d4-scaled.jpg\" data-dt-img-description=\"\" data-large_image_width=\"2560\" data-large_image_height=\"1920\"><img loading=\"lazy\" decoding=\"async\" class=\" wp-image-415571 alignleft\" src=\"https:\/\/www.radiopiu.net\/wordpress\/wp-content\/uploads\/2024\/10\/82eacbf9-c83c-470f-b69e-d349d429b2d4-300x225.jpg\" alt=\"\" width=\"149\" height=\"112\" srcset=\"https:\/\/www.radiopiu.net\/wordpress\/wp-content\/uploads\/2024\/10\/82eacbf9-c83c-470f-b69e-d349d429b2d4-300x225.jpg 300w, https:\/\/www.radiopiu.net\/wordpress\/wp-content\/uploads\/2024\/10\/82eacbf9-c83c-470f-b69e-d349d429b2d4-1024x768.jpg 1024w, https:\/\/www.radiopiu.net\/wordpress\/wp-content\/uploads\/2024\/10\/82eacbf9-c83c-470f-b69e-d349d429b2d4-768x576.jpg 768w, https:\/\/www.radiopiu.net\/wordpress\/wp-content\/uploads\/2024\/10\/82eacbf9-c83c-470f-b69e-d349d429b2d4-1536x1152.jpg 1536w, https:\/\/www.radiopiu.net\/wordpress\/wp-content\/uploads\/2024\/10\/82eacbf9-c83c-470f-b69e-d349d429b2d4-2048x1536.jpg 2048w\" sizes=\"auto, (max-width: 149px) 100vw, 149px\" \/><\/a>DI ALESSIA DALL&#8217;O&#8217;<\/strong><\/p>\n<p>&nbsp;<\/p>\n<p>&nbsp;<\/p>\n<p>&nbsp;<\/p>\n<p>&nbsp;<\/p>\n<p><strong>OSPITE: Andrea Grigoletto<\/strong><\/p>\n<audio class=\"wp-audio-shortcode\" id=\"audio-415501-16\" preload=\"none\" style=\"width: 100%;\" controls=\"controls\"><source type=\"audio\/mpeg\" src=\"https:\/\/www.radiopiu.net\/wordpress\/wp-content\/uploads\/2024\/10\/ANDREA-GRIGOLETTO-PISTA-MODELLISMO-INT-ALESSIA-DALLO.mp3?_=16\" \/><a href=\"https:\/\/www.radiopiu.net\/wordpress\/wp-content\/uploads\/2024\/10\/ANDREA-GRIGOLETTO-PISTA-MODELLISMO-INT-ALESSIA-DALLO.mp3\">https:\/\/www.radiopiu.net\/wordpress\/wp-content\/uploads\/2024\/10\/ANDREA-GRIGOLETTO-PISTA-MODELLISMO-INT-ALESSIA-DALLO.mp3<\/a><\/audio>\n<p>&nbsp;<\/p>\n<p>&nbsp;<\/p>\n<hr \/>\n<p>&nbsp;<\/p>\n<blockquote>\n<h3>PATOLOGIE DA GIOCO D&#8217;AZZARDO: GLI INCONTRI CON L&#8217;ULSS 1 DOLOMITI<\/h3>\n<\/blockquote>\n<p><strong><a class=\"dt-pswp-item\" href=\"https:\/\/www.radiopiu.net\/wordpress\/wp-content\/uploads\/2018\/04\/AZZARDOD.jpg\" data-dt-img-description=\"\" data-large_image_width=\"558\" data-large_image_height=\"480\"><img loading=\"lazy\" decoding=\"async\" class=\" wp-image-46268 alignleft\" src=\"https:\/\/www.radiopiu.net\/wordpress\/wp-content\/uploads\/2018\/04\/AZZARDOD-300x258.jpg\" alt=\"\" width=\"126\" height=\"108\" srcset=\"https:\/\/www.radiopiu.net\/wordpress\/wp-content\/uploads\/2018\/04\/AZZARDOD-300x258.jpg 300w, https:\/\/www.radiopiu.net\/wordpress\/wp-content\/uploads\/2018\/04\/AZZARDOD.jpg 558w\" sizes=\"auto, (max-width: 126px) 100vw, 126px\" \/><\/a>BELLUNO<\/strong> Il Dipartimento Dipendenze dell&#8217;Ulss Dolomiti, distretto di Feltre, organizza eventi per sensibilizzare sul Gioco d&#8217;Azzardo Patologico (GAP). Il prossimo incontro sar\u00e0 gioved\u00ec 24 ottobre 2024 a Pedavena, in collaborazione con le Amministrazioni Comunali di Seren del Grappa e Pedavena. L&#8217;iniziativa prevede due momenti: un laboratorio esperienziale per giovani dalle 16:00 alle 18:00, presso la Pro Loco di Pedavena, guidato da Luca Mauceri, che utilizzer\u00e0 l&#8217;arte per esplorare emozioni e consapevolezza personale; e alle 20:30, presso la Sala Guarnieri, lo spettacolo teatrale &#8220;Novecento&#8221; di A. Baricco, sempre con Mauceri. L&#8217;ingresso \u00e8 libero fino a esaurimento posti.<\/p>\n<p>&nbsp;<\/p>\n<hr \/>\n<p>&nbsp;<\/p>\n<blockquote>\n<h2>Vendita di crisantemi per sostenere Villa San Francesco e Cooperativa Arcobaleno &#8217;89<\/h2>\n<\/blockquote>\n<p><strong><img loading=\"lazy\" decoding=\"async\" class=\"alignleft\" src=\"https:\/\/www.radiopiu.net\/wordpress\/wp-content\/uploads\/2022\/12\/coop-arcobaleno.jpg\" width=\"279\" height=\"151\" \/>AGORDO<\/strong> Domenica 27 ottobre, dalle ore 9.00, sul sagrato della chiesa Santa Maria Nascente di Agordo, si terr\u00e0 la tradizionale vendita di crisantemi. Il ricavato sar\u00e0 destinato alla Comunit\u00e0 Alloggio <strong>Villa San Francesco<\/strong> di Facen di Pedavena e alla <strong>Cooperativa Arcobaleno &#8217;89<\/strong>, che accoglie minori in difficolt\u00e0 e adulti svantaggiati. La comunit\u00e0 offre percorsi educativi e di crescita personale, mentre la cooperativa, attiva dal 1986, favorisce l\u2019inserimento lavorativo di persone fragili attraverso attivit\u00e0 come ortofloricultura, ceramiche e vetri artistici, manutenzione del verde e servizi di bed &amp; breakfast. Entrambe le realt\u00e0 si sostengono grazie alle proprie attivit\u00e0, senza finanziamenti pubblici, rendendo fondamentale il supporto della comunit\u00e0.<\/p>\n<p>&nbsp;<\/p>\n<hr \/>\n<p>&nbsp;<\/p>\n<p>&nbsp;<\/p>\n<p><a class=\"dt-pswp-item\" href=\"https:\/\/www.radiopiu.net\/wordpress\/wp-content\/uploads\/2024\/10\/download.jpg\" data-dt-img-description=\"\" data-large_image_width=\"600\" data-large_image_height=\"849\"><img loading=\"lazy\" decoding=\"async\" class=\"aligncenter wp-image-415746 size-full\" src=\"https:\/\/www.radiopiu.net\/wordpress\/wp-content\/uploads\/2024\/10\/download.jpg\" alt=\"\" width=\"600\" height=\"849\" srcset=\"https:\/\/www.radiopiu.net\/wordpress\/wp-content\/uploads\/2024\/10\/download.jpg 600w, https:\/\/www.radiopiu.net\/wordpress\/wp-content\/uploads\/2024\/10\/download-212x300.jpg 212w\" sizes=\"auto, (max-width: 600px) 100vw, 600px\" \/><\/a><\/p>\n<p>&nbsp;<\/p>\n<p>&nbsp;<\/p>\n<p>&nbsp;<\/p>\n<hr \/>\n<blockquote class=\"wp-embedded-content\" data-secret=\"okYkPKJQTR\"><p><a href=\"https:\/\/www.radiopiu.net\/wordpress\/emozione-continua-100-anni-di-passione-raccontati-alla-radio-la-raccolta\/\">EMOZIONE CONTINUA&#8230;100 ANNI DI PASSIONE RACCONTATI ALLA RADIO &#8211; LA RACCOLTA<\/a><\/p><\/blockquote>\n<p><iframe loading=\"lazy\" class=\"wp-embedded-content\" sandbox=\"allow-scripts\" security=\"restricted\" style=\"position: absolute; visibility: hidden;\" title=\"&#8220;EMOZIONE CONTINUA&#8230;100 ANNI DI PASSIONE RACCONTATI ALLA RADIO &#8211; LA RACCOLTA&#8221; &#8212; Radio Pi\u00f9\" src=\"https:\/\/www.radiopiu.net\/wordpress\/emozione-continua-100-anni-di-passione-raccontati-alla-radio-la-raccolta\/embed\/#?secret=aG1YTmbnLg#?secret=okYkPKJQTR\" data-secret=\"okYkPKJQTR\" width=\"600\" height=\"338\" frameborder=\"0\" marginwidth=\"0\" marginheight=\"0\" scrolling=\"no\"><\/iframe><\/p>\n<p>&nbsp;<\/p>\n<hr \/>\n<p>&nbsp;<\/p>\n<blockquote><p><strong>Il Circolo Auser di Pieve di Cadore festeggia 25 anni con teatro dialettale<\/strong><\/p><\/blockquote>\n<div class=\"flex max-w-full flex-col flex-grow\">\n<div class=\"min-h-8 text-message flex w-full flex-col items-end gap-2 whitespace-normal break-words [.text-message+&amp;]:mt-5\" dir=\"auto\" data-message-author-role=\"assistant\" data-message-id=\"5450f13f-6b1a-4818-ba38-4df0a28dba5f\" data-message-model-slug=\"gpt-4o\">\n<div class=\"flex w-full flex-col gap-1 empty:hidden first:pt-[3px]\">\n<div class=\"markdown prose w-full break-words dark:prose-invert dark\">\n<p><a class=\"dt-pswp-item\" href=\"https:\/\/www.radiopiu.net\/wordpress\/wp-content\/uploads\/2024\/10\/CZnGReI60PFPc8yt.png\" data-dt-img-description=\"\" data-large_image_width=\"488\" data-large_image_height=\"737\"><img loading=\"lazy\" decoding=\"async\" class=\"wp-image-415676 alignleft\" src=\"https:\/\/www.radiopiu.net\/wordpress\/wp-content\/uploads\/2024\/10\/CZnGReI60PFPc8yt-199x300.png\" alt=\"\" width=\"115\" height=\"173\" srcset=\"https:\/\/www.radiopiu.net\/wordpress\/wp-content\/uploads\/2024\/10\/CZnGReI60PFPc8yt-199x300.png 199w, https:\/\/www.radiopiu.net\/wordpress\/wp-content\/uploads\/2024\/10\/CZnGReI60PFPc8yt.png 488w\" sizes=\"auto, (max-width: 115px) 100vw, 115px\" \/><\/a>In occasione del 25\u00b0 anniversario, il Circolo Volontariato Auser di Pieve di Cadore organizza una serata di teatro aperta alla popolazione. Sabato 26 ottobre alle ore 20.45, presso la Sala Cos.Mo, si terr\u00e0 la commedia in dialetto bellunese <em>Core&#8217;ngrato<\/em> del gruppo teatrale &#8220;Le Reteghe&#8221;, a cura de &#8220;Le Bretelle Lasche&#8221;. Ingresso libero. Un\u2019occasione speciale per celebrare l\u2019importante traguardo dell\u2019associazione e condividere un momento di comunit\u00e0<\/p>\n<\/div>\n<\/div>\n<\/div>\n<\/div>\n<div class=\"mb-2 flex gap-3 empty:hidden -ml-2\">\n<div class=\"items-center justify-start rounded-xl p-1 flex\">\n<div class=\"flex items-center\">\n<div class=\"flex items-center pb-0\"><\/div>\n<\/div>\n<\/div>\n<\/div>\n<p>&nbsp;<\/p>\n<p>&nbsp;<\/p>\n<p>&nbsp;<\/p>\n<hr \/>\n<p>&nbsp;<\/p>\n<p><a class=\"dt-pswp-item\" href=\"https:\/\/www.radiopiu.net\/wordpress\/wp-content\/uploads\/2024\/10\/Senza-nome-8.png\" data-dt-img-description=\"\" data-large_image_width=\"343\" data-large_image_height=\"303\"><img loading=\"lazy\" decoding=\"async\" class=\"size-medium wp-image-412130 aligncenter\" src=\"https:\/\/www.radiopiu.net\/wordpress\/wp-content\/uploads\/2024\/10\/Senza-nome-8-300x265.png\" alt=\"\" width=\"300\" height=\"265\" srcset=\"https:\/\/www.radiopiu.net\/wordpress\/wp-content\/uploads\/2024\/10\/Senza-nome-8-300x265.png 300w, https:\/\/www.radiopiu.net\/wordpress\/wp-content\/uploads\/2024\/10\/Senza-nome-8.png 343w\" sizes=\"auto, (max-width: 300px) 100vw, 300px\" \/><\/a><\/p>\n<p><strong><a class=\"dt-pswp-item\" href=\"https:\/\/www.radiopiu.net\/wordpress\/wp-content\/uploads\/2024\/10\/Senza-nome-89.png\" data-dt-img-description=\"\" data-large_image_width=\"176\" data-large_image_height=\"179\"><img loading=\"lazy\" decoding=\"async\" class=\"wp-image-415528 alignleft\" src=\"https:\/\/www.radiopiu.net\/wordpress\/wp-content\/uploads\/2024\/10\/Senza-nome-89.png\" alt=\"\" width=\"89\" height=\"91\" \/><\/a>DOMANI DALLE 20.30&#8230; ACCENDI LA RADIO! MORENO E GIGI I DJ DEGLI ANNI OTTANTA E NOVANTA SONO PRONTI A PROPORTI UNA SERATA INDIMENTICABILE&#8230; CON OSPITI D&#8217;ECCEZIONE&#8230;<\/strong><br \/>\n<strong>DI SERA ALLA RADIO&#8230; DI MERCOLEDI&#8230; SU RADIOPIU<\/strong><br \/>\n<strong>DA UN&#8217;IDEA DI MORENO TOCCHETTO\u00a0\u00a0<\/strong><\/p>\n<p>&nbsp;<\/p>\n<p><a class=\"dt-pswp-item\" href=\"https:\/\/www.radiopiu.net\/wordpress\/wp-content\/uploads\/2023\/04\/120174246_10223779647583195_6297631747166802991_n.jpg\" data-dt-img-description=\"\" data-large_image_width=\"1440\" data-large_image_height=\"1440\"><img loading=\"lazy\" decoding=\"async\" class=\"wp-image-333487 alignleft\" src=\"https:\/\/www.radiopiu.net\/wordpress\/wp-content\/uploads\/2023\/04\/120174246_10223779647583195_6297631747166802991_n-300x300.jpg\" alt=\"\" width=\"103\" height=\"103\" srcset=\"https:\/\/www.radiopiu.net\/wordpress\/wp-content\/uploads\/2023\/04\/120174246_10223779647583195_6297631747166802991_n-300x300.jpg 300w, https:\/\/www.radiopiu.net\/wordpress\/wp-content\/uploads\/2023\/04\/120174246_10223779647583195_6297631747166802991_n-1024x1024.jpg 1024w, https:\/\/www.radiopiu.net\/wordpress\/wp-content\/uploads\/2023\/04\/120174246_10223779647583195_6297631747166802991_n-150x150.jpg 150w, https:\/\/www.radiopiu.net\/wordpress\/wp-content\/uploads\/2023\/04\/120174246_10223779647583195_6297631747166802991_n-768x768.jpg 768w, https:\/\/www.radiopiu.net\/wordpress\/wp-content\/uploads\/2023\/04\/120174246_10223779647583195_6297631747166802991_n.jpg 1440w\" sizes=\"auto, (max-width: 103px) 100vw, 103px\" \/><\/a><strong>Dolcetto o scherzetto? Radio Pi\u00f9 \u00e8 pronta per la serata di Halloween per accompagnarvi nella notte pi\u00f9 paurosa dell\u2019anno<\/strong><br \/>\n<a dir=\"ltr\" href=\"x-apple-data-detectors:\/\/4\">Gioved\u00ec 31 ottobre a partire dalle 21<\/a> Marco Gaz e Marco Costantini vi faranno compagnia con la colonna sonora adatta per una serata spaventosa. Una diretta in cui ci saranno anche degli ospiti d\u2019eccezione.<a dir=\"ltr\" href=\"x-apple-data-detectors:\/\/5\"> Gioved\u00ec 31 ottobre alle 21<\/a> su Radio Pi\u00f9\u2026dolcetto o scherzetto?<\/p>\n<p>&nbsp;<\/p>\n<p>&nbsp;<\/p>\n<hr \/>\n<p>&nbsp;<\/p>\n<blockquote>\n<h3 style=\"text-align: left;\">&#8220;VERMIGLIO&#8221;, UN FILM DA NON PERDERE IN PROGRAMMAZIONE AL CINEMA DOLOMITI DI FALCADE<\/h3>\n<\/blockquote>\n<p><strong><a class=\"dt-pswp-item\" href=\"https:\/\/www.radiopiu.net\/wordpress\/wp-content\/uploads\/2024\/10\/locandina-1.jpg\" data-dt-img-description=\"\" data-large_image_width=\"420\" data-large_image_height=\"525\"><img loading=\"lazy\" decoding=\"async\" class=\" wp-image-414491 alignleft\" src=\"https:\/\/www.radiopiu.net\/wordpress\/wp-content\/uploads\/2024\/10\/locandina-1-240x300.jpg\" alt=\"\" width=\"82\" height=\"103\" srcset=\"https:\/\/www.radiopiu.net\/wordpress\/wp-content\/uploads\/2024\/10\/locandina-1-240x300.jpg 240w, https:\/\/www.radiopiu.net\/wordpress\/wp-content\/uploads\/2024\/10\/locandina-1.jpg 420w\" sizes=\"auto, (max-width: 82px) 100vw, 82px\" \/><\/a>REDAZIONE<\/strong> Sar\u00e0 in programmazione il 26 e 27 ottobre al Cinema Dolomiti di Falcade il film &#8220;Vermiglio&#8221;, vincitore del Leone D&#8217;Argento all&#8217;ultima edizione della Mostra Del Cinema di Venezia.<\/p>\n<p><strong>\u00a0<\/strong><\/p>\n<p><strong>\u00a0<\/strong><strong>\u00a0<\/strong><strong>\u00a0<\/strong><\/p>\n<p><strong>DI PAOLA LANCIATO<\/strong><\/p>\n<audio class=\"wp-audio-shortcode\" id=\"audio-415501-17\" preload=\"none\" style=\"width: 100%;\" controls=\"controls\"><source type=\"audio\/mpeg\" src=\"https:\/\/www.radiopiu.net\/wordpress\/wp-content\/uploads\/2024\/10\/PAOLA-LANCIATO-Vermiglio.mp3?_=17\" \/><a href=\"https:\/\/www.radiopiu.net\/wordpress\/wp-content\/uploads\/2024\/10\/PAOLA-LANCIATO-Vermiglio.mp3\">https:\/\/www.radiopiu.net\/wordpress\/wp-content\/uploads\/2024\/10\/PAOLA-LANCIATO-Vermiglio.mp3<\/a><\/audio>\n<p>&nbsp;<\/p>\n<hr \/>\n<p>&nbsp;<\/p>\n<blockquote>\n<h2>DOMENICA LA MESSA PER I CADUTI DELLA MONTAGNA, IN CHIESA AD AGORDO E SU TUTTI I CANALI DI RADIOPIU<\/h2>\n<\/blockquote>\n<blockquote>\n<h2><\/h2>\n<h2><em><a class=\"dt-pswp-item\" href=\"https:\/\/www.radiopiu.net\/wordpress\/wp-content\/uploads\/2024\/10\/Senza-nome-92.png\" data-dt-img-description=\"\" data-large_image_width=\"595\" data-large_image_height=\"756\"><img loading=\"lazy\" decoding=\"async\" class=\"size-medium wp-image-415668 alignleft\" src=\"https:\/\/www.radiopiu.net\/wordpress\/wp-content\/uploads\/2024\/10\/Senza-nome-92-236x300.png\" alt=\"\" width=\"236\" height=\"300\" srcset=\"https:\/\/www.radiopiu.net\/wordpress\/wp-content\/uploads\/2024\/10\/Senza-nome-92-236x300.png 236w, https:\/\/www.radiopiu.net\/wordpress\/wp-content\/uploads\/2024\/10\/Senza-nome-92.png 595w\" sizes=\"auto, (max-width: 236px) 100vw, 236px\" \/><\/a>DOMENICA 27 OTTOBRE, ORE 18.30<\/em><\/h2>\n<\/blockquote>\n<p><strong>AGORDO\u00a0<\/strong> Si rinnova il consueto appuntamento di fine ottobre con la S. Messa in suffragio dei Caduti della montagna celebrata dall\u2019arcidiacono di Agordo, mons. Cesare Larese, accompagnata dai canti del Coro Agordo, diretto da Anna Devich. Una sentita cerimonia, voluta dal Coro Agordo, che riunisce ormai da 49 anni l\u2019intero Agordino con le vallate limitrofe e tanta altra gente dalla provincia e da fuori nel ricordo degli agordini caduti in montagna e di coloro che hanno perso la vita sulle montagne agordine. L\u2019iniziativa avviene in collaborazione con la Sezione Agordina del CAI, la Parrocchia di S. Maria Nascente, i Gruppi Rocciatori \u201cGIR\u201d di Agordo e \u201cVal Bi\u00f3is\u201d, le Stazioni agordine del Corpo Nazionale Soccorso Alpino e il Gruppo Alpini Agordo-Rivamonte-Taibon. \u00a0Radio Pi\u00f9, anche quest\u2019anno trasmetter\u00e0 la Messa su tutti i canali, radio-social. Potr\u00e0, infatti, essere seguita in streaming sul sito internet radiopiu.net, oppure sulle pagine facebook: Radiopi\u00f9, o Radio Pi\u00f9 Emittente Agordina, o Sei di Agordo se. Oltre al ricordo dei 142 Caduti sui monti, ci sar\u00e0 sempre un pensiero particolare per coloro di cui quest\u2019anno ricorre un significativo anniversario (evidenziati con sottolineatura)<\/p>\n<p>&nbsp;<\/p>\n<p><a class=\"dt-pswp-item\" href=\"https:\/\/www.radiopiu.net\/wordpress\/wp-content\/uploads\/2024\/10\/Senza-nome-91.png\" data-dt-img-description=\"\" data-large_image_width=\"927\" data-large_image_height=\"768\"><img loading=\"lazy\" decoding=\"async\" class=\"alignnone wp-image-415665 size-full\" src=\"https:\/\/www.radiopiu.net\/wordpress\/wp-content\/uploads\/2024\/10\/Senza-nome-91.png\" alt=\"\" width=\"927\" height=\"768\" srcset=\"https:\/\/www.radiopiu.net\/wordpress\/wp-content\/uploads\/2024\/10\/Senza-nome-91.png 927w, https:\/\/www.radiopiu.net\/wordpress\/wp-content\/uploads\/2024\/10\/Senza-nome-91-300x249.png 300w, https:\/\/www.radiopiu.net\/wordpress\/wp-content\/uploads\/2024\/10\/Senza-nome-91-768x636.png 768w\" sizes=\"auto, (max-width: 927px) 100vw, 927px\" \/><\/a><\/p>\n<p>&nbsp;<\/p>\n<hr \/>\n<p>&nbsp;<\/p>\n<div class=\"mb-2 flex gap-3 empty:hidden -ml-2\">\n<div class=\"items-center justify-start rounded-xl p-1 flex\">\n<div class=\"flex items-center\">\n<div class=\"flex max-w-full flex-col flex-grow\">\n<div class=\"min-h-8 text-message flex w-full flex-col items-end gap-2 whitespace-normal break-words [.text-message+&amp;]:mt-5\" dir=\"auto\" data-message-author-role=\"assistant\" data-message-id=\"c2b1fe33-bc8b-45f1-969f-7db88566768c\" data-message-model-slug=\"gpt-4o\">\n<div class=\"flex w-full flex-col gap-1 empty:hidden first:pt-[3px]\">\n<div class=\"markdown prose w-full break-words dark:prose-invert dark\">\n<blockquote>\n<h3>LA CENA DEI COSCRITTI DEL 1974<\/h3>\n<\/blockquote>\n<p><strong>FALCADE<\/strong> Le cena della classe 1974 dei coscritti dell&#8217;<strong>Agordino<\/strong> si terr\u00e0\u00a0 sabato 30 novembre\u00a0 a Falcade, Hotel Stella Alpina. La cena e&#8217; aperta ai nati nel 1974 nei 16 comuni dell&#8217;Agordino, e sara&#8217; un&#8217;occasione di ritrovo,\u00a0 dopo tanto tempo e festeggiare il mezzo secolo.Info\u00a0 3478120853<\/p>\n<\/div>\n<\/div>\n<\/div>\n<\/div>\n<\/div>\n<\/div>\n<\/div>\n<div class=\"page-title-breadcrumbs\">\n<p>&nbsp;<\/p>\n<\/div>\n<p>&nbsp;<\/p>\n<p>&nbsp;<\/p>\n<p>&nbsp;<\/p>\n<blockquote>\n<h3><a class=\"dt-pswp-item\" href=\"https:\/\/www.radiopiu.net\/wordpress\/wp-content\/uploads\/2024\/10\/Swiss-Peaks.jpg\" data-dt-img-description=\"\" data-large_image_width=\"800\" data-large_image_height=\"600\"><img loading=\"lazy\" decoding=\"async\" class=\" wp-image-415609 alignleft\" src=\"https:\/\/www.radiopiu.net\/wordpress\/wp-content\/uploads\/2024\/10\/Swiss-Peaks-300x225.jpg\" alt=\"\" width=\"171\" height=\"128\" srcset=\"https:\/\/www.radiopiu.net\/wordpress\/wp-content\/uploads\/2024\/10\/Swiss-Peaks-300x225.jpg 300w, https:\/\/www.radiopiu.net\/wordpress\/wp-content\/uploads\/2024\/10\/Swiss-Peaks-768x576.jpg 768w, https:\/\/www.radiopiu.net\/wordpress\/wp-content\/uploads\/2024\/10\/Swiss-Peaks.jpg 800w\" sizes=\"auto, (max-width: 171px) 100vw, 171px\" \/><\/a>L&#8217;ANTEPRIMA DI CAMMINANDO<\/h3>\n<\/blockquote>\n<p><strong>BORGO VALBELLUNA<\/strong> Dopo il successo del 2024, il festival &#8220;Camminando. Esperienze, sensazioni, emozioni&#8221; a Borgo Valbelluna offre un&#8217;anteprima autunnale dell&#8217;edizione 2025 con due eventi culturali e due camminate. Il primo appuntamento sar\u00e0 sabato 26 ottobre a Trichiana con Mario Piazzo, ultratrailer, che presenter\u00e0 &#8220;La fatica rende felice&#8221;. Piazzo, 46 anni, vicentino, condivider\u00e0 esperienze di sport estremo e cammino, raccontando come la fatica possa aiutare a riscoprire se stessi. La serata \u00e8 aperta a tutti, poich\u00e9 anche persone comuni possono sentirsi attratte da sfide impegnative.<\/p>\n<p>&nbsp;<\/p>\n<p>&nbsp;<\/p>\n<hr \/>\n<p>&nbsp;<\/p>\n<h2><span style=\"color: #ff6600;\">IERI ALLA RADIO\u00a0<\/span><\/h2>\n<h2><span style=\"color: #ff0000;\">OGGI COME IERI di e con SILVIA BALDO<\/span><\/h2>\n<p><a class=\"dt-pswp-item\" href=\"https:\/\/www.radiopiu.net\/wordpress\/wp-content\/uploads\/2023\/10\/309000774_10222572118595513_7956305457803922499_n.jpg\" data-dt-img-description=\"\" data-large_image_width=\"206\" data-large_image_height=\"206\"><img loading=\"lazy\" decoding=\"async\" class=\"size-full wp-image-357183 aligncenter\" src=\"https:\/\/www.radiopiu.net\/wordpress\/wp-content\/uploads\/2023\/10\/309000774_10222572118595513_7956305457803922499_n.jpg\" alt=\"\" width=\"206\" height=\"206\" srcset=\"https:\/\/www.radiopiu.net\/wordpress\/wp-content\/uploads\/2023\/10\/309000774_10222572118595513_7956305457803922499_n.jpg 206w, https:\/\/www.radiopiu.net\/wordpress\/wp-content\/uploads\/2023\/10\/309000774_10222572118595513_7956305457803922499_n-150x150.jpg 150w\" sizes=\"auto, (max-width: 206px) 100vw, 206px\" \/><\/a><\/p>\n<p>&nbsp;<\/p>\n<p><strong>PUNTATA DEL 21 ottobre<\/strong><\/p>\n<audio class=\"wp-audio-shortcode\" id=\"audio-415501-18\" preload=\"none\" style=\"width: 100%;\" controls=\"controls\"><source type=\"audio\/mpeg\" src=\"https:\/\/www.radiopiu.net\/wordpress\/wp-content\/uploads\/2024\/10\/SIBI-1.mp3?_=18\" \/><a href=\"https:\/\/www.radiopiu.net\/wordpress\/wp-content\/uploads\/2024\/10\/SIBI-1.mp3\">https:\/\/www.radiopiu.net\/wordpress\/wp-content\/uploads\/2024\/10\/SIBI-1.mp3<\/a><\/audio>\n<p>&nbsp;<\/p>\n<h2>LA RACCOLTA COMPLETA <a href=\"https:\/\/www.radiopiu.net\/wordpress\/alle-nove-oggi-come-ieri-di-e-con-silvia-baldo\/\"><span style=\"color: #3366ff;\">CLICCA QUI<\/span><\/a><\/h2>\n<p>&nbsp;<\/p>\n<hr \/>\n<p>&nbsp;<\/p>\n<h2><span style=\"color: #000080;\">RITRATTI SONORI, IL PROGRAMMA DI ALESSIA DALL&#8217;O&#8217;<\/span><\/h2>\n<p><span style=\"color: #ff0000;\"><strong><a class=\"dt-pswp-item\" href=\"https:\/\/www.radiopiu.net\/wordpress\/wp-content\/uploads\/2024\/05\/27b05130-08d8-4987-9c10-3aa1f3ebb8a4.jpg\" data-dt-img-description=\"\" data-large_image_width=\"1125\" data-large_image_height=\"779\"><img loading=\"lazy\" decoding=\"async\" class=\" wp-image-389880 alignleft\" src=\"https:\/\/www.radiopiu.net\/wordpress\/wp-content\/uploads\/2024\/05\/27b05130-08d8-4987-9c10-3aa1f3ebb8a4-300x208.jpg\" alt=\"\" width=\"181\" height=\"125\" srcset=\"https:\/\/www.radiopiu.net\/wordpress\/wp-content\/uploads\/2024\/05\/27b05130-08d8-4987-9c10-3aa1f3ebb8a4-300x208.jpg 300w, https:\/\/www.radiopiu.net\/wordpress\/wp-content\/uploads\/2024\/05\/27b05130-08d8-4987-9c10-3aa1f3ebb8a4-1024x709.jpg 1024w, https:\/\/www.radiopiu.net\/wordpress\/wp-content\/uploads\/2024\/05\/27b05130-08d8-4987-9c10-3aa1f3ebb8a4-768x532.jpg 768w, https:\/\/www.radiopiu.net\/wordpress\/wp-content\/uploads\/2024\/05\/27b05130-08d8-4987-9c10-3aa1f3ebb8a4.jpg 1125w\" sizes=\"auto, (max-width: 181px) 100vw, 181px\" \/><\/a>PUNTATA 0 &#8211; LA DIRETTA DI PRESENTAZIONE<\/strong><\/span><\/p>\n<p>PRIMA PARTE<\/p>\n<audio class=\"wp-audio-shortcode\" id=\"audio-415501-19\" preload=\"none\" style=\"width: 100%;\" controls=\"controls\"><source type=\"audio\/mpeg\" src=\"https:\/\/www.radiopiu.net\/wordpress\/wp-content\/uploads\/2024\/08\/RF1-5.mp3?_=19\" \/><a href=\"https:\/\/www.radiopiu.net\/wordpress\/wp-content\/uploads\/2024\/08\/RF1-5.mp3\">https:\/\/www.radiopiu.net\/wordpress\/wp-content\/uploads\/2024\/08\/RF1-5.mp3<\/a><\/audio>\n<p>&nbsp;<\/p>\n<p>SECONDA PARTE<\/p>\n<audio class=\"wp-audio-shortcode\" id=\"audio-415501-20\" preload=\"none\" style=\"width: 100%;\" controls=\"controls\"><source type=\"audio\/mpeg\" src=\"https:\/\/www.radiopiu.net\/wordpress\/wp-content\/uploads\/2024\/08\/RF2-5.mp3?_=20\" \/><a href=\"https:\/\/www.radiopiu.net\/wordpress\/wp-content\/uploads\/2024\/08\/RF2-5.mp3\">https:\/\/www.radiopiu.net\/wordpress\/wp-content\/uploads\/2024\/08\/RF2-5.mp3<\/a><\/audio>\n<p>&nbsp;<\/p>\n<p>TERZA PARTE<\/p>\n<audio class=\"wp-audio-shortcode\" id=\"audio-415501-21\" preload=\"none\" style=\"width: 100%;\" controls=\"controls\"><source type=\"audio\/mpeg\" src=\"https:\/\/www.radiopiu.net\/wordpress\/wp-content\/uploads\/2024\/08\/RF3-5.mp3?_=21\" \/><a href=\"https:\/\/www.radiopiu.net\/wordpress\/wp-content\/uploads\/2024\/08\/RF3-5.mp3\">https:\/\/www.radiopiu.net\/wordpress\/wp-content\/uploads\/2024\/08\/RF3-5.mp3<\/a><\/audio>\n<p>&nbsp;<\/p>\n<h2>LA RACCOLTA COMPLETA <a href=\"https:\/\/www.radiopiu.net\/wordpress\/ritratti-sonori-il-programma-di-alessia-dallo-la-raccolta\/\"><span style=\"color: #3366ff;\">CLICCA QUI<\/span><\/a><\/h2>\n<p>&nbsp;<\/p>\n<p>&nbsp;<\/p>\n<hr \/>\n<p>&nbsp;<\/p>\n<h2><span style=\"color: #800080;\">EMOZIONE CONTINUA&#8230;100 ANNI DI PASSIONE RACCONTATI ALLA RADIO<\/span><\/h2>\n<p><span style=\"color: #ff00ff;\"><strong>PUNTATA 10 IL DOPO GUERRA ALLA RADIO<\/strong><\/span><\/p>\n<audio class=\"wp-audio-shortcode\" id=\"audio-415501-22\" preload=\"none\" style=\"width: 100%;\" controls=\"controls\"><source type=\"audio\/mpeg\" src=\"https:\/\/www.radiopiu.net\/wordpress\/wp-content\/uploads\/2024\/10\/PL1-1.mp3?_=22\" \/><a href=\"https:\/\/www.radiopiu.net\/wordpress\/wp-content\/uploads\/2024\/10\/PL1-1.mp3\">https:\/\/www.radiopiu.net\/wordpress\/wp-content\/uploads\/2024\/10\/PL1-1.mp3<\/a><\/audio>\n<p>&nbsp;<\/p>\n<h2>LA RACCOLTA COMPLETA <a href=\"https:\/\/www.radiopiu.net\/wordpress\/emozione-continua-100-anni-di-passione-raccontati-alla-radio-la-raccolta\/\"><span style=\"color: #3366ff;\">CLICCA QUI<\/span><\/a><\/h2>\n<p>&nbsp;<\/p>\n<hr \/>\n<p>&nbsp;<\/p>\n<h2><span style=\"color: #ffcc00;\">VERTICAL FFB: PODIO DA RECORD CON I FUORICLASSE ALLA VERTICAL COSTOLINA<\/span><\/h2>\n<p><a class=\"dt-pswp-item\" href=\"https:\/\/www.radiopiu.net\/wordpress\/wp-content\/uploads\/2024\/09\/Senza-nome-79.png\" data-dt-img-description=\"\" data-large_image_width=\"440\" data-large_image_height=\"77\"><img loading=\"lazy\" decoding=\"async\" class=\"wp-image-411962 size-medium aligncenter\" src=\"https:\/\/www.radiopiu.net\/wordpress\/wp-content\/uploads\/2024\/09\/Senza-nome-79-300x53.png\" alt=\"\" width=\"300\" height=\"53\" srcset=\"https:\/\/www.radiopiu.net\/wordpress\/wp-content\/uploads\/2024\/09\/Senza-nome-79-300x53.png 300w, https:\/\/www.radiopiu.net\/wordpress\/wp-content\/uploads\/2024\/09\/Senza-nome-79.png 440w\" sizes=\"auto, (max-width: 300px) 100vw, 300px\" \/><\/a><\/p>\n<p>&nbsp;<\/p>\n<p><strong>di mattia valentini<\/strong><\/p>\n<p dir=\"ltr\">Podio da record all\u2019edizione numero 15 della Vertical Costolina grazie alla presenza di tre fuoriclasse Federico Kikko Nicolini quattro anni dopo torna in testa alla gara di Ziano di Fiemme battendo di 12\u201d il record di Stefano Gardener Con un tempo di 24\u201949\u201d il campione italiano di skialp vertical 2024 del Laspo Team \u00e8 davanti al primierotto Hermann Debertolis (G.S. Fiamme Oro) 24\u201957\u201d, chiude il podio Davide Magnini (Team New Balance) 25\u201942\u201d. Prima piazza femminile per Kristel Mottin (Running Team Zan\u00e9 &#8211; Bela Ladinia) che torna alla vittoria dopo la Vertical Buffaure e la Vertical Ciok Vedeler con un tempo di 36\u201932\u201d, seguono Vittoria Mandelli (Maddalene Sky Team) 37\u201901\u201d e Beatrice Deflorian (U.S. Cornacci) 37\u201908\u201d 106 gli atleti al via della quinta tappa del circuito vertical Fiemme Fassa Biois con\u00a0 700 metri di dislivello per 2,8 chilometri di sviluppo, che ha visto protagonisti, sabato 19 ottobre, anche i ragazzi impegnati nell\u2019ultima prova delle junior track FFB.\u00a0 Un pomeriggio all\u2019insegna dello sport e del divertimento quello organizzato dalla A.S.D. Cauriol ma anche occasione del ricordo di Alessandro Conti scomparso 9 anni fa.\u00a0Ultimo appuntamento del circuito Fiemme Fassa Biois la Vertical Scaldagambe di Tesero, con consegna del premio finisher per chi ha completato almeno 4 prove.<span id=\"gmail-docs-internal-guid-04fa7bb7-7fff-d8eb-ff29-20f2f68912b7\">Info e iscrizioni al sito <a href=\"http:\/\/www.latemarun.com\">www.latemarun.com<\/a><\/span><\/p>\n<audio class=\"wp-audio-shortcode\" id=\"audio-415501-23\" preload=\"none\" style=\"width: 100%;\" controls=\"controls\"><source type=\"audio\/mpeg\" src=\"https:\/\/www.radiopiu.net\/wordpress\/wp-content\/uploads\/2024\/10\/VK-Costolina-Recap.mp3?_=23\" \/><a href=\"https:\/\/www.radiopiu.net\/wordpress\/wp-content\/uploads\/2024\/10\/VK-Costolina-Recap.mp3\">https:\/\/www.radiopiu.net\/wordpress\/wp-content\/uploads\/2024\/10\/VK-Costolina-Recap.mp3<\/a><\/audio>\n<p><strong><span style=\"color: #ff0000;\">\u00a0<span style=\"color: #000000;\">\u00a0<\/span><\/span><\/strong><\/p>\n<hr \/>\n<p>&nbsp;<\/p>\n<h2><span style=\"color: #008080;\">SALUTE &amp; SOCIETA&#8217;<\/span><\/h2>\n<p><span style=\"color: #ff0000;\"><strong><a class=\"dt-pswp-item\" href=\"https:\/\/www.radiopiu.net\/wordpress\/wp-content\/uploads\/2024\/10\/74b75a80-4c0a-8d48-7c8f-0c478957f20c.jpg\" data-dt-img-description=\"\" data-large_image_width=\"1200\" data-large_image_height=\"675\"><img loading=\"lazy\" decoding=\"async\" class=\" wp-image-415584 alignleft\" src=\"https:\/\/www.radiopiu.net\/wordpress\/wp-content\/uploads\/2024\/10\/74b75a80-4c0a-8d48-7c8f-0c478957f20c-300x169.jpg\" alt=\"\" width=\"181\" height=\"102\" srcset=\"https:\/\/www.radiopiu.net\/wordpress\/wp-content\/uploads\/2024\/10\/74b75a80-4c0a-8d48-7c8f-0c478957f20c-300x169.jpg 300w, https:\/\/www.radiopiu.net\/wordpress\/wp-content\/uploads\/2024\/10\/74b75a80-4c0a-8d48-7c8f-0c478957f20c-1024x576.jpg 1024w, https:\/\/www.radiopiu.net\/wordpress\/wp-content\/uploads\/2024\/10\/74b75a80-4c0a-8d48-7c8f-0c478957f20c-768x432.jpg 768w, https:\/\/www.radiopiu.net\/wordpress\/wp-content\/uploads\/2024\/10\/74b75a80-4c0a-8d48-7c8f-0c478957f20c.jpg 1200w\" sizes=\"auto, (max-width: 181px) 100vw, 181px\" \/><\/a>21 OTTOBRE 2024<\/strong><\/span><\/p>\n<p><strong>Malattia Renale Cronica &#8211; Giornata della vista <\/strong>SIN e Ministero della Salute insieme per un PPDTA (Percorso Preventivo Diagnostico Terapeutico Assistenziale) della Malattia Renale Cronica, patologia che rappresenta una priorit\u00e0 per la salute pubblica per rilevanza epidemiologica, gravit\u00e0, peso assistenziale ed economico. La emarginazione dell\u2019Assistenza Oculistica, posizionata negli ultimi 20 anni tra le cure di tipo Elettivo, quindi non prioritarie, in quanto non salvavita, ha portato ad una retrocessione dei sovvenzionamenti che ha ridotto progressivamente il numero dei Medici Oculisti dipendenti SSN.<\/p>\n<audio class=\"wp-audio-shortcode\" id=\"audio-415501-24\" preload=\"none\" style=\"width: 100%;\" controls=\"controls\"><source type=\"audio\/mpeg\" src=\"https:\/\/www.radiopiu.net\/wordpress\/wp-content\/uploads\/2024\/10\/S1.mp3?_=24\" \/><a href=\"https:\/\/www.radiopiu.net\/wordpress\/wp-content\/uploads\/2024\/10\/S1.mp3\">https:\/\/www.radiopiu.net\/wordpress\/wp-content\/uploads\/2024\/10\/S1.mp3<\/a><\/audio>\n<p>&nbsp;<\/p>\n<p><strong>Bandi Gilead &#8211; Malattie rare <\/strong>Un milione e mezzo di euro per scrivere nuove storie di innovazione, assistenza e solidariet\u00e0 grazie al Fellowship e Community Award Program, le due iniziative di Gilead Sciences per cambiare le storie di vita e di salute di chi \u00e8 colpito da malattie infettive, oncologiche e ematologiche. Al VII Seminario di Mogliano Veneto uno dei temi chiave \u00e8 stato l&#8217;accesso ai farmaci per le malattie rare, una sfida importante che riguarda molti pazienti in Italia.<\/p>\n<audio class=\"wp-audio-shortcode\" id=\"audio-415501-25\" preload=\"none\" style=\"width: 100%;\" controls=\"controls\"><source type=\"audio\/mpeg\" src=\"https:\/\/www.radiopiu.net\/wordpress\/wp-content\/uploads\/2024\/10\/S2.mp3?_=25\" \/><a href=\"https:\/\/www.radiopiu.net\/wordpress\/wp-content\/uploads\/2024\/10\/S2.mp3\">https:\/\/www.radiopiu.net\/wordpress\/wp-content\/uploads\/2024\/10\/S2.mp3<\/a><\/audio>\n<p>&nbsp;<\/p>\n<hr \/>\n<p>&nbsp;<\/p>\n<h2><span style=\"color: #00ff00;\">I RACCONTI DI PAOLO SOPPELSA<\/span><\/h2>\n<p><strong>SOLITUDINI<\/strong><\/p>\n<p><strong>AUDIO<\/strong><\/p>\n<audio class=\"wp-audio-shortcode\" id=\"audio-415501-26\" preload=\"none\" style=\"width: 100%;\" controls=\"controls\"><source type=\"audio\/mpeg\" src=\"https:\/\/www.radiopiu.net\/wordpress\/wp-content\/uploads\/2024\/10\/PAOLOS-2.mp3?_=26\" \/><a href=\"https:\/\/www.radiopiu.net\/wordpress\/wp-content\/uploads\/2024\/10\/PAOLOS-2.mp3\">https:\/\/www.radiopiu.net\/wordpress\/wp-content\/uploads\/2024\/10\/PAOLOS-2.mp3<\/a><\/audio>\n<p>&nbsp;<\/p>\n<p><a class=\"dt-pswp-item\" href=\"https:\/\/www.radiopiu.net\/wordpress\/wp-content\/uploads\/2024\/10\/31c129ea-9947-42ce-96a9-04bad9adc1f6.jpg\" data-dt-img-description=\"\" data-large_image_width=\"1074\" data-large_image_height=\"1088\"><img loading=\"lazy\" decoding=\"async\" class=\" wp-image-415418 alignleft\" src=\"https:\/\/www.radiopiu.net\/wordpress\/wp-content\/uploads\/2024\/10\/31c129ea-9947-42ce-96a9-04bad9adc1f6-296x300.jpg\" alt=\"\" width=\"159\" height=\"161\" srcset=\"https:\/\/www.radiopiu.net\/wordpress\/wp-content\/uploads\/2024\/10\/31c129ea-9947-42ce-96a9-04bad9adc1f6-296x300.jpg 296w, https:\/\/www.radiopiu.net\/wordpress\/wp-content\/uploads\/2024\/10\/31c129ea-9947-42ce-96a9-04bad9adc1f6-1011x1024.jpg 1011w, https:\/\/www.radiopiu.net\/wordpress\/wp-content\/uploads\/2024\/10\/31c129ea-9947-42ce-96a9-04bad9adc1f6-768x778.jpg 768w, https:\/\/www.radiopiu.net\/wordpress\/wp-content\/uploads\/2024\/10\/31c129ea-9947-42ce-96a9-04bad9adc1f6.jpg 1074w\" sizes=\"auto, (max-width: 159px) 100vw, 159px\" \/><\/a>All&#8217;alba di quella domenica aveva faticato non poco per accendere il fuoco nella cucina economica. Lass\u00f9 alla baita aveva trovato la legna inumidita dalle insistenti piogge d&#8217;ottobre e quel fumo bianco, stentato e incerto, era uscito lentamente dal camino per poi perdersi nel grigiore di quelle pesanti nuvole d&#8217;autunno. Nel bosco regnava il silenzio dei giorni di pioggia a sprazzi e ad ogni soffio di vento umido, le foglie stanche dei faggi lasciavano per sempre i loro rami per poi andare a morire sull&#8217;erba fradicia. Un giorno grigio appena nato, i boschi color ruggine e tutte le solitudini del profondo autunno che regnava nella valle; era questo il tempo che aveva sognato e desiderato per molti mesi, e adesso finalmente lo stava vivendo assaporandone ogni essenza. Osservava i larici indecisi che apparivano dubbiosi sul cambiarsi d&#8217;abito, sul passare dal verde brillante al giallo oro, guardava gli abeti che invece non sembravano porsi particolari domande. Per loro non cambiava granch\u00e9, sarebbero rimasti vestiti del loro verde cupo e temevano solamente la grande neve, magari bagnata, buona per spezzarne i rami o addirittura per farli schiantare tristemente al suolo, come accadeva frequentemente durante certi inverni nevosi. Quando il fuoco prese vigore usc\u00ec dalla baita e trov\u00f2 un tempo gocciolante e silente. Sal\u00ec per pochi passi il sentiero e poi si ferm\u00f2 sul pulpito dal quale poteva ammirare l&#8217;intera valle. In quegli attimi di fine ottobre le nuvole avevano momentaneamente abbandonato le cime e l&#8217;alta parete del Pelsa si presentava bagnata e scura. Sotto alla possente muraglia rocciosa il bosco mostrava le tinte rossastre dei faggi e pi\u00f9 in basso ancora, le acque dei due torrenti che si uniscono in matrimonio prima di entrare nel piccolo lago, mostravano il loro carattere quasi novembrino. Quella voce grave di acque inquiete saliva fin lass\u00f9, oltre trecento metri pi\u00f9 in alto, e raccontava di quell&#8217;autunno umido e uggioso, carico di pioggia che gonfiava i pisandoi delle Pale. All&#8217;orizzonte sud, quelle acque d&#8217;ottobre che uscivano dalle viscere della montagna, si gettavano a capofitto lungo gli ombrosi e verticali canaloni fino a raggiungere le nervose acque del Cordevole. Era tempo di pioggia incombente e solitudini cercate, di un fuoco amico che teneva compagnia e di un caff\u00e8 bollente che profumava quella piccola stanza carica di silenzi che lo facevano sentire in sintonia con la montagna autunnale. Un&#8217;intera giornata priva di parole da pronunciare e ascoltare, solamente il canto malinconico di quella pioggia che scendeva a sprazzi e il crepitare secco della legna di larice che bruciava nella stufa ora rovente. Un tempo quieto, necessario, che sapeva di sottobosco bagnato e funghi, un tempo di nubi che chiamavano quel novembre ormai imminente. Poi, in quegli attimi di fuoco ormai morente e di ombre della sera che iniziavano a calare sulla valle, sent\u00ec dei passi leggeri che avanzavano sul tappeto di foglie di faggio. Una femmina di cervo apparve da dietro gli alberi e avanz\u00f2 con il suo incedere elegante fino a raggiungere la radura antistante la baita. L\u00ec si ferm\u00f2 e inizi\u00f2 a brucare quell&#8217;erba stanca pronta a farsi coprire dalla prima neve. Era tranquilla, il suo era un muoversi rilassato. Lui scost\u00f2 la tenda e lei si accorse subito della sua presenza. Si guardarono a lungo, entrambi senza muoversi, poi dopo alcuni minuti la femmina di cervo prese lentamente la via del bosco ormai immerso nella quasi notte. Termin\u00f2 cos\u00ec la solitudine vissuta durante quella giornata di nuvole e silenzi d&#8217;autunno; al suo ritorno avrebbe incontrato l&#8217;anima malinconica di novembre.<\/p>\n<p>&nbsp;<\/p>\n<blockquote class=\"wp-embedded-content\" data-secret=\"V0D3Zl70MB\"><p><a href=\"https:\/\/www.radiopiu.net\/wordpress\/almanac1\/\">N di parom &#8211; L Almanach de la nosta jent RACCOLTA COMPLETA<\/a><\/p><\/blockquote>\n<p><iframe loading=\"lazy\" class=\"wp-embedded-content\" sandbox=\"allow-scripts\" security=\"restricted\" style=\"position: absolute; visibility: hidden;\" title=\"&#8220;N di parom &#8211; L Almanach de la nosta jent RACCOLTA COMPLETA&#8221; &#8212; Radio Pi\u00f9\" src=\"https:\/\/www.radiopiu.net\/wordpress\/almanac1\/embed\/#?secret=4sLtJelLmb#?secret=V0D3Zl70MB\" data-secret=\"V0D3Zl70MB\" width=\"600\" height=\"338\" frameborder=\"0\" marginwidth=\"0\" marginheight=\"0\" scrolling=\"no\"><\/iframe><\/p>\n<blockquote class=\"wp-embedded-content\" data-secret=\"XotVB1SM4i\"><p><a href=\"https:\/\/www.radiopiu.net\/wordpress\/set5a\/\">EL BAL DEL FIOR, DETTI E MODI DI DIRE  LA RACCOLTA COMPLETA<\/a><\/p><\/blockquote>\n<p><iframe loading=\"lazy\" class=\"wp-embedded-content\" sandbox=\"allow-scripts\" security=\"restricted\" style=\"position: absolute; visibility: hidden;\" title=\"&#8220;EL BAL DEL FIOR, DETTI E MODI DI DIRE  LA RACCOLTA COMPLETA&#8221; &#8212; Radio Pi\u00f9\" src=\"https:\/\/www.radiopiu.net\/wordpress\/set5a\/embed\/#?secret=fhFRZULngw#?secret=XotVB1SM4i\" data-secret=\"XotVB1SM4i\" width=\"600\" height=\"338\" frameborder=\"0\" marginwidth=\"0\" marginheight=\"0\" scrolling=\"no\"><\/iframe><\/p>\n<p>&nbsp;<\/p>\n<blockquote class=\"wp-embedded-content\" data-secret=\"PyTZRG6UKn\"><p><a href=\"https:\/\/www.radiopiu.net\/wordpress\/pirole-de-lenga-la-parola-del-giorno-a-cura-del-musla-raccolta-completa\/\">PIROLE DE LENGA&#8230; LA PAROLA DEL GIORNO A CURA DEL MUSLA -raccolta completa &#8211;<\/a><\/p><\/blockquote>\n<p><iframe loading=\"lazy\" class=\"wp-embedded-content\" sandbox=\"allow-scripts\" security=\"restricted\" style=\"position: absolute; visibility: hidden;\" title=\"&#8220;PIROLE DE LENGA&#8230; LA PAROLA DEL GIORNO A CURA DEL MUSLA -raccolta completa &#8211;&#8221; &#8212; Radio Pi\u00f9\" src=\"https:\/\/www.radiopiu.net\/wordpress\/pirole-de-lenga-la-parola-del-giorno-a-cura-del-musla-raccolta-completa\/embed\/#?secret=iue5GLE89t#?secret=PyTZRG6UKn\" data-secret=\"PyTZRG6UKn\" width=\"600\" height=\"338\" frameborder=\"0\" marginwidth=\"0\" marginheight=\"0\" scrolling=\"no\"><\/iframe><\/p>\n<p>&nbsp;<\/p>\n<hr \/>\n<p>&nbsp;<\/p>\n<h2><span style=\"color: #ff0000;\"><a class=\"dt-pswp-item\" href=\"https:\/\/www.radiopiu.net\/wordpress\/wp-content\/uploads\/2018\/09\/appuntamenti.jpeg\" data-dt-img-description=\"\" data-large_image_width=\"800\" data-large_image_height=\"100\"><img loading=\"lazy\" decoding=\"async\" class=\"wp-image-61958 size-full aligncenter\" src=\"https:\/\/www.radiopiu.net\/wordpress\/wp-content\/uploads\/2018\/09\/appuntamenti.jpeg\" alt=\"\" width=\"800\" height=\"100\" srcset=\"https:\/\/www.radiopiu.net\/wordpress\/wp-content\/uploads\/2018\/09\/appuntamenti.jpeg 800w, https:\/\/www.radiopiu.net\/wordpress\/wp-content\/uploads\/2018\/09\/appuntamenti-300x38.jpeg 300w, https:\/\/www.radiopiu.net\/wordpress\/wp-content\/uploads\/2018\/09\/appuntamenti-768x96.jpeg 768w\" sizes=\"auto, (max-width: 800px) 100vw, 800px\" \/><\/a><\/span><\/h2>\n<p><iframe loading=\"lazy\" title=\"FORMULA 3\" width=\"1200\" height=\"900\" src=\"https:\/\/www.youtube.com\/embed\/I21aWSYA3OI?feature=oembed\" frameborder=\"0\" allow=\"accelerometer; autoplay; clipboard-write; encrypted-media; gyroscope; picture-in-picture; web-share\" referrerpolicy=\"strict-origin-when-cross-origin\" allowfullscreen><\/iframe><\/p>\n<p><strong>FALCADE<\/strong>\u00a0 Riapre il Cinema Dolomiti di Falcade. Sabato e domenica verr\u00e0 proiettato il film Vermiglio, presentato anche alla Mostra del Cinema di Venezia. Spettacoli alle 21, domenica anche alle 15:30<\/p>\n<div class=\"flex-shrink-0 flex flex-col relative items-end\">\n<div class=\"pt-0\">\n<div class=\"gizmo-bot-avatar flex h-8 w-8 items-center justify-center overflow-hidden rounded-full\">\n<p class=\"relative p-1 rounded-sm flex items-center justify-center bg-token-main-surface-primary text-token-text-primary h-8 w-8\"><strong>CANALE D&#8217;AGORDO <\/strong>Jazzercise \u00e8 un allenamento ad alta intensit\u00e0 che combina danza, pilates, yoga e kickboxing, adatto a tutti i livelli di fitness. \u00c8 efficace per tonificare i muscoli, migliorare la postura e ottenere un fisico snello. Nell&#8217;Agordino, le lezioni si tengono a Canale d&#8217;Agordo, nella sala ex emigranti di via Lotta, il luned\u00ec dalle 18:15 alle 19:15 e il mercoled\u00ec dalle 18:30 alle 19:30. L&#8217;istruttrice certificata RaLuca ti aspetta per un allenamento coinvolgente al ritmo di musica attuale. Per informazioni: 347 9295478<\/p>\n<p><strong>AGORDO UN VIAGGIO NELLA MUSICA ANNI SESSANTA E SETTANTA, &#8220;OPERAZIONE NOSTALGIA&#8221;,<\/strong> INCURSIONE NEI DECENNI SUCCESSIVI DEL SECOLO SCORSO Elisa Forcellini voce, <span class=\"html-span xdj266r x11i5rnm xat24cr x1mh8g0r xexx8yu x4uap5 x18d9i69 xkhd6sd x1hl2dhg x16tdsg8 x1vvkbs\"><a class=\"x1i10hfl xjbqb8w x1ejq31n xd10rxx x1sy0etr x17r0tee x972fbf xcfux6l x1qhh985 xm0m39n x9f619 x1ypdohk xt0psk2 xe8uvvx xdj266r x11i5rnm xat24cr x1mh8g0r xexx8yu x4uap5 x18d9i69 xkhd6sd x16tdsg8 x1hl2dhg xggy1nq x1a2a7pz x1sur9pj xkrqix3 x1fey0fg x1s688f\" tabindex=\"0\" role=\"link\" href=\"https:\/\/www.facebook.com\/karin.serafini.12?__cft__[0]=AZUS6w-16Ia-jI9bcg7qdsPkS68JCUPOt_Xuv68gElfxirAioFxkGfr9F7TMRlkcx1eLqq4qMjrB_TKQ8HlftDiEv4JV5OQF90tgTXCCBJJ1eNCQHgmp0hzB6raZctEWzHGoETriWhmxVYkKyY-AnYiE3NzGcFnh-hMcANqoZ4dpzMdJdJTy2yiv75vrq41fWxA&amp;__tn__=-]K-y-R\"><span class=\"xt0psk2\">Karin Serafini<\/span><\/a><\/span> basso e voce, Ezio De Zaiacomo tastiere, Graziano Sirena percussioni e voce, <span class=\"html-span xdj266r x11i5rnm xat24cr x1mh8g0r xexx8yu x4uap5 x18d9i69 xkhd6sd x1hl2dhg x16tdsg8 x1vvkbs\"><a class=\"x1i10hfl xjbqb8w x1ejq31n xd10rxx x1sy0etr x17r0tee x972fbf xcfux6l x1qhh985 xm0m39n x9f619 x1ypdohk xt0psk2 xe8uvvx xdj266r x11i5rnm xat24cr x1mh8g0r xexx8yu x4uap5 x18d9i69 xkhd6sd x16tdsg8 x1hl2dhg xggy1nq x1a2a7pz x1sur9pj xkrqix3 x1fey0fg x1s688f\" tabindex=\"0\" role=\"link\" href=\"https:\/\/www.facebook.com\/cosmo.forcella?__cft__[0]=AZUS6w-16Ia-jI9bcg7qdsPkS68JCUPOt_Xuv68gElfxirAioFxkGfr9F7TMRlkcx1eLqq4qMjrB_TKQ8HlftDiEv4JV5OQF90tgTXCCBJJ1eNCQHgmp0hzB6raZctEWzHGoETriWhmxVYkKyY-AnYiE3NzGcFnh-hMcANqoZ4dpzMdJdJTy2yiv75vrq41fWxA&amp;__tn__=-]K-y-R\"><span class=\"xt0psk2\">Cosmo Forcella<\/span><\/a><\/span> batteria e voce, Loris Scussel chitarre e voce SABATO 26 OTTOBRE DAL LE 20.30 IN SALA DON TAMIS AD AGORDO. ORGANIZZA L&#8217;ASSOCIAZIONE PETTIROSSO AGORDINO ENTRATA LIBERA<\/p>\n<\/div>\n<\/div>\n<\/div>\n<p><strong>CENCENIGHE<\/strong> La Famiglia Agordina Ex Emigranti organizza la Giornata dell\u2019Emigrante domenica 27 ottobre, un&#8217;occasione di festa e condivisione per chi ha vissuto o lavorato all&#8217;estero, o per chi vuole conoscere il mondo delle famiglie ex emigranti Bellunesi. Il programma prevede alle 10:30 la messa nella chiesa di Cencenighe, seguita dall\u2019omaggio al monumento dell\u2019emigrante e dall\u2019esibizione del Coro Alpino Monte Civetta nella sala consiliare. La giornata si concluder\u00e0 con un pranzo al Ristorante Monte Civetta di Listolade, accompagnato dalla cantante Daniela Trentin. Il contributo per il pranzo \u00e8 di 35 euro, prenotazioni al 339 211 4469.<\/p>\n<p><strong>FALCADE<\/strong> La Proloco di Caviola presenta &#8220;Proposte d&#8217;autunno&#8221;, un programma di eventi per vivere meglio. I prossimi appuntamenti includono: un incontro con Mauro Valt alla Casa della Giovent\u00f9 di Caviola il 6 novembre alle 20, e una serata osservando le stelle con &#8220;Cieli Dolomitici&#8221; il 9 novembre alle 20:30. Inoltre, il 10 novembre si svolger\u00e0 una castagnata con gli Alpini in occasione di San Martino, e il 22 novembre ci sar\u00e0 la chiusura con Roberto Sorama\u00e8 e il suo evento &#8220;Sete d\u2019Africa&#8221; alla Casa della Giovent\u00f9. Per informazioni: 349 1945861.<\/p>\n<p><strong>BELLUNO <\/strong>Venerd\u00ec 8 novembre, dalle ore 18, presso l&#8217;aula magna dell&#8217;Istituto Superiore Tommaso Catullo di Belluno, si terr\u00e0 un evento organizzato da Pig&amp;Menti, che propone un dialogo sugli archetipi tra linguistica e neuroscienze. I relatori saranno il professor Michele T\u00ecson e il professor Renzo Barbazza. L&#8217;evento \u00e8 realizzato in collaborazione con Banca Prealpi San Biagio e i dottori Marco Tarascio e Silvia Barbini.<\/p>\n<p>&nbsp;<\/p>\n<div>\n<div class=\"\" dir=\"auto\">\n<div id=\":r9h:\" class=\"x1iorvi4 x1pi30zi x1l90r2v x1swvt13\" data-ad-comet-preview=\"message\" data-ad-preview=\"message\">\n\n\t\t\t<style type='text\/css'>\n\t\t\t\t#gallery-3 {\n\t\t\t\t\tmargin: auto;\n\t\t\t\t}\n\t\t\t\t#gallery-3 .gallery-item {\n\t\t\t\t\tfloat: left;\n\t\t\t\t\tmargin-top: 10px;\n\t\t\t\t\ttext-align: center;\n\t\t\t\t\twidth: 25%;\n\t\t\t\t}\n\t\t\t\t#gallery-3 img {\n\t\t\t\t\tborder: 2px solid #cfcfcf;\n\t\t\t\t}\n\t\t\t\t#gallery-3 .gallery-caption {\n\t\t\t\t\tmargin-left: 0;\n\t\t\t\t}\n\t\t\t\t\/* see gallery_shortcode() in wp-includes\/media.php *\/\n\t\t\t<\/style>\n\t\t<div id='gallery-3' class='dt-gallery-container gallery galleryid-415501 gallery-columns-4 gallery-size-thumbnail'><dl class='gallery-item'>\n\t\t\t\t<dt class='gallery-icon portrait'>\n\t\t\t\t\t<a class=\"rollover rollover-zoom dt-pswp-item\" title=\"LOC_A3_MOSTRA-RADIO_CMVI\" data-dt-img-description=\"\" data-large_image_width=\"1816\" data-large_image_height=\"2560\"href='https:\/\/www.radiopiu.net\/wordpress\/wp-content\/uploads\/2024\/08\/LOC_A3_MOSTRA-RADIO_CMVI-scaled.jpg'><img loading=\"lazy\" decoding=\"async\" width=\"150\" height=\"150\" src=\"https:\/\/www.radiopiu.net\/wordpress\/wp-content\/uploads\/2024\/08\/LOC_A3_MOSTRA-RADIO_CMVI-150x150.jpg\" class=\"attachment-thumbnail size-thumbnail\" alt=\"\" aria-describedby=\"gallery-3-403450\" \/><\/a>\n\t\t\t\t<\/dt>\n\t\t\t\t\t<dd class='wp-caption-text gallery-caption' id='gallery-3-403450'>\n\t\t\t\t\tLA MOSTRA DELLE RADIO IN VALLE IMPERINA\n\t\t\t\t\t<\/dd><\/dl><dl class='gallery-item'>\n\t\t\t\t<dt class='gallery-icon portrait'>\n\t\t\t\t\t<a class=\"rollover rollover-zoom dt-pswp-item\" title=\"cai agordo\" data-dt-img-description=\"\" data-large_image_width=\"490\" data-large_image_height=\"947\"href='https:\/\/www.radiopiu.net\/wordpress\/wp-content\/uploads\/2024\/09\/cai-agordo.png'><img loading=\"lazy\" decoding=\"async\" width=\"150\" height=\"150\" src=\"https:\/\/www.radiopiu.net\/wordpress\/wp-content\/uploads\/2024\/09\/cai-agordo-150x150.png\" class=\"attachment-thumbnail size-thumbnail\" alt=\"\" aria-describedby=\"gallery-3-411791\" \/><\/a>\n\t\t\t\t<\/dt>\n\t\t\t\t\t<dd class='wp-caption-text gallery-caption' id='gallery-3-411791'>\n\t\t\t\t\tSERE D&#8217;AUTUNNO CON IL CAI DI AGORDO\n\t\t\t\t\t<\/dd><\/dl><dl class='gallery-item'>\n\t\t\t\t<dt class='gallery-icon portrait'>\n\t\t\t\t\t<a class=\"rollover rollover-zoom dt-pswp-item\" title=\"afede08f-130d-46e3-820a-6cddfdaa7d71\" data-dt-img-description=\"\" data-large_image_width=\"1131\" data-large_image_height=\"1600\"href='https:\/\/www.radiopiu.net\/wordpress\/wp-content\/uploads\/2024\/10\/afede08f-130d-46e3-820a-6cddfdaa7d71.jpg'><img loading=\"lazy\" decoding=\"async\" width=\"150\" height=\"150\" src=\"https:\/\/www.radiopiu.net\/wordpress\/wp-content\/uploads\/2024\/10\/afede08f-130d-46e3-820a-6cddfdaa7d71-150x150.jpg\" class=\"attachment-thumbnail size-thumbnail\" alt=\"\" aria-describedby=\"gallery-3-413137\" \/><\/a>\n\t\t\t\t<\/dt>\n\t\t\t\t\t<dd class='wp-caption-text gallery-caption' id='gallery-3-413137'>\n\t\t\t\t\tA CENCENIGHE \n\t\t\t\t\t<\/dd><\/dl><dl class='gallery-item'>\n\t\t\t\t<dt class='gallery-icon portrait'>\n\t\t\t\t\t<a class=\"rollover rollover-zoom dt-pswp-item\" title=\"967a322c-9996-42d7-af75-662ca7d89e84\" data-dt-img-description=\"\" data-large_image_width=\"1080\" data-large_image_height=\"1519\"href='https:\/\/www.radiopiu.net\/wordpress\/wp-content\/uploads\/2024\/10\/967a322c-9996-42d7-af75-662ca7d89e84-1.jpg'><img loading=\"lazy\" decoding=\"async\" width=\"150\" height=\"150\" src=\"https:\/\/www.radiopiu.net\/wordpress\/wp-content\/uploads\/2024\/10\/967a322c-9996-42d7-af75-662ca7d89e84-1-150x150.jpg\" class=\"attachment-thumbnail size-thumbnail\" alt=\"\" aria-describedby=\"gallery-3-413698\" \/><\/a>\n\t\t\t\t<\/dt>\n\t\t\t\t\t<dd class='wp-caption-text gallery-caption' id='gallery-3-413698'>\n\t\t\t\t\tDOMANI\n\t\t\t\t\t<\/dd><\/dl><br style=\"clear: both\" \/><dl class='gallery-item'>\n\t\t\t\t<dt class='gallery-icon portrait'>\n\t\t\t\t\t<a class=\"rollover rollover-zoom dt-pswp-item\" title=\"f947fdbb-45ad-4c5d-b426-66dfc10ada16\" data-dt-img-description=\"\" data-large_image_width=\"1142\" data-large_image_height=\"1600\"href='https:\/\/www.radiopiu.net\/wordpress\/wp-content\/uploads\/2024\/10\/f947fdbb-45ad-4c5d-b426-66dfc10ada16.jpg'><img loading=\"lazy\" decoding=\"async\" width=\"150\" height=\"150\" src=\"https:\/\/www.radiopiu.net\/wordpress\/wp-content\/uploads\/2024\/10\/f947fdbb-45ad-4c5d-b426-66dfc10ada16-150x150.jpg\" class=\"attachment-thumbnail size-thumbnail\" alt=\"\" aria-describedby=\"gallery-3-413896\" \/><\/a>\n\t\t\t\t<\/dt>\n\t\t\t\t\t<dd class='wp-caption-text gallery-caption' id='gallery-3-413896'>\n\t\t\t\t\tIL 26 OTTOBRE ALLA PALESTRA B-FIT\n\t\t\t\t\t<\/dd><\/dl><dl class='gallery-item'>\n\t\t\t\t<dt class='gallery-icon portrait'>\n\t\t\t\t\t<a class=\"rollover rollover-zoom dt-pswp-item\" title=\"b783bbcc-c66e-4db7-96b5-e845a2664a84\" data-dt-img-description=\"\" data-large_image_width=\"509\" data-large_image_height=\"720\"href='https:\/\/www.radiopiu.net\/wordpress\/wp-content\/uploads\/2024\/10\/b783bbcc-c66e-4db7-96b5-e845a2664a84.jpg'><img loading=\"lazy\" decoding=\"async\" width=\"150\" height=\"150\" src=\"https:\/\/www.radiopiu.net\/wordpress\/wp-content\/uploads\/2024\/10\/b783bbcc-c66e-4db7-96b5-e845a2664a84-150x150.jpg\" class=\"attachment-thumbnail size-thumbnail\" alt=\"\" aria-describedby=\"gallery-3-414272\" \/><\/a>\n\t\t\t\t<\/dt>\n\t\t\t\t\t<dd class='wp-caption-text gallery-caption' id='gallery-3-414272'>\n\t\t\t\t\tIL 31 OTTOBRE\n\t\t\t\t\t<\/dd><\/dl><dl class='gallery-item'>\n\t\t\t\t<dt class='gallery-icon portrait'>\n\t\t\t\t\t<a class=\"rollover rollover-zoom dt-pswp-item\" title=\"Cometa\" data-dt-img-description=\"\" data-large_image_width=\"768\" data-large_image_height=\"1086\"href='https:\/\/www.radiopiu.net\/wordpress\/wp-content\/uploads\/2024\/10\/Cometa.jpg'><img loading=\"lazy\" decoding=\"async\" width=\"150\" height=\"150\" src=\"https:\/\/www.radiopiu.net\/wordpress\/wp-content\/uploads\/2024\/10\/Cometa-150x150.jpg\" class=\"attachment-thumbnail size-thumbnail\" alt=\"\" aria-describedby=\"gallery-3-415379\" \/><\/a>\n\t\t\t\t<\/dt>\n\t\t\t\t\t<dd class='wp-caption-text gallery-caption' id='gallery-3-415379'>\n\t\t\t\t\tAL CENTRO ASTRONOMICO DI ARSON\n\t\t\t\t\t<\/dd><\/dl><dl class='gallery-item'>\n\t\t\t\t<dt class='gallery-icon portrait'>\n\t\t\t\t\t<a class=\"rollover rollover-zoom dt-pswp-item\" title=\"Locandina\" data-dt-img-description=\"\" data-large_image_width=\"943\" data-large_image_height=\"1330\"href='https:\/\/www.radiopiu.net\/wordpress\/wp-content\/uploads\/2024\/10\/Locandina.png'><img loading=\"lazy\" decoding=\"async\" width=\"150\" height=\"150\" src=\"https:\/\/www.radiopiu.net\/wordpress\/wp-content\/uploads\/2024\/10\/Locandina-150x150.png\" class=\"attachment-thumbnail size-thumbnail\" alt=\"\" aria-describedby=\"gallery-3-415380\" \/><\/a>\n\t\t\t\t<\/dt>\n\t\t\t\t\t<dd class='wp-caption-text gallery-caption' id='gallery-3-415380'>\n\t\t\t\t\tCON L&#8217;ASSOCIAZIONE CUCCHINI\n\t\t\t\t\t<\/dd><\/dl><br style=\"clear: both\" \/>\n\t\t\t<\/div>\n\n<p>&nbsp;<\/p>\n<\/div>\n<\/div>\n<\/div>\n<p>&nbsp;<\/p>\n<hr \/>\n<p>&nbsp;<\/p>\n<p class=\"mceTemp\"><a class=\"dt-pswp-item\" href=\"https:\/\/www.radiopiu.net\/wordpress\/wp-content\/uploads\/2018\/09\/WhatsApp-Image-2018-09-20-at-16.04.06.jpeg\" data-dt-img-description=\"\" data-large_image_width=\"800\" data-large_image_height=\"100\"><img loading=\"lazy\" decoding=\"async\" class=\"wp-image-61378 size-full aligncenter\" src=\"https:\/\/www.radiopiu.net\/wordpress\/wp-content\/uploads\/2018\/09\/WhatsApp-Image-2018-09-20-at-16.04.06.jpeg\" alt=\"\" width=\"800\" height=\"100\" srcset=\"https:\/\/www.radiopiu.net\/wordpress\/wp-content\/uploads\/2018\/09\/WhatsApp-Image-2018-09-20-at-16.04.06.jpeg 800w, https:\/\/www.radiopiu.net\/wordpress\/wp-content\/uploads\/2018\/09\/WhatsApp-Image-2018-09-20-at-16.04.06-300x38.jpeg 300w, https:\/\/www.radiopiu.net\/wordpress\/wp-content\/uploads\/2018\/09\/WhatsApp-Image-2018-09-20-at-16.04.06-768x96.jpeg 768w\" sizes=\"auto, (max-width: 800px) 100vw, 800px\" \/><\/a><\/p>\n<p><center><\/center><center><\/center>&nbsp;<\/p>\n<p><b>OGGI <\/b>Sereno o poco nuvoloso su dolomiti con nubi basse in alcuni fondovalle fino a met\u00e0 mattino e in nuova formazione dalla sera. Su Prealpi sereno o poco nuvoloso in quota, maggior probabilit\u00e0 di nubi basse localmente persistenti nelle valli e a ridosso della pedemontana.<br \/>\n<strong>Precipitazioni.<\/strong> Dalla serata possibile pioviggine sparsa su alcuni settori prealpini<br \/>\n<strong>Temperature.<\/strong> In generale lieve calo, salvo le massime nelle valli che potrebbero rimanere pressoch\u00e9 stazionarie. Forte escursione termica giornaliera nelle valli.<\/p>\n<hr \/>\n<p><strong>DOMANI<\/strong>\u00a0Cielo da parzialmente nuvoloso a nuvoloso per maggiore nuvolosit\u00e0 stratiforme medio-alta in giornata assieme alla probabilit\u00e0 di nubi basse in diversi fondovalle.<br \/>\n<strong>Precipitazioni.<\/strong> Molto deboli o deboli, sparse ed intermittenti possibili gi\u00e0 al mattino su Prealpi pi\u00f9 probabili tra le ore centrali e met\u00e0 pomeriggio e anche su Dolomiti<br \/>\n<strong>Temperature.<\/strong>\u00a0In leggera diminuzione, eccetto rialzo delle minime in molte valli.<\/p>\n<hr \/>\n<p><b>GIOVEDI <\/b>Cielo da parzialmente nuvoloso su Dolomiti a tratti nuvoloso su Prealpi. Temperature in leggera ulteriore diminuzione in quota, senza notevoli variazioni nelle valli. Venti deboli di direzione variabile nelle valli, salvo locali rinforzi; in quota deboli da sud-ovest.<\/p>\n<hr \/>\n<p><strong>VENERDI<\/strong>\u00a0Da poco a parzialmente nuvoloso con tendenza a generale aumento delle nubi dal pomeriggio. Verso sera qualche goccia a partire da Prealpi occidentali. Temperature stazionarie.<\/p>\n<p>&nbsp;<\/p>\n<p>&nbsp;<\/p>\n<hr \/>\n<p>&nbsp;<\/p>\n<p>&nbsp;<\/p>\n<p class=\"mceTemp\"><a class=\"dt-pswp-item\" href=\"https:\/\/www.radiopiu.net\/wordpress\/wp-content\/uploads\/2018\/09\/sport.jpg\" data-dt-img-description=\"\" data-large_image_width=\"800\" data-large_image_height=\"100\"><img loading=\"lazy\" decoding=\"async\" class=\"aligncenter wp-image-60761 size-full\" src=\"https:\/\/www.radiopiu.net\/wordpress\/wp-content\/uploads\/2018\/09\/sport.jpg\" alt=\"\" width=\"800\" height=\"100\" srcset=\"https:\/\/www.radiopiu.net\/wordpress\/wp-content\/uploads\/2018\/09\/sport.jpg 800w, https:\/\/www.radiopiu.net\/wordpress\/wp-content\/uploads\/2018\/09\/sport-300x38.jpg 300w, https:\/\/www.radiopiu.net\/wordpress\/wp-content\/uploads\/2018\/09\/sport-768x96.jpg 768w\" sizes=\"auto, (max-width: 800px) 100vw, 800px\" \/><\/a><span style=\"color: #0000ff;\"><strong>\u00a0 \u00a0 \u00a0\u00a0<\/strong><\/span><\/p>\n<p><span style=\"color: #0000ff;\"><strong>\u00a0<\/strong><\/span><\/p>\n<p><span style=\"color: #0000ff;\"><strong>PALLAVOLO<\/strong><\/span><\/p>\n<blockquote>\n<h3>GIANLUCA LOGLISCI DA UNA SCOSSA AL BELLUNO VOLLEY<\/h3>\n<\/blockquote>\n<p><a class=\"dt-pswp-item\" href=\"https:\/\/www.radiopiu.net\/wordpress\/wp-content\/uploads\/2024\/10\/Grande_impatto_sul_match_per_Loglisci.jpg\" data-dt-img-description=\"\" data-large_image_width=\"2048\" data-large_image_height=\"1365\"><img loading=\"lazy\" decoding=\"async\" class=\" wp-image-415617 alignleft\" src=\"https:\/\/www.radiopiu.net\/wordpress\/wp-content\/uploads\/2024\/10\/Grande_impatto_sul_match_per_Loglisci-300x200.jpg\" alt=\"\" width=\"191\" height=\"127\" srcset=\"https:\/\/www.radiopiu.net\/wordpress\/wp-content\/uploads\/2024\/10\/Grande_impatto_sul_match_per_Loglisci-300x200.jpg 300w, https:\/\/www.radiopiu.net\/wordpress\/wp-content\/uploads\/2024\/10\/Grande_impatto_sul_match_per_Loglisci-1024x683.jpg 1024w, https:\/\/www.radiopiu.net\/wordpress\/wp-content\/uploads\/2024\/10\/Grande_impatto_sul_match_per_Loglisci-768x512.jpg 768w, https:\/\/www.radiopiu.net\/wordpress\/wp-content\/uploads\/2024\/10\/Grande_impatto_sul_match_per_Loglisci-1536x1024.jpg 1536w, https:\/\/www.radiopiu.net\/wordpress\/wp-content\/uploads\/2024\/10\/Grande_impatto_sul_match_per_Loglisci.jpg 2048w\" sizes=\"auto, (max-width: 191px) 100vw, 191px\" \/><\/a>Gianluca Loglisci, entrando a partita in corso, ha dato una scossa al Belluno Volley, contribuendo con 8 punti nel quarto set. Nonostante la sconfitta nel derby contro il Personal Time San Don\u00e0 di Piave, l&#8217;incontro \u00e8 stato caratterizzato da alti e bassi. Loglisci ha sottolineato un inizio positivo seguito da un calo di ritmo, evidenziando errori cruciali nel tie-break. Tuttavia, ha visto aspetti positivi da cui apprendere, considerandola pi\u00f9 come una lezione che una sconfitta. La squadra, rinnovata e giovane, ha bisogno di tempo per migliorare i propri automatismi. La prossima sfida sar\u00e0 in Sardegna contro il Cus Cagliari, reduce da una vittoria netta.<\/p>\n<blockquote>\n<h3><\/h3>\n<\/blockquote>\n","protected":false},"excerpt":{"rendered":"<p>******* &nbsp; LA\u00a0 APP PER IOS-IPHONE di Nicola Vettorello https:\/\/apps.apple.com\/it\/app\/radio-pi%C3%B9-emittente-agordina\/id1515939845 LA\u00a0 APP RADIO\u00a0 PER ANDROID di Nicola Vettorello https:\/\/play.google.com\/store\/apps\/details?id=net.radiopiu.iniko\u00a0\u00a0\u00a0 &nbsp; &nbsp; OGGI ALLA RADIO&#8230;. ALLE 4 E ALLE 6 LE NOTIZIE DALL&#8217;ITALIA E DAL MONDO 0500 l&#8217;almanacco della nostra gente con il MUSLA\u00a0 6.15 PIROLE DE LENGA A CURA DEL MUSLA 07.10 parola di gianluca&#8230;&hellip;<\/p>\n","protected":false},"author":4,"featured_media":415678,"comment_status":"closed","ping_status":"closed","sticky":false,"template":"","format":"standard","meta":{"_monsterinsights_skip_tracking":false,"_monsterinsights_sitenote_active":false,"_monsterinsights_sitenote_note":"","_monsterinsights_sitenote_category":0,"footnotes":""},"categories":[51,86,49],"tags":[],"class_list":["post-415501","post","type-post","status-publish","format-standard","has-post-thumbnail","hentry","category-evidenza-top","category-gr","category-news-18","category-51","category-86","category-49","description-off"],"img_url":"https:\/\/www.radiopiu.net\/wordpress\/wp-content\/uploads\/2024\/10\/464054283_2732172940276273_4879271666123094592_n.jpg","_links":{"self":[{"href":"https:\/\/www.radiopiu.net\/wordpress\/wp-json\/wp\/v2\/posts\/415501","targetHints":{"allow":["GET"]}}],"collection":[{"href":"https:\/\/www.radiopiu.net\/wordpress\/wp-json\/wp\/v2\/posts"}],"about":[{"href":"https:\/\/www.radiopiu.net\/wordpress\/wp-json\/wp\/v2\/types\/post"}],"author":[{"embeddable":true,"href":"https:\/\/www.radiopiu.net\/wordpress\/wp-json\/wp\/v2\/users\/4"}],"replies":[{"embeddable":true,"href":"https:\/\/www.radiopiu.net\/wordpress\/wp-json\/wp\/v2\/comments?post=415501"}],"version-history":[{"count":31,"href":"https:\/\/www.radiopiu.net\/wordpress\/wp-json\/wp\/v2\/posts\/415501\/revisions"}],"predecessor-version":[{"id":415789,"href":"https:\/\/www.radiopiu.net\/wordpress\/wp-json\/wp\/v2\/posts\/415501\/revisions\/415789"}],"wp:featuredmedia":[{"embeddable":true,"href":"https:\/\/www.radiopiu.net\/wordpress\/wp-json\/wp\/v2\/media\/415678"}],"wp:attachment":[{"href":"https:\/\/www.radiopiu.net\/wordpress\/wp-json\/wp\/v2\/media?parent=415501"}],"wp:term":[{"taxonomy":"category","embeddable":true,"href":"https:\/\/www.radiopiu.net\/wordpress\/wp-json\/wp\/v2\/categories?post=415501"},{"taxonomy":"post_tag","embeddable":true,"href":"https:\/\/www.radiopiu.net\/wordpress\/wp-json\/wp\/v2\/tags?post=415501"}],"curies":[{"name":"wp","href":"https:\/\/api.w.org\/{rel}","templated":true}]}}