{"id":415624,"date":"2024-10-21T12:20:43","date_gmt":"2024-10-21T10:20:43","guid":{"rendered":"https:\/\/www.radiopiu.net\/wordpress\/?p=415624"},"modified":"2024-10-21T12:20:43","modified_gmt":"2024-10-21T10:20:43","slug":"scuola-sicura-veneto-mercoledi-allistituto-follador-di-agordo","status":"publish","type":"post","link":"https:\/\/www.radiopiu.net\/wordpress\/scuola-sicura-veneto-mercoledi-allistituto-follador-di-agordo\/","title":{"rendered":"SCUOLA SICURA VENETO: MERCOLEDI&#8217; ALL&#8217;ISTITUTO FOLLADOR DI AGORDO"},"content":{"rendered":"<p>******<\/p>\n<p>&nbsp;<\/p>\n<p><strong><a class=\"dt-pswp-item\" href=\"https:\/\/www.radiopiu.net\/wordpress\/wp-content\/uploads\/2024\/09\/FOLLADOR.jpg\" data-dt-img-description=\"\" data-large_image_width=\"1280\" data-large_image_height=\"720\"><img loading=\"lazy\" decoding=\"async\" class=\" wp-image-411383 alignleft\" src=\"https:\/\/www.radiopiu.net\/wordpress\/wp-content\/uploads\/2024\/09\/FOLLADOR-300x169.jpg\" alt=\"\" width=\"225\" height=\"127\" srcset=\"https:\/\/www.radiopiu.net\/wordpress\/wp-content\/uploads\/2024\/09\/FOLLADOR-300x169.jpg 300w, https:\/\/www.radiopiu.net\/wordpress\/wp-content\/uploads\/2024\/09\/FOLLADOR-1024x576.jpg 1024w, https:\/\/www.radiopiu.net\/wordpress\/wp-content\/uploads\/2024\/09\/FOLLADOR-768x432.jpg 768w, https:\/\/www.radiopiu.net\/wordpress\/wp-content\/uploads\/2024\/09\/FOLLADOR.jpg 1280w\" sizes=\"auto, (max-width: 225px) 100vw, 225px\" \/><\/a>VENEZIA <\/strong>Dopo l\u2019esordio di oggi al Liceo Montale di San Don\u00e0 di Piave, l\u2019edizione 2024 del progetto \u201cScuola Sicura Veneto\u201d, format ideato nel 2016 dall\u2019Assessorato regionale alla Protezione Civile e dedicato alle scuole del territorio, mercoled\u00ec prossimo 23 ottobre, l\u2019iniziativa far\u00e0 tappa ad Agordo (Belluno), presso l\u2019ISS \u201cFollador\u201d in Via dell\u2019Insurrezione 19\/a, dove verr\u00e0 simulata una situazione legata al verificarsi di un terremoto. Sar\u00e0 presente l\u2019Assessore regionale alla Protezione Civile Gianpaolo Bottacin. Gli interventi di saluto delle autorit\u00e0 si terranno alle 11.30. Il programma della giornata sar\u00e0 quello classico e gi\u00e0 rodato nel tempo, seppur con alcune novit\u00e0 che si scopriranno di volta in volta. \u00a0\u201cLa mattinata tipo prevede che le attivit\u00e0 esercitative si aprano con una prova di evacuazione \u2013 annuncia l\u2019assessore \u2013 durante la quale gli alunni partecipano alle varie fasi tipiche in questi casi: allarme, avvio procedure, evacuazione propriamente detta e recupero dei feriti da parte dei soccorritori\u201d. Agli alunni verranno successivamente presentati i diversi mezzi d\u2019emergenza intervenuti e le loro funzionalit\u00e0. In questa fase \u00e8 anche previsto l\u2019atterraggio dell\u2019elicottero del Suem 118 con la simulazione di un soccorso o dell\u2019elicottero regionale della Protezione Civile dedicato all\u2019antincendio boschivo. \u201cLa mattinata si va infine a concludere con la consegna di un volumetto \u2013 informa Bottacin &#8211; dove i ragazzi possono ritrovare le principali regole e i rischi da conoscere e nel quale si d\u00e0 spazio anche ai riferimenti locali di Protezione Civile\u201d. \u201cCon queste iniziative ci prefiggiamo un duplice obiettivo \u2013 conclude l\u2019assessore \u2013 da un lato promuovere la cultura della sicurezza nei giovani, dall\u2019altro stimolarli a capire cosa sia la Protezione Civile invogliandoli a diventare in futuro volontari\u201d. Ulteriori dettagli sul progetto sono reperibili sul sito\u00a0<a href=\"http:\/\/www.scuolasicuraveneto.it\/\">www.scuolasicuraveneto.it<\/a>.<\/p>\n<p>&nbsp;<\/p>\n<p>&nbsp;<\/p>\n<p>********<\/p>\n","protected":false},"excerpt":{"rendered":"<p>****** &nbsp; VENEZIA Dopo l\u2019esordio di oggi al Liceo Montale di San Don\u00e0 di Piave, l\u2019edizione 2024 del progetto \u201cScuola Sicura Veneto\u201d, format ideato nel 2016 dall\u2019Assessorato regionale alla Protezione Civile e dedicato alle scuole del territorio, mercoled\u00ec prossimo 23 ottobre, l\u2019iniziativa far\u00e0 tappa ad Agordo (Belluno), presso l\u2019ISS \u201cFollador\u201d in Via dell\u2019Insurrezione 19\/a, dove&hellip;<\/p>\n","protected":false},"author":4,"featured_media":411383,"comment_status":"closed","ping_status":"closed","sticky":false,"template":"","format":"standard","meta":{"_monsterinsights_skip_tracking":false,"_monsterinsights_sitenote_active":false,"_monsterinsights_sitenote_note":"","_monsterinsights_sitenote_category":0,"footnotes":""},"categories":[49],"tags":[],"class_list":["post-415624","post","type-post","status-publish","format-standard","has-post-thumbnail","hentry","category-news-18","category-49","description-off"],"img_url":"https:\/\/www.radiopiu.net\/wordpress\/wp-content\/uploads\/2024\/09\/FOLLADOR.jpg","_links":{"self":[{"href":"https:\/\/www.radiopiu.net\/wordpress\/wp-json\/wp\/v2\/posts\/415624","targetHints":{"allow":["GET"]}}],"collection":[{"href":"https:\/\/www.radiopiu.net\/wordpress\/wp-json\/wp\/v2\/posts"}],"about":[{"href":"https:\/\/www.radiopiu.net\/wordpress\/wp-json\/wp\/v2\/types\/post"}],"author":[{"embeddable":true,"href":"https:\/\/www.radiopiu.net\/wordpress\/wp-json\/wp\/v2\/users\/4"}],"replies":[{"embeddable":true,"href":"https:\/\/www.radiopiu.net\/wordpress\/wp-json\/wp\/v2\/comments?post=415624"}],"version-history":[{"count":1,"href":"https:\/\/www.radiopiu.net\/wordpress\/wp-json\/wp\/v2\/posts\/415624\/revisions"}],"predecessor-version":[{"id":415625,"href":"https:\/\/www.radiopiu.net\/wordpress\/wp-json\/wp\/v2\/posts\/415624\/revisions\/415625"}],"wp:featuredmedia":[{"embeddable":true,"href":"https:\/\/www.radiopiu.net\/wordpress\/wp-json\/wp\/v2\/media\/411383"}],"wp:attachment":[{"href":"https:\/\/www.radiopiu.net\/wordpress\/wp-json\/wp\/v2\/media?parent=415624"}],"wp:term":[{"taxonomy":"category","embeddable":true,"href":"https:\/\/www.radiopiu.net\/wordpress\/wp-json\/wp\/v2\/categories?post=415624"},{"taxonomy":"post_tag","embeddable":true,"href":"https:\/\/www.radiopiu.net\/wordpress\/wp-json\/wp\/v2\/tags?post=415624"}],"curies":[{"name":"wp","href":"https:\/\/api.w.org\/{rel}","templated":true}]}}