{"id":415637,"date":"2024-10-21T15:05:44","date_gmt":"2024-10-21T13:05:44","guid":{"rendered":"https:\/\/www.radiopiu.net\/wordpress\/?p=415637"},"modified":"2024-10-21T15:05:44","modified_gmt":"2024-10-21T13:05:44","slug":"vendita-di-crisantemi-per-sostenere-villa-san-francesco-e-cooperativa-arcobaleno-89","status":"publish","type":"post","link":"https:\/\/www.radiopiu.net\/wordpress\/vendita-di-crisantemi-per-sostenere-villa-san-francesco-e-cooperativa-arcobaleno-89\/","title":{"rendered":"Vendita di crisantemi per sostenere Villa San Francesco e Cooperativa Arcobaleno &#8217;89"},"content":{"rendered":"<p>***<\/p>\n<p>&nbsp;<\/p>\n<p><strong><img loading=\"lazy\" decoding=\"async\" class=\"alignleft\" src=\"https:\/\/www.radiopiu.net\/wordpress\/wp-content\/uploads\/2022\/12\/coop-arcobaleno.jpg\" width=\"279\" height=\"151\" \/>AGORDO<\/strong> Domenica 27 ottobre, dalle ore 9.00, sul sagrato della chiesa Santa Maria Nascente di Agordo, si terr\u00e0 la tradizionale vendita di crisantemi. Il ricavato sar\u00e0 destinato alla Comunit\u00e0 Alloggio <strong>Villa San Francesco<\/strong> di Facen di Pedavena e alla <strong>Cooperativa Arcobaleno &#8217;89<\/strong>, che accoglie minori in difficolt\u00e0 e adulti svantaggiati. La comunit\u00e0 offre percorsi educativi e di crescita personale, mentre la cooperativa, attiva dal 1986, favorisce l\u2019inserimento lavorativo di persone fragili attraverso attivit\u00e0 come ortofloricultura, ceramiche e vetri artistici, manutenzione del verde e servizi di bed &amp; breakfast. Entrambe le realt\u00e0 si sostengono grazie alle proprie attivit\u00e0, senza finanziamenti pubblici, rendendo fondamentale il supporto della comunit\u00e0.<\/p>\n<p>&nbsp;<\/p>\n<p>&nbsp;<\/p>\n<p>&nbsp;<\/p>\n<hr \/>\n<div class=\"mb-2 flex gap-3 empty:hidden -ml-2\">\n<div class=\"items-center justify-start rounded-xl p-1 flex\">\n<div class=\"flex items-center\">\n<div class=\"flex items-center pb-0\"><\/div>\n<\/div>\n<\/div>\n<\/div>\n","protected":false},"excerpt":{"rendered":"<p>*** &nbsp; AGORDO Domenica 27 ottobre, dalle ore 9.00, sul sagrato della chiesa Santa Maria Nascente di Agordo, si terr\u00e0 la tradizionale vendita di crisantemi. Il ricavato sar\u00e0 destinato alla Comunit\u00e0 Alloggio Villa San Francesco di Facen di Pedavena e alla Cooperativa Arcobaleno &#8217;89, che accoglie minori in difficolt\u00e0 e adulti svantaggiati. La comunit\u00e0 offre&hellip;<\/p>\n","protected":false},"author":4,"featured_media":312045,"comment_status":"closed","ping_status":"closed","sticky":false,"template":"","format":"standard","meta":{"_monsterinsights_skip_tracking":false,"_monsterinsights_sitenote_active":false,"_monsterinsights_sitenote_note":"","_monsterinsights_sitenote_category":0,"footnotes":""},"categories":[49],"tags":[],"class_list":["post-415637","post","type-post","status-publish","format-standard","has-post-thumbnail","hentry","category-news-18","category-49","description-off"],"img_url":"https:\/\/www.radiopiu.net\/wordpress\/wp-content\/uploads\/2022\/12\/coop-arcobaleno.jpg","_links":{"self":[{"href":"https:\/\/www.radiopiu.net\/wordpress\/wp-json\/wp\/v2\/posts\/415637","targetHints":{"allow":["GET"]}}],"collection":[{"href":"https:\/\/www.radiopiu.net\/wordpress\/wp-json\/wp\/v2\/posts"}],"about":[{"href":"https:\/\/www.radiopiu.net\/wordpress\/wp-json\/wp\/v2\/types\/post"}],"author":[{"embeddable":true,"href":"https:\/\/www.radiopiu.net\/wordpress\/wp-json\/wp\/v2\/users\/4"}],"replies":[{"embeddable":true,"href":"https:\/\/www.radiopiu.net\/wordpress\/wp-json\/wp\/v2\/comments?post=415637"}],"version-history":[{"count":1,"href":"https:\/\/www.radiopiu.net\/wordpress\/wp-json\/wp\/v2\/posts\/415637\/revisions"}],"predecessor-version":[{"id":415638,"href":"https:\/\/www.radiopiu.net\/wordpress\/wp-json\/wp\/v2\/posts\/415637\/revisions\/415638"}],"wp:featuredmedia":[{"embeddable":true,"href":"https:\/\/www.radiopiu.net\/wordpress\/wp-json\/wp\/v2\/media\/312045"}],"wp:attachment":[{"href":"https:\/\/www.radiopiu.net\/wordpress\/wp-json\/wp\/v2\/media?parent=415637"}],"wp:term":[{"taxonomy":"category","embeddable":true,"href":"https:\/\/www.radiopiu.net\/wordpress\/wp-json\/wp\/v2\/categories?post=415637"},{"taxonomy":"post_tag","embeddable":true,"href":"https:\/\/www.radiopiu.net\/wordpress\/wp-json\/wp\/v2\/tags?post=415637"}],"curies":[{"name":"wp","href":"https:\/\/api.w.org\/{rel}","templated":true}]}}