{"id":415658,"date":"2024-10-21T15:57:02","date_gmt":"2024-10-21T13:57:02","guid":{"rendered":"https:\/\/www.radiopiu.net\/wordpress\/?p=415658"},"modified":"2024-10-22T05:48:51","modified_gmt":"2024-10-22T03:48:51","slug":"assessore-a-domanda-per-cortesia-risponda","status":"publish","type":"post","link":"https:\/\/www.radiopiu.net\/wordpress\/assessore-a-domanda-per-cortesia-risponda\/","title":{"rendered":"ASSESSORE&#8230;. &#8220;A DOMANDA PER CORTESIA RISPONDA&#8230;&#8221;"},"content":{"rendered":"<p>**<\/p>\n<p>&nbsp;<\/p>\n<blockquote><p><strong><a class=\"dt-pswp-item\" href=\"https:\/\/www.radiopiu.net\/wordpress\/wp-content\/uploads\/2022\/11\/roccon.png\" data-dt-img-description=\"\" data-large_image_width=\"431\" data-large_image_height=\"406\"><img loading=\"lazy\" decoding=\"async\" class=\"wp-image-305687 alignleft\" src=\"https:\/\/www.radiopiu.net\/wordpress\/wp-content\/uploads\/2022\/11\/roccon-300x283.png\" alt=\"\" width=\"105\" height=\"99\" srcset=\"https:\/\/www.radiopiu.net\/wordpress\/wp-content\/uploads\/2022\/11\/roccon-300x283.png 300w, https:\/\/www.radiopiu.net\/wordpress\/wp-content\/uploads\/2022\/11\/roccon.png 431w\" sizes=\"auto, (max-width: 105px) 100vw, 105px\" \/><\/a>Lavori per la ciclopedonale di Levego: avvio imminente<\/strong><\/p><\/blockquote>\n<p><strong>BELLUNO<\/strong><\/p>\n<div class=\"flex max-w-full flex-col flex-grow\">\n<div class=\"min-h-8 text-message flex w-full flex-col items-end gap-2 whitespace-normal break-words [.text-message+&amp;]:mt-5\" dir=\"auto\" data-message-author-role=\"assistant\" data-message-id=\"b6628c60-911c-4a72-b680-5c2444ecb42a\" data-message-model-slug=\"gpt-4o\">\n<div class=\"flex w-full flex-col gap-1 empty:hidden first:pt-[3px]\">\n<div class=\"markdown prose w-full break-words dark:prose-invert dark\">\n<p>L\u2019assessore ai lavori pubblici <strong>Franco Roccon<\/strong> ha risposto all\u2019interrogazione della consigliera Lucia Olivotto, annunciando che a breve verr\u00e0 sottoscritto l&#8217;Accordo con la Provincia per la realizzazione della ciclopedonale di Levego, in via Meassa. Il progetto esecutivo \u00e8 in fase di validazione e, una volta approvato dalla Giunta, partir\u00e0 l&#8217;iter per l&#8217;affidamento dei lavori, che dovranno essere completati in 108 giorni. I fondi provinciali di 380 mila euro verranno destinati alla messa in sicurezza del tratto, in seguito alla richiesta di finanziamento PNRR.<\/p>\n<\/div>\n<\/div>\n<\/div>\n<\/div>\n<div class=\"flex\"><\/div>\n<div><\/div>\n<div><\/div>\n<div class=\"flex items-center pb-0\">\n<blockquote><p><strong><a class=\"dt-pswp-item\" href=\"https:\/\/www.radiopiu.net\/wordpress\/wp-content\/uploads\/2024\/10\/Senza-nome-90-e1729518959988.png\" data-dt-img-description=\"\" data-large_image_width=\"242\" data-large_image_height=\"273\"><img loading=\"lazy\" decoding=\"async\" class=\"wp-image-415659 alignleft\" src=\"https:\/\/www.radiopiu.net\/wordpress\/wp-content\/uploads\/2024\/10\/Senza-nome-90-e1729518959988.png\" alt=\"\" width=\"121\" height=\"137\" \/><\/a>Natale 2024 a Belluno: eventi e luminarie in tutto il centro<\/strong><\/p><\/blockquote>\n<p>L&#8217;assessore al turismo Paolo Luciani ha risposto alle interrogazioni sui festeggiamenti natalizi, confermando il coinvolgimento del Consorzio Belluno Centro Storico e di Confcommercio Belluno nel progetto. Le luminarie e le attivit\u00e0 di animazione si estenderanno in tutte le vie del centro, non solo in piazza dei Martiri, assicurando cos\u00ec la partecipazione anche delle attivit\u00e0 commerciali nelle aree limitrofe. L&#8217;organizzazione \u00e8 affidata alla ditta Belluno Viva S.r.l., che ha ricevuto un contributo comunale di 50.000 euro annui per il triennio 2024-2026, tramite bando pubblico.<\/p>\n<\/div>\n<p>&nbsp;<\/p>\n<p>&nbsp;<\/p>\n<p>&nbsp;<\/p>\n<hr \/>\n<p>&nbsp;<\/p>\n<p>&nbsp;<\/p>\n<p>&nbsp;<\/p>\n<p>&nbsp;<\/p>\n<hr \/>\n<div>\n<div class=\"mb-2 flex gap-3 empty:hidden -ml-2\">\n<div class=\"items-center justify-start rounded-xl p-1 flex\">\n<div class=\"flex items-center\">\n<div class=\"flex items-center pb-0\"><\/div>\n<\/div>\n<\/div>\n<\/div>\n<\/div>\n<p>&nbsp;<\/p>\n","protected":false},"excerpt":{"rendered":"<p>** &nbsp; Lavori per la ciclopedonale di Levego: avvio imminente BELLUNO L\u2019assessore ai lavori pubblici Franco Roccon ha risposto all\u2019interrogazione della consigliera Lucia Olivotto, annunciando che a breve verr\u00e0 sottoscritto l&#8217;Accordo con la Provincia per la realizzazione della ciclopedonale di Levego, in via Meassa. Il progetto esecutivo \u00e8 in fase di validazione e, una volta&hellip;<\/p>\n","protected":false},"author":4,"featured_media":415660,"comment_status":"closed","ping_status":"closed","sticky":false,"template":"","format":"standard","meta":{"_monsterinsights_skip_tracking":false,"_monsterinsights_sitenote_active":false,"_monsterinsights_sitenote_note":"","_monsterinsights_sitenote_category":0,"footnotes":""},"categories":[51,49],"tags":[],"class_list":["post-415658","post","type-post","status-publish","format-standard","has-post-thumbnail","hentry","category-evidenza-top","category-news-18","category-51","category-49","description-off"],"img_url":"https:\/\/www.radiopiu.net\/wordpress\/wp-content\/uploads\/2024\/10\/th-16.jpg","_links":{"self":[{"href":"https:\/\/www.radiopiu.net\/wordpress\/wp-json\/wp\/v2\/posts\/415658","targetHints":{"allow":["GET"]}}],"collection":[{"href":"https:\/\/www.radiopiu.net\/wordpress\/wp-json\/wp\/v2\/posts"}],"about":[{"href":"https:\/\/www.radiopiu.net\/wordpress\/wp-json\/wp\/v2\/types\/post"}],"author":[{"embeddable":true,"href":"https:\/\/www.radiopiu.net\/wordpress\/wp-json\/wp\/v2\/users\/4"}],"replies":[{"embeddable":true,"href":"https:\/\/www.radiopiu.net\/wordpress\/wp-json\/wp\/v2\/comments?post=415658"}],"version-history":[{"count":1,"href":"https:\/\/www.radiopiu.net\/wordpress\/wp-json\/wp\/v2\/posts\/415658\/revisions"}],"predecessor-version":[{"id":415661,"href":"https:\/\/www.radiopiu.net\/wordpress\/wp-json\/wp\/v2\/posts\/415658\/revisions\/415661"}],"wp:featuredmedia":[{"embeddable":true,"href":"https:\/\/www.radiopiu.net\/wordpress\/wp-json\/wp\/v2\/media\/415660"}],"wp:attachment":[{"href":"https:\/\/www.radiopiu.net\/wordpress\/wp-json\/wp\/v2\/media?parent=415658"}],"wp:term":[{"taxonomy":"category","embeddable":true,"href":"https:\/\/www.radiopiu.net\/wordpress\/wp-json\/wp\/v2\/categories?post=415658"},{"taxonomy":"post_tag","embeddable":true,"href":"https:\/\/www.radiopiu.net\/wordpress\/wp-json\/wp\/v2\/tags?post=415658"}],"curies":[{"name":"wp","href":"https:\/\/api.w.org\/{rel}","templated":true}]}}