{"id":415664,"date":"2024-10-21T16:06:37","date_gmt":"2024-10-21T14:06:37","guid":{"rendered":"https:\/\/www.radiopiu.net\/wordpress\/?p=415664"},"modified":"2024-10-22T05:48:43","modified_gmt":"2024-10-22T03:48:43","slug":"domenica-la-messa-per-i-caduti-della-montagna-in-chiesa-ad-agordo-e-su-tutti-i-canali-di-radiopiu","status":"publish","type":"post","link":"https:\/\/www.radiopiu.net\/wordpress\/domenica-la-messa-per-i-caduti-della-montagna-in-chiesa-ad-agordo-e-su-tutti-i-canali-di-radiopiu\/","title":{"rendered":"DOMENICA LA MESSA PER I CADUTI DELLA MONTAGNA, IN CHIESA AD AGORDO E SU TUTTI I CANALI DI RADIOPIU"},"content":{"rendered":"<p>***<\/p>\n<blockquote>\n<h2><\/h2>\n<h2><em><a class=\"dt-pswp-item\" href=\"https:\/\/www.radiopiu.net\/wordpress\/wp-content\/uploads\/2024\/10\/Senza-nome-92.png\" data-dt-img-description=\"\" data-large_image_width=\"595\" data-large_image_height=\"756\"><img loading=\"lazy\" decoding=\"async\" class=\"size-medium wp-image-415668 alignleft\" src=\"https:\/\/www.radiopiu.net\/wordpress\/wp-content\/uploads\/2024\/10\/Senza-nome-92-236x300.png\" alt=\"\" width=\"236\" height=\"300\" srcset=\"https:\/\/www.radiopiu.net\/wordpress\/wp-content\/uploads\/2024\/10\/Senza-nome-92-236x300.png 236w, https:\/\/www.radiopiu.net\/wordpress\/wp-content\/uploads\/2024\/10\/Senza-nome-92.png 595w\" sizes=\"auto, (max-width: 236px) 100vw, 236px\" \/><\/a>DOMENICA 27 OTTOBRE, ORE 18.30<\/em><\/h2>\n<\/blockquote>\n<p><strong>AGORDO\u00a0<\/strong> Si rinnova il consueto appuntamento di fine ottobre con la S. Messa in suffragio dei Caduti della montagna celebrata dall\u2019arcidiacono di Agordo, mons. Cesare Larese, accompagnata dai canti del Coro Agordo, diretto da Anna Devich. Una sentita cerimonia, voluta dal Coro Agordo, che riunisce ormai da 49 anni l\u2019intero Agordino con le vallate limitrofe e tanta altra gente dalla provincia e da fuori nel ricordo degli agordini caduti in montagna e di coloro che hanno perso la vita sulle montagne agordine. L\u2019iniziativa avviene in collaborazione con la Sezione Agordina del CAI, la Parrocchia di S. Maria Nascente, i Gruppi Rocciatori \u201cGIR\u201d di Agordo e \u201cVal Bi\u00f3is\u201d, le Stazioni agordine del Corpo Nazionale Soccorso Alpino e il Gruppo Alpini Agordo-Rivamonte-Taibon. \u00a0Radio Pi\u00f9, anche quest\u2019anno trasmetter\u00e0 la Messa su tutti i canali, radio-social. Potr\u00e0, infatti, essere seguita in streaming sul sito internet radiopiu.net, oppure sulle pagine facebook: Radiopi\u00f9, o Radio Pi\u00f9 Emittente Agordina, o Sei di Agordo se. Oltre al ricordo dei 142 Caduti sui monti, ci sar\u00e0 sempre un pensiero particolare per coloro di cui quest\u2019anno ricorre un significativo anniversario (evidenziati con sottolineatura)<\/p>\n<p>&nbsp;<\/p>\n<p><a class=\"dt-pswp-item\" href=\"https:\/\/www.radiopiu.net\/wordpress\/wp-content\/uploads\/2024\/10\/Senza-nome-91.png\" data-dt-img-description=\"\" data-large_image_width=\"927\" data-large_image_height=\"768\"><img loading=\"lazy\" decoding=\"async\" class=\"alignnone wp-image-415665 size-full\" src=\"https:\/\/www.radiopiu.net\/wordpress\/wp-content\/uploads\/2024\/10\/Senza-nome-91.png\" alt=\"\" width=\"927\" height=\"768\" srcset=\"https:\/\/www.radiopiu.net\/wordpress\/wp-content\/uploads\/2024\/10\/Senza-nome-91.png 927w, https:\/\/www.radiopiu.net\/wordpress\/wp-content\/uploads\/2024\/10\/Senza-nome-91-300x249.png 300w, https:\/\/www.radiopiu.net\/wordpress\/wp-content\/uploads\/2024\/10\/Senza-nome-91-768x636.png 768w\" sizes=\"auto, (max-width: 927px) 100vw, 927px\" \/><\/a><\/p>\n","protected":false},"excerpt":{"rendered":"<p>*** DOMENICA 27 OTTOBRE, ORE 18.30 AGORDO\u00a0 Si rinnova il consueto appuntamento di fine ottobre con la S. Messa in suffragio dei Caduti della montagna celebrata dall\u2019arcidiacono di Agordo, mons. Cesare Larese, accompagnata dai canti del Coro Agordo, diretto da Anna Devich. Una sentita cerimonia, voluta dal Coro Agordo, che riunisce ormai da 49 anni&hellip;<\/p>\n","protected":false},"author":4,"featured_media":415667,"comment_status":"closed","ping_status":"closed","sticky":false,"template":"","format":"standard","meta":{"_monsterinsights_skip_tracking":false,"_monsterinsights_sitenote_active":false,"_monsterinsights_sitenote_note":"","_monsterinsights_sitenote_category":0,"footnotes":""},"categories":[51,49],"tags":[],"class_list":["post-415664","post","type-post","status-publish","format-standard","has-post-thumbnail","hentry","category-evidenza-top","category-news-18","category-51","category-49","description-off"],"img_url":"https:\/\/www.radiopiu.net\/wordpress\/wp-content\/uploads\/2024\/10\/coro-agordo.png","_links":{"self":[{"href":"https:\/\/www.radiopiu.net\/wordpress\/wp-json\/wp\/v2\/posts\/415664","targetHints":{"allow":["GET"]}}],"collection":[{"href":"https:\/\/www.radiopiu.net\/wordpress\/wp-json\/wp\/v2\/posts"}],"about":[{"href":"https:\/\/www.radiopiu.net\/wordpress\/wp-json\/wp\/v2\/types\/post"}],"author":[{"embeddable":true,"href":"https:\/\/www.radiopiu.net\/wordpress\/wp-json\/wp\/v2\/users\/4"}],"replies":[{"embeddable":true,"href":"https:\/\/www.radiopiu.net\/wordpress\/wp-json\/wp\/v2\/comments?post=415664"}],"version-history":[{"count":1,"href":"https:\/\/www.radiopiu.net\/wordpress\/wp-json\/wp\/v2\/posts\/415664\/revisions"}],"predecessor-version":[{"id":415669,"href":"https:\/\/www.radiopiu.net\/wordpress\/wp-json\/wp\/v2\/posts\/415664\/revisions\/415669"}],"wp:featuredmedia":[{"embeddable":true,"href":"https:\/\/www.radiopiu.net\/wordpress\/wp-json\/wp\/v2\/media\/415667"}],"wp:attachment":[{"href":"https:\/\/www.radiopiu.net\/wordpress\/wp-json\/wp\/v2\/media?parent=415664"}],"wp:term":[{"taxonomy":"category","embeddable":true,"href":"https:\/\/www.radiopiu.net\/wordpress\/wp-json\/wp\/v2\/categories?post=415664"},{"taxonomy":"post_tag","embeddable":true,"href":"https:\/\/www.radiopiu.net\/wordpress\/wp-json\/wp\/v2\/tags?post=415664"}],"curies":[{"name":"wp","href":"https:\/\/api.w.org\/{rel}","templated":true}]}}