{"id":415796,"date":"2024-10-22T11:17:25","date_gmt":"2024-10-22T09:17:25","guid":{"rendered":"https:\/\/www.radiopiu.net\/wordpress\/?p=415796"},"modified":"2024-10-23T06:14:46","modified_gmt":"2024-10-23T04:14:46","slug":"alla-palestra-b-fit-di-agordo-con-i-giocatori-dellalleghe-hockey","status":"publish","type":"post","link":"https:\/\/www.radiopiu.net\/wordpress\/alla-palestra-b-fit-di-agordo-con-i-giocatori-dellalleghe-hockey\/","title":{"rendered":"ALLA PALESTRA B-FIT DI AGORDO CON I GIOCATORI DELL&#8217;ALLEGHE HOCKEY"},"content":{"rendered":"<p>*****<\/p>\n<p>&nbsp;<\/p>\n<p><strong><a class=\"dt-pswp-item\" href=\"https:\/\/www.radiopiu.net\/wordpress\/wp-content\/uploads\/2024\/10\/17966548-64eb-4caa-8eae-fa8e066f52c6.jpg\" data-dt-img-description=\"\" data-large_image_width=\"2048\" data-large_image_height=\"1536\"><img loading=\"lazy\" decoding=\"async\" class=\" wp-image-415816 alignleft\" src=\"https:\/\/www.radiopiu.net\/wordpress\/wp-content\/uploads\/2024\/10\/17966548-64eb-4caa-8eae-fa8e066f52c6-300x225.jpg\" alt=\"\" width=\"141\" height=\"106\" srcset=\"https:\/\/www.radiopiu.net\/wordpress\/wp-content\/uploads\/2024\/10\/17966548-64eb-4caa-8eae-fa8e066f52c6-300x225.jpg 300w, https:\/\/www.radiopiu.net\/wordpress\/wp-content\/uploads\/2024\/10\/17966548-64eb-4caa-8eae-fa8e066f52c6-1024x768.jpg 1024w, https:\/\/www.radiopiu.net\/wordpress\/wp-content\/uploads\/2024\/10\/17966548-64eb-4caa-8eae-fa8e066f52c6-768x576.jpg 768w, https:\/\/www.radiopiu.net\/wordpress\/wp-content\/uploads\/2024\/10\/17966548-64eb-4caa-8eae-fa8e066f52c6-1536x1152.jpg 1536w, https:\/\/www.radiopiu.net\/wordpress\/wp-content\/uploads\/2024\/10\/17966548-64eb-4caa-8eae-fa8e066f52c6.jpg 2048w\" sizes=\"auto, (max-width: 141px) 100vw, 141px\" \/><\/a>AGORDO<\/strong> La palestra B-Fit di Agordo, in localit\u00e0 Valcozzena, \u00e8 un punto di riferimento anche per i giocatore dell&#8217;Alleghe Hockey che in mattinata sono stati in sede per degli allenamenti. Oltre all&#8217;allenatore Vesa Surekin, erano presenti anche Giacomo Alessio, Ivan Shamarin, Olexandrov Alexandrov, Timo Moberg e Juho Makela. Sabato la palestra B-Fit inaugurer\u00e0 una nuova sala. L&#8217;appuntamento \u00e8 per le 10 in localit\u00e0 Valcozzena.<\/p>\n<p><iframe loading=\"lazy\" title=\"ALLA PALESTRA B-FIT CON I GIOCATORI DELL&#039;ALLEGHE HOCKEY\" width=\"1200\" height=\"675\" src=\"https:\/\/www.youtube.com\/embed\/GfPXCqhISL8?feature=oembed\" frameborder=\"0\" allow=\"accelerometer; autoplay; clipboard-write; encrypted-media; gyroscope; picture-in-picture; web-share\" referrerpolicy=\"strict-origin-when-cross-origin\" allowfullscreen><\/iframe><\/p>\n<p>&nbsp;<\/p>\n<p>&nbsp;<\/p>\n<p>*******<\/p>\n","protected":false},"excerpt":{"rendered":"<p>***** &nbsp; AGORDO La palestra B-Fit di Agordo, in localit\u00e0 Valcozzena, \u00e8 un punto di riferimento anche per i giocatore dell&#8217;Alleghe Hockey che in mattinata sono stati in sede per degli allenamenti. Oltre all&#8217;allenatore Vesa Surekin, erano presenti anche Giacomo Alessio, Ivan Shamarin, Olexandrov Alexandrov, Timo Moberg e Juho Makela. Sabato la palestra B-Fit inaugurer\u00e0&hellip;<\/p>\n","protected":false},"author":4,"featured_media":415816,"comment_status":"closed","ping_status":"closed","sticky":false,"template":"","format":"standard","meta":{"_monsterinsights_skip_tracking":false,"_monsterinsights_sitenote_active":false,"_monsterinsights_sitenote_note":"","_monsterinsights_sitenote_category":0,"footnotes":""},"categories":[104,49],"tags":[],"class_list":["post-415796","post","type-post","status-publish","format-standard","has-post-thumbnail","hentry","category-evidenza_3","category-news-18","category-104","category-49","description-off"],"img_url":"https:\/\/www.radiopiu.net\/wordpress\/wp-content\/uploads\/2024\/10\/17966548-64eb-4caa-8eae-fa8e066f52c6.jpg","_links":{"self":[{"href":"https:\/\/www.radiopiu.net\/wordpress\/wp-json\/wp\/v2\/posts\/415796","targetHints":{"allow":["GET"]}}],"collection":[{"href":"https:\/\/www.radiopiu.net\/wordpress\/wp-json\/wp\/v2\/posts"}],"about":[{"href":"https:\/\/www.radiopiu.net\/wordpress\/wp-json\/wp\/v2\/types\/post"}],"author":[{"embeddable":true,"href":"https:\/\/www.radiopiu.net\/wordpress\/wp-json\/wp\/v2\/users\/4"}],"replies":[{"embeddable":true,"href":"https:\/\/www.radiopiu.net\/wordpress\/wp-json\/wp\/v2\/comments?post=415796"}],"version-history":[{"count":1,"href":"https:\/\/www.radiopiu.net\/wordpress\/wp-json\/wp\/v2\/posts\/415796\/revisions"}],"predecessor-version":[{"id":415817,"href":"https:\/\/www.radiopiu.net\/wordpress\/wp-json\/wp\/v2\/posts\/415796\/revisions\/415817"}],"wp:featuredmedia":[{"embeddable":true,"href":"https:\/\/www.radiopiu.net\/wordpress\/wp-json\/wp\/v2\/media\/415816"}],"wp:attachment":[{"href":"https:\/\/www.radiopiu.net\/wordpress\/wp-json\/wp\/v2\/media?parent=415796"}],"wp:term":[{"taxonomy":"category","embeddable":true,"href":"https:\/\/www.radiopiu.net\/wordpress\/wp-json\/wp\/v2\/categories?post=415796"},{"taxonomy":"post_tag","embeddable":true,"href":"https:\/\/www.radiopiu.net\/wordpress\/wp-json\/wp\/v2\/tags?post=415796"}],"curies":[{"name":"wp","href":"https:\/\/api.w.org\/{rel}","templated":true}]}}