{"id":415803,"date":"2024-10-22T10:15:14","date_gmt":"2024-10-22T08:15:14","guid":{"rendered":"https:\/\/www.radiopiu.net\/wordpress\/?p=415803"},"modified":"2024-10-22T10:15:14","modified_gmt":"2024-10-22T08:15:14","slug":"horeca-ha-chiuso-a-7mila-ingressi-40-rispetto-al-2023","status":"publish","type":"post","link":"https:\/\/www.radiopiu.net\/wordpress\/horeca-ha-chiuso-a-7mila-ingressi-40-rispetto-al-2023\/","title":{"rendered":"Horeca ha chiuso a 7mila ingressi, +40% rispetto al 2023"},"content":{"rendered":"<p>^^^<\/p>\n<blockquote><p><strong><em>\u00abSettore in forte crescita, anche per il traino delle Olimpiadi\u00bb<\/em><\/strong><\/p><\/blockquote>\n<p>&nbsp;<\/p>\n<p><strong><img loading=\"lazy\" decoding=\"async\" class=\"alignleft\" src=\"https:\/\/www.radiopiu.net\/wordpress\/wp-content\/uploads\/2024\/10\/Masterclass-AIS-a-Dolomiti-HoReCa-2024-scaled.jpg\" width=\"343\" height=\"198\" \/>LONGARONE<\/strong> Horeca 2024, la fiera dell\u2019accoglienza che ha dato avvio al programma autunnale di Longarone Fiere Dolomiti, ha chiuso a quota 7mila ingressi, 2mila in pi\u00f9 rispetto all\u2019edizione 2023. L\u2019aumento \u00e8 del 40% ed \u00e8 significativo per un appuntamento giovane nel panorama fieristico di Longarone, dato che \u00e8 soltanto alla quarta edizione.\u00a0 <em>\u00abCon Horeca abbiamo avviato la nuova programmazione dopo i lavori estivi di riqualificazione del quartiere fieristico che hanno portato nuovi impianti innovativi a servizio degli espositori. E i numeri danno ragione a questa fiera che cresce di anno in anno\u00bb afferma Michele Dal Farra, presidente di Longarone Fiere Dolomiti. \u00abHoreca \u00e8 una fiera che cresce anche grazie al traino del grande appuntamento di Milano Cortina 2026, con Longarone Fiere che diventer\u00e0 hub logistico per le Olimpiadi. Horeca, strumento a disposizione delle imprese e degli operatori del settore hotellerie-restaurant-caf\u00e9, si dimostra sempre pi\u00f9 all&#8217;altezza della grande sfida che attende il territorio con i Giochi invernali del 2026\u00bb.<\/em><\/p>\n<p>L\u2019appuntamento olimpico non sar\u00e0 tema secondario neanche ad Arredamont, secondo appuntamento autunnale di Longarone Fiere, di scena dal 26 ottobre al 3 novembre. Il quartiere fieristico ospiter\u00e0 la 46. mostra nazionale dell\u2019arredare in montagna: protagonisti saranno i materiali tipici delle terre alte &#8211; legno e roccia -, il design e il gusto del bello. Spazio ad approfondimenti a cura delle associazioni artigiane, e al design d\u2019arredo con Arte in Fiera.<\/p>\n<p>FOTO Masterclass AIS a Dolomiti Horeca<\/p>\n<p>&nbsp;<\/p>\n<hr \/>\n<p>&nbsp;<\/p>\n","protected":false},"excerpt":{"rendered":"<p>^^^ \u00abSettore in forte crescita, anche per il traino delle Olimpiadi\u00bb &nbsp; LONGARONE Horeca 2024, la fiera dell\u2019accoglienza che ha dato avvio al programma autunnale di Longarone Fiere Dolomiti, ha chiuso a quota 7mila ingressi, 2mila in pi\u00f9 rispetto all\u2019edizione 2023. L\u2019aumento \u00e8 del 40% ed \u00e8 significativo per un appuntamento giovane nel panorama fieristico&hellip;<\/p>\n","protected":false},"author":4,"featured_media":415804,"comment_status":"closed","ping_status":"closed","sticky":false,"template":"","format":"standard","meta":{"_monsterinsights_skip_tracking":false,"_monsterinsights_sitenote_active":false,"_monsterinsights_sitenote_note":"","_monsterinsights_sitenote_category":0,"footnotes":""},"categories":[49],"tags":[],"class_list":["post-415803","post","type-post","status-publish","format-standard","has-post-thumbnail","hentry","category-news-18","category-49","description-off"],"img_url":"https:\/\/www.radiopiu.net\/wordpress\/wp-content\/uploads\/2024\/10\/Masterclass-AIS-a-Dolomiti-HoReCa-2024-scaled.jpg","_links":{"self":[{"href":"https:\/\/www.radiopiu.net\/wordpress\/wp-json\/wp\/v2\/posts\/415803","targetHints":{"allow":["GET"]}}],"collection":[{"href":"https:\/\/www.radiopiu.net\/wordpress\/wp-json\/wp\/v2\/posts"}],"about":[{"href":"https:\/\/www.radiopiu.net\/wordpress\/wp-json\/wp\/v2\/types\/post"}],"author":[{"embeddable":true,"href":"https:\/\/www.radiopiu.net\/wordpress\/wp-json\/wp\/v2\/users\/4"}],"replies":[{"embeddable":true,"href":"https:\/\/www.radiopiu.net\/wordpress\/wp-json\/wp\/v2\/comments?post=415803"}],"version-history":[{"count":1,"href":"https:\/\/www.radiopiu.net\/wordpress\/wp-json\/wp\/v2\/posts\/415803\/revisions"}],"predecessor-version":[{"id":415805,"href":"https:\/\/www.radiopiu.net\/wordpress\/wp-json\/wp\/v2\/posts\/415803\/revisions\/415805"}],"wp:featuredmedia":[{"embeddable":true,"href":"https:\/\/www.radiopiu.net\/wordpress\/wp-json\/wp\/v2\/media\/415804"}],"wp:attachment":[{"href":"https:\/\/www.radiopiu.net\/wordpress\/wp-json\/wp\/v2\/media?parent=415803"}],"wp:term":[{"taxonomy":"category","embeddable":true,"href":"https:\/\/www.radiopiu.net\/wordpress\/wp-json\/wp\/v2\/categories?post=415803"},{"taxonomy":"post_tag","embeddable":true,"href":"https:\/\/www.radiopiu.net\/wordpress\/wp-json\/wp\/v2\/tags?post=415803"}],"curies":[{"name":"wp","href":"https:\/\/api.w.org\/{rel}","templated":true}]}}