{"id":415827,"date":"2024-10-24T06:00:46","date_gmt":"2024-10-24T04:00:46","guid":{"rendered":"https:\/\/www.radiopiu.net\/wordpress\/?p=415827"},"modified":"2024-10-24T08:24:31","modified_gmt":"2024-10-24T06:24:31","slug":"giornale-radiopiu-24-ottobre-2024-direttore-mirko-mezzacasada-41-anni-25-giugno-1983-25-giugno-202","status":"publish","type":"post","link":"https:\/\/www.radiopiu.net\/wordpress\/giornale-radiopiu-24-ottobre-2024-direttore-mirko-mezzacasada-41-anni-25-giugno-1983-25-giugno-202\/","title":{"rendered":"GIORNALE RADIOPIU 24 OTTOBRE 2024 DIRETTORE MIRKO MEZZACASA\u2026DA 41 ANNI 25 GIUGNO 1983-25 GIUGNO 202"},"content":{"rendered":"<p>*******<\/p>\n<p>&nbsp;<\/p>\n<p><strong>LA CURIOSITA&#8217; E L&#8217;UTILITA&#8217; DELLA CHAT TELEGRAM &#8220;VBP&#8221; E&#8230; RADIOPIU<\/strong><\/p>\n<div class=\"flex-1 overflow-hidden\">\n<div class=\"h-full\">\n<div class=\"react-scroll-to-bottom--css-mvnii-79elbk h-full\">\n<div class=\"react-scroll-to-bottom--css-mvnii-1n7m0yu\">\n<div class=\"flex flex-col text-sm md:pb-9\">\n<article class=\"w-full text-token-text-primary focus-visible:outline-2 focus-visible:outline-offset-[-4px]\" dir=\"auto\" data-testid=\"conversation-turn-113\" data-scroll-anchor=\"true\">\n<div class=\"m-auto text-base py-[18px] px-3 md:px-4 w-full md:px-5 lg:px-4 xl:px-5\">\n<div class=\"mx-auto flex flex-1 gap-4 text-base md:gap-5 lg:gap-6 md:max-w-3xl lg:max-w-[40rem] xl:max-w-[48rem]\">\n<div class=\"group\/conversation-turn relative flex w-full min-w-0 flex-col agent-turn\">\n<div class=\"flex-col gap-1 md:gap-3\">\n<div class=\"flex max-w-full flex-col flex-grow\">\n<div class=\"min-h-8 text-message flex w-full flex-col items-end gap-2 whitespace-normal break-words [.text-message+&amp;]:mt-5\" dir=\"auto\" data-message-author-role=\"assistant\" data-message-id=\"e353fc0d-e114-4b66-ba57-612db0a3fd7e\" data-message-model-slug=\"gpt-4o\">\n<div class=\"flex w-full flex-col gap-1 empty:hidden first:pt-[3px]\">\n<div class=\"markdown prose w-full break-words dark:prose-invert dark\">\n<p><strong>&#8220;Quando le vacche smarrite fanno traffico: Damiano ringrazia&#8221;<\/strong><\/p>\n<p><strong>Redazione<\/strong><\/p>\n<p><img decoding=\"async\" class=\"alignleft\" src=\"https:\/\/www.radiopiu.net\/wordpress\/wp-content\/uploads\/2024\/10\/Senza-nome-106.png\" \/>La chat Telegram &#8220;Viabilit\u00e0 Provincia di Belluno&#8221; con RADIOPIU si \u00e8 rivelata nuovamente uno strumento fondamentale per il territorio, ma questa volta non solo per le consuete segnalazioni di traffico, cantieri o incidenti. Protagoniste dell&#8217;ultima &#8220;operazione di soccorso&#8221; non sono state infatti le quattro ruote, ma quattro zampe&#8230; di vacche!<\/p>\n<p>L&#8217;episodio curioso \u00e8 avvenuto ieri sera, quando Damiano Prizzon ha lanciato l&#8217;allarme nella chat, alla disperata ricerca delle sue mucche scomparse. Una segnalazione fuori dall&#8217;ordinario che ha movimentato la serata virtuale, creando pi\u00f9 fermento di una coda in tangenziale.<\/p>\n<p>Verso le 19, grazie a una telefonata provvidenziale, le vacche sono state avvistate e recuperate in pochi minuti. La &#8220;missione di salvataggio&#8221; si \u00e8 conclusa senza intoppi, e gli animali sono tornati tranquillamente a casa. Damiano, visibilmente sollevato, ha voluto ringraziare tutti i partecipanti per la pronta collaborazione e la solidariet\u00e0 dimostrata.<\/p>\n<p>La chat, solitamente frequentata da automobilisti preoccupati per il traffico, ha dunque dimostrato di saper gestire anche emergenze&#8230; rurali. Chiss\u00e0 quale sar\u00e0 la prossima avventura condivisa: un gregge in fuga o forse un cavallo smarrito? Restiamo in attesa delle prossime &#8220;notizie bovine&#8221;<\/p>\n<p><span class=\"xt0psk2\"><a class=\"x1i10hfl xjbqb8w x1ejq31n xd10rxx x1sy0etr x17r0tee x972fbf xcfux6l x1qhh985 xm0m39n x9f619 x1ypdohk xt0psk2 xe8uvvx xdj266r x11i5rnm xat24cr x1mh8g0r xexx8yu x4uap5 x18d9i69 xkhd6sd x16tdsg8 x1hl2dhg xggy1nq x1a2a7pz x1heor9g x1sur9pj xkrqix3 x1s688f\" tabindex=\"0\" role=\"link\" href=\"https:\/\/www.facebook.com\/damiano.prizzon?comment_id=Y29tbWVudDo5NTYwNzEzMzY1MzgwMTNfMTEwNzk0NDA4NzQzMjgxMw%3D%3D&amp;__cft__[0]=AZU66BEvxNy_kP9CbGFWS3pfJq4MZwpYX5JMzzasxOvxJ3e7oYorUTRr9lMjg23uYL6G_fT6nuxtwxGb9hTA6mmUcovitdSgGClVG4e6Qjy7XpEzp1ILC9ouDePROekDArcFgmfy6w_rSkILrKum-0qcPZlQ0TlaGVdMzknAXfwaDA&amp;__tn__=R]-R\" aria-hidden=\"false\"><span class=\"x3nfvp2\"><span class=\"x193iq5w xeuugli x13faqbe x1vvkbs x1xmvt09 x1lliihq x1s928wv xhkezso x1gmr53x x1cpjm7i x1fgarty x1943h6x x4zkp8e x676frb x1nxh6w3 x1sibtaa x1s688f xzsf02u\" dir=\"auto\">Damiano Prizzon<\/span><\/span><\/a><\/span><span class=\"xi81zsa\"><span class=\"xzpqnlu xjm9jq1 x6ikm8r x10wlt62 x10l6tqk x1i1rx1s\">\u00a0<\/span><span aria-hidden=\"true\"> \u00b7 g<\/span><\/span>razie mille per l&#8217;attenzione, Verso le\u00a0 19 di ieri sera\u00a0 le vacche sono state avvistate. Dopo una segnalazione telefonica gli animali vengono recuperati in pochi minuti senza difficolt\u00e0 e portati a casa. Ringrazio di cuore per la partecipazione dimostrata da tutti.<\/p>\n<p>&nbsp;<\/p>\n<\/div>\n<\/div>\n<\/div>\n<\/div>\n<\/div>\n<\/div>\n<\/div>\n<\/div>\n<\/article>\n<\/div>\n<\/div>\n<\/div>\n<\/div>\n<\/div>\n<div class=\"md:pt-0 dark:border-white\/20 md:border-transparent md:dark:border-transparent w-full\">\n<div>\n<div class=\"m-auto text-base px-3 md:px-4 w-full md:px-5 lg:px-4 xl:px-5\">\n<div class=\"mx-auto flex flex-1 gap-4 text-base md:gap-5 lg:gap-6 md:max-w-3xl lg:max-w-[40rem] xl:max-w-[48rem]\">\n<form class=\"w-full\" aria-haspopup=\"dialog\" aria-expanded=\"false\" aria-controls=\"radix-:r45:\" data-state=\"closed\">\n<div class=\"relative flex h-full max-w-full flex-1 flex-col\">\n<div class=\"group relative flex w-full items-center\">\n<div class=\"flex w-full flex-col gap-1.5 rounded-[26px] p-1.5 transition-colors contain-inline-size bg-[#f4f4f4] dark:bg-token-main-surface-secondary\">\n<div class=\"flex items-end gap-1.5 pl-4 md:gap-2\">\n<div class=\"min-w-8\"><\/div>\n<\/div>\n<\/div>\n<\/div>\n<\/div>\n<\/form>\n<\/div>\n<\/div>\n<div class=\"relative w-full px-2 py-2 text-center text-xs text-token-text-secondary empty:hidden md:px-[60px]\">\n<div class=\"min-h-4\">\n<div><\/div>\n<\/div>\n<\/div>\n<\/div>\n<\/div>\n<p>&nbsp;<\/p>\n<p><em><span style=\"color: #ff0000;\"><a class=\"dt-pswp-item\" href=\"https:\/\/www.radiopiu.net\/wordpress\/wp-content\/uploads\/2024\/10\/Senza-nome-8.png\" data-dt-img-description=\"\" data-large_image_width=\"343\" data-large_image_height=\"303\"><img loading=\"lazy\" decoding=\"async\" class=\"wp-image-412130 alignleft\" src=\"https:\/\/www.radiopiu.net\/wordpress\/wp-content\/uploads\/2024\/10\/Senza-nome-8-300x265.png\" alt=\"\" width=\"105\" height=\"93\" srcset=\"https:\/\/www.radiopiu.net\/wordpress\/wp-content\/uploads\/2024\/10\/Senza-nome-8-300x265.png 300w, https:\/\/www.radiopiu.net\/wordpress\/wp-content\/uploads\/2024\/10\/Senza-nome-8.png 343w\" sizes=\"auto, (max-width: 105px) 100vw, 105px\" \/><\/a><\/span><\/em><strong><em><span style=\"color: #ff0000;\"> LA\u00a0 APP PER IOS-IPHONE di Nicola Vettorello<\/span><\/em><\/strong><\/p>\n<p><strong><span style=\"color: #0000ff;\"><a style=\"color: #0000ff;\" href=\"https:\/\/apps.apple.com\/it\/app\/radio-pi%C3%B9-emittente-agordina\/id1515939845\">https:\/\/apps.apple.com\/it\/app\/radio-pi%C3%B9-emittente-agordina\/id1515939845<\/a><\/span><\/strong><\/p>\n<p><strong><em style=\"color: #ff0000;\">LA\u00a0 APP RADIO\u00a0 PER ANDROID di Nicola Vettorello<\/em><\/strong><\/p>\n<p><strong><span style=\"color: #0000ff;\"><a style=\"color: #0000ff;\" href=\"https:\/\/play.google.com\/store\/apps\/details?id=net.radiopiu.iniko\" target=\"_blank\" rel=\"noopener noreferrer\">https:\/\/<\/a><a style=\"color: #0000ff;\" href=\"https:\/\/play.google.com\/store\/apps\/details?id=net.radiopiu.iniko\" target=\"_blank\" rel=\"noopener noreferrer\">play.google.com\/store\/apps\/details?id=net.radiopiu.iniko\u00a0\u00a0\u00a0<\/a><\/span><\/strong><\/p>\n<p>&nbsp;<\/p>\n<p>&nbsp;<\/p>\n<hr \/>\n<blockquote>\n<h1 dir=\"auto\"><span style=\"color: #008000;\">\u00a0<\/span><\/h1>\n<\/blockquote>\n<div dir=\"auto\"><\/div>\n<p><a class=\"dt-pswp-item\" href=\"https:\/\/www.radiopiu.net\/wordpress\/wp-content\/uploads\/2024\/10\/a.png\" data-dt-img-description=\"\" data-large_image_width=\"640\" data-large_image_height=\"388\"><img loading=\"lazy\" decoding=\"async\" class=\"size-medium wp-image-416059 alignleft\" src=\"https:\/\/www.radiopiu.net\/wordpress\/wp-content\/uploads\/2024\/10\/a-300x182.png\" alt=\"\" width=\"300\" height=\"182\" srcset=\"https:\/\/www.radiopiu.net\/wordpress\/wp-content\/uploads\/2024\/10\/a-300x182.png 300w, https:\/\/www.radiopiu.net\/wordpress\/wp-content\/uploads\/2024\/10\/a.png 640w\" sizes=\"auto, (max-width: 300px) 100vw, 300px\" \/><\/a><strong>OGGI ALLA RADIO<\/strong>&#8230;. ALLE <span style=\"color: #ff0000;\">4<\/span> E ALLE <span style=\"color: #ff0000;\">6<\/span> LE NOTIZIE DALL&#8217;ITALIA E DAL MONDO <span style=\"color: #ff0000;\">5<\/span>\u00a0l&#8217;almanacco della nostra gente con il MUSLA\u00a0 <span style=\"color: #ff0000;\">6.15<\/span> PIROLE DE LENGA A CURA DEL MUSLA<span style=\"color: #ff0000;\"> 7.20<\/span> EL BAL DEL FIORI, DETTI E TRADIZIONI DI GIULIANA DA RONCH<span style=\"color: #ff0000;\"> 8.05<\/span> LA RASSEGNA STAMPA LOCALE<span style=\"color: #ff0000;\"> 8.30<\/span> PIU&#8217; SIAMO CON MARINA DONA&#8217;\u00a0\u00a0 <span style=\"color: #ff0000;\">900<\/span> il giovedi di alex nascinben, la musica country e west coast\u00a0 <span style=\"color: #ff0000;\">9.35<\/span> DIANA ZERILLI DA MOSTO RICCO, IL VINO RACCONTA \u00a0<span style=\"color: #ff0000;\">9.40<\/span> VIABILITA&#8217; CON BOTOL CAR SERVICE (AGORDO-SEDICO-FELTRE) \u00a0<span style=\"color: #ff0000;\">10.30<\/span>\u00a0 SPI CGIL, QUINDICINALE APPUNTAMENTO CON MARIA RITA GENTILIN <span style=\"color: #ff0000;\">11 10<\/span> paola lanciato emozione continua un secolo di radio piu&#8217; 41 di musica <span style=\"color: #ff0000;\">11.40<\/span> FESTIVALBAR STORY DI ATHOS DJ DAVID BEN\u00a0 \u00a0 <span style=\"color: #ff0000;\">12.00<\/span> VA TUTTO LISCIO\u00a0 <span style=\"color: #ff0000;\">12.30<\/span> GIORNALE RADIO PRINCIPALE\u00a0 <span style=\"color: #ff0000;\">\u00a013.20<\/span> FOGLIE E CASTAGNE DI MARINA DONA&#8217; \u00a0<span style=\"color: #ff0000;\">14.00<\/span>\u00a0 COLLAGE OPERAZIONE NOSTALGIA, NEL GIOVEDI DI LORIS SCUSSEL\u00a0<span style=\"color: #ff0000;\">15.10<\/span>\u00a0 PIU&#8217; MUSICA, DI MARINA DONA&#8217; <span style=\"color: #ff0000;\">\u00a016<\/span> IL ROCK DI MARCO COSTANTINI \u00a01645 LE HIT DI MIRCO BENCIVENNI <span style=\"color: #ff0000;\">18.00<\/span> PIU&#8217; DANCE LE SELEZIONI CHE FANNO SALTARE DI DJ JACK, JACOPO DEL TEDESCO <span style=\"color: #ff0000;\">19.00<\/span> LE ANTICIPAZIONI DAL TG DI ANTENNA 3 DI TIZIANA BOLOGNANI <span style=\"color: #ff0000;\">19.20<\/span> Luca Luchetta, Presidente Famiglia ex Emigranti Agordini, domenica al festa a Cencenighe 19.30 LUNEDI INCONTRO CON IL SERD SUL GIOCO D&#8217;AZZARDO IN SALA DON TAMIS, DI GIANNI SANTOMASO (FOTO)<\/p>\n<p><strong>rassegna stampa nazionale,<\/strong> ogni giorno alle 5 e alle 6 del mattino<br \/>\ngiornali locali 7 rassegna stampa flash, 8 rassegna stampa, gr flash alle 10 e alle 11, principale 12.30. Informazione pomeriggio alle 15 (speciale) 16, 17, 18. Giornale radio nazionale: ogni ora dalle 5 del mattino, alle 20 della sera.<\/p>\n<p>&nbsp;<\/p>\n<p>&nbsp;<\/p>\n<hr \/>\n<p>&nbsp;<\/p>\n<p>&nbsp;<\/p>\n<div class=\"x11i5rnm xat24cr x1mh8g0r x1vvkbs xtlvy1s x126k92a\">\n<div dir=\"auto\">\n<div dir=\"auto\">\n<p><strong><a class=\"dt-pswp-item\" href=\"https:\/\/www.radiopiu.net\/wordpress\/wp-content\/uploads\/2024\/02\/2d44e751-d8a8-461b-8e22-d8e4e853b032.jpg\" data-dt-img-description=\"\" data-large_image_width=\"1600\" data-large_image_height=\"1200\"><img loading=\"lazy\" decoding=\"async\" class=\"wp-image-373307 alignleft\" src=\"https:\/\/www.radiopiu.net\/wordpress\/wp-content\/uploads\/2024\/02\/2d44e751-d8a8-461b-8e22-d8e4e853b032-300x225.jpg\" alt=\"\" width=\"105\" height=\"79\" srcset=\"https:\/\/www.radiopiu.net\/wordpress\/wp-content\/uploads\/2024\/02\/2d44e751-d8a8-461b-8e22-d8e4e853b032-300x225.jpg 300w, https:\/\/www.radiopiu.net\/wordpress\/wp-content\/uploads\/2024\/02\/2d44e751-d8a8-461b-8e22-d8e4e853b032-1024x768.jpg 1024w, https:\/\/www.radiopiu.net\/wordpress\/wp-content\/uploads\/2024\/02\/2d44e751-d8a8-461b-8e22-d8e4e853b032-768x576.jpg 768w, https:\/\/www.radiopiu.net\/wordpress\/wp-content\/uploads\/2024\/02\/2d44e751-d8a8-461b-8e22-d8e4e853b032-1536x1152.jpg 1536w, https:\/\/www.radiopiu.net\/wordpress\/wp-content\/uploads\/2024\/02\/2d44e751-d8a8-461b-8e22-d8e4e853b032.jpg 1600w\" sizes=\"auto, (max-width: 105px) 100vw, 105px\" \/><\/a>EL BAL DEL FIOR, DI GIULIANA DA RONCH, 24 OTTOBRE<\/strong><strong>\u00a02024<\/strong><\/p>\n<\/div>\n<\/div>\n<\/div>\n<div>\n<audio class=\"wp-audio-shortcode\" id=\"audio-415827-1\" preload=\"none\" style=\"width: 100%;\" controls=\"controls\"><source type=\"audio\/mpeg\" src=\"https:\/\/www.radiopiu.net\/wordpress\/wp-content\/uploads\/2024\/10\/GGI-2.mp3?_=1\" \/><a href=\"https:\/\/www.radiopiu.net\/wordpress\/wp-content\/uploads\/2024\/10\/GGI-2.mp3\">https:\/\/www.radiopiu.net\/wordpress\/wp-content\/uploads\/2024\/10\/GGI-2.mp3<\/a><\/audio>\n<p>&nbsp;<\/p>\n<\/div>\n<div><\/div>\n<hr \/>\n<p>&nbsp;<\/p>\n<div class=\"x11i5rnm xat24cr x1mh8g0r x1vvkbs xtlvy1s x126k92a\">\n<h1><span style=\"color: #ff0000;\"><a class=\"dt-pswp-item\" href=\"https:\/\/www.radiopiu.net\/wordpress\/wp-content\/uploads\/2024\/06\/th-5.jpg\" data-dt-img-description=\"\" data-large_image_width=\"326\" data-large_image_height=\"180\"><img loading=\"lazy\" decoding=\"async\" class=\"size-medium wp-image-395881 alignleft\" src=\"https:\/\/www.radiopiu.net\/wordpress\/wp-content\/uploads\/2024\/06\/th-5-300x166.jpg\" alt=\"\" width=\"300\" height=\"166\" srcset=\"https:\/\/www.radiopiu.net\/wordpress\/wp-content\/uploads\/2024\/06\/th-5-300x166.jpg 300w, https:\/\/www.radiopiu.net\/wordpress\/wp-content\/uploads\/2024\/06\/th-5.jpg 326w\" sizes=\"auto, (max-width: 300px) 100vw, 300px\" \/><\/a><\/span><\/h1>\n<h1><\/h1>\n<h1><\/h1>\n<h1><span style=\"color: #000000;\">24 OTTOBRE&#8230; alla radio l&#8217;almanacco\u00a0<\/span><\/h1>\n<audio class=\"wp-audio-shortcode\" id=\"audio-415827-2\" preload=\"none\" style=\"width: 100%;\" controls=\"controls\"><source type=\"audio\/mpeg\" src=\"https:\/\/www.radiopiu.net\/wordpress\/wp-content\/uploads\/2024\/10\/ALMANACCONEW-19.mp3?_=2\" \/><a href=\"https:\/\/www.radiopiu.net\/wordpress\/wp-content\/uploads\/2024\/10\/ALMANACCONEW-19.mp3\">https:\/\/www.radiopiu.net\/wordpress\/wp-content\/uploads\/2024\/10\/ALMANACCONEW-19.mp3<\/a><\/audio>\n<p>&nbsp;<\/p>\n<p>&nbsp;<\/p>\n<hr \/>\n<p>&nbsp;<\/p>\n<p>&nbsp;<\/p>\n<blockquote>\n<h1><strong><a class=\"dt-pswp-item\" href=\"https:\/\/www.radiopiu.net\/wordpress\/wp-content\/uploads\/2024\/10\/629301fd-708d-4f53-95c2-d28cbefd500f.jpg\" data-dt-img-description=\"\" data-large_image_width=\"1600\" data-large_image_height=\"1322\"><img loading=\"lazy\" decoding=\"async\" class=\"wp-image-413782 alignleft\" src=\"https:\/\/www.radiopiu.net\/wordpress\/wp-content\/uploads\/2024\/10\/629301fd-708d-4f53-95c2-d28cbefd500f-300x248.jpg\" alt=\"\" width=\"186\" height=\"154\" srcset=\"https:\/\/www.radiopiu.net\/wordpress\/wp-content\/uploads\/2024\/10\/629301fd-708d-4f53-95c2-d28cbefd500f-300x248.jpg 300w, https:\/\/www.radiopiu.net\/wordpress\/wp-content\/uploads\/2024\/10\/629301fd-708d-4f53-95c2-d28cbefd500f-1024x846.jpg 1024w, https:\/\/www.radiopiu.net\/wordpress\/wp-content\/uploads\/2024\/10\/629301fd-708d-4f53-95c2-d28cbefd500f-768x635.jpg 768w, https:\/\/www.radiopiu.net\/wordpress\/wp-content\/uploads\/2024\/10\/629301fd-708d-4f53-95c2-d28cbefd500f-1536x1269.jpg 1536w, https:\/\/www.radiopiu.net\/wordpress\/wp-content\/uploads\/2024\/10\/629301fd-708d-4f53-95c2-d28cbefd500f.jpg 1600w\" sizes=\"auto, (max-width: 186px) 100vw, 186px\" \/><\/a>N di parom &#8211; L Almanach de la nosta jent<\/strong><\/h1>\n<\/blockquote>\n<p>Le voci: Davide Conedera, Agordo, Michela Dell&#8217;Osbel, La Valle Agordina Simone Ganz, Falcade Veronica Lezuo, Colle Santa Lucia. La voce nella sigla \u00e8 di Giorgia Taio<\/p>\n<p><strong>LA PUNTATA DI OGGI, 24 OTTOBRE<\/strong><\/p>\n<audio class=\"wp-audio-shortcode\" id=\"audio-415827-3\" preload=\"none\" style=\"width: 100%;\" controls=\"controls\"><source type=\"audio\/mpeg\" src=\"https:\/\/www.radiopiu.net\/wordpress\/wp-content\/uploads\/2024\/10\/AL4.mp3?_=3\" \/><a href=\"https:\/\/www.radiopiu.net\/wordpress\/wp-content\/uploads\/2024\/10\/AL4.mp3\">https:\/\/www.radiopiu.net\/wordpress\/wp-content\/uploads\/2024\/10\/AL4.mp3<\/a><\/audio>\n<p>&nbsp;<\/p>\n<\/div>\n<div class=\"x11i5rnm xat24cr x1mh8g0r x1vvkbs xtlvy1s x126k92a\">\n<p>&nbsp;<\/p>\n<div dir=\"auto\">\n<hr \/>\n<\/div>\n<\/div>\n<blockquote>\n<blockquote>\n<h1><span style=\"color: #ff0000;\">\u00a0<\/span><\/h1>\n<h1><span style=\"color: #ff0000;\">I podcast informativi del mattino &#8211; audio &#8211;\u00a0\u00a0<\/span><\/h1>\n<\/blockquote>\n<p><strong><a class=\"dt-pswp-item\" href=\"https:\/\/www.radiopiu.net\/wordpress\/wp-content\/uploads\/2024\/10\/COOP2-2.png\" data-dt-img-description=\"\" data-large_image_width=\"550\" data-large_image_height=\"308\"><img loading=\"lazy\" decoding=\"async\" class=\"size-medium wp-image-416076 alignleft\" src=\"https:\/\/www.radiopiu.net\/wordpress\/wp-content\/uploads\/2024\/10\/COOP2-2-300x168.png\" alt=\"\" width=\"300\" height=\"168\" srcset=\"https:\/\/www.radiopiu.net\/wordpress\/wp-content\/uploads\/2024\/10\/COOP2-2-300x168.png 300w, https:\/\/www.radiopiu.net\/wordpress\/wp-content\/uploads\/2024\/10\/COOP2-2.png 550w\" sizes=\"auto, (max-width: 300px) 100vw, 300px\" \/><\/a>LA RASSEGNA STAMPA NAZIONALE ALLA RADIO, OGNI GIORNO ALLE 5 E ALLE 6 DEL MATTINO <span style=\"color: #0000ff;\">viene pubblicata alle 6.00 <span style=\"color: #ff0000;\">DIRETTA RADIO\u00a0 \u00a0\u00a0<\/span><\/span><\/strong><\/p><\/blockquote>\n<h1><\/h1>\n<p><strong>NOTIZIE DELLA NOTTE<\/strong><\/p>\n<p>&nbsp;<\/p>\n<p><strong>I lavoratori della Boeing<\/strong> rifiutano l&#8217;accordo, sciopero continua <strong>Usa 2024<\/strong>, Harris insiste: &#8216;Trump \u00e8 un fascista&#8217;<br \/>\n<strong>Borsa:<\/strong> Hong Kong negativa, apre a -0,9% <strong>Un&#8217;ex modella<\/strong> accusa Trump, &#8216;mi ha molestata nel 1993&#8217; <strong>&#8216;Harris<\/strong> far\u00e0 marted\u00ec suo grande discorso prima del voto&#8217; <strong>Turchia,<\/strong> &#8216;raid sul Pkk in Iraq e Siria, distrutti 32 obiettivi&#8217;<br \/>\n<strong>Dipartimento Giustizia<\/strong> avverte Musk, &#8216;la lotteria \u00e8 illegale&#8217;<\/p>\n<h2>AUDIO dalle 6 del mattino<\/h2>\n<audio class=\"wp-audio-shortcode\" id=\"audio-415827-4\" preload=\"none\" style=\"width: 100%;\" controls=\"controls\"><source type=\"audio\/mpeg\" src=\"https:\/\/www.radiopiu.net\/wordpress\/wp-content\/uploads\/2024\/10\/GIORNALEDELLESEI-20.mp3?_=4\" \/><a href=\"https:\/\/www.radiopiu.net\/wordpress\/wp-content\/uploads\/2024\/10\/GIORNALEDELLESEI-20.mp3\">https:\/\/www.radiopiu.net\/wordpress\/wp-content\/uploads\/2024\/10\/GIORNALEDELLESEI-20.mp3<\/a><\/audio>\n<p>&nbsp;<\/p>\n<p>&nbsp;<\/p>\n<p>&nbsp;<\/p>\n<hr \/>\n<p>&nbsp;<\/p>\n<h1 style=\"text-align: center;\"><span style=\"color: #ff0000;\">I podcast informativi del mattino &#8211; audio &#8211;\u00a0<\/span><\/h1>\n<p><strong><a class=\"dt-pswp-item\" href=\"https:\/\/www.radiopiu.net\/wordpress\/wp-content\/uploads\/2024\/10\/COOP3-1.png\" data-dt-img-description=\"\" data-large_image_width=\"497\" data-large_image_height=\"216\"><img loading=\"lazy\" decoding=\"async\" class=\"size-medium wp-image-416075 alignleft\" src=\"https:\/\/www.radiopiu.net\/wordpress\/wp-content\/uploads\/2024\/10\/COOP3-1-300x130.png\" alt=\"\" width=\"300\" height=\"130\" srcset=\"https:\/\/www.radiopiu.net\/wordpress\/wp-content\/uploads\/2024\/10\/COOP3-1-300x130.png 300w, https:\/\/www.radiopiu.net\/wordpress\/wp-content\/uploads\/2024\/10\/COOP3-1.png 497w\" sizes=\"auto, (max-width: 300px) 100vw, 300px\" \/><\/a>OGNI GIORNO ALLE SETTE DEL MATTINO, LA RASSEGNA STAMPA LOCALE FLASH&#8230; PER CHI VA IN FRETTA. I TITOLI DAI GIORNALI E DAL SITO WWW.RADIOPIU.NET <span style=\"color: #0000ff;\">viene pubblicato alle 7.00<\/span> <span style=\"color: #ff0000;\">DIRETTA RADIO\u00a0<\/span><\/strong><\/p>\n<p><em><span style=\"color: #ff0000;\">per chi va in fretta&#8230; tante notizie in pochi minuti. L&#8217;informazione locale alla radio, ogni ora dalle 7 del mattino alle 19 della sera.<\/span><\/em><\/p>\n<h1>AUDIO dalle 7 del mattino<\/h1>\n<audio class=\"wp-audio-shortcode\" id=\"audio-415827-5\" preload=\"none\" style=\"width: 100%;\" controls=\"controls\"><source type=\"audio\/mpeg\" src=\"https:\/\/www.radiopiu.net\/wordpress\/wp-content\/uploads\/2024\/10\/GF07-20.mp3?_=5\" \/><a href=\"https:\/\/www.radiopiu.net\/wordpress\/wp-content\/uploads\/2024\/10\/GF07-20.mp3\">https:\/\/www.radiopiu.net\/wordpress\/wp-content\/uploads\/2024\/10\/GF07-20.mp3<\/a><\/audio>\n<p>&nbsp;<\/p>\n<p>&nbsp;<\/p>\n<p>&nbsp;<\/p>\n<hr \/>\n<p>&nbsp;<\/p>\n<h1><\/h1>\n<h1 style=\"text-align: center;\"><span style=\"color: #ff0000;\"><a class=\"dt-pswp-item\" href=\"https:\/\/www.radiopiu.net\/wordpress\/wp-content\/uploads\/2022\/01\/026c3f9d-dae9-4040-a3c1-a6530231bcc3.jpg\" data-dt-img-description=\"\" data-large_image_width=\"1152\" data-large_image_height=\"2048\"><img loading=\"lazy\" decoding=\"async\" class=\"wp-image-251839 alignleft\" src=\"https:\/\/www.radiopiu.net\/wordpress\/wp-content\/uploads\/2022\/01\/026c3f9d-dae9-4040-a3c1-a6530231bcc3-169x300.jpg\" alt=\"\" width=\"100\" height=\"177\" srcset=\"https:\/\/www.radiopiu.net\/wordpress\/wp-content\/uploads\/2022\/01\/026c3f9d-dae9-4040-a3c1-a6530231bcc3-169x300.jpg 169w, https:\/\/www.radiopiu.net\/wordpress\/wp-content\/uploads\/2022\/01\/026c3f9d-dae9-4040-a3c1-a6530231bcc3-576x1024.jpg 576w, https:\/\/www.radiopiu.net\/wordpress\/wp-content\/uploads\/2022\/01\/026c3f9d-dae9-4040-a3c1-a6530231bcc3-768x1365.jpg 768w, https:\/\/www.radiopiu.net\/wordpress\/wp-content\/uploads\/2022\/01\/026c3f9d-dae9-4040-a3c1-a6530231bcc3-864x1536.jpg 864w, https:\/\/www.radiopiu.net\/wordpress\/wp-content\/uploads\/2022\/01\/026c3f9d-dae9-4040-a3c1-a6530231bcc3.jpg 1152w\" sizes=\"auto, (max-width: 100px) 100vw, 100px\" \/><\/a>I podcast informativi del mattino &#8211; audio &#8211;\u00a0<\/span><\/h1>\n<blockquote><p><strong>GIORNALE RADIO NAZIONALE, EDIZIONE DELLE SETTE <span style=\"color: #0000ff;\">viene pubblicato alle 7.05 <span style=\"color: #ff0000;\">DIRETTA RADIO\u00a0<\/span><\/span><\/strong><\/p><\/blockquote>\n<p><strong>il giornale radionazionale e&#8217; in onda ogni ora, dalle sette del mattino alle venti della sera\u00a0 \u00a0<\/strong><strong>\u00a0<\/strong><\/p>\n<p><strong>Mafia <\/strong>Polemiche sulla scarcerazione del &#8216;re delle scommesse&#8217; <strong>Immigrazione <\/strong>Maysoon lascia il carcere, &#8216;nessuno mi ripagher\u00e0 un anno di vita&#8217; <strong>Palermo <\/strong>Confermata la condanna dell&#8217;imputato minorenne per lo stupro di gruppo <strong>Omicidio Scazzi,<\/strong> il tribunale sospende la messa in onda della serie tv Accolto il ricorso d&#8217;urgenza presentato dal Comune di Avetrana <strong>&#8216;Dal Comune di Milano<\/strong> danno erariale di 300mila euro&#8217; <strong>Invito a dedurre<\/strong> della Corte dei Conti. Accuse anche a Brugnaro, danno da 3,2 milioni per palazzo Papadopoli<\/p>\n<p><span style=\"color: #ff0000;\">EDIZIONE DELLE 20, DEL 18 OTTOBRE 2024<\/span><\/p>\n<audio class=\"wp-audio-shortcode\" id=\"audio-415827-6\" preload=\"none\" style=\"width: 100%;\" controls=\"controls\"><source type=\"audio\/mpeg\" src=\"https:\/\/www.radiopiu.net\/wordpress\/wp-content\/uploads\/2024\/10\/giornale07-40.mp3?_=6\" \/><a href=\"https:\/\/www.radiopiu.net\/wordpress\/wp-content\/uploads\/2024\/10\/giornale07-40.mp3\">https:\/\/www.radiopiu.net\/wordpress\/wp-content\/uploads\/2024\/10\/giornale07-40.mp3<\/a><\/audio>\n<p>&nbsp;<\/p>\n<p><span style=\"color: #ff0000;\">EDIZIONE DELLE 19, DEL 18 OTTOBRE 2024, LO SPORT<\/span><\/p>\n<audio class=\"wp-audio-shortcode\" id=\"audio-415827-7\" preload=\"none\" style=\"width: 100%;\" controls=\"controls\"><source type=\"audio\/mpeg\" src=\"https:\/\/www.radiopiu.net\/wordpress\/wp-content\/uploads\/2024\/10\/gr-sport-20.mp3?_=7\" \/><a href=\"https:\/\/www.radiopiu.net\/wordpress\/wp-content\/uploads\/2024\/10\/gr-sport-20.mp3\">https:\/\/www.radiopiu.net\/wordpress\/wp-content\/uploads\/2024\/10\/gr-sport-20.mp3<\/a><\/audio>\n<h2><\/h2>\n<h2>AUDIO dalle sette del mattino, ogni ora alla radio<\/h2>\n<audio class=\"wp-audio-shortcode\" id=\"audio-415827-8\" preload=\"none\" style=\"width: 100%;\" controls=\"controls\"><source type=\"audio\/mpeg\" src=\"https:\/\/www.radiopiu.net\/wordpress\/wp-content\/uploads\/2024\/10\/giornale07-41.mp3?_=8\" \/><a href=\"https:\/\/www.radiopiu.net\/wordpress\/wp-content\/uploads\/2024\/10\/giornale07-41.mp3\">https:\/\/www.radiopiu.net\/wordpress\/wp-content\/uploads\/2024\/10\/giornale07-41.mp3<\/a><\/audio>\n<p>&nbsp;<\/p>\n<hr \/>\n<p>&nbsp;<\/p>\n<p>&nbsp;<\/p>\n<h1><span style=\"color: #ff0000;\"><a class=\"dt-pswp-item\" href=\"https:\/\/www.radiopiu.net\/wordpress\/wp-content\/uploads\/2024\/10\/COOP1-4.png\" data-dt-img-description=\"\" data-large_image_width=\"536\" data-large_image_height=\"269\"><img loading=\"lazy\" decoding=\"async\" class=\"size-medium wp-image-416077 alignleft\" src=\"https:\/\/www.radiopiu.net\/wordpress\/wp-content\/uploads\/2024\/10\/COOP1-4-300x151.png\" alt=\"\" width=\"300\" height=\"151\" srcset=\"https:\/\/www.radiopiu.net\/wordpress\/wp-content\/uploads\/2024\/10\/COOP1-4-300x151.png 300w, https:\/\/www.radiopiu.net\/wordpress\/wp-content\/uploads\/2024\/10\/COOP1-4.png 536w\" sizes=\"auto, (max-width: 300px) 100vw, 300px\" \/><\/a>I podcast informativi del mattino &#8211; video &#8211;\u00a0<\/span><\/h1>\n<h2 style=\"text-align: left;\"><strong>RASSEGNA STAMPA LOCALE, ORE OTTO 05<\/strong><\/h2>\n<h2><strong> <span style=\"color: #0000ff;\">viene\u00a0 <\/span><\/strong><strong><span style=\"color: #0000ff;\">pubblicata alle 8.05 <span style=\"color: #ff0000;\">DIRETTA RADIO\u00a0 \u00a0<\/span><\/span><\/strong><strong>DI MIRKO MEZZACASA<\/strong><\/h2>\n<p>&nbsp;<\/p>\n<h1><span style=\"color: #ff0000;\">AGGIORNAMENTO OGNI GIORNO ALLE 8.05 in collaborazione con AL SOLITO POSTO bar, edicola, sulla strada per l&#8217;ospedale da Sonia.\u00a0 \u00a0<\/span><\/h1>\n<p>&nbsp;<\/p>\n<h1 style=\"text-align: center;\"><span style=\"color: #0000ff;\"><a style=\"color: #0000ff;\" href=\"https:\/\/www.facebook.com\/radiopiu\/videos\/568012472578722\">CLICCA QUI<\/a><\/span><\/h1>\n<p>&nbsp;<\/p>\n<hr \/>\n<p>&nbsp;<\/p>\n<p>&nbsp;<\/p>\n<p><strong><a class=\"dt-pswp-item\" href=\"https:\/\/www.radiopiu.net\/wordpress\/wp-content\/uploads\/2023\/12\/ANTENNA.png\" data-dt-img-description=\"\" data-large_image_width=\"300\" data-large_image_height=\"166\"><img loading=\"lazy\" decoding=\"async\" class=\" wp-image-366306 alignleft\" src=\"https:\/\/www.radiopiu.net\/wordpress\/wp-content\/uploads\/2023\/12\/ANTENNA.png\" alt=\"\" width=\"175\" height=\"97\" \/><\/a>ogni sera alle 19 le anticipazioni alla radio, quello che poi seguirete nel TELEGIORNALE BELLUNESE\u00a0 in onda alle 19.30 sul CANALE 10 del digitale terrestre.\u00a0\u00a0<\/strong><\/p>\n<p>&nbsp;<\/p>\n<p><strong>LE ANTICIPAZIONI DAL TG DI ANTENNA 3, DI\u00a0 TIZIANA BOLOGNANI<\/strong><\/p>\n<audio class=\"wp-audio-shortcode\" id=\"audio-415827-9\" preload=\"none\" style=\"width: 100%;\" controls=\"controls\"><source type=\"audio\/mpeg\" src=\"https:\/\/www.radiopiu.net\/wordpress\/wp-content\/uploads\/2024\/10\/ANTENNA3-15.mp3?_=9\" \/><a href=\"https:\/\/www.radiopiu.net\/wordpress\/wp-content\/uploads\/2024\/10\/ANTENNA3-15.mp3\">https:\/\/www.radiopiu.net\/wordpress\/wp-content\/uploads\/2024\/10\/ANTENNA3-15.mp3<\/a><\/audio>\n<p>&nbsp;<\/p>\n<p>&nbsp;<\/p>\n<p>&nbsp;<\/p>\n<hr \/>\n<p>&nbsp;<\/p>\n<blockquote>\n<h3>ACQUA NON POTABILE A VALLADA E CANALE D&#8217;AGORDO<\/h3>\n<\/blockquote>\n<p><b>VALLADA <\/b>\u00a0nelle localit\u00e0 Toffol, Sacchet , Celat e Mas e a Canale D&#8217;Agordo nelle localit\u00e0 Capoluogo, Casate, Val e Calcergnan l&#8217;acqua erogata dall&#8217;acquedotto non \u00e8 potabile e pu\u00f2 essere usata per scopi alimentari solo previa bollitura. Per gli abitanti di Canale D&#8217;Agordo verr\u00e0 effettuato servizio sostitutivo con autobotte in piazza Papa Luciani mentre gli utenti di Vallada potranno fornirsi di acqua potabile presso la cisterna situata vicino alla Chiesa di Celat.<\/p>\n<p>&nbsp;<\/p>\n<p>&nbsp;<\/p>\n<hr \/>\n<p>&nbsp;<\/p>\n<blockquote>\n<h3>FALCO A CENCENIGHE PER UN MALORE<\/h3>\n<\/blockquote>\n<p><strong>REDAZIONE<\/strong> Intervento del Suem 118 nella serata di marted\u00ec a Cencenighe per soccorrere una persona che non si era sentita bene. Un 88enne \u00e8 stato preso in cura per un malore. Sul posto \u00e8 intervenuta l&#8217;ambulanza di Agordo che ha prestato le prime cure al paziente in attesa dell&#8217;arrivo dell&#8217;elicottero che ha poi portato l&#8217;uomo al San Martino di Belluno in condizioni gravi.<\/p>\n<p>&nbsp;<\/p>\n<p>&nbsp;<\/p>\n<hr \/>\n<p>&nbsp;<\/p>\n<blockquote>\n<h2>Precipit\u00f2 nel vuoto a causa di un guard-rail troppo basso, Comune condannato a risarcire la famiglia<\/h2>\n<\/blockquote>\n<p><strong><a class=\"dt-pswp-item\" href=\"https:\/\/www.radiopiu.net\/wordpress\/wp-content\/uploads\/2021\/01\/Longarone_panoramica.jpg\" data-dt-img-description=\"\" data-large_image_width=\"1200\" data-large_image_height=\"576\"><img loading=\"lazy\" decoding=\"async\" class=\"size-medium wp-image-186300 alignleft\" src=\"https:\/\/www.radiopiu.net\/wordpress\/wp-content\/uploads\/2021\/01\/Longarone_panoramica-300x144.jpg\" alt=\"\" width=\"300\" height=\"144\" srcset=\"https:\/\/www.radiopiu.net\/wordpress\/wp-content\/uploads\/2021\/01\/Longarone_panoramica-300x144.jpg 300w, https:\/\/www.radiopiu.net\/wordpress\/wp-content\/uploads\/2021\/01\/Longarone_panoramica-1024x492.jpg 1024w, https:\/\/www.radiopiu.net\/wordpress\/wp-content\/uploads\/2021\/01\/Longarone_panoramica-768x369.jpg 768w, https:\/\/www.radiopiu.net\/wordpress\/wp-content\/uploads\/2021\/01\/Longarone_panoramica.jpg 1200w\" sizes=\"auto, (max-width: 300px) 100vw, 300px\" \/><\/a>BELLUNO\u00a0<\/strong> Sette anni dopo il tragico incidente di Castellavazzo, il Tribunale civile di Belluno ha emesso la sentenza che condanna il Comune di Longarone a risarcire i familiari di Lorena Olivotto, vittima dell\u2019incidente mortale avvenuto il 6 marzo 2017. La donna, 56 anni, usc\u00ec di strada con la sua auto e precipit\u00f2 da un\u2019altezza di tre metri, a causa di un guard-rail troppo basso e non conforme alle normative di sicurezza.<\/p>\n<div class=\"markdown prose w-full break-words dark:prose-invert dark\">\n<p>Lorena Olivotto stava percorrendo via Giovanni Uberti quando, affrontando una curva, urt\u00f2 il guard-rail, lo scavalc\u00f2 e fin\u00ec nella scarpata sottostante. Le perizie disposte durante il processo hanno escluso un malore della donna e guasti meccanici all\u2019auto, rilevando invece che l\u2019altezza del guard-rail era inferiore ai 60 centimetri previsti dalla normativa, essendo di soli 40 centimetri.<\/p>\n<blockquote>\n<div><em>\u201cNel 2012 vennero svolti alcuni lavori di rifacimento del manto stradale, senza per\u00f2 eliminare quello esistente \u2013 spiega Gennaro Pisacane, responsabile della sede Giesse a Belluno \u2013 Di conseguenza, il piano viario si alz\u00f2 e il guard-rail (rimasto lo stesso) si abbass\u00f2. O meglio: sprofond\u00f2. Il giudice ha accolto in pieno la nostra tesi: indipendentemente dalla causa primaria, e quindi da ci\u00f2 che ha determinato la fuoriuscita dell\u2019auto dalla sede stradale, se il guard-rail fosse stato conforme alla norma, Lorena Olivotto non sarebbe precipitata nella scarpata e ora, nella formula del pi\u00f9 probabilmente che non, sarebbe ancora viva. E questo \u00e8 pi\u00f9 che sufficiente, a livello civilistico, per stabilire la responsabilit\u00e0 del Comune. Dopo 7 lunghi anni possiamo dire di esser riusciti a far emergere la verit\u00e0 su quanto accaduto\u201d.\u00a0\u00a0<\/em><\/div>\n<\/blockquote>\n<\/div>\n<p>&nbsp;<\/p>\n<p>&nbsp;<\/p>\n<hr \/>\n<p>&nbsp;<\/p>\n<p><strong>OGGI LA GIUDIZIARIA<\/strong><br \/>\n<strong>DAL CORRIERE DELLE ALPI -SINTESI<\/strong><br \/>\n<strong>GIGI SOSSO<\/strong><\/p>\n<div class=\"group\/conversation-turn relative flex w-full min-w-0 flex-col agent-turn\">\n<div class=\"flex-col gap-1 md:gap-3\">\n<div class=\"flex max-w-full flex-col flex-grow\">\n<div class=\"min-h-8 text-message flex w-full flex-col items-end gap-2 whitespace-normal break-words [.text-message+&amp;]:mt-5\" dir=\"auto\" data-message-author-role=\"assistant\" data-message-id=\"5cfbd406-c207-4f0e-9633-8ccaa4ff5831\" data-message-model-slug=\"gpt-4o\">\n<div class=\"flex w-full flex-col gap-1 empty:hidden first:pt-[3px]\">\n<div class=\"markdown prose w-full break-words dark:prose-invert dark\">\n<blockquote><p><strong>Schianto tra auto e moto: patteggia e risarcisce<\/strong><\/p><\/blockquote>\n<p><strong>BELLUNO<\/strong> ha patteggiato un anno e mezzo di reclusione, con pena sospesa, per lesioni stradali dopo un incidente con un motociclista avvenuto nel luglio 2022. L&#8217;assicurazione aveva gi\u00e0 risarcito i danni. Il tribunale ha escluso l&#8217;accusa di guida in stato di ebbrezza.<\/p>\n<\/div>\n<\/div>\n<\/div>\n<\/div>\n<\/div>\n<\/div>\n<p>&nbsp;<\/p>\n<blockquote><p><strong>Ansiolitico a una minorenne: condanna e ricorso in Cassazione<\/strong><\/p><\/blockquote>\n<p><strong>FELTRE <\/strong>condannato a un anno di reclusione e 2.000 euro di multa per aver dato ansiolitici a una minorenne, ha presentato ricorso alla Cassazione dopo la conferma della condanna in Appello. Il caso verr\u00e0 discusso a fine mese.<\/p>\n<div class=\"mb-2 flex gap-3 empty:hidden -ml-2\">\n<div class=\"items-center justify-start rounded-xl p-1 flex\">\n<div class=\"flex items-center\">\n<div class=\"flex items-center pb-0\"><\/div>\n<\/div>\n<\/div>\n<\/div>\n<blockquote><p><strong>Assolto impresario per incidente sul lavoro alla Luxottica<\/strong><\/p><\/blockquote>\n<p><strong>AGORDO<\/strong> L&#8217;impresario \u00e8 stato assolto per l&#8217;incidente che coinvolse un operaio caduto da una scala in un cantiere Luxottica. Il giudice Domenico Riposati ha stabilito che il fatto non sussiste, citando insufficienza e contraddittoriet\u00e0 delle prove. Il pubblico ministero Simone Marcon aveva chiesto l&#8217;assoluzione.<\/p>\n<div class=\"mb-2 flex gap-3 empty:hidden -ml-2\">\n<div class=\"items-center justify-start rounded-xl p-1 flex\">\n<div class=\"flex items-center\">\n<div class=\"flex items-center pb-0\"><\/div>\n<div class=\"flex items-center pb-0\">\n<blockquote><p><strong>Furti in serie in Cadore, giovane a processo<\/strong><\/p><\/blockquote>\n<p><strong>CORTINA\u00a0 <\/strong>Un 25enne con amministratore di sostegno \u00e8 accusato di furti aggravati e utilizzo indebito di strumenti di pagamento in Cadore. Difeso dall&#8217;avvocato Nicola Gamberini, il giovane ha scelto il rito abbreviato. La sentenza \u00e8 prevista per l&#8217;11 dicembre. Nessuna parte civile si \u00e8 costituita per chiedere risarcimenti<\/p>\n<div class=\"mb-2 flex gap-3 empty:hidden -ml-2\">\n<div class=\"items-center justify-start rounded-xl p-1 flex\">\n<div class=\"flex items-center\">\n<div class=\"flex items-center pb-0\"><\/div>\n<div><\/div>\n<div>\n<hr \/>\n<\/div>\n<div><\/div>\n<div>\n<blockquote>\n<h3>DANIELE SELLE MEDAGLIA D\u2019ARGENTO AD \u201cARTISTICA\u201d DI JESOLO<\/h3>\n<\/blockquote>\n<p><strong>REDAZIONE<\/strong> L\u2019edizione 2024 di Artistica a Jesolo parla Agordino. La rassegna della Federazione Italiana Cuochi ha premiato Daniele Selle per le sue opere intagliate nelle forme di formaggio Piave. A complimentarsi con lui \u00e8 Paolo Frena, presidente dell&#8217;Unione montana agordina, ma soprattutto suo insegnante di cucina alla scuola alberghiera di Falcade. \u00abDaniele sei stato davvero grande\u00bb, ha detto Frena visibilmente emozionato, \u00abti giungano da parte mia, ma anche da parte di tutto il Bellunese, i complimenti e ringraziamenti pi\u00f9 sinceri. Il tuo successo, Daniele, \u00e8 frutto di passione, sacrifici e rinunce. Grazie di cuore, Daniele, che il tuo successo e il tuo esempio siano di stimolo ai giovani ai quali porterai la tua esperienza professionale a testimonianza che anche i traguardi pi\u00f9 difficili sono alla portata di tutti, ma soprattutto di chi sa osare e amare il proprio lavoro\u00bb<\/p>\n<p>&nbsp;<\/p>\n<p><strong>PAOLO FRENA, A RADIOPIU<\/strong><\/p>\n<audio class=\"wp-audio-shortcode\" id=\"audio-415827-10\" preload=\"none\" style=\"width: 100%;\" controls=\"controls\"><source type=\"audio\/mpeg\" src=\"https:\/\/www.radiopiu.net\/wordpress\/wp-content\/uploads\/2024\/10\/paolo-frena-audio.mp3?_=10\" \/><a href=\"https:\/\/www.radiopiu.net\/wordpress\/wp-content\/uploads\/2024\/10\/paolo-frena-audio.mp3\">https:\/\/www.radiopiu.net\/wordpress\/wp-content\/uploads\/2024\/10\/paolo-frena-audio.mp3<\/a><\/audio>\n<p>&nbsp;<\/p>\n<p>&nbsp;<\/p>\n<p><a class=\"dt-pswp-item\" href=\"https:\/\/www.radiopiu.net\/wordpress\/wp-content\/uploads\/2024\/10\/41facc62-3fb0-4a70-a714-142ee2a9eb33.jpeg\" data-dt-img-description=\"\" data-large_image_width=\"1232\" data-large_image_height=\"1640\"><img loading=\"lazy\" decoding=\"async\" class=\"alignnone wp-image-416040\" src=\"https:\/\/www.radiopiu.net\/wordpress\/wp-content\/uploads\/2024\/10\/41facc62-3fb0-4a70-a714-142ee2a9eb33-225x300.jpeg\" alt=\"\" width=\"170\" height=\"227\" srcset=\"https:\/\/www.radiopiu.net\/wordpress\/wp-content\/uploads\/2024\/10\/41facc62-3fb0-4a70-a714-142ee2a9eb33-225x300.jpeg 225w, https:\/\/www.radiopiu.net\/wordpress\/wp-content\/uploads\/2024\/10\/41facc62-3fb0-4a70-a714-142ee2a9eb33-769x1024.jpeg 769w, https:\/\/www.radiopiu.net\/wordpress\/wp-content\/uploads\/2024\/10\/41facc62-3fb0-4a70-a714-142ee2a9eb33-768x1022.jpeg 768w, https:\/\/www.radiopiu.net\/wordpress\/wp-content\/uploads\/2024\/10\/41facc62-3fb0-4a70-a714-142ee2a9eb33-1154x1536.jpeg 1154w, https:\/\/www.radiopiu.net\/wordpress\/wp-content\/uploads\/2024\/10\/41facc62-3fb0-4a70-a714-142ee2a9eb33.jpeg 1232w\" sizes=\"auto, (max-width: 170px) 100vw, 170px\" \/><\/a><a class=\"dt-pswp-item\" href=\"https:\/\/www.radiopiu.net\/wordpress\/wp-content\/uploads\/2024\/10\/186b4c48-444f-4cde-922c-bf41def2b4d5.jpeg\" data-dt-img-description=\"\" data-large_image_width=\"1640\" data-large_image_height=\"1232\"><img loading=\"lazy\" decoding=\"async\" class=\"alignnone size-medium wp-image-416041\" src=\"https:\/\/www.radiopiu.net\/wordpress\/wp-content\/uploads\/2024\/10\/186b4c48-444f-4cde-922c-bf41def2b4d5-300x225.jpeg\" alt=\"\" width=\"300\" height=\"225\" srcset=\"https:\/\/www.radiopiu.net\/wordpress\/wp-content\/uploads\/2024\/10\/186b4c48-444f-4cde-922c-bf41def2b4d5-300x225.jpeg 300w, https:\/\/www.radiopiu.net\/wordpress\/wp-content\/uploads\/2024\/10\/186b4c48-444f-4cde-922c-bf41def2b4d5-1024x769.jpeg 1024w, https:\/\/www.radiopiu.net\/wordpress\/wp-content\/uploads\/2024\/10\/186b4c48-444f-4cde-922c-bf41def2b4d5-768x577.jpeg 768w, https:\/\/www.radiopiu.net\/wordpress\/wp-content\/uploads\/2024\/10\/186b4c48-444f-4cde-922c-bf41def2b4d5-1536x1154.jpeg 1536w, https:\/\/www.radiopiu.net\/wordpress\/wp-content\/uploads\/2024\/10\/186b4c48-444f-4cde-922c-bf41def2b4d5.jpeg 1640w\" sizes=\"auto, (max-width: 300px) 100vw, 300px\" \/><\/a><a class=\"dt-pswp-item\" href=\"https:\/\/www.radiopiu.net\/wordpress\/wp-content\/uploads\/2024\/10\/7b6a00f8-6fb8-4bff-aa6c-b1e575f1459c.jpeg\" data-dt-img-description=\"\" data-large_image_width=\"1232\" data-large_image_height=\"1640\"><img loading=\"lazy\" decoding=\"async\" class=\"alignnone wp-image-416042\" src=\"https:\/\/www.radiopiu.net\/wordpress\/wp-content\/uploads\/2024\/10\/7b6a00f8-6fb8-4bff-aa6c-b1e575f1459c-225x300.jpeg\" alt=\"\" width=\"170\" height=\"227\" srcset=\"https:\/\/www.radiopiu.net\/wordpress\/wp-content\/uploads\/2024\/10\/7b6a00f8-6fb8-4bff-aa6c-b1e575f1459c-225x300.jpeg 225w, https:\/\/www.radiopiu.net\/wordpress\/wp-content\/uploads\/2024\/10\/7b6a00f8-6fb8-4bff-aa6c-b1e575f1459c-769x1024.jpeg 769w, https:\/\/www.radiopiu.net\/wordpress\/wp-content\/uploads\/2024\/10\/7b6a00f8-6fb8-4bff-aa6c-b1e575f1459c-768x1022.jpeg 768w, https:\/\/www.radiopiu.net\/wordpress\/wp-content\/uploads\/2024\/10\/7b6a00f8-6fb8-4bff-aa6c-b1e575f1459c-1154x1536.jpeg 1154w, https:\/\/www.radiopiu.net\/wordpress\/wp-content\/uploads\/2024\/10\/7b6a00f8-6fb8-4bff-aa6c-b1e575f1459c.jpeg 1232w\" sizes=\"auto, (max-width: 170px) 100vw, 170px\" \/><\/a><a class=\"dt-pswp-item\" href=\"https:\/\/www.radiopiu.net\/wordpress\/wp-content\/uploads\/2024\/10\/12584d4e-b865-4394-97b2-98e7ef65efc2.jpeg\" data-dt-img-description=\"\" data-large_image_width=\"2000\" data-large_image_height=\"1500\"><img loading=\"lazy\" decoding=\"async\" class=\"alignnone size-medium wp-image-416043\" src=\"https:\/\/www.radiopiu.net\/wordpress\/wp-content\/uploads\/2024\/10\/12584d4e-b865-4394-97b2-98e7ef65efc2-300x225.jpeg\" alt=\"\" width=\"300\" height=\"225\" srcset=\"https:\/\/www.radiopiu.net\/wordpress\/wp-content\/uploads\/2024\/10\/12584d4e-b865-4394-97b2-98e7ef65efc2-300x225.jpeg 300w, https:\/\/www.radiopiu.net\/wordpress\/wp-content\/uploads\/2024\/10\/12584d4e-b865-4394-97b2-98e7ef65efc2-1024x768.jpeg 1024w, https:\/\/www.radiopiu.net\/wordpress\/wp-content\/uploads\/2024\/10\/12584d4e-b865-4394-97b2-98e7ef65efc2-768x576.jpeg 768w, https:\/\/www.radiopiu.net\/wordpress\/wp-content\/uploads\/2024\/10\/12584d4e-b865-4394-97b2-98e7ef65efc2-1536x1152.jpeg 1536w, https:\/\/www.radiopiu.net\/wordpress\/wp-content\/uploads\/2024\/10\/12584d4e-b865-4394-97b2-98e7ef65efc2.jpeg 2000w\" sizes=\"auto, (max-width: 300px) 100vw, 300px\" \/><\/a><\/p>\n<\/div>\n<div><\/div>\n<\/div>\n<\/div>\n<\/div>\n<\/div>\n<\/div>\n<\/div>\n<\/div>\n<p>&nbsp;<\/p>\n<hr \/>\n<p>&nbsp;<\/p>\n<blockquote>\n<h3>ESSILORLUXOTTICA: UN IMPERO CHE VALE OLTRE 100 MILIARDI<\/h3>\n<\/blockquote>\n<p><strong><a class=\"dt-pswp-item\" href=\"https:\/\/www.radiopiu.net\/wordpress\/wp-content\/uploads\/2024\/07\/LUXOTTICA-2.jpg\" data-dt-img-description=\"\" data-large_image_width=\"2048\" data-large_image_height=\"1536\"><img loading=\"lazy\" decoding=\"async\" class=\" wp-image-399795 alignleft\" src=\"https:\/\/www.radiopiu.net\/wordpress\/wp-content\/uploads\/2024\/07\/LUXOTTICA-2-300x225.jpg\" alt=\"\" width=\"153\" height=\"115\" srcset=\"https:\/\/www.radiopiu.net\/wordpress\/wp-content\/uploads\/2024\/07\/LUXOTTICA-2-300x225.jpg 300w, https:\/\/www.radiopiu.net\/wordpress\/wp-content\/uploads\/2024\/07\/LUXOTTICA-2-1024x768.jpg 1024w, https:\/\/www.radiopiu.net\/wordpress\/wp-content\/uploads\/2024\/07\/LUXOTTICA-2-768x576.jpg 768w, https:\/\/www.radiopiu.net\/wordpress\/wp-content\/uploads\/2024\/07\/LUXOTTICA-2-1536x1152.jpg 1536w, https:\/\/www.radiopiu.net\/wordpress\/wp-content\/uploads\/2024\/07\/LUXOTTICA-2.jpg 2048w\" sizes=\"auto, (max-width: 153px) 100vw, 153px\" \/><\/a>REDAZIONE<\/strong> EssilorLuxottica, con una capitalizzazione di oltre 100 miliardi di euro, \u00e8 oggi un leader mondiale nel settore degli occhiali. Fondata da Leonardo Del Vecchio nel 1961, part\u00ec come piccola bottega ad Agordo per poi diventare un colosso grazie alla fusione con Essilor nel 2018. La guida di Andrea Guerra dal 2004 al 2014 ha accelerato la crescita dell&#8217;azienda, consolidando partnership con marchi come Ray-Ban e Oakley. Dopo l&#8217;uscita di Guerra, Del Vecchio riprese il controllo, e il suo successore, Francesco Milleri, ha continuato a far crescere l\u2019azienda, dimostrando resilienza e capacit\u00e0 di affrontare crisi globali. EssilorLuxottica si distingue per l\u2019integrazione verticale della sua filiera, controllando tutte le fasi della produzione, distribuzione e innovazione. Gli eredi di Del Vecchio hanno ora il compito di consolidare il modello o di realizzare l&#8217;ultimo sogno del fondatore: acquisire un ruolo chiave nel colosso assicurativo Generali.<\/p>\n<h2>LEGGI L&#8217;ARTICOLO COMPLETO DA AFFARI ITALIANI <a href=\"https:\/\/www.affaritaliani.it\/economia\/essilorluxottica-l-impero-degli-occhiali-ora-vale-oltre-100-miliardi-941501.html\"><span style=\"color: #3366ff;\">CLICCA QUI<\/span><\/a><\/h2>\n<p>&nbsp;<\/p>\n<p>&nbsp;<\/p>\n<hr \/>\n<p>&nbsp;<\/p>\n<blockquote>\n<h2>SCUOLA SICURA VENETO AL FOLLADOR DE ROSSI DI AGORDO<\/h2>\n<\/blockquote>\n<p><strong>AGORDO<\/strong> L&#8217;edizione 2024 del progetto &#8220;Scuola Sicura Veneto&#8221;, dedicato alla sicurezza nelle scuole ha fatto tappa ad Agordo,\u00a0 all&#8217;ISS &#8220;Follador&#8221;. Simulato un terremoto.<\/p>\n<p><strong>VIDEO 1<\/strong><\/p>\n<p>al microfono: Il vigile del fuoco in pensione Franco Magrin. Il sindaco di Alleghe Danilo De Toni. Protezione Civile Alleghe il coordinatore Gianluca Gaiardi. Il professor Lorenzo Dal Pont Coordinatore per le Emergenze ISS Follador-De Rossi. I consiglieri comunali Samuel Da Campo e Stefano Paganin. La dirigente del Follador Antonella Paceri.<\/p>\n<p>&nbsp;<\/p>\n<p><iframe loading=\"lazy\" title=\"SCUOLA SICURA VENETO AL FOLLADOR DE ROSSI DI AGORDO ok\" width=\"1200\" height=\"675\" src=\"https:\/\/www.youtube.com\/embed\/b5h7Pg8RXTs?start=352&#038;feature=oembed\" frameborder=\"0\" allow=\"accelerometer; autoplay; clipboard-write; encrypted-media; gyroscope; picture-in-picture; web-share\" referrerpolicy=\"strict-origin-when-cross-origin\" allowfullscreen><\/iframe><\/p>\n<p>&nbsp;<\/p>\n<p><strong>VIDEO 2<\/strong><br \/>\nProtezione Civile del Veneto. La dirigente del Follador Antonella Paceri. Il consigliere comunale Stefano Paganin. L&#8217;assessore regionale alla protezione civile Gianpaolo Bottacin. Vigili del fuoco di Belluno Fabio Jerman.<\/p>\n<p><iframe loading=\"lazy\" title=\"SCUOLA SICURA VENETO AL FOLLADOR DE ROSSI DI AGORDO\" width=\"1200\" height=\"900\" src=\"https:\/\/www.youtube.com\/embed\/oLGZ5bMNvI0?feature=oembed\" frameborder=\"0\" allow=\"accelerometer; autoplay; clipboard-write; encrypted-media; gyroscope; picture-in-picture; web-share\" referrerpolicy=\"strict-origin-when-cross-origin\" allowfullscreen><\/iframe><\/p>\n<p>&nbsp;<\/p>\n<hr \/>\n<p>&nbsp;<\/p>\n<blockquote>\n<h1 class=\"_title post-title entry-title\"><a class=\"dt-pswp-item\" href=\"https:\/\/www.radiopiu.net\/wordpress\/wp-content\/uploads\/2023\/12\/ANTENNA.png\" data-dt-img-description=\"\" data-large_image_width=\"300\" data-large_image_height=\"166\"><img loading=\"lazy\" decoding=\"async\" class=\" wp-image-366306 alignleft\" src=\"https:\/\/www.radiopiu.net\/wordpress\/wp-content\/uploads\/2023\/12\/ANTENNA.png\" alt=\"\" width=\"177\" height=\"98\" \/><\/a>BELLUNO | LOKI 2024, SABATO IN CITTA\u2019 MAXI ESERCITAZIONE DI PROTEZIONE CIVILE<\/h1>\n<\/blockquote>\n<p>&nbsp;<\/p>\n<p>Intervistati LORENZA DE KUNOVICH (ASSESSORA PROTEZIONE CIVILE COMUNE DI BELLUNO) (Servizio di\u00a0<a href=\"https:\/\/antennatre.medianordest.it\/redazione\/Tiziana-Bolognani\/\">Tiziana Bolognani<\/a>)<\/p>\n<p>&nbsp;<\/p>\n<p><iframe loading=\"lazy\" title=\"LOKI 2024, SABATO IN CITTA&#039; MAXI ESERCITAZIONE DI PROTEZIONE CIVILE | 23\/10\/2024\" width=\"1200\" height=\"675\" src=\"https:\/\/www.youtube.com\/embed\/K-e8I3H8HyE?feature=oembed\" frameborder=\"0\" allow=\"accelerometer; autoplay; clipboard-write; encrypted-media; gyroscope; picture-in-picture; web-share\" referrerpolicy=\"strict-origin-when-cross-origin\" allowfullscreen><\/iframe><\/p>\n<p>&nbsp;<\/p>\n<hr \/>\n<p>&nbsp;<\/p>\n<blockquote>\n<h3>FRANA LA STRADA IN VALLE DI SEREN, LA PROVINCIA AVVIA L&#8217;INTERVENTO IN SOMMA URGENZA<\/h3>\n<\/blockquote>\n<blockquote><p><em>Attualmente la strada \u00e8 stata liberata e riaperta al traffico, nei prossimi venti giorni cantiere aperto. Il sindaco Dario Scopel ha espresso soddisfazione per la rapidit\u00e0 dell&#8217;azione, che ha permesso alla famiglia residente di riutilizzare la strada.<\/em><\/p><\/blockquote>\n<p><strong>SEREN DEL GRAPPA\u00a0<\/strong> Sono iniziati i lavori urgenti di messa in sicurezza a Seren del Grappa, dopo un vasto dissesto causato dalle piogge eccezionali dell&#8217;8 ottobre. Le precipitazioni, che hanno raggiunto oltre 300 millimetri, hanno compromesso la strada in localit\u00e0 Segat, lasciando due persone costrette a percorrere 2 chilometri a piedi per tornare a casa.\u00a0 La Provincia\u00a0 \u00e8 intervenuta ripristinando il transito permettendo alla famiglia residente di riutilizzare la strada.<\/p>\n<p><strong> L&#8217;intervento<\/strong><\/p>\n<p>Prevede la realizzazione di scogliere, la sistemazione di due guadi danneggiati e la gestione del nodo idraulico per evitare ulteriori smottamenti. Il costo stimato \u00e8 di circa 100mila euro, con lavori previsti per tre settimane. Il consigliere provinciale Massimo Bortoluzzi ha sottolineato l\u2019importanza di questi interventi per la vivibilit\u00e0 delle zone marginali e ha auspicato l\u2019arrivo di nuovi fondi dai concessionari idroelettrici per affrontare le emergenze future.<\/p>\n<div class=\"mb-2 flex gap-3 empty:hidden -ml-2\">\n<div class=\"items-center justify-start rounded-xl p-1 flex\">\n<div class=\"flex items-center\">\n<div class=\"flex\"><a class=\"dt-pswp-item\" href=\"https:\/\/www.radiopiu.net\/wordpress\/wp-content\/uploads\/2024\/10\/F91A1373-B07E-45DD-A1F1-13ACF9A71111.jpeg\" data-dt-img-description=\"\" data-large_image_width=\"1200\" data-large_image_height=\"1600\"><img loading=\"lazy\" decoding=\"async\" class=\"alignnone size-medium wp-image-415980\" src=\"https:\/\/www.radiopiu.net\/wordpress\/wp-content\/uploads\/2024\/10\/F91A1373-B07E-45DD-A1F1-13ACF9A71111-225x300.jpeg\" alt=\"\" width=\"225\" height=\"300\" srcset=\"https:\/\/www.radiopiu.net\/wordpress\/wp-content\/uploads\/2024\/10\/F91A1373-B07E-45DD-A1F1-13ACF9A71111-225x300.jpeg 225w, https:\/\/www.radiopiu.net\/wordpress\/wp-content\/uploads\/2024\/10\/F91A1373-B07E-45DD-A1F1-13ACF9A71111-768x1024.jpeg 768w, https:\/\/www.radiopiu.net\/wordpress\/wp-content\/uploads\/2024\/10\/F91A1373-B07E-45DD-A1F1-13ACF9A71111-1152x1536.jpeg 1152w, https:\/\/www.radiopiu.net\/wordpress\/wp-content\/uploads\/2024\/10\/F91A1373-B07E-45DD-A1F1-13ACF9A71111.jpeg 1200w\" sizes=\"auto, (max-width: 225px) 100vw, 225px\" \/><\/a><a class=\"dt-pswp-item\" href=\"https:\/\/www.radiopiu.net\/wordpress\/wp-content\/uploads\/2024\/10\/3E2E2E60-AFE7-4F4B-AA40-A2546DF5D626.jpeg\" data-dt-img-description=\"\" data-large_image_width=\"1200\" data-large_image_height=\"1600\"><img loading=\"lazy\" decoding=\"async\" class=\"alignnone size-medium wp-image-415976\" src=\"https:\/\/www.radiopiu.net\/wordpress\/wp-content\/uploads\/2024\/10\/3E2E2E60-AFE7-4F4B-AA40-A2546DF5D626-225x300.jpeg\" alt=\"\" width=\"225\" height=\"300\" srcset=\"https:\/\/www.radiopiu.net\/wordpress\/wp-content\/uploads\/2024\/10\/3E2E2E60-AFE7-4F4B-AA40-A2546DF5D626-225x300.jpeg 225w, https:\/\/www.radiopiu.net\/wordpress\/wp-content\/uploads\/2024\/10\/3E2E2E60-AFE7-4F4B-AA40-A2546DF5D626-768x1024.jpeg 768w, https:\/\/www.radiopiu.net\/wordpress\/wp-content\/uploads\/2024\/10\/3E2E2E60-AFE7-4F4B-AA40-A2546DF5D626-1152x1536.jpeg 1152w, https:\/\/www.radiopiu.net\/wordpress\/wp-content\/uploads\/2024\/10\/3E2E2E60-AFE7-4F4B-AA40-A2546DF5D626.jpeg 1200w\" sizes=\"auto, (max-width: 225px) 100vw, 225px\" \/><\/a><\/div>\n<div class=\"flex items-center pb-0\"><\/div>\n<\/div>\n<\/div>\n<\/div>\n<p>&nbsp;<\/p>\n<p>&nbsp;<\/p>\n<hr \/>\n<p>&nbsp;<\/p>\n<blockquote><p><strong>Olimpiadi 2026: Linee guida per un&#8217;accessibilit\u00e0 universale<\/strong><\/p><\/blockquote>\n<div class=\"flex max-w-full flex-col flex-grow\">\n<div class=\"min-h-8 text-message flex w-full flex-col items-end gap-2 whitespace-normal break-words [.text-message+&amp;]:mt-5\" dir=\"auto\" data-message-author-role=\"assistant\" data-message-id=\"035bc040-f27a-4200-8f51-89409f82f314\" data-message-model-slug=\"gpt-4o\">\n<div class=\"flex w-full flex-col gap-1 empty:hidden first:pt-[3px]\">\n<div class=\"markdown prose w-full break-words dark:prose-invert dark\">\n<p>Le &#8220;Linee Guida per l&#8217;analisi dell&#8217;accessibilit\u00e0 universale e dell&#8217;inclusione&#8221; in vista delle Olimpiadi e Paralimpiadi Milano-Cortina 2026 sono state presentate a Cortina. Il documento \u00e8 il risultato di un lavoro congiunto tra Regione Veneto e Village for All, e fornisce soluzioni per migliorare l&#8217;accessibilit\u00e0 di spazi e servizi.<\/p>\n<p>&nbsp;<\/p>\n<p><strong><img loading=\"lazy\" decoding=\"async\" class=\"alignleft\" src=\"https:\/\/www.radiopiu.net\/wordpress\/wp-content\/uploads\/2024\/10\/75d2e696-1253-4b37-b43b-70517c43fa2f.jpg\" width=\"153\" height=\"115\" \/>CORTINA\u00a0<\/strong><\/p>\n<p><strong>DI LUISA ALCHINI<\/strong><\/p>\n<audio class=\"wp-audio-shortcode\" id=\"audio-415827-11\" preload=\"none\" style=\"width: 100%;\" controls=\"controls\"><source type=\"audio\/mpeg\" src=\"https:\/\/www.radiopiu.net\/wordpress\/wp-content\/uploads\/2024\/10\/linee-guida-cortina.mp3?_=11\" \/><a href=\"https:\/\/www.radiopiu.net\/wordpress\/wp-content\/uploads\/2024\/10\/linee-guida-cortina.mp3\">https:\/\/www.radiopiu.net\/wordpress\/wp-content\/uploads\/2024\/10\/linee-guida-cortina.mp3<\/a><\/audio>\n<p>&nbsp;<\/p>\n<p>&nbsp;<\/p>\n<\/div>\n<\/div>\n<\/div>\n<\/div>\n<p>&nbsp;<\/p>\n<hr \/>\n<blockquote>\n<h3><\/h3>\n<h3>LA RIUNIONE DEI SOCI DI CONFEDILIZIA<\/h3>\n<\/blockquote>\n<p><strong><a class=\"dt-pswp-item\" href=\"https:\/\/www.radiopiu.net\/wordpress\/wp-content\/uploads\/2024\/10\/IMG_3252-scaled.jpg\" data-dt-img-description=\"\" data-large_image_width=\"2560\" data-large_image_height=\"1457\"><img loading=\"lazy\" decoding=\"async\" class=\" wp-image-415937 alignleft\" src=\"https:\/\/www.radiopiu.net\/wordpress\/wp-content\/uploads\/2024\/10\/IMG_3252-300x171.jpg\" alt=\"\" width=\"158\" height=\"90\" srcset=\"https:\/\/www.radiopiu.net\/wordpress\/wp-content\/uploads\/2024\/10\/IMG_3252-300x171.jpg 300w, https:\/\/www.radiopiu.net\/wordpress\/wp-content\/uploads\/2024\/10\/IMG_3252-1024x583.jpg 1024w, https:\/\/www.radiopiu.net\/wordpress\/wp-content\/uploads\/2024\/10\/IMG_3252-768x437.jpg 768w, https:\/\/www.radiopiu.net\/wordpress\/wp-content\/uploads\/2024\/10\/IMG_3252-1536x874.jpg 1536w, https:\/\/www.radiopiu.net\/wordpress\/wp-content\/uploads\/2024\/10\/IMG_3252-2048x1166.jpg 2048w\" sizes=\"auto, (max-width: 158px) 100vw, 158px\" \/><\/a>PIEVE DI CADORE<\/strong> Si \u00e8 svolta la prima assemblea zonale dei soci di Cadore, Comelico e Ampezzo dell\u2019Associazione della Propriet\u00e0 Edilizia \u2013 Confedilizia della provincia di Belluno. L&#8217;incontro, tenutosi presso la sala della Magnifica Comunit\u00e0, \u00e8 stato il primo di sette riunioni previste sul territorio provinciale, in seguito alle modifiche statutarie di giugno.<\/p>\n<p>&nbsp;<\/p>\n<p>&nbsp;<\/p>\n<hr \/>\n<p>&nbsp;<\/p>\n<blockquote>\n<h3>Gioco d\u2019azzardo: da Agordo le iniziative della Ulss Dolomiti<\/h3>\n<\/blockquote>\n<div class=\"flex max-w-full flex-col flex-grow\">\n<div class=\"min-h-8 text-message flex w-full flex-col items-end gap-2 whitespace-normal break-words [.text-message+&amp;]:mt-5\" dir=\"auto\" data-message-author-role=\"assistant\" data-message-id=\"77597db1-bd95-40e9-8a97-b421eeaa3938\" data-message-model-slug=\"gpt-4o\">\n<div class=\"flex w-full flex-col gap-1 empty:hidden first:pt-[3px]\">\n<div class=\"markdown prose w-full break-words dark:prose-invert dark\">\n<p><strong><img loading=\"lazy\" decoding=\"async\" class=\"alignleft\" src=\"https:\/\/www.radiopiu.net\/wordpress\/wp-content\/uploads\/2021\/11\/game-hell-439523__340.webp\" width=\"237\" height=\"178\" \/>AGORDO<\/strong> Nell\u2019ambito del Progetto Aziendale per il contrasto al Gioco d&#8217;Azzardo, il Dipartimento per le Dipendenze dell&#8217;Ulss Dolomiti, in collaborazione con enti locali e associazioni, avvia una serie di incontri di sensibilizzazione. Il primo appuntamento, intitolato &#8220;Il nostro denaro: l&#8217;azzardo, un gioco a perdere!&#8221;, si terr\u00e0 luned\u00ec 28 ottobre alle 20.00 ad Agordo, presso la sala don Tamis. Successivamente, il format sar\u00e0 riproposto in Cadore, Alpago e nel feltrino. L\u2019obiettivo \u00e8 sensibilizzare la popolazione, coinvolgendo persone affette da problematiche legate al gioco e i loro familiari, partendo dalle difficolt\u00e0 nella gestione del denaro, spesso segnale di dipendenza. Le associazioni locali sono attivamente coinvolte nell\u2019organizzazione delle serate<\/p>\n<\/div>\n<\/div>\n<\/div>\n<\/div>\n<div class=\"flex-shrink-0 flex flex-col relative items-end\">\n<div>\n<div class=\"pt-0\">\n<div class=\"gizmo-bot-avatar flex h-8 w-8 items-center justify-center overflow-hidden rounded-full\">\n<div class=\"relative p-1 rounded-sm flex items-center justify-center bg-token-main-surface-primary text-token-text-primary h-8 w-8\"><\/div>\n<\/div>\n<\/div>\n<\/div>\n<\/div>\n<div class=\"group\/conversation-turn relative flex w-full min-w-0 flex-col agent-turn\">\n<div class=\"flex-col gap-1 md:gap-3\">\n<div class=\"flex max-w-full flex-col flex-grow\">\n<div class=\"min-h-8 text-message flex w-full flex-col items-end gap-2 whitespace-normal break-words [.text-message+&amp;]:mt-5\" dir=\"auto\" data-message-author-role=\"assistant\" data-message-id=\"db7760b5-3643-4f63-9787-92cf396cec5a\" data-message-model-slug=\"gpt-4o\">\n<div class=\"flex w-full flex-col gap-1 empty:hidden first:pt-[3px]\">\n<div class=\"markdown prose w-full break-words dark:prose-invert dark\">\n<blockquote><p><strong>Evento a Pedavena: laboratorio e spettacolo teatrale<\/strong><\/p><\/blockquote>\n<p>Gioved\u00ec 24 ottobre 2024 a Pedavena, in collaborazione con le amministrazioni locali, si terranno due eventi: un laboratorio esperienziale per giovani, dalle 16 alle 18 presso la Pro Loco, e lo spettacolo teatrale &#8220;Novecento&#8221; di Luca Mauceri alle 20.30 in Sala Guarnieri.<\/p>\n<\/div>\n<\/div>\n<\/div>\n<\/div>\n<\/div>\n<\/div>\n<p>&nbsp;<\/p>\n<hr \/>\n<p>&nbsp;<\/p>\n<p>&nbsp;<\/p>\n<blockquote>\n<h2><img loading=\"lazy\" decoding=\"async\" class=\"alignleft\" src=\"https:\/\/www.radiopiu.net\/wordpress\/wp-content\/uploads\/2024\/10\/a.png\" width=\"172\" height=\"105\" \/>L&#8217;AZZARDO, GIOCO A PERDERE. LUNEDI IN SALA DON TAMIS L&#8217;INCONTRO PUBBLICO<\/h2>\n<\/blockquote>\n<p><strong>AGORDO<\/strong><\/p>\n<p><strong>DI GIANNI SANTOMASO<\/strong><\/p>\n<p><strong>OSPITI, AMALIA MANZARI E LINDA COLDEBELLA DEL SERD<\/strong><\/p>\n<audio class=\"wp-audio-shortcode\" id=\"audio-415827-12\" preload=\"none\" style=\"width: 100%;\" controls=\"controls\"><source type=\"audio\/mpeg\" src=\"https:\/\/www.radiopiu.net\/wordpress\/wp-content\/uploads\/2024\/10\/Gioco-dazzard_ospiti-Amalia-Manzan-e-Linda-Coldebella-del-SerD_23_10_24.mp3?_=12\" \/><a href=\"https:\/\/www.radiopiu.net\/wordpress\/wp-content\/uploads\/2024\/10\/Gioco-dazzard_ospiti-Amalia-Manzan-e-Linda-Coldebella-del-SerD_23_10_24.mp3\">https:\/\/www.radiopiu.net\/wordpress\/wp-content\/uploads\/2024\/10\/Gioco-dazzard_ospiti-Amalia-Manzan-e-Linda-Coldebella-del-SerD_23_10_24.mp3<\/a><\/audio>\n<p>&nbsp;<\/p>\n<p>&nbsp;<\/p>\n<hr \/>\n<p>&nbsp;<\/p>\n<p>&nbsp;<\/p>\n<blockquote>\n<h2>il piano per rendere Belluno accessibile, presto anche un questionario online per i cittadini<\/h2>\n<\/blockquote>\n<p><strong><img loading=\"lazy\" decoding=\"async\" class=\"alignleft\" src=\"https:\/\/www.radiopiu.net\/wordpress\/wp-content\/uploads\/2024\/10\/dde11dd8-a389-43e2-a978-91cb5685ae23-scaled.jpg\" width=\"279\" height=\"209\" \/>BELLUNO<\/strong><\/p>\n<p>Il Comune di Belluno ha avviato il PEBA, Piano per l&#8217;eliminazione delle barriere architettoniche, con l&#8217;obiettivo di rendere la citt\u00e0 accessibile a tutti. Il piano si concentra su spazi pubblici ed edifici comunali, coinvolgendo cittadini e associazioni nella segnalazione delle criticit\u00e0 attraverso un questionario online che sar\u00e0 disponibile a breve.<\/p>\n<p>DI DANIELE DALVIT<\/p>\n<audio class=\"wp-audio-shortcode\" id=\"audio-415827-13\" preload=\"none\" style=\"width: 100%;\" controls=\"controls\"><source type=\"audio\/mpeg\" src=\"https:\/\/www.radiopiu.net\/wordpress\/wp-content\/uploads\/2024\/10\/Servizio-PEBA-Belluno.mp3?_=13\" \/><a href=\"https:\/\/www.radiopiu.net\/wordpress\/wp-content\/uploads\/2024\/10\/Servizio-PEBA-Belluno.mp3\">https:\/\/www.radiopiu.net\/wordpress\/wp-content\/uploads\/2024\/10\/Servizio-PEBA-Belluno.mp3<\/a><\/audio>\n<p>&nbsp;<\/p>\n<p>&nbsp;<\/p>\n<p>&nbsp;<\/p>\n<hr \/>\n<p>&nbsp;<\/p>\n<blockquote>\n<h3>SCAMBI GIOVANI DEL ROTARY CLUB BELLUNO<\/h3>\n<\/blockquote>\n<p><a class=\"dt-pswp-item\" href=\"https:\/\/www.radiopiu.net\/wordpress\/wp-content\/uploads\/2024\/10\/SCR-20241023-lkzq.jpeg\" data-dt-img-description=\"Screenshot\" data-large_image_width=\"1354\" data-large_image_height=\"870\"><img loading=\"lazy\" decoding=\"async\" class=\"alignleft wp-image-415970 \" src=\"https:\/\/www.radiopiu.net\/wordpress\/wp-content\/uploads\/2024\/10\/SCR-20241023-lkzq-300x193.jpeg\" alt=\"\" width=\"157\" height=\"101\" srcset=\"https:\/\/www.radiopiu.net\/wordpress\/wp-content\/uploads\/2024\/10\/SCR-20241023-lkzq-300x193.jpeg 300w, https:\/\/www.radiopiu.net\/wordpress\/wp-content\/uploads\/2024\/10\/SCR-20241023-lkzq-1024x658.jpeg 1024w, https:\/\/www.radiopiu.net\/wordpress\/wp-content\/uploads\/2024\/10\/SCR-20241023-lkzq-768x493.jpeg 768w, https:\/\/www.radiopiu.net\/wordpress\/wp-content\/uploads\/2024\/10\/SCR-20241023-lkzq.jpeg 1354w\" sizes=\"auto, (max-width: 157px) 100vw, 157px\" \/><\/a><strong>BELLUNO<\/strong> Il Rotary Club di Belluno invita i giovani dai 15 ai 18 anni e i loro genitori a un incontro sugli Scambi Giovani del Rotary International, marted\u00ec 29 ottobre, alle 16, presso la Sala Riunioni dell&#8217;Associazione Bellunesi nel Mondo, con accesso anche online via Zoom. Lo Scambio Giovani \u00e8 un programma culturale che promuove la comprensione e la pace mondiale attraverso l&#8217;immersione in una nuova lingua e cultura. I partecipanti sviluppano leadership, creano amicizie internazionali e diventano cittadini globali. Il programma richiede il reciproco scambio di ospitalit\u00e0 e non \u00e8 limitato ai figli dei rotariani.<\/p>\n<p>&nbsp;<\/p>\n<p>&nbsp;<\/p>\n<hr \/>\n<p>&nbsp;<\/p>\n<blockquote>\n<h3>DEFINITO IL PROGRAMMA DELLA MIG A LONGARONE<\/h3>\n<\/blockquote>\n<p><strong><a class=\"dt-pswp-item\" href=\"https:\/\/www.radiopiu.net\/wordpress\/wp-content\/uploads\/2024\/10\/GELATO.jpeg\" data-dt-img-description=\"\" data-large_image_width=\"1765\" data-large_image_height=\"1306\"><img loading=\"lazy\" decoding=\"async\" class=\" wp-image-415956 alignleft\" src=\"https:\/\/www.radiopiu.net\/wordpress\/wp-content\/uploads\/2024\/10\/GELATO-300x222.jpeg\" alt=\"\" width=\"164\" height=\"121\" srcset=\"https:\/\/www.radiopiu.net\/wordpress\/wp-content\/uploads\/2024\/10\/GELATO-300x222.jpeg 300w, https:\/\/www.radiopiu.net\/wordpress\/wp-content\/uploads\/2024\/10\/GELATO-1024x758.jpeg 1024w, https:\/\/www.radiopiu.net\/wordpress\/wp-content\/uploads\/2024\/10\/GELATO-768x568.jpeg 768w, https:\/\/www.radiopiu.net\/wordpress\/wp-content\/uploads\/2024\/10\/GELATO-1536x1137.jpeg 1536w, https:\/\/www.radiopiu.net\/wordpress\/wp-content\/uploads\/2024\/10\/GELATO.jpeg 1765w\" sizes=\"auto, (max-width: 164px) 100vw, 164px\" \/><\/a>LONGARONE<\/strong> La 64\u00aa Mostra Internazionale del Gelato Artigianale (MIG) si terr\u00e0 a Longarone dal 23 al 25 novembre 2024. L&#8217;evento avr\u00e0 come tema centrale il gelato artigianale realizzato con ingredienti naturali, sostenibili e di alta qualit\u00e0. La fiera ospiter\u00e0 consorzi di tutela e piccole produzioni, oltre a macchinari innovativi per la gelateria che promuovono efficienza e sostenibilit\u00e0. Il programma include masterclass, concorsi (come la Coppa d&#8217;Oro e il concorso sulla granita siciliana), conferenze su salute e produzione del gelato, e show cooking. Tra i momenti chiave ci sar\u00e0 l\u2019inaugurazione con il presidente Luca Zaia.<\/p>\n<p>&nbsp;<\/p>\n<p>&nbsp;<\/p>\n<hr \/>\n<p>&nbsp;<\/p>\n<blockquote>\n<h3>SNOW DIFFERENCE EXPEDITION A VENEZIA<\/h3>\n<\/blockquote>\n<p><strong><a class=\"dt-pswp-item\" href=\"https:\/\/www.radiopiu.net\/wordpress\/wp-content\/uploads\/2024\/10\/73b59a74-95bb-0b6b-d528-30b2ef64056e.jpg\" data-dt-img-description=\"\" data-large_image_width=\"1000\" data-large_image_height=\"800\"><img loading=\"lazy\" decoding=\"async\" class=\" wp-image-415968 alignleft\" src=\"https:\/\/www.radiopiu.net\/wordpress\/wp-content\/uploads\/2024\/10\/73b59a74-95bb-0b6b-d528-30b2ef64056e-300x240.jpg\" alt=\"\" width=\"181\" height=\"145\" srcset=\"https:\/\/www.radiopiu.net\/wordpress\/wp-content\/uploads\/2024\/10\/73b59a74-95bb-0b6b-d528-30b2ef64056e-300x240.jpg 300w, https:\/\/www.radiopiu.net\/wordpress\/wp-content\/uploads\/2024\/10\/73b59a74-95bb-0b6b-d528-30b2ef64056e-768x614.jpg 768w, https:\/\/www.radiopiu.net\/wordpress\/wp-content\/uploads\/2024\/10\/73b59a74-95bb-0b6b-d528-30b2ef64056e.jpg 1000w\" sizes=\"auto, (max-width: 181px) 100vw, 181px\" \/><\/a>CORTINA<\/strong> La Fondazione Cortina ha lanciato il roadshow &#8220;sNOw DIFFERENCE EXPEDITION&#8221; per promuovere le discipline sportive e gli atleti delle Olimpiadi e Paralimpiadi di Milano Cortina 2026. La quarta tappa si svolger\u00e0 il 25 e 26 ottobre durante la Wizz Air Venicemarathon. L&#8217;iniziativa, finanziata dalla Regione Veneto e in collaborazione con Fondazione DMO Dolomiti Bellunesi, ha gi\u00e0 coinvolto oltre 7.000 persone in tre eventi precedenti. Oltre a promuovere sport come sci alpino, bob, e curling, l&#8217;evento mira a incoraggiare la pratica sportiva, con particolare attenzione ai giovani. Saranno presenti le mascotte ufficiali dei Giochi e altre attivit\u00e0 per i pi\u00f9 piccoli.<\/p>\n<p>&nbsp;<\/p>\n<p>&nbsp;<\/p>\n<p>&nbsp;<\/p>\n<hr \/>\n<p>&nbsp;<\/p>\n<blockquote>\n<h3>Fidapa Belluno: Consapevolezza finanziaria per l\u2019autonomia femminile<\/h3>\n<\/blockquote>\n<p>&nbsp;<\/p>\n<p><strong><a class=\"dt-pswp-item\" href=\"https:\/\/www.radiopiu.net\/wordpress\/wp-content\/uploads\/2024\/10\/Fidapa_edited.jpg\" data-dt-img-description=\"\" data-large_image_width=\"225\" data-large_image_height=\"225\"><img loading=\"lazy\" decoding=\"async\" class=\"wp-image-415989 alignleft\" src=\"https:\/\/www.radiopiu.net\/wordpress\/wp-content\/uploads\/2024\/10\/Fidapa_edited.jpg\" alt=\"\" width=\"139\" height=\"139\" srcset=\"https:\/\/www.radiopiu.net\/wordpress\/wp-content\/uploads\/2024\/10\/Fidapa_edited.jpg 225w, https:\/\/www.radiopiu.net\/wordpress\/wp-content\/uploads\/2024\/10\/Fidapa_edited-150x150.jpg 150w\" sizes=\"auto, (max-width: 139px) 100vw, 139px\" \/><\/a>BELLUNO\u00a0<\/strong> La Sezione Fidapa BPW di Belluno, in collaborazione con il Comune, promuove un ciclo di incontri dedicato alla consapevolezza finanziaria, dal 26 ottobre al 23 novembre presso Palazzo Fulcis. Il percorso, rivolto soprattutto alle donne, mira a potenziare la loro capacit\u00e0 decisionale in ambito finanziario, essenziale per raggiungere autonomia economica. Tre professioniste (avvocata, commercialista e consulente finanziaria) affronteranno temi come bilancio, risparmio, rapporti con le banche, indebitamento e pianificazione finanziaria. L&#8217;iniziativa si conclude il 23 novembre, in <strong><a class=\"dt-pswp-item\" href=\"https:\/\/www.radiopiu.net\/wordpress\/wp-content\/uploads\/2024\/10\/Senza-nome-104.png\" data-dt-img-description=\"\" data-large_image_width=\"233\" data-large_image_height=\"125\"><img loading=\"lazy\" decoding=\"async\" class=\"wp-image-415988 alignright\" src=\"https:\/\/www.radiopiu.net\/wordpress\/wp-content\/uploads\/2024\/10\/Senza-nome-104.png\" alt=\"\" width=\"138\" height=\"74\" \/><\/a><\/strong>vista della Giornata Internazionale contro la violenza sulle donne, evidenziando il legame tra autonomia economica e contrasto alla violenza economica. Un progetto per investire in conoscenza e autodeterminazione.<\/p>\n<p>&nbsp;<\/p>\n<p><strong>CATERINA GASPARO, PRESIDENTE FIDAPA BELLUNO<\/strong><\/p>\n<audio class=\"wp-audio-shortcode\" id=\"audio-415827-14\" preload=\"none\" style=\"width: 100%;\" controls=\"controls\"><source type=\"audio\/mpeg\" src=\"https:\/\/www.radiopiu.net\/wordpress\/wp-content\/uploads\/2024\/10\/Caterina-Gasparo-presidente-Fidapa-Belluno.mp3?_=14\" \/><a href=\"https:\/\/www.radiopiu.net\/wordpress\/wp-content\/uploads\/2024\/10\/Caterina-Gasparo-presidente-Fidapa-Belluno.mp3\">https:\/\/www.radiopiu.net\/wordpress\/wp-content\/uploads\/2024\/10\/Caterina-Gasparo-presidente-Fidapa-Belluno.mp3<\/a><\/audio>\n<p>&nbsp;<\/p>\n<p>&nbsp;<\/p>\n<hr \/>\n<p>&nbsp;<\/p>\n<blockquote><p><strong>Il Comune di Alleghe apre il bando per borse di studio<\/strong><\/p><\/blockquote>\n<p><strong>ALLEGHE<\/strong> Il Comune di Alleghe ha annunciato l&#8217;apertura del bando per l&#8217;assegnazione di borse di studio destinate agli studenti residenti che hanno frequentato le scuole superiori e conseguito il diploma di maturit\u00e0 nel 2024, o che si sono laureati entro ottobre 2024. Il modulo per la domanda \u00e8 disponibile sull&#8217;albo pretorio online e sul sito del Comune di Alleghe, oppure pu\u00f2 essere richiesto presso l\u2019Ufficio Servizi Demografici. Le domande potranno essere inoltrate entro il 20 dicembre 2024.<\/p>\n<p>&nbsp;<\/p>\n<hr \/>\n<p>&nbsp;<\/p>\n<blockquote>\n<h3>VIABILIT\u00c0 A SERVIZIO DELLA FRAZIONE DI SAV\u00c0 A FRASSEN\u00c8<\/h3>\n<\/blockquote>\n<p><strong>VOLTAGO<\/strong><\/p>\n<p><a class=\"dt-pswp-item\" href=\"https:\/\/www.radiopiu.net\/wordpress\/wp-content\/uploads\/2024\/04\/FRASSENE.png\" data-dt-img-description=\"\" data-large_image_width=\"671\" data-large_image_height=\"404\"><img loading=\"lazy\" decoding=\"async\" class=\"size-medium wp-image-386344 alignleft\" src=\"https:\/\/www.radiopiu.net\/wordpress\/wp-content\/uploads\/2024\/04\/FRASSENE-300x181.png\" alt=\"\" width=\"300\" height=\"181\" srcset=\"https:\/\/www.radiopiu.net\/wordpress\/wp-content\/uploads\/2024\/04\/FRASSENE-300x181.png 300w, https:\/\/www.radiopiu.net\/wordpress\/wp-content\/uploads\/2024\/04\/FRASSENE.png 671w\" sizes=\"auto, (max-width: 300px) 100vw, 300px\" \/><\/a>Il Consiglio Comunale di Voltago, convocato per mercoled\u00ec alle 18 dal sindaco Giuseppe Schena, discuter\u00e0 temi cruciali per la viabilit\u00e0 della frazione di Sav\u00e0 a Frassen\u00e8. Tra i punti all&#8217;ordine del giorno, l&#8217;accordo di programma con la Provincia di Belluno per l&#8217;adeguamento geometrico di via Sav\u00e0 e della sua intersezione con la regionale 347 del Duran e Cereda. Questo progetto mira a migliorare la sicurezza e la funzionalit\u00e0 di un\u2019importante arteria di collegamento.<\/p>\n<p>Il Consiglio dovr\u00e0 approvare la variante allo strumento urbanistico necessario per avviare i lavori. Si aggiunge all&#8217;ordine del giorno anche l&#8217;approvazione della variante per la strada comunale e silvo-pastorale &#8220;della Gioia&#8221;, che prevede interventi per il rifacimento della viabilit\u00e0 e la gestione delle acque superficiali, migliorando la sicurezza del percorso.<\/p>\n<p>Infine, si discuter\u00e0 l&#8217;integrazione delle norme del PRG e una variazione d&#8217;urgenza al bilancio di previsione, con l&#8217;utilizzo dell&#8217;avanzo vincolato per finanziare questi importanti lavori<\/p>\n<p>&nbsp;<\/p>\n<p>&nbsp;<\/p>\n<hr \/>\n<p>&nbsp;<\/p>\n<blockquote>\n<h2>SCUOLA DI VILLAPIANA A LENTIAI, INTERVENTO DA 1MILIONE 200MILA EURO<\/h2>\n<\/blockquote>\n<p><strong><a class=\"dt-pswp-item\" href=\"https:\/\/www.radiopiu.net\/wordpress\/wp-content\/uploads\/2024\/10\/7252addd-209d-4d83-8724-9bb00dd7f797.jpg\" data-dt-img-description=\"\" data-large_image_width=\"1600\" data-large_image_height=\"900\"><img loading=\"lazy\" decoding=\"async\" class=\" wp-image-416026 alignleft\" src=\"https:\/\/www.radiopiu.net\/wordpress\/wp-content\/uploads\/2024\/10\/7252addd-209d-4d83-8724-9bb00dd7f797-300x169.jpg\" alt=\"\" width=\"273\" height=\"154\" srcset=\"https:\/\/www.radiopiu.net\/wordpress\/wp-content\/uploads\/2024\/10\/7252addd-209d-4d83-8724-9bb00dd7f797-300x169.jpg 300w, https:\/\/www.radiopiu.net\/wordpress\/wp-content\/uploads\/2024\/10\/7252addd-209d-4d83-8724-9bb00dd7f797-1024x576.jpg 1024w, https:\/\/www.radiopiu.net\/wordpress\/wp-content\/uploads\/2024\/10\/7252addd-209d-4d83-8724-9bb00dd7f797-768x432.jpg 768w, https:\/\/www.radiopiu.net\/wordpress\/wp-content\/uploads\/2024\/10\/7252addd-209d-4d83-8724-9bb00dd7f797-1536x864.jpg 1536w, https:\/\/www.radiopiu.net\/wordpress\/wp-content\/uploads\/2024\/10\/7252addd-209d-4d83-8724-9bb00dd7f797.jpg 1600w\" sizes=\"auto, (max-width: 273px) 100vw, 273px\" \/><\/a>BORGO VALBELLUNA<\/strong><\/p>\n<p>DI ROBERTO BONA<\/p>\n<audio class=\"wp-audio-shortcode\" id=\"audio-415827-15\" preload=\"none\" style=\"width: 100%;\" controls=\"controls\"><source type=\"audio\/wav\" src=\"https:\/\/www.radiopiu.net\/wordpress\/wp-content\/uploads\/2024\/10\/LavoriScuolaVillapiana.wav?_=15\" \/><a href=\"https:\/\/www.radiopiu.net\/wordpress\/wp-content\/uploads\/2024\/10\/LavoriScuolaVillapiana.wav\">https:\/\/www.radiopiu.net\/wordpress\/wp-content\/uploads\/2024\/10\/LavoriScuolaVillapiana.wav<\/a><\/audio>\n<p>&nbsp;<\/p>\n<p>&nbsp;<\/p>\n<hr \/>\n<p>&nbsp;<\/p>\n<blockquote>\n<h2>Campagna vaccinale antinfluenzale: primo Open Day Regionale<\/h2>\n<\/blockquote>\n<p><strong><img loading=\"lazy\" decoding=\"async\" class=\"alignleft\" src=\"https:\/\/www.radiopiu.net\/wordpress\/wp-content\/uploads\/2018\/08\/ULSS1-DOLOMITI.jpeg\" width=\"239\" height=\"143\" \/>BELLUNO<\/strong><\/p>\n<p>Nell\u2019ambito della campagna vaccinale antinfluenzale, iniziata il 7 ottobre, la Regione ha organizzato due giornate di \u201cOpen day\u201d dedicate alla vaccinazione anti-influenzale e anti-Covid19. Il primo Open Day si terr\u00e0 sabato 26 ottobre 2024 in varie sedi:<\/p>\n<ul>\n<li><strong>9.00 &#8211; 12.30<\/strong>: Tai di Cadore (Sala Coletti), Agordo (Sala Don Tamis)<\/li>\n<li><strong>14.00 &#8211; 17.30<\/strong>: Salce, Belluno, Ospedale di Feltre (Padiglione Gaggia)<\/li>\n<\/ul>\n<p>L\u2019accesso \u00e8 libero o su prenotazione per tutte le persone dai 12 anni in su.<\/p>\n<p>I dati attuali indicano un buon tasso di adesione, con il 13% degli over 65 gi\u00e0 vaccinati contro l\u2019influenza. Finora sono state somministrate 8.258 dosi di vaccino anti-influenzale e 1.022 contro il Covid19.<\/p>\n<p>Per informazioni, contattare <strong>0437 514343<\/strong> o visitare i link indicati nel sito dell\u2019Ulss 1.<\/p>\n<p>&nbsp;<\/p>\n<p>&nbsp;<\/p>\n<p>&nbsp;<\/p>\n<p>&nbsp;<\/p>\n<hr \/>\n<p>&nbsp;<\/p>\n<blockquote>\n<h2><span style=\"color: #000000;\">FAMIGLIA AGORDINA EX EMIGRANTI: DOMENICA LA FESTA A CENCENIGHE<\/span><\/h2>\n<\/blockquote>\n<p><strong><a class=\"dt-pswp-item\" href=\"https:\/\/www.radiopiu.net\/wordpress\/wp-content\/uploads\/2022\/12\/luca_luchetta.jpg\" data-dt-img-description=\"\" data-large_image_width=\"400\" data-large_image_height=\"400\"><img loading=\"lazy\" decoding=\"async\" class=\"wp-image-310001 alignleft\" src=\"https:\/\/www.radiopiu.net\/wordpress\/wp-content\/uploads\/2022\/12\/luca_luchetta-300x300.jpg\" alt=\"\" width=\"184\" height=\"184\" srcset=\"https:\/\/www.radiopiu.net\/wordpress\/wp-content\/uploads\/2022\/12\/luca_luchetta-300x300.jpg 300w, https:\/\/www.radiopiu.net\/wordpress\/wp-content\/uploads\/2022\/12\/luca_luchetta-150x150.jpg 150w, https:\/\/www.radiopiu.net\/wordpress\/wp-content\/uploads\/2022\/12\/luca_luchetta.jpg 400w\" sizes=\"auto, (max-width: 184px) 100vw, 184px\" \/><\/a>DI MIRKO MEZZACASA<\/strong><\/p>\n<p>OSPITE: Luca Luchetta<\/p>\n<audio class=\"wp-audio-shortcode\" id=\"audio-415827-16\" preload=\"none\" style=\"width: 100%;\" controls=\"controls\"><source type=\"audio\/mpeg\" src=\"https:\/\/www.radiopiu.net\/wordpress\/wp-content\/uploads\/2024\/10\/LUCA-LUCHETTA-FAMIGLIA-EX-EMIGRANTI.mp3?_=16\" \/><a href=\"https:\/\/www.radiopiu.net\/wordpress\/wp-content\/uploads\/2024\/10\/LUCA-LUCHETTA-FAMIGLIA-EX-EMIGRANTI.mp3\">https:\/\/www.radiopiu.net\/wordpress\/wp-content\/uploads\/2024\/10\/LUCA-LUCHETTA-FAMIGLIA-EX-EMIGRANTI.mp3<\/a><\/audio>\n<p>&nbsp;<\/p>\n<p>&nbsp;<\/p>\n<hr \/>\n<p>&nbsp;<\/p>\n<p>&nbsp;<\/p>\n<p><a class=\"dt-pswp-item\" href=\"https:\/\/www.radiopiu.net\/wordpress\/wp-content\/uploads\/2024\/10\/842d3bb6-105a-47d0-8e6d-664c4304a308.jpg\" data-dt-img-description=\"\" data-large_image_width=\"1131\" data-large_image_height=\"1600\"><img loading=\"lazy\" decoding=\"async\" class=\" wp-image-416019 aligncenter\" src=\"https:\/\/www.radiopiu.net\/wordpress\/wp-content\/uploads\/2024\/10\/842d3bb6-105a-47d0-8e6d-664c4304a308-212x300.jpg\" alt=\"\" width=\"276\" height=\"391\" srcset=\"https:\/\/www.radiopiu.net\/wordpress\/wp-content\/uploads\/2024\/10\/842d3bb6-105a-47d0-8e6d-664c4304a308-212x300.jpg 212w, https:\/\/www.radiopiu.net\/wordpress\/wp-content\/uploads\/2024\/10\/842d3bb6-105a-47d0-8e6d-664c4304a308-724x1024.jpg 724w, https:\/\/www.radiopiu.net\/wordpress\/wp-content\/uploads\/2024\/10\/842d3bb6-105a-47d0-8e6d-664c4304a308-768x1086.jpg 768w, https:\/\/www.radiopiu.net\/wordpress\/wp-content\/uploads\/2024\/10\/842d3bb6-105a-47d0-8e6d-664c4304a308-1086x1536.jpg 1086w, https:\/\/www.radiopiu.net\/wordpress\/wp-content\/uploads\/2024\/10\/842d3bb6-105a-47d0-8e6d-664c4304a308.jpg 1131w\" sizes=\"auto, (max-width: 276px) 100vw, 276px\" \/><\/a><\/p>\n<p>&nbsp;<\/p>\n<p>&nbsp;<\/p>\n<hr \/>\n<p>&nbsp;<\/p>\n<p><a class=\"dt-pswp-item\" href=\"https:\/\/www.radiopiu.net\/wordpress\/wp-content\/uploads\/2024\/10\/Senza-nome-8.png\" data-dt-img-description=\"\" data-large_image_width=\"343\" data-large_image_height=\"303\"><img loading=\"lazy\" decoding=\"async\" class=\"size-medium wp-image-412130 aligncenter\" src=\"https:\/\/www.radiopiu.net\/wordpress\/wp-content\/uploads\/2024\/10\/Senza-nome-8-300x265.png\" alt=\"\" width=\"300\" height=\"265\" srcset=\"https:\/\/www.radiopiu.net\/wordpress\/wp-content\/uploads\/2024\/10\/Senza-nome-8-300x265.png 300w, https:\/\/www.radiopiu.net\/wordpress\/wp-content\/uploads\/2024\/10\/Senza-nome-8.png 343w\" sizes=\"auto, (max-width: 300px) 100vw, 300px\" \/><\/a><\/p>\n<blockquote>\n<h1 dir=\"auto\"><\/h1>\n<\/blockquote>\n<p>&nbsp;<\/p>\n<p><a class=\"dt-pswp-item\" href=\"https:\/\/www.radiopiu.net\/wordpress\/wp-content\/uploads\/2023\/04\/120174246_10223779647583195_6297631747166802991_n.jpg\" data-dt-img-description=\"\" data-large_image_width=\"1440\" data-large_image_height=\"1440\"><img loading=\"lazy\" decoding=\"async\" class=\"wp-image-333487 alignleft\" src=\"https:\/\/www.radiopiu.net\/wordpress\/wp-content\/uploads\/2023\/04\/120174246_10223779647583195_6297631747166802991_n-300x300.jpg\" alt=\"\" width=\"103\" height=\"103\" srcset=\"https:\/\/www.radiopiu.net\/wordpress\/wp-content\/uploads\/2023\/04\/120174246_10223779647583195_6297631747166802991_n-300x300.jpg 300w, https:\/\/www.radiopiu.net\/wordpress\/wp-content\/uploads\/2023\/04\/120174246_10223779647583195_6297631747166802991_n-1024x1024.jpg 1024w, https:\/\/www.radiopiu.net\/wordpress\/wp-content\/uploads\/2023\/04\/120174246_10223779647583195_6297631747166802991_n-150x150.jpg 150w, https:\/\/www.radiopiu.net\/wordpress\/wp-content\/uploads\/2023\/04\/120174246_10223779647583195_6297631747166802991_n-768x768.jpg 768w, https:\/\/www.radiopiu.net\/wordpress\/wp-content\/uploads\/2023\/04\/120174246_10223779647583195_6297631747166802991_n.jpg 1440w\" sizes=\"auto, (max-width: 103px) 100vw, 103px\" \/><\/a><strong>Dolcetto o scherzetto? Radio Pi\u00f9 \u00e8 pronta per la serata di Halloween per accompagnarvi nella notte pi\u00f9 paurosa dell\u2019anno<\/strong><br \/>\n<a dir=\"ltr\" href=\"x-apple-data-detectors:\/\/4\">Gioved\u00ec 31 ottobre a partire dalle 21<\/a> Marco Gaz e Marco Costantini vi faranno compagnia con la colonna sonora adatta per una serata spaventosa. Una diretta in cui ci saranno anche degli ospiti d\u2019eccezione.<a dir=\"ltr\" href=\"x-apple-data-detectors:\/\/5\"> Gioved\u00ec 31 ottobre alle 21<\/a> su Radio Pi\u00f9\u2026dolcetto o scherzetto?<\/p>\n<p>&nbsp;<\/p>\n<hr \/>\n<p>&nbsp;<\/p>\n<blockquote><p><strong>Ski College Veneto Falcade: al via la stagione 2024-2025<\/strong><\/p><\/blockquote>\n<p><strong><a class=\"dt-pswp-item\" href=\"https:\/\/www.radiopiu.net\/wordpress\/wp-content\/uploads\/2024\/10\/\u00a9echialessandrosogne-59-da-sx-giulia-savorgnani-anna-morandini-edoardo-valt.jpg\" data-dt-img-description=\"\" data-large_image_width=\"1900\" data-large_image_height=\"1267\"><img loading=\"lazy\" decoding=\"async\" class=\"size-medium wp-image-416018 alignleft\" src=\"https:\/\/www.radiopiu.net\/wordpress\/wp-content\/uploads\/2024\/10\/\u00a9echialessandrosogne-59-da-sx-giulia-savorgnani-anna-morandini-edoardo-valt-300x200.jpg\" alt=\"\" width=\"300\" height=\"200\" srcset=\"https:\/\/www.radiopiu.net\/wordpress\/wp-content\/uploads\/2024\/10\/\u00a9echialessandrosogne-59-da-sx-giulia-savorgnani-anna-morandini-edoardo-valt-300x200.jpg 300w, https:\/\/www.radiopiu.net\/wordpress\/wp-content\/uploads\/2024\/10\/\u00a9echialessandrosogne-59-da-sx-giulia-savorgnani-anna-morandini-edoardo-valt-1024x683.jpg 1024w, https:\/\/www.radiopiu.net\/wordpress\/wp-content\/uploads\/2024\/10\/\u00a9echialessandrosogne-59-da-sx-giulia-savorgnani-anna-morandini-edoardo-valt-768x512.jpg 768w, https:\/\/www.radiopiu.net\/wordpress\/wp-content\/uploads\/2024\/10\/\u00a9echialessandrosogne-59-da-sx-giulia-savorgnani-anna-morandini-edoardo-valt-1536x1024.jpg 1536w, https:\/\/www.radiopiu.net\/wordpress\/wp-content\/uploads\/2024\/10\/\u00a9echialessandrosogne-59-da-sx-giulia-savorgnani-anna-morandini-edoardo-valt.jpg 1900w\" sizes=\"auto, (max-width: 300px) 100vw, 300px\" \/><\/a>FALCADE<\/strong><\/p>\n<div class=\"flex max-w-full flex-col flex-grow\">\n<div class=\"min-h-8 text-message flex w-full flex-col items-end gap-2 whitespace-normal break-words [.text-message+&amp;]:mt-5\" dir=\"auto\" data-message-author-role=\"assistant\" data-message-id=\"999bb4ec-dfa0-4867-a19d-853388f53e66\" data-message-model-slug=\"gpt-4o\">\n<div class=\"flex w-full flex-col gap-1 empty:hidden first:pt-[3px]\">\n<div class=\"markdown prose w-full break-words dark:prose-invert dark\">\n<p>La stagione 2024-2025 dello Ski College Veneto Falcade \u00e8 ufficialmente iniziata con la presentazione al Pala Dolomiti il 19 ottobre. Con 69 studenti-atleti, provenienti anche da Spagna, Lazio e Sicilia, la struttura punta a continuare il successo sia sportivo che accademico. Il presidente Luca Marchetto ha evidenziato i recenti successi, inclusi importanti riconoscimenti regionali e nazionali. I<span style=\"font-family: verdana, sans-serif;\">l vicepresidente della Federazione italiana sport invernali, Stefano Longo:\u00a0 <em>\u00abUn\u2019esperienza come quella dello Ski College \u00e8 un\u2019opportunit\u00e0 notevolissima. Pi\u00f9 in generale, per esperienza personale dico che i ragazzi che affiancano studio e sport ad alto livello sono pi\u00f9 preparati per entrare nel mondo del lavoro\u00bb.<\/em><\/span><\/p>\n<\/div>\n<\/div>\n<\/div>\n<\/div>\n<p>&nbsp;<\/p>\n<p>&nbsp;<\/p>\n<hr \/>\n<p>&nbsp;<\/p>\n<blockquote>\n<h3 style=\"text-align: left;\">&#8220;VERMIGLIO&#8221;, UN FILM DA NON PERDERE IN PROGRAMMAZIONE AL CINEMA DOLOMITI DI FALCADE<\/h3>\n<\/blockquote>\n<p><strong><a class=\"dt-pswp-item\" href=\"https:\/\/www.radiopiu.net\/wordpress\/wp-content\/uploads\/2024\/10\/locandina-1.jpg\" data-dt-img-description=\"\" data-large_image_width=\"420\" data-large_image_height=\"525\"><img loading=\"lazy\" decoding=\"async\" class=\" wp-image-414491 alignleft\" src=\"https:\/\/www.radiopiu.net\/wordpress\/wp-content\/uploads\/2024\/10\/locandina-1-240x300.jpg\" alt=\"\" width=\"82\" height=\"103\" srcset=\"https:\/\/www.radiopiu.net\/wordpress\/wp-content\/uploads\/2024\/10\/locandina-1-240x300.jpg 240w, https:\/\/www.radiopiu.net\/wordpress\/wp-content\/uploads\/2024\/10\/locandina-1.jpg 420w\" sizes=\"auto, (max-width: 82px) 100vw, 82px\" \/><\/a>REDAZIONE<\/strong> Sar\u00e0 in programmazione il 26 e 27 ottobre al Cinema Dolomiti di Falcade il film &#8220;Vermiglio&#8221;, vincitore del Leone D&#8217;Argento all&#8217;ultima edizione della Mostra Del Cinema di Venezia.<\/p>\n<p><strong>\u00a0<\/strong><\/p>\n<p><strong>\u00a0<\/strong><strong>\u00a0<\/strong><strong>\u00a0<\/strong><\/p>\n<p><strong>DI PAOLA LANCIATO<\/strong><\/p>\n<audio class=\"wp-audio-shortcode\" id=\"audio-415827-17\" preload=\"none\" style=\"width: 100%;\" controls=\"controls\"><source type=\"audio\/mpeg\" src=\"https:\/\/www.radiopiu.net\/wordpress\/wp-content\/uploads\/2024\/10\/PAOLA-LANCIATO-Vermiglio.mp3?_=17\" \/><a href=\"https:\/\/www.radiopiu.net\/wordpress\/wp-content\/uploads\/2024\/10\/PAOLA-LANCIATO-Vermiglio.mp3\">https:\/\/www.radiopiu.net\/wordpress\/wp-content\/uploads\/2024\/10\/PAOLA-LANCIATO-Vermiglio.mp3<\/a><\/audio>\n<p>&nbsp;<\/p>\n<hr \/>\n<p>&nbsp;<\/p>\n<blockquote>\n<h2>DOMENICA LA MESSA PER I CADUTI DELLA MONTAGNA, IN CHIESA AD AGORDO E SU TUTTI I CANALI DI RADIOPIU<\/h2>\n<\/blockquote>\n<blockquote>\n<h2><em><a class=\"dt-pswp-item\" href=\"https:\/\/www.radiopiu.net\/wordpress\/wp-content\/uploads\/2024\/10\/Senza-nome-92.png\" data-dt-img-description=\"\" data-large_image_width=\"595\" data-large_image_height=\"756\"><img loading=\"lazy\" decoding=\"async\" class=\"size-medium wp-image-415668 alignleft\" src=\"https:\/\/www.radiopiu.net\/wordpress\/wp-content\/uploads\/2024\/10\/Senza-nome-92-236x300.png\" alt=\"\" width=\"236\" height=\"300\" srcset=\"https:\/\/www.radiopiu.net\/wordpress\/wp-content\/uploads\/2024\/10\/Senza-nome-92-236x300.png 236w, https:\/\/www.radiopiu.net\/wordpress\/wp-content\/uploads\/2024\/10\/Senza-nome-92.png 595w\" sizes=\"auto, (max-width: 236px) 100vw, 236px\" \/><\/a>DOMENICA 27 OTTOBRE, ORE 18.30<\/em><\/h2>\n<\/blockquote>\n<p><strong>AGORDO\u00a0<\/strong> Si rinnova il consueto appuntamento di fine ottobre con la S. Messa in suffragio dei Caduti della montagna celebrata dall\u2019arcidiacono di Agordo, mons. Cesare Larese, accompagnata dai canti del Coro Agordo, diretto da Anna Devich. Una sentita cerimonia, voluta dal Coro Agordo, che riunisce ormai da 49 anni l\u2019intero Agordino con le vallate limitrofe e tanta altra gente dalla provincia e da fuori nel ricordo degli agordini caduti in montagna e di coloro che hanno perso la vita sulle montagne agordine. L\u2019iniziativa avviene in collaborazione con la Sezione Agordina del CAI, la Parrocchia di S. Maria Nascente, i Gruppi Rocciatori \u201cGIR\u201d di Agordo e \u201cVal Bi\u00f3is\u201d, le Stazioni agordine del Corpo Nazionale Soccorso Alpino e il Gruppo Alpini Agordo-Rivamonte-Taibon. \u00a0Radio Pi\u00f9, anche quest\u2019anno trasmetter\u00e0 la Messa su tutti i canali, radio-social. Potr\u00e0, infatti, essere seguita in streaming sul sito internet radiopiu.net, oppure sulle pagine facebook: Radiopi\u00f9, o Radio Pi\u00f9 Emittente Agordina, o Sei di Agordo se. Oltre al ricordo dei 142 Caduti sui monti, ci sar\u00e0 sempre un pensiero particolare per coloro di cui quest\u2019anno ricorre un significativo anniversario (evidenziati con sottolineatura)<\/p>\n<p>&nbsp;<\/p>\n<p><a class=\"dt-pswp-item\" href=\"https:\/\/www.radiopiu.net\/wordpress\/wp-content\/uploads\/2024\/10\/Senza-nome-91.png\" data-dt-img-description=\"\" data-large_image_width=\"927\" data-large_image_height=\"768\"><img loading=\"lazy\" decoding=\"async\" class=\"alignnone wp-image-415665 size-full\" src=\"https:\/\/www.radiopiu.net\/wordpress\/wp-content\/uploads\/2024\/10\/Senza-nome-91.png\" alt=\"\" width=\"927\" height=\"768\" srcset=\"https:\/\/www.radiopiu.net\/wordpress\/wp-content\/uploads\/2024\/10\/Senza-nome-91.png 927w, https:\/\/www.radiopiu.net\/wordpress\/wp-content\/uploads\/2024\/10\/Senza-nome-91-300x249.png 300w, https:\/\/www.radiopiu.net\/wordpress\/wp-content\/uploads\/2024\/10\/Senza-nome-91-768x636.png 768w\" sizes=\"auto, (max-width: 927px) 100vw, 927px\" \/><\/a><\/p>\n<p>&nbsp;<\/p>\n<hr \/>\n<p>&nbsp;<\/p>\n<blockquote>\n<h2>Un concerto di fraternit\u00e0 a Frassen\u00e8<\/h2>\n<\/blockquote>\n<p><strong>VOLTAGO\u00a0<\/strong><\/p>\n<p><img loading=\"lazy\" decoding=\"async\" class=\"alignleft\" src=\"https:\/\/www.radiopiu.net\/wordpress\/wp-content\/uploads\/2024\/10\/20241023_095700-scaled.jpg\" width=\"219\" height=\"154\" \/>Sabato 9 novembre, la chiesa parrocchiale di Frassen\u00e8 ospiter\u00e0 un concerto speciale, organizzato come giornata di fraternit\u00e0 per i destinatari dell&#8217;attivit\u00e0 musicale, i loro familiari e amici. L&#8217;iniziativa, promossa dall&#8217;Associazione Volontari Inserimento Disabili, ha raccolto un grande entusiasmo, tanto da dover spostare l&#8217;evento dalla chiesa di Voltago a quella pi\u00f9 capiente di Frassen\u00e8. <em>&#8220;Questo appuntamento &#8211; spiega Don Fabiano Del Favero &#8211;\u00a0 non solo rappresenta un momento musicale, ma \u00e8 un&#8217;occasione per far conoscere una realt\u00e0 di inclusione e promozione umana, mostrando l&#8217;attenzione delle comunit\u00e0 cristiane verso il bene e le sue <\/em><em>diverse espressioni. Un segno tangibile di unit\u00e0 e solidariet\u00e0 in un mondo che ne ha sempre pi\u00f9 bisogno&#8221;.<\/em><\/p>\n<p>&nbsp;<\/p>\n<hr \/>\n<p>&nbsp;<\/p>\n<p>&nbsp;<\/p>\n<div class=\"mb-2 flex gap-3 empty:hidden -ml-2\">\n<div class=\"items-center justify-start rounded-xl p-1 flex\">\n<div class=\"flex items-center\">\n<div class=\"flex max-w-full flex-col flex-grow\">\n<div class=\"min-h-8 text-message flex w-full flex-col items-end gap-2 whitespace-normal break-words [.text-message+&amp;]:mt-5\" dir=\"auto\" data-message-author-role=\"assistant\" data-message-id=\"c2b1fe33-bc8b-45f1-969f-7db88566768c\" data-message-model-slug=\"gpt-4o\">\n<div class=\"flex w-full flex-col gap-1 empty:hidden first:pt-[3px]\">\n<div class=\"markdown prose w-full break-words dark:prose-invert dark\">\n<blockquote>\n<h3><a class=\"dt-pswp-item\" href=\"https:\/\/www.radiopiu.net\/wordpress\/wp-content\/uploads\/2024\/10\/Senza-nome-97.png\" data-dt-img-description=\"\" data-large_image_width=\"325\" data-large_image_height=\"208\"><img loading=\"lazy\" decoding=\"async\" class=\"size-medium wp-image-415809 alignleft\" src=\"https:\/\/www.radiopiu.net\/wordpress\/wp-content\/uploads\/2024\/10\/Senza-nome-97-300x192.png\" alt=\"\" width=\"300\" height=\"192\" srcset=\"https:\/\/www.radiopiu.net\/wordpress\/wp-content\/uploads\/2024\/10\/Senza-nome-97-300x192.png 300w, https:\/\/www.radiopiu.net\/wordpress\/wp-content\/uploads\/2024\/10\/Senza-nome-97.png 325w\" sizes=\"auto, (max-width: 300px) 100vw, 300px\" \/><\/a>LA CENA DEI COSCRITTI DEL 1974<\/h3>\n<\/blockquote>\n<p><strong>FALCADE<\/strong> Le cena della classe 1974 dei coscritti dell&#8217;<strong>Agordino<\/strong> si terr\u00e0\u00a0 sabato 30 novembre\u00a0 a Falcade, Hotel Stella Alpina. La cena e&#8217; aperta ai nati nel 1974 nei 16 comuni dell&#8217;Agordino, e sara&#8217; un&#8217;occasione di ritrovo,\u00a0 dopo tanto tempo e festeggiare il mezzo secolo.Info\u00a0 3478120853<\/p>\n<\/div>\n<\/div>\n<\/div>\n<\/div>\n<\/div>\n<\/div>\n<\/div>\n<div class=\"page-title-breadcrumbs\">\n<p>&nbsp;<\/p>\n<\/div>\n<p>&nbsp;<\/p>\n<p>&nbsp;<\/p>\n<p>&nbsp;<\/p>\n<hr \/>\n<p>&nbsp;<\/p>\n<blockquote>\n<h3>LA SAGRA DI SAN SIMON A BORCA DI CADORE<\/h3>\n<\/blockquote>\n<p><strong><a class=\"dt-pswp-item\" href=\"https:\/\/www.radiopiu.net\/wordpress\/wp-content\/uploads\/2024\/10\/SCR-20241023-ksew.jpeg\" data-dt-img-description=\"\" data-large_image_width=\"1268\" data-large_image_height=\"646\"><img loading=\"lazy\" decoding=\"async\" class=\" wp-image-415962 alignleft\" src=\"https:\/\/www.radiopiu.net\/wordpress\/wp-content\/uploads\/2024\/10\/SCR-20241023-ksew-300x153.jpeg\" alt=\"\" width=\"204\" height=\"104\" srcset=\"https:\/\/www.radiopiu.net\/wordpress\/wp-content\/uploads\/2024\/10\/SCR-20241023-ksew-300x153.jpeg 300w, https:\/\/www.radiopiu.net\/wordpress\/wp-content\/uploads\/2024\/10\/SCR-20241023-ksew-1024x522.jpeg 1024w, https:\/\/www.radiopiu.net\/wordpress\/wp-content\/uploads\/2024\/10\/SCR-20241023-ksew-768x391.jpeg 768w, https:\/\/www.radiopiu.net\/wordpress\/wp-content\/uploads\/2024\/10\/SCR-20241023-ksew.jpeg 1268w\" sizes=\"auto, (max-width: 204px) 100vw, 204px\" \/><\/a>BORCA DI CADORE<\/strong> Nel weekend del 26-27 ottobre torna a Borca di Cadore la tradizionale Sagra di San Simon, con una serie di eventi organizzati dall&#8217;Unione Sportiva Pelmo, dalla Pro Loco e dal Comune. La festa inizia sabato alle 18:00 con la presentazione del libro su Pr\u00e8 Carlo De Luca, seguita dall\u2019apertura dello stand gastronomico e dal concerto dei The Darklight. Domenica si parte alle 8:00 con la fiera, seguita da Santa Messa e benedizione dei mezzi, giochi popolari e tornei. La giornata include musica dal vivo e si concluder\u00e0 con premiazioni e il concorso fotografico. Voli panoramici in elicottero saranno disponibili per tutto il weekend, meteo permettendo.<\/p>\n<p>&nbsp;<\/p>\n<p>&nbsp;<\/p>\n<hr \/>\n<p>&nbsp;<\/p>\n<blockquote>\n<h3>AUTUNNO A TEATRO IN COMELICO<\/h3>\n<\/blockquote>\n<p><strong><a class=\"dt-pswp-item\" href=\"https:\/\/www.radiopiu.net\/wordpress\/wp-content\/uploads\/2024\/10\/visdende_01.jpg\" data-dt-img-description=\"\" data-large_image_width=\"1448\" data-large_image_height=\"1086\"><img loading=\"lazy\" decoding=\"async\" class=\" wp-image-415960 alignleft\" src=\"https:\/\/www.radiopiu.net\/wordpress\/wp-content\/uploads\/2024\/10\/visdende_01-300x225.jpg\" alt=\"\" width=\"152\" height=\"114\" srcset=\"https:\/\/www.radiopiu.net\/wordpress\/wp-content\/uploads\/2024\/10\/visdende_01-300x225.jpg 300w, https:\/\/www.radiopiu.net\/wordpress\/wp-content\/uploads\/2024\/10\/visdende_01-1024x768.jpg 1024w, https:\/\/www.radiopiu.net\/wordpress\/wp-content\/uploads\/2024\/10\/visdende_01-768x576.jpg 768w, https:\/\/www.radiopiu.net\/wordpress\/wp-content\/uploads\/2024\/10\/visdende_01.jpg 1448w\" sizes=\"auto, (max-width: 152px) 100vw, 152px\" \/><\/a>COMELICO<\/strong> Il secondo appuntamento della rassegna &#8220;Autunno a Teatro in Comelico 2024&#8221; si terr\u00e0 domenica alle 17 al Cinema Piave di S. Stefano di Cadore, con lo spettacolo &#8220;Visdende, ultima valle&#8221; del Gruppo Musicale di Costalta. Questo teatro-canzone racconta la storia di Stefano, in crisi tra la tentazione di vendere la valle e il confronto con la tradizione, rappresentata dalla madre Anna. La narrazione si sviluppa attraverso canzoni in ladino, originali nei testi e nelle musiche. L\u2019ingresso \u00e8 di 10 \u20ac, ridotto 6 \u20ac per under 14. Per maggiori informazioni e acquisto biglietti: <a href=\"http:\/\/www.icomelianti.it\" target=\"_new\" rel=\"noopener\">www.icomelianti.it<\/a>.<\/p>\n<p>&nbsp;<\/p>\n<p>&nbsp;<\/p>\n<hr \/>\n<p>&nbsp;<\/p>\n<blockquote>\n<h3>LUNEDI SI PARTE CON STEFANO, PAOLO&#8230; E RADIOPIU&#8217;<\/h3>\n<div dir=\"auto\"><em><img loading=\"lazy\" decoding=\"async\" class=\"alignleft\" src=\"https:\/\/www.radiopiu.net\/wordpress\/wp-content\/uploads\/2024\/10\/464195916_2590886651109886_5168287714425311572_n.jpg\" width=\"160\" height=\"200\" \/>&#8220;Dal Pelmo all&#8217;Etna attraversando l&#8217;Italia da Nord a Sud in sella al mio cavallo d&#8217;acciaio Bixxis e con il mio compagno d&#8217;avventura Paolo&#8221;. <\/em><\/div>\n<\/blockquote>\n<div dir=\"auto\">Cos\u00ec Stefano Bortolot anticipa l&#8217;appuntamento importante,\u00a0 Non manca anche questa volta la raccolta fondi per le due Associazioni del cuore, Comitato Pollicino e Retina Veneto Onlus. La prima tappa, lunedi, fino\u00a0 ai Colli Euganei, da Zopp\u00e9 di Cadore.<\/div>\n<blockquote>\n<div dir=\"auto\"><strong><em>Un viaggio per la Sicilia, che Radio Pi\u00f9 seguir\u00e0 quotidianamente<\/em><\/strong><\/div>\n<\/blockquote>\n<p>Arrivati ai 60 per festeggiare cosa fai?<br \/>\nMa un bel viaggio in bici, ovviamente!<\/p>\n<p><a class=\"dt-pswp-item\" href=\"https:\/\/www.radiopiu.net\/wordpress\/wp-content\/uploads\/2024\/10\/462836927_18338602870126818_4603728748635729562_n.jpg\" data-dt-img-description=\"\" data-large_image_width=\"1440\" data-large_image_height=\"1800\"><img loading=\"lazy\" decoding=\"async\" class=\" wp-image-415965 alignright\" src=\"https:\/\/www.radiopiu.net\/wordpress\/wp-content\/uploads\/2024\/10\/462836927_18338602870126818_4603728748635729562_n-240x300.jpg\" alt=\"\" width=\"188\" height=\"235\" srcset=\"https:\/\/www.radiopiu.net\/wordpress\/wp-content\/uploads\/2024\/10\/462836927_18338602870126818_4603728748635729562_n-240x300.jpg 240w, https:\/\/www.radiopiu.net\/wordpress\/wp-content\/uploads\/2024\/10\/462836927_18338602870126818_4603728748635729562_n-819x1024.jpg 819w, https:\/\/www.radiopiu.net\/wordpress\/wp-content\/uploads\/2024\/10\/462836927_18338602870126818_4603728748635729562_n-768x960.jpg 768w, https:\/\/www.radiopiu.net\/wordpress\/wp-content\/uploads\/2024\/10\/462836927_18338602870126818_4603728748635729562_n-1229x1536.jpg 1229w, https:\/\/www.radiopiu.net\/wordpress\/wp-content\/uploads\/2024\/10\/462836927_18338602870126818_4603728748635729562_n.jpg 1440w\" sizes=\"auto, (max-width: 188px) 100vw, 188px\" \/><\/a>\u201cDal Caregon del Padreterno alla fornace del fabbro degli Dei\u201d Partire sulle Dolomiti, ai piedi di sua Maestosit\u00e0 il Pelmo, attraversare il Bel Paese per arrivare sul Vulcano piu alto d\u2019Europa, sar\u00e0 la nostra prossima avventura. Pedalando da nord a sud, in sella alle nostre biciclette incontrando per strada vecchi e nuovi amici. Partenza prevista, lunedi 28 ottobre, con passaggio di rito a Belluno nella sede di Casa Pollicino e a Camposanpiero da Retina Veneto. 12 sono le tappe previste, si passa per Padova, Bologna, San Gimignano, Siena, il lago di Bolsena, Zagarolo, Frosinone, Cassino, Benevento, Matera, poi la costa Ionica, Cosenza, Gioia Tauro, Reggio Calabria, il passaggio sullo stretto e l\u2019ultima tappa, da Messina al Rifugio Sapienza sull\u2019Etna Se vuoi un mondo migliore, scatenalo! Questo \u00e9 diventato il nostro motto, e lo scopo del viaggio \u00e9 di promuovere una raccolta fondi per le due associazioni del cuore, Comitato Pollicino e Retina Veneto, e la collaborazione render\u00e0 piu leggere le nostre fatiche e nobiliter\u00e0 il nostro viaggio. Due righe sulle Associazioni coinvolte: L\u2019Associazione Comitato Pollicino nasce il 13 settembre 2002 per aiutare i bambini in gravi difficolt\u00e0 della citt\u00e0 di Petrosani, in Romania, citt\u00e0 gemellata con il comune di Ponte nelle Alpi, ove risiedono delle famiglie di origine bellunese.<br \/>\nIl centro diurno accoglie bambini e ragazzi con problematiche diverse, disabilit\u00e0 gravi e medio gravi, intellettive e fisiche, disagi sociali, abbandoni scolastici, abbandoni familiari. In questi anni pi\u00f9 di 600 bambini e ragazzi sono stati accolti in struttura. Retina Veneto Onlus \u00e8 l\u2019Associazione Regionale per la lotta alle distrofie retiniche ereditarie e ha come scopo principale la promozione e lo sviluppo della ricerca scientifica per l\u2019individuazione delle cause, della cura e della prevenzione della retinite pigmentosa, delle degenerazioni maculari, delle distrofie retiniche ereditarie e di altre patologie che determinano ipovisione e cecit\u00e0.<\/p>\n<p>&nbsp;<\/p>\n<p>&nbsp;<\/p>\n<hr \/>\n<p>&nbsp;<\/p>\n<h2><span style=\"color: #ff6600;\">IERI ALLA RADIO\u00a0<\/span><\/h2>\n<h2><span style=\"color: #ff00ff;\">BATTI CINQUE&#8230;CON MARINA ED ALESSIO<\/span><\/h2>\n<p><strong><a class=\"dt-pswp-item\" href=\"https:\/\/www.radiopiu.net\/wordpress\/wp-content\/uploads\/2024\/10\/2b41afd1-2910-40a2-aa8e-1f6263104f30.jpg\" data-dt-img-description=\"\" data-large_image_width=\"2048\" data-large_image_height=\"1536\"><img loading=\"lazy\" decoding=\"async\" class=\" wp-image-415813 alignleft\" src=\"https:\/\/www.radiopiu.net\/wordpress\/wp-content\/uploads\/2024\/10\/2b41afd1-2910-40a2-aa8e-1f6263104f30-300x225.jpg\" alt=\"\" width=\"135\" height=\"101\" srcset=\"https:\/\/www.radiopiu.net\/wordpress\/wp-content\/uploads\/2024\/10\/2b41afd1-2910-40a2-aa8e-1f6263104f30-300x225.jpg 300w, https:\/\/www.radiopiu.net\/wordpress\/wp-content\/uploads\/2024\/10\/2b41afd1-2910-40a2-aa8e-1f6263104f30-1024x768.jpg 1024w, https:\/\/www.radiopiu.net\/wordpress\/wp-content\/uploads\/2024\/10\/2b41afd1-2910-40a2-aa8e-1f6263104f30-768x576.jpg 768w, https:\/\/www.radiopiu.net\/wordpress\/wp-content\/uploads\/2024\/10\/2b41afd1-2910-40a2-aa8e-1f6263104f30-1536x1152.jpg 1536w, https:\/\/www.radiopiu.net\/wordpress\/wp-content\/uploads\/2024\/10\/2b41afd1-2910-40a2-aa8e-1f6263104f30.jpg 2048w\" sizes=\"auto, (max-width: 135px) 100vw, 135px\" \/><\/a>REDAZIONE<\/strong> Un confronto tra generazioni, lo si pu\u00f2 definire cos\u00ec il nuovo programma pomeridiano di Radio Pi\u00f9. &#8220;Batti Cinque&#8221; il titolo del contenitore in onda il mercoled\u00ec dalle 15 a cadenza quindicinale. In studio Marina ed Alessio<\/p>\n<p><span style=\"color: #ff0000;\"><strong>\u00a0<\/strong><\/span><\/p>\n<p><span style=\"color: #ff0000;\"><strong>\u00a0<\/strong><\/span><\/p>\n<p><span style=\"color: #ff0000;\"><strong>PUNTATA 01 &#8211; PRIMA PARTE<\/strong><\/span><\/p>\n<audio class=\"wp-audio-shortcode\" id=\"audio-415827-18\" preload=\"none\" style=\"width: 100%;\" controls=\"controls\"><source type=\"audio\/mpeg\" src=\"https:\/\/www.radiopiu.net\/wordpress\/wp-content\/uploads\/2024\/10\/BATTI-CINQUE-1.mp3?_=18\" \/><a href=\"https:\/\/www.radiopiu.net\/wordpress\/wp-content\/uploads\/2024\/10\/BATTI-CINQUE-1.mp3\">https:\/\/www.radiopiu.net\/wordpress\/wp-content\/uploads\/2024\/10\/BATTI-CINQUE-1.mp3<\/a><\/audio>\n<p>&nbsp;<\/p>\n<p><span style=\"color: #ff0000;\"><strong>SECONDA PARTE<\/strong><\/span><\/p>\n<audio class=\"wp-audio-shortcode\" id=\"audio-415827-19\" preload=\"none\" style=\"width: 100%;\" controls=\"controls\"><source type=\"audio\/mpeg\" src=\"https:\/\/www.radiopiu.net\/wordpress\/wp-content\/uploads\/2024\/10\/BATTI-CINQUE-2.mp3?_=19\" \/><a href=\"https:\/\/www.radiopiu.net\/wordpress\/wp-content\/uploads\/2024\/10\/BATTI-CINQUE-2.mp3\">https:\/\/www.radiopiu.net\/wordpress\/wp-content\/uploads\/2024\/10\/BATTI-CINQUE-2.mp3<\/a><\/audio>\n<p>&nbsp;<\/p>\n<p><span style=\"color: #ff0000;\"><strong>TERZA PARTE<\/strong><\/span><\/p>\n<audio class=\"wp-audio-shortcode\" id=\"audio-415827-20\" preload=\"none\" style=\"width: 100%;\" controls=\"controls\"><source type=\"audio\/mpeg\" src=\"https:\/\/www.radiopiu.net\/wordpress\/wp-content\/uploads\/2024\/10\/BATTI-CINQUE-3.mp3?_=20\" \/><a href=\"https:\/\/www.radiopiu.net\/wordpress\/wp-content\/uploads\/2024\/10\/BATTI-CINQUE-3.mp3\">https:\/\/www.radiopiu.net\/wordpress\/wp-content\/uploads\/2024\/10\/BATTI-CINQUE-3.mp3<\/a><\/audio>\n<p>&nbsp;<\/p>\n<hr \/>\n<p>&nbsp;<\/p>\n<h2><span style=\"color: #00ccff;\">CISL E FEMCA CISL LA VOCE PER I LAVORATORI <\/span><\/h2>\n<p><a class=\"dt-pswp-item\" href=\"https:\/\/www.radiopiu.net\/wordpress\/wp-content\/uploads\/2024\/10\/902a739a-1df6-41e1-a96c-0c0594ef87b7.jpg\" data-dt-img-description=\"\" data-large_image_width=\"2048\" data-large_image_height=\"1536\"><img loading=\"lazy\" decoding=\"async\" class=\" wp-image-413932 alignleft\" src=\"https:\/\/www.radiopiu.net\/wordpress\/wp-content\/uploads\/2024\/10\/902a739a-1df6-41e1-a96c-0c0594ef87b7-300x225.jpg\" alt=\"\" width=\"156\" height=\"117\" srcset=\"https:\/\/www.radiopiu.net\/wordpress\/wp-content\/uploads\/2024\/10\/902a739a-1df6-41e1-a96c-0c0594ef87b7-300x225.jpg 300w, https:\/\/www.radiopiu.net\/wordpress\/wp-content\/uploads\/2024\/10\/902a739a-1df6-41e1-a96c-0c0594ef87b7-1024x768.jpg 1024w, https:\/\/www.radiopiu.net\/wordpress\/wp-content\/uploads\/2024\/10\/902a739a-1df6-41e1-a96c-0c0594ef87b7-768x576.jpg 768w, https:\/\/www.radiopiu.net\/wordpress\/wp-content\/uploads\/2024\/10\/902a739a-1df6-41e1-a96c-0c0594ef87b7-1536x1152.jpg 1536w, https:\/\/www.radiopiu.net\/wordpress\/wp-content\/uploads\/2024\/10\/902a739a-1df6-41e1-a96c-0c0594ef87b7.jpg 2048w\" sizes=\"auto, (max-width: 156px) 100vw, 156px\" \/><\/a>puntata del 23 OTTOBRE 2024<\/p>\n<p><strong>OSPITE LAURA VETTOREL<\/strong><\/p>\n<audio class=\"wp-audio-shortcode\" id=\"audio-415827-21\" preload=\"none\" style=\"width: 100%;\" controls=\"controls\"><source type=\"audio\/mpeg\" src=\"https:\/\/www.radiopiu.net\/wordpress\/wp-content\/uploads\/2024\/10\/FEMCA-CISL.mp3?_=21\" \/><a href=\"https:\/\/www.radiopiu.net\/wordpress\/wp-content\/uploads\/2024\/10\/FEMCA-CISL.mp3\">https:\/\/www.radiopiu.net\/wordpress\/wp-content\/uploads\/2024\/10\/FEMCA-CISL.mp3<\/a><\/audio>\n<p>&nbsp;<\/p>\n<h2>LA RACCOLTA COMPLETA <a href=\"https:\/\/www.radiopiu.net\/wordpress\/cisl-e-femca-cisl-la-vocef\/\"><span style=\"color: #3366ff;\">CLICCA QUI<\/span><\/a><\/h2>\n<p>&nbsp;<\/p>\n<hr \/>\n<p>&nbsp;<\/p>\n<h2><span style=\"color: #ff0000;\">LIBER, IL MERCOLEDI ALLA RADIO CON LIANA CAVALLET<\/span><\/h2>\n<p><strong>PUNTATA 05 23 OTTOBRE 2024 SILVIA AVALLONE &#8220;CUORE NERO&#8221;<\/strong><\/p>\n<p><a class=\"dt-pswp-item\" href=\"https:\/\/www.radiopiu.net\/wordpress\/wp-content\/uploads\/2024\/10\/SILVIA-AVALLONE-CUORE-NERO.jpg\" data-dt-img-description=\"\" data-large_image_width=\"536\" data-large_image_height=\"859\"><img loading=\"lazy\" decoding=\"async\" class=\"size-medium wp-image-415861 aligncenter\" src=\"https:\/\/www.radiopiu.net\/wordpress\/wp-content\/uploads\/2024\/10\/SILVIA-AVALLONE-CUORE-NERO-187x300.jpg\" alt=\"\" width=\"187\" height=\"300\" srcset=\"https:\/\/www.radiopiu.net\/wordpress\/wp-content\/uploads\/2024\/10\/SILVIA-AVALLONE-CUORE-NERO-187x300.jpg 187w, https:\/\/www.radiopiu.net\/wordpress\/wp-content\/uploads\/2024\/10\/SILVIA-AVALLONE-CUORE-NERO.jpg 536w\" sizes=\"auto, (max-width: 187px) 100vw, 187px\" \/><\/a><\/p>\n<p>&nbsp;<\/p>\n<audio class=\"wp-audio-shortcode\" id=\"audio-415827-22\" preload=\"none\" style=\"width: 100%;\" controls=\"controls\"><source type=\"audio\/mpeg\" src=\"https:\/\/www.radiopiu.net\/wordpress\/wp-content\/uploads\/2024\/10\/LIANA-6.mp3?_=22\" \/><a href=\"https:\/\/www.radiopiu.net\/wordpress\/wp-content\/uploads\/2024\/10\/LIANA-6.mp3\">https:\/\/www.radiopiu.net\/wordpress\/wp-content\/uploads\/2024\/10\/LIANA-6.mp3<\/a><\/audio>\n<p>&nbsp;<\/p>\n<h2>LA RACCOLTA COMPLETA <a href=\"https:\/\/www.radiopiu.net\/wordpress\/liber24puntata5\/\"><span style=\"color: #3366ff;\">CLICCA QUI<\/span><\/a><\/h2>\n<p>&nbsp;<\/p>\n<hr \/>\n<p>&nbsp;<\/p>\n<h2><span style=\"color: #339966;\"><a class=\"dt-pswp-item\" href=\"https:\/\/www.radiopiu.net\/wordpress\/wp-content\/uploads\/2022\/11\/scuola-zaino.jpeg\" data-dt-img-description=\"\" data-large_image_width=\"626\" data-large_image_height=\"417\"><img loading=\"lazy\" decoding=\"async\" class=\" wp-image-306830 alignleft\" src=\"https:\/\/www.radiopiu.net\/wordpress\/wp-content\/uploads\/2022\/11\/scuola-zaino-300x200.jpeg\" alt=\"\" width=\"152\" height=\"101\" srcset=\"https:\/\/www.radiopiu.net\/wordpress\/wp-content\/uploads\/2022\/11\/scuola-zaino-300x200.jpeg 300w, https:\/\/www.radiopiu.net\/wordpress\/wp-content\/uploads\/2022\/11\/scuola-zaino.jpeg 626w\" sizes=\"auto, (max-width: 152px) 100vw, 152px\" \/><\/a>SE NON LA SMETTI TI MANDO DAL PRESIDE<\/span><\/h2>\n<p><strong>DI MIRKO MEZZACASA<\/strong><\/p>\n<p>CON MARIA ROSA SALMAZO<\/p>\n<audio class=\"wp-audio-shortcode\" id=\"audio-415827-23\" preload=\"none\" style=\"width: 100%;\" controls=\"controls\"><source type=\"audio\/mpeg\" src=\"https:\/\/www.radiopiu.net\/wordpress\/wp-content\/uploads\/2024\/10\/PRESIDE-1.mp3?_=23\" \/><a href=\"https:\/\/www.radiopiu.net\/wordpress\/wp-content\/uploads\/2024\/10\/PRESIDE-1.mp3\">https:\/\/www.radiopiu.net\/wordpress\/wp-content\/uploads\/2024\/10\/PRESIDE-1.mp3<\/a><\/audio>\n<p>&nbsp;<\/p>\n<hr \/>\n<p>&nbsp;<\/p>\n<h2><span style=\"color: #ffcc00;\">EMOZIONE CONTINUA&#8230;100 ANNI DI PASSIONE RACCONTATI ALLA RADIO<\/span><\/h2>\n<p><span style=\"color: #ff00ff;\"><strong>PUNTATA 12 IL RADIO DRAMMA<\/strong><\/span><\/p>\n<audio class=\"wp-audio-shortcode\" id=\"audio-415827-24\" preload=\"none\" style=\"width: 100%;\" controls=\"controls\"><source type=\"audio\/mpeg\" src=\"https:\/\/www.radiopiu.net\/wordpress\/wp-content\/uploads\/2024\/10\/PL3-3.mp3?_=24\" \/><a href=\"https:\/\/www.radiopiu.net\/wordpress\/wp-content\/uploads\/2024\/10\/PL3-3.mp3\">https:\/\/www.radiopiu.net\/wordpress\/wp-content\/uploads\/2024\/10\/PL3-3.mp3<\/a><\/audio>\n<p>&nbsp;<\/p>\n<h2>LA RACCOLTA COMPLETA <a href=\"https:\/\/www.radiopiu.net\/wordpress\/emozione-continua-100-anni-di-passione-raccontati-alla-radio-la-raccolta\/\"><span style=\"color: #3366ff;\">CLICCA QUI<\/span><\/a><\/h2>\n<p>&nbsp;<\/p>\n<hr \/>\n<p>&nbsp;<\/p>\n<blockquote class=\"wp-embedded-content\" data-secret=\"hGOjkmurbH\"><p><a href=\"https:\/\/www.radiopiu.net\/wordpress\/almanac1\/\">N di parom &#8211; L Almanach de la nosta jent RACCOLTA COMPLETA<\/a><\/p><\/blockquote>\n<p><iframe loading=\"lazy\" class=\"wp-embedded-content\" sandbox=\"allow-scripts\" security=\"restricted\" style=\"position: absolute; visibility: hidden;\" title=\"&#8220;N di parom &#8211; L Almanach de la nosta jent RACCOLTA COMPLETA&#8221; &#8212; Radio Pi\u00f9\" src=\"https:\/\/www.radiopiu.net\/wordpress\/almanac1\/embed\/#?secret=ZfjJQ7ck3E#?secret=hGOjkmurbH\" data-secret=\"hGOjkmurbH\" width=\"600\" height=\"338\" frameborder=\"0\" marginwidth=\"0\" marginheight=\"0\" scrolling=\"no\"><\/iframe><\/p>\n<blockquote class=\"wp-embedded-content\" data-secret=\"xsEHXaw6Y5\"><p><a href=\"https:\/\/www.radiopiu.net\/wordpress\/set5a\/\">EL BAL DEL FIOR, DETTI E MODI DI DIRE  LA RACCOLTA COMPLETA<\/a><\/p><\/blockquote>\n<p><iframe loading=\"lazy\" class=\"wp-embedded-content\" sandbox=\"allow-scripts\" security=\"restricted\" style=\"position: absolute; visibility: hidden;\" title=\"&#8220;EL BAL DEL FIOR, DETTI E MODI DI DIRE  LA RACCOLTA COMPLETA&#8221; &#8212; Radio Pi\u00f9\" src=\"https:\/\/www.radiopiu.net\/wordpress\/set5a\/embed\/#?secret=Hk0JAUfPyi#?secret=xsEHXaw6Y5\" data-secret=\"xsEHXaw6Y5\" width=\"600\" height=\"338\" frameborder=\"0\" marginwidth=\"0\" marginheight=\"0\" scrolling=\"no\"><\/iframe><\/p>\n<p>&nbsp;<\/p>\n<blockquote class=\"wp-embedded-content\" data-secret=\"LydYb5FC6I\"><p><a href=\"https:\/\/www.radiopiu.net\/wordpress\/pirole-de-lenga-la-parola-del-giorno-a-cura-del-musla-raccolta-completa\/\">PIROLE DE LENGA&#8230; LA PAROLA DEL GIORNO A CURA DEL MUSLA -raccolta completa &#8211;<\/a><\/p><\/blockquote>\n<p><iframe loading=\"lazy\" class=\"wp-embedded-content\" sandbox=\"allow-scripts\" security=\"restricted\" style=\"position: absolute; visibility: hidden;\" title=\"&#8220;PIROLE DE LENGA&#8230; LA PAROLA DEL GIORNO A CURA DEL MUSLA -raccolta completa &#8211;&#8221; &#8212; Radio Pi\u00f9\" src=\"https:\/\/www.radiopiu.net\/wordpress\/pirole-de-lenga-la-parola-del-giorno-a-cura-del-musla-raccolta-completa\/embed\/#?secret=TlecX3NVjH#?secret=LydYb5FC6I\" data-secret=\"LydYb5FC6I\" width=\"600\" height=\"338\" frameborder=\"0\" marginwidth=\"0\" marginheight=\"0\" scrolling=\"no\"><\/iframe><\/p>\n<blockquote class=\"wp-embedded-content\" data-secret=\"j1XupVAjgV\"><p><a href=\"https:\/\/www.radiopiu.net\/wordpress\/oggicomeierisaa\/\">OGGI COME IERI di e con SILVIA BALDO &#8211;  21-23 ottobre<\/a><\/p><\/blockquote>\n<p><iframe loading=\"lazy\" class=\"wp-embedded-content\" sandbox=\"allow-scripts\" security=\"restricted\" style=\"position: absolute; visibility: hidden;\" title=\"&#8220;OGGI COME IERI di e con SILVIA BALDO &#8211;  21-23 ottobre&#8221; &#8212; Radio Pi\u00f9\" src=\"https:\/\/www.radiopiu.net\/wordpress\/oggicomeierisaa\/embed\/#?secret=cH5AqxB0H3#?secret=j1XupVAjgV\" data-secret=\"j1XupVAjgV\" width=\"600\" height=\"338\" frameborder=\"0\" marginwidth=\"0\" marginheight=\"0\" scrolling=\"no\"><\/iframe><\/p>\n<hr \/>\n<p>&nbsp;<\/p>\n<h2><span style=\"color: #ff0000;\"><a class=\"dt-pswp-item\" href=\"https:\/\/www.radiopiu.net\/wordpress\/wp-content\/uploads\/2018\/09\/appuntamenti.jpeg\" data-dt-img-description=\"\" data-large_image_width=\"800\" data-large_image_height=\"100\"><img loading=\"lazy\" decoding=\"async\" class=\"wp-image-61958 size-full aligncenter\" src=\"https:\/\/www.radiopiu.net\/wordpress\/wp-content\/uploads\/2018\/09\/appuntamenti.jpeg\" alt=\"\" width=\"800\" height=\"100\" srcset=\"https:\/\/www.radiopiu.net\/wordpress\/wp-content\/uploads\/2018\/09\/appuntamenti.jpeg 800w, https:\/\/www.radiopiu.net\/wordpress\/wp-content\/uploads\/2018\/09\/appuntamenti-300x38.jpeg 300w, https:\/\/www.radiopiu.net\/wordpress\/wp-content\/uploads\/2018\/09\/appuntamenti-768x96.jpeg 768w\" sizes=\"auto, (max-width: 800px) 100vw, 800px\" \/><\/a><\/span><\/h2>\n<p>&nbsp;<\/p>\n<p>&nbsp;<\/p>\n<div style=\"width: 1200px;\" class=\"wp-video\"><video class=\"wp-video-shortcode\" id=\"video-415827-1\" width=\"1200\" height=\"675\" preload=\"metadata\" controls=\"controls\"><source type=\"video\/mp4\" src=\"https:\/\/www.radiopiu.net\/wordpress\/wp-content\/uploads\/2024\/10\/WhatsApp-Video-2024-10-23-at-00.12.10.mp4?_=1\" \/><a href=\"https:\/\/www.radiopiu.net\/wordpress\/wp-content\/uploads\/2024\/10\/WhatsApp-Video-2024-10-23-at-00.12.10.mp4\">https:\/\/www.radiopiu.net\/wordpress\/wp-content\/uploads\/2024\/10\/WhatsApp-Video-2024-10-23-at-00.12.10.mp4<\/a><\/video><\/div>\n<p><strong>\u00a0<\/strong><\/p>\n<p><strong>\u00a0<\/strong><strong>\u00a0<\/strong><\/p>\n<blockquote>\n<h1><strong><a class=\"dt-pswp-item\" href=\"https:\/\/www.radiopiu.net\/wordpress\/wp-content\/uploads\/2024\/10\/678e702f-ef57-429d-9790-a56a239e7ed7.jpg\" data-dt-img-description=\"\" data-large_image_width=\"1080\" data-large_image_height=\"1080\"><img loading=\"lazy\" decoding=\"async\" class=\" wp-image-416006 alignleft\" src=\"https:\/\/www.radiopiu.net\/wordpress\/wp-content\/uploads\/2024\/10\/678e702f-ef57-429d-9790-a56a239e7ed7-300x300.jpg\" alt=\"\" width=\"166\" height=\"166\" srcset=\"https:\/\/www.radiopiu.net\/wordpress\/wp-content\/uploads\/2024\/10\/678e702f-ef57-429d-9790-a56a239e7ed7-300x300.jpg 300w, https:\/\/www.radiopiu.net\/wordpress\/wp-content\/uploads\/2024\/10\/678e702f-ef57-429d-9790-a56a239e7ed7-1024x1024.jpg 1024w, https:\/\/www.radiopiu.net\/wordpress\/wp-content\/uploads\/2024\/10\/678e702f-ef57-429d-9790-a56a239e7ed7-150x150.jpg 150w, https:\/\/www.radiopiu.net\/wordpress\/wp-content\/uploads\/2024\/10\/678e702f-ef57-429d-9790-a56a239e7ed7-768x768.jpg 768w, https:\/\/www.radiopiu.net\/wordpress\/wp-content\/uploads\/2024\/10\/678e702f-ef57-429d-9790-a56a239e7ed7.jpg 1080w\" sizes=\"auto, (max-width: 166px) 100vw, 166px\" \/><\/a>VENERDI A SEDICO LA DEGUSTAZIONE GRATUITA CON I VINI &#8220;MURARO&#8221;\u00a0<\/strong><\/h1>\n<\/blockquote>\n<p><strong>\u00a0<\/strong><\/p>\n<p>&nbsp;<\/p>\n<blockquote><p><em><strong>L&#8217;INVITO&#8230; DI GIANLUCA &#8211; DOLOMITI BEER&amp;WINE SHOP, SEDICO_FELTRE_TAIBON AGORDINO<\/strong><\/em><\/p><\/blockquote>\n<audio class=\"wp-audio-shortcode\" id=\"audio-415827-25\" preload=\"none\" style=\"width: 100%;\" controls=\"controls\"><source type=\"audio\/mpeg\" src=\"https:\/\/www.radiopiu.net\/wordpress\/wp-content\/uploads\/2024\/10\/GIANLUCA-SEDICO.mp3?_=25\" \/><a href=\"https:\/\/www.radiopiu.net\/wordpress\/wp-content\/uploads\/2024\/10\/GIANLUCA-SEDICO.mp3\">https:\/\/www.radiopiu.net\/wordpress\/wp-content\/uploads\/2024\/10\/GIANLUCA-SEDICO.mp3<\/a><\/audio>\n<p>&nbsp;<\/p>\n<p><strong>FALCADE<\/strong>\u00a0 Riapre il Cinema Dolomiti di Falcade. Sabato e domenica verr\u00e0 proiettato il film Vermiglio, presentato anche alla Mostra del Cinema di Venezia. Spettacoli alle 21, domenica anche alle 15:30<\/p>\n<div class=\"flex-shrink-0 flex flex-col relative items-end\">\n<div class=\"pt-0\">\n<div class=\"gizmo-bot-avatar flex h-8 w-8 items-center justify-center overflow-hidden rounded-full\">\n<p class=\"relative p-1 rounded-sm flex items-center justify-center bg-token-main-surface-primary text-token-text-primary h-8 w-8\"><strong>CANALE D&#8217;AGORDO <\/strong>Jazzercise \u00e8 un allenamento ad alta intensit\u00e0 che combina danza, pilates, yoga e kickboxing, adatto a tutti i livelli di fitness. \u00c8 efficace per tonificare i muscoli, migliorare la postura e ottenere un fisico snello. Nell&#8217;Agordino, le lezioni si tengono a Canale d&#8217;Agordo, nella sala ex emigranti di via Lotta, il luned\u00ec dalle 18:15 alle 19:15 e il mercoled\u00ec dalle 18:30 alle 19:30. L&#8217;istruttrice certificata RaLuca ti aspetta per un allenamento coinvolgente al ritmo di musica attuale. Per informazioni: 347 9295478<\/p>\n<p><strong>AGORDO UN VIAGGIO NELLA MUSICA ANNI SESSANTA E SETTANTA, &#8220;OPERAZIONE NOSTALGIA&#8221;,<\/strong> INCURSIONE NEI DECENNI SUCCESSIVI DEL SECOLO SCORSO Elisa Forcellini voce, <span class=\"html-span xdj266r x11i5rnm xat24cr x1mh8g0r xexx8yu x4uap5 x18d9i69 xkhd6sd x1hl2dhg x16tdsg8 x1vvkbs\"><a class=\"x1i10hfl xjbqb8w x1ejq31n xd10rxx x1sy0etr x17r0tee x972fbf xcfux6l x1qhh985 xm0m39n x9f619 x1ypdohk xt0psk2 xe8uvvx xdj266r x11i5rnm xat24cr x1mh8g0r xexx8yu x4uap5 x18d9i69 xkhd6sd x16tdsg8 x1hl2dhg xggy1nq x1a2a7pz x1sur9pj xkrqix3 x1fey0fg x1s688f\" tabindex=\"0\" role=\"link\" href=\"https:\/\/www.facebook.com\/karin.serafini.12?__cft__[0]=AZUS6w-16Ia-jI9bcg7qdsPkS68JCUPOt_Xuv68gElfxirAioFxkGfr9F7TMRlkcx1eLqq4qMjrB_TKQ8HlftDiEv4JV5OQF90tgTXCCBJJ1eNCQHgmp0hzB6raZctEWzHGoETriWhmxVYkKyY-AnYiE3NzGcFnh-hMcANqoZ4dpzMdJdJTy2yiv75vrq41fWxA&amp;__tn__=-]K-y-R\"><span class=\"xt0psk2\">Karin Serafini<\/span><\/a><\/span> basso e voce, Ezio De Zaiacomo tastiere, Graziano Sirena percussioni e voce, <span class=\"html-span xdj266r x11i5rnm xat24cr x1mh8g0r xexx8yu x4uap5 x18d9i69 xkhd6sd x1hl2dhg x16tdsg8 x1vvkbs\"><a class=\"x1i10hfl xjbqb8w x1ejq31n xd10rxx x1sy0etr x17r0tee x972fbf xcfux6l x1qhh985 xm0m39n x9f619 x1ypdohk xt0psk2 xe8uvvx xdj266r x11i5rnm xat24cr x1mh8g0r xexx8yu x4uap5 x18d9i69 xkhd6sd x16tdsg8 x1hl2dhg xggy1nq x1a2a7pz x1sur9pj xkrqix3 x1fey0fg x1s688f\" tabindex=\"0\" role=\"link\" href=\"https:\/\/www.facebook.com\/cosmo.forcella?__cft__[0]=AZUS6w-16Ia-jI9bcg7qdsPkS68JCUPOt_Xuv68gElfxirAioFxkGfr9F7TMRlkcx1eLqq4qMjrB_TKQ8HlftDiEv4JV5OQF90tgTXCCBJJ1eNCQHgmp0hzB6raZctEWzHGoETriWhmxVYkKyY-AnYiE3NzGcFnh-hMcANqoZ4dpzMdJdJTy2yiv75vrq41fWxA&amp;__tn__=-]K-y-R\"><span class=\"xt0psk2\">Cosmo Forcella<\/span><\/a><\/span> batteria e voce, Loris Scussel chitarre e voce SABATO 26 OTTOBRE DAL LE 20.30 IN SALA DON TAMIS AD AGORDO. ORGANIZZA L&#8217;ASSOCIAZIONE PETTIROSSO AGORDINO ENTRATA LIBERA<\/p>\n<\/div>\n<\/div>\n<\/div>\n<p><strong>CENCENIGHE<\/strong> La Famiglia Agordina Ex Emigranti organizza la Giornata dell\u2019Emigrante domenica 27 ottobre, un&#8217;occasione di festa e condivisione per chi ha vissuto o lavorato all&#8217;estero, o per chi vuole conoscere il mondo delle famiglie ex emigranti Bellunesi. Il programma prevede alle 10:30 la messa nella chiesa di Cencenighe, seguita dall\u2019omaggio al monumento dell\u2019emigrante e dall\u2019esibizione del Coro Alpino Monte Civetta nella sala consiliare. La giornata si concluder\u00e0 con un pranzo al Ristorante Monte Civetta di Listolade, accompagnato dalla cantante Daniela Trentin. Il contributo per il pranzo \u00e8 di 35 euro, prenotazioni al 339 211 4469.<\/p>\n<p><strong>FALCADE<\/strong> La Proloco di Caviola presenta &#8220;Proposte d&#8217;autunno&#8221;, un programma di eventi per vivere meglio. I prossimi appuntamenti includono: un incontro con Mauro Valt alla Casa della Giovent\u00f9 di Caviola il 6 novembre alle 20, e una serata osservando le stelle con &#8220;Cieli Dolomitici&#8221; il 9 novembre alle 20:30. Inoltre, il 10 novembre si svolger\u00e0 una castagnata con gli Alpini in occasione di San Martino, e il 22 novembre ci sar\u00e0 la chiusura con Roberto Sorama\u00e8 e il suo evento &#8220;Sete d\u2019Africa&#8221; alla Casa della Giovent\u00f9. Per informazioni: 349 1945861.<\/p>\n<p><strong>BELLUNO <\/strong>Venerd\u00ec 8 novembre, dalle ore 18, presso l&#8217;aula magna dell&#8217;Istituto Superiore Tommaso Catullo di Belluno, si terr\u00e0 un evento organizzato da Pig&amp;Menti, che propone un dialogo sugli archetipi tra linguistica e neuroscienze. I relatori saranno il professor Michele T\u00ecson e il professor Renzo Barbazza. L&#8217;evento \u00e8 realizzato in collaborazione con Banca Prealpi San Biagio e i dottori Marco Tarascio e Silvia Barbini.<\/p>\n<p>&nbsp;<\/p>\n<div>\n<div class=\"\" dir=\"auto\">\n<div id=\":r9h:\" class=\"x1iorvi4 x1pi30zi x1l90r2v x1swvt13\" data-ad-comet-preview=\"message\" data-ad-preview=\"message\">\n\n\t\t\t<style type='text\/css'>\n\t\t\t\t#gallery-1 {\n\t\t\t\t\tmargin: auto;\n\t\t\t\t}\n\t\t\t\t#gallery-1 .gallery-item {\n\t\t\t\t\tfloat: left;\n\t\t\t\t\tmargin-top: 10px;\n\t\t\t\t\ttext-align: center;\n\t\t\t\t\twidth: 25%;\n\t\t\t\t}\n\t\t\t\t#gallery-1 img {\n\t\t\t\t\tborder: 2px solid #cfcfcf;\n\t\t\t\t}\n\t\t\t\t#gallery-1 .gallery-caption {\n\t\t\t\t\tmargin-left: 0;\n\t\t\t\t}\n\t\t\t\t\/* see gallery_shortcode() in wp-includes\/media.php *\/\n\t\t\t<\/style>\n\t\t<div id='gallery-1' class='dt-gallery-container gallery galleryid-415827 gallery-columns-4 gallery-size-thumbnail'><dl class='gallery-item'>\n\t\t\t\t<dt class='gallery-icon portrait'>\n\t\t\t\t\t<a class=\"rollover rollover-zoom dt-pswp-item\" title=\"LOC_A3_MOSTRA-RADIO_CMVI\" data-dt-img-description=\"\" data-large_image_width=\"1816\" data-large_image_height=\"2560\"href='https:\/\/www.radiopiu.net\/wordpress\/wp-content\/uploads\/2024\/08\/LOC_A3_MOSTRA-RADIO_CMVI-scaled.jpg'><img loading=\"lazy\" decoding=\"async\" width=\"150\" height=\"150\" src=\"https:\/\/www.radiopiu.net\/wordpress\/wp-content\/uploads\/2024\/08\/LOC_A3_MOSTRA-RADIO_CMVI-150x150.jpg\" class=\"attachment-thumbnail size-thumbnail\" alt=\"\" aria-describedby=\"gallery-1-403450\" \/><\/a>\n\t\t\t\t<\/dt>\n\t\t\t\t\t<dd class='wp-caption-text gallery-caption' id='gallery-1-403450'>\n\t\t\t\t\tLA MOSTRA DELLE RADIO IN VALLE IMPERINA\n\t\t\t\t\t<\/dd><\/dl><dl class='gallery-item'>\n\t\t\t\t<dt class='gallery-icon portrait'>\n\t\t\t\t\t<a class=\"rollover rollover-zoom dt-pswp-item\" title=\"cai agordo\" data-dt-img-description=\"\" data-large_image_width=\"490\" data-large_image_height=\"947\"href='https:\/\/www.radiopiu.net\/wordpress\/wp-content\/uploads\/2024\/09\/cai-agordo.png'><img loading=\"lazy\" decoding=\"async\" width=\"150\" height=\"150\" src=\"https:\/\/www.radiopiu.net\/wordpress\/wp-content\/uploads\/2024\/09\/cai-agordo-150x150.png\" class=\"attachment-thumbnail size-thumbnail\" alt=\"\" aria-describedby=\"gallery-1-411791\" \/><\/a>\n\t\t\t\t<\/dt>\n\t\t\t\t\t<dd class='wp-caption-text gallery-caption' id='gallery-1-411791'>\n\t\t\t\t\tSERE D&#8217;AUTUNNO CON IL CAI DI AGORDO\n\t\t\t\t\t<\/dd><\/dl><dl class='gallery-item'>\n\t\t\t\t<dt class='gallery-icon portrait'>\n\t\t\t\t\t<a class=\"rollover rollover-zoom dt-pswp-item\" title=\"afede08f-130d-46e3-820a-6cddfdaa7d71\" data-dt-img-description=\"\" data-large_image_width=\"1131\" data-large_image_height=\"1600\"href='https:\/\/www.radiopiu.net\/wordpress\/wp-content\/uploads\/2024\/10\/afede08f-130d-46e3-820a-6cddfdaa7d71.jpg'><img loading=\"lazy\" decoding=\"async\" width=\"150\" height=\"150\" src=\"https:\/\/www.radiopiu.net\/wordpress\/wp-content\/uploads\/2024\/10\/afede08f-130d-46e3-820a-6cddfdaa7d71-150x150.jpg\" class=\"attachment-thumbnail size-thumbnail\" alt=\"\" aria-describedby=\"gallery-1-413137\" \/><\/a>\n\t\t\t\t<\/dt>\n\t\t\t\t\t<dd class='wp-caption-text gallery-caption' id='gallery-1-413137'>\n\t\t\t\t\tA CENCENIGHE \n\t\t\t\t\t<\/dd><\/dl><dl class='gallery-item'>\n\t\t\t\t<dt class='gallery-icon portrait'>\n\t\t\t\t\t<a class=\"rollover rollover-zoom dt-pswp-item\" title=\"967a322c-9996-42d7-af75-662ca7d89e84\" data-dt-img-description=\"\" data-large_image_width=\"1080\" data-large_image_height=\"1519\"href='https:\/\/www.radiopiu.net\/wordpress\/wp-content\/uploads\/2024\/10\/967a322c-9996-42d7-af75-662ca7d89e84-1.jpg'><img loading=\"lazy\" decoding=\"async\" width=\"150\" height=\"150\" src=\"https:\/\/www.radiopiu.net\/wordpress\/wp-content\/uploads\/2024\/10\/967a322c-9996-42d7-af75-662ca7d89e84-1-150x150.jpg\" class=\"attachment-thumbnail size-thumbnail\" alt=\"\" aria-describedby=\"gallery-1-413698\" \/><\/a>\n\t\t\t\t<\/dt>\n\t\t\t\t\t<dd class='wp-caption-text gallery-caption' id='gallery-1-413698'>\n\t\t\t\t\tDOMANI\n\t\t\t\t\t<\/dd><\/dl><br style=\"clear: both\" \/><dl class='gallery-item'>\n\t\t\t\t<dt class='gallery-icon portrait'>\n\t\t\t\t\t<a class=\"rollover rollover-zoom dt-pswp-item\" title=\"f947fdbb-45ad-4c5d-b426-66dfc10ada16\" data-dt-img-description=\"\" data-large_image_width=\"1142\" data-large_image_height=\"1600\"href='https:\/\/www.radiopiu.net\/wordpress\/wp-content\/uploads\/2024\/10\/f947fdbb-45ad-4c5d-b426-66dfc10ada16.jpg'><img loading=\"lazy\" decoding=\"async\" width=\"150\" height=\"150\" src=\"https:\/\/www.radiopiu.net\/wordpress\/wp-content\/uploads\/2024\/10\/f947fdbb-45ad-4c5d-b426-66dfc10ada16-150x150.jpg\" class=\"attachment-thumbnail size-thumbnail\" alt=\"\" aria-describedby=\"gallery-1-413896\" \/><\/a>\n\t\t\t\t<\/dt>\n\t\t\t\t\t<dd class='wp-caption-text gallery-caption' id='gallery-1-413896'>\n\t\t\t\t\tIL 26 OTTOBRE ALLA PALESTRA B-FIT\n\t\t\t\t\t<\/dd><\/dl><dl class='gallery-item'>\n\t\t\t\t<dt class='gallery-icon portrait'>\n\t\t\t\t\t<a class=\"rollover rollover-zoom dt-pswp-item\" title=\"b783bbcc-c66e-4db7-96b5-e845a2664a84\" data-dt-img-description=\"\" data-large_image_width=\"509\" data-large_image_height=\"720\"href='https:\/\/www.radiopiu.net\/wordpress\/wp-content\/uploads\/2024\/10\/b783bbcc-c66e-4db7-96b5-e845a2664a84.jpg'><img loading=\"lazy\" decoding=\"async\" width=\"150\" height=\"150\" src=\"https:\/\/www.radiopiu.net\/wordpress\/wp-content\/uploads\/2024\/10\/b783bbcc-c66e-4db7-96b5-e845a2664a84-150x150.jpg\" class=\"attachment-thumbnail size-thumbnail\" alt=\"\" aria-describedby=\"gallery-1-414272\" \/><\/a>\n\t\t\t\t<\/dt>\n\t\t\t\t\t<dd class='wp-caption-text gallery-caption' id='gallery-1-414272'>\n\t\t\t\t\tIL 31 OTTOBRE\n\t\t\t\t\t<\/dd><\/dl><dl class='gallery-item'>\n\t\t\t\t<dt class='gallery-icon portrait'>\n\t\t\t\t\t<a class=\"rollover rollover-zoom dt-pswp-item\" title=\"Cometa\" data-dt-img-description=\"\" data-large_image_width=\"768\" data-large_image_height=\"1086\"href='https:\/\/www.radiopiu.net\/wordpress\/wp-content\/uploads\/2024\/10\/Cometa.jpg'><img loading=\"lazy\" decoding=\"async\" width=\"150\" height=\"150\" src=\"https:\/\/www.radiopiu.net\/wordpress\/wp-content\/uploads\/2024\/10\/Cometa-150x150.jpg\" class=\"attachment-thumbnail size-thumbnail\" alt=\"\" aria-describedby=\"gallery-1-415379\" \/><\/a>\n\t\t\t\t<\/dt>\n\t\t\t\t\t<dd class='wp-caption-text gallery-caption' id='gallery-1-415379'>\n\t\t\t\t\tAL CENTRO ASTRONOMICO DI ARSON\n\t\t\t\t\t<\/dd><\/dl><dl class='gallery-item'>\n\t\t\t\t<dt class='gallery-icon portrait'>\n\t\t\t\t\t<a class=\"rollover rollover-zoom dt-pswp-item\" title=\"Locandina\" data-dt-img-description=\"\" data-large_image_width=\"943\" data-large_image_height=\"1330\"href='https:\/\/www.radiopiu.net\/wordpress\/wp-content\/uploads\/2024\/10\/Locandina.png'><img loading=\"lazy\" decoding=\"async\" width=\"150\" height=\"150\" src=\"https:\/\/www.radiopiu.net\/wordpress\/wp-content\/uploads\/2024\/10\/Locandina-150x150.png\" class=\"attachment-thumbnail size-thumbnail\" alt=\"\" aria-describedby=\"gallery-1-415380\" \/><\/a>\n\t\t\t\t<\/dt>\n\t\t\t\t\t<dd class='wp-caption-text gallery-caption' id='gallery-1-415380'>\n\t\t\t\t\tCON L&#8217;ASSOCIAZIONE CUCCHINI\n\t\t\t\t\t<\/dd><\/dl><br style=\"clear: both\" \/>\n\t\t\t<\/div>\n\n<p>&nbsp;<\/p>\n<\/div>\n<\/div>\n<\/div>\n<p>&nbsp;<\/p>\n<hr \/>\n<p>&nbsp;<\/p>\n<p class=\"mceTemp\"><a class=\"dt-pswp-item\" href=\"https:\/\/www.radiopiu.net\/wordpress\/wp-content\/uploads\/2018\/09\/WhatsApp-Image-2018-09-20-at-16.04.06.jpeg\" data-dt-img-description=\"\" data-large_image_width=\"800\" data-large_image_height=\"100\"><img loading=\"lazy\" decoding=\"async\" class=\"wp-image-61378 size-full aligncenter\" src=\"https:\/\/www.radiopiu.net\/wordpress\/wp-content\/uploads\/2018\/09\/WhatsApp-Image-2018-09-20-at-16.04.06.jpeg\" alt=\"\" width=\"800\" height=\"100\" srcset=\"https:\/\/www.radiopiu.net\/wordpress\/wp-content\/uploads\/2018\/09\/WhatsApp-Image-2018-09-20-at-16.04.06.jpeg 800w, https:\/\/www.radiopiu.net\/wordpress\/wp-content\/uploads\/2018\/09\/WhatsApp-Image-2018-09-20-at-16.04.06-300x38.jpeg 300w, https:\/\/www.radiopiu.net\/wordpress\/wp-content\/uploads\/2018\/09\/WhatsApp-Image-2018-09-20-at-16.04.06-768x96.jpeg 768w\" sizes=\"auto, (max-width: 800px) 100vw, 800px\" \/><\/a><\/p>\n<p><center><\/center><center><\/center>&nbsp;<\/p>\n<p><center><b>OGGI<\/b><\/center>Al mattino molto nuvoloso o coperto, nel pomeriggio qualche irregolare schiarita possibile su Prealpi veronesi e verso sera anche altrove.<br \/>\n<b>Precipitazioni: <\/b>In giornata possibili a tratti e discontinue piogge deboli o molto deboli, pi\u00f9 probabili su Prealpi.<br \/>\nTemperature in leggera ulteriore diminuzione in quota, senza notevoli variazioni nelle valli.<\/p>\n<hr \/>\n<p><center><b>DOMANI<\/b><\/center>Tempo per lo pi\u00f9 nuvoloso con qualche irregolare schiarita specie durante le ore centrali e su Dolomiti.<br \/>\n<b>Precipitazioni: <\/b>Non escluse debolissime e brevi piogge sparse durante la giornata<br \/>\nTemperature stazionarie.<\/p>\n<hr \/>\n<p><center><b>SABATO<\/b><\/center>Evoluzione incerta: per lo pi\u00f9 nuvoloso con qualche irregolare schiarita pi\u00f9 probabile su Dolomiti. Possibili precipitazioni sparse anche con rovesci pi\u00f9 probabili su Prealpi rispetto a Dolomiti. Temperature massime in lieve aumento.<\/p>\n<hr \/>\n<p><center><b>DOMENICA<\/b><\/center>Evoluzione incerta: Parzialmente nuvoloso con irregolari schiarite un p\u00f2 pi\u00f9 probabili. Possibili nubi basse o nebbie nei fondovalle fino al primo mattino, localmente persistenti. Temperature massime in ulteriore aumento, minime in calo nelle valli.<\/p>\n<p>&nbsp;<\/p>\n<hr \/>\n<p>&nbsp;<\/p>\n<p>&nbsp;<\/p>\n<p class=\"mceTemp\"><a class=\"dt-pswp-item\" href=\"https:\/\/www.radiopiu.net\/wordpress\/wp-content\/uploads\/2018\/09\/sport.jpg\" data-dt-img-description=\"\" data-large_image_width=\"800\" data-large_image_height=\"100\"><img loading=\"lazy\" decoding=\"async\" class=\"aligncenter wp-image-60761 size-full\" src=\"https:\/\/www.radiopiu.net\/wordpress\/wp-content\/uploads\/2018\/09\/sport.jpg\" alt=\"\" width=\"800\" height=\"100\" srcset=\"https:\/\/www.radiopiu.net\/wordpress\/wp-content\/uploads\/2018\/09\/sport.jpg 800w, https:\/\/www.radiopiu.net\/wordpress\/wp-content\/uploads\/2018\/09\/sport-300x38.jpg 300w, https:\/\/www.radiopiu.net\/wordpress\/wp-content\/uploads\/2018\/09\/sport-768x96.jpg 768w\" sizes=\"auto, (max-width: 800px) 100vw, 800px\" \/><\/a><span style=\"color: #0000ff;\"><strong>\u00a0 \u00a0 \u00a0 \u00a0<\/strong><\/span><\/p>\n<p><span style=\"color: #0000ff;\"><strong>HOCKEY SU GHIACCIO<\/strong><\/span><\/p>\n<blockquote>\n<h3>ALLEGHE A FELTRE PER IL DERBY BELLUNESE IHL<\/h3>\n<\/blockquote>\n<p><strong><a class=\"dt-pswp-item\" href=\"https:\/\/www.radiopiu.net\/wordpress\/wp-content\/uploads\/2024\/10\/30b381cc-7b2c-4f30-85c0-f3c0d43b7187.jpg\" data-dt-img-description=\"\" data-large_image_width=\"940\" data-large_image_height=\"522\"><img loading=\"lazy\" decoding=\"async\" class=\" wp-image-415933 alignleft\" src=\"https:\/\/www.radiopiu.net\/wordpress\/wp-content\/uploads\/2024\/10\/30b381cc-7b2c-4f30-85c0-f3c0d43b7187-300x167.jpg\" alt=\"\" width=\"195\" height=\"109\" srcset=\"https:\/\/www.radiopiu.net\/wordpress\/wp-content\/uploads\/2024\/10\/30b381cc-7b2c-4f30-85c0-f3c0d43b7187-300x167.jpg 300w, https:\/\/www.radiopiu.net\/wordpress\/wp-content\/uploads\/2024\/10\/30b381cc-7b2c-4f30-85c0-f3c0d43b7187-768x426.jpg 768w, https:\/\/www.radiopiu.net\/wordpress\/wp-content\/uploads\/2024\/10\/30b381cc-7b2c-4f30-85c0-f3c0d43b7187.jpg 940w\" sizes=\"auto, (max-width: 195px) 100vw, 195px\" \/><\/a>DI ROBERTO MIANA, PORTAVOCE DELL&#8217;ALLEGHE HOCKEY<\/strong><\/p>\n<p>Nona giornata del campionato IHL di hockey su ghiaccio, gioved\u00ec 24 ottobre alle 20:30 l\u2019Alleghe gioca a Feltre. Nella trasferta lombarda contro il Como le Civette hanno ottenuto un successo per 2-1, soffrendo nel finale di gara. Nel primo tempo i Biancorossi indirizzano l\u2019incontro portandosi sul doppio vantaggio grazie alle marcature di Francesco Soppelsa e Aleksandrov. Secondo periodo senza reti, con i portieri che fanno la differenza. Nell\u2019ultimo drittel l\u2019Alleghe non riesce a chiudere la partita e un Como intraprendente e volitivo accorcia le distanze a pochi minuti dal termine, sfiorando nel finale un pareggio che sarebbe stato una beffa. Dopo sei gare giocate (due in meno degli avversari), ottavo posto in classifica con 9 punti per gli Alleghesi, che hanno in Francesco Soppelsa il top scorer con 5 reti e 3 assist. Il Feltre \u00e8 reduce dalla buona gara disputata sul ghiaccio di Varese (tripletta di un brillante Foltin), dove ha per\u00f2 raccolto solo un punto, sconfitto 3-4 all\u2019over time. I Feltrini sono la grande sorpresa del campionato. Secondi in classifica con 19 punti in 8 gare e con il finlandese Korkiakoski (10+13), il ceco Kadlec (9+12) e lo slovacco Foltin (8+11) ai primi posti della classifica generale dei migliori realizzatori di gol e assist del torneo. Nei 14 precedenti giocati in IHL tra Alleghe e Feltre, le Civette sono imbattute nei confronti dei cugini della Valbelluna. Nell\u2019ultimo incrocio tra le due squadre in terra Feltrina, il 26 ottobre della passata stagione, gli Agordini si sono imposti 5-1.<\/p>\n<p><strong>HC FELTRE &#8211; ALLEGHE HOCKEY <\/strong>Gioved\u00ec 24 Ottobre ore 20:30 &#8211; Palaghiaccio Drio le Rive di Feltre (BL). Arbitri: Luca Cassol e Federico Rivis con giudici di linea Marco Brondi e Fabio Zen. Collegamenti in DIRETTA RADIOFONICA su Radio Pi\u00f9 (www.radiopiu.net) con \u201chockey al punto giusto\u201d, in studio Marco Gaz e da Feltre interventi di Federico Paganin<\/p>\n<p>&nbsp;<\/p>\n<p><span style=\"color: #3366ff;\"><strong>MOTORI<\/strong><\/span><\/p>\n<blockquote>\n<h3>ANDREA FONTANA ALLA CACCIA DEL TITOLO GT CUP A MONZA<\/h3>\n<\/blockquote>\n<p><a class=\"dt-pswp-item\" href=\"https:\/\/www.radiopiu.net\/wordpress\/wp-content\/uploads\/2024\/10\/Andrea-scaled.jpeg\" data-dt-img-description=\"\" data-large_image_width=\"2560\" data-large_image_height=\"1706\"><img loading=\"lazy\" decoding=\"async\" class=\" wp-image-415958 alignleft\" src=\"https:\/\/www.radiopiu.net\/wordpress\/wp-content\/uploads\/2024\/10\/Andrea-300x200.jpeg\" alt=\"\" width=\"170\" height=\"113\" srcset=\"https:\/\/www.radiopiu.net\/wordpress\/wp-content\/uploads\/2024\/10\/Andrea-300x200.jpeg 300w, https:\/\/www.radiopiu.net\/wordpress\/wp-content\/uploads\/2024\/10\/Andrea-1024x683.jpeg 1024w, https:\/\/www.radiopiu.net\/wordpress\/wp-content\/uploads\/2024\/10\/Andrea-768x512.jpeg 768w, https:\/\/www.radiopiu.net\/wordpress\/wp-content\/uploads\/2024\/10\/Andrea-1536x1024.jpeg 1536w, https:\/\/www.radiopiu.net\/wordpress\/wp-content\/uploads\/2024\/10\/Andrea-2048x1365.jpeg 2048w\" sizes=\"auto, (max-width: 170px) 100vw, 170px\" \/><\/a>L&#8217;Autodromo di Monza ospiter\u00e0 l&#8217;ultima tappa del Campionato Italiano Gran Turismo Endurance 2024 dal 25 al 27 ottobre, con Andrea Fontana e il team DL Racing in testa alla classifica GT Cup Pro-AM Divisione 1. Fontana, pilota bellunese, garegger\u00e0 su una Lamborghini Huracan ST Evo2 insieme a Luca Seg\u00f9 e Alessio Caiola, dopo il podio ottenuto al Mugello. Monza, soprannominato &#8220;Tempio della Velocit\u00e0&#8221;, presenta sfide anche per i piloti pi\u00f9 esperti, con staccate impegnative e un&#8217;alta velocit\u00e0. Le qualifiche si terranno sabato, mentre la gara finale di tre ore sar\u00e0 domenica, trasmessa in diretta su ACI Sport TV e Rai Sport.<\/p>\n<p>&nbsp;<\/p>\n<p>&nbsp;<\/p>\n<p>&nbsp;<\/p>\n<blockquote>\n<h2>X MOTOR TEAM CON IL TRIDENTE NEL MAGICO MUGELLO<\/h2>\n<\/blockquote>\n<p><strong><a class=\"dt-pswp-item\" href=\"https:\/\/www.radiopiu.net\/wordpress\/wp-content\/uploads\/2024\/10\/73949dd7-4eec-4b06-bf19-c054e6a0e2c8.jpg\" data-dt-img-description=\"\" data-large_image_width=\"1024\" data-large_image_height=\"683\"><img loading=\"lazy\" decoding=\"async\" class=\"size-medium wp-image-416027 alignleft\" src=\"https:\/\/www.radiopiu.net\/wordpress\/wp-content\/uploads\/2024\/10\/73949dd7-4eec-4b06-bf19-c054e6a0e2c8-300x200.jpg\" alt=\"\" width=\"300\" height=\"200\" srcset=\"https:\/\/www.radiopiu.net\/wordpress\/wp-content\/uploads\/2024\/10\/73949dd7-4eec-4b06-bf19-c054e6a0e2c8-300x200.jpg 300w, https:\/\/www.radiopiu.net\/wordpress\/wp-content\/uploads\/2024\/10\/73949dd7-4eec-4b06-bf19-c054e6a0e2c8-768x512.jpg 768w, https:\/\/www.radiopiu.net\/wordpress\/wp-content\/uploads\/2024\/10\/73949dd7-4eec-4b06-bf19-c054e6a0e2c8.jpg 1024w\" sizes=\"auto, (max-width: 300px) 100vw, 300px\" \/><\/a>MASER<\/strong><\/p>\n<p>DI ROBERTO BONA<\/p>\n<p>&nbsp;<\/p>\n<audio class=\"wp-audio-shortcode\" id=\"audio-415827-26\" preload=\"none\" style=\"width: 100%;\" controls=\"controls\"><source type=\"audio\/wav\" src=\"https:\/\/www.radiopiu.net\/wordpress\/wp-content\/uploads\/2024\/10\/DenisAlMugello.wav?_=26\" \/><a href=\"https:\/\/www.radiopiu.net\/wordpress\/wp-content\/uploads\/2024\/10\/DenisAlMugello.wav\">https:\/\/www.radiopiu.net\/wordpress\/wp-content\/uploads\/2024\/10\/DenisAlMugello.wav<\/a><\/audio>\n<p>&nbsp;<\/p>\n<p>&nbsp;<\/p>\n<blockquote>\n<h3 class=\"_title post-title entry-title\"><a class=\"dt-pswp-item\" href=\"https:\/\/www.radiopiu.net\/wordpress\/wp-content\/uploads\/2023\/12\/ANTENNA.png\" data-dt-img-description=\"\" data-large_image_width=\"300\" data-large_image_height=\"166\"><img loading=\"lazy\" decoding=\"async\" class=\"wp-image-366306 alignleft\" src=\"https:\/\/www.radiopiu.net\/wordpress\/wp-content\/uploads\/2023\/12\/ANTENNA.png\" alt=\"\" width=\"137\" height=\"76\" \/><\/a>ALPAGO | TROFEO ALPAGO DI AUTO STORICHE, VINCE LA PASSIONE<\/h3>\n<\/blockquote>\n<p>(Servizio di\u00a0<a href=\"https:\/\/antennatre.medianordest.it\/redazione\/Tiziana-Bolognani\/\">Tiziana Bolognani<\/a>)<\/p>\n<p><iframe loading=\"lazy\" title=\"TROFEO ALPAGO DI AUTO STORICHE, VINCE LA PASSIONE | 23\/10\/2024\" width=\"1200\" height=\"675\" src=\"https:\/\/www.youtube.com\/embed\/BemHKrFOK_U?feature=oembed\" frameborder=\"0\" allow=\"accelerometer; autoplay; clipboard-write; encrypted-media; gyroscope; picture-in-picture; web-share\" referrerpolicy=\"strict-origin-when-cross-origin\" allowfullscreen><\/iframe><\/p>\n<p>&nbsp;<\/p>\n<p>&nbsp;<\/p>\n<p>&nbsp;<\/p>\n<p>&nbsp;<\/p>\n<blockquote>\n<h2>LUNEDI SI PARTE CON STEFANO, PAOLO&#8230; E RADIOPIU&#8217;<\/h2>\n<\/blockquote>\n<p><strong>PUNTATA 01 &#8211; 23.102024<\/strong><\/p>\n<blockquote>\n<div dir=\"auto\"><em><img loading=\"lazy\" decoding=\"async\" class=\"alignleft\" src=\"https:\/\/www.radiopiu.net\/wordpress\/wp-content\/uploads\/2024\/10\/464195916_2590886651109886_5168287714425311572_n.jpg\" width=\"160\" height=\"200\" \/>&#8220;Dal Pelmo all&#8217;Etna attraversando l&#8217;Italia da Nord a Sud in sella al mio cavallo d&#8217;acciaio Bixxis e con il mio compagno d&#8217;avventura Paolo&#8221;. <\/em><\/div>\n<\/blockquote>\n<div dir=\"auto\">Cos\u00ec Stefano Bortolot anticipa l&#8217;appuntamento importante,\u00a0 Non manca anche questa volta la raccolta fondi per le due Associazioni del cuore, Comitato Pollicino e Retina Veneto Onlus. La prima tappa, lunedi, fino\u00a0 ai Colli Euganei, da Zopp\u00e9 di Cadore.<\/div>\n<blockquote>\n<div dir=\"auto\"><strong><em>Un viaggio per la Sicilia, che Radio Pi\u00f9 seguir\u00e0 quotidianamente<\/em><\/strong><\/div>\n<\/blockquote>\n<p>Arrivati ai 60 per festeggiare cosa fai?<br \/>\nMa un bel viaggio in bici, ovviamente!<\/p>\n<p><a class=\"dt-pswp-item\" href=\"https:\/\/www.radiopiu.net\/wordpress\/wp-content\/uploads\/2024\/10\/462836927_18338602870126818_4603728748635729562_n.jpg\" data-dt-img-description=\"\" data-large_image_width=\"1440\" data-large_image_height=\"1800\"><img loading=\"lazy\" decoding=\"async\" class=\" wp-image-415965 alignright\" src=\"https:\/\/www.radiopiu.net\/wordpress\/wp-content\/uploads\/2024\/10\/462836927_18338602870126818_4603728748635729562_n-240x300.jpg\" alt=\"\" width=\"188\" height=\"235\" srcset=\"https:\/\/www.radiopiu.net\/wordpress\/wp-content\/uploads\/2024\/10\/462836927_18338602870126818_4603728748635729562_n-240x300.jpg 240w, https:\/\/www.radiopiu.net\/wordpress\/wp-content\/uploads\/2024\/10\/462836927_18338602870126818_4603728748635729562_n-819x1024.jpg 819w, https:\/\/www.radiopiu.net\/wordpress\/wp-content\/uploads\/2024\/10\/462836927_18338602870126818_4603728748635729562_n-768x960.jpg 768w, https:\/\/www.radiopiu.net\/wordpress\/wp-content\/uploads\/2024\/10\/462836927_18338602870126818_4603728748635729562_n-1229x1536.jpg 1229w, https:\/\/www.radiopiu.net\/wordpress\/wp-content\/uploads\/2024\/10\/462836927_18338602870126818_4603728748635729562_n.jpg 1440w\" sizes=\"auto, (max-width: 188px) 100vw, 188px\" \/><\/a>\u201cDal Caregon del Padreterno alla fornace del fabbro degli Dei\u201d Partire sulle Dolomiti, ai piedi di sua Maestosit\u00e0 il Pelmo, attraversare il Bel Paese per arrivare sul Vulcano piu alto d\u2019Europa, sar\u00e0 la nostra prossima avventura. Pedalando da nord a sud, in sella alle nostre biciclette incontrando per strada vecchi e nuovi amici. Partenza prevista, lunedi 28 ottobre, con passaggio di rito a Belluno nella sede di Casa Pollicino e a Camposanpiero da Retina Veneto. 12 sono le tappe previste, si passa per Padova, Bologna, San Gimignano, Siena, il lago di Bolsena, Zagarolo, Frosinone, Cassino, Benevento, Matera, poi la costa Ionica, Cosenza, Gioia Tauro, Reggio Calabria, il passaggio sullo stretto e l\u2019ultima tappa, da Messina al Rifugio Sapienza sull\u2019Etna Se vuoi un mondo migliore, scatenalo! Questo \u00e9 diventato il nostro motto, e lo scopo del viaggio \u00e9 di promuovere una raccolta fondi per le due associazioni del cuore, Comitato Pollicino e Retina Veneto, e la collaborazione render\u00e0 piu leggere le nostre fatiche e nobiliter\u00e0 il nostro viaggio. Due righe sulle Associazioni coinvolte: L\u2019Associazione Comitato Pollicino nasce il 13 settembre 2002 per aiutare i bambini in gravi difficolt\u00e0 della citt\u00e0 di Petrosani, in Romania, citt\u00e0 gemellata con il comune di Ponte nelle Alpi, ove risiedono delle famiglie di origine bellunese.<br \/>\nIl centro diurno accoglie bambini e ragazzi con problematiche diverse, disabilit\u00e0 gravi e medio gravi, intellettive e fisiche, disagi sociali, abbandoni scolastici, abbandoni familiari. In questi anni pi\u00f9 di 600 bambini e ragazzi sono stati accolti in struttura. Retina Veneto Onlus \u00e8 l\u2019Associazione Regionale per la lotta alle distrofie retiniche ereditarie e ha come scopo principale la promozione e lo sviluppo della ricerca scientifica per l\u2019individuazione delle cause, della cura e della prevenzione della retinite pigmentosa, delle degenerazioni maculari, delle distrofie retiniche ereditarie e di altre patologie che determinano ipovisione e cecit\u00e0.<\/p>\n<div dir=\"auto\"><\/div>\n<div dir=\"auto\"><\/div>\n<div dir=\"auto\">\n<hr \/>\n<\/div>\n<div dir=\"auto\"><\/div>\n<div dir=\"auto\"><\/div>\n","protected":false},"excerpt":{"rendered":"<p>******* &nbsp; LA CURIOSITA&#8217; E L&#8217;UTILITA&#8217; DELLA CHAT TELEGRAM &#8220;VBP&#8221; E&#8230; RADIOPIU &#8220;Quando le vacche smarrite fanno traffico: Damiano ringrazia&#8221; Redazione La chat Telegram &#8220;Viabilit\u00e0 Provincia di Belluno&#8221; con RADIOPIU si \u00e8 rivelata nuovamente uno strumento fondamentale per il territorio, ma questa volta non solo per le consuete segnalazioni di traffico, cantieri o incidenti. Protagoniste&hellip;<\/p>\n","protected":false},"author":4,"featured_media":416078,"comment_status":"closed","ping_status":"closed","sticky":false,"template":"","format":"standard","meta":{"_monsterinsights_skip_tracking":false,"_monsterinsights_sitenote_active":false,"_monsterinsights_sitenote_note":"","_monsterinsights_sitenote_category":0,"footnotes":""},"categories":[51,86,49],"tags":[],"class_list":["post-415827","post","type-post","status-publish","format-standard","has-post-thumbnail","hentry","category-evidenza-top","category-gr","category-news-18","category-51","category-86","category-49","description-off"],"img_url":"https:\/\/www.radiopiu.net\/wordpress\/wp-content\/uploads\/2024\/10\/Senza-nome-108.png","_links":{"self":[{"href":"https:\/\/www.radiopiu.net\/wordpress\/wp-json\/wp\/v2\/posts\/415827","targetHints":{"allow":["GET"]}}],"collection":[{"href":"https:\/\/www.radiopiu.net\/wordpress\/wp-json\/wp\/v2\/posts"}],"about":[{"href":"https:\/\/www.radiopiu.net\/wordpress\/wp-json\/wp\/v2\/types\/post"}],"author":[{"embeddable":true,"href":"https:\/\/www.radiopiu.net\/wordpress\/wp-json\/wp\/v2\/users\/4"}],"replies":[{"embeddable":true,"href":"https:\/\/www.radiopiu.net\/wordpress\/wp-json\/wp\/v2\/comments?post=415827"}],"version-history":[{"count":32,"href":"https:\/\/www.radiopiu.net\/wordpress\/wp-json\/wp\/v2\/posts\/415827\/revisions"}],"predecessor-version":[{"id":416069,"href":"https:\/\/www.radiopiu.net\/wordpress\/wp-json\/wp\/v2\/posts\/415827\/revisions\/416069"}],"wp:featuredmedia":[{"embeddable":true,"href":"https:\/\/www.radiopiu.net\/wordpress\/wp-json\/wp\/v2\/media\/416078"}],"wp:attachment":[{"href":"https:\/\/www.radiopiu.net\/wordpress\/wp-json\/wp\/v2\/media?parent=415827"}],"wp:term":[{"taxonomy":"category","embeddable":true,"href":"https:\/\/www.radiopiu.net\/wordpress\/wp-json\/wp\/v2\/categories?post=415827"},{"taxonomy":"post_tag","embeddable":true,"href":"https:\/\/www.radiopiu.net\/wordpress\/wp-json\/wp\/v2\/tags?post=415827"}],"curies":[{"name":"wp","href":"https:\/\/api.w.org\/{rel}","templated":true}]}}