{"id":415843,"date":"2024-10-22T17:12:13","date_gmt":"2024-10-22T15:12:13","guid":{"rendered":"https:\/\/www.radiopiu.net\/wordpress\/?p=415843"},"modified":"2024-10-22T17:12:13","modified_gmt":"2024-10-22T15:12:13","slug":"cestaro-e-puppato-lega-lv-zaia-lo-ha-dichiarato-senza-indecisioni-stamane-al-convegno-a-venezia-sullautonomia-avanti-tutta-per-noi-bellunesi-solo-vantaggi","status":"publish","type":"post","link":"https:\/\/www.radiopiu.net\/wordpress\/cestaro-e-puppato-lega-lv-zaia-lo-ha-dichiarato-senza-indecisioni-stamane-al-convegno-a-venezia-sullautonomia-avanti-tutta-per-noi-bellunesi-solo-vantaggi\/","title":{"rendered":"Cestaro e Puppato (Lega-LV): \u201cZaia lo ha dichiarato senza indecisioni stamane al convegno a Venezia: sull\u2019Autonomia avanti tutta. Per noi bellunesi solo vantaggi\u201d"},"content":{"rendered":"<p>***<\/p>\n<p>&nbsp;<\/p>\n<p><strong>VENEZIA<\/strong><\/p>\n<p><a class=\"dt-pswp-item\" href=\"https:\/\/www.radiopiu.net\/wordpress\/wp-content\/uploads\/2022\/08\/Puppato.jpg\" data-dt-img-description=\"\" data-large_image_width=\"1088\" data-large_image_height=\"1088\"><img loading=\"lazy\" decoding=\"async\" class=\"wp-image-290707 alignleft\" src=\"https:\/\/www.radiopiu.net\/wordpress\/wp-content\/uploads\/2022\/08\/Puppato-300x300.jpg\" alt=\"\" width=\"140\" height=\"140\" srcset=\"https:\/\/www.radiopiu.net\/wordpress\/wp-content\/uploads\/2022\/08\/Puppato-300x300.jpg 300w, https:\/\/www.radiopiu.net\/wordpress\/wp-content\/uploads\/2022\/08\/Puppato-1024x1024.jpg 1024w, https:\/\/www.radiopiu.net\/wordpress\/wp-content\/uploads\/2022\/08\/Puppato-150x150.jpg 150w, https:\/\/www.radiopiu.net\/wordpress\/wp-content\/uploads\/2022\/08\/Puppato-768x768.jpg 768w, https:\/\/www.radiopiu.net\/wordpress\/wp-content\/uploads\/2022\/08\/Puppato.jpg 1088w\" sizes=\"auto, (max-width: 140px) 100vw, 140px\" \/><\/a>\u201cPer noi bellunesi l\u2019Autonomia \u00e8 un nodo fondamentale. Il bellunese \u00e8 schiacciato tra due territori a statuto speciale, il Trentino-Alto Adige e il Friuli-Venezia Giulia. Senza dimenticare che confiniamo con l\u2019Austria. L\u2019autonomia regionale dar\u00e0 sicuramente pi\u00f9 spazio e risposte celeri ai cittadini bellunesi. L\u2019Autonomia diventa cos\u00ec in una legge fondamentale per far ripartire non solo il Paese, ma anche il nostro territorio\u201d. Cos\u00ec i consiglieri regionali di Lega &#8211; LV Silvia Cestaro e Giovanni Puppato in occasione della <a class=\"dt-pswp-item\" href=\"https:\/\/www.radiopiu.net\/wordpress\/wp-content\/uploads\/2023\/12\/file-3-e1702916500620.jpg\" data-dt-img-description=\"\" data-large_image_width=\"640\" data-large_image_height=\"640\"><img loading=\"lazy\" decoding=\"async\" class=\" wp-image-366675 alignright\" src=\"https:\/\/www.radiopiu.net\/wordpress\/wp-content\/uploads\/2023\/12\/file-3-e1702916500620-300x300.jpg\" alt=\"\" width=\"183\" height=\"183\" srcset=\"https:\/\/www.radiopiu.net\/wordpress\/wp-content\/uploads\/2023\/12\/file-3-e1702916500620-300x300.jpg 300w, https:\/\/www.radiopiu.net\/wordpress\/wp-content\/uploads\/2023\/12\/file-3-e1702916500620-150x150.jpg 150w, https:\/\/www.radiopiu.net\/wordpress\/wp-content\/uploads\/2023\/12\/file-3-e1702916500620.jpg 640w\" sizes=\"auto, (max-width: 183px) 100vw, 183px\" \/><\/a>Giornata sull\u2019Autonomia che si \u00e8 celebrata oggi a Venezia.<\/p>\n<p>\u201cEd \u00e8 bene ricordare &#8211; aggiungono i consiglieri &#8211; che anche la Provincia di Belluno si era espressa con pari referendum per rafforzare la volont\u00e0 di specificit\u00e0 e l\u2019autonomia del territorio bellunese. Con le materie non Lep e quelle Lep ci potr\u00e0 essere maggiore coerenza nella gestione della spesa pubblica. Nessuno ha mai detto, come ha sottolineato anche il nostro Presidente Luca Zaia, che il Nord lascer\u00e0 indietro il Sud. Anzi, \u00e8 esattamente il contrario, ovvero il Sud sar\u00e0 stimolato nell\u2019adeguarsi su quanto fa il Nord per mantenere anche in Europa gli stessi livelli di servizi e di standard che da anni chiede Bruxelles. Inoltre, auspichiamo che dopo la Legge Calderoli abbia seguito il ripristino delle Province distrutte dalla legge Delrio\u201d.<\/p>\n<p>&nbsp;<\/p>\n<p>&nbsp;<\/p>\n<p>&nbsp;<\/p>\n<hr \/>\n<p>&nbsp;<\/p>\n","protected":false},"excerpt":{"rendered":"<p>*** &nbsp; VENEZIA \u201cPer noi bellunesi l\u2019Autonomia \u00e8 un nodo fondamentale. Il bellunese \u00e8 schiacciato tra due territori a statuto speciale, il Trentino-Alto Adige e il Friuli-Venezia Giulia. Senza dimenticare che confiniamo con l\u2019Austria. L\u2019autonomia regionale dar\u00e0 sicuramente pi\u00f9 spazio e risposte celeri ai cittadini bellunesi. L\u2019Autonomia diventa cos\u00ec in una legge fondamentale per far&hellip;<\/p>\n","protected":false},"author":4,"featured_media":78485,"comment_status":"closed","ping_status":"closed","sticky":false,"template":"","format":"standard","meta":{"_monsterinsights_skip_tracking":false,"_monsterinsights_sitenote_active":false,"_monsterinsights_sitenote_note":"","_monsterinsights_sitenote_category":0,"footnotes":""},"categories":[49],"tags":[],"class_list":["post-415843","post","type-post","status-publish","format-standard","has-post-thumbnail","hentry","category-news-18","category-49","description-off"],"img_url":"https:\/\/www.radiopiu.net\/wordpress\/wp-content\/uploads\/2019\/03\/rederendum-autonomia-22-ottobre-2017.jpg","_links":{"self":[{"href":"https:\/\/www.radiopiu.net\/wordpress\/wp-json\/wp\/v2\/posts\/415843","targetHints":{"allow":["GET"]}}],"collection":[{"href":"https:\/\/www.radiopiu.net\/wordpress\/wp-json\/wp\/v2\/posts"}],"about":[{"href":"https:\/\/www.radiopiu.net\/wordpress\/wp-json\/wp\/v2\/types\/post"}],"author":[{"embeddable":true,"href":"https:\/\/www.radiopiu.net\/wordpress\/wp-json\/wp\/v2\/users\/4"}],"replies":[{"embeddable":true,"href":"https:\/\/www.radiopiu.net\/wordpress\/wp-json\/wp\/v2\/comments?post=415843"}],"version-history":[{"count":1,"href":"https:\/\/www.radiopiu.net\/wordpress\/wp-json\/wp\/v2\/posts\/415843\/revisions"}],"predecessor-version":[{"id":415844,"href":"https:\/\/www.radiopiu.net\/wordpress\/wp-json\/wp\/v2\/posts\/415843\/revisions\/415844"}],"wp:featuredmedia":[{"embeddable":true,"href":"https:\/\/www.radiopiu.net\/wordpress\/wp-json\/wp\/v2\/media\/78485"}],"wp:attachment":[{"href":"https:\/\/www.radiopiu.net\/wordpress\/wp-json\/wp\/v2\/media?parent=415843"}],"wp:term":[{"taxonomy":"category","embeddable":true,"href":"https:\/\/www.radiopiu.net\/wordpress\/wp-json\/wp\/v2\/categories?post=415843"},{"taxonomy":"post_tag","embeddable":true,"href":"https:\/\/www.radiopiu.net\/wordpress\/wp-json\/wp\/v2\/tags?post=415843"}],"curies":[{"name":"wp","href":"https:\/\/api.w.org\/{rel}","templated":true}]}}