{"id":415902,"date":"2024-10-23T05:55:48","date_gmt":"2024-10-23T03:55:48","guid":{"rendered":"https:\/\/www.radiopiu.net\/wordpress\/?p=415902"},"modified":"2024-10-23T06:12:07","modified_gmt":"2024-10-23T04:12:07","slug":"addio-a-tiziano-franzoia-sportivo-e-amante-della-montagna","status":"publish","type":"post","link":"https:\/\/www.radiopiu.net\/wordpress\/addio-a-tiziano-franzoia-sportivo-e-amante-della-montagna\/","title":{"rendered":"Addio a Tiziano Franzoia, sportivo e amante della montagna"},"content":{"rendered":"<p>**<\/p>\n<blockquote>\n<h3><\/h3>\n<\/blockquote>\n<p><a class=\"dt-pswp-item\" href=\"https:\/\/www.radiopiu.net\/wordpress\/wp-content\/uploads\/2024\/10\/Senza-nome-103.png\" data-dt-img-description=\"\" data-large_image_width=\"358\" data-large_image_height=\"228\"><img loading=\"lazy\" decoding=\"async\" class=\" wp-image-415901 alignleft\" src=\"https:\/\/www.radiopiu.net\/wordpress\/wp-content\/uploads\/2024\/10\/Senza-nome-103-300x191.png\" alt=\"\" width=\"236\" height=\"150\" srcset=\"https:\/\/www.radiopiu.net\/wordpress\/wp-content\/uploads\/2024\/10\/Senza-nome-103-300x191.png 300w, https:\/\/www.radiopiu.net\/wordpress\/wp-content\/uploads\/2024\/10\/Senza-nome-103.png 358w\" sizes=\"auto, (max-width: 236px) 100vw, 236px\" \/><\/a><strong>FELTRE<\/strong> La comunit\u00e0 feltrina piange Tiziano Franzoia, 52 anni, scomparso all\u2019hospice Le Vette di Feltre. Socio storico del Cai di Feltre e appassionato di montagna, Franzoia era anche un podista affermato, partecipando a maratone prestigiose come la Venice e la Treviso Marathon. Lavorava alla 2M Decori e dedicava il suo tempo libero alla montagna e all&#8217;attivit\u00e0 sportiva, distinguendosi anche nel ciclismo. Nonostante la malattia, affrontata con coraggio, continu\u00f2 a vivere attivamente fino alla fine. Il funerale si terr\u00e0 domani ad Alano di Piave, e i familiari invitano a sostenere l\u2019hospice di Feltre in suo ricordo.<\/p>\n<p>&nbsp;<\/p>\n<p>&nbsp;<\/p>\n<hr \/>\n<p>&nbsp;<\/p>\n","protected":false},"excerpt":{"rendered":"<p>** FELTRE La comunit\u00e0 feltrina piange Tiziano Franzoia, 52 anni, scomparso all\u2019hospice Le Vette di Feltre. Socio storico del Cai di Feltre e appassionato di montagna, Franzoia era anche un podista affermato, partecipando a maratone prestigiose come la Venice e la Treviso Marathon. Lavorava alla 2M Decori e dedicava il suo tempo libero alla montagna&hellip;<\/p>\n","protected":false},"author":4,"featured_media":415901,"comment_status":"closed","ping_status":"closed","sticky":false,"template":"","format":"standard","meta":{"_monsterinsights_skip_tracking":false,"_monsterinsights_sitenote_active":false,"_monsterinsights_sitenote_note":"","_monsterinsights_sitenote_category":0,"footnotes":""},"categories":[51,49],"tags":[],"class_list":["post-415902","post","type-post","status-publish","format-standard","has-post-thumbnail","hentry","category-evidenza-top","category-news-18","category-51","category-49","description-off"],"img_url":"https:\/\/www.radiopiu.net\/wordpress\/wp-content\/uploads\/2024\/10\/Senza-nome-103.png","_links":{"self":[{"href":"https:\/\/www.radiopiu.net\/wordpress\/wp-json\/wp\/v2\/posts\/415902","targetHints":{"allow":["GET"]}}],"collection":[{"href":"https:\/\/www.radiopiu.net\/wordpress\/wp-json\/wp\/v2\/posts"}],"about":[{"href":"https:\/\/www.radiopiu.net\/wordpress\/wp-json\/wp\/v2\/types\/post"}],"author":[{"embeddable":true,"href":"https:\/\/www.radiopiu.net\/wordpress\/wp-json\/wp\/v2\/users\/4"}],"replies":[{"embeddable":true,"href":"https:\/\/www.radiopiu.net\/wordpress\/wp-json\/wp\/v2\/comments?post=415902"}],"version-history":[{"count":1,"href":"https:\/\/www.radiopiu.net\/wordpress\/wp-json\/wp\/v2\/posts\/415902\/revisions"}],"predecessor-version":[{"id":415903,"href":"https:\/\/www.radiopiu.net\/wordpress\/wp-json\/wp\/v2\/posts\/415902\/revisions\/415903"}],"wp:featuredmedia":[{"embeddable":true,"href":"https:\/\/www.radiopiu.net\/wordpress\/wp-json\/wp\/v2\/media\/415901"}],"wp:attachment":[{"href":"https:\/\/www.radiopiu.net\/wordpress\/wp-json\/wp\/v2\/media?parent=415902"}],"wp:term":[{"taxonomy":"category","embeddable":true,"href":"https:\/\/www.radiopiu.net\/wordpress\/wp-json\/wp\/v2\/categories?post=415902"},{"taxonomy":"post_tag","embeddable":true,"href":"https:\/\/www.radiopiu.net\/wordpress\/wp-json\/wp\/v2\/tags?post=415902"}],"curies":[{"name":"wp","href":"https:\/\/api.w.org\/{rel}","templated":true}]}}