{"id":415930,"date":"2024-10-24T05:55:26","date_gmt":"2024-10-24T03:55:26","guid":{"rendered":"https:\/\/www.radiopiu.net\/wordpress\/?p=415930"},"modified":"2024-10-24T07:00:50","modified_gmt":"2024-10-24T05:00:50","slug":"scuola-sicura-veneto-al-follador-de-rossi-di-agordo","status":"publish","type":"post","link":"https:\/\/www.radiopiu.net\/wordpress\/scuola-sicura-veneto-al-follador-de-rossi-di-agordo\/","title":{"rendered":"SCUOLA SICURA VENETO AL FOLLADOR DE ROSSI DI AGORDO"},"content":{"rendered":"<p>*******<\/p>\n<p>&nbsp;<\/p>\n<p><strong>AGORDO<\/strong> L&#8217;edizione 2024 del progetto &#8220;Scuola Sicura Veneto&#8221;, dedicato alla sicurezza nelle scuole, far\u00e0 tappa ad Agordo oggi all&#8217;ISS &#8220;Follador&#8221;. Verr\u00e0 simulato un terremoto, con la partecipazione dell&#8217;Assessore regionale alla Protezione Civile, Gianpaolo Bottacin. Le autorit\u00e0 interverranno alle 11.30 e il programma seguir\u00e0 il format consueto con alcune novit\u00e0.<\/p>\n<p><strong>VIDEO 1<\/strong><\/p>\n<p>al microfono: Il vigile del fuoco in pensione Franco Magrin. Il sindaco di Alleghe Danilo De Toni. Protezione Civile Alleghe il coordinatore Gianluca Gaiardi. Il professor Lorenzo Dal Pont Coordinatore per le Emergenze ISS Follador-De Rossi. I consiglieri comunali Samuel Da Campo e Stefano Paganin. La dirigente del Follador Antonella Paceri.<\/p>\n<p><iframe loading=\"lazy\" title=\"SCUOLA SICURA VENETO AL FOLLADOR DE ROSSI DI AGORDO ok\" width=\"1200\" height=\"675\" src=\"https:\/\/www.youtube.com\/embed\/b5h7Pg8RXTs?start=352&#038;feature=oembed\" frameborder=\"0\" allow=\"accelerometer; autoplay; clipboard-write; encrypted-media; gyroscope; picture-in-picture; web-share\" referrerpolicy=\"strict-origin-when-cross-origin\" allowfullscreen><\/iframe><\/p>\n<p>&nbsp;<\/p>\n<p><strong>VIDEO 2<\/strong><br \/>\nProtezione Civile del Veneto. La dirigente del Follador Antonella Paceri. Il consigliere comunale Stefano Paganin. L&#8217;assessore regionale alla protezione civile Gianpaolo Bottacin. Vigili del fuoco di Belluno Fabio Jerman.<\/p>\n<p><iframe loading=\"lazy\" title=\"SCUOLA SICURA VENETO AL FOLLADOR DE ROSSI DI AGORDO\" width=\"1200\" height=\"900\" src=\"https:\/\/www.youtube.com\/embed\/oLGZ5bMNvI0?feature=oembed\" frameborder=\"0\" allow=\"accelerometer; autoplay; clipboard-write; encrypted-media; gyroscope; picture-in-picture; web-share\" referrerpolicy=\"strict-origin-when-cross-origin\" allowfullscreen><\/iframe><\/p>\n<p>*********<\/p>\n","protected":false},"excerpt":{"rendered":"<p>******* &nbsp; AGORDO L&#8217;edizione 2024 del progetto &#8220;Scuola Sicura Veneto&#8221;, dedicato alla sicurezza nelle scuole, far\u00e0 tappa ad Agordo oggi all&#8217;ISS &#8220;Follador&#8221;. Verr\u00e0 simulato un terremoto, con la partecipazione dell&#8217;Assessore regionale alla Protezione Civile, Gianpaolo Bottacin. Le autorit\u00e0 interverranno alle 11.30 e il programma seguir\u00e0 il format consueto con alcune novit\u00e0. VIDEO 1 al microfono:&hellip;<\/p>\n","protected":false},"author":4,"featured_media":267095,"comment_status":"closed","ping_status":"closed","sticky":false,"template":"","format":"standard","meta":{"_monsterinsights_skip_tracking":false,"_monsterinsights_sitenote_active":false,"_monsterinsights_sitenote_note":"","_monsterinsights_sitenote_category":0,"footnotes":""},"categories":[51,49],"tags":[],"class_list":["post-415930","post","type-post","status-publish","format-standard","has-post-thumbnail","hentry","category-evidenza-top","category-news-18","category-51","category-49","description-off"],"img_url":"https:\/\/www.radiopiu.net\/wordpress\/wp-content\/uploads\/2022\/03\/FOLLADOR-AGORDO-1.jpg","_links":{"self":[{"href":"https:\/\/www.radiopiu.net\/wordpress\/wp-json\/wp\/v2\/posts\/415930","targetHints":{"allow":["GET"]}}],"collection":[{"href":"https:\/\/www.radiopiu.net\/wordpress\/wp-json\/wp\/v2\/posts"}],"about":[{"href":"https:\/\/www.radiopiu.net\/wordpress\/wp-json\/wp\/v2\/types\/post"}],"author":[{"embeddable":true,"href":"https:\/\/www.radiopiu.net\/wordpress\/wp-json\/wp\/v2\/users\/4"}],"replies":[{"embeddable":true,"href":"https:\/\/www.radiopiu.net\/wordpress\/wp-json\/wp\/v2\/comments?post=415930"}],"version-history":[{"count":8,"href":"https:\/\/www.radiopiu.net\/wordpress\/wp-json\/wp\/v2\/posts\/415930\/revisions"}],"predecessor-version":[{"id":415998,"href":"https:\/\/www.radiopiu.net\/wordpress\/wp-json\/wp\/v2\/posts\/415930\/revisions\/415998"}],"wp:featuredmedia":[{"embeddable":true,"href":"https:\/\/www.radiopiu.net\/wordpress\/wp-json\/wp\/v2\/media\/267095"}],"wp:attachment":[{"href":"https:\/\/www.radiopiu.net\/wordpress\/wp-json\/wp\/v2\/media?parent=415930"}],"wp:term":[{"taxonomy":"category","embeddable":true,"href":"https:\/\/www.radiopiu.net\/wordpress\/wp-json\/wp\/v2\/categories?post=415930"},{"taxonomy":"post_tag","embeddable":true,"href":"https:\/\/www.radiopiu.net\/wordpress\/wp-json\/wp\/v2\/tags?post=415930"}],"curies":[{"name":"wp","href":"https:\/\/api.w.org\/{rel}","templated":true}]}}