{"id":415941,"date":"2024-10-23T10:15:01","date_gmt":"2024-10-23T08:15:01","guid":{"rendered":"https:\/\/www.radiopiu.net\/wordpress\/?p=415941"},"modified":"2024-10-23T10:15:01","modified_gmt":"2024-10-23T08:15:01","slug":"un-concerto-di-fraternita-a-frassene","status":"publish","type":"post","link":"https:\/\/www.radiopiu.net\/wordpress\/un-concerto-di-fraternita-a-frassene\/","title":{"rendered":"Un concerto di fraternit\u00e0 a Frassen\u00e8"},"content":{"rendered":"<p>***<\/p>\n<p><strong>VOLTAGO\u00a0<\/strong><\/p>\n<p><img loading=\"lazy\" decoding=\"async\" class=\"alignleft\" src=\"https:\/\/www.radiopiu.net\/wordpress\/wp-content\/uploads\/2024\/10\/20241023_095700-scaled.jpg\" width=\"219\" height=\"154\" \/>Sabato 9 novembre, la chiesa parrocchiale di Frassen\u00e8 ospiter\u00e0 un concerto speciale, organizzato come giornata di fraternit\u00e0 per i destinatari dell&#8217;attivit\u00e0 musicale, i loro familiari e amici. L&#8217;iniziativa, promossa dall&#8217;Associazione Volontari Inserimento Disabili, ha raccolto un grande entusiasmo, tanto da dover spostare l&#8217;evento dalla chiesa di Voltago a quella pi\u00f9 capiente di Frassen\u00e8. <em>&#8220;Questo appuntamento &#8211; spiega Don Fabiano Del Favero &#8211;\u00a0 non solo rappresenta un momento musicale, ma \u00e8 un&#8217;occasione per far conoscere una realt\u00e0 di inclusione e promozione umana, mostrando l&#8217;attenzione delle comunit\u00e0 cristiane verso il bene e le sue <\/em><em>diverse espressioni. Un segno tangibile di unit\u00e0 e solidariet\u00e0 in un mondo che ne ha sempre pi\u00f9 bisogno&#8221;.<\/em><\/p>\n<p>&nbsp;<\/p>\n<p>&nbsp;<\/p>\n<p>&nbsp;<\/p>\n<p>&nbsp;<\/p>\n<hr \/>\n<p>&nbsp;<\/p>\n","protected":false},"excerpt":{"rendered":"<p>*** VOLTAGO\u00a0 Sabato 9 novembre, la chiesa parrocchiale di Frassen\u00e8 ospiter\u00e0 un concerto speciale, organizzato come giornata di fraternit\u00e0 per i destinatari dell&#8217;attivit\u00e0 musicale, i loro familiari e amici. L&#8217;iniziativa, promossa dall&#8217;Associazione Volontari Inserimento Disabili, ha raccolto un grande entusiasmo, tanto da dover spostare l&#8217;evento dalla chiesa di Voltago a quella pi\u00f9 capiente di Frassen\u00e8.&hellip;<\/p>\n","protected":false},"author":4,"featured_media":415940,"comment_status":"closed","ping_status":"closed","sticky":false,"template":"","format":"standard","meta":{"_monsterinsights_skip_tracking":false,"_monsterinsights_sitenote_active":false,"_monsterinsights_sitenote_note":"","_monsterinsights_sitenote_category":0,"footnotes":""},"categories":[49],"tags":[],"class_list":["post-415941","post","type-post","status-publish","format-standard","has-post-thumbnail","hentry","category-news-18","category-49","description-off"],"img_url":"https:\/\/www.radiopiu.net\/wordpress\/wp-content\/uploads\/2024\/10\/20241023_095700-scaled.jpg","_links":{"self":[{"href":"https:\/\/www.radiopiu.net\/wordpress\/wp-json\/wp\/v2\/posts\/415941","targetHints":{"allow":["GET"]}}],"collection":[{"href":"https:\/\/www.radiopiu.net\/wordpress\/wp-json\/wp\/v2\/posts"}],"about":[{"href":"https:\/\/www.radiopiu.net\/wordpress\/wp-json\/wp\/v2\/types\/post"}],"author":[{"embeddable":true,"href":"https:\/\/www.radiopiu.net\/wordpress\/wp-json\/wp\/v2\/users\/4"}],"replies":[{"embeddable":true,"href":"https:\/\/www.radiopiu.net\/wordpress\/wp-json\/wp\/v2\/comments?post=415941"}],"version-history":[{"count":1,"href":"https:\/\/www.radiopiu.net\/wordpress\/wp-json\/wp\/v2\/posts\/415941\/revisions"}],"predecessor-version":[{"id":415942,"href":"https:\/\/www.radiopiu.net\/wordpress\/wp-json\/wp\/v2\/posts\/415941\/revisions\/415942"}],"wp:featuredmedia":[{"embeddable":true,"href":"https:\/\/www.radiopiu.net\/wordpress\/wp-json\/wp\/v2\/media\/415940"}],"wp:attachment":[{"href":"https:\/\/www.radiopiu.net\/wordpress\/wp-json\/wp\/v2\/media?parent=415941"}],"wp:term":[{"taxonomy":"category","embeddable":true,"href":"https:\/\/www.radiopiu.net\/wordpress\/wp-json\/wp\/v2\/categories?post=415941"},{"taxonomy":"post_tag","embeddable":true,"href":"https:\/\/www.radiopiu.net\/wordpress\/wp-json\/wp\/v2\/tags?post=415941"}],"curies":[{"name":"wp","href":"https:\/\/api.w.org\/{rel}","templated":true}]}}