{"id":416000,"date":"2024-10-23T15:13:30","date_gmt":"2024-10-23T13:13:30","guid":{"rendered":"https:\/\/www.radiopiu.net\/wordpress\/?p=416000"},"modified":"2024-10-24T07:02:43","modified_gmt":"2024-10-24T05:02:43","slug":"viabilita-a-servizio-della-frazione-di-sava-a-frassene","status":"publish","type":"post","link":"https:\/\/www.radiopiu.net\/wordpress\/viabilita-a-servizio-della-frazione-di-sava-a-frassene\/","title":{"rendered":"VIABILIT\u00c0 A SERVIZIO DELLA FRAZIONE DI SAV\u00c0 A FRASSEN\u00c8"},"content":{"rendered":"<p>***<\/p>\n<p>&nbsp;<\/p>\n<blockquote>\n<h3><\/h3>\n<\/blockquote>\n<p><strong>VOLTAGO<\/strong><\/p>\n<p><a class=\"dt-pswp-item\" href=\"https:\/\/www.radiopiu.net\/wordpress\/wp-content\/uploads\/2024\/04\/FRASSENE.png\" data-dt-img-description=\"\" data-large_image_width=\"671\" data-large_image_height=\"404\"><img loading=\"lazy\" decoding=\"async\" class=\"size-medium wp-image-386344 alignleft\" src=\"https:\/\/www.radiopiu.net\/wordpress\/wp-content\/uploads\/2024\/04\/FRASSENE-300x181.png\" alt=\"\" width=\"300\" height=\"181\" srcset=\"https:\/\/www.radiopiu.net\/wordpress\/wp-content\/uploads\/2024\/04\/FRASSENE-300x181.png 300w, https:\/\/www.radiopiu.net\/wordpress\/wp-content\/uploads\/2024\/04\/FRASSENE.png 671w\" sizes=\"auto, (max-width: 300px) 100vw, 300px\" \/><\/a>Il Consiglio Comunale di Voltago, convocato per mercoled\u00ec alle 18 dal sindaco Giuseppe Schena, discuter\u00e0 temi cruciali per la viabilit\u00e0 della frazione di Sav\u00e0 a Frassen\u00e8. Tra i punti all&#8217;ordine del giorno, l&#8217;accordo di programma con la Provincia di Belluno per l&#8217;adeguamento geometrico di via Sav\u00e0 e della sua intersezione con la regionale 347 del Duran e Cereda. Questo progetto mira a migliorare la sicurezza e la funzionalit\u00e0 di un\u2019importante arteria di collegamento.<\/p>\n<p>Il Consiglio dovr\u00e0 approvare la variante allo strumento urbanistico necessario per avviare i lavori. Si aggiunge all&#8217;ordine del giorno anche l&#8217;approvazione della variante per la strada comunale e silvo-pastorale &#8220;della Gioia&#8221;, che prevede interventi per il rifacimento della viabilit\u00e0 e la gestione delle acque superficiali, migliorando la sicurezza del percorso.<\/p>\n<p>Infine, si discuter\u00e0 l&#8217;integrazione delle norme del PRG e una variazione d&#8217;urgenza al bilancio di previsione, con l&#8217;utilizzo dell&#8217;avanzo vincolato per finanziare questi importanti lavori<\/p>\n<p>&nbsp;<\/p>\n<p>&nbsp;<\/p>\n<hr \/>\n<p>&nbsp;<\/p>\n","protected":false},"excerpt":{"rendered":"<p>*** &nbsp; VOLTAGO Il Consiglio Comunale di Voltago, convocato per mercoled\u00ec alle 18 dal sindaco Giuseppe Schena, discuter\u00e0 temi cruciali per la viabilit\u00e0 della frazione di Sav\u00e0 a Frassen\u00e8. Tra i punti all&#8217;ordine del giorno, l&#8217;accordo di programma con la Provincia di Belluno per l&#8217;adeguamento geometrico di via Sav\u00e0 e della sua intersezione con la&hellip;<\/p>\n","protected":false},"author":4,"featured_media":386344,"comment_status":"closed","ping_status":"closed","sticky":false,"template":"","format":"standard","meta":{"_monsterinsights_skip_tracking":false,"_monsterinsights_sitenote_active":false,"_monsterinsights_sitenote_note":"","_monsterinsights_sitenote_category":0,"footnotes":""},"categories":[51,49],"tags":[],"class_list":["post-416000","post","type-post","status-publish","format-standard","has-post-thumbnail","hentry","category-evidenza-top","category-news-18","category-51","category-49","description-off"],"img_url":"https:\/\/www.radiopiu.net\/wordpress\/wp-content\/uploads\/2024\/04\/FRASSENE.png","_links":{"self":[{"href":"https:\/\/www.radiopiu.net\/wordpress\/wp-json\/wp\/v2\/posts\/416000","targetHints":{"allow":["GET"]}}],"collection":[{"href":"https:\/\/www.radiopiu.net\/wordpress\/wp-json\/wp\/v2\/posts"}],"about":[{"href":"https:\/\/www.radiopiu.net\/wordpress\/wp-json\/wp\/v2\/types\/post"}],"author":[{"embeddable":true,"href":"https:\/\/www.radiopiu.net\/wordpress\/wp-json\/wp\/v2\/users\/4"}],"replies":[{"embeddable":true,"href":"https:\/\/www.radiopiu.net\/wordpress\/wp-json\/wp\/v2\/comments?post=416000"}],"version-history":[{"count":1,"href":"https:\/\/www.radiopiu.net\/wordpress\/wp-json\/wp\/v2\/posts\/416000\/revisions"}],"predecessor-version":[{"id":416001,"href":"https:\/\/www.radiopiu.net\/wordpress\/wp-json\/wp\/v2\/posts\/416000\/revisions\/416001"}],"wp:featuredmedia":[{"embeddable":true,"href":"https:\/\/www.radiopiu.net\/wordpress\/wp-json\/wp\/v2\/media\/386344"}],"wp:attachment":[{"href":"https:\/\/www.radiopiu.net\/wordpress\/wp-json\/wp\/v2\/media?parent=416000"}],"wp:term":[{"taxonomy":"category","embeddable":true,"href":"https:\/\/www.radiopiu.net\/wordpress\/wp-json\/wp\/v2\/categories?post=416000"},{"taxonomy":"post_tag","embeddable":true,"href":"https:\/\/www.radiopiu.net\/wordpress\/wp-json\/wp\/v2\/tags?post=416000"}],"curies":[{"name":"wp","href":"https:\/\/api.w.org\/{rel}","templated":true}]}}