{"id":416163,"date":"2024-10-24T15:23:49","date_gmt":"2024-10-24T13:23:49","guid":{"rendered":"https:\/\/www.radiopiu.net\/wordpress\/?p=416163"},"modified":"2024-10-25T05:56:43","modified_gmt":"2024-10-25T03:56:43","slug":"riapre-la-biblioteca-civica-di-belluno-un-nuovo-cuore-culturale-per-la-comunita","status":"publish","type":"post","link":"https:\/\/www.radiopiu.net\/wordpress\/riapre-la-biblioteca-civica-di-belluno-un-nuovo-cuore-culturale-per-la-comunita\/","title":{"rendered":"Riapre la Biblioteca Civica di Belluno: Un Nuovo Cuore Culturale per la Comunit\u00e0"},"content":{"rendered":"<p>***<\/p>\n<p>&nbsp;<\/p>\n<blockquote><p><strong><a class=\"dt-pswp-item\" href=\"https:\/\/www.radiopiu.net\/wordpress\/wp-content\/uploads\/2024\/10\/image00001-scaled.jpeg\" data-dt-img-description=\"\" data-large_image_width=\"2560\" data-large_image_height=\"1920\"><img loading=\"lazy\" decoding=\"async\" class=\" wp-image-416157 alignleft\" src=\"https:\/\/www.radiopiu.net\/wordpress\/wp-content\/uploads\/2024\/10\/image00001-300x225.jpeg\" alt=\"\" width=\"197\" height=\"148\" srcset=\"https:\/\/www.radiopiu.net\/wordpress\/wp-content\/uploads\/2024\/10\/image00001-300x225.jpeg 300w, https:\/\/www.radiopiu.net\/wordpress\/wp-content\/uploads\/2024\/10\/image00001-1024x768.jpeg 1024w, https:\/\/www.radiopiu.net\/wordpress\/wp-content\/uploads\/2024\/10\/image00001-768x576.jpeg 768w, https:\/\/www.radiopiu.net\/wordpress\/wp-content\/uploads\/2024\/10\/image00001-1536x1152.jpeg 1536w, https:\/\/www.radiopiu.net\/wordpress\/wp-content\/uploads\/2024\/10\/image00001-2048x1536.jpeg 2048w\" sizes=\"auto, (max-width: 197px) 100vw, 197px\" \/><\/a><\/strong><\/p><\/blockquote>\n<p><strong>BELLUNO<\/strong> Dopo un lungo restauro, la Biblioteca Civica di Belluno torna nelle storiche sale di Palazzo Crepadona con spazi rinnovati e moderni. Durante la cerimonia inaugurale, il sindaco Oscar De Pellegrin ha sottolineato l&#8217;importanza del ritorno come simbolo di crescita e futuro per la comunit\u00e0, in particolare per i giovani. Il restauro si inserisce in un pi\u00f9 ampio progetto di riqualificazione urbana, con l&#8217;obiettivo di rendere Belluno una citt\u00e0 alpina moderna e attrattiva. La biblioteca \u00e8 pensata come un centro di aggregazione culturale, pronta a diventare un punto di riferimento per le nuove generazioni e tutta la cittadinanza.<\/p>\n<p>&nbsp;<\/p>\n<p>&nbsp;<\/p>\n<p>&nbsp;<\/p>\n<hr \/>\n<p>&nbsp;<\/p>\n","protected":false},"excerpt":{"rendered":"<p>*** &nbsp; BELLUNO Dopo un lungo restauro, la Biblioteca Civica di Belluno torna nelle storiche sale di Palazzo Crepadona con spazi rinnovati e moderni. Durante la cerimonia inaugurale, il sindaco Oscar De Pellegrin ha sottolineato l&#8217;importanza del ritorno come simbolo di crescita e futuro per la comunit\u00e0, in particolare per i giovani. Il restauro si&hellip;<\/p>\n","protected":false},"author":4,"featured_media":416156,"comment_status":"closed","ping_status":"closed","sticky":false,"template":"","format":"standard","meta":{"_monsterinsights_skip_tracking":false,"_monsterinsights_sitenote_active":false,"_monsterinsights_sitenote_note":"","_monsterinsights_sitenote_category":0,"footnotes":""},"categories":[51,49],"tags":[],"class_list":["post-416163","post","type-post","status-publish","format-standard","has-post-thumbnail","hentry","category-evidenza-top","category-news-18","category-51","category-49","description-off"],"img_url":"https:\/\/www.radiopiu.net\/wordpress\/wp-content\/uploads\/2024\/10\/image00003-scaled.jpeg","_links":{"self":[{"href":"https:\/\/www.radiopiu.net\/wordpress\/wp-json\/wp\/v2\/posts\/416163","targetHints":{"allow":["GET"]}}],"collection":[{"href":"https:\/\/www.radiopiu.net\/wordpress\/wp-json\/wp\/v2\/posts"}],"about":[{"href":"https:\/\/www.radiopiu.net\/wordpress\/wp-json\/wp\/v2\/types\/post"}],"author":[{"embeddable":true,"href":"https:\/\/www.radiopiu.net\/wordpress\/wp-json\/wp\/v2\/users\/4"}],"replies":[{"embeddable":true,"href":"https:\/\/www.radiopiu.net\/wordpress\/wp-json\/wp\/v2\/comments?post=416163"}],"version-history":[{"count":1,"href":"https:\/\/www.radiopiu.net\/wordpress\/wp-json\/wp\/v2\/posts\/416163\/revisions"}],"predecessor-version":[{"id":416164,"href":"https:\/\/www.radiopiu.net\/wordpress\/wp-json\/wp\/v2\/posts\/416163\/revisions\/416164"}],"wp:featuredmedia":[{"embeddable":true,"href":"https:\/\/www.radiopiu.net\/wordpress\/wp-json\/wp\/v2\/media\/416156"}],"wp:attachment":[{"href":"https:\/\/www.radiopiu.net\/wordpress\/wp-json\/wp\/v2\/media?parent=416163"}],"wp:term":[{"taxonomy":"category","embeddable":true,"href":"https:\/\/www.radiopiu.net\/wordpress\/wp-json\/wp\/v2\/categories?post=416163"},{"taxonomy":"post_tag","embeddable":true,"href":"https:\/\/www.radiopiu.net\/wordpress\/wp-json\/wp\/v2\/tags?post=416163"}],"curies":[{"name":"wp","href":"https:\/\/api.w.org\/{rel}","templated":true}]}}