{"id":416178,"date":"2024-10-25T04:30:48","date_gmt":"2024-10-25T02:30:48","guid":{"rendered":"https:\/\/www.radiopiu.net\/wordpress\/?p=416178"},"modified":"2024-10-25T05:54:58","modified_gmt":"2024-10-25T03:54:58","slug":"se-nevica-il-fedaia-a-rischio-chiusura-intanto-riecco-il-semaforo-a-san-tomaso","status":"publish","type":"post","link":"https:\/\/www.radiopiu.net\/wordpress\/se-nevica-il-fedaia-a-rischio-chiusura-intanto-riecco-il-semaforo-a-san-tomaso\/","title":{"rendered":"SE NEVICA IL FEDAIA A RISCHIO CHIUSURA, INTANTO RIECCO IL SEMAFORO A SAN TOMASO"},"content":{"rendered":"<h1>***<\/h1>\n<h1><\/h1>\n<h1 style=\"text-align: center;\">Ordinanze per la Sicurezza Stradale<\/h1>\n<p>&nbsp;<\/p>\n<h2><img loading=\"lazy\" decoding=\"async\" class=\"alignleft\" src=\"https:\/\/www.radiopiu.net\/wordpress\/wp-content\/uploads\/2018\/04\/passa_fedaia_01marzo.jpg\" width=\"196\" height=\"147\" \/>Interdizione Totale del Traffico sul Passo Fedaia<\/h2>\n<p>Dal 1 novembre 2024 al 30 aprile 2025, la strada provinciale S.P. 641 del \u201cPasso Fedaia\u201d subir\u00e0 un&#8217;interdizione totale del traffico. Il divieto riguarder\u00e0 il tratto compreso tra i chilometri 15+800 (localit\u00e0 Ciamp de Lobbia) e 18+600 (localit\u00e0 Baita Dovich \u2013 Malga Ciapela) nel comune di Rocca Pietore. La sospensione della circolazione avverr\u00e0 nei giorni e nei periodi in cui le condizioni meteonivologiche lo rendano necessario. Veneto Strade S.p.A. provveder\u00e0 a installare adeguata segnaletica di informazione lungo i percorsi di avvicinamento al tratto interdetto.<\/p>\n<h2>Lavori sulla Strada Provinciale 8 di San Tomaso<\/h2>\n<p>A partire dalle ore 7 di luned\u00ec 28 ottobre e fino alle ore 17 di venerd\u00ec 15 novembre, la strada provinciale 8 di \u201cSan Tomaso\u201d, nel comune di San Tomaso Agordino, sar\u00e0 oggetto di lavori. Nel tratto tra il km 5+300 e il km 5+450, in localit\u00e0 Pian Molin, sar\u00e0 istituito un senso unico alternato, regolato da impianto semaforico o movieri. Tuttavia, i lavori non interesseranno i fine settimana e i giorni festivi infrasettimanali, garantendo cos\u00ec un minimo di disagi per gli utenti della strada<\/p>\n<p>&nbsp;<\/p>\n<p>___<\/p>\n","protected":false},"excerpt":{"rendered":"<p>*** Ordinanze per la Sicurezza Stradale &nbsp; Interdizione Totale del Traffico sul Passo Fedaia Dal 1 novembre 2024 al 30 aprile 2025, la strada provinciale S.P. 641 del \u201cPasso Fedaia\u201d subir\u00e0 un&#8217;interdizione totale del traffico. Il divieto riguarder\u00e0 il tratto compreso tra i chilometri 15+800 (localit\u00e0 Ciamp de Lobbia) e 18+600 (localit\u00e0 Baita Dovich \u2013&hellip;<\/p>\n","protected":false},"author":4,"featured_media":47179,"comment_status":"closed","ping_status":"closed","sticky":false,"template":"","format":"standard","meta":{"_monsterinsights_skip_tracking":false,"_monsterinsights_sitenote_active":false,"_monsterinsights_sitenote_note":"","_monsterinsights_sitenote_category":0,"footnotes":""},"categories":[51,49],"tags":[],"class_list":["post-416178","post","type-post","status-publish","format-standard","has-post-thumbnail","hentry","category-evidenza-top","category-news-18","category-51","category-49","description-off"],"img_url":"https:\/\/www.radiopiu.net\/wordpress\/wp-content\/uploads\/2018\/04\/passa_fedaia_01marzo.jpg","_links":{"self":[{"href":"https:\/\/www.radiopiu.net\/wordpress\/wp-json\/wp\/v2\/posts\/416178","targetHints":{"allow":["GET"]}}],"collection":[{"href":"https:\/\/www.radiopiu.net\/wordpress\/wp-json\/wp\/v2\/posts"}],"about":[{"href":"https:\/\/www.radiopiu.net\/wordpress\/wp-json\/wp\/v2\/types\/post"}],"author":[{"embeddable":true,"href":"https:\/\/www.radiopiu.net\/wordpress\/wp-json\/wp\/v2\/users\/4"}],"replies":[{"embeddable":true,"href":"https:\/\/www.radiopiu.net\/wordpress\/wp-json\/wp\/v2\/comments?post=416178"}],"version-history":[{"count":1,"href":"https:\/\/www.radiopiu.net\/wordpress\/wp-json\/wp\/v2\/posts\/416178\/revisions"}],"predecessor-version":[{"id":416179,"href":"https:\/\/www.radiopiu.net\/wordpress\/wp-json\/wp\/v2\/posts\/416178\/revisions\/416179"}],"wp:featuredmedia":[{"embeddable":true,"href":"https:\/\/www.radiopiu.net\/wordpress\/wp-json\/wp\/v2\/media\/47179"}],"wp:attachment":[{"href":"https:\/\/www.radiopiu.net\/wordpress\/wp-json\/wp\/v2\/media?parent=416178"}],"wp:term":[{"taxonomy":"category","embeddable":true,"href":"https:\/\/www.radiopiu.net\/wordpress\/wp-json\/wp\/v2\/categories?post=416178"},{"taxonomy":"post_tag","embeddable":true,"href":"https:\/\/www.radiopiu.net\/wordpress\/wp-json\/wp\/v2\/tags?post=416178"}],"curies":[{"name":"wp","href":"https:\/\/api.w.org\/{rel}","templated":true}]}}