{"id":416283,"date":"2024-10-26T05:33:31","date_gmt":"2024-10-26T03:33:31","guid":{"rendered":"https:\/\/www.radiopiu.net\/wordpress\/?p=416283"},"modified":"2024-10-26T08:31:10","modified_gmt":"2024-10-26T06:31:10","slug":"giornale-radiopiu-26-ottobre-2024-direttore-mirko-mezzacasada-41-anni-25-giugno-1983-25-giugno-2024","status":"publish","type":"post","link":"https:\/\/www.radiopiu.net\/wordpress\/giornale-radiopiu-26-ottobre-2024-direttore-mirko-mezzacasada-41-anni-25-giugno-1983-25-giugno-2024\/","title":{"rendered":"GIORNALE RADIOPIU 26 OTTOBRE 2024 DIRETTORE MIRKO MEZZACASA\u2026DA 41 ANNI 25 GIUGNO 1983-25 GIUGNO 2024"},"content":{"rendered":"<p>*******<\/p>\n<p>&nbsp;<\/p>\n<p><em><span style=\"color: #ff0000;\"><a class=\"dt-pswp-item\" href=\"https:\/\/www.radiopiu.net\/wordpress\/wp-content\/uploads\/2024\/10\/Senza-nome-8.png\" data-dt-img-description=\"\" data-large_image_width=\"343\" data-large_image_height=\"303\"><img loading=\"lazy\" decoding=\"async\" class=\"wp-image-412130 alignleft\" src=\"https:\/\/www.radiopiu.net\/wordpress\/wp-content\/uploads\/2024\/10\/Senza-nome-8-300x265.png\" alt=\"\" width=\"105\" height=\"93\" srcset=\"https:\/\/www.radiopiu.net\/wordpress\/wp-content\/uploads\/2024\/10\/Senza-nome-8-300x265.png 300w, https:\/\/www.radiopiu.net\/wordpress\/wp-content\/uploads\/2024\/10\/Senza-nome-8.png 343w\" sizes=\"auto, (max-width: 105px) 100vw, 105px\" \/><\/a><\/span><\/em><strong><em><span style=\"color: #ff0000;\"> LA\u00a0 APP PER IOS-IPHONE di Nicola Vettorello<\/span><\/em><\/strong><\/p>\n<p><strong><span style=\"color: #0000ff;\"><a style=\"color: #0000ff;\" href=\"https:\/\/apps.apple.com\/it\/app\/radio-pi%C3%B9-emittente-agordina\/id1515939845\">https:\/\/apps.apple.com\/it\/app\/radio-pi%C3%B9-emittente-agordina\/id1515939845<\/a><\/span><\/strong><\/p>\n<p><strong><em style=\"color: #ff0000;\">LA\u00a0 APP RADIO\u00a0 PER ANDROID di Nicola Vettorello<\/em><\/strong><\/p>\n<p><strong><span style=\"color: #0000ff;\"><a style=\"color: #0000ff;\" href=\"https:\/\/play.google.com\/store\/apps\/details?id=net.radiopiu.iniko\" target=\"_blank\" rel=\"noopener noreferrer\">https:\/\/<\/a><a style=\"color: #0000ff;\" href=\"https:\/\/play.google.com\/store\/apps\/details?id=net.radiopiu.iniko\" target=\"_blank\" rel=\"noopener noreferrer\">play.google.com\/store\/apps\/details?id=net.radiopiu.iniko\u00a0\u00a0\u00a0<\/a><\/span><\/strong><\/p>\n<p>&nbsp;<\/p>\n<p>&nbsp;<\/p>\n<hr \/>\n<p>&nbsp;<\/p>\n<p><strong><a class=\"dt-pswp-item\" href=\"https:\/\/www.radiopiu.net\/wordpress\/wp-content\/uploads\/2024\/10\/463839388_952075310287049_7437818738642500509_n.jpg\" data-dt-img-description=\"\" data-large_image_width=\"600\" data-large_image_height=\"503\"><img loading=\"lazy\" decoding=\"async\" class=\" wp-image-416450 alignleft\" src=\"https:\/\/www.radiopiu.net\/wordpress\/wp-content\/uploads\/2024\/10\/463839388_952075310287049_7437818738642500509_n-300x252.jpg\" alt=\"\" width=\"232\" height=\"195\" srcset=\"https:\/\/www.radiopiu.net\/wordpress\/wp-content\/uploads\/2024\/10\/463839388_952075310287049_7437818738642500509_n-300x252.jpg 300w, https:\/\/www.radiopiu.net\/wordpress\/wp-content\/uploads\/2024\/10\/463839388_952075310287049_7437818738642500509_n.jpg 600w\" sizes=\"auto, (max-width: 232px) 100vw, 232px\" \/><\/a>BELLUNO<\/strong>, Oggi dalle 8 alle 17 si terr\u00e0 nel territorio comunale di Belluno una esercitazione di Protezione Civile per rischio idrogeologico con l&#8217; impiego di 100 volontari e la collaborazione delle forze dell&#8217;ordine. E&#8217; solo una esercitazione, nessuna emergenza in atto.<\/p>\n<p>&nbsp;<\/p>\n<p>L\u2019esercitazione, denominata \u201cLoki 2024\u201d, sar\u00e0 svolta in collaborazione con la Prefettura, la Regione Veneto, la Provincia, l\u2019Arma dei Carabinieri, la Questura, la Guardia di Finanza, i Vigili del Fuoco, i volontari del gruppo comunale di protezione civile, l\u2019associazione nazionale Alpini \u2013 nucleo PC, altre organizzazioni di PC provinciali e il personale del Comune di Belluno. Saranno previsti diversi scenari di emergenza dovuti a un evento idrogeologico che, per intensit\u00e0 ed estensione, verr\u00e0 classificato come stato di allerta rosso e richieder\u00e0 l\u2019intervento coordinato di pi\u00f9 attori per superarne gli effetti.<br \/>\n:<\/p>\n<p>&nbsp;<\/p>\n<hr \/>\n<blockquote>\n<h1 dir=\"auto\"><span style=\"color: #008000;\">\u00a0<\/span><\/h1>\n<\/blockquote>\n<p><strong><a class=\"dt-pswp-item\" href=\"https:\/\/www.radiopiu.net\/wordpress\/wp-content\/uploads\/2024\/10\/f947fdbb-45ad-4c5d-b426-66dfc10ada16.jpg\" data-dt-img-description=\"IL 26 OTTOBRE ALLA PALESTRA B-FIT\" data-large_image_width=\"1142\" data-large_image_height=\"1600\"><img loading=\"lazy\" decoding=\"async\" class=\"size-medium wp-image-413896 alignleft\" src=\"https:\/\/www.radiopiu.net\/wordpress\/wp-content\/uploads\/2024\/10\/f947fdbb-45ad-4c5d-b426-66dfc10ada16-214x300.jpg\" alt=\"\" width=\"214\" height=\"300\" srcset=\"https:\/\/www.radiopiu.net\/wordpress\/wp-content\/uploads\/2024\/10\/f947fdbb-45ad-4c5d-b426-66dfc10ada16-214x300.jpg 214w, https:\/\/www.radiopiu.net\/wordpress\/wp-content\/uploads\/2024\/10\/f947fdbb-45ad-4c5d-b426-66dfc10ada16-731x1024.jpg 731w, https:\/\/www.radiopiu.net\/wordpress\/wp-content\/uploads\/2024\/10\/f947fdbb-45ad-4c5d-b426-66dfc10ada16-768x1076.jpg 768w, https:\/\/www.radiopiu.net\/wordpress\/wp-content\/uploads\/2024\/10\/f947fdbb-45ad-4c5d-b426-66dfc10ada16-1096x1536.jpg 1096w, https:\/\/www.radiopiu.net\/wordpress\/wp-content\/uploads\/2024\/10\/f947fdbb-45ad-4c5d-b426-66dfc10ada16.jpg 1142w\" sizes=\"auto, (max-width: 214px) 100vw, 214px\" \/><\/a>OGGI ALLA RADIO&#8230;.<\/strong> <span style=\"color: #ff0000;\">ALLE 4 E ALLE 6<\/span> LE NOTIZIE DALL&#8217;ITALIA E DAL MONDO <span style=\"color: #ff0000;\"> 0500 <span style=\"color: #0000ff;\"><span style=\"color: #000000;\">l&#8217;almanacco della nostra gente con il MUSLA<\/span>\u00a0<\/span><\/span><span style=\"color: #ff0000;\"> 6.15<\/span> PIROLE DE LENGA A CURA DEL MUSLA<span style=\"color: #ff0000;\"> 7.20<\/span> EL BAL DEL FIORI, DETTI E TRADIZIONI DI GIULIANA DA RONCH <span style=\"color: #ff0000;\">8.05<\/span> LA RASSEGNA STAMPA LOCALE<span style=\"color: #ff0000;\"> 8.30 <span style=\"color: #000000;\">PIU&#8217; SIAMO CON MARINA DONA&#8217;<\/span><span style=\"color: #000000;\">\u00a0\u00a0<\/span> 900<span style=\"color: #000000;\"> PREMIER, LE NOVITA&#8217; MUSICALI DI MARCO GAZ<\/span> <\/span><span style=\"color: #ff0000;\"><span style=\"color: #000000;\">\u00a0<\/span><\/span><span style=\"color: #ff0000;\">9.40<\/span> VIABILITA&#8217; CON BOTOL CAR SERVICE (AGORDO-SEDICO-FELTRE) \u00a0\u00a0<span style=\"color: #ff0000;\">10.30 <\/span><span style=\"color: #ff0000;\"><span style=\"color: #000000;\">la rassegna stampa da l&#8217;Aamico del Popolo di Gianni Santomaso, ospite Loris Serafini<\/span><\/span> \u00a0\u00a0<span style=\"color: #ff0000;\">12.00<\/span> VA TUTTO LISCIO\u00a0 <span style=\"color: #ff0000;\">12.30<\/span> GIORNALE RADIO PRINCIPALE\u00a0 <span style=\"color: #ff0000;\">\u00a0<\/span><span style=\"color: #ff0000;\">14.00\u00a0<\/span><span style=\"color: #ff0000;\"><span style=\"color: #000000;\"> elettrochok con DJ JACK<\/span>\u00a015.10<\/span>\u00a0 la classifica ufficiale di Marco Gaz <span style=\"color: #ff0000;\">16<\/span> IL ROCK DI MARCO COSTANTINI \u00a0<span style=\"color: #ff0000;\">1645<\/span> LE HIT DI MIRCO BENCIVENNI <span style=\"color: #ff0000;\">18,10 <span style=\"color: #000000;\">REGGAETON DI ATHOS DJ. DAVID BEN<\/span> 18.30\u00a0<\/span> PIU&#8217; DANCE LE SELEZIONI CHE FANNO SALTARE DI DJ JACK, JACOPO DEL TEDESCO <span style=\"color: #ff0000;\">19.00 <span style=\"color: #000000;\">LE ANTICIPAZIONI DAL TG DI ANTENNA 3 DI TIZIANA BOLOGNANI\u00a0 <span style=\"color: #ff0000;\">\u00a018:30<\/span> \u2013 Acinque Ice Arena di Varese.\u00a0 Collegamenti in DIRETTA RADIOFONICA su Radio Pi\u00f9 (www.radiopiu.net) con \u201chockey al punto giusto\u201d, in studio Marco Gaz e da Varese interventi di Roberto Miana<\/span><\/span><\/p>\n<p>&nbsp;<\/p>\n<p>&nbsp;<\/p>\n<p><strong>LE DIRETTE DI RADIOPIU:<\/strong> OGGI DALLA PALETRA B-FIT DI AGORDO (FOTO) CON MARCO GAZ.<\/p>\n<p><strong>LE DIRETTE DI RADIOPIU\u00a0 <\/strong><strong>\u00a0ALLEGHE HOCKEY\u00a0<\/strong><\/p>\n<p><strong>LE DIRETTE DI RADIOPIU<\/strong>: DOMANI SERA SU TUTTI I CANALI LA MESSA PER I CADUTI DELLA MONTAGNA, CON FRANCESCO TOME&#8217; E MARCO GAZ<\/p>\n<p>&nbsp;<\/p>\n<hr \/>\n<p>&nbsp;<\/p>\n<p><strong>rassegna stampa nazionale,<\/strong> ogni giorno alle 5 e alle 6 del mattino<br \/>\ngiornali locali 7 rassegna stampa flash, 8 rassegna stampa, gr flash alle 10 e alle 11, principale 12.30. Informazione pomeriggio alle 15 (speciale) 16, 17, 18. Giornale radio nazionale: ogni ora dalle 5 del mattino, alle 20 della sera.<\/p>\n<p>&nbsp;<\/p>\n<hr \/>\n<blockquote>\n<h2><\/h2>\n<h2>IL FUOCO E L\u2019ACQUA CHE NON TI ASPETTI<\/h2>\n<h2>di GIULIANA DA RONCH<\/h2>\n<\/blockquote>\n<h2>26 OTTOBRE 2018-26 OTTOBRE 2026&#8230; VAIA 6 ANNI FA<\/h2>\n<h2><\/h2>\n<p><span style=\"color: #ff0000;\">AUDIO<\/span><\/p>\n<audio class=\"wp-audio-shortcode\" id=\"audio-416283-1\" preload=\"none\" style=\"width: 100%;\" controls=\"controls\"><source type=\"audio\/mpeg\" src=\"http:\/\/www.radiopiu.net\/wordpress\/wp-content\/uploads\/2019\/10\/GIULIANA-VINTO-CONCORSO-ACQUA-SEZIONE-ADULTI-TAIBON-24-OTTOBRE.mp3?_=1\" \/><a href=\"http:\/\/www.radiopiu.net\/wordpress\/wp-content\/uploads\/2019\/10\/GIULIANA-VINTO-CONCORSO-ACQUA-SEZIONE-ADULTI-TAIBON-24-OTTOBRE.mp3\">http:\/\/www.radiopiu.net\/wordpress\/wp-content\/uploads\/2019\/10\/GIULIANA-VINTO-CONCORSO-ACQUA-SEZIONE-ADULTI-TAIBON-24-OTTOBRE.mp3<\/a><\/audio>\n<p>&nbsp;<\/p>\n<blockquote><p><strong><a class=\"dt-pswp-item\" href=\"http:\/\/www.radiopiu.net\/wordpress\/wp-content\/uploads\/2019\/10\/46456246_883303168543412_3539537249337081856_n.jpg\" data-dt-img-description=\"\" data-large_image_width=\"714\" data-large_image_height=\"960\"><img loading=\"lazy\" decoding=\"async\" class=\"alignleft size-medium wp-image-103510\" src=\"http:\/\/www.radiopiu.net\/wordpress\/wp-content\/uploads\/2019\/10\/46456246_883303168543412_3539537249337081856_n-223x300.jpg\" alt=\"\" width=\"223\" height=\"300\" srcset=\"https:\/\/www.radiopiu.net\/wordpress\/wp-content\/uploads\/2019\/10\/46456246_883303168543412_3539537249337081856_n-223x300.jpg 223w, https:\/\/www.radiopiu.net\/wordpress\/wp-content\/uploads\/2019\/10\/46456246_883303168543412_3539537249337081856_n.jpg 714w\" sizes=\"auto, (max-width: 223px) 100vw, 223px\" \/><\/a>TAIBON<\/strong> Era marted\u00ec 23 ottobre e me ne stavo seduta sul crinale di una montagna a contemplare la bellezza della mia terra. Armonia ed equilibrio erano ovunque, dentro e fuori di me. Non avrei mai immaginato che nei giorni seguenti le nostre vite fossero travolte da fuoco, acqua e vento, che con violenza hanno completamente stravolto l\u2019ambiente che ci circonda. <strong>Mercoled\u00ec 24 ottobre<\/strong> nel pomeriggio, nei boschi sopra Listolade, si \u00e8 scatenato un incendio che, complice la forza del vento e il secco delle carenti piogge autunnali, si \u00e8 propagato velocemente per molti km, arrivando fin sopra casa mia. Gi\u00e0 dal pomeriggio un forte fumo ci impediva di respirare bene e al fumo si \u00e8 aggiunta una sensazione di insicurezza e ansia. Con lo scendere della notte, \u00e8 scesa in me anche una forte paura, perch\u00e9 con l\u2019avvento del buio ho potuto rendermi conto della dimensione e della vicinanza delle fiamme che si vedevano alte e vicine alle case. Le Pale di San Lucano sembravano un vulcano in eruzione, di quelli che si vedono alla tv in posti lontani da noi. Quella notte \u00e8 stata lunghissima, interminabile passata con la paura, il fumo, che era percettibile anche all\u2019interno delle abitazioni, e la consapevolezza che fra l\u2019avere tutto e l\u2019avere niente il filo e davvero sottile. Poi \u00e8 arrivata anche la tristezza e il magone nel pensare che non stava bruciando solo il versante di una montagna, ma anche una parte della nostra identit\u00e0. Unica consolazione la presenza costante dei Vigli del Fuoco che sono diventati una presenza fissa sul <a class=\"dt-pswp-item\" href=\"http:\/\/www.radiopiu.net\/wordpress\/wp-content\/uploads\/2019\/10\/20181025_090134.jpg\" data-dt-img-description=\"\" data-large_image_width=\"4128\" data-large_image_height=\"3096\"><img loading=\"lazy\" decoding=\"async\" class=\"size-medium wp-image-103511 alignright\" src=\"http:\/\/www.radiopiu.net\/wordpress\/wp-content\/uploads\/2019\/10\/20181025_090134-300x225.jpg\" alt=\"\" width=\"300\" height=\"225\" srcset=\"https:\/\/www.radiopiu.net\/wordpress\/wp-content\/uploads\/2019\/10\/20181025_090134-300x225.jpg 300w, https:\/\/www.radiopiu.net\/wordpress\/wp-content\/uploads\/2019\/10\/20181025_090134-768x576.jpg 768w, https:\/\/www.radiopiu.net\/wordpress\/wp-content\/uploads\/2019\/10\/20181025_090134-1024x768.jpg 1024w\" sizes=\"auto, (max-width: 300px) 100vw, 300px\" \/><\/a>territorio. Al mattino l\u2019arrivo dei canadair e quando ho sentito il primo alle 7.30 del mattino ho pianto, un pianto liberatorio. Ho pensato che finalmente era finita. Il cielo dei giorni seguenti \u00e8 stato trafficato da elicotteri e aerei che spegnevano il fuoco e il loro rumore era una consolazione e una sicurezza. Nei giorni seguenti abbiamo invocato la pioggia che scendesse lenta su di noi, sulla nostra terra spegnendo gli ultimi focolai rimasti, lavando l\u2019aria e rigenerando il nostro paese, i nostri pensieri e i nostri corpi. Di sicuro non ci aspettavamo cos\u00ec tanta acqua. Una pioggia prima leggera, poi sempre pi\u00f9 forte ha ingrossato torrenti, poi i fiumi fino a farli diventare minacciosi e aggressivi. Non dimenticher\u00f2 mai l\u2019odore acre di terra mossa che c\u2019era nell\u2019aria la sera del 29 ottobre. L\u2019urlo dell\u2019acqua si \u00e8 presto unito all\u2019urlo del vento che soffiava fortissimo, come non lo avevamo mai sentito. Dalle finestre si vedeva passare di tutto e le strade comunali sono ben presto diventate torrenti di ghiaia. Dall\u2019interno delle abitazioni abbiamo capito che la situazione era grave, ma la misura di quello che stava succedendo l\u2019avremmo capita solo nei giorni successivi. Poi \u00e8 sparita la luce e con essa i contatti telefonici e internet. Questa mancanza ci ha reso pi\u00f9 vulnerabili e pi\u00f9 insicuri e paura e inquietudine sono aumentate rendendoci ancora pi\u00f9 fragili. <a class=\"dt-pswp-item\" href=\"http:\/\/www.radiopiu.net\/wordpress\/wp-content\/uploads\/2019\/10\/20181102_160030.jpg\" data-dt-img-description=\"\" data-large_image_width=\"4128\" data-large_image_height=\"3096\"><img loading=\"lazy\" decoding=\"async\" class=\"alignleft size-medium wp-image-103512\" src=\"http:\/\/www.radiopiu.net\/wordpress\/wp-content\/uploads\/2019\/10\/20181102_160030-300x225.jpg\" alt=\"\" width=\"300\" height=\"225\" srcset=\"https:\/\/www.radiopiu.net\/wordpress\/wp-content\/uploads\/2019\/10\/20181102_160030-300x225.jpg 300w, https:\/\/www.radiopiu.net\/wordpress\/wp-content\/uploads\/2019\/10\/20181102_160030-768x576.jpg 768w, https:\/\/www.radiopiu.net\/wordpress\/wp-content\/uploads\/2019\/10\/20181102_160030-1024x768.jpg 1024w\" sizes=\"auto, (max-width: 300px) 100vw, 300px\" \/><\/a>Dopo alcuni giorni di ansia e trepidazione, siamo usciti e ci siamo guardati attorno, attoniti e scoraggiati abbiamo fatto la conta dei danni personali e comunitari. Sono stati giorni di silenzio, di tristezza e della consapevolezza che niente sarebbe mai stato pi\u00f9 come prima. Il fuoco, l\u2019acqua e il vento che non mi aspettavo hanno devastato e cambiato la morfologia dei nostri territori e delle nostre anime. La valle di San Lucano che mi si \u00e8 presentata davanti i primi giorni di novembre non sembrava pi\u00f9 la valle che conoscevo. Alberi a tappeto, strade interrotte, ponti e briglie spazzati via dalla furia dell\u2019acqua, disordine e un silenzio tombale mi hanno fatto capire quanto piccolo \u00e8 l\u2019uomo di fronte alla forza della Natura. Ci sar\u00e0 molto da lavorare per sistemare la nostra terra e sar\u00e0 il lavoro di un\u2019intera comunit\u00e0 che in questi tristi eventi si \u00e8 unita pi\u00f9 che mai. Credo che presto salir\u00f2 sul crinale di qualche montagna, come ho fatto il giorno prima del fuoco. Salir\u00f2 per trovare l\u2019armonia e l\u2019equilibrio che si trovano solo lass\u00f9 e dal crinale guarder\u00f2 la mia terra, la guarder\u00f2 con occhi nuovi, con gli occhi della speranza e cercher\u00f2 di vedere tutta la bellezza e le emozioni che ancora sa donarmi. Riportarla al suo splendore \u00e8 un compito che spetta anche a tutti noi che dobbiamo essere responsabili verso l\u2019ambiente che ci ospita.<\/p>\n<p>&nbsp;<\/p><\/blockquote>\n<hr \/>\n<p>&nbsp;<\/p>\n<p>&nbsp;<\/p>\n<blockquote>\n<div class=\"page-title-head hgroup\">\n<h1 class=\"entry-title\">DEVASTANTE INCENDIO 2018 \u2013 VIDEO DI MANUEL CONEDERA<\/h1>\n<\/div>\n<\/blockquote>\n<blockquote><div style=\"width: 848px;\" class=\"wp-video\"><video class=\"wp-video-shortcode\" id=\"video-416283-1\" width=\"848\" height=\"480\" preload=\"metadata\" controls=\"controls\"><source type=\"video\/mp4\" src=\"https:\/\/www.radiopiu.net\/wordpress\/wp-content\/uploads\/2024\/10\/WhatsApp-Video-2024-10-25-at-23.00.21.mp4?_=1\" \/><a href=\"https:\/\/www.radiopiu.net\/wordpress\/wp-content\/uploads\/2024\/10\/WhatsApp-Video-2024-10-25-at-23.00.21.mp4\">https:\/\/www.radiopiu.net\/wordpress\/wp-content\/uploads\/2024\/10\/WhatsApp-Video-2024-10-25-at-23.00.21.mp4<\/a><\/video><\/div><\/blockquote>\n<p>&nbsp;<\/p>\n<p>&nbsp;<\/p>\n<hr \/>\n<p>&nbsp;<\/p>\n<p>&nbsp;<\/p>\n<div class=\"x11i5rnm xat24cr x1mh8g0r x1vvkbs xtlvy1s x126k92a\">\n<div dir=\"auto\">\n<div dir=\"auto\">\n<p><strong><a class=\"dt-pswp-item\" href=\"https:\/\/www.radiopiu.net\/wordpress\/wp-content\/uploads\/2024\/02\/2d44e751-d8a8-461b-8e22-d8e4e853b032.jpg\" data-dt-img-description=\"\" data-large_image_width=\"1600\" data-large_image_height=\"1200\"><img loading=\"lazy\" decoding=\"async\" class=\"wp-image-373307 alignleft\" src=\"https:\/\/www.radiopiu.net\/wordpress\/wp-content\/uploads\/2024\/02\/2d44e751-d8a8-461b-8e22-d8e4e853b032-300x225.jpg\" alt=\"\" width=\"105\" height=\"79\" srcset=\"https:\/\/www.radiopiu.net\/wordpress\/wp-content\/uploads\/2024\/02\/2d44e751-d8a8-461b-8e22-d8e4e853b032-300x225.jpg 300w, https:\/\/www.radiopiu.net\/wordpress\/wp-content\/uploads\/2024\/02\/2d44e751-d8a8-461b-8e22-d8e4e853b032-1024x768.jpg 1024w, https:\/\/www.radiopiu.net\/wordpress\/wp-content\/uploads\/2024\/02\/2d44e751-d8a8-461b-8e22-d8e4e853b032-768x576.jpg 768w, https:\/\/www.radiopiu.net\/wordpress\/wp-content\/uploads\/2024\/02\/2d44e751-d8a8-461b-8e22-d8e4e853b032-1536x1152.jpg 1536w, https:\/\/www.radiopiu.net\/wordpress\/wp-content\/uploads\/2024\/02\/2d44e751-d8a8-461b-8e22-d8e4e853b032.jpg 1600w\" sizes=\"auto, (max-width: 105px) 100vw, 105px\" \/><\/a>EL BAL DEL FIOR, DI GIULIANA DA RONCH, 26 OTTOBRE<\/strong><strong>\u00a02024<\/strong><\/p>\n<\/div>\n<\/div>\n<\/div>\n<div><\/div>\n<div>\n<audio class=\"wp-audio-shortcode\" id=\"audio-416283-2\" preload=\"none\" style=\"width: 100%;\" controls=\"controls\"><source type=\"audio\/mpeg\" src=\"https:\/\/www.radiopiu.net\/wordpress\/wp-content\/uploads\/2024\/10\/GSA-2.mp3?_=2\" \/><a href=\"https:\/\/www.radiopiu.net\/wordpress\/wp-content\/uploads\/2024\/10\/GSA-2.mp3\">https:\/\/www.radiopiu.net\/wordpress\/wp-content\/uploads\/2024\/10\/GSA-2.mp3<\/a><\/audio>\n<\/div>\n<div><\/div>\n<hr \/>\n<p>&nbsp;<\/p>\n<div class=\"x11i5rnm xat24cr x1mh8g0r x1vvkbs xtlvy1s x126k92a\">\n<h1><span style=\"color: #ff0000;\"><a class=\"dt-pswp-item\" href=\"https:\/\/www.radiopiu.net\/wordpress\/wp-content\/uploads\/2024\/06\/th-5.jpg\" data-dt-img-description=\"\" data-large_image_width=\"326\" data-large_image_height=\"180\"><img loading=\"lazy\" decoding=\"async\" class=\"size-medium wp-image-395881 alignleft\" src=\"https:\/\/www.radiopiu.net\/wordpress\/wp-content\/uploads\/2024\/06\/th-5-300x166.jpg\" alt=\"\" width=\"300\" height=\"166\" srcset=\"https:\/\/www.radiopiu.net\/wordpress\/wp-content\/uploads\/2024\/06\/th-5-300x166.jpg 300w, https:\/\/www.radiopiu.net\/wordpress\/wp-content\/uploads\/2024\/06\/th-5.jpg 326w\" sizes=\"auto, (max-width: 300px) 100vw, 300px\" \/><\/a><\/span><\/h1>\n<h1><\/h1>\n<h1><\/h1>\n<h1><span style=\"color: #000000;\">26 OTTOBRE&#8230; alla radio l&#8217;almanacco\u00a0<\/span><\/h1>\n<audio class=\"wp-audio-shortcode\" id=\"audio-416283-3\" preload=\"none\" style=\"width: 100%;\" controls=\"controls\"><source type=\"audio\/mpeg\" src=\"https:\/\/www.radiopiu.net\/wordpress\/wp-content\/uploads\/2024\/10\/ALMANACCONEW-21.mp3?_=3\" \/><a href=\"https:\/\/www.radiopiu.net\/wordpress\/wp-content\/uploads\/2024\/10\/ALMANACCONEW-21.mp3\">https:\/\/www.radiopiu.net\/wordpress\/wp-content\/uploads\/2024\/10\/ALMANACCONEW-21.mp3<\/a><\/audio>\n<p>&nbsp;<\/p>\n<p>&nbsp;<\/p>\n<hr \/>\n<p>&nbsp;<\/p>\n<p>&nbsp;<\/p>\n<blockquote>\n<h1><strong><a class=\"dt-pswp-item\" href=\"https:\/\/www.radiopiu.net\/wordpress\/wp-content\/uploads\/2024\/10\/629301fd-708d-4f53-95c2-d28cbefd500f.jpg\" data-dt-img-description=\"\" data-large_image_width=\"1600\" data-large_image_height=\"1322\"><img loading=\"lazy\" decoding=\"async\" class=\"wp-image-413782 alignleft\" src=\"https:\/\/www.radiopiu.net\/wordpress\/wp-content\/uploads\/2024\/10\/629301fd-708d-4f53-95c2-d28cbefd500f-300x248.jpg\" alt=\"\" width=\"186\" height=\"154\" srcset=\"https:\/\/www.radiopiu.net\/wordpress\/wp-content\/uploads\/2024\/10\/629301fd-708d-4f53-95c2-d28cbefd500f-300x248.jpg 300w, https:\/\/www.radiopiu.net\/wordpress\/wp-content\/uploads\/2024\/10\/629301fd-708d-4f53-95c2-d28cbefd500f-1024x846.jpg 1024w, https:\/\/www.radiopiu.net\/wordpress\/wp-content\/uploads\/2024\/10\/629301fd-708d-4f53-95c2-d28cbefd500f-768x635.jpg 768w, https:\/\/www.radiopiu.net\/wordpress\/wp-content\/uploads\/2024\/10\/629301fd-708d-4f53-95c2-d28cbefd500f-1536x1269.jpg 1536w, https:\/\/www.radiopiu.net\/wordpress\/wp-content\/uploads\/2024\/10\/629301fd-708d-4f53-95c2-d28cbefd500f.jpg 1600w\" sizes=\"auto, (max-width: 186px) 100vw, 186px\" \/><\/a>N di parom &#8211; L Almanach de la nosta jent<\/strong><\/h1>\n<\/blockquote>\n<p>Le voci: Davide Conedera, Agordo, Michela Dell&#8217;Osbel, La Valle Agordina Simone Ganz, Falcade Veronica Lezuo, Colle Santa Lucia. La voce nella sigla \u00e8 di Giorgia Taio<\/p>\n<p><strong>LA PUNTATA DI OGGI, 26 OTTOBRE<\/strong><\/p>\n<\/div>\n<div class=\"x11i5rnm xat24cr x1mh8g0r x1vvkbs xtlvy1s x126k92a\">\n<audio class=\"wp-audio-shortcode\" id=\"audio-416283-4\" preload=\"none\" style=\"width: 100%;\" controls=\"controls\"><source type=\"audio\/mpeg\" src=\"https:\/\/www.radiopiu.net\/wordpress\/wp-content\/uploads\/2024\/10\/AL6.mp3?_=4\" \/><a href=\"https:\/\/www.radiopiu.net\/wordpress\/wp-content\/uploads\/2024\/10\/AL6.mp3\">https:\/\/www.radiopiu.net\/wordpress\/wp-content\/uploads\/2024\/10\/AL6.mp3<\/a><\/audio>\n<p>&nbsp;<\/p>\n<div dir=\"auto\">\n<hr \/>\n<\/div>\n<\/div>\n<blockquote>\n<blockquote>\n<h1><span style=\"color: #ff0000;\">\u00a0<\/span><\/h1>\n<h1><span style=\"color: #ff0000;\">I podcast informativi del mattino &#8211; audio &#8211;\u00a0\u00a0<\/span><\/h1>\n<\/blockquote>\n<p><strong><a class=\"dt-pswp-item\" href=\"https:\/\/www.radiopiu.net\/wordpress\/wp-content\/uploads\/2023\/11\/th-10.jpg\" data-dt-img-description=\"\" data-large_image_width=\"320\" data-large_image_height=\"180\"><img loading=\"lazy\" decoding=\"async\" class=\"wp-image-362866 alignleft\" src=\"https:\/\/www.radiopiu.net\/wordpress\/wp-content\/uploads\/2023\/11\/th-10-300x169.jpg\" alt=\"\" width=\"185\" height=\"104\" srcset=\"https:\/\/www.radiopiu.net\/wordpress\/wp-content\/uploads\/2023\/11\/th-10-300x169.jpg 300w, https:\/\/www.radiopiu.net\/wordpress\/wp-content\/uploads\/2023\/11\/th-10.jpg 320w\" sizes=\"auto, (max-width: 185px) 100vw, 185px\" \/><\/a>LA RASSEGNA STAMPA NAZIONALE ALLA RADIO, OGNI GIORNO ALLE 5 E ALLE 6 DEL MATTINO <span style=\"color: #0000ff;\">viene pubblicata alle 6.00 <span style=\"color: #ff0000;\">DIRETTA RADIO\u00a0 \u00a0\u00a0<\/span><\/span><\/strong><\/p><\/blockquote>\n<p>&nbsp;<\/p>\n<p><strong>NOTIZIE DELLA NOTTE<\/strong><\/p>\n<p><strong>Esercito Israele: &#8216;<\/strong>Completato attacco aereo all&#8217;Iran&#8217; <strong>Netanyahu,<\/strong> riunione su sicurezza dopo attacco a Iran<br \/>\n<strong>Trump<\/strong> in ritardo di tre ore al comizio in Michigan <strong>Beyonce&#8217;<\/strong> a Houston per Harris, &#8216;abbiamo bisogno di lei&#8217;<br \/>\n<strong>Usa,<\/strong> seconda ondata di raid di Israele su Iran in corso <strong>&#8216;Biden<\/strong> avvertito da Israele dell&#8217;attacco contro l&#8217;Iran&#8217;<br \/>\n<strong>Bolivia<\/strong>, dinamite sulla polizia che voleva liberare una strada <strong>Usa,<\/strong> attacchi di Israele contro l&#8217;Iran sono &#8216;autodifesa&#8217;<\/p>\n<h2>AUDIO dalle 6 del mattino<\/h2>\n<audio class=\"wp-audio-shortcode\" id=\"audio-416283-5\" preload=\"none\" style=\"width: 100%;\" controls=\"controls\"><source type=\"audio\/mpeg\" src=\"https:\/\/www.radiopiu.net\/wordpress\/wp-content\/uploads\/2024\/10\/GIORNALEDELLESEI-22.mp3?_=5\" \/><a href=\"https:\/\/www.radiopiu.net\/wordpress\/wp-content\/uploads\/2024\/10\/GIORNALEDELLESEI-22.mp3\">https:\/\/www.radiopiu.net\/wordpress\/wp-content\/uploads\/2024\/10\/GIORNALEDELLESEI-22.mp3<\/a><\/audio>\n<p>&nbsp;<\/p>\n<p>&nbsp;<\/p>\n<p>&nbsp;<\/p>\n<hr \/>\n<p>&nbsp;<\/p>\n<h1 style=\"text-align: center;\"><span style=\"color: #ff0000;\">I podcast informativi del mattino &#8211; audio &#8211;\u00a0<\/span><\/h1>\n<p><strong><a class=\"dt-pswp-item\" href=\"https:\/\/www.radiopiu.net\/wordpress\/wp-content\/uploads\/2024\/10\/COOP1-7.png\" data-dt-img-description=\"\" data-large_image_width=\"535\" data-large_image_height=\"240\"><img loading=\"lazy\" decoding=\"async\" class=\"size-medium wp-image-416430 alignleft\" src=\"https:\/\/www.radiopiu.net\/wordpress\/wp-content\/uploads\/2024\/10\/COOP1-7-300x135.png\" alt=\"\" width=\"300\" height=\"135\" srcset=\"https:\/\/www.radiopiu.net\/wordpress\/wp-content\/uploads\/2024\/10\/COOP1-7-300x135.png 300w, https:\/\/www.radiopiu.net\/wordpress\/wp-content\/uploads\/2024\/10\/COOP1-7.png 535w\" sizes=\"auto, (max-width: 300px) 100vw, 300px\" \/><\/a>OGNI GIORNO ALLE SETTE DEL MATTINO, LA RASSEGNA STAMPA LOCALE FLASH&#8230; PER CHI VA IN FRETTA. I TITOLI DAI GIORNALI E DAL SITO WWW.RADIOPIU.NET <span style=\"color: #0000ff;\">viene pubblicato alle 7.00<\/span> <span style=\"color: #ff0000;\">DIRETTA RADIO\u00a0<\/span><\/strong><\/p>\n<p><em><span style=\"color: #ff0000;\">per chi va in fretta&#8230; tante notizie in pochi minuti. L&#8217;informazione locale alla radio, ogni ora dalle 7 del mattino alle 19 della sera.<\/span><\/em><\/p>\n<h1>AUDIO dalle 7 del mattino<\/h1>\n<audio class=\"wp-audio-shortcode\" id=\"audio-416283-6\" preload=\"none\" style=\"width: 100%;\" controls=\"controls\"><source type=\"audio\/mpeg\" src=\"https:\/\/www.radiopiu.net\/wordpress\/wp-content\/uploads\/2024\/10\/GF07-22.mp3?_=6\" \/><a href=\"https:\/\/www.radiopiu.net\/wordpress\/wp-content\/uploads\/2024\/10\/GF07-22.mp3\">https:\/\/www.radiopiu.net\/wordpress\/wp-content\/uploads\/2024\/10\/GF07-22.mp3<\/a><\/audio>\n<p>&nbsp;<\/p>\n<p>&nbsp;<\/p>\n<hr \/>\n<p>&nbsp;<\/p>\n<h1><\/h1>\n<h1 style=\"text-align: center;\"><span style=\"color: #ff0000;\"><a class=\"dt-pswp-item\" href=\"https:\/\/www.radiopiu.net\/wordpress\/wp-content\/uploads\/2022\/01\/026c3f9d-dae9-4040-a3c1-a6530231bcc3.jpg\" data-dt-img-description=\"\" data-large_image_width=\"1152\" data-large_image_height=\"2048\"><img loading=\"lazy\" decoding=\"async\" class=\"wp-image-251839 alignleft\" src=\"https:\/\/www.radiopiu.net\/wordpress\/wp-content\/uploads\/2022\/01\/026c3f9d-dae9-4040-a3c1-a6530231bcc3-169x300.jpg\" alt=\"\" width=\"100\" height=\"177\" srcset=\"https:\/\/www.radiopiu.net\/wordpress\/wp-content\/uploads\/2022\/01\/026c3f9d-dae9-4040-a3c1-a6530231bcc3-169x300.jpg 169w, https:\/\/www.radiopiu.net\/wordpress\/wp-content\/uploads\/2022\/01\/026c3f9d-dae9-4040-a3c1-a6530231bcc3-576x1024.jpg 576w, https:\/\/www.radiopiu.net\/wordpress\/wp-content\/uploads\/2022\/01\/026c3f9d-dae9-4040-a3c1-a6530231bcc3-768x1365.jpg 768w, https:\/\/www.radiopiu.net\/wordpress\/wp-content\/uploads\/2022\/01\/026c3f9d-dae9-4040-a3c1-a6530231bcc3-864x1536.jpg 864w, https:\/\/www.radiopiu.net\/wordpress\/wp-content\/uploads\/2022\/01\/026c3f9d-dae9-4040-a3c1-a6530231bcc3.jpg 1152w\" sizes=\"auto, (max-width: 100px) 100vw, 100px\" \/><\/a>I podcast informativi del mattino &#8211; audio &#8211;\u00a0<\/span><\/h1>\n<blockquote><p><strong>GIORNALE RADIO NAZIONALE, EDIZIONE DELLE SETTE <span style=\"color: #0000ff;\">viene pubblicato alle 7.05 <span style=\"color: #ff0000;\">DIRETTA RADIO\u00a0<\/span><\/span><\/strong><\/p><\/blockquote>\n<p><strong>il giornale radionazionale e&#8217; in onda ogni ora, dalle sette del mattino alle venti della sera\u00a0 \u00a0<\/strong><strong>\u00a0<\/strong><\/p>\n<p>&nbsp;<\/p>\n<p><span style=\"color: #ff0000;\"><strong>\u00a0Esercito Israele: &#8216;Completato attacco aereo all&#8217;Iran&#8217; &#8216;Colpite le strutture di produzione di missili&#8217;<\/strong><\/span><\/p>\n<p><strong>BOLOGNA<\/strong> L&#8217;incidente sul lavoro Sciopero alla Toyota, al via le autopsie sui due operai <strong>MILANO<\/strong> Inchiesta ultr\u00e0 Il riesame conferma il carcere anche per il bodyguard di Fedez <strong>REGGIO EMILIA<\/strong> Violent\u00f2 una barista, arrestato un 22enne <strong>NAPOLI<\/strong> Un altro caso di abusi nel Napoletano. &#8216;Cyber-Stalking&#8217; a Roma<br \/>\n<strong>ROMA<\/strong> La banca abusiva, frode al fisco da 500 milioni di euro Sette arresti, smantellata un&#8217;organizzazione cinese in Italia <strong>PIACENZA<\/strong> Una ragazza di 14 anni muore cadendo da un tetto, un coetano ascoltato dai carabinieri<\/p>\n<p><span style=\"color: #ff0000;\">EDIZIONE DELLE 20, DEL 18 OTTOBRE 2024<\/span><\/p>\n<audio class=\"wp-audio-shortcode\" id=\"audio-416283-7\" preload=\"none\" style=\"width: 100%;\" controls=\"controls\"><source type=\"audio\/mpeg\" src=\"https:\/\/www.radiopiu.net\/wordpress\/wp-content\/uploads\/2024\/10\/giornale07-44.mp3?_=7\" \/><a href=\"https:\/\/www.radiopiu.net\/wordpress\/wp-content\/uploads\/2024\/10\/giornale07-44.mp3\">https:\/\/www.radiopiu.net\/wordpress\/wp-content\/uploads\/2024\/10\/giornale07-44.mp3<\/a><\/audio>\n<p>&nbsp;<\/p>\n<p><span style=\"color: #ff0000;\">EDIZIONE DELLE 19, DEL 18 OTTOBRE 2024, LO SPORT<\/span><\/p>\n<audio class=\"wp-audio-shortcode\" id=\"audio-416283-8\" preload=\"none\" style=\"width: 100%;\" controls=\"controls\"><source type=\"audio\/mpeg\" src=\"https:\/\/www.radiopiu.net\/wordpress\/wp-content\/uploads\/2024\/10\/gr-sport-22.mp3?_=8\" \/><a href=\"https:\/\/www.radiopiu.net\/wordpress\/wp-content\/uploads\/2024\/10\/gr-sport-22.mp3\">https:\/\/www.radiopiu.net\/wordpress\/wp-content\/uploads\/2024\/10\/gr-sport-22.mp3<\/a><\/audio>\n<h2><\/h2>\n<h2>AUDIO dalle sette del mattino, ogni ora alla radio <span style=\"color: #ff0000;\">ULTIM&#8217;ORA<\/span><\/h2>\n<audio class=\"wp-audio-shortcode\" id=\"audio-416283-9\" preload=\"none\" style=\"width: 100%;\" controls=\"controls\"><source type=\"audio\/mpeg\" src=\"https:\/\/www.radiopiu.net\/wordpress\/wp-content\/uploads\/2024\/10\/giornale07-45.mp3?_=9\" \/><a href=\"https:\/\/www.radiopiu.net\/wordpress\/wp-content\/uploads\/2024\/10\/giornale07-45.mp3\">https:\/\/www.radiopiu.net\/wordpress\/wp-content\/uploads\/2024\/10\/giornale07-45.mp3<\/a><\/audio>\n<p>&nbsp;<\/p>\n<hr \/>\n<p>&nbsp;<\/p>\n<p>&nbsp;<\/p>\n<h1><span style=\"color: #ff0000;\"><a class=\"dt-pswp-item\" href=\"https:\/\/www.radiopiu.net\/wordpress\/wp-content\/uploads\/2024\/10\/COOP2-4.png\" data-dt-img-description=\"\" data-large_image_width=\"622\" data-large_image_height=\"364\"><img loading=\"lazy\" decoding=\"async\" class=\"size-medium wp-image-416429 alignleft\" src=\"https:\/\/www.radiopiu.net\/wordpress\/wp-content\/uploads\/2024\/10\/COOP2-4-300x176.png\" alt=\"\" width=\"300\" height=\"176\" srcset=\"https:\/\/www.radiopiu.net\/wordpress\/wp-content\/uploads\/2024\/10\/COOP2-4-300x176.png 300w, https:\/\/www.radiopiu.net\/wordpress\/wp-content\/uploads\/2024\/10\/COOP2-4.png 622w\" sizes=\"auto, (max-width: 300px) 100vw, 300px\" \/><\/a>I podcast informativi del mattino &#8211; video &#8211;\u00a0<\/span><\/h1>\n<h2 style=\"text-align: left;\"><strong>RASSEGNA STAMPA LOCALE, ORE OTTO 05<\/strong><\/h2>\n<h2><span style=\"color: #000000;\"><strong> viene\u00a0 <\/strong><\/span><strong><span style=\"color: #0000ff;\"><span style=\"color: #000000;\">pubblicata alle 8.05<\/span> <\/span><\/strong><\/h2>\n<h2><strong><span style=\"color: #0000ff;\"><span style=\"color: #ff0000;\"><span style=\"color: #000000;\">DIRETTA RADIO<\/span><\/span><\/span><\/strong><span style=\"color: #ff0000;\"><strong>\u00a0dalle 8 del mattino\u00a0 \u00a0\u00a0<\/strong><\/span><\/h2>\n<h2><strong>DI MIRKO MEZZACASA<\/strong><\/h2>\n<h2><\/h2>\n<blockquote>\n<h1><a href=\"https:\/\/www.facebook.com\/radiopiu\/videos\/476922025390182\"><span style=\"color: #0000ff;\">PER RI-ASCOLTARE LA RASSEGNA STAMPA CLICCA QUI\u00a0<\/span><\/a><\/h1>\n<p>&nbsp;<\/p><\/blockquote>\n<p>&nbsp;<\/p>\n<hr \/>\n<p>&nbsp;<\/p>\n<blockquote>\n<h3>ACQUA NON POTABILE A VALLADA E CANALE D&#8217;AGORDO<\/h3>\n<\/blockquote>\n<p><b>VALLADA <\/b>\u00a0nelle localit\u00e0 Toffol, Sacchet , Celat e Mas e a Canale D&#8217;Agordo nelle localit\u00e0 Capoluogo, Casate, Val e Calcergnan l&#8217;acqua erogata dall&#8217;acquedotto non \u00e8 potabile e pu\u00f2 essere usata per scopi alimentari solo previa bollitura. Per gli abitanti di Canale D&#8217;Agordo verr\u00e0 effettuato servizio sostitutivo con autobotte in piazza Papa Luciani mentre gli utenti di Vallada potranno fornirsi di acqua potabile presso la cisterna situata vicino alla Chiesa di Celat.<\/p>\n<p>&nbsp;<\/p>\n<hr \/>\n<p>&nbsp;<\/p>\n<blockquote>\n<h3>RIAPERTO AL TRAFFICO IL CAVALCAFERROVIA SULLA STATALE 50 \u201cDEL GRAPPA E DEL PASSO ROLLE\u201d A BUSCHE<\/h3>\n<p><em>&#8220;Finalmente Libera Circolazione&#8230; Con Reticolato Decorativo!<\/em><\/p><\/blockquote>\n<p><strong><img loading=\"lazy\" decoding=\"async\" class=\"alignleft\" src=\"https:\/\/www.radiopiu.net\/wordpress\/wp-content\/uploads\/2024\/10\/de9c741d-4342-4100-88ad-f1e25c871701-scaled.jpg\" width=\"215\" height=\"161\" \/>REDAZIONE<\/strong> &#8220;Finalmente Libera Circolazione&#8230; Con Reticolato Decorativo!&#8221;Dopo tre mesi di gloriosa attesa, il cavalcaferrovia di Busche ha finalmente riaperto, regalando a pendolari e automobilisti il piacere di una strada con ancora un tocco di &#8220;cantiere chic&#8221;. Le transenne sono state tolte, e le auto possono tornare a sfrecciare tra reti e materiali abbandonati come in una galleria d\u2019arte industriale. Anas rassicura: la riapertura \u00e8 provvisoria (ovviamente!) e i lavori proseguiranno, ma niente paura, senza ulteriori disagi. L\u2019assessore Bona ringrazia gli operai per il \u201cmiracolo in 91 giorni\u201d, come se fosse stata una missione luna.<\/p>\n<p><em><strong>Mirko Mezzacasa<\/strong><\/em><\/p>\n<p>&nbsp;<\/p>\n<p><strong>DI DANIELE DALVIT<\/strong><\/p>\n<audio class=\"wp-audio-shortcode\" id=\"audio-416283-10\" preload=\"none\" style=\"width: 100%;\" controls=\"controls\"><source type=\"audio\/mpeg\" src=\"https:\/\/www.radiopiu.net\/wordpress\/wp-content\/uploads\/2024\/10\/Servizio-Riapertura-cavalcaferrovia-Busche-.mp3?_=10\" \/><a href=\"https:\/\/www.radiopiu.net\/wordpress\/wp-content\/uploads\/2024\/10\/Servizio-Riapertura-cavalcaferrovia-Busche-.mp3\">https:\/\/www.radiopiu.net\/wordpress\/wp-content\/uploads\/2024\/10\/Servizio-Riapertura-cavalcaferrovia-Busche-.mp3<\/a><\/audio>\n<p>&nbsp;<\/p>\n<p>&nbsp;<\/p>\n<hr \/>\n<p>&nbsp;<\/p>\n<blockquote>\n<h3>NAS DI TREVISO: CONTROLLI NELLE MENSE SCOLASTICHE DEL BELLUNESE. SANZIONI PER 6 MILA EURO<\/h3>\n<\/blockquote>\n<p><strong>BELLUNO<\/strong> Il NAS di Treviso ha condotto ispezioni presso mense scolastiche della provincia di Belluno, nei comuni di Feltre, Valle di Cadore e Santa Giustina, rilevando violazioni amministrative legate alla mancata attuazione delle procedure HACCP. In una scuola materna del Cadore sono state riscontrate inadeguatezze igienico-strutturali, segnalate con richiesta di intervento all\u2019autorit\u00e0 sanitaria (AULSS n. 1 \u201cDolomiti\u201d). I controlli hanno interessato anche le mense di aziende e industrie, riscontrando ulteriori violazioni. Complessivamente, sono state inflitte sanzioni per \u20ac6.000. Nell&#8217;ultimo semestre, il NAS ha svolto 65 verifiche nella provincia di Belluno, con sanzioni per circa \u20ac40.000 e sequestri alimentari per un valore di \u20ac3.600.<\/p>\n<p><a class=\"dt-pswp-item\" href=\"https:\/\/www.radiopiu.net\/wordpress\/wp-content\/uploads\/2024\/10\/2d20385b-ce14-43a7-aa46-b069b6618082.jpg\" data-dt-img-description=\"\" data-large_image_width=\"1500\" data-large_image_height=\"1500\"><img loading=\"lazy\" decoding=\"async\" class=\"alignnone wp-image-416344\" src=\"https:\/\/www.radiopiu.net\/wordpress\/wp-content\/uploads\/2024\/10\/2d20385b-ce14-43a7-aa46-b069b6618082-300x300.jpg\" alt=\"\" width=\"171\" height=\"171\" srcset=\"https:\/\/www.radiopiu.net\/wordpress\/wp-content\/uploads\/2024\/10\/2d20385b-ce14-43a7-aa46-b069b6618082-300x300.jpg 300w, https:\/\/www.radiopiu.net\/wordpress\/wp-content\/uploads\/2024\/10\/2d20385b-ce14-43a7-aa46-b069b6618082-1024x1024.jpg 1024w, https:\/\/www.radiopiu.net\/wordpress\/wp-content\/uploads\/2024\/10\/2d20385b-ce14-43a7-aa46-b069b6618082-150x150.jpg 150w, https:\/\/www.radiopiu.net\/wordpress\/wp-content\/uploads\/2024\/10\/2d20385b-ce14-43a7-aa46-b069b6618082-768x768.jpg 768w, https:\/\/www.radiopiu.net\/wordpress\/wp-content\/uploads\/2024\/10\/2d20385b-ce14-43a7-aa46-b069b6618082.jpg 1500w\" sizes=\"auto, (max-width: 171px) 100vw, 171px\" \/><\/a><a class=\"dt-pswp-item\" href=\"https:\/\/www.radiopiu.net\/wordpress\/wp-content\/uploads\/2024\/10\/9cacebda-d9a1-4bec-b221-c078905f186d.jpg\" data-dt-img-description=\"\" data-large_image_width=\"1242\" data-large_image_height=\"702\"><img loading=\"lazy\" decoding=\"async\" class=\"alignnone size-medium wp-image-416343\" src=\"https:\/\/www.radiopiu.net\/wordpress\/wp-content\/uploads\/2024\/10\/9cacebda-d9a1-4bec-b221-c078905f186d-300x170.jpg\" alt=\"\" width=\"300\" height=\"170\" srcset=\"https:\/\/www.radiopiu.net\/wordpress\/wp-content\/uploads\/2024\/10\/9cacebda-d9a1-4bec-b221-c078905f186d-300x170.jpg 300w, https:\/\/www.radiopiu.net\/wordpress\/wp-content\/uploads\/2024\/10\/9cacebda-d9a1-4bec-b221-c078905f186d-1024x579.jpg 1024w, https:\/\/www.radiopiu.net\/wordpress\/wp-content\/uploads\/2024\/10\/9cacebda-d9a1-4bec-b221-c078905f186d-768x434.jpg 768w, https:\/\/www.radiopiu.net\/wordpress\/wp-content\/uploads\/2024\/10\/9cacebda-d9a1-4bec-b221-c078905f186d.jpg 1242w\" sizes=\"auto, (max-width: 300px) 100vw, 300px\" \/><\/a><\/p>\n<p>&nbsp;<\/p>\n<hr \/>\n<p>&nbsp;<\/p>\n<blockquote>\n<h3>SEI ANNI DA VAIA. IL RICORDO DELL&#8217;ASSESSORE BOTTACIN<\/h3>\n<\/blockquote>\n<p><strong><a class=\"dt-pswp-item\" href=\"https:\/\/www.radiopiu.net\/wordpress\/wp-content\/uploads\/2024\/04\/BOTTACIN.png\" data-dt-img-description=\"\" data-large_image_width=\"564\" data-large_image_height=\"393\"><img loading=\"lazy\" decoding=\"async\" class=\" wp-image-382551 alignleft\" src=\"https:\/\/www.radiopiu.net\/wordpress\/wp-content\/uploads\/2024\/04\/BOTTACIN-300x209.png\" alt=\"\" width=\"211\" height=\"147\" srcset=\"https:\/\/www.radiopiu.net\/wordpress\/wp-content\/uploads\/2024\/04\/BOTTACIN-300x209.png 300w, https:\/\/www.radiopiu.net\/wordpress\/wp-content\/uploads\/2024\/04\/BOTTACIN.png 564w\" sizes=\"auto, (max-width: 211px) 100vw, 211px\" \/><\/a>IL RICORDO DELL&#8217;ASSESSORE REGIONALE GIANPAOLO BOTTACIN<\/strong><\/p>\n<p>Vaia per me \u00e8 stato un evento particolarmente importante. Presiedere l&#8217;Unit\u00e0 di Crisi della Regione ha significato prendere decisioni da far tremare i polsi, come quella di far chiudere tutto a Belluno in base alle previsioni meteo della nostra Agenzia Regionale per la Protezione Ambientale (Arpav) o quella di far evacuare o meno intere citt\u00e0. Ma dopo Vaia si \u00e8 visto anche il lavoro messo in campo e quindi posso parlare pure della soddisfazione di averlo fatto, certo con fatica, ma con grandi risultati. Dopo Vaia sono stati infatti 2527 i cantieri attivati, per oltre un miliardo di euro di fondi investiti per la mitigazione del rischio idrogeologico.<\/p>\n<p>Gianpaolo Bottacin<\/p>\n<p><strong>ALLA RADIO<\/strong><\/p>\n<div style=\"width: 848px;\" class=\"wp-video\"><video class=\"wp-video-shortcode\" id=\"video-416283-2\" width=\"848\" height=\"480\" preload=\"metadata\" controls=\"controls\"><source type=\"video\/mp4\" src=\"https:\/\/www.radiopiu.net\/wordpress\/wp-content\/uploads\/2024\/10\/bottacin.mp4?_=2\" \/><a href=\"https:\/\/www.radiopiu.net\/wordpress\/wp-content\/uploads\/2024\/10\/bottacin.mp4\">https:\/\/www.radiopiu.net\/wordpress\/wp-content\/uploads\/2024\/10\/bottacin.mp4<\/a><\/video><\/div>\n<p>&nbsp;<\/p>\n<p>&nbsp;<\/p>\n<p>&nbsp;<\/p>\n<hr \/>\n<p>&nbsp;<\/p>\n<blockquote>\n<h1>Giornata di incidenti e malori in Cadore: quattro persone in ospedale<\/h1>\n<\/blockquote>\n<p>&nbsp;<\/p>\n<p><strong>BELLUNO<\/strong> &#8211; Un pomeriggio movimentato ieri sulle strade del Cadore, con ambulanze in azione per un malore e due incidenti stradali.<\/p>\n<p>Il primo intervento a Calalzo, dove un uomo di 62 anni \u00e8 stato colpito da un malore. Le sue condizioni sono molto gravi, e l&#8217;uomo \u00e8 stato elitrasportato d&#8217;urgenza all&#8217;ospedale San Martino di Belluno.<\/p>\n<p>Poco dopo, alle 16, a San Vito di Cadore, si \u00e8 verificato uno scontro tra due auto. Tre i feriti: una donna di 89 anni e due uomini, rispettivamente di 84 e 77 anni. Tutti sono stati trasportati con ferite di media gravit\u00e0 all&#8217;ospedale Giovanni Paolo II di Pieve di Cadore.<\/p>\n<p>In serata, ancora a San Vito, un secondo incidente ha coinvolto una donna, prontamente soccorsa.<\/p>\n<p>&nbsp;<\/p>\n<p><a class=\"dt-pswp-item\" href=\"https:\/\/www.radiopiu.net\/wordpress\/wp-content\/uploads\/2024\/10\/289393b2-fbcb-4673-bcfd-c66a8bcf570c-e1729873045322.jpg\" data-dt-img-description=\"\" data-large_image_width=\"900\" data-large_image_height=\"1119\"><img loading=\"lazy\" decoding=\"async\" class=\"alignnone size-medium wp-image-416378\" src=\"https:\/\/www.radiopiu.net\/wordpress\/wp-content\/uploads\/2024\/10\/289393b2-fbcb-4673-bcfd-c66a8bcf570c-e1729873045322-241x300.jpg\" alt=\"\" width=\"241\" height=\"300\" srcset=\"https:\/\/www.radiopiu.net\/wordpress\/wp-content\/uploads\/2024\/10\/289393b2-fbcb-4673-bcfd-c66a8bcf570c-e1729873045322-241x300.jpg 241w, https:\/\/www.radiopiu.net\/wordpress\/wp-content\/uploads\/2024\/10\/289393b2-fbcb-4673-bcfd-c66a8bcf570c-e1729873045322-824x1024.jpg 824w, https:\/\/www.radiopiu.net\/wordpress\/wp-content\/uploads\/2024\/10\/289393b2-fbcb-4673-bcfd-c66a8bcf570c-e1729873045322-768x955.jpg 768w, https:\/\/www.radiopiu.net\/wordpress\/wp-content\/uploads\/2024\/10\/289393b2-fbcb-4673-bcfd-c66a8bcf570c-e1729873045322.jpg 900w\" sizes=\"auto, (max-width: 241px) 100vw, 241px\" \/><\/a><a class=\"dt-pswp-item\" href=\"https:\/\/www.radiopiu.net\/wordpress\/wp-content\/uploads\/2024\/10\/0e4bf009-ba7f-42b4-8756-4121575ced91.jpg\" data-dt-img-description=\"\" data-large_image_width=\"900\" data-large_image_height=\"1070\"><img loading=\"lazy\" decoding=\"async\" class=\"alignnone size-medium wp-image-416377\" src=\"https:\/\/www.radiopiu.net\/wordpress\/wp-content\/uploads\/2024\/10\/0e4bf009-ba7f-42b4-8756-4121575ced91-252x300.jpg\" alt=\"\" width=\"252\" height=\"300\" srcset=\"https:\/\/www.radiopiu.net\/wordpress\/wp-content\/uploads\/2024\/10\/0e4bf009-ba7f-42b4-8756-4121575ced91-252x300.jpg 252w, https:\/\/www.radiopiu.net\/wordpress\/wp-content\/uploads\/2024\/10\/0e4bf009-ba7f-42b4-8756-4121575ced91-861x1024.jpg 861w, https:\/\/www.radiopiu.net\/wordpress\/wp-content\/uploads\/2024\/10\/0e4bf009-ba7f-42b4-8756-4121575ced91-768x913.jpg 768w, https:\/\/www.radiopiu.net\/wordpress\/wp-content\/uploads\/2024\/10\/0e4bf009-ba7f-42b4-8756-4121575ced91.jpg 900w\" sizes=\"auto, (max-width: 252px) 100vw, 252px\" \/><\/a><\/p>\n<p>&nbsp;<\/p>\n<p>&nbsp;<\/p>\n<div class=\"flex max-w-full flex-col flex-grow\">\n<div class=\"min-h-8 text-message flex w-full flex-col items-end gap-2 whitespace-normal break-words [.text-message+&amp;]:mt-5\" dir=\"auto\" data-message-author-role=\"assistant\" data-message-id=\"02640257-cc04-4496-9630-6a43c2bfb45e\" data-message-model-slug=\"gpt-4o\">\n<div class=\"flex w-full flex-col gap-1 empty:hidden first:pt-[3px]\">\n<div class=\"markdown prose w-full break-words dark:prose-invert dark\">\n<hr \/>\n<\/div>\n<\/div>\n<\/div>\n<\/div>\n<p>&nbsp;<\/p>\n<blockquote>\n<h1><strong>Processo Costa: Chi \u00e8 il vero colpevole?<\/strong><\/h1>\n<\/blockquote>\n<div class=\"flex max-w-full flex-col flex-grow\">\n<div class=\"min-h-8 text-message flex w-full flex-col items-end gap-2 whitespace-normal break-words [.text-message+&amp;]:mt-5\" dir=\"auto\" data-message-author-role=\"assistant\" data-message-id=\"04f62841-edd5-45eb-9578-3a0153877d0f\" data-message-model-slug=\"gpt-4o\">\n<div class=\"flex w-full flex-col gap-1 empty:hidden first:pt-[3px]\">\n<div class=\"markdown prose w-full break-words dark:prose-invert dark\">\n<p><strong><a class=\"dt-pswp-item\" href=\"https:\/\/www.radiopiu.net\/wordpress\/wp-content\/uploads\/2022\/06\/TRIBUNALE-2.jpg\" data-dt-img-description=\"\" data-large_image_width=\"960\" data-large_image_height=\"720\"><img loading=\"lazy\" decoding=\"async\" class=\" wp-image-282908 alignleft\" src=\"https:\/\/www.radiopiu.net\/wordpress\/wp-content\/uploads\/2022\/06\/TRIBUNALE-2-300x225.jpg\" alt=\"\" width=\"181\" height=\"136\" srcset=\"https:\/\/www.radiopiu.net\/wordpress\/wp-content\/uploads\/2022\/06\/TRIBUNALE-2-300x225.jpg 300w, https:\/\/www.radiopiu.net\/wordpress\/wp-content\/uploads\/2022\/06\/TRIBUNALE-2-768x576.jpg 768w, https:\/\/www.radiopiu.net\/wordpress\/wp-content\/uploads\/2022\/06\/TRIBUNALE-2.jpg 960w\" sizes=\"auto, (max-width: 181px) 100vw, 181px\" \/><\/a>FELTRE<\/strong> Nel processo per l\u2019omicidio di Antonio Costa, emergono tre sospetti: Pedro Livert Dominguez, il co-imputato Junior Cedano Sanchez, e un terzo uomo, alto e magro, forse figlio di Sanchez. Costa, molestando una ragazza, avrebbe innescato la rissa culminata nel suo omicidio. Le testimonianze sono contraddittorie, con testimoni che affermano di conoscere il vero assassino, ma non rivelano il nome in aula. La compagna di Dominguez non avrebbe visto nulla di rilevante, mentre suo figlio afferma che Dominguez ha solo difeso s\u00e9 stesso. Chi ha veramente colpito Costa resta un mistero, mentre i dettagli si confondono tra verit\u00e0 nascoste e testimoni reticenti.<\/p>\n<p>&nbsp;<\/p>\n<h1 class=\"_title post-title entry-title\"><strong><a class=\"dt-pswp-item\" href=\"https:\/\/www.radiopiu.net\/wordpress\/wp-content\/uploads\/2023\/12\/ANTENNA.png\" data-dt-img-description=\"\" data-large_image_width=\"300\" data-large_image_height=\"166\"><img loading=\"lazy\" decoding=\"async\" class=\" wp-image-366306 alignleft\" src=\"https:\/\/www.radiopiu.net\/wordpress\/wp-content\/uploads\/2023\/12\/ANTENNA.png\" alt=\"\" width=\"175\" height=\"97\" \/><\/a><\/strong><\/h1>\n<h1 class=\"_title post-title entry-title\">BELLUNO | OMICIDIO COSTA: I TESTIMONI INDICANO ALTRI POSSIBILI COLPEVOLI<\/h1>\n<p>Intervistati MARCELLO STELLIN (AVVOCATO DIFENSORE) (Servizio di\u00a0<a href=\"https:\/\/antennatre.medianordest.it\/redazione\/Fabio-Fioravanzi\/\">Fabio Fioravanzi<\/a>)<\/p>\n<\/div>\n<\/div>\n<\/div>\n<\/div>\n<p><iframe loading=\"lazy\" title=\"OMICIDIO COSTA: I TESTIMONI INDICANO ALTRI POSSIBILI COLPEVOLI | 25\/10\/2024\" width=\"1200\" height=\"675\" src=\"https:\/\/www.youtube.com\/embed\/pA-LTidabIw?feature=oembed\" frameborder=\"0\" allow=\"accelerometer; autoplay; clipboard-write; encrypted-media; gyroscope; picture-in-picture; web-share\" referrerpolicy=\"strict-origin-when-cross-origin\" allowfullscreen><\/iframe><\/p>\n<p>&nbsp;<\/p>\n<p>&nbsp;<\/p>\n<hr \/>\n<p>&nbsp;<\/p>\n<blockquote>\n<h3>IL PROGETTO IPA PREALPI BELLUNESI FINANZIATO DA CARIVERONA<\/h3>\n<\/blockquote>\n<p><strong>BORGO VALBELLUNA<\/strong> La cordata guidata dall\u2019IPA Prealpi Bellunesi, in collaborazione con il Comune di Belluno e la Camera di Commercio Treviso-Belluno | Dolomiti, ha ottenuto un finanziamento di 116mila euro dalla Fondazione Cariverona per il progetto \u201cBelluno synergy lab.\u201d Questo progetto, vincitore del bando STeP, mira a sviluppare l\u2019economia della conoscenza nel Bellunese tra il 2025 e il 2026. Le iniziative principali includono un percorso di alta formazione, un gruppo di lavoro permanente pubblico-privato e la creazione di spazi a Palazzo Crepadona come hub di innovazione. Il progetto, che coinvolge numerosi partner locali, punta a promuovere innovazione e formazione per rendere la zona pi\u00f9 attrattiva per giovani e imprese, contrastando lo spopolamento.<\/p>\n<p>&nbsp;<\/p>\n<p>&nbsp;<\/p>\n<hr \/>\n<p>&nbsp;<\/p>\n<blockquote>\n<h3>APRE OGGI ARREDAMONT<\/h3>\n<\/blockquote>\n<p><strong><a class=\"dt-pswp-item\" href=\"https:\/\/www.radiopiu.net\/wordpress\/wp-content\/uploads\/2024\/10\/Ad-Arredamont-ogni-metro-espositivo-e-interessante.jpg\" data-dt-img-description=\"\" data-large_image_width=\"2500\" data-large_image_height=\"1664\"><img loading=\"lazy\" decoding=\"async\" class=\" wp-image-416306 alignleft\" src=\"https:\/\/www.radiopiu.net\/wordpress\/wp-content\/uploads\/2024\/10\/Ad-Arredamont-ogni-metro-espositivo-e-interessante-300x200.jpg\" alt=\"\" width=\"159\" height=\"106\" srcset=\"https:\/\/www.radiopiu.net\/wordpress\/wp-content\/uploads\/2024\/10\/Ad-Arredamont-ogni-metro-espositivo-e-interessante-300x200.jpg 300w, https:\/\/www.radiopiu.net\/wordpress\/wp-content\/uploads\/2024\/10\/Ad-Arredamont-ogni-metro-espositivo-e-interessante-1024x682.jpg 1024w, https:\/\/www.radiopiu.net\/wordpress\/wp-content\/uploads\/2024\/10\/Ad-Arredamont-ogni-metro-espositivo-e-interessante-768x511.jpg 768w, https:\/\/www.radiopiu.net\/wordpress\/wp-content\/uploads\/2024\/10\/Ad-Arredamont-ogni-metro-espositivo-e-interessante-1536x1022.jpg 1536w, https:\/\/www.radiopiu.net\/wordpress\/wp-content\/uploads\/2024\/10\/Ad-Arredamont-ogni-metro-espositivo-e-interessante-2048x1363.jpg 2048w\" sizes=\"auto, (max-width: 159px) 100vw, 159px\" \/><\/a>LONGARONE<\/strong> Arredamont apre oggi, 26 ottobre, a Longarone Fiere Dolomiti, per la 46\u00aa edizione della fiera nazionale dedicata all\u2019arredamento in montagna, che durer\u00e0 fino al 3 novembre. Con 200 aziende da 12 regioni italiane e 8 Paesi esteri, offrir\u00e0 mobili, pavimenti, stufe, sistemi di riscaldamento, materiali per il restauro, e complementi d\u2019arredo. Durante il weekend, ci saranno dimostrazioni su intarsio e lavorazioni della terracotta, mentre la settimana sar\u00e0 ricca di workshop su bioedilizia e incentivi fiscali. Arte in Fiera Dolomiti completer\u00e0 l\u2019evento con esposizioni artistiche internazionali.<\/p>\n<p>&nbsp;<\/p>\n<p>&nbsp;<\/p>\n<hr \/>\n<p>&nbsp;<\/p>\n<blockquote>\n<h3>IL VILLAGGIO DELL&#8217;ARTIGIANATO AD ARREDAMONT<\/h3>\n<\/blockquote>\n<p><strong><a class=\"dt-pswp-item\" href=\"https:\/\/www.radiopiu.net\/wordpress\/wp-content\/uploads\/2022\/07\/CONFARTIGIANATO.png\" data-dt-img-description=\"\" data-large_image_width=\"1001\" data-large_image_height=\"431\"><img loading=\"lazy\" decoding=\"async\" class=\" wp-image-288229 alignleft\" src=\"https:\/\/www.radiopiu.net\/wordpress\/wp-content\/uploads\/2022\/07\/CONFARTIGIANATO-300x129.png\" alt=\"\" width=\"195\" height=\"84\" srcset=\"https:\/\/www.radiopiu.net\/wordpress\/wp-content\/uploads\/2022\/07\/CONFARTIGIANATO-300x129.png 300w, https:\/\/www.radiopiu.net\/wordpress\/wp-content\/uploads\/2022\/07\/CONFARTIGIANATO-768x331.png 768w, https:\/\/www.radiopiu.net\/wordpress\/wp-content\/uploads\/2022\/07\/CONFARTIGIANATO.png 1001w\" sizes=\"auto, (max-width: 195px) 100vw, 195px\" \/><\/a>BELLUNO<\/strong> Confartigianato Imprese Veneto e Belluno partecipa ad Arredamont, la fiera di arredamento in montagna di Longarone Fiere, con un intero \u201cVillaggio Confartigianato\u201d. L\u2019obiettivo \u00e8 sostenere le piccole imprese locali, offrendo loro spazi espositivi e un programma di incontri formativi su edilizia e artigianato. Nove aziende, di cui sei bellunesi, rappresentano un ampio spettro del settore casa, dimostrando la completezza del supporto dell&#8217;associazione. Secondo i dati del 2023, Belluno conta 450 imprese artigiane nel settore legno-arredo, con 1200 addetti, confermandosi un polo strategico per questo settore in Veneto.<\/p>\n<p>&nbsp;<\/p>\n<p>&nbsp;<\/p>\n<hr \/>\n<p>&nbsp;<\/p>\n<blockquote>\n<h3><a class=\"dt-pswp-item\" href=\"https:\/\/www.radiopiu.net\/wordpress\/wp-content\/uploads\/2024\/10\/GELATO.jpeg\" data-dt-img-description=\"\" data-large_image_width=\"1765\" data-large_image_height=\"1306\"><img loading=\"lazy\" decoding=\"async\" class=\" wp-image-415956 alignleft\" src=\"https:\/\/www.radiopiu.net\/wordpress\/wp-content\/uploads\/2024\/10\/GELATO-300x222.jpeg\" alt=\"\" width=\"185\" height=\"137\" srcset=\"https:\/\/www.radiopiu.net\/wordpress\/wp-content\/uploads\/2024\/10\/GELATO-300x222.jpeg 300w, https:\/\/www.radiopiu.net\/wordpress\/wp-content\/uploads\/2024\/10\/GELATO-1024x758.jpeg 1024w, https:\/\/www.radiopiu.net\/wordpress\/wp-content\/uploads\/2024\/10\/GELATO-768x568.jpeg 768w, https:\/\/www.radiopiu.net\/wordpress\/wp-content\/uploads\/2024\/10\/GELATO-1536x1137.jpeg 1536w, https:\/\/www.radiopiu.net\/wordpress\/wp-content\/uploads\/2024\/10\/GELATO.jpeg 1765w\" sizes=\"auto, (max-width: 185px) 100vw, 185px\" \/><\/a>MIG: 24 GELATIERI DA TUTTO IL MONDO PER UNA DEGUSTAZIONE UNICA<\/h3>\n<\/blockquote>\n<p><strong>LONGARONE<\/strong> Alla MIG di Longarone 2024, il Percorso del Gusto sar\u00e0 un\u2019esperienza unica per gli amanti del gelato artigianale, con 24 Maestri Gelatieri da tutto il mondo che presenteranno gusti esclusivi ispirati alle loro tradizioni e terre di origine. Per tre giorni, i visitatori potranno scoprire sapori inediti e intraprendere un viaggio sensoriale tra culture diverse. L\u2019evento vedr\u00e0 la partecipazione internazionale di gelatieri provenienti da Italia, Francia, Bulgaria, Germania, Cina, Giappone e altri Paesi, celebrando cos\u00ec l\u2019arte del gelato e il legame tra cultura e gusto.<\/p>\n<p>&nbsp;<\/p>\n<p>&nbsp;<\/p>\n<hr \/>\n<p>&nbsp;<\/p>\n<blockquote>\n<h3>ANCHE A LA VALLE LA DESMONTEGADA&#8230;DOPO 148 GIORNI DI MALGA<\/h3>\n<\/blockquote>\n<p><strong>LA VALLE<\/strong> E&#8217; finita la stagione in malga anche per Eddy &#8220;Bettina&#8221; Crose che stamattina ha chiuso le porte di Malga Caleda per scendere a valle con gli animali. Una stagione iniziata il 30 maggio e terminata dopo 148 giorni.<\/p>\n<p><a class=\"dt-pswp-item\" href=\"https:\/\/www.radiopiu.net\/wordpress\/wp-content\/uploads\/2024\/10\/04373b84-430b-4a05-92da-6a3e31370316.jpg\" data-dt-img-description=\"\" data-large_image_width=\"1536\" data-large_image_height=\"2040\"><img loading=\"lazy\" decoding=\"async\" class=\"alignnone size-medium wp-image-416313\" src=\"https:\/\/www.radiopiu.net\/wordpress\/wp-content\/uploads\/2024\/10\/04373b84-430b-4a05-92da-6a3e31370316-226x300.jpg\" alt=\"\" width=\"226\" height=\"300\" srcset=\"https:\/\/www.radiopiu.net\/wordpress\/wp-content\/uploads\/2024\/10\/04373b84-430b-4a05-92da-6a3e31370316-226x300.jpg 226w, https:\/\/www.radiopiu.net\/wordpress\/wp-content\/uploads\/2024\/10\/04373b84-430b-4a05-92da-6a3e31370316-771x1024.jpg 771w, https:\/\/www.radiopiu.net\/wordpress\/wp-content\/uploads\/2024\/10\/04373b84-430b-4a05-92da-6a3e31370316-768x1020.jpg 768w, https:\/\/www.radiopiu.net\/wordpress\/wp-content\/uploads\/2024\/10\/04373b84-430b-4a05-92da-6a3e31370316-1157x1536.jpg 1157w, https:\/\/www.radiopiu.net\/wordpress\/wp-content\/uploads\/2024\/10\/04373b84-430b-4a05-92da-6a3e31370316.jpg 1536w\" sizes=\"auto, (max-width: 226px) 100vw, 226px\" \/><\/a><a class=\"dt-pswp-item\" href=\"https:\/\/www.radiopiu.net\/wordpress\/wp-content\/uploads\/2024\/10\/9d9b674b-6bfc-4d83-ba71-4a954021d1b2.jpg\" data-dt-img-description=\"\" data-large_image_width=\"1536\" data-large_image_height=\"2040\"><img loading=\"lazy\" decoding=\"async\" class=\"alignnone size-medium wp-image-416314\" src=\"https:\/\/www.radiopiu.net\/wordpress\/wp-content\/uploads\/2024\/10\/9d9b674b-6bfc-4d83-ba71-4a954021d1b2-226x300.jpg\" alt=\"\" width=\"226\" height=\"300\" srcset=\"https:\/\/www.radiopiu.net\/wordpress\/wp-content\/uploads\/2024\/10\/9d9b674b-6bfc-4d83-ba71-4a954021d1b2-226x300.jpg 226w, https:\/\/www.radiopiu.net\/wordpress\/wp-content\/uploads\/2024\/10\/9d9b674b-6bfc-4d83-ba71-4a954021d1b2-771x1024.jpg 771w, https:\/\/www.radiopiu.net\/wordpress\/wp-content\/uploads\/2024\/10\/9d9b674b-6bfc-4d83-ba71-4a954021d1b2-768x1020.jpg 768w, https:\/\/www.radiopiu.net\/wordpress\/wp-content\/uploads\/2024\/10\/9d9b674b-6bfc-4d83-ba71-4a954021d1b2-1157x1536.jpg 1157w, https:\/\/www.radiopiu.net\/wordpress\/wp-content\/uploads\/2024\/10\/9d9b674b-6bfc-4d83-ba71-4a954021d1b2.jpg 1536w\" sizes=\"auto, (max-width: 226px) 100vw, 226px\" \/><\/a><a class=\"dt-pswp-item\" href=\"https:\/\/www.radiopiu.net\/wordpress\/wp-content\/uploads\/2024\/10\/56e2c162-945e-4bd1-ac6c-f2fa2e0e7097.jpg\" data-dt-img-description=\"\" data-large_image_width=\"1536\" data-large_image_height=\"2040\"><img loading=\"lazy\" decoding=\"async\" class=\"alignnone size-medium wp-image-416315\" src=\"https:\/\/www.radiopiu.net\/wordpress\/wp-content\/uploads\/2024\/10\/56e2c162-945e-4bd1-ac6c-f2fa2e0e7097-226x300.jpg\" alt=\"\" width=\"226\" height=\"300\" srcset=\"https:\/\/www.radiopiu.net\/wordpress\/wp-content\/uploads\/2024\/10\/56e2c162-945e-4bd1-ac6c-f2fa2e0e7097-226x300.jpg 226w, https:\/\/www.radiopiu.net\/wordpress\/wp-content\/uploads\/2024\/10\/56e2c162-945e-4bd1-ac6c-f2fa2e0e7097-771x1024.jpg 771w, https:\/\/www.radiopiu.net\/wordpress\/wp-content\/uploads\/2024\/10\/56e2c162-945e-4bd1-ac6c-f2fa2e0e7097-768x1020.jpg 768w, https:\/\/www.radiopiu.net\/wordpress\/wp-content\/uploads\/2024\/10\/56e2c162-945e-4bd1-ac6c-f2fa2e0e7097-1157x1536.jpg 1157w, https:\/\/www.radiopiu.net\/wordpress\/wp-content\/uploads\/2024\/10\/56e2c162-945e-4bd1-ac6c-f2fa2e0e7097.jpg 1536w\" sizes=\"auto, (max-width: 226px) 100vw, 226px\" \/><\/a><a class=\"dt-pswp-item\" href=\"https:\/\/www.radiopiu.net\/wordpress\/wp-content\/uploads\/2024\/10\/6ce3b3ff-b8f7-4377-b21c-c15870efe0cf.jpg\" data-dt-img-description=\"\" data-large_image_width=\"1536\" data-large_image_height=\"2040\"><img loading=\"lazy\" decoding=\"async\" class=\"alignnone size-medium wp-image-416316\" src=\"https:\/\/www.radiopiu.net\/wordpress\/wp-content\/uploads\/2024\/10\/6ce3b3ff-b8f7-4377-b21c-c15870efe0cf-226x300.jpg\" alt=\"\" width=\"226\" height=\"300\" srcset=\"https:\/\/www.radiopiu.net\/wordpress\/wp-content\/uploads\/2024\/10\/6ce3b3ff-b8f7-4377-b21c-c15870efe0cf-226x300.jpg 226w, https:\/\/www.radiopiu.net\/wordpress\/wp-content\/uploads\/2024\/10\/6ce3b3ff-b8f7-4377-b21c-c15870efe0cf-771x1024.jpg 771w, https:\/\/www.radiopiu.net\/wordpress\/wp-content\/uploads\/2024\/10\/6ce3b3ff-b8f7-4377-b21c-c15870efe0cf-768x1020.jpg 768w, https:\/\/www.radiopiu.net\/wordpress\/wp-content\/uploads\/2024\/10\/6ce3b3ff-b8f7-4377-b21c-c15870efe0cf-1157x1536.jpg 1157w, https:\/\/www.radiopiu.net\/wordpress\/wp-content\/uploads\/2024\/10\/6ce3b3ff-b8f7-4377-b21c-c15870efe0cf.jpg 1536w\" sizes=\"auto, (max-width: 226px) 100vw, 226px\" \/><\/a><\/p>\n<p>&nbsp;<\/p>\n<div style=\"width: 848px;\" class=\"wp-video\"><video class=\"wp-video-shortcode\" id=\"video-416283-3\" width=\"848\" height=\"480\" preload=\"metadata\" controls=\"controls\"><source type=\"video\/mp4\" src=\"https:\/\/www.radiopiu.net\/wordpress\/wp-content\/uploads\/2024\/10\/WhatsApp-Video-2024-10-25-at-09.53.39.mp4?_=3\" \/><a href=\"https:\/\/www.radiopiu.net\/wordpress\/wp-content\/uploads\/2024\/10\/WhatsApp-Video-2024-10-25-at-09.53.39.mp4\">https:\/\/www.radiopiu.net\/wordpress\/wp-content\/uploads\/2024\/10\/WhatsApp-Video-2024-10-25-at-09.53.39.mp4<\/a><\/video><\/div>\n<p>&nbsp;<\/p>\n<hr \/>\n<p>&nbsp;<\/p>\n<blockquote>\n<h3>UNA DONAZIONE DI 1500 EURO AL COMITATO D&#8217;INTESA<\/h3>\n<\/blockquote>\n<p><strong><a class=\"dt-pswp-item\" href=\"https:\/\/www.radiopiu.net\/wordpress\/wp-content\/uploads\/2024\/10\/Un-momento-della-donazione.jpg\" data-dt-img-description=\"\" data-large_image_width=\"1024\" data-large_image_height=\"768\"><img loading=\"lazy\" decoding=\"async\" class=\" wp-image-416358 alignleft\" src=\"https:\/\/www.radiopiu.net\/wordpress\/wp-content\/uploads\/2024\/10\/Un-momento-della-donazione-300x225.jpg\" alt=\"\" width=\"167\" height=\"125\" srcset=\"https:\/\/www.radiopiu.net\/wordpress\/wp-content\/uploads\/2024\/10\/Un-momento-della-donazione-300x225.jpg 300w, https:\/\/www.radiopiu.net\/wordpress\/wp-content\/uploads\/2024\/10\/Un-momento-della-donazione-768x576.jpg 768w, https:\/\/www.radiopiu.net\/wordpress\/wp-content\/uploads\/2024\/10\/Un-momento-della-donazione.jpg 1024w\" sizes=\"auto, (max-width: 167px) 100vw, 167px\" \/><\/a>BELLUNO<\/strong> La societ\u00e0 bocciofila Quadrifoglio Salce ha donato 1500 euro al Comitato d&#8217;Intesa, frutto dei proventi di due gare di \u201cpallinetto\u201d solidale tenutesi il 29 settembre a Salce: il memorial \u201cDino Gava\u201d e il \u201cRenato Trevisson\u201d. La donazione, simbolicamente consegnata dal vicepresidente della bocciofila Roberto Broi al vicepresidente del Comitato Renzo Andrich, contribuir\u00e0 a sostenere le iniziative di volontariato per la comunit\u00e0 bellunese. Il Comitato d\u2019Intesa ha ringraziato tutti coloro che hanno partecipato e collaborato all\u2019evento, un gesto che offre supporto economico e stimolo per continuare a lavorare per le fragilit\u00e0 sociali locali.<\/p>\n<p>&nbsp;<\/p>\n<p>&nbsp;<\/p>\n<hr \/>\n<p>&nbsp;<\/p>\n<blockquote>\n<h3><a class=\"dt-pswp-item\" href=\"https:\/\/www.radiopiu.net\/wordpress\/wp-content\/uploads\/2024\/10\/image015.jpg\" data-dt-img-description=\"\" data-large_image_width=\"401\" data-large_image_height=\"307\"><img loading=\"lazy\" decoding=\"async\" class=\" wp-image-416361 alignleft\" src=\"https:\/\/www.radiopiu.net\/wordpress\/wp-content\/uploads\/2024\/10\/image015-300x230.jpg\" alt=\"\" width=\"127\" height=\"97\" srcset=\"https:\/\/www.radiopiu.net\/wordpress\/wp-content\/uploads\/2024\/10\/image015-300x230.jpg 300w, https:\/\/www.radiopiu.net\/wordpress\/wp-content\/uploads\/2024\/10\/image015.jpg 401w\" sizes=\"auto, (max-width: 127px) 100vw, 127px\" \/><\/a>RIAPERTO L&#8217;UFFICIO POSTALE DI FONZASO<\/h3>\n<\/blockquote>\n<p><strong>BELLUNO<\/strong> L\u2019ufficio postale di Fonzaso \u00e8 stato riaperto ieri mattina. Sono infatti terminati, nei giorni scorsi, i lavori di ristrutturazione della sede di piazza Chiesa,<\/p>\n<p>&nbsp;<\/p>\n<p>&nbsp;<\/p>\n<hr \/>\n<p>&nbsp;<\/p>\n<blockquote>\n<h3>RACCONTARE L&#8217;EMIGRAZIONE VENETA CON L&#8217;ABM<\/h3>\n<\/blockquote>\n<p><strong><a class=\"dt-pswp-item\" href=\"https:\/\/www.radiopiu.net\/wordpress\/wp-content\/uploads\/2023\/11\/cartolina_promo_concorso_emi_abm.jpeg\" data-dt-img-description=\"\" data-large_image_width=\"886\" data-large_image_height=\"591\"><img loading=\"lazy\" decoding=\"async\" class=\" wp-image-362629 alignleft\" src=\"https:\/\/www.radiopiu.net\/wordpress\/wp-content\/uploads\/2023\/11\/cartolina_promo_concorso_emi_abm-300x200.jpeg\" alt=\"\" width=\"153\" height=\"102\" srcset=\"https:\/\/www.radiopiu.net\/wordpress\/wp-content\/uploads\/2023\/11\/cartolina_promo_concorso_emi_abm-300x200.jpeg 300w, https:\/\/www.radiopiu.net\/wordpress\/wp-content\/uploads\/2023\/11\/cartolina_promo_concorso_emi_abm-768x512.jpeg 768w, https:\/\/www.radiopiu.net\/wordpress\/wp-content\/uploads\/2023\/11\/cartolina_promo_concorso_emi_abm.jpeg 886w\" sizes=\"auto, (max-width: 153px) 100vw, 153px\" \/><\/a>BELLUNO<\/strong> La terza edizione del concorso letterario &#8220;Raccontare l\u2019emigrazione veneta&#8221;, organizzato dall&#8217;Associazione Bellunesi nel Mondo, \u00e8 aperta fino a luned\u00ec 4 novembre 2024. Il concorso invita aspiranti scrittori a inviare racconti inediti e originali, realistici o di fantasia, incentrati sull&#8217;esperienza dell&#8217;emigrazione veneta. La partecipazione \u00e8 gratuita e riservata a chi ha compiuto almeno 16 anni. Ogni autore pu\u00f2 presentare un solo racconto (10.000-25.000 battute). Una giuria selezioner\u00e0 i finalisti e i primi tre classificati riceveranno premi in denaro, con la pubblicazione dei racconti finalisti. La premiazione si terr\u00e0 il 14 dicembre a Belluno.<\/p>\n<p>&nbsp;<\/p>\n<hr \/>\n<p>&nbsp;<\/p>\n<p>&nbsp;<\/p>\n<blockquote>\n<h1>Pellegrinaggio per ricordare il distacco diocesano<\/h1>\n<\/blockquote>\n<p><strong>LIVINALLONGO<\/strong><\/p>\n<div class=\"flex max-w-full flex-col flex-grow\">\n<div class=\"min-h-8 text-message flex w-full flex-col items-end gap-2 whitespace-normal break-words [.text-message+&amp;]:mt-5\" dir=\"auto\" data-message-author-role=\"assistant\" data-message-id=\"02640257-cc04-4496-9630-6a43c2bfb45e\" data-message-model-slug=\"gpt-4o\">\n<div class=\"flex w-full flex-col gap-1 empty:hidden first:pt-[3px]\">\n<div class=\"markdown prose w-full break-words dark:prose-invert dark\">\n<p>A 60 anni dal distacco dalla diocesi di Bressanone, le comunit\u00e0 ladine organizzano un pellegrinaggio commemorativo.<\/p>\n<p>DI LORENZO SORATROI<\/p>\n<audio class=\"wp-audio-shortcode\" id=\"audio-416283-11\" preload=\"none\" style=\"width: 100%;\" controls=\"controls\"><source type=\"audio\/mpeg\" src=\"https:\/\/www.radiopiu.net\/wordpress\/wp-content\/uploads\/2024\/10\/LADINI-LORENZO.mp3?_=11\" \/><a href=\"https:\/\/www.radiopiu.net\/wordpress\/wp-content\/uploads\/2024\/10\/LADINI-LORENZO.mp3\">https:\/\/www.radiopiu.net\/wordpress\/wp-content\/uploads\/2024\/10\/LADINI-LORENZO.mp3<\/a><\/audio>\n<p>&nbsp;<\/p>\n<p>&nbsp;<\/p>\n<p><img decoding=\"async\" src=\"https:\/\/www.radiopiu.net\/wordpress\/wp-content\/uploads\/2024\/10\/Senza-nome-119.png\" \/><\/p>\n<p>&nbsp;<\/p>\n<p>&nbsp;<\/p>\n<\/div>\n<\/div>\n<\/div>\n<\/div>\n<hr \/>\n<p>&nbsp;<\/p>\n<blockquote>\n<h3><img loading=\"lazy\" decoding=\"async\" class=\"alignleft\" src=\"https:\/\/www.radiopiu.net\/wordpress\/wp-content\/uploads\/2024\/10\/463982801_10226908307038281_6424851984563352830_n.jpg\" width=\"144\" height=\"203\" \/>UN VIAGGIO NELLA MUSICA ANNI SESSANTA E SETTANTA, &#8220;OPERAZIONE NOSTALGIA&#8221;,<\/h3>\n<\/blockquote>\n<p>&nbsp;<\/p>\n<p><strong>AGORDO<\/strong>\u00a0INCURSIONE NEI DECENNI SUCCESSIVI DEL SECOLO SCORSO Elisa Forcellini voce, <span class=\"html-span xdj266r x11i5rnm xat24cr x1mh8g0r xexx8yu x4uap5 x18d9i69 xkhd6sd x1hl2dhg x16tdsg8 x1vvkbs\"><a class=\"x1i10hfl xjbqb8w x1ejq31n xd10rxx x1sy0etr x17r0tee x972fbf xcfux6l x1qhh985 xm0m39n x9f619 x1ypdohk xt0psk2 xe8uvvx xdj266r x11i5rnm xat24cr x1mh8g0r xexx8yu x4uap5 x18d9i69 xkhd6sd x16tdsg8 x1hl2dhg xggy1nq x1a2a7pz x1sur9pj xkrqix3 x1fey0fg x1s688f\" tabindex=\"0\" role=\"link\" href=\"https:\/\/www.facebook.com\/karin.serafini.12?__cft__[0]=AZUS6w-16Ia-jI9bcg7qdsPkS68JCUPOt_Xuv68gElfxirAioFxkGfr9F7TMRlkcx1eLqq4qMjrB_TKQ8HlftDiEv4JV5OQF90tgTXCCBJJ1eNCQHgmp0hzB6raZctEWzHGoETriWhmxVYkKyY-AnYiE3NzGcFnh-hMcANqoZ4dpzMdJdJTy2yiv75vrq41fWxA&amp;__tn__=-]K-y-R\"><span class=\"xt0psk2\">Karin Serafini<\/span><\/a><\/span> basso e voce, Ezio De Zaiacomo tastiere, Graziano Sirena percussioni e voce, <span class=\"html-span xdj266r x11i5rnm xat24cr x1mh8g0r xexx8yu x4uap5 x18d9i69 xkhd6sd x1hl2dhg x16tdsg8 x1vvkbs\"><a class=\"x1i10hfl xjbqb8w x1ejq31n xd10rxx x1sy0etr x17r0tee x972fbf xcfux6l x1qhh985 xm0m39n x9f619 x1ypdohk xt0psk2 xe8uvvx xdj266r x11i5rnm xat24cr x1mh8g0r xexx8yu x4uap5 x18d9i69 xkhd6sd x16tdsg8 x1hl2dhg xggy1nq x1a2a7pz x1sur9pj xkrqix3 x1fey0fg x1s688f\" tabindex=\"0\" role=\"link\" href=\"https:\/\/www.facebook.com\/cosmo.forcella?__cft__[0]=AZUS6w-16Ia-jI9bcg7qdsPkS68JCUPOt_Xuv68gElfxirAioFxkGfr9F7TMRlkcx1eLqq4qMjrB_TKQ8HlftDiEv4JV5OQF90tgTXCCBJJ1eNCQHgmp0hzB6raZctEWzHGoETriWhmxVYkKyY-AnYiE3NzGcFnh-hMcANqoZ4dpzMdJdJTy2yiv75vrq41fWxA&amp;__tn__=-]K-y-R\"><span class=\"xt0psk2\">Cosmo Forcella<\/span><\/a><\/span> batteria e voce, Loris Scussel chitarre e voce<\/p>\n<p><strong>di GIANNI SANTOMASO<\/strong><\/p>\n<audio class=\"wp-audio-shortcode\" id=\"audio-416283-12\" preload=\"none\" style=\"width: 100%;\" controls=\"controls\"><source type=\"audio\/mpeg\" src=\"https:\/\/www.radiopiu.net\/wordpress\/wp-content\/uploads\/2024\/10\/GIANNI-OPERAZIONE-COLLAGE.mp3?_=12\" \/><a href=\"https:\/\/www.radiopiu.net\/wordpress\/wp-content\/uploads\/2024\/10\/GIANNI-OPERAZIONE-COLLAGE.mp3\">https:\/\/www.radiopiu.net\/wordpress\/wp-content\/uploads\/2024\/10\/GIANNI-OPERAZIONE-COLLAGE.mp3<\/a><\/audio>\n<p>&nbsp;<\/p>\n<p>&nbsp;<\/p>\n<hr \/>\n<p>&nbsp;<\/p>\n<blockquote><p><strong><a class=\"dt-pswp-item\" href=\"https:\/\/www.radiopiu.net\/wordpress\/wp-content\/uploads\/2021\/11\/ASAC-VENETO.png\" data-dt-img-description=\"\" data-large_image_width=\"534\" data-large_image_height=\"298\"><img loading=\"lazy\" decoding=\"async\" class=\"size-medium wp-image-241021 alignleft\" src=\"https:\/\/www.radiopiu.net\/wordpress\/wp-content\/uploads\/2021\/11\/ASAC-VENETO-300x167.png\" alt=\"\" width=\"300\" height=\"167\" srcset=\"https:\/\/www.radiopiu.net\/wordpress\/wp-content\/uploads\/2021\/11\/ASAC-VENETO-300x167.png 300w, https:\/\/www.radiopiu.net\/wordpress\/wp-content\/uploads\/2021\/11\/ASAC-VENETO.png 534w\" sizes=\"auto, (max-width: 300px) 100vw, 300px\" \/><\/a>&#8220;Cori in gara a Belluno per il Festival della Coralit\u00e0 Veneta&#8221;<\/strong><\/p><\/blockquote>\n<p><strong>BELLUNO<\/strong> Questo fine settimana, Belluno ospita la quarta edizione del Festival della Coralit\u00e0 Veneta, organizzato dall&#8217;ASAC Veneto, guidata da Alessandro Raschi. Domenica 27 ottobre si terranno le audizioni delle categorie competitive all&#8217;Auditorium del Seminario Gregoriano, con cori provenienti da diverse province del Veneto. Nel pomeriggio si esibiranno gruppi vocali pop, jazz, gospel e spiritual, mentre le audizioni delle composizioni sacre si svolgeranno nella chiesa di S. Pietro. La serata si concluder\u00e0 con il Concerto di gala al Teatro Dino Buzzati e l&#8217;assegnazione del Gran Premio del Festival, insieme al premio della critica \u201cCarlo Bologna\u201d.<\/p>\n<p>&nbsp;<\/p>\n<p>&nbsp;<\/p>\n<hr \/>\n<p>&nbsp;<\/p>\n<blockquote><p><strong>&#8220;Ciclismo e tecnologia: pianificare la traccia perfetta&#8221;<\/strong><\/p><\/blockquote>\n<p><a class=\"dt-pswp-item\" href=\"https:\/\/www.radiopiu.net\/wordpress\/wp-content\/uploads\/2024\/10\/Da-sx-Mares-Luca-con-Girlanda-Andrea-scaled.jpg\" data-dt-img-description=\"\" data-large_image_width=\"2560\" data-large_image_height=\"1920\"><img loading=\"lazy\" decoding=\"async\" class=\" wp-image-416370 alignleft\" src=\"https:\/\/www.radiopiu.net\/wordpress\/wp-content\/uploads\/2024\/10\/Da-sx-Mares-Luca-con-Girlanda-Andrea-300x225.jpg\" alt=\"\" width=\"180\" height=\"135\" srcset=\"https:\/\/www.radiopiu.net\/wordpress\/wp-content\/uploads\/2024\/10\/Da-sx-Mares-Luca-con-Girlanda-Andrea-300x225.jpg 300w, https:\/\/www.radiopiu.net\/wordpress\/wp-content\/uploads\/2024\/10\/Da-sx-Mares-Luca-con-Girlanda-Andrea-1024x768.jpg 1024w, https:\/\/www.radiopiu.net\/wordpress\/wp-content\/uploads\/2024\/10\/Da-sx-Mares-Luca-con-Girlanda-Andrea-768x576.jpg 768w, https:\/\/www.radiopiu.net\/wordpress\/wp-content\/uploads\/2024\/10\/Da-sx-Mares-Luca-con-Girlanda-Andrea-1536x1152.jpg 1536w, https:\/\/www.radiopiu.net\/wordpress\/wp-content\/uploads\/2024\/10\/Da-sx-Mares-Luca-con-Girlanda-Andrea-2048x1536.jpg 2048w\" sizes=\"auto, (max-width: 180px) 100vw, 180px\" \/><\/a> Proseguono gli incontri della OLTRE Team Academy. Marted\u00ec\u00a0 alle 20.30, da Robi Bike &amp; Sport, si terr\u00e0 un incontro dedicato alla pianificazione della &#8220;traccia perfetta&#8221; per cicloviaggi e allenamenti. Andrea Girlanda, community manager di Komoot, illustrer\u00e0 ai ciclisti come usare l\u2019app per pianificare percorsi in sicurezza, esplorando nuovi scenari. Komoot, applicazione per sport outdoor, permette di registrare e ottimizzare le attivit\u00e0 con dettagli su dislivelli, fondo stradale e percorsi alternativi. L&#8217;incontro \u00e8 gratuito e aperto al pubblico, con informazioni disponibili su <a href=\"http:\/\/www.oltreteam.it\" target=\"_new\" rel=\"noopener\">www.oltreteam.it<\/a>.<\/p>\n<p>foto Da sinistra Luca Mares con Andrea\u00a0 Girlanda<\/p>\n<p>&nbsp;<\/p>\n<hr \/>\n<p>&nbsp;<\/p>\n<blockquote>\n<h1>Servizio Assistenza Domiciliare Infermieristica (ADI) di Agordo: nuova sede<\/h1>\n<\/blockquote>\n<p><strong><img loading=\"lazy\" decoding=\"async\" class=\"alignleft\" src=\"https:\/\/www.radiopiu.net\/wordpress\/wp-content\/uploads\/2024\/10\/Senza-nome-113.png\" width=\"302\" height=\"199\" \/>AGORDO <\/strong>A partire da luned\u00ec 28 ottobre 2024 il servizio di Assistenza Domiciliare Infermieristica (ADI) del distretto di Agordo sar\u00e0 trasferito nella nuova sede al primo piano del blocco F dell\u2019Ospedale di Agordo &#8211; ex Palazzina Anziani Inabili (entrata fronte portineria).<\/p>\n<p>Nulla cambia per gli utenti che potranno contattare il servizio di Assistenza Domiciliare Infermieristica chiamando il numero <strong>0437 645325<\/strong>, con accesso previo contatto telefonico nella fascia oraria dalle 8.30 alle 15.30.<\/p>\n<p>&nbsp;<\/p>\n<p>&nbsp;<\/p>\n<hr \/>\n<p>&nbsp;<\/p>\n<blockquote>\n<h3>Gioco d\u2019azzardo: da Agordo le iniziative della Ulss Dolomiti<\/h3>\n<\/blockquote>\n<div class=\"flex max-w-full flex-col flex-grow\">\n<div class=\"min-h-8 text-message flex w-full flex-col items-end gap-2 whitespace-normal break-words [.text-message+&amp;]:mt-5\" dir=\"auto\" data-message-author-role=\"assistant\" data-message-id=\"77597db1-bd95-40e9-8a97-b421eeaa3938\" data-message-model-slug=\"gpt-4o\">\n<div class=\"flex w-full flex-col gap-1 empty:hidden first:pt-[3px]\">\n<div class=\"markdown prose w-full break-words dark:prose-invert dark\">\n<div class=\"flex max-w-full flex-col flex-grow\">\n<div class=\"min-h-8 text-message flex w-full flex-col items-end gap-2 whitespace-normal break-words [.text-message+&amp;]:mt-5\" dir=\"auto\" data-message-author-role=\"assistant\" data-message-id=\"77597db1-bd95-40e9-8a97-b421eeaa3938\" data-message-model-slug=\"gpt-4o\">\n<div class=\"flex w-full flex-col gap-1 empty:hidden first:pt-[3px]\">\n<div class=\"markdown prose w-full break-words dark:prose-invert dark\">\n<p><strong><img loading=\"lazy\" decoding=\"async\" class=\"alignleft\" src=\"https:\/\/www.radiopiu.net\/wordpress\/wp-content\/uploads\/2021\/11\/game-hell-439523__340.webp\" width=\"181\" height=\"136\" \/>AGORDO<\/strong> Nell\u2019ambito del Progetto Aziendale per il contrasto al Gioco d&#8217;Azzardo, il Dipartimento per le Dipendenze dell&#8217;Ulss Dolomiti, in collaborazione con enti locali e associazioni, avvia una serie di incontri di sensibilizzazione. Il primo appuntamento, intitolato &#8220;Il nostro denaro: l&#8217;azzardo, un gioco a perdere!&#8221;, si terr\u00e0 luned\u00ec 28 ottobre alle 20.00 ad Agordo, presso la sala don Tamis. Successivamente, il format sar\u00e0 riproposto in Cadore, Alpago e nel feltrino. L\u2019obiettivo \u00e8 sensibilizzare la popolazione, coinvolgendo persone affette da problematiche legate al gioco e i loro familiari, partendo dalle difficolt\u00e0 nella gestione del denaro, spesso segnale di dipendenza. Le associazioni locali sono attivamente coinvolte nell\u2019organizzazione delle serate<\/p>\n<\/div>\n<\/div>\n<\/div>\n<\/div>\n<div class=\"flex-shrink-0 flex flex-col relative items-end\">\n<div class=\"pt-0\">\n<div class=\"gizmo-bot-avatar flex h-8 w-8 items-center justify-center overflow-hidden rounded-full\">\n<div class=\"relative p-1 rounded-sm flex items-center justify-center bg-token-main-surface-primary text-token-text-primary h-8 w-8\">\n<p>&nbsp;<\/p>\n<p>&nbsp;<\/p>\n<blockquote>\n<h2><img loading=\"lazy\" decoding=\"async\" class=\"alignleft\" src=\"https:\/\/www.radiopiu.net\/wordpress\/wp-content\/uploads\/2024\/10\/a.png\" width=\"172\" height=\"105\" \/>L&#8217;AZZARDO, GIOCO A PERDERE. LUNEDI IN SALA DON TAMIS L&#8217;INCONTRO PUBBLICO<\/h2>\n<\/blockquote>\n<p>&nbsp;<\/p>\n<p>&nbsp;<\/p>\n<p><strong>AGORDO<\/strong><\/p>\n<p><strong>DI GIANNI SANTOMASO<\/strong><\/p>\n<audio class=\"wp-audio-shortcode\" id=\"audio-416283-13\" preload=\"none\" style=\"width: 100%;\" controls=\"controls\"><source type=\"audio\/mpeg\" src=\"https:\/\/www.radiopiu.net\/wordpress\/wp-content\/uploads\/2024\/10\/GIANNI-AZZARDO.mp3?_=13\" \/><a href=\"https:\/\/www.radiopiu.net\/wordpress\/wp-content\/uploads\/2024\/10\/GIANNI-AZZARDO.mp3\">https:\/\/www.radiopiu.net\/wordpress\/wp-content\/uploads\/2024\/10\/GIANNI-AZZARDO.mp3<\/a><\/audio>\n<h2><span style=\"color: #ff0000;\"><strong>\u00a0<\/strong><\/span><\/h2>\n<\/div>\n<\/div>\n<\/div>\n<\/div>\n<\/div>\n<\/div>\n<\/div>\n<\/div>\n<p>&nbsp;<\/p>\n<hr \/>\n<p>&nbsp;<\/p>\n<blockquote>\n<h2>Campagna vaccinale antinfluenzale: primo Open Day Regionale<\/h2>\n<\/blockquote>\n<p><strong><img loading=\"lazy\" decoding=\"async\" class=\"alignleft\" src=\"https:\/\/www.radiopiu.net\/wordpress\/wp-content\/uploads\/2018\/08\/ULSS1-DOLOMITI.jpeg\" width=\"239\" height=\"143\" \/>BELLUNO<\/strong><\/p>\n<p>Nell\u2019ambito della campagna vaccinale antinfluenzale, iniziata il 7 ottobre, la Regione ha organizzato due giornate di \u201cOpen day\u201d dedicate alla vaccinazione anti-influenzale e anti-Covid19. Il primo Open Day si terr\u00e0 sabato 26 ottobre 2024 in varie sedi:<strong>9.00 &#8211; 12.30<\/strong>: Tai di Cadore (Sala Coletti), Agordo (Sala Don Tamis)<strong>14.00 &#8211; 17.30<\/strong>: Salce, Belluno, Ospedale di Feltre (Padiglione Gaggia) L\u2019accesso \u00e8 libero o su prenotazione per tutte le persone dai 12 anni in su. I dati attuali indicano un buon tasso di adesione, con il 13% degli over 65 gi\u00e0 vaccinati contro l\u2019influenza. Finora sono state somministrate 8.258 dosi di vaccino anti-influenzale e 1.022 contro il Covid19. Per informazioni, contattare <strong>0437 514343<\/strong> o visitare i link indicati nel sito dell\u2019Ulss 1.<\/p>\n<p><strong>SULLE RADIO: PIU&#8217; E CLUB 103\u00a0<\/strong><\/p>\n<audio class=\"wp-audio-shortcode\" id=\"audio-416283-14\" preload=\"none\" style=\"width: 100%;\" controls=\"controls\"><source type=\"audio\/mpeg\" src=\"https:\/\/www.radiopiu.net\/wordpress\/wp-content\/uploads\/2024\/10\/campagna-vaccinale.mp3?_=14\" \/><a href=\"https:\/\/www.radiopiu.net\/wordpress\/wp-content\/uploads\/2024\/10\/campagna-vaccinale.mp3\">https:\/\/www.radiopiu.net\/wordpress\/wp-content\/uploads\/2024\/10\/campagna-vaccinale.mp3<\/a><\/audio>\n<p>&nbsp;<\/p>\n<p>&nbsp;<\/p>\n<hr \/>\n<p>&nbsp;<\/p>\n<blockquote>\n<h3>Giornata Nazionale della Mediazione Familiare: Incontro Informativo a Belluno<\/h3>\n<\/blockquote>\n<p><strong><a class=\"dt-pswp-item\" href=\"https:\/\/www.radiopiu.net\/wordpress\/wp-content\/uploads\/2021\/03\/ULSS-1.jpg\" data-dt-img-description=\"\" data-large_image_width=\"776\" data-large_image_height=\"408\"><img loading=\"lazy\" decoding=\"async\" class=\" wp-image-198838 alignleft\" src=\"https:\/\/www.radiopiu.net\/wordpress\/wp-content\/uploads\/2021\/03\/ULSS-1-300x158.jpg\" alt=\"\" width=\"256\" height=\"135\" srcset=\"https:\/\/www.radiopiu.net\/wordpress\/wp-content\/uploads\/2021\/03\/ULSS-1-300x158.jpg 300w, https:\/\/www.radiopiu.net\/wordpress\/wp-content\/uploads\/2021\/03\/ULSS-1-768x404.jpg 768w, https:\/\/www.radiopiu.net\/wordpress\/wp-content\/uploads\/2021\/03\/ULSS-1.jpg 776w\" sizes=\"auto, (max-width: 256px) 100vw, 256px\" \/><\/a>BELLUNO<\/strong> Mercoled\u00ec 30 ottobre 2024, dalle 13.45 alle 18.30, si svolger\u00e0 un incontro di sensibilizzazione sulla Mediazione Familiare, promosso dal Tavolo Interistituzionale Mediazione Familiare. L\u2019evento, intitolato &#8220;La mediazione Familiare nel nuovo processo &#8211; L&#8217;intervento con le coppie ad alta conflittualit\u00e0&#8221;, si terr\u00e0 presso la Sala Riunioni dell\u2019Ospedale San Martino di Belluno. Destinato a professionisti, avvocati e cittadini, l&#8217;incontro vedr\u00e0 la partecipazione di esperti del settore, tra cui Maria Costanza Marzotto Caotorta, Liala Bon e Umberto Giacomelli. Moderato da Lisa Dal Bo, l&#8217;evento esplorer\u00e0 le risorse della mediazione nei conflitti familiari. Per iscriversi, contattare: <a rel=\"noopener\">consultoriofamiliare.bl@aulss1.veneto.it<\/a>.<\/p>\n<p>&nbsp;<\/p>\n<hr \/>\n<p>&nbsp;<\/p>\n<h1 class=\"_title post-title entry-title\"><strong><a class=\"dt-pswp-item\" href=\"https:\/\/www.radiopiu.net\/wordpress\/wp-content\/uploads\/2023\/12\/ANTENNA.png\" data-dt-img-description=\"\" data-large_image_width=\"300\" data-large_image_height=\"166\"><img loading=\"lazy\" decoding=\"async\" class=\" wp-image-366306 alignleft\" src=\"https:\/\/www.radiopiu.net\/wordpress\/wp-content\/uploads\/2023\/12\/ANTENNA.png\" alt=\"\" width=\"175\" height=\"97\" \/><\/a><\/strong><\/h1>\n<h1 class=\"_title post-title entry-title\">BELLUNO | LA TRADIZIONE DEL LEGNO RIVIVE IN CITTA\u2019: DAL 5 NOVEMBRE VIA ALL\u2019EX TEMPORE<\/h1>\n<p>Intervistati ANDREA DAL PONT (PRESIDENTE CONSORZIO BELLUNO CENTRO STORICO), PAOLO LUCIANI (ASSESSORE TURISMO COMUNE DI BELLUNO) (Servizio di\u00a0<a href=\"https:\/\/antennatre.medianordest.it\/redazione\/Tiziana-Bolognani\/\">Tiziana Bolognani<\/a>)<\/p>\n<p><iframe loading=\"lazy\" title=\"LA TRADIZIONE DEL LEGNO RIVIVE IN CITTA&#039;: DAL 5 NOVEMBRE VIA ALL&#039;EX TEMPORE | 25\/10\/2024\" width=\"1200\" height=\"675\" src=\"https:\/\/www.youtube.com\/embed\/NNd9eJ0LwIs?feature=oembed\" frameborder=\"0\" allow=\"accelerometer; autoplay; clipboard-write; encrypted-media; gyroscope; picture-in-picture; web-share\" referrerpolicy=\"strict-origin-when-cross-origin\" allowfullscreen><\/iframe><\/p>\n<p>&nbsp;<\/p>\n<hr \/>\n<p>&nbsp;<\/p>\n<blockquote>\n<h2><span style=\"color: #000000;\">FAMIGLIA AGORDINA EX EMIGRANTI: DOMANI LA FESTA A CENCENIGHE<\/span><\/h2>\n<\/blockquote>\n<p><strong><img loading=\"lazy\" decoding=\"async\" class=\"wp-image-310001 alignleft\" src=\"https:\/\/www.radiopiu.net\/wordpress\/wp-content\/uploads\/2022\/12\/luca_luchetta-300x300.jpg\" alt=\"\" width=\"184\" height=\"184\" srcset=\"https:\/\/www.radiopiu.net\/wordpress\/wp-content\/uploads\/2022\/12\/luca_luchetta-300x300.jpg 300w, https:\/\/www.radiopiu.net\/wordpress\/wp-content\/uploads\/2022\/12\/luca_luchetta-150x150.jpg 150w, https:\/\/www.radiopiu.net\/wordpress\/wp-content\/uploads\/2022\/12\/luca_luchetta.jpg 400w\" sizes=\"auto, (max-width: 184px) 100vw, 184px\" \/>CENCENIGHE\u00a0<\/strong>Domani, Cencenighe Agordino ospiter\u00e0 la &#8220;Giornata dei soci della Famiglia Ex Emigranti dell\u2019Agordino&#8221;, un evento dedicato a celebrare le storie di emigrazione che hanno segnato molte famiglie locali. La giornata inizier\u00e0 alle 10.30 con una Messa nella chiesa parrocchiale, accompagnata dal Coro Alpino Monte Civetta. Seguir\u00e0, alle 11.15, un omaggio al Monumento agli Emigranti in Piazza Pellegrini. Alle 11.45, nella Sala Consiliare, si terr\u00e0 un\u2019esibizione del Coro, seguita da un rinfresco. Il pranzo conviviale si svolger\u00e0 alle 13.00 al Ristorante &#8220;Monte Civetta&#8221;. La partecipazione richiede prenotazione.<\/p>\n<p><strong>DI MIRKO MEZZACASA<\/strong><\/p>\n<p>OSPITE: Luca Luchetta<\/p>\n<audio class=\"wp-audio-shortcode\" id=\"audio-416283-15\" preload=\"none\" style=\"width: 100%;\" controls=\"controls\"><source type=\"audio\/mpeg\" src=\"https:\/\/www.radiopiu.net\/wordpress\/wp-content\/uploads\/2024\/10\/LUCA-LUCHETTA-FAMIGLIA-EX-EMIGRANTI.mp3?_=15\" \/><a href=\"https:\/\/www.radiopiu.net\/wordpress\/wp-content\/uploads\/2024\/10\/LUCA-LUCHETTA-FAMIGLIA-EX-EMIGRANTI.mp3\">https:\/\/www.radiopiu.net\/wordpress\/wp-content\/uploads\/2024\/10\/LUCA-LUCHETTA-FAMIGLIA-EX-EMIGRANTI.mp3<\/a><\/audio>\n<p>&nbsp;<\/p>\n<p><strong>DI GIANNI SANTOMASO<\/strong><\/p>\n<audio class=\"wp-audio-shortcode\" id=\"audio-416283-16\" preload=\"none\" style=\"width: 100%;\" controls=\"controls\"><source type=\"audio\/mpeg\" src=\"https:\/\/www.radiopiu.net\/wordpress\/wp-content\/uploads\/2024\/10\/GIANNI-EX-EMIGRANTI-AGORDINO.mp3?_=16\" \/><a href=\"https:\/\/www.radiopiu.net\/wordpress\/wp-content\/uploads\/2024\/10\/GIANNI-EX-EMIGRANTI-AGORDINO.mp3\">https:\/\/www.radiopiu.net\/wordpress\/wp-content\/uploads\/2024\/10\/GIANNI-EX-EMIGRANTI-AGORDINO.mp3<\/a><\/audio>\n<p>&nbsp;<\/p>\n<hr \/>\n<p>&nbsp;<\/p>\n<blockquote>\n<h2>DILLO A RADIO PIU&#8217;&#8230;. &#8220;L\u2019ignoranza non ha limiti&#8230; ma le fioriere s\u00ec!&#8221;<\/h2>\n<\/blockquote>\n<p><img decoding=\"async\" src=\"https:\/\/www.radiopiu.net\/wordpress\/wp-content\/uploads\/2024\/10\/84186c63-c07b-400c-826b-1d75323a202f.jpg\" \/><\/p>\n<p>&nbsp;<\/p>\n<p>&nbsp;<\/p>\n<hr \/>\n<p>&nbsp;<\/p>\n<blockquote>\n<h2>LA COMETA DEL MOMENTO SI ALLONTANA<\/h2>\n<\/blockquote>\n<p>&nbsp;<\/p>\n<p>&nbsp;<\/p>\n<p>&nbsp;<\/p>\n<p><strong><a class=\"dt-pswp-item\" href=\"https:\/\/www.radiopiu.net\/wordpress\/wp-content\/uploads\/2024\/10\/51e831d4-0091-4a7a-a28d-35e54f81d925.jpg\" data-dt-img-description=\"\" data-large_image_width=\"2048\" data-large_image_height=\"1427\"><img loading=\"lazy\" decoding=\"async\" class=\"wp-image-416217 alignleft\" src=\"https:\/\/www.radiopiu.net\/wordpress\/wp-content\/uploads\/2024\/10\/51e831d4-0091-4a7a-a28d-35e54f81d925-300x209.jpg\" alt=\"\" width=\"244\" height=\"170\" srcset=\"https:\/\/www.radiopiu.net\/wordpress\/wp-content\/uploads\/2024\/10\/51e831d4-0091-4a7a-a28d-35e54f81d925-300x209.jpg 300w, https:\/\/www.radiopiu.net\/wordpress\/wp-content\/uploads\/2024\/10\/51e831d4-0091-4a7a-a28d-35e54f81d925-1024x714.jpg 1024w, https:\/\/www.radiopiu.net\/wordpress\/wp-content\/uploads\/2024\/10\/51e831d4-0091-4a7a-a28d-35e54f81d925-768x535.jpg 768w, https:\/\/www.radiopiu.net\/wordpress\/wp-content\/uploads\/2024\/10\/51e831d4-0091-4a7a-a28d-35e54f81d925-1536x1070.jpg 1536w, https:\/\/www.radiopiu.net\/wordpress\/wp-content\/uploads\/2024\/10\/51e831d4-0091-4a7a-a28d-35e54f81d925.jpg 2048w\" sizes=\"auto, (max-width: 244px) 100vw, 244px\" \/><\/a>DI CLAUDIO PRA<\/strong><\/p>\n<p>Siamo agli sgoccioli, la cometa C\/2023 A3 Tsuchinshan-ATLAS si sta inesorabilmente allontanando perdendo luminosit\u00e0. Ieri sera, 22\/10, era comunque ancora visibile ad occhio nudo con la sua lunga coda. Non sar\u00e0 sicuramente ricordata come &#8220;la cometa del secolo&#8221;, come poco seriamente \u00e8 stata soprannominata da quelli che dovrebbero essere mezzi di informazione ed invece si riducono a grancassa sensazionalistica (In Italia l&#8217;astronomia non \u00e8 trattata seriamente e viene dopo l&#8217;oroscopo, figurarsi&#8230;). La ricorderemo invece come la cometa delle nubi, considerando come \u00e8 stata avversata dal meteo inclemente. Poche, pochissime le occasioni concesse per ammirarla. Inoltre la settimana scorsa, momento topico, ci si \u00e8 messa anche la Luna a disturbare con la sua forte luce. Avessimo potuto osservarla in un cielo limpido e buio ce la saremmo ricordata a lungo. Tra le tante transitate dall&#8217; inizio del terzo millennio \u00e8 risultata in ogni caso una notevole cometa, la terza per bellezza dopo la Neowise del 2020 e la McNaught del 2006. Se volete salutarla (meteo permettendo) affrettatevi. Sguardo ad ovest dopo il tramonto del Sole.<\/p>\n<p>&nbsp;<\/p>\n<p>&nbsp;<\/p>\n<p>&nbsp;<\/p>\n<hr \/>\n<p>&nbsp;<\/p>\n<p><a class=\"dt-pswp-item\" href=\"https:\/\/www.radiopiu.net\/wordpress\/wp-content\/uploads\/2024\/10\/Senza-nome-8.png\" data-dt-img-description=\"\" data-large_image_width=\"343\" data-large_image_height=\"303\"><img loading=\"lazy\" decoding=\"async\" class=\"size-medium wp-image-412130 aligncenter\" src=\"https:\/\/www.radiopiu.net\/wordpress\/wp-content\/uploads\/2024\/10\/Senza-nome-8-300x265.png\" alt=\"\" width=\"300\" height=\"265\" srcset=\"https:\/\/www.radiopiu.net\/wordpress\/wp-content\/uploads\/2024\/10\/Senza-nome-8-300x265.png 300w, https:\/\/www.radiopiu.net\/wordpress\/wp-content\/uploads\/2024\/10\/Senza-nome-8.png 343w\" sizes=\"auto, (max-width: 300px) 100vw, 300px\" \/><\/a><\/p>\n<blockquote>\n<h1 dir=\"auto\"><\/h1>\n<\/blockquote>\n<p>&nbsp;<\/p>\n<p><a class=\"dt-pswp-item\" href=\"https:\/\/www.radiopiu.net\/wordpress\/wp-content\/uploads\/2023\/04\/120174246_10223779647583195_6297631747166802991_n.jpg\" data-dt-img-description=\"\" data-large_image_width=\"1440\" data-large_image_height=\"1440\"><img loading=\"lazy\" decoding=\"async\" class=\"wp-image-333487 alignleft\" src=\"https:\/\/www.radiopiu.net\/wordpress\/wp-content\/uploads\/2023\/04\/120174246_10223779647583195_6297631747166802991_n-300x300.jpg\" alt=\"\" width=\"103\" height=\"103\" srcset=\"https:\/\/www.radiopiu.net\/wordpress\/wp-content\/uploads\/2023\/04\/120174246_10223779647583195_6297631747166802991_n-300x300.jpg 300w, https:\/\/www.radiopiu.net\/wordpress\/wp-content\/uploads\/2023\/04\/120174246_10223779647583195_6297631747166802991_n-1024x1024.jpg 1024w, https:\/\/www.radiopiu.net\/wordpress\/wp-content\/uploads\/2023\/04\/120174246_10223779647583195_6297631747166802991_n-150x150.jpg 150w, https:\/\/www.radiopiu.net\/wordpress\/wp-content\/uploads\/2023\/04\/120174246_10223779647583195_6297631747166802991_n-768x768.jpg 768w, https:\/\/www.radiopiu.net\/wordpress\/wp-content\/uploads\/2023\/04\/120174246_10223779647583195_6297631747166802991_n.jpg 1440w\" sizes=\"auto, (max-width: 103px) 100vw, 103px\" \/><\/a><strong>Dolcetto o scherzetto? Radio Pi\u00f9 \u00e8 pronta per la serata di Halloween per accompagnarvi nella notte pi\u00f9 paurosa dell\u2019anno<\/strong><br \/>\n<a dir=\"ltr\" href=\"x-apple-data-detectors:\/\/4\">Gioved\u00ec 31 ottobre a partire dalle 21<\/a> Marco Gaz e Marco Costantini vi faranno compagnia con la colonna sonora adatta per una serata spaventosa. Una diretta in cui ci saranno anche degli ospiti d\u2019eccezione.<a dir=\"ltr\" href=\"x-apple-data-detectors:\/\/5\"> Gioved\u00ec 31 ottobre alle 21<\/a> su Radio Pi\u00f9\u2026dolcetto o scherzetto?<\/p>\n<p>&nbsp;<\/p>\n<p>&nbsp;<\/p>\n<hr \/>\n<p>&nbsp;<\/p>\n<blockquote>\n<h3 style=\"text-align: left;\">&#8220;VERMIGLIO&#8221;, UN FILM DA NON PERDERE IN PROGRAMMAZIONE AL CINEMA DOLOMITI DI FALCADE<\/h3>\n<\/blockquote>\n<p><strong><a class=\"dt-pswp-item\" href=\"https:\/\/www.radiopiu.net\/wordpress\/wp-content\/uploads\/2024\/10\/locandina-1.jpg\" data-dt-img-description=\"\" data-large_image_width=\"420\" data-large_image_height=\"525\"><img loading=\"lazy\" decoding=\"async\" class=\" wp-image-414491 alignleft\" src=\"https:\/\/www.radiopiu.net\/wordpress\/wp-content\/uploads\/2024\/10\/locandina-1-240x300.jpg\" alt=\"\" width=\"82\" height=\"103\" srcset=\"https:\/\/www.radiopiu.net\/wordpress\/wp-content\/uploads\/2024\/10\/locandina-1-240x300.jpg 240w, https:\/\/www.radiopiu.net\/wordpress\/wp-content\/uploads\/2024\/10\/locandina-1.jpg 420w\" sizes=\"auto, (max-width: 82px) 100vw, 82px\" \/><\/a>REDAZIONE<\/strong> Sar\u00e0 in programmazione il 26 e 27 ottobre al Cinema Dolomiti di Falcade il film &#8220;Vermiglio&#8221;, vincitore del Leone D&#8217;Argento all&#8217;ultima edizione della Mostra Del Cinema di Venezia.<\/p>\n<p><strong>\u00a0<\/strong><\/p>\n<p><strong>\u00a0<\/strong><strong>\u00a0<\/strong><strong>\u00a0<\/strong><\/p>\n<p><strong>DI PAOLA LANCIATO<\/strong><\/p>\n<audio class=\"wp-audio-shortcode\" id=\"audio-416283-17\" preload=\"none\" style=\"width: 100%;\" controls=\"controls\"><source type=\"audio\/mpeg\" src=\"https:\/\/www.radiopiu.net\/wordpress\/wp-content\/uploads\/2024\/10\/PAOLA-LANCIATO-Vermiglio.mp3?_=17\" \/><a href=\"https:\/\/www.radiopiu.net\/wordpress\/wp-content\/uploads\/2024\/10\/PAOLA-LANCIATO-Vermiglio.mp3\">https:\/\/www.radiopiu.net\/wordpress\/wp-content\/uploads\/2024\/10\/PAOLA-LANCIATO-Vermiglio.mp3<\/a><\/audio>\n<p>&nbsp;<\/p>\n<hr \/>\n<p>&nbsp;<\/p>\n<blockquote>\n<h2>DOMANI LA MESSA PER I CADUTI DELLA MONTAGNA, IN CHIESA AD AGORDO E SU TUTTI I CANALI DI RADIOPIU<\/h2>\n<\/blockquote>\n<blockquote>\n<h2><em><a class=\"dt-pswp-item\" href=\"https:\/\/www.radiopiu.net\/wordpress\/wp-content\/uploads\/2024\/10\/Senza-nome-92.png\" data-dt-img-description=\"\" data-large_image_width=\"595\" data-large_image_height=\"756\"><img loading=\"lazy\" decoding=\"async\" class=\"size-medium wp-image-415668 alignleft\" src=\"https:\/\/www.radiopiu.net\/wordpress\/wp-content\/uploads\/2024\/10\/Senza-nome-92-236x300.png\" alt=\"\" width=\"236\" height=\"300\" srcset=\"https:\/\/www.radiopiu.net\/wordpress\/wp-content\/uploads\/2024\/10\/Senza-nome-92-236x300.png 236w, https:\/\/www.radiopiu.net\/wordpress\/wp-content\/uploads\/2024\/10\/Senza-nome-92.png 595w\" sizes=\"auto, (max-width: 236px) 100vw, 236px\" \/><\/a>DOMENICA 27 OTTOBRE, ORE 18.30<\/em><\/h2>\n<\/blockquote>\n<p><strong>AGORDO\u00a0<\/strong> Si rinnova il consueto appuntamento di fine ottobre con la S. Messa in suffragio dei Caduti della montagna celebrata dall\u2019arcidiacono di Agordo, mons. Cesare Larese, accompagnata dai canti del Coro Agordo, diretto da Anna Devich. Una sentita cerimonia, voluta dal Coro Agordo, che riunisce ormai da 49 anni l\u2019intero Agordino con le vallate limitrofe e tanta altra gente dalla provincia e da fuori nel ricordo degli agordini caduti in montagna e di coloro che hanno perso la vita sulle montagne agordine. L\u2019iniziativa avviene in collaborazione con la Sezione Agordina del CAI, la Parrocchia di S. Maria Nascente, i Gruppi Rocciatori \u201cGIR\u201d di Agordo e \u201cVal Bi\u00f3is\u201d, le Stazioni agordine del Corpo Nazionale Soccorso Alpino e il Gruppo Alpini Agordo-Rivamonte-Taibon. \u00a0Radio Pi\u00f9, anche quest\u2019anno trasmetter\u00e0 la Messa su tutti i canali, radio-social. Potr\u00e0, infatti, essere seguita in streaming sul sito internet radiopiu.net, oppure sulle pagine facebook: Radiopi\u00f9, o Radio Pi\u00f9 Emittente Agordina, o Sei di Agordo se. Oltre al ricordo dei 142 Caduti sui monti, ci sar\u00e0 sempre un pensiero particolare per coloro di cui quest\u2019anno ricorre un significativo anniversario<\/p>\n<p>&nbsp;<\/p>\n<p><strong>DI GIANNI SANTOMASO<\/strong><\/p>\n<audio class=\"wp-audio-shortcode\" id=\"audio-416283-18\" preload=\"none\" style=\"width: 100%;\" controls=\"controls\"><source type=\"audio\/mpeg\" src=\"https:\/\/www.radiopiu.net\/wordpress\/wp-content\/uploads\/2024\/10\/GIANNI-MESSA-CADUTI-IN-MONTAGNA.mp3?_=18\" \/><a href=\"https:\/\/www.radiopiu.net\/wordpress\/wp-content\/uploads\/2024\/10\/GIANNI-MESSA-CADUTI-IN-MONTAGNA.mp3\">https:\/\/www.radiopiu.net\/wordpress\/wp-content\/uploads\/2024\/10\/GIANNI-MESSA-CADUTI-IN-MONTAGNA.mp3<\/a><\/audio>\n<p>&nbsp;<\/p>\n<p><a class=\"dt-pswp-item\" href=\"https:\/\/www.radiopiu.net\/wordpress\/wp-content\/uploads\/2024\/10\/Senza-nome-91.png\" data-dt-img-description=\"\" data-large_image_width=\"927\" data-large_image_height=\"768\"><img loading=\"lazy\" decoding=\"async\" class=\"alignnone wp-image-415665 size-full\" src=\"https:\/\/www.radiopiu.net\/wordpress\/wp-content\/uploads\/2024\/10\/Senza-nome-91.png\" alt=\"\" width=\"927\" height=\"768\" srcset=\"https:\/\/www.radiopiu.net\/wordpress\/wp-content\/uploads\/2024\/10\/Senza-nome-91.png 927w, https:\/\/www.radiopiu.net\/wordpress\/wp-content\/uploads\/2024\/10\/Senza-nome-91-300x249.png 300w, https:\/\/www.radiopiu.net\/wordpress\/wp-content\/uploads\/2024\/10\/Senza-nome-91-768x636.png 768w\" sizes=\"auto, (max-width: 927px) 100vw, 927px\" \/><\/a><\/p>\n<p>&nbsp;<\/p>\n<hr \/>\n<p>&nbsp;<\/p>\n<blockquote>\n<h2>Un concerto di fraternit\u00e0 a Frassen\u00e8<\/h2>\n<\/blockquote>\n<p><strong>VOLTAGO\u00a0<\/strong><\/p>\n<p><img loading=\"lazy\" decoding=\"async\" class=\"alignleft\" src=\"https:\/\/www.radiopiu.net\/wordpress\/wp-content\/uploads\/2024\/10\/20241023_095700-scaled.jpg\" width=\"219\" height=\"154\" \/>Sabato 9 novembre, la chiesa parrocchiale di Frassen\u00e8 ospiter\u00e0 un concerto speciale, organizzato come giornata di fraternit\u00e0 per i destinatari dell&#8217;attivit\u00e0 musicale, i loro familiari e amici. L&#8217;iniziativa, promossa dall&#8217;Associazione Volontari Inserimento Disabili, ha raccolto un grande entusiasmo, tanto da dover spostare l&#8217;evento dalla chiesa di Voltago a quella pi\u00f9 capiente di Frassen\u00e8. <em>&#8220;Questo appuntamento &#8211; spiega Don Fabiano Del Favero &#8211;\u00a0 non solo rappresenta un momento musicale, ma \u00e8 un&#8217;occasione per far conoscere una realt\u00e0 di inclusione e promozione umana, mostrando l&#8217;attenzione delle comunit\u00e0 cristiane verso il bene e le sue <\/em><em>diverse espressioni. Un segno tangibile di unit\u00e0 e solidariet\u00e0 in un mondo che ne ha sempre pi\u00f9 bisogno&#8221;.<\/em><\/p>\n<p>&nbsp;<\/p>\n<hr \/>\n<p>&nbsp;<\/p>\n<p>&nbsp;<\/p>\n<div class=\"mb-2 flex gap-3 empty:hidden -ml-2\">\n<div class=\"items-center justify-start rounded-xl p-1 flex\">\n<div class=\"flex items-center\">\n<div class=\"flex max-w-full flex-col flex-grow\">\n<div class=\"min-h-8 text-message flex w-full flex-col items-end gap-2 whitespace-normal break-words [.text-message+&amp;]:mt-5\" dir=\"auto\" data-message-author-role=\"assistant\" data-message-id=\"c2b1fe33-bc8b-45f1-969f-7db88566768c\" data-message-model-slug=\"gpt-4o\">\n<div class=\"flex w-full flex-col gap-1 empty:hidden first:pt-[3px]\">\n<div class=\"markdown prose w-full break-words dark:prose-invert dark\">\n<blockquote>\n<h3><a class=\"dt-pswp-item\" href=\"https:\/\/www.radiopiu.net\/wordpress\/wp-content\/uploads\/2024\/10\/Senza-nome-97.png\" data-dt-img-description=\"\" data-large_image_width=\"325\" data-large_image_height=\"208\"><img loading=\"lazy\" decoding=\"async\" class=\"size-medium wp-image-415809 alignleft\" src=\"https:\/\/www.radiopiu.net\/wordpress\/wp-content\/uploads\/2024\/10\/Senza-nome-97-300x192.png\" alt=\"\" width=\"300\" height=\"192\" srcset=\"https:\/\/www.radiopiu.net\/wordpress\/wp-content\/uploads\/2024\/10\/Senza-nome-97-300x192.png 300w, https:\/\/www.radiopiu.net\/wordpress\/wp-content\/uploads\/2024\/10\/Senza-nome-97.png 325w\" sizes=\"auto, (max-width: 300px) 100vw, 300px\" \/><\/a>LA CENA DEI COSCRITTI DEL 1974<\/h3>\n<\/blockquote>\n<p><strong>FALCADE<\/strong> Le cena della classe 1974 dei coscritti dell&#8217;<strong>Agordino<\/strong> si terr\u00e0\u00a0 sabato 30 novembre\u00a0 a Falcade, Hotel Stella Alpina. La cena e&#8217; aperta ai nati nel 1974 nei 16 comuni dell&#8217;Agordino, e sara&#8217; un&#8217;occasione di ritrovo,\u00a0 dopo tanto tempo e festeggiare il mezzo secolo.Info\u00a0 3478120853<\/p>\n<\/div>\n<\/div>\n<\/div>\n<\/div>\n<\/div>\n<\/div>\n<\/div>\n<div class=\"page-title-breadcrumbs\">\n<p>&nbsp;<\/p>\n<\/div>\n<p>&nbsp;<\/p>\n<p>&nbsp;<\/p>\n<p>&nbsp;<\/p>\n<p>&nbsp;<\/p>\n<hr \/>\n<p>&nbsp;<\/p>\n<blockquote>\n<h3>AUTUNNO A TEATRO IN COMELICO<\/h3>\n<\/blockquote>\n<p><strong><a class=\"dt-pswp-item\" href=\"https:\/\/www.radiopiu.net\/wordpress\/wp-content\/uploads\/2024\/10\/visdende_01.jpg\" data-dt-img-description=\"\" data-large_image_width=\"1448\" data-large_image_height=\"1086\"><img loading=\"lazy\" decoding=\"async\" class=\" wp-image-415960 alignleft\" src=\"https:\/\/www.radiopiu.net\/wordpress\/wp-content\/uploads\/2024\/10\/visdende_01-300x225.jpg\" alt=\"\" width=\"152\" height=\"114\" srcset=\"https:\/\/www.radiopiu.net\/wordpress\/wp-content\/uploads\/2024\/10\/visdende_01-300x225.jpg 300w, https:\/\/www.radiopiu.net\/wordpress\/wp-content\/uploads\/2024\/10\/visdende_01-1024x768.jpg 1024w, https:\/\/www.radiopiu.net\/wordpress\/wp-content\/uploads\/2024\/10\/visdende_01-768x576.jpg 768w, https:\/\/www.radiopiu.net\/wordpress\/wp-content\/uploads\/2024\/10\/visdende_01.jpg 1448w\" sizes=\"auto, (max-width: 152px) 100vw, 152px\" \/><\/a>COMELICO<\/strong> Il secondo appuntamento della rassegna &#8220;Autunno a Teatro in Comelico 2024&#8221; si terr\u00e0 domenica alle 17 al Cinema Piave di S. Stefano di Cadore, con lo spettacolo &#8220;Visdende, ultima valle&#8221; del Gruppo Musicale di Costalta. Questo teatro-canzone racconta la storia di Stefano, in crisi tra la tentazione di vendere la valle e il confronto con la tradizione, rappresentata dalla madre Anna. La narrazione si sviluppa attraverso canzoni in ladino, originali nei testi e nelle musiche. L\u2019ingresso \u00e8 di 10 \u20ac, ridotto 6 \u20ac per under 14. Per maggiori informazioni e acquisto biglietti: <a href=\"http:\/\/www.icomelianti.it\" target=\"_new\" rel=\"noopener\">www.icomelianti.it<\/a>.<\/p>\n<p>&nbsp;<\/p>\n<p>&nbsp;<\/p>\n<hr \/>\n<p>&nbsp;<\/p>\n<blockquote>\n<h3>SPETTACOLI DI MISTERO<\/h3>\n<\/blockquote>\n<p><strong>BELLUNO<\/strong> Al via la 16^ edizione del festival &#8220;Veneto: spettacoli di Mistero&#8221;, promosso dalla Regione del Veneto e realizzato dalle Pro Loco regionali, con l&#8217;adesione dell&#8217;Unpli Belluno. La presentazione \u00e8 avvenuta mercoled\u00ec a Venezia, con l&#8217;assessore alla cultura Cristiano Corazzari che ha evidenziato l&#8217;importanza del festival per il coinvolgimento dei territori. Il presidente provinciale Unpli, Davide Praloran, ha annunciato l&#8217;aggiunta di nuove Pro Loco bellunesi e la distribuzione di un depliant tascabile per promuovere gli eventi. Quest&#8217;anno il tema sar\u00e0 \u201cTerra e Aria\u201d, con spettacoli che esploreranno storie legate a questi elementi. L&#8217;evento inaugurale avr\u00e0 luogo sabato a Belluno, con una passeggiata guidata intitolata \u201cStorie e leggende fra terra e cielo\u201d.<\/p>\n\n\t\t\t<style type='text\/css'>\n\t\t\t\t#gallery-1 {\n\t\t\t\t\tmargin: auto;\n\t\t\t\t}\n\t\t\t\t#gallery-1 .gallery-item {\n\t\t\t\t\tfloat: left;\n\t\t\t\t\tmargin-top: 10px;\n\t\t\t\t\ttext-align: center;\n\t\t\t\t\twidth: 50%;\n\t\t\t\t}\n\t\t\t\t#gallery-1 img {\n\t\t\t\t\tborder: 2px solid #cfcfcf;\n\t\t\t\t}\n\t\t\t\t#gallery-1 .gallery-caption {\n\t\t\t\t\tmargin-left: 0;\n\t\t\t\t}\n\t\t\t\t\/* see gallery_shortcode() in wp-includes\/media.php *\/\n\t\t\t<\/style>\n\t\t<div id='gallery-1' class='dt-gallery-container gallery galleryid-416283 gallery-columns-2 gallery-size-medium'><dl class='gallery-item'>\n\t\t\t\t<dt class='gallery-icon landscape'>\n\t\t\t\t\t<a class=\"rollover rollover-zoom dt-pswp-item\" title=\"IMG-20231022-WA0094\" data-dt-img-description=\"\" data-large_image_width=\"1024\" data-large_image_height=\"768\"href='https:\/\/www.radiopiu.net\/wordpress\/wp-content\/uploads\/2024\/10\/IMG-20231022-WA0094.jpg'><img loading=\"lazy\" decoding=\"async\" width=\"300\" height=\"225\" src=\"https:\/\/www.radiopiu.net\/wordpress\/wp-content\/uploads\/2024\/10\/IMG-20231022-WA0094-300x225.jpg\" class=\"attachment-medium size-medium\" alt=\"\" srcset=\"https:\/\/www.radiopiu.net\/wordpress\/wp-content\/uploads\/2024\/10\/IMG-20231022-WA0094-300x225.jpg 300w, https:\/\/www.radiopiu.net\/wordpress\/wp-content\/uploads\/2024\/10\/IMG-20231022-WA0094-768x576.jpg 768w, https:\/\/www.radiopiu.net\/wordpress\/wp-content\/uploads\/2024\/10\/IMG-20231022-WA0094.jpg 1024w\" sizes=\"auto, (max-width: 300px) 100vw, 300px\" \/><\/a>\n\t\t\t\t<\/dt><\/dl><dl class='gallery-item'>\n\t\t\t\t<dt class='gallery-icon landscape'>\n\t\t\t\t\t<a class=\"rollover rollover-zoom dt-pswp-item\" title=\"BDR\" data-dt-img-description=\"\" data-large_image_width=\"1280\" data-large_image_height=\"854\"href='https:\/\/www.radiopiu.net\/wordpress\/wp-content\/uploads\/2024\/10\/Unknown-1.jpeg'><img loading=\"lazy\" decoding=\"async\" width=\"300\" height=\"200\" src=\"https:\/\/www.radiopiu.net\/wordpress\/wp-content\/uploads\/2024\/10\/Unknown-1-300x200.jpeg\" class=\"attachment-medium size-medium\" alt=\"\" srcset=\"https:\/\/www.radiopiu.net\/wordpress\/wp-content\/uploads\/2024\/10\/Unknown-1-300x200.jpeg 300w, https:\/\/www.radiopiu.net\/wordpress\/wp-content\/uploads\/2024\/10\/Unknown-1-1024x683.jpeg 1024w, https:\/\/www.radiopiu.net\/wordpress\/wp-content\/uploads\/2024\/10\/Unknown-1-768x512.jpeg 768w, https:\/\/www.radiopiu.net\/wordpress\/wp-content\/uploads\/2024\/10\/Unknown-1.jpeg 1280w\" sizes=\"auto, (max-width: 300px) 100vw, 300px\" \/><\/a>\n\t\t\t\t<\/dt><\/dl><br style=\"clear: both\" \/>\n\t\t\t<\/div>\n\n<p>&nbsp;<\/p>\n<hr \/>\n<p>&nbsp;<\/p>\n<blockquote><p><strong>Halloween a Borgo Valbelluna: Notte di Streghe e Misteri per Tutta la Famiglia<\/strong><\/p><\/blockquote>\n<p><strong>BORGO VALBELLUNA<\/strong> Il Duo G&amp;G organizza una serata\u00a0 a Mel il 30 ottobre dalle 18.30, con streghe, fantasmi e spettacoli per grandi e piccini. L&#8217;evento nell&#8217;Auditorium ex chiesa San Piero, prevede incantesimi, musica e un misterioso castello da esplorare, con premi per le maschere pi\u00f9 spaventose.<\/p>\n<p>&nbsp;<\/p>\n<hr \/>\n<p>&nbsp;<\/p>\n<div class=\"flex-shrink-0 flex flex-col relative items-end\">\n<div>\n<div class=\"pt-0\">\n<div class=\"gizmo-bot-avatar flex h-8 w-8 items-center justify-center overflow-hidden rounded-full\">\n<div class=\"relative p-1 rounded-sm flex items-center justify-center bg-token-main-surface-primary text-token-text-primary h-8 w-8\"><\/div>\n<\/div>\n<\/div>\n<\/div>\n<\/div>\n<div class=\"group\/conversation-turn relative flex w-full min-w-0 flex-col agent-turn\">\n<div class=\"flex-col gap-1 md:gap-3\">\n<div class=\"flex max-w-full flex-col flex-grow\">\n<div class=\"min-h-8 text-message flex w-full flex-col items-end gap-2 whitespace-normal break-words [.text-message+&amp;]:mt-5\" dir=\"auto\" data-message-author-role=\"assistant\" data-message-id=\"2f656039-56f0-4de4-a1d2-a009597ac946\" data-message-model-slug=\"gpt-4o\">\n<div class=\"flex w-full flex-col gap-1 empty:hidden first:pt-[3px]\">\n<div class=\"markdown prose w-full break-words dark:prose-invert dark\">\n<blockquote><p><strong>&#8220;Veneto: Spettacoli di Mistero&#8221; 16\u00aa Edizione al Via<\/strong><\/p><\/blockquote>\n<p><strong>VENEZIA<\/strong> A novembre torna \u201cVeneto: Spettacoli di Mistero\u201d, il festival regionale che celebra storie e leggende locali. Organizzato dalla Regione Veneto e dalle Pro Loco, l&#8217;evento prevede quasi 80 spettacoli ispirati alla tradizione popolare, legati quest&#8217;anno agli elementi Terra e Aria. Oggi a Belluno si terr\u00e0 la passeggiata guidata \u201cBelluno, Storie e Leggende fra Terra e Cielo\u201d. Antichi miti, come quello dei nani veneziani o di Girolamo Segato, saranno narrati in location suggestive come castelli e boschi. Il festival mira a promuovere il territorio attraverso il patrimonio culturale veneto, riscoprendo un immaginario collettivo ricco di mistero e tradizione.<\/p>\n<\/div>\n<\/div>\n<\/div>\n<\/div>\n<\/div>\n<\/div>\n<p>&nbsp;<\/p>\n<p>&nbsp;<\/p>\n<hr \/>\n<p>&nbsp;<\/p>\n<blockquote>\n<h3><strong><a class=\"dt-pswp-item\" href=\"https:\/\/www.radiopiu.net\/wordpress\/wp-content\/uploads\/2024\/10\/th-19.jpg\" data-dt-img-description=\"\" data-large_image_width=\"180\" data-large_image_height=\"180\"><img loading=\"lazy\" decoding=\"async\" class=\" wp-image-416295 alignleft\" src=\"https:\/\/www.radiopiu.net\/wordpress\/wp-content\/uploads\/2024\/10\/th-19.jpg\" alt=\"\" width=\"98\" height=\"98\" srcset=\"https:\/\/www.radiopiu.net\/wordpress\/wp-content\/uploads\/2024\/10\/th-19.jpg 180w, https:\/\/www.radiopiu.net\/wordpress\/wp-content\/uploads\/2024\/10\/th-19-150x150.jpg 150w\" sizes=\"auto, (max-width: 98px) 100vw, 98px\" \/><\/a><\/strong><\/h3>\n<h3>OGGI A FONZASO IN SCENA SIOR TITA BARON<\/h3>\n<\/blockquote>\n<p><strong>ALLA RADIO, ROBERTO FAORO<\/strong><\/p>\n<audio class=\"wp-audio-shortcode\" id=\"audio-416283-19\" preload=\"none\" style=\"width: 100%;\" controls=\"controls\"><source type=\"audio\/mpeg\" src=\"https:\/\/www.radiopiu.net\/wordpress\/wp-content\/uploads\/2024\/10\/FAORO-FONZASO.mp3?_=19\" \/><a href=\"https:\/\/www.radiopiu.net\/wordpress\/wp-content\/uploads\/2024\/10\/FAORO-FONZASO.mp3\">https:\/\/www.radiopiu.net\/wordpress\/wp-content\/uploads\/2024\/10\/FAORO-FONZASO.mp3<\/a><\/audio>\n<p>&nbsp;<\/p>\n<hr \/>\n<p>&nbsp;<\/p>\n<h2><span style=\"color: #ff6600;\">IERI ALLA RADIO<\/span><\/h2>\n<h2><span style=\"color: #008000;\">&#8220;DINTORN E FORA VIA&#8221;\u00a0 IL PROGRAMMA\u00a0 A CURA DEL MUSLA<\/span><\/h2>\n<p><strong><a class=\"dt-pswp-item\" href=\"https:\/\/www.radiopiu.net\/wordpress\/wp-content\/uploads\/2023\/08\/GIORNALI.jpg\" data-dt-img-description=\"\" data-large_image_width=\"1280\" data-large_image_height=\"853\"><img loading=\"lazy\" decoding=\"async\" class=\" wp-image-350810 alignleft\" src=\"https:\/\/www.radiopiu.net\/wordpress\/wp-content\/uploads\/2023\/08\/GIORNALI-300x200.jpg\" alt=\"\" width=\"165\" height=\"110\" srcset=\"https:\/\/www.radiopiu.net\/wordpress\/wp-content\/uploads\/2023\/08\/GIORNALI-300x200.jpg 300w, https:\/\/www.radiopiu.net\/wordpress\/wp-content\/uploads\/2023\/08\/GIORNALI-1024x682.jpg 1024w, https:\/\/www.radiopiu.net\/wordpress\/wp-content\/uploads\/2023\/08\/GIORNALI-768x512.jpg 768w, https:\/\/www.radiopiu.net\/wordpress\/wp-content\/uploads\/2023\/08\/GIORNALI.jpg 1280w\" sizes=\"auto, (max-width: 165px) 100vw, 165px\" \/><\/a>PUNTATA DEL 25 OTTOBRE ANNA VALT<\/strong><\/p>\n<audio class=\"wp-audio-shortcode\" id=\"audio-416283-20\" preload=\"none\" style=\"width: 100%;\" controls=\"controls\"><source type=\"audio\/mpeg\" src=\"https:\/\/www.radiopiu.net\/wordpress\/wp-content\/uploads\/2024\/10\/MUSLA-8.mp3?_=20\" \/><a href=\"https:\/\/www.radiopiu.net\/wordpress\/wp-content\/uploads\/2024\/10\/MUSLA-8.mp3\">https:\/\/www.radiopiu.net\/wordpress\/wp-content\/uploads\/2024\/10\/MUSLA-8.mp3<\/a><\/audio>\n<p>&nbsp;<\/p>\n<h2>LA RACCOLTA COMPLETA <a href=\"https:\/\/www.radiopiu.net\/wordpress\/musla\/\"><span style=\"color: #3366ff;\">CLICCA QUI<\/span><\/a><\/h2>\n<p>&nbsp;<\/p>\n<hr \/>\n<p>&nbsp;<\/p>\n<h2><span style=\"color: #ffcc00;\">EMOZIONE CONTINUA&#8230;100 ANNI DI PASSIONE RACCONTATI ALLA RADIO<\/span><\/h2>\n<p><span style=\"color: #ff00ff;\"><strong>PUNTATA 14 CHIAMATE ROMA 3 1 3 1\u00a0<\/strong><\/span><\/p>\n<audio class=\"wp-audio-shortcode\" id=\"audio-416283-21\" preload=\"none\" style=\"width: 100%;\" controls=\"controls\"><source type=\"audio\/mpeg\" src=\"https:\/\/www.radiopiu.net\/wordpress\/wp-content\/uploads\/2024\/10\/PL5-1.mp3?_=21\" \/><a href=\"https:\/\/www.radiopiu.net\/wordpress\/wp-content\/uploads\/2024\/10\/PL5-1.mp3\">https:\/\/www.radiopiu.net\/wordpress\/wp-content\/uploads\/2024\/10\/PL5-1.mp3<\/a><\/audio>\n<p>&nbsp;<\/p>\n<h2>LA RACCOLTA COMPLETA <a href=\"https:\/\/www.radiopiu.net\/wordpress\/emozione-continua-100-anni-di-passione-raccontati-alla-radio-la-raccolta\/\"><span style=\"color: #3366ff;\">CLICCA QUI<\/span><\/a><\/h2>\n<p>&nbsp;<\/p>\n<hr \/>\n<p>&nbsp;<\/p>\n<h2><span style=\"color: #ff0000;\">ALLA PALESTRA B-FIT DI AGORDO CON I GIOCATORI DELL&#8217;ALLEGHE HOCKEY<\/span><\/h2>\n<p><strong><a class=\"dt-pswp-item\" href=\"https:\/\/www.radiopiu.net\/wordpress\/wp-content\/uploads\/2024\/10\/17966548-64eb-4caa-8eae-fa8e066f52c6.jpg\" data-dt-img-description=\"\" data-large_image_width=\"2048\" data-large_image_height=\"1536\"><img loading=\"lazy\" decoding=\"async\" class=\" wp-image-415816 alignleft\" src=\"https:\/\/www.radiopiu.net\/wordpress\/wp-content\/uploads\/2024\/10\/17966548-64eb-4caa-8eae-fa8e066f52c6-300x225.jpg\" alt=\"\" width=\"141\" height=\"106\" srcset=\"https:\/\/www.radiopiu.net\/wordpress\/wp-content\/uploads\/2024\/10\/17966548-64eb-4caa-8eae-fa8e066f52c6-300x225.jpg 300w, https:\/\/www.radiopiu.net\/wordpress\/wp-content\/uploads\/2024\/10\/17966548-64eb-4caa-8eae-fa8e066f52c6-1024x768.jpg 1024w, https:\/\/www.radiopiu.net\/wordpress\/wp-content\/uploads\/2024\/10\/17966548-64eb-4caa-8eae-fa8e066f52c6-768x576.jpg 768w, https:\/\/www.radiopiu.net\/wordpress\/wp-content\/uploads\/2024\/10\/17966548-64eb-4caa-8eae-fa8e066f52c6-1536x1152.jpg 1536w, https:\/\/www.radiopiu.net\/wordpress\/wp-content\/uploads\/2024\/10\/17966548-64eb-4caa-8eae-fa8e066f52c6.jpg 2048w\" sizes=\"auto, (max-width: 141px) 100vw, 141px\" \/><\/a>AGORDO<\/strong> La palestra B-Fit di Agordo, in localit\u00e0 Valcozzena, \u00e8 un punto di riferimento anche per i giocatore dell&#8217;Alleghe Hockey che in mattinata sono stati in sede per degli allenamenti. Oltre all&#8217;allenatore Vesa Surekin, erano presenti anche Giacomo Alessio, Ivan Shamarin, Olexandrov Alexandrov, Timo Moberg e Juho Makela. Sabato la palestra B-Fit inaugurer\u00e0 una nuova sala. L&#8217;appuntamento \u00e8 per le 10 in localit\u00e0 Valcozzena.<\/p>\n<p><iframe loading=\"lazy\" title=\"ALLA PALESTRA B-FIT CON I GIOCATORI DELL&#039;ALLEGHE HOCKEY\" width=\"1200\" height=\"675\" src=\"https:\/\/www.youtube.com\/embed\/GfPXCqhISL8?feature=oembed\" frameborder=\"0\" allow=\"accelerometer; autoplay; clipboard-write; encrypted-media; gyroscope; picture-in-picture; web-share\" referrerpolicy=\"strict-origin-when-cross-origin\" allowfullscreen><\/iframe><\/p>\n<p>&nbsp;<\/p>\n<hr \/>\n<p>&nbsp;<\/p>\n<blockquote class=\"wp-embedded-content\" data-secret=\"KzpD27mXMR\"><p><a href=\"https:\/\/www.radiopiu.net\/wordpress\/amazing-calendar-con-michela-e-marina-la-raccolta\/\">AMAZING CALENDAR, CON MICHELA E MARINA &#8211; LA RACCOLTA<\/a><\/p><\/blockquote>\n<p><iframe loading=\"lazy\" class=\"wp-embedded-content\" sandbox=\"allow-scripts\" security=\"restricted\" style=\"position: absolute; visibility: hidden;\" title=\"&#8220;AMAZING CALENDAR, CON MICHELA E MARINA &#8211; LA RACCOLTA&#8221; &#8212; Radio Pi\u00f9\" src=\"https:\/\/www.radiopiu.net\/wordpress\/amazing-calendar-con-michela-e-marina-la-raccolta\/embed\/#?secret=xIg1filYBH#?secret=KzpD27mXMR\" data-secret=\"KzpD27mXMR\" width=\"600\" height=\"338\" frameborder=\"0\" marginwidth=\"0\" marginheight=\"0\" scrolling=\"no\"><\/iframe><\/p>\n<p>&nbsp;<\/p>\n<hr \/>\n<p>&nbsp;<\/p>\n<blockquote>\n<h1>LUNEDI SI PARTE CON STEFANO, PAOLO&#8230; E RADIOPIU&#8217;<\/h1>\n<\/blockquote>\n<p><strong>PUNTATA 01 &#8211; 23.102024\u00a0<\/strong><\/p>\n<p><em><a class=\"dt-pswp-item\" href=\"https:\/\/www.radiopiu.net\/wordpress\/wp-content\/uploads\/2024\/10\/04c869a1-abc5-49f0-9e04-1718b12a8b89.jpg\" data-dt-img-description=\"\" data-large_image_width=\"1600\" data-large_image_height=\"1131\"><img loading=\"lazy\" decoding=\"async\" class=\"size-medium wp-image-416420 aligncenter\" src=\"https:\/\/www.radiopiu.net\/wordpress\/wp-content\/uploads\/2024\/10\/04c869a1-abc5-49f0-9e04-1718b12a8b89-300x212.jpg\" alt=\"\" width=\"300\" height=\"212\" srcset=\"https:\/\/www.radiopiu.net\/wordpress\/wp-content\/uploads\/2024\/10\/04c869a1-abc5-49f0-9e04-1718b12a8b89-300x212.jpg 300w, https:\/\/www.radiopiu.net\/wordpress\/wp-content\/uploads\/2024\/10\/04c869a1-abc5-49f0-9e04-1718b12a8b89-1024x724.jpg 1024w, https:\/\/www.radiopiu.net\/wordpress\/wp-content\/uploads\/2024\/10\/04c869a1-abc5-49f0-9e04-1718b12a8b89-768x543.jpg 768w, https:\/\/www.radiopiu.net\/wordpress\/wp-content\/uploads\/2024\/10\/04c869a1-abc5-49f0-9e04-1718b12a8b89-1536x1086.jpg 1536w, https:\/\/www.radiopiu.net\/wordpress\/wp-content\/uploads\/2024\/10\/04c869a1-abc5-49f0-9e04-1718b12a8b89.jpg 1600w\" sizes=\"auto, (max-width: 300px) 100vw, 300px\" \/><\/a><\/em><\/p>\n<blockquote>\n<div dir=\"auto\"><em><img loading=\"lazy\" decoding=\"async\" class=\"alignleft\" src=\"https:\/\/www.radiopiu.net\/wordpress\/wp-content\/uploads\/2024\/10\/464195916_2590886651109886_5168287714425311572_n.jpg\" width=\"160\" height=\"200\" \/>&#8220;Dal Pelmo all&#8217;Etna attraversando l&#8217;Italia da Nord a Sud in sella al mio cavallo d&#8217;acciaio Bixxis e con il mio compagno d&#8217;avventura Paolo&#8221;. <\/em><\/div>\n<\/blockquote>\n<div dir=\"auto\">Cos\u00ec Stefano Bortolot anticipa l&#8217;appuntamento importante,\u00a0 Non manca anche questa volta la raccolta fondi per le due Associazioni del cuore, Comitato Pollicino e Retina Veneto Onlus. La prima tappa, lunedi, fino\u00a0 ai Colli Euganei, da Zopp\u00e9 di Cadore.<\/div>\n<blockquote>\n<div dir=\"auto\"><strong><em>Un viaggio per la Sicilia, che Radio Pi\u00f9 seguir\u00e0 quotidianamente<\/em><\/strong><\/div>\n<\/blockquote>\n<p>Arrivati ai 60 per festeggiare cosa fai?<br \/>\nMa un bel viaggio in bici, ovviamente!<\/p>\n<p><a class=\"dt-pswp-item\" href=\"https:\/\/www.radiopiu.net\/wordpress\/wp-content\/uploads\/2024\/10\/462836927_18338602870126818_4603728748635729562_n.jpg\" data-dt-img-description=\"\" data-large_image_width=\"1440\" data-large_image_height=\"1800\"><img loading=\"lazy\" decoding=\"async\" class=\" wp-image-415965 alignright\" src=\"https:\/\/www.radiopiu.net\/wordpress\/wp-content\/uploads\/2024\/10\/462836927_18338602870126818_4603728748635729562_n-240x300.jpg\" alt=\"\" width=\"188\" height=\"235\" srcset=\"https:\/\/www.radiopiu.net\/wordpress\/wp-content\/uploads\/2024\/10\/462836927_18338602870126818_4603728748635729562_n-240x300.jpg 240w, https:\/\/www.radiopiu.net\/wordpress\/wp-content\/uploads\/2024\/10\/462836927_18338602870126818_4603728748635729562_n-819x1024.jpg 819w, https:\/\/www.radiopiu.net\/wordpress\/wp-content\/uploads\/2024\/10\/462836927_18338602870126818_4603728748635729562_n-768x960.jpg 768w, https:\/\/www.radiopiu.net\/wordpress\/wp-content\/uploads\/2024\/10\/462836927_18338602870126818_4603728748635729562_n-1229x1536.jpg 1229w, https:\/\/www.radiopiu.net\/wordpress\/wp-content\/uploads\/2024\/10\/462836927_18338602870126818_4603728748635729562_n.jpg 1440w\" sizes=\"auto, (max-width: 188px) 100vw, 188px\" \/><\/a>\u201cDal Caregon del Padreterno alla fornace del fabbro degli Dei\u201d Partire sulle Dolomiti, ai piedi di sua Maestosit\u00e0 il Pelmo, attraversare il Bel Paese per arrivare sul Vulcano piu alto d\u2019Europa, sar\u00e0 la nostra prossima avventura. Pedalando da nord a sud, in sella alle nostre biciclette incontrando per strada vecchi e nuovi amici. Partenza prevista, lunedi 28 ottobre, con passaggio di rito a Belluno nella sede di Casa Pollicino e a Camposanpiero da Retina Veneto. 12 sono le tappe previste, si passa per Padova, Bologna, San Gimignano, Siena, il lago di Bolsena, Zagarolo, Frosinone, Cassino, Benevento, Matera, poi la costa Ionica, Cosenza, Gioia Tauro, Reggio Calabria, il passaggio sullo stretto e l\u2019ultima tappa, da Messina al Rifugio Sapienza sull\u2019Etna Se vuoi un mondo migliore, scatenalo! Questo \u00e9 diventato il nostro motto, e lo scopo del viaggio \u00e9 di promuovere una raccolta fondi per le due associazioni del cuore, Comitato Pollicino e Retina Veneto, e la collaborazione render\u00e0 piu leggere le nostre fatiche e nobiliter\u00e0 il nostro viaggio. Due righe sulle Associazioni coinvolte: L\u2019Associazione Comitato Pollicino nasce il 13 settembre 2002 per aiutare i bambini in gravi difficolt\u00e0 della citt\u00e0 di Petrosani, in Romania, citt\u00e0 gemellata con il comune di Ponte nelle Alpi, ove risiedono delle famiglie di origine bellunese.<br \/>\nIl centro diurno accoglie bambini e ragazzi con problematiche diverse, disabilit\u00e0 gravi e medio gravi, intellettive e fisiche, disagi sociali, abbandoni scolastici, abbandoni familiari. In questi anni pi\u00f9 di 600 bambini e ragazzi sono stati accolti in struttura. Retina Veneto Onlus \u00e8 l\u2019Associazione Regionale per la lotta alle distrofie retiniche ereditarie e ha come scopo principale la promozione e lo sviluppo della ricerca scientifica per l\u2019individuazione delle cause, della cura e della prevenzione della retinite pigmentosa, delle degenerazioni maculari, delle distrofie retiniche ereditarie e di altre patologie che determinano ipovisione e cecit\u00e0.<\/p>\n<div dir=\"auto\"><\/div>\n<div dir=\"auto\"><\/div>\n<p>&nbsp;<\/p>\n<p>&nbsp;<\/p>\n<p>&nbsp;<\/p>\n<hr \/>\n<p>&nbsp;<\/p>\n<h2><span style=\"color: #ff0000;\"><a class=\"dt-pswp-item\" href=\"https:\/\/www.radiopiu.net\/wordpress\/wp-content\/uploads\/2018\/09\/appuntamenti.jpeg\" data-dt-img-description=\"\" data-large_image_width=\"800\" data-large_image_height=\"100\"><img loading=\"lazy\" decoding=\"async\" class=\"wp-image-61958 size-full aligncenter\" src=\"https:\/\/www.radiopiu.net\/wordpress\/wp-content\/uploads\/2018\/09\/appuntamenti.jpeg\" alt=\"\" width=\"800\" height=\"100\" srcset=\"https:\/\/www.radiopiu.net\/wordpress\/wp-content\/uploads\/2018\/09\/appuntamenti.jpeg 800w, https:\/\/www.radiopiu.net\/wordpress\/wp-content\/uploads\/2018\/09\/appuntamenti-300x38.jpeg 300w, https:\/\/www.radiopiu.net\/wordpress\/wp-content\/uploads\/2018\/09\/appuntamenti-768x96.jpeg 768w\" sizes=\"auto, (max-width: 800px) 100vw, 800px\" \/><\/a><\/span><\/h2>\n<p>&nbsp;<\/p>\n<p>&nbsp;<\/p>\n<div style=\"width: 1200px;\" class=\"wp-video\"><video class=\"wp-video-shortcode\" id=\"video-416283-4\" width=\"1200\" height=\"675\" preload=\"metadata\" controls=\"controls\"><source type=\"video\/mp4\" src=\"https:\/\/www.radiopiu.net\/wordpress\/wp-content\/uploads\/2024\/10\/WhatsApp-Video-2024-10-23-at-00.12.10.mp4?_=4\" \/><a href=\"https:\/\/www.radiopiu.net\/wordpress\/wp-content\/uploads\/2024\/10\/WhatsApp-Video-2024-10-23-at-00.12.10.mp4\">https:\/\/www.radiopiu.net\/wordpress\/wp-content\/uploads\/2024\/10\/WhatsApp-Video-2024-10-23-at-00.12.10.mp4<\/a><\/video><\/div>\n<p><strong>\u00a0<\/strong><\/p>\n<p><strong>FALCADE<\/strong>\u00a0 Riapre il Cinema Dolomiti di Falcade. Sabato e domenica verr\u00e0 proiettato il film Vermiglio, presentato anche alla Mostra del Cinema di Venezia. Spettacoli alle 21, domenica anche alle 15:30<\/p>\n<div class=\"flex-shrink-0 flex flex-col relative items-end\">\n<div class=\"pt-0\">\n<div class=\"gizmo-bot-avatar flex h-8 w-8 items-center justify-center overflow-hidden rounded-full\">\n<p class=\"relative p-1 rounded-sm flex items-center justify-center bg-token-main-surface-primary text-token-text-primary h-8 w-8\"><strong>CANALE D&#8217;AGORDO <\/strong>Jazzercise \u00e8 un allenamento ad alta intensit\u00e0 che combina danza, pilates, yoga e kickboxing, adatto a tutti i livelli di fitness. \u00c8 efficace per tonificare i muscoli, migliorare la postura e ottenere un fisico snello. Nell&#8217;Agordino, le lezioni si tengono a Canale d&#8217;Agordo, nella sala ex emigranti di via Lotta, il luned\u00ec dalle 18:15 alle 19:15 e il mercoled\u00ec dalle 18:30 alle 19:30. L&#8217;istruttrice certificata RaLuca ti aspetta per un allenamento coinvolgente al ritmo di musica attuale. Per informazioni: 347 9295478<\/p>\n<p><strong>AGORDO UN VIAGGIO NELLA MUSICA ANNI SESSANTA E SETTANTA, &#8220;OPERAZIONE NOSTALGIA&#8221;,<\/strong> INCURSIONE NEI DECENNI SUCCESSIVI DEL SECOLO SCORSO Elisa Forcellini voce, <span class=\"html-span xdj266r x11i5rnm xat24cr x1mh8g0r xexx8yu x4uap5 x18d9i69 xkhd6sd x1hl2dhg x16tdsg8 x1vvkbs\"><a class=\"x1i10hfl xjbqb8w x1ejq31n xd10rxx x1sy0etr x17r0tee x972fbf xcfux6l x1qhh985 xm0m39n x9f619 x1ypdohk xt0psk2 xe8uvvx xdj266r x11i5rnm xat24cr x1mh8g0r xexx8yu x4uap5 x18d9i69 xkhd6sd x16tdsg8 x1hl2dhg xggy1nq x1a2a7pz x1sur9pj xkrqix3 x1fey0fg x1s688f\" tabindex=\"0\" role=\"link\" href=\"https:\/\/www.facebook.com\/karin.serafini.12?__cft__[0]=AZUS6w-16Ia-jI9bcg7qdsPkS68JCUPOt_Xuv68gElfxirAioFxkGfr9F7TMRlkcx1eLqq4qMjrB_TKQ8HlftDiEv4JV5OQF90tgTXCCBJJ1eNCQHgmp0hzB6raZctEWzHGoETriWhmxVYkKyY-AnYiE3NzGcFnh-hMcANqoZ4dpzMdJdJTy2yiv75vrq41fWxA&amp;__tn__=-]K-y-R\"><span class=\"xt0psk2\">Karin Serafini<\/span><\/a><\/span> basso e voce, Ezio De Zaiacomo tastiere, Graziano Sirena percussioni e voce, <span class=\"html-span xdj266r x11i5rnm xat24cr x1mh8g0r xexx8yu x4uap5 x18d9i69 xkhd6sd x1hl2dhg x16tdsg8 x1vvkbs\"><a class=\"x1i10hfl xjbqb8w x1ejq31n xd10rxx x1sy0etr x17r0tee x972fbf xcfux6l x1qhh985 xm0m39n x9f619 x1ypdohk xt0psk2 xe8uvvx xdj266r x11i5rnm xat24cr x1mh8g0r xexx8yu x4uap5 x18d9i69 xkhd6sd x16tdsg8 x1hl2dhg xggy1nq x1a2a7pz x1sur9pj xkrqix3 x1fey0fg x1s688f\" tabindex=\"0\" role=\"link\" href=\"https:\/\/www.facebook.com\/cosmo.forcella?__cft__[0]=AZUS6w-16Ia-jI9bcg7qdsPkS68JCUPOt_Xuv68gElfxirAioFxkGfr9F7TMRlkcx1eLqq4qMjrB_TKQ8HlftDiEv4JV5OQF90tgTXCCBJJ1eNCQHgmp0hzB6raZctEWzHGoETriWhmxVYkKyY-AnYiE3NzGcFnh-hMcANqoZ4dpzMdJdJTy2yiv75vrq41fWxA&amp;__tn__=-]K-y-R\"><span class=\"xt0psk2\">Cosmo Forcella<\/span><\/a><\/span> batteria e voce, Loris Scussel chitarre e voce SABATO 26 OTTOBRE DAL LE 20.30 IN SALA DON TAMIS AD AGORDO. ORGANIZZA L&#8217;ASSOCIAZIONE PETTIROSSO AGORDINO ENTRATA LIBERA<\/p>\n<\/div>\n<\/div>\n<\/div>\n<p><strong>CENCENIGHE<\/strong> La Famiglia Agordina Ex Emigranti organizza la Giornata dell\u2019Emigrante domenica 27 ottobre, un&#8217;occasione di festa e condivisione per chi ha vissuto o lavorato all&#8217;estero, o per chi vuole conoscere il mondo delle famiglie ex emigranti Bellunesi. Il programma prevede alle 10:30 la messa nella chiesa di Cencenighe, seguita dall\u2019omaggio al monumento dell\u2019emigrante e dall\u2019esibizione del Coro Alpino Monte Civetta nella sala consiliare. La giornata si concluder\u00e0 con un pranzo al Ristorante Monte Civetta di Listolade, accompagnato dalla cantante Daniela Trentin. Il contributo per il pranzo \u00e8 di 35 euro, prenotazioni al 339 211 4469.<\/p>\n<p><strong>FALCADE<\/strong> La Proloco di Caviola presenta &#8220;Proposte d&#8217;autunno&#8221;, un programma di eventi per vivere meglio. I prossimi appuntamenti includono: un incontro con Mauro Valt alla Casa della Giovent\u00f9 di Caviola il 6 novembre alle 20, e una serata osservando le stelle con &#8220;Cieli Dolomitici&#8221; il 9 novembre alle 20:30. Inoltre, il 10 novembre si svolger\u00e0 una castagnata con gli Alpini in occasione di San Martino, e il 22 novembre ci sar\u00e0 la chiusura con Roberto Sorama\u00e8 e il suo evento &#8220;Sete d\u2019Africa&#8221; alla Casa della Giovent\u00f9. Per informazioni: 349 1945861.<\/p>\n<p><strong>BELLUNO <\/strong>Venerd\u00ec 8 novembre, dalle ore 18, presso l&#8217;aula magna dell&#8217;Istituto Superiore Tommaso Catullo di Belluno, si terr\u00e0 un evento organizzato da Pig&amp;Menti, che propone un dialogo sugli archetipi tra linguistica e neuroscienze. I relatori saranno il professor Michele T\u00ecson e il professor Renzo Barbazza. L&#8217;evento \u00e8 realizzato in collaborazione con Banca Prealpi San Biagio e i dottori Marco Tarascio e Silvia Barbini.<\/p>\n<p>&nbsp;<\/p>\n<div>\n<div class=\"\" dir=\"auto\">\n<div id=\":r9h:\" class=\"x1iorvi4 x1pi30zi x1l90r2v x1swvt13\" data-ad-comet-preview=\"message\" data-ad-preview=\"message\">\n\n\t\t\t<style type='text\/css'>\n\t\t\t\t#gallery-2 {\n\t\t\t\t\tmargin: auto;\n\t\t\t\t}\n\t\t\t\t#gallery-2 .gallery-item {\n\t\t\t\t\tfloat: left;\n\t\t\t\t\tmargin-top: 10px;\n\t\t\t\t\ttext-align: center;\n\t\t\t\t\twidth: 25%;\n\t\t\t\t}\n\t\t\t\t#gallery-2 img {\n\t\t\t\t\tborder: 2px solid #cfcfcf;\n\t\t\t\t}\n\t\t\t\t#gallery-2 .gallery-caption {\n\t\t\t\t\tmargin-left: 0;\n\t\t\t\t}\n\t\t\t\t\/* see gallery_shortcode() in wp-includes\/media.php *\/\n\t\t\t<\/style>\n\t\t<div id='gallery-2' class='dt-gallery-container gallery galleryid-416283 gallery-columns-4 gallery-size-thumbnail'><dl class='gallery-item'>\n\t\t\t\t<dt class='gallery-icon portrait'>\n\t\t\t\t\t<a class=\"rollover rollover-zoom dt-pswp-item\" title=\"5d704459-7b88-4a85-a98a-5be391ece617\" data-dt-img-description=\"\" data-large_image_width=\"1238\" data-large_image_height=\"1600\"href='https:\/\/www.radiopiu.net\/wordpress\/wp-content\/uploads\/2024\/10\/5d704459-7b88-4a85-a98a-5be391ece617.jpg'><img loading=\"lazy\" decoding=\"async\" width=\"150\" height=\"150\" src=\"https:\/\/www.radiopiu.net\/wordpress\/wp-content\/uploads\/2024\/10\/5d704459-7b88-4a85-a98a-5be391ece617-150x150.jpg\" class=\"attachment-thumbnail size-thumbnail\" alt=\"\" aria-describedby=\"gallery-2-416456\" \/><\/a>\n\t\t\t\t<\/dt>\n\t\t\t\t\t<dd class='wp-caption-text gallery-caption' id='gallery-2-416456'>\n\t\t\t\t\t02 NOVEMBRE &#8220;AL SOLITO POSTO&#8221;\n\t\t\t\t\t<\/dd><\/dl><dl class='gallery-item'>\n\t\t\t\t<dt class='gallery-icon portrait'>\n\t\t\t\t\t<a class=\"rollover rollover-zoom dt-pswp-item\" title=\"LOC_A3_MOSTRA-RADIO_CMVI\" data-dt-img-description=\"\" data-large_image_width=\"1816\" data-large_image_height=\"2560\"href='https:\/\/www.radiopiu.net\/wordpress\/wp-content\/uploads\/2024\/08\/LOC_A3_MOSTRA-RADIO_CMVI-scaled.jpg'><img loading=\"lazy\" decoding=\"async\" width=\"150\" height=\"150\" src=\"https:\/\/www.radiopiu.net\/wordpress\/wp-content\/uploads\/2024\/08\/LOC_A3_MOSTRA-RADIO_CMVI-150x150.jpg\" class=\"attachment-thumbnail size-thumbnail\" alt=\"\" aria-describedby=\"gallery-2-403450\" \/><\/a>\n\t\t\t\t<\/dt>\n\t\t\t\t\t<dd class='wp-caption-text gallery-caption' id='gallery-2-403450'>\n\t\t\t\t\tLA MOSTRA DELLE RADIO IN VALLE IMPERINA\n\t\t\t\t\t<\/dd><\/dl><dl class='gallery-item'>\n\t\t\t\t<dt class='gallery-icon portrait'>\n\t\t\t\t\t<a class=\"rollover rollover-zoom dt-pswp-item\" title=\"afede08f-130d-46e3-820a-6cddfdaa7d71\" data-dt-img-description=\"\" data-large_image_width=\"1131\" data-large_image_height=\"1600\"href='https:\/\/www.radiopiu.net\/wordpress\/wp-content\/uploads\/2024\/10\/afede08f-130d-46e3-820a-6cddfdaa7d71.jpg'><img loading=\"lazy\" decoding=\"async\" width=\"150\" height=\"150\" src=\"https:\/\/www.radiopiu.net\/wordpress\/wp-content\/uploads\/2024\/10\/afede08f-130d-46e3-820a-6cddfdaa7d71-150x150.jpg\" class=\"attachment-thumbnail size-thumbnail\" alt=\"\" aria-describedby=\"gallery-2-413137\" \/><\/a>\n\t\t\t\t<\/dt>\n\t\t\t\t\t<dd class='wp-caption-text gallery-caption' id='gallery-2-413137'>\n\t\t\t\t\tA CENCENIGHE \n\t\t\t\t\t<\/dd><\/dl><dl class='gallery-item'>\n\t\t\t\t<dt class='gallery-icon portrait'>\n\t\t\t\t\t<a class=\"rollover rollover-zoom dt-pswp-item\" title=\"967a322c-9996-42d7-af75-662ca7d89e84\" data-dt-img-description=\"\" data-large_image_width=\"1080\" data-large_image_height=\"1519\"href='https:\/\/www.radiopiu.net\/wordpress\/wp-content\/uploads\/2024\/10\/967a322c-9996-42d7-af75-662ca7d89e84-1.jpg'><img loading=\"lazy\" decoding=\"async\" width=\"150\" height=\"150\" src=\"https:\/\/www.radiopiu.net\/wordpress\/wp-content\/uploads\/2024\/10\/967a322c-9996-42d7-af75-662ca7d89e84-1-150x150.jpg\" class=\"attachment-thumbnail size-thumbnail\" alt=\"\" aria-describedby=\"gallery-2-413698\" \/><\/a>\n\t\t\t\t<\/dt>\n\t\t\t\t\t<dd class='wp-caption-text gallery-caption' id='gallery-2-413698'>\n\t\t\t\t\tDOMANI\n\t\t\t\t\t<\/dd><\/dl><br style=\"clear: both\" \/><dl class='gallery-item'>\n\t\t\t\t<dt class='gallery-icon portrait'>\n\t\t\t\t\t<a class=\"rollover rollover-zoom dt-pswp-item\" title=\"Cometa\" data-dt-img-description=\"\" data-large_image_width=\"768\" data-large_image_height=\"1086\"href='https:\/\/www.radiopiu.net\/wordpress\/wp-content\/uploads\/2024\/10\/Cometa.jpg'><img loading=\"lazy\" decoding=\"async\" width=\"150\" height=\"150\" src=\"https:\/\/www.radiopiu.net\/wordpress\/wp-content\/uploads\/2024\/10\/Cometa-150x150.jpg\" class=\"attachment-thumbnail size-thumbnail\" alt=\"\" aria-describedby=\"gallery-2-415379\" \/><\/a>\n\t\t\t\t<\/dt>\n\t\t\t\t\t<dd class='wp-caption-text gallery-caption' id='gallery-2-415379'>\n\t\t\t\t\tAL CENTRO ASTRONOMICO DI ARSON\n\t\t\t\t\t<\/dd><\/dl><dl class='gallery-item'>\n\t\t\t\t<dt class='gallery-icon portrait'>\n\t\t\t\t\t<a class=\"rollover rollover-zoom dt-pswp-item\" title=\"Locandina\" data-dt-img-description=\"\" data-large_image_width=\"943\" data-large_image_height=\"1330\"href='https:\/\/www.radiopiu.net\/wordpress\/wp-content\/uploads\/2024\/10\/Locandina.png'><img loading=\"lazy\" decoding=\"async\" width=\"150\" height=\"150\" src=\"https:\/\/www.radiopiu.net\/wordpress\/wp-content\/uploads\/2024\/10\/Locandina-150x150.png\" class=\"attachment-thumbnail size-thumbnail\" alt=\"\" aria-describedby=\"gallery-2-415380\" \/><\/a>\n\t\t\t\t<\/dt>\n\t\t\t\t\t<dd class='wp-caption-text gallery-caption' id='gallery-2-415380'>\n\t\t\t\t\tCON L&#8217;ASSOCIAZIONE CUCCHINI\n\t\t\t\t\t<\/dd><\/dl>\n\t\t\t\t<br style='clear: both' \/>\n\t\t\t<\/div>\n\n<p>&nbsp;<\/p>\n<\/div>\n<\/div>\n<\/div>\n<p>&nbsp;<\/p>\n<hr \/>\n<p>&nbsp;<\/p>\n<p class=\"mceTemp\"><a class=\"dt-pswp-item\" href=\"https:\/\/www.radiopiu.net\/wordpress\/wp-content\/uploads\/2018\/09\/WhatsApp-Image-2018-09-20-at-16.04.06.jpeg\" data-dt-img-description=\"\" data-large_image_width=\"800\" data-large_image_height=\"100\"><img loading=\"lazy\" decoding=\"async\" class=\"wp-image-61378 size-full aligncenter\" src=\"https:\/\/www.radiopiu.net\/wordpress\/wp-content\/uploads\/2018\/09\/WhatsApp-Image-2018-09-20-at-16.04.06.jpeg\" alt=\"\" width=\"800\" height=\"100\" srcset=\"https:\/\/www.radiopiu.net\/wordpress\/wp-content\/uploads\/2018\/09\/WhatsApp-Image-2018-09-20-at-16.04.06.jpeg 800w, https:\/\/www.radiopiu.net\/wordpress\/wp-content\/uploads\/2018\/09\/WhatsApp-Image-2018-09-20-at-16.04.06-300x38.jpeg 300w, https:\/\/www.radiopiu.net\/wordpress\/wp-content\/uploads\/2018\/09\/WhatsApp-Image-2018-09-20-at-16.04.06-768x96.jpeg 768w\" sizes=\"auto, (max-width: 800px) 100vw, 800px\" \/><\/a><\/p>\n<p><center><\/center><center><\/center>&nbsp;<\/p>\n<p><b>OGGI <\/b>Al mattino cielo molto nuvoloso o coperto con deboli fenomeni sparsi. Possibile qualche parziale schiarita nella seconda parte della giornata. <strong>Precipitazioni.<\/strong> Sulle Prealpi nella notte e al mattino deboli o moderate da sparse a diffuse; sulle Dolomiti in prevalenza deboli da locali a sparse anche del tutto assenti. Nel pomeriggio probabilit\u00e0 ovunque bassa per precipitazioni deboli e a carattere locale o sparso.\u00a0 <strong>Temperature.<\/strong> Minime in lieve aumento specie nelle valli, massime senza notevoli variazioni con lieve escursione termica giornaliera.<\/p>\n<hr \/>\n<p><strong>DOMANI<\/strong> Irregolarmente nuvoloso con nubi basse o foschie nei fondovalle nelle ore fredde, localmente persistenti nelle valli prealpine. Parziali schiarite nel corso del pomeriggio, specie verso sera. <strong>Precipitazioni.<\/strong> Generalmente assenti, salvo qualche occasionale breve pioggia al mattino soprattutto sulle Prealpi veronesi e vicentine <strong>Temperature.<\/strong>\u00a0Minime in lieve o contenuta diminuzione, massime in lieve aumento su valori superiori alle medie del periodo.<\/p>\n<hr \/>\n<p><strong>LUNEDI<\/strong> Nel corso della giornata presenza di nuvolosit\u00e0 irregolare alternata a schiarite con fenomeni pressoch\u00e9 assenti. Possibili nubi basse nelle valli nelle ore fredde in lento dissolvimento dopo l&#8217;alba e in nuova formazione in serata. Temperature senza notevoli variazioni salvo nelle valli risultare in lieve calo le minime e in lieve aumento le massime.<\/p>\n<hr \/>\n<p><strong>MARTEDI<\/strong>\u00a0Tempo variabile con schiarite e annuvolamenti con nubi basse nelle ore fredde ma senza particolari fenomeni. Temperature senza notevoli variazioni salvo ancora risultare nelle valli in lieve calo le minime e in lieve aumento le massime su valori ancora superiori alla norma<\/p>\n<p>&nbsp;<\/p>\n<hr \/>\n<p>&nbsp;<\/p>\n<p>&nbsp;<\/p>\n<p class=\"mceTemp\"><a class=\"dt-pswp-item\" href=\"https:\/\/www.radiopiu.net\/wordpress\/wp-content\/uploads\/2018\/09\/sport.jpg\" data-dt-img-description=\"\" data-large_image_width=\"800\" data-large_image_height=\"100\"><img loading=\"lazy\" decoding=\"async\" class=\"aligncenter wp-image-60761 size-full\" src=\"https:\/\/www.radiopiu.net\/wordpress\/wp-content\/uploads\/2018\/09\/sport.jpg\" alt=\"\" width=\"800\" height=\"100\" srcset=\"https:\/\/www.radiopiu.net\/wordpress\/wp-content\/uploads\/2018\/09\/sport.jpg 800w, https:\/\/www.radiopiu.net\/wordpress\/wp-content\/uploads\/2018\/09\/sport-300x38.jpg 300w, https:\/\/www.radiopiu.net\/wordpress\/wp-content\/uploads\/2018\/09\/sport-768x96.jpg 768w\" sizes=\"auto, (max-width: 800px) 100vw, 800px\" \/><\/a><span style=\"color: #0000ff;\"><strong>\u00a0 \u00a0 \u00a0 \u00a0<\/strong><\/span><\/p>\n<p><span style=\"color: #0000ff;\"><strong>HOCKEY SU GHIACCIO<\/strong><\/span><\/p>\n<blockquote>\n<h3>ALLEGHE NELLA TANA DEI MASTINI<\/h3>\n<\/blockquote>\n<p><strong><a class=\"dt-pswp-item\" href=\"https:\/\/www.radiopiu.net\/wordpress\/wp-content\/uploads\/2024\/10\/4c903b0c-bb42-43cb-9789-e40e0b6ad9a1.jpg\" data-dt-img-description=\"\" data-large_image_width=\"940\" data-large_image_height=\"517\"><img loading=\"lazy\" decoding=\"async\" class=\" wp-image-416335 alignleft\" src=\"https:\/\/www.radiopiu.net\/wordpress\/wp-content\/uploads\/2024\/10\/4c903b0c-bb42-43cb-9789-e40e0b6ad9a1-300x165.jpg\" alt=\"\" width=\"191\" height=\"105\" srcset=\"https:\/\/www.radiopiu.net\/wordpress\/wp-content\/uploads\/2024\/10\/4c903b0c-bb42-43cb-9789-e40e0b6ad9a1-300x165.jpg 300w, https:\/\/www.radiopiu.net\/wordpress\/wp-content\/uploads\/2024\/10\/4c903b0c-bb42-43cb-9789-e40e0b6ad9a1-768x422.jpg 768w, https:\/\/www.radiopiu.net\/wordpress\/wp-content\/uploads\/2024\/10\/4c903b0c-bb42-43cb-9789-e40e0b6ad9a1.jpg 940w\" sizes=\"auto, (max-width: 191px) 100vw, 191px\" \/><\/a>DI ROBERTO MIANA, PORTAVOCE DELL&#8217;ALLEGHE HOCKEY<\/strong><\/p>\n<p>Decima giornata del campionato IHL di hockey su ghiaccio, sabato 26 ottobre alle 18:30 l\u2019Alleghe gioca a Varese. Nell\u2019ultimo turno le Civette sono state sconfitte per mano del Feltre 0-3. Risultato che sancisce il primo storico successo dei Picchi nel derby bellunese in IHL. Inizio di gara sostanzialmente equilibrato, con i padroni di casa che per\u00f2 vanno maggiormente al tiro rispetto agli Agordini. Secondo drittel di marca Feltrina, con i Picchi che sbloccano il risultato dopo due minuti, non sfruttano diverse occasioni e si vedono annullare, nel finale di tempo, una seconda marcatura per bastone alto. Ultimo periodo che si apre con il raddoppio del Feltre che chiude e legittima il risultato nel finale con la terza marcatura. Gara che ha evidenziato un Feltre pi\u00f9 propositivi in zona offensiva, rispetto agli Alleghesi che hanno pagato le assenze in attacco di Davide Testori e Giacomo Alessio. Biancorossi che restano noni in classifica con 9 punti in sette gare. Il Varese, prossimo avversario delle Civette, \u00e8 reduce dalla sconfitta 5-6 nella difficile trasferta contro l\u2019Aosta. Gara pirotecnica che ha visto i Varesini sempre rincorrere l\u2019avversario in uno spettacolare botta e risposta. Da segnalare nei Valdostani la decisiva doppietta dell\u2019alleghese Edgar De Toni. Squadra lombarda che occupa la quinta piazza in classifica con 14 punti in otto gare. I Migliori realizzatori della squadra Bosina sono Franchini (8+4), Perino (5+3), Ghiglione (4+7) e l\u2019assist-man finlandese: Maekinen (4+13). Ventotto i precedenti giocati in IHL tra Alleghe e Varese, con 15 successi Agordini e 13 Varesini. L\u2019ultima gara in terra lombarda, giocata il 4 gennaio di quest\u2019anno, ha visto l\u2019affermazione dei gialloneri 4-3.<\/p>\n<p><strong>HCMV VARESE HOCKEY &#8211; ALLEGHE HOCKEY <\/strong>Sabato 26 Ottobre ore 18:30 &#8211; Acinque Ice Arena di Varese. Arbitri: Fabio Lottaroli e Simone Soraperra con giudici di linea Giorgio Brenna e Nicol\u00f2 Alberti. Collegamenti in DIRETTA RADIOFONICA su Radio Pi\u00f9 (www.radiopiu.net) con \u201chockey al punto giusto\u201d, in studio Marco Gaz e da Varese interventi di Roberto Miana<\/p>\n<p>&nbsp;<\/p>\n<p><span style=\"color: #0000ff;\"><strong>CALCIO<\/strong><\/span><\/p>\n<blockquote>\n<h3>L&#8217;AGORDINA TORNA IN CAMPO DOPO LO STOP DI SETTE GIORNI FA<\/h3>\n<\/blockquote>\n<p><strong><a class=\"dt-pswp-item\" href=\"https:\/\/www.radiopiu.net\/wordpress\/wp-content\/uploads\/2023\/04\/calcio-dangolo-2023.jpg\" data-dt-img-description=\"\" data-large_image_width=\"1920\" data-large_image_height=\"1270\"><img loading=\"lazy\" decoding=\"async\" class=\" wp-image-330971 alignleft\" src=\"https:\/\/www.radiopiu.net\/wordpress\/wp-content\/uploads\/2023\/04\/calcio-dangolo-2023-300x198.jpg\" alt=\"\" width=\"217\" height=\"143\" srcset=\"https:\/\/www.radiopiu.net\/wordpress\/wp-content\/uploads\/2023\/04\/calcio-dangolo-2023-300x198.jpg 300w, https:\/\/www.radiopiu.net\/wordpress\/wp-content\/uploads\/2023\/04\/calcio-dangolo-2023-1024x677.jpg 1024w, https:\/\/www.radiopiu.net\/wordpress\/wp-content\/uploads\/2023\/04\/calcio-dangolo-2023-768x508.jpg 768w, https:\/\/www.radiopiu.net\/wordpress\/wp-content\/uploads\/2023\/04\/calcio-dangolo-2023-1536x1016.jpg 1536w, https:\/\/www.radiopiu.net\/wordpress\/wp-content\/uploads\/2023\/04\/calcio-dangolo-2023.jpg 1920w\" sizes=\"auto, (max-width: 217px) 100vw, 217px\" \/><\/a>DI MARCO GAZ<\/strong><\/p>\n<p><strong>REDAZIONE <\/strong>Dopo lo stop forzato della scorsa settimana a causa del maltempo, le squadre dell\u2019Agordina tornano in campo nei vari campionati della LND della provincia di Belluno. Ad aprire il fine settimana ci pensano i ragazzi della Juniores che oggi alle 15:30 giocheranno in casa contro il Pedavena. Sempre oggi, alle 16 sar\u00e0 il turno delle due squadre del campionato Giovanissimi. La squadra A giocher\u00e0 in casa contro la LG Valbelluna mentre la squadra B sar\u00e0 in trasferta con il Ponte Nelle Alpi. Domani le ultime due partite del fine settimana. Alle 10 gli Allievi saranno impegnati in trasferta contro lo Schiara. Nel pomeriggio la prima squadra. L\u2019Agordina di Elvio Chiea torna all\u2019Ivano Dorigo di Agordo. Una partita impegnativa contro un Piave che si sta comportando bene in campionato di Terza Categoria. Calcio d\u2019inizio alle 14:30. Domani sera, alle 20:30 su Radio Pi\u00f9, appuntamento con il contenitore calcistico \u201cAgordina In Prima Linea\u201d per analizzare il fine settimana calcistico dell\u2019Agordina Calcio.<\/p>\n<p>&nbsp;<\/p>\n<p><span style=\"color: #0000ff;\"><strong>PALLAVOLO<\/strong><\/span><\/p>\n<blockquote>\n<h3>BELLUNO VOLLEY IN TRASFERTA A CAGLIARI<\/h3>\n<\/blockquote>\n<p><a class=\"dt-pswp-item\" href=\"https:\/\/www.radiopiu.net\/wordpress\/wp-content\/uploads\/2024\/10\/I_rinoceronti_sono_attesi_dal_Cus_Cagliari.jpg\" data-dt-img-description=\"\" data-large_image_width=\"2048\" data-large_image_height=\"1290\"><img loading=\"lazy\" decoding=\"async\" class=\" wp-image-416301 alignleft\" src=\"https:\/\/www.radiopiu.net\/wordpress\/wp-content\/uploads\/2024\/10\/I_rinoceronti_sono_attesi_dal_Cus_Cagliari-300x189.jpg\" alt=\"\" width=\"168\" height=\"106\" srcset=\"https:\/\/www.radiopiu.net\/wordpress\/wp-content\/uploads\/2024\/10\/I_rinoceronti_sono_attesi_dal_Cus_Cagliari-300x189.jpg 300w, https:\/\/www.radiopiu.net\/wordpress\/wp-content\/uploads\/2024\/10\/I_rinoceronti_sono_attesi_dal_Cus_Cagliari-1024x645.jpg 1024w, https:\/\/www.radiopiu.net\/wordpress\/wp-content\/uploads\/2024\/10\/I_rinoceronti_sono_attesi_dal_Cus_Cagliari-768x484.jpg 768w, https:\/\/www.radiopiu.net\/wordpress\/wp-content\/uploads\/2024\/10\/I_rinoceronti_sono_attesi_dal_Cus_Cagliari-1536x968.jpg 1536w, https:\/\/www.radiopiu.net\/wordpress\/wp-content\/uploads\/2024\/10\/I_rinoceronti_sono_attesi_dal_Cus_Cagliari.jpg 2048w\" sizes=\"auto, (max-width: 168px) 100vw, 168px\" \/><\/a>Il Belluno Volley \u00e8 pronto per la prima trasferta in Serie A3 contro il Cus Cagliari, che si terr\u00e0 oggi a Sarroch (non al PalaPirastu, indisponibile). Dopo una sconfitta al tie-break nel match inaugurale, l&#8217;allenatore Matteo De Cecco spinge il gruppo a mostrare carattere e migliorare l&#8217;intesa. Il Cus Cagliari, reduce da una vittoria nel derby sardo, \u00e8 ben organizzato e presenta giocatori esperti come Gozzo, Biasotto, Menicali e Galdenzi. De Cecco chiede concentrazione e determinazione per competere punto su punto. Gli arbitri saranno Sumeraro e Mannarino, e la partita sar\u00e0 trasmessa in diretta su YouTube.<\/p>\n<blockquote>\n<h3>INIZIA OGGI IL CAMPIONATO DELLA SB VOLLEY<\/h3>\n<\/blockquote>\n<p><a class=\"dt-pswp-item\" href=\"https:\/\/www.radiopiu.net\/wordpress\/wp-content\/uploads\/2024\/10\/Il_sorriso_di_Degortes_e_compagne.jpg\" data-dt-img-description=\"\" data-large_image_width=\"895\" data-large_image_height=\"610\"><img loading=\"lazy\" decoding=\"async\" class=\"wp-image-416302 alignright\" src=\"https:\/\/www.radiopiu.net\/wordpress\/wp-content\/uploads\/2024\/10\/Il_sorriso_di_Degortes_e_compagne-300x204.jpg\" alt=\"\" width=\"165\" height=\"112\" srcset=\"https:\/\/www.radiopiu.net\/wordpress\/wp-content\/uploads\/2024\/10\/Il_sorriso_di_Degortes_e_compagne-300x204.jpg 300w, https:\/\/www.radiopiu.net\/wordpress\/wp-content\/uploads\/2024\/10\/Il_sorriso_di_Degortes_e_compagne-768x523.jpg 768w, https:\/\/www.radiopiu.net\/wordpress\/wp-content\/uploads\/2024\/10\/Il_sorriso_di_Degortes_e_compagne.jpg 895w\" sizes=\"auto, (max-width: 165px) 100vw, 165px\" \/><\/a>Oggi inizia il campionato femminile di Serie C, con la SB Volley che sfider\u00e0 Terraglio in casa al De Mas alle 19. Le ragazze di coach De Salvador, reduci da tre vittorie in Coppa Veneto, puntano a esordire positivamente. Simona Degortes, libero e leader esperta della squadra, sottolinea la serenit\u00e0 e la coesione del gruppo, composto da atlete giovani e veterane. Con l\u2019obiettivo di esprimere il massimo potenziale, la SB Volley affronter\u00e0 l&#8217;incognita Terraglio con determinazione e serenit\u00e0, confidando che il gioco collettivo porter\u00e0 risultati positivi.<\/p>\n<p>&nbsp;<\/p>\n<p>&nbsp;<\/p>\n<p>&nbsp;<\/p>\n<hr \/>\n<p>&nbsp;<\/p>\n<h2><span style=\"color: #99cc00;\">GOODBYE BY BICICLE&#8230;UN VIAGGIO DALL&#8217;INDIA A SEREN DEL GRAPPA IN BICICLETTA<\/span><\/h2>\n<p><span style=\"color: #ff0000;\"><strong>PUNTATA 34 &#8211; IL TEMPO PASSA IN FRETTA IN ITALIA<\/strong><\/span><\/p>\n<audio class=\"wp-audio-shortcode\" id=\"audio-416283-22\" preload=\"none\" style=\"width: 100%;\" controls=\"controls\"><source type=\"audio\/mpeg\" src=\"https:\/\/www.radiopiu.net\/wordpress\/wp-content\/uploads\/2024\/10\/AIRE-INDIA-34-PUNTATA.mp3?_=22\" \/><a href=\"https:\/\/www.radiopiu.net\/wordpress\/wp-content\/uploads\/2024\/10\/AIRE-INDIA-34-PUNTATA.mp3\">https:\/\/www.radiopiu.net\/wordpress\/wp-content\/uploads\/2024\/10\/AIRE-INDIA-34-PUNTATA.mp3<\/a><\/audio>\n<p>&nbsp;<\/p>\n<p><strong>PER VISITARE I SITI DEI LUOGHI VISITATI, CLICCA SULLE SEGUENTI SCRITTE: <span style=\"color: #3366ff;\"><a href=\"https:\/\/www.rocciavivamatera.it\/\">ROCCIA VIVA MATERA<\/a>\u00a0 \u00a0<a href=\"https:\/\/www.benetural.com\/\">BENETURAL<\/a>\u00a0 \u00a0<a href=\"https:\/\/www.instagram.com\/noiortadini?igsh=MTR4ZDI2eG81c2pxYg==\">NOI ORTADINI<\/a>\u00a0 \u00a0<a href=\"https:\/\/lefattizze.it\/\">LE FATTIZZE<\/a>\u00a0 \u00a0<a href=\"https:\/\/www.instagram.com\/lan_architetture?igsh=MXNnZ2Noamt2eDhtcg==\">LAN ARCHITETTURE<\/a>\u00a0 \u00a0<a href=\"https:\/\/www.instagram.com\/effettoterra_associazione?igsh=NXV6NmhwdGJ4c2M=\">EFFETTOTERRA<\/a>\u00a0 \u00a0<a href=\"https:\/\/www.fondazionenuovaspecie.org\/podcast\">FONDAZIONE NUOVA SPECIE<\/a><\/span><\/strong><\/p>\n<p>&nbsp;<\/p>\n\n\t\t\t<style type='text\/css'>\n\t\t\t\t#gallery-3 {\n\t\t\t\t\tmargin: auto;\n\t\t\t\t}\n\t\t\t\t#gallery-3 .gallery-item {\n\t\t\t\t\tfloat: left;\n\t\t\t\t\tmargin-top: 10px;\n\t\t\t\t\ttext-align: center;\n\t\t\t\t\twidth: 25%;\n\t\t\t\t}\n\t\t\t\t#gallery-3 img {\n\t\t\t\t\tborder: 2px solid #cfcfcf;\n\t\t\t\t}\n\t\t\t\t#gallery-3 .gallery-caption {\n\t\t\t\t\tmargin-left: 0;\n\t\t\t\t}\n\t\t\t\t\/* see gallery_shortcode() in wp-includes\/media.php *\/\n\t\t\t<\/style>\n\t\t<div id='gallery-3' class='dt-gallery-container gallery galleryid-416283 gallery-columns-4 gallery-size-thumbnail'><dl class='gallery-item'>\n\t\t\t\t<dt class='gallery-icon landscape'>\n\t\t\t\t\t<a class=\"rollover rollover-zoom dt-pswp-item\" title=\"8c98d790-7616-41db-ac2f-d680eed82c85\" data-dt-img-description=\"\" data-large_image_width=\"2000\" data-large_image_height=\"1500\"href='https:\/\/www.radiopiu.net\/wordpress\/wp-content\/uploads\/2024\/10\/8c98d790-7616-41db-ac2f-d680eed82c85.jpg'><img loading=\"lazy\" decoding=\"async\" width=\"150\" height=\"150\" src=\"https:\/\/www.radiopiu.net\/wordpress\/wp-content\/uploads\/2024\/10\/8c98d790-7616-41db-ac2f-d680eed82c85-150x150.jpg\" class=\"attachment-thumbnail size-thumbnail\" alt=\"\" \/><\/a>\n\t\t\t\t<\/dt><\/dl><dl class='gallery-item'>\n\t\t\t\t<dt class='gallery-icon landscape'>\n\t\t\t\t\t<a class=\"rollover rollover-zoom dt-pswp-item\" title=\"694cdf4f-f186-4d46-bb2c-4f4b2767de70\" data-dt-img-description=\"\" data-large_image_width=\"2000\" data-large_image_height=\"1500\"href='https:\/\/www.radiopiu.net\/wordpress\/wp-content\/uploads\/2024\/10\/694cdf4f-f186-4d46-bb2c-4f4b2767de70.jpg'><img loading=\"lazy\" decoding=\"async\" width=\"150\" height=\"150\" src=\"https:\/\/www.radiopiu.net\/wordpress\/wp-content\/uploads\/2024\/10\/694cdf4f-f186-4d46-bb2c-4f4b2767de70-150x150.jpg\" class=\"attachment-thumbnail size-thumbnail\" alt=\"\" \/><\/a>\n\t\t\t\t<\/dt><\/dl><dl class='gallery-item'>\n\t\t\t\t<dt class='gallery-icon landscape'>\n\t\t\t\t\t<a class=\"rollover rollover-zoom dt-pswp-item\" title=\"cb7c51b6-df1c-4a70-bfca-b968ca97a59c\" data-dt-img-description=\"\" data-large_image_width=\"2000\" data-large_image_height=\"1500\"href='https:\/\/www.radiopiu.net\/wordpress\/wp-content\/uploads\/2024\/10\/cb7c51b6-df1c-4a70-bfca-b968ca97a59c.jpg'><img loading=\"lazy\" decoding=\"async\" width=\"150\" height=\"150\" src=\"https:\/\/www.radiopiu.net\/wordpress\/wp-content\/uploads\/2024\/10\/cb7c51b6-df1c-4a70-bfca-b968ca97a59c-150x150.jpg\" class=\"attachment-thumbnail size-thumbnail\" alt=\"\" \/><\/a>\n\t\t\t\t<\/dt><\/dl><dl class='gallery-item'>\n\t\t\t\t<dt class='gallery-icon landscape'>\n\t\t\t\t\t<a class=\"rollover rollover-zoom dt-pswp-item\" title=\"d1ad24aa-46c0-4d9d-b86a-abb7eaf67576\" data-dt-img-description=\"\" data-large_image_width=\"2000\" data-large_image_height=\"1500\"href='https:\/\/www.radiopiu.net\/wordpress\/wp-content\/uploads\/2024\/10\/d1ad24aa-46c0-4d9d-b86a-abb7eaf67576.jpg'><img loading=\"lazy\" decoding=\"async\" width=\"150\" height=\"150\" src=\"https:\/\/www.radiopiu.net\/wordpress\/wp-content\/uploads\/2024\/10\/d1ad24aa-46c0-4d9d-b86a-abb7eaf67576-150x150.jpg\" class=\"attachment-thumbnail size-thumbnail\" alt=\"\" \/><\/a>\n\t\t\t\t<\/dt><\/dl><br style=\"clear: both\" \/>\n\t\t\t<\/div>\n\n<h2>LA RACCOLTA COMPLETA <a href=\"https:\/\/www.radiopiu.net\/wordpress\/goodbye-by-bicicle-un-viaggio-dallindia-a-seren-del-grappa-in-bicicletta-33\/\"><span style=\"color: #3366ff;\">CLICCA QUI<\/span><\/a><\/h2>\n<p>&nbsp;<\/p>\n<p>&nbsp;<\/p>\n<p>&nbsp;<\/p>\n","protected":false},"excerpt":{"rendered":"<p>******* &nbsp; LA\u00a0 APP PER IOS-IPHONE di Nicola Vettorello https:\/\/apps.apple.com\/it\/app\/radio-pi%C3%B9-emittente-agordina\/id1515939845 LA\u00a0 APP RADIO\u00a0 PER ANDROID di Nicola Vettorello https:\/\/play.google.com\/store\/apps\/details?id=net.radiopiu.iniko\u00a0\u00a0\u00a0 &nbsp; &nbsp; &nbsp; BELLUNO, Oggi dalle 8 alle 17 si terr\u00e0 nel territorio comunale di Belluno una esercitazione di Protezione Civile per rischio idrogeologico con l&#8217; impiego di 100 volontari e la collaborazione delle forze dell&#8217;ordine.&hellip;<\/p>\n","protected":false},"author":4,"featured_media":416378,"comment_status":"closed","ping_status":"closed","sticky":false,"template":"","format":"standard","meta":{"_monsterinsights_skip_tracking":false,"_monsterinsights_sitenote_active":false,"_monsterinsights_sitenote_note":"","_monsterinsights_sitenote_category":0,"footnotes":""},"categories":[51,86,49],"tags":[],"class_list":["post-416283","post","type-post","status-publish","format-standard","has-post-thumbnail","hentry","category-evidenza-top","category-gr","category-news-18","category-51","category-86","category-49","description-off"],"img_url":"https:\/\/www.radiopiu.net\/wordpress\/wp-content\/uploads\/2024\/10\/289393b2-fbcb-4673-bcfd-c66a8bcf570c-e1729873045322.jpg","_links":{"self":[{"href":"https:\/\/www.radiopiu.net\/wordpress\/wp-json\/wp\/v2\/posts\/416283","targetHints":{"allow":["GET"]}}],"collection":[{"href":"https:\/\/www.radiopiu.net\/wordpress\/wp-json\/wp\/v2\/posts"}],"about":[{"href":"https:\/\/www.radiopiu.net\/wordpress\/wp-json\/wp\/v2\/types\/post"}],"author":[{"embeddable":true,"href":"https:\/\/www.radiopiu.net\/wordpress\/wp-json\/wp\/v2\/users\/4"}],"replies":[{"embeddable":true,"href":"https:\/\/www.radiopiu.net\/wordpress\/wp-json\/wp\/v2\/comments?post=416283"}],"version-history":[{"count":31,"href":"https:\/\/www.radiopiu.net\/wordpress\/wp-json\/wp\/v2\/posts\/416283\/revisions"}],"predecessor-version":[{"id":416457,"href":"https:\/\/www.radiopiu.net\/wordpress\/wp-json\/wp\/v2\/posts\/416283\/revisions\/416457"}],"wp:featuredmedia":[{"embeddable":true,"href":"https:\/\/www.radiopiu.net\/wordpress\/wp-json\/wp\/v2\/media\/416378"}],"wp:attachment":[{"href":"https:\/\/www.radiopiu.net\/wordpress\/wp-json\/wp\/v2\/media?parent=416283"}],"wp:term":[{"taxonomy":"category","embeddable":true,"href":"https:\/\/www.radiopiu.net\/wordpress\/wp-json\/wp\/v2\/categories?post=416283"},{"taxonomy":"post_tag","embeddable":true,"href":"https:\/\/www.radiopiu.net\/wordpress\/wp-json\/wp\/v2\/tags?post=416283"}],"curies":[{"name":"wp","href":"https:\/\/api.w.org\/{rel}","templated":true}]}}