{"id":416294,"date":"2024-10-26T05:26:48","date_gmt":"2024-10-26T03:26:48","guid":{"rendered":"https:\/\/www.radiopiu.net\/wordpress\/?p=416294"},"modified":"2024-10-26T05:43:09","modified_gmt":"2024-10-26T03:43:09","slug":"sei-anni-da-vaia-il-ricordo-dellassessore-bottacin","status":"publish","type":"post","link":"https:\/\/www.radiopiu.net\/wordpress\/sei-anni-da-vaia-il-ricordo-dellassessore-bottacin\/","title":{"rendered":"SEI ANNI DA VAIA. IL RICORDO DELL&#8217;ASSESSORE BOTTACIN"},"content":{"rendered":"<p>*******<\/p>\n<p>&nbsp;<\/p>\n<p><strong><a class=\"dt-pswp-item\" href=\"https:\/\/www.radiopiu.net\/wordpress\/wp-content\/uploads\/2024\/04\/BOTTACIN.png\" data-dt-img-description=\"\" data-large_image_width=\"564\" data-large_image_height=\"393\"><img loading=\"lazy\" decoding=\"async\" class=\" wp-image-382551 alignleft\" src=\"https:\/\/www.radiopiu.net\/wordpress\/wp-content\/uploads\/2024\/04\/BOTTACIN-300x209.png\" alt=\"\" width=\"211\" height=\"147\" srcset=\"https:\/\/www.radiopiu.net\/wordpress\/wp-content\/uploads\/2024\/04\/BOTTACIN-300x209.png 300w, https:\/\/www.radiopiu.net\/wordpress\/wp-content\/uploads\/2024\/04\/BOTTACIN.png 564w\" sizes=\"auto, (max-width: 211px) 100vw, 211px\" \/><\/a>IL RICORDO DELL&#8217;ASSESSORE REGIONALE GIANPAOLO BOTTACIN<\/strong><\/p>\n<p>Vaia per me \u00e8 stato un evento particolarmente importante. Presiedere l&#8217;Unit\u00e0 di Crisi della Regione ha significato prendere decisioni da far tremare i polsi, come quella di far chiudere tutto a Belluno in base alle previsioni meteo della nostra Agenzia Regionale per la Protezione Ambientale (Arpav) o quella di far evacuare o meno intere citt\u00e0. Ma dopo Vaia si \u00e8 visto anche il lavoro messo in campo e quindi posso parlare pure della soddisfazione di averlo fatto, certo con fatica, ma con grandi risultati. Dopo Vaia sono stati infatti 2527 i cantieri attivati, per oltre un miliardo di euro di fondi investiti per la mitigazione del rischio idrogeologico. Il tutto senza problemi di carattere giudiziario e contenziosi, cosa non da poco e mai evidenziata. Ancora una volta il Veneto si \u00e8 distinto e si distingue per essere un esempio nazionale. Come il Friuli \u00e8 considerato un esempio di ricostruzione post sisma, il Veneto si \u00e8 guadagnato il titolo di Regione simbolo per la ricostruzione post alluvione. E questo ormai \u00e8 riconosciuto da tutti. Nello scorso aprile, alla Prima Giornata nazionale della Prevenzione e Mitigazione del dissesto idrogeologico organizzata dal Consiglio Nazionale degli Ingegneri e dal Consiglio Nazionale dei Geologi, io sono stato invitato a portare la testimonianza di quanto fatto in Veneto; unica Regione a cui \u00e8 stato dato questo spazio. Ormai siamo un modello. Ma non \u00e8 stata una passeggiata: realizzare opere per la difesa del suolo \u00e8 infatti un percorso in salita, tra complessit\u00e0 burocratiche determinate da valutazioni di impatto ambientale, autorizzazioni paesaggistiche, espropri e molto altro da un lato, e contestazioni, ricorsi e pure minacce da parte di comitati, associazioni e addirittura amministrazioni dall&#8217;altro. Spesso tutti questi ostacoli non vengono percepiti dalla popolazione, ma posso assicurare che hanno pesantemente messo alla prova la mia determinazione. Senza tuttavia scalfirla.<\/p>\n<p>Gianpaolo Bottacin<\/p>\n<p>&nbsp;<\/p>\n<p>&nbsp;<\/p>\n<p>&nbsp;<\/p>\n<p>**********<\/p>\n","protected":false},"excerpt":{"rendered":"<p>******* &nbsp; IL RICORDO DELL&#8217;ASSESSORE REGIONALE GIANPAOLO BOTTACIN Vaia per me \u00e8 stato un evento particolarmente importante. Presiedere l&#8217;Unit\u00e0 di Crisi della Regione ha significato prendere decisioni da far tremare i polsi, come quella di far chiudere tutto a Belluno in base alle previsioni meteo della nostra Agenzia Regionale per la Protezione Ambientale (Arpav) o&hellip;<\/p>\n","protected":false},"author":4,"featured_media":382551,"comment_status":"closed","ping_status":"closed","sticky":false,"template":"","format":"standard","meta":{"_monsterinsights_skip_tracking":false,"_monsterinsights_sitenote_active":false,"_monsterinsights_sitenote_note":"","_monsterinsights_sitenote_category":0,"footnotes":""},"categories":[51,49],"tags":[],"class_list":["post-416294","post","type-post","status-publish","format-standard","has-post-thumbnail","hentry","category-evidenza-top","category-news-18","category-51","category-49","description-off"],"img_url":"https:\/\/www.radiopiu.net\/wordpress\/wp-content\/uploads\/2024\/04\/BOTTACIN.png","_links":{"self":[{"href":"https:\/\/www.radiopiu.net\/wordpress\/wp-json\/wp\/v2\/posts\/416294","targetHints":{"allow":["GET"]}}],"collection":[{"href":"https:\/\/www.radiopiu.net\/wordpress\/wp-json\/wp\/v2\/posts"}],"about":[{"href":"https:\/\/www.radiopiu.net\/wordpress\/wp-json\/wp\/v2\/types\/post"}],"author":[{"embeddable":true,"href":"https:\/\/www.radiopiu.net\/wordpress\/wp-json\/wp\/v2\/users\/4"}],"replies":[{"embeddable":true,"href":"https:\/\/www.radiopiu.net\/wordpress\/wp-json\/wp\/v2\/comments?post=416294"}],"version-history":[{"count":1,"href":"https:\/\/www.radiopiu.net\/wordpress\/wp-json\/wp\/v2\/posts\/416294\/revisions"}],"predecessor-version":[{"id":416339,"href":"https:\/\/www.radiopiu.net\/wordpress\/wp-json\/wp\/v2\/posts\/416294\/revisions\/416339"}],"wp:featuredmedia":[{"embeddable":true,"href":"https:\/\/www.radiopiu.net\/wordpress\/wp-json\/wp\/v2\/media\/382551"}],"wp:attachment":[{"href":"https:\/\/www.radiopiu.net\/wordpress\/wp-json\/wp\/v2\/media?parent=416294"}],"wp:term":[{"taxonomy":"category","embeddable":true,"href":"https:\/\/www.radiopiu.net\/wordpress\/wp-json\/wp\/v2\/categories?post=416294"},{"taxonomy":"post_tag","embeddable":true,"href":"https:\/\/www.radiopiu.net\/wordpress\/wp-json\/wp\/v2\/tags?post=416294"}],"curies":[{"name":"wp","href":"https:\/\/api.w.org\/{rel}","templated":true}]}}