{"id":416408,"date":"2024-10-28T05:35:54","date_gmt":"2024-10-28T04:35:54","guid":{"rendered":"https:\/\/www.radiopiu.net\/wordpress\/?p=416408"},"modified":"2024-10-28T08:53:25","modified_gmt":"2024-10-28T07:53:25","slug":"giornale-radiopiu-28-ottobre-2024-direttore-mirko-mezzacasada-41-anni-25-giugno-1983-25-giugno-2024","status":"publish","type":"post","link":"https:\/\/www.radiopiu.net\/wordpress\/giornale-radiopiu-28-ottobre-2024-direttore-mirko-mezzacasada-41-anni-25-giugno-1983-25-giugno-2024\/","title":{"rendered":"GIORNALE RADIOPIU 28 OTTOBRE 2024 DIRETTORE MIRKO MEZZACASA\u2026DA 41 ANNI 25 GIUGNO 1983-25 GIUGNO 2024"},"content":{"rendered":"<p>*******<\/p>\n<p>&nbsp;<\/p>\n<p><em><span style=\"color: #ff0000;\"><a class=\"dt-pswp-item\" href=\"https:\/\/www.radiopiu.net\/wordpress\/wp-content\/uploads\/2024\/10\/Senza-nome-8.png\" data-dt-img-description=\"\" data-large_image_width=\"343\" data-large_image_height=\"303\"><img loading=\"lazy\" decoding=\"async\" class=\"wp-image-412130 alignleft\" src=\"https:\/\/www.radiopiu.net\/wordpress\/wp-content\/uploads\/2024\/10\/Senza-nome-8-300x265.png\" alt=\"\" width=\"105\" height=\"93\" srcset=\"https:\/\/www.radiopiu.net\/wordpress\/wp-content\/uploads\/2024\/10\/Senza-nome-8-300x265.png 300w, https:\/\/www.radiopiu.net\/wordpress\/wp-content\/uploads\/2024\/10\/Senza-nome-8.png 343w\" sizes=\"auto, (max-width: 105px) 100vw, 105px\" \/><\/a><\/span><\/em><strong><em><span style=\"color: #ff0000;\"> LA\u00a0 APP PER IOS-IPHONE di Nicola Vettorello<\/span><\/em><\/strong><\/p>\n<p><strong><span style=\"color: #0000ff;\"><a style=\"color: #0000ff;\" href=\"https:\/\/apps.apple.com\/it\/app\/radio-pi%C3%B9-emittente-agordina\/id1515939845\">https:\/\/apps.apple.com\/it\/app\/radio-pi%C3%B9-emittente-agordina\/id1515939845<\/a><\/span><\/strong><\/p>\n<p><strong><em style=\"color: #ff0000;\">LA\u00a0 APP RADIO\u00a0 PER ANDROID di Nicola Vettorello<\/em><\/strong><\/p>\n<p><strong><span style=\"color: #0000ff;\"><a style=\"color: #0000ff;\" href=\"https:\/\/play.google.com\/store\/apps\/details?id=net.radiopiu.iniko\" target=\"_blank\" rel=\"noopener noreferrer\">https:\/\/<\/a><a style=\"color: #0000ff;\" href=\"https:\/\/play.google.com\/store\/apps\/details?id=net.radiopiu.iniko\" target=\"_blank\" rel=\"noopener noreferrer\">play.google.com\/store\/apps\/details?id=net.radiopiu.iniko\u00a0\u00a0\u00a0<\/a><\/span><\/strong><\/p>\n<p>&nbsp;<\/p>\n<p>&nbsp;<\/p>\n<hr \/>\n<blockquote>\n<h1 dir=\"auto\"><span style=\"color: #008000;\">\u00a0<\/span><\/h1>\n<\/blockquote>\n<p><strong>OGGI ALLA RADIO&#8230;.<\/strong> <span style=\"color: #ff0000;\">ALLE 4 E ALLE 6<\/span> LE NOTIZIE DALL&#8217;ITALIA E DAL MONDO <span style=\"color: #ff0000;\"> 0500 <span style=\"color: #0000ff;\"><span style=\"color: #000000;\">l&#8217;almanacco della <a class=\"dt-pswp-item\" href=\"https:\/\/www.radiopiu.net\/wordpress\/wp-content\/uploads\/2024\/10\/bim-informa.jpg\" data-dt-img-description=\"\" data-large_image_width=\"1200\" data-large_image_height=\"670\"><img loading=\"lazy\" decoding=\"async\" class=\"size-medium wp-image-415000 alignleft\" src=\"https:\/\/www.radiopiu.net\/wordpress\/wp-content\/uploads\/2024\/10\/bim-informa-300x168.jpg\" alt=\"\" width=\"300\" height=\"168\" srcset=\"https:\/\/www.radiopiu.net\/wordpress\/wp-content\/uploads\/2024\/10\/bim-informa-300x168.jpg 300w, https:\/\/www.radiopiu.net\/wordpress\/wp-content\/uploads\/2024\/10\/bim-informa-1024x572.jpg 1024w, https:\/\/www.radiopiu.net\/wordpress\/wp-content\/uploads\/2024\/10\/bim-informa-768x429.jpg 768w, https:\/\/www.radiopiu.net\/wordpress\/wp-content\/uploads\/2024\/10\/bim-informa.jpg 1200w\" sizes=\"auto, (max-width: 300px) 100vw, 300px\" \/><\/a>nostra gente con il MUSLA<\/span>\u00a0<\/span><\/span><span style=\"color: #ff0000;\"> 6.15<\/span> PIROLE DE LENGA A CURA DEL MUSLA<span style=\"color: #ff0000;\"> 7.20<\/span> EL BAL DEL FIORI, DETTI E TRADIZIONI DI GIULIANA DA RONCH <span style=\"color: #ff0000;\">8.05<\/span> LA RASSEGNA STAMPA LOCALE<span style=\"color: #ff0000;\"> 8.30 <span style=\"color: #000000;\">PIU&#8217; SIAMO CON MARINA DONA&#8217;<\/span><span style=\"color: #000000;\">\u00a0\u00a0<\/span> 900<span style=\"color: #000000;\"> OGGI COME IERI CON SILVIA BALDO <span style=\"color: #ff0000;\">9.35<\/span> I RACCONTI DI PAOLO SOPPELSA<\/span> <\/span><span style=\"color: #ff0000;\"><span style=\"color: #000000;\">\u00a0<\/span><\/span><span style=\"color: #ff0000;\">9.40<\/span> VIABILITA&#8217; CON BOTOL CAR SERVICE (AGORDO-SEDICO-FELTRE)\u00a0 <span style=\"color: #ff0000;\">1000<\/span> SPECIALE APPIA, DALL&#8217;ARREDAMENTO DI LONGARONE, SULLE TRE RADIO&#8230; PRIMA PUNTATA\u00a0 \u00a0<span style=\"color: #ff0000;\">10.30\u00a0<\/span><span style=\"color: #000000;\"> GSP INFORMA, SU RADIOPIU E RADIO CLUB, TERZA PUNTATA<\/span>\u00a0 \u00a0<span style=\"color: #ff0000;\">12.00<\/span> VA TUTTO LISCIO\u00a0 <span style=\"color: #ff0000;\">12.30<\/span> GIORNALE RADIO PRINCIPALE\u00a0 <span style=\"color: #ff0000;\">13.00<\/span> SALUTE E SOCIETA&#8217; DOTTOR MARCO CARACCIOLO <span style=\"color: #ff0000;\">\u00a0<\/span><span style=\"color: #ff0000;\">14.00 <\/span><span style=\"color: #000000;\">COLLAGE OPERAZIONE NOSTALGIA, LORIS SCUSSEL <\/span><span style=\"color: #ff0000;\">15.10<\/span>\u00a0 CON ALESSIA DALL&#8217;O, RITRATTI SONORI OSPITE, DANIELE POL<span style=\"color: #ff0000;\"> 16.00<\/span> IL ROCK&#8230; DI MARCO COSTANTINI, ROCK ROVENTE \u00a0<span style=\"color: #ff0000;\">1645<\/span> LE HIT DI MIRCO BENCIVENNI <span style=\"color: #ff0000;\">\u00a0<\/span> PIU&#8217; DANCE LE SELEZIONI CHE FANNO SALTARE DI DJ JACK, JACOPO DEL TEDESCO <span style=\"color: #ff0000;\">19.00 <span style=\"color: #000000;\">LE ANTICIPAZIONI DAL TG DI ANTENNA 3 DI TIZIANA BOLOGNANI\u00a0<span style=\"color: #ff0000;\"> 19.20<\/span>\u00a0 SPECIALE APPIA, DALL&#8217;ARREDAMENTO DI LONGARONE, SULLE TRE RADIO&#8230; PRIMA PUNTATA<\/span><\/span><\/p>\n<p>&nbsp;<\/p>\n<p><strong><a class=\"dt-pswp-item\" href=\"https:\/\/www.radiopiu.net\/wordpress\/wp-content\/uploads\/2024\/10\/f32dd448-f4ab-4c33-b506-32efdfbd23d7.jpg\" data-dt-img-description=\"\" data-large_image_width=\"2048\" data-large_image_height=\"1152\"><img loading=\"lazy\" decoding=\"async\" class=\" wp-image-416668 alignleft\" src=\"https:\/\/www.radiopiu.net\/wordpress\/wp-content\/uploads\/2024\/10\/f32dd448-f4ab-4c33-b506-32efdfbd23d7-300x169.jpg\" alt=\"\" width=\"270\" height=\"152\" srcset=\"https:\/\/www.radiopiu.net\/wordpress\/wp-content\/uploads\/2024\/10\/f32dd448-f4ab-4c33-b506-32efdfbd23d7-300x169.jpg 300w, https:\/\/www.radiopiu.net\/wordpress\/wp-content\/uploads\/2024\/10\/f32dd448-f4ab-4c33-b506-32efdfbd23d7-1024x576.jpg 1024w, https:\/\/www.radiopiu.net\/wordpress\/wp-content\/uploads\/2024\/10\/f32dd448-f4ab-4c33-b506-32efdfbd23d7-768x432.jpg 768w, https:\/\/www.radiopiu.net\/wordpress\/wp-content\/uploads\/2024\/10\/f32dd448-f4ab-4c33-b506-32efdfbd23d7-1536x864.jpg 1536w, https:\/\/www.radiopiu.net\/wordpress\/wp-content\/uploads\/2024\/10\/f32dd448-f4ab-4c33-b506-32efdfbd23d7.jpg 2048w\" sizes=\"auto, (max-width: 270px) 100vw, 270px\" \/><\/a>LE DIRETTE DEL FINE SETTIMANA, IN PODCAST: <\/strong>\u00a0DALLA PALESTRA B-FIT DI AGORDO (FOTO) CON MARCO GAZ.<\/p>\n<p><strong>LE DIRETTE DEL FINE SETTIMANA, IN PODCAST: <\/strong>\u00a0 \u00a0DAL DOLOMITI GARDEN DI STEFANO DI PARIS, IL VILLAGGIO DI NATALE CON MIRKO MEZZACASA<\/p>\n<p><strong>LE DIRETTE DEL FINE SETTIMANA, IN PODCAST: <\/strong>\u00a0LA MESSA PER I CADUTI DELLA MONTAGNA, CON FRANCESCO TOME&#8217; E MARCO GAZ<br \/>\n<strong>LE DIRETTE DEL FINE SETTIMANA, IN PODCAST: <\/strong>\u00a0COLLAGE IN SALA DON TAMIS, CON MARINA DONA&#8217;<\/p>\n<p>&nbsp;<\/p>\n<hr \/>\n<p>&nbsp;<\/p>\n<p><strong>rassegna stampa nazionale,<\/strong> ogni giorno alle 5 e alle 6 del mattino<br \/>\ngiornali locali 7 rassegna stampa flash, 8 rassegna stampa, gr flash alle 10 e alle 11, principale 12.30. Informazione pomeriggio alle 15 (speciale) 16, 17, 18. Giornale radio nazionale: ogni ora dalle 5 del mattino, alle 20 della sera.<\/p>\n<p>&nbsp;<\/p>\n<p>&nbsp;<\/p>\n<hr \/>\n<p>&nbsp;<\/p>\n<div class=\"x11i5rnm xat24cr x1mh8g0r x1vvkbs xtlvy1s x126k92a\">\n<div dir=\"auto\">\n<div dir=\"auto\">\n<p><strong><a class=\"dt-pswp-item\" href=\"https:\/\/www.radiopiu.net\/wordpress\/wp-content\/uploads\/2024\/02\/2d44e751-d8a8-461b-8e22-d8e4e853b032.jpg\" data-dt-img-description=\"\" data-large_image_width=\"1600\" data-large_image_height=\"1200\"><img loading=\"lazy\" decoding=\"async\" class=\"wp-image-373307 alignleft\" src=\"https:\/\/www.radiopiu.net\/wordpress\/wp-content\/uploads\/2024\/02\/2d44e751-d8a8-461b-8e22-d8e4e853b032-300x225.jpg\" alt=\"\" width=\"105\" height=\"79\" srcset=\"https:\/\/www.radiopiu.net\/wordpress\/wp-content\/uploads\/2024\/02\/2d44e751-d8a8-461b-8e22-d8e4e853b032-300x225.jpg 300w, https:\/\/www.radiopiu.net\/wordpress\/wp-content\/uploads\/2024\/02\/2d44e751-d8a8-461b-8e22-d8e4e853b032-1024x768.jpg 1024w, https:\/\/www.radiopiu.net\/wordpress\/wp-content\/uploads\/2024\/02\/2d44e751-d8a8-461b-8e22-d8e4e853b032-768x576.jpg 768w, https:\/\/www.radiopiu.net\/wordpress\/wp-content\/uploads\/2024\/02\/2d44e751-d8a8-461b-8e22-d8e4e853b032-1536x1152.jpg 1536w, https:\/\/www.radiopiu.net\/wordpress\/wp-content\/uploads\/2024\/02\/2d44e751-d8a8-461b-8e22-d8e4e853b032.jpg 1600w\" sizes=\"auto, (max-width: 105px) 100vw, 105px\" \/><\/a>EL BAL DEL FIOR, DI GIULIANA DA RONCH, 28 OTTOBRE<\/strong><strong>\u00a02024<\/strong><\/p>\n<\/div>\n<\/div>\n<\/div>\n<div>\n<audio class=\"wp-audio-shortcode\" id=\"audio-416408-1\" preload=\"none\" style=\"width: 100%;\" controls=\"controls\"><source type=\"audio\/mpeg\" src=\"https:\/\/www.radiopiu.net\/wordpress\/wp-content\/uploads\/2024\/10\/GLU-3.mp3?_=1\" \/><a href=\"https:\/\/www.radiopiu.net\/wordpress\/wp-content\/uploads\/2024\/10\/GLU-3.mp3\">https:\/\/www.radiopiu.net\/wordpress\/wp-content\/uploads\/2024\/10\/GLU-3.mp3<\/a><\/audio>\n<\/div>\n<div><\/div>\n<div><\/div>\n<hr \/>\n<p>&nbsp;<\/p>\n<div class=\"x11i5rnm xat24cr x1mh8g0r x1vvkbs xtlvy1s x126k92a\">\n<h1><span style=\"color: #ff0000;\"><a class=\"dt-pswp-item\" href=\"https:\/\/www.radiopiu.net\/wordpress\/wp-content\/uploads\/2024\/06\/th-5.jpg\" data-dt-img-description=\"\" data-large_image_width=\"326\" data-large_image_height=\"180\"><img loading=\"lazy\" decoding=\"async\" class=\"size-medium wp-image-395881 alignleft\" src=\"https:\/\/www.radiopiu.net\/wordpress\/wp-content\/uploads\/2024\/06\/th-5-300x166.jpg\" alt=\"\" width=\"300\" height=\"166\" srcset=\"https:\/\/www.radiopiu.net\/wordpress\/wp-content\/uploads\/2024\/06\/th-5-300x166.jpg 300w, https:\/\/www.radiopiu.net\/wordpress\/wp-content\/uploads\/2024\/06\/th-5.jpg 326w\" sizes=\"auto, (max-width: 300px) 100vw, 300px\" \/><\/a><\/span><\/h1>\n<h1><\/h1>\n<h1><\/h1>\n<h1><span style=\"color: #000000;\">28 OTTOBRE&#8230; alla radio l&#8217;almanacco\u00a0<\/span><\/h1>\n<audio class=\"wp-audio-shortcode\" id=\"audio-416408-2\" preload=\"none\" style=\"width: 100%;\" controls=\"controls\"><source type=\"audio\/mpeg\" src=\"https:\/\/www.radiopiu.net\/wordpress\/wp-content\/uploads\/2024\/10\/ALMANACCONEW-22.mp3?_=2\" \/><a href=\"https:\/\/www.radiopiu.net\/wordpress\/wp-content\/uploads\/2024\/10\/ALMANACCONEW-22.mp3\">https:\/\/www.radiopiu.net\/wordpress\/wp-content\/uploads\/2024\/10\/ALMANACCONEW-22.mp3<\/a><\/audio>\n<p>&nbsp;<\/p>\n<p>&nbsp;<\/p>\n<hr \/>\n<p>&nbsp;<\/p>\n<p>&nbsp;<\/p>\n<blockquote>\n<h1><strong><a class=\"dt-pswp-item\" href=\"https:\/\/www.radiopiu.net\/wordpress\/wp-content\/uploads\/2024\/10\/629301fd-708d-4f53-95c2-d28cbefd500f.jpg\" data-dt-img-description=\"\" data-large_image_width=\"1600\" data-large_image_height=\"1322\"><img loading=\"lazy\" decoding=\"async\" class=\"wp-image-413782 alignleft\" src=\"https:\/\/www.radiopiu.net\/wordpress\/wp-content\/uploads\/2024\/10\/629301fd-708d-4f53-95c2-d28cbefd500f-300x248.jpg\" alt=\"\" width=\"186\" height=\"154\" srcset=\"https:\/\/www.radiopiu.net\/wordpress\/wp-content\/uploads\/2024\/10\/629301fd-708d-4f53-95c2-d28cbefd500f-300x248.jpg 300w, https:\/\/www.radiopiu.net\/wordpress\/wp-content\/uploads\/2024\/10\/629301fd-708d-4f53-95c2-d28cbefd500f-1024x846.jpg 1024w, https:\/\/www.radiopiu.net\/wordpress\/wp-content\/uploads\/2024\/10\/629301fd-708d-4f53-95c2-d28cbefd500f-768x635.jpg 768w, https:\/\/www.radiopiu.net\/wordpress\/wp-content\/uploads\/2024\/10\/629301fd-708d-4f53-95c2-d28cbefd500f-1536x1269.jpg 1536w, https:\/\/www.radiopiu.net\/wordpress\/wp-content\/uploads\/2024\/10\/629301fd-708d-4f53-95c2-d28cbefd500f.jpg 1600w\" sizes=\"auto, (max-width: 186px) 100vw, 186px\" \/><\/a>N di parom &#8211; L Almanach de la nosta jent<\/strong><\/h1>\n<\/blockquote>\n<p>Le voci: Davide Conedera, Agordo, Michela Dell&#8217;Osbel, La Valle Agordina Simone Ganz, Falcade Veronica Lezuo, Colle Santa Lucia. La voce nella sigla \u00e8 di Giorgia Taio<\/p>\n<p><strong>LA PUNTATA DI OGGI, 28 OTTOBRE<\/strong><\/p>\n<audio class=\"wp-audio-shortcode\" id=\"audio-416408-3\" preload=\"none\" style=\"width: 100%;\" controls=\"controls\"><source type=\"audio\/mpeg\" src=\"https:\/\/www.radiopiu.net\/wordpress\/wp-content\/uploads\/2024\/10\/AL1-1.mp3?_=3\" \/><a href=\"https:\/\/www.radiopiu.net\/wordpress\/wp-content\/uploads\/2024\/10\/AL1-1.mp3\">https:\/\/www.radiopiu.net\/wordpress\/wp-content\/uploads\/2024\/10\/AL1-1.mp3<\/a><\/audio>\n<\/div>\n<div class=\"x11i5rnm xat24cr x1mh8g0r x1vvkbs xtlvy1s x126k92a\">\n<p>&nbsp;<\/p>\n<p>&nbsp;<\/p>\n<p>&nbsp;<\/p>\n<div dir=\"auto\">\n<hr \/>\n<\/div>\n<\/div>\n<blockquote>\n<blockquote>\n<h1><span style=\"color: #ff0000;\">\u00a0<\/span><\/h1>\n<h1><span style=\"color: #ff0000;\">I podcast informativi del mattino &#8211; audio &#8211;\u00a0\u00a0<\/span><\/h1>\n<\/blockquote>\n<p><strong><a class=\"dt-pswp-item\" href=\"https:\/\/www.radiopiu.net\/wordpress\/wp-content\/uploads\/2023\/11\/th-10.jpg\" data-dt-img-description=\"\" data-large_image_width=\"320\" data-large_image_height=\"180\"><img loading=\"lazy\" decoding=\"async\" class=\"wp-image-362866 alignleft\" src=\"https:\/\/www.radiopiu.net\/wordpress\/wp-content\/uploads\/2023\/11\/th-10-300x169.jpg\" alt=\"\" width=\"185\" height=\"104\" srcset=\"https:\/\/www.radiopiu.net\/wordpress\/wp-content\/uploads\/2023\/11\/th-10-300x169.jpg 300w, https:\/\/www.radiopiu.net\/wordpress\/wp-content\/uploads\/2023\/11\/th-10.jpg 320w\" sizes=\"auto, (max-width: 185px) 100vw, 185px\" \/><\/a>LA RASSEGNA STAMPA NAZIONALE ALLA RADIO, OGNI GIORNO ALLE 5 E ALLE 6 DEL MATTINO <span style=\"color: #0000ff;\">viene pubblicata alle 6.00 <span style=\"color: #ff0000;\">DIRETTA RADIO\u00a0 \u00a0\u00a0<\/span><\/span><\/strong><\/p><\/blockquote>\n<p>&nbsp;<\/p>\n<p><strong>NOTIZIE DELLA NOTTE<\/strong><\/p>\n<p>&nbsp;<\/p>\n<h2>AUDIO dalle 6 del mattino<\/h2>\n<audio class=\"wp-audio-shortcode\" id=\"audio-416408-4\" preload=\"none\" style=\"width: 100%;\" controls=\"controls\"><source type=\"audio\/mpeg\" src=\"https:\/\/www.radiopiu.net\/wordpress\/wp-content\/uploads\/2024\/10\/GIORNALEDELLESEI-23.mp3?_=4\" \/><a href=\"https:\/\/www.radiopiu.net\/wordpress\/wp-content\/uploads\/2024\/10\/GIORNALEDELLESEI-23.mp3\">https:\/\/www.radiopiu.net\/wordpress\/wp-content\/uploads\/2024\/10\/GIORNALEDELLESEI-23.mp3<\/a><\/audio>\n<p>&nbsp;<\/p>\n<p>&nbsp;<\/p>\n<p>&nbsp;<\/p>\n<hr \/>\n<p>&nbsp;<\/p>\n<h1 style=\"text-align: center;\"><span style=\"color: #ff0000;\">I podcast informativi del mattino &#8211; audio &#8211;\u00a0<\/span><\/h1>\n<p><strong><a class=\"dt-pswp-item\" href=\"https:\/\/www.radiopiu.net\/wordpress\/wp-content\/uploads\/2024\/10\/gazz.png\" data-dt-img-description=\"\" data-large_image_width=\"740\" data-large_image_height=\"748\"><img loading=\"lazy\" decoding=\"async\" class=\"size-medium wp-image-416747 alignleft\" src=\"https:\/\/www.radiopiu.net\/wordpress\/wp-content\/uploads\/2024\/10\/gazz-297x300.png\" alt=\"\" width=\"297\" height=\"300\" srcset=\"https:\/\/www.radiopiu.net\/wordpress\/wp-content\/uploads\/2024\/10\/gazz-297x300.png 297w, https:\/\/www.radiopiu.net\/wordpress\/wp-content\/uploads\/2024\/10\/gazz.png 740w\" sizes=\"auto, (max-width: 297px) 100vw, 297px\" \/><\/a>OGNI GIORNO ALLE SETTE DEL MATTINO, LA RASSEGNA STAMPA LOCALE FLASH&#8230; PER CHI VA IN FRETTA. I TITOLI DAI GIORNALI E DAL SITO WWW.RADIOPIU.NET <span style=\"color: #0000ff;\">viene pubblicato alle 7.00<\/span> <span style=\"color: #ff0000;\">DIRETTA RADIO\u00a0<\/span><\/strong><\/p>\n<p><em><span style=\"color: #ff0000;\">per chi va in fretta&#8230; tante notizie in pochi minuti. L&#8217;informazione locale alla radio, ogni ora dalle 7 del mattino alle 19 della sera.<\/span><\/em><\/p>\n<h1><\/h1>\n<p>&nbsp;<\/p>\n<h1><\/h1>\n<h1>AUDIO dalle 7 del mattino<\/h1>\n<audio class=\"wp-audio-shortcode\" id=\"audio-416408-5\" preload=\"none\" style=\"width: 100%;\" controls=\"controls\"><source type=\"audio\/mpeg\" src=\"https:\/\/www.radiopiu.net\/wordpress\/wp-content\/uploads\/2024\/10\/GF07-23.mp3?_=5\" \/><a href=\"https:\/\/www.radiopiu.net\/wordpress\/wp-content\/uploads\/2024\/10\/GF07-23.mp3\">https:\/\/www.radiopiu.net\/wordpress\/wp-content\/uploads\/2024\/10\/GF07-23.mp3<\/a><\/audio>\n<p>&nbsp;<\/p>\n<hr \/>\n<p>&nbsp;<\/p>\n<h1><\/h1>\n<h1 style=\"text-align: center;\"><span style=\"color: #ff0000;\"><a class=\"dt-pswp-item\" href=\"https:\/\/www.radiopiu.net\/wordpress\/wp-content\/uploads\/2022\/01\/026c3f9d-dae9-4040-a3c1-a6530231bcc3.jpg\" data-dt-img-description=\"\" data-large_image_width=\"1152\" data-large_image_height=\"2048\"><img loading=\"lazy\" decoding=\"async\" class=\"wp-image-251839 alignleft\" src=\"https:\/\/www.radiopiu.net\/wordpress\/wp-content\/uploads\/2022\/01\/026c3f9d-dae9-4040-a3c1-a6530231bcc3-169x300.jpg\" alt=\"\" width=\"100\" height=\"177\" srcset=\"https:\/\/www.radiopiu.net\/wordpress\/wp-content\/uploads\/2022\/01\/026c3f9d-dae9-4040-a3c1-a6530231bcc3-169x300.jpg 169w, https:\/\/www.radiopiu.net\/wordpress\/wp-content\/uploads\/2022\/01\/026c3f9d-dae9-4040-a3c1-a6530231bcc3-576x1024.jpg 576w, https:\/\/www.radiopiu.net\/wordpress\/wp-content\/uploads\/2022\/01\/026c3f9d-dae9-4040-a3c1-a6530231bcc3-768x1365.jpg 768w, https:\/\/www.radiopiu.net\/wordpress\/wp-content\/uploads\/2022\/01\/026c3f9d-dae9-4040-a3c1-a6530231bcc3-864x1536.jpg 864w, https:\/\/www.radiopiu.net\/wordpress\/wp-content\/uploads\/2022\/01\/026c3f9d-dae9-4040-a3c1-a6530231bcc3.jpg 1152w\" sizes=\"auto, (max-width: 100px) 100vw, 100px\" \/><\/a>I podcast informativi del mattino &#8211; audio &#8211;\u00a0<\/span><\/h1>\n<blockquote><p><strong>GIORNALE RADIO NAZIONALE, EDIZIONE DELLE SETTE <span style=\"color: #0000ff;\">viene pubblicato alle 7.05 <span style=\"color: #ff0000;\">DIRETTA RADIO\u00a0<\/span><\/span><\/strong><\/p><\/blockquote>\n<p><strong>il giornale radionazionale e&#8217; in onda ogni ora, dalle sette del mattino alle venti della sera\u00a0 \u00a0<\/strong><strong>\u00a0<\/strong><\/p>\n<p>&nbsp;<\/p>\n<p><span style=\"color: #ff0000;\">\u00a0<\/span><\/p>\n<p><span style=\"color: #ff0000;\">EDIZIONE DELLE 20, DEL 18 OTTOBRE 2024<\/span><\/p>\n<audio class=\"wp-audio-shortcode\" id=\"audio-416408-6\" preload=\"none\" style=\"width: 100%;\" controls=\"controls\"><source type=\"audio\/mpeg\" src=\"https:\/\/www.radiopiu.net\/wordpress\/wp-content\/uploads\/2024\/10\/giornale07-46.mp3?_=6\" \/><a href=\"https:\/\/www.radiopiu.net\/wordpress\/wp-content\/uploads\/2024\/10\/giornale07-46.mp3\">https:\/\/www.radiopiu.net\/wordpress\/wp-content\/uploads\/2024\/10\/giornale07-46.mp3<\/a><\/audio>\n<p>&nbsp;<\/p>\n<p><span style=\"color: #ff0000;\">EDIZIONE DELLE 19, DEL 18 OTTOBRE 2024, LO SPORT<\/span><\/p>\n<audio class=\"wp-audio-shortcode\" id=\"audio-416408-7\" preload=\"none\" style=\"width: 100%;\" controls=\"controls\"><source type=\"audio\/mpeg\" src=\"https:\/\/www.radiopiu.net\/wordpress\/wp-content\/uploads\/2024\/10\/gr-sport-23.mp3?_=7\" \/><a href=\"https:\/\/www.radiopiu.net\/wordpress\/wp-content\/uploads\/2024\/10\/gr-sport-23.mp3\">https:\/\/www.radiopiu.net\/wordpress\/wp-content\/uploads\/2024\/10\/gr-sport-23.mp3<\/a><\/audio>\n<h2><\/h2>\n<h2>AUDIO dalle sette del mattino, ogni ora alla radio<\/h2>\n<audio class=\"wp-audio-shortcode\" id=\"audio-416408-8\" preload=\"none\" style=\"width: 100%;\" controls=\"controls\"><source type=\"audio\/mpeg\" src=\"https:\/\/www.radiopiu.net\/wordpress\/wp-content\/uploads\/2024\/10\/giornale07-47.mp3?_=8\" \/><a href=\"https:\/\/www.radiopiu.net\/wordpress\/wp-content\/uploads\/2024\/10\/giornale07-47.mp3\">https:\/\/www.radiopiu.net\/wordpress\/wp-content\/uploads\/2024\/10\/giornale07-47.mp3<\/a><\/audio>\n<p>&nbsp;<\/p>\n<hr \/>\n<p>&nbsp;<\/p>\n<p>&nbsp;<\/p>\n<h1><span style=\"color: #ff0000;\"><a class=\"dt-pswp-item\" href=\"https:\/\/www.radiopiu.net\/wordpress\/wp-content\/uploads\/2024\/10\/Senza-nome-123.png\" data-dt-img-description=\"\" data-large_image_width=\"535\" data-large_image_height=\"374\"><img loading=\"lazy\" decoding=\"async\" class=\"size-medium wp-image-416785 alignleft\" src=\"https:\/\/www.radiopiu.net\/wordpress\/wp-content\/uploads\/2024\/10\/Senza-nome-123-300x210.png\" alt=\"\" width=\"300\" height=\"210\" srcset=\"https:\/\/www.radiopiu.net\/wordpress\/wp-content\/uploads\/2024\/10\/Senza-nome-123-300x210.png 300w, https:\/\/www.radiopiu.net\/wordpress\/wp-content\/uploads\/2024\/10\/Senza-nome-123.png 535w\" sizes=\"auto, (max-width: 300px) 100vw, 300px\" \/><\/a>I podcast informativi del mattino &#8211; video &#8211;\u00a0<\/span><\/h1>\n<h2 style=\"text-align: left;\"><strong>RASSEGNA STAMPA LOCALE, ORE OTTO 05<\/strong><\/h2>\n<h2><strong> <span style=\"color: #0000ff;\">viene\u00a0 <\/span><\/strong><strong><span style=\"color: #0000ff;\">pubblicata alle 8.05 <span style=\"color: #ff0000;\">DIRETTA RADIO\u00a0 \u00a0<\/span><\/span><\/strong><strong>DI MIRKO MEZZACASA<\/strong><\/h2>\n<h2><span style=\"color: #ff0000;\"><strong>VIDEO\u00a0 \u00a0in diretta dalle 8 del mattino\u00a0 \u00a0<\/strong><\/span><\/h2>\n<p>&nbsp;<\/p>\n<h1 style=\"text-align: center;\"><a href=\"https:\/\/www.facebook.com\/radiopiu\/videos\/8848031488580292\">\u00a0CLICCA QUI<\/a><\/h1>\n<p>&nbsp;<\/p>\n<p>&nbsp;<\/p>\n<p>&nbsp;<\/p>\n<hr \/>\n<p>&nbsp;<\/p>\n<p>&nbsp;<\/p>\n<p><strong><a class=\"dt-pswp-item\" href=\"https:\/\/www.radiopiu.net\/wordpress\/wp-content\/uploads\/2023\/12\/ANTENNA.png\" data-dt-img-description=\"\" data-large_image_width=\"300\" data-large_image_height=\"166\"><img loading=\"lazy\" decoding=\"async\" class=\" wp-image-366306 alignleft\" src=\"https:\/\/www.radiopiu.net\/wordpress\/wp-content\/uploads\/2023\/12\/ANTENNA.png\" alt=\"\" width=\"175\" height=\"97\" \/><\/a>ogni sera alle 19 le anticipazioni alla radio, quello che poi seguirete nel TELEGIORNALE BELLUNESE\u00a0 in onda alle 19.30 sul CANALE 10 del digitale terrestre.\u00a0\u00a0<\/strong><\/p>\n<p>&nbsp;<\/p>\n<p>&nbsp;<\/p>\n<p>&nbsp;<\/p>\n<hr \/>\n<p>&nbsp;<\/p>\n<blockquote>\n<h3>ACQUA DI NUOVO\u00a0 POTABILE A\u00a0 CANALE D&#8217;AGORDO<\/h3>\n<\/blockquote>\n<p>&nbsp;<\/p>\n<hr \/>\n<p>&nbsp;<\/p>\n<blockquote>\n<h1>In Cammino per l&#8217;Acqua: dalla Val Cortella a Venezia<\/h1>\n<\/blockquote>\n<p><strong><a class=\"dt-pswp-item\" href=\"https:\/\/www.radiopiu.net\/wordpress\/wp-content\/uploads\/2024\/10\/eadebf0c-b29c-4e4e-9509-1c019a501045.jpg\" data-dt-img-description=\"\" data-large_image_width=\"904\" data-large_image_height=\"1280\"><img loading=\"lazy\" decoding=\"async\" class=\" wp-image-416551 alignleft\" src=\"https:\/\/www.radiopiu.net\/wordpress\/wp-content\/uploads\/2024\/10\/eadebf0c-b29c-4e4e-9509-1c019a501045-212x300.jpg\" alt=\"\" width=\"110\" height=\"156\" srcset=\"https:\/\/www.radiopiu.net\/wordpress\/wp-content\/uploads\/2024\/10\/eadebf0c-b29c-4e4e-9509-1c019a501045-212x300.jpg 212w, https:\/\/www.radiopiu.net\/wordpress\/wp-content\/uploads\/2024\/10\/eadebf0c-b29c-4e4e-9509-1c019a501045-723x1024.jpg 723w, https:\/\/www.radiopiu.net\/wordpress\/wp-content\/uploads\/2024\/10\/eadebf0c-b29c-4e4e-9509-1c019a501045-768x1087.jpg 768w, https:\/\/www.radiopiu.net\/wordpress\/wp-content\/uploads\/2024\/10\/eadebf0c-b29c-4e4e-9509-1c019a501045.jpg 904w\" sizes=\"auto, (max-width: 110px) 100vw, 110px\" \/><\/a> <\/strong><\/p>\n<p><strong>\u00a0<\/strong><\/p>\n<p><strong>REDAZIONE<\/strong> Dal 30 ottobre al 6 novembre 2024, un gruppo percorrer\u00e0 circa 200 km seguendo i torrenti Vanoi, Cismon e il fiume Brenta, da Val Cortella a Venezia, per manifestare contro la costruzione di una diga sul Vanoi. L&#8217;iniziativa intende sensibilizzare sulla tutela dell&#8217;acqua, la protezione dei bacini idrici, il rispetto del suolo e la promozione dell\u2019agroecologia. Il percorso include tappe a Canal San Bovo, Lamon, Cismon, Bassano del Grappa, Padova e Dolo. Iscrizioni aperte fino al 20 ottobre, con copertura dei costi di vitto e alloggio a carico dei partecipanti. Contatti: <a rel=\"noopener\">angelorsingher@hotmail.com<\/a>, WhatsApp 349 8789846.<\/p>\n<p>&nbsp;<\/p>\n<p>&nbsp;<\/p>\n<hr \/>\n<p>&nbsp;<\/p>\n<blockquote>\n<h2>Festa techno in Valle di Canzoi: 1000 partecipanti, Comune all\u2019oscuro<\/h2>\n<\/blockquote>\n<p>&nbsp;<\/p>\n<p><img loading=\"lazy\" decoding=\"async\" class=\"alignleft\" src=\"https:\/\/www.radiopiu.net\/wordpress\/wp-content\/uploads\/2024\/10\/Senza-nome-122.png\" width=\"244\" height=\"176\" \/><strong>CESIOMAGGIORE<\/strong> All\u2019Orsera, Valle di Canzoi, si sono riuniti un migliaio di persone per festeggiare i 15 anni di attivit\u00e0 di Emphatek Crew, gruppo di DJ techno. Nonostante il regolare contratto d\u2019affitto con il gestore, il Comune non era stato informato. Il sindaco Carlo Zanella si \u00e8 detto &#8220;allibito&#8221;, criticando l&#8217;evento non autorizzato e i rischi per la sicurezza e l&#8217;ambiente. Controlli sono stati eseguiti dalle forze dell&#8217;ordine.<\/p>\n<p>&nbsp;<\/p>\n<p>&nbsp;<\/p>\n<p>&nbsp;<\/p>\n<hr \/>\n<p>&nbsp;<\/p>\n<blockquote>\n<h3>E&#8217; MORTA VERONICA DAVARE DEL RIFUGIO MIGON<\/h3>\n<\/blockquote>\n<p><strong><a class=\"dt-pswp-item\" href=\"https:\/\/www.radiopiu.net\/wordpress\/wp-content\/uploads\/2024\/10\/veronica-davare.jpg\" data-dt-img-description=\"\" data-large_image_width=\"1312\" data-large_image_height=\"656\"><img loading=\"lazy\" decoding=\"async\" class=\" wp-image-416497 alignleft\" src=\"https:\/\/www.radiopiu.net\/wordpress\/wp-content\/uploads\/2024\/10\/veronica-davare-300x150.jpg\" alt=\"\" width=\"222\" height=\"111\" srcset=\"https:\/\/www.radiopiu.net\/wordpress\/wp-content\/uploads\/2024\/10\/veronica-davare-300x150.jpg 300w, https:\/\/www.radiopiu.net\/wordpress\/wp-content\/uploads\/2024\/10\/veronica-davare-1024x512.jpg 1024w, https:\/\/www.radiopiu.net\/wordpress\/wp-content\/uploads\/2024\/10\/veronica-davare-768x384.jpg 768w, https:\/\/www.radiopiu.net\/wordpress\/wp-content\/uploads\/2024\/10\/veronica-davare.jpg 1312w\" sizes=\"auto, (max-width: 222px) 100vw, 222px\" \/><\/a>ROCCA PIETORE<\/strong> Veronica Davare, conosciuta come \u201cVeronica del rifugio Migon,\u201d \u00e8 scomparsa ieri, a 61 anni, colpita da un infarto. Icona della montagna e della comunit\u00e0 di Laste di Rocca Pietore e di Pieve di Livinallongo, dove viveva, Veronica era nota per il carattere burbero e autentico, sincero e generoso. Chiunque passava dal suo rifugio ricordava la sua stretta di mano possente e l\u2019accoglienza con un grappino \u201cal ciar\u00f9o,\u201d in una sala ricca di legno e ricordi o sulla terrazza con vista su Tofana e Pore. Figlia di Giacomo Davare, fondatore del rifugio, Veronica aveva ereditato la sua forza e il suo amore per la montagna. Sposata con Antonio \u201cTone\u201d Ploner e madre di due figlie, ha sempre incarnato lo spirito genuino della montagna. Partecipava a iniziative come la \u201cLaste Ciaspamoon,\u201d dove accoglieva i partecipanti con t\u00e8 caldo tra le cime innevate. La sua presenza, tanto imponente quanto buona, mancher\u00e0 profondamente a chi l&#8217;ha conosciuta. (FOTO: Amico Del Popolo)<\/p>\n<p>&nbsp;<\/p>\n<p>&nbsp;<\/p>\n<hr \/>\n<p>&nbsp;<\/p>\n<blockquote>\n<h3>ARRESTATO UN UOMO PER SPACCIO DI STUPEFACENTI<\/h3>\n<\/blockquote>\n<p><strong><a class=\"dt-pswp-item\" href=\"https:\/\/www.radiopiu.net\/wordpress\/wp-content\/uploads\/2024\/10\/Stupe-scaled.jpg\" data-dt-img-description=\"\" data-large_image_width=\"2560\" data-large_image_height=\"1831\"><img loading=\"lazy\" decoding=\"async\" class=\" wp-image-416501 alignleft\" src=\"https:\/\/www.radiopiu.net\/wordpress\/wp-content\/uploads\/2024\/10\/Stupe-300x215.jpg\" alt=\"\" width=\"205\" height=\"147\" srcset=\"https:\/\/www.radiopiu.net\/wordpress\/wp-content\/uploads\/2024\/10\/Stupe-300x215.jpg 300w, https:\/\/www.radiopiu.net\/wordpress\/wp-content\/uploads\/2024\/10\/Stupe-1024x732.jpg 1024w, https:\/\/www.radiopiu.net\/wordpress\/wp-content\/uploads\/2024\/10\/Stupe-768x549.jpg 768w, https:\/\/www.radiopiu.net\/wordpress\/wp-content\/uploads\/2024\/10\/Stupe-1536x1098.jpg 1536w, https:\/\/www.radiopiu.net\/wordpress\/wp-content\/uploads\/2024\/10\/Stupe-2048x1465.jpg 2048w\" sizes=\"auto, (max-width: 205px) 100vw, 205px\" \/><\/a>BELLUNO<\/strong> Il 21 ottobre scorso, la Squadra Mobile di Belluno ha arrestato un uomo a Sette Ville per detenzione di droga a fini di spaccio. Le Forze dell\u2019Ordine avevano intensificato i controlli nella zona e, grazie a indagini sul territorio, avevano individuato un trentacinquenne di origine sudamericana gi\u00e0 noto alla Polizia. Dopo averlo monitorato, gli agenti della sezione antidroga hanno tentato di fermarlo per un controllo, ma l&#8217;uomo ha cercato di fuggire; dopo alcune centinaia di metri \u00e8 stato bloccato. Successivamente, \u00e8 stata effettuata una perquisizione nella sua abitazione, dove sono stati trovati un bilancino elettronico, 4,5 g di cocaina in un involucro di cellophane giallo e 152 g di marijuana in una busta trasparente. Arrestato in flagranza per possesso di stupefacenti destinati allo spaccio, l\u2019uomo \u00e8 stato portato davanti all&#8217;Autorit\u00e0 Giudiziaria, e il GIP di Belluno ha convalidato l\u2019arresto.<\/p>\n<p>&nbsp;<\/p>\n<p>&nbsp;<\/p>\n<hr \/>\n<p>&nbsp;<\/p>\n<blockquote>\n<h3>BANCHE DATI VIOLATE: TRA GLI INDAGATI ANCHE LEONARDO MARIA DEL VECCHIO<\/h3>\n<\/blockquote>\n<p><a class=\"dt-pswp-item\" href=\"https:\/\/www.radiopiu.net\/wordpress\/wp-content\/uploads\/2023\/01\/th-8.jpg\" data-dt-img-description=\"Leonardo Maria Del Vecchio Chief Strategy Officer EssilorLuxottica\" data-large_image_width=\"474\" data-large_image_height=\"296\"><img loading=\"lazy\" decoding=\"async\" class=\"wp-image-316002 alignleft\" src=\"https:\/\/www.radiopiu.net\/wordpress\/wp-content\/uploads\/2023\/01\/th-8-300x187.jpg\" alt=\"\" width=\"183\" height=\"114\" srcset=\"https:\/\/www.radiopiu.net\/wordpress\/wp-content\/uploads\/2023\/01\/th-8-300x187.jpg 300w, https:\/\/www.radiopiu.net\/wordpress\/wp-content\/uploads\/2023\/01\/th-8.jpg 474w\" sizes=\"auto, (max-width: 183px) 100vw, 183px\" \/><\/a><strong>REDAZIONE<\/strong> L&#8217;inchiesta della Dda di Milano e della Dna su un presunto mercato di informazioni riservate ha portato a sei misure cautelari, coinvolgendo figure di spicco come Enrico Pazzali, presidente di Fondazione Fiera Milano, e Carmine Gallo, ex poliziotto. Tra gli indagati figurano anche Leonardo Maria Del Vecchio, figlio del patron di Luxottica, e Matteo Arpe. L&#8217;indagine ha scoperto che Equalize srl, un&#8217;agenzia investigativa, avrebbe raccolto e venduto informazioni sensibili su conti correnti, precedenti penali e dati fiscali, favorendo specifici gruppi imprenditoriali dietro compenso. Le accuse principali sono associazione per delinquere, accesso abusivo a sistemi informatici, intercettazioni abusive e corruzione. Le informazioni, vendute a prezzi pi\u00f9 alti in base alla loro riservatezza, erano richieste da imprese e studi legali per ottenere vantaggi competitivi. (FONTE: MilanoFinanza)<\/p>\n<p>&nbsp;<\/p>\n<blockquote>\n<h3>Inchiesta sulla famiglia Del Vecchio: tra traffico di dati e dissidi familiari<\/h3>\n<\/blockquote>\n<p><strong>AGORDO<\/strong><\/p>\n<div class=\"flex max-w-full flex-col flex-grow\">\n<div class=\"min-h-8 text-message flex w-full flex-col items-end gap-2 whitespace-normal break-words [.text-message+&amp;]:mt-5\" dir=\"auto\" data-message-author-role=\"assistant\" data-message-id=\"115c2bf7-c5f7-4937-b231-667b1d967b2a\" data-message-model-slug=\"gpt-4o\">\n<div class=\"flex w-full flex-col gap-1 empty:hidden first:pt-[3px]\">\n<div class=\"markdown prose w-full break-words dark:prose-invert dark\">\n<p style=\"text-align: left;\"><img loading=\"lazy\" decoding=\"async\" class=\"alignleft\" src=\"https:\/\/www.radiopiu.net\/wordpress\/wp-content\/uploads\/2024\/10\/Senza-nome-121.png\" width=\"214\" height=\"166\" \/>La Procura di Milano ha aperto un&#8217;indagine su Leonardo Maria Del Vecchio, figlio del fondatore di Luxottica, per accesso abusivo a sistemi informatici. Il giovane avrebbe richiesto informazioni riservate sui suoi fratelli e sua madre, Nicoletta Zampillo, con dati prelevati illegalmente da Agenzia delle Entrate e INPS.<\/p>\n<p style=\"text-align: left;\">Accuse che Leonardo Maria ha respinto, mentre l&#8217;indagine svela anche la creazione di un falso report sessuale per screditare il fratello Claudio. L&#8217;inchiesta aggrava le gi\u00e0 tese relazioni tra gli eredi di Del Vecchio, rendendo ancora pi\u00f9 difficile un accordo sulla gestione del patrimonio familiare.<\/p>\n<\/div>\n<\/div>\n<p>&nbsp;<\/p>\n<\/div>\n<\/div>\n<p>&nbsp;<\/p>\n<hr \/>\n<p>&nbsp;<\/p>\n<blockquote>\n<h3>MALORE FATALE A SAN PIETRO DI CADORE<\/h3>\n<\/blockquote>\n<p><strong><a class=\"dt-pswp-item\" href=\"https:\/\/www.radiopiu.net\/wordpress\/wp-content\/uploads\/2023\/08\/ambulanza-ulss-1.jpg\" data-dt-img-description=\"\" data-large_image_width=\"1591\" data-large_image_height=\"1029\"><img loading=\"lazy\" decoding=\"async\" class=\" wp-image-348787 alignleft\" src=\"https:\/\/www.radiopiu.net\/wordpress\/wp-content\/uploads\/2023\/08\/ambulanza-ulss-1-300x194.jpg\" alt=\"\" width=\"115\" height=\"74\" srcset=\"https:\/\/www.radiopiu.net\/wordpress\/wp-content\/uploads\/2023\/08\/ambulanza-ulss-1-300x194.jpg 300w, https:\/\/www.radiopiu.net\/wordpress\/wp-content\/uploads\/2023\/08\/ambulanza-ulss-1-1024x662.jpg 1024w, https:\/\/www.radiopiu.net\/wordpress\/wp-content\/uploads\/2023\/08\/ambulanza-ulss-1-768x497.jpg 768w, https:\/\/www.radiopiu.net\/wordpress\/wp-content\/uploads\/2023\/08\/ambulanza-ulss-1-1536x993.jpg 1536w, https:\/\/www.radiopiu.net\/wordpress\/wp-content\/uploads\/2023\/08\/ambulanza-ulss-1.jpg 1591w\" sizes=\"auto, (max-width: 115px) 100vw, 115px\" \/><\/a>REDAZIONE<\/strong> Giornata impegnativa per il Suem 118. Un giornata di lavoro iniziata alle 8:36 quando l&#8217;elicottero Falco \u00e8 volato sul Passo Giau per soccorrere una donna di 43 anni che si era fatta male. Poco dopo le 11 un incidente tra un furgone e una bicicletta ha impegnato l&#8217;ambulanza per prestare le prime cure ad un 74 anni di Belluno. Alle 14:30 l&#8217;ambulanza e Falco sono intervenuti a San Pietro di Cadore dove un uomo di 74 anni \u00e8 deceduto per un malore.<\/p>\n<p>&nbsp;<\/p>\n<p>&nbsp;<\/p>\n<hr \/>\n<p>&nbsp;<\/p>\n<blockquote>\n<h3 class=\"entry-title\">NON RIENTRA DALLA PASSEGGIATA, ANZIANO RITROVATO DAL SOCCORSO ALPINO<\/h3>\n<\/blockquote>\n<p><strong>BELLUNO<\/strong> \u00c8 stato ritrovato, e sta bene, l\u201981enne bellunese uscito sabato mattina per una passeggiata e non rientrato all\u2019ora prevista, nella sua abitazione di Cavarzano. Allertato attorno alle 15.15 per prendere parte alle ricerche assieme ai Vigili del fuoco, il Soccorso alpino di Belluno ha iniziato a cercare nei luoghi frequentati abitualmente dell\u2019anziano, nella zona di Col Fiorito, e fortunatamente una squadra lo ha ritrovato poco dopo nei pressi della Chiesa di San Micel. L\u2019uomo, in leggero stato confusionale, \u00e8 stato quindi riaccompagnato dai familiari.<\/p>\n<p>&nbsp;<\/p>\n<p>&nbsp;<\/p>\n<hr \/>\n<p>&nbsp;<\/p>\n<blockquote>\n<h3>AL BUIO E DA SOLA AL LAGO DI SARAPIS. RECUPERATA DAL SOCCORSO ALPINO<\/h3>\n<\/blockquote>\n<p><strong><a class=\"dt-pswp-item\" href=\"https:\/\/www.radiopiu.net\/wordpress\/wp-content\/uploads\/2018\/08\/soccorsoalpino.jpg\" data-dt-img-description=\"\" data-large_image_width=\"1200\" data-large_image_height=\"1200\"><img loading=\"lazy\" decoding=\"async\" class=\" wp-image-59164 alignleft\" src=\"https:\/\/www.radiopiu.net\/wordpress\/wp-content\/uploads\/2018\/08\/soccorsoalpino-300x300.jpg\" alt=\"\" width=\"141\" height=\"141\" srcset=\"https:\/\/www.radiopiu.net\/wordpress\/wp-content\/uploads\/2018\/08\/soccorsoalpino-300x300.jpg 300w, https:\/\/www.radiopiu.net\/wordpress\/wp-content\/uploads\/2018\/08\/soccorsoalpino-150x150.jpg 150w, https:\/\/www.radiopiu.net\/wordpress\/wp-content\/uploads\/2018\/08\/soccorsoalpino-768x768.jpg 768w, https:\/\/www.radiopiu.net\/wordpress\/wp-content\/uploads\/2018\/08\/soccorsoalpino-1024x1024.jpg 1024w, https:\/\/www.radiopiu.net\/wordpress\/wp-content\/uploads\/2018\/08\/soccorsoalpino.jpg 1200w\" sizes=\"auto, (max-width: 141px) 100vw, 141px\" \/><\/a>CORTINA<\/strong> Sabato poco prima delle 19 la Centrale del Suem \u00e8 stata attivata da un&#8217;escursionista disperata, che si trovava da sola al lago del Sorapis, era bagnata a causa della pioggia e soprattutto non aveva con s\u00e9 una pila e si faceva luce con il cellulare. Dalle prime informazioni la quarantenne rumena era salita con un&#8217;amica dalla Valbona, poi le due si erano separate e lei, che non aveva visto il Rifugio, era arrivata al lago, mentre l&#8217;amica, rimasta indietro, era scesa al Passo Tre Croci. Una squadra del Soccorso alpino di Cortina, compreso un soccorritore della Guardia di finanza, \u00e8 quindi salita e l&#8217;ha raggiunta. Dopo averle dato abbigliamento asciutto e bevande calde da bere, i soccorritori l&#8217;hanno lentamente riaccompagnata a valle, dove sono arrivato verso le 23.30. Ricordiamo di portare sempre con s\u00e9 una torcia o una frontale, data la diminuzione delle ore di luce autunnale,\u00a0 ancor pi\u00f9 avvertita da oggi con il ritorno dell&#8217;ora solare e con il conseguente arrivo del buio un&#8217;ora prima.<\/p>\n<p>&nbsp;<\/p>\n<p>&nbsp;<\/p>\n<hr \/>\n<p>&nbsp;<\/p>\n<blockquote>\n<h3>SI INFORTUNA DURANTE LA DISCESA DAL MONTE CERNERA<\/h3>\n<\/blockquote>\n<p><strong><a class=\"dt-pswp-item\" href=\"https:\/\/www.radiopiu.net\/wordpress\/wp-content\/uploads\/2024\/08\/SALT.jpg\" data-dt-img-description=\"\" data-large_image_width=\"2048\" data-large_image_height=\"1536\"><img loading=\"lazy\" decoding=\"async\" class=\" wp-image-404421 alignleft\" src=\"https:\/\/www.radiopiu.net\/wordpress\/wp-content\/uploads\/2024\/08\/SALT-300x225.jpg\" alt=\"\" width=\"132\" height=\"99\" srcset=\"https:\/\/www.radiopiu.net\/wordpress\/wp-content\/uploads\/2024\/08\/SALT-300x225.jpg 300w, https:\/\/www.radiopiu.net\/wordpress\/wp-content\/uploads\/2024\/08\/SALT-1024x768.jpg 1024w, https:\/\/www.radiopiu.net\/wordpress\/wp-content\/uploads\/2024\/08\/SALT-768x576.jpg 768w, https:\/\/www.radiopiu.net\/wordpress\/wp-content\/uploads\/2024\/08\/SALT-1536x1152.jpg 1536w, https:\/\/www.radiopiu.net\/wordpress\/wp-content\/uploads\/2024\/08\/SALT.jpg 2048w\" sizes=\"auto, (max-width: 132px) 100vw, 132px\" \/><\/a>SELVA DI CADORE<\/strong> Salita sul Monte Cernera con il compagno per ammirare l&#8217;alba, durante la discesa un&#8217;escursionista \u00e8 scivolata nella parte alta del sentiero, riportando la sospetta frattura di una caviglia. Attivato qualche minuto prima delle 9, l&#8217;elicottero del Suem di Pieve di Cadore \u00e8 volato sul luogo dell&#8217;incidente e ha sbarcato in hovering nelle vicinanze l&#8217;equipe medica e il tecnico di elisoccorso, che hanno prestato le prime cure alla 43enne della Repubblica Ceca. Issata a bordo con il verricello, l&#8217;infortunata \u00e8 stata trasportata all&#8217;ospedale di Agordo, mentre il compagno rientrava a valle in autonomia.<\/p>\n<p>&nbsp;<\/p>\n<p>&nbsp;<\/p>\n<hr \/>\n<p>&nbsp;<\/p>\n<blockquote>\n<h3 class=\"entry-title\">ESCURSIONISTA SFINITA SUL BRUT PASS<\/h3>\n<\/blockquote>\n<p><strong>CHIES D\u2019ALPAGO\u00a0<\/strong>L\u2019elicottero del Suem di Pieve di Cadore \u00e8 intervenuto nel pomeriggio di ieri lungo il sentiero del Brut Pass, dove un\u2019escursionista, sfinita dalla stanchezza, non era pi\u00f9 in grado di proseguire. Calato con un verricello di 20 metri, il tecnico di elisoccorso ha recuperato la 51enne di San Don\u00e0 di Piave (VE) e il compagno, per poi trasportare per accertamenti la donna in ospedale a Belluno. La coppia faceva parte di un gruppo di altre sei persone trovatesi poi in difficolt\u00e0 nella via del rientro a Pian Formosa, cui una squadra del Soccorso alpino dell\u2019Alpago \u00e8 andata incontro verso il Bivacco Toffolon.<\/p>\n<p>&nbsp;<\/p>\n<hr \/>\n<p>&nbsp;<\/p>\n<blockquote><p><strong>Fuga di gas a Susin: chiusa la Provinciale 12 per alcune ore<\/strong><\/p><\/blockquote>\n<p><strong>SOSPIROLO<\/strong> Nel pomeriggio di ieri, a Susin, una fuga di gas ha causato la chiusura della strada provinciale 12. I vigili del fuoco di Belluno, allertati dal sindaco, sono intervenuti e hanno individuato una piccola perdita da un condotto. I tecnici dell&#8217;Italgas hanno risolto il problema. L&#8217;allarme \u00e8 rientrato e la viabilit\u00e0 ripristinata.<\/p>\n<p>&nbsp;<\/p>\n<p>&nbsp;<\/p>\n<hr \/>\n<p>&nbsp;<\/p>\n<h1><span style=\"color: #ff0000;\">VAIA, 6 ANNI DOPO<\/span><\/h1>\n<blockquote>\n<h3><strong><a class=\"dt-pswp-item\" href=\"https:\/\/www.radiopiu.net\/wordpress\/wp-content\/uploads\/2023\/04\/PADRIN.jpeg\" data-dt-img-description=\"\" data-large_image_width=\"1110\" data-large_image_height=\"648\"><img loading=\"lazy\" decoding=\"async\" class=\" wp-image-330720 alignleft\" src=\"https:\/\/www.radiopiu.net\/wordpress\/wp-content\/uploads\/2023\/04\/PADRIN-300x175.jpeg\" alt=\"\" width=\"168\" height=\"98\" srcset=\"https:\/\/www.radiopiu.net\/wordpress\/wp-content\/uploads\/2023\/04\/PADRIN-300x175.jpeg 300w, https:\/\/www.radiopiu.net\/wordpress\/wp-content\/uploads\/2023\/04\/PADRIN-1024x598.jpeg 1024w, https:\/\/www.radiopiu.net\/wordpress\/wp-content\/uploads\/2023\/04\/PADRIN-768x448.jpeg 768w, https:\/\/www.radiopiu.net\/wordpress\/wp-content\/uploads\/2023\/04\/PADRIN.jpeg 1110w\" sizes=\"auto, (max-width: 168px) 100vw, 168px\" \/><\/a><\/strong>IL PRESIDENTE DELLA PROVINCIA DI BELLUNO ROBERTO PADRIN A 6 ANNI DALLA TEMPESTA VAIA<\/h3>\n<\/blockquote>\n<p><strong>REDAZIONE<\/strong> Il Presidente della Provincia di Belluno, Roberto Padrin, riflette sugli eventi della tempesta Vaia del 2018 e sul percorso di ricostruzione che ne \u00e8 seguito.<\/p>\n<p>AUDIO<\/p>\n<audio class=\"wp-audio-shortcode\" id=\"audio-416408-9\" preload=\"none\" style=\"width: 100%;\" controls=\"controls\"><source type=\"audio\/mpeg\" src=\"https:\/\/www.radiopiu.net\/wordpress\/wp-content\/uploads\/2024\/10\/PADRIN-VAIA.mp3?_=9\" \/><a href=\"https:\/\/www.radiopiu.net\/wordpress\/wp-content\/uploads\/2024\/10\/PADRIN-VAIA.mp3\">https:\/\/www.radiopiu.net\/wordpress\/wp-content\/uploads\/2024\/10\/PADRIN-VAIA.mp3<\/a><\/audio>\n<p>&nbsp;<\/p>\n<p><strong>L&#8217;ASSESSORE REGIONALE GIANPAOLO BOTTACIN<\/strong><\/p>\n<div style=\"width: 848px;\" class=\"wp-video\"><video class=\"wp-video-shortcode\" id=\"video-416408-1\" width=\"848\" height=\"480\" preload=\"metadata\" controls=\"controls\"><source type=\"video\/mp4\" src=\"https:\/\/www.radiopiu.net\/wordpress\/wp-content\/uploads\/2024\/10\/bottacin.mp4?_=1\" \/><a href=\"https:\/\/www.radiopiu.net\/wordpress\/wp-content\/uploads\/2024\/10\/bottacin.mp4\">https:\/\/www.radiopiu.net\/wordpress\/wp-content\/uploads\/2024\/10\/bottacin.mp4<\/a><\/video><\/div>\n<p>&nbsp;<\/p>\n<hr \/>\n<p>&nbsp;<\/p>\n<blockquote>\n<h1>VAIA 6 ANNI DOPO: RICORDI A FIOR DI PELLE &#8211; testi, foto, video di Mirko Mezzacasa<\/h1>\n<\/blockquote>\n<p>&nbsp;<\/p>\n<h2>Sesto anniversario, in questa pagina vi riproponiamo un intervento\u00a0 di Claudio Pra, i video principali che testimoniano la presenza ed il lavoro di RADIOPIU&#8217; nei giorni di Vaia e la presentazione di Belluno Alza La Voce con i nostri artisti del territorio.<\/h2>\n<h2><\/h2>\n<h2>IL RICORDO DI CLAUDIO PRA<\/h2>\n<audio class=\"wp-audio-shortcode\" id=\"audio-416408-10\" preload=\"none\" style=\"width: 100%;\" controls=\"controls\"><source type=\"audio\/mpeg\" src=\"https:\/\/www.radiopiu.net\/wordpress\/wp-content\/uploads\/2020\/10\/CLAUDIO-PRA-VAIA.mp3?_=10\" \/><a href=\"https:\/\/www.radiopiu.net\/wordpress\/wp-content\/uploads\/2020\/10\/CLAUDIO-PRA-VAIA.mp3\">https:\/\/www.radiopiu.net\/wordpress\/wp-content\/uploads\/2020\/10\/CLAUDIO-PRA-VAIA.mp3<\/a><\/audio>\n<p>&nbsp;<\/p>\n<h2>LUNEDI&#8217; 29 OTTOBRE UNIONE MONTANA ALLE\u00a0 20<\/h2>\n<p><iframe loading=\"lazy\" title=\"VAIA 2018 UNO\" width=\"1200\" height=\"675\" src=\"https:\/\/www.youtube.com\/embed\/HTLaFd_MWOY?start=4&#038;feature=oembed\" frameborder=\"0\" allow=\"accelerometer; autoplay; clipboard-write; encrypted-media; gyroscope; picture-in-picture; web-share\" referrerpolicy=\"strict-origin-when-cross-origin\" allowfullscreen><\/iframe><\/p>\n<h2>MERCOLEDI&#8217; 31 OTTOBRE ORE 19<\/h2>\n<p><iframe loading=\"lazy\" title=\"VAIA 2018 DUE\" width=\"1200\" height=\"675\" src=\"https:\/\/www.youtube.com\/embed\/IW5VHpP2MCI?feature=oembed\" frameborder=\"0\" allow=\"accelerometer; autoplay; clipboard-write; encrypted-media; gyroscope; picture-in-picture; web-share\" referrerpolicy=\"strict-origin-when-cross-origin\" allowfullscreen><\/iframe><\/p>\n<p>&nbsp;<\/p>\n<h2>COLLEGAMENTO IN EMERGENZA DA LA STANGA 1 NOVEMBRE ALLE 19.30<\/h2>\n<p><iframe loading=\"lazy\" title=\"VAIA 2018 TRE\" width=\"1200\" height=\"675\" src=\"https:\/\/www.youtube.com\/embed\/7fq8veANOCE?feature=oembed\" frameborder=\"0\" allow=\"accelerometer; autoplay; clipboard-write; encrypted-media; gyroscope; picture-in-picture; web-share\" referrerpolicy=\"strict-origin-when-cross-origin\" allowfullscreen><\/iframe><\/p>\n<p>&nbsp;<\/p>\n<h1>&#8220;BELLUNO ALZA LA VOCE&#8221; ON LINE<\/h1>\n<blockquote><p><em>Fondi destinati al Parco Fluviale di Lambioi<\/em><\/p><\/blockquote>\n<p><strong>\u00abQuando ho visto quanto era successo nella nostra provincia, mi si \u00e8 spezzato il cuore. Oggi mi si \u00e8 riempito quando ho visto questo lavoro, sentita la canzone&#8221; (cit. Valentina Tomasi)<\/strong><\/p>\n<p>&nbsp;<\/p>\n<blockquote><p><strong>DIRETTA RADIO PIU:\u00a0<span style=\"color: #0000ff;\"><a style=\"color: #0000ff;\" href=\"https:\/\/www.facebook.com\/mirko.mezzacasa\/videos\/10218495034433971\/\"> CLICCA QUI<\/a><\/span><\/strong><\/p><\/blockquote>\n<p><strong>VIDEO YOUTUBE<\/strong><\/p>\n<p><iframe loading=\"lazy\" title=\"Artisti Bellunesi - Alziamo La Voce\" width=\"1200\" height=\"675\" src=\"https:\/\/www.youtube.com\/embed\/xXpHkvxkVPo?feature=oembed\" frameborder=\"0\" allow=\"accelerometer; autoplay; clipboard-write; encrypted-media; gyroscope; picture-in-picture; web-share\" referrerpolicy=\"strict-origin-when-cross-origin\" allowfullscreen><\/iframe><\/p>\n<p>&nbsp;<\/p>\n<p>&nbsp;<\/p>\n<hr \/>\n<p>&nbsp;<\/p>\n<p>&nbsp;<\/p>\n<p>&nbsp;<\/p>\n<blockquote>\n<h2><img loading=\"lazy\" decoding=\"async\" class=\"alignleft\" src=\"https:\/\/www.radiopiu.net\/wordpress\/wp-content\/uploads\/2024\/10\/a.png\" width=\"172\" height=\"105\" \/>L&#8217;AZZARDO, GIOCO A PERDERE. LUNEDI IN SALA DON TAMIS L&#8217;INCONTRO PUBBLICO<\/h2>\n<\/blockquote>\n<p><strong>AGORDO<\/strong><\/p>\n<p>&nbsp;<\/p>\n<p><strong>AGORDO<\/strong><\/p>\n<p><strong>DI GIANNI SANTOMASO<\/strong><\/p>\n<audio class=\"wp-audio-shortcode\" id=\"audio-416408-11\" preload=\"none\" style=\"width: 100%;\" controls=\"controls\"><source type=\"audio\/mpeg\" src=\"https:\/\/www.radiopiu.net\/wordpress\/wp-content\/uploads\/2024\/10\/GIANNI-AZZARDO.mp3?_=11\" \/><a href=\"https:\/\/www.radiopiu.net\/wordpress\/wp-content\/uploads\/2024\/10\/GIANNI-AZZARDO.mp3\">https:\/\/www.radiopiu.net\/wordpress\/wp-content\/uploads\/2024\/10\/GIANNI-AZZARDO.mp3<\/a><\/audio>\n<h2><span style=\"color: #ff0000;\"><strong>\u00a0<\/strong><\/span><\/h2>\n<p>&nbsp;<\/p>\n<hr \/>\n<p>&nbsp;<\/p>\n<blockquote>\n<h3>LA SANTA MESSA PER I CADUTI IN MONTAGNA<\/h3>\n<h2><em><a class=\"dt-pswp-item\" href=\"https:\/\/www.radiopiu.net\/wordpress\/wp-content\/uploads\/2024\/10\/Senza-nome-92.png\" data-dt-img-description=\"\" data-large_image_width=\"595\" data-large_image_height=\"756\"><img loading=\"lazy\" decoding=\"async\" class=\" wp-image-415668 alignleft\" src=\"https:\/\/www.radiopiu.net\/wordpress\/wp-content\/uploads\/2024\/10\/Senza-nome-92-236x300.png\" alt=\"\" width=\"119\" height=\"151\" srcset=\"https:\/\/www.radiopiu.net\/wordpress\/wp-content\/uploads\/2024\/10\/Senza-nome-92-236x300.png 236w, https:\/\/www.radiopiu.net\/wordpress\/wp-content\/uploads\/2024\/10\/Senza-nome-92.png 595w\" sizes=\"auto, (max-width: 119px) 100vw, 119px\" \/><\/a><\/em><\/h2>\n<\/blockquote>\n<p><strong>AGORDO\u00a0<\/strong> Si \u00e8 rinnovato ieri sera il consueto appuntamento di fine ottobre con la S. Messa in suffragio dei Caduti della montagna celebrata dall\u2019arcidiacono di Agordo, mons. Cesare Larese, accompagnata dai canti del Coro Agordo, diretto da Anna Devich. Una sentita cerimonia, voluta dal Coro Agordo, che riunisce ormai da 49 anni l\u2019intero Agordino con le vallate limitrofe e tanta altra gente dalla provincia e da fuori nel ricordo degli agordini caduti in montagna e di coloro che hanno perso la vita sulle montagne agordine. L\u2019iniziativa avviene in collaborazione con la Sezione Agordina del CAI, la Parrocchia di S. Maria Nascente, i Gruppi Rocciatori \u201cGIR\u201d di Agordo e \u201cVal Bi\u00f3is\u201d, le Stazioni agordine del Corpo Nazionale Soccorso Alpino e il Gruppo Alpini Agordo-Rivamonte-Taibon.\u00a0 Oltre al ricordo dei 142 Caduti sui monti, un pensiero particolare per coloro di cui quest\u2019anno ricorre un significativo anniversario<\/p>\n\n\t\t\t<style type='text\/css'>\n\t\t\t\t#gallery-1 {\n\t\t\t\t\tmargin: auto;\n\t\t\t\t}\n\t\t\t\t#gallery-1 .gallery-item {\n\t\t\t\t\tfloat: left;\n\t\t\t\t\tmargin-top: 10px;\n\t\t\t\t\ttext-align: center;\n\t\t\t\t\twidth: 25%;\n\t\t\t\t}\n\t\t\t\t#gallery-1 img {\n\t\t\t\t\tborder: 2px solid #cfcfcf;\n\t\t\t\t}\n\t\t\t\t#gallery-1 .gallery-caption {\n\t\t\t\t\tmargin-left: 0;\n\t\t\t\t}\n\t\t\t\t\/* see gallery_shortcode() in wp-includes\/media.php *\/\n\t\t\t<\/style>\n\t\t<div id='gallery-1' class='dt-gallery-container gallery galleryid-416408 gallery-columns-4 gallery-size-thumbnail'><dl class='gallery-item'>\n\t\t\t\t<dt class='gallery-icon landscape'>\n\t\t\t\t\t<a class=\"rollover rollover-zoom dt-pswp-item\" title=\"f194f5a3-7a4a-47b5-9037-bc0654aa23b5\" data-dt-img-description=\"\" data-large_image_width=\"2048\" data-large_image_height=\"1152\"href='https:\/\/www.radiopiu.net\/wordpress\/wp-content\/uploads\/2024\/10\/f194f5a3-7a4a-47b5-9037-bc0654aa23b5.jpg'><img loading=\"lazy\" decoding=\"async\" width=\"150\" height=\"150\" src=\"https:\/\/www.radiopiu.net\/wordpress\/wp-content\/uploads\/2024\/10\/f194f5a3-7a4a-47b5-9037-bc0654aa23b5-150x150.jpg\" class=\"attachment-thumbnail size-thumbnail\" alt=\"\" \/><\/a>\n\t\t\t\t<\/dt><\/dl><dl class='gallery-item'>\n\t\t\t\t<dt class='gallery-icon landscape'>\n\t\t\t\t\t<a class=\"rollover rollover-zoom dt-pswp-item\" title=\"f32dd448-f4ab-4c33-b506-32efdfbd23d7\" data-dt-img-description=\"\" data-large_image_width=\"2048\" data-large_image_height=\"1152\"href='https:\/\/www.radiopiu.net\/wordpress\/wp-content\/uploads\/2024\/10\/f32dd448-f4ab-4c33-b506-32efdfbd23d7.jpg'><img loading=\"lazy\" decoding=\"async\" width=\"150\" height=\"150\" src=\"https:\/\/www.radiopiu.net\/wordpress\/wp-content\/uploads\/2024\/10\/f32dd448-f4ab-4c33-b506-32efdfbd23d7-150x150.jpg\" class=\"attachment-thumbnail size-thumbnail\" alt=\"\" \/><\/a>\n\t\t\t\t<\/dt><\/dl><dl class='gallery-item'>\n\t\t\t\t<dt class='gallery-icon landscape'>\n\t\t\t\t\t<a class=\"rollover rollover-zoom dt-pswp-item\" title=\"dc89b60a-1740-41b0-858f-5954ddc36093\" data-dt-img-description=\"\" data-large_image_width=\"2048\" data-large_image_height=\"1152\"href='https:\/\/www.radiopiu.net\/wordpress\/wp-content\/uploads\/2024\/10\/dc89b60a-1740-41b0-858f-5954ddc36093.jpg'><img loading=\"lazy\" decoding=\"async\" width=\"150\" height=\"150\" src=\"https:\/\/www.radiopiu.net\/wordpress\/wp-content\/uploads\/2024\/10\/dc89b60a-1740-41b0-858f-5954ddc36093-150x150.jpg\" class=\"attachment-thumbnail size-thumbnail\" alt=\"\" \/><\/a>\n\t\t\t\t<\/dt><\/dl><dl class='gallery-item'>\n\t\t\t\t<dt class='gallery-icon landscape'>\n\t\t\t\t\t<a class=\"rollover rollover-zoom dt-pswp-item\" title=\"2846bff2-bbb8-455b-820f-36b28001ca55\" data-dt-img-description=\"\" data-large_image_width=\"2048\" data-large_image_height=\"1152\"href='https:\/\/www.radiopiu.net\/wordpress\/wp-content\/uploads\/2024\/10\/2846bff2-bbb8-455b-820f-36b28001ca55.jpg'><img loading=\"lazy\" decoding=\"async\" width=\"150\" height=\"150\" src=\"https:\/\/www.radiopiu.net\/wordpress\/wp-content\/uploads\/2024\/10\/2846bff2-bbb8-455b-820f-36b28001ca55-150x150.jpg\" class=\"attachment-thumbnail size-thumbnail\" alt=\"\" \/><\/a>\n\t\t\t\t<\/dt><\/dl><br style=\"clear: both\" \/>\n\t\t\t<\/div>\n\n<p>&nbsp;<\/p>\n<p><strong>LA DIRETTA RADIO PIU&#8217;<\/strong><\/p>\n<p><iframe loading=\"lazy\" title=\"LA SANTA MESSA PER I CADUTI IN MONTAGNA - 27 ottobbre 2024\" width=\"1200\" height=\"900\" src=\"https:\/\/www.youtube.com\/embed\/YrfVzJBvGWI?feature=oembed\" frameborder=\"0\" allow=\"accelerometer; autoplay; clipboard-write; encrypted-media; gyroscope; picture-in-picture; web-share\" referrerpolicy=\"strict-origin-when-cross-origin\" allowfullscreen><\/iframe><\/p>\n<p>&nbsp;<\/p>\n<hr \/>\n<p>&nbsp;<\/p>\n<blockquote>\n<h3>LE PIOGGIE DEI GIORNI SCORSI COMPROMETTONO LA STABILITA&#8217; DI ALVEI E VERSANTI DEL MISSIAGA<\/h3>\n<\/blockquote>\n<p><strong><a class=\"dt-pswp-item\" href=\"https:\/\/www.radiopiu.net\/wordpress\/wp-content\/uploads\/2024\/10\/a703b137-9ba7-4cce-9071-c428f3945738.jpg\" data-dt-img-description=\"\" data-large_image_width=\"1331\" data-large_image_height=\"711\"><img loading=\"lazy\" decoding=\"async\" class=\" wp-image-416505 alignleft\" src=\"https:\/\/www.radiopiu.net\/wordpress\/wp-content\/uploads\/2024\/10\/a703b137-9ba7-4cce-9071-c428f3945738-300x160.jpg\" alt=\"\" width=\"210\" height=\"112\" srcset=\"https:\/\/www.radiopiu.net\/wordpress\/wp-content\/uploads\/2024\/10\/a703b137-9ba7-4cce-9071-c428f3945738-300x160.jpg 300w, https:\/\/www.radiopiu.net\/wordpress\/wp-content\/uploads\/2024\/10\/a703b137-9ba7-4cce-9071-c428f3945738-1024x547.jpg 1024w, https:\/\/www.radiopiu.net\/wordpress\/wp-content\/uploads\/2024\/10\/a703b137-9ba7-4cce-9071-c428f3945738-768x410.jpg 768w, https:\/\/www.radiopiu.net\/wordpress\/wp-content\/uploads\/2024\/10\/a703b137-9ba7-4cce-9071-c428f3945738.jpg 1331w\" sizes=\"auto, (max-width: 210px) 100vw, 210px\" \/><\/a>DI TIZIANO DE COL<\/strong><\/p>\n<p>Le abbondanti piogge delle scorse settimane hanno ulteriormente compromesso la stabilit\u00e0 di alvei e versanti. \u00c8 quanto accaduto anche sul torrente Missiaga a La Valle Agordina, dove l&#8217;8 ottobre, a Ponte Cugnago, sono stati registrati oltre 100 mm di pioggia, con la fase pi\u00f9 intensa concentrata in 8 ore e picchi di oltre 15 mm\/ora tra le 16:30 e le 18:30. Complessivamente, il mese di ottobre ha portato circa 340 mm di pioggia, misurati a Ponte Cugnago. L&#8217;alveo e le sponde del Missiaga, a monte dell&#8217;abitato di La Valle, gi\u00e0 compromessi dagli eventi di luglio 2024, hanno mostrato segni di cedimento, specialmente intorno ai 1010 mslm, nei pressi del Ponte di Pesson, che collega la SP347 con le localit\u00e0 Pesson, Darost e quelle limitrofe. Poco a valle del ponte, l&#8217;erosione laterale sulla sponda sinistra del Missiaga ha causato lo scalzamento di un macigno e il franamento della sponda, mettendo seriamente a rischio la viabilit\u00e0 forestale a servizio delle suddette localit\u00e0. Se non si interviene rapidamente, si rischia la completa interruzione della viabilit\u00e0 a causa dell\u2019erosione alla base della sponda. A monte del ponte, si rileva un sovralluvionamento causato dalla presenza di ceppaie di abeti caduti in alveo, entrambi risultati degli effetti di Vaia. Le ceppaie e il materiale accumulato in alveo rischiano di intasare e travolgere il ponte in caso di eventi meteorologici intensi. Durante Vaia, l\u2019acqua del torrente era gi\u00e0 fuoriuscita passando sopra il ponte, fortunatamente risparmiandolo. Nelle immagini allegate si possono osservare: lo scalzamento alla base della viabilit\u00e0 forestale, il sovralluvionamento a monte del ponte con le ceppaie in alveo (entrambi dovuti agli effetti di Vaia) e immagini del ponte stesso.<\/p>\n\n\t\t\t<style type='text\/css'>\n\t\t\t\t#gallery-2 {\n\t\t\t\t\tmargin: auto;\n\t\t\t\t}\n\t\t\t\t#gallery-2 .gallery-item {\n\t\t\t\t\tfloat: left;\n\t\t\t\t\tmargin-top: 10px;\n\t\t\t\t\ttext-align: center;\n\t\t\t\t\twidth: 25%;\n\t\t\t\t}\n\t\t\t\t#gallery-2 img {\n\t\t\t\t\tborder: 2px solid #cfcfcf;\n\t\t\t\t}\n\t\t\t\t#gallery-2 .gallery-caption {\n\t\t\t\t\tmargin-left: 0;\n\t\t\t\t}\n\t\t\t\t\/* see gallery_shortcode() in wp-includes\/media.php *\/\n\t\t\t<\/style>\n\t\t<div id='gallery-2' class='dt-gallery-container gallery galleryid-416408 gallery-columns-4 gallery-size-thumbnail'><dl class='gallery-item'>\n\t\t\t\t<dt class='gallery-icon portrait'>\n\t\t\t\t\t<a class=\"rollover rollover-zoom dt-pswp-item\" title=\"eadd83e0-8756-40ba-8ae5-8b01fedbaf9a\" data-dt-img-description=\"\" data-large_image_width=\"1536\" data-large_image_height=\"2048\"href='https:\/\/www.radiopiu.net\/wordpress\/wp-content\/uploads\/2024\/10\/eadd83e0-8756-40ba-8ae5-8b01fedbaf9a.jpg'><img loading=\"lazy\" decoding=\"async\" width=\"150\" height=\"150\" src=\"https:\/\/www.radiopiu.net\/wordpress\/wp-content\/uploads\/2024\/10\/eadd83e0-8756-40ba-8ae5-8b01fedbaf9a-150x150.jpg\" class=\"attachment-thumbnail size-thumbnail\" alt=\"\" \/><\/a>\n\t\t\t\t<\/dt><\/dl><dl class='gallery-item'>\n\t\t\t\t<dt class='gallery-icon portrait'>\n\t\t\t\t\t<a class=\"rollover rollover-zoom dt-pswp-item\" title=\"2ee0cce9-28ee-4525-9c4f-559a5b6a47a0\" data-dt-img-description=\"\" data-large_image_width=\"1536\" data-large_image_height=\"2048\"href='https:\/\/www.radiopiu.net\/wordpress\/wp-content\/uploads\/2024\/10\/2ee0cce9-28ee-4525-9c4f-559a5b6a47a0.jpg'><img loading=\"lazy\" decoding=\"async\" width=\"150\" height=\"150\" src=\"https:\/\/www.radiopiu.net\/wordpress\/wp-content\/uploads\/2024\/10\/2ee0cce9-28ee-4525-9c4f-559a5b6a47a0-150x150.jpg\" class=\"attachment-thumbnail size-thumbnail\" alt=\"\" \/><\/a>\n\t\t\t\t<\/dt><\/dl><dl class='gallery-item'>\n\t\t\t\t<dt class='gallery-icon landscape'>\n\t\t\t\t\t<a class=\"rollover rollover-zoom dt-pswp-item\" title=\"5597d851-f6b3-4bd9-84ff-f59429e9259b\" data-dt-img-description=\"\" data-large_image_width=\"2048\" data-large_image_height=\"1536\"href='https:\/\/www.radiopiu.net\/wordpress\/wp-content\/uploads\/2024\/10\/5597d851-f6b3-4bd9-84ff-f59429e9259b.jpg'><img loading=\"lazy\" decoding=\"async\" width=\"150\" height=\"150\" src=\"https:\/\/www.radiopiu.net\/wordpress\/wp-content\/uploads\/2024\/10\/5597d851-f6b3-4bd9-84ff-f59429e9259b-150x150.jpg\" class=\"attachment-thumbnail size-thumbnail\" alt=\"\" \/><\/a>\n\t\t\t\t<\/dt><\/dl><dl class='gallery-item'>\n\t\t\t\t<dt class='gallery-icon landscape'>\n\t\t\t\t\t<a class=\"rollover rollover-zoom dt-pswp-item\" title=\"a49ab162-726d-4618-95d7-2740cf3360bb\" data-dt-img-description=\"\" data-large_image_width=\"2048\" data-large_image_height=\"1536\"href='https:\/\/www.radiopiu.net\/wordpress\/wp-content\/uploads\/2024\/10\/a49ab162-726d-4618-95d7-2740cf3360bb.jpg'><img loading=\"lazy\" decoding=\"async\" width=\"150\" height=\"150\" src=\"https:\/\/www.radiopiu.net\/wordpress\/wp-content\/uploads\/2024\/10\/a49ab162-726d-4618-95d7-2740cf3360bb-150x150.jpg\" class=\"attachment-thumbnail size-thumbnail\" alt=\"\" \/><\/a>\n\t\t\t\t<\/dt><\/dl><br style=\"clear: both\" \/><dl class='gallery-item'>\n\t\t\t\t<dt class='gallery-icon landscape'>\n\t\t\t\t\t<a class=\"rollover rollover-zoom dt-pswp-item\" title=\"4cabcbeb-d7bc-48d1-8880-ce4af481d51a\" data-dt-img-description=\"\" data-large_image_width=\"2048\" data-large_image_height=\"1536\"href='https:\/\/www.radiopiu.net\/wordpress\/wp-content\/uploads\/2024\/10\/4cabcbeb-d7bc-48d1-8880-ce4af481d51a.jpg'><img loading=\"lazy\" decoding=\"async\" width=\"150\" height=\"150\" src=\"https:\/\/www.radiopiu.net\/wordpress\/wp-content\/uploads\/2024\/10\/4cabcbeb-d7bc-48d1-8880-ce4af481d51a-150x150.jpg\" class=\"attachment-thumbnail size-thumbnail\" alt=\"\" \/><\/a>\n\t\t\t\t<\/dt><\/dl><dl class='gallery-item'>\n\t\t\t\t<dt class='gallery-icon portrait'>\n\t\t\t\t\t<a class=\"rollover rollover-zoom dt-pswp-item\" title=\"8a801546-e30f-4a63-97f6-dd12f3b4fdf6\" data-dt-img-description=\"\" data-large_image_width=\"1536\" data-large_image_height=\"2048\"href='https:\/\/www.radiopiu.net\/wordpress\/wp-content\/uploads\/2024\/10\/8a801546-e30f-4a63-97f6-dd12f3b4fdf6.jpg'><img loading=\"lazy\" decoding=\"async\" width=\"150\" height=\"150\" src=\"https:\/\/www.radiopiu.net\/wordpress\/wp-content\/uploads\/2024\/10\/8a801546-e30f-4a63-97f6-dd12f3b4fdf6-150x150.jpg\" class=\"attachment-thumbnail size-thumbnail\" alt=\"\" \/><\/a>\n\t\t\t\t<\/dt><\/dl><dl class='gallery-item'>\n\t\t\t\t<dt class='gallery-icon landscape'>\n\t\t\t\t\t<a class=\"rollover rollover-zoom dt-pswp-item\" title=\"e1bb68fe-de88-4295-83b0-1c049d86a94c\" data-dt-img-description=\"\" data-large_image_width=\"2048\" data-large_image_height=\"1536\"href='https:\/\/www.radiopiu.net\/wordpress\/wp-content\/uploads\/2024\/10\/e1bb68fe-de88-4295-83b0-1c049d86a94c.jpg'><img loading=\"lazy\" decoding=\"async\" width=\"150\" height=\"150\" src=\"https:\/\/www.radiopiu.net\/wordpress\/wp-content\/uploads\/2024\/10\/e1bb68fe-de88-4295-83b0-1c049d86a94c-150x150.jpg\" class=\"attachment-thumbnail size-thumbnail\" alt=\"\" \/><\/a>\n\t\t\t\t<\/dt><\/dl>\n\t\t\t\t<br style='clear: both' \/>\n\t\t\t<\/div>\n\n<p>&nbsp;<\/p>\n<hr \/>\n<p>&nbsp;<\/p>\n<blockquote>\n<h3>GLI EX EMIGRANTI FESTEGGIANO A BORGO VALBELLUNA E CENCENIGHE<\/h3>\n<\/blockquote>\n<p><strong>BELLUNO<\/strong> In provincia di Belluno, le comunit\u00e0 della Sinistra Piave e dell&#8217;Agordino si sono riunite per onorare le storie di emigrazione che hanno segnato il territorio. A Borgo Valbelluna, la Famiglia Ex Emigranti \u201cSinistra Piave\u201d ha organizzato l\u2019evento \u201cPer non dimenticare\u201d, con la Santa Messa e una cerimonia al Monumento dell\u2019Emigrante. La presidente Venecia Simoes ha sottolineato l&#8217;importanza di tramandare la memoria di chi lasci\u00f2 la propria terra. Presenti diversi rappresentanti locali e dell\u2019Associazione Bellunesi nel Mondo, l&#8217;evento \u00e8 culminato con un pranzo sociale. A Cencenighe Agordino, la Famiglia Ex Emigranti dell\u2019Agordino ha tenuto la \u201cGiornata dei Soci\u201d, con Messa, omaggio al Monumento agli Emigranti e il Coro Alpino Monte Civetta. La giornata \u00e8 terminata con un pranzo conviviale e musica dal vivo. Questi eventi hanno rafforzato i legami comunitari e celebrato l&#8217;eredit\u00e0 degli emigranti, unendo generazioni diverse nel ricordo.<\/p>\n\n\t\t\t<style type='text\/css'>\n\t\t\t\t#gallery-3 {\n\t\t\t\t\tmargin: auto;\n\t\t\t\t}\n\t\t\t\t#gallery-3 .gallery-item {\n\t\t\t\t\tfloat: left;\n\t\t\t\t\tmargin-top: 10px;\n\t\t\t\t\ttext-align: center;\n\t\t\t\t\twidth: 20%;\n\t\t\t\t}\n\t\t\t\t#gallery-3 img {\n\t\t\t\t\tborder: 2px solid #cfcfcf;\n\t\t\t\t}\n\t\t\t\t#gallery-3 .gallery-caption {\n\t\t\t\t\tmargin-left: 0;\n\t\t\t\t}\n\t\t\t\t\/* see gallery_shortcode() in wp-includes\/media.php *\/\n\t\t\t<\/style>\n\t\t<div id='gallery-3' class='dt-gallery-container gallery galleryid-416408 gallery-columns-5 gallery-size-thumbnail'><dl class='gallery-item'>\n\t\t\t\t<dt class='gallery-icon landscape'>\n\t\t\t\t\t<a class=\"rollover rollover-zoom dt-pswp-item\" title=\"IMG-20241027-WA0034\" data-dt-img-description=\"\" data-large_image_width=\"1600\" data-large_image_height=\"1200\"href='https:\/\/www.radiopiu.net\/wordpress\/wp-content\/uploads\/2024\/10\/IMG-20241027-WA0034.jpg'><img loading=\"lazy\" decoding=\"async\" width=\"150\" height=\"150\" src=\"https:\/\/www.radiopiu.net\/wordpress\/wp-content\/uploads\/2024\/10\/IMG-20241027-WA0034-150x150.jpg\" class=\"attachment-thumbnail size-thumbnail\" alt=\"\" \/><\/a>\n\t\t\t\t<\/dt><\/dl><dl class='gallery-item'>\n\t\t\t\t<dt class='gallery-icon landscape'>\n\t\t\t\t\t<a class=\"rollover rollover-zoom dt-pswp-item\" title=\"IMG-20241027-WA0033\" data-dt-img-description=\"\" data-large_image_width=\"1600\" data-large_image_height=\"1200\"href='https:\/\/www.radiopiu.net\/wordpress\/wp-content\/uploads\/2024\/10\/IMG-20241027-WA0033.jpg'><img loading=\"lazy\" decoding=\"async\" width=\"150\" height=\"150\" src=\"https:\/\/www.radiopiu.net\/wordpress\/wp-content\/uploads\/2024\/10\/IMG-20241027-WA0033-150x150.jpg\" class=\"attachment-thumbnail size-thumbnail\" alt=\"\" \/><\/a>\n\t\t\t\t<\/dt><\/dl><dl class='gallery-item'>\n\t\t\t\t<dt class='gallery-icon landscape'>\n\t\t\t\t\t<a class=\"rollover rollover-zoom dt-pswp-item\" title=\"IMG-20241027-WA0028\" data-dt-img-description=\"\" data-large_image_width=\"1600\" data-large_image_height=\"1200\"href='https:\/\/www.radiopiu.net\/wordpress\/wp-content\/uploads\/2024\/10\/IMG-20241027-WA0028.jpg'><img loading=\"lazy\" decoding=\"async\" width=\"150\" height=\"150\" src=\"https:\/\/www.radiopiu.net\/wordpress\/wp-content\/uploads\/2024\/10\/IMG-20241027-WA0028-150x150.jpg\" class=\"attachment-thumbnail size-thumbnail\" alt=\"\" \/><\/a>\n\t\t\t\t<\/dt><\/dl><dl class='gallery-item'>\n\t\t\t\t<dt class='gallery-icon portrait'>\n\t\t\t\t\t<a class=\"rollover rollover-zoom dt-pswp-item\" title=\"IMG-20241027-WA0026\" data-dt-img-description=\"\" data-large_image_width=\"1200\" data-large_image_height=\"1600\"href='https:\/\/www.radiopiu.net\/wordpress\/wp-content\/uploads\/2024\/10\/IMG-20241027-WA0026.jpg'><img loading=\"lazy\" decoding=\"async\" width=\"150\" height=\"150\" src=\"https:\/\/www.radiopiu.net\/wordpress\/wp-content\/uploads\/2024\/10\/IMG-20241027-WA0026-150x150.jpg\" class=\"attachment-thumbnail size-thumbnail\" alt=\"\" \/><\/a>\n\t\t\t\t<\/dt><\/dl><dl class='gallery-item'>\n\t\t\t\t<dt class='gallery-icon landscape'>\n\t\t\t\t\t<a class=\"rollover rollover-zoom dt-pswp-item\" title=\"IMG-20241027-WA0025\" data-dt-img-description=\"\" data-large_image_width=\"1600\" data-large_image_height=\"1204\"href='https:\/\/www.radiopiu.net\/wordpress\/wp-content\/uploads\/2024\/10\/IMG-20241027-WA0025.jpg'><img loading=\"lazy\" decoding=\"async\" width=\"150\" height=\"150\" src=\"https:\/\/www.radiopiu.net\/wordpress\/wp-content\/uploads\/2024\/10\/IMG-20241027-WA0025-150x150.jpg\" class=\"attachment-thumbnail size-thumbnail\" alt=\"\" \/><\/a>\n\t\t\t\t<\/dt><\/dl><br style=\"clear: both\" \/><dl class='gallery-item'>\n\t\t\t\t<dt class='gallery-icon portrait'>\n\t\t\t\t\t<a class=\"rollover rollover-zoom dt-pswp-item\" title=\"IMG-20241027-WA0018\" data-dt-img-description=\"\" data-large_image_width=\"1200\" data-large_image_height=\"1600\"href='https:\/\/www.radiopiu.net\/wordpress\/wp-content\/uploads\/2024\/10\/IMG-20241027-WA0018.jpg'><img loading=\"lazy\" decoding=\"async\" width=\"150\" height=\"150\" src=\"https:\/\/www.radiopiu.net\/wordpress\/wp-content\/uploads\/2024\/10\/IMG-20241027-WA0018-150x150.jpg\" class=\"attachment-thumbnail size-thumbnail\" alt=\"\" \/><\/a>\n\t\t\t\t<\/dt><\/dl><dl class='gallery-item'>\n\t\t\t\t<dt class='gallery-icon landscape'>\n\t\t\t\t\t<a class=\"rollover rollover-zoom dt-pswp-item\" title=\"IMG-20241027-WA0017\" data-dt-img-description=\"\" data-large_image_width=\"1600\" data-large_image_height=\"1200\"href='https:\/\/www.radiopiu.net\/wordpress\/wp-content\/uploads\/2024\/10\/IMG-20241027-WA0017.jpg'><img loading=\"lazy\" decoding=\"async\" width=\"150\" height=\"150\" src=\"https:\/\/www.radiopiu.net\/wordpress\/wp-content\/uploads\/2024\/10\/IMG-20241027-WA0017-150x150.jpg\" class=\"attachment-thumbnail size-thumbnail\" alt=\"\" \/><\/a>\n\t\t\t\t<\/dt><\/dl><dl class='gallery-item'>\n\t\t\t\t<dt class='gallery-icon landscape'>\n\t\t\t\t\t<a class=\"rollover rollover-zoom dt-pswp-item\" title=\"Unknown\" data-dt-img-description=\"\" data-large_image_width=\"1600\" data-large_image_height=\"1200\"href='https:\/\/www.radiopiu.net\/wordpress\/wp-content\/uploads\/2024\/10\/Unknown-2.jpeg'><img loading=\"lazy\" decoding=\"async\" width=\"150\" height=\"150\" src=\"https:\/\/www.radiopiu.net\/wordpress\/wp-content\/uploads\/2024\/10\/Unknown-2-150x150.jpeg\" class=\"attachment-thumbnail size-thumbnail\" alt=\"\" \/><\/a>\n\t\t\t\t<\/dt><\/dl><dl class='gallery-item'>\n\t\t\t\t<dt class='gallery-icon landscape'>\n\t\t\t\t\t<a class=\"rollover rollover-zoom dt-pswp-item\" title=\"Unknown-1\" data-dt-img-description=\"\" data-large_image_width=\"1600\" data-large_image_height=\"1204\"href='https:\/\/www.radiopiu.net\/wordpress\/wp-content\/uploads\/2024\/10\/Unknown-1-1.jpeg'><img loading=\"lazy\" decoding=\"async\" width=\"150\" height=\"150\" src=\"https:\/\/www.radiopiu.net\/wordpress\/wp-content\/uploads\/2024\/10\/Unknown-1-1-150x150.jpeg\" class=\"attachment-thumbnail size-thumbnail\" alt=\"\" \/><\/a>\n\t\t\t\t<\/dt><\/dl><dl class='gallery-item'>\n\t\t\t\t<dt class='gallery-icon landscape'>\n\t\t\t\t\t<a class=\"rollover rollover-zoom dt-pswp-item\" title=\"Unknown-2\" data-dt-img-description=\"\" data-large_image_width=\"1600\" data-large_image_height=\"1200\"href='https:\/\/www.radiopiu.net\/wordpress\/wp-content\/uploads\/2024\/10\/Unknown-2-1.jpeg'><img loading=\"lazy\" decoding=\"async\" width=\"150\" height=\"150\" src=\"https:\/\/www.radiopiu.net\/wordpress\/wp-content\/uploads\/2024\/10\/Unknown-2-1-150x150.jpeg\" class=\"attachment-thumbnail size-thumbnail\" alt=\"\" \/><\/a>\n\t\t\t\t<\/dt><\/dl><br style=\"clear: both\" \/>\n\t\t\t<\/div>\n\n<p>&nbsp;<\/p>\n<p>&nbsp;<\/p>\n<hr \/>\n<p>&nbsp;<\/p>\n<blockquote>\n<h3>443 PERSONE VACCINATE CONTRO L\u2019INFLUENZA NEGLI OPEN DAY DELL\u2019ULSS DOLOMITI<\/h3>\n<\/blockquote>\n<p><strong>BELLUNO<\/strong> Il primo open day vaccinale dell&#8217;Ulss Dolomiti ha visto 443 vaccinazioni antinfluenzali e 252 contro il Covid nei centri di Tai di Cadore, Agordo, Salce e Feltre. L&#8217;evento ha coinvolto 46 operatori sanitari e amministrativi, con il supporto dei volontari Cucchini a Salce e degli Alpini a Tai. L\u2019affluenza \u00e8 stata elevata, soprattutto a Belluno e Agordo, con partecipazione di over 65, caregiver e soggetti fragili. Inoltre, alcune farmacie e gruppi medici hanno somministrato circa 50 dosi antinfluenzali. La campagna continua presso i medici di famiglia, nei centri vaccinali (prenotazione su aulss1.veneto.it) e nelle farmacie aderenti. Il prossimo open day sar\u00e0 il 9 novembre.<\/p>\n\n\t\t\t<style type='text\/css'>\n\t\t\t\t#gallery-4 {\n\t\t\t\t\tmargin: auto;\n\t\t\t\t}\n\t\t\t\t#gallery-4 .gallery-item {\n\t\t\t\t\tfloat: left;\n\t\t\t\t\tmargin-top: 10px;\n\t\t\t\t\ttext-align: center;\n\t\t\t\t\twidth: 20%;\n\t\t\t\t}\n\t\t\t\t#gallery-4 img {\n\t\t\t\t\tborder: 2px solid #cfcfcf;\n\t\t\t\t}\n\t\t\t\t#gallery-4 .gallery-caption {\n\t\t\t\t\tmargin-left: 0;\n\t\t\t\t}\n\t\t\t\t\/* see gallery_shortcode() in wp-includes\/media.php *\/\n\t\t\t<\/style>\n\t\t<div id='gallery-4' class='dt-gallery-container gallery galleryid-416408 gallery-columns-5 gallery-size-thumbnail'><dl class='gallery-item'>\n\t\t\t\t<dt class='gallery-icon landscape'>\n\t\t\t\t\t<a class=\"rollover rollover-zoom dt-pswp-item\" title=\"tai\" data-dt-img-description=\"\" data-large_image_width=\"1600\" data-large_image_height=\"1200\"href='https:\/\/www.radiopiu.net\/wordpress\/wp-content\/uploads\/2024\/10\/tai.jpg'><img loading=\"lazy\" decoding=\"async\" width=\"150\" height=\"150\" src=\"https:\/\/www.radiopiu.net\/wordpress\/wp-content\/uploads\/2024\/10\/tai-150x150.jpg\" class=\"attachment-thumbnail size-thumbnail\" alt=\"\" aria-describedby=\"gallery-4-416560\" \/><\/a>\n\t\t\t\t<\/dt>\n\t\t\t\t\t<dd class='wp-caption-text gallery-caption' id='gallery-4-416560'>\n\t\t\t\t\tTAI\n\t\t\t\t\t<\/dd><\/dl><dl class='gallery-item'>\n\t\t\t\t<dt class='gallery-icon portrait'>\n\t\t\t\t\t<a class=\"rollover rollover-zoom dt-pswp-item\" title=\"feltre\" data-dt-img-description=\"\" data-large_image_width=\"1200\" data-large_image_height=\"1600\"href='https:\/\/www.radiopiu.net\/wordpress\/wp-content\/uploads\/2024\/10\/feltre.jpg'><img loading=\"lazy\" decoding=\"async\" width=\"150\" height=\"150\" src=\"https:\/\/www.radiopiu.net\/wordpress\/wp-content\/uploads\/2024\/10\/feltre-150x150.jpg\" class=\"attachment-thumbnail size-thumbnail\" alt=\"\" aria-describedby=\"gallery-4-416561\" \/><\/a>\n\t\t\t\t<\/dt>\n\t\t\t\t\t<dd class='wp-caption-text gallery-caption' id='gallery-4-416561'>\n\t\t\t\t\tFELTRE\n\t\t\t\t\t<\/dd><\/dl><dl class='gallery-item'>\n\t\t\t\t<dt class='gallery-icon landscape'>\n\t\t\t\t\t<a class=\"rollover rollover-zoom dt-pswp-item\" title=\"SALCE\" data-dt-img-description=\"\" data-large_image_width=\"1600\" data-large_image_height=\"719\"href='https:\/\/www.radiopiu.net\/wordpress\/wp-content\/uploads\/2024\/10\/SALCE.jpg'><img loading=\"lazy\" decoding=\"async\" width=\"150\" height=\"150\" src=\"https:\/\/www.radiopiu.net\/wordpress\/wp-content\/uploads\/2024\/10\/SALCE-150x150.jpg\" class=\"attachment-thumbnail size-thumbnail\" alt=\"\" aria-describedby=\"gallery-4-416562\" \/><\/a>\n\t\t\t\t<\/dt>\n\t\t\t\t\t<dd class='wp-caption-text gallery-caption' id='gallery-4-416562'>\n\t\t\t\t\tSALCE\n\t\t\t\t\t<\/dd><\/dl><dl class='gallery-item'>\n\t\t\t\t<dt class='gallery-icon landscape'>\n\t\t\t\t\t<a class=\"rollover rollover-zoom dt-pswp-item\" title=\"AGORDO\" data-dt-img-description=\"\" data-large_image_width=\"1600\" data-large_image_height=\"1201\"href='https:\/\/www.radiopiu.net\/wordpress\/wp-content\/uploads\/2024\/10\/AGORDO.jpg'><img loading=\"lazy\" decoding=\"async\" width=\"150\" height=\"150\" src=\"https:\/\/www.radiopiu.net\/wordpress\/wp-content\/uploads\/2024\/10\/AGORDO-150x150.jpg\" class=\"attachment-thumbnail size-thumbnail\" alt=\"\" aria-describedby=\"gallery-4-416563\" \/><\/a>\n\t\t\t\t<\/dt>\n\t\t\t\t\t<dd class='wp-caption-text gallery-caption' id='gallery-4-416563'>\n\t\t\t\t\tAGORDO\n\t\t\t\t\t<\/dd><\/dl><dl class='gallery-item'>\n\t\t\t\t<dt class='gallery-icon landscape'>\n\t\t\t\t\t<a class=\"rollover rollover-zoom dt-pswp-item\" title=\"ATTESA\" data-dt-img-description=\"\" data-large_image_width=\"1600\" data-large_image_height=\"720\"href='https:\/\/www.radiopiu.net\/wordpress\/wp-content\/uploads\/2024\/10\/ATTESA.jpg'><img loading=\"lazy\" decoding=\"async\" width=\"150\" height=\"150\" src=\"https:\/\/www.radiopiu.net\/wordpress\/wp-content\/uploads\/2024\/10\/ATTESA-150x150.jpg\" class=\"attachment-thumbnail size-thumbnail\" alt=\"\" aria-describedby=\"gallery-4-416564\" \/><\/a>\n\t\t\t\t<\/dt>\n\t\t\t\t\t<dd class='wp-caption-text gallery-caption' id='gallery-4-416564'>\n\t\t\t\t\tATTESA SALCE\n\t\t\t\t\t<\/dd><\/dl><br style=\"clear: both\" \/>\n\t\t\t<\/div>\n\n<hr \/>\n<p>&nbsp;<\/p>\n<blockquote>\n<h3>IN PELLEGRINAGGIO A BRESSANONE<\/h3>\n<\/blockquote>\n<p><strong>LIVINALLONGO<\/strong><\/p>\n<p>DI LORENZO SORATROI<\/p>\n<audio class=\"wp-audio-shortcode\" id=\"audio-416408-12\" preload=\"none\" style=\"width: 100%;\" controls=\"controls\"><source type=\"audio\/mpeg\" src=\"https:\/\/www.radiopiu.net\/wordpress\/wp-content\/uploads\/2024\/10\/SORATROI-IN-PELLEGRINAGGIO-A-BRESSANONE.mp3?_=12\" \/><a href=\"https:\/\/www.radiopiu.net\/wordpress\/wp-content\/uploads\/2024\/10\/SORATROI-IN-PELLEGRINAGGIO-A-BRESSANONE.mp3\">https:\/\/www.radiopiu.net\/wordpress\/wp-content\/uploads\/2024\/10\/SORATROI-IN-PELLEGRINAGGIO-A-BRESSANONE.mp3<\/a><\/audio>\n<p>&nbsp;<\/p>\n\n\t\t\t<style type='text\/css'>\n\t\t\t\t#gallery-5 {\n\t\t\t\t\tmargin: auto;\n\t\t\t\t}\n\t\t\t\t#gallery-5 .gallery-item {\n\t\t\t\t\tfloat: left;\n\t\t\t\t\tmargin-top: 10px;\n\t\t\t\t\ttext-align: center;\n\t\t\t\t\twidth: 50%;\n\t\t\t\t}\n\t\t\t\t#gallery-5 img {\n\t\t\t\t\tborder: 2px solid #cfcfcf;\n\t\t\t\t}\n\t\t\t\t#gallery-5 .gallery-caption {\n\t\t\t\t\tmargin-left: 0;\n\t\t\t\t}\n\t\t\t\t\/* see gallery_shortcode() in wp-includes\/media.php *\/\n\t\t\t<\/style>\n\t\t<div id='gallery-5' class='dt-gallery-container gallery galleryid-416408 gallery-columns-2 gallery-size-medium'><dl class='gallery-item'>\n\t\t\t\t<dt class='gallery-icon landscape'>\n\t\t\t\t\t<a class=\"rollover rollover-zoom dt-pswp-item\" title=\"Celebrazione Battistero Duomo Bressanone\" data-dt-img-description=\"\" data-large_image_width=\"2560\" data-large_image_height=\"1435\"href='https:\/\/www.radiopiu.net\/wordpress\/wp-content\/uploads\/2024\/10\/Celebrazione-Battistero-Duomo-Bressanone-scaled.jpg'><img loading=\"lazy\" decoding=\"async\" width=\"300\" height=\"168\" src=\"https:\/\/www.radiopiu.net\/wordpress\/wp-content\/uploads\/2024\/10\/Celebrazione-Battistero-Duomo-Bressanone-300x168.jpg\" class=\"attachment-medium size-medium\" alt=\"\" srcset=\"https:\/\/www.radiopiu.net\/wordpress\/wp-content\/uploads\/2024\/10\/Celebrazione-Battistero-Duomo-Bressanone-300x168.jpg 300w, https:\/\/www.radiopiu.net\/wordpress\/wp-content\/uploads\/2024\/10\/Celebrazione-Battistero-Duomo-Bressanone-1024x574.jpg 1024w, https:\/\/www.radiopiu.net\/wordpress\/wp-content\/uploads\/2024\/10\/Celebrazione-Battistero-Duomo-Bressanone-768x431.jpg 768w, https:\/\/www.radiopiu.net\/wordpress\/wp-content\/uploads\/2024\/10\/Celebrazione-Battistero-Duomo-Bressanone-1536x861.jpg 1536w, https:\/\/www.radiopiu.net\/wordpress\/wp-content\/uploads\/2024\/10\/Celebrazione-Battistero-Duomo-Bressanone-2048x1148.jpg 2048w\" sizes=\"auto, (max-width: 300px) 100vw, 300px\" \/><\/a>\n\t\t\t\t<\/dt><\/dl><dl class='gallery-item'>\n\t\t\t\t<dt class='gallery-icon landscape'>\n\t\t\t\t\t<a class=\"rollover rollover-zoom dt-pswp-item\" title=\"Pellegrinaggio Ladini nel Duomo di Bressanone\" data-dt-img-description=\"\" data-large_image_width=\"2560\" data-large_image_height=\"1920\"href='https:\/\/www.radiopiu.net\/wordpress\/wp-content\/uploads\/2024\/10\/Pellegrinaggio-Ladini-nel-Duomo-di-Bressanone-scaled.jpg'><img loading=\"lazy\" decoding=\"async\" width=\"300\" height=\"225\" src=\"https:\/\/www.radiopiu.net\/wordpress\/wp-content\/uploads\/2024\/10\/Pellegrinaggio-Ladini-nel-Duomo-di-Bressanone-300x225.jpg\" class=\"attachment-medium size-medium\" alt=\"\" srcset=\"https:\/\/www.radiopiu.net\/wordpress\/wp-content\/uploads\/2024\/10\/Pellegrinaggio-Ladini-nel-Duomo-di-Bressanone-300x225.jpg 300w, https:\/\/www.radiopiu.net\/wordpress\/wp-content\/uploads\/2024\/10\/Pellegrinaggio-Ladini-nel-Duomo-di-Bressanone-1024x768.jpg 1024w, https:\/\/www.radiopiu.net\/wordpress\/wp-content\/uploads\/2024\/10\/Pellegrinaggio-Ladini-nel-Duomo-di-Bressanone-768x576.jpg 768w, https:\/\/www.radiopiu.net\/wordpress\/wp-content\/uploads\/2024\/10\/Pellegrinaggio-Ladini-nel-Duomo-di-Bressanone-1536x1152.jpg 1536w, https:\/\/www.radiopiu.net\/wordpress\/wp-content\/uploads\/2024\/10\/Pellegrinaggio-Ladini-nel-Duomo-di-Bressanone-2048x1536.jpg 2048w\" sizes=\"auto, (max-width: 300px) 100vw, 300px\" \/><\/a>\n\t\t\t\t<\/dt><\/dl><br style=\"clear: both\" \/>\n\t\t\t<\/div>\n\n<hr \/>\n<p>&nbsp;<\/p>\n<blockquote>\n<h3>INAUGURATA ARREDAMONT 2024<\/h3>\n<\/blockquote>\n<p><strong><a class=\"dt-pswp-item\" href=\"https:\/\/www.radiopiu.net\/wordpress\/wp-content\/uploads\/2024\/10\/Taglio-del-nastro-46a-Arredamont-a-Longarone-scaled.jpg\" data-dt-img-description=\"\" data-large_image_width=\"2560\" data-large_image_height=\"1351\"><img loading=\"lazy\" decoding=\"async\" class=\" wp-image-416537 alignleft\" src=\"https:\/\/www.radiopiu.net\/wordpress\/wp-content\/uploads\/2024\/10\/Taglio-del-nastro-46a-Arredamont-a-Longarone-300x158.jpg\" alt=\"\" width=\"213\" height=\"112\" srcset=\"https:\/\/www.radiopiu.net\/wordpress\/wp-content\/uploads\/2024\/10\/Taglio-del-nastro-46a-Arredamont-a-Longarone-300x158.jpg 300w, https:\/\/www.radiopiu.net\/wordpress\/wp-content\/uploads\/2024\/10\/Taglio-del-nastro-46a-Arredamont-a-Longarone-1024x540.jpg 1024w, https:\/\/www.radiopiu.net\/wordpress\/wp-content\/uploads\/2024\/10\/Taglio-del-nastro-46a-Arredamont-a-Longarone-768x405.jpg 768w, https:\/\/www.radiopiu.net\/wordpress\/wp-content\/uploads\/2024\/10\/Taglio-del-nastro-46a-Arredamont-a-Longarone-1536x811.jpg 1536w, https:\/\/www.radiopiu.net\/wordpress\/wp-content\/uploads\/2024\/10\/Taglio-del-nastro-46a-Arredamont-a-Longarone-2048x1081.jpg 2048w\" sizes=\"auto, (max-width: 213px) 100vw, 213px\" \/><\/a>LONGARONE<\/strong> Arredamont 2024, la 46\u00aa Mostra nazionale dell&#8217;arredare in montagna, \u00e8 inaugurata oggi a Longarone e durer\u00e0 fino al 3 novembre. L&#8217;evento riunisce quasi 200 aziende espositrici provenienti da 12 regioni italiane e 8 paesi esteri, coprendo vari aspetti dell&#8217;arredamento e del design. Il presidente di Longarone Fiere, Michele Dal Farra, ha sottolineato l&#8217;importanza della fiera nel promuovere artigianato e tipicit\u00e0 del territorio, fungendo da trampolino di lancio per molte aziende. In vista delle Olimpiadi invernali del 2026, Longarone Fiere si prepara a diventare un hub per l&#8217;ospitalit\u00e0. La fiera mette in luce il ruolo centrale degli artigiani, con workshop e incontri tematici curati da Confartigianato e Appia Cna. Un&#8217;importante esposizione collaterale, &#8220;Scie di gloria&#8221;, celebra la storia dello sci e dell&#8217;arte in montagna.<\/p>\n<p>&nbsp;<\/p>\n<p>&nbsp;<\/p>\n<hr \/>\n<p>&nbsp;<\/p>\n<blockquote>\n<h3>LE TRE RADIO E APPIA CNA BELLUNO ANNUNCIANO UNA PARTNERSHIP IN OCCASIONE DI ARREDAMONT A LONGARONE FIERE DOLOMITI<\/h3>\n<\/blockquote>\n<p><strong><a class=\"dt-pswp-item\" href=\"https:\/\/www.radiopiu.net\/wordpress\/wp-content\/uploads\/2024\/10\/LeTreRadio-e-APPIA-Arredamont-scaled.jpeg\" data-dt-img-description=\"\" data-large_image_width=\"2560\" data-large_image_height=\"1920\"><img loading=\"lazy\" decoding=\"async\" class=\" wp-image-416593 alignleft\" src=\"https:\/\/www.radiopiu.net\/wordpress\/wp-content\/uploads\/2024\/10\/LeTreRadio-e-APPIA-Arredamont-300x225.jpeg\" alt=\"\" width=\"193\" height=\"145\" srcset=\"https:\/\/www.radiopiu.net\/wordpress\/wp-content\/uploads\/2024\/10\/LeTreRadio-e-APPIA-Arredamont-300x225.jpeg 300w, https:\/\/www.radiopiu.net\/wordpress\/wp-content\/uploads\/2024\/10\/LeTreRadio-e-APPIA-Arredamont-1024x768.jpeg 1024w, https:\/\/www.radiopiu.net\/wordpress\/wp-content\/uploads\/2024\/10\/LeTreRadio-e-APPIA-Arredamont-768x576.jpeg 768w, https:\/\/www.radiopiu.net\/wordpress\/wp-content\/uploads\/2024\/10\/LeTreRadio-e-APPIA-Arredamont-1536x1152.jpeg 1536w, https:\/\/www.radiopiu.net\/wordpress\/wp-content\/uploads\/2024\/10\/LeTreRadio-e-APPIA-Arredamont-2048x1536.jpeg 2048w\" sizes=\"auto, (max-width: 193px) 100vw, 193px\" \/><\/a>BELLUNO <\/strong>Inizia oggi una collaborazione di grande rilievo tra &#8220;Le Tre Radio&#8221; e APPIA CNA di Belluno, che si concretizzer\u00e0 in occasione di Arredamont, la rinomata Mostra Nazionale dell&#8217;Arredare in Montagna a Longarone Fiere Dolomiti fino al 3 novembre. Questa iniziativa rappresenta un passo significativo per il nostro gruppo radiofonico, impegnato da sempre nel supportare e valorizzare il territorio e il suo tessuto sociale.<\/p>\n<p><b>Un impegno quotidiano in diretta.<\/b><\/p>\n<p>Il nostro contributo si manifester\u00e0 attraverso trasmissioni quotidiane in diretta ogni mattina alle 10.00 su Radio Club 103 Dolomiti, Radio Pi\u00f9 Emittente agordina e Radio Primiero. Grazie alla collaborazione con APPIA CNA Belluno, avremo l&#8217;opportunit\u00e0 di promuovere l&#8217;importanza della comunicazione radiofonica realizzata in sinergia con enti pubblici e privati, mirata alla valorizzazione di tutte le attivit\u00e0 della provincia di Belluno. Siamo fieri di poter offrire il nostro sostegno, contribuendo con idee e progetti che rispecchiano il nostro impegno per lo sviluppo e la promozione della comunit\u00e0 locale.<\/p>\n<p>&nbsp;<\/p>\n<p>&nbsp;<\/p>\n<hr \/>\n<p>&nbsp;<\/p>\n<blockquote>\n<h3>INAUGURATA INFORM@ A SEDICO<\/h3>\n<\/blockquote>\n<p><strong><a class=\"dt-pswp-item\" href=\"https:\/\/www.radiopiu.net\/wordpress\/wp-content\/uploads\/2024\/10\/Inform@-2024_1.jpeg\" data-dt-img-description=\"\" data-large_image_width=\"2000\" data-large_image_height=\"924\"><img loading=\"lazy\" decoding=\"async\" class=\" wp-image-416541 alignleft\" src=\"https:\/\/www.radiopiu.net\/wordpress\/wp-content\/uploads\/2024\/10\/Inform@-2024_1-300x139.jpeg\" alt=\"\" width=\"214\" height=\"99\" srcset=\"https:\/\/www.radiopiu.net\/wordpress\/wp-content\/uploads\/2024\/10\/Inform@-2024_1-300x139.jpeg 300w, https:\/\/www.radiopiu.net\/wordpress\/wp-content\/uploads\/2024\/10\/Inform@-2024_1-1024x473.jpeg 1024w, https:\/\/www.radiopiu.net\/wordpress\/wp-content\/uploads\/2024\/10\/Inform@-2024_1-768x355.jpeg 768w, https:\/\/www.radiopiu.net\/wordpress\/wp-content\/uploads\/2024\/10\/Inform@-2024_1-1536x710.jpeg 1536w, https:\/\/www.radiopiu.net\/wordpress\/wp-content\/uploads\/2024\/10\/Inform@-2024_1.jpeg 2000w\" sizes=\"auto, (max-width: 214px) 100vw, 214px\" \/><\/a>SEDICO<\/strong> Il presidente della Provincia di Belluno, Roberto Padrin, ha inaugurato la fiera \u201cInform@\u201d a Sedico, un evento annuale che da 13 anni orienta i ragazzi delle scuole medie nella scelta delle scuole superiori. \u201cInform@\u201d offre un\u2019ampia panoramica sugli indirizzi di studio presenti nella provincia, dai licei agli istituti tecnici e professionali, permettendo agli studenti e alle loro famiglie di fare scelte pi\u00f9 consapevoli. La consigliera Vanessa De Francesch ha sottolineato l&#8217;importanza di valorizzare le aspirazioni dei giovani, orientandoli verso percorsi adatti ai loro talenti. La Provincia di Belluno \u00e8 impegnata nel miglioramento delle strutture scolastiche, con progetti PNRR per 40 milioni di euro e interventi di manutenzione annuale per garantire sicurezza e funzionalit\u00e0 delle scuole.<\/p>\n<p>&nbsp;<\/p>\n<p>&nbsp;<\/p>\n<hr \/>\n<p>&nbsp;<\/p>\n<blockquote>\n<h3>IL VENETO LEGGE ALLA SCUOLA SECONDARIA DI PRIMO GRADO DI SOSPIROLO<\/h3>\n<\/blockquote>\n<p><strong>SOSPIROLO<\/strong> Alla Scuola secondaria di primo grado di Sospirolo, l&#8217;Istituto comprensivo di Sedico-Sospirolo ha promosso la lettura tra gli studenti partecipando alla Maratona di lettura &#8220;Il Veneto legge&#8221;, con tema dedicato allo sport. In collaborazione con la biblioteca civica, la scuola ha voluto celebrare i valori dello sport in occasione dell&#8217;anno in cui il Veneto \u00e8 Regione Europea dello Sport. Gli studenti, guidati dalle insegnanti di lettere, hanno letto e approfondito il libro &#8220;Abbiamo toccato le stelle&#8221; di Riccardo Gazzaniga, esplorando temi come il coraggio, l&#8217;amicizia e la lotta contro le discriminazioni. Il progetto ha incluso un gioco a squadre sui personaggi sportivi e una sessione pratica in palestra, dove il docente di Scienze motorie ha sensibilizzato i ragazzi sullo sport paralimpico, facendoli cimentare in attivit\u00e0 che simulano la disabilit\u00e0.<\/p>\n\n\t\t\t<style type='text\/css'>\n\t\t\t\t#gallery-6 {\n\t\t\t\t\tmargin: auto;\n\t\t\t\t}\n\t\t\t\t#gallery-6 .gallery-item {\n\t\t\t\t\tfloat: left;\n\t\t\t\t\tmargin-top: 10px;\n\t\t\t\t\ttext-align: center;\n\t\t\t\t\twidth: 33%;\n\t\t\t\t}\n\t\t\t\t#gallery-6 img {\n\t\t\t\t\tborder: 2px solid #cfcfcf;\n\t\t\t\t}\n\t\t\t\t#gallery-6 .gallery-caption {\n\t\t\t\t\tmargin-left: 0;\n\t\t\t\t}\n\t\t\t\t\/* see gallery_shortcode() in wp-includes\/media.php *\/\n\t\t\t<\/style>\n\t\t<div id='gallery-6' class='dt-gallery-container gallery galleryid-416408 gallery-columns-3 gallery-size-thumbnail'><dl class='gallery-item'>\n\t\t\t\t<dt class='gallery-icon landscape'>\n\t\t\t\t\t<a class=\"rollover rollover-zoom dt-pswp-item\" title=\"Maratona di lettura Sospirolo_3\" data-dt-img-description=\"\" data-large_image_width=\"1092\" data-large_image_height=\"925\"href='https:\/\/www.radiopiu.net\/wordpress\/wp-content\/uploads\/2024\/10\/Maratona-di-lettura-Sospirolo_3.jpg'><img loading=\"lazy\" decoding=\"async\" width=\"150\" height=\"150\" src=\"https:\/\/www.radiopiu.net\/wordpress\/wp-content\/uploads\/2024\/10\/Maratona-di-lettura-Sospirolo_3-150x150.jpg\" class=\"attachment-thumbnail size-thumbnail\" alt=\"\" \/><\/a>\n\t\t\t\t<\/dt><\/dl><dl class='gallery-item'>\n\t\t\t\t<dt class='gallery-icon portrait'>\n\t\t\t\t\t<a class=\"rollover rollover-zoom dt-pswp-item\" title=\"Maratona di lettura Sospirolo_1\" data-dt-img-description=\"\" data-large_image_width=\"765\" data-large_image_height=\"784\"href='https:\/\/www.radiopiu.net\/wordpress\/wp-content\/uploads\/2024\/10\/Maratona-di-lettura-Sospirolo_1.jpg'><img loading=\"lazy\" decoding=\"async\" width=\"150\" height=\"150\" src=\"https:\/\/www.radiopiu.net\/wordpress\/wp-content\/uploads\/2024\/10\/Maratona-di-lettura-Sospirolo_1-150x150.jpg\" class=\"attachment-thumbnail size-thumbnail\" alt=\"\" \/><\/a>\n\t\t\t\t<\/dt><\/dl><dl class='gallery-item'>\n\t\t\t\t<dt class='gallery-icon portrait'>\n\t\t\t\t\t<a class=\"rollover rollover-zoom dt-pswp-item\" title=\"Maratona di lettura Sospirolo_2\" data-dt-img-description=\"\" data-large_image_width=\"445\" data-large_image_height=\"593\"href='https:\/\/www.radiopiu.net\/wordpress\/wp-content\/uploads\/2024\/10\/Maratona-di-lettura-Sospirolo_2.png'><img loading=\"lazy\" decoding=\"async\" width=\"150\" height=\"150\" src=\"https:\/\/www.radiopiu.net\/wordpress\/wp-content\/uploads\/2024\/10\/Maratona-di-lettura-Sospirolo_2-150x150.png\" class=\"attachment-thumbnail size-thumbnail\" alt=\"\" \/><\/a>\n\t\t\t\t<\/dt><\/dl><br style=\"clear: both\" \/>\n\t\t\t<\/div>\n\n<p>&nbsp;<\/p>\n<p>&nbsp;<\/p>\n<hr \/>\n<p>&nbsp;<\/p>\n<blockquote>\n<h3>EDUCAZIONE E NATURA: LABORATORI PER GENITORI E BAMBINI<\/h3>\n<\/blockquote>\n<p><strong><a class=\"dt-pswp-item\" href=\"https:\/\/www.radiopiu.net\/wordpress\/wp-content\/uploads\/2024\/10\/SCR-20241026-nnpx.png\" data-dt-img-description=\"\" data-large_image_width=\"660\" data-large_image_height=\"518\"><img loading=\"lazy\" decoding=\"async\" class=\" wp-image-416533 alignleft\" src=\"https:\/\/www.radiopiu.net\/wordpress\/wp-content\/uploads\/2024\/10\/SCR-20241026-nnpx-300x235.png\" alt=\"\" width=\"185\" height=\"145\" srcset=\"https:\/\/www.radiopiu.net\/wordpress\/wp-content\/uploads\/2024\/10\/SCR-20241026-nnpx-300x235.png 300w, https:\/\/www.radiopiu.net\/wordpress\/wp-content\/uploads\/2024\/10\/SCR-20241026-nnpx.png 660w\" sizes=\"auto, (max-width: 185px) 100vw, 185px\" \/><\/a>BELLUNO<\/strong> Il 21 settembre, il Caff\u00e8 Pedagogico ha organizzato l&#8217;evento &#8220;Io genitore: Esserci per Crescere&#8221; presso l&#8217;Azienda Natura Alpina a Salce. L&#8217;incontro ha riunito bambini da 7 mesi a 5 anni, accompagnati dai genitori, e un&#8217;\u00e9quipe di esperti nella cultura dell&#8217;infanzia e nella biodiversit\u00e0. I partecipanti hanno preso parte a laboratori educativi in un giardino di erbe officinali e frutteti, mirati a promuovere relazioni di qualit\u00e0 tra adulti e bambini. Fondato nel 2017, il Caff\u00e8 Pedagogico si impegna a diffondere la cultura dell&#8217;infanzia nel bellunese, offrendo incontri formativi e seminari. Tra le prossime iniziative, si segnala l&#8217;evento &#8220;Lasciami stare&#8221; il 27 ottobre, con un dialogo sull&#8217;educazione nella natura, e incontri tematici il 12 novembre, per favorire la condivisione tra operatori del settore. Per informazioni, \u00e8 disponibile il numero 347 8448856.<\/p>\n<p>&nbsp;<\/p>\n<p>&nbsp;<\/p>\n<hr \/>\n<p>&nbsp;<\/p>\n<blockquote>\n<h3>ABM CERCA MATERIALE PER ALTHEIA<\/h3>\n<\/blockquote>\n<p><strong><a class=\"dt-pswp-item\" href=\"https:\/\/www.radiopiu.net\/wordpress\/wp-content\/uploads\/2024\/10\/IMG-20241026-WA0010.jpg\" data-dt-img-description=\"\" data-large_image_width=\"1080\" data-large_image_height=\"400\"><img loading=\"lazy\" decoding=\"async\" class=\" wp-image-416545 alignleft\" src=\"https:\/\/www.radiopiu.net\/wordpress\/wp-content\/uploads\/2024\/10\/IMG-20241026-WA0010-300x111.jpg\" alt=\"\" width=\"227\" height=\"84\" srcset=\"https:\/\/www.radiopiu.net\/wordpress\/wp-content\/uploads\/2024\/10\/IMG-20241026-WA0010-300x111.jpg 300w, https:\/\/www.radiopiu.net\/wordpress\/wp-content\/uploads\/2024\/10\/IMG-20241026-WA0010-1024x379.jpg 1024w, https:\/\/www.radiopiu.net\/wordpress\/wp-content\/uploads\/2024\/10\/IMG-20241026-WA0010-768x284.jpg 768w, https:\/\/www.radiopiu.net\/wordpress\/wp-content\/uploads\/2024\/10\/IMG-20241026-WA0010.jpg 1080w\" sizes=\"auto, (max-width: 227px) 100vw, 227px\" \/><\/a>BELLUNO<\/strong> L\u2019Associazione Bellunesi nel Mondo, in collaborazione con il Centro studi sulle migrazioni \u201cAletheia,\u201d ha lanciato un appello per raccogliere foto e documenti legati alla storia dell\u2019emigrazione bellunese e veneta. L&#8217;iniziativa mira a espandere un archivio digitale esistente, preservando lettere, diari e immagini delle famiglie migranti. Il materiale raccolto sar\u00e0 digitalizzato e poi restituito ai proprietari, mentre la copia entrer\u00e0 nell&#8217;archivio, consultabile per studi e mostre. Il presidente Oscar De Bona ha sottolineato l\u2019importanza di questo progetto per mantenere viva la memoria collettiva. Chiunque abbia testimonianze pu\u00f2 contattare l\u2019Associazione al numero 0437 941160 o via e-mail a <a rel=\"noopener\">aletheia@bellunesinelmondo.it<\/a>.<\/p>\n<p>&nbsp;<\/p>\n<p>&nbsp;<\/p>\n<hr \/>\n<p>&nbsp;<\/p>\n<blockquote>\n<h3>BUROCRAZIA DA INCUBO: ALLE PMI VENETE COSTA 10 MILIARDI L\u2019ANNO<\/h3>\n<\/blockquote>\n<p class=\"p1\"><i><a class=\"dt-pswp-item\" href=\"https:\/\/www.radiopiu.net\/wordpress\/wp-content\/uploads\/2024\/10\/Schermata-2024-10-26-alle-09.37.11.png\" data-dt-img-description=\"\" data-large_image_width=\"1348\" data-large_image_height=\"1312\"><img loading=\"lazy\" decoding=\"async\" class=\"size-medium wp-image-416464 alignleft\" src=\"https:\/\/www.radiopiu.net\/wordpress\/wp-content\/uploads\/2024\/10\/Schermata-2024-10-26-alle-09.37.11-300x292.png\" alt=\"\" width=\"300\" height=\"292\" srcset=\"https:\/\/www.radiopiu.net\/wordpress\/wp-content\/uploads\/2024\/10\/Schermata-2024-10-26-alle-09.37.11-300x292.png 300w, https:\/\/www.radiopiu.net\/wordpress\/wp-content\/uploads\/2024\/10\/Schermata-2024-10-26-alle-09.37.11-1024x997.png 1024w, https:\/\/www.radiopiu.net\/wordpress\/wp-content\/uploads\/2024\/10\/Schermata-2024-10-26-alle-09.37.11-768x747.png 768w, https:\/\/www.radiopiu.net\/wordpress\/wp-content\/uploads\/2024\/10\/Schermata-2024-10-26-alle-09.37.11.png 1348w\" sizes=\"auto, (max-width: 300px) 100vw, 300px\" \/><\/a>A Treviso le Amministrazioni pubbliche pi\u00f9 virtuose. Seguono quelle di Venezia e Vicenza<\/i><\/p>\n<p>Nell\u2019offerta dei servizi pubblici digitali, la Pubblica Amministrazione (PA) italiana \u00e8 tra le peggiori d\u2019Europa; conseguentemente i tempi medi per il rilascio dei permessi e delle autorizzazioni sono tra i pi\u00f9 elevati.<br \/>\nIn Italia, comunque, la situazione non \u00e8 omogenea lungo tutto lo stivale. In Veneto, ad esempio, le istituzioni pubbliche sono tra le pi\u00f9 efficienti del Paese. L\u2019Institutional Quality Index (IQI) \u00e8 un indice che misura la qualit\u00e0 delle istituzioni pubbliche presenti in tutte le realt\u00e0 territoriali italiane. Lo stesso \u00e8 stato concepito nel 2014 dall\u2019Universit\u00e0 degli Studi di Napoli Federico II. Questo misuratore assume un valore che va da 0 a 1; a differenza di altri che si basano sulle percezioni dei cittadini, quello redatto dai docenti napoletani fa riferimento a dati oggettivi e considera i servizi pubblici, l\u2019attivit\u00e0 economica territoriale, la giustizia, la corruzione, il livello culturale e la partecipazione dei cittadini alla vita pubblica. Recentemente \u00e8 stato aggiornato al 2019. Il risultato che emerge dall\u2019applicazione di questo parametro ci consegna un Paese spaccato a met\u00e0; se i livelli di eccellenza pi\u00f9 elevati della nostra PA a livello territoriale si concentrano prevalentemente al Nord, quelli pi\u00f9 modesti, invece, si trovano al Sud. A guidare la classifica della qualit\u00e0 in Italia sono le PA presenti nella Provincia Autonoma di Trento. Seguono Trieste al 2\u00b0, Treviso al 3\u00b0 e Gorizia al 4\u00b0. Venezia si \u201cpiazza\u201d al 6\u00b0, Vicenza al 9\u00b0, Padova all\u201911\u00b0, Belluno al 21\u00b0, Verona al 28\u00b0 e Rovigo al 42\u00b0 posto (vedi Tab. 1). A segnalarlo \u00e8 l\u2019Ufficio studi della CGIA.<br \/>\nNonostante in Veneto la situazione sia molto diversa che nel resto del Paese, carte, timbri, moduli da compilare e attese agli sportelli sono comunque vissuti da tanti imprenditori come dei veri e propri incubi. Per tanti cittadini, invece, quando ci si deve interfacciare con la macchina pubblica spesso si scivola in un profondo stato di angoscia.<br \/>\nNon solo, con un miglioramento della qualit\u00e0 dei servizi pubblici che avanza a passo di lumaca, la cattiva abitudine della nostra PA di richiedere, in particolare alle imprese, dati e documenti che le amministrazioni gi\u00e0 possiedono \u00e8 diventata una prassi consolidata.<br \/>\nQuesti disservizi, purtroppo, hanno una ricaduta economica spaventosamente elevata. Elaborando alcuni dati pubblicati dall\u2019OCSE, alle Pmi venete &#8211; in particolare per la loro piccola dimensione e la grande vocazione all\u2019export &#8211; il costo annuo ascrivibile all\u2019espletamento delle procedure amministrative \u00e8 stimato in 10 miliardi di euro.<br \/>\n<a class=\"dt-pswp-item\" href=\"https:\/\/www.radiopiu.net\/wordpress\/wp-content\/uploads\/2024\/10\/Schermata-2024-10-26-alle-09.37.23.png\" data-dt-img-description=\"\" data-large_image_width=\"1348\" data-large_image_height=\"988\"><img loading=\"lazy\" decoding=\"async\" class=\"size-medium wp-image-416463 alignleft\" src=\"https:\/\/www.radiopiu.net\/wordpress\/wp-content\/uploads\/2024\/10\/Schermata-2024-10-26-alle-09.37.23-300x220.png\" alt=\"\" width=\"300\" height=\"220\" srcset=\"https:\/\/www.radiopiu.net\/wordpress\/wp-content\/uploads\/2024\/10\/Schermata-2024-10-26-alle-09.37.23-300x220.png 300w, https:\/\/www.radiopiu.net\/wordpress\/wp-content\/uploads\/2024\/10\/Schermata-2024-10-26-alle-09.37.23-1024x751.png 1024w, https:\/\/www.radiopiu.net\/wordpress\/wp-content\/uploads\/2024\/10\/Schermata-2024-10-26-alle-09.37.23-768x563.png 768w, https:\/\/www.radiopiu.net\/wordpress\/wp-content\/uploads\/2024\/10\/Schermata-2024-10-26-alle-09.37.23.png 1348w\" sizes=\"auto, (max-width: 300px) 100vw, 300px\" \/><\/a>Si pensi che la complessit\u00e0 nell\u2019adempiere alle procedure imposte dalla nostra PA \u00e8 un problema che in Italia \u00e8 sentito da ben 73 imprenditori su 100. Tra i 20 paesi dell\u2019Area dell\u2019Euro solo in Slovacchia (78), in Grecia (80) e in Francia (84) la percentuale degli intervistati che ha denunciato questo problema \u00e8 superiore al tasso riferito al nostro Paese. La media dell\u2019Eurozona \u00e8 pari a 57 (vedi Graf. 1).<br \/>\nIntendiamoci, anche l\u2019Italia e in particolar modo il Veneto possono contare su punte di eccellenza della macchina pubblica non riscontrabili nel resto d\u2019Europa, ma mediamente la nostra PA funziona con difficolt\u00e0 e in alcune aree del Paese costituisce un freno allo sviluppo. Si pensi che, in virt\u00f9 del Regional Competitiveness Index (RCI), con riferimento al sub-indice relativo al contesto internazionale, tra tutte le realt\u00e0 italiane la prima, la Provincia Autonoma di Trento, si posiziona al 158\u00b0 posto, su 234 territori UE monitorati in questa indagine.<\/p>\n<p><strong>Dove PA pi\u00f9 efficiente, territori pi\u00f9 produttivi<\/strong><br \/>\nSecondo uno studio dell\u2019OCSE, l\u2019inefficienza della nostra Pubblica Amministrazione ha delle ricadute negative sul livello di produttivit\u00e0 delle imprese private. In buona sostanza, dai calcoli dell\u2019Organizzazione ottenuti attraverso l\u2019incrocio della banca dati Orbis del Bureau van Dijk e dei dati di Open Civitas, emerge che la produttivit\u00e0 media del lavoro delle imprese \u00e8 pi\u00f9 elevata nelle zone (Nord Italia) dove l\u2019Amministrazione pubblica \u00e8 pi\u00f9 efficiente (sempre Nord Italia). Da questo punto di vista il Veneto \u00e8 la regione pi\u00f9 virtuosa. Diversamente, dove la giustizia funziona peggio, la sanit\u00e0 \u00e8 malconcia e le infrastrutture sono insufficienti (prevalentemente nel Sud Italia), anche le imprese private di quelle regioni perdono competitivit\u00e0 (vedi Fig.1).<\/p>\n<p><strong><a class=\"dt-pswp-item\" href=\"https:\/\/www.radiopiu.net\/wordpress\/wp-content\/uploads\/2024\/10\/Schermata-2024-10-26-alle-09.37.33.png\" data-dt-img-description=\"\" data-large_image_width=\"1348\" data-large_image_height=\"1234\"><img loading=\"lazy\" decoding=\"async\" class=\"size-medium wp-image-416462 alignleft\" src=\"https:\/\/www.radiopiu.net\/wordpress\/wp-content\/uploads\/2024\/10\/Schermata-2024-10-26-alle-09.37.33-300x275.png\" alt=\"\" width=\"300\" height=\"275\" srcset=\"https:\/\/www.radiopiu.net\/wordpress\/wp-content\/uploads\/2024\/10\/Schermata-2024-10-26-alle-09.37.33-300x275.png 300w, https:\/\/www.radiopiu.net\/wordpress\/wp-content\/uploads\/2024\/10\/Schermata-2024-10-26-alle-09.37.33-1024x937.png 1024w, https:\/\/www.radiopiu.net\/wordpress\/wp-content\/uploads\/2024\/10\/Schermata-2024-10-26-alle-09.37.33-768x703.png 768w, https:\/\/www.radiopiu.net\/wordpress\/wp-content\/uploads\/2024\/10\/Schermata-2024-10-26-alle-09.37.33.png 1348w\" sizes=\"auto, (max-width: 300px) 100vw, 300px\" \/><\/a>Come rendere pi\u00f9 competitivi gli uffici pubblici<\/strong><br \/>\nInnanzitutto, bisogna semplificare il quadro normativo. Cercare, ove \u00e8 possibile, di non sovrapporre pi\u00f9 livelli di governo diversi sullo stesso argomento e, in particolar modo, accelerare i tempi di risposta della Pubblica amministrazione. Con troppe leggi, decreti e regolamenti i primi penalizzati sono i funzionari pubblici che nell\u2019incertezza interpretativa si \u201cdifendono\u201d spostando nel tempo le decisioni. Nello specifico \u00e8 necessario:<br \/>\nmigliorare la qualit\u00e0 e ridurre il numero delle leggi, analizzando pi\u00f9 attentamente il loro impatto, soprattutto su micro e piccole imprese;<br \/>\nmonitorare con cadenza periodica gli effetti delle nuove misure per poter introdurre tempestivamente dei correttivi;<br \/>\nconsolidare l\u2019informatizzazione della Pubblica amministrazione, rendendo i siti pi\u00f9 accessibili e i contenuti pi\u00f9 fruibili;<br \/>\nfar dialogare tra di loro le banche dati pubbliche per evitare la duplicazione delle richieste;<br \/>\npermettere all\u2019utenza la compilazione esclusivamente per via telematica delle istanze;<br \/>\nprocedere e completare la standardizzazione della modulistica;<br \/>\naccrescere la professionalit\u00e0 dei dipendenti pubblici attraverso un\u2019adeguata e continua formazione.<\/p>\n<p>&nbsp;<\/p>\n<p>&nbsp;<\/p>\n<hr \/>\n<p>&nbsp;<\/p>\n<blockquote>\n<h3>OPEN DAY B-FIT AGORDO, 10 ANNI DI ATTIVITA&#8217; E NUOVA SALA<\/h3>\n<\/blockquote>\n<p><strong>AGORDO<\/strong> Alla Palestra B-Fit di Agordo \u00e8 il grande giorno dell&#8217;Open Day. Tutti potranno vistare la palestra di Valcozzena per festeggiare i 10 anni di attivit\u00e0 e scoprire la nuovissima sala con attrezzi.<\/p>\n<p><strong>LA DIRETTA RADIO PIU&#8217;<\/strong><\/p>\n<p><iframe loading=\"lazy\" title=\"Alla palestra B-Fit di Agordo per i 10 anni di attivit\u00e0\" width=\"1200\" height=\"675\" src=\"https:\/\/www.youtube.com\/embed\/SO7YIg1qKDc?feature=oembed\" frameborder=\"0\" allow=\"accelerometer; autoplay; clipboard-write; encrypted-media; gyroscope; picture-in-picture; web-share\" referrerpolicy=\"strict-origin-when-cross-origin\" allowfullscreen><\/iframe><\/p>\n<p>&nbsp;<\/p>\n<hr \/>\n<p>&nbsp;<\/p>\n<blockquote>\n<h3>IL VILLAGGIO DI NATALE DA DOLOMITI GARDEN<\/h3>\n<\/blockquote>\n<p><strong>BELLUNO<\/strong> Il Natale si avvicina ed \u00e8 ormai una tradizione che da Dolomiti Garden di Stefano Paris ci sia il Villaggio di Natale. Siamo andati a scoprire questo spazio dedicato alle festivit\u00e0 natalizie dove si pu\u00f2 trovare qualsiasi oggetto in vista del Natale.<\/p>\n<p><strong>LA DIRETTA RADIO PIU&#8217;<\/strong><\/p>\n<p><iframe loading=\"lazy\" style=\"border: none; overflow: hidden;\" src=\"https:\/\/www.facebook.com\/plugins\/video.php?height=314&amp;href=https%3A%2F%2Fwww.facebook.com%2Fradiopiu%2Fvideos%2F1090613442593771%2F&amp;show_text=false&amp;width=560&amp;t=0\" width=\"560\" height=\"314\" frameborder=\"0\" scrolling=\"no\" allowfullscreen=\"allowfullscreen\" data-mce-fragment=\"1\"><\/iframe><\/p>\n<p>&nbsp;<\/p>\n<p>&nbsp;<\/p>\n<hr \/>\n<p>&nbsp;<\/p>\n<blockquote>\n<h3>IN SALA DON TAMIS DI AGORDO GLI OPERAZIONE NOSTALGIA IN CONCERTO<\/h3>\n<\/blockquote>\n<p><strong>DI MARINA DONA&#8217;<\/strong><\/p>\n<p><strong>AGORDO<\/strong> Un sabato sera di musica e beneficenza ad Agordo in sala Don Tamis, un viaggio musicale negli anni &#8217;60 e &#8217;70 con gli &#8220;Operazione nostalgia&#8221;: Serata ad entrata libera con offerta a favore dell&#8217;associazione Pettirosso Agordino, che si occupa di assistenza in varie forme per i malati di cancro. Karin Serafini al basso e voce, Ezio De Zaiacomo alle tastiere Graziano Sirena voce e percussioni, Elisa Forcellini alla voce, Cosmo Forcella alla batteria e voce ed infine Loris Scussel alla chitarra e voce, hanno regalato ad una grande platea, emozioni tra le note di grandi successi del passato.<\/p>\n\n\t\t\t<style type='text\/css'>\n\t\t\t\t#gallery-7 {\n\t\t\t\t\tmargin: auto;\n\t\t\t\t}\n\t\t\t\t#gallery-7 .gallery-item {\n\t\t\t\t\tfloat: left;\n\t\t\t\t\tmargin-top: 10px;\n\t\t\t\t\ttext-align: center;\n\t\t\t\t\twidth: 25%;\n\t\t\t\t}\n\t\t\t\t#gallery-7 img {\n\t\t\t\t\tborder: 2px solid #cfcfcf;\n\t\t\t\t}\n\t\t\t\t#gallery-7 .gallery-caption {\n\t\t\t\t\tmargin-left: 0;\n\t\t\t\t}\n\t\t\t\t\/* see gallery_shortcode() in wp-includes\/media.php *\/\n\t\t\t<\/style>\n\t\t<div id='gallery-7' class='dt-gallery-container gallery galleryid-416408 gallery-columns-4 gallery-size-thumbnail'><dl class='gallery-item'>\n\t\t\t\t<dt class='gallery-icon landscape'>\n\t\t\t\t\t<a class=\"rollover rollover-zoom dt-pswp-item\" title=\"402df0a1-e199-4e50-a084-2b687149ceb4\" data-dt-img-description=\"\" data-large_image_width=\"2048\" data-large_image_height=\"1536\"href='https:\/\/www.radiopiu.net\/wordpress\/wp-content\/uploads\/2024\/10\/402df0a1-e199-4e50-a084-2b687149ceb4.jpg'><img loading=\"lazy\" decoding=\"async\" width=\"150\" height=\"150\" src=\"https:\/\/www.radiopiu.net\/wordpress\/wp-content\/uploads\/2024\/10\/402df0a1-e199-4e50-a084-2b687149ceb4-150x150.jpg\" class=\"attachment-thumbnail size-thumbnail\" alt=\"\" \/><\/a>\n\t\t\t\t<\/dt><\/dl><dl class='gallery-item'>\n\t\t\t\t<dt class='gallery-icon landscape'>\n\t\t\t\t\t<a class=\"rollover rollover-zoom dt-pswp-item\" title=\"1a3ff7ad-b107-4827-aa8c-ad531488418e\" data-dt-img-description=\"\" data-large_image_width=\"2048\" data-large_image_height=\"1536\"href='https:\/\/www.radiopiu.net\/wordpress\/wp-content\/uploads\/2024\/10\/1a3ff7ad-b107-4827-aa8c-ad531488418e.jpg'><img loading=\"lazy\" decoding=\"async\" width=\"150\" height=\"150\" src=\"https:\/\/www.radiopiu.net\/wordpress\/wp-content\/uploads\/2024\/10\/1a3ff7ad-b107-4827-aa8c-ad531488418e-150x150.jpg\" class=\"attachment-thumbnail size-thumbnail\" alt=\"\" \/><\/a>\n\t\t\t\t<\/dt><\/dl><dl class='gallery-item'>\n\t\t\t\t<dt class='gallery-icon landscape'>\n\t\t\t\t\t<a class=\"rollover rollover-zoom dt-pswp-item\" title=\"51d5f665-be45-435b-8570-80af427ee5ef\" data-dt-img-description=\"\" data-large_image_width=\"2048\" data-large_image_height=\"1536\"href='https:\/\/www.radiopiu.net\/wordpress\/wp-content\/uploads\/2024\/10\/51d5f665-be45-435b-8570-80af427ee5ef.jpg'><img loading=\"lazy\" decoding=\"async\" width=\"150\" height=\"150\" src=\"https:\/\/www.radiopiu.net\/wordpress\/wp-content\/uploads\/2024\/10\/51d5f665-be45-435b-8570-80af427ee5ef-150x150.jpg\" class=\"attachment-thumbnail size-thumbnail\" alt=\"\" \/><\/a>\n\t\t\t\t<\/dt><\/dl><dl class='gallery-item'>\n\t\t\t\t<dt class='gallery-icon landscape'>\n\t\t\t\t\t<a class=\"rollover rollover-zoom dt-pswp-item\" title=\"20702d2e-07aa-4f4d-b008-1e04bb0a2604\" data-dt-img-description=\"\" data-large_image_width=\"2048\" data-large_image_height=\"1536\"href='https:\/\/www.radiopiu.net\/wordpress\/wp-content\/uploads\/2024\/10\/20702d2e-07aa-4f4d-b008-1e04bb0a2604.jpg'><img loading=\"lazy\" decoding=\"async\" width=\"150\" height=\"150\" src=\"https:\/\/www.radiopiu.net\/wordpress\/wp-content\/uploads\/2024\/10\/20702d2e-07aa-4f4d-b008-1e04bb0a2604-150x150.jpg\" class=\"attachment-thumbnail size-thumbnail\" alt=\"\" \/><\/a>\n\t\t\t\t<\/dt><\/dl><br style=\"clear: both\" \/><dl class='gallery-item'>\n\t\t\t\t<dt class='gallery-icon landscape'>\n\t\t\t\t\t<a class=\"rollover rollover-zoom dt-pswp-item\" title=\"4c72a2b0-7e7a-4367-855b-f2d20dbb0146\" data-dt-img-description=\"\" data-large_image_width=\"2048\" data-large_image_height=\"1536\"href='https:\/\/www.radiopiu.net\/wordpress\/wp-content\/uploads\/2024\/10\/4c72a2b0-7e7a-4367-855b-f2d20dbb0146.jpg'><img loading=\"lazy\" decoding=\"async\" width=\"150\" height=\"150\" src=\"https:\/\/www.radiopiu.net\/wordpress\/wp-content\/uploads\/2024\/10\/4c72a2b0-7e7a-4367-855b-f2d20dbb0146-150x150.jpg\" class=\"attachment-thumbnail size-thumbnail\" alt=\"\" \/><\/a>\n\t\t\t\t<\/dt><\/dl><dl class='gallery-item'>\n\t\t\t\t<dt class='gallery-icon landscape'>\n\t\t\t\t\t<a class=\"rollover rollover-zoom dt-pswp-item\" title=\"0a156879-2c0e-48f6-bac2-f0efc52e0d57\" data-dt-img-description=\"\" data-large_image_width=\"2048\" data-large_image_height=\"1536\"href='https:\/\/www.radiopiu.net\/wordpress\/wp-content\/uploads\/2024\/10\/0a156879-2c0e-48f6-bac2-f0efc52e0d57.jpg'><img loading=\"lazy\" decoding=\"async\" width=\"150\" height=\"150\" src=\"https:\/\/www.radiopiu.net\/wordpress\/wp-content\/uploads\/2024\/10\/0a156879-2c0e-48f6-bac2-f0efc52e0d57-150x150.jpg\" class=\"attachment-thumbnail size-thumbnail\" alt=\"\" \/><\/a>\n\t\t\t\t<\/dt><\/dl><dl class='gallery-item'>\n\t\t\t\t<dt class='gallery-icon landscape'>\n\t\t\t\t\t<a class=\"rollover rollover-zoom dt-pswp-item\" title=\"ac9be936-eda7-4ffc-8c37-aad2fbcf84cd\" data-dt-img-description=\"\" data-large_image_width=\"2048\" data-large_image_height=\"1536\"href='https:\/\/www.radiopiu.net\/wordpress\/wp-content\/uploads\/2024\/10\/ac9be936-eda7-4ffc-8c37-aad2fbcf84cd.jpg'><img loading=\"lazy\" decoding=\"async\" width=\"150\" height=\"150\" src=\"https:\/\/www.radiopiu.net\/wordpress\/wp-content\/uploads\/2024\/10\/ac9be936-eda7-4ffc-8c37-aad2fbcf84cd-150x150.jpg\" class=\"attachment-thumbnail size-thumbnail\" alt=\"\" \/><\/a>\n\t\t\t\t<\/dt><\/dl><dl class='gallery-item'>\n\t\t\t\t<dt class='gallery-icon landscape'>\n\t\t\t\t\t<a class=\"rollover rollover-zoom dt-pswp-item\" title=\"2f49b0b6-93d5-44a5-a836-2f62ab8efb9f\" data-dt-img-description=\"\" data-large_image_width=\"2048\" data-large_image_height=\"1536\"href='https:\/\/www.radiopiu.net\/wordpress\/wp-content\/uploads\/2024\/10\/2f49b0b6-93d5-44a5-a836-2f62ab8efb9f.jpg'><img loading=\"lazy\" decoding=\"async\" width=\"150\" height=\"150\" src=\"https:\/\/www.radiopiu.net\/wordpress\/wp-content\/uploads\/2024\/10\/2f49b0b6-93d5-44a5-a836-2f62ab8efb9f-150x150.jpg\" class=\"attachment-thumbnail size-thumbnail\" alt=\"\" \/><\/a>\n\t\t\t\t<\/dt><\/dl><br style=\"clear: both\" \/>\n\t\t\t<\/div>\n\n<p>&nbsp;<\/p>\n\n\t\t\t<style type='text\/css'>\n\t\t\t\t#gallery-8 {\n\t\t\t\t\tmargin: auto;\n\t\t\t\t}\n\t\t\t\t#gallery-8 .gallery-item {\n\t\t\t\t\tfloat: left;\n\t\t\t\t\tmargin-top: 10px;\n\t\t\t\t\ttext-align: center;\n\t\t\t\t\twidth: 25%;\n\t\t\t\t}\n\t\t\t\t#gallery-8 img {\n\t\t\t\t\tborder: 2px solid #cfcfcf;\n\t\t\t\t}\n\t\t\t\t#gallery-8 .gallery-caption {\n\t\t\t\t\tmargin-left: 0;\n\t\t\t\t}\n\t\t\t\t\/* see gallery_shortcode() in wp-includes\/media.php *\/\n\t\t\t<\/style>\n\t\t<div id='gallery-8' class='dt-gallery-container gallery galleryid-416408 gallery-columns-4 gallery-size-thumbnail'><dl class='gallery-item'>\n\t\t\t\t<dt class='gallery-icon landscape'>\n\t\t\t\t\t<a class=\"rollover rollover-zoom dt-pswp-item\" title=\"402df0a1-e199-4e50-a084-2b687149ceb4\" data-dt-img-description=\"\" data-large_image_width=\"2048\" data-large_image_height=\"1536\"href='https:\/\/www.radiopiu.net\/wordpress\/wp-content\/uploads\/2024\/10\/402df0a1-e199-4e50-a084-2b687149ceb4.jpg'><img loading=\"lazy\" decoding=\"async\" width=\"150\" height=\"150\" src=\"https:\/\/www.radiopiu.net\/wordpress\/wp-content\/uploads\/2024\/10\/402df0a1-e199-4e50-a084-2b687149ceb4-150x150.jpg\" class=\"attachment-thumbnail size-thumbnail\" alt=\"\" \/><\/a>\n\t\t\t\t<\/dt><\/dl><dl class='gallery-item'>\n\t\t\t\t<dt class='gallery-icon landscape'>\n\t\t\t\t\t<a class=\"rollover rollover-zoom dt-pswp-item\" title=\"1a3ff7ad-b107-4827-aa8c-ad531488418e\" data-dt-img-description=\"\" data-large_image_width=\"2048\" data-large_image_height=\"1536\"href='https:\/\/www.radiopiu.net\/wordpress\/wp-content\/uploads\/2024\/10\/1a3ff7ad-b107-4827-aa8c-ad531488418e.jpg'><img loading=\"lazy\" decoding=\"async\" width=\"150\" height=\"150\" src=\"https:\/\/www.radiopiu.net\/wordpress\/wp-content\/uploads\/2024\/10\/1a3ff7ad-b107-4827-aa8c-ad531488418e-150x150.jpg\" class=\"attachment-thumbnail size-thumbnail\" alt=\"\" \/><\/a>\n\t\t\t\t<\/dt><\/dl><dl class='gallery-item'>\n\t\t\t\t<dt class='gallery-icon landscape'>\n\t\t\t\t\t<a class=\"rollover rollover-zoom dt-pswp-item\" title=\"51d5f665-be45-435b-8570-80af427ee5ef\" data-dt-img-description=\"\" data-large_image_width=\"2048\" data-large_image_height=\"1536\"href='https:\/\/www.radiopiu.net\/wordpress\/wp-content\/uploads\/2024\/10\/51d5f665-be45-435b-8570-80af427ee5ef.jpg'><img loading=\"lazy\" decoding=\"async\" width=\"150\" height=\"150\" src=\"https:\/\/www.radiopiu.net\/wordpress\/wp-content\/uploads\/2024\/10\/51d5f665-be45-435b-8570-80af427ee5ef-150x150.jpg\" class=\"attachment-thumbnail size-thumbnail\" alt=\"\" \/><\/a>\n\t\t\t\t<\/dt><\/dl><dl class='gallery-item'>\n\t\t\t\t<dt class='gallery-icon landscape'>\n\t\t\t\t\t<a class=\"rollover rollover-zoom dt-pswp-item\" title=\"20702d2e-07aa-4f4d-b008-1e04bb0a2604\" data-dt-img-description=\"\" data-large_image_width=\"2048\" data-large_image_height=\"1536\"href='https:\/\/www.radiopiu.net\/wordpress\/wp-content\/uploads\/2024\/10\/20702d2e-07aa-4f4d-b008-1e04bb0a2604.jpg'><img loading=\"lazy\" decoding=\"async\" width=\"150\" height=\"150\" src=\"https:\/\/www.radiopiu.net\/wordpress\/wp-content\/uploads\/2024\/10\/20702d2e-07aa-4f4d-b008-1e04bb0a2604-150x150.jpg\" class=\"attachment-thumbnail size-thumbnail\" alt=\"\" \/><\/a>\n\t\t\t\t<\/dt><\/dl><br style=\"clear: both\" \/><dl class='gallery-item'>\n\t\t\t\t<dt class='gallery-icon landscape'>\n\t\t\t\t\t<a class=\"rollover rollover-zoom dt-pswp-item\" title=\"4c72a2b0-7e7a-4367-855b-f2d20dbb0146\" data-dt-img-description=\"\" data-large_image_width=\"2048\" data-large_image_height=\"1536\"href='https:\/\/www.radiopiu.net\/wordpress\/wp-content\/uploads\/2024\/10\/4c72a2b0-7e7a-4367-855b-f2d20dbb0146.jpg'><img loading=\"lazy\" decoding=\"async\" width=\"150\" height=\"150\" src=\"https:\/\/www.radiopiu.net\/wordpress\/wp-content\/uploads\/2024\/10\/4c72a2b0-7e7a-4367-855b-f2d20dbb0146-150x150.jpg\" class=\"attachment-thumbnail size-thumbnail\" alt=\"\" \/><\/a>\n\t\t\t\t<\/dt><\/dl><dl class='gallery-item'>\n\t\t\t\t<dt class='gallery-icon landscape'>\n\t\t\t\t\t<a class=\"rollover rollover-zoom dt-pswp-item\" title=\"0a156879-2c0e-48f6-bac2-f0efc52e0d57\" data-dt-img-description=\"\" data-large_image_width=\"2048\" data-large_image_height=\"1536\"href='https:\/\/www.radiopiu.net\/wordpress\/wp-content\/uploads\/2024\/10\/0a156879-2c0e-48f6-bac2-f0efc52e0d57.jpg'><img loading=\"lazy\" decoding=\"async\" width=\"150\" height=\"150\" src=\"https:\/\/www.radiopiu.net\/wordpress\/wp-content\/uploads\/2024\/10\/0a156879-2c0e-48f6-bac2-f0efc52e0d57-150x150.jpg\" class=\"attachment-thumbnail size-thumbnail\" alt=\"\" \/><\/a>\n\t\t\t\t<\/dt><\/dl><dl class='gallery-item'>\n\t\t\t\t<dt class='gallery-icon landscape'>\n\t\t\t\t\t<a class=\"rollover rollover-zoom dt-pswp-item\" title=\"ac9be936-eda7-4ffc-8c37-aad2fbcf84cd\" data-dt-img-description=\"\" data-large_image_width=\"2048\" data-large_image_height=\"1536\"href='https:\/\/www.radiopiu.net\/wordpress\/wp-content\/uploads\/2024\/10\/ac9be936-eda7-4ffc-8c37-aad2fbcf84cd.jpg'><img loading=\"lazy\" decoding=\"async\" width=\"150\" height=\"150\" src=\"https:\/\/www.radiopiu.net\/wordpress\/wp-content\/uploads\/2024\/10\/ac9be936-eda7-4ffc-8c37-aad2fbcf84cd-150x150.jpg\" class=\"attachment-thumbnail size-thumbnail\" alt=\"\" \/><\/a>\n\t\t\t\t<\/dt><\/dl><dl class='gallery-item'>\n\t\t\t\t<dt class='gallery-icon landscape'>\n\t\t\t\t\t<a class=\"rollover rollover-zoom dt-pswp-item\" title=\"2f49b0b6-93d5-44a5-a836-2f62ab8efb9f\" data-dt-img-description=\"\" data-large_image_width=\"2048\" data-large_image_height=\"1536\"href='https:\/\/www.radiopiu.net\/wordpress\/wp-content\/uploads\/2024\/10\/2f49b0b6-93d5-44a5-a836-2f62ab8efb9f.jpg'><img loading=\"lazy\" decoding=\"async\" width=\"150\" height=\"150\" src=\"https:\/\/www.radiopiu.net\/wordpress\/wp-content\/uploads\/2024\/10\/2f49b0b6-93d5-44a5-a836-2f62ab8efb9f-150x150.jpg\" class=\"attachment-thumbnail size-thumbnail\" alt=\"\" \/><\/a>\n\t\t\t\t<\/dt><\/dl><br style=\"clear: both\" \/>\n\t\t\t<\/div>\n\n<p>&nbsp;<\/p>\n<p><iframe loading=\"lazy\" title=\"OPERAZIONE NOSTALGIA SALA DON TAMIS\" width=\"1200\" height=\"675\" src=\"https:\/\/www.youtube.com\/embed\/pAb8aTGfYBU?feature=oembed\" frameborder=\"0\" allow=\"accelerometer; autoplay; clipboard-write; encrypted-media; gyroscope; picture-in-picture; web-share\" referrerpolicy=\"strict-origin-when-cross-origin\" allowfullscreen><\/iframe><\/p>\n<p>&nbsp;<\/p>\n<hr \/>\n<p>&nbsp;<\/p>\n<p>&nbsp;<\/p>\n<p><a class=\"dt-pswp-item\" href=\"https:\/\/www.radiopiu.net\/wordpress\/wp-content\/uploads\/2024\/10\/6e9c36c7-16bd-4788-8306-de605e8a11ad.jpg\" data-dt-img-description=\"\" data-large_image_width=\"1131\" data-large_image_height=\"1600\"><img loading=\"lazy\" decoding=\"async\" class=\"size-medium wp-image-416743 aligncenter\" src=\"https:\/\/www.radiopiu.net\/wordpress\/wp-content\/uploads\/2024\/10\/6e9c36c7-16bd-4788-8306-de605e8a11ad-212x300.jpg\" alt=\"\" width=\"212\" height=\"300\" srcset=\"https:\/\/www.radiopiu.net\/wordpress\/wp-content\/uploads\/2024\/10\/6e9c36c7-16bd-4788-8306-de605e8a11ad-212x300.jpg 212w, https:\/\/www.radiopiu.net\/wordpress\/wp-content\/uploads\/2024\/10\/6e9c36c7-16bd-4788-8306-de605e8a11ad-724x1024.jpg 724w, https:\/\/www.radiopiu.net\/wordpress\/wp-content\/uploads\/2024\/10\/6e9c36c7-16bd-4788-8306-de605e8a11ad-768x1086.jpg 768w, https:\/\/www.radiopiu.net\/wordpress\/wp-content\/uploads\/2024\/10\/6e9c36c7-16bd-4788-8306-de605e8a11ad-1086x1536.jpg 1086w, https:\/\/www.radiopiu.net\/wordpress\/wp-content\/uploads\/2024\/10\/6e9c36c7-16bd-4788-8306-de605e8a11ad.jpg 1131w\" sizes=\"auto, (max-width: 212px) 100vw, 212px\" \/><\/a><\/p>\n<p>&nbsp;<\/p>\n<p>&nbsp;<\/p>\n<hr \/>\n<blockquote>\n<h3><\/h3>\n<h3>DUE ATTI UNICI AL NOF FILO&#8217; DI CENCENIGHE<\/h3>\n<\/blockquote>\n<p><strong><a class=\"dt-pswp-item\" href=\"https:\/\/www.radiopiu.net\/wordpress\/wp-content\/uploads\/2024\/10\/SCR-20241027-sihw.png\" data-dt-img-description=\"\" data-large_image_width=\"1330\" data-large_image_height=\"688\"><img loading=\"lazy\" decoding=\"async\" class=\" wp-image-416679 alignleft\" src=\"https:\/\/www.radiopiu.net\/wordpress\/wp-content\/uploads\/2024\/10\/SCR-20241027-sihw-300x155.png\" alt=\"\" width=\"182\" height=\"94\" srcset=\"https:\/\/www.radiopiu.net\/wordpress\/wp-content\/uploads\/2024\/10\/SCR-20241027-sihw-300x155.png 300w, https:\/\/www.radiopiu.net\/wordpress\/wp-content\/uploads\/2024\/10\/SCR-20241027-sihw-1024x530.png 1024w, https:\/\/www.radiopiu.net\/wordpress\/wp-content\/uploads\/2024\/10\/SCR-20241027-sihw-768x397.png 768w, https:\/\/www.radiopiu.net\/wordpress\/wp-content\/uploads\/2024\/10\/SCR-20241027-sihw.png 1330w\" sizes=\"auto, (max-width: 182px) 100vw, 182px\" \/><\/a>CENCENIGHE<\/strong><\/p>\n<p>DI LUISA MANFROI<\/p>\n<audio class=\"wp-audio-shortcode\" id=\"audio-416408-13\" preload=\"none\" style=\"width: 100%;\" controls=\"controls\"><source type=\"audio\/mpeg\" src=\"https:\/\/www.radiopiu.net\/wordpress\/wp-content\/uploads\/2024\/10\/LUISA-MANFROI-TEATRO-A-CENCENIGHE-SCADENZA-2-NOVEMBRE.mp3?_=13\" \/><a href=\"https:\/\/www.radiopiu.net\/wordpress\/wp-content\/uploads\/2024\/10\/LUISA-MANFROI-TEATRO-A-CENCENIGHE-SCADENZA-2-NOVEMBRE.mp3\">https:\/\/www.radiopiu.net\/wordpress\/wp-content\/uploads\/2024\/10\/LUISA-MANFROI-TEATRO-A-CENCENIGHE-SCADENZA-2-NOVEMBRE.mp3<\/a><\/audio>\n<p>&nbsp;<\/p>\n<hr \/>\n<p>&nbsp;<\/p>\n<blockquote>\n<h3>RACCONTARE L&#8217;EMIGRAZIONE VENETA CON L&#8217;ABM<\/h3>\n<\/blockquote>\n<p><strong><a class=\"dt-pswp-item\" href=\"https:\/\/www.radiopiu.net\/wordpress\/wp-content\/uploads\/2023\/11\/cartolina_promo_concorso_emi_abm.jpeg\" data-dt-img-description=\"\" data-large_image_width=\"886\" data-large_image_height=\"591\"><img loading=\"lazy\" decoding=\"async\" class=\" wp-image-362629 alignleft\" src=\"https:\/\/www.radiopiu.net\/wordpress\/wp-content\/uploads\/2023\/11\/cartolina_promo_concorso_emi_abm-300x200.jpeg\" alt=\"\" width=\"153\" height=\"102\" srcset=\"https:\/\/www.radiopiu.net\/wordpress\/wp-content\/uploads\/2023\/11\/cartolina_promo_concorso_emi_abm-300x200.jpeg 300w, https:\/\/www.radiopiu.net\/wordpress\/wp-content\/uploads\/2023\/11\/cartolina_promo_concorso_emi_abm-768x512.jpeg 768w, https:\/\/www.radiopiu.net\/wordpress\/wp-content\/uploads\/2023\/11\/cartolina_promo_concorso_emi_abm.jpeg 886w\" sizes=\"auto, (max-width: 153px) 100vw, 153px\" \/><\/a>BELLUNO<\/strong> La terza edizione del concorso letterario &#8220;Raccontare l\u2019emigrazione veneta&#8221;, organizzato dall&#8217;Associazione Bellunesi nel Mondo, \u00e8 aperta fino a luned\u00ec 4 novembre 2024. Il concorso invita aspiranti scrittori a inviare racconti inediti e originali, realistici o di fantasia, incentrati sull&#8217;esperienza dell&#8217;emigrazione veneta. La partecipazione \u00e8 gratuita e riservata a chi ha compiuto almeno 16 anni. Ogni autore pu\u00f2 presentare un solo racconto (10.000-25.000 battute). Una giuria selezioner\u00e0 i finalisti e i primi tre classificati riceveranno premi in denaro, con la pubblicazione dei racconti finalisti. La premiazione si terr\u00e0 il 14 dicembre a Belluno.<\/p>\n<p>&nbsp;<\/p>\n<p>&nbsp;<\/p>\n<hr \/>\n<p>&nbsp;<\/p>\n<blockquote>\n<h1>Servizio Assistenza Domiciliare Infermieristica (ADI) di Agordo: nuova sede<\/h1>\n<\/blockquote>\n<p><strong><img loading=\"lazy\" decoding=\"async\" class=\"alignleft\" src=\"https:\/\/www.radiopiu.net\/wordpress\/wp-content\/uploads\/2024\/10\/Senza-nome-113.png\" width=\"302\" height=\"199\" \/>AGORDO <\/strong>A partire da oggi il servizio di Assistenza Domiciliare Infermieristica (ADI) del distretto di Agordo sar\u00e0 trasferito nella nuova sede al primo piano del blocco F dell\u2019Ospedale di Agordo &#8211; ex Palazzina Anziani Inabili (entrata fronte portineria).<\/p>\n<p>Nulla cambia per gli utenti che potranno contattare il servizio di Assistenza Domiciliare Infermieristica chiamando il numero <strong>0437 645325<\/strong>, con accesso previo contatto telefonico nella fascia oraria dalle 8.30 alle 15.30.<\/p>\n<p>&nbsp;<\/p>\n<p>&nbsp;<\/p>\n<hr \/>\n<p>&nbsp;<\/p>\n<blockquote>\n<h3>Gioco d\u2019azzardo: da Agordo le iniziative della Ulss Dolomiti<\/h3>\n<\/blockquote>\n<div class=\"flex max-w-full flex-col flex-grow\">\n<div class=\"min-h-8 text-message flex w-full flex-col items-end gap-2 whitespace-normal break-words [.text-message+&amp;]:mt-5\" dir=\"auto\" data-message-author-role=\"assistant\" data-message-id=\"77597db1-bd95-40e9-8a97-b421eeaa3938\" data-message-model-slug=\"gpt-4o\">\n<div class=\"flex w-full flex-col gap-1 empty:hidden first:pt-[3px]\">\n<div class=\"markdown prose w-full break-words dark:prose-invert dark\">\n<div class=\"flex max-w-full flex-col flex-grow\">\n<div class=\"min-h-8 text-message flex w-full flex-col items-end gap-2 whitespace-normal break-words [.text-message+&amp;]:mt-5\" dir=\"auto\" data-message-author-role=\"assistant\" data-message-id=\"77597db1-bd95-40e9-8a97-b421eeaa3938\" data-message-model-slug=\"gpt-4o\">\n<div class=\"flex w-full flex-col gap-1 empty:hidden first:pt-[3px]\">\n<div class=\"markdown prose w-full break-words dark:prose-invert dark\">\n<p><strong><img loading=\"lazy\" decoding=\"async\" class=\"alignleft\" src=\"https:\/\/www.radiopiu.net\/wordpress\/wp-content\/uploads\/2021\/11\/game-hell-439523__340.webp\" width=\"181\" height=\"136\" \/>AGORDO<\/strong> Nell\u2019ambito del Progetto Aziendale per il contrasto al Gioco d&#8217;Azzardo, il Dipartimento per le Dipendenze dell&#8217;Ulss Dolomiti, in collaborazione con enti locali e associazioni, avvia una serie di incontri di sensibilizzazione. Il primo appuntamento, intitolato &#8220;Il nostro denaro: l&#8217;azzardo, un gioco a perdere!&#8221;, si terr\u00e0 oggi alle 20.00 ad Agordo, presso la sala don Tamis. Successivamente, il format sar\u00e0 riproposto in Cadore, Alpago e nel feltrino. L\u2019obiettivo \u00e8 sensibilizzare la popolazione, coinvolgendo persone affette da problematiche legate al gioco e i loro familiari, partendo dalle difficolt\u00e0 nella gestione del denaro, spesso segnale di dipendenza. Le associazioni locali sono attivamente coinvolte nell\u2019organizzazione delle serate<\/p>\n<\/div>\n<\/div>\n<\/div>\n<\/div>\n<div class=\"flex-shrink-0 flex flex-col relative items-end\">\n<div class=\"pt-0\">\n<div class=\"gizmo-bot-avatar flex h-8 w-8 items-center justify-center overflow-hidden rounded-full\">\n<div class=\"relative p-1 rounded-sm flex items-center justify-center bg-token-main-surface-primary text-token-text-primary h-8 w-8\">\n<p>&nbsp;<\/p>\n<h2><\/h2>\n<\/div>\n<\/div>\n<\/div>\n<\/div>\n<\/div>\n<\/div>\n<\/div>\n<\/div>\n<hr \/>\n<p>&nbsp;<\/p>\n<blockquote>\n<h3>Giornata Nazionale della Mediazione Familiare: Incontro Informativo a Belluno<\/h3>\n<\/blockquote>\n<p><strong><a class=\"dt-pswp-item\" href=\"https:\/\/www.radiopiu.net\/wordpress\/wp-content\/uploads\/2021\/03\/ULSS-1.jpg\" data-dt-img-description=\"\" data-large_image_width=\"776\" data-large_image_height=\"408\"><img loading=\"lazy\" decoding=\"async\" class=\" wp-image-198838 alignleft\" src=\"https:\/\/www.radiopiu.net\/wordpress\/wp-content\/uploads\/2021\/03\/ULSS-1-300x158.jpg\" alt=\"\" width=\"256\" height=\"135\" srcset=\"https:\/\/www.radiopiu.net\/wordpress\/wp-content\/uploads\/2021\/03\/ULSS-1-300x158.jpg 300w, https:\/\/www.radiopiu.net\/wordpress\/wp-content\/uploads\/2021\/03\/ULSS-1-768x404.jpg 768w, https:\/\/www.radiopiu.net\/wordpress\/wp-content\/uploads\/2021\/03\/ULSS-1.jpg 776w\" sizes=\"auto, (max-width: 256px) 100vw, 256px\" \/><\/a>BELLUNO<\/strong> Mercoled\u00ec 30 ottobre 2024, dalle 13.45 alle 18.30, si svolger\u00e0 un incontro di sensibilizzazione sulla Mediazione Familiare, promosso dal Tavolo Interistituzionale Mediazione Familiare. L\u2019evento, intitolato &#8220;La mediazione Familiare nel nuovo processo &#8211; L&#8217;intervento con le coppie ad alta conflittualit\u00e0&#8221;, si terr\u00e0 presso la Sala Riunioni dell\u2019Ospedale San Martino di Belluno. Destinato a professionisti, avvocati e cittadini, l&#8217;incontro vedr\u00e0 la partecipazione di esperti del settore, tra cui Maria Costanza Marzotto Caotorta, Liala Bon e Umberto Giacomelli. Moderato da Lisa Dal Bo, l&#8217;evento esplorer\u00e0 le risorse della mediazione nei conflitti familiari. Per iscriversi, contattare: <a rel=\"noopener\">consultoriofamiliare.bl@aulss1.veneto.it<\/a>.<\/p>\n<p>&nbsp;<\/p>\n<p>&nbsp;<\/p>\n<hr \/>\n<p>&nbsp;<\/p>\n<blockquote>\n<h3><a class=\"dt-pswp-item\" href=\"https:\/\/www.radiopiu.net\/wordpress\/wp-content\/uploads\/2024\/10\/WhatsApp-Image-2024-10-23-at-20.48.18.jpeg\" data-dt-img-description=\"\" data-large_image_width=\"1456\" data-large_image_height=\"2048\"><img loading=\"lazy\" decoding=\"async\" class=\" wp-image-416547 alignleft\" src=\"https:\/\/www.radiopiu.net\/wordpress\/wp-content\/uploads\/2024\/10\/WhatsApp-Image-2024-10-23-at-20.48.18-213x300.jpeg\" alt=\"\" width=\"96\" height=\"135\" srcset=\"https:\/\/www.radiopiu.net\/wordpress\/wp-content\/uploads\/2024\/10\/WhatsApp-Image-2024-10-23-at-20.48.18-213x300.jpeg 213w, https:\/\/www.radiopiu.net\/wordpress\/wp-content\/uploads\/2024\/10\/WhatsApp-Image-2024-10-23-at-20.48.18-728x1024.jpeg 728w, https:\/\/www.radiopiu.net\/wordpress\/wp-content\/uploads\/2024\/10\/WhatsApp-Image-2024-10-23-at-20.48.18-768x1080.jpeg 768w, https:\/\/www.radiopiu.net\/wordpress\/wp-content\/uploads\/2024\/10\/WhatsApp-Image-2024-10-23-at-20.48.18-1092x1536.jpeg 1092w, https:\/\/www.radiopiu.net\/wordpress\/wp-content\/uploads\/2024\/10\/WhatsApp-Image-2024-10-23-at-20.48.18.jpeg 1456w\" sizes=\"auto, (max-width: 96px) 100vw, 96px\" \/><\/a>UN INCONTRO PER PARLARE DI TRUFFE AGLI ANZIANI<\/h3>\n<\/blockquote>\n<p><strong>LONGARONE<\/strong> L\u2019Universit\u00e0 Adulti Anziani di Belluno e il Comune di Longarone organizzano un incontro formativo sulle truffe informatiche e telefoniche, rivolto in particolare agli anziani. L\u2019evento, aperto a tutti, si terr\u00e0 mercoled\u00ec al centro culturale \u201cF. Parri\u201d e vedr\u00e0 la partecipazione degli agenti della Questura di Belluno. Durante l\u2019incontro saranno illustrati i principali raggiri e le tecniche per prevenirli, fornendo strumenti concreti per riconoscere e difendersi dalle truffe.<\/p>\n<p>&nbsp;<\/p>\n<p>&nbsp;<\/p>\n<p>&nbsp;<\/p>\n<hr \/>\n<p>&nbsp;<\/p>\n<p><a class=\"dt-pswp-item\" href=\"https:\/\/www.radiopiu.net\/wordpress\/wp-content\/uploads\/2024\/10\/Senza-nome-8.png\" data-dt-img-description=\"\" data-large_image_width=\"343\" data-large_image_height=\"303\"><img loading=\"lazy\" decoding=\"async\" class=\"size-medium wp-image-412130 aligncenter\" src=\"https:\/\/www.radiopiu.net\/wordpress\/wp-content\/uploads\/2024\/10\/Senza-nome-8-300x265.png\" alt=\"\" width=\"300\" height=\"265\" srcset=\"https:\/\/www.radiopiu.net\/wordpress\/wp-content\/uploads\/2024\/10\/Senza-nome-8-300x265.png 300w, https:\/\/www.radiopiu.net\/wordpress\/wp-content\/uploads\/2024\/10\/Senza-nome-8.png 343w\" sizes=\"auto, (max-width: 300px) 100vw, 300px\" \/><\/a><\/p>\n<blockquote>\n<h1 dir=\"auto\"><\/h1>\n<\/blockquote>\n<p>&nbsp;<\/p>\n<p><a class=\"dt-pswp-item\" href=\"https:\/\/www.radiopiu.net\/wordpress\/wp-content\/uploads\/2023\/04\/120174246_10223779647583195_6297631747166802991_n.jpg\" data-dt-img-description=\"\" data-large_image_width=\"1440\" data-large_image_height=\"1440\"><img loading=\"lazy\" decoding=\"async\" class=\"wp-image-333487 alignleft\" src=\"https:\/\/www.radiopiu.net\/wordpress\/wp-content\/uploads\/2023\/04\/120174246_10223779647583195_6297631747166802991_n-300x300.jpg\" alt=\"\" width=\"103\" height=\"103\" srcset=\"https:\/\/www.radiopiu.net\/wordpress\/wp-content\/uploads\/2023\/04\/120174246_10223779647583195_6297631747166802991_n-300x300.jpg 300w, https:\/\/www.radiopiu.net\/wordpress\/wp-content\/uploads\/2023\/04\/120174246_10223779647583195_6297631747166802991_n-1024x1024.jpg 1024w, https:\/\/www.radiopiu.net\/wordpress\/wp-content\/uploads\/2023\/04\/120174246_10223779647583195_6297631747166802991_n-150x150.jpg 150w, https:\/\/www.radiopiu.net\/wordpress\/wp-content\/uploads\/2023\/04\/120174246_10223779647583195_6297631747166802991_n-768x768.jpg 768w, https:\/\/www.radiopiu.net\/wordpress\/wp-content\/uploads\/2023\/04\/120174246_10223779647583195_6297631747166802991_n.jpg 1440w\" sizes=\"auto, (max-width: 103px) 100vw, 103px\" \/><\/a><strong>Dolcetto o scherzetto? Radio Pi\u00f9 \u00e8 pronta per la serata di Halloween per accompagnarvi nella notte pi\u00f9 paurosa dell\u2019anno<\/strong><br \/>\n<a dir=\"ltr\" href=\"x-apple-data-detectors:\/\/4\">Gioved\u00ec 31 ottobre a partire dalle 21<\/a> Marco Gaz e Marco Costantini vi faranno compagnia con la colonna sonora adatta per una serata spaventosa. Una diretta in cui ci saranno anche degli ospiti d\u2019eccezione.<a dir=\"ltr\" href=\"x-apple-data-detectors:\/\/5\"> Gioved\u00ec 31 ottobre alle 21<\/a> su Radio Pi\u00f9\u2026dolcetto o scherzetto?<\/p>\n<p>&nbsp;<\/p>\n<p>&nbsp;<\/p>\n<hr \/>\n<p>&nbsp;<\/p>\n<blockquote>\n<h2>Un concerto di fraternit\u00e0 a Frassen\u00e8<\/h2>\n<\/blockquote>\n<p><strong>VOLTAGO\u00a0<\/strong><\/p>\n<p><img loading=\"lazy\" decoding=\"async\" class=\"alignleft\" src=\"https:\/\/www.radiopiu.net\/wordpress\/wp-content\/uploads\/2024\/10\/20241023_095700-scaled.jpg\" width=\"219\" height=\"154\" \/>Sabato 9 novembre, la chiesa parrocchiale di Frassen\u00e8 ospiter\u00e0 un concerto speciale, organizzato come giornata di fraternit\u00e0 per i destinatari dell&#8217;attivit\u00e0 musicale, i loro familiari e amici. L&#8217;iniziativa, promossa dall&#8217;Associazione Volontari Inserimento Disabili, ha raccolto un grande entusiasmo, tanto da dover spostare l&#8217;evento dalla chiesa di Voltago a quella pi\u00f9 capiente di Frassen\u00e8. <em>&#8220;Questo appuntamento &#8211; spiega Don Fabiano Del Favero &#8211;\u00a0 non solo rappresenta un momento musicale, ma \u00e8 un&#8217;occasione per far conoscere una realt\u00e0 di inclusione e promozione umana, mostrando l&#8217;attenzione delle comunit\u00e0 cristiane verso il bene e le sue <\/em><em>diverse espressioni. Un segno tangibile di unit\u00e0 e solidariet\u00e0 in un mondo che ne ha sempre pi\u00f9 bisogno&#8221;.<\/em><\/p>\n<p>&nbsp;<\/p>\n<hr \/>\n<p>&nbsp;<\/p>\n<p>&nbsp;<\/p>\n<div class=\"mb-2 flex gap-3 empty:hidden -ml-2\">\n<div class=\"items-center justify-start rounded-xl p-1 flex\">\n<div class=\"flex items-center\">\n<div class=\"flex max-w-full flex-col flex-grow\">\n<div class=\"min-h-8 text-message flex w-full flex-col items-end gap-2 whitespace-normal break-words [.text-message+&amp;]:mt-5\" dir=\"auto\" data-message-author-role=\"assistant\" data-message-id=\"c2b1fe33-bc8b-45f1-969f-7db88566768c\" data-message-model-slug=\"gpt-4o\">\n<div class=\"flex w-full flex-col gap-1 empty:hidden first:pt-[3px]\">\n<div class=\"markdown prose w-full break-words dark:prose-invert dark\">\n<blockquote>\n<h3><a class=\"dt-pswp-item\" href=\"https:\/\/www.radiopiu.net\/wordpress\/wp-content\/uploads\/2024\/10\/Senza-nome-97.png\" data-dt-img-description=\"\" data-large_image_width=\"325\" data-large_image_height=\"208\"><img loading=\"lazy\" decoding=\"async\" class=\"size-medium wp-image-415809 alignleft\" src=\"https:\/\/www.radiopiu.net\/wordpress\/wp-content\/uploads\/2024\/10\/Senza-nome-97-300x192.png\" alt=\"\" width=\"300\" height=\"192\" srcset=\"https:\/\/www.radiopiu.net\/wordpress\/wp-content\/uploads\/2024\/10\/Senza-nome-97-300x192.png 300w, https:\/\/www.radiopiu.net\/wordpress\/wp-content\/uploads\/2024\/10\/Senza-nome-97.png 325w\" sizes=\"auto, (max-width: 300px) 100vw, 300px\" \/><\/a>LA CENA DEI COSCRITTI DEL 1974<\/h3>\n<\/blockquote>\n<p><strong>FALCADE<\/strong> Le cena della classe 1974 dei coscritti dell&#8217;<strong>Agordino<\/strong> si terr\u00e0\u00a0 sabato 30 novembre\u00a0 a Falcade, Hotel Stella Alpina. La cena e&#8217; aperta ai nati nel 1974 nei 16 comuni dell&#8217;Agordino, e sara&#8217; un&#8217;occasione di ritrovo,\u00a0 dopo tanto tempo e festeggiare il mezzo secolo.Info\u00a0 3478120853<\/p>\n<\/div>\n<\/div>\n<\/div>\n<\/div>\n<\/div>\n<\/div>\n<\/div>\n<div class=\"page-title-breadcrumbs\">\n<p>&nbsp;<\/p>\n<\/div>\n<p>&nbsp;<\/p>\n<p>&nbsp;<\/p>\n<p>&nbsp;<\/p>\n<p>&nbsp;<\/p>\n<hr \/>\n<p>&nbsp;<\/p>\n<blockquote><p><strong>Halloween a Borgo Valbelluna: Notte di Streghe e Misteri per Tutta la Famiglia<\/strong><\/p><\/blockquote>\n<p><strong>BORGO VALBELLUNA<\/strong> Il Duo G&amp;G organizza una serata\u00a0 a Mel il 30 ottobre dalle 18.30, con streghe, fantasmi e spettacoli per grandi e piccini. L&#8217;evento nell&#8217;Auditorium ex chiesa San Piero, prevede incantesimi, musica e un misterioso castello da esplorare, con premi per le maschere pi\u00f9 spaventose.<\/p>\n<p>&nbsp;<\/p>\n<p>&nbsp;<\/p>\n<hr \/>\n<p>&nbsp;<\/p>\n<blockquote>\n<h3><a class=\"dt-pswp-item\" href=\"https:\/\/www.radiopiu.net\/wordpress\/wp-content\/uploads\/2024\/10\/SCR-20241027-nyyf.png\" data-dt-img-description=\"\" data-large_image_width=\"1210\" data-large_image_height=\"646\"><img loading=\"lazy\" decoding=\"async\" class=\" wp-image-416654 alignleft\" src=\"https:\/\/www.radiopiu.net\/wordpress\/wp-content\/uploads\/2024\/10\/SCR-20241027-nyyf-300x160.png\" alt=\"\" width=\"193\" height=\"103\" srcset=\"https:\/\/www.radiopiu.net\/wordpress\/wp-content\/uploads\/2024\/10\/SCR-20241027-nyyf-300x160.png 300w, https:\/\/www.radiopiu.net\/wordpress\/wp-content\/uploads\/2024\/10\/SCR-20241027-nyyf-1024x547.png 1024w, https:\/\/www.radiopiu.net\/wordpress\/wp-content\/uploads\/2024\/10\/SCR-20241027-nyyf-768x410.png 768w, https:\/\/www.radiopiu.net\/wordpress\/wp-content\/uploads\/2024\/10\/SCR-20241027-nyyf.png 1210w\" sizes=\"auto, (max-width: 193px) 100vw, 193px\" \/><\/a>SOTTO IL MANTELLO, CON L&#8217;ASSOCIAZIONE CUCCHINI<\/h3>\n<\/blockquote>\n<p><strong>BELLUNO<\/strong><\/p>\n<p>DI ROBERTO BONA<\/p>\n<audio class=\"wp-audio-shortcode\" id=\"audio-416408-14\" preload=\"none\" style=\"width: 100%;\" controls=\"controls\"><source type=\"audio\/mpeg\" src=\"https:\/\/www.radiopiu.net\/wordpress\/wp-content\/uploads\/2024\/10\/BONA-SOTTO-IL-MANTELLO-CUCCHINI-SCADE-8-NOVEMBRE.mp3?_=14\" \/><a href=\"https:\/\/www.radiopiu.net\/wordpress\/wp-content\/uploads\/2024\/10\/BONA-SOTTO-IL-MANTELLO-CUCCHINI-SCADE-8-NOVEMBRE.mp3\">https:\/\/www.radiopiu.net\/wordpress\/wp-content\/uploads\/2024\/10\/BONA-SOTTO-IL-MANTELLO-CUCCHINI-SCADE-8-NOVEMBRE.mp3<\/a><\/audio>\n<p>&nbsp;<\/p>\n<hr \/>\n<p>&nbsp;<\/p>\n<blockquote>\n<h3>UN DUE TRE TURANDOT AL TEATRO DI BELLUNO<\/h3>\n<\/blockquote>\n<p><strong>DI ROBERTO BONA<\/strong><\/p>\n<audio class=\"wp-audio-shortcode\" id=\"audio-416408-15\" preload=\"none\" style=\"width: 100%;\" controls=\"controls\"><source type=\"audio\/mpeg\" src=\"https:\/\/www.radiopiu.net\/wordpress\/wp-content\/uploads\/2024\/10\/BONA-UN-DUE-TRE-TOURANDOT-SCADE-9-NOVEMBRE.mp3?_=15\" \/><a href=\"https:\/\/www.radiopiu.net\/wordpress\/wp-content\/uploads\/2024\/10\/BONA-UN-DUE-TRE-TOURANDOT-SCADE-9-NOVEMBRE.mp3\">https:\/\/www.radiopiu.net\/wordpress\/wp-content\/uploads\/2024\/10\/BONA-UN-DUE-TRE-TOURANDOT-SCADE-9-NOVEMBRE.mp3<\/a><\/audio>\n<p>&nbsp;<\/p>\n<hr \/>\n<p>&nbsp;<\/p>\n<h2><span style=\"color: #ff6600;\">IERI ALLA RADIO<\/span><\/h2>\n<h2><span style=\"color: #993300;\">LA RASSEGNA STAMPA DA L&#8217;AMICO DEL POPOLO<\/span><\/h2>\n<p><strong><a class=\"dt-pswp-item\" href=\"https:\/\/www.radiopiu.net\/wordpress\/wp-content\/uploads\/2021\/01\/loris-serafini.jpg\" data-dt-img-description=\"\" data-large_image_width=\"1440\" data-large_image_height=\"1080\"><img loading=\"lazy\" decoding=\"async\" class=\" wp-image-183881 alignleft\" src=\"https:\/\/www.radiopiu.net\/wordpress\/wp-content\/uploads\/2021\/01\/loris-serafini-300x225.jpg\" alt=\"\" width=\"173\" height=\"130\" srcset=\"https:\/\/www.radiopiu.net\/wordpress\/wp-content\/uploads\/2021\/01\/loris-serafini-300x225.jpg 300w, https:\/\/www.radiopiu.net\/wordpress\/wp-content\/uploads\/2021\/01\/loris-serafini-1024x768.jpg 1024w, https:\/\/www.radiopiu.net\/wordpress\/wp-content\/uploads\/2021\/01\/loris-serafini-768x576.jpg 768w, https:\/\/www.radiopiu.net\/wordpress\/wp-content\/uploads\/2021\/01\/loris-serafini.jpg 1440w\" sizes=\"auto, (max-width: 173px) 100vw, 173px\" \/><\/a>DI GIANNI SANTOMASO<\/strong><\/p>\n<p>OSPITE: Loris Serafini<\/p>\n<audio class=\"wp-audio-shortcode\" id=\"audio-416408-16\" preload=\"none\" style=\"width: 100%;\" controls=\"controls\"><source type=\"audio\/mpeg\" src=\"https:\/\/www.radiopiu.net\/wordpress\/wp-content\/uploads\/2024\/10\/RASSEGNA-GIANNI-PER-SITO.mp3?_=16\" \/><a href=\"https:\/\/www.radiopiu.net\/wordpress\/wp-content\/uploads\/2024\/10\/RASSEGNA-GIANNI-PER-SITO.mp3\">https:\/\/www.radiopiu.net\/wordpress\/wp-content\/uploads\/2024\/10\/RASSEGNA-GIANNI-PER-SITO.mp3<\/a><\/audio>\n<p>&nbsp;<\/p>\n<h2><span style=\"color: #00ccff;\">DUE MINUTI PER TE<\/span><\/h2>\n<p><strong><a class=\"dt-pswp-item\" href=\"https:\/\/www.radiopiu.net\/wordpress\/wp-content\/uploads\/2020\/12\/DON-GIORGIO-LISE.jpg\" data-dt-img-description=\"\" data-large_image_width=\"1600\" data-large_image_height=\"901\"><img loading=\"lazy\" decoding=\"async\" class=\" wp-image-177420 alignleft\" src=\"https:\/\/www.radiopiu.net\/wordpress\/wp-content\/uploads\/2020\/12\/DON-GIORGIO-LISE-300x169.jpg\" alt=\"\" width=\"183\" height=\"103\" srcset=\"https:\/\/www.radiopiu.net\/wordpress\/wp-content\/uploads\/2020\/12\/DON-GIORGIO-LISE-300x169.jpg 300w, https:\/\/www.radiopiu.net\/wordpress\/wp-content\/uploads\/2020\/12\/DON-GIORGIO-LISE-1024x577.jpg 1024w, https:\/\/www.radiopiu.net\/wordpress\/wp-content\/uploads\/2020\/12\/DON-GIORGIO-LISE-768x432.jpg 768w, https:\/\/www.radiopiu.net\/wordpress\/wp-content\/uploads\/2020\/12\/DON-GIORGIO-LISE-1536x865.jpg 1536w, https:\/\/www.radiopiu.net\/wordpress\/wp-content\/uploads\/2020\/12\/DON-GIORGIO-LISE.jpg 1600w\" sizes=\"auto, (max-width: 183px) 100vw, 183px\" \/><\/a>APPUNTAMENTO DELLA DOMENICA CON IL PENSIERO DI MONSIGNOR GIORGIO LISE<\/strong><\/p>\n<audio class=\"wp-audio-shortcode\" id=\"audio-416408-17\" preload=\"none\" style=\"width: 100%;\" controls=\"controls\"><source type=\"audio\/mpeg\" src=\"https:\/\/www.radiopiu.net\/wordpress\/wp-content\/uploads\/2024\/10\/DON-GIORGIO-4.mp3?_=17\" \/><a href=\"https:\/\/www.radiopiu.net\/wordpress\/wp-content\/uploads\/2024\/10\/DON-GIORGIO-4.mp3\">https:\/\/www.radiopiu.net\/wordpress\/wp-content\/uploads\/2024\/10\/DON-GIORGIO-4.mp3<\/a><\/audio>\n<p>&nbsp;<\/p>\n<p>&nbsp;<\/p>\n<hr \/>\n<p>&nbsp;<\/p>\n<blockquote class=\"wp-embedded-content\" data-secret=\"0l5JBeepMm\"><p><a href=\"https:\/\/www.radiopiu.net\/wordpress\/piu-siamo-con-marina-settimana-dal-21-al-25-ottobre-2024\/\">PIU&#8217; SIAMO&#8230;CON MARINA &#8211; SETTIMANA DAL 21 AL 25 OTTOBRE 2024<\/a><\/p><\/blockquote>\n<p><iframe loading=\"lazy\" class=\"wp-embedded-content\" sandbox=\"allow-scripts\" security=\"restricted\" style=\"position: absolute; visibility: hidden;\" title=\"&#8220;PIU&#8217; SIAMO&#8230;CON MARINA &#8211; SETTIMANA DAL 21 AL 25 OTTOBRE 2024&#8221; &#8212; Radio Pi\u00f9\" src=\"https:\/\/www.radiopiu.net\/wordpress\/piu-siamo-con-marina-settimana-dal-21-al-25-ottobre-2024\/embed\/#?secret=4NK4oxnxZD#?secret=0l5JBeepMm\" data-secret=\"0l5JBeepMm\" width=\"600\" height=\"338\" frameborder=\"0\" marginwidth=\"0\" marginheight=\"0\" scrolling=\"no\"><\/iframe><\/p>\n<p>&nbsp;<\/p>\n<hr \/>\n<p>&nbsp;<\/p>\n<blockquote>\n<h3>GLI STAMBECCHI&#8230;DI MARIO DE MARCO<\/h3>\n<\/blockquote>\n<p><strong>REDAZIONE<\/strong> La passione per gli animali e per la fotografia sono un segno indistinguibile di Mario De Marco che ci ha inviato dei documenti registrati in Agordino. Questa volta \u00e8 riuscito ad immortalare con il suo obbiettivo il re delle montagne: lo stambecco. Due splendidi esemplari maschi in preparazione al periodo degli amori che di solito avviene in dicembre. &#8220;Alzarsi presto camminare in posti impervi per ore con kg di attrezzatura fotografica ne \u00e8 valsa la pena&#8221; ci dice Mario<\/p>\n\n\t\t\t<style type='text\/css'>\n\t\t\t\t#gallery-9 {\n\t\t\t\t\tmargin: auto;\n\t\t\t\t}\n\t\t\t\t#gallery-9 .gallery-item {\n\t\t\t\t\tfloat: left;\n\t\t\t\t\tmargin-top: 10px;\n\t\t\t\t\ttext-align: center;\n\t\t\t\t\twidth: 50%;\n\t\t\t\t}\n\t\t\t\t#gallery-9 img {\n\t\t\t\t\tborder: 2px solid #cfcfcf;\n\t\t\t\t}\n\t\t\t\t#gallery-9 .gallery-caption {\n\t\t\t\t\tmargin-left: 0;\n\t\t\t\t}\n\t\t\t\t\/* see gallery_shortcode() in wp-includes\/media.php *\/\n\t\t\t<\/style>\n\t\t<div id='gallery-9' class='dt-gallery-container gallery galleryid-416408 gallery-columns-2 gallery-size-medium'><dl class='gallery-item'>\n\t\t\t\t<dt class='gallery-icon landscape'>\n\t\t\t\t\t<a class=\"rollover rollover-zoom dt-pswp-item\" title=\"79dec6f7-4a47-4cdb-8ba5-3d41e6264826\" data-dt-img-description=\"\" data-large_image_width=\"1600\" data-large_image_height=\"1065\"href='https:\/\/www.radiopiu.net\/wordpress\/wp-content\/uploads\/2024\/10\/79dec6f7-4a47-4cdb-8ba5-3d41e6264826.jpg'><img loading=\"lazy\" decoding=\"async\" width=\"300\" height=\"200\" src=\"https:\/\/www.radiopiu.net\/wordpress\/wp-content\/uploads\/2024\/10\/79dec6f7-4a47-4cdb-8ba5-3d41e6264826-300x200.jpg\" class=\"attachment-medium size-medium\" alt=\"\" srcset=\"https:\/\/www.radiopiu.net\/wordpress\/wp-content\/uploads\/2024\/10\/79dec6f7-4a47-4cdb-8ba5-3d41e6264826-300x200.jpg 300w, https:\/\/www.radiopiu.net\/wordpress\/wp-content\/uploads\/2024\/10\/79dec6f7-4a47-4cdb-8ba5-3d41e6264826-1024x682.jpg 1024w, https:\/\/www.radiopiu.net\/wordpress\/wp-content\/uploads\/2024\/10\/79dec6f7-4a47-4cdb-8ba5-3d41e6264826-768x511.jpg 768w, https:\/\/www.radiopiu.net\/wordpress\/wp-content\/uploads\/2024\/10\/79dec6f7-4a47-4cdb-8ba5-3d41e6264826-1536x1022.jpg 1536w, https:\/\/www.radiopiu.net\/wordpress\/wp-content\/uploads\/2024\/10\/79dec6f7-4a47-4cdb-8ba5-3d41e6264826.jpg 1600w\" sizes=\"auto, (max-width: 300px) 100vw, 300px\" \/><\/a>\n\t\t\t\t<\/dt><\/dl><dl class='gallery-item'>\n\t\t\t\t<dt class='gallery-icon portrait'>\n\t\t\t\t\t<a class=\"rollover rollover-zoom dt-pswp-item\" title=\"cca487f6-b426-443e-b4d0-1cc59dc0afe4\" data-dt-img-description=\"\" data-large_image_width=\"898\" data-large_image_height=\"1348\"href='https:\/\/www.radiopiu.net\/wordpress\/wp-content\/uploads\/2024\/10\/cca487f6-b426-443e-b4d0-1cc59dc0afe4.jpg'><img loading=\"lazy\" decoding=\"async\" width=\"200\" height=\"300\" src=\"https:\/\/www.radiopiu.net\/wordpress\/wp-content\/uploads\/2024\/10\/cca487f6-b426-443e-b4d0-1cc59dc0afe4-200x300.jpg\" class=\"attachment-medium size-medium\" alt=\"\" srcset=\"https:\/\/www.radiopiu.net\/wordpress\/wp-content\/uploads\/2024\/10\/cca487f6-b426-443e-b4d0-1cc59dc0afe4-200x300.jpg 200w, https:\/\/www.radiopiu.net\/wordpress\/wp-content\/uploads\/2024\/10\/cca487f6-b426-443e-b4d0-1cc59dc0afe4-682x1024.jpg 682w, https:\/\/www.radiopiu.net\/wordpress\/wp-content\/uploads\/2024\/10\/cca487f6-b426-443e-b4d0-1cc59dc0afe4-768x1153.jpg 768w, https:\/\/www.radiopiu.net\/wordpress\/wp-content\/uploads\/2024\/10\/cca487f6-b426-443e-b4d0-1cc59dc0afe4.jpg 898w\" sizes=\"auto, (max-width: 200px) 100vw, 200px\" \/><\/a>\n\t\t\t\t<\/dt><\/dl><br style=\"clear: both\" \/>\n\t\t\t<\/div>\n\n<p>&nbsp;<\/p>\n<div style=\"width: 848px;\" class=\"wp-video\"><video class=\"wp-video-shortcode\" id=\"video-416408-2\" width=\"848\" height=\"480\" preload=\"metadata\" controls=\"controls\"><source type=\"video\/mp4\" src=\"https:\/\/www.radiopiu.net\/wordpress\/wp-content\/uploads\/2024\/10\/WhatsApp-Video-2024-10-26-at-09.19.27.mp4?_=2\" \/><a href=\"https:\/\/www.radiopiu.net\/wordpress\/wp-content\/uploads\/2024\/10\/WhatsApp-Video-2024-10-26-at-09.19.27.mp4\">https:\/\/www.radiopiu.net\/wordpress\/wp-content\/uploads\/2024\/10\/WhatsApp-Video-2024-10-26-at-09.19.27.mp4<\/a><\/video><\/div>\n<p>&nbsp;<\/p>\n<hr \/>\n<p>&nbsp;<\/p>\n<h2><span style=\"color: #ff0000;\"><a class=\"dt-pswp-item\" href=\"https:\/\/www.radiopiu.net\/wordpress\/wp-content\/uploads\/2018\/09\/appuntamenti.jpeg\" data-dt-img-description=\"\" data-large_image_width=\"800\" data-large_image_height=\"100\"><img loading=\"lazy\" decoding=\"async\" class=\"wp-image-61958 size-full aligncenter\" src=\"https:\/\/www.radiopiu.net\/wordpress\/wp-content\/uploads\/2018\/09\/appuntamenti.jpeg\" alt=\"\" width=\"800\" height=\"100\" srcset=\"https:\/\/www.radiopiu.net\/wordpress\/wp-content\/uploads\/2018\/09\/appuntamenti.jpeg 800w, https:\/\/www.radiopiu.net\/wordpress\/wp-content\/uploads\/2018\/09\/appuntamenti-300x38.jpeg 300w, https:\/\/www.radiopiu.net\/wordpress\/wp-content\/uploads\/2018\/09\/appuntamenti-768x96.jpeg 768w\" sizes=\"auto, (max-width: 800px) 100vw, 800px\" \/><\/a><\/span><\/h2>\n<p>&nbsp;<\/p>\n<p>&nbsp;<\/p>\n<div style=\"width: 1200px;\" class=\"wp-video\"><video class=\"wp-video-shortcode\" id=\"video-416408-3\" width=\"1200\" height=\"675\" preload=\"metadata\" controls=\"controls\"><source type=\"video\/mp4\" src=\"https:\/\/www.radiopiu.net\/wordpress\/wp-content\/uploads\/2024\/10\/WhatsApp-Video-2024-10-23-at-00.12.10.mp4?_=3\" \/><a href=\"https:\/\/www.radiopiu.net\/wordpress\/wp-content\/uploads\/2024\/10\/WhatsApp-Video-2024-10-23-at-00.12.10.mp4\">https:\/\/www.radiopiu.net\/wordpress\/wp-content\/uploads\/2024\/10\/WhatsApp-Video-2024-10-23-at-00.12.10.mp4<\/a><\/video><\/div>\n<p><strong>\u00a0<\/strong><\/p>\n<p><strong>FALCADE<\/strong>\u00a0 Riapre il Cinema Dolomiti di Falcade. Venerd\u00ec, sabato e domenica verr\u00e0 proiettato il film Il Maestro Che Promise Il Mare. Spettacoli alle 21, venerd\u00ec e domenica anche alle 15:30<\/p>\n<div class=\"flex-shrink-0 flex flex-col relative items-end\">\n<div class=\"pt-0\">\n<div class=\"gizmo-bot-avatar flex h-8 w-8 items-center justify-center overflow-hidden rounded-full\">\n<p class=\"relative p-1 rounded-sm flex items-center justify-center bg-token-main-surface-primary text-token-text-primary h-8 w-8\"><strong>CANALE D&#8217;AGORDO <\/strong>Jazzercise \u00e8 un allenamento ad alta intensit\u00e0 che combina danza, pilates, yoga e kickboxing, adatto a tutti i livelli di fitness. \u00c8 efficace per tonificare i muscoli, migliorare la postura e ottenere un fisico snello. Nell&#8217;Agordino, le lezioni si tengono a Canale d&#8217;Agordo, nella sala ex emigranti di via Lotta, il luned\u00ec dalle 18:15 alle 19:15 e il mercoled\u00ec dalle 18:30 alle 19:30. L&#8217;istruttrice certificata RaLuca ti aspetta per un allenamento coinvolgente al ritmo di musica attuale. Per informazioni: 347 9295478<\/p>\n<\/div>\n<\/div>\n<\/div>\n<p><strong>FALCADE<\/strong> La Proloco di Caviola presenta &#8220;Proposte d&#8217;autunno&#8221;, un programma di eventi per vivere meglio. I prossimi appuntamenti includono: un incontro con Mauro Valt alla Casa della Giovent\u00f9 di Caviola il 6 novembre alle 20, e una serata osservando le stelle con &#8220;Cieli Dolomitici&#8221; il 9 novembre alle 20:30. Inoltre, il 10 novembre si svolger\u00e0 una castagnata con gli Alpini in occasione di San Martino, e il 22 novembre ci sar\u00e0 la chiusura con Roberto Sorama\u00e8 e il suo evento &#8220;Sete d\u2019Africa&#8221; alla Casa della Giovent\u00f9. Per informazioni: 349 1945861.<\/p>\n<p><strong>BELLUNO <\/strong>Venerd\u00ec 8 novembre, dalle ore 18, presso l&#8217;aula magna dell&#8217;Istituto Superiore Tommaso Catullo di Belluno, si terr\u00e0 un evento organizzato da Pig&amp;Menti, che propone un dialogo sugli archetipi tra linguistica e neuroscienze. I relatori saranno il professor Michele T\u00ecson e il professor Renzo Barbazza. L&#8217;evento \u00e8 realizzato in collaborazione con Banca Prealpi San Biagio e i dottori Marco Tarascio e Silvia Barbini.<\/p>\n<p>&nbsp;<\/p>\n<div>\n<div class=\"\" dir=\"auto\">\n<div id=\":r9h:\" class=\"x1iorvi4 x1pi30zi x1l90r2v x1swvt13\" data-ad-comet-preview=\"message\" data-ad-preview=\"message\">\n\n\t\t\t<style type='text\/css'>\n\t\t\t\t#gallery-10 {\n\t\t\t\t\tmargin: auto;\n\t\t\t\t}\n\t\t\t\t#gallery-10 .gallery-item {\n\t\t\t\t\tfloat: left;\n\t\t\t\t\tmargin-top: 10px;\n\t\t\t\t\ttext-align: center;\n\t\t\t\t\twidth: 25%;\n\t\t\t\t}\n\t\t\t\t#gallery-10 img {\n\t\t\t\t\tborder: 2px solid #cfcfcf;\n\t\t\t\t}\n\t\t\t\t#gallery-10 .gallery-caption {\n\t\t\t\t\tmargin-left: 0;\n\t\t\t\t}\n\t\t\t\t\/* see gallery_shortcode() in wp-includes\/media.php *\/\n\t\t\t<\/style>\n\t\t<div id='gallery-10' class='dt-gallery-container gallery galleryid-416408 gallery-columns-4 gallery-size-thumbnail'><dl class='gallery-item'>\n\t\t\t\t<dt class='gallery-icon portrait'>\n\t\t\t\t\t<a class=\"rollover rollover-zoom dt-pswp-item\" title=\"LOC_A3_MOSTRA-RADIO_CMVI\" data-dt-img-description=\"\" data-large_image_width=\"1816\" data-large_image_height=\"2560\"href='https:\/\/www.radiopiu.net\/wordpress\/wp-content\/uploads\/2024\/08\/LOC_A3_MOSTRA-RADIO_CMVI-scaled.jpg'><img loading=\"lazy\" decoding=\"async\" width=\"150\" height=\"150\" src=\"https:\/\/www.radiopiu.net\/wordpress\/wp-content\/uploads\/2024\/08\/LOC_A3_MOSTRA-RADIO_CMVI-150x150.jpg\" class=\"attachment-thumbnail size-thumbnail\" alt=\"\" aria-describedby=\"gallery-10-403450\" \/><\/a>\n\t\t\t\t<\/dt>\n\t\t\t\t\t<dd class='wp-caption-text gallery-caption' id='gallery-10-403450'>\n\t\t\t\t\tLA MOSTRA DELLE RADIO IN VALLE IMPERINA\n\t\t\t\t\t<\/dd><\/dl><dl class='gallery-item'>\n\t\t\t\t<dt class='gallery-icon portrait'>\n\t\t\t\t\t<a class=\"rollover rollover-zoom dt-pswp-item\" title=\"967a322c-9996-42d7-af75-662ca7d89e84\" data-dt-img-description=\"\" data-large_image_width=\"1080\" data-large_image_height=\"1519\"href='https:\/\/www.radiopiu.net\/wordpress\/wp-content\/uploads\/2024\/10\/967a322c-9996-42d7-af75-662ca7d89e84-1.jpg'><img loading=\"lazy\" decoding=\"async\" width=\"150\" height=\"150\" src=\"https:\/\/www.radiopiu.net\/wordpress\/wp-content\/uploads\/2024\/10\/967a322c-9996-42d7-af75-662ca7d89e84-1-150x150.jpg\" class=\"attachment-thumbnail size-thumbnail\" alt=\"\" aria-describedby=\"gallery-10-413698\" \/><\/a>\n\t\t\t\t<\/dt>\n\t\t\t\t\t<dd class='wp-caption-text gallery-caption' id='gallery-10-413698'>\n\t\t\t\t\tDOMANI\n\t\t\t\t\t<\/dd><\/dl><dl class='gallery-item'>\n\t\t\t\t<dt class='gallery-icon portrait'>\n\t\t\t\t\t<a class=\"rollover rollover-zoom dt-pswp-item\" title=\"b783bbcc-c66e-4db7-96b5-e845a2664a84\" data-dt-img-description=\"\" data-large_image_width=\"509\" data-large_image_height=\"720\"href='https:\/\/www.radiopiu.net\/wordpress\/wp-content\/uploads\/2024\/10\/b783bbcc-c66e-4db7-96b5-e845a2664a84.jpg'><img loading=\"lazy\" decoding=\"async\" width=\"150\" height=\"150\" src=\"https:\/\/www.radiopiu.net\/wordpress\/wp-content\/uploads\/2024\/10\/b783bbcc-c66e-4db7-96b5-e845a2664a84-150x150.jpg\" class=\"attachment-thumbnail size-thumbnail\" alt=\"\" aria-describedby=\"gallery-10-414272\" \/><\/a>\n\t\t\t\t<\/dt>\n\t\t\t\t\t<dd class='wp-caption-text gallery-caption' id='gallery-10-414272'>\n\t\t\t\t\tIL 31 OTTOBRE\n\t\t\t\t\t<\/dd><\/dl><dl class='gallery-item'>\n\t\t\t\t<dt class='gallery-icon portrait'>\n\t\t\t\t\t<a class=\"rollover rollover-zoom dt-pswp-item\" title=\"Locandina\" data-dt-img-description=\"\" data-large_image_width=\"943\" data-large_image_height=\"1330\"href='https:\/\/www.radiopiu.net\/wordpress\/wp-content\/uploads\/2024\/10\/Locandina.png'><img loading=\"lazy\" decoding=\"async\" width=\"150\" height=\"150\" src=\"https:\/\/www.radiopiu.net\/wordpress\/wp-content\/uploads\/2024\/10\/Locandina-150x150.png\" class=\"attachment-thumbnail size-thumbnail\" alt=\"\" aria-describedby=\"gallery-10-415380\" \/><\/a>\n\t\t\t\t<\/dt>\n\t\t\t\t\t<dd class='wp-caption-text gallery-caption' id='gallery-10-415380'>\n\t\t\t\t\tCON L&#8217;ASSOCIAZIONE CUCCHINI\n\t\t\t\t\t<\/dd><\/dl><br style=\"clear: both\" \/><dl class='gallery-item'>\n\t\t\t\t<dt class='gallery-icon portrait'>\n\t\t\t\t\t<a class=\"rollover rollover-zoom dt-pswp-item\" title=\"Locandina 4 novembre 2024\" data-dt-img-description=\"\" data-large_image_width=\"595\" data-large_image_height=\"841\"href='https:\/\/www.radiopiu.net\/wordpress\/wp-content\/uploads\/2024\/10\/Locandina-4-novembre-2024.jpg'><img loading=\"lazy\" decoding=\"async\" width=\"150\" height=\"150\" src=\"https:\/\/www.radiopiu.net\/wordpress\/wp-content\/uploads\/2024\/10\/Locandina-4-novembre-2024-150x150.jpg\" class=\"attachment-thumbnail size-thumbnail\" alt=\"\" aria-describedby=\"gallery-10-416539\" \/><\/a>\n\t\t\t\t<\/dt>\n\t\t\t\t\t<dd class='wp-caption-text gallery-caption' id='gallery-10-416539'>\n\t\t\t\t\tIL 4 NOVEMBRE A FELTRE\n\t\t\t\t\t<\/dd><\/dl><dl class='gallery-item'>\n\t\t\t\t<dt class='gallery-icon portrait'>\n\t\t\t\t\t<a class=\"rollover rollover-zoom dt-pswp-item\" title=\"Locandina evento 3.11.24\" data-dt-img-description=\"\" data-large_image_width=\"595\" data-large_image_height=\"842\"href='https:\/\/www.radiopiu.net\/wordpress\/wp-content\/uploads\/2024\/10\/Locandina-evento-3.11.24.jpg'><img loading=\"lazy\" decoding=\"async\" width=\"150\" height=\"150\" src=\"https:\/\/www.radiopiu.net\/wordpress\/wp-content\/uploads\/2024\/10\/Locandina-evento-3.11.24-150x150.jpg\" class=\"attachment-thumbnail size-thumbnail\" alt=\"\" aria-describedby=\"gallery-10-416543\" \/><\/a>\n\t\t\t\t<\/dt>\n\t\t\t\t\t<dd class='wp-caption-text gallery-caption' id='gallery-10-416543'>\n\t\t\t\t\tDOMENICA A CANALE D&#8217;AGORDO\n\t\t\t\t\t<\/dd><\/dl><dl class='gallery-item'>\n\t\t\t\t<dt class='gallery-icon portrait'>\n\t\t\t\t\t<a class=\"rollover rollover-zoom dt-pswp-item\" title=\"Rappresentazione teatrale\" data-dt-img-description=\"\" data-large_image_width=\"1587\" data-large_image_height=\"2245\"href='https:\/\/www.radiopiu.net\/wordpress\/wp-content\/uploads\/2024\/10\/Rappresentazione-teatrale.jpg'><img loading=\"lazy\" decoding=\"async\" width=\"150\" height=\"150\" src=\"https:\/\/www.radiopiu.net\/wordpress\/wp-content\/uploads\/2024\/10\/Rappresentazione-teatrale-150x150.jpg\" class=\"attachment-thumbnail size-thumbnail\" alt=\"\" aria-describedby=\"gallery-10-416675\" \/><\/a>\n\t\t\t\t<\/dt>\n\t\t\t\t\t<dd class='wp-caption-text gallery-caption' id='gallery-10-416675'>\n\t\t\t\t\tIL 2 NOVEMBRE A CENCENIGHE\n\t\t\t\t\t<\/dd><\/dl>\n\t\t\t\t<br style='clear: both' \/>\n\t\t\t<\/div>\n\n<p>&nbsp;<\/p>\n<\/div>\n<\/div>\n<\/div>\n<p>&nbsp;<\/p>\n<hr \/>\n<p>&nbsp;<\/p>\n<p class=\"mceTemp\"><a class=\"dt-pswp-item\" href=\"https:\/\/www.radiopiu.net\/wordpress\/wp-content\/uploads\/2018\/09\/WhatsApp-Image-2018-09-20-at-16.04.06.jpeg\" data-dt-img-description=\"\" data-large_image_width=\"800\" data-large_image_height=\"100\"><img loading=\"lazy\" decoding=\"async\" class=\"wp-image-61378 size-full aligncenter\" src=\"https:\/\/www.radiopiu.net\/wordpress\/wp-content\/uploads\/2018\/09\/WhatsApp-Image-2018-09-20-at-16.04.06.jpeg\" alt=\"\" width=\"800\" height=\"100\" srcset=\"https:\/\/www.radiopiu.net\/wordpress\/wp-content\/uploads\/2018\/09\/WhatsApp-Image-2018-09-20-at-16.04.06.jpeg 800w, https:\/\/www.radiopiu.net\/wordpress\/wp-content\/uploads\/2018\/09\/WhatsApp-Image-2018-09-20-at-16.04.06-300x38.jpeg 300w, https:\/\/www.radiopiu.net\/wordpress\/wp-content\/uploads\/2018\/09\/WhatsApp-Image-2018-09-20-at-16.04.06-768x96.jpeg 768w\" sizes=\"auto, (max-width: 800px) 100vw, 800px\" \/><\/a><\/p>\n<p><center><\/center><center><\/center>&nbsp;<\/p>\n<p><center><b>OGGI<\/b><\/center>Al mattino sereno o poco nuvoloso soprattutto in alta montagna mentre in molte valli il cielo potr\u00e0 essere anche nuvoloso o parzialmente nuvoloso per formazioni di nubi basse nelle ore fredde, in lento dissolvimento dopo l&#8217;alba, in nuova formazione in serata. Verso le ore centrali irregolarmente nuvoloso per il transito di nubi alte con fenomeni pressoch\u00e9 assenti.<br \/>\n<b>Precipitazioni: <\/b>Assenti<br \/>\n<b>Temperature: <\/b>Senza notevoli variazioni salvo nelle valli risultare in lieve calo le minime e in locale lieve aumento le massime.<\/p>\n<hr \/>\n<p><center><b>DOMANI<\/b><\/center>Tempo variabile con schiarite e annuvolamenti per nubi basse nelle ore fredde, per residue nubi alte e per annuvolamenti irregolari nel pomeriggio; schiarite verso la tarda sera e la notte.<br \/>\n<b>Precipitazioni: <\/b>Al mattino assenti; nel pomeriggio non del tutto esclusi occasionali e brevi precipitazioni specie sulle Dolomiti<br \/>\n<b>Temperature: <\/b>Senza notevoli variazioni salvo risultare in lieve calo specie le massime in alta montagna su valori ancora superiori alla norma.<\/p>\n<hr \/>\n<p><center><b>MERCOLEDI<\/b><\/center>Tempo stabile e soleggiato a tutte le quote, tranne qualche annuvolamento per nubi basse nelle ore fredde in alcune valli specie in prossimit\u00e0 dei corsi d&#8217;acqua. Temperature senza notevoli variazioni ad eccezione di qualche leggera diminuzione delle minime e locali lievi aumenti delle massime.<\/p>\n<hr \/>\n<p><center><b>GIOVEDI<\/b><\/center>Tempo simile a quello di mercoled\u00ec ancora stabile e soleggiato a tutte le quote, ad eccezione di qualche modesto e locale annuvolamento per nubi basse nelle ore fredde specie in prossimit\u00e0 dei corsi d&#8217;acqua, in rapido dissolvimento. Temperature senza notevoli variazioni salvo degli aumenti in quota delle massime<\/p>\n<p>&nbsp;<\/p>\n<hr \/>\n<p>&nbsp;<\/p>\n<p>&nbsp;<\/p>\n<p class=\"mceTemp\"><a class=\"dt-pswp-item\" href=\"https:\/\/www.radiopiu.net\/wordpress\/wp-content\/uploads\/2018\/09\/sport.jpg\" data-dt-img-description=\"\" data-large_image_width=\"800\" data-large_image_height=\"100\"><img loading=\"lazy\" decoding=\"async\" class=\"aligncenter wp-image-60761 size-full\" src=\"https:\/\/www.radiopiu.net\/wordpress\/wp-content\/uploads\/2018\/09\/sport.jpg\" alt=\"\" width=\"800\" height=\"100\" srcset=\"https:\/\/www.radiopiu.net\/wordpress\/wp-content\/uploads\/2018\/09\/sport.jpg 800w, https:\/\/www.radiopiu.net\/wordpress\/wp-content\/uploads\/2018\/09\/sport-300x38.jpg 300w, https:\/\/www.radiopiu.net\/wordpress\/wp-content\/uploads\/2018\/09\/sport-768x96.jpg 768w\" sizes=\"auto, (max-width: 800px) 100vw, 800px\" \/><\/a><span style=\"color: #0000ff;\"><strong>\u00a0 \u00a0 \u00a0 \u00a0<\/strong><\/span><\/p>\n<p><span style=\"color: #0000ff;\"><strong>HOCKEY SU GHIACCIO<\/strong><\/span><\/p>\n<blockquote>\n<h3>L&#8217;ALLEGHE VINCE DI MISURA A VARESE, IL FELTRE CROLLA A CALDARO<\/h3>\n<\/blockquote>\n<p><strong>DI MARCO GAZ<\/strong><\/p>\n<p><span style=\"color: #ff0000;\"><strong>IHL \u2013 10\u00b0 GIORNATA<\/strong><\/span><\/p>\n<p><strong>VARESE \u2013 ALLEGHE 1-2<\/strong><\/p>\n<p>PARZIALI: 0-0, 0-1, 1-1<\/p>\n<p>GOL: st. 8\u201917\u201d Aleksandrov. tt. 9\u201912\u201d Borghi, 17\u201902\u201d Makela<\/p>\n<p>Che impresa dell\u2019Alleghe. Dopo una partita al cardiopalma le civette espugnano lo stadio di Varese con una prestazione superlativa. Una partita giocata con il cuore per gli agordini che hanno sofferto ed hanno saputo colpire al momento giusto. Una vittoria meritata per i biancorossi e tre punti importanti in vista dell\u2019obbiettivo master round. Ora qualche giorno di riposo e poi di nuovo in campo venerd\u00ec, finalmente al De Toni, contro il Bressanone. \u00a0Il match inizia con un ritardo di 25\u2019 a causa di una porta della panca puniti da sistemare. Sfida che inizia a ritmi alti con le civette che tirano per prime in porta con Ganz che si fa bloccare il disco dal golie avversario. I mastini non scherzano e alla prima superiorit\u00e0 numerica mette in difficolt\u00e0 la difesa agordina. Alleghe che non sfrutta le occasioni di powerplay e rischia di subire il gol con i contropiedi dei lombardi. Scola salva il risultato sugli assedi del Varese, altrettanto fa Perla per i padroni di casa e si va al primo riposo sullo 0 a 0. Si continua a giocare a ritmi alti con le squadre che le provano tutte per sbloccare il punteggio. Un errore difensivo rischia di costare caro alle civette con Soppelsa che salva il risultato sulla linea. Gli agordini stentano a far girare il disco in superiorit\u00e0 numerica e i mastini riescono a rendersi pericolosi anche con l\u2019uomo in meno. L\u2019Alleghe si porta in vantaggio in doppia superiorit\u00e0 numerica: ci pensa Alksandrov a sbloccare il match. I varesotti provano a rispondere ma Scola \u00e8 una saracinesca. Nel terzo drittel il Varese le prova tutte per agguantare il pareggio. A fare la differenza \u00e8 ancora una volta l\u2019estremo difensore alleghese che riesce a salvare il risultato pi\u00f9 volte. Un gravissimo errore difensivo alleghese regala ai padroni di casa il gol del pareggio con Borghi. Finale di gara con i lombardi che pressano gli avversari. Ma quando meno te l\u2019aspetti, con una doppia inferiorit\u00e0 agordina, arriva la rete alleghese con Makela che tutto solo mette il puck alle spalle del golie avversario. I mastini non ci stanno e schiacciano in difesa gli agordini.<\/p>\n\n\t\t\t<style type='text\/css'>\n\t\t\t\t#gallery-11 {\n\t\t\t\t\tmargin: auto;\n\t\t\t\t}\n\t\t\t\t#gallery-11 .gallery-item {\n\t\t\t\t\tfloat: left;\n\t\t\t\t\tmargin-top: 10px;\n\t\t\t\t\ttext-align: center;\n\t\t\t\t\twidth: 16%;\n\t\t\t\t}\n\t\t\t\t#gallery-11 img {\n\t\t\t\t\tborder: 2px solid #cfcfcf;\n\t\t\t\t}\n\t\t\t\t#gallery-11 .gallery-caption {\n\t\t\t\t\tmargin-left: 0;\n\t\t\t\t}\n\t\t\t\t\/* see gallery_shortcode() in wp-includes\/media.php *\/\n\t\t\t<\/style>\n\t\t<div id='gallery-11' class='dt-gallery-container gallery galleryid-416408 gallery-columns-6 gallery-size-thumbnail'><dl class='gallery-item'>\n\t\t\t\t<dt class='gallery-icon landscape'>\n\t\t\t\t\t<a class=\"rollover rollover-zoom dt-pswp-item\" title=\"dfe2bc50-8cb6-4d27-aa41-ee564ae3ebac\" data-dt-img-description=\"\" data-large_image_width=\"1600\" data-large_image_height=\"1200\"href='https:\/\/www.radiopiu.net\/wordpress\/wp-content\/uploads\/2024\/10\/dfe2bc50-8cb6-4d27-aa41-ee564ae3ebac.jpg'><img loading=\"lazy\" decoding=\"async\" width=\"150\" height=\"150\" src=\"https:\/\/www.radiopiu.net\/wordpress\/wp-content\/uploads\/2024\/10\/dfe2bc50-8cb6-4d27-aa41-ee564ae3ebac-150x150.jpg\" class=\"attachment-thumbnail size-thumbnail\" alt=\"\" \/><\/a>\n\t\t\t\t<\/dt><\/dl><dl class='gallery-item'>\n\t\t\t\t<dt class='gallery-icon landscape'>\n\t\t\t\t\t<a class=\"rollover rollover-zoom dt-pswp-item\" title=\"a85452a3-11fa-49e1-ba97-fc2b66a38f21\" data-dt-img-description=\"\" data-large_image_width=\"1600\" data-large_image_height=\"1200\"href='https:\/\/www.radiopiu.net\/wordpress\/wp-content\/uploads\/2024\/10\/a85452a3-11fa-49e1-ba97-fc2b66a38f21.jpg'><img loading=\"lazy\" decoding=\"async\" width=\"150\" height=\"150\" src=\"https:\/\/www.radiopiu.net\/wordpress\/wp-content\/uploads\/2024\/10\/a85452a3-11fa-49e1-ba97-fc2b66a38f21-150x150.jpg\" class=\"attachment-thumbnail size-thumbnail\" alt=\"\" \/><\/a>\n\t\t\t\t<\/dt><\/dl><dl class='gallery-item'>\n\t\t\t\t<dt class='gallery-icon landscape'>\n\t\t\t\t\t<a class=\"rollover rollover-zoom dt-pswp-item\" title=\"2dae9a30-d1bc-48c9-a6af-e19763b3b149\" data-dt-img-description=\"\" data-large_image_width=\"1600\" data-large_image_height=\"1200\"href='https:\/\/www.radiopiu.net\/wordpress\/wp-content\/uploads\/2024\/10\/2dae9a30-d1bc-48c9-a6af-e19763b3b149.jpg'><img loading=\"lazy\" decoding=\"async\" width=\"150\" height=\"150\" src=\"https:\/\/www.radiopiu.net\/wordpress\/wp-content\/uploads\/2024\/10\/2dae9a30-d1bc-48c9-a6af-e19763b3b149-150x150.jpg\" class=\"attachment-thumbnail size-thumbnail\" alt=\"\" \/><\/a>\n\t\t\t\t<\/dt><\/dl><dl class='gallery-item'>\n\t\t\t\t<dt class='gallery-icon landscape'>\n\t\t\t\t\t<a class=\"rollover rollover-zoom dt-pswp-item\" title=\"93d3f40a-bdf4-4279-84d5-1aed777070eb\" data-dt-img-description=\"\" data-large_image_width=\"1600\" data-large_image_height=\"1200\"href='https:\/\/www.radiopiu.net\/wordpress\/wp-content\/uploads\/2024\/10\/93d3f40a-bdf4-4279-84d5-1aed777070eb.jpg'><img loading=\"lazy\" decoding=\"async\" width=\"150\" height=\"150\" src=\"https:\/\/www.radiopiu.net\/wordpress\/wp-content\/uploads\/2024\/10\/93d3f40a-bdf4-4279-84d5-1aed777070eb-150x150.jpg\" class=\"attachment-thumbnail size-thumbnail\" alt=\"\" \/><\/a>\n\t\t\t\t<\/dt><\/dl><dl class='gallery-item'>\n\t\t\t\t<dt class='gallery-icon landscape'>\n\t\t\t\t\t<a class=\"rollover rollover-zoom dt-pswp-item\" title=\"e1b128b6-1f16-46d3-ba36-c09746a9ec71\" data-dt-img-description=\"\" data-large_image_width=\"1600\" data-large_image_height=\"1200\"href='https:\/\/www.radiopiu.net\/wordpress\/wp-content\/uploads\/2024\/10\/e1b128b6-1f16-46d3-ba36-c09746a9ec71.jpg'><img loading=\"lazy\" decoding=\"async\" width=\"150\" height=\"150\" src=\"https:\/\/www.radiopiu.net\/wordpress\/wp-content\/uploads\/2024\/10\/e1b128b6-1f16-46d3-ba36-c09746a9ec71-150x150.jpg\" class=\"attachment-thumbnail size-thumbnail\" alt=\"\" \/><\/a>\n\t\t\t\t<\/dt><\/dl><dl class='gallery-item'>\n\t\t\t\t<dt class='gallery-icon portrait'>\n\t\t\t\t\t<a class=\"rollover rollover-zoom dt-pswp-item\" title=\"04dfc989-4132-4788-acbd-2671a63e85e0\" data-dt-img-description=\"\" data-large_image_width=\"1200\" data-large_image_height=\"1600\"href='https:\/\/www.radiopiu.net\/wordpress\/wp-content\/uploads\/2024\/10\/04dfc989-4132-4788-acbd-2671a63e85e0.jpg'><img loading=\"lazy\" decoding=\"async\" width=\"150\" height=\"150\" src=\"https:\/\/www.radiopiu.net\/wordpress\/wp-content\/uploads\/2024\/10\/04dfc989-4132-4788-acbd-2671a63e85e0-150x150.jpg\" class=\"attachment-thumbnail size-thumbnail\" alt=\"\" \/><\/a>\n\t\t\t\t<\/dt><\/dl><br style=\"clear: both\" \/>\n\t\t\t<\/div>\n\n<p><strong>CALDARO \u2013 FELTRE 10-5<\/strong><\/p>\n<p>PARZIALI: 0-3, 5-1, 5-1<\/p>\n<p>GOL: pt. 3\u201903\u201d Foltin, 5\u201914\u201d Lytvynov, 14\u201930\u201d Kadlec. st. 2\u201916\u201d Kadlec, 7\u201938\u201d Siiki, 9\u201939\u201d Vinatzer, 10\u201944\u201d Virtala, 11\u201902\u201d Soelva, 17\u201914\u201d Clericuzio. tt. 0\u201928\u201d Korkiakoski, 2\u201902\u201d, 8\u201953\u201d e 16\u201901\u201d Wieser, 5\u201900\u201d Felderer, 14\u201901\u201d De Don\u00e0<\/p>\n<p>Il Feltre crolla in casa della capolista Caldaro e lo fa in modo sorprendente. I picchi avevano iniziato la partita nel migliore dei modi per poi crollare nel secondo tempo quando gli altoatesini hanno agguantato il pareggio per poi chiudere in doppia cifra una sfida che dopo 25\u2019 sembrava chiusa per i feltrini in avanti di 4 reti. Una debacle della squadra bellunese che perde malamente una gara che aveva in mano.\u00a0 Il Feltre inizia bene e passa subito in vantaggio con Foltin. La risposta degli altoatesini non si fa attendere e il Caldaro si avvicina al gol ma i picchi vanno a segno di nuovo con Lytvynov. Sfida piacevole con tanti cambi di fronte ma i feltrini sfruttano al meglio le occasioni tanto di siglare la terza marcatura della serata. La storia non cambia neanche nel secondo tempo e il Feltre cala il poker dopo pochi minuti. I lucci accorciano le distanze poco dopo con due gol in rapida successione. Prendono coraggio gli altoatesini che riescono a pareggiare i conti e portarsi in vantaggio. Nella terza frazione il Feltre sembra tornare in partita ma \u00e8 un abbaglio. Infatti, dopo il pareggio dei picchi, il Caldaro ingrana di nuovo la marcia giusta mettendo a segno altre 5 marcature.<\/p>\n<p>&nbsp;<\/p>\n<blockquote>\n<h3>IL GRANDE CUORE DI NICOLA SOPPELSA DOPO LA PARTITA CON IL VARESE<\/h3>\n<\/blockquote>\n<p><strong><a href=\"https:\/\/www.radiopiu.net\/wordpress\/wp-content\/uploads\/2024\/10\/Alleghe47-scaled-1.webp\"><img loading=\"lazy\" decoding=\"async\" class=\" wp-image-416617 alignleft\" src=\"https:\/\/www.radiopiu.net\/wordpress\/wp-content\/uploads\/2024\/10\/Alleghe47-scaled-1-300x200.webp\" alt=\"\" width=\"185\" height=\"123\" srcset=\"https:\/\/www.radiopiu.net\/wordpress\/wp-content\/uploads\/2024\/10\/Alleghe47-scaled-1-300x200.webp 300w, https:\/\/www.radiopiu.net\/wordpress\/wp-content\/uploads\/2024\/10\/Alleghe47-scaled-1-1024x682.webp 1024w, https:\/\/www.radiopiu.net\/wordpress\/wp-content\/uploads\/2024\/10\/Alleghe47-scaled-1-768x511.webp 768w, https:\/\/www.radiopiu.net\/wordpress\/wp-content\/uploads\/2024\/10\/Alleghe47-scaled-1-1536x1022.webp 1536w, https:\/\/www.radiopiu.net\/wordpress\/wp-content\/uploads\/2024\/10\/Alleghe47-scaled-1-2048x1363.webp 2048w\" sizes=\"auto, (max-width: 185px) 100vw, 185px\" \/><\/a>DI MARCO GAZ<\/strong><\/p>\n<p><strong>REDAZIONE<\/strong> L&#8217;Alleghe Hockey esce vincitore dalla difficile trasferta a Varese battendo i mastini per 2 a 1. Ma il vincitore in assoluto della serata \u00e8 stato Nicola Sopplesa, vicecapitano della squadra alleghese l&#8217;altra sera. Dopo una vittoria esaltante, Soppelsa ha mostrato grande umanit\u00e0 dirigendosi subito verso la piccola tifosa del Varese, colpita da un suo disco lanciato oltre le balaustre. La bambina era stata subito presa in cura dai sanitari presenti allo stadio. A fine gara Nicola non ha festeggiato subito con la squadra ma il suo pi\u00f9 grande pensiero era che la piccola non si sia fatta male e si \u00e8 precipitato da lei abbracciandola, le ha regalato la sua stecca come segno di affetto, dimostrando che esiste qualcosa di pi\u00f9 importante di vittorie e sconfitte. Il suo atto spontaneo \u00e8 stato una lezione di sportivit\u00e0 e umanit\u00e0 che ha toccato tutti i presenti allo stadio.<\/p>\n<p>&nbsp;<\/p>\n<p><span style=\"color: #0000ff;\"><strong>CALCIO<\/strong><\/span><\/p>\n<blockquote>\n<h3>L&#8217;AGORDINA PERDE CON IL PIAVE. ALTI E BASSI PER IL SETTORE GIOVANILE<\/h3>\n<\/blockquote>\n<p><strong><a class=\"dt-pswp-item\" href=\"https:\/\/www.radiopiu.net\/wordpress\/wp-content\/uploads\/2023\/11\/calcio.jpg\" data-dt-img-description=\"\" data-large_image_width=\"1280\" data-large_image_height=\"853\"><img loading=\"lazy\" decoding=\"async\" class=\" wp-image-360218 alignleft\" src=\"https:\/\/www.radiopiu.net\/wordpress\/wp-content\/uploads\/2023\/11\/calcio-300x200.jpg\" alt=\"\" width=\"176\" height=\"117\" srcset=\"https:\/\/www.radiopiu.net\/wordpress\/wp-content\/uploads\/2023\/11\/calcio-300x200.jpg 300w, https:\/\/www.radiopiu.net\/wordpress\/wp-content\/uploads\/2023\/11\/calcio-1024x682.jpg 1024w, https:\/\/www.radiopiu.net\/wordpress\/wp-content\/uploads\/2023\/11\/calcio-768x512.jpg 768w, https:\/\/www.radiopiu.net\/wordpress\/wp-content\/uploads\/2023\/11\/calcio.jpg 1280w\" sizes=\"auto, (max-width: 176px) 100vw, 176px\" \/><\/a>DI MARCO GAZ<\/strong><\/p>\n<p><span style=\"color: #ff0000;\"><strong>TERZA CATEGORIA<\/strong><\/span><\/p>\n<p><strong>AGORDINA \u2013 PIAVE 0-3<\/strong><\/p>\n<p>L\u2019Agordina di Elvio Chiea rientra dalla pausa forzata per il maltempo della scorsa settimana con una sconfitta, la prima in casa della stagione. L\u2019undici di Agordo ha sofferto le incursioni di un Piave che ha saputo colpire al momento giusto. Agordini che subiscono la rete nel primo tempo e che provano a reagire subito dopo divorandosi un gol sotto porta. Nella ripresa arriva la seconda marcatura del Piave e l\u2019Agordina subisce la superiorit\u00e0 della squadra di Belluno concedendo troppi spazi agli avversari. Squadra ospite che mette la ciliegina sulla torta a fine partita mettendo a segno il terzo gol della giornata e consolidando il secondo posto in classifica.<\/p>\n<p><strong>LA CLASSIFICA:<\/strong> Alpes Cesio 16, Piave 14, Tambre 13, Fortogna 12, Fulgor Farra 11, Auronzo 10, Agordina e Valzoldana 9, Lamonese 8, Dynamo Vellai 7, Cortina 6, Cadore 3, Bellunese e Valboite 0<\/p>\n<p><span style=\"color: #008000;\"><strong>GIOVANILI AGORDINA<\/strong><\/span><\/p>\n<p><span style=\"color: #ff0000;\"><strong>JUNIORES<\/strong><\/span><\/p>\n<p><strong>AGORDINA \u2013 PEDAVENA 3-1<\/strong><\/p>\n<p>Dopo un primo tempo senza reti, la partita tra Agordina e Pedavena si accende nella ripresa. Il Pedavena sorprende l&#8217;Agordina segnando in contropiede, ma Benvegn\u00fa risponde subito pareggiando con un tiro spettacolare da centrocampo. L\u2019Agordina aumenta la pressione e trova il meritato vantaggio grazie a Valentino Marcon, seguito da un preciso diagonale di Alessandro Marcon che, con una lunga progressione, chiude definitivamente la partita.<\/p>\n<p><span style=\"color: #ff0000;\"><strong>ALLIEVI<\/strong><\/span><\/p>\n<p><strong>SCHIARA \u2013 AGORDINA 0-7<\/strong><\/p>\n<p>Match a senso unico a Belluno per l\u2019Agordina che rifila ben sette reti allo Schiara. Ha fatto bene la pausa della scorsa settimana alla compagine di Agordo che sotterra di gol gli avversari e rientra dalla trasferta in Val Belluna con le reti inviolate. Per la cronaca doppietta di Mezzacasa e Andrich. A segno anche Soppelsa, Serafini e Decima.<\/p>\n<p><span style=\"color: #ff0000;\"><strong>GIOVANISSIMI<\/strong><\/span><\/p>\n<p><strong>GIRONE A<\/strong><\/p>\n<p><strong>AGORDINA \u2013 LG VALBELLUNA 2-4<\/strong><\/p>\n<p>La prima sconfitta stagionale dei Giovanissimi, nonostante il risultato pesante, \u00e8 stata pi\u00f9 equilibrata di quanto appaia. L&#8217;Agordina ha mostrato un gioco intraprendente e fluido, pur mancando di concretezza in fase offensiva, a differenza del LG, che ha saputo sfruttare la velocit\u00e0 dei suoi attaccanti. Il Valbelluna segna con un rasoterra e raddoppia su rigore, ma l&#8217;Agordina accorcia grazie a un rigore di Simone Andrich. La reazione dell&#8217;Agordina nella ripresa porta al gol di Dherek dell&#8217;Osbel su assist di Domanico Ferrara, ma, nei minuti finali, il Valbelluna segna ancora, fissando il risultato sul 4 a 2. Una sconfitta che lascia l&#8217;amaro in bocca, ma che nulla toglie alla bont\u00e0 di questo gruppo.<\/p>\n<p><strong>GIRONE B<\/strong><\/p>\n<p><strong>PONTE NELLE ALPI \u2013 AGORDINA 3-0<\/strong><\/p>\n<p>L&#8217;Agordina scende in campo con determinazione, sfiorando il vantaggio nelle fasi iniziali e gestendo con attenzione le offensive del Ponte. Tuttavia, un errore a centrocampo permette agli avversari di segnare. Nel secondo tempo, complice la stanchezza, l\u2019Agordina subisce altre due reti ma crea comunque pericolose occasioni da gol con i tiri di Emre Chenet e Francesco Arcieri, e le incursioni di Luca Chissal\u00e9. La squadra ha mostrato segnali positivi, sviluppando buone trame di gioco nonostante il risultato.<\/p>\n<h2>PER ASCOLTARE L&#8217;ULTIMA PUNTATA DI AGORDINA IN PRIMA LINEA <a href=\"https:\/\/www.radiopiu.net\/wordpress\/agordina-in-prima-linea-ogni-domenica-su-radio-piu-il-podcast\/\"><span style=\"color: #3366ff;\">CLICCA QUI<\/span><\/a><\/h2>\n<p>&nbsp;<\/p>\n<p><span style=\"color: #0000ff;\"><strong>PALLAVOLO<\/strong><\/span><\/p>\n<blockquote>\n<h3>IN SAREDEGNA ARRIVA LA PRIMA VITTORIA PER IL BELLUNO VOLLEY<\/h3>\n<\/blockquote>\n<p><b><a class=\"dt-pswp-item\" href=\"https:\/\/www.radiopiu.net\/wordpress\/wp-content\/uploads\/2024\/10\/Mian_in_attacco.jpg\" data-dt-img-description=\"\" data-large_image_width=\"2223\" data-large_image_height=\"1482\"><img loading=\"lazy\" decoding=\"async\" class=\" wp-image-416585 alignleft\" src=\"https:\/\/www.radiopiu.net\/wordpress\/wp-content\/uploads\/2024\/10\/Mian_in_attacco-300x200.jpg\" alt=\"\" width=\"179\" height=\"119\" srcset=\"https:\/\/www.radiopiu.net\/wordpress\/wp-content\/uploads\/2024\/10\/Mian_in_attacco-300x200.jpg 300w, https:\/\/www.radiopiu.net\/wordpress\/wp-content\/uploads\/2024\/10\/Mian_in_attacco-1024x683.jpg 1024w, https:\/\/www.radiopiu.net\/wordpress\/wp-content\/uploads\/2024\/10\/Mian_in_attacco-768x512.jpg 768w, https:\/\/www.radiopiu.net\/wordpress\/wp-content\/uploads\/2024\/10\/Mian_in_attacco-1536x1024.jpg 1536w, https:\/\/www.radiopiu.net\/wordpress\/wp-content\/uploads\/2024\/10\/Mian_in_attacco-2048x1365.jpg 2048w\" sizes=\"auto, (max-width: 179px) 100vw, 179px\" \/><\/a>CUS CAGLIARI-BELLUNO VOLLEY 0-3 (<\/b><strong>35-37, 14-25, 19-25)<\/strong><\/p>\n<p>Il Belluno Volley ottiene la sua prima vittoria stagionale battendo il Cus Cagliari in trasferta nel campionato di Serie A3. Dopo un intenso primo set vinto ai vantaggi (37-35), i bellunesi dominano il resto della partita grazie a una grande prestazione collettiva, guidati da Guizzardi in regia e da Mian, top scorer con 21 punti. Coach De Cecco elogia la determinazione della squadra e il controllo tecnico su tutti i fondamentali, sottolineando l\u2019importanza emotiva del primo set che ha aumentato la fiducia del Belluno Volley. Il direttore sportivo Carniel esprime soddisfazione per una vittoria che rafforza l\u2019unit\u00e0 del gruppo e segna un nuovo inizio nel campionato.<\/p>\n<p>&nbsp;<\/p>\n<blockquote>\n<h3>SUBITO UNA SCONFITTA PER L&#8217;SB VOLLEY<\/h3>\n<\/blockquote>\n<p><b><a class=\"dt-pswp-item\" href=\"https:\/\/www.radiopiu.net\/wordpress\/wp-content\/uploads\/2024\/10\/Le_ragazze_esultano_dopo_un_punto.jpg\" data-dt-img-description=\"\" data-large_image_width=\"1440\" data-large_image_height=\"875\"><img loading=\"lazy\" decoding=\"async\" class=\" wp-image-416586 alignleft\" src=\"https:\/\/www.radiopiu.net\/wordpress\/wp-content\/uploads\/2024\/10\/Le_ragazze_esultano_dopo_un_punto-300x182.jpg\" alt=\"\" width=\"180\" height=\"109\" srcset=\"https:\/\/www.radiopiu.net\/wordpress\/wp-content\/uploads\/2024\/10\/Le_ragazze_esultano_dopo_un_punto-300x182.jpg 300w, https:\/\/www.radiopiu.net\/wordpress\/wp-content\/uploads\/2024\/10\/Le_ragazze_esultano_dopo_un_punto-1024x622.jpg 1024w, https:\/\/www.radiopiu.net\/wordpress\/wp-content\/uploads\/2024\/10\/Le_ragazze_esultano_dopo_un_punto-768x467.jpg 768w, https:\/\/www.radiopiu.net\/wordpress\/wp-content\/uploads\/2024\/10\/Le_ragazze_esultano_dopo_un_punto.jpg 1440w\" sizes=\"auto, (max-width: 180px) 100vw, 180px\" \/><\/a>SB VOLLEY-TERRAGLIO VOLLEY 2-3 (<\/b><strong>25-20, 25-17, 16-25, 18-25, 11-15)<\/strong><\/p>\n<p>La SB Volley ha esordito nel campionato femminile di Serie C con una partita combattuta contro il forte Terraglio, che si \u00e8 conclusa in un tie-break dal sapore di pareggio. Le padrone di casa erano in vantaggio 2-0, grazie a una pallavolo solida e di grande qualit\u00e0, con la capitana Carlotta De Barba e compagne che hanno brillato nei primi due set. Tuttavia, il Terraglio ha reagito, portando la partita fino al tie-break, dove ha avuto la meglio. Nonostante la sconfitta, coach De Salvador vede la prestazione come un buon inizio, da cui la squadra ripartir\u00e0 in vista della sfida contro il Carbonera per gli ottavi di finale.<\/p>\n<p>&nbsp;<\/p>\n<p><span style=\"color: #0000ff;\"><strong>CORSA CAMPESTRE<\/strong><\/span><\/p>\n<blockquote>\n<h3>ALL&#8217;ISTITUTO FOLLADOR LA PRIMA FASE DEI CAMPIONATI SPORTIVI STUDENTESCHI DI CORSA CAMPESTRE<\/h3>\n<\/blockquote>\n<p><strong><a class=\"dt-pswp-item\" href=\"https:\/\/www.radiopiu.net\/wordpress\/wp-content\/uploads\/2024\/10\/33e57a96-89fc-49e1-965b-2a494c6234b2.jpg\" data-dt-img-description=\"\" data-large_image_width=\"1600\" data-large_image_height=\"1200\"><img loading=\"lazy\" decoding=\"async\" class=\" wp-image-416527 alignleft\" src=\"https:\/\/www.radiopiu.net\/wordpress\/wp-content\/uploads\/2024\/10\/33e57a96-89fc-49e1-965b-2a494c6234b2-300x225.jpg\" alt=\"\" width=\"165\" height=\"124\" srcset=\"https:\/\/www.radiopiu.net\/wordpress\/wp-content\/uploads\/2024\/10\/33e57a96-89fc-49e1-965b-2a494c6234b2-300x225.jpg 300w, https:\/\/www.radiopiu.net\/wordpress\/wp-content\/uploads\/2024\/10\/33e57a96-89fc-49e1-965b-2a494c6234b2-1024x768.jpg 1024w, https:\/\/www.radiopiu.net\/wordpress\/wp-content\/uploads\/2024\/10\/33e57a96-89fc-49e1-965b-2a494c6234b2-768x576.jpg 768w, https:\/\/www.radiopiu.net\/wordpress\/wp-content\/uploads\/2024\/10\/33e57a96-89fc-49e1-965b-2a494c6234b2-1536x1152.jpg 1536w, https:\/\/www.radiopiu.net\/wordpress\/wp-content\/uploads\/2024\/10\/33e57a96-89fc-49e1-965b-2a494c6234b2.jpg 1600w\" sizes=\"auto, (max-width: 165px) 100vw, 165px\" \/><\/a>AGORDO<\/strong> Il 22 ottobre, all&#8217;Istituto superiore Follador di Agordo, si \u00e8 svolta la fase d&#8217;istituto dei Campionati Sportivi Studenteschi di corsa campestre, organizzata dagli studenti della terza liceo scientifico sportivo come progetto PCTO. L&#8217;evento ha coinvolto gli studenti delle scuole medie e superiori di Agordo, suddivisi in categorie per et\u00e0: ragazzi\/e, cadetti\/e e allievi\/e, su percorsi di 1000 e 2500 metri. Al termine della gara, i partecipanti hanno potuto rifocillarsi con ristoro fornito dai ragazzi stessi. La manifestazione \u00e8 stata un\u2019opportunit\u00e0 per gli studenti di gestire un evento sportivo e ha ricevuto commenti positivi dai professori. La classe 3S ringrazia Attivamente Agordino, Atletica Agordina e i professori Franzot e Marchet per il supporto.<\/p>\n<p><strong>LE CLASSIFICHE<\/strong><\/p>\n<p><a class=\"dt-pswp-item\" href=\"https:\/\/www.radiopiu.net\/wordpress\/wp-content\/uploads\/2024\/10\/SCR-20241026-lych.png\" data-dt-img-description=\"\" data-large_image_width=\"1060\" data-large_image_height=\"296\"><img loading=\"lazy\" decoding=\"async\" class=\"alignnone wp-image-416528 size-large\" src=\"https:\/\/www.radiopiu.net\/wordpress\/wp-content\/uploads\/2024\/10\/SCR-20241026-lych-1024x286.png\" alt=\"\" width=\"1024\" height=\"286\" srcset=\"https:\/\/www.radiopiu.net\/wordpress\/wp-content\/uploads\/2024\/10\/SCR-20241026-lych-1024x286.png 1024w, https:\/\/www.radiopiu.net\/wordpress\/wp-content\/uploads\/2024\/10\/SCR-20241026-lych-300x84.png 300w, https:\/\/www.radiopiu.net\/wordpress\/wp-content\/uploads\/2024\/10\/SCR-20241026-lych-768x214.png 768w, https:\/\/www.radiopiu.net\/wordpress\/wp-content\/uploads\/2024\/10\/SCR-20241026-lych.png 1060w\" sizes=\"auto, (max-width: 1024px) 100vw, 1024px\" \/><\/a><\/p>\n\n\t\t\t<style type='text\/css'>\n\t\t\t\t#gallery-12 {\n\t\t\t\t\tmargin: auto;\n\t\t\t\t}\n\t\t\t\t#gallery-12 .gallery-item {\n\t\t\t\t\tfloat: left;\n\t\t\t\t\tmargin-top: 10px;\n\t\t\t\t\ttext-align: center;\n\t\t\t\t\twidth: 33%;\n\t\t\t\t}\n\t\t\t\t#gallery-12 img {\n\t\t\t\t\tborder: 2px solid #cfcfcf;\n\t\t\t\t}\n\t\t\t\t#gallery-12 .gallery-caption {\n\t\t\t\t\tmargin-left: 0;\n\t\t\t\t}\n\t\t\t\t\/* see gallery_shortcode() in wp-includes\/media.php *\/\n\t\t\t<\/style>\n\t\t<div id='gallery-12' class='dt-gallery-container gallery galleryid-416408 gallery-columns-3 gallery-size-thumbnail'><dl class='gallery-item'>\n\t\t\t\t<dt class='gallery-icon portrait'>\n\t\t\t\t\t<a class=\"rollover rollover-zoom dt-pswp-item\" title=\"c9b2c692-c88b-4c62-a37d-d71a74fecc46\" data-dt-img-description=\"\" data-large_image_width=\"1536\" data-large_image_height=\"2048\"href='https:\/\/www.radiopiu.net\/wordpress\/wp-content\/uploads\/2024\/10\/c9b2c692-c88b-4c62-a37d-d71a74fecc46.jpg'><img loading=\"lazy\" decoding=\"async\" width=\"150\" height=\"150\" src=\"https:\/\/www.radiopiu.net\/wordpress\/wp-content\/uploads\/2024\/10\/c9b2c692-c88b-4c62-a37d-d71a74fecc46-150x150.jpg\" class=\"attachment-thumbnail size-thumbnail\" alt=\"\" \/><\/a>\n\t\t\t\t<\/dt><\/dl><dl class='gallery-item'>\n\t\t\t\t<dt class='gallery-icon portrait'>\n\t\t\t\t\t<a class=\"rollover rollover-zoom dt-pswp-item\" title=\"77114933-5e39-466d-931d-3b0c974ff45e\" data-dt-img-description=\"\" data-large_image_width=\"1536\" data-large_image_height=\"2048\"href='https:\/\/www.radiopiu.net\/wordpress\/wp-content\/uploads\/2024\/10\/77114933-5e39-466d-931d-3b0c974ff45e.jpg'><img loading=\"lazy\" decoding=\"async\" width=\"150\" height=\"150\" src=\"https:\/\/www.radiopiu.net\/wordpress\/wp-content\/uploads\/2024\/10\/77114933-5e39-466d-931d-3b0c974ff45e-150x150.jpg\" class=\"attachment-thumbnail size-thumbnail\" alt=\"\" \/><\/a>\n\t\t\t\t<\/dt><\/dl><dl class='gallery-item'>\n\t\t\t\t<dt class='gallery-icon portrait'>\n\t\t\t\t\t<a class=\"rollover rollover-zoom dt-pswp-item\" title=\"a57ce43e-b164-43be-ae47-f30e2f29b43e\" data-dt-img-description=\"\" data-large_image_width=\"1536\" data-large_image_height=\"2048\"href='https:\/\/www.radiopiu.net\/wordpress\/wp-content\/uploads\/2024\/10\/a57ce43e-b164-43be-ae47-f30e2f29b43e.jpg'><img loading=\"lazy\" decoding=\"async\" width=\"150\" height=\"150\" src=\"https:\/\/www.radiopiu.net\/wordpress\/wp-content\/uploads\/2024\/10\/a57ce43e-b164-43be-ae47-f30e2f29b43e-150x150.jpg\" class=\"attachment-thumbnail size-thumbnail\" alt=\"\" \/><\/a>\n\t\t\t\t<\/dt><\/dl><br style=\"clear: both\" \/><dl class='gallery-item'>\n\t\t\t\t<dt class='gallery-icon portrait'>\n\t\t\t\t\t<a class=\"rollover rollover-zoom dt-pswp-item\" title=\"265e9d5a-49ee-4032-a1db-43387024ed69\" data-dt-img-description=\"\" data-large_image_width=\"1536\" data-large_image_height=\"2048\"href='https:\/\/www.radiopiu.net\/wordpress\/wp-content\/uploads\/2024\/10\/265e9d5a-49ee-4032-a1db-43387024ed69.jpg'><img loading=\"lazy\" decoding=\"async\" width=\"150\" height=\"150\" src=\"https:\/\/www.radiopiu.net\/wordpress\/wp-content\/uploads\/2024\/10\/265e9d5a-49ee-4032-a1db-43387024ed69-150x150.jpg\" class=\"attachment-thumbnail size-thumbnail\" alt=\"\" \/><\/a>\n\t\t\t\t<\/dt><\/dl><dl class='gallery-item'>\n\t\t\t\t<dt class='gallery-icon portrait'>\n\t\t\t\t\t<a class=\"rollover rollover-zoom dt-pswp-item\" title=\"bfad6d8b-376c-4c2c-9d20-3304e3d14b6d\" data-dt-img-description=\"\" data-large_image_width=\"1536\" data-large_image_height=\"2048\"href='https:\/\/www.radiopiu.net\/wordpress\/wp-content\/uploads\/2024\/10\/bfad6d8b-376c-4c2c-9d20-3304e3d14b6d.jpg'><img loading=\"lazy\" decoding=\"async\" width=\"150\" height=\"150\" src=\"https:\/\/www.radiopiu.net\/wordpress\/wp-content\/uploads\/2024\/10\/bfad6d8b-376c-4c2c-9d20-3304e3d14b6d-150x150.jpg\" class=\"attachment-thumbnail size-thumbnail\" alt=\"\" \/><\/a>\n\t\t\t\t<\/dt><\/dl><dl class='gallery-item'>\n\t\t\t\t<dt class='gallery-icon portrait'>\n\t\t\t\t\t<a class=\"rollover rollover-zoom dt-pswp-item\" title=\"c840ef48-03cc-493c-8639-0f5c9724ca0b\" data-dt-img-description=\"\" data-large_image_width=\"1536\" data-large_image_height=\"2048\"href='https:\/\/www.radiopiu.net\/wordpress\/wp-content\/uploads\/2024\/10\/c840ef48-03cc-493c-8639-0f5c9724ca0b.jpg'><img loading=\"lazy\" decoding=\"async\" width=\"150\" height=\"150\" src=\"https:\/\/www.radiopiu.net\/wordpress\/wp-content\/uploads\/2024\/10\/c840ef48-03cc-493c-8639-0f5c9724ca0b-150x150.jpg\" class=\"attachment-thumbnail size-thumbnail\" alt=\"\" \/><\/a>\n\t\t\t\t<\/dt><\/dl><br style=\"clear: both\" \/>\n\t\t\t<\/div>\n\n<p>&nbsp;<\/p>\n<p><span style=\"color: #0000ff;\"><strong>TRIATHLON<\/strong><\/span><\/p>\n<blockquote>\n<h3>IL VASA TRE DEL NEVEGAL PARLA AGORDINO. IL TEAM LONG DISTANCE AGORDINO DOMINA LA GARA MISTA<\/h3>\n<\/blockquote>\n<p><a class=\"dt-pswp-item\" href=\"https:\/\/www.radiopiu.net\/wordpress\/wp-content\/uploads\/2024\/10\/SCR-20241027-nsqx.jpeg\" data-dt-img-description=\"Screenshot\" data-large_image_width=\"1004\" data-large_image_height=\"706\"><img loading=\"lazy\" decoding=\"async\" class=\"wp-image-416650 alignleft\" src=\"https:\/\/www.radiopiu.net\/wordpress\/wp-content\/uploads\/2024\/10\/SCR-20241027-nsqx-300x211.jpeg\" alt=\"\" width=\"200\" height=\"141\" srcset=\"https:\/\/www.radiopiu.net\/wordpress\/wp-content\/uploads\/2024\/10\/SCR-20241027-nsqx-300x211.jpeg 300w, https:\/\/www.radiopiu.net\/wordpress\/wp-content\/uploads\/2024\/10\/SCR-20241027-nsqx-768x540.jpeg 768w, https:\/\/www.radiopiu.net\/wordpress\/wp-content\/uploads\/2024\/10\/SCR-20241027-nsqx.jpeg 1004w\" sizes=\"auto, (max-width: 200px) 100vw, 200px\" \/><\/a><strong>BELLUNO<\/strong> Si \u00e8 svolto in Nevegal l&#8217;edizione 2024 del Vasa Tre, una competizione che vedeva gli atleti cimentarsi in tre diverse specialit\u00e0: skiroll, mountain bike e corsa. Ottima prestazione per gli agordini del Team Long Distance Agordino che nelle squadre miste hanno dominato la gara con la squadra composta da Ivo Serafini, Egizia De Biasio e Simone Tibolla. Il trio ha chiuso al primo posto la gara con il tempo di 1h23&#8217;26&#8221;, rifilando quasi 3&#8242; ai secondi classificati.<\/p>\n<h2>PER CONSULTARE LE CLASSIFICHE <a href=\"https:\/\/www.dtiming.it\/wp-content\/glive\/g-live.html?f=\/wp-content\/glive-results\/vasa-tre-2024\/Vasa%20Tre.clax\"><span style=\"color: #3366ff;\">CLICCA QUI<\/span><\/a><\/h2>\n<p>&nbsp;<\/p>\n<p><span style=\"color: #0000ff;\"><strong>MOTORI<\/strong><\/span><\/p>\n<blockquote>\n<h3>UN INCIDENTE VANIFICA LA RIMONTA DI ANDREA FONTANA A MONZA PER IL TITOLO DEL GT ITALIANO<\/h3>\n<\/blockquote>\n<p><a class=\"dt-pswp-item\" href=\"https:\/\/www.radiopiu.net\/wordpress\/wp-content\/uploads\/2024\/10\/Fontana-scaled.jpg\" data-dt-img-description=\"\" data-large_image_width=\"2560\" data-large_image_height=\"1707\"><img loading=\"lazy\" decoding=\"async\" class=\" wp-image-416682 alignleft\" src=\"https:\/\/www.radiopiu.net\/wordpress\/wp-content\/uploads\/2024\/10\/Fontana-300x200.jpg\" alt=\"\" width=\"189\" height=\"126\" srcset=\"https:\/\/www.radiopiu.net\/wordpress\/wp-content\/uploads\/2024\/10\/Fontana-300x200.jpg 300w, https:\/\/www.radiopiu.net\/wordpress\/wp-content\/uploads\/2024\/10\/Fontana-1024x683.jpg 1024w, https:\/\/www.radiopiu.net\/wordpress\/wp-content\/uploads\/2024\/10\/Fontana-768x512.jpg 768w, https:\/\/www.radiopiu.net\/wordpress\/wp-content\/uploads\/2024\/10\/Fontana-1536x1024.jpg 1536w, https:\/\/www.radiopiu.net\/wordpress\/wp-content\/uploads\/2024\/10\/Fontana-2048x1365.jpg 2048w\" sizes=\"auto, (max-width: 189px) 100vw, 189px\" \/><\/a>Il team DL Racing #172 ha partecipato all&#8217;ultima gara del Campionato Italiano GT Endurance 2024 a Monza, con Andrea Fontana, Luca Seg\u00f9 e Alessio Caiola alla guida della Lamborghini Huracan ST EVO 2. Nonostante un ottimo tempo di Fontana in qualifica, problemi tecnici li hanno costretti a partire dall&#8217;ultima posizione. Seg\u00f9 ha risalito la classifica fino alla quarta posizione di classe, e Fontana, con un ritmo elevato, ha portato il team al comando. Purtroppo, un incidente che ha coinvolto Caiola e altre vetture ha costretto il team al ritiro, infrangendo i sogni di vittoria. La stagione si \u00e8 conclusa con un onorevole secondo posto nella GT Cup Divisione 1 PRO-AM.<\/p>\n<p>&nbsp;<\/p>\n<p><span style=\"color: #0000ff;\"><strong>ATLETICA<\/strong><\/span><\/p>\n<blockquote>\n<h3><a class=\"dt-pswp-item\" href=\"https:\/\/www.radiopiu.net\/wordpress\/wp-content\/uploads\/2024\/10\/ddd869b8-0c5f-4729-a399-e1494a1b6fda.jpg\" data-dt-img-description=\"\" data-large_image_width=\"830\" data-large_image_height=\"453\"><img loading=\"lazy\" decoding=\"async\" class=\" wp-image-416705 alignleft\" src=\"https:\/\/www.radiopiu.net\/wordpress\/wp-content\/uploads\/2024\/10\/ddd869b8-0c5f-4729-a399-e1494a1b6fda-300x164.jpg\" alt=\"\" width=\"177\" height=\"97\" srcset=\"https:\/\/www.radiopiu.net\/wordpress\/wp-content\/uploads\/2024\/10\/ddd869b8-0c5f-4729-a399-e1494a1b6fda-300x164.jpg 300w, https:\/\/www.radiopiu.net\/wordpress\/wp-content\/uploads\/2024\/10\/ddd869b8-0c5f-4729-a399-e1494a1b6fda-768x419.jpg 768w, https:\/\/www.radiopiu.net\/wordpress\/wp-content\/uploads\/2024\/10\/ddd869b8-0c5f-4729-a399-e1494a1b6fda.jpg 830w\" sizes=\"auto, (max-width: 177px) 100vw, 177px\" \/><\/a>L&#8217;ATLETICA AGORDINA ALLA MEZZA MARATONA DI VALENCIA<\/h3>\n<\/blockquote>\n<p>L&#8217;Atletica Agordina ha partecipato ieri alla mezza maratona di Valencia in Spagna con ottimi risultati. Nicholas Turetta ha concluso in 1h15\u201919\u201d, classificandosi 20\u00b0 tra gli italiani, mentre Mattia Fenti ha chiuso in 1h16\u201906\u201d, arrivando 22\u00b0. Anche Giulia Stevanato ha completato la gara, segnando un tempo di 1h47\u201901\u201d.<\/p>\n<p>&nbsp;<\/p>\n<p>&nbsp;<\/p>\n<p>&nbsp;<\/p>\n","protected":false},"excerpt":{"rendered":"<p>******* &nbsp; LA\u00a0 APP PER IOS-IPHONE di Nicola Vettorello https:\/\/apps.apple.com\/it\/app\/radio-pi%C3%B9-emittente-agordina\/id1515939845 LA\u00a0 APP RADIO\u00a0 PER ANDROID di Nicola Vettorello https:\/\/play.google.com\/store\/apps\/details?id=net.radiopiu.iniko\u00a0\u00a0\u00a0 &nbsp; &nbsp; \u00a0 OGGI ALLA RADIO&#8230;. ALLE 4 E ALLE 6 LE NOTIZIE DALL&#8217;ITALIA E DAL MONDO 0500 l&#8217;almanacco della nostra gente con il MUSLA\u00a0 6.15 PIROLE DE LENGA A CURA DEL MUSLA 7.20 EL BAL&hellip;<\/p>\n","protected":false},"author":4,"featured_media":416669,"comment_status":"closed","ping_status":"closed","sticky":false,"template":"","format":"standard","meta":{"_monsterinsights_skip_tracking":false,"_monsterinsights_sitenote_active":false,"_monsterinsights_sitenote_note":"","_monsterinsights_sitenote_category":0,"footnotes":""},"categories":[51,86,49],"tags":[],"class_list":["post-416408","post","type-post","status-publish","format-standard","has-post-thumbnail","hentry","category-evidenza-top","category-gr","category-news-18","category-51","category-86","category-49","description-off"],"img_url":"https:\/\/www.radiopiu.net\/wordpress\/wp-content\/uploads\/2024\/10\/dc89b60a-1740-41b0-858f-5954ddc36093.jpg","_links":{"self":[{"href":"https:\/\/www.radiopiu.net\/wordpress\/wp-json\/wp\/v2\/posts\/416408","targetHints":{"allow":["GET"]}}],"collection":[{"href":"https:\/\/www.radiopiu.net\/wordpress\/wp-json\/wp\/v2\/posts"}],"about":[{"href":"https:\/\/www.radiopiu.net\/wordpress\/wp-json\/wp\/v2\/types\/post"}],"author":[{"embeddable":true,"href":"https:\/\/www.radiopiu.net\/wordpress\/wp-json\/wp\/v2\/users\/4"}],"replies":[{"embeddable":true,"href":"https:\/\/www.radiopiu.net\/wordpress\/wp-json\/wp\/v2\/comments?post=416408"}],"version-history":[{"count":57,"href":"https:\/\/www.radiopiu.net\/wordpress\/wp-json\/wp\/v2\/posts\/416408\/revisions"}],"predecessor-version":[{"id":416760,"href":"https:\/\/www.radiopiu.net\/wordpress\/wp-json\/wp\/v2\/posts\/416408\/revisions\/416760"}],"wp:featuredmedia":[{"embeddable":true,"href":"https:\/\/www.radiopiu.net\/wordpress\/wp-json\/wp\/v2\/media\/416669"}],"wp:attachment":[{"href":"https:\/\/www.radiopiu.net\/wordpress\/wp-json\/wp\/v2\/media?parent=416408"}],"wp:term":[{"taxonomy":"category","embeddable":true,"href":"https:\/\/www.radiopiu.net\/wordpress\/wp-json\/wp\/v2\/categories?post=416408"},{"taxonomy":"post_tag","embeddable":true,"href":"https:\/\/www.radiopiu.net\/wordpress\/wp-json\/wp\/v2\/tags?post=416408"}],"curies":[{"name":"wp","href":"https:\/\/api.w.org\/{rel}","templated":true}]}}