{"id":416452,"date":"2024-10-26T07:50:15","date_gmt":"2024-10-26T05:50:15","guid":{"rendered":"https:\/\/www.radiopiu.net\/wordpress\/?p=416452"},"modified":"2024-10-26T07:50:15","modified_gmt":"2024-10-26T05:50:15","slug":"protezione-civile-in-azione-esercitazione-loki-2024-a-belluno-oggi-dalle-8-alle-17","status":"publish","type":"post","link":"https:\/\/www.radiopiu.net\/wordpress\/protezione-civile-in-azione-esercitazione-loki-2024-a-belluno-oggi-dalle-8-alle-17\/","title":{"rendered":"Protezione Civile in azione: esercitazione &#8220;Loki 2024&#8221; a Belluno oggi dalle 8 alle 17"},"content":{"rendered":"<p>**<\/p>\n<p>&nbsp;<\/p>\n<p><strong><img loading=\"lazy\" decoding=\"async\" class=\"alignleft\" src=\"https:\/\/www.radiopiu.net\/wordpress\/wp-content\/uploads\/2024\/10\/463839388_952075310287049_7437818738642500509_n.jpg\" width=\"237\" height=\"199\" \/>BELLUNO<\/strong>, Oggi dalle 8 alle 17 si terr\u00e0 nel territorio comunale di Belluno una esercitazione di Protezione Civile per rischio idrogeologico con l&#8217; impiego di 100 volontari e la collaborazione delle forze dell&#8217;ordine. E&#8217; solo una esercitazione, nessuna emergenza in atto.<\/p>\n<p>L\u2019esercitazione, denominata \u201cLoki 2024\u201d, sar\u00e0 svolta in collaborazione con la Prefettura, la Regione Veneto, la Provincia, l\u2019Arma dei Carabinieri, la Questura, la Guardia di Finanza, i Vigili del Fuoco, i volontari del gruppo comunale di protezione civile, l\u2019associazione nazionale Alpini \u2013 nucleo PC, altre organizzazioni di PC provinciali e il personale del Comune di Belluno. Saranno previsti diversi scenari di emergenza dovuti a un evento idrogeologico che, per intensit\u00e0 ed estensione, verr\u00e0 classificato come stato di allerta rosso e richieder\u00e0 l\u2019intervento coordinato di pi\u00f9 attori per superarne gli effetti.<br \/>\n           \u00a0    :<\/p>\n<p>&nbsp;<\/p>\n","protected":false},"excerpt":{"rendered":"<p>** &nbsp; BELLUNO, Oggi dalle 8 alle 17 si terr\u00e0 nel territorio comunale di Belluno una esercitazione di Protezione Civile per rischio idrogeologico con l&#8217; impiego di 100 volontari e la collaborazione delle forze dell&#8217;ordine. E&#8217; solo una esercitazione, nessuna emergenza in atto. L\u2019esercitazione, denominata \u201cLoki 2024\u201d, sar\u00e0 svolta in collaborazione con la Prefettura, la&hellip;<\/p>\n","protected":false},"author":4,"featured_media":416450,"comment_status":"closed","ping_status":"closed","sticky":false,"template":"","format":"standard","meta":{"_monsterinsights_skip_tracking":false,"_monsterinsights_sitenote_active":false,"_monsterinsights_sitenote_note":"","_monsterinsights_sitenote_category":0,"footnotes":""},"categories":[51,49],"tags":[],"class_list":["post-416452","post","type-post","status-publish","format-standard","has-post-thumbnail","hentry","category-evidenza-top","category-news-18","category-51","category-49","description-off"],"img_url":"https:\/\/www.radiopiu.net\/wordpress\/wp-content\/uploads\/2024\/10\/463839388_952075310287049_7437818738642500509_n.jpg","_links":{"self":[{"href":"https:\/\/www.radiopiu.net\/wordpress\/wp-json\/wp\/v2\/posts\/416452","targetHints":{"allow":["GET"]}}],"collection":[{"href":"https:\/\/www.radiopiu.net\/wordpress\/wp-json\/wp\/v2\/posts"}],"about":[{"href":"https:\/\/www.radiopiu.net\/wordpress\/wp-json\/wp\/v2\/types\/post"}],"author":[{"embeddable":true,"href":"https:\/\/www.radiopiu.net\/wordpress\/wp-json\/wp\/v2\/users\/4"}],"replies":[{"embeddable":true,"href":"https:\/\/www.radiopiu.net\/wordpress\/wp-json\/wp\/v2\/comments?post=416452"}],"version-history":[{"count":1,"href":"https:\/\/www.radiopiu.net\/wordpress\/wp-json\/wp\/v2\/posts\/416452\/revisions"}],"predecessor-version":[{"id":416453,"href":"https:\/\/www.radiopiu.net\/wordpress\/wp-json\/wp\/v2\/posts\/416452\/revisions\/416453"}],"wp:featuredmedia":[{"embeddable":true,"href":"https:\/\/www.radiopiu.net\/wordpress\/wp-json\/wp\/v2\/media\/416450"}],"wp:attachment":[{"href":"https:\/\/www.radiopiu.net\/wordpress\/wp-json\/wp\/v2\/media?parent=416452"}],"wp:term":[{"taxonomy":"category","embeddable":true,"href":"https:\/\/www.radiopiu.net\/wordpress\/wp-json\/wp\/v2\/categories?post=416452"},{"taxonomy":"post_tag","embeddable":true,"href":"https:\/\/www.radiopiu.net\/wordpress\/wp-json\/wp\/v2\/tags?post=416452"}],"curies":[{"name":"wp","href":"https:\/\/api.w.org\/{rel}","templated":true}]}}