{"id":416474,"date":"2024-10-26T11:08:38","date_gmt":"2024-10-26T09:08:38","guid":{"rendered":"https:\/\/www.radiopiu.net\/wordpress\/?p=416474"},"modified":"2024-10-26T11:08:38","modified_gmt":"2024-10-26T09:08:38","slug":"il-veneto-legge-alla-scuola-secondaria-di-primo-grado-di-sospirolo","status":"publish","type":"post","link":"https:\/\/www.radiopiu.net\/wordpress\/il-veneto-legge-alla-scuola-secondaria-di-primo-grado-di-sospirolo\/","title":{"rendered":"IL VENETO LEGGE ALLA SCUOLA SECONDARIA DI PRIMO GRADO DI SOSPIROLO"},"content":{"rendered":"<p>******<\/p>\n<p>&nbsp;<\/p>\n<p><strong>SOSPIROLO <\/strong>Lettura s\u00ec, ma non solo, alla Scuola secondaria di primo grado di Sospirolo. Incentivare alla pratica della lettura o sostenere la passione gi\u00e0 esistente in bambine e bambini, ragazze e ragazzi \u00e8 uno degli scopi dell\u2019Istituto comprensivo di Sedico-Sospirolo. Per questo la scuola media di Sospirolo ha partecipato alla recente Maratona di lettura-Il Veneto legge. Quest\u2019anno il tema scelto per l\u2019evento, in collaborazione con la locale biblioteca civica, \u00e8 stato lo sport, con le sue storie cariche di passione, energia e coraggio. Nell&#8217;anno in cui il Veneto \u00e8 Regione Europea dello Sport si \u00e8 trattato di una splendida occasione per porre in risalto i valori autentici di questa millenaria attivit\u00e0 umana. \u201cI ragazzi \u2013 dicono le insegnanti di lettere che li hanno seguiti &#8211; le hanno scoperte addentrandosi tra le pagine del libro &#8220;Abbiamo toccato le stelle&#8221; di Riccardo Gazzaniga (Rizzoli, 2018), le hanno approfondite e fatte conoscere ai compagni, hanno attraversato i temi della lotta alle discriminazioni, del coraggio e dell\u2019amicizia che va oltre la competizione\u201d. Non \u00e8 mancato poi un momento ludico in cui i ragazzi, a squadre, si sono sfidati sulla conoscenza degli indimenticabili protagonisti di queste vicende, nel gioco ideato e condotto dalla bibliotecaria, attiva promotrice della lettura anche tra i pi\u00f9 giovani. Il gruppo si \u00e8 poi spostato in palestra, luogo per una naturale conclusione di questa particolare maratona, dove il docente di Scienze motorie ha stimolato la riflessione sullo sport paralimpico e sulla disabilit\u00e0, attraverso prove pratiche come giocare a pallavolo da seduti e, bendati, compiere un percorso guidati da un compagno.<\/p>\n\n\t\t\t<style type='text\/css'>\n\t\t\t\t#gallery-1 {\n\t\t\t\t\tmargin: auto;\n\t\t\t\t}\n\t\t\t\t#gallery-1 .gallery-item {\n\t\t\t\t\tfloat: left;\n\t\t\t\t\tmargin-top: 10px;\n\t\t\t\t\ttext-align: center;\n\t\t\t\t\twidth: 33%;\n\t\t\t\t}\n\t\t\t\t#gallery-1 img {\n\t\t\t\t\tborder: 2px solid #cfcfcf;\n\t\t\t\t}\n\t\t\t\t#gallery-1 .gallery-caption {\n\t\t\t\t\tmargin-left: 0;\n\t\t\t\t}\n\t\t\t\t\/* see gallery_shortcode() in wp-includes\/media.php *\/\n\t\t\t<\/style>\n\t\t<div id='gallery-1' class='dt-gallery-container gallery galleryid-416474 gallery-columns-3 gallery-size-thumbnail'><dl class='gallery-item'>\n\t\t\t\t<dt class='gallery-icon landscape'>\n\t\t\t\t\t<a class=\"rollover rollover-zoom dt-pswp-item\" title=\"Maratona di lettura Sospirolo_3\" data-dt-img-description=\"\" data-large_image_width=\"1092\" data-large_image_height=\"925\"href='https:\/\/www.radiopiu.net\/wordpress\/wp-content\/uploads\/2024\/10\/Maratona-di-lettura-Sospirolo_3.jpg'><img loading=\"lazy\" decoding=\"async\" width=\"150\" height=\"150\" src=\"https:\/\/www.radiopiu.net\/wordpress\/wp-content\/uploads\/2024\/10\/Maratona-di-lettura-Sospirolo_3-150x150.jpg\" class=\"attachment-thumbnail size-thumbnail\" alt=\"\" \/><\/a>\n\t\t\t\t<\/dt><\/dl><dl class='gallery-item'>\n\t\t\t\t<dt class='gallery-icon portrait'>\n\t\t\t\t\t<a class=\"rollover rollover-zoom dt-pswp-item\" title=\"Maratona di lettura Sospirolo_1\" data-dt-img-description=\"\" data-large_image_width=\"765\" data-large_image_height=\"784\"href='https:\/\/www.radiopiu.net\/wordpress\/wp-content\/uploads\/2024\/10\/Maratona-di-lettura-Sospirolo_1.jpg'><img loading=\"lazy\" decoding=\"async\" width=\"150\" height=\"150\" src=\"https:\/\/www.radiopiu.net\/wordpress\/wp-content\/uploads\/2024\/10\/Maratona-di-lettura-Sospirolo_1-150x150.jpg\" class=\"attachment-thumbnail size-thumbnail\" alt=\"\" \/><\/a>\n\t\t\t\t<\/dt><\/dl><dl class='gallery-item'>\n\t\t\t\t<dt class='gallery-icon portrait'>\n\t\t\t\t\t<a class=\"rollover rollover-zoom dt-pswp-item\" title=\"Maratona di lettura Sospirolo_2\" data-dt-img-description=\"\" data-large_image_width=\"445\" data-large_image_height=\"593\"href='https:\/\/www.radiopiu.net\/wordpress\/wp-content\/uploads\/2024\/10\/Maratona-di-lettura-Sospirolo_2.png'><img loading=\"lazy\" decoding=\"async\" width=\"150\" height=\"150\" src=\"https:\/\/www.radiopiu.net\/wordpress\/wp-content\/uploads\/2024\/10\/Maratona-di-lettura-Sospirolo_2-150x150.png\" class=\"attachment-thumbnail size-thumbnail\" alt=\"\" \/><\/a>\n\t\t\t\t<\/dt><\/dl><br style=\"clear: both\" \/>\n\t\t\t<\/div>\n\n<p>&nbsp;<\/p>\n<p>&nbsp;<\/p>\n<p>*********<\/p>\n","protected":false},"excerpt":{"rendered":"<p>****** &nbsp; SOSPIROLO Lettura s\u00ec, ma non solo, alla Scuola secondaria di primo grado di Sospirolo. Incentivare alla pratica della lettura o sostenere la passione gi\u00e0 esistente in bambine e bambini, ragazze e ragazzi \u00e8 uno degli scopi dell\u2019Istituto comprensivo di Sedico-Sospirolo. Per questo la scuola media di Sospirolo ha partecipato alla recente Maratona di&hellip;<\/p>\n","protected":false},"author":4,"featured_media":416475,"comment_status":"closed","ping_status":"closed","sticky":false,"template":"","format":"standard","meta":{"_monsterinsights_skip_tracking":false,"_monsterinsights_sitenote_active":false,"_monsterinsights_sitenote_note":"","_monsterinsights_sitenote_category":0,"footnotes":""},"categories":[49],"tags":[],"class_list":["post-416474","post","type-post","status-publish","format-standard","has-post-thumbnail","hentry","category-news-18","category-49","description-off"],"img_url":"https:\/\/www.radiopiu.net\/wordpress\/wp-content\/uploads\/2024\/10\/Maratona-di-lettura-Sospirolo_3.jpg","_links":{"self":[{"href":"https:\/\/www.radiopiu.net\/wordpress\/wp-json\/wp\/v2\/posts\/416474","targetHints":{"allow":["GET"]}}],"collection":[{"href":"https:\/\/www.radiopiu.net\/wordpress\/wp-json\/wp\/v2\/posts"}],"about":[{"href":"https:\/\/www.radiopiu.net\/wordpress\/wp-json\/wp\/v2\/types\/post"}],"author":[{"embeddable":true,"href":"https:\/\/www.radiopiu.net\/wordpress\/wp-json\/wp\/v2\/users\/4"}],"replies":[{"embeddable":true,"href":"https:\/\/www.radiopiu.net\/wordpress\/wp-json\/wp\/v2\/comments?post=416474"}],"version-history":[{"count":1,"href":"https:\/\/www.radiopiu.net\/wordpress\/wp-json\/wp\/v2\/posts\/416474\/revisions"}],"predecessor-version":[{"id":416478,"href":"https:\/\/www.radiopiu.net\/wordpress\/wp-json\/wp\/v2\/posts\/416474\/revisions\/416478"}],"wp:featuredmedia":[{"embeddable":true,"href":"https:\/\/www.radiopiu.net\/wordpress\/wp-json\/wp\/v2\/media\/416475"}],"wp:attachment":[{"href":"https:\/\/www.radiopiu.net\/wordpress\/wp-json\/wp\/v2\/media?parent=416474"}],"wp:term":[{"taxonomy":"category","embeddable":true,"href":"https:\/\/www.radiopiu.net\/wordpress\/wp-json\/wp\/v2\/categories?post=416474"},{"taxonomy":"post_tag","embeddable":true,"href":"https:\/\/www.radiopiu.net\/wordpress\/wp-json\/wp\/v2\/tags?post=416474"}],"curies":[{"name":"wp","href":"https:\/\/api.w.org\/{rel}","templated":true}]}}