{"id":416592,"date":"2024-11-04T05:21:20","date_gmt":"2024-11-04T04:21:20","guid":{"rendered":"https:\/\/www.radiopiu.net\/wordpress\/?p=416592"},"modified":"2024-11-04T05:38:23","modified_gmt":"2024-11-04T04:38:23","slug":"appialon7","status":"publish","type":"post","link":"https:\/\/www.radiopiu.net\/wordpress\/appialon7\/","title":{"rendered":"DALLO STAND APPIA, ARREDAMONT &#8211; LONGARONE FIERE   -RACCOLTA COMPLETA"},"content":{"rendered":"<p>******<\/p>\n<p><strong>PUNTATA 07 03 novembre 2024<\/strong><\/p>\n<p><iframe loading=\"lazy\" title=\"07 Appia Arredamont   Puntata del 03 11 2024\" width=\"1200\" height=\"675\" src=\"https:\/\/www.youtube.com\/embed\/A_hF97_9GFI?feature=oembed\" frameborder=\"0\" allow=\"accelerometer; autoplay; clipboard-write; encrypted-media; gyroscope; picture-in-picture; web-share\" referrerpolicy=\"strict-origin-when-cross-origin\" allowfullscreen><\/iframe><\/p>\n<p>&nbsp;<\/p>\n<p><strong>PUNTATA 06 02 novembre 2024\u00a0<\/strong><\/p>\n<p><iframe loading=\"lazy\" title=\"06 Appia Arredamont   Puntata del 02 11 2024\" width=\"1200\" height=\"675\" src=\"https:\/\/www.youtube.com\/embed\/d0z-SkjgNMU?feature=oembed\" frameborder=\"0\" allow=\"accelerometer; autoplay; clipboard-write; encrypted-media; gyroscope; picture-in-picture; web-share\" referrerpolicy=\"strict-origin-when-cross-origin\" allowfullscreen><\/iframe><\/p>\n<p>&nbsp;<\/p>\n<p><strong>PUNTATA 05 01 novembre 2024<\/strong><\/p>\n<p><iframe loading=\"lazy\" title=\"05 Appia Arredamont   Puntata del 01 11 2024\" width=\"1200\" height=\"675\" src=\"https:\/\/www.youtube.com\/embed\/ob7zuky2YZo?start=218&#038;feature=oembed\" frameborder=\"0\" allow=\"accelerometer; autoplay; clipboard-write; encrypted-media; gyroscope; picture-in-picture; web-share\" referrerpolicy=\"strict-origin-when-cross-origin\" allowfullscreen><\/iframe><\/p>\n<p>&nbsp;<\/p>\n<p><strong>PUNTATA 04 gioved\u00ec 31 ottobre 2024<\/strong><\/p>\n<p><iframe loading=\"lazy\" title=\"04 Appia Arredamont   Puntata del 31 10 2024\" width=\"1200\" height=\"675\" src=\"https:\/\/www.youtube.com\/embed\/Z621YtMHA7Q?feature=oembed\" frameborder=\"0\" allow=\"accelerometer; autoplay; clipboard-write; encrypted-media; gyroscope; picture-in-picture; web-share\" referrerpolicy=\"strict-origin-when-cross-origin\" allowfullscreen><\/iframe><\/p>\n<p>&nbsp;<\/p>\n<p><strong>PUNTATA 03 mercoledi 30 ottobre 2024\u00a0<\/strong><\/p>\n<p><iframe loading=\"lazy\" title=\"03 Appia Arredamont   Puntata del 30 10 2024\" width=\"1200\" height=\"675\" src=\"https:\/\/www.youtube.com\/embed\/NkGjZsnqxtk?feature=oembed\" frameborder=\"0\" allow=\"accelerometer; autoplay; clipboard-write; encrypted-media; gyroscope; picture-in-picture; web-share\" referrerpolicy=\"strict-origin-when-cross-origin\" allowfullscreen><\/iframe><\/p>\n<p>&nbsp;<\/p>\n<p><strong>PUNTATA 02 martedi 29 ottobre 2024\u00a0<\/strong><\/p>\n<p><iframe loading=\"lazy\" title=\"02 Appia Arredamont   Puntata del 29 10 2024\" width=\"1200\" height=\"675\" src=\"https:\/\/www.youtube.com\/embed\/6I2B5cYN7J0?feature=oembed\" frameborder=\"0\" allow=\"accelerometer; autoplay; clipboard-write; encrypted-media; gyroscope; picture-in-picture; web-share\" referrerpolicy=\"strict-origin-when-cross-origin\" allowfullscreen><\/iframe><\/p>\n<p>&nbsp;<\/p>\n<p><strong>PUNTATA 01 lunedi 28 ottobre 2024<\/strong><\/p>\n<p><iframe loading=\"lazy\" title=\"01 Appia Arredamont   Puntata 28 10 2024\" width=\"1200\" height=\"675\" src=\"https:\/\/www.youtube.com\/embed\/IPihUYDhBHI?feature=oembed\" frameborder=\"0\" allow=\"accelerometer; autoplay; clipboard-write; encrypted-media; gyroscope; picture-in-picture; web-share\" referrerpolicy=\"strict-origin-when-cross-origin\" allowfullscreen><\/iframe><\/p>\n<p>&nbsp;<\/p>\n<p>&nbsp;<\/p>\n<p>____<\/p>\n<p>&nbsp;<\/p>\n<p><strong>LE TRE RADIO E APPIA CNA BELLUNO ANNUNCIANO UNA PARTNERSHIP IN OCCASIONE DI ARREDAMONT A LONGARONE FIERE DOLOMITI<\/strong><\/p>\n<p><strong><a class=\"dt-pswp-item\" href=\"https:\/\/www.radiopiu.net\/wordpress\/wp-content\/uploads\/2024\/10\/LeTreRadio-e-APPIA-Arredamont-scaled.jpeg\" data-dt-img-description=\"\" data-large_image_width=\"2560\" data-large_image_height=\"1920\"><img loading=\"lazy\" decoding=\"async\" class=\" wp-image-416593 alignleft\" src=\"https:\/\/www.radiopiu.net\/wordpress\/wp-content\/uploads\/2024\/10\/LeTreRadio-e-APPIA-Arredamont-300x225.jpeg\" alt=\"\" width=\"193\" height=\"145\" srcset=\"https:\/\/www.radiopiu.net\/wordpress\/wp-content\/uploads\/2024\/10\/LeTreRadio-e-APPIA-Arredamont-300x225.jpeg 300w, https:\/\/www.radiopiu.net\/wordpress\/wp-content\/uploads\/2024\/10\/LeTreRadio-e-APPIA-Arredamont-1024x768.jpeg 1024w, https:\/\/www.radiopiu.net\/wordpress\/wp-content\/uploads\/2024\/10\/LeTreRadio-e-APPIA-Arredamont-768x576.jpeg 768w, https:\/\/www.radiopiu.net\/wordpress\/wp-content\/uploads\/2024\/10\/LeTreRadio-e-APPIA-Arredamont-1536x1152.jpeg 1536w, https:\/\/www.radiopiu.net\/wordpress\/wp-content\/uploads\/2024\/10\/LeTreRadio-e-APPIA-Arredamont-2048x1536.jpeg 2048w\" sizes=\"auto, (max-width: 193px) 100vw, 193px\" \/><\/a>BELLUNO <\/strong>Inizia luned\u00ec 28 ottobre 2024 una collaborazione di grande rilievo tra &#8220;Le Tre Radio&#8221; e APPIA CNA di Belluno, che si concretizzer\u00e0 in occasione di Arredamont, la rinomata Mostra Nazionale dell&#8217;Arredare in Montagna a Longarone Fiere Dolomiti fino al 3 novembre. Questa iniziativa rappresenta un passo significativo per il nostro gruppo radiofonico, impegnato da sempre nel supportare e valorizzare il territorio e il suo tessuto sociale.<\/p>\n<p><b>Un impegno quotidiano in diretta.<\/b><\/p>\n<p>Il nostro contributo si manifester\u00e0 attraverso trasmissioni quotidiane in diretta ogni mattina alle 10.00 su Radio Club 103 Dolomiti, Radio Pi\u00f9 Emittente agordina e Radio Primiero. Grazie alla collaborazione con APPIA CNA Belluno, avremo l&#8217;opportunit\u00e0 di promuovere l&#8217;importanza della comunicazione radiofonica realizzata in sinergia con enti pubblici e privati, mirata alla valorizzazione di tutte le attivit\u00e0 della provincia di Belluno. Siamo fieri di poter offrire il nostro sostegno, contribuendo con idee e progetti che rispecchiano il nostro impegno per lo sviluppo e la promozione della comunit\u00e0 locale.<\/p>\n<p>&nbsp;<\/p>\n<p>&nbsp;<\/p>\n<p>*********<\/p>\n","protected":false},"excerpt":{"rendered":"<p>****** PUNTATA 07 03 novembre 2024 &nbsp; PUNTATA 06 02 novembre 2024\u00a0 &nbsp; PUNTATA 05 01 novembre 2024 &nbsp; PUNTATA 04 gioved\u00ec 31 ottobre 2024 &nbsp; PUNTATA 03 mercoledi 30 ottobre 2024\u00a0 &nbsp; PUNTATA 02 martedi 29 ottobre 2024\u00a0 &nbsp; PUNTATA 01 lunedi 28 ottobre 2024 &nbsp; &nbsp; ____ &nbsp; LE TRE RADIO E APPIA&hellip;<\/p>\n","protected":false},"author":4,"featured_media":417679,"comment_status":"closed","ping_status":"closed","sticky":false,"template":"","format":"standard","meta":{"_monsterinsights_skip_tracking":false,"_monsterinsights_sitenote_active":false,"_monsterinsights_sitenote_note":"","_monsterinsights_sitenote_category":0,"footnotes":""},"categories":[104,49],"tags":[],"class_list":["post-416592","post","type-post","status-publish","format-standard","has-post-thumbnail","hentry","category-evidenza_3","category-news-18","category-104","category-49","description-off"],"img_url":"https:\/\/www.radiopiu.net\/wordpress\/wp-content\/uploads\/2024\/11\/Senza-nome-5.png","_links":{"self":[{"href":"https:\/\/www.radiopiu.net\/wordpress\/wp-json\/wp\/v2\/posts\/416592","targetHints":{"allow":["GET"]}}],"collection":[{"href":"https:\/\/www.radiopiu.net\/wordpress\/wp-json\/wp\/v2\/posts"}],"about":[{"href":"https:\/\/www.radiopiu.net\/wordpress\/wp-json\/wp\/v2\/types\/post"}],"author":[{"embeddable":true,"href":"https:\/\/www.radiopiu.net\/wordpress\/wp-json\/wp\/v2\/users\/4"}],"replies":[{"embeddable":true,"href":"https:\/\/www.radiopiu.net\/wordpress\/wp-json\/wp\/v2\/comments?post=416592"}],"version-history":[{"count":11,"href":"https:\/\/www.radiopiu.net\/wordpress\/wp-json\/wp\/v2\/posts\/416592\/revisions"}],"predecessor-version":[{"id":417682,"href":"https:\/\/www.radiopiu.net\/wordpress\/wp-json\/wp\/v2\/posts\/416592\/revisions\/417682"}],"wp:featuredmedia":[{"embeddable":true,"href":"https:\/\/www.radiopiu.net\/wordpress\/wp-json\/wp\/v2\/media\/417679"}],"wp:attachment":[{"href":"https:\/\/www.radiopiu.net\/wordpress\/wp-json\/wp\/v2\/media?parent=416592"}],"wp:term":[{"taxonomy":"category","embeddable":true,"href":"https:\/\/www.radiopiu.net\/wordpress\/wp-json\/wp\/v2\/categories?post=416592"},{"taxonomy":"post_tag","embeddable":true,"href":"https:\/\/www.radiopiu.net\/wordpress\/wp-json\/wp\/v2\/tags?post=416592"}],"curies":[{"name":"wp","href":"https:\/\/api.w.org\/{rel}","templated":true}]}}