{"id":416626,"date":"2024-10-27T12:11:59","date_gmt":"2024-10-27T11:11:59","guid":{"rendered":"https:\/\/www.radiopiu.net\/wordpress\/?p=416626"},"modified":"2024-10-27T12:11:59","modified_gmt":"2024-10-27T11:11:59","slug":"lavori-allo-stadio-alvise-de-toni-di-alleghe-tutto-pronto-per-le-partite","status":"publish","type":"post","link":"https:\/\/www.radiopiu.net\/wordpress\/lavori-allo-stadio-alvise-de-toni-di-alleghe-tutto-pronto-per-le-partite\/","title":{"rendered":"LAVORI ALLO STADIO ALVISE DE TONI DI ALLEGHE. TUTTO PRONTO PER LE PARTITE"},"content":{"rendered":"<p>********<\/p>\n<p>&nbsp;<\/p>\n<p><span style=\"color: #ff0000;\"><strong>DAL CORRIERE DELLE ALPI DEL 27 OTTOBRE 2024<\/strong><\/span><\/p>\n<p><strong>DI GIANLUCA DA POIAN<\/strong><\/p>\n<p>Impianto luci totalmente rifatto, spogliatoi in gran parte ristrutturati, porte aperte per almeno 500 spettatori durante le competizioni anche se si continuer\u00e0 a lavorare e slitta di qualche mese il trasferimento del bar dell&#8217;impianto sportivo. Allo stadio del ghiaccio Alvise De Toni di Alleghe l&#8217;intervento di ristrutturazione da oltre un milione di euro partito a primavera ha visto realizzate ormai la gran parte delle lavorazioni. E dal prossimo fine settimana potr\u00e0 ospitare competizioni ufficiali di hockey. \u00c8 conclusa dunque la fase pi\u00f9 impegnativa dei lavori di ammodernamento in corso allo stadio del ghiaccio, che ha costretto la squadra di casa, l&#8217;Alleghe, a giocare tutti gli incontri di questa stagione in trasferta. L&#8217;impianto di via Lungolago rimane un cantiere aperto e sar\u00e0 cos\u00ec almeno sino a dicembre. Ma con la capienza spettatori a circa 500 posti, \u00e8 quasi un ritorno alla normalit\u00e0. Il Comune di Alleghe ha garantito la disponibilit\u00e0 della tribuna lato Zunaia \u2013 sopra le panchine \u2013 e probabilmente sar\u00e0 disponibile anche parte del settore di curva lato bar, con temporaneo accesso all&#8217;impianto tramite la scala esterna lato Zunaia. Al momento interdetta invece la gradinata, detto che nelle prossime settimane anche quel settore torner\u00e0 a disposizione. Nel frattempo gli operai continueranno a effettuare la rimodulazione degli spazi interni dello stadio, quali spogliatoi, biglietteria e nuovo bar, facendo attenzione in contemporanea a mantenere puliti i gradoni dove si sieder\u00e0 il pubblico. A proposito del punto ristoro, per questa stagione rimarr\u00e0 al piano superiore nella collocazione abituale. Durante la prossima annata \u00e8 invece previsto il trasferimento nel locale creato ex novo al piano terra sottostante, cos\u00ec da consentire al suo posto la realizzazione di una palestra a disposizione di atleti e privati cittadini. La gestione del bar verr\u00e0 affidata attraverso un bando. \u00abDa venerd\u00ec torniamo, di sicuro siamo contenti di poter tornare a giocare di fronte al nostro pubblico\u00bb, sottolinea il vicepresidente dell&#8217;Alleghe, Matthias Levis. \u00abL&#8217;apertura parziale ai tifosi garantisce l&#8217;entrata a un numero adeguato di spettatori, in attesa di riavere a disposizione la gradinata. Per noi sono state settimane di sacrificio, basti pensare che quella di ieri sera a Varese \u00e8 stata per la nostra formazione senior l&#8217;ottava trasferta consecutiva da met\u00e0 settembre in avanti. Detto ci\u00f2, ringraziamo il sindaco Danilo De Toni, tutta l&#8217;amministrazione e gli uffici comunali, l&#8217;ingegnere Felice Gaiardo e le ditte incaricate delle opere per il rispetto delle tempistiche indicate\u00bb. Riassumendo i lavori svolti, essi hanno riguardato in particolare la posa del nuovo impianto di illuminazione a led, il quale ha consentito di sostituire i punti luci luce alogeni che risultavano parecchio energivori. Il colpo d&#8217;occhio del palaghiaccio illuminato \u00e8 ora indubbiamente suggestivo. Nel frattempo sono stati eseguiti gli interventi in muratura al piano terra per la riqualificazione degli spazi ed \u00e8 avvenuto il rifacimento degli impianti elettrici ed idraulici.<br \/>\nIl progetto dell&#8217;importo complessivo di 1.030.270 euro \u2013 di cui 735 mila euro per la sola esecuzione lavori \u2013 \u00e8 reso possibile da uno stanziamento dei Fondi comuni confinanti e cofinanziato per una parte dal comune di Alleghe. Tramite un ulteriore progetto integrativo, cofinanziato dalla Regione (90 mila euro) e da risorse comunali (60 mila euro) \u00e8 stato effettuato l&#8217;efficientamento energetico sull&#8217;impianto di refrigerazione della piastra, nonch\u00e9 di ulteriore abbattimento di barriere architettoniche in prossimit\u00e0 degli accessi all&#8217;edificio e nelle zone interne.<\/p>\n\n\t\t\t<style type='text\/css'>\n\t\t\t\t#gallery-1 {\n\t\t\t\t\tmargin: auto;\n\t\t\t\t}\n\t\t\t\t#gallery-1 .gallery-item {\n\t\t\t\t\tfloat: left;\n\t\t\t\t\tmargin-top: 10px;\n\t\t\t\t\ttext-align: center;\n\t\t\t\t\twidth: 25%;\n\t\t\t\t}\n\t\t\t\t#gallery-1 img {\n\t\t\t\t\tborder: 2px solid #cfcfcf;\n\t\t\t\t}\n\t\t\t\t#gallery-1 .gallery-caption {\n\t\t\t\t\tmargin-left: 0;\n\t\t\t\t}\n\t\t\t\t\/* see gallery_shortcode() in wp-includes\/media.php *\/\n\t\t\t<\/style>\n\t\t<div id='gallery-1' class='dt-gallery-container gallery galleryid-416626 gallery-columns-4 gallery-size-thumbnail'><dl class='gallery-item'>\n\t\t\t\t<dt class='gallery-icon landscape'>\n\t\t\t\t\t<a class=\"rollover rollover-zoom dt-pswp-item\" title=\"c0c78e9f-747a-4fad-95cf-3099021c8d8b\" data-dt-img-description=\"\" data-large_image_width=\"1600\" data-large_image_height=\"1200\"href='https:\/\/www.radiopiu.net\/wordpress\/wp-content\/uploads\/2024\/10\/c0c78e9f-747a-4fad-95cf-3099021c8d8b.jpg'><img loading=\"lazy\" decoding=\"async\" width=\"150\" height=\"150\" src=\"https:\/\/www.radiopiu.net\/wordpress\/wp-content\/uploads\/2024\/10\/c0c78e9f-747a-4fad-95cf-3099021c8d8b-150x150.jpg\" class=\"attachment-thumbnail size-thumbnail\" alt=\"\" \/><\/a>\n\t\t\t\t<\/dt><\/dl><dl class='gallery-item'>\n\t\t\t\t<dt class='gallery-icon landscape'>\n\t\t\t\t\t<a class=\"rollover rollover-zoom dt-pswp-item\" title=\"b68f6bee-6328-4bef-a7f2-4bd58cd8c33f\" data-dt-img-description=\"\" data-large_image_width=\"1600\" data-large_image_height=\"1200\"href='https:\/\/www.radiopiu.net\/wordpress\/wp-content\/uploads\/2024\/10\/b68f6bee-6328-4bef-a7f2-4bd58cd8c33f.jpg'><img loading=\"lazy\" decoding=\"async\" width=\"150\" height=\"150\" src=\"https:\/\/www.radiopiu.net\/wordpress\/wp-content\/uploads\/2024\/10\/b68f6bee-6328-4bef-a7f2-4bd58cd8c33f-150x150.jpg\" class=\"attachment-thumbnail size-thumbnail\" alt=\"\" \/><\/a>\n\t\t\t\t<\/dt><\/dl><dl class='gallery-item'>\n\t\t\t\t<dt class='gallery-icon landscape'>\n\t\t\t\t\t<a class=\"rollover rollover-zoom dt-pswp-item\" title=\"3df95169-cba6-482a-a782-c88ca7dd997d\" data-dt-img-description=\"\" data-large_image_width=\"1600\" data-large_image_height=\"1200\"href='https:\/\/www.radiopiu.net\/wordpress\/wp-content\/uploads\/2024\/10\/3df95169-cba6-482a-a782-c88ca7dd997d.jpg'><img loading=\"lazy\" decoding=\"async\" width=\"150\" height=\"150\" src=\"https:\/\/www.radiopiu.net\/wordpress\/wp-content\/uploads\/2024\/10\/3df95169-cba6-482a-a782-c88ca7dd997d-150x150.jpg\" class=\"attachment-thumbnail size-thumbnail\" alt=\"\" \/><\/a>\n\t\t\t\t<\/dt><\/dl><dl class='gallery-item'>\n\t\t\t\t<dt class='gallery-icon landscape'>\n\t\t\t\t\t<a class=\"rollover rollover-zoom dt-pswp-item\" title=\"5e8d3c9b-c853-4a8e-bcc8-6e825e0c7770\" data-dt-img-description=\"\" data-large_image_width=\"1600\" data-large_image_height=\"720\"href='https:\/\/www.radiopiu.net\/wordpress\/wp-content\/uploads\/2024\/10\/5e8d3c9b-c853-4a8e-bcc8-6e825e0c7770.jpg'><img loading=\"lazy\" decoding=\"async\" width=\"150\" height=\"150\" src=\"https:\/\/www.radiopiu.net\/wordpress\/wp-content\/uploads\/2024\/10\/5e8d3c9b-c853-4a8e-bcc8-6e825e0c7770-150x150.jpg\" class=\"attachment-thumbnail size-thumbnail\" alt=\"\" \/><\/a>\n\t\t\t\t<\/dt><\/dl><br style=\"clear: both\" \/>\n\t\t\t<\/div>\n\n<p>&nbsp;<\/p>\n<p>&nbsp;<\/p>\n<p>*********<\/p>\n","protected":false},"excerpt":{"rendered":"<p>******** &nbsp; DAL CORRIERE DELLE ALPI DEL 27 OTTOBRE 2024 DI GIANLUCA DA POIAN Impianto luci totalmente rifatto, spogliatoi in gran parte ristrutturati, porte aperte per almeno 500 spettatori durante le competizioni anche se si continuer\u00e0 a lavorare e slitta di qualche mese il trasferimento del bar dell&#8217;impianto sportivo. Allo stadio del ghiaccio Alvise De&hellip;<\/p>\n","protected":false},"author":4,"featured_media":416628,"comment_status":"closed","ping_status":"closed","sticky":false,"template":"","format":"standard","meta":{"_monsterinsights_skip_tracking":false,"_monsterinsights_sitenote_active":false,"_monsterinsights_sitenote_note":"","_monsterinsights_sitenote_category":0,"footnotes":""},"categories":[49],"tags":[],"class_list":["post-416626","post","type-post","status-publish","format-standard","has-post-thumbnail","hentry","category-news-18","category-49","description-off"],"img_url":"https:\/\/www.radiopiu.net\/wordpress\/wp-content\/uploads\/2024\/10\/b68f6bee-6328-4bef-a7f2-4bd58cd8c33f.jpg","_links":{"self":[{"href":"https:\/\/www.radiopiu.net\/wordpress\/wp-json\/wp\/v2\/posts\/416626","targetHints":{"allow":["GET"]}}],"collection":[{"href":"https:\/\/www.radiopiu.net\/wordpress\/wp-json\/wp\/v2\/posts"}],"about":[{"href":"https:\/\/www.radiopiu.net\/wordpress\/wp-json\/wp\/v2\/types\/post"}],"author":[{"embeddable":true,"href":"https:\/\/www.radiopiu.net\/wordpress\/wp-json\/wp\/v2\/users\/4"}],"replies":[{"embeddable":true,"href":"https:\/\/www.radiopiu.net\/wordpress\/wp-json\/wp\/v2\/comments?post=416626"}],"version-history":[{"count":1,"href":"https:\/\/www.radiopiu.net\/wordpress\/wp-json\/wp\/v2\/posts\/416626\/revisions"}],"predecessor-version":[{"id":416631,"href":"https:\/\/www.radiopiu.net\/wordpress\/wp-json\/wp\/v2\/posts\/416626\/revisions\/416631"}],"wp:featuredmedia":[{"embeddable":true,"href":"https:\/\/www.radiopiu.net\/wordpress\/wp-json\/wp\/v2\/media\/416628"}],"wp:attachment":[{"href":"https:\/\/www.radiopiu.net\/wordpress\/wp-json\/wp\/v2\/media?parent=416626"}],"wp:term":[{"taxonomy":"category","embeddable":true,"href":"https:\/\/www.radiopiu.net\/wordpress\/wp-json\/wp\/v2\/categories?post=416626"},{"taxonomy":"post_tag","embeddable":true,"href":"https:\/\/www.radiopiu.net\/wordpress\/wp-json\/wp\/v2\/tags?post=416626"}],"curies":[{"name":"wp","href":"https:\/\/api.w.org\/{rel}","templated":true}]}}